{"id":14121,"date":"2020-01-06T09:44:36","date_gmt":"2020-01-06T08:44:36","guid":{"rendered":"https:\/\/www.dakarmania.cz\/?p=14121"},"modified":"2020-01-06T09:51:30","modified_gmt":"2020-01-06T08:51:30","slug":"dakar-2020-machackuv-dlouhy-den","status":"publish","type":"post","link":"https:\/\/www.dakarmania.cz\/index.php\/2020\/01\/06\/dakar-2020-machackuv-dlouhy-den\/","title":{"rendered":"Dakar 2020: Mach\u00e1\u010dk\u016fv dlouh\u00fd den a probl\u00e9my favorit\u016f"},"content":{"rendered":"<p>[vc_row][vc_column][vc_column_text css_animation=&#8221;fadeIn&#8221;]<\/p>\n<h3>\u00davodn\u00ed etapa 42. ro\u010dn\u00edku dakarsk\u00e9 rally dala po\u0159\u00e1dn\u011b zabrat \u010desk\u00e9 pos\u00e1dce Josef Mach\u00e1\u010dek, Vlastimil To\u0161enovsk\u00fd, ale sv\u00e9 si u\u017eili tak\u00e9 mnoz\u00ed favorit\u00e9 kategorie SSV.<\/h3>\n<p>[\/vc_column_text][vc_single_image image=&#8221;14120&#8243; img_size=&#8221;large&#8221; add_caption=&#8221;yes&#8221; alignment=&#8221;center&#8221; onclick=&#8221;link_image&#8221; css_animation=&#8221;fadeIn&#8221;][vc_column_text css_animation=&#8221;fadeIn&#8221;]<em>\u201eSp\u00ed\u0161 jedu s takovou nervozitou, jestli m\u00e1me vychytan\u00e9 v\u0161echny z\u00e1vady pro prvn\u00ed kilometry, proto\u017ee to je takov\u00e1 ostuda, kdy\u017e se stane n\u011bco hned ze za\u010d\u00e1tku,\u201c<\/em> \u0159ekl <strong>Josef Mach\u00e1\u010dek<\/strong> p\u0159ed startem <a href=\"\/index.php\/souteze\/dakar-2020\/\">Rally Dakar 2020<\/a> do televizn\u00edch kamer.[\/vc_column_text][vc_column_text css_animation=&#8221;fadeIn&#8221; css=&#8221;.vc_custom_1578300680475{padding-top: 10px !important;padding-right: 10px !important;padding-bottom: 20px !important;padding-left: 10px !important;background-color: #dbd9d9 !important;}&#8221;]<strong>Dal\u0161\u00ed kategorie:<\/strong><\/p>\n<p><a href=\"\/index.php\/2020\/01\/05\/dakar-2020-etapa-pro-sibalova\/\"><strong>&gt; KAMIONY:<\/strong> Identick\u00fd \u010das pro \u0160oltyse a Mac\u00edka, etapa pro \u0160ibalova<\/a><br \/>\n<a href=\"\/index.php\/2020\/01\/05\/dakar-2020-problemy-favoritu\/\"><strong>&gt; AUTO:<\/strong> Alonso v \u00favodu t\u011bsn\u011b za top 10, probl\u00e9my favorit\u016f<\/a><br \/>\n<a href=\"\/index.php\/2020\/01\/05\/dakar-2020-moto-etapa-1\/\"><strong>&gt; MOTO:<\/strong> Nejl\u00e9pe za\u010dal obh\u00e1jce v\u00edt\u011bzstv\u00ed Toby Price<\/a><br \/>\n<a href=\"\/index.php\/2020\/01\/05\/dakar-2020-kubiena-treti\/\"><strong>&gt; QUAD:<\/strong> Penalizovan\u00fd Kubiena po prvn\u00ed etap\u011b \u0161est\u00fd<\/a>[\/vc_column_text][vc_column_text css_animation=&#8221;fadeIn&#8221;]A o den pozd\u011bji ujel na rychlostn\u00ed zkou\u0161ce pouh\u00e9 t\u0159i kilometry. Pak Can-Am Buggyra MK50 XRS t\u00fdmu Buggyra Racing zastavilo praskl\u00e9 potrub\u00ed s\u00e1n\u00ed. Oprava trvala \u010dty\u0159i hodiny, celkem Mach\u00e1\u010dek v etap\u011b zaostal za jej\u00edm v\u00edt\u011bzem skoro o sedm hodin a v pr\u016fb\u011b\u017en\u00e9m hodnocen\u00ed SSV samoz\u0159ejm\u011b spadl do skupinky na chvostu.<\/p>\n<p><em>\u201eV\u011bd\u011bli jsme, \u017ee to pro n\u00e1s bude v kategorii SSV n\u00e1ro\u010dn\u00e9, ale mohlo to ur\u010dit\u011b p\u0159ij\u00edt pozd\u011bji ne\u017e v prvn\u00ed etap\u011b. D\u016fle\u017eit\u00e9 je, \u017ee se jim to poda\u0159ilo opravit a pokra\u010duj\u00ed,\u201c<\/em> \u0159ekl k rozpa\u010dit\u00e9mu \u00favodu <strong>Jan Kalivoda<\/strong>.<\/p>\n<p><em>\u201eStalo se to, \u010deho jsem se nejv\u00edc b\u00e1l. Do\u0161lo k n\u011b\u010demu ne\u010dekan\u00e9mu hned v prvn\u00ed etap\u011b. Je to vada materi\u00e1lu. Tahle z\u00e1vada se \u0161patn\u011b opravuje, kdy\u017e je v\u0161echno hork\u00e9, ale museli jsme to ud\u011blat. Pak u\u017e jsme pokra\u010dovali bez jak\u00fdchkoliv probl\u00e9m\u016f, ale kdy\u017e se jede v noci, je \u010das samoz\u0159ejm\u011b podstatn\u011b hor\u0161\u00ed,\u201c<\/em> shrnul mart\u00fdrium prvn\u00ed etapy <strong>Josef Mach\u00e1\u010dek<\/strong>.[\/vc_column_text][vc_single_image image=&#8221;14118&#8243; img_size=&#8221;large&#8221; add_caption=&#8221;yes&#8221; alignment=&#8221;center&#8221; onclick=&#8221;link_image&#8221; css_animation=&#8221;fadeIn&#8221;][vc_column_text css_animation=&#8221;fadeIn&#8221;]Ale probl\u00e9my m\u011bli i n\u011bkte\u0159\u00ed favorit\u00e9. Francouz <a href=\"\/index.php\/osobnosti\/despres-cyril\/\">Cyril Despres<\/a> s OT3 t\u00fdmu Red Bull ztratil 55 minut, dakarsk\u00fd v\u00edt\u011bz t\u00e9to kategorie z roku 2018 a loni t\u0159et\u00ed Brazilec <a href=\"\/index.php\/osobnosti\/reinaldo-varela\/\">Reinaldo Varela<\/a> (Can-Am) je\u0161t\u011b o hodinu a p\u016fl v\u00edce.<\/p>\n<p>Z etapov\u00e9ho v\u00edt\u011bzstv\u00ed se radovali Pol\u00e1ci Aron Dom\u017ca\u0142a a Maciej Marton (Can-Am), kte\u0159\u00ed se ujali veden\u00ed v sout\u011b\u017ei s n\u00e1skokem minuty a 51 sekund p\u0159ed Ameri\u010danem Caseyem Curriem s tov\u00e1rn\u00edm Can-Amem.[\/vc_column_text][vc_empty_space height=&#8221;2px&#8221;][\/vc_column][\/vc_row]<\/p>\n","protected":false},"excerpt":{"rendered":"<p>\u00davodn\u00ed etapa 42. ro\u010dn\u00edku dakarsk\u00e9 rally dala po\u0159\u00e1dn\u011b zabrat \u010desk\u00e9 pos\u00e1dce Mach\u00e1\u010dek,  To\u0161enovsk\u00fd, ale sv\u00e9 si u\u017eili tak\u00e9 mnoz\u00ed favorit\u00e9 kategorie SSV.<\/p>\n","protected":false},"author":1,"featured_media":14119,"comment_status":"open","ping_status":"closed","sticky":false,"template":"","format":"standard","meta":{"footnotes":""},"categories":[251,90],"tags":[903,666,132,95,777,233,8,159,243,684,827,457,1634,1548],"class_list":["post-14121","post","type-post","status-publish","format-standard","has-post-thumbnail","hentry","category-dakar-2020","category-sxs","tag-903","tag-aron-domzala","tag-buggyra-racing","tag-can-am","tag-casey-currie","tag-cyril-despres","tag-dakar","tag-dakar-2020","tag-jan-kalivoda","tag-josef-machacek","tag-maciej-marton","tag-monster-energy-can-am","tag-red-bull-off-road-team-usa","tag-vlastimil-tosenovsky"],"yoast_head":"<!-- This site is optimized with the Yoast SEO plugin v24.9 - https:\/\/yoast.com\/wordpress\/plugins\/seo\/ -->\n<title>Dakar 2020: Mach\u00e1\u010dk\u016fv dlouh\u00fd den a probl\u00e9my favorit\u016f - DAKARMANIA.cz<\/title>\n<meta name=\"description\" content=\"\u00davodn\u00ed etapa 42. ro\u010dn\u00edku dakarsk\u00e9 rally dala po\u0159\u00e1dn\u011b zabrat \u010desk\u00e9 pos\u00e1dce Mach\u00e1\u010dek, To\u0161enovsk\u00fd, ale sv\u00e9 si u\u017eili tak\u00e9 mnoz\u00ed favorit\u00e9 kategorie SSV.\" \/>\n<meta name=\"robots\" content=\"index, follow, max-snippet:-1, max-image-preview:large, max-video-preview:-1\" \/>\n<link rel=\"canonical\" href=\"https:\/\/www.dakarmania.cz\/index.php\/2020\/01\/06\/dakar-2020-machackuv-dlouhy-den\/\" \/>\n<meta property=\"og:locale\" content=\"cs_CZ\" \/>\n<meta property=\"og:type\" content=\"article\" \/>\n<meta property=\"og:title\" content=\"Dakar 2020: Mach\u00e1\u010dk\u016fv dlouh\u00fd den a probl\u00e9my favorit\u016f - DAKARMANIA.cz\" \/>\n<meta property=\"og:description\" content=\"\u00davodn\u00ed etapa 42. ro\u010dn\u00edku dakarsk\u00e9 rally dala po\u0159\u00e1dn\u011b zabrat \u010desk\u00e9 pos\u00e1dce Mach\u00e1\u010dek, To\u0161enovsk\u00fd, ale sv\u00e9 si u\u017eili tak\u00e9 mnoz\u00ed favorit\u00e9 kategorie SSV.\" \/>\n<meta property=\"og:url\" content=\"https:\/\/www.dakarmania.cz\/index.php\/2020\/01\/06\/dakar-2020-machackuv-dlouhy-den\/\" \/>\n<meta property=\"og:site_name\" content=\"DAKARMANIA.cz\" \/>\n<meta property=\"article:publisher\" content=\"https:\/\/www.facebook.com\/dakarmania\/\" \/>\n<meta property=\"article:published_time\" content=\"2020-01-06T08:44:36+00:00\" \/>\n<meta property=\"article:modified_time\" content=\"2020-01-06T08:51:30+00:00\" \/>\n<meta property=\"og:image\" content=\"https:\/\/www.dakarmania.cz\/wp-content\/uploads\/2020\/01\/20-dakar-machacek-04.jpg\" \/>\n\t<meta property=\"og:image:width\" content=\"1024\" \/>\n\t<meta property=\"og:image:height\" content=\"683\" \/>\n\t<meta property=\"og:image:type\" content=\"image\/jpeg\" \/>\n<meta name=\"author\" content=\"Zden\u011bk Zelenka\" \/>\n<meta name=\"twitter:card\" content=\"summary_large_image\" \/>\n<meta name=\"twitter:label1\" content=\"Napsal(a)\" \/>\n\t<meta name=\"twitter:data1\" content=\"Zden\u011bk Zelenka\" \/>\n\t<meta name=\"twitter:label2\" content=\"Odhadovan\u00e1 doba \u010dten\u00ed\" \/>\n\t<meta name=\"twitter:data2\" content=\"3 minuty\" \/>\n<script type=\"application\/ld+json\" class=\"yoast-schema-graph\">{\"@context\":\"https:\/\/schema.org\",\"@graph\":[{\"@type\":\"Article\",\"@id\":\"https:\/\/www.dakarmania.cz\/index.php\/2020\/01\/06\/dakar-2020-machackuv-dlouhy-den\/#article\",\"isPartOf\":{\"@id\":\"https:\/\/www.dakarmania.cz\/index.php\/2020\/01\/06\/dakar-2020-machackuv-dlouhy-den\/\"},\"author\":{\"name\":\"Zden\u011bk Zelenka\",\"@id\":\"https:\/\/www.dakarmania.cz\/#\/schema\/person\/04eb0e87a389631c2169c0dddae7ff1e\"},\"headline\":\"Dakar 2020: Mach\u00e1\u010dk\u016fv dlouh\u00fd den a probl\u00e9my favorit\u016f\",\"datePublished\":\"2020-01-06T08:44:36+00:00\",\"dateModified\":\"2020-01-06T08:51:30+00:00\",\"mainEntityOfPage\":{\"@id\":\"https:\/\/www.dakarmania.cz\/index.php\/2020\/01\/06\/dakar-2020-machackuv-dlouhy-den\/\"},\"wordCount\":522,\"commentCount\":0,\"publisher\":{\"@id\":\"https:\/\/www.dakarmania.cz\/#organization\"},\"image\":{\"@id\":\"https:\/\/www.dakarmania.cz\/index.php\/2020\/01\/06\/dakar-2020-machackuv-dlouhy-den\/#primaryimage\"},\"thumbnailUrl\":\"https:\/\/www.dakarmania.cz\/wp-content\/uploads\/2020\/01\/20-dakar-machacek-04.jpg\",\"keywords\":[\"2020\",\"Aron Dom\u017ca\u0142a\",\"Buggyra Racing\",\"Can-Am\",\"Casey Currie\",\"Cyril Despres\",\"Dakar\",\"Dakar 2020\",\"Jan Kalivoda\",\"Josef Mach\u00e1\u010dek\",\"Maciej Marton\",\"Monster Energy Can-Am\",\"Red Bull Off-Road Team USA\",\"Vlastimil To\u0161enovsk\u00fd\"],\"articleSection\":[\"Dakar 2020\",\"S\u00d7S\"],\"inLanguage\":\"cs\",\"potentialAction\":[{\"@type\":\"CommentAction\",\"name\":\"Comment\",\"target\":[\"https:\/\/www.dakarmania.cz\/index.php\/2020\/01\/06\/dakar-2020-machackuv-dlouhy-den\/#respond\"]}]},{\"@type\":\"WebPage\",\"@id\":\"https:\/\/www.dakarmania.cz\/index.php\/2020\/01\/06\/dakar-2020-machackuv-dlouhy-den\/\",\"url\":\"https:\/\/www.dakarmania.cz\/index.php\/2020\/01\/06\/dakar-2020-machackuv-dlouhy-den\/\",\"name\":\"Dakar 2020: Mach\u00e1\u010dk\u016fv dlouh\u00fd den a probl\u00e9my favorit\u016f - DAKARMANIA.cz\",\"isPartOf\":{\"@id\":\"https:\/\/www.dakarmania.cz\/#website\"},\"primaryImageOfPage\":{\"@id\":\"https:\/\/www.dakarmania.cz\/index.php\/2020\/01\/06\/dakar-2020-machackuv-dlouhy-den\/#primaryimage\"},\"image\":{\"@id\":\"https:\/\/www.dakarmania.cz\/index.php\/2020\/01\/06\/dakar-2020-machackuv-dlouhy-den\/#primaryimage\"},\"thumbnailUrl\":\"https:\/\/www.dakarmania.cz\/wp-content\/uploads\/2020\/01\/20-dakar-machacek-04.jpg\",\"datePublished\":\"2020-01-06T08:44:36+00:00\",\"dateModified\":\"2020-01-06T08:51:30+00:00\",\"description\":\"\u00davodn\u00ed etapa 42. ro\u010dn\u00edku dakarsk\u00e9 rally dala po\u0159\u00e1dn\u011b zabrat \u010desk\u00e9 pos\u00e1dce Mach\u00e1\u010dek, To\u0161enovsk\u00fd, ale sv\u00e9 si u\u017eili tak\u00e9 mnoz\u00ed favorit\u00e9 kategorie SSV.\",\"breadcrumb\":{\"@id\":\"https:\/\/www.dakarmania.cz\/index.php\/2020\/01\/06\/dakar-2020-machackuv-dlouhy-den\/#breadcrumb\"},\"inLanguage\":\"cs\",\"potentialAction\":[{\"@type\":\"ReadAction\",\"target\":[\"https:\/\/www.dakarmania.cz\/index.php\/2020\/01\/06\/dakar-2020-machackuv-dlouhy-den\/\"]}]},{\"@type\":\"ImageObject\",\"inLanguage\":\"cs\",\"@id\":\"https:\/\/www.dakarmania.cz\/index.php\/2020\/01\/06\/dakar-2020-machackuv-dlouhy-den\/#primaryimage\",\"url\":\"https:\/\/www.dakarmania.cz\/wp-content\/uploads\/2020\/01\/20-dakar-machacek-04.jpg\",\"contentUrl\":\"https:\/\/www.dakarmania.cz\/wp-content\/uploads\/2020\/01\/20-dakar-machacek-04.jpg\",\"width\":1024,\"height\":683,\"caption\":\"Josef Mach\u00e1\u010dek\/Vlastimil To\u0161enovsk\u00fd, Can-Am Buggyra MK50 XRS, Buggyra Racing. Rally Dakar 2020. \u00a9 Buggyra Media\"},{\"@type\":\"BreadcrumbList\",\"@id\":\"https:\/\/www.dakarmania.cz\/index.php\/2020\/01\/06\/dakar-2020-machackuv-dlouhy-den\/#breadcrumb\",\"itemListElement\":[{\"@type\":\"ListItem\",\"position\":1,\"name\":\"Dom\u016f\",\"item\":\"https:\/\/www.dakarmania.cz\/\"},{\"@type\":\"ListItem\",\"position\":2,\"name\":\"Dakar 2020: Mach\u00e1\u010dk\u016fv dlouh\u00fd den a probl\u00e9my favorit\u016f\"}]},{\"@type\":\"WebSite\",\"@id\":\"https:\/\/www.dakarmania.cz\/#website\",\"url\":\"https:\/\/www.dakarmania.cz\/\",\"name\":\"DAKARMANIA.cz\",\"description\":\"\u017dijeme Dakarem cel\u00fd rok\",\"publisher\":{\"@id\":\"https:\/\/www.dakarmania.cz\/#organization\"},\"potentialAction\":[{\"@type\":\"SearchAction\",\"target\":{\"@type\":\"EntryPoint\",\"urlTemplate\":\"https:\/\/www.dakarmania.cz\/?s={search_term_string}\"},\"query-input\":{\"@type\":\"PropertyValueSpecification\",\"valueRequired\":true,\"valueName\":\"search_term_string\"}}],\"inLanguage\":\"cs\"},{\"@type\":\"Organization\",\"@id\":\"https:\/\/www.dakarmania.cz\/#organization\",\"name\":\"DAKAR MANIA\",\"url\":\"https:\/\/www.dakarmania.cz\/\",\"logo\":{\"@type\":\"ImageObject\",\"inLanguage\":\"cs\",\"@id\":\"https:\/\/www.dakarmania.cz\/#\/schema\/logo\/image\/\",\"url\":\"https:\/\/www.dakarmania.cz\/wp-content\/uploads\/2018\/12\/Dakar-Mania-Logo-Square-Orange.png\",\"contentUrl\":\"https:\/\/www.dakarmania.cz\/wp-content\/uploads\/2018\/12\/Dakar-Mania-Logo-Square-Orange.png\",\"width\":992,\"height\":992,\"caption\":\"DAKAR MANIA\"},\"image\":{\"@id\":\"https:\/\/www.dakarmania.cz\/#\/schema\/logo\/image\/\"},\"sameAs\":[\"https:\/\/www.facebook.com\/dakarmania\/\"]},{\"@type\":\"Person\",\"@id\":\"https:\/\/www.dakarmania.cz\/#\/schema\/person\/04eb0e87a389631c2169c0dddae7ff1e\",\"name\":\"Zden\u011bk Zelenka\",\"image\":{\"@type\":\"ImageObject\",\"inLanguage\":\"cs\",\"@id\":\"https:\/\/www.dakarmania.cz\/#\/schema\/person\/image\/\",\"url\":\"https:\/\/secure.gravatar.com\/avatar\/2c80d5a4942fe0900b73cc7d3837a509d6ee0a276a2b76dac95c92bd0763a89b?s=96&d=mm&r=g\",\"contentUrl\":\"https:\/\/secure.gravatar.com\/avatar\/2c80d5a4942fe0900b73cc7d3837a509d6ee0a276a2b76dac95c92bd0763a89b?s=96&d=mm&r=g\",\"caption\":\"Zden\u011bk Zelenka\"},\"description\":\"Moji d\u011bt\u0161t\u00ed hrdinov\u00e9 se jmenovali Loprais, Moskal, Neveu, Vatanen, Rahier... A tihle borci, jejich n\u00e1sledovn\u00edci a jejich p\u0159\u00edb\u011bhy m\u011b nep\u0159estali fascinovat ani po letech, kdy jsem vyrostl a zam\u011bstn\u00e1valy m\u011b jin\u00e9 discipl\u00edny motorsportu. Proto se zrodila DAKARMANIA.\",\"url\":\"https:\/\/www.dakarmania.cz\/index.php\/author\/dakarmania\/\"}]}<\/script>\n<!-- \/ Yoast SEO plugin. -->","yoast_head_json":{"title":"Dakar 2020: Mach\u00e1\u010dk\u016fv dlouh\u00fd den a probl\u00e9my favorit\u016f - DAKARMANIA.cz","description":"\u00davodn\u00ed etapa 42. ro\u010dn\u00edku dakarsk\u00e9 rally dala po\u0159\u00e1dn\u011b zabrat \u010desk\u00e9 pos\u00e1dce Mach\u00e1\u010dek, To\u0161enovsk\u00fd, ale sv\u00e9 si u\u017eili tak\u00e9 mnoz\u00ed favorit\u00e9 kategorie SSV.","robots":{"index":"index","follow":"follow","max-snippet":"max-snippet:-1","max-image-preview":"max-image-preview:large","max-video-preview":"max-video-preview:-1"},"canonical":"https:\/\/www.dakarmania.cz\/index.php\/2020\/01\/06\/dakar-2020-machackuv-dlouhy-den\/","og_locale":"cs_CZ","og_type":"article","og_title":"Dakar 2020: Mach\u00e1\u010dk\u016fv dlouh\u00fd den a probl\u00e9my favorit\u016f - DAKARMANIA.cz","og_description":"\u00davodn\u00ed etapa 42. ro\u010dn\u00edku dakarsk\u00e9 rally dala po\u0159\u00e1dn\u011b zabrat \u010desk\u00e9 pos\u00e1dce Mach\u00e1\u010dek, To\u0161enovsk\u00fd, ale sv\u00e9 si u\u017eili tak\u00e9 mnoz\u00ed favorit\u00e9 kategorie SSV.","og_url":"https:\/\/www.dakarmania.cz\/index.php\/2020\/01\/06\/dakar-2020-machackuv-dlouhy-den\/","og_site_name":"DAKARMANIA.cz","article_publisher":"https:\/\/www.facebook.com\/dakarmania\/","article_published_time":"2020-01-06T08:44:36+00:00","article_modified_time":"2020-01-06T08:51:30+00:00","og_image":[{"width":1024,"height":683,"url":"https:\/\/www.dakarmania.cz\/wp-content\/uploads\/2020\/01\/20-dakar-machacek-04.jpg","type":"image\/jpeg"}],"author":"Zden\u011bk Zelenka","twitter_card":"summary_large_image","twitter_misc":{"Napsal(a)":"Zden\u011bk Zelenka","Odhadovan\u00e1 doba \u010dten\u00ed":"3 minuty"},"schema":{"@context":"https:\/\/schema.org","@graph":[{"@type":"Article","@id":"https:\/\/www.dakarmania.cz\/index.php\/2020\/01\/06\/dakar-2020-machackuv-dlouhy-den\/#article","isPartOf":{"@id":"https:\/\/www.dakarmania.cz\/index.php\/2020\/01\/06\/dakar-2020-machackuv-dlouhy-den\/"},"author":{"name":"Zden\u011bk Zelenka","@id":"https:\/\/www.dakarmania.cz\/#\/schema\/person\/04eb0e87a389631c2169c0dddae7ff1e"},"headline":"Dakar 2020: Mach\u00e1\u010dk\u016fv dlouh\u00fd den a probl\u00e9my favorit\u016f","datePublished":"2020-01-06T08:44:36+00:00","dateModified":"2020-01-06T08:51:30+00:00","mainEntityOfPage":{"@id":"https:\/\/www.dakarmania.cz\/index.php\/2020\/01\/06\/dakar-2020-machackuv-dlouhy-den\/"},"wordCount":522,"commentCount":0,"publisher":{"@id":"https:\/\/www.dakarmania.cz\/#organization"},"image":{"@id":"https:\/\/www.dakarmania.cz\/index.php\/2020\/01\/06\/dakar-2020-machackuv-dlouhy-den\/#primaryimage"},"thumbnailUrl":"https:\/\/www.dakarmania.cz\/wp-content\/uploads\/2020\/01\/20-dakar-machacek-04.jpg","keywords":["2020","Aron Dom\u017ca\u0142a","Buggyra Racing","Can-Am","Casey Currie","Cyril Despres","Dakar","Dakar 2020","Jan Kalivoda","Josef Mach\u00e1\u010dek","Maciej Marton","Monster Energy Can-Am","Red Bull Off-Road Team USA","Vlastimil To\u0161enovsk\u00fd"],"articleSection":["Dakar 2020","S\u00d7S"],"inLanguage":"cs","potentialAction":[{"@type":"CommentAction","name":"Comment","target":["https:\/\/www.dakarmania.cz\/index.php\/2020\/01\/06\/dakar-2020-machackuv-dlouhy-den\/#respond"]}]},{"@type":"WebPage","@id":"https:\/\/www.dakarmania.cz\/index.php\/2020\/01\/06\/dakar-2020-machackuv-dlouhy-den\/","url":"https:\/\/www.dakarmania.cz\/index.php\/2020\/01\/06\/dakar-2020-machackuv-dlouhy-den\/","name":"Dakar 2020: Mach\u00e1\u010dk\u016fv dlouh\u00fd den a probl\u00e9my favorit\u016f - DAKARMANIA.cz","isPartOf":{"@id":"https:\/\/www.dakarmania.cz\/#website"},"primaryImageOfPage":{"@id":"https:\/\/www.dakarmania.cz\/index.php\/2020\/01\/06\/dakar-2020-machackuv-dlouhy-den\/#primaryimage"},"image":{"@id":"https:\/\/www.dakarmania.cz\/index.php\/2020\/01\/06\/dakar-2020-machackuv-dlouhy-den\/#primaryimage"},"thumbnailUrl":"https:\/\/www.dakarmania.cz\/wp-content\/uploads\/2020\/01\/20-dakar-machacek-04.jpg","datePublished":"2020-01-06T08:44:36+00:00","dateModified":"2020-01-06T08:51:30+00:00","description":"\u00davodn\u00ed etapa 42. ro\u010dn\u00edku dakarsk\u00e9 rally dala po\u0159\u00e1dn\u011b zabrat \u010desk\u00e9 pos\u00e1dce Mach\u00e1\u010dek, To\u0161enovsk\u00fd, ale sv\u00e9 si u\u017eili tak\u00e9 mnoz\u00ed favorit\u00e9 kategorie SSV.","breadcrumb":{"@id":"https:\/\/www.dakarmania.cz\/index.php\/2020\/01\/06\/dakar-2020-machackuv-dlouhy-den\/#breadcrumb"},"inLanguage":"cs","potentialAction":[{"@type":"ReadAction","target":["https:\/\/www.dakarmania.cz\/index.php\/2020\/01\/06\/dakar-2020-machackuv-dlouhy-den\/"]}]},{"@type":"ImageObject","inLanguage":"cs","@id":"https:\/\/www.dakarmania.cz\/index.php\/2020\/01\/06\/dakar-2020-machackuv-dlouhy-den\/#primaryimage","url":"https:\/\/www.dakarmania.cz\/wp-content\/uploads\/2020\/01\/20-dakar-machacek-04.jpg","contentUrl":"https:\/\/www.dakarmania.cz\/wp-content\/uploads\/2020\/01\/20-dakar-machacek-04.jpg","width":1024,"height":683,"caption":"Josef Mach\u00e1\u010dek\/Vlastimil To\u0161enovsk\u00fd, Can-Am Buggyra MK50 XRS, Buggyra Racing. Rally Dakar 2020. \u00a9 Buggyra Media"},{"@type":"BreadcrumbList","@id":"https:\/\/www.dakarmania.cz\/index.php\/2020\/01\/06\/dakar-2020-machackuv-dlouhy-den\/#breadcrumb","itemListElement":[{"@type":"ListItem","position":1,"name":"Dom\u016f","item":"https:\/\/www.dakarmania.cz\/"},{"@type":"ListItem","position":2,"name":"Dakar 2020: Mach\u00e1\u010dk\u016fv dlouh\u00fd den a probl\u00e9my favorit\u016f"}]},{"@type":"WebSite","@id":"https:\/\/www.dakarmania.cz\/#website","url":"https:\/\/www.dakarmania.cz\/","name":"DAKARMANIA.cz","description":"\u017dijeme Dakarem cel\u00fd rok","publisher":{"@id":"https:\/\/www.dakarmania.cz\/#organization"},"potentialAction":[{"@type":"SearchAction","target":{"@type":"EntryPoint","urlTemplate":"https:\/\/www.dakarmania.cz\/?s={search_term_string}"},"query-input":{"@type":"PropertyValueSpecification","valueRequired":true,"valueName":"search_term_string"}}],"inLanguage":"cs"},{"@type":"Organization","@id":"https:\/\/www.dakarmania.cz\/#organization","name":"DAKAR MANIA","url":"https:\/\/www.dakarmania.cz\/","logo":{"@type":"ImageObject","inLanguage":"cs","@id":"https:\/\/www.dakarmania.cz\/#\/schema\/logo\/image\/","url":"https:\/\/www.dakarmania.cz\/wp-content\/uploads\/2018\/12\/Dakar-Mania-Logo-Square-Orange.png","contentUrl":"https:\/\/www.dakarmania.cz\/wp-content\/uploads\/2018\/12\/Dakar-Mania-Logo-Square-Orange.png","width":992,"height":992,"caption":"DAKAR MANIA"},"image":{"@id":"https:\/\/www.dakarmania.cz\/#\/schema\/logo\/image\/"},"sameAs":["https:\/\/www.facebook.com\/dakarmania\/"]},{"@type":"Person","@id":"https:\/\/www.dakarmania.cz\/#\/schema\/person\/04eb0e87a389631c2169c0dddae7ff1e","name":"Zden\u011bk Zelenka","image":{"@type":"ImageObject","inLanguage":"cs","@id":"https:\/\/www.dakarmania.cz\/#\/schema\/person\/image\/","url":"https:\/\/secure.gravatar.com\/avatar\/2c80d5a4942fe0900b73cc7d3837a509d6ee0a276a2b76dac95c92bd0763a89b?s=96&d=mm&r=g","contentUrl":"https:\/\/secure.gravatar.com\/avatar\/2c80d5a4942fe0900b73cc7d3837a509d6ee0a276a2b76dac95c92bd0763a89b?s=96&d=mm&r=g","caption":"Zden\u011bk Zelenka"},"description":"Moji d\u011bt\u0161t\u00ed hrdinov\u00e9 se jmenovali Loprais, Moskal, Neveu, Vatanen, Rahier... A tihle borci, jejich n\u00e1sledovn\u00edci a jejich p\u0159\u00edb\u011bhy m\u011b nep\u0159estali fascinovat ani po letech, kdy jsem vyrostl a zam\u011bstn\u00e1valy m\u011b jin\u00e9 discipl\u00edny motorsportu. Proto se zrodila DAKARMANIA.","url":"https:\/\/www.dakarmania.cz\/index.php\/author\/dakarmania\/"}]}},"amp_enabled":true,"_links":{"self":[{"href":"https:\/\/www.dakarmania.cz\/index.php\/wp-json\/wp\/v2\/posts\/14121","targetHints":{"allow":["GET"]}}],"collection":[{"href":"https:\/\/www.dakarmania.cz\/index.php\/wp-json\/wp\/v2\/posts"}],"about":[{"href":"https:\/\/www.dakarmania.cz\/index.php\/wp-json\/wp\/v2\/types\/post"}],"author":[{"embeddable":true,"href":"https:\/\/www.dakarmania.cz\/index.php\/wp-json\/wp\/v2\/users\/1"}],"replies":[{"embeddable":true,"href":"https:\/\/www.dakarmania.cz\/index.php\/wp-json\/wp\/v2\/comments?post=14121"}],"version-history":[{"count":2,"href":"https:\/\/www.dakarmania.cz\/index.php\/wp-json\/wp\/v2\/posts\/14121\/revisions"}],"predecessor-version":[{"id":14128,"href":"https:\/\/www.dakarmania.cz\/index.php\/wp-json\/wp\/v2\/posts\/14121\/revisions\/14128"}],"wp:featuredmedia":[{"embeddable":true,"href":"https:\/\/www.dakarmania.cz\/index.php\/wp-json\/wp\/v2\/media\/14119"}],"wp:attachment":[{"href":"https:\/\/www.dakarmania.cz\/index.php\/wp-json\/wp\/v2\/media?parent=14121"}],"wp:term":[{"taxonomy":"category","embeddable":true,"href":"https:\/\/www.dakarmania.cz\/index.php\/wp-json\/wp\/v2\/categories?post=14121"},{"taxonomy":"post_tag","embeddable":true,"href":"https:\/\/www.dakarmania.cz\/index.php\/wp-json\/wp\/v2\/tags?post=14121"}],"curies":[{"name":"wp","href":"https:\/\/api.w.org\/{rel}","templated":true}]}}