{"id":14132,"date":"2020-01-06T11:48:00","date_gmt":"2020-01-06T10:48:00","guid":{"rendered":"https:\/\/www.dakarmania.cz\/?p=14132"},"modified":"2020-01-07T03:04:53","modified_gmt":"2020-01-07T02:04:53","slug":"dakar-2020-den-rosse-branche","status":"publish","type":"post","link":"https:\/\/www.dakarmania.cz\/index.php\/2020\/01\/06\/dakar-2020-den-rosse-branche\/","title":{"rendered":"Dakar 2020: Velk\u00fd den Rosse Branche, do \u010dela jde Sunderland"},"content":{"rendered":"<p>[vc_row][vc_column][vc_column_text css_animation=&#8221;fadeIn&#8221;]<\/p>\n<h3>Ross Branch z Botswany dnes op\u011bt uk\u00e1zal, pro\u010d mu p\u0159\u00e1tel\u00e9 p\u0159ezd\u00edvaj\u00ed Kalahari Ferrari. Po trofeji pro nejlep\u0161\u00edho nov\u00e1\u010dka roku, kterou v kategorii motocykl\u016f z\u00edskal loni v Peru, si dnes na sv\u00e9 konto p\u0159ipsal dal\u0161\u00ed \u00fasp\u011bch v podob\u011b prvn\u00edho dakarsk\u00e9ho etapov\u00e9ho v\u00edt\u011bzstv\u00ed.<\/h3>\n<p><span style=\"color: #999999;\">[posledn\u00ed aktualizace 6. 1. 2020, 22:20]<\/span>[\/vc_column_text][vc_single_image image=&#8221;14129&#8243; img_size=&#8221;large&#8221; add_caption=&#8221;yes&#8221; alignment=&#8221;center&#8221; onclick=&#8221;link_image&#8221; css_animation=&#8221;fadeIn&#8221;][vc_column_text css_animation=&#8221;fadeIn&#8221;]Pond\u011bln\u00ed etapa z Al Wejhu do Neomu m\u011b\u0159ila 393 kilometr\u016f, z nich\u017e se 367 jelo v r\u00e1mci rychlostn\u00ed zkou\u0161ky, a oproti ned\u011bli p\u0159inesla pom\u011brn\u011b z\u00e1sadn\u00ed zm\u011bnu charakteru trati. Tentokr\u00e1t se z\u00e1vodilo hlavn\u011b na p\u00edse\u010dn\u00fdch pl\u00e1n\u00edch se spoustou k\u0159i\u017euj\u00edc\u00edch se stop, kter\u00e9 znesnad\u0148ovaly navigaci. Jednalo se tak\u00e9 o prvn\u00ed ze \u0161esti etap, p\u0159i n\u00ed\u017e \u00fa\u010dastn\u00edci <a href=\"\/index.php\/souteze\/dakar-2020\/\">Dakaru 2020<\/a> dostali roadbook a\u017e t\u011bsn\u011b p\u0159ed startem speci\u00e1lky.[\/vc_column_text][vc_column_text css_animation=&#8221;fadeIn&#8221; css=&#8221;.vc_custom_1578362116636{padding-top: 10px !important;padding-right: 10px !important;padding-bottom: 20px !important;padding-left: 10px !important;background-color: #dbd9d9 !important;}&#8221;]<strong>Dal\u0161\u00ed kategorie:<\/strong><\/p>\n<p><a href=\"\/index.php\/2020\/01\/06\/dakar-2020-kapotovy-maz-vede\/\"><strong>&gt; KAMIONY:<\/strong> Rychl\u00fd Vjazovi\u010d se nenechal nachytat a vede<\/a><br \/>\n<a href=\"\/index.php\/2020\/01\/06\/dakar-2020-alonso-vylomil-kolo\/\"><strong>&gt; AUTO:<\/strong> Alonso vylomil kolo, Terranova nov\u00fdm leaderem<\/a><br \/>\n<a href=\"\/index.php\/2020\/01\/07\/dakar-2020-kubiena-opravoval\/\"><strong>&gt; QUAD:<\/strong> Kubiena \u010dty\u0159i hodiny opravoval, T\u016fma posko\u010dil vp\u0159ed<\/a>[\/vc_column_text][vc_column_text css_animation=&#8221;fadeIn&#8221;]Motocyklist\u00e9 a \u010dty\u0159kolk\u00e1\u0159i nav\u00edc absolvovali prvn\u00ed \u010d\u00e1st tzv. supermaratonsk\u00e9 etapy. Po dojezdu do bivaku a z\u00edtra r\u00e1no p\u0159ed startem maj\u00ed jen n\u011bkolik minut na minim\u00e1ln\u00ed \u00fadr\u017ebu sv\u00e9ho stroje, p\u0159i n\u00ed\u017e se mus\u00ed obej\u00edt bez pomoci mechanik\u016f, ov\u0161em na rozd\u00edl od klasick\u00e9 maratonsk\u00e9 etapy mohou sp\u00e1t v z\u00e1zem\u00ed sv\u00fdch t\u00fdm\u016f.<\/p>\n<p>Naviga\u010dn\u011b n\u00e1ro\u010dn\u00e1 erzeta d\u016fkladn\u011b zam\u00edchala po\u0159ad\u00edm. Jezdci, kte\u0159\u00ed usp\u011bli v\u010dera, vyr\u00e1\u017eeli dnes na tra\u0165 tradi\u010dn\u011b jako prvn\u00ed, co\u017e byla za dan\u00fdch podm\u00ednek je\u0161t\u011b v\u011bt\u0161\u00ed nev\u00fdhoda ne\u017e obvykle. Situace vyu\u017eili p\u0159edev\u0161\u00edm <a href=\"\/index.php\/osobnosti\/sunderland-sam\/\">Sam Sunderland<\/a> (KTM) s <a href=\"\/index.php\/osobnosti\/pablo-quintanilla\/\">Pablem Quintanillou<\/a> (Husqvarna), kte\u0159\u00ed etapu dokon\u010dili na druh\u00e9m a t\u0159et\u00edm m\u00edst\u011b za v\u00edt\u011bzn\u00fdm Branchem. D\u00edky tomu se Brit vyhoupl z p\u00e1t\u00e9ho na prvn\u00ed m\u00edsto s 78sekundov\u00fdm n\u00e1skokem p\u0159ed Chilanem, kter\u00fd se posunul ze \u0161est\u00e9 na druhou p\u0159\u00ed\u010dku.<\/p>\n<p><em>\u201eV prvn\u00ed \u010d\u00e1sti speci\u00e1lky byla navigace velice obt\u00ed\u017en\u00e1 kv\u016fli spoust\u011b ka\u0148on\u016f, \u00fadol\u00ed a \u0159e\u010di\u0161\u0165. Pozorn\u011b jsem sledoval roadbook, proto\u017ee bylo snadn\u00e9 se ztratit,\u201c<\/em> popisuje <strong>Pablo Quintanilla<\/strong>. <em>\u201eAle c\u00edtil jsem se dob\u0159e. Dokonce jsem si na n\u011bkolika m\u00edstech p\u0159ipadal jako v Chile. Ka\u017edop\u00e1dn\u011b bylo pot\u0159eba jet strategicky i s ohledem na z\u00edt\u0159ek. V z\u00e1v\u011bru jsem trochu zvolnil, abych si pro dal\u0161\u00ed etapu zajistil v\u00fdhodnou startovn\u00ed pozici.\u201c<\/em>[\/vc_column_text][vc_single_image image=&#8221;14193&#8243; img_size=&#8221;large&#8221; add_caption=&#8221;yes&#8221; alignment=&#8221;center&#8221; onclick=&#8221;link_image&#8221; css_animation=&#8221;fadeIn&#8221;][vc_column_text css_animation=&#8221;fadeIn&#8221;]Branch posko\u010dil ze \u010dtrn\u00e1ct\u00e9 p\u0159\u00ed\u010dky na \u0161estou. P\u0159ed z\u00e1vodn\u00edkem, kter\u00fd se motokrosu a cross-country rally dosud v\u011bnuje pouze ve voln\u00e9m \u010dase a na pln\u00fd \u00favazek pracuje jako pilot, se z tov\u00e1rn\u00edch jezdc\u016f krom\u011b Sunderlanda a Quintanilly udr\u017eeli u\u017e pouze <a href=\"\/index.php\/osobnosti\/kevin-benavides\/\">Kevin Benavides<\/a> (Honda), <a href=\"\/index.php\/osobnosti\/matthias-walkner\/\">Matthias Walkner<\/a> (KTM) a <a href=\"\/index.php\/osobnosti\/ricky-brabec\/\">Ricky Brabec<\/a> (Honda).<\/p>\n<p><em>\u201ePomohlo mi, \u017ee jsem startoval jako \u010dtrn\u00e1ct\u00fd, proto\u017ee jsem mohl sledovat stopy jezdc\u016f p\u0159ede mnou. Sna\u017eil jsem se dojet je jednoho po druh\u00e9m. Dnes jsem se na motorce opravdu bavil, byl to \u00fa\u017easn\u00fd den,\u201c<\/em> raduje se <strong>Ross Branch<\/strong>.<\/p>\n<p>Obh\u00e1jce lo\u0148sk\u00e9ho v\u00edt\u011bzstv\u00ed a nejrychlej\u0161\u00ed mu\u017e \u00favodn\u00ed etapy <a href=\"\/index.php\/osobnosti\/toby-price\/\">Toby Price<\/a> (KTM) tentokr\u00e1t ztratil v\u00edce ne\u017e dvan\u00e1ct minut a je pr\u016fb\u011b\u017en\u011b dev\u00e1t\u00fd.<\/p>\n<p>Z elitn\u00ed des\u00edtky vypadl <a href=\"\/index.php\/osobnosti\/adrien-van-beveren\/\">Adrien Van Beveren<\/a> (Yamaha). Francouz je t\u0159in\u00e1ct\u00fd a jeho odstup od vedouc\u00edho Sunderlanda narostl u\u017e na 13 minut. Nejlep\u0161\u00edm jezdcem Yamahy je nyn\u00ed Xavier de Soultrait, jen\u017e se v po\u0159ad\u00ed po dvou etap\u00e1ch vkl\u00ednil p\u0159ed Van Beverena.[\/vc_column_text][vc_single_image image=&#8221;14192&#8243; img_size=&#8221;large&#8221; add_caption=&#8221;yes&#8221; alignment=&#8221;center&#8221; onclick=&#8221;link_image&#8221; css_animation=&#8221;fadeIn&#8221;][vc_column_text css_animation=&#8221;fadeIn&#8221;]\u0160\u00e9f t\u00fdmu Orion \u2013 MRG Erv\u00edn Kraj\u010dovi\u010d mus\u00ed b\u00fdt zat\u00edm maxim\u00e1ln\u011b spokojen\u00fd s v\u00fdkony sv\u00fdch sv\u011b\u0159enc\u016f. Zku\u0161en\u00fd <a href=\"\/index.php\/osobnosti\/milan-engel\/\">Milan Engel<\/a> dr\u017e\u00ed vysok\u00e9 tempo, kter\u00e9 mu v pond\u011bl\u00ed vyneslo 24. \u010das v etap\u011b (+22:28 min) a v celkov\u00e9m \u00fa\u010dtov\u00e1n\u00ed posun z 27. na 24. p\u0159\u00ed\u010dku.<\/p>\n<p><em>\u201eCel\u00fd leto\u0161n\u00ed Dakar se zd\u00e1 b\u00fdt dost rychl\u00fd a na trati bylo tak\u00e9 hodn\u011b kamen\u00ed. Jsem zv\u011bdav\u00fd, jak to bude v dal\u0161\u00edch etap\u00e1ch, ale mysl\u00edm, \u017ee se pomalu budeme p\u0159esouvat do dun a p\u00edsku,\u201c<\/em> \u0159\u00edk\u00e1 <strong>Milan Engel<\/strong>. <em>\u201eOb\u011b \u00favodn\u00ed etapy byly pra\u0161n\u00e9, rychl\u00e9 a nebezpe\u010dn\u00e9. Bylo n\u00e1ro\u010dn\u00e9 neud\u011blat chybu jak za j\u00edzdy, tak p\u0159i navigaci. Na motorce jsme museli ud\u011blat n\u011bkolik zm\u011bn v\u010detn\u011b p\u00e9rov\u00e1n\u00ed, kter\u00e9 bylo nutn\u00e9 p\u0159itvrdit.\u201c<\/em><\/p>\n<p>T\u0159ic\u00e1t\u00e9 m\u00edsto udr\u017eel Engel\u016fv t\u00fdmov\u00fd kolega a dakarsk\u00fd nov\u00e1\u010dek <a href=\"\/index.php\/osobnosti\/martin-michek\/\">Martin Michek<\/a>, kter\u00fd po dvou etap\u00e1ch vede s p\u011btiminutov\u00fdm n\u00e1skokem v kategorii nov\u00e1\u010dk\u016f.<\/p>\n<p><em>\u201eNa za\u010d\u00e1tku se \u0161\u00edlen\u011b pr\u00e1\u0161ilo, tak\u017ee jsem jel prakticky ve tm\u011b. Bylo to obt\u00ed\u017en\u00e9 a pomal\u00e9. Necht\u011bl jsem p\u0159ehl\u00e9dnout n\u011bjakou d\u00edru nebo k\u00e1men. Jinak to byla sp\u00ed\u0161 endurov\u00e1 etapa a j\u00e1 endur\u00e1k moc nejsem. Ale jsem r\u00e1d za ka\u017ed\u00fd dojezd do c\u00edle,\u201c<\/em> libuje si <strong>Martin Michek<\/strong>.<\/p>\n<p>Prvn\u00ed t\u0159ic\u00edtce se bezprost\u0159edn\u011b p\u0159ibl\u00ed\u017eil tak\u00e9 <a href=\"\/index.php\/osobnosti\/jan-brabec\/\">Jan Brabec<\/a>, kter\u00e9mu ned\u011bl\u00e1 dob\u0159e vst\u00e1v\u00e1n\u00ed kr\u00e1tce po t\u0159et\u00ed hodin\u011b rann\u00ed. Nav\u00edc na brzk\u00fdch p\u0159ejezdech b\u00fdv\u00e1 tak\u00e9 velk\u00e1 zima. A pr\u00e1v\u011b vst\u00e1v\u00e1n\u00ed a zimu jezdec t\u00fdmu Big Shock Racing zrovna nemiluje, oz\u00fdvaj\u00ed se mu \u017eeleza v jeho ned\u00e1vno operovan\u00e9 noze.<\/p>\n<p><em>\u201eDneska jsem to objel na jedn\u00e9 noze. Tra\u0165 byla sam\u00e1 sk\u00e1la. Netla\u010d\u00edm na sebe, v\u00fdsledek po p\u0159ede\u0161l\u00fdch zdravotn\u00edch nep\u0159\u00edjemnostech ne\u0159e\u0161\u00edm. I proto se mi jede dob\u0159e. Naviga\u010dn\u011b jsem neud\u011blal \u017e\u00e1dnou chybu. Trochu na sob\u011b c\u00edt\u00edm, \u017ee mi je\u0161t\u011b chyb\u00ed tak m\u011bs\u00edc tr\u00e9ninku nav\u00edc. Ale aspo\u0148 to bude legrace, pojedu na pohodu a budu si to v\u0161echno v\u00edc u\u017e\u00edvat,\u201c<\/em> v\u011b\u0159\u00ed <strong>Jan Brabec<\/strong>.[\/vc_column_text][vc_single_image image=&#8221;14191&#8243; img_size=&#8221;large&#8221; add_caption=&#8221;yes&#8221; alignment=&#8221;center&#8221; onclick=&#8221;link_image&#8221; css_animation=&#8221;fadeIn&#8221;][vc_column_text css_animation=&#8221;fadeIn&#8221;]Nej\u00fasp\u011b\u0161n\u011bj\u0161\u00edm z\u00e1vodn\u00edkem startuj\u00edc\u00edm na stroji n\u011bkter\u00e9ho z \u010desk\u00fdch t\u00fdm\u016f z\u016fst\u00e1v\u00e1 Skyler Howes. Ameri\u010dan, h\u00e1j\u00edc\u00ed barvy sestavy Klym\u010diw Racing, sice dnes dojel do c\u00edle a\u017e za Engelem a v pr\u016fb\u011b\u017en\u00e9m po\u0159ad\u00ed si pohor\u0161il o dv\u011b p\u0159\u00ed\u010dky, st\u00e1le se v\u0161ak dr\u017e\u00ed v prvn\u00ed dvac\u00edtce.<\/p>\n<p>V\u00fdborn\u011b zvl\u00e1dl vstup do z\u00e1vodu Roman Krej\u010d\u00ed, kter\u00fd se na Dakar vr\u00e1til po deseti letech. Po druh\u00e9 etap\u011b p\u0159edstihl Petra Vl\u010dka, kter\u00fd stejn\u011b jako Krej\u010d\u00ed a <a href=\"\/index.php\/osobnosti\/jan-vesely\/\">Jan Vesel\u00fd<\/a> startuje v kategorii malle moto, tedy bez asistence.<\/p>\n<p><em>\u201eJelo se mi docela fajn. Zat\u00edm nebyl \u017e\u00e1dn\u00fd p\u00e1d. Jedu s velik\u00fdm respektem, v\u00edm, jak to bol\u00ed, a do velk\u00fdch ostr\u00fdch hranat\u00fdch kamen\u016f obzvl\u00e1\u0161\u0165,\u201c<\/em> p\u0159ipom\u00edn\u00e1 <a href=\"\/index.php\/2019\/01\/21\/jan-vesely-odjel-vic-nez-pulku-dakaru-se-zlomenymi-zebry\/\">velmi nep\u0159\u00edjemnou lo\u0148skou zku\u0161enost<\/a> <strong>Jan Vesel\u00fd<\/strong>. <em>\u201eZ\u00edtra t\u0159et\u00ed den na Dakaru. Ten pro m\u011b b\u00fdv\u00e1 kritick\u00fd. Douf\u00e1m, \u017ee nebude p\u00e1d do kamen\u00ed. Vidlice st\u00e1le te\u010dou, ale nen\u00ed to a\u017e tak dramatick\u00e9. Oprav\u00edm je z\u00edtra nebo o dni volna.\u201c<\/em><\/p>\n<p>V \u00fater\u00fd sout\u011b\u017e pokra\u010duje okru\u017en\u00ed etapou (489 km, RZ 404 km) se startem a c\u00edlem v Neomu. Nedaleko hranic s Jord\u00e1nskem se bude z\u00e1vodit na p\u00edse\u010dn\u00e9m podklad\u011b v bludi\u0161ti skaln\u00edch ka\u0148on\u016f a horsk\u00fdch h\u0159bet\u016f.[\/vc_column_text][vc_column_text css_animation=&#8221;fadeIn&#8221;]<\/p>\n<table style=\"width: 97.7654%;\" rules=\"rows\" cellpadding=\"4px\">\n<tbody>\n<tr style=\"background-color: #9e9d9d; color: white;\">\n<td style=\"text-align: center;\" colspan=\"4\"><span style=\"font-size: 10pt;\"><strong>Rally Dakar 2020<br \/>\nMOTOCYKLY<br \/>\npr\u016fb\u011b\u017en\u00e9 po\u0159ad\u00ed po 2. etap\u011b<\/strong><\/span><\/td>\n<\/tr>\n<tr style=\"background-color: #dbd9d9;\">\n<td>1.<\/td>\n<td>Sam Sunderland<\/td>\n<td>KTM 450 Rally<\/td>\n<td style=\"text-align: right;\">7:05:22<\/td>\n<\/tr>\n<tr style=\"background-color: #f2f2f2;\">\n<td>2.<\/td>\n<td>Pablo Quintanilla<\/td>\n<td>Husqvarna FR 450 Rally<\/td>\n<td style=\"text-align: right;\">+1:18<\/td>\n<\/tr>\n<tr style=\"background-color: #dbd9d9;\">\n<td>3.<\/td>\n<td>Kevin Benavides<\/td>\n<td>Honda CRF450 Rally<\/td>\n<td style=\"text-align: right;\">+1:32<\/td>\n<\/tr>\n<tr style=\"background-color: #f2f2f2;\">\n<td>4.<\/td>\n<td>Matthias Walkner<\/td>\n<td>KTM 450 Rally<\/td>\n<td style=\"text-align: right;\">+2:00<\/td>\n<\/tr>\n<tr style=\"background-color: #dbd9d9;\">\n<td>5.<\/td>\n<td>Ricky Brabec<\/td>\n<td>Honda CRF450 Rally<\/td>\n<td style=\"text-align: right;\">+4:11<\/td>\n<\/tr>\n<tr style=\"background-color: #f2f2f2;\">\n<td>6.<\/td>\n<td>Ross Branch<\/td>\n<td>KTM 450 Rally Replica<\/td>\n<td style=\"text-align: right;\">+4:19<\/td>\n<\/tr>\n<tr style=\"background-color: #dbd9d9;\">\n<td>7.<\/td>\n<td>Luciano Benavides<\/td>\n<td>KTM 450 Rally<\/td>\n<td style=\"text-align: right;\">+6:01<\/td>\n<\/tr>\n<tr style=\"background-color: #f2f2f2;\">\n<td>8.<\/td>\n<td>Joan Barreda<\/td>\n<td>Honda CRF450 Rally<\/td>\n<td style=\"text-align: right;\">+6:09<\/td>\n<\/tr>\n<tr style=\"background-color: #dbd9d9;\">\n<td>9.<\/td>\n<td>Toby Price<\/td>\n<td>KTM 450 Rally<\/td>\n<td style=\"text-align: right;\">+7:34<\/td>\n<\/tr>\n<tr style=\"background-color: #f2f2f2;\">\n<td>10.<\/td>\n<td>Andrew Short<\/td>\n<td>Husqvarna FR 450 Rally<\/td>\n<td style=\"text-align: right;\">+9:24<\/td>\n<\/tr>\n<tr style=\"background-color: #dbd9d9;\">\n<td>24.<\/td>\n<td>Milan Engel<\/td>\n<td>KTM 450 Rally Replica<\/td>\n<td style=\"text-align: right;\">+47:44<\/td>\n<\/tr>\n<tr style=\"background-color: #f2f2f2;\">\n<td>30.<\/td>\n<td>Martin Michek<\/td>\n<td>KTM 450 Rally Replica<\/td>\n<td style=\"text-align: right;\">+1:06:08<\/td>\n<\/tr>\n<tr style=\"background-color: #dbd9d9;\">\n<td>31.<\/td>\n<td>Jan Brabec<\/td>\n<td>KTM 450 Rally Replica<\/td>\n<td style=\"text-align: right;\">+1:09:01<\/td>\n<\/tr>\n<tr style=\"background-color: #f2f2f2;\">\n<td>54.<\/td>\n<td>Roman Krej\u010d\u00ed<\/td>\n<td>KTM 450 Rally Replica<\/td>\n<td style=\"text-align: right;\">+2:41:34<\/td>\n<\/tr>\n<tr style=\"background-color: #dbd9d9;\">\n<td>55.<\/td>\n<td>Petr Vl\u010dek<\/td>\n<td>KTM 450 Rally Replica<\/td>\n<td style=\"text-align: right;\">+2:46:36<\/td>\n<\/tr>\n<tr style=\"background-color: #f2f2f2;\">\n<td>113.<\/td>\n<td>Jan Vesel\u00fd<\/td>\n<td>Husqvarna FE 450<\/td>\n<td style=\"text-align: right;\">+4:49:17<\/td>\n<\/tr>\n<\/tbody>\n<\/table>\n<p>[\/vc_column_text][vc_empty_space height=&#8221;2px&#8221;][\/vc_column][\/vc_row]<\/p>\n","protected":false},"excerpt":{"rendered":"<p>Ross Branch dnes op\u011bt uk\u00e1zal, pro\u010d mu p\u0159\u00e1tel\u00e9 p\u0159ezd\u00edvaj\u00ed Kalahari Ferrari. Botswansk\u00fd motocyklista si dnes na sv\u00e9 konto p\u0159ipsal prvn\u00ed dakarsk\u00e9 etapov\u00e9 v\u00edt\u011bzstv\u00ed.<\/p>\n","protected":false},"author":1,"featured_media":14130,"comment_status":"open","ping_status":"closed","sticky":false,"template":"","format":"standard","meta":{"footnotes":""},"categories":[251,15],"tags":[903,236,757,111,8,159,129,923,759,64,756,144,110,143,762,230,57,63,127,1356,211,107,74,75,215,59,222,1543,823,225,61,126,214,168,784],"class_list":["post-14132","post","type-post","status-publish","format-standard","has-post-thumbnail","hentry","category-dakar-2020","category-moto-quad","tag-903","tag-adrien-van-beveren","tag-andrew-short","tag-big-shock-racing","tag-dakar","tag-dakar-2020","tag-honda","tag-honda-racing","tag-honda-team","tag-husqvarna","tag-husqvarna-factory-racing","tag-ivar-cs-team","tag-jan-brabec","tag-jan-vesely","tag-jose-ignacio-cornejo","tag-kevin-benavides","tag-klymciw-racing","tag-ktm","tag-ktm-factory-racing","tag-martin-michek","tag-matthias-walkner","tag-milan-engel","tag-moto-racing-group","tag-mrg","tag-pablo-quintanilla","tag-petr-vlcek","tag-ricky-brabec","tag-roman-krejci","tag-ross-branch","tag-sam-sunderland","tag-skyler-howes","tag-toby-price","tag-xavier-de-soultrait","tag-yamaha","tag-yamaha-racing"],"yoast_head":"<!-- This site is optimized with the Yoast SEO plugin v24.9 - https:\/\/yoast.com\/wordpress\/plugins\/seo\/ -->\n<title>Dakar 2020: Velk\u00fd den Rosse Branche, do \u010dela jde Sunderland - DAKARMANIA.cz<\/title>\n<meta name=\"description\" content=\"Ross Branch dnes op\u011bt uk\u00e1zal, pro\u010d mu p\u0159\u00e1tel\u00e9 p\u0159ezd\u00edvaj\u00ed Kalahari Ferrari. Botswansk\u00fd motocyklista si dnes na sv\u00e9 konto p\u0159ipsal prvn\u00ed dakarsk\u00e9 etapov\u00e9 v\u00edt\u011bzstv\u00ed.\" \/>\n<meta name=\"robots\" content=\"index, follow, max-snippet:-1, max-image-preview:large, max-video-preview:-1\" \/>\n<link rel=\"canonical\" href=\"https:\/\/www.dakarmania.cz\/index.php\/2020\/01\/06\/dakar-2020-den-rosse-branche\/\" \/>\n<meta property=\"og:locale\" content=\"cs_CZ\" \/>\n<meta property=\"og:type\" content=\"article\" \/>\n<meta property=\"og:title\" content=\"Dakar 2020: Velk\u00fd den Rosse Branche, do \u010dela jde Sunderland - DAKARMANIA.cz\" \/>\n<meta property=\"og:description\" content=\"Ross Branch dnes op\u011bt uk\u00e1zal, pro\u010d mu p\u0159\u00e1tel\u00e9 p\u0159ezd\u00edvaj\u00ed Kalahari Ferrari. Botswansk\u00fd motocyklista si dnes na sv\u00e9 konto p\u0159ipsal prvn\u00ed dakarsk\u00e9 etapov\u00e9 v\u00edt\u011bzstv\u00ed.\" \/>\n<meta property=\"og:url\" content=\"https:\/\/www.dakarmania.cz\/index.php\/2020\/01\/06\/dakar-2020-den-rosse-branche\/\" \/>\n<meta property=\"og:site_name\" content=\"DAKARMANIA.cz\" \/>\n<meta property=\"article:publisher\" content=\"https:\/\/www.facebook.com\/dakarmania\/\" \/>\n<meta property=\"article:published_time\" content=\"2020-01-06T10:48:00+00:00\" \/>\n<meta property=\"article:modified_time\" content=\"2020-01-07T02:04:53+00:00\" \/>\n<meta property=\"og:image\" content=\"https:\/\/www.dakarmania.cz\/wp-content\/uploads\/2020\/01\/20-dakar-sunderland-04.jpg\" \/>\n\t<meta property=\"og:image:width\" content=\"1024\" \/>\n\t<meta property=\"og:image:height\" content=\"682\" \/>\n\t<meta property=\"og:image:type\" content=\"image\/jpeg\" \/>\n<meta name=\"author\" content=\"Zden\u011bk Zelenka\" \/>\n<meta name=\"twitter:card\" content=\"summary_large_image\" \/>\n<meta name=\"twitter:label1\" content=\"Napsal(a)\" \/>\n\t<meta name=\"twitter:data1\" content=\"Zden\u011bk Zelenka\" \/>\n\t<meta name=\"twitter:label2\" content=\"Odhadovan\u00e1 doba \u010dten\u00ed\" \/>\n\t<meta name=\"twitter:data2\" content=\"8 minut\" \/>\n<script type=\"application\/ld+json\" class=\"yoast-schema-graph\">{\"@context\":\"https:\/\/schema.org\",\"@graph\":[{\"@type\":\"Article\",\"@id\":\"https:\/\/www.dakarmania.cz\/index.php\/2020\/01\/06\/dakar-2020-den-rosse-branche\/#article\",\"isPartOf\":{\"@id\":\"https:\/\/www.dakarmania.cz\/index.php\/2020\/01\/06\/dakar-2020-den-rosse-branche\/\"},\"author\":{\"name\":\"Zden\u011bk Zelenka\",\"@id\":\"https:\/\/www.dakarmania.cz\/#\/schema\/person\/04eb0e87a389631c2169c0dddae7ff1e\"},\"headline\":\"Dakar 2020: Velk\u00fd den Rosse Branche, do \u010dela jde Sunderland\",\"datePublished\":\"2020-01-06T10:48:00+00:00\",\"dateModified\":\"2020-01-07T02:04:53+00:00\",\"mainEntityOfPage\":{\"@id\":\"https:\/\/www.dakarmania.cz\/index.php\/2020\/01\/06\/dakar-2020-den-rosse-branche\/\"},\"wordCount\":1518,\"commentCount\":0,\"publisher\":{\"@id\":\"https:\/\/www.dakarmania.cz\/#organization\"},\"image\":{\"@id\":\"https:\/\/www.dakarmania.cz\/index.php\/2020\/01\/06\/dakar-2020-den-rosse-branche\/#primaryimage\"},\"thumbnailUrl\":\"https:\/\/www.dakarmania.cz\/wp-content\/uploads\/2020\/01\/20-dakar-sunderland-04.jpg\",\"keywords\":[\"2020\",\"Adrien Van Beveren\",\"Andrew Short\",\"Big Shock! Racing\",\"Dakar\",\"Dakar 2020\",\"Honda\",\"Honda Racing\",\"Honda Team\",\"Husqvarna\",\"Husqvarna Factory Racing\",\"Ivar CS Team\",\"Jan Brabec\",\"Jan Vesel\u00fd\",\"Jos\u00e9 Ignacio Cornejo\",\"Kevin Benavides\",\"Klym\u010diw Racing\",\"KTM\",\"KTM Factory Racing\",\"Martin Michek\",\"Matthias Walkner\",\"Milan Engel\",\"Moto Racing Group\",\"MRG\",\"Pablo Quintanilla\",\"Petr Vl\u010dek\",\"Ricky Brabec\",\"Roman Krej\u010d\u00ed\",\"Ross Branch\",\"Sam Sunderland\",\"Skyler Howes\",\"Toby Price\",\"Xavier de Soultrait\",\"Yamaha\",\"Yamaha Racing\"],\"articleSection\":[\"Dakar 2020\",\"Moto\/Quad\"],\"inLanguage\":\"cs\",\"potentialAction\":[{\"@type\":\"CommentAction\",\"name\":\"Comment\",\"target\":[\"https:\/\/www.dakarmania.cz\/index.php\/2020\/01\/06\/dakar-2020-den-rosse-branche\/#respond\"]}]},{\"@type\":\"WebPage\",\"@id\":\"https:\/\/www.dakarmania.cz\/index.php\/2020\/01\/06\/dakar-2020-den-rosse-branche\/\",\"url\":\"https:\/\/www.dakarmania.cz\/index.php\/2020\/01\/06\/dakar-2020-den-rosse-branche\/\",\"name\":\"Dakar 2020: Velk\u00fd den Rosse Branche, do \u010dela jde Sunderland - DAKARMANIA.cz\",\"isPartOf\":{\"@id\":\"https:\/\/www.dakarmania.cz\/#website\"},\"primaryImageOfPage\":{\"@id\":\"https:\/\/www.dakarmania.cz\/index.php\/2020\/01\/06\/dakar-2020-den-rosse-branche\/#primaryimage\"},\"image\":{\"@id\":\"https:\/\/www.dakarmania.cz\/index.php\/2020\/01\/06\/dakar-2020-den-rosse-branche\/#primaryimage\"},\"thumbnailUrl\":\"https:\/\/www.dakarmania.cz\/wp-content\/uploads\/2020\/01\/20-dakar-sunderland-04.jpg\",\"datePublished\":\"2020-01-06T10:48:00+00:00\",\"dateModified\":\"2020-01-07T02:04:53+00:00\",\"description\":\"Ross Branch dnes op\u011bt uk\u00e1zal, pro\u010d mu p\u0159\u00e1tel\u00e9 p\u0159ezd\u00edvaj\u00ed Kalahari Ferrari. Botswansk\u00fd motocyklista si dnes na sv\u00e9 konto p\u0159ipsal prvn\u00ed dakarsk\u00e9 etapov\u00e9 v\u00edt\u011bzstv\u00ed.\",\"breadcrumb\":{\"@id\":\"https:\/\/www.dakarmania.cz\/index.php\/2020\/01\/06\/dakar-2020-den-rosse-branche\/#breadcrumb\"},\"inLanguage\":\"cs\",\"potentialAction\":[{\"@type\":\"ReadAction\",\"target\":[\"https:\/\/www.dakarmania.cz\/index.php\/2020\/01\/06\/dakar-2020-den-rosse-branche\/\"]}]},{\"@type\":\"ImageObject\",\"inLanguage\":\"cs\",\"@id\":\"https:\/\/www.dakarmania.cz\/index.php\/2020\/01\/06\/dakar-2020-den-rosse-branche\/#primaryimage\",\"url\":\"https:\/\/www.dakarmania.cz\/wp-content\/uploads\/2020\/01\/20-dakar-sunderland-04.jpg\",\"contentUrl\":\"https:\/\/www.dakarmania.cz\/wp-content\/uploads\/2020\/01\/20-dakar-sunderland-04.jpg\",\"width\":1024,\"height\":682,\"caption\":\"Sam Sunderland, KTM 450 Rally, Red Bull KTM Factory Racing. Rally Dakar 2020. \u00a9 Red Bull Content Pool\"},{\"@type\":\"BreadcrumbList\",\"@id\":\"https:\/\/www.dakarmania.cz\/index.php\/2020\/01\/06\/dakar-2020-den-rosse-branche\/#breadcrumb\",\"itemListElement\":[{\"@type\":\"ListItem\",\"position\":1,\"name\":\"Dom\u016f\",\"item\":\"https:\/\/www.dakarmania.cz\/\"},{\"@type\":\"ListItem\",\"position\":2,\"name\":\"Dakar 2020: Velk\u00fd den Rosse Branche, do \u010dela jde Sunderland\"}]},{\"@type\":\"WebSite\",\"@id\":\"https:\/\/www.dakarmania.cz\/#website\",\"url\":\"https:\/\/www.dakarmania.cz\/\",\"name\":\"DAKARMANIA.cz\",\"description\":\"\u017dijeme Dakarem cel\u00fd rok\",\"publisher\":{\"@id\":\"https:\/\/www.dakarmania.cz\/#organization\"},\"potentialAction\":[{\"@type\":\"SearchAction\",\"target\":{\"@type\":\"EntryPoint\",\"urlTemplate\":\"https:\/\/www.dakarmania.cz\/?s={search_term_string}\"},\"query-input\":{\"@type\":\"PropertyValueSpecification\",\"valueRequired\":true,\"valueName\":\"search_term_string\"}}],\"inLanguage\":\"cs\"},{\"@type\":\"Organization\",\"@id\":\"https:\/\/www.dakarmania.cz\/#organization\",\"name\":\"DAKAR MANIA\",\"url\":\"https:\/\/www.dakarmania.cz\/\",\"logo\":{\"@type\":\"ImageObject\",\"inLanguage\":\"cs\",\"@id\":\"https:\/\/www.dakarmania.cz\/#\/schema\/logo\/image\/\",\"url\":\"https:\/\/www.dakarmania.cz\/wp-content\/uploads\/2018\/12\/Dakar-Mania-Logo-Square-Orange.png\",\"contentUrl\":\"https:\/\/www.dakarmania.cz\/wp-content\/uploads\/2018\/12\/Dakar-Mania-Logo-Square-Orange.png\",\"width\":992,\"height\":992,\"caption\":\"DAKAR MANIA\"},\"image\":{\"@id\":\"https:\/\/www.dakarmania.cz\/#\/schema\/logo\/image\/\"},\"sameAs\":[\"https:\/\/www.facebook.com\/dakarmania\/\"]},{\"@type\":\"Person\",\"@id\":\"https:\/\/www.dakarmania.cz\/#\/schema\/person\/04eb0e87a389631c2169c0dddae7ff1e\",\"name\":\"Zden\u011bk Zelenka\",\"image\":{\"@type\":\"ImageObject\",\"inLanguage\":\"cs\",\"@id\":\"https:\/\/www.dakarmania.cz\/#\/schema\/person\/image\/\",\"url\":\"https:\/\/secure.gravatar.com\/avatar\/2c80d5a4942fe0900b73cc7d3837a509d6ee0a276a2b76dac95c92bd0763a89b?s=96&d=mm&r=g\",\"contentUrl\":\"https:\/\/secure.gravatar.com\/avatar\/2c80d5a4942fe0900b73cc7d3837a509d6ee0a276a2b76dac95c92bd0763a89b?s=96&d=mm&r=g\",\"caption\":\"Zden\u011bk Zelenka\"},\"description\":\"Moji d\u011bt\u0161t\u00ed hrdinov\u00e9 se jmenovali Loprais, Moskal, Neveu, Vatanen, Rahier... A tihle borci, jejich n\u00e1sledovn\u00edci a jejich p\u0159\u00edb\u011bhy m\u011b nep\u0159estali fascinovat ani po letech, kdy jsem vyrostl a zam\u011bstn\u00e1valy m\u011b jin\u00e9 discipl\u00edny motorsportu. Proto se zrodila DAKARMANIA.\",\"url\":\"https:\/\/www.dakarmania.cz\/index.php\/author\/dakarmania\/\"}]}<\/script>\n<!-- \/ Yoast SEO plugin. -->","yoast_head_json":{"title":"Dakar 2020: Velk\u00fd den Rosse Branche, do \u010dela jde Sunderland - DAKARMANIA.cz","description":"Ross Branch dnes op\u011bt uk\u00e1zal, pro\u010d mu p\u0159\u00e1tel\u00e9 p\u0159ezd\u00edvaj\u00ed Kalahari Ferrari. Botswansk\u00fd motocyklista si dnes na sv\u00e9 konto p\u0159ipsal prvn\u00ed dakarsk\u00e9 etapov\u00e9 v\u00edt\u011bzstv\u00ed.","robots":{"index":"index","follow":"follow","max-snippet":"max-snippet:-1","max-image-preview":"max-image-preview:large","max-video-preview":"max-video-preview:-1"},"canonical":"https:\/\/www.dakarmania.cz\/index.php\/2020\/01\/06\/dakar-2020-den-rosse-branche\/","og_locale":"cs_CZ","og_type":"article","og_title":"Dakar 2020: Velk\u00fd den Rosse Branche, do \u010dela jde Sunderland - DAKARMANIA.cz","og_description":"Ross Branch dnes op\u011bt uk\u00e1zal, pro\u010d mu p\u0159\u00e1tel\u00e9 p\u0159ezd\u00edvaj\u00ed Kalahari Ferrari. Botswansk\u00fd motocyklista si dnes na sv\u00e9 konto p\u0159ipsal prvn\u00ed dakarsk\u00e9 etapov\u00e9 v\u00edt\u011bzstv\u00ed.","og_url":"https:\/\/www.dakarmania.cz\/index.php\/2020\/01\/06\/dakar-2020-den-rosse-branche\/","og_site_name":"DAKARMANIA.cz","article_publisher":"https:\/\/www.facebook.com\/dakarmania\/","article_published_time":"2020-01-06T10:48:00+00:00","article_modified_time":"2020-01-07T02:04:53+00:00","og_image":[{"width":1024,"height":682,"url":"https:\/\/www.dakarmania.cz\/wp-content\/uploads\/2020\/01\/20-dakar-sunderland-04.jpg","type":"image\/jpeg"}],"author":"Zden\u011bk Zelenka","twitter_card":"summary_large_image","twitter_misc":{"Napsal(a)":"Zden\u011bk Zelenka","Odhadovan\u00e1 doba \u010dten\u00ed":"8 minut"},"schema":{"@context":"https:\/\/schema.org","@graph":[{"@type":"Article","@id":"https:\/\/www.dakarmania.cz\/index.php\/2020\/01\/06\/dakar-2020-den-rosse-branche\/#article","isPartOf":{"@id":"https:\/\/www.dakarmania.cz\/index.php\/2020\/01\/06\/dakar-2020-den-rosse-branche\/"},"author":{"name":"Zden\u011bk Zelenka","@id":"https:\/\/www.dakarmania.cz\/#\/schema\/person\/04eb0e87a389631c2169c0dddae7ff1e"},"headline":"Dakar 2020: Velk\u00fd den Rosse Branche, do \u010dela jde Sunderland","datePublished":"2020-01-06T10:48:00+00:00","dateModified":"2020-01-07T02:04:53+00:00","mainEntityOfPage":{"@id":"https:\/\/www.dakarmania.cz\/index.php\/2020\/01\/06\/dakar-2020-den-rosse-branche\/"},"wordCount":1518,"commentCount":0,"publisher":{"@id":"https:\/\/www.dakarmania.cz\/#organization"},"image":{"@id":"https:\/\/www.dakarmania.cz\/index.php\/2020\/01\/06\/dakar-2020-den-rosse-branche\/#primaryimage"},"thumbnailUrl":"https:\/\/www.dakarmania.cz\/wp-content\/uploads\/2020\/01\/20-dakar-sunderland-04.jpg","keywords":["2020","Adrien Van Beveren","Andrew Short","Big Shock! Racing","Dakar","Dakar 2020","Honda","Honda Racing","Honda Team","Husqvarna","Husqvarna Factory Racing","Ivar CS Team","Jan Brabec","Jan Vesel\u00fd","Jos\u00e9 Ignacio Cornejo","Kevin Benavides","Klym\u010diw Racing","KTM","KTM Factory Racing","Martin Michek","Matthias Walkner","Milan Engel","Moto Racing Group","MRG","Pablo Quintanilla","Petr Vl\u010dek","Ricky Brabec","Roman Krej\u010d\u00ed","Ross Branch","Sam Sunderland","Skyler Howes","Toby Price","Xavier de Soultrait","Yamaha","Yamaha Racing"],"articleSection":["Dakar 2020","Moto\/Quad"],"inLanguage":"cs","potentialAction":[{"@type":"CommentAction","name":"Comment","target":["https:\/\/www.dakarmania.cz\/index.php\/2020\/01\/06\/dakar-2020-den-rosse-branche\/#respond"]}]},{"@type":"WebPage","@id":"https:\/\/www.dakarmania.cz\/index.php\/2020\/01\/06\/dakar-2020-den-rosse-branche\/","url":"https:\/\/www.dakarmania.cz\/index.php\/2020\/01\/06\/dakar-2020-den-rosse-branche\/","name":"Dakar 2020: Velk\u00fd den Rosse Branche, do \u010dela jde Sunderland - DAKARMANIA.cz","isPartOf":{"@id":"https:\/\/www.dakarmania.cz\/#website"},"primaryImageOfPage":{"@id":"https:\/\/www.dakarmania.cz\/index.php\/2020\/01\/06\/dakar-2020-den-rosse-branche\/#primaryimage"},"image":{"@id":"https:\/\/www.dakarmania.cz\/index.php\/2020\/01\/06\/dakar-2020-den-rosse-branche\/#primaryimage"},"thumbnailUrl":"https:\/\/www.dakarmania.cz\/wp-content\/uploads\/2020\/01\/20-dakar-sunderland-04.jpg","datePublished":"2020-01-06T10:48:00+00:00","dateModified":"2020-01-07T02:04:53+00:00","description":"Ross Branch dnes op\u011bt uk\u00e1zal, pro\u010d mu p\u0159\u00e1tel\u00e9 p\u0159ezd\u00edvaj\u00ed Kalahari Ferrari. Botswansk\u00fd motocyklista si dnes na sv\u00e9 konto p\u0159ipsal prvn\u00ed dakarsk\u00e9 etapov\u00e9 v\u00edt\u011bzstv\u00ed.","breadcrumb":{"@id":"https:\/\/www.dakarmania.cz\/index.php\/2020\/01\/06\/dakar-2020-den-rosse-branche\/#breadcrumb"},"inLanguage":"cs","potentialAction":[{"@type":"ReadAction","target":["https:\/\/www.dakarmania.cz\/index.php\/2020\/01\/06\/dakar-2020-den-rosse-branche\/"]}]},{"@type":"ImageObject","inLanguage":"cs","@id":"https:\/\/www.dakarmania.cz\/index.php\/2020\/01\/06\/dakar-2020-den-rosse-branche\/#primaryimage","url":"https:\/\/www.dakarmania.cz\/wp-content\/uploads\/2020\/01\/20-dakar-sunderland-04.jpg","contentUrl":"https:\/\/www.dakarmania.cz\/wp-content\/uploads\/2020\/01\/20-dakar-sunderland-04.jpg","width":1024,"height":682,"caption":"Sam Sunderland, KTM 450 Rally, Red Bull KTM Factory Racing. Rally Dakar 2020. \u00a9 Red Bull Content Pool"},{"@type":"BreadcrumbList","@id":"https:\/\/www.dakarmania.cz\/index.php\/2020\/01\/06\/dakar-2020-den-rosse-branche\/#breadcrumb","itemListElement":[{"@type":"ListItem","position":1,"name":"Dom\u016f","item":"https:\/\/www.dakarmania.cz\/"},{"@type":"ListItem","position":2,"name":"Dakar 2020: Velk\u00fd den Rosse Branche, do \u010dela jde Sunderland"}]},{"@type":"WebSite","@id":"https:\/\/www.dakarmania.cz\/#website","url":"https:\/\/www.dakarmania.cz\/","name":"DAKARMANIA.cz","description":"\u017dijeme Dakarem cel\u00fd rok","publisher":{"@id":"https:\/\/www.dakarmania.cz\/#organization"},"potentialAction":[{"@type":"SearchAction","target":{"@type":"EntryPoint","urlTemplate":"https:\/\/www.dakarmania.cz\/?s={search_term_string}"},"query-input":{"@type":"PropertyValueSpecification","valueRequired":true,"valueName":"search_term_string"}}],"inLanguage":"cs"},{"@type":"Organization","@id":"https:\/\/www.dakarmania.cz\/#organization","name":"DAKAR MANIA","url":"https:\/\/www.dakarmania.cz\/","logo":{"@type":"ImageObject","inLanguage":"cs","@id":"https:\/\/www.dakarmania.cz\/#\/schema\/logo\/image\/","url":"https:\/\/www.dakarmania.cz\/wp-content\/uploads\/2018\/12\/Dakar-Mania-Logo-Square-Orange.png","contentUrl":"https:\/\/www.dakarmania.cz\/wp-content\/uploads\/2018\/12\/Dakar-Mania-Logo-Square-Orange.png","width":992,"height":992,"caption":"DAKAR MANIA"},"image":{"@id":"https:\/\/www.dakarmania.cz\/#\/schema\/logo\/image\/"},"sameAs":["https:\/\/www.facebook.com\/dakarmania\/"]},{"@type":"Person","@id":"https:\/\/www.dakarmania.cz\/#\/schema\/person\/04eb0e87a389631c2169c0dddae7ff1e","name":"Zden\u011bk Zelenka","image":{"@type":"ImageObject","inLanguage":"cs","@id":"https:\/\/www.dakarmania.cz\/#\/schema\/person\/image\/","url":"https:\/\/secure.gravatar.com\/avatar\/2c80d5a4942fe0900b73cc7d3837a509d6ee0a276a2b76dac95c92bd0763a89b?s=96&d=mm&r=g","contentUrl":"https:\/\/secure.gravatar.com\/avatar\/2c80d5a4942fe0900b73cc7d3837a509d6ee0a276a2b76dac95c92bd0763a89b?s=96&d=mm&r=g","caption":"Zden\u011bk Zelenka"},"description":"Moji d\u011bt\u0161t\u00ed hrdinov\u00e9 se jmenovali Loprais, Moskal, Neveu, Vatanen, Rahier... A tihle borci, jejich n\u00e1sledovn\u00edci a jejich p\u0159\u00edb\u011bhy m\u011b nep\u0159estali fascinovat ani po letech, kdy jsem vyrostl a zam\u011bstn\u00e1valy m\u011b jin\u00e9 discipl\u00edny motorsportu. Proto se zrodila DAKARMANIA.","url":"https:\/\/www.dakarmania.cz\/index.php\/author\/dakarmania\/"}]}},"amp_enabled":true,"_links":{"self":[{"href":"https:\/\/www.dakarmania.cz\/index.php\/wp-json\/wp\/v2\/posts\/14132","targetHints":{"allow":["GET"]}}],"collection":[{"href":"https:\/\/www.dakarmania.cz\/index.php\/wp-json\/wp\/v2\/posts"}],"about":[{"href":"https:\/\/www.dakarmania.cz\/index.php\/wp-json\/wp\/v2\/types\/post"}],"author":[{"embeddable":true,"href":"https:\/\/www.dakarmania.cz\/index.php\/wp-json\/wp\/v2\/users\/1"}],"replies":[{"embeddable":true,"href":"https:\/\/www.dakarmania.cz\/index.php\/wp-json\/wp\/v2\/comments?post=14132"}],"version-history":[{"count":14,"href":"https:\/\/www.dakarmania.cz\/index.php\/wp-json\/wp\/v2\/posts\/14132\/revisions"}],"predecessor-version":[{"id":14225,"href":"https:\/\/www.dakarmania.cz\/index.php\/wp-json\/wp\/v2\/posts\/14132\/revisions\/14225"}],"wp:featuredmedia":[{"embeddable":true,"href":"https:\/\/www.dakarmania.cz\/index.php\/wp-json\/wp\/v2\/media\/14130"}],"wp:attachment":[{"href":"https:\/\/www.dakarmania.cz\/index.php\/wp-json\/wp\/v2\/media?parent=14132"}],"wp:term":[{"taxonomy":"category","embeddable":true,"href":"https:\/\/www.dakarmania.cz\/index.php\/wp-json\/wp\/v2\/categories?post=14132"},{"taxonomy":"post_tag","embeddable":true,"href":"https:\/\/www.dakarmania.cz\/index.php\/wp-json\/wp\/v2\/tags?post=14132"}],"curies":[{"name":"wp","href":"https:\/\/api.w.org\/{rel}","templated":true}]}}