{"id":14173,"date":"2020-01-06T20:46:20","date_gmt":"2020-01-06T19:46:20","guid":{"rendered":"https:\/\/www.dakarmania.cz\/?p=14173"},"modified":"2023-04-30T13:52:09","modified_gmt":"2023-04-30T11:52:09","slug":"dakar-2020-kapotovy-maz-vede","status":"publish","type":"post","link":"https:\/\/www.dakarmania.cz\/index.php\/2020\/01\/06\/dakar-2020-kapotovy-maz-vede\/","title":{"rendered":"Dakar 2020: Rychl\u00fd Vjazovi\u010d se nenechal nachytat a vede"},"content":{"rendered":"<p>[vc_row][vc_column][vc_column_text css_animation=&#8221;fadeIn&#8221;]<\/p>\n<h3>Ve druh\u00e9 etap\u011b Rally Dakar 2020 sv\u00e1d\u011bl Sergej Vjazovi\u010d s Mazem dal\u0161\u00ed naprosto vyrovnan\u00fd souboj s p\u0159esilou Kamaz\u016f. Na rozd\u00edl od rusk\u00fdch rival\u016f nav\u00edc spr\u00e1vn\u011b a rychle trefil z\u00e1ludn\u00fd kontroln\u00ed bod, co\u017e rozhodlo o B\u011blorusov\u011b v\u00edt\u011bzstv\u00ed na m\u011b\u0159en\u00e9m \u00faseku a posunu do \u010dela sout\u011b\u017ee.<\/h3>\n<p>[\/vc_column_text][vc_single_image image=&#8221;14177&#8243; img_size=&#8221;large&#8221; add_caption=&#8221;yes&#8221; alignment=&#8221;center&#8221; onclick=&#8221;link_image&#8221; css_animation=&#8221;fadeIn&#8221;][vc_column_text css_animation=&#8221;fadeIn&#8221;]Pond\u011bln\u00ed etapa z Al Wejhu do Neomu m\u011b\u0159ila 393 kilometr\u016f, z nich\u017e se 367 jelo v r\u00e1mci rychlostn\u00ed zkou\u0161ky, a oproti ned\u011bli p\u0159inesla pom\u011brn\u011b z\u00e1sadn\u00ed zm\u011bnu charakteru trati. Tentokr\u00e1t se z\u00e1vodilo hlavn\u011b na p\u00edse\u010dn\u00fdch pl\u00e1n\u00edch se spoustou k\u0159i\u017euj\u00edc\u00edch se stop, kter\u00e9 znesnad\u0148ovaly navigaci. Jednalo se tak\u00e9 o prvn\u00ed ze \u0161esti etap, p\u0159i n\u00ed\u017e \u00fa\u010dastn\u00edci <a href=\"\/index.php\/souteze\/dakar-2020\/\">Dakaru 2020<\/a> dostali roadbook a\u017e t\u011bsn\u011b p\u0159ed startem speci\u00e1lky.<\/p>\n<p><a href=\"\/index.php\/osobnosti\/sergej-vjazovic\/\">Sergej Vjazovi\u010d<\/a>, Pavel Haranin a Anton Zaporo\u0161\u010denko zdolali m\u011b\u0159en\u00fd \u00fasek za t\u0159i hodiny 47 minut a 44 sekund, v\u00edt\u011bze v\u010derej\u0161\u00ed etapy Antona \u0160ibalova porazili o patn\u00e1ct a \u010dtvrt minuty a ujali se veden\u00ed v pr\u016fb\u011b\u017en\u00e9m hodnocen\u00ed.[\/vc_column_text][vc_column_text css_animation=&#8221;fadeIn&#8221; css=&#8221;.vc_custom_1578362083399{padding-top: 10px !important;padding-right: 10px !important;padding-bottom: 20px !important;padding-left: 10px !important;background-color: #dbd9d9 !important;}&#8221;]<strong>Dal\u0161\u00ed kategorie:<\/strong><\/p>\n<p><a href=\"\/index.php\/2020\/01\/06\/dakar-2020-alonso-vylomil-kolo\/\"><strong>&gt; AUTO:<\/strong> Alonso vylomil kolo, Terranova nov\u00fdm leaderem<\/a><br \/>\n<a href=\"\/index.php\/2020\/01\/06\/dakar-2020-den-rosse-branche\/\"><strong>&gt; MOTO:<\/strong> Velk\u00fd den Rosse Branche, do \u010dela jde Sunderland<\/a><br \/>\n<a href=\"\/index.php\/2020\/01\/07\/dakar-2020-kubiena-opravoval\/\"><strong>&gt; QUAD:<\/strong> Kubiena \u010dty\u0159i hodiny opravoval, T\u016fma posko\u010dil vp\u0159ed<\/a>[\/vc_column_text][vc_column_text css_animation=&#8221;fadeIn&#8221;]<em>\u201eDneska to bylo hlavn\u011b o navig\u00e1torech. Nejd\u0159\u00edv chyboval Anton \u0160ibalov a my jsme se dostali na prvn\u00ed pozici. Pak jsme ud\u011blali chybu my a p\u0159edjel n\u00e1s Andrej Karginov. Osm kilometr\u016f p\u0159ed c\u00edlem jsme jeli nedaleko od sebe, ale ka\u017ed\u00fd svou cestou. My jsme trefili tu spr\u00e1vnou, tak\u017ee v\u00edt\u011bzem je hlavn\u011b n\u00e1\u0161 navig\u00e1tor,\u201c<\/em> chv\u00e1l\u00ed <strong>Sergej Vjazovi\u010d<\/strong>.<\/p>\n<p>Nej\u00fasp\u011b\u0161n\u011bj\u0161\u00edm jezdcem Kamazu byl nakonec <a href=\"\/index.php\/osobnosti\/dmitrij-sotnikov\/\">Dmitrij Sotnikov<\/a>, jeho\u017e druh\u00fd \u010das posunul na stejnou pozici i v pr\u016fb\u011b\u017en\u00e9m po\u0159ad\u00ed.<\/p>\n<p><em>\u201eP\u0159ibli\u017en\u011b p\u011bt posledn\u00edch kilometr\u016f jsme jeli v takov\u00e9m \u0159e\u010di\u0161ti, kde byla spousta stop. Zd\u00e1lo se mi, \u017ee vid\u00edm Vjazovi\u010de napravo a navig\u00e1tor mi \u0159ekl, \u017ee tam m\u00e1m jet. Ale pak proti n\u00e1m vyrazila dv\u011b auta a motocyklista. Sna\u017eili jsme se zorientovat a bylo n\u00e1m jasn\u00e9, \u017ee od kontroln\u00edho bodu nejsme daleko,\u201c<\/em> popisuje <strong>Dmitrij Sotnikov<\/strong>.[\/vc_column_text][vc_single_image image=&#8221;14180&#8243; img_size=&#8221;large&#8221; add_caption=&#8221;yes&#8221; alignment=&#8221;center&#8221; onclick=&#8221;link_image&#8221; css_animation=&#8221;fadeIn&#8221;][vc_column_text css_animation=&#8221;fadeIn&#8221;]<em>\u201eRozhodli jsme se pro n\u00e1vrat a vid\u011bli jsme dv\u011b na\u0161e auta jedouc\u00ed jin\u00fdm sm\u011brem. Vydali jsme se tedy spr\u00e1vn\u00fdm sm\u011brem, ale probl\u00e9m byl v tom, \u017ee jakmile se objevil sign\u00e1l kontroln\u00edho bodu, jela proti n\u00e1m spousta dal\u0161\u00edch vozidel. Sna\u017eili jsme se tomu nev\u011bnovat pozornost a soust\u0159edili se na nalezen\u00ed skryt\u00e9ho bodu. Jakmile se to povedlo, za\u010dali jsme hledat cestu, kter\u00e1 m\u011bla b\u00fdt v okruhu dvou nebo t\u0159\u00ed set metr\u016f. Vyjeli jsme na vyv\u00fd\u0161eninu, na\u0161li ji a uh\u00e1n\u011bli do c\u00edle.\u201c<\/em><\/p>\n<p>Pr\u00e1v\u011b na tomto m\u00edst\u011b proklouzlo etapov\u00e9 v\u00edt\u011bzstv\u00ed mezi prsty <a href=\"\/index.php\/osobnosti\/andrej-karginov\/\">Andreji Karginovovi<\/a>, kter\u00fd mohl b\u00fdt spokojen\u00fd alespo\u0148 se skokem ze sedm\u00e9 na t\u0159et\u00ed pozici celkov\u011b. Vracet se zde musel i <a href=\"\/index.php\/osobnosti\/anton-sibalov\/\">Anton \u0160ibalov<\/a>. V hodnocen\u00ed etapy byl \u0161est\u00fd a v pr\u016fb\u011b\u017en\u00e9 klasifikaci klesl na \u010dtvrtou p\u0159\u00ed\u010dku.<\/p>\n<p>Obh\u00e1jce v\u00edt\u011bzstv\u00ed <a href=\"\/index.php\/osobnosti\/eduard-nikolajev\/\">Eduard Nikolajev<\/a> byl po v\u010derej\u0161\u00edch technick\u00fdch probl\u00e9mech a\u017e des\u00e1t\u00fd.<\/p>\n<p><em>\u201eDnes bylo auto naprosto skv\u011bl\u00e9. Prvn\u00edch sedmdes\u00e1t kilometr\u016f jsem musel sund\u00e1vat nohu z plynu, proto\u017ee jsme jeli v hust\u00e9m prachu za d\u0159\u00edve startuj\u00edc\u00edmi auty a v\u0161ude byla spousta kamen\u00ed. Ve druh\u00e9 \u010d\u00e1sti speci\u00e1lky jsme se zamotali p\u0159i hled\u00e1n\u00ed kontroln\u00edho bodu v ka\u0148onu,\u201c<\/em> vysv\u011btluje <strong>Eduard Nikolajev<\/strong> hlavn\u00ed d\u016fvody sv\u00e9 jeden\u00e1ctiminutov\u00e9 ztr\u00e1ty. P\u0159esto dnes posko\u010dil na \u0161estou pozici.[\/vc_column_text][vc_single_image image=&#8221;14176&#8243; img_size=&#8221;large&#8221; add_caption=&#8221;yes&#8221; alignment=&#8221;center&#8221; onclick=&#8221;link_image&#8221; css_animation=&#8221;fadeIn&#8221;][vc_column_text css_animation=&#8221;fadeIn&#8221;]P\u0159ed p\u011btin\u00e1sobn\u00fdm dakarsk\u00fdm v\u00edt\u011bzem z\u016fst\u00e1v\u00e1 i po dne\u0161ku na p\u00e1t\u00e9m m\u00edst\u011b pos\u00e1dka <a href=\"\/index.php\/osobnosti\/martin-macik-ml\/\">Martin Mac\u00edk<\/a>, <a href=\"\/index.php\/osobnosti\/frantisek-tomasek\/\">Franti\u0161ek Tom\u00e1\u0161ek<\/a>, <a href=\"\/index.php\/osobnosti\/david-svanda\/\">David \u0160vanda<\/a> s Ivecem t\u00fdmu Big Shock Racing.<\/p>\n<p><em>\u201eJelo se n\u00e1m v\u00fdborn\u011b. M\u011bli jsme jen jeden naviga\u010dn\u00ed v\u00fdlet nav\u00edc, kdy\u017e jsme se vraceli pro bod, o kter\u00e9m jsme si p\u016fvodn\u011b mysleli, \u017ee ho m\u00e1me. Dneska se dost pr\u00e1\u0161ilo, za jednou z bugin jsme vjeli do d\u00edry a \u0161li jsme do vzduchu. Let\u011bli jsme chvilku lev\u00e1, prav\u00e1, horn\u00ed, doln\u00ed, ale dopadli jsme dob\u0159e, auto to vydr\u017eelo a jelo se d\u00e1l. Ke konci jsme je\u0161t\u011b ud\u011blali nejrychlej\u0161\u00ed v\u00fdm\u011bnu pneumatiky, jakou v z\u00e1vod\u011b v\u016fbec pamatujeme. Karel zat\u00edm jede kr\u00e1sn\u011b,\u201c<\/em> pochvaluje si <strong>Martin Mac\u00edk<\/strong>.<\/p>\n<p>Z dev\u00e1t\u00e9 na sedmou p\u0159\u00ed\u010dku postoupili <a href=\"\/index.php\/osobnosti\/ales-loprais\/\">Ale\u0161 Loprais<\/a>, Khalid Al Kendi a <a href=\"\/index.php\/osobnosti\/petr-pokora\/\">Petr Pokora<\/a>, p\u0159esto\u017ee se ani pos\u00e1dka Instaforex Loprais Teamu nevyhnula m\u00edrn\u00e9mu t\u00e1p\u00e1n\u00ed p\u0159i hled\u00e1n\u00ed n\u011bkter\u00fdch kontroln\u00edch bod\u016f. O v\u011bt\u0161\u00ed pozornost si nav\u00edc \u0159ekla tak\u00e9 Lopraisova Praga. Senzor turbodmychadla si vy\u017e\u00e1dal troj\u00ed zastaven\u00ed a reset syst\u00e9mu.[\/vc_column_text][vc_single_image image=&#8221;14175&#8243; img_size=&#8221;large&#8221; add_caption=&#8221;yes&#8221; alignment=&#8221;center&#8221; onclick=&#8221;link_image&#8221; css_animation=&#8221;fadeIn&#8221;][vc_column_text css_animation=&#8221;fadeIn&#8221;]<em>\u201eTechnicky to z\u00e1sadn\u00ed probl\u00e9m nen\u00ed, ale m\u016f\u017ee rozhodovat. Je nep\u0159\u00edjemn\u00e9, kdy\u017e mus\u00edte z pln\u00e9 rychlosti zastavit, vypnout motor, resetovat jednotku, znovu startovat a pak teprve jet d\u00e1l. B\u011bhem toho v\u00e1s m\u016f\u017ee n\u011bkdo p\u0159edjet, a vy pak jedete v prachu,\u201c<\/em> p\u0159ibli\u017euje <strong>Petr Pokora<\/strong>. <em>\u201eAle\u0161 jel dneska rychleji ne\u017e v\u010dera, proto\u017ee jsme m\u011bli a\u017e do konce ob\u011b rezervy. M\u011bli jsme i dobr\u00fd rytmus, klid v kabin\u011b. Techniku dola\u010fujeme, zejm\u00e9na nastaven\u00ed podvozku, kter\u00e9 jsme nem\u011bli \u0161anci vyzkou\u0161et v t\u011b\u017ek\u00e9m kamenit\u00e9m ter\u00e9nu.\u201c<\/em><\/p>\n<p>Nikolajev a Loprais si dnes polep\u0161ili na \u00fakor Januse van Kasterena (Iveco) a <a href=\"\/index.php\/osobnosti\/martin-soltys\/\">Martina \u0160oltyse<\/a> (Tatra), kte\u0159\u00ed klesli z prvn\u00ed p\u011btky na osm\u00e9 a dev\u00e1t\u00e9 m\u00edsto.<\/p>\n<p><em>\u201eDne\u0161n\u00ed etapa byla hodn\u011b rychl\u00e1 a v\u011bt\u0161inou se jelo na omezova\u010d rychlosti. To se mi \u00fapln\u011b nel\u00edbilo, proto\u017ee nev\u00edte, kde bude n\u011bjak\u00e1 d\u00edra. Auto dnes fungovalo dob\u0159e, jeli jsme bez technick\u00fdch probl\u00e9m\u016f. V polovin\u011b jsme chybovali v navigaci, ale z\u016fstala tam v\u011bt\u0161ina v\u010detn\u011b Kamazu a Renaultu. Je\u0161t\u011b ke konci jsme se museli vracet k jednomu bodu, byl to chyt\u00e1k. Dnes se trochu bloudilo, ale jinak dobr\u00fd,\u201c<\/em> hodnot\u00ed <strong>Martin \u0160oltys<\/strong>, kter\u00fd dostal dodate\u010dn\u011b t\u0159\u00edminutovou penalizaci za p\u0159ekro\u010den\u00ed maxim\u00e1ln\u00ed povolen\u00e9 rychlosti.[\/vc_column_text][vc_single_image image=&#8221;14181&#8243; img_size=&#8221;large&#8221; add_caption=&#8221;yes&#8221; alignment=&#8221;center&#8221; onclick=&#8221;link_image&#8221; css_animation=&#8221;fadeIn&#8221;][vc_column_text css_animation=&#8221;fadeIn&#8221;]O dost lep\u0161\u00ed den ne\u017e v ned\u011bli pro\u017eili tak\u00e9 piloti Renault\u016f z d\u00edlen \u017eidovick\u00e9 spole\u010dnosti MKR Technology. Pascal de Baar (Riwald Dakar Team) se bl\u00fdskl osm\u00fdm \u010dasem a vy\u0161plhal do prvn\u00ed des\u00edtky absolutn\u011b, hned za n\u00edm figuruje ve v\u00fdsledc\u00edch etapy <a href=\"\/index.php\/osobnosti\/martin-van-den-brink\/\">Martin van den Brink<\/a> s kapotov\u00fdm Sherpou t\u00fdmu Mammoet Rallysport. Dvan\u00e1ct\u00fd nejrychlej\u0161\u00ed byl na erzet\u011b Gert Huzink s hybridn\u00edm speci\u00e1lem, kter\u00fd v\u0161ak po v\u010derej\u0161\u00edch technick\u00fdch probl\u00e9mech a dvan\u00e1ctihodinov\u00e9 penalizaci klesl na chvost z\u00e1vodn\u00edho pole.<\/p>\n<p>Prvn\u00ed des\u00edtku v hodnocen\u00ed etapy uzav\u0159el Patrice Garrouste s Tatrou Jamal ostravsk\u00e9ho Fesh Fesh Teamu. Francouz, jeho\u017e pos\u00e1dku tvo\u0159\u00ed polsk\u00fd navig\u00e1tor Szymon Gospodarczyk a \u010desk\u00fd mechanik Petr Vojkovsk\u00fd, si polep\u0161il o dv\u011b m\u00edsta a je patn\u00e1ct\u00fd. Na des\u00e1t\u00e9ho de Baara ztr\u00e1c\u00ed necel\u00fdch sedmn\u00e1ct minut.<\/p>\n<p>V \u00fater\u00fd sout\u011b\u017e pokra\u010duje okru\u017en\u00ed etapou (489 km, RZ 404 km) se startem a c\u00edlem v Neomu. Nedaleko hranic s Jord\u00e1nskem se bude z\u00e1vodit na p\u00edse\u010dn\u00e9m podklad\u011b v bludi\u0161ti skaln\u00edch ka\u0148on\u016f a horsk\u00fdch h\u0159bet\u016f.[\/vc_column_text][vc_column_text css_animation=&#8221;fadeIn&#8221;]<\/p>\n<table style=\"width: 97.7654%;\" rules=\"rows\" cellpadding=\"4px\">\n<tbody>\n<tr style=\"background-color: #9e9d9d; color: white;\">\n<td style=\"text-align: center;\" colspan=\"4\"><span style=\"font-size: 10pt;\"><strong>Rally Dakar 2020<br \/>\nKAMIONY<br \/>\npr\u016fb\u011b\u017en\u00e9 po\u0159ad\u00ed po 2. etap\u011b<\/strong><\/span><\/td>\n<\/tr>\n<tr style=\"background-color: #dbd9d9;\">\n<td>1.<\/td>\n<td>Vjazovi\u010d\/Haranin\/Zaporo\u0161\u010denko<\/td>\n<td>MAZ 6400RR<\/td>\n<td style=\"text-align: right;\">7:29:52<\/td>\n<\/tr>\n<tr style=\"background-color: #f2f2f2;\">\n<td>2.<\/td>\n<td>Sotnikov\/Achmad\u011bjev\/Achmetzjanov<\/td>\n<td>Kamaz 43509<\/td>\n<td style=\"text-align: right;\">+4:20<\/td>\n<\/tr>\n<tr style=\"background-color: #dbd9d9;\">\n<td>3.<\/td>\n<td>Karginov\/Mokjejev\/Leonov<\/td>\n<td>Kamaz 43509<\/td>\n<td style=\"text-align: right;\">+7:12<\/td>\n<\/tr>\n<tr style=\"background-color: #f2f2f2;\">\n<td>4.<\/td>\n<td>\u0160ibalov\/Nikitin\/Tatarinov<\/td>\n<td>Kamaz 43509<\/td>\n<td style=\"text-align: right;\">+13:42<\/td>\n<\/tr>\n<tr style=\"background-color: #dbd9d9;\">\n<td>5.<\/td>\n<td>Mac\u00edk\/Tom\u00e1\u0161ek\/\u0160vanda<\/td>\n<td>Iveco Powerstar<\/td>\n<td style=\"text-align: right;\">+14:06<\/td>\n<\/tr>\n<tr style=\"background-color: #f2f2f2;\">\n<td>6.<\/td>\n<td>Nikolajev\/Jakovlev\/Rybakov<\/td>\n<td>Kamaz 43509<\/td>\n<td style=\"text-align: right;\">+20:43<\/td>\n<\/tr>\n<tr style=\"background-color: #dbd9d9;\">\n<td>7.<\/td>\n<td>Loprais\/Alkendi\/Pokora<\/td>\n<td>Praga V4S DKR<\/td>\n<td style=\"text-align: right;\">+34:47<\/td>\n<\/tr>\n<tr style=\"background-color: #f2f2f2;\">\n<td>8.<\/td>\n<td>Van Kasteren\/Rodewald\/Snijders<\/td>\n<td>Iveco Powerstar<\/td>\n<td style=\"text-align: right;\">+43:06<\/td>\n<\/tr>\n<tr style=\"background-color: #dbd9d9;\">\n<td>9.<\/td>\n<td>\u0160oltys\/Schov\u00e1nek\/\u0160ikola<\/td>\n<td>Tatra Phoenix<\/td>\n<td style=\"text-align: right;\">+46:41<\/td>\n<\/tr>\n<tr style=\"background-color: #f2f2f2;\">\n<td>10.<\/td>\n<td>De Baar\/Van der Vaet\/Slootjes<\/td>\n<td>Renault K520<\/td>\n<td style=\"text-align: right;\">+58:12<\/td>\n<\/tr>\n<\/tbody>\n<\/table>\n<p>[\/vc_column_text][vc_empty_space height=&#8221;2px&#8221;][\/vc_column][\/vc_row]<\/p>\n","protected":false},"excerpt":{"rendered":"<p>Ve druh\u00e9 etap\u011b Rally Dakar 2020 sv\u00e1d\u011bl Sergej Vjazovi\u010d s Mazem dal\u0161\u00ed naprosto vyrovnan\u00fd souboj s p\u0159esilou Kamaz\u016f.<\/p>\n","protected":false},"author":1,"featured_media":14177,"comment_status":"closed","ping_status":"closed","sticky":false,"template":"","format":"standard","meta":{"footnotes":""},"categories":[251,16],"tags":[903,65,221,869,873,111,132,8,159,1135,227,197,1372,117,84,1668,164,80,200,984,1667,83,591,114,136,78,160,610,76,1537,1265,875,67,1670,1557,77,87,161,1669,68,224],"class_list":["post-14173","post","type-post","status-publish","format-standard","has-post-thumbnail","hentry","category-dakar-2020","category-kamion","tag-903","tag-ales-loprais","tag-andrej-karginov","tag-anton-sibalov","tag-anton-zaporoscenko","tag-big-shock-racing","tag-buggyra-racing","tag-dakar","tag-dakar-2020","tag-david-svanda","tag-dmitrij-sotnikov","tag-eduard-nikolajev","tag-fesh-fesh","tag-frantisek-tomasek","tag-gert-huzink","tag-instaforex-loprais-team","tag-iveco","tag-janus-van-kasteren","tag-kamaz","tag-kamaz-master","tag-khalid-al-kendi","tag-mammoet-rallysport","tag-martin-macik","tag-martin-macik-ml","tag-martin-soltys","tag-martin-van-den-brink","tag-maz","tag-maz-sportauto","tag-mkr-technology","tag-pascal-de-baar","tag-patrice-garrouste","tag-pavel-haranin","tag-petr-pokora","tag-petr-vojkovsky","tag-praga","tag-renault","tag-riwald-dakar-team","tag-sergej-vjazovic","tag-szymon-gospodarczyk","tag-tatra","tag-team-de-rooy"],"yoast_head":"<!-- This site is optimized with the Yoast SEO plugin v24.9 - https:\/\/yoast.com\/wordpress\/plugins\/seo\/ -->\n<title>Dakar 2020: Rychl\u00fd Vjazovi\u010d se nenechal nachytat a vede - DAKARMANIA.cz<\/title>\n<meta name=\"description\" content=\"Ve druh\u00e9 etap\u011b Rally Dakar 2020 sv\u00e1d\u011bl Sergej Vjazovi\u010d s Mazem dal\u0161\u00ed naprosto vyrovnan\u00fd souboj s p\u0159esilou Kamaz\u016f.\" \/>\n<meta name=\"robots\" content=\"index, follow, max-snippet:-1, max-image-preview:large, max-video-preview:-1\" \/>\n<link rel=\"canonical\" href=\"https:\/\/www.dakarmania.cz\/index.php\/2020\/01\/06\/dakar-2020-kapotovy-maz-vede\/\" \/>\n<meta property=\"og:locale\" content=\"cs_CZ\" \/>\n<meta property=\"og:type\" content=\"article\" \/>\n<meta property=\"og:title\" content=\"Dakar 2020: Rychl\u00fd Vjazovi\u010d se nenechal nachytat a vede - DAKARMANIA.cz\" \/>\n<meta property=\"og:description\" content=\"Ve druh\u00e9 etap\u011b Rally Dakar 2020 sv\u00e1d\u011bl Sergej Vjazovi\u010d s Mazem dal\u0161\u00ed naprosto vyrovnan\u00fd souboj s p\u0159esilou Kamaz\u016f.\" \/>\n<meta property=\"og:url\" content=\"https:\/\/www.dakarmania.cz\/index.php\/2020\/01\/06\/dakar-2020-kapotovy-maz-vede\/\" \/>\n<meta property=\"og:site_name\" content=\"DAKARMANIA.cz\" \/>\n<meta property=\"article:publisher\" content=\"https:\/\/www.facebook.com\/dakarmania\/\" \/>\n<meta property=\"article:published_time\" content=\"2020-01-06T19:46:20+00:00\" \/>\n<meta property=\"article:modified_time\" content=\"2023-04-30T11:52:09+00:00\" \/>\n<meta property=\"og:image\" content=\"https:\/\/www.dakarmania.cz\/wp-content\/uploads\/2020\/01\/20-dakar-vjazovic-01.jpg\" \/>\n\t<meta property=\"og:image:width\" content=\"1024\" \/>\n\t<meta property=\"og:image:height\" content=\"683\" \/>\n\t<meta property=\"og:image:type\" content=\"image\/jpeg\" \/>\n<meta name=\"author\" content=\"Zden\u011bk Zelenka\" \/>\n<meta name=\"twitter:card\" content=\"summary_large_image\" \/>\n<meta name=\"twitter:label1\" content=\"Napsal(a)\" \/>\n\t<meta name=\"twitter:data1\" content=\"Zden\u011bk Zelenka\" \/>\n\t<meta name=\"twitter:label2\" content=\"Odhadovan\u00e1 doba \u010dten\u00ed\" \/>\n\t<meta name=\"twitter:data2\" content=\"6 minut\" \/>\n<script type=\"application\/ld+json\" class=\"yoast-schema-graph\">{\"@context\":\"https:\/\/schema.org\",\"@graph\":[{\"@type\":\"Article\",\"@id\":\"https:\/\/www.dakarmania.cz\/index.php\/2020\/01\/06\/dakar-2020-kapotovy-maz-vede\/#article\",\"isPartOf\":{\"@id\":\"https:\/\/www.dakarmania.cz\/index.php\/2020\/01\/06\/dakar-2020-kapotovy-maz-vede\/\"},\"author\":{\"name\":\"Zden\u011bk Zelenka\",\"@id\":\"https:\/\/www.dakarmania.cz\/#\/schema\/person\/04eb0e87a389631c2169c0dddae7ff1e\"},\"headline\":\"Dakar 2020: Rychl\u00fd Vjazovi\u010d se nenechal nachytat a vede\",\"datePublished\":\"2020-01-06T19:46:20+00:00\",\"dateModified\":\"2023-04-30T11:52:09+00:00\",\"mainEntityOfPage\":{\"@id\":\"https:\/\/www.dakarmania.cz\/index.php\/2020\/01\/06\/dakar-2020-kapotovy-maz-vede\/\"},\"wordCount\":1564,\"publisher\":{\"@id\":\"https:\/\/www.dakarmania.cz\/#organization\"},\"image\":{\"@id\":\"https:\/\/www.dakarmania.cz\/index.php\/2020\/01\/06\/dakar-2020-kapotovy-maz-vede\/#primaryimage\"},\"thumbnailUrl\":\"https:\/\/www.dakarmania.cz\/wp-content\/uploads\/2020\/01\/20-dakar-vjazovic-01.jpg\",\"keywords\":[\"2020\",\"Ale\u0161 Loprais\",\"Andrej Karginov\",\"Anton \u0160ibalov\",\"Anton Zaporo\u0161\u010denko\",\"Big Shock! Racing\",\"Buggyra Racing\",\"Dakar\",\"Dakar 2020\",\"David \u0160vanda\",\"Dmitrij Sotnikov\",\"Eduard Nikolajev\",\"Fesh Fesh\",\"Franti\u0161ek Tom\u00e1\u0161ek\",\"Gert Huzink\",\"Instaforex Loprais Team\",\"Iveco\",\"Janus van Kasteren\",\"Kamaz\",\"Kamaz-Master\",\"Khalid Al Kendi\",\"Mammoet Rallysport\",\"Martin Mac\u00edk\",\"Martin Mac\u00edk ml.\",\"Martin \u0160oltys\",\"Martin van den Brink\",\"MAZ\",\"MAZ-Sportauto\",\"MKR Technology\",\"Pascal de Baar\",\"Patrice Garrouste\",\"Pavel Haranin\",\"Petr Pokora\",\"Petr Vojkovsk\u00fd\",\"Praga\",\"Renault\",\"Riwald Dakar Team\",\"Sergej Vjazovi\u010d\",\"Szymon Gospodarczyk\",\"Tatra\",\"Team De Rooy\"],\"articleSection\":[\"Dakar 2020\",\"Kamiony\"],\"inLanguage\":\"cs\"},{\"@type\":\"WebPage\",\"@id\":\"https:\/\/www.dakarmania.cz\/index.php\/2020\/01\/06\/dakar-2020-kapotovy-maz-vede\/\",\"url\":\"https:\/\/www.dakarmania.cz\/index.php\/2020\/01\/06\/dakar-2020-kapotovy-maz-vede\/\",\"name\":\"Dakar 2020: Rychl\u00fd Vjazovi\u010d se nenechal nachytat a vede - DAKARMANIA.cz\",\"isPartOf\":{\"@id\":\"https:\/\/www.dakarmania.cz\/#website\"},\"primaryImageOfPage\":{\"@id\":\"https:\/\/www.dakarmania.cz\/index.php\/2020\/01\/06\/dakar-2020-kapotovy-maz-vede\/#primaryimage\"},\"image\":{\"@id\":\"https:\/\/www.dakarmania.cz\/index.php\/2020\/01\/06\/dakar-2020-kapotovy-maz-vede\/#primaryimage\"},\"thumbnailUrl\":\"https:\/\/www.dakarmania.cz\/wp-content\/uploads\/2020\/01\/20-dakar-vjazovic-01.jpg\",\"datePublished\":\"2020-01-06T19:46:20+00:00\",\"dateModified\":\"2023-04-30T11:52:09+00:00\",\"description\":\"Ve druh\u00e9 etap\u011b Rally Dakar 2020 sv\u00e1d\u011bl Sergej Vjazovi\u010d s Mazem dal\u0161\u00ed naprosto vyrovnan\u00fd souboj s p\u0159esilou Kamaz\u016f.\",\"breadcrumb\":{\"@id\":\"https:\/\/www.dakarmania.cz\/index.php\/2020\/01\/06\/dakar-2020-kapotovy-maz-vede\/#breadcrumb\"},\"inLanguage\":\"cs\",\"potentialAction\":[{\"@type\":\"ReadAction\",\"target\":[\"https:\/\/www.dakarmania.cz\/index.php\/2020\/01\/06\/dakar-2020-kapotovy-maz-vede\/\"]}]},{\"@type\":\"ImageObject\",\"inLanguage\":\"cs\",\"@id\":\"https:\/\/www.dakarmania.cz\/index.php\/2020\/01\/06\/dakar-2020-kapotovy-maz-vede\/#primaryimage\",\"url\":\"https:\/\/www.dakarmania.cz\/wp-content\/uploads\/2020\/01\/20-dakar-vjazovic-01.jpg\",\"contentUrl\":\"https:\/\/www.dakarmania.cz\/wp-content\/uploads\/2020\/01\/20-dakar-vjazovic-01.jpg\",\"width\":1024,\"height\":683,\"caption\":\"Sergej Vjazovi\u010d\/Pavel Haranin\/Anton Zaporo\u0161\u010denko, MAZ 6440RR, MAZ-Sportauto. Rally Dakar 2020. \u00a9 ASO\/DPPI\"},{\"@type\":\"BreadcrumbList\",\"@id\":\"https:\/\/www.dakarmania.cz\/index.php\/2020\/01\/06\/dakar-2020-kapotovy-maz-vede\/#breadcrumb\",\"itemListElement\":[{\"@type\":\"ListItem\",\"position\":1,\"name\":\"Dom\u016f\",\"item\":\"https:\/\/www.dakarmania.cz\/\"},{\"@type\":\"ListItem\",\"position\":2,\"name\":\"Dakar 2020: Rychl\u00fd Vjazovi\u010d se nenechal nachytat a vede\"}]},{\"@type\":\"WebSite\",\"@id\":\"https:\/\/www.dakarmania.cz\/#website\",\"url\":\"https:\/\/www.dakarmania.cz\/\",\"name\":\"DAKARMANIA.cz\",\"description\":\"\u017dijeme Dakarem cel\u00fd rok\",\"publisher\":{\"@id\":\"https:\/\/www.dakarmania.cz\/#organization\"},\"potentialAction\":[{\"@type\":\"SearchAction\",\"target\":{\"@type\":\"EntryPoint\",\"urlTemplate\":\"https:\/\/www.dakarmania.cz\/?s={search_term_string}\"},\"query-input\":{\"@type\":\"PropertyValueSpecification\",\"valueRequired\":true,\"valueName\":\"search_term_string\"}}],\"inLanguage\":\"cs\"},{\"@type\":\"Organization\",\"@id\":\"https:\/\/www.dakarmania.cz\/#organization\",\"name\":\"DAKAR MANIA\",\"url\":\"https:\/\/www.dakarmania.cz\/\",\"logo\":{\"@type\":\"ImageObject\",\"inLanguage\":\"cs\",\"@id\":\"https:\/\/www.dakarmania.cz\/#\/schema\/logo\/image\/\",\"url\":\"https:\/\/www.dakarmania.cz\/wp-content\/uploads\/2018\/12\/Dakar-Mania-Logo-Square-Orange.png\",\"contentUrl\":\"https:\/\/www.dakarmania.cz\/wp-content\/uploads\/2018\/12\/Dakar-Mania-Logo-Square-Orange.png\",\"width\":992,\"height\":992,\"caption\":\"DAKAR MANIA\"},\"image\":{\"@id\":\"https:\/\/www.dakarmania.cz\/#\/schema\/logo\/image\/\"},\"sameAs\":[\"https:\/\/www.facebook.com\/dakarmania\/\"]},{\"@type\":\"Person\",\"@id\":\"https:\/\/www.dakarmania.cz\/#\/schema\/person\/04eb0e87a389631c2169c0dddae7ff1e\",\"name\":\"Zden\u011bk Zelenka\",\"image\":{\"@type\":\"ImageObject\",\"inLanguage\":\"cs\",\"@id\":\"https:\/\/www.dakarmania.cz\/#\/schema\/person\/image\/\",\"url\":\"https:\/\/secure.gravatar.com\/avatar\/2c80d5a4942fe0900b73cc7d3837a509d6ee0a276a2b76dac95c92bd0763a89b?s=96&d=mm&r=g\",\"contentUrl\":\"https:\/\/secure.gravatar.com\/avatar\/2c80d5a4942fe0900b73cc7d3837a509d6ee0a276a2b76dac95c92bd0763a89b?s=96&d=mm&r=g\",\"caption\":\"Zden\u011bk Zelenka\"},\"description\":\"Moji d\u011bt\u0161t\u00ed hrdinov\u00e9 se jmenovali Loprais, Moskal, Neveu, Vatanen, Rahier... A tihle borci, jejich n\u00e1sledovn\u00edci a jejich p\u0159\u00edb\u011bhy m\u011b nep\u0159estali fascinovat ani po letech, kdy jsem vyrostl a zam\u011bstn\u00e1valy m\u011b jin\u00e9 discipl\u00edny motorsportu. Proto se zrodila DAKARMANIA.\",\"url\":\"https:\/\/www.dakarmania.cz\/index.php\/author\/dakarmania\/\"}]}<\/script>\n<!-- \/ Yoast SEO plugin. -->","yoast_head_json":{"title":"Dakar 2020: Rychl\u00fd Vjazovi\u010d se nenechal nachytat a vede - DAKARMANIA.cz","description":"Ve druh\u00e9 etap\u011b Rally Dakar 2020 sv\u00e1d\u011bl Sergej Vjazovi\u010d s Mazem dal\u0161\u00ed naprosto vyrovnan\u00fd souboj s p\u0159esilou Kamaz\u016f.","robots":{"index":"index","follow":"follow","max-snippet":"max-snippet:-1","max-image-preview":"max-image-preview:large","max-video-preview":"max-video-preview:-1"},"canonical":"https:\/\/www.dakarmania.cz\/index.php\/2020\/01\/06\/dakar-2020-kapotovy-maz-vede\/","og_locale":"cs_CZ","og_type":"article","og_title":"Dakar 2020: Rychl\u00fd Vjazovi\u010d se nenechal nachytat a vede - DAKARMANIA.cz","og_description":"Ve druh\u00e9 etap\u011b Rally Dakar 2020 sv\u00e1d\u011bl Sergej Vjazovi\u010d s Mazem dal\u0161\u00ed naprosto vyrovnan\u00fd souboj s p\u0159esilou Kamaz\u016f.","og_url":"https:\/\/www.dakarmania.cz\/index.php\/2020\/01\/06\/dakar-2020-kapotovy-maz-vede\/","og_site_name":"DAKARMANIA.cz","article_publisher":"https:\/\/www.facebook.com\/dakarmania\/","article_published_time":"2020-01-06T19:46:20+00:00","article_modified_time":"2023-04-30T11:52:09+00:00","og_image":[{"width":1024,"height":683,"url":"https:\/\/www.dakarmania.cz\/wp-content\/uploads\/2020\/01\/20-dakar-vjazovic-01.jpg","type":"image\/jpeg"}],"author":"Zden\u011bk Zelenka","twitter_card":"summary_large_image","twitter_misc":{"Napsal(a)":"Zden\u011bk Zelenka","Odhadovan\u00e1 doba \u010dten\u00ed":"6 minut"},"schema":{"@context":"https:\/\/schema.org","@graph":[{"@type":"Article","@id":"https:\/\/www.dakarmania.cz\/index.php\/2020\/01\/06\/dakar-2020-kapotovy-maz-vede\/#article","isPartOf":{"@id":"https:\/\/www.dakarmania.cz\/index.php\/2020\/01\/06\/dakar-2020-kapotovy-maz-vede\/"},"author":{"name":"Zden\u011bk Zelenka","@id":"https:\/\/www.dakarmania.cz\/#\/schema\/person\/04eb0e87a389631c2169c0dddae7ff1e"},"headline":"Dakar 2020: Rychl\u00fd Vjazovi\u010d se nenechal nachytat a vede","datePublished":"2020-01-06T19:46:20+00:00","dateModified":"2023-04-30T11:52:09+00:00","mainEntityOfPage":{"@id":"https:\/\/www.dakarmania.cz\/index.php\/2020\/01\/06\/dakar-2020-kapotovy-maz-vede\/"},"wordCount":1564,"publisher":{"@id":"https:\/\/www.dakarmania.cz\/#organization"},"image":{"@id":"https:\/\/www.dakarmania.cz\/index.php\/2020\/01\/06\/dakar-2020-kapotovy-maz-vede\/#primaryimage"},"thumbnailUrl":"https:\/\/www.dakarmania.cz\/wp-content\/uploads\/2020\/01\/20-dakar-vjazovic-01.jpg","keywords":["2020","Ale\u0161 Loprais","Andrej Karginov","Anton \u0160ibalov","Anton Zaporo\u0161\u010denko","Big Shock! Racing","Buggyra Racing","Dakar","Dakar 2020","David \u0160vanda","Dmitrij Sotnikov","Eduard Nikolajev","Fesh Fesh","Franti\u0161ek Tom\u00e1\u0161ek","Gert Huzink","Instaforex Loprais Team","Iveco","Janus van Kasteren","Kamaz","Kamaz-Master","Khalid Al Kendi","Mammoet Rallysport","Martin Mac\u00edk","Martin Mac\u00edk ml.","Martin \u0160oltys","Martin van den Brink","MAZ","MAZ-Sportauto","MKR Technology","Pascal de Baar","Patrice Garrouste","Pavel Haranin","Petr Pokora","Petr Vojkovsk\u00fd","Praga","Renault","Riwald Dakar Team","Sergej Vjazovi\u010d","Szymon Gospodarczyk","Tatra","Team De Rooy"],"articleSection":["Dakar 2020","Kamiony"],"inLanguage":"cs"},{"@type":"WebPage","@id":"https:\/\/www.dakarmania.cz\/index.php\/2020\/01\/06\/dakar-2020-kapotovy-maz-vede\/","url":"https:\/\/www.dakarmania.cz\/index.php\/2020\/01\/06\/dakar-2020-kapotovy-maz-vede\/","name":"Dakar 2020: Rychl\u00fd Vjazovi\u010d se nenechal nachytat a vede - DAKARMANIA.cz","isPartOf":{"@id":"https:\/\/www.dakarmania.cz\/#website"},"primaryImageOfPage":{"@id":"https:\/\/www.dakarmania.cz\/index.php\/2020\/01\/06\/dakar-2020-kapotovy-maz-vede\/#primaryimage"},"image":{"@id":"https:\/\/www.dakarmania.cz\/index.php\/2020\/01\/06\/dakar-2020-kapotovy-maz-vede\/#primaryimage"},"thumbnailUrl":"https:\/\/www.dakarmania.cz\/wp-content\/uploads\/2020\/01\/20-dakar-vjazovic-01.jpg","datePublished":"2020-01-06T19:46:20+00:00","dateModified":"2023-04-30T11:52:09+00:00","description":"Ve druh\u00e9 etap\u011b Rally Dakar 2020 sv\u00e1d\u011bl Sergej Vjazovi\u010d s Mazem dal\u0161\u00ed naprosto vyrovnan\u00fd souboj s p\u0159esilou Kamaz\u016f.","breadcrumb":{"@id":"https:\/\/www.dakarmania.cz\/index.php\/2020\/01\/06\/dakar-2020-kapotovy-maz-vede\/#breadcrumb"},"inLanguage":"cs","potentialAction":[{"@type":"ReadAction","target":["https:\/\/www.dakarmania.cz\/index.php\/2020\/01\/06\/dakar-2020-kapotovy-maz-vede\/"]}]},{"@type":"ImageObject","inLanguage":"cs","@id":"https:\/\/www.dakarmania.cz\/index.php\/2020\/01\/06\/dakar-2020-kapotovy-maz-vede\/#primaryimage","url":"https:\/\/www.dakarmania.cz\/wp-content\/uploads\/2020\/01\/20-dakar-vjazovic-01.jpg","contentUrl":"https:\/\/www.dakarmania.cz\/wp-content\/uploads\/2020\/01\/20-dakar-vjazovic-01.jpg","width":1024,"height":683,"caption":"Sergej Vjazovi\u010d\/Pavel Haranin\/Anton Zaporo\u0161\u010denko, MAZ 6440RR, MAZ-Sportauto. Rally Dakar 2020. \u00a9 ASO\/DPPI"},{"@type":"BreadcrumbList","@id":"https:\/\/www.dakarmania.cz\/index.php\/2020\/01\/06\/dakar-2020-kapotovy-maz-vede\/#breadcrumb","itemListElement":[{"@type":"ListItem","position":1,"name":"Dom\u016f","item":"https:\/\/www.dakarmania.cz\/"},{"@type":"ListItem","position":2,"name":"Dakar 2020: Rychl\u00fd Vjazovi\u010d se nenechal nachytat a vede"}]},{"@type":"WebSite","@id":"https:\/\/www.dakarmania.cz\/#website","url":"https:\/\/www.dakarmania.cz\/","name":"DAKARMANIA.cz","description":"\u017dijeme Dakarem cel\u00fd rok","publisher":{"@id":"https:\/\/www.dakarmania.cz\/#organization"},"potentialAction":[{"@type":"SearchAction","target":{"@type":"EntryPoint","urlTemplate":"https:\/\/www.dakarmania.cz\/?s={search_term_string}"},"query-input":{"@type":"PropertyValueSpecification","valueRequired":true,"valueName":"search_term_string"}}],"inLanguage":"cs"},{"@type":"Organization","@id":"https:\/\/www.dakarmania.cz\/#organization","name":"DAKAR MANIA","url":"https:\/\/www.dakarmania.cz\/","logo":{"@type":"ImageObject","inLanguage":"cs","@id":"https:\/\/www.dakarmania.cz\/#\/schema\/logo\/image\/","url":"https:\/\/www.dakarmania.cz\/wp-content\/uploads\/2018\/12\/Dakar-Mania-Logo-Square-Orange.png","contentUrl":"https:\/\/www.dakarmania.cz\/wp-content\/uploads\/2018\/12\/Dakar-Mania-Logo-Square-Orange.png","width":992,"height":992,"caption":"DAKAR MANIA"},"image":{"@id":"https:\/\/www.dakarmania.cz\/#\/schema\/logo\/image\/"},"sameAs":["https:\/\/www.facebook.com\/dakarmania\/"]},{"@type":"Person","@id":"https:\/\/www.dakarmania.cz\/#\/schema\/person\/04eb0e87a389631c2169c0dddae7ff1e","name":"Zden\u011bk Zelenka","image":{"@type":"ImageObject","inLanguage":"cs","@id":"https:\/\/www.dakarmania.cz\/#\/schema\/person\/image\/","url":"https:\/\/secure.gravatar.com\/avatar\/2c80d5a4942fe0900b73cc7d3837a509d6ee0a276a2b76dac95c92bd0763a89b?s=96&d=mm&r=g","contentUrl":"https:\/\/secure.gravatar.com\/avatar\/2c80d5a4942fe0900b73cc7d3837a509d6ee0a276a2b76dac95c92bd0763a89b?s=96&d=mm&r=g","caption":"Zden\u011bk Zelenka"},"description":"Moji d\u011bt\u0161t\u00ed hrdinov\u00e9 se jmenovali Loprais, Moskal, Neveu, Vatanen, Rahier... A tihle borci, jejich n\u00e1sledovn\u00edci a jejich p\u0159\u00edb\u011bhy m\u011b nep\u0159estali fascinovat ani po letech, kdy jsem vyrostl a zam\u011bstn\u00e1valy m\u011b jin\u00e9 discipl\u00edny motorsportu. Proto se zrodila DAKARMANIA.","url":"https:\/\/www.dakarmania.cz\/index.php\/author\/dakarmania\/"}]}},"amp_enabled":true,"_links":{"self":[{"href":"https:\/\/www.dakarmania.cz\/index.php\/wp-json\/wp\/v2\/posts\/14173","targetHints":{"allow":["GET"]}}],"collection":[{"href":"https:\/\/www.dakarmania.cz\/index.php\/wp-json\/wp\/v2\/posts"}],"about":[{"href":"https:\/\/www.dakarmania.cz\/index.php\/wp-json\/wp\/v2\/types\/post"}],"author":[{"embeddable":true,"href":"https:\/\/www.dakarmania.cz\/index.php\/wp-json\/wp\/v2\/users\/1"}],"replies":[{"embeddable":true,"href":"https:\/\/www.dakarmania.cz\/index.php\/wp-json\/wp\/v2\/comments?post=14173"}],"version-history":[{"count":7,"href":"https:\/\/www.dakarmania.cz\/index.php\/wp-json\/wp\/v2\/posts\/14173\/revisions"}],"predecessor-version":[{"id":14222,"href":"https:\/\/www.dakarmania.cz\/index.php\/wp-json\/wp\/v2\/posts\/14173\/revisions\/14222"}],"wp:featuredmedia":[{"embeddable":true,"href":"https:\/\/www.dakarmania.cz\/index.php\/wp-json\/wp\/v2\/media\/14177"}],"wp:attachment":[{"href":"https:\/\/www.dakarmania.cz\/index.php\/wp-json\/wp\/v2\/media?parent=14173"}],"wp:term":[{"taxonomy":"category","embeddable":true,"href":"https:\/\/www.dakarmania.cz\/index.php\/wp-json\/wp\/v2\/categories?post=14173"},{"taxonomy":"post_tag","embeddable":true,"href":"https:\/\/www.dakarmania.cz\/index.php\/wp-json\/wp\/v2\/tags?post=14173"}],"curies":[{"name":"wp","href":"https:\/\/api.w.org\/{rel}","templated":true}]}}