{"id":1421,"date":"2019-01-04T17:51:06","date_gmt":"2019-01-04T17:51:06","guid":{"rendered":"https:\/\/www.dakarmania.cz\/?p=1421"},"modified":"2019-01-04T19:45:11","modified_gmt":"2019-01-04T19:45:11","slug":"africa-race-2019-tomas-tomecek-zpatky-na-spici","status":"publish","type":"post","link":"https:\/\/www.dakarmania.cz\/index.php\/2019\/01\/04\/africa-race-2019-tomas-tomecek-zpatky-na-spici\/","title":{"rendered":"Africa Race 2019: Tom\u00e1\u0161 Tome\u010dek zp\u00e1tky na \u0161pici"},"content":{"rendered":"<p>[vc_row][vc_column][vc_column_text]<\/p>\n<h4>Ve \u010dtvrt\u00e9 etap\u011b Africa Eco Race 2019 obsadil Tom\u00e1\u0161 Tome\u010dek s Tatrou v kategorii kamion\u016f druh\u00e9 m\u00edsto. \u010cesk\u00fd jezdec nav\u00edc nechal za sv\u00fdmi z\u00e1dy Portugalku Elisabete Jacinto s vozem MAN a d\u00edky tomu se vr\u00e1til na prvn\u00ed p\u0159\u00ed\u010dku mezi truckery.<\/h4>\n<p>P\u00e1te\u010dn\u00ed etapa zavedla \u00fa\u010dastn\u00edky z Assy do Fort Chacalu, celkem m\u011b\u0159ila 495 kilometr\u016f a jen posledn\u00ed dva se nejely v r\u00e1mci speci\u00e1lky, kter\u00e1 r\u00e1no za\u010d\u00ednala p\u0159\u00edmo v bivaku. Pos\u00e1dky si dnes u\u017eily jak p\u00edsek, tak kamenit\u00e9 pas\u00e1\u017ee.<\/p>\n<p>U\u017e t\u0159et\u00ed etapov\u00e9 v\u00edt\u011bzstv\u00ed vybojovala pos\u00e1dka Igor Bouwens, Tom de Leeuw, Ulrich Boerboom s Ivecem, kter\u00e9 v\u0161ak po st\u0159ede\u010dn\u00edch technick\u00fdch probl\u00e9mech pat\u0159\u00ed v pr\u016fb\u011b\u017en\u00e9m hodnocen\u00ed kamion\u016f a\u017e \u010dtvrt\u00e1 pozice. Nicm\u00e9n\u011b dnes si Belgi\u010dan\u00e9 o dv\u011b p\u0159\u00ed\u010dky polep\u0161ili a od p\u00f3diov\u00e9ho um\u00edst\u011bn\u00ed je d\u011bl\u00ed u\u017e jen p\u016flhodina.[\/vc_column_text][vc_single_image image=&#8221;1424&#8243; img_size=&#8221;large&#8221; add_caption=&#8221;yes&#8221; alignment=&#8221;center&#8221;][vc_separator][vc_column_text]O celkov\u00e9 veden\u00ed zat\u00edm bojuj\u00ed Tom\u00e1\u0161 Tome\u010dek, jen\u017e jede se svou Tatrou s\u00e1m, a trojice Elisabete Jacinto, Jos\u00e9m Marques, Marco Cochinho (MAN TGS). Zat\u00edmco <a href=\"https:\/\/www.dakarmania.cz\/index.php\/2019\/01\/03\/africa-race-2019-jacinto-strida-tomecka-na-prvni-pozici\/\">v\u010dera Tome\u010dka p\u0159ibrzdil defekt<\/a>, dne\u0161n\u00ed etapu zdolal bez z\u00e1sadn\u011bj\u0161\u00edch komplikac\u00ed a do c\u00edle dorazil 21 minut a 27 sekund za Bouwensem.<\/p>\n<p>Dnes musela s pr\u00e1zdnou pneumatikou zastavit Jacinto. Pr\u016fjezd speci\u00e1lkou j\u00ed tak trval t\u00e9m\u011b\u0159 o 16 a p\u016fl minuty d\u00e9le ne\u017e Tome\u010dkovi, co\u017e sta\u010dilo, aby ji pilot oran\u017eov\u00e9 Tatry p\u0159ipravil o pr\u016fb\u011b\u017en\u00e9 veden\u00ed. Portugalka je nyn\u00ed druh\u00e1 se ztr\u00e1tou sedmi minut a 24 sekund.<\/p>\n<p>T\u0159et\u00ed p\u0159\u00ed\u010dku st\u00e1le dr\u017e\u00ed No\u00ebl Essers, p\u0159esto\u017ee dnes byl s dal\u0161\u00edm kamionem MAN a\u017e \u0161est\u00fd. za vedouc\u00ed dvojic\u00ed zaost\u00e1v\u00e1 belgick\u00fd spedit\u00e9r u\u017e t\u00e9m\u011b\u0159 o hodinu a p\u016fl.<\/p>\n<p>V sobotu 5. ledna pokra\u010duje Africa Eco Race 2019 p\u00e1tou etapou z Fort Chacalu do Daklhy, kde sout\u011b\u017e\u00edc\u00ed v ned\u011bli tak\u00e9 str\u00e1v\u00ed den odpo\u010dinku. P\u0159edt\u00edm ale je\u0161t\u011b mus\u00ed zdolat 419 kilometr\u016f m\u011b\u0159en\u00e9ho \u00faseku a 219 kilometr\u016f na p\u0159ejezdech.[\/vc_column_text][vc_column_text]<\/p>\n<table style=\"width: 97.7654%;\" cellpadding=\"10\">\n<thead>\n<tr style=\"background-color: #ff7d0e;\">\n<td style=\"width: 98.8764%;\" colspan=\"4\"><strong>Africa Eco Race 2019 &#8211; KAMIONY po 4. etap\u011b<\/strong><\/td>\n<\/tr>\n<\/thead>\n<tbody>\n<tr>\n<td style=\"width: 6.51685%;\">1.<\/td>\n<td style=\"width: 39.7999%;\">Tome\u010dek<\/td>\n<td style=\"width: 29.0765%;\">Tatra<\/td>\n<td style=\"width: 23.4831%;\">17:58:48<\/td>\n<\/tr>\n<tr>\n<td style=\"width: 6.51685%;\">2.<\/td>\n<td style=\"width: 39.7999%;\">Jacinto\/Marques\/Cochinho<\/td>\n<td style=\"width: 29.0765%;\">MAN<\/td>\n<td style=\"width: 23.4831%;\">+7:24<\/td>\n<\/tr>\n<tr>\n<td style=\"width: 6.51685%;\">3.<\/td>\n<td style=\"width: 39.7999%;\">Essers\/Lauwers\/Cooninx<\/td>\n<td style=\"width: 29.0765%;\">MAN<\/td>\n<td style=\"width: 23.4831%;\">+1:31:22<\/td>\n<\/tr>\n<tr>\n<td style=\"width: 6.51685%;\">4.<\/td>\n<td style=\"width: 39.7999%;\">Bouwens\/Driesmans\/Boerboom<\/td>\n<td style=\"width: 29.0765%;\">Iveco<\/td>\n<td style=\"width: 23.4831%;\">+2:01:13<\/td>\n<\/tr>\n<tr>\n<td style=\"width: 6.51685%;\">5.<\/td>\n<td style=\"width: 39.7999%;\">Van Velsen\/Siemons\/Oosting<\/td>\n<td style=\"width: 29.0765%;\">GINAF<\/td>\n<td style=\"width: 23.4831%;\">+2:06:02<\/td>\n<\/tr>\n<tr>\n<td style=\"width: 6.51685%;\">6.<\/td>\n<td style=\"width: 39.7999%;\">Elfrink\/Schuttel<\/td>\n<td style=\"width: 29.0765%;\">Mercedes-Benz<\/td>\n<td style=\"width: 23.4831%;\">+2:31:20<\/td>\n<\/tr>\n<tr>\n<td style=\"width: 6.51685%;\">7.<\/td>\n<td style=\"width: 39.7999%;\">Levickij\/Dolgov<\/td>\n<td style=\"width: 29.0765%;\">GAZ<\/td>\n<td style=\"width: 23.4831%;\">+15:53:32<\/td>\n<\/tr>\n<tr>\n<td style=\"width: 6.51685%;\">8.<\/td>\n<td style=\"width: 39.7999%;\">Den Hartigh\/Van Pelt\/Van der Vos<\/td>\n<td style=\"width: 29.0765%;\">GINAF<\/td>\n<td style=\"width: 23.4831%;\">+17:19:53<\/td>\n<\/tr>\n<\/tbody>\n<\/table>\n<p>[\/vc_column_text][\/vc_column][\/vc_row]<\/p>\n","protected":false},"excerpt":{"rendered":"<p>[vc_row][vc_column][vc_column_text] Ve \u010dtvrt\u00e9 etap\u011b Africa Eco Race 2019 obsadil Tom\u00e1\u0161 Tome\u010dek s Tatrou v kategorii kamion\u016f druh\u00e9 m\u00edsto. \u010cesk\u00fd jezdec nav\u00edc nechal za sv\u00fdmi z\u00e1dy Portugalku Elisabete Jacinto s vozem MAN a d\u00edky tomu se vr\u00e1til na prvn\u00ed p\u0159\u00ed\u010dku mezi truckery. P\u00e1te\u010dn\u00ed etapa zavedla \u00fa\u010dastn\u00edky z Assy do Fort Chacalu, celkem m\u011b\u0159ila 495 kilometr\u016f a [&hellip;]<\/p>\n","protected":false},"author":1,"featured_media":1423,"comment_status":"open","ping_status":"closed","sticky":false,"template":"","format":"standard","meta":{"footnotes":""},"categories":[119,16],"tags":[120,121,165,163,164,166,68,142,141],"class_list":["post-1421","post","type-post","status-publish","format-standard","has-post-thumbnail","hentry","category-africa-eco-race","category-kamion","tag-aer","tag-aer-2019","tag-elisabete-jacinto","tag-igor-bouwens","tag-iveco","tag-man","tag-tatra","tag-tom-racing","tag-tomas-tomecek"],"yoast_head":"<!-- This site is optimized with the Yoast SEO plugin v24.9 - https:\/\/yoast.com\/wordpress\/plugins\/seo\/ -->\n<title>Africa Race 2019: Tom\u00e1\u0161 Tome\u010dek zp\u00e1tky na \u0161pici - DAKARMANIA.cz<\/title>\n<meta name=\"description\" content=\"Ve \u010dtvrt\u00e9 etap\u011b Africa Eco Race 2019 obsadil Tom\u00e1\u0161 Tome\u010dek s Tatrou v kategorii kamion\u016f druh\u00e9 m\u00edsto a vr\u00e1til se na prvn\u00ed p\u0159\u00ed\u010dku pr\u016fb\u011b\u017en\u00e9ho po\u0159ad\u00ed.\" \/>\n<meta name=\"robots\" content=\"index, follow, max-snippet:-1, max-image-preview:large, max-video-preview:-1\" \/>\n<link rel=\"canonical\" href=\"https:\/\/www.dakarmania.cz\/index.php\/2019\/01\/04\/africa-race-2019-tomas-tomecek-zpatky-na-spici\/\" \/>\n<meta property=\"og:locale\" content=\"cs_CZ\" \/>\n<meta property=\"og:type\" content=\"article\" \/>\n<meta property=\"og:title\" content=\"Africa Race 2019: Tom\u00e1\u0161 Tome\u010dek zp\u00e1tky na \u0161pici - DAKARMANIA.cz\" \/>\n<meta property=\"og:description\" content=\"Ve \u010dtvrt\u00e9 etap\u011b Africa Eco Race 2019 obsadil Tom\u00e1\u0161 Tome\u010dek s Tatrou v kategorii kamion\u016f druh\u00e9 m\u00edsto a vr\u00e1til se na prvn\u00ed p\u0159\u00ed\u010dku pr\u016fb\u011b\u017en\u00e9ho po\u0159ad\u00ed.\" \/>\n<meta property=\"og:url\" content=\"https:\/\/www.dakarmania.cz\/index.php\/2019\/01\/04\/africa-race-2019-tomas-tomecek-zpatky-na-spici\/\" \/>\n<meta property=\"og:site_name\" content=\"DAKARMANIA.cz\" \/>\n<meta property=\"article:publisher\" content=\"https:\/\/www.facebook.com\/dakarmania\/\" \/>\n<meta property=\"article:published_time\" content=\"2019-01-04T17:51:06+00:00\" \/>\n<meta property=\"article:modified_time\" content=\"2019-01-04T19:45:11+00:00\" \/>\n<meta property=\"og:image\" content=\"https:\/\/www.dakarmania.cz\/wp-content\/uploads\/2019\/01\/19-aer-tomecek05-1024x683.jpg\" \/>\n\t<meta property=\"og:image:width\" content=\"1024\" \/>\n\t<meta property=\"og:image:height\" content=\"683\" \/>\n\t<meta property=\"og:image:type\" content=\"image\/jpeg\" \/>\n<meta name=\"author\" content=\"Zden\u011bk Zelenka\" \/>\n<meta name=\"twitter:card\" content=\"summary_large_image\" \/>\n<meta name=\"twitter:label1\" content=\"Napsal(a)\" \/>\n\t<meta name=\"twitter:data1\" content=\"Zden\u011bk Zelenka\" \/>\n\t<meta name=\"twitter:label2\" content=\"Odhadovan\u00e1 doba \u010dten\u00ed\" \/>\n\t<meta name=\"twitter:data2\" content=\"2 minuty\" \/>\n<script type=\"application\/ld+json\" class=\"yoast-schema-graph\">{\"@context\":\"https:\/\/schema.org\",\"@graph\":[{\"@type\":\"Article\",\"@id\":\"https:\/\/www.dakarmania.cz\/index.php\/2019\/01\/04\/africa-race-2019-tomas-tomecek-zpatky-na-spici\/#article\",\"isPartOf\":{\"@id\":\"https:\/\/www.dakarmania.cz\/index.php\/2019\/01\/04\/africa-race-2019-tomas-tomecek-zpatky-na-spici\/\"},\"author\":{\"name\":\"Zden\u011bk Zelenka\",\"@id\":\"https:\/\/www.dakarmania.cz\/#\/schema\/person\/04eb0e87a389631c2169c0dddae7ff1e\"},\"headline\":\"Africa Race 2019: Tom\u00e1\u0161 Tome\u010dek zp\u00e1tky na \u0161pici\",\"datePublished\":\"2019-01-04T17:51:06+00:00\",\"dateModified\":\"2019-01-04T19:45:11+00:00\",\"mainEntityOfPage\":{\"@id\":\"https:\/\/www.dakarmania.cz\/index.php\/2019\/01\/04\/africa-race-2019-tomas-tomecek-zpatky-na-spici\/\"},\"wordCount\":449,\"commentCount\":0,\"publisher\":{\"@id\":\"https:\/\/www.dakarmania.cz\/#organization\"},\"image\":{\"@id\":\"https:\/\/www.dakarmania.cz\/index.php\/2019\/01\/04\/africa-race-2019-tomas-tomecek-zpatky-na-spici\/#primaryimage\"},\"thumbnailUrl\":\"https:\/\/www.dakarmania.cz\/wp-content\/uploads\/2019\/01\/19-aer-tomecek05.jpg\",\"keywords\":[\"AER\",\"AER 2019\",\"Elisabete Jacinto\",\"Igor Bouwens\",\"Iveco\",\"MAN\",\"Tatra\",\"Tom Racing\",\"Tom\u00e1\u0161 Tome\u010dek\"],\"articleSection\":[\"Africa Eco Race\",\"Kamiony\"],\"inLanguage\":\"cs\",\"potentialAction\":[{\"@type\":\"CommentAction\",\"name\":\"Comment\",\"target\":[\"https:\/\/www.dakarmania.cz\/index.php\/2019\/01\/04\/africa-race-2019-tomas-tomecek-zpatky-na-spici\/#respond\"]}]},{\"@type\":\"WebPage\",\"@id\":\"https:\/\/www.dakarmania.cz\/index.php\/2019\/01\/04\/africa-race-2019-tomas-tomecek-zpatky-na-spici\/\",\"url\":\"https:\/\/www.dakarmania.cz\/index.php\/2019\/01\/04\/africa-race-2019-tomas-tomecek-zpatky-na-spici\/\",\"name\":\"Africa Race 2019: Tom\u00e1\u0161 Tome\u010dek zp\u00e1tky na \u0161pici - DAKARMANIA.cz\",\"isPartOf\":{\"@id\":\"https:\/\/www.dakarmania.cz\/#website\"},\"primaryImageOfPage\":{\"@id\":\"https:\/\/www.dakarmania.cz\/index.php\/2019\/01\/04\/africa-race-2019-tomas-tomecek-zpatky-na-spici\/#primaryimage\"},\"image\":{\"@id\":\"https:\/\/www.dakarmania.cz\/index.php\/2019\/01\/04\/africa-race-2019-tomas-tomecek-zpatky-na-spici\/#primaryimage\"},\"thumbnailUrl\":\"https:\/\/www.dakarmania.cz\/wp-content\/uploads\/2019\/01\/19-aer-tomecek05.jpg\",\"datePublished\":\"2019-01-04T17:51:06+00:00\",\"dateModified\":\"2019-01-04T19:45:11+00:00\",\"description\":\"Ve \u010dtvrt\u00e9 etap\u011b Africa Eco Race 2019 obsadil Tom\u00e1\u0161 Tome\u010dek s Tatrou v kategorii kamion\u016f druh\u00e9 m\u00edsto a vr\u00e1til se na prvn\u00ed p\u0159\u00ed\u010dku pr\u016fb\u011b\u017en\u00e9ho po\u0159ad\u00ed.\",\"breadcrumb\":{\"@id\":\"https:\/\/www.dakarmania.cz\/index.php\/2019\/01\/04\/africa-race-2019-tomas-tomecek-zpatky-na-spici\/#breadcrumb\"},\"inLanguage\":\"cs\",\"potentialAction\":[{\"@type\":\"ReadAction\",\"target\":[\"https:\/\/www.dakarmania.cz\/index.php\/2019\/01\/04\/africa-race-2019-tomas-tomecek-zpatky-na-spici\/\"]}]},{\"@type\":\"ImageObject\",\"inLanguage\":\"cs\",\"@id\":\"https:\/\/www.dakarmania.cz\/index.php\/2019\/01\/04\/africa-race-2019-tomas-tomecek-zpatky-na-spici\/#primaryimage\",\"url\":\"https:\/\/www.dakarmania.cz\/wp-content\/uploads\/2019\/01\/19-aer-tomecek05.jpg\",\"contentUrl\":\"https:\/\/www.dakarmania.cz\/wp-content\/uploads\/2019\/01\/19-aer-tomecek05.jpg\",\"width\":2048,\"height\":1365,\"caption\":\"Tom\u00e1\u0161 Tome\u010dek, Tatra 815 Dakar 2T0R45, Promet\/Czechoslovak Group Team. Africa Eco Race 2019. \u00a9 AER Media\"},{\"@type\":\"BreadcrumbList\",\"@id\":\"https:\/\/www.dakarmania.cz\/index.php\/2019\/01\/04\/africa-race-2019-tomas-tomecek-zpatky-na-spici\/#breadcrumb\",\"itemListElement\":[{\"@type\":\"ListItem\",\"position\":1,\"name\":\"Dom\u016f\",\"item\":\"https:\/\/www.dakarmania.cz\/\"},{\"@type\":\"ListItem\",\"position\":2,\"name\":\"Africa Race 2019: Tom\u00e1\u0161 Tome\u010dek zp\u00e1tky na \u0161pici\"}]},{\"@type\":\"WebSite\",\"@id\":\"https:\/\/www.dakarmania.cz\/#website\",\"url\":\"https:\/\/www.dakarmania.cz\/\",\"name\":\"DAKARMANIA.cz\",\"description\":\"\u017dijeme Dakarem cel\u00fd rok\",\"publisher\":{\"@id\":\"https:\/\/www.dakarmania.cz\/#organization\"},\"potentialAction\":[{\"@type\":\"SearchAction\",\"target\":{\"@type\":\"EntryPoint\",\"urlTemplate\":\"https:\/\/www.dakarmania.cz\/?s={search_term_string}\"},\"query-input\":{\"@type\":\"PropertyValueSpecification\",\"valueRequired\":true,\"valueName\":\"search_term_string\"}}],\"inLanguage\":\"cs\"},{\"@type\":\"Organization\",\"@id\":\"https:\/\/www.dakarmania.cz\/#organization\",\"name\":\"DAKAR MANIA\",\"url\":\"https:\/\/www.dakarmania.cz\/\",\"logo\":{\"@type\":\"ImageObject\",\"inLanguage\":\"cs\",\"@id\":\"https:\/\/www.dakarmania.cz\/#\/schema\/logo\/image\/\",\"url\":\"https:\/\/www.dakarmania.cz\/wp-content\/uploads\/2018\/12\/Dakar-Mania-Logo-Square-Orange.png\",\"contentUrl\":\"https:\/\/www.dakarmania.cz\/wp-content\/uploads\/2018\/12\/Dakar-Mania-Logo-Square-Orange.png\",\"width\":992,\"height\":992,\"caption\":\"DAKAR MANIA\"},\"image\":{\"@id\":\"https:\/\/www.dakarmania.cz\/#\/schema\/logo\/image\/\"},\"sameAs\":[\"https:\/\/www.facebook.com\/dakarmania\/\"]},{\"@type\":\"Person\",\"@id\":\"https:\/\/www.dakarmania.cz\/#\/schema\/person\/04eb0e87a389631c2169c0dddae7ff1e\",\"name\":\"Zden\u011bk Zelenka\",\"image\":{\"@type\":\"ImageObject\",\"inLanguage\":\"cs\",\"@id\":\"https:\/\/www.dakarmania.cz\/#\/schema\/person\/image\/\",\"url\":\"https:\/\/secure.gravatar.com\/avatar\/2c80d5a4942fe0900b73cc7d3837a509d6ee0a276a2b76dac95c92bd0763a89b?s=96&d=mm&r=g\",\"contentUrl\":\"https:\/\/secure.gravatar.com\/avatar\/2c80d5a4942fe0900b73cc7d3837a509d6ee0a276a2b76dac95c92bd0763a89b?s=96&d=mm&r=g\",\"caption\":\"Zden\u011bk Zelenka\"},\"description\":\"Moji d\u011bt\u0161t\u00ed hrdinov\u00e9 se jmenovali Loprais, Moskal, Neveu, Vatanen, Rahier... A tihle borci, jejich n\u00e1sledovn\u00edci a jejich p\u0159\u00edb\u011bhy m\u011b nep\u0159estali fascinovat ani po letech, kdy jsem vyrostl a zam\u011bstn\u00e1valy m\u011b jin\u00e9 discipl\u00edny motorsportu. Proto se zrodila DAKARMANIA.\",\"url\":\"https:\/\/www.dakarmania.cz\/index.php\/author\/dakarmania\/\"}]}<\/script>\n<!-- \/ Yoast SEO plugin. -->","yoast_head_json":{"title":"Africa Race 2019: Tom\u00e1\u0161 Tome\u010dek zp\u00e1tky na \u0161pici - DAKARMANIA.cz","description":"Ve \u010dtvrt\u00e9 etap\u011b Africa Eco Race 2019 obsadil Tom\u00e1\u0161 Tome\u010dek s Tatrou v kategorii kamion\u016f druh\u00e9 m\u00edsto a vr\u00e1til se na prvn\u00ed p\u0159\u00ed\u010dku pr\u016fb\u011b\u017en\u00e9ho po\u0159ad\u00ed.","robots":{"index":"index","follow":"follow","max-snippet":"max-snippet:-1","max-image-preview":"max-image-preview:large","max-video-preview":"max-video-preview:-1"},"canonical":"https:\/\/www.dakarmania.cz\/index.php\/2019\/01\/04\/africa-race-2019-tomas-tomecek-zpatky-na-spici\/","og_locale":"cs_CZ","og_type":"article","og_title":"Africa Race 2019: Tom\u00e1\u0161 Tome\u010dek zp\u00e1tky na \u0161pici - DAKARMANIA.cz","og_description":"Ve \u010dtvrt\u00e9 etap\u011b Africa Eco Race 2019 obsadil Tom\u00e1\u0161 Tome\u010dek s Tatrou v kategorii kamion\u016f druh\u00e9 m\u00edsto a vr\u00e1til se na prvn\u00ed p\u0159\u00ed\u010dku pr\u016fb\u011b\u017en\u00e9ho po\u0159ad\u00ed.","og_url":"https:\/\/www.dakarmania.cz\/index.php\/2019\/01\/04\/africa-race-2019-tomas-tomecek-zpatky-na-spici\/","og_site_name":"DAKARMANIA.cz","article_publisher":"https:\/\/www.facebook.com\/dakarmania\/","article_published_time":"2019-01-04T17:51:06+00:00","article_modified_time":"2019-01-04T19:45:11+00:00","og_image":[{"width":1024,"height":683,"url":"https:\/\/www.dakarmania.cz\/wp-content\/uploads\/2019\/01\/19-aer-tomecek05-1024x683.jpg","type":"image\/jpeg"}],"author":"Zden\u011bk Zelenka","twitter_card":"summary_large_image","twitter_misc":{"Napsal(a)":"Zden\u011bk Zelenka","Odhadovan\u00e1 doba \u010dten\u00ed":"2 minuty"},"schema":{"@context":"https:\/\/schema.org","@graph":[{"@type":"Article","@id":"https:\/\/www.dakarmania.cz\/index.php\/2019\/01\/04\/africa-race-2019-tomas-tomecek-zpatky-na-spici\/#article","isPartOf":{"@id":"https:\/\/www.dakarmania.cz\/index.php\/2019\/01\/04\/africa-race-2019-tomas-tomecek-zpatky-na-spici\/"},"author":{"name":"Zden\u011bk Zelenka","@id":"https:\/\/www.dakarmania.cz\/#\/schema\/person\/04eb0e87a389631c2169c0dddae7ff1e"},"headline":"Africa Race 2019: Tom\u00e1\u0161 Tome\u010dek zp\u00e1tky na \u0161pici","datePublished":"2019-01-04T17:51:06+00:00","dateModified":"2019-01-04T19:45:11+00:00","mainEntityOfPage":{"@id":"https:\/\/www.dakarmania.cz\/index.php\/2019\/01\/04\/africa-race-2019-tomas-tomecek-zpatky-na-spici\/"},"wordCount":449,"commentCount":0,"publisher":{"@id":"https:\/\/www.dakarmania.cz\/#organization"},"image":{"@id":"https:\/\/www.dakarmania.cz\/index.php\/2019\/01\/04\/africa-race-2019-tomas-tomecek-zpatky-na-spici\/#primaryimage"},"thumbnailUrl":"https:\/\/www.dakarmania.cz\/wp-content\/uploads\/2019\/01\/19-aer-tomecek05.jpg","keywords":["AER","AER 2019","Elisabete Jacinto","Igor Bouwens","Iveco","MAN","Tatra","Tom Racing","Tom\u00e1\u0161 Tome\u010dek"],"articleSection":["Africa Eco Race","Kamiony"],"inLanguage":"cs","potentialAction":[{"@type":"CommentAction","name":"Comment","target":["https:\/\/www.dakarmania.cz\/index.php\/2019\/01\/04\/africa-race-2019-tomas-tomecek-zpatky-na-spici\/#respond"]}]},{"@type":"WebPage","@id":"https:\/\/www.dakarmania.cz\/index.php\/2019\/01\/04\/africa-race-2019-tomas-tomecek-zpatky-na-spici\/","url":"https:\/\/www.dakarmania.cz\/index.php\/2019\/01\/04\/africa-race-2019-tomas-tomecek-zpatky-na-spici\/","name":"Africa Race 2019: Tom\u00e1\u0161 Tome\u010dek zp\u00e1tky na \u0161pici - DAKARMANIA.cz","isPartOf":{"@id":"https:\/\/www.dakarmania.cz\/#website"},"primaryImageOfPage":{"@id":"https:\/\/www.dakarmania.cz\/index.php\/2019\/01\/04\/africa-race-2019-tomas-tomecek-zpatky-na-spici\/#primaryimage"},"image":{"@id":"https:\/\/www.dakarmania.cz\/index.php\/2019\/01\/04\/africa-race-2019-tomas-tomecek-zpatky-na-spici\/#primaryimage"},"thumbnailUrl":"https:\/\/www.dakarmania.cz\/wp-content\/uploads\/2019\/01\/19-aer-tomecek05.jpg","datePublished":"2019-01-04T17:51:06+00:00","dateModified":"2019-01-04T19:45:11+00:00","description":"Ve \u010dtvrt\u00e9 etap\u011b Africa Eco Race 2019 obsadil Tom\u00e1\u0161 Tome\u010dek s Tatrou v kategorii kamion\u016f druh\u00e9 m\u00edsto a vr\u00e1til se na prvn\u00ed p\u0159\u00ed\u010dku pr\u016fb\u011b\u017en\u00e9ho po\u0159ad\u00ed.","breadcrumb":{"@id":"https:\/\/www.dakarmania.cz\/index.php\/2019\/01\/04\/africa-race-2019-tomas-tomecek-zpatky-na-spici\/#breadcrumb"},"inLanguage":"cs","potentialAction":[{"@type":"ReadAction","target":["https:\/\/www.dakarmania.cz\/index.php\/2019\/01\/04\/africa-race-2019-tomas-tomecek-zpatky-na-spici\/"]}]},{"@type":"ImageObject","inLanguage":"cs","@id":"https:\/\/www.dakarmania.cz\/index.php\/2019\/01\/04\/africa-race-2019-tomas-tomecek-zpatky-na-spici\/#primaryimage","url":"https:\/\/www.dakarmania.cz\/wp-content\/uploads\/2019\/01\/19-aer-tomecek05.jpg","contentUrl":"https:\/\/www.dakarmania.cz\/wp-content\/uploads\/2019\/01\/19-aer-tomecek05.jpg","width":2048,"height":1365,"caption":"Tom\u00e1\u0161 Tome\u010dek, Tatra 815 Dakar 2T0R45, Promet\/Czechoslovak Group Team. Africa Eco Race 2019. \u00a9 AER Media"},{"@type":"BreadcrumbList","@id":"https:\/\/www.dakarmania.cz\/index.php\/2019\/01\/04\/africa-race-2019-tomas-tomecek-zpatky-na-spici\/#breadcrumb","itemListElement":[{"@type":"ListItem","position":1,"name":"Dom\u016f","item":"https:\/\/www.dakarmania.cz\/"},{"@type":"ListItem","position":2,"name":"Africa Race 2019: Tom\u00e1\u0161 Tome\u010dek zp\u00e1tky na \u0161pici"}]},{"@type":"WebSite","@id":"https:\/\/www.dakarmania.cz\/#website","url":"https:\/\/www.dakarmania.cz\/","name":"DAKARMANIA.cz","description":"\u017dijeme Dakarem cel\u00fd rok","publisher":{"@id":"https:\/\/www.dakarmania.cz\/#organization"},"potentialAction":[{"@type":"SearchAction","target":{"@type":"EntryPoint","urlTemplate":"https:\/\/www.dakarmania.cz\/?s={search_term_string}"},"query-input":{"@type":"PropertyValueSpecification","valueRequired":true,"valueName":"search_term_string"}}],"inLanguage":"cs"},{"@type":"Organization","@id":"https:\/\/www.dakarmania.cz\/#organization","name":"DAKAR MANIA","url":"https:\/\/www.dakarmania.cz\/","logo":{"@type":"ImageObject","inLanguage":"cs","@id":"https:\/\/www.dakarmania.cz\/#\/schema\/logo\/image\/","url":"https:\/\/www.dakarmania.cz\/wp-content\/uploads\/2018\/12\/Dakar-Mania-Logo-Square-Orange.png","contentUrl":"https:\/\/www.dakarmania.cz\/wp-content\/uploads\/2018\/12\/Dakar-Mania-Logo-Square-Orange.png","width":992,"height":992,"caption":"DAKAR MANIA"},"image":{"@id":"https:\/\/www.dakarmania.cz\/#\/schema\/logo\/image\/"},"sameAs":["https:\/\/www.facebook.com\/dakarmania\/"]},{"@type":"Person","@id":"https:\/\/www.dakarmania.cz\/#\/schema\/person\/04eb0e87a389631c2169c0dddae7ff1e","name":"Zden\u011bk Zelenka","image":{"@type":"ImageObject","inLanguage":"cs","@id":"https:\/\/www.dakarmania.cz\/#\/schema\/person\/image\/","url":"https:\/\/secure.gravatar.com\/avatar\/2c80d5a4942fe0900b73cc7d3837a509d6ee0a276a2b76dac95c92bd0763a89b?s=96&d=mm&r=g","contentUrl":"https:\/\/secure.gravatar.com\/avatar\/2c80d5a4942fe0900b73cc7d3837a509d6ee0a276a2b76dac95c92bd0763a89b?s=96&d=mm&r=g","caption":"Zden\u011bk Zelenka"},"description":"Moji d\u011bt\u0161t\u00ed hrdinov\u00e9 se jmenovali Loprais, Moskal, Neveu, Vatanen, Rahier... A tihle borci, jejich n\u00e1sledovn\u00edci a jejich p\u0159\u00edb\u011bhy m\u011b nep\u0159estali fascinovat ani po letech, kdy jsem vyrostl a zam\u011bstn\u00e1valy m\u011b jin\u00e9 discipl\u00edny motorsportu. Proto se zrodila DAKARMANIA.","url":"https:\/\/www.dakarmania.cz\/index.php\/author\/dakarmania\/"}]}},"amp_enabled":true,"_links":{"self":[{"href":"https:\/\/www.dakarmania.cz\/index.php\/wp-json\/wp\/v2\/posts\/1421","targetHints":{"allow":["GET"]}}],"collection":[{"href":"https:\/\/www.dakarmania.cz\/index.php\/wp-json\/wp\/v2\/posts"}],"about":[{"href":"https:\/\/www.dakarmania.cz\/index.php\/wp-json\/wp\/v2\/types\/post"}],"author":[{"embeddable":true,"href":"https:\/\/www.dakarmania.cz\/index.php\/wp-json\/wp\/v2\/users\/1"}],"replies":[{"embeddable":true,"href":"https:\/\/www.dakarmania.cz\/index.php\/wp-json\/wp\/v2\/comments?post=1421"}],"version-history":[{"count":3,"href":"https:\/\/www.dakarmania.cz\/index.php\/wp-json\/wp\/v2\/posts\/1421\/revisions"}],"predecessor-version":[{"id":1428,"href":"https:\/\/www.dakarmania.cz\/index.php\/wp-json\/wp\/v2\/posts\/1421\/revisions\/1428"}],"wp:featuredmedia":[{"embeddable":true,"href":"https:\/\/www.dakarmania.cz\/index.php\/wp-json\/wp\/v2\/media\/1423"}],"wp:attachment":[{"href":"https:\/\/www.dakarmania.cz\/index.php\/wp-json\/wp\/v2\/media?parent=1421"}],"wp:term":[{"taxonomy":"category","embeddable":true,"href":"https:\/\/www.dakarmania.cz\/index.php\/wp-json\/wp\/v2\/categories?post=1421"},{"taxonomy":"post_tag","embeddable":true,"href":"https:\/\/www.dakarmania.cz\/index.php\/wp-json\/wp\/v2\/tags?post=1421"}],"curies":[{"name":"wp","href":"https:\/\/api.w.org\/{rel}","templated":true}]}}