{"id":14220,"date":"2020-01-07T02:47:00","date_gmt":"2020-01-07T01:47:00","guid":{"rendered":"https:\/\/www.dakarmania.cz\/?p=14220"},"modified":"2020-10-06T17:17:25","modified_gmt":"2020-10-06T15:17:25","slug":"dakar-2020-kubiena-opravoval","status":"publish","type":"post","link":"https:\/\/www.dakarmania.cz\/index.php\/2020\/01\/07\/dakar-2020-kubiena-opravoval\/","title":{"rendered":"Dakar 2020: Kubiena \u010dty\u0159i hodiny opravoval, T\u016fma posko\u010dil vp\u0159ed"},"content":{"rendered":"<p>[vc_row][vc_column][vc_column_text css_animation=&#8221;fadeIn&#8221;]<\/p>\n<h3>Zat\u00edmco Zde\u0148ku T\u016fmovi se ve druh\u00e9 etap\u011b Rally Dakar 2020 da\u0159ilo, Tom\u00e1\u0161 Kubiena musel spolknout velmi ho\u0159kou pilulku. Pl\u00e1ny jezdce t\u00fdmu Orion \u2013 Moto Racing Group na \u00fatok na medailov\u00e9 pozice zhatily \u2013 stejn\u011b jako ve t\u0159ech p\u0159edchoz\u00edch letech \u2013 technick\u00e9 probl\u00e9my. Pozitivn\u00ed je, \u017ee v sout\u011b\u017ei st\u00e1le pokra\u010duje.<\/h3>\n<p>[\/vc_column_text][vc_single_image image=&#8221;14218&#8243; img_size=&#8221;large&#8221; add_caption=&#8221;yes&#8221; alignment=&#8221;center&#8221; onclick=&#8221;link_image&#8221; css_animation=&#8221;fadeIn&#8221;][vc_column_text css_animation=&#8221;fadeIn&#8221;]V etap\u011b z Al Wejhu do Neomu m\u011bl <a href=\"\/index.php\/osobnosti\/tomas-kubiena\/\">Tom\u00e1\u0161 Kubiena<\/a> pot\u00ed\u017ee hned na startu m\u011b\u0159en\u00e9ho \u00faseku, kdy mu zhasl motor. Op\u011btovn\u00e9 nastartov\u00e1n\u00ed chv\u00edli trvalo, ale nakonec se nov\u00e1 Yamaha Raptor 700 p\u0159eci jen rozjela. Jen\u017ee po n\u011bkolika kilometrech se situace opakovala a tentokr\u00e1t u\u017e si technika tak snadno \u0159\u00edct nedala. \u010cty\u0159hodinov\u00e1 oprava kabel\u00e1\u017ee benzinov\u00e9 pumpy srazila Kubienu ze \u0161est\u00e9 a\u017e na osmn\u00e1ctou pozici.[\/vc_column_text][vc_column_text css_animation=&#8221;fadeIn&#8221; css=&#8221;.vc_custom_1578361319132{padding-top: 10px !important;padding-right: 10px !important;padding-bottom: 20px !important;padding-left: 10px !important;background-color: #dbd9d9 !important;}&#8221;]<strong>Dal\u0161\u00ed kategorie:<\/strong><\/p>\n<p><a href=\"\/index.php\/2020\/01\/06\/dakar-2020-kapotovy-maz-vede\/\"><strong>&gt; KAMIONY:<\/strong> Rychl\u00fd Vjazovi\u010d se nenechal nachytat a vede<\/a><br \/>\n<a href=\"\/index.php\/2020\/01\/06\/dakar-2020-alonso-vylomil-kolo\/\"><strong>&gt; AUTO:<\/strong> Alonso vylomil kolo, Terranova nov\u00fdm leaderem<\/a><br \/>\n<a href=\"\/index.php\/2020\/01\/06\/dakar-2020-den-rosse-branche\/\"><strong>&gt; MOTO:<\/strong> Velk\u00fd den Rosse Branche, do \u010dela jde Sunderland<\/a>[\/vc_column_text][vc_column_text css_animation=&#8221;fadeIn&#8221;]Tak\u00e9 Zden\u011bk T\u016fma v \u00favodu speci\u00e1lky z\u00e1polil s technikou, \u0159e\u0161il probl\u00e9m s odvzdu\u0161n\u011bn\u00edm n\u00e1dr\u017ee a nabral ztr\u00e1tu, ov\u0161em nesrovnateln\u011b men\u0161\u00ed ne\u017e jeho krajan.<\/p>\n<p><em>\u201e\u010cty\u0159kolka schytala opravdu hodn\u011b ran od kamen\u00ed, dost to drncalo. Dokonce se mi ztratily \u0161rouby od v\u00fdfuku. Divil jsme se, \u017ee nakonec nespadl. Z\u00e1v\u011bre\u010dn\u00fd kontroln\u00ed bod byl hodn\u011b schovan\u00fd a musel jsem se pro n\u011bj vr\u00e1tit, ale jsem r\u00e1d, \u017ee jsem druhou etapu p\u0159est\u00e1l bez penalizace,\u201c<\/em> popisuje <strong>Zden\u011bk T\u016fma<\/strong> dal\u0161\u00ed pr\u016fb\u011bh pond\u011bln\u00ed speci\u00e1lky, v jej\u00edm\u017e z\u00e1v\u011bru pro\u017eil je\u0161t\u011b jednu horkou chvilku: <em>\u201eZajel jsem na fe\u0161-fe\u0161ov\u00fd kopec. Zaryl jsem se do n\u011bj a spadl na bok. Na\u0161t\u011bst\u00ed to bylo do m\u011bk\u010d\u00edho p\u00edsku, pochroumala se jen trochu maska.\u201c<\/em>[\/vc_column_text][vc_single_image image=&#8221;14219&#8243; img_size=&#8221;large&#8221; add_caption=&#8221;yes&#8221; alignment=&#8221;center&#8221; onclick=&#8221;link_image&#8221; css_animation=&#8221;fadeIn&#8221;][vc_column_text css_animation=&#8221;fadeIn&#8221;]Navzdory popsan\u00fdm peripeti\u00edm byl jezdec t\u00fdmu Barth Racing na m\u011b\u0159en\u00e9m \u00faseku osm\u00fd nejrychlej\u0161\u00ed a v pr\u016fb\u011b\u017en\u00e9 klasifikaci se vyhoupl z dvac\u00e1t\u00e9ho na jeden\u00e1ct\u00e9 m\u00edsto.<\/p>\n<p>Chilan <a href=\"\/index.php\/osobnosti\/ignacio-casale\/\">Ignacio Casale<\/a> zopakoval v\u00edt\u011bzstv\u00ed z p\u0159edchoz\u00edho dne a sv\u016fj n\u00e1skok p\u0159ed pr\u016fb\u011b\u017en\u011b druh\u00fdm Rafa\u0142em Sonikem z Polska zv\u00fd\u0161il na dev\u011bt minut.<\/p>\n<p>\u010cty\u0159kolk\u00e1\u0159i a motocyklist\u00e9 absolvuj\u00ed v pond\u011bl\u00ed a \u00fater\u00fd tzv. supermaratonskou etapu. Po dojezdu do bivaku v Neomu m\u011bli pouh\u00fdch patn\u00e1ct minut na nejnutn\u011bj\u0161\u00ed \u00fadr\u017ebu sv\u00fdch stroj\u016f, p\u0159i kter\u00e9 jim nemohl asistovat nikdo z t\u00fdmu. Na rozd\u00edl od klasick\u00e9 maratonsk\u00e9 etapy, kter\u00e1 je na programu v z\u00e1v\u011bru sout\u011b\u017ee, v\u0161ak n\u00e1sledn\u011b odevzdali techniku do uzav\u0159en\u00e9ho parkovi\u0161t\u011b a noc mohli str\u00e1vit v t\u00fdmov\u00e9m z\u00e1zem\u00ed.[\/vc_column_text][vc_column_text css_animation=&#8221;fadeIn&#8221;]<\/p>\n<table style=\"width: 97.7654%;\" rules=\"rows\" cellpadding=\"4px\">\n<tbody>\n<tr style=\"background-color: #9e9d9d; color: white;\">\n<td style=\"text-align: center;\" colspan=\"4\"><span style=\"font-size: 10pt;\"><strong>Rally Dakar 2020<br \/>\n\u010cTY\u0158KOLKY<br \/>\npr\u016fb\u011b\u017en\u00e9 po\u0159ad\u00ed po 2. etap\u011b<\/strong><\/span><\/td>\n<\/tr>\n<tr style=\"background-color: #dbd9d9;\">\n<td>1.<\/td>\n<td>Ignacio Casale<\/td>\n<td>Yamaha Raptor 700<\/td>\n<td style=\"text-align: right;\">9:03:44<\/td>\n<\/tr>\n<tr style=\"background-color: #f2f2f2;\">\n<td>2.<\/td>\n<td>Rafa\u0142 Sonik<\/td>\n<td>Yamaha Raptor 700<\/td>\n<td style=\"text-align: right;\">+9:09<\/td>\n<\/tr>\n<tr style=\"background-color: #dbd9d9;\">\n<td>3.<\/td>\n<td>Giovanni Enrico<\/td>\n<td>Yamaha Raptor 700<\/td>\n<td style=\"text-align: right;\">+23:08<\/td>\n<\/tr>\n<tr style=\"background-color: #f2f2f2;\">\n<td>11.<\/td>\n<td>Zden\u011bk T\u016fma<\/td>\n<td>Yamaha Raptor 700<\/td>\n<td style=\"text-align: right;\">+3:21:41<\/td>\n<\/tr>\n<tr style=\"background-color: #dbd9d9;\">\n<td>18.<\/td>\n<td>Tom\u00e1\u0161 Kubiena<\/td>\n<td>Yamaha Raptor 700<\/td>\n<td style=\"text-align: right;\">+4:48:22<\/td>\n<\/tr>\n<\/tbody>\n<\/table>\n<p>[\/vc_column_text][vc_empty_space height=&#8221;5px&#8221;][\/vc_column][\/vc_row]<\/p>\n","protected":false},"excerpt":{"rendered":"<p>Zat\u00edmco Zde\u0148ku T\u016fmovi se ve druh\u00e9 etap\u011b Rally Dakar 2020 da\u0159ilo, Tom\u00e1\u0161 Kubiena musel spolknout velmi ho\u0159kou pilulku.<\/p>\n","protected":false},"author":1,"featured_media":14217,"comment_status":"open","ping_status":"closed","sticky":false,"template":"","format":"standard","meta":{"footnotes":""},"categories":[251,15],"tags":[903,1626,8,159,74,75,72,168,683],"class_list":["post-14220","post","type-post","status-publish","format-standard","has-post-thumbnail","hentry","category-dakar-2020","category-moto-quad","tag-903","tag-barth-racing","tag-dakar","tag-dakar-2020","tag-moto-racing-group","tag-mrg","tag-tomas-kubiena","tag-yamaha","tag-zdenek-tuma"],"yoast_head":"<!-- This site is optimized with the Yoast SEO plugin v24.9 - https:\/\/yoast.com\/wordpress\/plugins\/seo\/ -->\n<title>Dakar 2020: Kubiena \u010dty\u0159i hodiny opravoval, T\u016fma posko\u010dil vp\u0159ed - DAKARMANIA.cz<\/title>\n<meta name=\"description\" content=\"Zat\u00edmco Zde\u0148ku T\u016fmovi se ve druh\u00e9 etap\u011b Rally Dakar 2020 da\u0159ilo, Tom\u00e1\u0161 Kubiena musel spolknout velmi ho\u0159kou pilulku.\" \/>\n<meta name=\"robots\" content=\"index, follow, max-snippet:-1, max-image-preview:large, max-video-preview:-1\" \/>\n<link rel=\"canonical\" href=\"https:\/\/www.dakarmania.cz\/index.php\/2020\/01\/07\/dakar-2020-kubiena-opravoval\/\" \/>\n<meta property=\"og:locale\" content=\"cs_CZ\" \/>\n<meta property=\"og:type\" content=\"article\" \/>\n<meta property=\"og:title\" content=\"Dakar 2020: Kubiena \u010dty\u0159i hodiny opravoval, T\u016fma posko\u010dil vp\u0159ed - DAKARMANIA.cz\" \/>\n<meta property=\"og:description\" content=\"Zat\u00edmco Zde\u0148ku T\u016fmovi se ve druh\u00e9 etap\u011b Rally Dakar 2020 da\u0159ilo, Tom\u00e1\u0161 Kubiena musel spolknout velmi ho\u0159kou pilulku.\" \/>\n<meta property=\"og:url\" content=\"https:\/\/www.dakarmania.cz\/index.php\/2020\/01\/07\/dakar-2020-kubiena-opravoval\/\" \/>\n<meta property=\"og:site_name\" content=\"DAKARMANIA.cz\" \/>\n<meta property=\"article:publisher\" content=\"https:\/\/www.facebook.com\/dakarmania\/\" \/>\n<meta property=\"article:published_time\" content=\"2020-01-07T01:47:00+00:00\" \/>\n<meta property=\"article:modified_time\" content=\"2020-10-06T15:17:25+00:00\" \/>\n<meta property=\"og:image\" content=\"https:\/\/www.dakarmania.cz\/wp-content\/uploads\/2020\/01\/20-dakar-kubiena-03.jpg\" \/>\n\t<meta property=\"og:image:width\" content=\"1024\" \/>\n\t<meta property=\"og:image:height\" content=\"682\" \/>\n\t<meta property=\"og:image:type\" content=\"image\/jpeg\" \/>\n<meta name=\"author\" content=\"Zden\u011bk Zelenka\" \/>\n<meta name=\"twitter:card\" content=\"summary_large_image\" \/>\n<meta name=\"twitter:label1\" content=\"Napsal(a)\" \/>\n\t<meta name=\"twitter:data1\" content=\"Zden\u011bk Zelenka\" \/>\n\t<meta name=\"twitter:label2\" content=\"Odhadovan\u00e1 doba \u010dten\u00ed\" \/>\n\t<meta name=\"twitter:data2\" content=\"3 minuty\" \/>\n<script type=\"application\/ld+json\" class=\"yoast-schema-graph\">{\"@context\":\"https:\/\/schema.org\",\"@graph\":[{\"@type\":\"Article\",\"@id\":\"https:\/\/www.dakarmania.cz\/index.php\/2020\/01\/07\/dakar-2020-kubiena-opravoval\/#article\",\"isPartOf\":{\"@id\":\"https:\/\/www.dakarmania.cz\/index.php\/2020\/01\/07\/dakar-2020-kubiena-opravoval\/\"},\"author\":{\"name\":\"Zden\u011bk Zelenka\",\"@id\":\"https:\/\/www.dakarmania.cz\/#\/schema\/person\/04eb0e87a389631c2169c0dddae7ff1e\"},\"headline\":\"Dakar 2020: Kubiena \u010dty\u0159i hodiny opravoval, T\u016fma posko\u010dil vp\u0159ed\",\"datePublished\":\"2020-01-07T01:47:00+00:00\",\"dateModified\":\"2020-10-06T15:17:25+00:00\",\"mainEntityOfPage\":{\"@id\":\"https:\/\/www.dakarmania.cz\/index.php\/2020\/01\/07\/dakar-2020-kubiena-opravoval\/\"},\"wordCount\":638,\"commentCount\":0,\"publisher\":{\"@id\":\"https:\/\/www.dakarmania.cz\/#organization\"},\"image\":{\"@id\":\"https:\/\/www.dakarmania.cz\/index.php\/2020\/01\/07\/dakar-2020-kubiena-opravoval\/#primaryimage\"},\"thumbnailUrl\":\"https:\/\/www.dakarmania.cz\/wp-content\/uploads\/2020\/01\/20-dakar-kubiena-03.jpg\",\"keywords\":[\"2020\",\"Barth Racing\",\"Dakar\",\"Dakar 2020\",\"Moto Racing Group\",\"MRG\",\"Tom\u00e1\u0161 Kubiena\",\"Yamaha\",\"Zden\u011bk T\u016fma\"],\"articleSection\":[\"Dakar 2020\",\"Moto\/Quad\"],\"inLanguage\":\"cs\",\"potentialAction\":[{\"@type\":\"CommentAction\",\"name\":\"Comment\",\"target\":[\"https:\/\/www.dakarmania.cz\/index.php\/2020\/01\/07\/dakar-2020-kubiena-opravoval\/#respond\"]}]},{\"@type\":\"WebPage\",\"@id\":\"https:\/\/www.dakarmania.cz\/index.php\/2020\/01\/07\/dakar-2020-kubiena-opravoval\/\",\"url\":\"https:\/\/www.dakarmania.cz\/index.php\/2020\/01\/07\/dakar-2020-kubiena-opravoval\/\",\"name\":\"Dakar 2020: Kubiena \u010dty\u0159i hodiny opravoval, T\u016fma posko\u010dil vp\u0159ed - DAKARMANIA.cz\",\"isPartOf\":{\"@id\":\"https:\/\/www.dakarmania.cz\/#website\"},\"primaryImageOfPage\":{\"@id\":\"https:\/\/www.dakarmania.cz\/index.php\/2020\/01\/07\/dakar-2020-kubiena-opravoval\/#primaryimage\"},\"image\":{\"@id\":\"https:\/\/www.dakarmania.cz\/index.php\/2020\/01\/07\/dakar-2020-kubiena-opravoval\/#primaryimage\"},\"thumbnailUrl\":\"https:\/\/www.dakarmania.cz\/wp-content\/uploads\/2020\/01\/20-dakar-kubiena-03.jpg\",\"datePublished\":\"2020-01-07T01:47:00+00:00\",\"dateModified\":\"2020-10-06T15:17:25+00:00\",\"description\":\"Zat\u00edmco Zde\u0148ku T\u016fmovi se ve druh\u00e9 etap\u011b Rally Dakar 2020 da\u0159ilo, Tom\u00e1\u0161 Kubiena musel spolknout velmi ho\u0159kou pilulku.\",\"breadcrumb\":{\"@id\":\"https:\/\/www.dakarmania.cz\/index.php\/2020\/01\/07\/dakar-2020-kubiena-opravoval\/#breadcrumb\"},\"inLanguage\":\"cs\",\"potentialAction\":[{\"@type\":\"ReadAction\",\"target\":[\"https:\/\/www.dakarmania.cz\/index.php\/2020\/01\/07\/dakar-2020-kubiena-opravoval\/\"]}]},{\"@type\":\"ImageObject\",\"inLanguage\":\"cs\",\"@id\":\"https:\/\/www.dakarmania.cz\/index.php\/2020\/01\/07\/dakar-2020-kubiena-opravoval\/#primaryimage\",\"url\":\"https:\/\/www.dakarmania.cz\/wp-content\/uploads\/2020\/01\/20-dakar-kubiena-03.jpg\",\"contentUrl\":\"https:\/\/www.dakarmania.cz\/wp-content\/uploads\/2020\/01\/20-dakar-kubiena-03.jpg\",\"width\":1024,\"height\":682,\"caption\":\"Tom\u00e1\u0161 Kubiena, Yamaha YFM 700 Raptor, Orion - Moto Racing Group. Rally Dakar 2020. \u00a9 ASO\"},{\"@type\":\"BreadcrumbList\",\"@id\":\"https:\/\/www.dakarmania.cz\/index.php\/2020\/01\/07\/dakar-2020-kubiena-opravoval\/#breadcrumb\",\"itemListElement\":[{\"@type\":\"ListItem\",\"position\":1,\"name\":\"Dom\u016f\",\"item\":\"https:\/\/www.dakarmania.cz\/\"},{\"@type\":\"ListItem\",\"position\":2,\"name\":\"Dakar 2020: Kubiena \u010dty\u0159i hodiny opravoval, T\u016fma posko\u010dil vp\u0159ed\"}]},{\"@type\":\"WebSite\",\"@id\":\"https:\/\/www.dakarmania.cz\/#website\",\"url\":\"https:\/\/www.dakarmania.cz\/\",\"name\":\"DAKARMANIA.cz\",\"description\":\"\u017dijeme Dakarem cel\u00fd rok\",\"publisher\":{\"@id\":\"https:\/\/www.dakarmania.cz\/#organization\"},\"potentialAction\":[{\"@type\":\"SearchAction\",\"target\":{\"@type\":\"EntryPoint\",\"urlTemplate\":\"https:\/\/www.dakarmania.cz\/?s={search_term_string}\"},\"query-input\":{\"@type\":\"PropertyValueSpecification\",\"valueRequired\":true,\"valueName\":\"search_term_string\"}}],\"inLanguage\":\"cs\"},{\"@type\":\"Organization\",\"@id\":\"https:\/\/www.dakarmania.cz\/#organization\",\"name\":\"DAKAR MANIA\",\"url\":\"https:\/\/www.dakarmania.cz\/\",\"logo\":{\"@type\":\"ImageObject\",\"inLanguage\":\"cs\",\"@id\":\"https:\/\/www.dakarmania.cz\/#\/schema\/logo\/image\/\",\"url\":\"https:\/\/www.dakarmania.cz\/wp-content\/uploads\/2018\/12\/Dakar-Mania-Logo-Square-Orange.png\",\"contentUrl\":\"https:\/\/www.dakarmania.cz\/wp-content\/uploads\/2018\/12\/Dakar-Mania-Logo-Square-Orange.png\",\"width\":992,\"height\":992,\"caption\":\"DAKAR MANIA\"},\"image\":{\"@id\":\"https:\/\/www.dakarmania.cz\/#\/schema\/logo\/image\/\"},\"sameAs\":[\"https:\/\/www.facebook.com\/dakarmania\/\"]},{\"@type\":\"Person\",\"@id\":\"https:\/\/www.dakarmania.cz\/#\/schema\/person\/04eb0e87a389631c2169c0dddae7ff1e\",\"name\":\"Zden\u011bk Zelenka\",\"image\":{\"@type\":\"ImageObject\",\"inLanguage\":\"cs\",\"@id\":\"https:\/\/www.dakarmania.cz\/#\/schema\/person\/image\/\",\"url\":\"https:\/\/secure.gravatar.com\/avatar\/2c80d5a4942fe0900b73cc7d3837a509d6ee0a276a2b76dac95c92bd0763a89b?s=96&d=mm&r=g\",\"contentUrl\":\"https:\/\/secure.gravatar.com\/avatar\/2c80d5a4942fe0900b73cc7d3837a509d6ee0a276a2b76dac95c92bd0763a89b?s=96&d=mm&r=g\",\"caption\":\"Zden\u011bk Zelenka\"},\"description\":\"Moji d\u011bt\u0161t\u00ed hrdinov\u00e9 se jmenovali Loprais, Moskal, Neveu, Vatanen, Rahier... A tihle borci, jejich n\u00e1sledovn\u00edci a jejich p\u0159\u00edb\u011bhy m\u011b nep\u0159estali fascinovat ani po letech, kdy jsem vyrostl a zam\u011bstn\u00e1valy m\u011b jin\u00e9 discipl\u00edny motorsportu. Proto se zrodila DAKARMANIA.\",\"url\":\"https:\/\/www.dakarmania.cz\/index.php\/author\/dakarmania\/\"}]}<\/script>\n<!-- \/ Yoast SEO plugin. -->","yoast_head_json":{"title":"Dakar 2020: Kubiena \u010dty\u0159i hodiny opravoval, T\u016fma posko\u010dil vp\u0159ed - DAKARMANIA.cz","description":"Zat\u00edmco Zde\u0148ku T\u016fmovi se ve druh\u00e9 etap\u011b Rally Dakar 2020 da\u0159ilo, Tom\u00e1\u0161 Kubiena musel spolknout velmi ho\u0159kou pilulku.","robots":{"index":"index","follow":"follow","max-snippet":"max-snippet:-1","max-image-preview":"max-image-preview:large","max-video-preview":"max-video-preview:-1"},"canonical":"https:\/\/www.dakarmania.cz\/index.php\/2020\/01\/07\/dakar-2020-kubiena-opravoval\/","og_locale":"cs_CZ","og_type":"article","og_title":"Dakar 2020: Kubiena \u010dty\u0159i hodiny opravoval, T\u016fma posko\u010dil vp\u0159ed - DAKARMANIA.cz","og_description":"Zat\u00edmco Zde\u0148ku T\u016fmovi se ve druh\u00e9 etap\u011b Rally Dakar 2020 da\u0159ilo, Tom\u00e1\u0161 Kubiena musel spolknout velmi ho\u0159kou pilulku.","og_url":"https:\/\/www.dakarmania.cz\/index.php\/2020\/01\/07\/dakar-2020-kubiena-opravoval\/","og_site_name":"DAKARMANIA.cz","article_publisher":"https:\/\/www.facebook.com\/dakarmania\/","article_published_time":"2020-01-07T01:47:00+00:00","article_modified_time":"2020-10-06T15:17:25+00:00","og_image":[{"width":1024,"height":682,"url":"https:\/\/www.dakarmania.cz\/wp-content\/uploads\/2020\/01\/20-dakar-kubiena-03.jpg","type":"image\/jpeg"}],"author":"Zden\u011bk Zelenka","twitter_card":"summary_large_image","twitter_misc":{"Napsal(a)":"Zden\u011bk Zelenka","Odhadovan\u00e1 doba \u010dten\u00ed":"3 minuty"},"schema":{"@context":"https:\/\/schema.org","@graph":[{"@type":"Article","@id":"https:\/\/www.dakarmania.cz\/index.php\/2020\/01\/07\/dakar-2020-kubiena-opravoval\/#article","isPartOf":{"@id":"https:\/\/www.dakarmania.cz\/index.php\/2020\/01\/07\/dakar-2020-kubiena-opravoval\/"},"author":{"name":"Zden\u011bk Zelenka","@id":"https:\/\/www.dakarmania.cz\/#\/schema\/person\/04eb0e87a389631c2169c0dddae7ff1e"},"headline":"Dakar 2020: Kubiena \u010dty\u0159i hodiny opravoval, T\u016fma posko\u010dil vp\u0159ed","datePublished":"2020-01-07T01:47:00+00:00","dateModified":"2020-10-06T15:17:25+00:00","mainEntityOfPage":{"@id":"https:\/\/www.dakarmania.cz\/index.php\/2020\/01\/07\/dakar-2020-kubiena-opravoval\/"},"wordCount":638,"commentCount":0,"publisher":{"@id":"https:\/\/www.dakarmania.cz\/#organization"},"image":{"@id":"https:\/\/www.dakarmania.cz\/index.php\/2020\/01\/07\/dakar-2020-kubiena-opravoval\/#primaryimage"},"thumbnailUrl":"https:\/\/www.dakarmania.cz\/wp-content\/uploads\/2020\/01\/20-dakar-kubiena-03.jpg","keywords":["2020","Barth Racing","Dakar","Dakar 2020","Moto Racing Group","MRG","Tom\u00e1\u0161 Kubiena","Yamaha","Zden\u011bk T\u016fma"],"articleSection":["Dakar 2020","Moto\/Quad"],"inLanguage":"cs","potentialAction":[{"@type":"CommentAction","name":"Comment","target":["https:\/\/www.dakarmania.cz\/index.php\/2020\/01\/07\/dakar-2020-kubiena-opravoval\/#respond"]}]},{"@type":"WebPage","@id":"https:\/\/www.dakarmania.cz\/index.php\/2020\/01\/07\/dakar-2020-kubiena-opravoval\/","url":"https:\/\/www.dakarmania.cz\/index.php\/2020\/01\/07\/dakar-2020-kubiena-opravoval\/","name":"Dakar 2020: Kubiena \u010dty\u0159i hodiny opravoval, T\u016fma posko\u010dil vp\u0159ed - DAKARMANIA.cz","isPartOf":{"@id":"https:\/\/www.dakarmania.cz\/#website"},"primaryImageOfPage":{"@id":"https:\/\/www.dakarmania.cz\/index.php\/2020\/01\/07\/dakar-2020-kubiena-opravoval\/#primaryimage"},"image":{"@id":"https:\/\/www.dakarmania.cz\/index.php\/2020\/01\/07\/dakar-2020-kubiena-opravoval\/#primaryimage"},"thumbnailUrl":"https:\/\/www.dakarmania.cz\/wp-content\/uploads\/2020\/01\/20-dakar-kubiena-03.jpg","datePublished":"2020-01-07T01:47:00+00:00","dateModified":"2020-10-06T15:17:25+00:00","description":"Zat\u00edmco Zde\u0148ku T\u016fmovi se ve druh\u00e9 etap\u011b Rally Dakar 2020 da\u0159ilo, Tom\u00e1\u0161 Kubiena musel spolknout velmi ho\u0159kou pilulku.","breadcrumb":{"@id":"https:\/\/www.dakarmania.cz\/index.php\/2020\/01\/07\/dakar-2020-kubiena-opravoval\/#breadcrumb"},"inLanguage":"cs","potentialAction":[{"@type":"ReadAction","target":["https:\/\/www.dakarmania.cz\/index.php\/2020\/01\/07\/dakar-2020-kubiena-opravoval\/"]}]},{"@type":"ImageObject","inLanguage":"cs","@id":"https:\/\/www.dakarmania.cz\/index.php\/2020\/01\/07\/dakar-2020-kubiena-opravoval\/#primaryimage","url":"https:\/\/www.dakarmania.cz\/wp-content\/uploads\/2020\/01\/20-dakar-kubiena-03.jpg","contentUrl":"https:\/\/www.dakarmania.cz\/wp-content\/uploads\/2020\/01\/20-dakar-kubiena-03.jpg","width":1024,"height":682,"caption":"Tom\u00e1\u0161 Kubiena, Yamaha YFM 700 Raptor, Orion - Moto Racing Group. Rally Dakar 2020. \u00a9 ASO"},{"@type":"BreadcrumbList","@id":"https:\/\/www.dakarmania.cz\/index.php\/2020\/01\/07\/dakar-2020-kubiena-opravoval\/#breadcrumb","itemListElement":[{"@type":"ListItem","position":1,"name":"Dom\u016f","item":"https:\/\/www.dakarmania.cz\/"},{"@type":"ListItem","position":2,"name":"Dakar 2020: Kubiena \u010dty\u0159i hodiny opravoval, T\u016fma posko\u010dil vp\u0159ed"}]},{"@type":"WebSite","@id":"https:\/\/www.dakarmania.cz\/#website","url":"https:\/\/www.dakarmania.cz\/","name":"DAKARMANIA.cz","description":"\u017dijeme Dakarem cel\u00fd rok","publisher":{"@id":"https:\/\/www.dakarmania.cz\/#organization"},"potentialAction":[{"@type":"SearchAction","target":{"@type":"EntryPoint","urlTemplate":"https:\/\/www.dakarmania.cz\/?s={search_term_string}"},"query-input":{"@type":"PropertyValueSpecification","valueRequired":true,"valueName":"search_term_string"}}],"inLanguage":"cs"},{"@type":"Organization","@id":"https:\/\/www.dakarmania.cz\/#organization","name":"DAKAR MANIA","url":"https:\/\/www.dakarmania.cz\/","logo":{"@type":"ImageObject","inLanguage":"cs","@id":"https:\/\/www.dakarmania.cz\/#\/schema\/logo\/image\/","url":"https:\/\/www.dakarmania.cz\/wp-content\/uploads\/2018\/12\/Dakar-Mania-Logo-Square-Orange.png","contentUrl":"https:\/\/www.dakarmania.cz\/wp-content\/uploads\/2018\/12\/Dakar-Mania-Logo-Square-Orange.png","width":992,"height":992,"caption":"DAKAR MANIA"},"image":{"@id":"https:\/\/www.dakarmania.cz\/#\/schema\/logo\/image\/"},"sameAs":["https:\/\/www.facebook.com\/dakarmania\/"]},{"@type":"Person","@id":"https:\/\/www.dakarmania.cz\/#\/schema\/person\/04eb0e87a389631c2169c0dddae7ff1e","name":"Zden\u011bk Zelenka","image":{"@type":"ImageObject","inLanguage":"cs","@id":"https:\/\/www.dakarmania.cz\/#\/schema\/person\/image\/","url":"https:\/\/secure.gravatar.com\/avatar\/2c80d5a4942fe0900b73cc7d3837a509d6ee0a276a2b76dac95c92bd0763a89b?s=96&d=mm&r=g","contentUrl":"https:\/\/secure.gravatar.com\/avatar\/2c80d5a4942fe0900b73cc7d3837a509d6ee0a276a2b76dac95c92bd0763a89b?s=96&d=mm&r=g","caption":"Zden\u011bk Zelenka"},"description":"Moji d\u011bt\u0161t\u00ed hrdinov\u00e9 se jmenovali Loprais, Moskal, Neveu, Vatanen, Rahier... A tihle borci, jejich n\u00e1sledovn\u00edci a jejich p\u0159\u00edb\u011bhy m\u011b nep\u0159estali fascinovat ani po letech, kdy jsem vyrostl a zam\u011bstn\u00e1valy m\u011b jin\u00e9 discipl\u00edny motorsportu. Proto se zrodila DAKARMANIA.","url":"https:\/\/www.dakarmania.cz\/index.php\/author\/dakarmania\/"}]}},"amp_enabled":true,"_links":{"self":[{"href":"https:\/\/www.dakarmania.cz\/index.php\/wp-json\/wp\/v2\/posts\/14220","targetHints":{"allow":["GET"]}}],"collection":[{"href":"https:\/\/www.dakarmania.cz\/index.php\/wp-json\/wp\/v2\/posts"}],"about":[{"href":"https:\/\/www.dakarmania.cz\/index.php\/wp-json\/wp\/v2\/types\/post"}],"author":[{"embeddable":true,"href":"https:\/\/www.dakarmania.cz\/index.php\/wp-json\/wp\/v2\/users\/1"}],"replies":[{"embeddable":true,"href":"https:\/\/www.dakarmania.cz\/index.php\/wp-json\/wp\/v2\/comments?post=14220"}],"version-history":[{"count":1,"href":"https:\/\/www.dakarmania.cz\/index.php\/wp-json\/wp\/v2\/posts\/14220\/revisions"}],"predecessor-version":[{"id":14221,"href":"https:\/\/www.dakarmania.cz\/index.php\/wp-json\/wp\/v2\/posts\/14220\/revisions\/14221"}],"wp:featuredmedia":[{"embeddable":true,"href":"https:\/\/www.dakarmania.cz\/index.php\/wp-json\/wp\/v2\/media\/14217"}],"wp:attachment":[{"href":"https:\/\/www.dakarmania.cz\/index.php\/wp-json\/wp\/v2\/media?parent=14220"}],"wp:term":[{"taxonomy":"category","embeddable":true,"href":"https:\/\/www.dakarmania.cz\/index.php\/wp-json\/wp\/v2\/categories?post=14220"},{"taxonomy":"post_tag","embeddable":true,"href":"https:\/\/www.dakarmania.cz\/index.php\/wp-json\/wp\/v2\/tags?post=14220"}],"curies":[{"name":"wp","href":"https:\/\/api.w.org\/{rel}","templated":true}]}}