{"id":1429,"date":"2019-01-04T20:20:21","date_gmt":"2019-01-04T20:20:21","guid":{"rendered":"https:\/\/www.dakarmania.cz\/?p=1429"},"modified":"2019-01-04T20:20:21","modified_gmt":"2019-01-04T20:20:21","slug":"africa-race-2019-etapa-pro-ullevalsetera-benko-atakuje-podium","status":"publish","type":"post","link":"https:\/\/www.dakarmania.cz\/index.php\/2019\/01\/04\/africa-race-2019-etapa-pro-ullevalsetera-benko-atakuje-podium\/","title":{"rendered":"Africa Race 2019: Etapa pro Ullev\u00e5lsetera, Benko atakuje p\u00f3dium"},"content":{"rendered":"<p>[vc_row][vc_column][vc_column_text]<\/p>\n<h4>\u010ctvrt\u00e1 etapa Africa Eco Race 2019 nab\u00eddla v kategorii motocykl\u016f zaj\u00edmav\u00e9 pokra\u010dov\u00e1n\u00ed souboje o medailov\u00e9 pozice. Nor Ullev\u00e5lseter umazal dv\u011b minuty z n\u00e1skoku vedouc\u00edho Botturiho a Slov\u00e1k Benko se v\u00fdrazn\u011b p\u0159ibl\u00ed\u017eil pr\u016fb\u011b\u017en\u011b t\u0159et\u00edmu Agazzimu.<\/h4>\n<p>Jednomu lich\u00e1, druh\u00e9mu sud\u00e1. Tak pravideln\u011b se zat\u00edm st\u0159\u00eddaj\u00ed o etapov\u00e1 v\u00edt\u011bzstv\u00ed Alessandro Botturi a P\u00e5l Anders Ullev\u00e5lseter. Dne\u0161n\u00ed speci\u00e1lku dlouhou 493 kilometr\u016f zvl\u00e1dl Nor na sv\u00e9 KTM o dv\u011b minuty rychleji ne\u017e jeho rival na Yamaze a v pr\u016fb\u011b\u017en\u00e9m hodnocen\u00ed se Italovi p\u0159ibl\u00ed\u017eil na rozd\u00edl p\u011bti minut a osmi sekund.<\/p>\n<p>O pozn\u00e1n\u00ed intenzivn\u011bj\u0161\u00ed je po p\u00e1tku tak\u00e9 souboj o t\u0159et\u00ed m\u00edsto. Martin Benko (KTM) byl v etap\u011b op\u011bt \u010dtvrt\u00fd, jen\u017ee pr\u016fb\u011b\u017en\u011b t\u0159et\u00ed Simone Agazzi s Hondou dojel do c\u00edle a\u017e jako des\u00e1t\u00fd a se slovensk\u00fdm z\u00e1vodn\u00edkem prohr\u00e1l o v\u00edce ne\u017e 26 minut. D\u00edky tomu Benko zaost\u00e1v\u00e1 za Italem u\u017e jen o \u010dty\u0159i a p\u016fl minuty.[\/vc_column_text][vc_single_image image=&#8221;1426&#8243; img_size=&#8221;large&#8221; add_caption=&#8221;yes&#8221; alignment=&#8221;center&#8221;][vc_separator][vc_column_text]Benk\u016fv krajan J\u00e1n Za\u0165ko (KTM) si v etap\u011b p\u0159ipsal \u0161estn\u00e1ct\u00fd \u010das a v pr\u016fb\u011b\u017en\u00e9m po\u0159ad\u00ed si o p\u0159\u00ed\u010dku pohor\u0161il. Po p\u00e1tku je \u010dtrn\u00e1ct\u00fd.<\/p>\n<p>Na\u0161tvan\u00fd s\u00e1m na sebe dorazil do bivaku Luk\u00e1\u0161 Kvapil (Husqvarna), kter\u00fd bloudil a n\u00e1sledn\u011b \u010delil i dal\u0161\u00edm komplikac\u00edm.<\/p>\n<p><em>\u201ePo tankov\u00e1n\u00ed jsem zapomn\u011bl p\u0159epnout n\u00e1dr\u017ee na p\u0159edky. Tak\u017ee jsem si pak celou cestu odleh\u010doval m\u00edsto p\u0159edku zadek. Po vyjet\u00ed paliva ze zadn\u00edch n\u00e1dr\u017e\u00ed se motorka stala t\u00e9m\u011b\u0159 neovladatelnou a jej\u00ed podvozek nefungoval, proto\u017ee v\u0161echnu v\u00e1hu m\u011bla na p\u0159edku,\u201c<\/em> popisuje <strong>Luk\u00e1\u0161 Kvapil<\/strong>. <em>\u201eA to v dne\u0161n\u00ed etap\u011b bylo i dobr\u00fdch patn\u00e1ct kilometr\u016f dun. Po dvou stech kilometrech jsem myslel, \u017ee mi upadnou ruce, ale do c\u00edle jsem nakonec dojel.\u201c<\/em><\/p>\n<p>V\u00fdsledkem bylo 37. m\u00edsto v etap\u011b a pokles na 33. pozici pr\u016fb\u011b\u017en\u00e9ho po\u0159ad\u00ed.<\/p>\n<p>V sobotu 5. ledna pokra\u010duje Africa Eco Race 2019 p\u00e1tou etapou z Fort Chacalu do Daklhy, kde sout\u011b\u017e\u00edc\u00ed v ned\u011bli tak\u00e9 str\u00e1v\u00ed den odpo\u010dinku. P\u0159edt\u00edm ale je\u0161t\u011b mus\u00ed zdolat 419 kilometr\u016f m\u011b\u0159en\u00e9ho \u00faseku a 219 kilometr\u016f na p\u0159ejezdech.[\/vc_column_text][vc_column_text]<\/p>\n<table style=\"width: 97.7654%; height: 192px;\" cellpadding=\"10\">\n<thead>\n<tr style=\"background-color: #ff7d0e;\">\n<td style=\"width: 6.51685%; height: 24px;\" colspan=\"4\"><strong>Africa Eco Race 2019 &#8211; MOTOCYKLY po 4. etap\u011b<\/strong><\/td>\n<\/tr>\n<\/thead>\n<tbody>\n<tr style=\"height: 24px;\">\n<td style=\"width: 6.51685%; height: 24px;\">1.<\/td>\n<td style=\"width: 39.6629%; height: 24px;\">Alessandro Botturi<\/td>\n<td style=\"width: 29.2135%; height: 24px;\">Yamaha<\/td>\n<td style=\"width: 23.4831%; height: 24px;\">16:31:57<\/td>\n<\/tr>\n<tr style=\"height: 24px;\">\n<td style=\"width: 6.51685%; height: 24px;\">2.<\/td>\n<td style=\"width: 39.6629%; height: 24px;\">P\u00e5l Anders Ullev\u00e5lseter<\/td>\n<td style=\"width: 29.2135%; height: 24px;\">KTM<\/td>\n<td style=\"width: 23.4831%; height: 24px;\">+5:08<\/td>\n<\/tr>\n<tr style=\"height: 24px;\">\n<td style=\"width: 6.51685%; height: 24px;\">3.<\/td>\n<td style=\"width: 39.6629%; height: 24px;\">Simone Agazzi<\/td>\n<td style=\"width: 29.2135%; height: 24px;\">Honda<\/td>\n<td style=\"width: 23.4831%; height: 24px;\">+1:38:09<\/td>\n<\/tr>\n<tr style=\"height: 24px;\">\n<td style=\"width: 6.51685%; height: 24px;\">4.<\/td>\n<td style=\"width: 39.6629%; height: 24px;\">Martin Benko<\/td>\n<td style=\"width: 29.2135%; height: 24px;\">KTM<\/td>\n<td style=\"width: 23.4831%; height: 24px;\">+1:42:39<\/td>\n<\/tr>\n<tr style=\"height: 24px;\">\n<td style=\"width: 6.51685%; height: 24px;\">5.<\/td>\n<td style=\"width: 39.6629%; height: 24px;\">Felix Jensen<\/td>\n<td style=\"width: 29.2135%; height: 24px;\">KTM<\/td>\n<td style=\"width: 23.4831%; height: 24px;\">+2:05:07<\/td>\n<\/tr>\n<tr style=\"height: 24px;\">\n<td style=\"width: 6.51685%; height: 24px;\">14.<\/td>\n<td style=\"width: 39.6629%; height: 24px;\">J\u00e1n Za\u0165ko<\/td>\n<td style=\"width: 29.2135%; height: 24px;\">KTM<\/td>\n<td style=\"width: 23.4831%; height: 24px;\">+4:22:34<\/td>\n<\/tr>\n<tr style=\"height: 24px;\">\n<td style=\"width: 6.51685%; height: 24px;\">33.<\/td>\n<td style=\"width: 39.6629%; height: 24px;\">Luk\u00e1\u0161 Kvapil<\/td>\n<td style=\"width: 29.2135%; height: 24px;\">Husqvarna<\/td>\n<td style=\"width: 23.4831%; height: 24px;\">+8:58:47<\/td>\n<\/tr>\n<\/tbody>\n<\/table>\n<p>[\/vc_column_text][\/vc_column][\/vc_row]<\/p>\n","protected":false},"excerpt":{"rendered":"<p>[vc_row][vc_column][vc_column_text] \u010ctvrt\u00e1 etapa Africa Eco Race 2019 nab\u00eddla v kategorii motocykl\u016f zaj\u00edmav\u00e9 pokra\u010dov\u00e1n\u00ed souboje o medailov\u00e9 pozice. Nor Ullev\u00e5lseter umazal dv\u011b minuty z n\u00e1skoku vedouc\u00edho Botturiho a Slov\u00e1k Benko se v\u00fdrazn\u011b p\u0159ibl\u00ed\u017eil pr\u016fb\u011b\u017en\u011b t\u0159et\u00edmu Agazzimu. Jednomu lich\u00e1, druh\u00e9mu sud\u00e1. Tak pravideln\u011b se zat\u00edm st\u0159\u00eddaj\u00ed o etapov\u00e1 v\u00edt\u011bzstv\u00ed Alessandro Botturi a P\u00e5l Anders Ullev\u00e5lseter. Dne\u0161n\u00ed speci\u00e1lku [&hellip;]<\/p>\n","protected":false},"author":1,"featured_media":1427,"comment_status":"open","ping_status":"closed","sticky":false,"template":"","format":"standard","meta":{"footnotes":""},"categories":[119,15],"tags":[120,121,167,129,64,173,63,140,139,171,169,172,168],"class_list":["post-1429","post","type-post","status-publish","format-standard","has-post-thumbnail","hentry","category-africa-eco-race","category-moto-quad","tag-aer","tag-aer-2019","tag-alessandro-botturi","tag-honda","tag-husqvarna","tag-jan-zatko","tag-ktm","tag-lr-horse-power","tag-lukas-kvapil","tag-martin-benko","tag-pal-anders-ullevalseter","tag-simone-agazzi","tag-yamaha"],"yoast_head":"<!-- This site is optimized with the Yoast SEO plugin v24.9 - https:\/\/yoast.com\/wordpress\/plugins\/seo\/ -->\n<title>Africa Race 2019: Etapa pro Ullev\u00e5lsetera, Benko atakuje p\u00f3dium - DAKARMANIA.cz<\/title>\n<meta name=\"description\" content=\"\u010ctvrt\u00e1 etapa Africa Eco Race 2019 nab\u00eddla v kategorii motocykl\u016f zaj\u00edmav\u00e9 pokra\u010dov\u00e1n\u00ed souboje o medailov\u00e9 pozice.\" \/>\n<meta name=\"robots\" content=\"index, follow, max-snippet:-1, max-image-preview:large, max-video-preview:-1\" \/>\n<link rel=\"canonical\" href=\"https:\/\/www.dakarmania.cz\/index.php\/2019\/01\/04\/africa-race-2019-etapa-pro-ullevalsetera-benko-atakuje-podium\/\" \/>\n<meta property=\"og:locale\" content=\"cs_CZ\" \/>\n<meta property=\"og:type\" content=\"article\" \/>\n<meta property=\"og:title\" content=\"Africa Race 2019: Etapa pro Ullev\u00e5lsetera, Benko atakuje p\u00f3dium - DAKARMANIA.cz\" \/>\n<meta property=\"og:description\" content=\"\u010ctvrt\u00e1 etapa Africa Eco Race 2019 nab\u00eddla v kategorii motocykl\u016f zaj\u00edmav\u00e9 pokra\u010dov\u00e1n\u00ed souboje o medailov\u00e9 pozice.\" \/>\n<meta property=\"og:url\" content=\"https:\/\/www.dakarmania.cz\/index.php\/2019\/01\/04\/africa-race-2019-etapa-pro-ullevalsetera-benko-atakuje-podium\/\" \/>\n<meta property=\"og:site_name\" content=\"DAKARMANIA.cz\" \/>\n<meta property=\"article:publisher\" content=\"https:\/\/www.facebook.com\/dakarmania\/\" \/>\n<meta property=\"article:published_time\" content=\"2019-01-04T20:20:21+00:00\" \/>\n<meta property=\"og:image\" content=\"https:\/\/www.dakarmania.cz\/wp-content\/uploads\/2019\/01\/19-aer-ullevalseter02-1024x683.jpg\" \/>\n\t<meta property=\"og:image:width\" content=\"1024\" \/>\n\t<meta property=\"og:image:height\" content=\"683\" \/>\n\t<meta property=\"og:image:type\" content=\"image\/jpeg\" \/>\n<meta name=\"author\" content=\"Zden\u011bk Zelenka\" \/>\n<meta name=\"twitter:card\" content=\"summary_large_image\" \/>\n<meta name=\"twitter:label1\" content=\"Napsal(a)\" \/>\n\t<meta name=\"twitter:data1\" content=\"Zden\u011bk Zelenka\" \/>\n\t<meta name=\"twitter:label2\" content=\"Odhadovan\u00e1 doba \u010dten\u00ed\" \/>\n\t<meta name=\"twitter:data2\" content=\"2 minuty\" \/>\n<script type=\"application\/ld+json\" class=\"yoast-schema-graph\">{\"@context\":\"https:\/\/schema.org\",\"@graph\":[{\"@type\":\"Article\",\"@id\":\"https:\/\/www.dakarmania.cz\/index.php\/2019\/01\/04\/africa-race-2019-etapa-pro-ullevalsetera-benko-atakuje-podium\/#article\",\"isPartOf\":{\"@id\":\"https:\/\/www.dakarmania.cz\/index.php\/2019\/01\/04\/africa-race-2019-etapa-pro-ullevalsetera-benko-atakuje-podium\/\"},\"author\":{\"name\":\"Zden\u011bk Zelenka\",\"@id\":\"https:\/\/www.dakarmania.cz\/#\/schema\/person\/04eb0e87a389631c2169c0dddae7ff1e\"},\"headline\":\"Africa Race 2019: Etapa pro Ullev\u00e5lsetera, Benko atakuje p\u00f3dium\",\"datePublished\":\"2019-01-04T20:20:21+00:00\",\"mainEntityOfPage\":{\"@id\":\"https:\/\/www.dakarmania.cz\/index.php\/2019\/01\/04\/africa-race-2019-etapa-pro-ullevalsetera-benko-atakuje-podium\/\"},\"wordCount\":486,\"commentCount\":0,\"publisher\":{\"@id\":\"https:\/\/www.dakarmania.cz\/#organization\"},\"image\":{\"@id\":\"https:\/\/www.dakarmania.cz\/index.php\/2019\/01\/04\/africa-race-2019-etapa-pro-ullevalsetera-benko-atakuje-podium\/#primaryimage\"},\"thumbnailUrl\":\"https:\/\/www.dakarmania.cz\/wp-content\/uploads\/2019\/01\/19-aer-ullevalseter02.jpg\",\"keywords\":[\"AER\",\"AER 2019\",\"Alessandro Botturi\",\"Honda\",\"Husqvarna\",\"J\u00e1n Za\u0165ko\",\"KTM\",\"LR Horse Power\",\"Luk\u00e1\u0161 Kvapil\",\"Martin Benko\",\"Pal Anders Ullevalseter\",\"Simone Agazzi\",\"Yamaha\"],\"articleSection\":[\"Africa Eco Race\",\"Moto\/Quad\"],\"inLanguage\":\"cs\",\"potentialAction\":[{\"@type\":\"CommentAction\",\"name\":\"Comment\",\"target\":[\"https:\/\/www.dakarmania.cz\/index.php\/2019\/01\/04\/africa-race-2019-etapa-pro-ullevalsetera-benko-atakuje-podium\/#respond\"]}]},{\"@type\":\"WebPage\",\"@id\":\"https:\/\/www.dakarmania.cz\/index.php\/2019\/01\/04\/africa-race-2019-etapa-pro-ullevalsetera-benko-atakuje-podium\/\",\"url\":\"https:\/\/www.dakarmania.cz\/index.php\/2019\/01\/04\/africa-race-2019-etapa-pro-ullevalsetera-benko-atakuje-podium\/\",\"name\":\"Africa Race 2019: Etapa pro Ullev\u00e5lsetera, Benko atakuje p\u00f3dium - DAKARMANIA.cz\",\"isPartOf\":{\"@id\":\"https:\/\/www.dakarmania.cz\/#website\"},\"primaryImageOfPage\":{\"@id\":\"https:\/\/www.dakarmania.cz\/index.php\/2019\/01\/04\/africa-race-2019-etapa-pro-ullevalsetera-benko-atakuje-podium\/#primaryimage\"},\"image\":{\"@id\":\"https:\/\/www.dakarmania.cz\/index.php\/2019\/01\/04\/africa-race-2019-etapa-pro-ullevalsetera-benko-atakuje-podium\/#primaryimage\"},\"thumbnailUrl\":\"https:\/\/www.dakarmania.cz\/wp-content\/uploads\/2019\/01\/19-aer-ullevalseter02.jpg\",\"datePublished\":\"2019-01-04T20:20:21+00:00\",\"description\":\"\u010ctvrt\u00e1 etapa Africa Eco Race 2019 nab\u00eddla v kategorii motocykl\u016f zaj\u00edmav\u00e9 pokra\u010dov\u00e1n\u00ed souboje o medailov\u00e9 pozice.\",\"breadcrumb\":{\"@id\":\"https:\/\/www.dakarmania.cz\/index.php\/2019\/01\/04\/africa-race-2019-etapa-pro-ullevalsetera-benko-atakuje-podium\/#breadcrumb\"},\"inLanguage\":\"cs\",\"potentialAction\":[{\"@type\":\"ReadAction\",\"target\":[\"https:\/\/www.dakarmania.cz\/index.php\/2019\/01\/04\/africa-race-2019-etapa-pro-ullevalsetera-benko-atakuje-podium\/\"]}]},{\"@type\":\"ImageObject\",\"inLanguage\":\"cs\",\"@id\":\"https:\/\/www.dakarmania.cz\/index.php\/2019\/01\/04\/africa-race-2019-etapa-pro-ullevalsetera-benko-atakuje-podium\/#primaryimage\",\"url\":\"https:\/\/www.dakarmania.cz\/wp-content\/uploads\/2019\/01\/19-aer-ullevalseter02.jpg\",\"contentUrl\":\"https:\/\/www.dakarmania.cz\/wp-content\/uploads\/2019\/01\/19-aer-ullevalseter02.jpg\",\"width\":2048,\"height\":1365,\"caption\":\"P\u00e5l Anders Ullev\u00e5lseter, KTM 450 Rally Replica, Team Ullev\u00e5lseter. Africa Eco Race 2019. Foto: AER Media\"},{\"@type\":\"BreadcrumbList\",\"@id\":\"https:\/\/www.dakarmania.cz\/index.php\/2019\/01\/04\/africa-race-2019-etapa-pro-ullevalsetera-benko-atakuje-podium\/#breadcrumb\",\"itemListElement\":[{\"@type\":\"ListItem\",\"position\":1,\"name\":\"Dom\u016f\",\"item\":\"https:\/\/www.dakarmania.cz\/\"},{\"@type\":\"ListItem\",\"position\":2,\"name\":\"Africa Race 2019: Etapa pro Ullev\u00e5lsetera, Benko atakuje p\u00f3dium\"}]},{\"@type\":\"WebSite\",\"@id\":\"https:\/\/www.dakarmania.cz\/#website\",\"url\":\"https:\/\/www.dakarmania.cz\/\",\"name\":\"DAKARMANIA.cz\",\"description\":\"\u017dijeme Dakarem cel\u00fd rok\",\"publisher\":{\"@id\":\"https:\/\/www.dakarmania.cz\/#organization\"},\"potentialAction\":[{\"@type\":\"SearchAction\",\"target\":{\"@type\":\"EntryPoint\",\"urlTemplate\":\"https:\/\/www.dakarmania.cz\/?s={search_term_string}\"},\"query-input\":{\"@type\":\"PropertyValueSpecification\",\"valueRequired\":true,\"valueName\":\"search_term_string\"}}],\"inLanguage\":\"cs\"},{\"@type\":\"Organization\",\"@id\":\"https:\/\/www.dakarmania.cz\/#organization\",\"name\":\"DAKAR MANIA\",\"url\":\"https:\/\/www.dakarmania.cz\/\",\"logo\":{\"@type\":\"ImageObject\",\"inLanguage\":\"cs\",\"@id\":\"https:\/\/www.dakarmania.cz\/#\/schema\/logo\/image\/\",\"url\":\"https:\/\/www.dakarmania.cz\/wp-content\/uploads\/2018\/12\/Dakar-Mania-Logo-Square-Orange.png\",\"contentUrl\":\"https:\/\/www.dakarmania.cz\/wp-content\/uploads\/2018\/12\/Dakar-Mania-Logo-Square-Orange.png\",\"width\":992,\"height\":992,\"caption\":\"DAKAR MANIA\"},\"image\":{\"@id\":\"https:\/\/www.dakarmania.cz\/#\/schema\/logo\/image\/\"},\"sameAs\":[\"https:\/\/www.facebook.com\/dakarmania\/\"]},{\"@type\":\"Person\",\"@id\":\"https:\/\/www.dakarmania.cz\/#\/schema\/person\/04eb0e87a389631c2169c0dddae7ff1e\",\"name\":\"Zden\u011bk Zelenka\",\"image\":{\"@type\":\"ImageObject\",\"inLanguage\":\"cs\",\"@id\":\"https:\/\/www.dakarmania.cz\/#\/schema\/person\/image\/\",\"url\":\"https:\/\/secure.gravatar.com\/avatar\/2c80d5a4942fe0900b73cc7d3837a509d6ee0a276a2b76dac95c92bd0763a89b?s=96&d=mm&r=g\",\"contentUrl\":\"https:\/\/secure.gravatar.com\/avatar\/2c80d5a4942fe0900b73cc7d3837a509d6ee0a276a2b76dac95c92bd0763a89b?s=96&d=mm&r=g\",\"caption\":\"Zden\u011bk Zelenka\"},\"description\":\"Moji d\u011bt\u0161t\u00ed hrdinov\u00e9 se jmenovali Loprais, Moskal, Neveu, Vatanen, Rahier... A tihle borci, jejich n\u00e1sledovn\u00edci a jejich p\u0159\u00edb\u011bhy m\u011b nep\u0159estali fascinovat ani po letech, kdy jsem vyrostl a zam\u011bstn\u00e1valy m\u011b jin\u00e9 discipl\u00edny motorsportu. Proto se zrodila DAKARMANIA.\",\"url\":\"https:\/\/www.dakarmania.cz\/index.php\/author\/dakarmania\/\"}]}<\/script>\n<!-- \/ Yoast SEO plugin. -->","yoast_head_json":{"title":"Africa Race 2019: Etapa pro Ullev\u00e5lsetera, Benko atakuje p\u00f3dium - DAKARMANIA.cz","description":"\u010ctvrt\u00e1 etapa Africa Eco Race 2019 nab\u00eddla v kategorii motocykl\u016f zaj\u00edmav\u00e9 pokra\u010dov\u00e1n\u00ed souboje o medailov\u00e9 pozice.","robots":{"index":"index","follow":"follow","max-snippet":"max-snippet:-1","max-image-preview":"max-image-preview:large","max-video-preview":"max-video-preview:-1"},"canonical":"https:\/\/www.dakarmania.cz\/index.php\/2019\/01\/04\/africa-race-2019-etapa-pro-ullevalsetera-benko-atakuje-podium\/","og_locale":"cs_CZ","og_type":"article","og_title":"Africa Race 2019: Etapa pro Ullev\u00e5lsetera, Benko atakuje p\u00f3dium - DAKARMANIA.cz","og_description":"\u010ctvrt\u00e1 etapa Africa Eco Race 2019 nab\u00eddla v kategorii motocykl\u016f zaj\u00edmav\u00e9 pokra\u010dov\u00e1n\u00ed souboje o medailov\u00e9 pozice.","og_url":"https:\/\/www.dakarmania.cz\/index.php\/2019\/01\/04\/africa-race-2019-etapa-pro-ullevalsetera-benko-atakuje-podium\/","og_site_name":"DAKARMANIA.cz","article_publisher":"https:\/\/www.facebook.com\/dakarmania\/","article_published_time":"2019-01-04T20:20:21+00:00","og_image":[{"width":1024,"height":683,"url":"https:\/\/www.dakarmania.cz\/wp-content\/uploads\/2019\/01\/19-aer-ullevalseter02-1024x683.jpg","type":"image\/jpeg"}],"author":"Zden\u011bk Zelenka","twitter_card":"summary_large_image","twitter_misc":{"Napsal(a)":"Zden\u011bk Zelenka","Odhadovan\u00e1 doba \u010dten\u00ed":"2 minuty"},"schema":{"@context":"https:\/\/schema.org","@graph":[{"@type":"Article","@id":"https:\/\/www.dakarmania.cz\/index.php\/2019\/01\/04\/africa-race-2019-etapa-pro-ullevalsetera-benko-atakuje-podium\/#article","isPartOf":{"@id":"https:\/\/www.dakarmania.cz\/index.php\/2019\/01\/04\/africa-race-2019-etapa-pro-ullevalsetera-benko-atakuje-podium\/"},"author":{"name":"Zden\u011bk Zelenka","@id":"https:\/\/www.dakarmania.cz\/#\/schema\/person\/04eb0e87a389631c2169c0dddae7ff1e"},"headline":"Africa Race 2019: Etapa pro Ullev\u00e5lsetera, Benko atakuje p\u00f3dium","datePublished":"2019-01-04T20:20:21+00:00","mainEntityOfPage":{"@id":"https:\/\/www.dakarmania.cz\/index.php\/2019\/01\/04\/africa-race-2019-etapa-pro-ullevalsetera-benko-atakuje-podium\/"},"wordCount":486,"commentCount":0,"publisher":{"@id":"https:\/\/www.dakarmania.cz\/#organization"},"image":{"@id":"https:\/\/www.dakarmania.cz\/index.php\/2019\/01\/04\/africa-race-2019-etapa-pro-ullevalsetera-benko-atakuje-podium\/#primaryimage"},"thumbnailUrl":"https:\/\/www.dakarmania.cz\/wp-content\/uploads\/2019\/01\/19-aer-ullevalseter02.jpg","keywords":["AER","AER 2019","Alessandro Botturi","Honda","Husqvarna","J\u00e1n Za\u0165ko","KTM","LR Horse Power","Luk\u00e1\u0161 Kvapil","Martin Benko","Pal Anders Ullevalseter","Simone Agazzi","Yamaha"],"articleSection":["Africa Eco Race","Moto\/Quad"],"inLanguage":"cs","potentialAction":[{"@type":"CommentAction","name":"Comment","target":["https:\/\/www.dakarmania.cz\/index.php\/2019\/01\/04\/africa-race-2019-etapa-pro-ullevalsetera-benko-atakuje-podium\/#respond"]}]},{"@type":"WebPage","@id":"https:\/\/www.dakarmania.cz\/index.php\/2019\/01\/04\/africa-race-2019-etapa-pro-ullevalsetera-benko-atakuje-podium\/","url":"https:\/\/www.dakarmania.cz\/index.php\/2019\/01\/04\/africa-race-2019-etapa-pro-ullevalsetera-benko-atakuje-podium\/","name":"Africa Race 2019: Etapa pro Ullev\u00e5lsetera, Benko atakuje p\u00f3dium - DAKARMANIA.cz","isPartOf":{"@id":"https:\/\/www.dakarmania.cz\/#website"},"primaryImageOfPage":{"@id":"https:\/\/www.dakarmania.cz\/index.php\/2019\/01\/04\/africa-race-2019-etapa-pro-ullevalsetera-benko-atakuje-podium\/#primaryimage"},"image":{"@id":"https:\/\/www.dakarmania.cz\/index.php\/2019\/01\/04\/africa-race-2019-etapa-pro-ullevalsetera-benko-atakuje-podium\/#primaryimage"},"thumbnailUrl":"https:\/\/www.dakarmania.cz\/wp-content\/uploads\/2019\/01\/19-aer-ullevalseter02.jpg","datePublished":"2019-01-04T20:20:21+00:00","description":"\u010ctvrt\u00e1 etapa Africa Eco Race 2019 nab\u00eddla v kategorii motocykl\u016f zaj\u00edmav\u00e9 pokra\u010dov\u00e1n\u00ed souboje o medailov\u00e9 pozice.","breadcrumb":{"@id":"https:\/\/www.dakarmania.cz\/index.php\/2019\/01\/04\/africa-race-2019-etapa-pro-ullevalsetera-benko-atakuje-podium\/#breadcrumb"},"inLanguage":"cs","potentialAction":[{"@type":"ReadAction","target":["https:\/\/www.dakarmania.cz\/index.php\/2019\/01\/04\/africa-race-2019-etapa-pro-ullevalsetera-benko-atakuje-podium\/"]}]},{"@type":"ImageObject","inLanguage":"cs","@id":"https:\/\/www.dakarmania.cz\/index.php\/2019\/01\/04\/africa-race-2019-etapa-pro-ullevalsetera-benko-atakuje-podium\/#primaryimage","url":"https:\/\/www.dakarmania.cz\/wp-content\/uploads\/2019\/01\/19-aer-ullevalseter02.jpg","contentUrl":"https:\/\/www.dakarmania.cz\/wp-content\/uploads\/2019\/01\/19-aer-ullevalseter02.jpg","width":2048,"height":1365,"caption":"P\u00e5l Anders Ullev\u00e5lseter, KTM 450 Rally Replica, Team Ullev\u00e5lseter. Africa Eco Race 2019. Foto: AER Media"},{"@type":"BreadcrumbList","@id":"https:\/\/www.dakarmania.cz\/index.php\/2019\/01\/04\/africa-race-2019-etapa-pro-ullevalsetera-benko-atakuje-podium\/#breadcrumb","itemListElement":[{"@type":"ListItem","position":1,"name":"Dom\u016f","item":"https:\/\/www.dakarmania.cz\/"},{"@type":"ListItem","position":2,"name":"Africa Race 2019: Etapa pro Ullev\u00e5lsetera, Benko atakuje p\u00f3dium"}]},{"@type":"WebSite","@id":"https:\/\/www.dakarmania.cz\/#website","url":"https:\/\/www.dakarmania.cz\/","name":"DAKARMANIA.cz","description":"\u017dijeme Dakarem cel\u00fd rok","publisher":{"@id":"https:\/\/www.dakarmania.cz\/#organization"},"potentialAction":[{"@type":"SearchAction","target":{"@type":"EntryPoint","urlTemplate":"https:\/\/www.dakarmania.cz\/?s={search_term_string}"},"query-input":{"@type":"PropertyValueSpecification","valueRequired":true,"valueName":"search_term_string"}}],"inLanguage":"cs"},{"@type":"Organization","@id":"https:\/\/www.dakarmania.cz\/#organization","name":"DAKAR MANIA","url":"https:\/\/www.dakarmania.cz\/","logo":{"@type":"ImageObject","inLanguage":"cs","@id":"https:\/\/www.dakarmania.cz\/#\/schema\/logo\/image\/","url":"https:\/\/www.dakarmania.cz\/wp-content\/uploads\/2018\/12\/Dakar-Mania-Logo-Square-Orange.png","contentUrl":"https:\/\/www.dakarmania.cz\/wp-content\/uploads\/2018\/12\/Dakar-Mania-Logo-Square-Orange.png","width":992,"height":992,"caption":"DAKAR MANIA"},"image":{"@id":"https:\/\/www.dakarmania.cz\/#\/schema\/logo\/image\/"},"sameAs":["https:\/\/www.facebook.com\/dakarmania\/"]},{"@type":"Person","@id":"https:\/\/www.dakarmania.cz\/#\/schema\/person\/04eb0e87a389631c2169c0dddae7ff1e","name":"Zden\u011bk Zelenka","image":{"@type":"ImageObject","inLanguage":"cs","@id":"https:\/\/www.dakarmania.cz\/#\/schema\/person\/image\/","url":"https:\/\/secure.gravatar.com\/avatar\/2c80d5a4942fe0900b73cc7d3837a509d6ee0a276a2b76dac95c92bd0763a89b?s=96&d=mm&r=g","contentUrl":"https:\/\/secure.gravatar.com\/avatar\/2c80d5a4942fe0900b73cc7d3837a509d6ee0a276a2b76dac95c92bd0763a89b?s=96&d=mm&r=g","caption":"Zden\u011bk Zelenka"},"description":"Moji d\u011bt\u0161t\u00ed hrdinov\u00e9 se jmenovali Loprais, Moskal, Neveu, Vatanen, Rahier... A tihle borci, jejich n\u00e1sledovn\u00edci a jejich p\u0159\u00edb\u011bhy m\u011b nep\u0159estali fascinovat ani po letech, kdy jsem vyrostl a zam\u011bstn\u00e1valy m\u011b jin\u00e9 discipl\u00edny motorsportu. Proto se zrodila DAKARMANIA.","url":"https:\/\/www.dakarmania.cz\/index.php\/author\/dakarmania\/"}]}},"amp_enabled":true,"_links":{"self":[{"href":"https:\/\/www.dakarmania.cz\/index.php\/wp-json\/wp\/v2\/posts\/1429","targetHints":{"allow":["GET"]}}],"collection":[{"href":"https:\/\/www.dakarmania.cz\/index.php\/wp-json\/wp\/v2\/posts"}],"about":[{"href":"https:\/\/www.dakarmania.cz\/index.php\/wp-json\/wp\/v2\/types\/post"}],"author":[{"embeddable":true,"href":"https:\/\/www.dakarmania.cz\/index.php\/wp-json\/wp\/v2\/users\/1"}],"replies":[{"embeddable":true,"href":"https:\/\/www.dakarmania.cz\/index.php\/wp-json\/wp\/v2\/comments?post=1429"}],"version-history":[{"count":1,"href":"https:\/\/www.dakarmania.cz\/index.php\/wp-json\/wp\/v2\/posts\/1429\/revisions"}],"predecessor-version":[{"id":1430,"href":"https:\/\/www.dakarmania.cz\/index.php\/wp-json\/wp\/v2\/posts\/1429\/revisions\/1430"}],"wp:featuredmedia":[{"embeddable":true,"href":"https:\/\/www.dakarmania.cz\/index.php\/wp-json\/wp\/v2\/media\/1427"}],"wp:attachment":[{"href":"https:\/\/www.dakarmania.cz\/index.php\/wp-json\/wp\/v2\/media?parent=1429"}],"wp:term":[{"taxonomy":"category","embeddable":true,"href":"https:\/\/www.dakarmania.cz\/index.php\/wp-json\/wp\/v2\/categories?post=1429"},{"taxonomy":"post_tag","embeddable":true,"href":"https:\/\/www.dakarmania.cz\/index.php\/wp-json\/wp\/v2\/tags?post=1429"}],"curies":[{"name":"wp","href":"https:\/\/api.w.org\/{rel}","templated":true}]}}