{"id":1432,"date":"2019-01-05T12:16:25","date_gmt":"2019-01-05T12:16:25","guid":{"rendered":"https:\/\/www.dakarmania.cz\/?p=1432"},"modified":"2021-08-11T07:59:43","modified_gmt":"2021-08-11T05:59:43","slug":"dakar-2019-ales-loprais-absolvoval-posledni-test-pred-startem","status":"publish","type":"post","link":"https:\/\/www.dakarmania.cz\/index.php\/2019\/01\/05\/dakar-2019-ales-loprais-absolvoval-posledni-test-pred-startem\/","title":{"rendered":"Dakar 2019: Ale\u0161 Loprais absolvoval posledn\u00ed test p\u0159ed startem"},"content":{"rendered":"<p>[vc_row][vc_column][vc_column_text]<strong>U\u017e z\u00edtra, v ned\u011bli 6. ledna, odstartuje z Limy jedena\u010dty\u0159ic\u00e1t\u00fd ro\u010dn\u00edk Rally Dakar. \u010cesk\u00fd Instaforex Loprais Team se v peru\u00e1nsk\u00e9 metropoli aklimatizuje ji\u017e od Nov\u00e9ho roku. Po vyzvednut\u00ed techniky z p\u0159\u00edstavu n\u00e1sledovalo celodenn\u00ed testov\u00e1n\u00ed ji\u017en\u011b od Limy.<\/strong><\/p>\n<p><em>\u201cPo p\u0159\u00edletu jsme p\u0159\u00edchod nov\u00e9ho roku zapili jedn\u00edm pivem a \u0161li jsme po \u0161estn\u00e1ctihodinov\u00e9m letu sp\u00e1t. Aklimatizace prob\u011bhla v pohod\u011b a kluci t\u0159et\u00edho ledna vyzvedli na\u0161i techniku z p\u0159\u00edstavu. Pak n\u00e1sledoval p\u0159esun do pou\u0161t\u011b, kde jsme se s pos\u00e1dkou par\u00e1dn\u011b rozjezdili,\u201d<\/em> popisuje posledn\u00ed dny v Peru <strong>Ale\u0161 Loprais<\/strong>.<\/p>\n<p>V p\u0159\u00edstavu ne\u0161lo v\u0161e \u00fapln\u011b bez probl\u00e9m\u016f. Doprovodn\u00fd kamion m\u011bl vybitou baterii a nenastartoval. Pomohl a\u017e start p\u0159es kabely z kamionu organiz\u00e1tor\u016f, kte\u0159\u00ed si vyslou\u017eili dv\u011b vychlazen\u00e1 \u010desk\u00e1 piva. Zat\u00edm osmi\u010dlenn\u00fd t\u00fdm se n\u00e1sledn\u011b p\u0159esunul do pou\u0161t\u011b sto kilometr\u016f od Limy, kde prob\u011bhl celodenn\u00ed test kr\u00e1lovny.[\/vc_column_text][vc_video link=&#8221;https:\/\/youtu.be\/I3s_up0Ui9I&#8221; title=&#8221;Test Instaforex Loprais Teamu p\u0159ed Dakarem 2019&#8243;][\/vc_column][\/vc_row][vc_row][vc_column][vc_column_text]<em>\u201cV\u0161e zat\u00edm klape tak, jak jsme si to napl\u00e1novali,\u201c<\/em> pochvaluje si pr\u016fb\u011bh testu palubn\u00ed mechanik <strong>Petr Pokora<\/strong>. <em>\u201eV sobotu n\u00e1s \u010dek\u00e1 p\u0159esun zp\u011bt do Limy, kde bude n\u00e1sledovat povinn\u00fd briefing, administrativn\u00ed a technick\u00e9 p\u0159ej\u00edmky a slavnostn\u00ed start. V pond\u011bl\u00ed se v\u0161e u\u017e rozjede naplno.\u201d<\/em><\/p>\n<p>Pos\u00e1dka Ale\u0161 Loprais, Ferran Marco Alcayna, Petr Pokora absolvuje Rally Dakar 2019 s vozem Tatra Jamal &#8211; Queen 69 se startovn\u00edm \u010d\u00edslem 507. Po slavnostn\u00edm startu, kter\u00fd prob\u011bhne v ned\u011bli 6. ledna v Lim\u011b, vyraz\u00ed o den pozd\u011bji do prvn\u00ed etapy sm\u011br Pisco. Na programu je tra\u0165 dlouh\u00e1 331 kilometr\u016f, z nich\u017e se 84 pojede v r\u00e1mci m\u011b\u0159en\u00e9ho \u00faseku.<\/p>\n<p>&nbsp;<\/p>\n<p>Tiskov\u00e1 zpr\u00e1va Instaforex Loprais Teamu[\/vc_column_text][\/vc_column][\/vc_row]<\/p>\n","protected":false},"excerpt":{"rendered":"<p>V ned\u011bli 6. ledna odstartuje z Limy 41. ro\u010dn\u00edk Rally Dakar. \u010cesk\u00fd Instaforex Loprais Team se v peru\u00e1nsk\u00e9 metropoli aklimatizuje ji\u017e od Nov\u00e9ho roku.<\/p>\n","protected":false},"author":3,"featured_media":1431,"comment_status":"open","ping_status":"closed","sticky":false,"template":"","format":"standard","meta":{"footnotes":""},"categories":[16,2,637],"tags":[65,8,9,66,69,67,68],"class_list":["post-1432","post","type-post","status-publish","format-standard","has-post-thumbnail","hentry","category-kamion","category-dakar","category-tiskove-zpravy","tag-ales-loprais","tag-dakar","tag-dakar-2019","tag-ferran-marco-alcayna","tag-loprais-team","tag-petr-pokora","tag-tatra"],"yoast_head":"<!-- This site is optimized with the Yoast SEO plugin v24.9 - https:\/\/yoast.com\/wordpress\/plugins\/seo\/ -->\n<title>Dakar 2019: Ale\u0161 Loprais absolvoval posledn\u00ed test p\u0159ed startem - DAKARMANIA.cz<\/title>\n<meta name=\"description\" content=\"V ned\u011bli 6. ledna odstartuje z Limy 41. ro\u010dn\u00edk Rally Dakar. \u010cesk\u00fd Instaforex Loprais Team se v peru\u00e1nsk\u00e9 metropoli aklimatizuje ji\u017e od Nov\u00e9ho roku.\" \/>\n<meta name=\"robots\" content=\"index, follow, max-snippet:-1, max-image-preview:large, max-video-preview:-1\" \/>\n<link rel=\"canonical\" href=\"https:\/\/www.dakarmania.cz\/index.php\/2019\/01\/05\/dakar-2019-ales-loprais-absolvoval-posledni-test-pred-startem\/\" \/>\n<meta property=\"og:locale\" content=\"cs_CZ\" \/>\n<meta property=\"og:type\" content=\"article\" \/>\n<meta property=\"og:title\" content=\"Dakar 2019: Ale\u0161 Loprais absolvoval posledn\u00ed test p\u0159ed startem - DAKARMANIA.cz\" \/>\n<meta property=\"og:description\" content=\"V ned\u011bli 6. ledna odstartuje z Limy 41. ro\u010dn\u00edk Rally Dakar. \u010cesk\u00fd Instaforex Loprais Team se v peru\u00e1nsk\u00e9 metropoli aklimatizuje ji\u017e od Nov\u00e9ho roku.\" \/>\n<meta property=\"og:url\" content=\"https:\/\/www.dakarmania.cz\/index.php\/2019\/01\/05\/dakar-2019-ales-loprais-absolvoval-posledni-test-pred-startem\/\" \/>\n<meta property=\"og:site_name\" content=\"DAKARMANIA.cz\" \/>\n<meta property=\"article:publisher\" content=\"https:\/\/www.facebook.com\/dakarmania\/\" \/>\n<meta property=\"article:published_time\" content=\"2019-01-05T12:16:25+00:00\" \/>\n<meta property=\"article:modified_time\" content=\"2021-08-11T05:59:43+00:00\" \/>\n<meta property=\"og:image\" content=\"https:\/\/www.dakarmania.cz\/wp-content\/uploads\/2019\/01\/2.jpg\" \/>\n\t<meta property=\"og:image:width\" content=\"2000\" \/>\n\t<meta property=\"og:image:height\" content=\"1325\" \/>\n\t<meta property=\"og:image:type\" content=\"image\/jpeg\" \/>\n<meta name=\"author\" content=\"tiskov\u00e1 zpr\u00e1va\" \/>\n<meta name=\"twitter:card\" content=\"summary_large_image\" \/>\n<meta name=\"twitter:label1\" content=\"Napsal(a)\" \/>\n\t<meta name=\"twitter:data1\" content=\"tiskov\u00e1 zpr\u00e1va\" \/>\n\t<meta name=\"twitter:label2\" content=\"Odhadovan\u00e1 doba \u010dten\u00ed\" \/>\n\t<meta name=\"twitter:data2\" content=\"2 minuty\" \/>\n<script type=\"application\/ld+json\" class=\"yoast-schema-graph\">{\"@context\":\"https:\/\/schema.org\",\"@graph\":[{\"@type\":\"Article\",\"@id\":\"https:\/\/www.dakarmania.cz\/index.php\/2019\/01\/05\/dakar-2019-ales-loprais-absolvoval-posledni-test-pred-startem\/#article\",\"isPartOf\":{\"@id\":\"https:\/\/www.dakarmania.cz\/index.php\/2019\/01\/05\/dakar-2019-ales-loprais-absolvoval-posledni-test-pred-startem\/\"},\"author\":{\"name\":\"tiskov\u00e1 zpr\u00e1va\",\"@id\":\"https:\/\/www.dakarmania.cz\/#\/schema\/person\/bce8d1fe3633b1178e150fc5e340d5dd\"},\"headline\":\"Dakar 2019: Ale\u0161 Loprais absolvoval posledn\u00ed test p\u0159ed startem\",\"datePublished\":\"2019-01-05T12:16:25+00:00\",\"dateModified\":\"2021-08-11T05:59:43+00:00\",\"mainEntityOfPage\":{\"@id\":\"https:\/\/www.dakarmania.cz\/index.php\/2019\/01\/05\/dakar-2019-ales-loprais-absolvoval-posledni-test-pred-startem\/\"},\"wordCount\":359,\"commentCount\":0,\"publisher\":{\"@id\":\"https:\/\/www.dakarmania.cz\/#organization\"},\"image\":{\"@id\":\"https:\/\/www.dakarmania.cz\/index.php\/2019\/01\/05\/dakar-2019-ales-loprais-absolvoval-posledni-test-pred-startem\/#primaryimage\"},\"thumbnailUrl\":\"https:\/\/www.dakarmania.cz\/wp-content\/uploads\/2019\/01\/2.jpg\",\"keywords\":[\"Ale\u0161 Loprais\",\"Dakar\",\"Dakar 2019\",\"Ferran Marco Alcayna\",\"Loprais Team\",\"Petr Pokora\",\"Tatra\"],\"articleSection\":[\"Kamiony\",\"Rally Dakar\",\"Tiskov\u00e9 zpr\u00e1vy\"],\"inLanguage\":\"cs\",\"potentialAction\":[{\"@type\":\"CommentAction\",\"name\":\"Comment\",\"target\":[\"https:\/\/www.dakarmania.cz\/index.php\/2019\/01\/05\/dakar-2019-ales-loprais-absolvoval-posledni-test-pred-startem\/#respond\"]}]},{\"@type\":\"WebPage\",\"@id\":\"https:\/\/www.dakarmania.cz\/index.php\/2019\/01\/05\/dakar-2019-ales-loprais-absolvoval-posledni-test-pred-startem\/\",\"url\":\"https:\/\/www.dakarmania.cz\/index.php\/2019\/01\/05\/dakar-2019-ales-loprais-absolvoval-posledni-test-pred-startem\/\",\"name\":\"Dakar 2019: Ale\u0161 Loprais absolvoval posledn\u00ed test p\u0159ed startem - DAKARMANIA.cz\",\"isPartOf\":{\"@id\":\"https:\/\/www.dakarmania.cz\/#website\"},\"primaryImageOfPage\":{\"@id\":\"https:\/\/www.dakarmania.cz\/index.php\/2019\/01\/05\/dakar-2019-ales-loprais-absolvoval-posledni-test-pred-startem\/#primaryimage\"},\"image\":{\"@id\":\"https:\/\/www.dakarmania.cz\/index.php\/2019\/01\/05\/dakar-2019-ales-loprais-absolvoval-posledni-test-pred-startem\/#primaryimage\"},\"thumbnailUrl\":\"https:\/\/www.dakarmania.cz\/wp-content\/uploads\/2019\/01\/2.jpg\",\"datePublished\":\"2019-01-05T12:16:25+00:00\",\"dateModified\":\"2021-08-11T05:59:43+00:00\",\"description\":\"V ned\u011bli 6. ledna odstartuje z Limy 41. ro\u010dn\u00edk Rally Dakar. \u010cesk\u00fd Instaforex Loprais Team se v peru\u00e1nsk\u00e9 metropoli aklimatizuje ji\u017e od Nov\u00e9ho roku.\",\"breadcrumb\":{\"@id\":\"https:\/\/www.dakarmania.cz\/index.php\/2019\/01\/05\/dakar-2019-ales-loprais-absolvoval-posledni-test-pred-startem\/#breadcrumb\"},\"inLanguage\":\"cs\",\"potentialAction\":[{\"@type\":\"ReadAction\",\"target\":[\"https:\/\/www.dakarmania.cz\/index.php\/2019\/01\/05\/dakar-2019-ales-loprais-absolvoval-posledni-test-pred-startem\/\"]}]},{\"@type\":\"ImageObject\",\"inLanguage\":\"cs\",\"@id\":\"https:\/\/www.dakarmania.cz\/index.php\/2019\/01\/05\/dakar-2019-ales-loprais-absolvoval-posledni-test-pred-startem\/#primaryimage\",\"url\":\"https:\/\/www.dakarmania.cz\/wp-content\/uploads\/2019\/01\/2.jpg\",\"contentUrl\":\"https:\/\/www.dakarmania.cz\/wp-content\/uploads\/2019\/01\/2.jpg\",\"width\":2000,\"height\":1325,\"caption\":\"Ale\u0161 Loprais \/ Ferran Marco Alcayna \/ Petr Pokora, Tatra Jamal Queen 69, Instaforex Loprais Team. Rally Dakar 2019. \u00a9 Loprais Team\"},{\"@type\":\"BreadcrumbList\",\"@id\":\"https:\/\/www.dakarmania.cz\/index.php\/2019\/01\/05\/dakar-2019-ales-loprais-absolvoval-posledni-test-pred-startem\/#breadcrumb\",\"itemListElement\":[{\"@type\":\"ListItem\",\"position\":1,\"name\":\"Dom\u016f\",\"item\":\"https:\/\/www.dakarmania.cz\/\"},{\"@type\":\"ListItem\",\"position\":2,\"name\":\"Dakar 2019: Ale\u0161 Loprais absolvoval posledn\u00ed test p\u0159ed startem\"}]},{\"@type\":\"WebSite\",\"@id\":\"https:\/\/www.dakarmania.cz\/#website\",\"url\":\"https:\/\/www.dakarmania.cz\/\",\"name\":\"DAKARMANIA.cz\",\"description\":\"\u017dijeme Dakarem cel\u00fd rok\",\"publisher\":{\"@id\":\"https:\/\/www.dakarmania.cz\/#organization\"},\"potentialAction\":[{\"@type\":\"SearchAction\",\"target\":{\"@type\":\"EntryPoint\",\"urlTemplate\":\"https:\/\/www.dakarmania.cz\/?s={search_term_string}\"},\"query-input\":{\"@type\":\"PropertyValueSpecification\",\"valueRequired\":true,\"valueName\":\"search_term_string\"}}],\"inLanguage\":\"cs\"},{\"@type\":\"Organization\",\"@id\":\"https:\/\/www.dakarmania.cz\/#organization\",\"name\":\"DAKAR MANIA\",\"url\":\"https:\/\/www.dakarmania.cz\/\",\"logo\":{\"@type\":\"ImageObject\",\"inLanguage\":\"cs\",\"@id\":\"https:\/\/www.dakarmania.cz\/#\/schema\/logo\/image\/\",\"url\":\"https:\/\/www.dakarmania.cz\/wp-content\/uploads\/2018\/12\/Dakar-Mania-Logo-Square-Orange.png\",\"contentUrl\":\"https:\/\/www.dakarmania.cz\/wp-content\/uploads\/2018\/12\/Dakar-Mania-Logo-Square-Orange.png\",\"width\":992,\"height\":992,\"caption\":\"DAKAR MANIA\"},\"image\":{\"@id\":\"https:\/\/www.dakarmania.cz\/#\/schema\/logo\/image\/\"},\"sameAs\":[\"https:\/\/www.facebook.com\/dakarmania\/\"]},{\"@type\":\"Person\",\"@id\":\"https:\/\/www.dakarmania.cz\/#\/schema\/person\/bce8d1fe3633b1178e150fc5e340d5dd\",\"name\":\"tiskov\u00e1 zpr\u00e1va\",\"image\":{\"@type\":\"ImageObject\",\"inLanguage\":\"cs\",\"@id\":\"https:\/\/www.dakarmania.cz\/#\/schema\/person\/image\/\",\"url\":\"https:\/\/secure.gravatar.com\/avatar\/19aefcb6c7bfae691fca4d805686c670f59bb4f7414c7b398b88dc9c8f4e96d5?s=96&d=mm&r=g\",\"contentUrl\":\"https:\/\/secure.gravatar.com\/avatar\/19aefcb6c7bfae691fca4d805686c670f59bb4f7414c7b398b88dc9c8f4e96d5?s=96&d=mm&r=g\",\"caption\":\"tiskov\u00e1 zpr\u00e1va\"},\"url\":\"https:\/\/www.dakarmania.cz\/index.php\/author\/tiskovezpravy\/\"}]}<\/script>\n<!-- \/ Yoast SEO plugin. -->","yoast_head_json":{"title":"Dakar 2019: Ale\u0161 Loprais absolvoval posledn\u00ed test p\u0159ed startem - DAKARMANIA.cz","description":"V ned\u011bli 6. ledna odstartuje z Limy 41. ro\u010dn\u00edk Rally Dakar. \u010cesk\u00fd Instaforex Loprais Team se v peru\u00e1nsk\u00e9 metropoli aklimatizuje ji\u017e od Nov\u00e9ho roku.","robots":{"index":"index","follow":"follow","max-snippet":"max-snippet:-1","max-image-preview":"max-image-preview:large","max-video-preview":"max-video-preview:-1"},"canonical":"https:\/\/www.dakarmania.cz\/index.php\/2019\/01\/05\/dakar-2019-ales-loprais-absolvoval-posledni-test-pred-startem\/","og_locale":"cs_CZ","og_type":"article","og_title":"Dakar 2019: Ale\u0161 Loprais absolvoval posledn\u00ed test p\u0159ed startem - DAKARMANIA.cz","og_description":"V ned\u011bli 6. ledna odstartuje z Limy 41. ro\u010dn\u00edk Rally Dakar. \u010cesk\u00fd Instaforex Loprais Team se v peru\u00e1nsk\u00e9 metropoli aklimatizuje ji\u017e od Nov\u00e9ho roku.","og_url":"https:\/\/www.dakarmania.cz\/index.php\/2019\/01\/05\/dakar-2019-ales-loprais-absolvoval-posledni-test-pred-startem\/","og_site_name":"DAKARMANIA.cz","article_publisher":"https:\/\/www.facebook.com\/dakarmania\/","article_published_time":"2019-01-05T12:16:25+00:00","article_modified_time":"2021-08-11T05:59:43+00:00","og_image":[{"width":2000,"height":1325,"url":"https:\/\/www.dakarmania.cz\/wp-content\/uploads\/2019\/01\/2.jpg","type":"image\/jpeg"}],"author":"tiskov\u00e1 zpr\u00e1va","twitter_card":"summary_large_image","twitter_misc":{"Napsal(a)":"tiskov\u00e1 zpr\u00e1va","Odhadovan\u00e1 doba \u010dten\u00ed":"2 minuty"},"schema":{"@context":"https:\/\/schema.org","@graph":[{"@type":"Article","@id":"https:\/\/www.dakarmania.cz\/index.php\/2019\/01\/05\/dakar-2019-ales-loprais-absolvoval-posledni-test-pred-startem\/#article","isPartOf":{"@id":"https:\/\/www.dakarmania.cz\/index.php\/2019\/01\/05\/dakar-2019-ales-loprais-absolvoval-posledni-test-pred-startem\/"},"author":{"name":"tiskov\u00e1 zpr\u00e1va","@id":"https:\/\/www.dakarmania.cz\/#\/schema\/person\/bce8d1fe3633b1178e150fc5e340d5dd"},"headline":"Dakar 2019: Ale\u0161 Loprais absolvoval posledn\u00ed test p\u0159ed startem","datePublished":"2019-01-05T12:16:25+00:00","dateModified":"2021-08-11T05:59:43+00:00","mainEntityOfPage":{"@id":"https:\/\/www.dakarmania.cz\/index.php\/2019\/01\/05\/dakar-2019-ales-loprais-absolvoval-posledni-test-pred-startem\/"},"wordCount":359,"commentCount":0,"publisher":{"@id":"https:\/\/www.dakarmania.cz\/#organization"},"image":{"@id":"https:\/\/www.dakarmania.cz\/index.php\/2019\/01\/05\/dakar-2019-ales-loprais-absolvoval-posledni-test-pred-startem\/#primaryimage"},"thumbnailUrl":"https:\/\/www.dakarmania.cz\/wp-content\/uploads\/2019\/01\/2.jpg","keywords":["Ale\u0161 Loprais","Dakar","Dakar 2019","Ferran Marco Alcayna","Loprais Team","Petr Pokora","Tatra"],"articleSection":["Kamiony","Rally Dakar","Tiskov\u00e9 zpr\u00e1vy"],"inLanguage":"cs","potentialAction":[{"@type":"CommentAction","name":"Comment","target":["https:\/\/www.dakarmania.cz\/index.php\/2019\/01\/05\/dakar-2019-ales-loprais-absolvoval-posledni-test-pred-startem\/#respond"]}]},{"@type":"WebPage","@id":"https:\/\/www.dakarmania.cz\/index.php\/2019\/01\/05\/dakar-2019-ales-loprais-absolvoval-posledni-test-pred-startem\/","url":"https:\/\/www.dakarmania.cz\/index.php\/2019\/01\/05\/dakar-2019-ales-loprais-absolvoval-posledni-test-pred-startem\/","name":"Dakar 2019: Ale\u0161 Loprais absolvoval posledn\u00ed test p\u0159ed startem - DAKARMANIA.cz","isPartOf":{"@id":"https:\/\/www.dakarmania.cz\/#website"},"primaryImageOfPage":{"@id":"https:\/\/www.dakarmania.cz\/index.php\/2019\/01\/05\/dakar-2019-ales-loprais-absolvoval-posledni-test-pred-startem\/#primaryimage"},"image":{"@id":"https:\/\/www.dakarmania.cz\/index.php\/2019\/01\/05\/dakar-2019-ales-loprais-absolvoval-posledni-test-pred-startem\/#primaryimage"},"thumbnailUrl":"https:\/\/www.dakarmania.cz\/wp-content\/uploads\/2019\/01\/2.jpg","datePublished":"2019-01-05T12:16:25+00:00","dateModified":"2021-08-11T05:59:43+00:00","description":"V ned\u011bli 6. ledna odstartuje z Limy 41. ro\u010dn\u00edk Rally Dakar. \u010cesk\u00fd Instaforex Loprais Team se v peru\u00e1nsk\u00e9 metropoli aklimatizuje ji\u017e od Nov\u00e9ho roku.","breadcrumb":{"@id":"https:\/\/www.dakarmania.cz\/index.php\/2019\/01\/05\/dakar-2019-ales-loprais-absolvoval-posledni-test-pred-startem\/#breadcrumb"},"inLanguage":"cs","potentialAction":[{"@type":"ReadAction","target":["https:\/\/www.dakarmania.cz\/index.php\/2019\/01\/05\/dakar-2019-ales-loprais-absolvoval-posledni-test-pred-startem\/"]}]},{"@type":"ImageObject","inLanguage":"cs","@id":"https:\/\/www.dakarmania.cz\/index.php\/2019\/01\/05\/dakar-2019-ales-loprais-absolvoval-posledni-test-pred-startem\/#primaryimage","url":"https:\/\/www.dakarmania.cz\/wp-content\/uploads\/2019\/01\/2.jpg","contentUrl":"https:\/\/www.dakarmania.cz\/wp-content\/uploads\/2019\/01\/2.jpg","width":2000,"height":1325,"caption":"Ale\u0161 Loprais \/ Ferran Marco Alcayna \/ Petr Pokora, Tatra Jamal Queen 69, Instaforex Loprais Team. Rally Dakar 2019. \u00a9 Loprais Team"},{"@type":"BreadcrumbList","@id":"https:\/\/www.dakarmania.cz\/index.php\/2019\/01\/05\/dakar-2019-ales-loprais-absolvoval-posledni-test-pred-startem\/#breadcrumb","itemListElement":[{"@type":"ListItem","position":1,"name":"Dom\u016f","item":"https:\/\/www.dakarmania.cz\/"},{"@type":"ListItem","position":2,"name":"Dakar 2019: Ale\u0161 Loprais absolvoval posledn\u00ed test p\u0159ed startem"}]},{"@type":"WebSite","@id":"https:\/\/www.dakarmania.cz\/#website","url":"https:\/\/www.dakarmania.cz\/","name":"DAKARMANIA.cz","description":"\u017dijeme Dakarem cel\u00fd rok","publisher":{"@id":"https:\/\/www.dakarmania.cz\/#organization"},"potentialAction":[{"@type":"SearchAction","target":{"@type":"EntryPoint","urlTemplate":"https:\/\/www.dakarmania.cz\/?s={search_term_string}"},"query-input":{"@type":"PropertyValueSpecification","valueRequired":true,"valueName":"search_term_string"}}],"inLanguage":"cs"},{"@type":"Organization","@id":"https:\/\/www.dakarmania.cz\/#organization","name":"DAKAR MANIA","url":"https:\/\/www.dakarmania.cz\/","logo":{"@type":"ImageObject","inLanguage":"cs","@id":"https:\/\/www.dakarmania.cz\/#\/schema\/logo\/image\/","url":"https:\/\/www.dakarmania.cz\/wp-content\/uploads\/2018\/12\/Dakar-Mania-Logo-Square-Orange.png","contentUrl":"https:\/\/www.dakarmania.cz\/wp-content\/uploads\/2018\/12\/Dakar-Mania-Logo-Square-Orange.png","width":992,"height":992,"caption":"DAKAR MANIA"},"image":{"@id":"https:\/\/www.dakarmania.cz\/#\/schema\/logo\/image\/"},"sameAs":["https:\/\/www.facebook.com\/dakarmania\/"]},{"@type":"Person","@id":"https:\/\/www.dakarmania.cz\/#\/schema\/person\/bce8d1fe3633b1178e150fc5e340d5dd","name":"tiskov\u00e1 zpr\u00e1va","image":{"@type":"ImageObject","inLanguage":"cs","@id":"https:\/\/www.dakarmania.cz\/#\/schema\/person\/image\/","url":"https:\/\/secure.gravatar.com\/avatar\/19aefcb6c7bfae691fca4d805686c670f59bb4f7414c7b398b88dc9c8f4e96d5?s=96&d=mm&r=g","contentUrl":"https:\/\/secure.gravatar.com\/avatar\/19aefcb6c7bfae691fca4d805686c670f59bb4f7414c7b398b88dc9c8f4e96d5?s=96&d=mm&r=g","caption":"tiskov\u00e1 zpr\u00e1va"},"url":"https:\/\/www.dakarmania.cz\/index.php\/author\/tiskovezpravy\/"}]}},"amp_enabled":true,"_links":{"self":[{"href":"https:\/\/www.dakarmania.cz\/index.php\/wp-json\/wp\/v2\/posts\/1432","targetHints":{"allow":["GET"]}}],"collection":[{"href":"https:\/\/www.dakarmania.cz\/index.php\/wp-json\/wp\/v2\/posts"}],"about":[{"href":"https:\/\/www.dakarmania.cz\/index.php\/wp-json\/wp\/v2\/types\/post"}],"author":[{"embeddable":true,"href":"https:\/\/www.dakarmania.cz\/index.php\/wp-json\/wp\/v2\/users\/3"}],"replies":[{"embeddable":true,"href":"https:\/\/www.dakarmania.cz\/index.php\/wp-json\/wp\/v2\/comments?post=1432"}],"version-history":[{"count":3,"href":"https:\/\/www.dakarmania.cz\/index.php\/wp-json\/wp\/v2\/posts\/1432\/revisions"}],"predecessor-version":[{"id":22530,"href":"https:\/\/www.dakarmania.cz\/index.php\/wp-json\/wp\/v2\/posts\/1432\/revisions\/22530"}],"wp:featuredmedia":[{"embeddable":true,"href":"https:\/\/www.dakarmania.cz\/index.php\/wp-json\/wp\/v2\/media\/1431"}],"wp:attachment":[{"href":"https:\/\/www.dakarmania.cz\/index.php\/wp-json\/wp\/v2\/media?parent=1432"}],"wp:term":[{"taxonomy":"category","embeddable":true,"href":"https:\/\/www.dakarmania.cz\/index.php\/wp-json\/wp\/v2\/categories?post=1432"},{"taxonomy":"post_tag","embeddable":true,"href":"https:\/\/www.dakarmania.cz\/index.php\/wp-json\/wp\/v2\/tags?post=1432"}],"curies":[{"name":"wp","href":"https:\/\/api.w.org\/{rel}","templated":true}]}}