{"id":1436,"date":"2019-01-05T15:35:41","date_gmt":"2019-01-05T15:35:41","guid":{"rendered":"https:\/\/www.dakarmania.cz\/?p=1436"},"modified":"2019-01-07T00:06:23","modified_gmt":"2019-01-07T00:06:23","slug":"africa-race-2019-martin-benko-je-po-prvnim-tydnu-treti","status":"publish","type":"post","link":"https:\/\/www.dakarmania.cz\/index.php\/2019\/01\/05\/africa-race-2019-martin-benko-je-po-prvnim-tydnu-treti\/","title":{"rendered":"Africa Race 2019: Martin Benko je po prvn\u00edm t\u00fddnu t\u0159et\u00ed"},"content":{"rendered":"<p>[vc_row][vc_column][vc_column_text]<\/p>\n<h4>Martin Benko na motocyklu KTM zajel v p\u00e1t\u00e9 etap\u011b Africa Eco Race 2019 t\u0159et\u00ed nejrychlej\u0161\u00ed \u010das dne. Slovensk\u00fd jezdec nesta\u010dil pouze na dosud naprosto suver\u00e9nn\u00ed dvojic\u00ed Botturi, Ullev\u00e5lseter.<\/h4>\n<p>Sobotn\u00ed speci\u00e1lka m\u011b\u0159ila 419 kilometr\u016f a provedla sout\u011b\u017e\u00edc\u00ed pou\u0161t\u00ed ji\u017en\u00edho Maroka z Fort Chacalu do Daklhy na pob\u0159e\u017e\u00ed Atlantick\u00e9ho oce\u00e1nu.<\/p>\n<p>Simone Agazzi, jen\u017e s Hondou dr\u017eel t\u0159et\u00ed pozici od druh\u00e9ho dne rally, byl dnes p\u00e1t\u00fd. Krom\u011b ji\u017e zm\u00edn\u011bn\u00e9 trojice nesta\u010dil tak\u00e9 Felixi Jensenovi. Ital tak p\u0159i\u0161el o t\u0159et\u00ed p\u0159\u00ed\u010dku na \u00fakor Benka, p\u0159esto\u017ee Slov\u00e1k dnes inkasoval \u0161estiminutovou penalizaci. Agazzimu se v\u00fdrazn\u011b p\u0159ibl\u00ed\u017eil i Nor, kter\u00fd nyn\u00ed na p\u00e1t\u00e9m m\u00edst\u011b zaost\u00e1v\u00e1 u\u017e jen o necel\u00fdch dvan\u00e1ct minut.[\/vc_column_text][vc_single_image image=&#8221;1435&#8243; img_size=&#8221;large&#8221; add_caption=&#8221;yes&#8221; alignment=&#8221;center&#8221;][vc_separator][vc_column_text]Ned\u011bln\u00ed den odpo\u010dinku v Dakhle si jako vedouc\u00ed mu\u017e sout\u011b\u017ee u\u017eije Alessandro Botturi. Italsk\u00fd jezdec vyhr\u00e1l na sv\u00e9 Yamaze t\u0159et\u00ed etapu, P\u00e5la Anderse Ullev\u00e5lsetera (KTM) porazil o dv\u011b minuty a osmn\u00e1ct sekund a v pr\u016fb\u011b\u017en\u00e9m hodnocen\u00ed zv\u00fd\u0161il sv\u016fj n\u00e1skok p\u0159ed Norem na 7:26 min.<\/p>\n<p>Slov\u00e1k J\u00e1n Za\u0165ko (KTM) dokon\u010dil speci\u00e1lku se ztr\u00e1tou 52 minut na patn\u00e1ct\u00e9m m\u00edst\u011b a celkov\u011b je \u010dtrn\u00e1ct\u00fd. Luk\u00e1\u0161 Kvapil (Husqvarna) se v pr\u016fb\u011b\u017en\u00e9m po\u0159ad\u00ed posunul na 32. pozici, v hodnocen\u00ed etapy figuruje je\u0161t\u011b o p\u0159\u00ed\u010dku v\u00fd\u0161e.<\/p>\n<p>Po dni volna bude Africa Eco Race pokra\u010dovat \u0161estou etapou v pond\u011bl\u00ed 7. ledna, kdy sout\u011b\u017e opust\u00ed Maroko a p\u0159esune se do sousedn\u00ed Mauret\u00e1nie.<\/p>\n<p>V sobotu 5. ledna pokra\u010duje Africa Eco Race 2019 p\u00e1tou etapou z Fort Chacalu do Daklhy, kde sout\u011b\u017e\u00edc\u00ed v ned\u011bli tak\u00e9 str\u00e1v\u00ed den odpo\u010dinku. P\u0159edt\u00edm ale je\u0161t\u011b mus\u00ed zdolat 419 kilometr\u016f m\u011b\u0159en\u00e9ho \u00faseku a 219 kilometr\u016f na p\u0159ejezdech.[\/vc_column_text][vc_column_text]<\/p>\n<table style=\"width: 97.7654%; height: 192px;\" cellpadding=\"10\">\n<thead>\n<tr style=\"background-color: #ff7d0e;\">\n<td style=\"width: 6.51685%; height: 24px;\" colspan=\"4\"><strong>Africa Eco Race 2019 &#8211; MOTOCYKLY po 5. etap\u011b<\/strong><\/td>\n<\/tr>\n<\/thead>\n<tbody>\n<tr style=\"height: 24px;\">\n<td style=\"width: 6.51685%; height: 24px;\">1.<\/td>\n<td style=\"width: 39.6629%; height: 24px;\">Alessandro Botturi<\/td>\n<td style=\"width: 29.2135%; height: 24px;\">Yamaha<\/td>\n<td style=\"width: 23.4831%; height: 24px;\">20:46:08<\/td>\n<\/tr>\n<tr style=\"height: 24px;\">\n<td style=\"width: 6.51685%; height: 24px;\">2.<\/td>\n<td style=\"width: 39.6629%; height: 24px;\">P\u00e5l Anders Ullev\u00e5lseter<\/td>\n<td style=\"width: 29.2135%; height: 24px;\">KTM<\/td>\n<td style=\"width: 23.4831%; height: 24px;\">+7:26<\/td>\n<\/tr>\n<tr style=\"height: 24px;\">\n<td style=\"width: 6.51685%; height: 24px;\">3.<\/td>\n<td style=\"width: 39.6629%; height: 24px;\">Martin Benko<\/td>\n<td style=\"width: 29.2135%; height: 24px;\">KTM<\/td>\n<td style=\"width: 23.4831%; height: 24px;\">+2:02:08<\/td>\n<\/tr>\n<tr style=\"height: 24px;\">\n<td style=\"width: 6.51685%; height: 24px;\">4.<\/td>\n<td style=\"width: 39.6629%; height: 24px;\">Simone Agazzi<\/td>\n<td style=\"width: 29.2135%; height: 24px;\">Honda<\/td>\n<td style=\"width: 23.4831%; height: 24px;\">+2:09:48<\/td>\n<\/tr>\n<tr style=\"height: 24px;\">\n<td style=\"width: 6.51685%; height: 24px;\">5.<\/td>\n<td style=\"width: 39.6629%; height: 24px;\">Felix Jensen<\/td>\n<td style=\"width: 29.2135%; height: 24px;\">J.I. BYGG AS<\/td>\n<td style=\"width: 23.4831%; height: 24px;\">+2:23:42<\/td>\n<\/tr>\n<tr style=\"height: 24px;\">\n<td style=\"width: 6.51685%; height: 24px;\">14.<\/td>\n<td style=\"width: 39.6629%; height: 24px;\">J\u00e1n Za\u0165ko<\/td>\n<td style=\"width: 29.2135%; height: 24px;\">KTM<\/td>\n<td style=\"width: 23.4831%; height: 24px;\">+5:14:54<\/td>\n<\/tr>\n<tr style=\"height: 24px;\">\n<td style=\"width: 6.51685%; height: 24px;\">32.<\/td>\n<td style=\"width: 39.6629%; height: 24px;\">Luk\u00e1\u0161 Kvapil<\/td>\n<td style=\"width: 29.2135%; height: 24px;\">Husqvarna<\/td>\n<td style=\"width: 23.4831%; height: 24px;\">+10:42:34<\/td>\n<\/tr>\n<\/tbody>\n<\/table>\n<p>[\/vc_column_text][\/vc_column][\/vc_row]<\/p>\n","protected":false},"excerpt":{"rendered":"<p>[vc_row][vc_column][vc_column_text] Martin Benko na motocyklu KTM zajel v p\u00e1t\u00e9 etap\u011b Africa Eco Race 2019 t\u0159et\u00ed nejrychlej\u0161\u00ed \u010das dne. Slovensk\u00fd jezdec nesta\u010dil pouze na dosud naprosto suver\u00e9nn\u00ed dvojic\u00ed Botturi, Ullev\u00e5lseter. Sobotn\u00ed speci\u00e1lka m\u011b\u0159ila 419 kilometr\u016f a provedla sout\u011b\u017e\u00edc\u00ed pou\u0161t\u00ed ji\u017en\u00edho Maroka z Fort Chacalu do Daklhy na pob\u0159e\u017e\u00ed Atlantick\u00e9ho oce\u00e1nu. Simone Agazzi, jen\u017e s Hondou dr\u017eel [&hellip;]<\/p>\n","protected":false},"author":1,"featured_media":1434,"comment_status":"open","ping_status":"closed","sticky":false,"template":"","format":"standard","meta":{"footnotes":""},"categories":[119,15],"tags":[120,121,167,129,64,173,63,140,139,171,169,172,168],"class_list":["post-1436","post","type-post","status-publish","format-standard","has-post-thumbnail","hentry","category-africa-eco-race","category-moto-quad","tag-aer","tag-aer-2019","tag-alessandro-botturi","tag-honda","tag-husqvarna","tag-jan-zatko","tag-ktm","tag-lr-horse-power","tag-lukas-kvapil","tag-martin-benko","tag-pal-anders-ullevalseter","tag-simone-agazzi","tag-yamaha"],"yoast_head":"<!-- This site is optimized with the Yoast SEO plugin v24.9 - https:\/\/yoast.com\/wordpress\/plugins\/seo\/ -->\n<title>Africa Race 2019: Martin Benko je po prvn\u00edm t\u00fddnu t\u0159et\u00ed - DAKARMANIA.cz<\/title>\n<meta name=\"description\" content=\"Martin Benko na motocyklu KTM zajel v p\u00e1t\u00e9 etap\u011b Africa Eco Race 2019 t\u0159et\u00ed nejrychlej\u0161\u00ed \u010das dne. Slov\u00e1k nesta\u010dil pouze na dvojic\u00ed Botturi, Ullev\u00e5lseter.\" \/>\n<meta name=\"robots\" content=\"index, follow, max-snippet:-1, max-image-preview:large, max-video-preview:-1\" \/>\n<link rel=\"canonical\" href=\"https:\/\/www.dakarmania.cz\/index.php\/2019\/01\/05\/africa-race-2019-martin-benko-je-po-prvnim-tydnu-treti\/\" \/>\n<meta property=\"og:locale\" content=\"cs_CZ\" \/>\n<meta property=\"og:type\" content=\"article\" \/>\n<meta property=\"og:title\" content=\"Africa Race 2019: Martin Benko je po prvn\u00edm t\u00fddnu t\u0159et\u00ed - DAKARMANIA.cz\" \/>\n<meta property=\"og:description\" content=\"Martin Benko na motocyklu KTM zajel v p\u00e1t\u00e9 etap\u011b Africa Eco Race 2019 t\u0159et\u00ed nejrychlej\u0161\u00ed \u010das dne. Slov\u00e1k nesta\u010dil pouze na dvojic\u00ed Botturi, Ullev\u00e5lseter.\" \/>\n<meta property=\"og:url\" content=\"https:\/\/www.dakarmania.cz\/index.php\/2019\/01\/05\/africa-race-2019-martin-benko-je-po-prvnim-tydnu-treti\/\" \/>\n<meta property=\"og:site_name\" content=\"DAKARMANIA.cz\" \/>\n<meta property=\"article:publisher\" content=\"https:\/\/www.facebook.com\/dakarmania\/\" \/>\n<meta property=\"article:published_time\" content=\"2019-01-05T15:35:41+00:00\" \/>\n<meta property=\"article:modified_time\" content=\"2019-01-07T00:06:23+00:00\" \/>\n<meta property=\"og:image\" content=\"https:\/\/www.dakarmania.cz\/wp-content\/uploads\/2019\/01\/19-aer-benko04.jpg\" \/>\n\t<meta property=\"og:image:width\" content=\"2048\" \/>\n\t<meta property=\"og:image:height\" content=\"1365\" \/>\n\t<meta property=\"og:image:type\" content=\"image\/jpeg\" \/>\n<meta name=\"author\" content=\"Zden\u011bk Zelenka\" \/>\n<meta name=\"twitter:card\" content=\"summary_large_image\" \/>\n<meta name=\"twitter:label1\" content=\"Napsal(a)\" \/>\n\t<meta name=\"twitter:data1\" content=\"Zden\u011bk Zelenka\" \/>\n\t<meta name=\"twitter:label2\" content=\"Odhadovan\u00e1 doba \u010dten\u00ed\" \/>\n\t<meta name=\"twitter:data2\" content=\"2 minuty\" \/>\n<script type=\"application\/ld+json\" class=\"yoast-schema-graph\">{\"@context\":\"https:\/\/schema.org\",\"@graph\":[{\"@type\":\"Article\",\"@id\":\"https:\/\/www.dakarmania.cz\/index.php\/2019\/01\/05\/africa-race-2019-martin-benko-je-po-prvnim-tydnu-treti\/#article\",\"isPartOf\":{\"@id\":\"https:\/\/www.dakarmania.cz\/index.php\/2019\/01\/05\/africa-race-2019-martin-benko-je-po-prvnim-tydnu-treti\/\"},\"author\":{\"name\":\"Zden\u011bk Zelenka\",\"@id\":\"https:\/\/www.dakarmania.cz\/#\/schema\/person\/04eb0e87a389631c2169c0dddae7ff1e\"},\"headline\":\"Africa Race 2019: Martin Benko je po prvn\u00edm t\u00fddnu t\u0159et\u00ed\",\"datePublished\":\"2019-01-05T15:35:41+00:00\",\"dateModified\":\"2019-01-07T00:06:23+00:00\",\"mainEntityOfPage\":{\"@id\":\"https:\/\/www.dakarmania.cz\/index.php\/2019\/01\/05\/africa-race-2019-martin-benko-je-po-prvnim-tydnu-treti\/\"},\"wordCount\":410,\"commentCount\":0,\"publisher\":{\"@id\":\"https:\/\/www.dakarmania.cz\/#organization\"},\"image\":{\"@id\":\"https:\/\/www.dakarmania.cz\/index.php\/2019\/01\/05\/africa-race-2019-martin-benko-je-po-prvnim-tydnu-treti\/#primaryimage\"},\"thumbnailUrl\":\"https:\/\/www.dakarmania.cz\/wp-content\/uploads\/2019\/01\/19-aer-benko04.jpg\",\"keywords\":[\"AER\",\"AER 2019\",\"Alessandro Botturi\",\"Honda\",\"Husqvarna\",\"J\u00e1n Za\u0165ko\",\"KTM\",\"LR Horse Power\",\"Luk\u00e1\u0161 Kvapil\",\"Martin Benko\",\"Pal Anders Ullevalseter\",\"Simone Agazzi\",\"Yamaha\"],\"articleSection\":[\"Africa Eco Race\",\"Moto\/Quad\"],\"inLanguage\":\"cs\",\"potentialAction\":[{\"@type\":\"CommentAction\",\"name\":\"Comment\",\"target\":[\"https:\/\/www.dakarmania.cz\/index.php\/2019\/01\/05\/africa-race-2019-martin-benko-je-po-prvnim-tydnu-treti\/#respond\"]}]},{\"@type\":\"WebPage\",\"@id\":\"https:\/\/www.dakarmania.cz\/index.php\/2019\/01\/05\/africa-race-2019-martin-benko-je-po-prvnim-tydnu-treti\/\",\"url\":\"https:\/\/www.dakarmania.cz\/index.php\/2019\/01\/05\/africa-race-2019-martin-benko-je-po-prvnim-tydnu-treti\/\",\"name\":\"Africa Race 2019: Martin Benko je po prvn\u00edm t\u00fddnu t\u0159et\u00ed - DAKARMANIA.cz\",\"isPartOf\":{\"@id\":\"https:\/\/www.dakarmania.cz\/#website\"},\"primaryImageOfPage\":{\"@id\":\"https:\/\/www.dakarmania.cz\/index.php\/2019\/01\/05\/africa-race-2019-martin-benko-je-po-prvnim-tydnu-treti\/#primaryimage\"},\"image\":{\"@id\":\"https:\/\/www.dakarmania.cz\/index.php\/2019\/01\/05\/africa-race-2019-martin-benko-je-po-prvnim-tydnu-treti\/#primaryimage\"},\"thumbnailUrl\":\"https:\/\/www.dakarmania.cz\/wp-content\/uploads\/2019\/01\/19-aer-benko04.jpg\",\"datePublished\":\"2019-01-05T15:35:41+00:00\",\"dateModified\":\"2019-01-07T00:06:23+00:00\",\"description\":\"Martin Benko na motocyklu KTM zajel v p\u00e1t\u00e9 etap\u011b Africa Eco Race 2019 t\u0159et\u00ed nejrychlej\u0161\u00ed \u010das dne. Slov\u00e1k nesta\u010dil pouze na dvojic\u00ed Botturi, Ullev\u00e5lseter.\",\"breadcrumb\":{\"@id\":\"https:\/\/www.dakarmania.cz\/index.php\/2019\/01\/05\/africa-race-2019-martin-benko-je-po-prvnim-tydnu-treti\/#breadcrumb\"},\"inLanguage\":\"cs\",\"potentialAction\":[{\"@type\":\"ReadAction\",\"target\":[\"https:\/\/www.dakarmania.cz\/index.php\/2019\/01\/05\/africa-race-2019-martin-benko-je-po-prvnim-tydnu-treti\/\"]}]},{\"@type\":\"ImageObject\",\"inLanguage\":\"cs\",\"@id\":\"https:\/\/www.dakarmania.cz\/index.php\/2019\/01\/05\/africa-race-2019-martin-benko-je-po-prvnim-tydnu-treti\/#primaryimage\",\"url\":\"https:\/\/www.dakarmania.cz\/wp-content\/uploads\/2019\/01\/19-aer-benko04.jpg\",\"contentUrl\":\"https:\/\/www.dakarmania.cz\/wp-content\/uploads\/2019\/01\/19-aer-benko04.jpg\",\"width\":2048,\"height\":1365,\"caption\":\"Martin Benko, KTM 450 Rally Replica, Slovakia Rally Team. Africa Eco Race 2019. Foto: AER Media\"},{\"@type\":\"BreadcrumbList\",\"@id\":\"https:\/\/www.dakarmania.cz\/index.php\/2019\/01\/05\/africa-race-2019-martin-benko-je-po-prvnim-tydnu-treti\/#breadcrumb\",\"itemListElement\":[{\"@type\":\"ListItem\",\"position\":1,\"name\":\"Dom\u016f\",\"item\":\"https:\/\/www.dakarmania.cz\/\"},{\"@type\":\"ListItem\",\"position\":2,\"name\":\"Africa Race 2019: Martin Benko je po prvn\u00edm t\u00fddnu t\u0159et\u00ed\"}]},{\"@type\":\"WebSite\",\"@id\":\"https:\/\/www.dakarmania.cz\/#website\",\"url\":\"https:\/\/www.dakarmania.cz\/\",\"name\":\"DAKARMANIA.cz\",\"description\":\"\u017dijeme Dakarem cel\u00fd rok\",\"publisher\":{\"@id\":\"https:\/\/www.dakarmania.cz\/#organization\"},\"potentialAction\":[{\"@type\":\"SearchAction\",\"target\":{\"@type\":\"EntryPoint\",\"urlTemplate\":\"https:\/\/www.dakarmania.cz\/?s={search_term_string}\"},\"query-input\":{\"@type\":\"PropertyValueSpecification\",\"valueRequired\":true,\"valueName\":\"search_term_string\"}}],\"inLanguage\":\"cs\"},{\"@type\":\"Organization\",\"@id\":\"https:\/\/www.dakarmania.cz\/#organization\",\"name\":\"DAKAR MANIA\",\"url\":\"https:\/\/www.dakarmania.cz\/\",\"logo\":{\"@type\":\"ImageObject\",\"inLanguage\":\"cs\",\"@id\":\"https:\/\/www.dakarmania.cz\/#\/schema\/logo\/image\/\",\"url\":\"https:\/\/www.dakarmania.cz\/wp-content\/uploads\/2018\/12\/Dakar-Mania-Logo-Square-Orange.png\",\"contentUrl\":\"https:\/\/www.dakarmania.cz\/wp-content\/uploads\/2018\/12\/Dakar-Mania-Logo-Square-Orange.png\",\"width\":992,\"height\":992,\"caption\":\"DAKAR MANIA\"},\"image\":{\"@id\":\"https:\/\/www.dakarmania.cz\/#\/schema\/logo\/image\/\"},\"sameAs\":[\"https:\/\/www.facebook.com\/dakarmania\/\"]},{\"@type\":\"Person\",\"@id\":\"https:\/\/www.dakarmania.cz\/#\/schema\/person\/04eb0e87a389631c2169c0dddae7ff1e\",\"name\":\"Zden\u011bk Zelenka\",\"image\":{\"@type\":\"ImageObject\",\"inLanguage\":\"cs\",\"@id\":\"https:\/\/www.dakarmania.cz\/#\/schema\/person\/image\/\",\"url\":\"https:\/\/secure.gravatar.com\/avatar\/2c80d5a4942fe0900b73cc7d3837a509d6ee0a276a2b76dac95c92bd0763a89b?s=96&d=mm&r=g\",\"contentUrl\":\"https:\/\/secure.gravatar.com\/avatar\/2c80d5a4942fe0900b73cc7d3837a509d6ee0a276a2b76dac95c92bd0763a89b?s=96&d=mm&r=g\",\"caption\":\"Zden\u011bk Zelenka\"},\"description\":\"Moji d\u011bt\u0161t\u00ed hrdinov\u00e9 se jmenovali Loprais, Moskal, Neveu, Vatanen, Rahier... A tihle borci, jejich n\u00e1sledovn\u00edci a jejich p\u0159\u00edb\u011bhy m\u011b nep\u0159estali fascinovat ani po letech, kdy jsem vyrostl a zam\u011bstn\u00e1valy m\u011b jin\u00e9 discipl\u00edny motorsportu. Proto se zrodila DAKARMANIA.\",\"url\":\"https:\/\/www.dakarmania.cz\/index.php\/author\/dakarmania\/\"}]}<\/script>\n<!-- \/ Yoast SEO plugin. -->","yoast_head_json":{"title":"Africa Race 2019: Martin Benko je po prvn\u00edm t\u00fddnu t\u0159et\u00ed - DAKARMANIA.cz","description":"Martin Benko na motocyklu KTM zajel v p\u00e1t\u00e9 etap\u011b Africa Eco Race 2019 t\u0159et\u00ed nejrychlej\u0161\u00ed \u010das dne. Slov\u00e1k nesta\u010dil pouze na dvojic\u00ed Botturi, Ullev\u00e5lseter.","robots":{"index":"index","follow":"follow","max-snippet":"max-snippet:-1","max-image-preview":"max-image-preview:large","max-video-preview":"max-video-preview:-1"},"canonical":"https:\/\/www.dakarmania.cz\/index.php\/2019\/01\/05\/africa-race-2019-martin-benko-je-po-prvnim-tydnu-treti\/","og_locale":"cs_CZ","og_type":"article","og_title":"Africa Race 2019: Martin Benko je po prvn\u00edm t\u00fddnu t\u0159et\u00ed - DAKARMANIA.cz","og_description":"Martin Benko na motocyklu KTM zajel v p\u00e1t\u00e9 etap\u011b Africa Eco Race 2019 t\u0159et\u00ed nejrychlej\u0161\u00ed \u010das dne. Slov\u00e1k nesta\u010dil pouze na dvojic\u00ed Botturi, Ullev\u00e5lseter.","og_url":"https:\/\/www.dakarmania.cz\/index.php\/2019\/01\/05\/africa-race-2019-martin-benko-je-po-prvnim-tydnu-treti\/","og_site_name":"DAKARMANIA.cz","article_publisher":"https:\/\/www.facebook.com\/dakarmania\/","article_published_time":"2019-01-05T15:35:41+00:00","article_modified_time":"2019-01-07T00:06:23+00:00","og_image":[{"width":2048,"height":1365,"url":"https:\/\/www.dakarmania.cz\/wp-content\/uploads\/2019\/01\/19-aer-benko04.jpg","type":"image\/jpeg"}],"author":"Zden\u011bk Zelenka","twitter_card":"summary_large_image","twitter_misc":{"Napsal(a)":"Zden\u011bk Zelenka","Odhadovan\u00e1 doba \u010dten\u00ed":"2 minuty"},"schema":{"@context":"https:\/\/schema.org","@graph":[{"@type":"Article","@id":"https:\/\/www.dakarmania.cz\/index.php\/2019\/01\/05\/africa-race-2019-martin-benko-je-po-prvnim-tydnu-treti\/#article","isPartOf":{"@id":"https:\/\/www.dakarmania.cz\/index.php\/2019\/01\/05\/africa-race-2019-martin-benko-je-po-prvnim-tydnu-treti\/"},"author":{"name":"Zden\u011bk Zelenka","@id":"https:\/\/www.dakarmania.cz\/#\/schema\/person\/04eb0e87a389631c2169c0dddae7ff1e"},"headline":"Africa Race 2019: Martin Benko je po prvn\u00edm t\u00fddnu t\u0159et\u00ed","datePublished":"2019-01-05T15:35:41+00:00","dateModified":"2019-01-07T00:06:23+00:00","mainEntityOfPage":{"@id":"https:\/\/www.dakarmania.cz\/index.php\/2019\/01\/05\/africa-race-2019-martin-benko-je-po-prvnim-tydnu-treti\/"},"wordCount":410,"commentCount":0,"publisher":{"@id":"https:\/\/www.dakarmania.cz\/#organization"},"image":{"@id":"https:\/\/www.dakarmania.cz\/index.php\/2019\/01\/05\/africa-race-2019-martin-benko-je-po-prvnim-tydnu-treti\/#primaryimage"},"thumbnailUrl":"https:\/\/www.dakarmania.cz\/wp-content\/uploads\/2019\/01\/19-aer-benko04.jpg","keywords":["AER","AER 2019","Alessandro Botturi","Honda","Husqvarna","J\u00e1n Za\u0165ko","KTM","LR Horse Power","Luk\u00e1\u0161 Kvapil","Martin Benko","Pal Anders Ullevalseter","Simone Agazzi","Yamaha"],"articleSection":["Africa Eco Race","Moto\/Quad"],"inLanguage":"cs","potentialAction":[{"@type":"CommentAction","name":"Comment","target":["https:\/\/www.dakarmania.cz\/index.php\/2019\/01\/05\/africa-race-2019-martin-benko-je-po-prvnim-tydnu-treti\/#respond"]}]},{"@type":"WebPage","@id":"https:\/\/www.dakarmania.cz\/index.php\/2019\/01\/05\/africa-race-2019-martin-benko-je-po-prvnim-tydnu-treti\/","url":"https:\/\/www.dakarmania.cz\/index.php\/2019\/01\/05\/africa-race-2019-martin-benko-je-po-prvnim-tydnu-treti\/","name":"Africa Race 2019: Martin Benko je po prvn\u00edm t\u00fddnu t\u0159et\u00ed - DAKARMANIA.cz","isPartOf":{"@id":"https:\/\/www.dakarmania.cz\/#website"},"primaryImageOfPage":{"@id":"https:\/\/www.dakarmania.cz\/index.php\/2019\/01\/05\/africa-race-2019-martin-benko-je-po-prvnim-tydnu-treti\/#primaryimage"},"image":{"@id":"https:\/\/www.dakarmania.cz\/index.php\/2019\/01\/05\/africa-race-2019-martin-benko-je-po-prvnim-tydnu-treti\/#primaryimage"},"thumbnailUrl":"https:\/\/www.dakarmania.cz\/wp-content\/uploads\/2019\/01\/19-aer-benko04.jpg","datePublished":"2019-01-05T15:35:41+00:00","dateModified":"2019-01-07T00:06:23+00:00","description":"Martin Benko na motocyklu KTM zajel v p\u00e1t\u00e9 etap\u011b Africa Eco Race 2019 t\u0159et\u00ed nejrychlej\u0161\u00ed \u010das dne. Slov\u00e1k nesta\u010dil pouze na dvojic\u00ed Botturi, Ullev\u00e5lseter.","breadcrumb":{"@id":"https:\/\/www.dakarmania.cz\/index.php\/2019\/01\/05\/africa-race-2019-martin-benko-je-po-prvnim-tydnu-treti\/#breadcrumb"},"inLanguage":"cs","potentialAction":[{"@type":"ReadAction","target":["https:\/\/www.dakarmania.cz\/index.php\/2019\/01\/05\/africa-race-2019-martin-benko-je-po-prvnim-tydnu-treti\/"]}]},{"@type":"ImageObject","inLanguage":"cs","@id":"https:\/\/www.dakarmania.cz\/index.php\/2019\/01\/05\/africa-race-2019-martin-benko-je-po-prvnim-tydnu-treti\/#primaryimage","url":"https:\/\/www.dakarmania.cz\/wp-content\/uploads\/2019\/01\/19-aer-benko04.jpg","contentUrl":"https:\/\/www.dakarmania.cz\/wp-content\/uploads\/2019\/01\/19-aer-benko04.jpg","width":2048,"height":1365,"caption":"Martin Benko, KTM 450 Rally Replica, Slovakia Rally Team. Africa Eco Race 2019. Foto: AER Media"},{"@type":"BreadcrumbList","@id":"https:\/\/www.dakarmania.cz\/index.php\/2019\/01\/05\/africa-race-2019-martin-benko-je-po-prvnim-tydnu-treti\/#breadcrumb","itemListElement":[{"@type":"ListItem","position":1,"name":"Dom\u016f","item":"https:\/\/www.dakarmania.cz\/"},{"@type":"ListItem","position":2,"name":"Africa Race 2019: Martin Benko je po prvn\u00edm t\u00fddnu t\u0159et\u00ed"}]},{"@type":"WebSite","@id":"https:\/\/www.dakarmania.cz\/#website","url":"https:\/\/www.dakarmania.cz\/","name":"DAKARMANIA.cz","description":"\u017dijeme Dakarem cel\u00fd rok","publisher":{"@id":"https:\/\/www.dakarmania.cz\/#organization"},"potentialAction":[{"@type":"SearchAction","target":{"@type":"EntryPoint","urlTemplate":"https:\/\/www.dakarmania.cz\/?s={search_term_string}"},"query-input":{"@type":"PropertyValueSpecification","valueRequired":true,"valueName":"search_term_string"}}],"inLanguage":"cs"},{"@type":"Organization","@id":"https:\/\/www.dakarmania.cz\/#organization","name":"DAKAR MANIA","url":"https:\/\/www.dakarmania.cz\/","logo":{"@type":"ImageObject","inLanguage":"cs","@id":"https:\/\/www.dakarmania.cz\/#\/schema\/logo\/image\/","url":"https:\/\/www.dakarmania.cz\/wp-content\/uploads\/2018\/12\/Dakar-Mania-Logo-Square-Orange.png","contentUrl":"https:\/\/www.dakarmania.cz\/wp-content\/uploads\/2018\/12\/Dakar-Mania-Logo-Square-Orange.png","width":992,"height":992,"caption":"DAKAR MANIA"},"image":{"@id":"https:\/\/www.dakarmania.cz\/#\/schema\/logo\/image\/"},"sameAs":["https:\/\/www.facebook.com\/dakarmania\/"]},{"@type":"Person","@id":"https:\/\/www.dakarmania.cz\/#\/schema\/person\/04eb0e87a389631c2169c0dddae7ff1e","name":"Zden\u011bk Zelenka","image":{"@type":"ImageObject","inLanguage":"cs","@id":"https:\/\/www.dakarmania.cz\/#\/schema\/person\/image\/","url":"https:\/\/secure.gravatar.com\/avatar\/2c80d5a4942fe0900b73cc7d3837a509d6ee0a276a2b76dac95c92bd0763a89b?s=96&d=mm&r=g","contentUrl":"https:\/\/secure.gravatar.com\/avatar\/2c80d5a4942fe0900b73cc7d3837a509d6ee0a276a2b76dac95c92bd0763a89b?s=96&d=mm&r=g","caption":"Zden\u011bk Zelenka"},"description":"Moji d\u011bt\u0161t\u00ed hrdinov\u00e9 se jmenovali Loprais, Moskal, Neveu, Vatanen, Rahier... A tihle borci, jejich n\u00e1sledovn\u00edci a jejich p\u0159\u00edb\u011bhy m\u011b nep\u0159estali fascinovat ani po letech, kdy jsem vyrostl a zam\u011bstn\u00e1valy m\u011b jin\u00e9 discipl\u00edny motorsportu. Proto se zrodila DAKARMANIA.","url":"https:\/\/www.dakarmania.cz\/index.php\/author\/dakarmania\/"}]}},"amp_enabled":true,"_links":{"self":[{"href":"https:\/\/www.dakarmania.cz\/index.php\/wp-json\/wp\/v2\/posts\/1436","targetHints":{"allow":["GET"]}}],"collection":[{"href":"https:\/\/www.dakarmania.cz\/index.php\/wp-json\/wp\/v2\/posts"}],"about":[{"href":"https:\/\/www.dakarmania.cz\/index.php\/wp-json\/wp\/v2\/types\/post"}],"author":[{"embeddable":true,"href":"https:\/\/www.dakarmania.cz\/index.php\/wp-json\/wp\/v2\/users\/1"}],"replies":[{"embeddable":true,"href":"https:\/\/www.dakarmania.cz\/index.php\/wp-json\/wp\/v2\/comments?post=1436"}],"version-history":[{"count":4,"href":"https:\/\/www.dakarmania.cz\/index.php\/wp-json\/wp\/v2\/posts\/1436\/revisions"}],"predecessor-version":[{"id":1482,"href":"https:\/\/www.dakarmania.cz\/index.php\/wp-json\/wp\/v2\/posts\/1436\/revisions\/1482"}],"wp:featuredmedia":[{"embeddable":true,"href":"https:\/\/www.dakarmania.cz\/index.php\/wp-json\/wp\/v2\/media\/1434"}],"wp:attachment":[{"href":"https:\/\/www.dakarmania.cz\/index.php\/wp-json\/wp\/v2\/media?parent=1436"}],"wp:term":[{"taxonomy":"category","embeddable":true,"href":"https:\/\/www.dakarmania.cz\/index.php\/wp-json\/wp\/v2\/categories?post=1436"},{"taxonomy":"post_tag","embeddable":true,"href":"https:\/\/www.dakarmania.cz\/index.php\/wp-json\/wp\/v2\/tags?post=1436"}],"curies":[{"name":"wp","href":"https:\/\/api.w.org\/{rel}","templated":true}]}}