{"id":14369,"date":"2020-01-08T19:49:24","date_gmt":"2020-01-08T18:49:24","guid":{"rendered":"https:\/\/www.dakarmania.cz\/?p=14369"},"modified":"2020-01-09T18:39:52","modified_gmt":"2020-01-09T17:39:52","slug":"loprais-na-dakaru-stoupa","status":"publish","type":"post","link":"https:\/\/www.dakarmania.cz\/index.php\/2020\/01\/08\/loprais-na-dakaru-stoupa\/","title":{"rendered":"Loprais na Dakaru stoup\u00e1. P\u00e1t\u00e9 m\u00edsto odm\u011bnou za drsn\u00e9 martyrium"},"content":{"rendered":"<p>[vc_row][vc_column][vc_column_text css_animation=&#8221;fadeIn&#8221;]<\/p>\n<h3>O\u010dek\u00e1v\u00e1n\u00ed se napl\u0148uj\u00ed. Prvn\u00ed sa\u00fadskoarabsk\u00fd ro\u010dn\u00edk Rally Dakar je doopravdy nesm\u00edrn\u011b n\u00e1ro\u010dn\u00fd. Pos\u00e1dce Instaforex Loprais Teamu se v\u0161ak da\u0159\u00ed. Ve \u010dtvrt\u00e9 etap\u011b \u00fasp\u011b\u0161n\u011b zdolala ter\u00e9n, jak\u00fd na maratonsk\u00fdch sout\u011b\u017e\u00edch nikdo nepamatuje, a v pr\u016fb\u011b\u017en\u00e9 klasifikaci kategorie kamion\u016f postoupila u\u017e na p\u00e1tou pozici.<\/h3>\n<p>[\/vc_column_text][vc_single_image image=&#8221;14366&#8243; img_size=&#8221;large&#8221; add_caption=&#8221;yes&#8221; alignment=&#8221;center&#8221; onclick=&#8221;link_image&#8221; css_animation=&#8221;fadeIn&#8221;][vc_column_text css_animation=&#8221;fadeIn&#8221;]Ve st\u0159edu 8. ledna se trasa <a href=\"\/index.php\/souteze\/dakar-2020l\/\">Rally Dakar 2020<\/a> oto\u010dila sm\u011brem na v\u00fdchod a karavana sout\u011b\u017ee zam\u00ed\u0159ila od pob\u0159e\u017e\u00ed Rud\u00e9ho mo\u0159e do vnitrozem\u00ed Arabsk\u00e9ho poloostrova. \u010ctvrt\u00e1 etapa m\u011b\u0159ila 676 kilometr\u016f a zavedla \u00fa\u010dastn\u00edky z Neomu do Al Uly. Na programu byla rychlostn\u00ed zkou\u0161ka dlouh\u00e1 453 kilometr\u016f s velmi n\u00e1ro\u010dn\u00fdmi kamenit\u00fdmi pas\u00e1\u017eemi. P\u0159edev\u0161\u00edm z\u00e1v\u011bre\u010dn\u00fdch pades\u00e1t kilometr\u016f p\u0159ipom\u00ednalo sv\u00fdm charakterem sp\u00ed\u0161e trial ne\u017e pou\u0161tn\u00ed sout\u011b\u017e.<\/p>\n<p>Nov\u00e1 Praga V4S DKR ov\u0161em obst\u00e1la i v t\u011bchto mimo\u0159\u00e1dn\u00fdch podm\u00ednk\u00e1ch. <a href=\"\/index.php\/osobnosti\/ales-loprais\/\">Ale\u0161 Loprais<\/a> s navig\u00e1torem Khalidem Alkendim a palubn\u00edm mechanikem <a href=\"\/index.php\/osobnosti\/petr-pokora\/\">Petrem Pokorou<\/a> zdolali <a href=\"\/index.php\/2020\/01\/08\/dakar-2020-loprais-pred-nikolajeva\/\">speci\u00e1lku<\/a> za 4 hodiny a 34 minut. S devaten\u00e1ctiminutov\u00fdm odstupem od dnes nejrychlej\u0161\u00edho Rusa <a href=\"\/index.php\/osobnosti\/anton-sibalov\/\">\u0160ibalova<\/a> byli v etap\u011b klasifikov\u00e1ni jako sedm\u00ed.<\/p>\n<p>D\u00edky tomu v absolutn\u00ed klasifikaci p\u0159esko\u010dili lo\u0148sk\u00e9ho v\u00edt\u011bze <a href=\"\/index.php\/osobnosti\/eduard-nikolajev\/\">Eduarda Nikolajeva<\/a> a posunuli se ze \u0161est\u00e9 na p\u00e1tou pozici.[\/vc_column_text][vc_single_image image=&#8221;14367&#8243; img_size=&#8221;large&#8221; add_caption=&#8221;yes&#8221; alignment=&#8221;center&#8221; onclick=&#8221;link_image&#8221; css_animation=&#8221;fadeIn&#8221;][vc_column_text css_animation=&#8221;fadeIn&#8221;]<em>\u201ePro m\u011b to dnes bylo utrpen\u00ed. Byla to jedna z nejnep\u0159\u00edjemn\u011bj\u0161\u00edch etap v\u016fbec,\u201c<\/em> hodnotil bezprost\u0159edn\u011b po dojezdu do c\u00edle <strong>Ale\u0161 Loprais<\/strong>. <em>\u201eJeli jsme je\u0161t\u011b t\u011b\u017e\u0161\u00ed kamenit\u00e9 \u00faseky, ne\u017e zn\u00e1me z Maroka. Jsme dobit\u00ed, schytali jsme fyzicky opravdu hodn\u011b.\u201c<\/em><\/p>\n<p><em>\u201eAuto \u0161lapalo slu\u0161n\u011b, ale v\u00fdkonov\u011b, a hlavn\u011b kv\u016fli taktice na dva tov\u00e1rn\u00ed t\u00fdmy p\u0159ed n\u00e1mi nem\u00e1me. Oni mohou v kamen\u00ed v\u00edc riskovat, my mus\u00edme udr\u017eet nervy na uzd\u011b. Je to extr\u00e9mn\u011b vysiluj\u00edc\u00ed, rychl\u00fd a n\u00e1ro\u010dn\u00fd Dakar,\u201c<\/em> shrnul notn\u011b vy\u010derpan\u00fd jezdec.<\/p>\n<p>Z\u00edtra sout\u011b\u017e pokra\u010duje p\u00e1tou etapou do m\u011bsta Ha\u2019il. T\u00e9m\u011b\u0159 polovina rychlostn\u00ed zkou\u0161ky dlouh\u00e9 353 kilometr\u016f by se m\u011bla jet v p\u00edsku. Nep\u016fjde v\u0161ak je\u0161t\u011b o klasick\u00e9 duny, ale sp\u00ed\u0161e o gigantick\u00e9 p\u00edse\u010dn\u00e9 kopce, z nich\u017e na mnoha m\u00edstech vy\u010dn\u00edvaj\u00ed sk\u00e1ly. A tak\u00e9 tentokr\u00e1t organiz\u00e1to\u0159i nab\u00e1daj\u00ed ke zv\u00fd\u0161en\u00e9 pozornosti p\u0159i navigaci.<\/p>\n<p>Tiskov\u00e1 zpr\u00e1va Instaforex Loprais Teamu[\/vc_column_text][vc_empty_space height=&#8221;2px&#8221;][\/vc_column][\/vc_row]<\/p>\n","protected":false},"excerpt":{"rendered":"<p>O\u010dek\u00e1v\u00e1n\u00ed se napl\u0148uj\u00ed. Prvn\u00ed sa\u00fadskoarabsk\u00fd ro\u010dn\u00edk Rally Dakar je doopravdy nesm\u00edrn\u011b n\u00e1ro\u010dn\u00fd. Pos\u00e1dce Instaforex Loprais Teamu se v\u0161ak da\u0159\u00ed.<\/p>\n","protected":false},"author":3,"featured_media":14366,"comment_status":"open","ping_status":"closed","sticky":false,"template":"","format":"standard","meta":{"footnotes":""},"categories":[251,16,637],"tags":[903,65,8,159,1526,69,67,1557],"class_list":["post-14369","post","type-post","status-publish","format-standard","has-post-thumbnail","hentry","category-dakar-2020","category-kamion","category-tiskove-zpravy","tag-903","tag-ales-loprais","tag-dakar","tag-dakar-2020","tag-khalid-alkendi","tag-loprais-team","tag-petr-pokora","tag-praga"],"yoast_head":"<!-- This site is optimized with the Yoast SEO plugin v24.9 - https:\/\/yoast.com\/wordpress\/plugins\/seo\/ -->\n<title>Loprais na Dakaru stoup\u00e1. P\u00e1t\u00e9 m\u00edsto odm\u011bnou za drsn\u00e9 martyrium - DAKARMANIA.cz<\/title>\n<meta name=\"description\" content=\"O\u010dek\u00e1v\u00e1n\u00ed se napl\u0148uj\u00ed. Prvn\u00ed sa\u00fadskoarabsk\u00fd ro\u010dn\u00edk Rally Dakar je doopravdy nesm\u00edrn\u011b n\u00e1ro\u010dn\u00fd. Pos\u00e1dce Instaforex Loprais Teamu se v\u0161ak da\u0159\u00ed.\" \/>\n<meta name=\"robots\" content=\"index, follow, max-snippet:-1, max-image-preview:large, max-video-preview:-1\" \/>\n<link rel=\"canonical\" href=\"https:\/\/www.dakarmania.cz\/index.php\/2020\/01\/08\/loprais-na-dakaru-stoupa\/\" \/>\n<meta property=\"og:locale\" content=\"cs_CZ\" \/>\n<meta property=\"og:type\" content=\"article\" \/>\n<meta property=\"og:title\" content=\"Loprais na Dakaru stoup\u00e1. P\u00e1t\u00e9 m\u00edsto odm\u011bnou za drsn\u00e9 martyrium - DAKARMANIA.cz\" \/>\n<meta property=\"og:description\" content=\"O\u010dek\u00e1v\u00e1n\u00ed se napl\u0148uj\u00ed. Prvn\u00ed sa\u00fadskoarabsk\u00fd ro\u010dn\u00edk Rally Dakar je doopravdy nesm\u00edrn\u011b n\u00e1ro\u010dn\u00fd. Pos\u00e1dce Instaforex Loprais Teamu se v\u0161ak da\u0159\u00ed.\" \/>\n<meta property=\"og:url\" content=\"https:\/\/www.dakarmania.cz\/index.php\/2020\/01\/08\/loprais-na-dakaru-stoupa\/\" \/>\n<meta property=\"og:site_name\" content=\"DAKARMANIA.cz\" \/>\n<meta property=\"article:publisher\" content=\"https:\/\/www.facebook.com\/dakarmania\/\" \/>\n<meta property=\"article:published_time\" content=\"2020-01-08T18:49:24+00:00\" \/>\n<meta property=\"article:modified_time\" content=\"2020-01-09T17:39:52+00:00\" \/>\n<meta property=\"og:image\" content=\"https:\/\/www.dakarmania.cz\/wp-content\/uploads\/2020\/01\/20-dakar-loprais-11.jpg\" \/>\n\t<meta property=\"og:image:width\" content=\"1024\" \/>\n\t<meta property=\"og:image:height\" content=\"683\" \/>\n\t<meta property=\"og:image:type\" content=\"image\/jpeg\" \/>\n<meta name=\"author\" content=\"tiskov\u00e1 zpr\u00e1va\" \/>\n<meta name=\"twitter:card\" content=\"summary_large_image\" \/>\n<meta name=\"twitter:label1\" content=\"Napsal(a)\" \/>\n\t<meta name=\"twitter:data1\" content=\"tiskov\u00e1 zpr\u00e1va\" \/>\n\t<meta name=\"twitter:label2\" content=\"Odhadovan\u00e1 doba \u010dten\u00ed\" \/>\n\t<meta name=\"twitter:data2\" content=\"2 minuty\" \/>\n<script type=\"application\/ld+json\" class=\"yoast-schema-graph\">{\"@context\":\"https:\/\/schema.org\",\"@graph\":[{\"@type\":\"Article\",\"@id\":\"https:\/\/www.dakarmania.cz\/index.php\/2020\/01\/08\/loprais-na-dakaru-stoupa\/#article\",\"isPartOf\":{\"@id\":\"https:\/\/www.dakarmania.cz\/index.php\/2020\/01\/08\/loprais-na-dakaru-stoupa\/\"},\"author\":{\"name\":\"tiskov\u00e1 zpr\u00e1va\",\"@id\":\"https:\/\/www.dakarmania.cz\/#\/schema\/person\/bce8d1fe3633b1178e150fc5e340d5dd\"},\"headline\":\"Loprais na Dakaru stoup\u00e1. P\u00e1t\u00e9 m\u00edsto odm\u011bnou za drsn\u00e9 martyrium\",\"datePublished\":\"2020-01-08T18:49:24+00:00\",\"dateModified\":\"2020-01-09T17:39:52+00:00\",\"mainEntityOfPage\":{\"@id\":\"https:\/\/www.dakarmania.cz\/index.php\/2020\/01\/08\/loprais-na-dakaru-stoupa\/\"},\"wordCount\":504,\"commentCount\":0,\"publisher\":{\"@id\":\"https:\/\/www.dakarmania.cz\/#organization\"},\"image\":{\"@id\":\"https:\/\/www.dakarmania.cz\/index.php\/2020\/01\/08\/loprais-na-dakaru-stoupa\/#primaryimage\"},\"thumbnailUrl\":\"https:\/\/www.dakarmania.cz\/wp-content\/uploads\/2020\/01\/20-dakar-loprais-11.jpg\",\"keywords\":[\"2020\",\"Ale\u0161 Loprais\",\"Dakar\",\"Dakar 2020\",\"Khalid Alkendi\",\"Loprais Team\",\"Petr Pokora\",\"Praga\"],\"articleSection\":[\"Dakar 2020\",\"Kamiony\",\"Tiskov\u00e9 zpr\u00e1vy\"],\"inLanguage\":\"cs\",\"potentialAction\":[{\"@type\":\"CommentAction\",\"name\":\"Comment\",\"target\":[\"https:\/\/www.dakarmania.cz\/index.php\/2020\/01\/08\/loprais-na-dakaru-stoupa\/#respond\"]}]},{\"@type\":\"WebPage\",\"@id\":\"https:\/\/www.dakarmania.cz\/index.php\/2020\/01\/08\/loprais-na-dakaru-stoupa\/\",\"url\":\"https:\/\/www.dakarmania.cz\/index.php\/2020\/01\/08\/loprais-na-dakaru-stoupa\/\",\"name\":\"Loprais na Dakaru stoup\u00e1. P\u00e1t\u00e9 m\u00edsto odm\u011bnou za drsn\u00e9 martyrium - DAKARMANIA.cz\",\"isPartOf\":{\"@id\":\"https:\/\/www.dakarmania.cz\/#website\"},\"primaryImageOfPage\":{\"@id\":\"https:\/\/www.dakarmania.cz\/index.php\/2020\/01\/08\/loprais-na-dakaru-stoupa\/#primaryimage\"},\"image\":{\"@id\":\"https:\/\/www.dakarmania.cz\/index.php\/2020\/01\/08\/loprais-na-dakaru-stoupa\/#primaryimage\"},\"thumbnailUrl\":\"https:\/\/www.dakarmania.cz\/wp-content\/uploads\/2020\/01\/20-dakar-loprais-11.jpg\",\"datePublished\":\"2020-01-08T18:49:24+00:00\",\"dateModified\":\"2020-01-09T17:39:52+00:00\",\"description\":\"O\u010dek\u00e1v\u00e1n\u00ed se napl\u0148uj\u00ed. Prvn\u00ed sa\u00fadskoarabsk\u00fd ro\u010dn\u00edk Rally Dakar je doopravdy nesm\u00edrn\u011b n\u00e1ro\u010dn\u00fd. Pos\u00e1dce Instaforex Loprais Teamu se v\u0161ak da\u0159\u00ed.\",\"breadcrumb\":{\"@id\":\"https:\/\/www.dakarmania.cz\/index.php\/2020\/01\/08\/loprais-na-dakaru-stoupa\/#breadcrumb\"},\"inLanguage\":\"cs\",\"potentialAction\":[{\"@type\":\"ReadAction\",\"target\":[\"https:\/\/www.dakarmania.cz\/index.php\/2020\/01\/08\/loprais-na-dakaru-stoupa\/\"]}]},{\"@type\":\"ImageObject\",\"inLanguage\":\"cs\",\"@id\":\"https:\/\/www.dakarmania.cz\/index.php\/2020\/01\/08\/loprais-na-dakaru-stoupa\/#primaryimage\",\"url\":\"https:\/\/www.dakarmania.cz\/wp-content\/uploads\/2020\/01\/20-dakar-loprais-11.jpg\",\"contentUrl\":\"https:\/\/www.dakarmania.cz\/wp-content\/uploads\/2020\/01\/20-dakar-loprais-11.jpg\",\"width\":1024,\"height\":683,\"caption\":\"Ale\u0161 Loprais\/Khalid Alkendi\/Petr Pokora, Praga V4S DKR, Instaforex Loprais Team. Rally Dakar 2020. \u00a9 Loprais Team\/@shakedownteam\"},{\"@type\":\"BreadcrumbList\",\"@id\":\"https:\/\/www.dakarmania.cz\/index.php\/2020\/01\/08\/loprais-na-dakaru-stoupa\/#breadcrumb\",\"itemListElement\":[{\"@type\":\"ListItem\",\"position\":1,\"name\":\"Dom\u016f\",\"item\":\"https:\/\/www.dakarmania.cz\/\"},{\"@type\":\"ListItem\",\"position\":2,\"name\":\"Loprais na Dakaru stoup\u00e1. P\u00e1t\u00e9 m\u00edsto odm\u011bnou za drsn\u00e9 martyrium\"}]},{\"@type\":\"WebSite\",\"@id\":\"https:\/\/www.dakarmania.cz\/#website\",\"url\":\"https:\/\/www.dakarmania.cz\/\",\"name\":\"DAKARMANIA.cz\",\"description\":\"\u017dijeme Dakarem cel\u00fd rok\",\"publisher\":{\"@id\":\"https:\/\/www.dakarmania.cz\/#organization\"},\"potentialAction\":[{\"@type\":\"SearchAction\",\"target\":{\"@type\":\"EntryPoint\",\"urlTemplate\":\"https:\/\/www.dakarmania.cz\/?s={search_term_string}\"},\"query-input\":{\"@type\":\"PropertyValueSpecification\",\"valueRequired\":true,\"valueName\":\"search_term_string\"}}],\"inLanguage\":\"cs\"},{\"@type\":\"Organization\",\"@id\":\"https:\/\/www.dakarmania.cz\/#organization\",\"name\":\"DAKAR MANIA\",\"url\":\"https:\/\/www.dakarmania.cz\/\",\"logo\":{\"@type\":\"ImageObject\",\"inLanguage\":\"cs\",\"@id\":\"https:\/\/www.dakarmania.cz\/#\/schema\/logo\/image\/\",\"url\":\"https:\/\/www.dakarmania.cz\/wp-content\/uploads\/2018\/12\/Dakar-Mania-Logo-Square-Orange.png\",\"contentUrl\":\"https:\/\/www.dakarmania.cz\/wp-content\/uploads\/2018\/12\/Dakar-Mania-Logo-Square-Orange.png\",\"width\":992,\"height\":992,\"caption\":\"DAKAR MANIA\"},\"image\":{\"@id\":\"https:\/\/www.dakarmania.cz\/#\/schema\/logo\/image\/\"},\"sameAs\":[\"https:\/\/www.facebook.com\/dakarmania\/\"]},{\"@type\":\"Person\",\"@id\":\"https:\/\/www.dakarmania.cz\/#\/schema\/person\/bce8d1fe3633b1178e150fc5e340d5dd\",\"name\":\"tiskov\u00e1 zpr\u00e1va\",\"image\":{\"@type\":\"ImageObject\",\"inLanguage\":\"cs\",\"@id\":\"https:\/\/www.dakarmania.cz\/#\/schema\/person\/image\/\",\"url\":\"https:\/\/secure.gravatar.com\/avatar\/19aefcb6c7bfae691fca4d805686c670f59bb4f7414c7b398b88dc9c8f4e96d5?s=96&d=mm&r=g\",\"contentUrl\":\"https:\/\/secure.gravatar.com\/avatar\/19aefcb6c7bfae691fca4d805686c670f59bb4f7414c7b398b88dc9c8f4e96d5?s=96&d=mm&r=g\",\"caption\":\"tiskov\u00e1 zpr\u00e1va\"},\"url\":\"https:\/\/www.dakarmania.cz\/index.php\/author\/tiskovezpravy\/\"}]}<\/script>\n<!-- \/ Yoast SEO plugin. -->","yoast_head_json":{"title":"Loprais na Dakaru stoup\u00e1. P\u00e1t\u00e9 m\u00edsto odm\u011bnou za drsn\u00e9 martyrium - DAKARMANIA.cz","description":"O\u010dek\u00e1v\u00e1n\u00ed se napl\u0148uj\u00ed. Prvn\u00ed sa\u00fadskoarabsk\u00fd ro\u010dn\u00edk Rally Dakar je doopravdy nesm\u00edrn\u011b n\u00e1ro\u010dn\u00fd. Pos\u00e1dce Instaforex Loprais Teamu se v\u0161ak da\u0159\u00ed.","robots":{"index":"index","follow":"follow","max-snippet":"max-snippet:-1","max-image-preview":"max-image-preview:large","max-video-preview":"max-video-preview:-1"},"canonical":"https:\/\/www.dakarmania.cz\/index.php\/2020\/01\/08\/loprais-na-dakaru-stoupa\/","og_locale":"cs_CZ","og_type":"article","og_title":"Loprais na Dakaru stoup\u00e1. P\u00e1t\u00e9 m\u00edsto odm\u011bnou za drsn\u00e9 martyrium - DAKARMANIA.cz","og_description":"O\u010dek\u00e1v\u00e1n\u00ed se napl\u0148uj\u00ed. Prvn\u00ed sa\u00fadskoarabsk\u00fd ro\u010dn\u00edk Rally Dakar je doopravdy nesm\u00edrn\u011b n\u00e1ro\u010dn\u00fd. Pos\u00e1dce Instaforex Loprais Teamu se v\u0161ak da\u0159\u00ed.","og_url":"https:\/\/www.dakarmania.cz\/index.php\/2020\/01\/08\/loprais-na-dakaru-stoupa\/","og_site_name":"DAKARMANIA.cz","article_publisher":"https:\/\/www.facebook.com\/dakarmania\/","article_published_time":"2020-01-08T18:49:24+00:00","article_modified_time":"2020-01-09T17:39:52+00:00","og_image":[{"width":1024,"height":683,"url":"https:\/\/www.dakarmania.cz\/wp-content\/uploads\/2020\/01\/20-dakar-loprais-11.jpg","type":"image\/jpeg"}],"author":"tiskov\u00e1 zpr\u00e1va","twitter_card":"summary_large_image","twitter_misc":{"Napsal(a)":"tiskov\u00e1 zpr\u00e1va","Odhadovan\u00e1 doba \u010dten\u00ed":"2 minuty"},"schema":{"@context":"https:\/\/schema.org","@graph":[{"@type":"Article","@id":"https:\/\/www.dakarmania.cz\/index.php\/2020\/01\/08\/loprais-na-dakaru-stoupa\/#article","isPartOf":{"@id":"https:\/\/www.dakarmania.cz\/index.php\/2020\/01\/08\/loprais-na-dakaru-stoupa\/"},"author":{"name":"tiskov\u00e1 zpr\u00e1va","@id":"https:\/\/www.dakarmania.cz\/#\/schema\/person\/bce8d1fe3633b1178e150fc5e340d5dd"},"headline":"Loprais na Dakaru stoup\u00e1. P\u00e1t\u00e9 m\u00edsto odm\u011bnou za drsn\u00e9 martyrium","datePublished":"2020-01-08T18:49:24+00:00","dateModified":"2020-01-09T17:39:52+00:00","mainEntityOfPage":{"@id":"https:\/\/www.dakarmania.cz\/index.php\/2020\/01\/08\/loprais-na-dakaru-stoupa\/"},"wordCount":504,"commentCount":0,"publisher":{"@id":"https:\/\/www.dakarmania.cz\/#organization"},"image":{"@id":"https:\/\/www.dakarmania.cz\/index.php\/2020\/01\/08\/loprais-na-dakaru-stoupa\/#primaryimage"},"thumbnailUrl":"https:\/\/www.dakarmania.cz\/wp-content\/uploads\/2020\/01\/20-dakar-loprais-11.jpg","keywords":["2020","Ale\u0161 Loprais","Dakar","Dakar 2020","Khalid Alkendi","Loprais Team","Petr Pokora","Praga"],"articleSection":["Dakar 2020","Kamiony","Tiskov\u00e9 zpr\u00e1vy"],"inLanguage":"cs","potentialAction":[{"@type":"CommentAction","name":"Comment","target":["https:\/\/www.dakarmania.cz\/index.php\/2020\/01\/08\/loprais-na-dakaru-stoupa\/#respond"]}]},{"@type":"WebPage","@id":"https:\/\/www.dakarmania.cz\/index.php\/2020\/01\/08\/loprais-na-dakaru-stoupa\/","url":"https:\/\/www.dakarmania.cz\/index.php\/2020\/01\/08\/loprais-na-dakaru-stoupa\/","name":"Loprais na Dakaru stoup\u00e1. P\u00e1t\u00e9 m\u00edsto odm\u011bnou za drsn\u00e9 martyrium - DAKARMANIA.cz","isPartOf":{"@id":"https:\/\/www.dakarmania.cz\/#website"},"primaryImageOfPage":{"@id":"https:\/\/www.dakarmania.cz\/index.php\/2020\/01\/08\/loprais-na-dakaru-stoupa\/#primaryimage"},"image":{"@id":"https:\/\/www.dakarmania.cz\/index.php\/2020\/01\/08\/loprais-na-dakaru-stoupa\/#primaryimage"},"thumbnailUrl":"https:\/\/www.dakarmania.cz\/wp-content\/uploads\/2020\/01\/20-dakar-loprais-11.jpg","datePublished":"2020-01-08T18:49:24+00:00","dateModified":"2020-01-09T17:39:52+00:00","description":"O\u010dek\u00e1v\u00e1n\u00ed se napl\u0148uj\u00ed. Prvn\u00ed sa\u00fadskoarabsk\u00fd ro\u010dn\u00edk Rally Dakar je doopravdy nesm\u00edrn\u011b n\u00e1ro\u010dn\u00fd. Pos\u00e1dce Instaforex Loprais Teamu se v\u0161ak da\u0159\u00ed.","breadcrumb":{"@id":"https:\/\/www.dakarmania.cz\/index.php\/2020\/01\/08\/loprais-na-dakaru-stoupa\/#breadcrumb"},"inLanguage":"cs","potentialAction":[{"@type":"ReadAction","target":["https:\/\/www.dakarmania.cz\/index.php\/2020\/01\/08\/loprais-na-dakaru-stoupa\/"]}]},{"@type":"ImageObject","inLanguage":"cs","@id":"https:\/\/www.dakarmania.cz\/index.php\/2020\/01\/08\/loprais-na-dakaru-stoupa\/#primaryimage","url":"https:\/\/www.dakarmania.cz\/wp-content\/uploads\/2020\/01\/20-dakar-loprais-11.jpg","contentUrl":"https:\/\/www.dakarmania.cz\/wp-content\/uploads\/2020\/01\/20-dakar-loprais-11.jpg","width":1024,"height":683,"caption":"Ale\u0161 Loprais\/Khalid Alkendi\/Petr Pokora, Praga V4S DKR, Instaforex Loprais Team. Rally Dakar 2020. \u00a9 Loprais Team\/@shakedownteam"},{"@type":"BreadcrumbList","@id":"https:\/\/www.dakarmania.cz\/index.php\/2020\/01\/08\/loprais-na-dakaru-stoupa\/#breadcrumb","itemListElement":[{"@type":"ListItem","position":1,"name":"Dom\u016f","item":"https:\/\/www.dakarmania.cz\/"},{"@type":"ListItem","position":2,"name":"Loprais na Dakaru stoup\u00e1. P\u00e1t\u00e9 m\u00edsto odm\u011bnou za drsn\u00e9 martyrium"}]},{"@type":"WebSite","@id":"https:\/\/www.dakarmania.cz\/#website","url":"https:\/\/www.dakarmania.cz\/","name":"DAKARMANIA.cz","description":"\u017dijeme Dakarem cel\u00fd rok","publisher":{"@id":"https:\/\/www.dakarmania.cz\/#organization"},"potentialAction":[{"@type":"SearchAction","target":{"@type":"EntryPoint","urlTemplate":"https:\/\/www.dakarmania.cz\/?s={search_term_string}"},"query-input":{"@type":"PropertyValueSpecification","valueRequired":true,"valueName":"search_term_string"}}],"inLanguage":"cs"},{"@type":"Organization","@id":"https:\/\/www.dakarmania.cz\/#organization","name":"DAKAR MANIA","url":"https:\/\/www.dakarmania.cz\/","logo":{"@type":"ImageObject","inLanguage":"cs","@id":"https:\/\/www.dakarmania.cz\/#\/schema\/logo\/image\/","url":"https:\/\/www.dakarmania.cz\/wp-content\/uploads\/2018\/12\/Dakar-Mania-Logo-Square-Orange.png","contentUrl":"https:\/\/www.dakarmania.cz\/wp-content\/uploads\/2018\/12\/Dakar-Mania-Logo-Square-Orange.png","width":992,"height":992,"caption":"DAKAR MANIA"},"image":{"@id":"https:\/\/www.dakarmania.cz\/#\/schema\/logo\/image\/"},"sameAs":["https:\/\/www.facebook.com\/dakarmania\/"]},{"@type":"Person","@id":"https:\/\/www.dakarmania.cz\/#\/schema\/person\/bce8d1fe3633b1178e150fc5e340d5dd","name":"tiskov\u00e1 zpr\u00e1va","image":{"@type":"ImageObject","inLanguage":"cs","@id":"https:\/\/www.dakarmania.cz\/#\/schema\/person\/image\/","url":"https:\/\/secure.gravatar.com\/avatar\/19aefcb6c7bfae691fca4d805686c670f59bb4f7414c7b398b88dc9c8f4e96d5?s=96&d=mm&r=g","contentUrl":"https:\/\/secure.gravatar.com\/avatar\/19aefcb6c7bfae691fca4d805686c670f59bb4f7414c7b398b88dc9c8f4e96d5?s=96&d=mm&r=g","caption":"tiskov\u00e1 zpr\u00e1va"},"url":"https:\/\/www.dakarmania.cz\/index.php\/author\/tiskovezpravy\/"}]}},"amp_enabled":true,"_links":{"self":[{"href":"https:\/\/www.dakarmania.cz\/index.php\/wp-json\/wp\/v2\/posts\/14369","targetHints":{"allow":["GET"]}}],"collection":[{"href":"https:\/\/www.dakarmania.cz\/index.php\/wp-json\/wp\/v2\/posts"}],"about":[{"href":"https:\/\/www.dakarmania.cz\/index.php\/wp-json\/wp\/v2\/types\/post"}],"author":[{"embeddable":true,"href":"https:\/\/www.dakarmania.cz\/index.php\/wp-json\/wp\/v2\/users\/3"}],"replies":[{"embeddable":true,"href":"https:\/\/www.dakarmania.cz\/index.php\/wp-json\/wp\/v2\/comments?post=14369"}],"version-history":[{"count":2,"href":"https:\/\/www.dakarmania.cz\/index.php\/wp-json\/wp\/v2\/posts\/14369\/revisions"}],"predecessor-version":[{"id":14371,"href":"https:\/\/www.dakarmania.cz\/index.php\/wp-json\/wp\/v2\/posts\/14369\/revisions\/14371"}],"wp:featuredmedia":[{"embeddable":true,"href":"https:\/\/www.dakarmania.cz\/index.php\/wp-json\/wp\/v2\/media\/14366"}],"wp:attachment":[{"href":"https:\/\/www.dakarmania.cz\/index.php\/wp-json\/wp\/v2\/media?parent=14369"}],"wp:term":[{"taxonomy":"category","embeddable":true,"href":"https:\/\/www.dakarmania.cz\/index.php\/wp-json\/wp\/v2\/categories?post=14369"},{"taxonomy":"post_tag","embeddable":true,"href":"https:\/\/www.dakarmania.cz\/index.php\/wp-json\/wp\/v2\/tags?post=14369"}],"curies":[{"name":"wp","href":"https:\/\/api.w.org\/{rel}","templated":true}]}}