{"id":1440,"date":"2019-01-05T16:51:11","date_gmt":"2019-01-05T16:51:11","guid":{"rendered":"https:\/\/www.dakarmania.cz\/?p=1440"},"modified":"2019-01-05T16:51:11","modified_gmt":"2019-01-05T16:51:11","slug":"africa-race-2019-jacinto-vede-tomecka-zastavila-technika","status":"publish","type":"post","link":"https:\/\/www.dakarmania.cz\/index.php\/2019\/01\/05\/africa-race-2019-jacinto-vede-tomecka-zastavila-technika\/","title":{"rendered":"Africa Race 2019: Jacinto vede, Tome\u010dka zastavila technika"},"content":{"rendered":"<p>[vc_row][vc_column][vc_column_text]<\/p>\n<h4>Elisabete Jacinto po p\u00e1t\u00e9 etap\u011b Africa Eco Race 2019 osi\u0159ela na \u010dele pr\u016fb\u011b\u017en\u00e9ho hodnocen\u00ed kamion\u016f. Jej\u00edho jedin\u00e9ho p\u0159\u00edm\u00e9ho konkurenta v souboji o veden\u00ed mezi truckery vy\u0159adila technick\u00e1 z\u00e1vada.<\/h4>\n<p>P\u0159ed dnem volna se tak na prvn\u00ed p\u0159\u00ed\u010dku v kategorii kamion\u016f vr\u00e1tila trojice Elisabete Jacinto, Jos\u00e9 Marques, Marco Cochinho (MAN TGS). Portugalci si dnes p\u0159ipsali prvn\u00ed etapov\u00e9 v\u00edt\u011bzstv\u00ed v leto\u0161n\u00edm ro\u010dn\u00edku AER a p\u0159ed celkov\u011b druhou pos\u00e1dkou No\u00ebla Esserse (MAN) vedou u\u017e o hodinu a \u010dty\u0159icet minut.[\/vc_column_text][vc_single_image image=&#8221;1439&#8243; img_size=&#8221;large&#8221; add_caption=&#8221;yes&#8221; alignment=&#8221;center&#8221;][vc_separator][vc_column_text]Na za\u010d\u00e1tku druh\u00e9ho t\u00fddne sout\u011b\u017ee si Essers nejsp\u00ed\u0161 bude muset hodn\u011b hl\u00eddat z\u00e1da. Igor Bouwens, Tom de Leeuw a Ulrich Boerboom s Ivecem byli v sobotu druz\u00ed, na sv\u00e9ho krajan najeli dal\u0161\u00ed dv\u011b a \u010dtvrt minuty a v celkov\u00e9m sou\u010dtu za n\u00edm na t\u0159et\u00ed pozici zaost\u00e1vaj\u00ed o 27:40 min.<\/p>\n<p>Ve h\u0159e o stupn\u011b v\u00edt\u011bz\u016f z\u016fst\u00e1vaj\u00ed tak\u00e9 Nizozemci Aad van Velsen (Ginaf) a Johan Elfrink (Mercedes), kte\u0159\u00ed na Bouwense ztr\u00e1cej\u00ed osm, resp. 32 minut.<\/p>\n<p>Po dni odpo\u010dinku, kter\u00fd \u00fa\u010dastn\u00edci rally str\u00e1v\u00ed v Daklhe, bude Africa Eco Race pokra\u010dovat \u0161estou etapou v pond\u011bl\u00ed 7. ledna, kdy sout\u011b\u017e opust\u00ed Maroko a p\u0159esune se do sousedn\u00ed Mauret\u00e1nie.[\/vc_column_text][vc_column_text]<\/p>\n<table style=\"width: 97.7654%;\" cellpadding=\"10\">\n<thead>\n<tr style=\"background-color: #ff7d0e;\">\n<td style=\"width: 98.8764%;\" colspan=\"4\"><strong>Africa Eco Race 2019 &#8211; KAMIONY po 5. etap\u011b<\/strong><\/td>\n<\/tr>\n<\/thead>\n<tbody>\n<tr>\n<td style=\"width: 6.51685%;\">1.<\/td>\n<td style=\"width: 39.7999%;\">Jacinto\/Marques\/Cochinho<\/td>\n<td style=\"width: 29.0765%;\">MAN<\/td>\n<td style=\"width: 23.4831%;\">22:02:08<\/td>\n<\/tr>\n<tr>\n<td style=\"width: 6.51685%;\">2.<\/td>\n<td style=\"width: 39.7999%;\">Essers\/Lauwers\/Cooninx<\/td>\n<td style=\"width: 29.0765%;\">MAN<\/td>\n<td style=\"width: 23.4831%;\">+1:40:03<\/td>\n<\/tr>\n<tr>\n<td style=\"width: 6.51685%;\">3.<\/td>\n<td style=\"width: 39.7999%;\">Bouwens\/Driesmans\/Boerboom<\/td>\n<td style=\"width: 29.0765%;\">Iveco<\/td>\n<td style=\"width: 23.4831%;\">+2:07:43<\/td>\n<\/tr>\n<tr>\n<td style=\"width: 6.51685%;\">4.<\/td>\n<td style=\"width: 39.7999%;\">Van Velsen\/Siemons\/Oosting<\/td>\n<td style=\"width: 29.0765%;\">GINAF<\/td>\n<td style=\"width: 23.4831%;\">+2:15:39<\/td>\n<\/tr>\n<tr>\n<td style=\"width: 6.51685%;\">5.<\/td>\n<td style=\"width: 39.7999%;\">Elfrink\/Schuttel<\/td>\n<td style=\"width: 29.0765%;\">Mercedes-Benz<\/td>\n<td style=\"width: 23.4831%;\">+2:39:21<\/td>\n<\/tr>\n<tr>\n<td style=\"width: 6.51685%;\">6.<\/td>\n<td style=\"width: 39.7999%;\">\u0160kljajev\/Laguta<\/td>\n<td style=\"width: 29.0765%;\">GAZ<\/td>\n<td style=\"width: 23.4831%;\">+10:36:08<\/td>\n<\/tr>\n<tr>\n<td style=\"width: 6.51685%;\">7.<\/td>\n<td style=\"width: 39.7999%;\">Levickij\/Dolgov<\/td>\n<td style=\"width: 29.0765%;\">GAZ<\/td>\n<td style=\"width: 23.4831%;\">+16:41:12<\/td>\n<\/tr>\n<tr>\n<td style=\"width: 6.51685%;\">8.<\/td>\n<td style=\"width: 39.7999%;\">Den Hartigh\/Van Pelt\/Van der Vos<\/td>\n<td style=\"width: 29.0765%;\">GINAF<\/td>\n<td style=\"width: 23.4831%;\">+18:12:59<\/td>\n<\/tr>\n<\/tbody>\n<\/table>\n<p>[\/vc_column_text][\/vc_column][\/vc_row]<\/p>\n","protected":false},"excerpt":{"rendered":"<p>[vc_row][vc_column][vc_column_text] Elisabete Jacinto po p\u00e1t\u00e9 etap\u011b Africa Eco Race 2019 osi\u0159ela na \u010dele pr\u016fb\u011b\u017en\u00e9ho hodnocen\u00ed kamion\u016f. Jej\u00edho jedin\u00e9ho p\u0159\u00edm\u00e9ho konkurenta v souboji o veden\u00ed mezi truckery vy\u0159adila technick\u00e1 z\u00e1vada. P\u0159ed dnem volna se tak na prvn\u00ed p\u0159\u00ed\u010dku v kategorii kamion\u016f vr\u00e1tila trojice Elisabete Jacinto, Jos\u00e9 Marques, Marco Cochinho (MAN TGS). Portugalci si dnes p\u0159ipsali prvn\u00ed [&hellip;]<\/p>\n","protected":false},"author":1,"featured_media":1438,"comment_status":"open","ping_status":"closed","sticky":false,"template":"","format":"standard","meta":{"footnotes":""},"categories":[119,16],"tags":[120,121,165,163,164,166,185,68,141],"class_list":["post-1440","post","type-post","status-publish","format-standard","has-post-thumbnail","hentry","category-africa-eco-race","category-kamion","tag-aer","tag-aer-2019","tag-elisabete-jacinto","tag-igor-bouwens","tag-iveco","tag-man","tag-noel-essers","tag-tatra","tag-tomas-tomecek"],"yoast_head":"<!-- This site is optimized with the Yoast SEO plugin v24.9 - https:\/\/yoast.com\/wordpress\/plugins\/seo\/ -->\n<title>Africa Race 2019: Jacinto vede, Tome\u010dka zastavila technika - DAKARMANIA.cz<\/title>\n<meta name=\"description\" content=\"Elisabete Jacinto po 5. etap\u011b Africa Eco Race 2019 osi\u0159ela na \u010dele pr\u016fb\u011b\u017en\u00e9ho hodnocen\u00ed kamion\u016f. Jej\u00edho jedin\u00e9ho konkurenta vy\u0159adila technick\u00e1 z\u00e1vada.\" \/>\n<meta name=\"robots\" content=\"index, follow, max-snippet:-1, max-image-preview:large, max-video-preview:-1\" \/>\n<link rel=\"canonical\" href=\"https:\/\/www.dakarmania.cz\/index.php\/2019\/01\/05\/africa-race-2019-jacinto-vede-tomecka-zastavila-technika\/\" \/>\n<meta property=\"og:locale\" content=\"cs_CZ\" \/>\n<meta property=\"og:type\" content=\"article\" \/>\n<meta property=\"og:title\" content=\"Africa Race 2019: Jacinto vede, Tome\u010dka zastavila technika - DAKARMANIA.cz\" \/>\n<meta property=\"og:description\" content=\"Elisabete Jacinto po 5. etap\u011b Africa Eco Race 2019 osi\u0159ela na \u010dele pr\u016fb\u011b\u017en\u00e9ho hodnocen\u00ed kamion\u016f. Jej\u00edho jedin\u00e9ho konkurenta vy\u0159adila technick\u00e1 z\u00e1vada.\" \/>\n<meta property=\"og:url\" content=\"https:\/\/www.dakarmania.cz\/index.php\/2019\/01\/05\/africa-race-2019-jacinto-vede-tomecka-zastavila-technika\/\" \/>\n<meta property=\"og:site_name\" content=\"DAKARMANIA.cz\" \/>\n<meta property=\"article:publisher\" content=\"https:\/\/www.facebook.com\/dakarmania\/\" \/>\n<meta property=\"article:published_time\" content=\"2019-01-05T16:51:11+00:00\" \/>\n<meta property=\"og:image\" content=\"https:\/\/www.dakarmania.cz\/wp-content\/uploads\/2019\/01\/19-aer-jacinto03.jpg\" \/>\n\t<meta property=\"og:image:width\" content=\"2048\" \/>\n\t<meta property=\"og:image:height\" content=\"1365\" \/>\n\t<meta property=\"og:image:type\" content=\"image\/jpeg\" \/>\n<meta name=\"author\" content=\"Zden\u011bk Zelenka\" \/>\n<meta name=\"twitter:card\" content=\"summary_large_image\" \/>\n<meta name=\"twitter:label1\" content=\"Napsal(a)\" \/>\n\t<meta name=\"twitter:data1\" content=\"Zden\u011bk Zelenka\" \/>\n\t<meta name=\"twitter:label2\" content=\"Odhadovan\u00e1 doba \u010dten\u00ed\" \/>\n\t<meta name=\"twitter:data2\" content=\"2 minuty\" \/>\n<script type=\"application\/ld+json\" class=\"yoast-schema-graph\">{\"@context\":\"https:\/\/schema.org\",\"@graph\":[{\"@type\":\"Article\",\"@id\":\"https:\/\/www.dakarmania.cz\/index.php\/2019\/01\/05\/africa-race-2019-jacinto-vede-tomecka-zastavila-technika\/#article\",\"isPartOf\":{\"@id\":\"https:\/\/www.dakarmania.cz\/index.php\/2019\/01\/05\/africa-race-2019-jacinto-vede-tomecka-zastavila-technika\/\"},\"author\":{\"name\":\"Zden\u011bk Zelenka\",\"@id\":\"https:\/\/www.dakarmania.cz\/#\/schema\/person\/04eb0e87a389631c2169c0dddae7ff1e\"},\"headline\":\"Africa Race 2019: Jacinto vede, Tome\u010dka zastavila technika\",\"datePublished\":\"2019-01-05T16:51:11+00:00\",\"mainEntityOfPage\":{\"@id\":\"https:\/\/www.dakarmania.cz\/index.php\/2019\/01\/05\/africa-race-2019-jacinto-vede-tomecka-zastavila-technika\/\"},\"wordCount\":313,\"commentCount\":0,\"publisher\":{\"@id\":\"https:\/\/www.dakarmania.cz\/#organization\"},\"image\":{\"@id\":\"https:\/\/www.dakarmania.cz\/index.php\/2019\/01\/05\/africa-race-2019-jacinto-vede-tomecka-zastavila-technika\/#primaryimage\"},\"thumbnailUrl\":\"https:\/\/www.dakarmania.cz\/wp-content\/uploads\/2019\/01\/19-aer-jacinto03.jpg\",\"keywords\":[\"AER\",\"AER 2019\",\"Elisabete Jacinto\",\"Igor Bouwens\",\"Iveco\",\"MAN\",\"No\u00ebl Essers\",\"Tatra\",\"Tom\u00e1\u0161 Tome\u010dek\"],\"articleSection\":[\"Africa Eco Race\",\"Kamiony\"],\"inLanguage\":\"cs\",\"potentialAction\":[{\"@type\":\"CommentAction\",\"name\":\"Comment\",\"target\":[\"https:\/\/www.dakarmania.cz\/index.php\/2019\/01\/05\/africa-race-2019-jacinto-vede-tomecka-zastavila-technika\/#respond\"]}]},{\"@type\":\"WebPage\",\"@id\":\"https:\/\/www.dakarmania.cz\/index.php\/2019\/01\/05\/africa-race-2019-jacinto-vede-tomecka-zastavila-technika\/\",\"url\":\"https:\/\/www.dakarmania.cz\/index.php\/2019\/01\/05\/africa-race-2019-jacinto-vede-tomecka-zastavila-technika\/\",\"name\":\"Africa Race 2019: Jacinto vede, Tome\u010dka zastavila technika - DAKARMANIA.cz\",\"isPartOf\":{\"@id\":\"https:\/\/www.dakarmania.cz\/#website\"},\"primaryImageOfPage\":{\"@id\":\"https:\/\/www.dakarmania.cz\/index.php\/2019\/01\/05\/africa-race-2019-jacinto-vede-tomecka-zastavila-technika\/#primaryimage\"},\"image\":{\"@id\":\"https:\/\/www.dakarmania.cz\/index.php\/2019\/01\/05\/africa-race-2019-jacinto-vede-tomecka-zastavila-technika\/#primaryimage\"},\"thumbnailUrl\":\"https:\/\/www.dakarmania.cz\/wp-content\/uploads\/2019\/01\/19-aer-jacinto03.jpg\",\"datePublished\":\"2019-01-05T16:51:11+00:00\",\"description\":\"Elisabete Jacinto po 5. etap\u011b Africa Eco Race 2019 osi\u0159ela na \u010dele pr\u016fb\u011b\u017en\u00e9ho hodnocen\u00ed kamion\u016f. Jej\u00edho jedin\u00e9ho konkurenta vy\u0159adila technick\u00e1 z\u00e1vada.\",\"breadcrumb\":{\"@id\":\"https:\/\/www.dakarmania.cz\/index.php\/2019\/01\/05\/africa-race-2019-jacinto-vede-tomecka-zastavila-technika\/#breadcrumb\"},\"inLanguage\":\"cs\",\"potentialAction\":[{\"@type\":\"ReadAction\",\"target\":[\"https:\/\/www.dakarmania.cz\/index.php\/2019\/01\/05\/africa-race-2019-jacinto-vede-tomecka-zastavila-technika\/\"]}]},{\"@type\":\"ImageObject\",\"inLanguage\":\"cs\",\"@id\":\"https:\/\/www.dakarmania.cz\/index.php\/2019\/01\/05\/africa-race-2019-jacinto-vede-tomecka-zastavila-technika\/#primaryimage\",\"url\":\"https:\/\/www.dakarmania.cz\/wp-content\/uploads\/2019\/01\/19-aer-jacinto03.jpg\",\"contentUrl\":\"https:\/\/www.dakarmania.cz\/wp-content\/uploads\/2019\/01\/19-aer-jacinto03.jpg\",\"width\":2048,\"height\":1365,\"caption\":\"Elisabete Jacinto \/ Jose Marques \/ Marco Cochinho, MAN TGS, Bio-Ritmo. Africa Eco Race 2019. Foto: E. Jacinto Media\/AIFA\"},{\"@type\":\"BreadcrumbList\",\"@id\":\"https:\/\/www.dakarmania.cz\/index.php\/2019\/01\/05\/africa-race-2019-jacinto-vede-tomecka-zastavila-technika\/#breadcrumb\",\"itemListElement\":[{\"@type\":\"ListItem\",\"position\":1,\"name\":\"Dom\u016f\",\"item\":\"https:\/\/www.dakarmania.cz\/\"},{\"@type\":\"ListItem\",\"position\":2,\"name\":\"Africa Race 2019: Jacinto vede, Tome\u010dka zastavila technika\"}]},{\"@type\":\"WebSite\",\"@id\":\"https:\/\/www.dakarmania.cz\/#website\",\"url\":\"https:\/\/www.dakarmania.cz\/\",\"name\":\"DAKARMANIA.cz\",\"description\":\"\u017dijeme Dakarem cel\u00fd rok\",\"publisher\":{\"@id\":\"https:\/\/www.dakarmania.cz\/#organization\"},\"potentialAction\":[{\"@type\":\"SearchAction\",\"target\":{\"@type\":\"EntryPoint\",\"urlTemplate\":\"https:\/\/www.dakarmania.cz\/?s={search_term_string}\"},\"query-input\":{\"@type\":\"PropertyValueSpecification\",\"valueRequired\":true,\"valueName\":\"search_term_string\"}}],\"inLanguage\":\"cs\"},{\"@type\":\"Organization\",\"@id\":\"https:\/\/www.dakarmania.cz\/#organization\",\"name\":\"DAKAR MANIA\",\"url\":\"https:\/\/www.dakarmania.cz\/\",\"logo\":{\"@type\":\"ImageObject\",\"inLanguage\":\"cs\",\"@id\":\"https:\/\/www.dakarmania.cz\/#\/schema\/logo\/image\/\",\"url\":\"https:\/\/www.dakarmania.cz\/wp-content\/uploads\/2018\/12\/Dakar-Mania-Logo-Square-Orange.png\",\"contentUrl\":\"https:\/\/www.dakarmania.cz\/wp-content\/uploads\/2018\/12\/Dakar-Mania-Logo-Square-Orange.png\",\"width\":992,\"height\":992,\"caption\":\"DAKAR MANIA\"},\"image\":{\"@id\":\"https:\/\/www.dakarmania.cz\/#\/schema\/logo\/image\/\"},\"sameAs\":[\"https:\/\/www.facebook.com\/dakarmania\/\"]},{\"@type\":\"Person\",\"@id\":\"https:\/\/www.dakarmania.cz\/#\/schema\/person\/04eb0e87a389631c2169c0dddae7ff1e\",\"name\":\"Zden\u011bk Zelenka\",\"image\":{\"@type\":\"ImageObject\",\"inLanguage\":\"cs\",\"@id\":\"https:\/\/www.dakarmania.cz\/#\/schema\/person\/image\/\",\"url\":\"https:\/\/secure.gravatar.com\/avatar\/2c80d5a4942fe0900b73cc7d3837a509d6ee0a276a2b76dac95c92bd0763a89b?s=96&d=mm&r=g\",\"contentUrl\":\"https:\/\/secure.gravatar.com\/avatar\/2c80d5a4942fe0900b73cc7d3837a509d6ee0a276a2b76dac95c92bd0763a89b?s=96&d=mm&r=g\",\"caption\":\"Zden\u011bk Zelenka\"},\"description\":\"Moji d\u011bt\u0161t\u00ed hrdinov\u00e9 se jmenovali Loprais, Moskal, Neveu, Vatanen, Rahier... A tihle borci, jejich n\u00e1sledovn\u00edci a jejich p\u0159\u00edb\u011bhy m\u011b nep\u0159estali fascinovat ani po letech, kdy jsem vyrostl a zam\u011bstn\u00e1valy m\u011b jin\u00e9 discipl\u00edny motorsportu. Proto se zrodila DAKARMANIA.\",\"url\":\"https:\/\/www.dakarmania.cz\/index.php\/author\/dakarmania\/\"}]}<\/script>\n<!-- \/ Yoast SEO plugin. -->","yoast_head_json":{"title":"Africa Race 2019: Jacinto vede, Tome\u010dka zastavila technika - DAKARMANIA.cz","description":"Elisabete Jacinto po 5. etap\u011b Africa Eco Race 2019 osi\u0159ela na \u010dele pr\u016fb\u011b\u017en\u00e9ho hodnocen\u00ed kamion\u016f. Jej\u00edho jedin\u00e9ho konkurenta vy\u0159adila technick\u00e1 z\u00e1vada.","robots":{"index":"index","follow":"follow","max-snippet":"max-snippet:-1","max-image-preview":"max-image-preview:large","max-video-preview":"max-video-preview:-1"},"canonical":"https:\/\/www.dakarmania.cz\/index.php\/2019\/01\/05\/africa-race-2019-jacinto-vede-tomecka-zastavila-technika\/","og_locale":"cs_CZ","og_type":"article","og_title":"Africa Race 2019: Jacinto vede, Tome\u010dka zastavila technika - DAKARMANIA.cz","og_description":"Elisabete Jacinto po 5. etap\u011b Africa Eco Race 2019 osi\u0159ela na \u010dele pr\u016fb\u011b\u017en\u00e9ho hodnocen\u00ed kamion\u016f. Jej\u00edho jedin\u00e9ho konkurenta vy\u0159adila technick\u00e1 z\u00e1vada.","og_url":"https:\/\/www.dakarmania.cz\/index.php\/2019\/01\/05\/africa-race-2019-jacinto-vede-tomecka-zastavila-technika\/","og_site_name":"DAKARMANIA.cz","article_publisher":"https:\/\/www.facebook.com\/dakarmania\/","article_published_time":"2019-01-05T16:51:11+00:00","og_image":[{"width":2048,"height":1365,"url":"https:\/\/www.dakarmania.cz\/wp-content\/uploads\/2019\/01\/19-aer-jacinto03.jpg","type":"image\/jpeg"}],"author":"Zden\u011bk Zelenka","twitter_card":"summary_large_image","twitter_misc":{"Napsal(a)":"Zden\u011bk Zelenka","Odhadovan\u00e1 doba \u010dten\u00ed":"2 minuty"},"schema":{"@context":"https:\/\/schema.org","@graph":[{"@type":"Article","@id":"https:\/\/www.dakarmania.cz\/index.php\/2019\/01\/05\/africa-race-2019-jacinto-vede-tomecka-zastavila-technika\/#article","isPartOf":{"@id":"https:\/\/www.dakarmania.cz\/index.php\/2019\/01\/05\/africa-race-2019-jacinto-vede-tomecka-zastavila-technika\/"},"author":{"name":"Zden\u011bk Zelenka","@id":"https:\/\/www.dakarmania.cz\/#\/schema\/person\/04eb0e87a389631c2169c0dddae7ff1e"},"headline":"Africa Race 2019: Jacinto vede, Tome\u010dka zastavila technika","datePublished":"2019-01-05T16:51:11+00:00","mainEntityOfPage":{"@id":"https:\/\/www.dakarmania.cz\/index.php\/2019\/01\/05\/africa-race-2019-jacinto-vede-tomecka-zastavila-technika\/"},"wordCount":313,"commentCount":0,"publisher":{"@id":"https:\/\/www.dakarmania.cz\/#organization"},"image":{"@id":"https:\/\/www.dakarmania.cz\/index.php\/2019\/01\/05\/africa-race-2019-jacinto-vede-tomecka-zastavila-technika\/#primaryimage"},"thumbnailUrl":"https:\/\/www.dakarmania.cz\/wp-content\/uploads\/2019\/01\/19-aer-jacinto03.jpg","keywords":["AER","AER 2019","Elisabete Jacinto","Igor Bouwens","Iveco","MAN","No\u00ebl Essers","Tatra","Tom\u00e1\u0161 Tome\u010dek"],"articleSection":["Africa Eco Race","Kamiony"],"inLanguage":"cs","potentialAction":[{"@type":"CommentAction","name":"Comment","target":["https:\/\/www.dakarmania.cz\/index.php\/2019\/01\/05\/africa-race-2019-jacinto-vede-tomecka-zastavila-technika\/#respond"]}]},{"@type":"WebPage","@id":"https:\/\/www.dakarmania.cz\/index.php\/2019\/01\/05\/africa-race-2019-jacinto-vede-tomecka-zastavila-technika\/","url":"https:\/\/www.dakarmania.cz\/index.php\/2019\/01\/05\/africa-race-2019-jacinto-vede-tomecka-zastavila-technika\/","name":"Africa Race 2019: Jacinto vede, Tome\u010dka zastavila technika - DAKARMANIA.cz","isPartOf":{"@id":"https:\/\/www.dakarmania.cz\/#website"},"primaryImageOfPage":{"@id":"https:\/\/www.dakarmania.cz\/index.php\/2019\/01\/05\/africa-race-2019-jacinto-vede-tomecka-zastavila-technika\/#primaryimage"},"image":{"@id":"https:\/\/www.dakarmania.cz\/index.php\/2019\/01\/05\/africa-race-2019-jacinto-vede-tomecka-zastavila-technika\/#primaryimage"},"thumbnailUrl":"https:\/\/www.dakarmania.cz\/wp-content\/uploads\/2019\/01\/19-aer-jacinto03.jpg","datePublished":"2019-01-05T16:51:11+00:00","description":"Elisabete Jacinto po 5. etap\u011b Africa Eco Race 2019 osi\u0159ela na \u010dele pr\u016fb\u011b\u017en\u00e9ho hodnocen\u00ed kamion\u016f. Jej\u00edho jedin\u00e9ho konkurenta vy\u0159adila technick\u00e1 z\u00e1vada.","breadcrumb":{"@id":"https:\/\/www.dakarmania.cz\/index.php\/2019\/01\/05\/africa-race-2019-jacinto-vede-tomecka-zastavila-technika\/#breadcrumb"},"inLanguage":"cs","potentialAction":[{"@type":"ReadAction","target":["https:\/\/www.dakarmania.cz\/index.php\/2019\/01\/05\/africa-race-2019-jacinto-vede-tomecka-zastavila-technika\/"]}]},{"@type":"ImageObject","inLanguage":"cs","@id":"https:\/\/www.dakarmania.cz\/index.php\/2019\/01\/05\/africa-race-2019-jacinto-vede-tomecka-zastavila-technika\/#primaryimage","url":"https:\/\/www.dakarmania.cz\/wp-content\/uploads\/2019\/01\/19-aer-jacinto03.jpg","contentUrl":"https:\/\/www.dakarmania.cz\/wp-content\/uploads\/2019\/01\/19-aer-jacinto03.jpg","width":2048,"height":1365,"caption":"Elisabete Jacinto \/ Jose Marques \/ Marco Cochinho, MAN TGS, Bio-Ritmo. Africa Eco Race 2019. Foto: E. Jacinto Media\/AIFA"},{"@type":"BreadcrumbList","@id":"https:\/\/www.dakarmania.cz\/index.php\/2019\/01\/05\/africa-race-2019-jacinto-vede-tomecka-zastavila-technika\/#breadcrumb","itemListElement":[{"@type":"ListItem","position":1,"name":"Dom\u016f","item":"https:\/\/www.dakarmania.cz\/"},{"@type":"ListItem","position":2,"name":"Africa Race 2019: Jacinto vede, Tome\u010dka zastavila technika"}]},{"@type":"WebSite","@id":"https:\/\/www.dakarmania.cz\/#website","url":"https:\/\/www.dakarmania.cz\/","name":"DAKARMANIA.cz","description":"\u017dijeme Dakarem cel\u00fd rok","publisher":{"@id":"https:\/\/www.dakarmania.cz\/#organization"},"potentialAction":[{"@type":"SearchAction","target":{"@type":"EntryPoint","urlTemplate":"https:\/\/www.dakarmania.cz\/?s={search_term_string}"},"query-input":{"@type":"PropertyValueSpecification","valueRequired":true,"valueName":"search_term_string"}}],"inLanguage":"cs"},{"@type":"Organization","@id":"https:\/\/www.dakarmania.cz\/#organization","name":"DAKAR MANIA","url":"https:\/\/www.dakarmania.cz\/","logo":{"@type":"ImageObject","inLanguage":"cs","@id":"https:\/\/www.dakarmania.cz\/#\/schema\/logo\/image\/","url":"https:\/\/www.dakarmania.cz\/wp-content\/uploads\/2018\/12\/Dakar-Mania-Logo-Square-Orange.png","contentUrl":"https:\/\/www.dakarmania.cz\/wp-content\/uploads\/2018\/12\/Dakar-Mania-Logo-Square-Orange.png","width":992,"height":992,"caption":"DAKAR MANIA"},"image":{"@id":"https:\/\/www.dakarmania.cz\/#\/schema\/logo\/image\/"},"sameAs":["https:\/\/www.facebook.com\/dakarmania\/"]},{"@type":"Person","@id":"https:\/\/www.dakarmania.cz\/#\/schema\/person\/04eb0e87a389631c2169c0dddae7ff1e","name":"Zden\u011bk Zelenka","image":{"@type":"ImageObject","inLanguage":"cs","@id":"https:\/\/www.dakarmania.cz\/#\/schema\/person\/image\/","url":"https:\/\/secure.gravatar.com\/avatar\/2c80d5a4942fe0900b73cc7d3837a509d6ee0a276a2b76dac95c92bd0763a89b?s=96&d=mm&r=g","contentUrl":"https:\/\/secure.gravatar.com\/avatar\/2c80d5a4942fe0900b73cc7d3837a509d6ee0a276a2b76dac95c92bd0763a89b?s=96&d=mm&r=g","caption":"Zden\u011bk Zelenka"},"description":"Moji d\u011bt\u0161t\u00ed hrdinov\u00e9 se jmenovali Loprais, Moskal, Neveu, Vatanen, Rahier... A tihle borci, jejich n\u00e1sledovn\u00edci a jejich p\u0159\u00edb\u011bhy m\u011b nep\u0159estali fascinovat ani po letech, kdy jsem vyrostl a zam\u011bstn\u00e1valy m\u011b jin\u00e9 discipl\u00edny motorsportu. Proto se zrodila DAKARMANIA.","url":"https:\/\/www.dakarmania.cz\/index.php\/author\/dakarmania\/"}]}},"amp_enabled":true,"_links":{"self":[{"href":"https:\/\/www.dakarmania.cz\/index.php\/wp-json\/wp\/v2\/posts\/1440","targetHints":{"allow":["GET"]}}],"collection":[{"href":"https:\/\/www.dakarmania.cz\/index.php\/wp-json\/wp\/v2\/posts"}],"about":[{"href":"https:\/\/www.dakarmania.cz\/index.php\/wp-json\/wp\/v2\/types\/post"}],"author":[{"embeddable":true,"href":"https:\/\/www.dakarmania.cz\/index.php\/wp-json\/wp\/v2\/users\/1"}],"replies":[{"embeddable":true,"href":"https:\/\/www.dakarmania.cz\/index.php\/wp-json\/wp\/v2\/comments?post=1440"}],"version-history":[{"count":1,"href":"https:\/\/www.dakarmania.cz\/index.php\/wp-json\/wp\/v2\/posts\/1440\/revisions"}],"predecessor-version":[{"id":1441,"href":"https:\/\/www.dakarmania.cz\/index.php\/wp-json\/wp\/v2\/posts\/1440\/revisions\/1441"}],"wp:featuredmedia":[{"embeddable":true,"href":"https:\/\/www.dakarmania.cz\/index.php\/wp-json\/wp\/v2\/media\/1438"}],"wp:attachment":[{"href":"https:\/\/www.dakarmania.cz\/index.php\/wp-json\/wp\/v2\/media?parent=1440"}],"wp:term":[{"taxonomy":"category","embeddable":true,"href":"https:\/\/www.dakarmania.cz\/index.php\/wp-json\/wp\/v2\/categories?post=1440"},{"taxonomy":"post_tag","embeddable":true,"href":"https:\/\/www.dakarmania.cz\/index.php\/wp-json\/wp\/v2\/tags?post=1440"}],"curies":[{"name":"wp","href":"https:\/\/api.w.org\/{rel}","templated":true}]}}