{"id":14480,"date":"2020-01-10T11:13:34","date_gmt":"2020-01-10T10:13:34","guid":{"rendered":"https:\/\/www.dakarmania.cz\/?p=14480"},"modified":"2023-05-27T10:28:56","modified_gmt":"2023-05-27T08:28:56","slug":"dakar-2020-nikolajev-konci","status":"publish","type":"post","link":"https:\/\/www.dakarmania.cz\/index.php\/2020\/01\/10\/dakar-2020-nikolajev-konci\/","title":{"rendered":"Dakar 2020: Nikolajev odstartoval do \u0161est\u00e9 etapy, p\u0159esto kon\u010d\u00ed"},"content":{"rendered":"<p>[vc_row][vc_column][vc_column_text css_animation=&#8221;fadeIn&#8221;]<\/p>\n<h3>Truckersk\u00fd kr\u00e1l jihoamerick\u00fdch ro\u010dn\u00edk\u016f Rally Dakar si na \u00fasp\u011bch v nov\u00e9 lokalit\u011b bude muset po\u010dkat. Prvn\u00ed sa\u00fadskoarabsk\u00fd ro\u010dn\u00edk pro Eduarda Nikolajeva definitivn\u011b kon\u010d\u00ed v \u0161est\u00e9 etap\u011b.<\/h3>\n<p>[\/vc_column_text][vc_single_image image=&#8221;14479&#8243; img_size=&#8221;large&#8221; add_caption=&#8221;yes&#8221; alignment=&#8221;center&#8221; onclick=&#8221;link_image&#8221; css_animation=&#8221;fadeIn&#8221;][vc_column_text css_animation=&#8221;fadeIn&#8221;]Eduard Nikolajev vyhr\u00e1l z jeden\u00e1cti ro\u010dn\u00edk\u016f dakarsk\u00e9 rally, kter\u00e9 se konaly v Ji\u017en\u00ed Americe. V roce 2010 byl palubn\u00edm mechanikem v\u00edt\u011bzn\u00e9 pos\u00e1dky Vladimira \u010cagina, jako \u0159idi\u010d pak usp\u011bl v letech 2013 a 2017 a\u017e <a href=\"\/index.php\/souteze\/dakar-2019\/\">2019<\/a>.<\/p>\n<p>P\u0159i <a href=\"\/index.php\/souteze\/dakar-2020\/\">Rally Dakar 2020<\/a>, kter\u00e1 se poprv\u00e9 jede na Arabsk\u00e9m poloostrov\u011b, v\u0161ak 35let\u00fd Rus od po\u010d\u00e1tku tahal za krat\u0161\u00ed konec provazu. Hned v <a href=\"\/index.php\/2020\/01\/05\/dakar-2020-etapa-pro-sibalova\/\">\u00favodn\u00ed etap\u011b<\/a> m\u011bl technick\u00e9 probl\u00e9my a se sv\u00fdm Kamazem 43509 za\u010d\u00ednal a\u017e z des\u00e1t\u00e9 pozici. B\u011bhem n\u00e1sleduj\u00edc\u00edch dvou dn\u016f dok\u00e1zala pos\u00e1dka <a href=\"\/index.php\/osobnosti\/eduard-nikolajev\/\">Eduard Nikolajev<\/a>, <a href=\"\/index.php\/osobnosti\/jevgenij-jakovlev\/\">Jevgenij Jakovlev<\/a>, <a href=\"\/index.php\/osobnosti\/vladimir-rybakov\/\">Vladimir Rybakov<\/a> vystoupat na p\u00e1tou p\u0159\u00ed\u010dku, aby ve <a href=\"\/index.php\/2020\/01\/08\/dakar-2020-loprais-pred-nikolajeva\/\">\u010dtvrt\u00e9 etap\u011b<\/a> jedno m\u00edsto kv\u016fli defekt\u016fm znovu ztratila.<\/p>\n<p>Ze hry o p\u0159edn\u00ed um\u00edst\u011bn\u00ed <a href=\"\/index.php\/2020\/01\/09\/dakar-2020-macik-ohnul-spojovacku\/\">vypadla ve \u010dtvrtek<\/a> na trati mezi Al-Ulou a Ha\u2019ilem. Technick\u00e9 probl\u00e9my, kter\u00e9 Kamaz #500 zastavily na 163. kilometru, \u0159e\u0161ila pos\u00e1dka dlouho do noci. S ohledem na v\u00fdsledky p\u0159edchoz\u00edho dne startovala daleko za trojic\u00ed t\u00fdmov\u00fdch koleg\u016f, a tak nemohla vyu\u017e\u00edt pomoci nikoho z nich a musela si poradit jen vlastn\u00edmi silami.[\/vc_column_text][vc_single_image image=&#8221;14478&#8243; img_size=&#8221;large&#8221; add_caption=&#8221;yes&#8221; alignment=&#8221;center&#8221; onclick=&#8221;link_image&#8221; css_animation=&#8221;fadeIn&#8221;][vc_column_text css_animation=&#8221;fadeIn&#8221;]Do bivaku v Ha\u2019ilu dorazil Nikolajev a\u017e dnes v p\u016fl sedm\u00e9 r\u00e1no m\u00edstn\u00edho \u010dasu a prakticky hned se vydal do \u0161est\u00e9 etapy z Ha\u2019ilu do Rij\u00e1du, by\u0165 motor jeho kamionu fungoval pouze na p\u011bt v\u00e1lc\u016f.<\/p>\n<p>Po 33. kilometrech v\u0161ak pohonn\u00e1 jednotka vypov\u011bd\u011bla slu\u017ebu definitivn\u011b. Podle prvn\u00edch informac\u00ed t\u00fdmu Kamaz-Master klikov\u00e1 h\u0159\u00eddel nevydr\u017eela vibrace a praskla. Pos\u00e1dka ze sout\u011b\u017ee odstupuje a \u010dek\u00e1 na p\u00edse\u010dn\u00e9 planin\u011b na p\u0159\u00edjezd t\u00fdmov\u00e9 asistence.[\/vc_column_text][vc_empty_space height=&#8221;2px&#8221;][\/vc_column][\/vc_row]<\/p>\n","protected":false},"excerpt":{"rendered":"<p>Kr\u00e1l jihoamerick\u00fdch ro\u010dn\u00edk\u016f Rally Dakar si na \u00fasp\u011bch v nov\u00e9 lokalit\u011b bude muset po\u010dkat. Prvn\u00ed sa\u00fadskoarabsk\u00fd ro\u010dn\u00edk pro Nikolajeva definitivn\u011b kon\u010d\u00ed.<\/p>\n","protected":false},"author":1,"featured_media":14478,"comment_status":"closed","ping_status":"closed","sticky":false,"template":"","format":"standard","meta":{"footnotes":""},"categories":[251,16],"tags":[903,8,159,197,198,200,984,199],"class_list":["post-14480","post","type-post","status-publish","format-standard","has-post-thumbnail","hentry","category-dakar-2020","category-kamion","tag-903","tag-dakar","tag-dakar-2020","tag-eduard-nikolajev","tag-jevgenij-jakovlev","tag-kamaz","tag-kamaz-master","tag-vladimir-rybakov"],"yoast_head":"<!-- This site is optimized with the Yoast SEO plugin v24.9 - https:\/\/yoast.com\/wordpress\/plugins\/seo\/ -->\n<title>Dakar 2020: Nikolajev odstartoval do \u0161est\u00e9 etapy, p\u0159esto kon\u010d\u00ed - DAKARMANIA.cz<\/title>\n<meta name=\"description\" content=\"Kr\u00e1l jihoamerick\u00fdch ro\u010dn\u00edk\u016f Rally Dakar si na \u00fasp\u011bch v nov\u00e9 lokalit\u011b bude muset po\u010dkat. Prvn\u00ed sa\u00fadskoarabsk\u00fd ro\u010dn\u00edk pro Nikolajeva definitivn\u011b kon\u010d\u00ed.\" \/>\n<meta name=\"robots\" content=\"index, follow, max-snippet:-1, max-image-preview:large, max-video-preview:-1\" \/>\n<link rel=\"canonical\" href=\"https:\/\/www.dakarmania.cz\/index.php\/2020\/01\/10\/dakar-2020-nikolajev-konci\/\" \/>\n<meta property=\"og:locale\" content=\"cs_CZ\" \/>\n<meta property=\"og:type\" content=\"article\" \/>\n<meta property=\"og:title\" content=\"Dakar 2020: Nikolajev odstartoval do \u0161est\u00e9 etapy, p\u0159esto kon\u010d\u00ed - DAKARMANIA.cz\" \/>\n<meta property=\"og:description\" content=\"Kr\u00e1l jihoamerick\u00fdch ro\u010dn\u00edk\u016f Rally Dakar si na \u00fasp\u011bch v nov\u00e9 lokalit\u011b bude muset po\u010dkat. Prvn\u00ed sa\u00fadskoarabsk\u00fd ro\u010dn\u00edk pro Nikolajeva definitivn\u011b kon\u010d\u00ed.\" \/>\n<meta property=\"og:url\" content=\"https:\/\/www.dakarmania.cz\/index.php\/2020\/01\/10\/dakar-2020-nikolajev-konci\/\" \/>\n<meta property=\"og:site_name\" content=\"DAKARMANIA.cz\" \/>\n<meta property=\"article:publisher\" content=\"https:\/\/www.facebook.com\/dakarmania\/\" \/>\n<meta property=\"article:published_time\" content=\"2020-01-10T10:13:34+00:00\" \/>\n<meta property=\"article:modified_time\" content=\"2023-05-27T08:28:56+00:00\" \/>\n<meta property=\"og:image\" content=\"https:\/\/www.dakarmania.cz\/wp-content\/uploads\/2020\/01\/20-dakar-nikolajev-04.jpg\" \/>\n\t<meta property=\"og:image:width\" content=\"1024\" \/>\n\t<meta property=\"og:image:height\" content=\"682\" \/>\n\t<meta property=\"og:image:type\" content=\"image\/jpeg\" \/>\n<meta name=\"author\" content=\"Zden\u011bk Zelenka\" \/>\n<meta name=\"twitter:card\" content=\"summary_large_image\" \/>\n<meta name=\"twitter:label1\" content=\"Napsal(a)\" \/>\n\t<meta name=\"twitter:data1\" content=\"Zden\u011bk Zelenka\" \/>\n\t<meta name=\"twitter:label2\" content=\"Odhadovan\u00e1 doba \u010dten\u00ed\" \/>\n\t<meta name=\"twitter:data2\" content=\"2 minuty\" \/>\n<script type=\"application\/ld+json\" class=\"yoast-schema-graph\">{\"@context\":\"https:\/\/schema.org\",\"@graph\":[{\"@type\":\"Article\",\"@id\":\"https:\/\/www.dakarmania.cz\/index.php\/2020\/01\/10\/dakar-2020-nikolajev-konci\/#article\",\"isPartOf\":{\"@id\":\"https:\/\/www.dakarmania.cz\/index.php\/2020\/01\/10\/dakar-2020-nikolajev-konci\/\"},\"author\":{\"name\":\"Zden\u011bk Zelenka\",\"@id\":\"https:\/\/www.dakarmania.cz\/#\/schema\/person\/04eb0e87a389631c2169c0dddae7ff1e\"},\"headline\":\"Dakar 2020: Nikolajev odstartoval do \u0161est\u00e9 etapy, p\u0159esto kon\u010d\u00ed\",\"datePublished\":\"2020-01-10T10:13:34+00:00\",\"dateModified\":\"2023-05-27T08:28:56+00:00\",\"mainEntityOfPage\":{\"@id\":\"https:\/\/www.dakarmania.cz\/index.php\/2020\/01\/10\/dakar-2020-nikolajev-konci\/\"},\"wordCount\":400,\"publisher\":{\"@id\":\"https:\/\/www.dakarmania.cz\/#organization\"},\"image\":{\"@id\":\"https:\/\/www.dakarmania.cz\/index.php\/2020\/01\/10\/dakar-2020-nikolajev-konci\/#primaryimage\"},\"thumbnailUrl\":\"https:\/\/www.dakarmania.cz\/wp-content\/uploads\/2020\/01\/20-dakar-nikolajev-04.jpg\",\"keywords\":[\"2020\",\"Dakar\",\"Dakar 2020\",\"Eduard Nikolajev\",\"Jevgenij Jakovlev\",\"Kamaz\",\"Kamaz-Master\",\"Vladimir Rybakov\"],\"articleSection\":[\"Dakar 2020\",\"Kamiony\"],\"inLanguage\":\"cs\"},{\"@type\":\"WebPage\",\"@id\":\"https:\/\/www.dakarmania.cz\/index.php\/2020\/01\/10\/dakar-2020-nikolajev-konci\/\",\"url\":\"https:\/\/www.dakarmania.cz\/index.php\/2020\/01\/10\/dakar-2020-nikolajev-konci\/\",\"name\":\"Dakar 2020: Nikolajev odstartoval do \u0161est\u00e9 etapy, p\u0159esto kon\u010d\u00ed - DAKARMANIA.cz\",\"isPartOf\":{\"@id\":\"https:\/\/www.dakarmania.cz\/#website\"},\"primaryImageOfPage\":{\"@id\":\"https:\/\/www.dakarmania.cz\/index.php\/2020\/01\/10\/dakar-2020-nikolajev-konci\/#primaryimage\"},\"image\":{\"@id\":\"https:\/\/www.dakarmania.cz\/index.php\/2020\/01\/10\/dakar-2020-nikolajev-konci\/#primaryimage\"},\"thumbnailUrl\":\"https:\/\/www.dakarmania.cz\/wp-content\/uploads\/2020\/01\/20-dakar-nikolajev-04.jpg\",\"datePublished\":\"2020-01-10T10:13:34+00:00\",\"dateModified\":\"2023-05-27T08:28:56+00:00\",\"description\":\"Kr\u00e1l jihoamerick\u00fdch ro\u010dn\u00edk\u016f Rally Dakar si na \u00fasp\u011bch v nov\u00e9 lokalit\u011b bude muset po\u010dkat. Prvn\u00ed sa\u00fadskoarabsk\u00fd ro\u010dn\u00edk pro Nikolajeva definitivn\u011b kon\u010d\u00ed.\",\"breadcrumb\":{\"@id\":\"https:\/\/www.dakarmania.cz\/index.php\/2020\/01\/10\/dakar-2020-nikolajev-konci\/#breadcrumb\"},\"inLanguage\":\"cs\",\"potentialAction\":[{\"@type\":\"ReadAction\",\"target\":[\"https:\/\/www.dakarmania.cz\/index.php\/2020\/01\/10\/dakar-2020-nikolajev-konci\/\"]}]},{\"@type\":\"ImageObject\",\"inLanguage\":\"cs\",\"@id\":\"https:\/\/www.dakarmania.cz\/index.php\/2020\/01\/10\/dakar-2020-nikolajev-konci\/#primaryimage\",\"url\":\"https:\/\/www.dakarmania.cz\/wp-content\/uploads\/2020\/01\/20-dakar-nikolajev-04.jpg\",\"contentUrl\":\"https:\/\/www.dakarmania.cz\/wp-content\/uploads\/2020\/01\/20-dakar-nikolajev-04.jpg\",\"width\":1024,\"height\":682,\"caption\":\"Eduard Nikolajev\/Jevgenij Jakovlev\/Vladimir Rybakov, Kamaz 43509, Kamaz-Master. Rally Dakar 2020. \u00a9 Red Bull Content Pool\"},{\"@type\":\"BreadcrumbList\",\"@id\":\"https:\/\/www.dakarmania.cz\/index.php\/2020\/01\/10\/dakar-2020-nikolajev-konci\/#breadcrumb\",\"itemListElement\":[{\"@type\":\"ListItem\",\"position\":1,\"name\":\"Dom\u016f\",\"item\":\"https:\/\/www.dakarmania.cz\/\"},{\"@type\":\"ListItem\",\"position\":2,\"name\":\"Dakar 2020: Nikolajev odstartoval do \u0161est\u00e9 etapy, p\u0159esto kon\u010d\u00ed\"}]},{\"@type\":\"WebSite\",\"@id\":\"https:\/\/www.dakarmania.cz\/#website\",\"url\":\"https:\/\/www.dakarmania.cz\/\",\"name\":\"DAKARMANIA.cz\",\"description\":\"\u017dijeme Dakarem cel\u00fd rok\",\"publisher\":{\"@id\":\"https:\/\/www.dakarmania.cz\/#organization\"},\"potentialAction\":[{\"@type\":\"SearchAction\",\"target\":{\"@type\":\"EntryPoint\",\"urlTemplate\":\"https:\/\/www.dakarmania.cz\/?s={search_term_string}\"},\"query-input\":{\"@type\":\"PropertyValueSpecification\",\"valueRequired\":true,\"valueName\":\"search_term_string\"}}],\"inLanguage\":\"cs\"},{\"@type\":\"Organization\",\"@id\":\"https:\/\/www.dakarmania.cz\/#organization\",\"name\":\"DAKAR MANIA\",\"url\":\"https:\/\/www.dakarmania.cz\/\",\"logo\":{\"@type\":\"ImageObject\",\"inLanguage\":\"cs\",\"@id\":\"https:\/\/www.dakarmania.cz\/#\/schema\/logo\/image\/\",\"url\":\"https:\/\/www.dakarmania.cz\/wp-content\/uploads\/2018\/12\/Dakar-Mania-Logo-Square-Orange.png\",\"contentUrl\":\"https:\/\/www.dakarmania.cz\/wp-content\/uploads\/2018\/12\/Dakar-Mania-Logo-Square-Orange.png\",\"width\":992,\"height\":992,\"caption\":\"DAKAR MANIA\"},\"image\":{\"@id\":\"https:\/\/www.dakarmania.cz\/#\/schema\/logo\/image\/\"},\"sameAs\":[\"https:\/\/www.facebook.com\/dakarmania\/\"]},{\"@type\":\"Person\",\"@id\":\"https:\/\/www.dakarmania.cz\/#\/schema\/person\/04eb0e87a389631c2169c0dddae7ff1e\",\"name\":\"Zden\u011bk Zelenka\",\"image\":{\"@type\":\"ImageObject\",\"inLanguage\":\"cs\",\"@id\":\"https:\/\/www.dakarmania.cz\/#\/schema\/person\/image\/\",\"url\":\"https:\/\/secure.gravatar.com\/avatar\/2c80d5a4942fe0900b73cc7d3837a509d6ee0a276a2b76dac95c92bd0763a89b?s=96&d=mm&r=g\",\"contentUrl\":\"https:\/\/secure.gravatar.com\/avatar\/2c80d5a4942fe0900b73cc7d3837a509d6ee0a276a2b76dac95c92bd0763a89b?s=96&d=mm&r=g\",\"caption\":\"Zden\u011bk Zelenka\"},\"description\":\"Moji d\u011bt\u0161t\u00ed hrdinov\u00e9 se jmenovali Loprais, Moskal, Neveu, Vatanen, Rahier... A tihle borci, jejich n\u00e1sledovn\u00edci a jejich p\u0159\u00edb\u011bhy m\u011b nep\u0159estali fascinovat ani po letech, kdy jsem vyrostl a zam\u011bstn\u00e1valy m\u011b jin\u00e9 discipl\u00edny motorsportu. Proto se zrodila DAKARMANIA.\",\"url\":\"https:\/\/www.dakarmania.cz\/index.php\/author\/dakarmania\/\"}]}<\/script>\n<!-- \/ Yoast SEO plugin. -->","yoast_head_json":{"title":"Dakar 2020: Nikolajev odstartoval do \u0161est\u00e9 etapy, p\u0159esto kon\u010d\u00ed - DAKARMANIA.cz","description":"Kr\u00e1l jihoamerick\u00fdch ro\u010dn\u00edk\u016f Rally Dakar si na \u00fasp\u011bch v nov\u00e9 lokalit\u011b bude muset po\u010dkat. Prvn\u00ed sa\u00fadskoarabsk\u00fd ro\u010dn\u00edk pro Nikolajeva definitivn\u011b kon\u010d\u00ed.","robots":{"index":"index","follow":"follow","max-snippet":"max-snippet:-1","max-image-preview":"max-image-preview:large","max-video-preview":"max-video-preview:-1"},"canonical":"https:\/\/www.dakarmania.cz\/index.php\/2020\/01\/10\/dakar-2020-nikolajev-konci\/","og_locale":"cs_CZ","og_type":"article","og_title":"Dakar 2020: Nikolajev odstartoval do \u0161est\u00e9 etapy, p\u0159esto kon\u010d\u00ed - DAKARMANIA.cz","og_description":"Kr\u00e1l jihoamerick\u00fdch ro\u010dn\u00edk\u016f Rally Dakar si na \u00fasp\u011bch v nov\u00e9 lokalit\u011b bude muset po\u010dkat. Prvn\u00ed sa\u00fadskoarabsk\u00fd ro\u010dn\u00edk pro Nikolajeva definitivn\u011b kon\u010d\u00ed.","og_url":"https:\/\/www.dakarmania.cz\/index.php\/2020\/01\/10\/dakar-2020-nikolajev-konci\/","og_site_name":"DAKARMANIA.cz","article_publisher":"https:\/\/www.facebook.com\/dakarmania\/","article_published_time":"2020-01-10T10:13:34+00:00","article_modified_time":"2023-05-27T08:28:56+00:00","og_image":[{"width":1024,"height":682,"url":"https:\/\/www.dakarmania.cz\/wp-content\/uploads\/2020\/01\/20-dakar-nikolajev-04.jpg","type":"image\/jpeg"}],"author":"Zden\u011bk Zelenka","twitter_card":"summary_large_image","twitter_misc":{"Napsal(a)":"Zden\u011bk Zelenka","Odhadovan\u00e1 doba \u010dten\u00ed":"2 minuty"},"schema":{"@context":"https:\/\/schema.org","@graph":[{"@type":"Article","@id":"https:\/\/www.dakarmania.cz\/index.php\/2020\/01\/10\/dakar-2020-nikolajev-konci\/#article","isPartOf":{"@id":"https:\/\/www.dakarmania.cz\/index.php\/2020\/01\/10\/dakar-2020-nikolajev-konci\/"},"author":{"name":"Zden\u011bk Zelenka","@id":"https:\/\/www.dakarmania.cz\/#\/schema\/person\/04eb0e87a389631c2169c0dddae7ff1e"},"headline":"Dakar 2020: Nikolajev odstartoval do \u0161est\u00e9 etapy, p\u0159esto kon\u010d\u00ed","datePublished":"2020-01-10T10:13:34+00:00","dateModified":"2023-05-27T08:28:56+00:00","mainEntityOfPage":{"@id":"https:\/\/www.dakarmania.cz\/index.php\/2020\/01\/10\/dakar-2020-nikolajev-konci\/"},"wordCount":400,"publisher":{"@id":"https:\/\/www.dakarmania.cz\/#organization"},"image":{"@id":"https:\/\/www.dakarmania.cz\/index.php\/2020\/01\/10\/dakar-2020-nikolajev-konci\/#primaryimage"},"thumbnailUrl":"https:\/\/www.dakarmania.cz\/wp-content\/uploads\/2020\/01\/20-dakar-nikolajev-04.jpg","keywords":["2020","Dakar","Dakar 2020","Eduard Nikolajev","Jevgenij Jakovlev","Kamaz","Kamaz-Master","Vladimir Rybakov"],"articleSection":["Dakar 2020","Kamiony"],"inLanguage":"cs"},{"@type":"WebPage","@id":"https:\/\/www.dakarmania.cz\/index.php\/2020\/01\/10\/dakar-2020-nikolajev-konci\/","url":"https:\/\/www.dakarmania.cz\/index.php\/2020\/01\/10\/dakar-2020-nikolajev-konci\/","name":"Dakar 2020: Nikolajev odstartoval do \u0161est\u00e9 etapy, p\u0159esto kon\u010d\u00ed - DAKARMANIA.cz","isPartOf":{"@id":"https:\/\/www.dakarmania.cz\/#website"},"primaryImageOfPage":{"@id":"https:\/\/www.dakarmania.cz\/index.php\/2020\/01\/10\/dakar-2020-nikolajev-konci\/#primaryimage"},"image":{"@id":"https:\/\/www.dakarmania.cz\/index.php\/2020\/01\/10\/dakar-2020-nikolajev-konci\/#primaryimage"},"thumbnailUrl":"https:\/\/www.dakarmania.cz\/wp-content\/uploads\/2020\/01\/20-dakar-nikolajev-04.jpg","datePublished":"2020-01-10T10:13:34+00:00","dateModified":"2023-05-27T08:28:56+00:00","description":"Kr\u00e1l jihoamerick\u00fdch ro\u010dn\u00edk\u016f Rally Dakar si na \u00fasp\u011bch v nov\u00e9 lokalit\u011b bude muset po\u010dkat. Prvn\u00ed sa\u00fadskoarabsk\u00fd ro\u010dn\u00edk pro Nikolajeva definitivn\u011b kon\u010d\u00ed.","breadcrumb":{"@id":"https:\/\/www.dakarmania.cz\/index.php\/2020\/01\/10\/dakar-2020-nikolajev-konci\/#breadcrumb"},"inLanguage":"cs","potentialAction":[{"@type":"ReadAction","target":["https:\/\/www.dakarmania.cz\/index.php\/2020\/01\/10\/dakar-2020-nikolajev-konci\/"]}]},{"@type":"ImageObject","inLanguage":"cs","@id":"https:\/\/www.dakarmania.cz\/index.php\/2020\/01\/10\/dakar-2020-nikolajev-konci\/#primaryimage","url":"https:\/\/www.dakarmania.cz\/wp-content\/uploads\/2020\/01\/20-dakar-nikolajev-04.jpg","contentUrl":"https:\/\/www.dakarmania.cz\/wp-content\/uploads\/2020\/01\/20-dakar-nikolajev-04.jpg","width":1024,"height":682,"caption":"Eduard Nikolajev\/Jevgenij Jakovlev\/Vladimir Rybakov, Kamaz 43509, Kamaz-Master. Rally Dakar 2020. \u00a9 Red Bull Content Pool"},{"@type":"BreadcrumbList","@id":"https:\/\/www.dakarmania.cz\/index.php\/2020\/01\/10\/dakar-2020-nikolajev-konci\/#breadcrumb","itemListElement":[{"@type":"ListItem","position":1,"name":"Dom\u016f","item":"https:\/\/www.dakarmania.cz\/"},{"@type":"ListItem","position":2,"name":"Dakar 2020: Nikolajev odstartoval do \u0161est\u00e9 etapy, p\u0159esto kon\u010d\u00ed"}]},{"@type":"WebSite","@id":"https:\/\/www.dakarmania.cz\/#website","url":"https:\/\/www.dakarmania.cz\/","name":"DAKARMANIA.cz","description":"\u017dijeme Dakarem cel\u00fd rok","publisher":{"@id":"https:\/\/www.dakarmania.cz\/#organization"},"potentialAction":[{"@type":"SearchAction","target":{"@type":"EntryPoint","urlTemplate":"https:\/\/www.dakarmania.cz\/?s={search_term_string}"},"query-input":{"@type":"PropertyValueSpecification","valueRequired":true,"valueName":"search_term_string"}}],"inLanguage":"cs"},{"@type":"Organization","@id":"https:\/\/www.dakarmania.cz\/#organization","name":"DAKAR MANIA","url":"https:\/\/www.dakarmania.cz\/","logo":{"@type":"ImageObject","inLanguage":"cs","@id":"https:\/\/www.dakarmania.cz\/#\/schema\/logo\/image\/","url":"https:\/\/www.dakarmania.cz\/wp-content\/uploads\/2018\/12\/Dakar-Mania-Logo-Square-Orange.png","contentUrl":"https:\/\/www.dakarmania.cz\/wp-content\/uploads\/2018\/12\/Dakar-Mania-Logo-Square-Orange.png","width":992,"height":992,"caption":"DAKAR MANIA"},"image":{"@id":"https:\/\/www.dakarmania.cz\/#\/schema\/logo\/image\/"},"sameAs":["https:\/\/www.facebook.com\/dakarmania\/"]},{"@type":"Person","@id":"https:\/\/www.dakarmania.cz\/#\/schema\/person\/04eb0e87a389631c2169c0dddae7ff1e","name":"Zden\u011bk Zelenka","image":{"@type":"ImageObject","inLanguage":"cs","@id":"https:\/\/www.dakarmania.cz\/#\/schema\/person\/image\/","url":"https:\/\/secure.gravatar.com\/avatar\/2c80d5a4942fe0900b73cc7d3837a509d6ee0a276a2b76dac95c92bd0763a89b?s=96&d=mm&r=g","contentUrl":"https:\/\/secure.gravatar.com\/avatar\/2c80d5a4942fe0900b73cc7d3837a509d6ee0a276a2b76dac95c92bd0763a89b?s=96&d=mm&r=g","caption":"Zden\u011bk Zelenka"},"description":"Moji d\u011bt\u0161t\u00ed hrdinov\u00e9 se jmenovali Loprais, Moskal, Neveu, Vatanen, Rahier... A tihle borci, jejich n\u00e1sledovn\u00edci a jejich p\u0159\u00edb\u011bhy m\u011b nep\u0159estali fascinovat ani po letech, kdy jsem vyrostl a zam\u011bstn\u00e1valy m\u011b jin\u00e9 discipl\u00edny motorsportu. Proto se zrodila DAKARMANIA.","url":"https:\/\/www.dakarmania.cz\/index.php\/author\/dakarmania\/"}]}},"amp_enabled":true,"_links":{"self":[{"href":"https:\/\/www.dakarmania.cz\/index.php\/wp-json\/wp\/v2\/posts\/14480","targetHints":{"allow":["GET"]}}],"collection":[{"href":"https:\/\/www.dakarmania.cz\/index.php\/wp-json\/wp\/v2\/posts"}],"about":[{"href":"https:\/\/www.dakarmania.cz\/index.php\/wp-json\/wp\/v2\/types\/post"}],"author":[{"embeddable":true,"href":"https:\/\/www.dakarmania.cz\/index.php\/wp-json\/wp\/v2\/users\/1"}],"replies":[{"embeddable":true,"href":"https:\/\/www.dakarmania.cz\/index.php\/wp-json\/wp\/v2\/comments?post=14480"}],"version-history":[{"count":1,"href":"https:\/\/www.dakarmania.cz\/index.php\/wp-json\/wp\/v2\/posts\/14480\/revisions"}],"predecessor-version":[{"id":14481,"href":"https:\/\/www.dakarmania.cz\/index.php\/wp-json\/wp\/v2\/posts\/14480\/revisions\/14481"}],"wp:featuredmedia":[{"embeddable":true,"href":"https:\/\/www.dakarmania.cz\/index.php\/wp-json\/wp\/v2\/media\/14478"}],"wp:attachment":[{"href":"https:\/\/www.dakarmania.cz\/index.php\/wp-json\/wp\/v2\/media?parent=14480"}],"wp:term":[{"taxonomy":"category","embeddable":true,"href":"https:\/\/www.dakarmania.cz\/index.php\/wp-json\/wp\/v2\/categories?post=14480"},{"taxonomy":"post_tag","embeddable":true,"href":"https:\/\/www.dakarmania.cz\/index.php\/wp-json\/wp\/v2\/tags?post=14480"}],"curies":[{"name":"wp","href":"https:\/\/api.w.org\/{rel}","templated":true}]}}