{"id":14553,"date":"2020-01-11T12:54:44","date_gmt":"2020-01-11T11:54:44","guid":{"rendered":"https:\/\/www.dakarmania.cz\/?p=14553"},"modified":"2020-06-06T13:51:23","modified_gmt":"2020-06-06T11:51:23","slug":"africa-race-2020-kameni-defekty","status":"publish","type":"post","link":"https:\/\/www.dakarmania.cz\/index.php\/2020\/01\/11\/africa-race-2020-kameni-defekty\/","title":{"rendered":"Africa Race 2020: Kamen\u00ed, defekt, kamen\u00ed, defekt"},"content":{"rendered":"<p>[vc_row][vc_column][vc_column_text css_animation=&#8221;fadeIn&#8221;]<\/p>\n<h4>Tom\u00e1\u0161 Tome\u010dek ve \u010dtvrt\u00e9 etap\u011b Africa Eco Race poznal, jak chutn\u00e1 bezmoc. N\u011bkdy se m\u016f\u017eete sna\u017eit, jak chcete, a stejn\u011b to nedopadne dob\u0159e. Na\u0161t\u011bst\u00ed to nedopadlo ani vylo\u017een\u011b \u0161patn\u011b a nad\u011bje na dobr\u00fd v\u00fdsledek v z\u00e1vod\u011b st\u00e1le \u017eije.<\/h4>\n<p>[\/vc_column_text][vc_single_image image=&#8221;14551&#8243; img_size=&#8221;large&#8221; add_caption=&#8221;yes&#8221; alignment=&#8221;center&#8221; onclick=&#8221;link_image&#8221; css_animation=&#8221;fadeIn&#8221;][vc_column_text css_animation=&#8221;fadeIn&#8221;]Marock\u00e9 pou\u0161t\u011b jsou tvo\u0159eny p\u0159ev\u00e1\u017en\u011b zr\u00e1dn\u00fdm drobn\u00fdm i v\u011bt\u0161\u00edm kamen\u00edm. Pneumatik\u00e1m se rychl\u00e1 j\u00edzda po takov\u00e9m povrchu p\u0159irozen\u011b nel\u00edb\u00ed a n\u011bkdy \u0159eknou dost.<\/p>\n<p><em>\u201eBylo to jednoduch\u00e9. Nejd\u0159\u00edv jsem v\u0161echny soupe\u0159e p\u0159edjel a p\u0159i\u0161el defekt. Pak jsem zase hlavn\u00ed konkurenty p\u0159edjel a p\u0159i\u0161el dal\u0161\u00ed defekt,\u201c<\/em> glosuje <strong>Tom\u00e1\u0161 Tome\u010dek<\/strong>. <em>\u201eP\u0159i tom prvn\u00edm, to bylo okolo sedmn\u00e1ct\u00e9ho kilometru, jsem si \u0159\u00edkal, pane jo, to je kamen\u00ed, snad nebudu m\u00edt defekt. Lup, a byl tam. A zase prav\u00e9 zadn\u00ed kolo. M\u011bnil jsem ho patn\u00e1ct a\u017e dvacet minut, \u0161lo to dob\u0159e. Pak jsem sp\u011bchal d\u00e1l, p\u0159edj\u00ed\u017ed\u011bl jsem. A na 325. kilometru se to opakovalo.\u201c<\/em><\/p>\n<p>Tentokr\u00e1t se jednalo o lev\u00e9 zadn\u00ed kolo a n\u00e1sledky byly hor\u0161\u00ed. Roztrhan\u00e1 pneumatika rozbila sv\u011btlo, blatn\u00edk, utrhla z\u00e1st\u011brku.<\/p>\n<p><em>\u201eA tak\u00e9 jsem zjistil, \u017ee praskla man\u017eeta na poloose,\u201c<\/em> navazuje pilot Tatry 815. <em>\u201eS t\u00edm u\u017e jsem n\u011bjak dojel do c\u00edle. V bivaku jsme je\u0161t\u011b zava\u0159ovali konzoli tlumi\u010de, kter\u00e1 mi praskla loni. Zes\u00edlili jsme ji, ale stejn\u011b to \u00fapln\u011b nepomohlo a ob\u010das se mus\u00ed opravit.\u201c<\/em><\/p>\n<p>Starosti m\u00e1 t\u00e9m\u011b\u0159 polovina startovn\u00edho pole. Z\u00e1vodn\u00edci se trousili do c\u00edle cel\u00e9 odpoledne i ve\u010der, mnoz\u00ed op\u011bt dokon\u010d\u00ed za tmy.[\/vc_column_text][vc_single_image image=&#8221;14552&#8243; img_size=&#8221;large&#8221; add_caption=&#8221;yes&#8221; alignment=&#8221;center&#8221; onclick=&#8221;link_image&#8221; css_animation=&#8221;fadeIn&#8221;][vc_column_text css_animation=&#8221;fadeIn&#8221;]<em>\u201eBal\u00e9\u010dka v\u010dera v\u016fbec nep\u0159ijela. V noci bylo je\u0161t\u011b v pou\u0161ti dvan\u00e1ct motorek, aut a kamion\u016f. Dneska to bude podobn\u00e9,\u201c<\/em> uva\u017euje Tom\u00e1\u0161 Tome\u010dek. <em>\u201eNebyla to zase a\u017e tak t\u011b\u017ek\u00e1 etapa, ale zato dlouh\u00e1. Je to jako kdy\u017e v z\u00e1vodn\u00edm tempu p\u0159ejedete na\u0161i republiku nap\u0159\u00ed\u010d.\u201c<\/em><\/p>\n<p>O nic leh\u010d\u00ed nebude ani n\u00e1sleduj\u00edc\u00ed etapa, jen na n\u00ed p\u0159ece jen bude v\u00edce p\u00edsku. Po\u0159adatel\u00e9 samoz\u0159ejm\u011b tak\u00e9 jako ka\u017ed\u00fd den chystaj\u00ed naviga\u010dn\u00ed chyt\u00e1ky.<\/p>\n<p>Dnes se do jednoho z nich chytil slovensk\u00fd motocyklov\u00fd jezdec Martin Benko, kter\u00fd na 80. kilometru vsadil na \u0161patnou kartu a m\u00edsto jistoty se vydal jinou stopou, kterou zvolil jeho nejbli\u017e\u0161\u00ed soupe\u0159 v po\u0159ad\u00ed. Ale takov\u00e1 u\u017e je n\u011bkdy z\u00e1vodn\u00ed strategie. Trochu v etap\u011b bloudil tak\u00e9 J\u00e1n Za\u0165ko.<\/p>\n<p>P\u00e1t\u00e1 etapa bude dohromady m\u011b\u0159it t\u00e9m\u011b\u0159 700 kilometr\u016f a na jej\u00edm konci se z\u00e1vodn\u00ed karavana na dv\u011b noci rozlo\u017e\u00ed na b\u0159ehu Atlantsk\u00e9ho oce\u00e1nu. Pobl\u00ed\u017e m\u011bsta Dakhla str\u00e1v\u00ed z\u00e1vodn\u00edci, doprovody a po\u0159adatel\u00e9 ned\u011bln\u00ed voln\u00fd den. Pro n\u011bkoho nastane doba zaslou\u017een\u00e9ho odpo\u010dinku, pro jin\u00e9 \u010das nutn\u00fdch oprav t\u011b\u017ece zkou\u0161en\u00e9 techniky.<\/p>\n<h4>AER 2020 &#8211; v\u00fdsledky 4. etapy (385 km):<\/h4>\n<p><strong>Kamiony:<\/strong> 1. Bouwens (Bel.\/Iveco) 4:28:18, 2. Kov\u00e1cs (Ma\u010f.\/Scania) +16:43, 3. Elfrink (Niz.\/Mercedes) +32:25,\u20267. Tome\u010dek (\u010cR\/Tatra) +1:21:03.<\/p>\n<p><strong>Moto:<\/strong> 1. Poskitt (Brit.\/KTM) 5:02:45, 2. Lucci (It.\/Husqv.) +04:44, 3. Dabrowski (Pol.\/KTM) +05:40,\u2026 9. Benko +21:42, 34. Za\u0165ko +1:16:42 (oba SR\/KTM).<\/p>\n<p><strong>Auta\/SxS:<\/strong> 1. Fromont (Fr.\/Buggy) 4:44:12, 2. Martin (Fr.\/Mercedes) +11:43, 3. Fretin (Fr.\/Can-Am) +2:04:15.<\/p>\n<h4>AER 2020 &#8211; v\u00fdsledky po 4. etap\u011b:<\/h4>\n<p><strong>Kamiony:<\/strong> 1. Kov\u00e1cs 15:38:00, 2. Bouwens +13:09, 3. Fazekas (Ma\u010f.\/Scania) +2:02:28, 4. Essers (Bel.\/Man) +2:12:46, 5. Van Velsen (Niz.\/Ginaf) +2:46:01, 6. Tome\u010dek +2:47:31.<\/p>\n<p><strong>Moto:<\/strong> 1. Botturi (It.\/Yamaha) 15:37:14, 2. Ullevalseter (Nor.\/KTM) +00:09, 3. Poskitt +21:10,&#8230; 9. Benko +1:33:01, 28. Za\u0165ko +4:35:46.<\/p>\n<p><strong>Auta\/SxS:<\/strong> 1. Fromont 15:36:18, 2. Martin +12:44, 3. Fretin +1:19:30.<\/p>\n<p>Tiskov\u00e1 zpr\u00e1va t\u00fdmu Tom Racing [editov\u00e1no][\/vc_column_text][vc_empty_space height=&#8221;2px&#8221;][\/vc_column][\/vc_row]<\/p>\n","protected":false},"excerpt":{"rendered":"<p>Tom\u00e1\u0161 Tome\u010dek ve \u010dtvrt\u00e9 etap\u011b Africa Eco Race poznal, jak chutn\u00e1 bezmoc. N\u011bkdy se m\u016f\u017eete sna\u017eit, jak chcete, a stejn\u011b to nedopadne dob\u0159e.<\/p>\n","protected":false},"author":3,"featured_media":14550,"comment_status":"open","ping_status":"closed","sticky":false,"template":"","format":"standard","meta":{"footnotes":""},"categories":[119,637],"tags":[903,120,1536,68,142,141],"class_list":["post-14553","post","type-post","status-publish","format-standard","has-post-thumbnail","hentry","category-africa-eco-race","category-tiskove-zpravy","tag-903","tag-aer","tag-aer-2020","tag-tatra","tag-tom-racing","tag-tomas-tomecek"],"yoast_head":"<!-- This site is optimized with the Yoast SEO plugin v24.9 - https:\/\/yoast.com\/wordpress\/plugins\/seo\/ -->\n<title>Africa Race 2020: Kamen\u00ed, defekt, kamen\u00ed, defekt - DAKARMANIA.cz<\/title>\n<meta name=\"description\" content=\"Tom\u00e1\u0161 Tome\u010dek ve \u010dtvrt\u00e9 etap\u011b Africa Eco Race poznal, jak chutn\u00e1 bezmoc. N\u011bkdy se m\u016f\u017eete sna\u017eit, jak chcete, a stejn\u011b to nedopadne dob\u0159e.\" \/>\n<meta name=\"robots\" content=\"index, follow, max-snippet:-1, max-image-preview:large, max-video-preview:-1\" \/>\n<link rel=\"canonical\" href=\"https:\/\/www.dakarmania.cz\/index.php\/2020\/01\/11\/africa-race-2020-kameni-defekty\/\" \/>\n<meta property=\"og:locale\" content=\"cs_CZ\" \/>\n<meta property=\"og:type\" content=\"article\" \/>\n<meta property=\"og:title\" content=\"Africa Race 2020: Kamen\u00ed, defekt, kamen\u00ed, defekt - DAKARMANIA.cz\" \/>\n<meta property=\"og:description\" content=\"Tom\u00e1\u0161 Tome\u010dek ve \u010dtvrt\u00e9 etap\u011b Africa Eco Race poznal, jak chutn\u00e1 bezmoc. N\u011bkdy se m\u016f\u017eete sna\u017eit, jak chcete, a stejn\u011b to nedopadne dob\u0159e.\" \/>\n<meta property=\"og:url\" content=\"https:\/\/www.dakarmania.cz\/index.php\/2020\/01\/11\/africa-race-2020-kameni-defekty\/\" \/>\n<meta property=\"og:site_name\" content=\"DAKARMANIA.cz\" \/>\n<meta property=\"article:publisher\" content=\"https:\/\/www.facebook.com\/dakarmania\/\" \/>\n<meta property=\"article:published_time\" content=\"2020-01-11T11:54:44+00:00\" \/>\n<meta property=\"article:modified_time\" content=\"2020-06-06T11:51:23+00:00\" \/>\n<meta property=\"og:image\" content=\"https:\/\/www.dakarmania.cz\/wp-content\/uploads\/2020\/01\/20-aer-tomecek-07.jpg\" \/>\n\t<meta property=\"og:image:width\" content=\"1000\" \/>\n\t<meta property=\"og:image:height\" content=\"668\" \/>\n\t<meta property=\"og:image:type\" content=\"image\/jpeg\" \/>\n<meta name=\"author\" content=\"tiskov\u00e1 zpr\u00e1va\" \/>\n<meta name=\"twitter:card\" content=\"summary_large_image\" \/>\n<meta name=\"twitter:label1\" content=\"Napsal(a)\" \/>\n\t<meta name=\"twitter:data1\" content=\"tiskov\u00e1 zpr\u00e1va\" \/>\n\t<meta name=\"twitter:label2\" content=\"Odhadovan\u00e1 doba \u010dten\u00ed\" \/>\n\t<meta name=\"twitter:data2\" content=\"3 minuty\" \/>\n<script type=\"application\/ld+json\" class=\"yoast-schema-graph\">{\"@context\":\"https:\/\/schema.org\",\"@graph\":[{\"@type\":\"Article\",\"@id\":\"https:\/\/www.dakarmania.cz\/index.php\/2020\/01\/11\/africa-race-2020-kameni-defekty\/#article\",\"isPartOf\":{\"@id\":\"https:\/\/www.dakarmania.cz\/index.php\/2020\/01\/11\/africa-race-2020-kameni-defekty\/\"},\"author\":{\"name\":\"tiskov\u00e1 zpr\u00e1va\",\"@id\":\"https:\/\/www.dakarmania.cz\/#\/schema\/person\/bce8d1fe3633b1178e150fc5e340d5dd\"},\"headline\":\"Africa Race 2020: Kamen\u00ed, defekt, kamen\u00ed, defekt\",\"datePublished\":\"2020-01-11T11:54:44+00:00\",\"dateModified\":\"2020-06-06T11:51:23+00:00\",\"mainEntityOfPage\":{\"@id\":\"https:\/\/www.dakarmania.cz\/index.php\/2020\/01\/11\/africa-race-2020-kameni-defekty\/\"},\"wordCount\":680,\"commentCount\":0,\"publisher\":{\"@id\":\"https:\/\/www.dakarmania.cz\/#organization\"},\"image\":{\"@id\":\"https:\/\/www.dakarmania.cz\/index.php\/2020\/01\/11\/africa-race-2020-kameni-defekty\/#primaryimage\"},\"thumbnailUrl\":\"https:\/\/www.dakarmania.cz\/wp-content\/uploads\/2020\/01\/20-aer-tomecek-07.jpg\",\"keywords\":[\"2020\",\"AER\",\"AER 2020\",\"Tatra\",\"Tom Racing\",\"Tom\u00e1\u0161 Tome\u010dek\"],\"articleSection\":[\"Africa Eco Race\",\"Tiskov\u00e9 zpr\u00e1vy\"],\"inLanguage\":\"cs\",\"potentialAction\":[{\"@type\":\"CommentAction\",\"name\":\"Comment\",\"target\":[\"https:\/\/www.dakarmania.cz\/index.php\/2020\/01\/11\/africa-race-2020-kameni-defekty\/#respond\"]}]},{\"@type\":\"WebPage\",\"@id\":\"https:\/\/www.dakarmania.cz\/index.php\/2020\/01\/11\/africa-race-2020-kameni-defekty\/\",\"url\":\"https:\/\/www.dakarmania.cz\/index.php\/2020\/01\/11\/africa-race-2020-kameni-defekty\/\",\"name\":\"Africa Race 2020: Kamen\u00ed, defekt, kamen\u00ed, defekt - DAKARMANIA.cz\",\"isPartOf\":{\"@id\":\"https:\/\/www.dakarmania.cz\/#website\"},\"primaryImageOfPage\":{\"@id\":\"https:\/\/www.dakarmania.cz\/index.php\/2020\/01\/11\/africa-race-2020-kameni-defekty\/#primaryimage\"},\"image\":{\"@id\":\"https:\/\/www.dakarmania.cz\/index.php\/2020\/01\/11\/africa-race-2020-kameni-defekty\/#primaryimage\"},\"thumbnailUrl\":\"https:\/\/www.dakarmania.cz\/wp-content\/uploads\/2020\/01\/20-aer-tomecek-07.jpg\",\"datePublished\":\"2020-01-11T11:54:44+00:00\",\"dateModified\":\"2020-06-06T11:51:23+00:00\",\"description\":\"Tom\u00e1\u0161 Tome\u010dek ve \u010dtvrt\u00e9 etap\u011b Africa Eco Race poznal, jak chutn\u00e1 bezmoc. N\u011bkdy se m\u016f\u017eete sna\u017eit, jak chcete, a stejn\u011b to nedopadne dob\u0159e.\",\"breadcrumb\":{\"@id\":\"https:\/\/www.dakarmania.cz\/index.php\/2020\/01\/11\/africa-race-2020-kameni-defekty\/#breadcrumb\"},\"inLanguage\":\"cs\",\"potentialAction\":[{\"@type\":\"ReadAction\",\"target\":[\"https:\/\/www.dakarmania.cz\/index.php\/2020\/01\/11\/africa-race-2020-kameni-defekty\/\"]}]},{\"@type\":\"ImageObject\",\"inLanguage\":\"cs\",\"@id\":\"https:\/\/www.dakarmania.cz\/index.php\/2020\/01\/11\/africa-race-2020-kameni-defekty\/#primaryimage\",\"url\":\"https:\/\/www.dakarmania.cz\/wp-content\/uploads\/2020\/01\/20-aer-tomecek-07.jpg\",\"contentUrl\":\"https:\/\/www.dakarmania.cz\/wp-content\/uploads\/2020\/01\/20-aer-tomecek-07.jpg\",\"width\":1000,\"height\":668,\"caption\":\"Tom\u00e1\u0161 Tome\u010dek, Tatra 815, Czechoslovak Team. Africa Eco Race 2020. \u00a9 Tom Racing\"},{\"@type\":\"BreadcrumbList\",\"@id\":\"https:\/\/www.dakarmania.cz\/index.php\/2020\/01\/11\/africa-race-2020-kameni-defekty\/#breadcrumb\",\"itemListElement\":[{\"@type\":\"ListItem\",\"position\":1,\"name\":\"Dom\u016f\",\"item\":\"https:\/\/www.dakarmania.cz\/\"},{\"@type\":\"ListItem\",\"position\":2,\"name\":\"Africa Race 2020: Kamen\u00ed, defekt, kamen\u00ed, defekt\"}]},{\"@type\":\"WebSite\",\"@id\":\"https:\/\/www.dakarmania.cz\/#website\",\"url\":\"https:\/\/www.dakarmania.cz\/\",\"name\":\"DAKARMANIA.cz\",\"description\":\"\u017dijeme Dakarem cel\u00fd rok\",\"publisher\":{\"@id\":\"https:\/\/www.dakarmania.cz\/#organization\"},\"potentialAction\":[{\"@type\":\"SearchAction\",\"target\":{\"@type\":\"EntryPoint\",\"urlTemplate\":\"https:\/\/www.dakarmania.cz\/?s={search_term_string}\"},\"query-input\":{\"@type\":\"PropertyValueSpecification\",\"valueRequired\":true,\"valueName\":\"search_term_string\"}}],\"inLanguage\":\"cs\"},{\"@type\":\"Organization\",\"@id\":\"https:\/\/www.dakarmania.cz\/#organization\",\"name\":\"DAKAR MANIA\",\"url\":\"https:\/\/www.dakarmania.cz\/\",\"logo\":{\"@type\":\"ImageObject\",\"inLanguage\":\"cs\",\"@id\":\"https:\/\/www.dakarmania.cz\/#\/schema\/logo\/image\/\",\"url\":\"https:\/\/www.dakarmania.cz\/wp-content\/uploads\/2018\/12\/Dakar-Mania-Logo-Square-Orange.png\",\"contentUrl\":\"https:\/\/www.dakarmania.cz\/wp-content\/uploads\/2018\/12\/Dakar-Mania-Logo-Square-Orange.png\",\"width\":992,\"height\":992,\"caption\":\"DAKAR MANIA\"},\"image\":{\"@id\":\"https:\/\/www.dakarmania.cz\/#\/schema\/logo\/image\/\"},\"sameAs\":[\"https:\/\/www.facebook.com\/dakarmania\/\"]},{\"@type\":\"Person\",\"@id\":\"https:\/\/www.dakarmania.cz\/#\/schema\/person\/bce8d1fe3633b1178e150fc5e340d5dd\",\"name\":\"tiskov\u00e1 zpr\u00e1va\",\"image\":{\"@type\":\"ImageObject\",\"inLanguage\":\"cs\",\"@id\":\"https:\/\/www.dakarmania.cz\/#\/schema\/person\/image\/\",\"url\":\"https:\/\/secure.gravatar.com\/avatar\/19aefcb6c7bfae691fca4d805686c670f59bb4f7414c7b398b88dc9c8f4e96d5?s=96&d=mm&r=g\",\"contentUrl\":\"https:\/\/secure.gravatar.com\/avatar\/19aefcb6c7bfae691fca4d805686c670f59bb4f7414c7b398b88dc9c8f4e96d5?s=96&d=mm&r=g\",\"caption\":\"tiskov\u00e1 zpr\u00e1va\"},\"url\":\"https:\/\/www.dakarmania.cz\/index.php\/author\/tiskovezpravy\/\"}]}<\/script>\n<!-- \/ Yoast SEO plugin. -->","yoast_head_json":{"title":"Africa Race 2020: Kamen\u00ed, defekt, kamen\u00ed, defekt - DAKARMANIA.cz","description":"Tom\u00e1\u0161 Tome\u010dek ve \u010dtvrt\u00e9 etap\u011b Africa Eco Race poznal, jak chutn\u00e1 bezmoc. N\u011bkdy se m\u016f\u017eete sna\u017eit, jak chcete, a stejn\u011b to nedopadne dob\u0159e.","robots":{"index":"index","follow":"follow","max-snippet":"max-snippet:-1","max-image-preview":"max-image-preview:large","max-video-preview":"max-video-preview:-1"},"canonical":"https:\/\/www.dakarmania.cz\/index.php\/2020\/01\/11\/africa-race-2020-kameni-defekty\/","og_locale":"cs_CZ","og_type":"article","og_title":"Africa Race 2020: Kamen\u00ed, defekt, kamen\u00ed, defekt - DAKARMANIA.cz","og_description":"Tom\u00e1\u0161 Tome\u010dek ve \u010dtvrt\u00e9 etap\u011b Africa Eco Race poznal, jak chutn\u00e1 bezmoc. N\u011bkdy se m\u016f\u017eete sna\u017eit, jak chcete, a stejn\u011b to nedopadne dob\u0159e.","og_url":"https:\/\/www.dakarmania.cz\/index.php\/2020\/01\/11\/africa-race-2020-kameni-defekty\/","og_site_name":"DAKARMANIA.cz","article_publisher":"https:\/\/www.facebook.com\/dakarmania\/","article_published_time":"2020-01-11T11:54:44+00:00","article_modified_time":"2020-06-06T11:51:23+00:00","og_image":[{"width":1000,"height":668,"url":"https:\/\/www.dakarmania.cz\/wp-content\/uploads\/2020\/01\/20-aer-tomecek-07.jpg","type":"image\/jpeg"}],"author":"tiskov\u00e1 zpr\u00e1va","twitter_card":"summary_large_image","twitter_misc":{"Napsal(a)":"tiskov\u00e1 zpr\u00e1va","Odhadovan\u00e1 doba \u010dten\u00ed":"3 minuty"},"schema":{"@context":"https:\/\/schema.org","@graph":[{"@type":"Article","@id":"https:\/\/www.dakarmania.cz\/index.php\/2020\/01\/11\/africa-race-2020-kameni-defekty\/#article","isPartOf":{"@id":"https:\/\/www.dakarmania.cz\/index.php\/2020\/01\/11\/africa-race-2020-kameni-defekty\/"},"author":{"name":"tiskov\u00e1 zpr\u00e1va","@id":"https:\/\/www.dakarmania.cz\/#\/schema\/person\/bce8d1fe3633b1178e150fc5e340d5dd"},"headline":"Africa Race 2020: Kamen\u00ed, defekt, kamen\u00ed, defekt","datePublished":"2020-01-11T11:54:44+00:00","dateModified":"2020-06-06T11:51:23+00:00","mainEntityOfPage":{"@id":"https:\/\/www.dakarmania.cz\/index.php\/2020\/01\/11\/africa-race-2020-kameni-defekty\/"},"wordCount":680,"commentCount":0,"publisher":{"@id":"https:\/\/www.dakarmania.cz\/#organization"},"image":{"@id":"https:\/\/www.dakarmania.cz\/index.php\/2020\/01\/11\/africa-race-2020-kameni-defekty\/#primaryimage"},"thumbnailUrl":"https:\/\/www.dakarmania.cz\/wp-content\/uploads\/2020\/01\/20-aer-tomecek-07.jpg","keywords":["2020","AER","AER 2020","Tatra","Tom Racing","Tom\u00e1\u0161 Tome\u010dek"],"articleSection":["Africa Eco Race","Tiskov\u00e9 zpr\u00e1vy"],"inLanguage":"cs","potentialAction":[{"@type":"CommentAction","name":"Comment","target":["https:\/\/www.dakarmania.cz\/index.php\/2020\/01\/11\/africa-race-2020-kameni-defekty\/#respond"]}]},{"@type":"WebPage","@id":"https:\/\/www.dakarmania.cz\/index.php\/2020\/01\/11\/africa-race-2020-kameni-defekty\/","url":"https:\/\/www.dakarmania.cz\/index.php\/2020\/01\/11\/africa-race-2020-kameni-defekty\/","name":"Africa Race 2020: Kamen\u00ed, defekt, kamen\u00ed, defekt - DAKARMANIA.cz","isPartOf":{"@id":"https:\/\/www.dakarmania.cz\/#website"},"primaryImageOfPage":{"@id":"https:\/\/www.dakarmania.cz\/index.php\/2020\/01\/11\/africa-race-2020-kameni-defekty\/#primaryimage"},"image":{"@id":"https:\/\/www.dakarmania.cz\/index.php\/2020\/01\/11\/africa-race-2020-kameni-defekty\/#primaryimage"},"thumbnailUrl":"https:\/\/www.dakarmania.cz\/wp-content\/uploads\/2020\/01\/20-aer-tomecek-07.jpg","datePublished":"2020-01-11T11:54:44+00:00","dateModified":"2020-06-06T11:51:23+00:00","description":"Tom\u00e1\u0161 Tome\u010dek ve \u010dtvrt\u00e9 etap\u011b Africa Eco Race poznal, jak chutn\u00e1 bezmoc. N\u011bkdy se m\u016f\u017eete sna\u017eit, jak chcete, a stejn\u011b to nedopadne dob\u0159e.","breadcrumb":{"@id":"https:\/\/www.dakarmania.cz\/index.php\/2020\/01\/11\/africa-race-2020-kameni-defekty\/#breadcrumb"},"inLanguage":"cs","potentialAction":[{"@type":"ReadAction","target":["https:\/\/www.dakarmania.cz\/index.php\/2020\/01\/11\/africa-race-2020-kameni-defekty\/"]}]},{"@type":"ImageObject","inLanguage":"cs","@id":"https:\/\/www.dakarmania.cz\/index.php\/2020\/01\/11\/africa-race-2020-kameni-defekty\/#primaryimage","url":"https:\/\/www.dakarmania.cz\/wp-content\/uploads\/2020\/01\/20-aer-tomecek-07.jpg","contentUrl":"https:\/\/www.dakarmania.cz\/wp-content\/uploads\/2020\/01\/20-aer-tomecek-07.jpg","width":1000,"height":668,"caption":"Tom\u00e1\u0161 Tome\u010dek, Tatra 815, Czechoslovak Team. Africa Eco Race 2020. \u00a9 Tom Racing"},{"@type":"BreadcrumbList","@id":"https:\/\/www.dakarmania.cz\/index.php\/2020\/01\/11\/africa-race-2020-kameni-defekty\/#breadcrumb","itemListElement":[{"@type":"ListItem","position":1,"name":"Dom\u016f","item":"https:\/\/www.dakarmania.cz\/"},{"@type":"ListItem","position":2,"name":"Africa Race 2020: Kamen\u00ed, defekt, kamen\u00ed, defekt"}]},{"@type":"WebSite","@id":"https:\/\/www.dakarmania.cz\/#website","url":"https:\/\/www.dakarmania.cz\/","name":"DAKARMANIA.cz","description":"\u017dijeme Dakarem cel\u00fd rok","publisher":{"@id":"https:\/\/www.dakarmania.cz\/#organization"},"potentialAction":[{"@type":"SearchAction","target":{"@type":"EntryPoint","urlTemplate":"https:\/\/www.dakarmania.cz\/?s={search_term_string}"},"query-input":{"@type":"PropertyValueSpecification","valueRequired":true,"valueName":"search_term_string"}}],"inLanguage":"cs"},{"@type":"Organization","@id":"https:\/\/www.dakarmania.cz\/#organization","name":"DAKAR MANIA","url":"https:\/\/www.dakarmania.cz\/","logo":{"@type":"ImageObject","inLanguage":"cs","@id":"https:\/\/www.dakarmania.cz\/#\/schema\/logo\/image\/","url":"https:\/\/www.dakarmania.cz\/wp-content\/uploads\/2018\/12\/Dakar-Mania-Logo-Square-Orange.png","contentUrl":"https:\/\/www.dakarmania.cz\/wp-content\/uploads\/2018\/12\/Dakar-Mania-Logo-Square-Orange.png","width":992,"height":992,"caption":"DAKAR MANIA"},"image":{"@id":"https:\/\/www.dakarmania.cz\/#\/schema\/logo\/image\/"},"sameAs":["https:\/\/www.facebook.com\/dakarmania\/"]},{"@type":"Person","@id":"https:\/\/www.dakarmania.cz\/#\/schema\/person\/bce8d1fe3633b1178e150fc5e340d5dd","name":"tiskov\u00e1 zpr\u00e1va","image":{"@type":"ImageObject","inLanguage":"cs","@id":"https:\/\/www.dakarmania.cz\/#\/schema\/person\/image\/","url":"https:\/\/secure.gravatar.com\/avatar\/19aefcb6c7bfae691fca4d805686c670f59bb4f7414c7b398b88dc9c8f4e96d5?s=96&d=mm&r=g","contentUrl":"https:\/\/secure.gravatar.com\/avatar\/19aefcb6c7bfae691fca4d805686c670f59bb4f7414c7b398b88dc9c8f4e96d5?s=96&d=mm&r=g","caption":"tiskov\u00e1 zpr\u00e1va"},"url":"https:\/\/www.dakarmania.cz\/index.php\/author\/tiskovezpravy\/"}]}},"amp_enabled":true,"_links":{"self":[{"href":"https:\/\/www.dakarmania.cz\/index.php\/wp-json\/wp\/v2\/posts\/14553","targetHints":{"allow":["GET"]}}],"collection":[{"href":"https:\/\/www.dakarmania.cz\/index.php\/wp-json\/wp\/v2\/posts"}],"about":[{"href":"https:\/\/www.dakarmania.cz\/index.php\/wp-json\/wp\/v2\/types\/post"}],"author":[{"embeddable":true,"href":"https:\/\/www.dakarmania.cz\/index.php\/wp-json\/wp\/v2\/users\/3"}],"replies":[{"embeddable":true,"href":"https:\/\/www.dakarmania.cz\/index.php\/wp-json\/wp\/v2\/comments?post=14553"}],"version-history":[{"count":2,"href":"https:\/\/www.dakarmania.cz\/index.php\/wp-json\/wp\/v2\/posts\/14553\/revisions"}],"predecessor-version":[{"id":16234,"href":"https:\/\/www.dakarmania.cz\/index.php\/wp-json\/wp\/v2\/posts\/14553\/revisions\/16234"}],"wp:featuredmedia":[{"embeddable":true,"href":"https:\/\/www.dakarmania.cz\/index.php\/wp-json\/wp\/v2\/media\/14550"}],"wp:attachment":[{"href":"https:\/\/www.dakarmania.cz\/index.php\/wp-json\/wp\/v2\/media?parent=14553"}],"wp:term":[{"taxonomy":"category","embeddable":true,"href":"https:\/\/www.dakarmania.cz\/index.php\/wp-json\/wp\/v2\/categories?post=14553"},{"taxonomy":"post_tag","embeddable":true,"href":"https:\/\/www.dakarmania.cz\/index.php\/wp-json\/wp\/v2\/tags?post=14553"}],"curies":[{"name":"wp","href":"https:\/\/api.w.org\/{rel}","templated":true}]}}