{"id":14604,"date":"2020-01-12T16:40:24","date_gmt":"2020-01-12T15:40:24","guid":{"rendered":"https:\/\/www.dakarmania.cz\/?p=14604"},"modified":"2020-01-22T00:54:39","modified_gmt":"2020-01-21T23:54:39","slug":"walkner-paulo-goncalves-chtel-letos-skoncit","status":"publish","type":"post","link":"https:\/\/www.dakarmania.cz\/index.php\/2020\/01\/12\/walkner-paulo-goncalves-chtel-letos-skoncit\/","title":{"rendered":"Matthias Walkner: Paulo Gon\u00e7alves cht\u011bl letos skon\u010dit"},"content":{"rendered":"<p>[vc_row][vc_column][vc_column_text css_animation=&#8221;fadeIn&#8221;]<\/p>\n<h3>Po ode\u010dten\u00ed \u010dasu, kter\u00fd str\u00e1vil spole\u010dn\u011b s Tobym Pricem a \u0160tefanem Svitkem u smrteln\u011b zran\u011bn\u00e9ho Paula Gon\u00e7alvese, vyhr\u00e1l sedmou etapu Dakaru 2020 Kevin Benavides s Hondou. Veden\u00ed udr\u017eel jeho t\u00fdmov\u00fd kolega Ricky Brabec.<\/h3>\n<p>[\/vc_column_text][vc_single_image image=&#8221;14603&#8243; img_size=&#8221;large&#8221; add_caption=&#8221;yes&#8221; alignment=&#8221;center&#8221; onclick=&#8221;link_image&#8221; css_animation=&#8221;fadeIn&#8221;][vc_column_text css_animation=&#8221;fadeIn&#8221;]Po dni volna v sa\u00fadskoarabsk\u00e9 metropoli pokra\u010dovala Rally Dakar 2020 sedmou etapou z Rij\u00e1du do Wadi Al-Dawasiru, jej\u00ed\u017e sou\u010d\u00e1st\u00ed byla i nejdel\u0161\u00ed rychlostn\u00ed zkou\u0161ka cel\u00e9 sout\u011b\u017ee (546 km). P\u016fvodn\u00ed v\u00fdsledky se odpoledne m\u011bnily, ale to v motork\u00e1\u0159sk\u00e9 \u010d\u00e1sti bivaku tentokr\u00e1t nezaj\u00edmalo nikoho.<\/p>\n<p>K \u00faprav\u011b \u010das\u016f do\u0161lo u <a href=\"\/index.php\/osobnosti\/kevin-benavides\/\">Kevina Benavidese<\/a> (Honda), <a href=\"\/index.php\/osobnosti\/toby-price\/\">Tobyho Price<\/a> a \u0160tefana Svitka (KTM). V\u0161ichni t\u0159i se sna\u017eili pomoci Paulu Gon\u00e7alvesovi, kter\u00fd v\u0161ak <a href=\"\/index.php\/2020\/01\/12\/zemrel-paulo-goncalves\/\">po p\u00e1du na 276. kilometru zem\u0159el<\/a>. Benavides se stal ofici\u00e1ln\u00edm v\u00edt\u011bzem etapy.[\/vc_column_text][vc_column_text css_animation=&#8221;fadeIn&#8221; css=&#8221;.vc_custom_1578886333035{padding-top: 10px !important;padding-right: 10px !important;padding-bottom: 20px !important;padding-left: 10px !important;background-color: #dbd9d9 !important;}&#8221;]<strong>Dal\u0161\u00ed kategorie:<\/strong><\/p>\n<p><a href=\"\/index.php\/2020\/01\/12\/dakar-2020-sotnikov-atakuje-macika\/\"><strong>&gt; KAMIONY:<\/strong> Sotnikov p\u0159esko\u010dil van Kasterena a atakuje Mac\u00edka<\/a><br \/>\n<a href=\"\/index.php\/2020\/01\/12\/dakar-2020-prokop-se-priblizil-top-10\/\"><strong>&gt; AUTO:<\/strong> Prokop se p\u0159ibl\u00ed\u017eil prvn\u00ed des\u00edtce. Vacul\u00edk na lan\u011b<\/a>[\/vc_column_text][vc_column_text css_animation=&#8221;fadeIn&#8221;]<em>\u201ePaulo byl tak trochu veter\u00e1nem cel\u00e9 na\u0161\u00ed party. Pr\u00e1v\u011b on mi pom\u00e1hal v roce 2016 po m\u00e9m t\u011b\u017ek\u00e9m p\u00e1du,\u201c<\/em> p\u0159ipom\u00edn\u00e1 <strong>Matthias Walkner<\/strong>. <em>\u201eByl to neuv\u011b\u0159iteln\u011b mil\u00fd, ochotn\u00fd a f\u00e9rov\u00fd sportovec, kter\u00e9ho si ka\u017ed\u00fd rychle obl\u00edbil a m\u011bl ho r\u00e1d.\u201c<\/em><\/p>\n<p><em>\u201eV\u0161ichni v\u00edme, \u017ee motocyklov\u00e9 z\u00e1vody jsou nebezpe\u010dn\u00fd sport, ale tohle je opravdu smutn\u00fd den pro v\u0161echny lidi kolem cross-country rally. Po\u0159ad\u00ed z\u00e1vodu je te\u010f naprosto druhotn\u00e9. Z\u00e1sadn\u00ed je, \u017ee jsme dnes ztratili Paula. V \u017eivot\u011b jde o v\u00edc ne\u017e o prvn\u00ed m\u00edsto. V\u0161ichni jsme velice smutn\u00ed. Bohu\u017eel nem\u016f\u017eeme ud\u011blat v\u00edc ne\u017e se modlit za jeho rodinu,\u201c<\/em> \u0159\u00edk\u00e1 leader pr\u016fb\u011b\u017en\u00e9ho hodnocen\u00ed <strong>Ricky Brabec<\/strong>, jeho\u017e kolegou u Hondy byl je\u0161t\u011b p\u0159ed rokem tak\u00e9 Gon\u00e7alves.[\/vc_column_text][vc_single_image image=&#8221;14602&#8243; img_size=&#8221;large&#8221; add_caption=&#8221;yes&#8221; alignment=&#8221;center&#8221; onclick=&#8221;link_image&#8221; css_animation=&#8221;fadeIn&#8221;][vc_column_text css_animation=&#8221;fadeIn&#8221;]<em>\u201eV\u00fdsledky a boj o nejvy\u0161\u0161\u00ed p\u0159\u00ed\u010dky se n\u00e1hle dost\u00e1vaj\u00ed \u00fapln\u011b do pozad\u00ed. P\u0159ed n\u011bkolika dny mi Paulo \u0159\u00edkal, \u017ee tohle bude jeho posledn\u00ed sezona,\u201c<\/em> odhaluje <strong>Matthias Walkner<\/strong> a popisuje speci\u00e1lku, na jej\u00ed\u017e trati k tragick\u00e9 nehod\u011b do\u0161lo: <em>\u201eP\u011bt set pades\u00e1t kilometr\u016f za \u010dty\u0159i a p\u016fl hodiny! Mysl\u00edm, \u017ee to byla nejrychlej\u0161\u00ed speci\u00e1lka m\u00e9ho \u017eivota. Dos\u00e1hli jsme pr\u016fm\u011bru asi 125 km\/h. P\u0159itom devades\u00e1t procent se jelo mimo cesty ve voln\u00e9m ter\u00e9nu. V p\u00edsku je v tak vysok\u00e9 rychlosti v\u0161echno h\u016f\u0159 vid\u011bt. To u\u017e je na hranici. Fyzicky i ment\u00e1ln\u011b, proto\u017ee v\u00edte, \u017ee i nejmen\u0161\u00ed chyba m\u016f\u017ee m\u00edt opravdu hrozn\u00e9 d\u016fsledky.\u201c<\/em><\/p>\n<p>Po vz\u00e1jemn\u00e9 dohod\u011b mezi organiz\u00e1tory a \u00fa\u010dastn\u00edky byla n\u00e1sleduj\u00edc\u00ed osm\u00e1 etapa pro motocyklisty a \u010dty\u0159kolk\u00e1\u0159e zru\u0161ena.[\/vc_column_text][vc_column_text css_animation=&#8221;fadeIn&#8221;]<\/p>\n<table style=\"width: 97.7654%;\" rules=\"rows\" cellpadding=\"4px\">\n<tbody>\n<tr style=\"background-color: #9e9d9d; color: white;\">\n<td style=\"text-align: center;\" colspan=\"4\"><span style=\"font-size: 10pt;\"><strong>Rally Dakar 2020<br \/>\nMOTOCYKLY<br \/>\npr\u016fb\u011b\u017en\u00e9 po\u0159ad\u00ed po 7. etap\u011b<\/strong><\/span><\/td>\n<\/tr>\n<tr style=\"background-color: #dbd9d9;\">\n<td>1.<\/td>\n<td>Ricky Brabec<\/td>\n<td>Honda CRF450 Rally<\/td>\n<td style=\"text-align: right;\">28:25:01<\/td>\n<\/tr>\n<tr style=\"background-color: #f2f2f2;\">\n<td>2.<\/td>\n<td>Pablo Quintanilla<\/td>\n<td>Husqvarna FR 450 Rally<\/td>\n<td style=\"text-align: right;\">+24:48<\/td>\n<\/tr>\n<tr style=\"background-color: #dbd9d9;\">\n<td>3.<\/td>\n<td>Jos\u00e9 Ignacio Cornejo<\/td>\n<td>Honda CRF450 Rally<\/td>\n<td style=\"text-align: right;\">+27:01<\/td>\n<\/tr>\n<tr style=\"background-color: #f2f2f2;\">\n<td>4.<\/td>\n<td>Toby Price<\/td>\n<td>KTM 450 Rally<\/td>\n<td style=\"text-align: right;\">+28:44<\/td>\n<\/tr>\n<tr style=\"background-color: #dbd9d9;\">\n<td>5.<\/td>\n<td>Joan Barreda<\/td>\n<td>Honda CRF450 Rally<\/td>\n<td style=\"text-align: right;\">+29:29<\/td>\n<\/tr>\n<tr style=\"background-color: #f2f2f2;\">\n<td>6.<\/td>\n<td>Matthias Walkner<\/td>\n<td>KTM 450 Rally<\/td>\n<td style=\"text-align: right;\">+33:04<\/td>\n<\/tr>\n<tr style=\"background-color: #dbd9d9;\">\n<td>7.<\/td>\n<td>Luciano Benavides<\/td>\n<td>KTM 450 Rally<\/td>\n<td style=\"text-align: right;\">+38:58<\/td>\n<\/tr>\n<tr style=\"background-color: #f2f2f2;\">\n<td>8.<\/td>\n<td>Skyler Howes<\/td>\n<td>Husqvarna FR 450 Rally<\/td>\n<td style=\"text-align: right;\">+1:15:02<\/td>\n<\/tr>\n<tr style=\"background-color: #dbd9d9;\">\n<td>9.<\/td>\n<td>Franco Caimi<\/td>\n<td>Yamaha WR450F Rally<\/td>\n<td style=\"text-align: right;\">+1:15:31<\/td>\n<\/tr>\n<tr style=\"background-color: #f2f2f2;\">\n<td>10.<\/td>\n<td>\u0160tefan Svitko<\/td>\n<td>KTM 450 Rally Replica<\/td>\n<td style=\"text-align: right;\">+1:19:41<\/td>\n<\/tr>\n<tr style=\"background-color: #dbd9d9;\">\n<td>14.<\/td>\n<td>Martin Michek<\/td>\n<td>KTM 450 Rally Replica<\/td>\n<td style=\"text-align: right;\">+2:36:05<\/td>\n<\/tr>\n<tr style=\"background-color: #f2f2f2;\">\n<td>28.<\/td>\n<td>Milan Engel<\/td>\n<td>KTM 450 Rally Replica<\/td>\n<td style=\"text-align: right;\">+4:24:26<\/td>\n<\/tr>\n<tr style=\"background-color: #dbd9d9;\">\n<td>38.<\/td>\n<td>Jan Brabec<\/td>\n<td>KTM 450 Rally Replica<\/td>\n<td style=\"text-align: right;\">+7:10:41<\/td>\n<\/tr>\n<tr style=\"background-color: #f2f2f2;\">\n<td>43.<\/td>\n<td>Petr Vl\u010dek<\/td>\n<td>KTM 450 Rally Replica<\/td>\n<td style=\"text-align: right;\">+8:35:40<\/td>\n<\/tr>\n<tr style=\"background-color: #dbd9d9;\">\n<td>86.<\/td>\n<td>Jan Vesel\u00fd<\/td>\n<td>Husqvarna FE 450<\/td>\n<td style=\"text-align: right;\">+17:36:03<\/td>\n<\/tr>\n<\/tbody>\n<\/table>\n<p>[\/vc_column_text][vc_empty_space height=&#8221;2px&#8221;][\/vc_column][\/vc_row]<\/p>\n","protected":false},"excerpt":{"rendered":"<p>Po ode\u010dten\u00ed \u010dasu, kter\u00fd str\u00e1vil u smrteln\u011b zran\u011bn\u00e9ho Paula Gon\u00e7alvese, vyhr\u00e1l sedmou etapu Dakaru 2020 Kevin Benavides s Hondou.<\/p>\n","protected":false},"author":1,"featured_media":14602,"comment_status":"open","ping_status":"closed","sticky":false,"template":"","format":"standard","meta":{"footnotes":""},"categories":[251,15],"tags":[903,8,159,211,128,222],"class_list":["post-14604","post","type-post","status-publish","format-standard","has-post-thumbnail","hentry","category-dakar-2020","category-moto-quad","tag-903","tag-dakar","tag-dakar-2020","tag-matthias-walkner","tag-paulo-goncalves","tag-ricky-brabec"],"yoast_head":"<!-- This site is optimized with the Yoast SEO plugin v24.9 - https:\/\/yoast.com\/wordpress\/plugins\/seo\/ -->\n<title>Matthias Walkner: Paulo Gon\u00e7alves cht\u011bl letos skon\u010dit - DAKARMANIA.cz<\/title>\n<meta name=\"description\" content=\"Po ode\u010dten\u00ed \u010dasu, kter\u00fd str\u00e1vil u smrteln\u011b zran\u011bn\u00e9ho Paula Gon\u00e7alvese, vyhr\u00e1l sedmou etapu Dakaru 2020 Kevin Benavides s Hondou.\" \/>\n<meta name=\"robots\" content=\"index, follow, max-snippet:-1, max-image-preview:large, max-video-preview:-1\" \/>\n<link rel=\"canonical\" href=\"https:\/\/www.dakarmania.cz\/index.php\/2020\/01\/12\/walkner-paulo-goncalves-chtel-letos-skoncit\/\" \/>\n<meta property=\"og:locale\" content=\"cs_CZ\" \/>\n<meta property=\"og:type\" content=\"article\" \/>\n<meta property=\"og:title\" content=\"Matthias Walkner: Paulo Gon\u00e7alves cht\u011bl letos skon\u010dit - DAKARMANIA.cz\" \/>\n<meta property=\"og:description\" content=\"Po ode\u010dten\u00ed \u010dasu, kter\u00fd str\u00e1vil u smrteln\u011b zran\u011bn\u00e9ho Paula Gon\u00e7alvese, vyhr\u00e1l sedmou etapu Dakaru 2020 Kevin Benavides s Hondou.\" \/>\n<meta property=\"og:url\" content=\"https:\/\/www.dakarmania.cz\/index.php\/2020\/01\/12\/walkner-paulo-goncalves-chtel-letos-skoncit\/\" \/>\n<meta property=\"og:site_name\" content=\"DAKARMANIA.cz\" \/>\n<meta property=\"article:publisher\" content=\"https:\/\/www.facebook.com\/dakarmania\/\" \/>\n<meta property=\"article:published_time\" content=\"2020-01-12T15:40:24+00:00\" \/>\n<meta property=\"article:modified_time\" content=\"2020-01-21T23:54:39+00:00\" \/>\n<meta property=\"og:image\" content=\"https:\/\/www.dakarmania.cz\/wp-content\/uploads\/2020\/01\/20-dakar-goncalves-04.jpg\" \/>\n\t<meta property=\"og:image:width\" content=\"1024\" \/>\n\t<meta property=\"og:image:height\" content=\"683\" \/>\n\t<meta property=\"og:image:type\" content=\"image\/jpeg\" \/>\n<meta name=\"author\" content=\"Zden\u011bk Zelenka\" \/>\n<meta name=\"twitter:card\" content=\"summary_large_image\" \/>\n<meta name=\"twitter:label1\" content=\"Napsal(a)\" \/>\n\t<meta name=\"twitter:data1\" content=\"Zden\u011bk Zelenka\" \/>\n\t<meta name=\"twitter:label2\" content=\"Odhadovan\u00e1 doba \u010dten\u00ed\" \/>\n\t<meta name=\"twitter:data2\" content=\"3 minuty\" \/>\n<script type=\"application\/ld+json\" class=\"yoast-schema-graph\">{\"@context\":\"https:\/\/schema.org\",\"@graph\":[{\"@type\":\"Article\",\"@id\":\"https:\/\/www.dakarmania.cz\/index.php\/2020\/01\/12\/walkner-paulo-goncalves-chtel-letos-skoncit\/#article\",\"isPartOf\":{\"@id\":\"https:\/\/www.dakarmania.cz\/index.php\/2020\/01\/12\/walkner-paulo-goncalves-chtel-letos-skoncit\/\"},\"author\":{\"name\":\"Zden\u011bk Zelenka\",\"@id\":\"https:\/\/www.dakarmania.cz\/#\/schema\/person\/04eb0e87a389631c2169c0dddae7ff1e\"},\"headline\":\"Matthias Walkner: Paulo Gon\u00e7alves cht\u011bl letos skon\u010dit\",\"datePublished\":\"2020-01-12T15:40:24+00:00\",\"dateModified\":\"2020-01-21T23:54:39+00:00\",\"mainEntityOfPage\":{\"@id\":\"https:\/\/www.dakarmania.cz\/index.php\/2020\/01\/12\/walkner-paulo-goncalves-chtel-letos-skoncit\/\"},\"wordCount\":684,\"commentCount\":0,\"publisher\":{\"@id\":\"https:\/\/www.dakarmania.cz\/#organization\"},\"image\":{\"@id\":\"https:\/\/www.dakarmania.cz\/index.php\/2020\/01\/12\/walkner-paulo-goncalves-chtel-letos-skoncit\/#primaryimage\"},\"thumbnailUrl\":\"https:\/\/www.dakarmania.cz\/wp-content\/uploads\/2020\/01\/20-dakar-goncalves-04.jpg\",\"keywords\":[\"2020\",\"Dakar\",\"Dakar 2020\",\"Matthias Walkner\",\"Paulo Gon\u00e7alves\",\"Ricky Brabec\"],\"articleSection\":[\"Dakar 2020\",\"Moto\/Quad\"],\"inLanguage\":\"cs\",\"potentialAction\":[{\"@type\":\"CommentAction\",\"name\":\"Comment\",\"target\":[\"https:\/\/www.dakarmania.cz\/index.php\/2020\/01\/12\/walkner-paulo-goncalves-chtel-letos-skoncit\/#respond\"]}]},{\"@type\":\"WebPage\",\"@id\":\"https:\/\/www.dakarmania.cz\/index.php\/2020\/01\/12\/walkner-paulo-goncalves-chtel-letos-skoncit\/\",\"url\":\"https:\/\/www.dakarmania.cz\/index.php\/2020\/01\/12\/walkner-paulo-goncalves-chtel-letos-skoncit\/\",\"name\":\"Matthias Walkner: Paulo Gon\u00e7alves cht\u011bl letos skon\u010dit - DAKARMANIA.cz\",\"isPartOf\":{\"@id\":\"https:\/\/www.dakarmania.cz\/#website\"},\"primaryImageOfPage\":{\"@id\":\"https:\/\/www.dakarmania.cz\/index.php\/2020\/01\/12\/walkner-paulo-goncalves-chtel-letos-skoncit\/#primaryimage\"},\"image\":{\"@id\":\"https:\/\/www.dakarmania.cz\/index.php\/2020\/01\/12\/walkner-paulo-goncalves-chtel-letos-skoncit\/#primaryimage\"},\"thumbnailUrl\":\"https:\/\/www.dakarmania.cz\/wp-content\/uploads\/2020\/01\/20-dakar-goncalves-04.jpg\",\"datePublished\":\"2020-01-12T15:40:24+00:00\",\"dateModified\":\"2020-01-21T23:54:39+00:00\",\"description\":\"Po ode\u010dten\u00ed \u010dasu, kter\u00fd str\u00e1vil u smrteln\u011b zran\u011bn\u00e9ho Paula Gon\u00e7alvese, vyhr\u00e1l sedmou etapu Dakaru 2020 Kevin Benavides s Hondou.\",\"breadcrumb\":{\"@id\":\"https:\/\/www.dakarmania.cz\/index.php\/2020\/01\/12\/walkner-paulo-goncalves-chtel-letos-skoncit\/#breadcrumb\"},\"inLanguage\":\"cs\",\"potentialAction\":[{\"@type\":\"ReadAction\",\"target\":[\"https:\/\/www.dakarmania.cz\/index.php\/2020\/01\/12\/walkner-paulo-goncalves-chtel-letos-skoncit\/\"]}]},{\"@type\":\"ImageObject\",\"inLanguage\":\"cs\",\"@id\":\"https:\/\/www.dakarmania.cz\/index.php\/2020\/01\/12\/walkner-paulo-goncalves-chtel-letos-skoncit\/#primaryimage\",\"url\":\"https:\/\/www.dakarmania.cz\/wp-content\/uploads\/2020\/01\/20-dakar-goncalves-04.jpg\",\"contentUrl\":\"https:\/\/www.dakarmania.cz\/wp-content\/uploads\/2020\/01\/20-dakar-goncalves-04.jpg\",\"width\":1024,\"height\":683,\"caption\":\"Paulo Gon\u00e7alves na trati osudn\u00e9 sedm\u00e9 etapy Rally Dakar 2020. \u00a9 ASO\/DPPI\"},{\"@type\":\"BreadcrumbList\",\"@id\":\"https:\/\/www.dakarmania.cz\/index.php\/2020\/01\/12\/walkner-paulo-goncalves-chtel-letos-skoncit\/#breadcrumb\",\"itemListElement\":[{\"@type\":\"ListItem\",\"position\":1,\"name\":\"Dom\u016f\",\"item\":\"https:\/\/www.dakarmania.cz\/\"},{\"@type\":\"ListItem\",\"position\":2,\"name\":\"Matthias Walkner: Paulo Gon\u00e7alves cht\u011bl letos skon\u010dit\"}]},{\"@type\":\"WebSite\",\"@id\":\"https:\/\/www.dakarmania.cz\/#website\",\"url\":\"https:\/\/www.dakarmania.cz\/\",\"name\":\"DAKARMANIA.cz\",\"description\":\"\u017dijeme Dakarem cel\u00fd rok\",\"publisher\":{\"@id\":\"https:\/\/www.dakarmania.cz\/#organization\"},\"potentialAction\":[{\"@type\":\"SearchAction\",\"target\":{\"@type\":\"EntryPoint\",\"urlTemplate\":\"https:\/\/www.dakarmania.cz\/?s={search_term_string}\"},\"query-input\":{\"@type\":\"PropertyValueSpecification\",\"valueRequired\":true,\"valueName\":\"search_term_string\"}}],\"inLanguage\":\"cs\"},{\"@type\":\"Organization\",\"@id\":\"https:\/\/www.dakarmania.cz\/#organization\",\"name\":\"DAKAR MANIA\",\"url\":\"https:\/\/www.dakarmania.cz\/\",\"logo\":{\"@type\":\"ImageObject\",\"inLanguage\":\"cs\",\"@id\":\"https:\/\/www.dakarmania.cz\/#\/schema\/logo\/image\/\",\"url\":\"https:\/\/www.dakarmania.cz\/wp-content\/uploads\/2018\/12\/Dakar-Mania-Logo-Square-Orange.png\",\"contentUrl\":\"https:\/\/www.dakarmania.cz\/wp-content\/uploads\/2018\/12\/Dakar-Mania-Logo-Square-Orange.png\",\"width\":992,\"height\":992,\"caption\":\"DAKAR MANIA\"},\"image\":{\"@id\":\"https:\/\/www.dakarmania.cz\/#\/schema\/logo\/image\/\"},\"sameAs\":[\"https:\/\/www.facebook.com\/dakarmania\/\"]},{\"@type\":\"Person\",\"@id\":\"https:\/\/www.dakarmania.cz\/#\/schema\/person\/04eb0e87a389631c2169c0dddae7ff1e\",\"name\":\"Zden\u011bk Zelenka\",\"image\":{\"@type\":\"ImageObject\",\"inLanguage\":\"cs\",\"@id\":\"https:\/\/www.dakarmania.cz\/#\/schema\/person\/image\/\",\"url\":\"https:\/\/secure.gravatar.com\/avatar\/2c80d5a4942fe0900b73cc7d3837a509d6ee0a276a2b76dac95c92bd0763a89b?s=96&d=mm&r=g\",\"contentUrl\":\"https:\/\/secure.gravatar.com\/avatar\/2c80d5a4942fe0900b73cc7d3837a509d6ee0a276a2b76dac95c92bd0763a89b?s=96&d=mm&r=g\",\"caption\":\"Zden\u011bk Zelenka\"},\"description\":\"Moji d\u011bt\u0161t\u00ed hrdinov\u00e9 se jmenovali Loprais, Moskal, Neveu, Vatanen, Rahier... A tihle borci, jejich n\u00e1sledovn\u00edci a jejich p\u0159\u00edb\u011bhy m\u011b nep\u0159estali fascinovat ani po letech, kdy jsem vyrostl a zam\u011bstn\u00e1valy m\u011b jin\u00e9 discipl\u00edny motorsportu. Proto se zrodila DAKARMANIA.\",\"url\":\"https:\/\/www.dakarmania.cz\/index.php\/author\/dakarmania\/\"}]}<\/script>\n<!-- \/ Yoast SEO plugin. -->","yoast_head_json":{"title":"Matthias Walkner: Paulo Gon\u00e7alves cht\u011bl letos skon\u010dit - DAKARMANIA.cz","description":"Po ode\u010dten\u00ed \u010dasu, kter\u00fd str\u00e1vil u smrteln\u011b zran\u011bn\u00e9ho Paula Gon\u00e7alvese, vyhr\u00e1l sedmou etapu Dakaru 2020 Kevin Benavides s Hondou.","robots":{"index":"index","follow":"follow","max-snippet":"max-snippet:-1","max-image-preview":"max-image-preview:large","max-video-preview":"max-video-preview:-1"},"canonical":"https:\/\/www.dakarmania.cz\/index.php\/2020\/01\/12\/walkner-paulo-goncalves-chtel-letos-skoncit\/","og_locale":"cs_CZ","og_type":"article","og_title":"Matthias Walkner: Paulo Gon\u00e7alves cht\u011bl letos skon\u010dit - DAKARMANIA.cz","og_description":"Po ode\u010dten\u00ed \u010dasu, kter\u00fd str\u00e1vil u smrteln\u011b zran\u011bn\u00e9ho Paula Gon\u00e7alvese, vyhr\u00e1l sedmou etapu Dakaru 2020 Kevin Benavides s Hondou.","og_url":"https:\/\/www.dakarmania.cz\/index.php\/2020\/01\/12\/walkner-paulo-goncalves-chtel-letos-skoncit\/","og_site_name":"DAKARMANIA.cz","article_publisher":"https:\/\/www.facebook.com\/dakarmania\/","article_published_time":"2020-01-12T15:40:24+00:00","article_modified_time":"2020-01-21T23:54:39+00:00","og_image":[{"width":1024,"height":683,"url":"https:\/\/www.dakarmania.cz\/wp-content\/uploads\/2020\/01\/20-dakar-goncalves-04.jpg","type":"image\/jpeg"}],"author":"Zden\u011bk Zelenka","twitter_card":"summary_large_image","twitter_misc":{"Napsal(a)":"Zden\u011bk Zelenka","Odhadovan\u00e1 doba \u010dten\u00ed":"3 minuty"},"schema":{"@context":"https:\/\/schema.org","@graph":[{"@type":"Article","@id":"https:\/\/www.dakarmania.cz\/index.php\/2020\/01\/12\/walkner-paulo-goncalves-chtel-letos-skoncit\/#article","isPartOf":{"@id":"https:\/\/www.dakarmania.cz\/index.php\/2020\/01\/12\/walkner-paulo-goncalves-chtel-letos-skoncit\/"},"author":{"name":"Zden\u011bk Zelenka","@id":"https:\/\/www.dakarmania.cz\/#\/schema\/person\/04eb0e87a389631c2169c0dddae7ff1e"},"headline":"Matthias Walkner: Paulo Gon\u00e7alves cht\u011bl letos skon\u010dit","datePublished":"2020-01-12T15:40:24+00:00","dateModified":"2020-01-21T23:54:39+00:00","mainEntityOfPage":{"@id":"https:\/\/www.dakarmania.cz\/index.php\/2020\/01\/12\/walkner-paulo-goncalves-chtel-letos-skoncit\/"},"wordCount":684,"commentCount":0,"publisher":{"@id":"https:\/\/www.dakarmania.cz\/#organization"},"image":{"@id":"https:\/\/www.dakarmania.cz\/index.php\/2020\/01\/12\/walkner-paulo-goncalves-chtel-letos-skoncit\/#primaryimage"},"thumbnailUrl":"https:\/\/www.dakarmania.cz\/wp-content\/uploads\/2020\/01\/20-dakar-goncalves-04.jpg","keywords":["2020","Dakar","Dakar 2020","Matthias Walkner","Paulo Gon\u00e7alves","Ricky Brabec"],"articleSection":["Dakar 2020","Moto\/Quad"],"inLanguage":"cs","potentialAction":[{"@type":"CommentAction","name":"Comment","target":["https:\/\/www.dakarmania.cz\/index.php\/2020\/01\/12\/walkner-paulo-goncalves-chtel-letos-skoncit\/#respond"]}]},{"@type":"WebPage","@id":"https:\/\/www.dakarmania.cz\/index.php\/2020\/01\/12\/walkner-paulo-goncalves-chtel-letos-skoncit\/","url":"https:\/\/www.dakarmania.cz\/index.php\/2020\/01\/12\/walkner-paulo-goncalves-chtel-letos-skoncit\/","name":"Matthias Walkner: Paulo Gon\u00e7alves cht\u011bl letos skon\u010dit - DAKARMANIA.cz","isPartOf":{"@id":"https:\/\/www.dakarmania.cz\/#website"},"primaryImageOfPage":{"@id":"https:\/\/www.dakarmania.cz\/index.php\/2020\/01\/12\/walkner-paulo-goncalves-chtel-letos-skoncit\/#primaryimage"},"image":{"@id":"https:\/\/www.dakarmania.cz\/index.php\/2020\/01\/12\/walkner-paulo-goncalves-chtel-letos-skoncit\/#primaryimage"},"thumbnailUrl":"https:\/\/www.dakarmania.cz\/wp-content\/uploads\/2020\/01\/20-dakar-goncalves-04.jpg","datePublished":"2020-01-12T15:40:24+00:00","dateModified":"2020-01-21T23:54:39+00:00","description":"Po ode\u010dten\u00ed \u010dasu, kter\u00fd str\u00e1vil u smrteln\u011b zran\u011bn\u00e9ho Paula Gon\u00e7alvese, vyhr\u00e1l sedmou etapu Dakaru 2020 Kevin Benavides s Hondou.","breadcrumb":{"@id":"https:\/\/www.dakarmania.cz\/index.php\/2020\/01\/12\/walkner-paulo-goncalves-chtel-letos-skoncit\/#breadcrumb"},"inLanguage":"cs","potentialAction":[{"@type":"ReadAction","target":["https:\/\/www.dakarmania.cz\/index.php\/2020\/01\/12\/walkner-paulo-goncalves-chtel-letos-skoncit\/"]}]},{"@type":"ImageObject","inLanguage":"cs","@id":"https:\/\/www.dakarmania.cz\/index.php\/2020\/01\/12\/walkner-paulo-goncalves-chtel-letos-skoncit\/#primaryimage","url":"https:\/\/www.dakarmania.cz\/wp-content\/uploads\/2020\/01\/20-dakar-goncalves-04.jpg","contentUrl":"https:\/\/www.dakarmania.cz\/wp-content\/uploads\/2020\/01\/20-dakar-goncalves-04.jpg","width":1024,"height":683,"caption":"Paulo Gon\u00e7alves na trati osudn\u00e9 sedm\u00e9 etapy Rally Dakar 2020. \u00a9 ASO\/DPPI"},{"@type":"BreadcrumbList","@id":"https:\/\/www.dakarmania.cz\/index.php\/2020\/01\/12\/walkner-paulo-goncalves-chtel-letos-skoncit\/#breadcrumb","itemListElement":[{"@type":"ListItem","position":1,"name":"Dom\u016f","item":"https:\/\/www.dakarmania.cz\/"},{"@type":"ListItem","position":2,"name":"Matthias Walkner: Paulo Gon\u00e7alves cht\u011bl letos skon\u010dit"}]},{"@type":"WebSite","@id":"https:\/\/www.dakarmania.cz\/#website","url":"https:\/\/www.dakarmania.cz\/","name":"DAKARMANIA.cz","description":"\u017dijeme Dakarem cel\u00fd rok","publisher":{"@id":"https:\/\/www.dakarmania.cz\/#organization"},"potentialAction":[{"@type":"SearchAction","target":{"@type":"EntryPoint","urlTemplate":"https:\/\/www.dakarmania.cz\/?s={search_term_string}"},"query-input":{"@type":"PropertyValueSpecification","valueRequired":true,"valueName":"search_term_string"}}],"inLanguage":"cs"},{"@type":"Organization","@id":"https:\/\/www.dakarmania.cz\/#organization","name":"DAKAR MANIA","url":"https:\/\/www.dakarmania.cz\/","logo":{"@type":"ImageObject","inLanguage":"cs","@id":"https:\/\/www.dakarmania.cz\/#\/schema\/logo\/image\/","url":"https:\/\/www.dakarmania.cz\/wp-content\/uploads\/2018\/12\/Dakar-Mania-Logo-Square-Orange.png","contentUrl":"https:\/\/www.dakarmania.cz\/wp-content\/uploads\/2018\/12\/Dakar-Mania-Logo-Square-Orange.png","width":992,"height":992,"caption":"DAKAR MANIA"},"image":{"@id":"https:\/\/www.dakarmania.cz\/#\/schema\/logo\/image\/"},"sameAs":["https:\/\/www.facebook.com\/dakarmania\/"]},{"@type":"Person","@id":"https:\/\/www.dakarmania.cz\/#\/schema\/person\/04eb0e87a389631c2169c0dddae7ff1e","name":"Zden\u011bk Zelenka","image":{"@type":"ImageObject","inLanguage":"cs","@id":"https:\/\/www.dakarmania.cz\/#\/schema\/person\/image\/","url":"https:\/\/secure.gravatar.com\/avatar\/2c80d5a4942fe0900b73cc7d3837a509d6ee0a276a2b76dac95c92bd0763a89b?s=96&d=mm&r=g","contentUrl":"https:\/\/secure.gravatar.com\/avatar\/2c80d5a4942fe0900b73cc7d3837a509d6ee0a276a2b76dac95c92bd0763a89b?s=96&d=mm&r=g","caption":"Zden\u011bk Zelenka"},"description":"Moji d\u011bt\u0161t\u00ed hrdinov\u00e9 se jmenovali Loprais, Moskal, Neveu, Vatanen, Rahier... A tihle borci, jejich n\u00e1sledovn\u00edci a jejich p\u0159\u00edb\u011bhy m\u011b nep\u0159estali fascinovat ani po letech, kdy jsem vyrostl a zam\u011bstn\u00e1valy m\u011b jin\u00e9 discipl\u00edny motorsportu. Proto se zrodila DAKARMANIA.","url":"https:\/\/www.dakarmania.cz\/index.php\/author\/dakarmania\/"}]}},"amp_enabled":true,"_links":{"self":[{"href":"https:\/\/www.dakarmania.cz\/index.php\/wp-json\/wp\/v2\/posts\/14604","targetHints":{"allow":["GET"]}}],"collection":[{"href":"https:\/\/www.dakarmania.cz\/index.php\/wp-json\/wp\/v2\/posts"}],"about":[{"href":"https:\/\/www.dakarmania.cz\/index.php\/wp-json\/wp\/v2\/types\/post"}],"author":[{"embeddable":true,"href":"https:\/\/www.dakarmania.cz\/index.php\/wp-json\/wp\/v2\/users\/1"}],"replies":[{"embeddable":true,"href":"https:\/\/www.dakarmania.cz\/index.php\/wp-json\/wp\/v2\/comments?post=14604"}],"version-history":[{"count":8,"href":"https:\/\/www.dakarmania.cz\/index.php\/wp-json\/wp\/v2\/posts\/14604\/revisions"}],"predecessor-version":[{"id":14646,"href":"https:\/\/www.dakarmania.cz\/index.php\/wp-json\/wp\/v2\/posts\/14604\/revisions\/14646"}],"wp:featuredmedia":[{"embeddable":true,"href":"https:\/\/www.dakarmania.cz\/index.php\/wp-json\/wp\/v2\/media\/14602"}],"wp:attachment":[{"href":"https:\/\/www.dakarmania.cz\/index.php\/wp-json\/wp\/v2\/media?parent=14604"}],"wp:term":[{"taxonomy":"category","embeddable":true,"href":"https:\/\/www.dakarmania.cz\/index.php\/wp-json\/wp\/v2\/categories?post=14604"},{"taxonomy":"post_tag","embeddable":true,"href":"https:\/\/www.dakarmania.cz\/index.php\/wp-json\/wp\/v2\/tags?post=14604"}],"curies":[{"name":"wp","href":"https:\/\/api.w.org\/{rel}","templated":true}]}}