{"id":14813,"date":"2020-01-14T20:41:19","date_gmt":"2020-01-14T19:41:19","guid":{"rendered":"https:\/\/www.dakarmania.cz\/?p=14813"},"modified":"2020-01-16T18:28:41","modified_gmt":"2020-01-16T17:28:41","slug":"lopraise-pribrzdil-praskly-vyfuk","status":"publish","type":"post","link":"https:\/\/www.dakarmania.cz\/index.php\/2020\/01\/14\/lopraise-pribrzdil-praskly-vyfuk\/","title":{"rendered":"Lopraisovu Pragu p\u0159ibrzdil praskl\u00fd v\u00fdfuk"},"content":{"rendered":"<p>[vc_row][vc_column][vc_column_text css_animation=&#8221;fadeIn&#8221;]<\/p>\n<h3>Po v\u010derej\u0161\u00edm \u00fasp\u011bchu m\u011bli Ale\u0161 Loprais, Khalid Alkendi a Petr Pokora na Rally Dakar v\u00fdte\u010dn\u011b rozjetou tak\u00e9 \u00fatern\u00ed etapu. Pos\u00e1dka Instaforex Loprais Teamu znovu bojovala o um\u00edst\u011bn\u00ed mezi t\u0159emi nejlep\u0161\u00edmi. Nedaleko p\u0159ed c\u00edlem v\u0161ak Pragu V4S DKR se startovn\u00edm \u010d\u00edslem 502 donutil zvolnit praskl\u00fd v\u00fdfuk.<\/h3>\n<p>[\/vc_column_text][vc_single_image image=&#8221;14812&#8243; img_size=&#8221;large&#8221; add_caption=&#8221;yes&#8221; alignment=&#8221;center&#8221; onclick=&#8221;link_image&#8221; css_animation=&#8221;fadeIn&#8221;][vc_column_text css_animation=&#8221;fadeIn&#8221;]Dev\u00e1t\u00e1 etapa zavedla \u00fa\u010dastn\u00edky <a href=\"\/index.php\/souteze\/dakar-2020\/\">Rally Dakar 2020<\/a> z Wadi Al-Dawasiru do Haradhu. Celkem m\u011b\u0159ila 886 kilometr\u016f a jej\u00ed speci\u00e1lka (410 km) nab\u00eddla kombinaci nejr\u016fzn\u011bj\u0161\u00edch ter\u00e9n\u016f. Po kamenit\u00e9m \u00favodu v ka\u0148onech a \u0159e\u010di\u0161t\u00edch n\u00e1sledovala velmi rychl\u00e1 \u010d\u00e1st a po n\u00ed techni\u010dt\u011bj\u0161\u00ed z\u00e1v\u011br.<\/p>\n<p>\u010cerveno-b\u00edlo-\u010dern\u00e1 Praga od prvn\u00edch mezi\u010das\u016f figurovala na t\u0159et\u00ed pozici za leaderem pr\u016fb\u011b\u017en\u00e9ho po\u0159ad\u00ed <a href=\"\/index.php\/osobnosti\/andrej-karginov\/\">Andrejem Karginovem<\/a> (Kamaz) a celkov\u011b t\u0159et\u00edm <a href=\"\/index.php\/osobnosti\/sergej-vjazovic\/\">Sergejem Vjazovi\u010dem<\/a> (MAZ). V c\u00edli v\u0161ak byla klasifikov\u00e1na jako \u010dtvrt\u00e1.<\/p>\n<p><em>\u201eDneska jsme m\u011bli kr\u00e1snou etapu, dr\u017eeli jsme se na t\u0159et\u00edm fleku, ale t\u0159icet kilometr\u016f p\u0159ed koncem n\u00e1m upadl v\u00fdfuk, utavil n\u00e1m jednu hadici a za\u010dala se tavit tak\u00e9 p\u00edstnice \u0159\u00edzen\u00ed,\u201c<\/em> vysv\u011btluje <strong>Ale\u0161 Loprais<\/strong>. <em>\u201eMuseli jsme zastavit. Chvilku hrozilo, \u017ee n\u00e1m to vezme ve\u0161ker\u00fd vzduch a zaseknou se brzdy. Ale nakonec to dob\u0159e dopadlo a dojeli jsme do c\u00edle. Cht\u011bli jsme v\u00edc, ale d\u00edky za to, \u017ee jsme tady a z\u016fst\u00e1v\u00e1me ve h\u0159e.\u201c<\/em>[\/vc_column_text][vc_single_image image=&#8221;14815&#8243; img_size=&#8221;large&#8221; add_caption=&#8221;yes&#8221; alignment=&#8221;center&#8221; onclick=&#8221;link_image&#8221; css_animation=&#8221;fadeIn&#8221;][vc_column_text css_animation=&#8221;fadeIn&#8221;]Pos\u00e1dka <a href=\"\/index.php\/osobnosti\/ales-loprais\/\">Loprais<\/a>, Alkendi, <a href=\"\/index.php\/osobnosti\/petr-pokora\/\">Pokora<\/a> dr\u017e\u00ed i po dev\u00e1t\u00e9 etap\u011b \u010dtvrtou pozici, na t\u0159et\u00edho Vjazovi\u010de ztr\u00e1c\u00ed hodinu a p\u011bt minut.<\/p>\n<p>Dakarsk\u00fd chl\u00e9b by se m\u011bl l\u00e1mat v n\u00e1sleduj\u00edc\u00edch dvou dnech. Z\u00edtra a poz\u00edt\u0159\u00ed pokra\u010duje Dakar 2020 tzv. maratonskou etapou, kter\u00e1 dohromady m\u011b\u0159\u00ed p\u0159es 1350 kilometr\u016f. Z\u00e1vodit se bude v pou\u0161ti Rub&#8217; al Khali, z\u00e1sadn\u00ed prov\u011brkou by m\u011bly b\u00fdt jej\u00ed dunov\u00e1 pole.<\/p>\n<p>Ve st\u0159edu je na programu des\u00e1t\u00e1 etapa dlouh\u00e1 608 kilometr\u016f, z nich\u017e 534 vyty\u010dili po\u0159adatel\u00e9 jako rychlostn\u00ed zkou\u0161ku. Z\u00e1v\u011bre\u010dn\u00fdch t\u0159icet kilometr\u016f se pojede v dun\u00e1ch. Dny v Sa\u00fadsk\u00e9 Ar\u00e1bii jsou kr\u00e1tk\u00e9. Kdo se opozd\u00ed, bude s p\u00edse\u010dn\u00fdmi kopci bojovat za tmy. V uzav\u0159en\u00e9m ve\u010dern\u00edm bivaku v Shubaytahu se z\u00e1vodn\u00edci budou muset obej\u00edt bez asistence mechanik\u016f a z\u00e1zem\u00ed sv\u00fdch t\u00fdm\u016f.<\/p>\n<p>Druhou polovinu maratonu tvo\u0159\u00ed \u010dtvrte\u010dn\u00ed etapa zp\u011bt do Haradhu. Ze 744 km se jich jako speci\u00e1lka pojede 379. Tentokr\u00e1t se bude v dun\u00e1ch za\u010d\u00ednat. Na \u00favodn\u00edch 80 kilometrech se pos\u00e1dky budou muset popasovat s nejimpozantn\u011bj\u0161\u00edmi dunami v zemi.<\/p>\n<p>Tiskov\u00e1 zpr\u00e1va Instaforex Loprais Teamu[\/vc_column_text][vc_empty_space height=&#8221;2px&#8221;][\/vc_column][\/vc_row]<\/p>\n","protected":false},"excerpt":{"rendered":"<p>Ale\u0161 Loprais, Khalid Alkendi a Petr Pokora m\u011bli na Dakaru v\u00fdte\u010dn\u011b rozjetou \u00fatern\u00ed etapu. Pos\u00e1dka Loprais Teamu bojovala o um\u00edst\u011bn\u00ed mezi t\u0159emi nejlep\u0161\u00edmi.<\/p>\n","protected":false},"author":3,"featured_media":14697,"comment_status":"open","ping_status":"closed","sticky":false,"template":"","format":"standard","meta":{"footnotes":""},"categories":[251,16,637],"tags":[903,65,8,159,1526,69,67,1557],"class_list":["post-14813","post","type-post","status-publish","format-standard","has-post-thumbnail","hentry","category-dakar-2020","category-kamion","category-tiskove-zpravy","tag-903","tag-ales-loprais","tag-dakar","tag-dakar-2020","tag-khalid-alkendi","tag-loprais-team","tag-petr-pokora","tag-praga"],"yoast_head":"<!-- This site is optimized with the Yoast SEO plugin v24.9 - https:\/\/yoast.com\/wordpress\/plugins\/seo\/ -->\n<title>Lopraisovu Pragu p\u0159ibrzdil praskl\u00fd v\u00fdfuk - DAKARMANIA.cz<\/title>\n<meta name=\"description\" content=\"Ale\u0161 Loprais, Khalid Alkendi a Petr Pokora m\u011bli na Dakaru v\u00fdte\u010dn\u011b rozjetou \u00fatern\u00ed etapu. Pos\u00e1dka Loprais Teamu bojovala o um\u00edst\u011bn\u00ed mezi t\u0159emi nejlep\u0161\u00edmi.\" \/>\n<meta name=\"robots\" content=\"index, follow, max-snippet:-1, max-image-preview:large, max-video-preview:-1\" \/>\n<link rel=\"canonical\" href=\"https:\/\/www.dakarmania.cz\/index.php\/2020\/01\/14\/lopraise-pribrzdil-praskly-vyfuk\/\" \/>\n<meta property=\"og:locale\" content=\"cs_CZ\" \/>\n<meta property=\"og:type\" content=\"article\" \/>\n<meta property=\"og:title\" content=\"Lopraisovu Pragu p\u0159ibrzdil praskl\u00fd v\u00fdfuk - DAKARMANIA.cz\" \/>\n<meta property=\"og:description\" content=\"Ale\u0161 Loprais, Khalid Alkendi a Petr Pokora m\u011bli na Dakaru v\u00fdte\u010dn\u011b rozjetou \u00fatern\u00ed etapu. Pos\u00e1dka Loprais Teamu bojovala o um\u00edst\u011bn\u00ed mezi t\u0159emi nejlep\u0161\u00edmi.\" \/>\n<meta property=\"og:url\" content=\"https:\/\/www.dakarmania.cz\/index.php\/2020\/01\/14\/lopraise-pribrzdil-praskly-vyfuk\/\" \/>\n<meta property=\"og:site_name\" content=\"DAKARMANIA.cz\" \/>\n<meta property=\"article:publisher\" content=\"https:\/\/www.facebook.com\/dakarmania\/\" \/>\n<meta property=\"article:published_time\" content=\"2020-01-14T19:41:19+00:00\" \/>\n<meta property=\"article:modified_time\" content=\"2020-01-16T17:28:41+00:00\" \/>\n<meta property=\"og:image\" content=\"https:\/\/www.dakarmania.cz\/wp-content\/uploads\/2020\/01\/20-dakar-loprais-20.jpg\" \/>\n\t<meta property=\"og:image:width\" content=\"1024\" \/>\n\t<meta property=\"og:image:height\" content=\"684\" \/>\n\t<meta property=\"og:image:type\" content=\"image\/jpeg\" \/>\n<meta name=\"author\" content=\"tiskov\u00e1 zpr\u00e1va\" \/>\n<meta name=\"twitter:card\" content=\"summary_large_image\" \/>\n<meta name=\"twitter:label1\" content=\"Napsal(a)\" \/>\n\t<meta name=\"twitter:data1\" content=\"tiskov\u00e1 zpr\u00e1va\" \/>\n\t<meta name=\"twitter:label2\" content=\"Odhadovan\u00e1 doba \u010dten\u00ed\" \/>\n\t<meta name=\"twitter:data2\" content=\"3 minuty\" \/>\n<script type=\"application\/ld+json\" class=\"yoast-schema-graph\">{\"@context\":\"https:\/\/schema.org\",\"@graph\":[{\"@type\":\"Article\",\"@id\":\"https:\/\/www.dakarmania.cz\/index.php\/2020\/01\/14\/lopraise-pribrzdil-praskly-vyfuk\/#article\",\"isPartOf\":{\"@id\":\"https:\/\/www.dakarmania.cz\/index.php\/2020\/01\/14\/lopraise-pribrzdil-praskly-vyfuk\/\"},\"author\":{\"name\":\"tiskov\u00e1 zpr\u00e1va\",\"@id\":\"https:\/\/www.dakarmania.cz\/#\/schema\/person\/bce8d1fe3633b1178e150fc5e340d5dd\"},\"headline\":\"Lopraisovu Pragu p\u0159ibrzdil praskl\u00fd v\u00fdfuk\",\"datePublished\":\"2020-01-14T19:41:19+00:00\",\"dateModified\":\"2020-01-16T17:28:41+00:00\",\"mainEntityOfPage\":{\"@id\":\"https:\/\/www.dakarmania.cz\/index.php\/2020\/01\/14\/lopraise-pribrzdil-praskly-vyfuk\/\"},\"wordCount\":557,\"commentCount\":0,\"publisher\":{\"@id\":\"https:\/\/www.dakarmania.cz\/#organization\"},\"image\":{\"@id\":\"https:\/\/www.dakarmania.cz\/index.php\/2020\/01\/14\/lopraise-pribrzdil-praskly-vyfuk\/#primaryimage\"},\"thumbnailUrl\":\"https:\/\/www.dakarmania.cz\/wp-content\/uploads\/2020\/01\/20-dakar-loprais-20.jpg\",\"keywords\":[\"2020\",\"Ale\u0161 Loprais\",\"Dakar\",\"Dakar 2020\",\"Khalid Alkendi\",\"Loprais Team\",\"Petr Pokora\",\"Praga\"],\"articleSection\":[\"Dakar 2020\",\"Kamiony\",\"Tiskov\u00e9 zpr\u00e1vy\"],\"inLanguage\":\"cs\",\"potentialAction\":[{\"@type\":\"CommentAction\",\"name\":\"Comment\",\"target\":[\"https:\/\/www.dakarmania.cz\/index.php\/2020\/01\/14\/lopraise-pribrzdil-praskly-vyfuk\/#respond\"]}]},{\"@type\":\"WebPage\",\"@id\":\"https:\/\/www.dakarmania.cz\/index.php\/2020\/01\/14\/lopraise-pribrzdil-praskly-vyfuk\/\",\"url\":\"https:\/\/www.dakarmania.cz\/index.php\/2020\/01\/14\/lopraise-pribrzdil-praskly-vyfuk\/\",\"name\":\"Lopraisovu Pragu p\u0159ibrzdil praskl\u00fd v\u00fdfuk - DAKARMANIA.cz\",\"isPartOf\":{\"@id\":\"https:\/\/www.dakarmania.cz\/#website\"},\"primaryImageOfPage\":{\"@id\":\"https:\/\/www.dakarmania.cz\/index.php\/2020\/01\/14\/lopraise-pribrzdil-praskly-vyfuk\/#primaryimage\"},\"image\":{\"@id\":\"https:\/\/www.dakarmania.cz\/index.php\/2020\/01\/14\/lopraise-pribrzdil-praskly-vyfuk\/#primaryimage\"},\"thumbnailUrl\":\"https:\/\/www.dakarmania.cz\/wp-content\/uploads\/2020\/01\/20-dakar-loprais-20.jpg\",\"datePublished\":\"2020-01-14T19:41:19+00:00\",\"dateModified\":\"2020-01-16T17:28:41+00:00\",\"description\":\"Ale\u0161 Loprais, Khalid Alkendi a Petr Pokora m\u011bli na Dakaru v\u00fdte\u010dn\u011b rozjetou \u00fatern\u00ed etapu. Pos\u00e1dka Loprais Teamu bojovala o um\u00edst\u011bn\u00ed mezi t\u0159emi nejlep\u0161\u00edmi.\",\"breadcrumb\":{\"@id\":\"https:\/\/www.dakarmania.cz\/index.php\/2020\/01\/14\/lopraise-pribrzdil-praskly-vyfuk\/#breadcrumb\"},\"inLanguage\":\"cs\",\"potentialAction\":[{\"@type\":\"ReadAction\",\"target\":[\"https:\/\/www.dakarmania.cz\/index.php\/2020\/01\/14\/lopraise-pribrzdil-praskly-vyfuk\/\"]}]},{\"@type\":\"ImageObject\",\"inLanguage\":\"cs\",\"@id\":\"https:\/\/www.dakarmania.cz\/index.php\/2020\/01\/14\/lopraise-pribrzdil-praskly-vyfuk\/#primaryimage\",\"url\":\"https:\/\/www.dakarmania.cz\/wp-content\/uploads\/2020\/01\/20-dakar-loprais-20.jpg\",\"contentUrl\":\"https:\/\/www.dakarmania.cz\/wp-content\/uploads\/2020\/01\/20-dakar-loprais-20.jpg\",\"width\":1024,\"height\":684,\"caption\":\"Praga V4S DKR, Instaforex Loprais Team. Rally Dakar 2020. \u00a9 Loprais Team\"},{\"@type\":\"BreadcrumbList\",\"@id\":\"https:\/\/www.dakarmania.cz\/index.php\/2020\/01\/14\/lopraise-pribrzdil-praskly-vyfuk\/#breadcrumb\",\"itemListElement\":[{\"@type\":\"ListItem\",\"position\":1,\"name\":\"Dom\u016f\",\"item\":\"https:\/\/www.dakarmania.cz\/\"},{\"@type\":\"ListItem\",\"position\":2,\"name\":\"Lopraisovu Pragu p\u0159ibrzdil praskl\u00fd v\u00fdfuk\"}]},{\"@type\":\"WebSite\",\"@id\":\"https:\/\/www.dakarmania.cz\/#website\",\"url\":\"https:\/\/www.dakarmania.cz\/\",\"name\":\"DAKARMANIA.cz\",\"description\":\"\u017dijeme Dakarem cel\u00fd rok\",\"publisher\":{\"@id\":\"https:\/\/www.dakarmania.cz\/#organization\"},\"potentialAction\":[{\"@type\":\"SearchAction\",\"target\":{\"@type\":\"EntryPoint\",\"urlTemplate\":\"https:\/\/www.dakarmania.cz\/?s={search_term_string}\"},\"query-input\":{\"@type\":\"PropertyValueSpecification\",\"valueRequired\":true,\"valueName\":\"search_term_string\"}}],\"inLanguage\":\"cs\"},{\"@type\":\"Organization\",\"@id\":\"https:\/\/www.dakarmania.cz\/#organization\",\"name\":\"DAKAR MANIA\",\"url\":\"https:\/\/www.dakarmania.cz\/\",\"logo\":{\"@type\":\"ImageObject\",\"inLanguage\":\"cs\",\"@id\":\"https:\/\/www.dakarmania.cz\/#\/schema\/logo\/image\/\",\"url\":\"https:\/\/www.dakarmania.cz\/wp-content\/uploads\/2018\/12\/Dakar-Mania-Logo-Square-Orange.png\",\"contentUrl\":\"https:\/\/www.dakarmania.cz\/wp-content\/uploads\/2018\/12\/Dakar-Mania-Logo-Square-Orange.png\",\"width\":992,\"height\":992,\"caption\":\"DAKAR MANIA\"},\"image\":{\"@id\":\"https:\/\/www.dakarmania.cz\/#\/schema\/logo\/image\/\"},\"sameAs\":[\"https:\/\/www.facebook.com\/dakarmania\/\"]},{\"@type\":\"Person\",\"@id\":\"https:\/\/www.dakarmania.cz\/#\/schema\/person\/bce8d1fe3633b1178e150fc5e340d5dd\",\"name\":\"tiskov\u00e1 zpr\u00e1va\",\"image\":{\"@type\":\"ImageObject\",\"inLanguage\":\"cs\",\"@id\":\"https:\/\/www.dakarmania.cz\/#\/schema\/person\/image\/\",\"url\":\"https:\/\/secure.gravatar.com\/avatar\/19aefcb6c7bfae691fca4d805686c670f59bb4f7414c7b398b88dc9c8f4e96d5?s=96&d=mm&r=g\",\"contentUrl\":\"https:\/\/secure.gravatar.com\/avatar\/19aefcb6c7bfae691fca4d805686c670f59bb4f7414c7b398b88dc9c8f4e96d5?s=96&d=mm&r=g\",\"caption\":\"tiskov\u00e1 zpr\u00e1va\"},\"url\":\"https:\/\/www.dakarmania.cz\/index.php\/author\/tiskovezpravy\/\"}]}<\/script>\n<!-- \/ Yoast SEO plugin. -->","yoast_head_json":{"title":"Lopraisovu Pragu p\u0159ibrzdil praskl\u00fd v\u00fdfuk - DAKARMANIA.cz","description":"Ale\u0161 Loprais, Khalid Alkendi a Petr Pokora m\u011bli na Dakaru v\u00fdte\u010dn\u011b rozjetou \u00fatern\u00ed etapu. Pos\u00e1dka Loprais Teamu bojovala o um\u00edst\u011bn\u00ed mezi t\u0159emi nejlep\u0161\u00edmi.","robots":{"index":"index","follow":"follow","max-snippet":"max-snippet:-1","max-image-preview":"max-image-preview:large","max-video-preview":"max-video-preview:-1"},"canonical":"https:\/\/www.dakarmania.cz\/index.php\/2020\/01\/14\/lopraise-pribrzdil-praskly-vyfuk\/","og_locale":"cs_CZ","og_type":"article","og_title":"Lopraisovu Pragu p\u0159ibrzdil praskl\u00fd v\u00fdfuk - DAKARMANIA.cz","og_description":"Ale\u0161 Loprais, Khalid Alkendi a Petr Pokora m\u011bli na Dakaru v\u00fdte\u010dn\u011b rozjetou \u00fatern\u00ed etapu. Pos\u00e1dka Loprais Teamu bojovala o um\u00edst\u011bn\u00ed mezi t\u0159emi nejlep\u0161\u00edmi.","og_url":"https:\/\/www.dakarmania.cz\/index.php\/2020\/01\/14\/lopraise-pribrzdil-praskly-vyfuk\/","og_site_name":"DAKARMANIA.cz","article_publisher":"https:\/\/www.facebook.com\/dakarmania\/","article_published_time":"2020-01-14T19:41:19+00:00","article_modified_time":"2020-01-16T17:28:41+00:00","og_image":[{"width":1024,"height":684,"url":"https:\/\/www.dakarmania.cz\/wp-content\/uploads\/2020\/01\/20-dakar-loprais-20.jpg","type":"image\/jpeg"}],"author":"tiskov\u00e1 zpr\u00e1va","twitter_card":"summary_large_image","twitter_misc":{"Napsal(a)":"tiskov\u00e1 zpr\u00e1va","Odhadovan\u00e1 doba \u010dten\u00ed":"3 minuty"},"schema":{"@context":"https:\/\/schema.org","@graph":[{"@type":"Article","@id":"https:\/\/www.dakarmania.cz\/index.php\/2020\/01\/14\/lopraise-pribrzdil-praskly-vyfuk\/#article","isPartOf":{"@id":"https:\/\/www.dakarmania.cz\/index.php\/2020\/01\/14\/lopraise-pribrzdil-praskly-vyfuk\/"},"author":{"name":"tiskov\u00e1 zpr\u00e1va","@id":"https:\/\/www.dakarmania.cz\/#\/schema\/person\/bce8d1fe3633b1178e150fc5e340d5dd"},"headline":"Lopraisovu Pragu p\u0159ibrzdil praskl\u00fd v\u00fdfuk","datePublished":"2020-01-14T19:41:19+00:00","dateModified":"2020-01-16T17:28:41+00:00","mainEntityOfPage":{"@id":"https:\/\/www.dakarmania.cz\/index.php\/2020\/01\/14\/lopraise-pribrzdil-praskly-vyfuk\/"},"wordCount":557,"commentCount":0,"publisher":{"@id":"https:\/\/www.dakarmania.cz\/#organization"},"image":{"@id":"https:\/\/www.dakarmania.cz\/index.php\/2020\/01\/14\/lopraise-pribrzdil-praskly-vyfuk\/#primaryimage"},"thumbnailUrl":"https:\/\/www.dakarmania.cz\/wp-content\/uploads\/2020\/01\/20-dakar-loprais-20.jpg","keywords":["2020","Ale\u0161 Loprais","Dakar","Dakar 2020","Khalid Alkendi","Loprais Team","Petr Pokora","Praga"],"articleSection":["Dakar 2020","Kamiony","Tiskov\u00e9 zpr\u00e1vy"],"inLanguage":"cs","potentialAction":[{"@type":"CommentAction","name":"Comment","target":["https:\/\/www.dakarmania.cz\/index.php\/2020\/01\/14\/lopraise-pribrzdil-praskly-vyfuk\/#respond"]}]},{"@type":"WebPage","@id":"https:\/\/www.dakarmania.cz\/index.php\/2020\/01\/14\/lopraise-pribrzdil-praskly-vyfuk\/","url":"https:\/\/www.dakarmania.cz\/index.php\/2020\/01\/14\/lopraise-pribrzdil-praskly-vyfuk\/","name":"Lopraisovu Pragu p\u0159ibrzdil praskl\u00fd v\u00fdfuk - DAKARMANIA.cz","isPartOf":{"@id":"https:\/\/www.dakarmania.cz\/#website"},"primaryImageOfPage":{"@id":"https:\/\/www.dakarmania.cz\/index.php\/2020\/01\/14\/lopraise-pribrzdil-praskly-vyfuk\/#primaryimage"},"image":{"@id":"https:\/\/www.dakarmania.cz\/index.php\/2020\/01\/14\/lopraise-pribrzdil-praskly-vyfuk\/#primaryimage"},"thumbnailUrl":"https:\/\/www.dakarmania.cz\/wp-content\/uploads\/2020\/01\/20-dakar-loprais-20.jpg","datePublished":"2020-01-14T19:41:19+00:00","dateModified":"2020-01-16T17:28:41+00:00","description":"Ale\u0161 Loprais, Khalid Alkendi a Petr Pokora m\u011bli na Dakaru v\u00fdte\u010dn\u011b rozjetou \u00fatern\u00ed etapu. Pos\u00e1dka Loprais Teamu bojovala o um\u00edst\u011bn\u00ed mezi t\u0159emi nejlep\u0161\u00edmi.","breadcrumb":{"@id":"https:\/\/www.dakarmania.cz\/index.php\/2020\/01\/14\/lopraise-pribrzdil-praskly-vyfuk\/#breadcrumb"},"inLanguage":"cs","potentialAction":[{"@type":"ReadAction","target":["https:\/\/www.dakarmania.cz\/index.php\/2020\/01\/14\/lopraise-pribrzdil-praskly-vyfuk\/"]}]},{"@type":"ImageObject","inLanguage":"cs","@id":"https:\/\/www.dakarmania.cz\/index.php\/2020\/01\/14\/lopraise-pribrzdil-praskly-vyfuk\/#primaryimage","url":"https:\/\/www.dakarmania.cz\/wp-content\/uploads\/2020\/01\/20-dakar-loprais-20.jpg","contentUrl":"https:\/\/www.dakarmania.cz\/wp-content\/uploads\/2020\/01\/20-dakar-loprais-20.jpg","width":1024,"height":684,"caption":"Praga V4S DKR, Instaforex Loprais Team. Rally Dakar 2020. \u00a9 Loprais Team"},{"@type":"BreadcrumbList","@id":"https:\/\/www.dakarmania.cz\/index.php\/2020\/01\/14\/lopraise-pribrzdil-praskly-vyfuk\/#breadcrumb","itemListElement":[{"@type":"ListItem","position":1,"name":"Dom\u016f","item":"https:\/\/www.dakarmania.cz\/"},{"@type":"ListItem","position":2,"name":"Lopraisovu Pragu p\u0159ibrzdil praskl\u00fd v\u00fdfuk"}]},{"@type":"WebSite","@id":"https:\/\/www.dakarmania.cz\/#website","url":"https:\/\/www.dakarmania.cz\/","name":"DAKARMANIA.cz","description":"\u017dijeme Dakarem cel\u00fd rok","publisher":{"@id":"https:\/\/www.dakarmania.cz\/#organization"},"potentialAction":[{"@type":"SearchAction","target":{"@type":"EntryPoint","urlTemplate":"https:\/\/www.dakarmania.cz\/?s={search_term_string}"},"query-input":{"@type":"PropertyValueSpecification","valueRequired":true,"valueName":"search_term_string"}}],"inLanguage":"cs"},{"@type":"Organization","@id":"https:\/\/www.dakarmania.cz\/#organization","name":"DAKAR MANIA","url":"https:\/\/www.dakarmania.cz\/","logo":{"@type":"ImageObject","inLanguage":"cs","@id":"https:\/\/www.dakarmania.cz\/#\/schema\/logo\/image\/","url":"https:\/\/www.dakarmania.cz\/wp-content\/uploads\/2018\/12\/Dakar-Mania-Logo-Square-Orange.png","contentUrl":"https:\/\/www.dakarmania.cz\/wp-content\/uploads\/2018\/12\/Dakar-Mania-Logo-Square-Orange.png","width":992,"height":992,"caption":"DAKAR MANIA"},"image":{"@id":"https:\/\/www.dakarmania.cz\/#\/schema\/logo\/image\/"},"sameAs":["https:\/\/www.facebook.com\/dakarmania\/"]},{"@type":"Person","@id":"https:\/\/www.dakarmania.cz\/#\/schema\/person\/bce8d1fe3633b1178e150fc5e340d5dd","name":"tiskov\u00e1 zpr\u00e1va","image":{"@type":"ImageObject","inLanguage":"cs","@id":"https:\/\/www.dakarmania.cz\/#\/schema\/person\/image\/","url":"https:\/\/secure.gravatar.com\/avatar\/19aefcb6c7bfae691fca4d805686c670f59bb4f7414c7b398b88dc9c8f4e96d5?s=96&d=mm&r=g","contentUrl":"https:\/\/secure.gravatar.com\/avatar\/19aefcb6c7bfae691fca4d805686c670f59bb4f7414c7b398b88dc9c8f4e96d5?s=96&d=mm&r=g","caption":"tiskov\u00e1 zpr\u00e1va"},"url":"https:\/\/www.dakarmania.cz\/index.php\/author\/tiskovezpravy\/"}]}},"amp_enabled":true,"_links":{"self":[{"href":"https:\/\/www.dakarmania.cz\/index.php\/wp-json\/wp\/v2\/posts\/14813","targetHints":{"allow":["GET"]}}],"collection":[{"href":"https:\/\/www.dakarmania.cz\/index.php\/wp-json\/wp\/v2\/posts"}],"about":[{"href":"https:\/\/www.dakarmania.cz\/index.php\/wp-json\/wp\/v2\/types\/post"}],"author":[{"embeddable":true,"href":"https:\/\/www.dakarmania.cz\/index.php\/wp-json\/wp\/v2\/users\/3"}],"replies":[{"embeddable":true,"href":"https:\/\/www.dakarmania.cz\/index.php\/wp-json\/wp\/v2\/comments?post=14813"}],"version-history":[{"count":3,"href":"https:\/\/www.dakarmania.cz\/index.php\/wp-json\/wp\/v2\/posts\/14813\/revisions"}],"predecessor-version":[{"id":14817,"href":"https:\/\/www.dakarmania.cz\/index.php\/wp-json\/wp\/v2\/posts\/14813\/revisions\/14817"}],"wp:featuredmedia":[{"embeddable":true,"href":"https:\/\/www.dakarmania.cz\/index.php\/wp-json\/wp\/v2\/media\/14697"}],"wp:attachment":[{"href":"https:\/\/www.dakarmania.cz\/index.php\/wp-json\/wp\/v2\/media?parent=14813"}],"wp:term":[{"taxonomy":"category","embeddable":true,"href":"https:\/\/www.dakarmania.cz\/index.php\/wp-json\/wp\/v2\/categories?post=14813"},{"taxonomy":"post_tag","embeddable":true,"href":"https:\/\/www.dakarmania.cz\/index.php\/wp-json\/wp\/v2\/tags?post=14813"}],"curies":[{"name":"wp","href":"https:\/\/api.w.org\/{rel}","templated":true}]}}