{"id":14844,"date":"2020-01-14T23:08:03","date_gmt":"2020-01-14T22:08:03","guid":{"rendered":"https:\/\/www.dakarmania.cz\/?p=14844"},"modified":"2020-10-06T17:16:48","modified_gmt":"2020-10-06T15:16:48","slug":"dakar-2020-tuma-bliz-top-10","status":"publish","type":"post","link":"https:\/\/www.dakarmania.cz\/index.php\/2020\/01\/14\/dakar-2020-tuma-bliz-top-10\/","title":{"rendered":"Dakar 2020: T\u016fma se p\u0159ibl\u00ed\u017eil prvn\u00ed des\u00edtce"},"content":{"rendered":"<p>[vc_row][vc_column][vc_column_text css_animation=&#8221;fadeIn&#8221;]<\/p>\n<h3>Zden\u011bk T\u016fma dok\u00e1zal v dev\u00e1t\u00e9 etap\u011b Rally Dakar 2020 sn\u00ed\u017eit na polovinu sv\u016fj odstup od Martina Sarquize a p\u0159ed t\u0159emi z\u00e1v\u011bre\u010dn\u00fdmi dny sout\u011b\u017ee jej od pr\u016fb\u011b\u017en\u011b des\u00e1t\u00e9ho Argentince d\u011bl\u00ed 51 minut.<\/h3>\n<p>[\/vc_column_text][vc_single_image image=&#8221;14842&#8243; img_size=&#8221;large&#8221; add_caption=&#8221;yes&#8221; alignment=&#8221;center&#8221; onclick=&#8221;link_image&#8221; css_animation=&#8221;fadeIn&#8221;][vc_column_text css_animation=&#8221;fadeIn&#8221;]V etap\u011b z Wadi Al-Dawasiru do Haradhu se Zden\u011bk T\u016fma podruh\u00e9 v pr\u016fb\u011bhu <a href=\"\/index.php\/souteze\/dakar-2020\/\">Dakaru 2020<\/a> prosadil do prvn\u00ed des\u00edtky. \u010ceskokrumlovsk\u00e9ho rod\u00e1ka t\u011b\u0161il hlavn\u011b nevelk\u00fd odstup od <a href=\"\/index.php\/osobnosti\/ignacio-casale\/\">Ignacia Casaleho<\/a>.<\/p>\n<p><em>\u201eM\u00e1m radost, \u017ee jsem i p\u0159es drobn\u00e9 probl\u00e9my s vyfoukl\u00fdm kolem dojel jen t\u0159in\u00e1ct minut za v\u00edt\u011bzem. To je super \u010das, t\u00e9m\u011b\u0159 v\u0161echno si sedlo,\u201c<\/em> pochvaluje si <strong>Zden\u011bk T\u016fma<\/strong>. <em>\u201eJen v prvn\u00ed \u010d\u00e1sti jsem si v jedn\u00e9 prohlubni narazil r\u00e1fek p\u0159edn\u00edho kola a uch\u00e1zela mi pneumatika. Na\u0161t\u011bst\u00ed nebyla prora\u017een\u00e1 a sta\u010dilo ji jen dofouknout.\u201c<\/em><\/p>\n<p><em>\u201eTe\u010f n\u00e1s \u010dekaj\u00ed je\u0161t\u011b dv\u011b maratonsk\u00e9 etapy,\u201c<\/em> p\u0159ipom\u00edn\u00e1 jezdec t\u00fdmu Barth Racing. <em>\u201eOp\u0159u se do toho a uvid\u00edm, co mi podm\u00ednky dovol\u00ed. Osobn\u011b se c\u00edt\u00edm dob\u0159e. T\u011blo u\u017e je sice unaven\u00e9, ale nen\u00ed to nic, co by m\u011b m\u011blo zastavit.\u201c<\/em>[\/vc_column_text][vc_column_text css_animation=&#8221;fadeIn&#8221; css=&#8221;.vc_custom_1579053899940{padding-top: 10px !important;padding-right: 10px !important;padding-bottom: 20px !important;padding-left: 10px !important;background-color: #dbd9d9 !important;}&#8221;]<strong>Dal\u0161\u00ed kategorie:<\/strong><\/p>\n<p><a href=\"\/index.php\/2020\/01\/14\/dakar-2020-loprais-se-doplouzil\/\"><strong>&gt; KAMIONY:<\/strong> Loprais se do c\u00edle doplou\u017eil, p\u0159esto je \u010dtvrt\u00fd<\/a><br \/>\n<a href=\"\/index.php\/2020\/01\/14\/dakar-2020-al-attiyah-smazal-naskok\/\"><strong>&gt; AUTO:<\/strong> Al-Attiyah smazal Sainz\u016fv n\u00e1skok. Alonso u\u017e des\u00e1t\u00fd<\/a><br \/>\n<a href=\"\/index.php\/2020\/01\/14\/dakar-2020-michek-zvysil-naskok\/\"><strong>&gt; MOTO:<\/strong> Michek zv\u00fd\u0161il n\u00e1skok navzdory p\u00e1du. Poprv\u00e9 vyhr\u00e1l Quintanilla<\/a>[\/vc_column_text][vc_column_text css_animation=&#8221;fadeIn&#8221;]<a href=\"\/index.php\/osobnosti\/tomas-kubiena\/\">Tom\u00e1\u0161 Kubiena<\/a> se po v\u00fdm\u011bn\u011b motoru vr\u00e1til do akce v ned\u011bli v r\u00e1mci Dakar Experience. Jezdec t\u00fdmu Orion \u2013 Moto Racing Group tak u\u017e nen\u00ed zahrnut v celkov\u00e9m po\u0159ad\u00ed a sb\u00edr\u00e1 hlavn\u011b zku\u0161enosti pro dal\u0161\u00ed dakarsk\u00e9 ro\u010dn\u00edky, kter\u00e9 se Arabsk\u00e9m poloostrov\u011b pojedou.[\/vc_column_text][vc_single_image image=&#8221;14841&#8243; img_size=&#8221;large&#8221; add_caption=&#8221;yes&#8221; alignment=&#8221;center&#8221; onclick=&#8221;link_image&#8221; css_animation=&#8221;fadeIn&#8221;][vc_column_text css_animation=&#8221;fadeIn&#8221;]V dev\u00e1t\u00e9 etap\u011b do Haradhu op\u011bt p\u0159edvedl, \u017ee mu rychlost rozhodn\u011b nechyb\u00ed. S \u0161estiminutov\u00fdm odstupem od dvojice Ignacio Casale, Giovanni Enrico byl t\u0159et\u00ed.<\/p>\n<p>Chilan Casale vyhr\u00e1l \u010dty\u0159i z osmi dosud odjet\u00fdch etap a v pr\u016fb\u011b\u017en\u00e9m po\u0159ad\u00ed vede o 44 minut p\u0159ed Francouzem Simonem Vitsem.[\/vc_column_text][vc_column_text css_animation=&#8221;fadeIn&#8221;]<\/p>\n<table style=\"width: 97.7654%;\" rules=\"rows\" cellpadding=\"4px\">\n<tbody>\n<tr style=\"background-color: #9e9d9d; color: white;\">\n<td style=\"text-align: center;\" colspan=\"4\"><span style=\"font-size: 10pt;\"><strong>Rally Dakar 2020<br \/>\n\u010cTY\u0158KOLKY<br \/>\npr\u016fb\u011b\u017en\u00e9 po\u0159ad\u00ed po 9. etap\u011b<\/strong><\/span><\/td>\n<\/tr>\n<tr style=\"background-color: #dbd9d9;\">\n<td>1.<\/td>\n<td>Ignacio Casale<\/td>\n<td>Yamaha Raptor 700<\/td>\n<td style=\"text-align: right;\">40:52:23<\/td>\n<\/tr>\n<tr style=\"background-color: #f2f2f2;\">\n<td>2.<\/td>\n<td>Simon Vitse<\/td>\n<td>Yamaha Raptor 700<\/td>\n<td style=\"text-align: right;\">+44:57<\/td>\n<\/tr>\n<tr style=\"background-color: #dbd9d9;\">\n<td>3.<\/td>\n<td>Rafa\u0142 Sonik<\/td>\n<td>Yamaha Raptor 700<\/td>\n<td style=\"text-align: right;\">+1:32:33<\/td>\n<\/tr>\n<tr style=\"background-color: #f2f2f2;\">\n<td>11.<\/td>\n<td>Zden\u011bk T\u016fma<\/td>\n<td>Yamaha Raptor 700<\/td>\n<td style=\"text-align: right;\">+15:39:02<\/td>\n<\/tr>\n<\/tbody>\n<\/table>\n<p>[\/vc_column_text][vc_empty_space height=&#8221;2px&#8221;][\/vc_column][\/vc_row]<\/p>\n","protected":false},"excerpt":{"rendered":"<p>Zden\u011bk T\u016fma dok\u00e1zal v dev\u00e1t\u00e9 etap\u011b Rally Dakar 2020 sn\u00ed\u017eit na polovinu sv\u016fj odstup od Martina Sarquize a od pr\u016fb\u011b\u017en\u011b des\u00e1t\u00e9ho Argentince jej d\u011bl\u00ed 51 minut.<\/p>\n","protected":false},"author":1,"featured_media":14842,"comment_status":"open","ping_status":"closed","sticky":false,"template":"","format":"standard","meta":{"footnotes":""},"categories":[251,15],"tags":[903,1626,8,159,1682,1681,74,75,894,72,168,683],"class_list":["post-14844","post","type-post","status-publish","format-standard","has-post-thumbnail","hentry","category-dakar-2020","category-moto-quad","tag-903","tag-barth-racing","tag-dakar","tag-dakar-2020","tag-giovanni-enrico","tag-martin-sarquiz","tag-moto-racing-group","tag-mrg","tag-simon-vitse","tag-tomas-kubiena","tag-yamaha","tag-zdenek-tuma"],"yoast_head":"<!-- This site is optimized with the Yoast SEO plugin v24.9 - https:\/\/yoast.com\/wordpress\/plugins\/seo\/ -->\n<title>Dakar 2020: T\u016fma se p\u0159ibl\u00ed\u017eil prvn\u00ed des\u00edtce - DAKARMANIA.cz<\/title>\n<meta name=\"description\" content=\"Zden\u011bk T\u016fma dok\u00e1zal v dev\u00e1t\u00e9 etap\u011b Rally Dakar 2020 sn\u00ed\u017eit na polovinu sv\u016fj odstup od Martina Sarquize a od pr\u016fb\u011b\u017en\u011b des\u00e1t\u00e9ho Argentince jej d\u011bl\u00ed 51 minut.\" \/>\n<meta name=\"robots\" content=\"index, follow, max-snippet:-1, max-image-preview:large, max-video-preview:-1\" \/>\n<link rel=\"canonical\" href=\"https:\/\/www.dakarmania.cz\/index.php\/2020\/01\/14\/dakar-2020-tuma-bliz-top-10\/\" \/>\n<meta property=\"og:locale\" content=\"cs_CZ\" \/>\n<meta property=\"og:type\" content=\"article\" \/>\n<meta property=\"og:title\" content=\"Dakar 2020: T\u016fma se p\u0159ibl\u00ed\u017eil prvn\u00ed des\u00edtce - DAKARMANIA.cz\" \/>\n<meta property=\"og:description\" content=\"Zden\u011bk T\u016fma dok\u00e1zal v dev\u00e1t\u00e9 etap\u011b Rally Dakar 2020 sn\u00ed\u017eit na polovinu sv\u016fj odstup od Martina Sarquize a od pr\u016fb\u011b\u017en\u011b des\u00e1t\u00e9ho Argentince jej d\u011bl\u00ed 51 minut.\" \/>\n<meta property=\"og:url\" content=\"https:\/\/www.dakarmania.cz\/index.php\/2020\/01\/14\/dakar-2020-tuma-bliz-top-10\/\" \/>\n<meta property=\"og:site_name\" content=\"DAKARMANIA.cz\" \/>\n<meta property=\"article:publisher\" content=\"https:\/\/www.facebook.com\/dakarmania\/\" \/>\n<meta property=\"article:published_time\" content=\"2020-01-14T22:08:03+00:00\" \/>\n<meta property=\"article:modified_time\" content=\"2020-10-06T15:16:48+00:00\" \/>\n<meta property=\"og:image\" content=\"https:\/\/www.dakarmania.cz\/wp-content\/uploads\/2020\/01\/20-dakar-tuma-04.jpg\" \/>\n\t<meta property=\"og:image:width\" content=\"1024\" \/>\n\t<meta property=\"og:image:height\" content=\"682\" \/>\n\t<meta property=\"og:image:type\" content=\"image\/jpeg\" \/>\n<meta name=\"author\" content=\"Zden\u011bk Zelenka\" \/>\n<meta name=\"twitter:card\" content=\"summary_large_image\" \/>\n<meta name=\"twitter:label1\" content=\"Napsal(a)\" \/>\n\t<meta name=\"twitter:data1\" content=\"Zden\u011bk Zelenka\" \/>\n\t<meta name=\"twitter:label2\" content=\"Odhadovan\u00e1 doba \u010dten\u00ed\" \/>\n\t<meta name=\"twitter:data2\" content=\"3 minuty\" \/>\n<script type=\"application\/ld+json\" class=\"yoast-schema-graph\">{\"@context\":\"https:\/\/schema.org\",\"@graph\":[{\"@type\":\"Article\",\"@id\":\"https:\/\/www.dakarmania.cz\/index.php\/2020\/01\/14\/dakar-2020-tuma-bliz-top-10\/#article\",\"isPartOf\":{\"@id\":\"https:\/\/www.dakarmania.cz\/index.php\/2020\/01\/14\/dakar-2020-tuma-bliz-top-10\/\"},\"author\":{\"name\":\"Zden\u011bk Zelenka\",\"@id\":\"https:\/\/www.dakarmania.cz\/#\/schema\/person\/04eb0e87a389631c2169c0dddae7ff1e\"},\"headline\":\"Dakar 2020: T\u016fma se p\u0159ibl\u00ed\u017eil prvn\u00ed des\u00edtce\",\"datePublished\":\"2020-01-14T22:08:03+00:00\",\"dateModified\":\"2020-10-06T15:16:48+00:00\",\"mainEntityOfPage\":{\"@id\":\"https:\/\/www.dakarmania.cz\/index.php\/2020\/01\/14\/dakar-2020-tuma-bliz-top-10\/\"},\"wordCount\":521,\"commentCount\":0,\"publisher\":{\"@id\":\"https:\/\/www.dakarmania.cz\/#organization\"},\"image\":{\"@id\":\"https:\/\/www.dakarmania.cz\/index.php\/2020\/01\/14\/dakar-2020-tuma-bliz-top-10\/#primaryimage\"},\"thumbnailUrl\":\"https:\/\/www.dakarmania.cz\/wp-content\/uploads\/2020\/01\/20-dakar-tuma-04.jpg\",\"keywords\":[\"2020\",\"Barth Racing\",\"Dakar\",\"Dakar 2020\",\"Giovanni Enrico\",\"Martin Sarquiz\",\"Moto Racing Group\",\"MRG\",\"Simon Vitse\",\"Tom\u00e1\u0161 Kubiena\",\"Yamaha\",\"Zden\u011bk T\u016fma\"],\"articleSection\":[\"Dakar 2020\",\"Moto\/Quad\"],\"inLanguage\":\"cs\",\"potentialAction\":[{\"@type\":\"CommentAction\",\"name\":\"Comment\",\"target\":[\"https:\/\/www.dakarmania.cz\/index.php\/2020\/01\/14\/dakar-2020-tuma-bliz-top-10\/#respond\"]}]},{\"@type\":\"WebPage\",\"@id\":\"https:\/\/www.dakarmania.cz\/index.php\/2020\/01\/14\/dakar-2020-tuma-bliz-top-10\/\",\"url\":\"https:\/\/www.dakarmania.cz\/index.php\/2020\/01\/14\/dakar-2020-tuma-bliz-top-10\/\",\"name\":\"Dakar 2020: T\u016fma se p\u0159ibl\u00ed\u017eil prvn\u00ed des\u00edtce - DAKARMANIA.cz\",\"isPartOf\":{\"@id\":\"https:\/\/www.dakarmania.cz\/#website\"},\"primaryImageOfPage\":{\"@id\":\"https:\/\/www.dakarmania.cz\/index.php\/2020\/01\/14\/dakar-2020-tuma-bliz-top-10\/#primaryimage\"},\"image\":{\"@id\":\"https:\/\/www.dakarmania.cz\/index.php\/2020\/01\/14\/dakar-2020-tuma-bliz-top-10\/#primaryimage\"},\"thumbnailUrl\":\"https:\/\/www.dakarmania.cz\/wp-content\/uploads\/2020\/01\/20-dakar-tuma-04.jpg\",\"datePublished\":\"2020-01-14T22:08:03+00:00\",\"dateModified\":\"2020-10-06T15:16:48+00:00\",\"description\":\"Zden\u011bk T\u016fma dok\u00e1zal v dev\u00e1t\u00e9 etap\u011b Rally Dakar 2020 sn\u00ed\u017eit na polovinu sv\u016fj odstup od Martina Sarquize a od pr\u016fb\u011b\u017en\u011b des\u00e1t\u00e9ho Argentince jej d\u011bl\u00ed 51 minut.\",\"breadcrumb\":{\"@id\":\"https:\/\/www.dakarmania.cz\/index.php\/2020\/01\/14\/dakar-2020-tuma-bliz-top-10\/#breadcrumb\"},\"inLanguage\":\"cs\",\"potentialAction\":[{\"@type\":\"ReadAction\",\"target\":[\"https:\/\/www.dakarmania.cz\/index.php\/2020\/01\/14\/dakar-2020-tuma-bliz-top-10\/\"]}]},{\"@type\":\"ImageObject\",\"inLanguage\":\"cs\",\"@id\":\"https:\/\/www.dakarmania.cz\/index.php\/2020\/01\/14\/dakar-2020-tuma-bliz-top-10\/#primaryimage\",\"url\":\"https:\/\/www.dakarmania.cz\/wp-content\/uploads\/2020\/01\/20-dakar-tuma-04.jpg\",\"contentUrl\":\"https:\/\/www.dakarmania.cz\/wp-content\/uploads\/2020\/01\/20-dakar-tuma-04.jpg\",\"width\":1024,\"height\":682,\"caption\":\"Zden\u011bk T\u016fma, Yamaha Raptor, Barth Racing. Rally Dakar 2020. \u00a9 Barth Racing\"},{\"@type\":\"BreadcrumbList\",\"@id\":\"https:\/\/www.dakarmania.cz\/index.php\/2020\/01\/14\/dakar-2020-tuma-bliz-top-10\/#breadcrumb\",\"itemListElement\":[{\"@type\":\"ListItem\",\"position\":1,\"name\":\"Dom\u016f\",\"item\":\"https:\/\/www.dakarmania.cz\/\"},{\"@type\":\"ListItem\",\"position\":2,\"name\":\"Dakar 2020: T\u016fma se p\u0159ibl\u00ed\u017eil prvn\u00ed des\u00edtce\"}]},{\"@type\":\"WebSite\",\"@id\":\"https:\/\/www.dakarmania.cz\/#website\",\"url\":\"https:\/\/www.dakarmania.cz\/\",\"name\":\"DAKARMANIA.cz\",\"description\":\"\u017dijeme Dakarem cel\u00fd rok\",\"publisher\":{\"@id\":\"https:\/\/www.dakarmania.cz\/#organization\"},\"potentialAction\":[{\"@type\":\"SearchAction\",\"target\":{\"@type\":\"EntryPoint\",\"urlTemplate\":\"https:\/\/www.dakarmania.cz\/?s={search_term_string}\"},\"query-input\":{\"@type\":\"PropertyValueSpecification\",\"valueRequired\":true,\"valueName\":\"search_term_string\"}}],\"inLanguage\":\"cs\"},{\"@type\":\"Organization\",\"@id\":\"https:\/\/www.dakarmania.cz\/#organization\",\"name\":\"DAKAR MANIA\",\"url\":\"https:\/\/www.dakarmania.cz\/\",\"logo\":{\"@type\":\"ImageObject\",\"inLanguage\":\"cs\",\"@id\":\"https:\/\/www.dakarmania.cz\/#\/schema\/logo\/image\/\",\"url\":\"https:\/\/www.dakarmania.cz\/wp-content\/uploads\/2018\/12\/Dakar-Mania-Logo-Square-Orange.png\",\"contentUrl\":\"https:\/\/www.dakarmania.cz\/wp-content\/uploads\/2018\/12\/Dakar-Mania-Logo-Square-Orange.png\",\"width\":992,\"height\":992,\"caption\":\"DAKAR MANIA\"},\"image\":{\"@id\":\"https:\/\/www.dakarmania.cz\/#\/schema\/logo\/image\/\"},\"sameAs\":[\"https:\/\/www.facebook.com\/dakarmania\/\"]},{\"@type\":\"Person\",\"@id\":\"https:\/\/www.dakarmania.cz\/#\/schema\/person\/04eb0e87a389631c2169c0dddae7ff1e\",\"name\":\"Zden\u011bk Zelenka\",\"image\":{\"@type\":\"ImageObject\",\"inLanguage\":\"cs\",\"@id\":\"https:\/\/www.dakarmania.cz\/#\/schema\/person\/image\/\",\"url\":\"https:\/\/secure.gravatar.com\/avatar\/2c80d5a4942fe0900b73cc7d3837a509d6ee0a276a2b76dac95c92bd0763a89b?s=96&d=mm&r=g\",\"contentUrl\":\"https:\/\/secure.gravatar.com\/avatar\/2c80d5a4942fe0900b73cc7d3837a509d6ee0a276a2b76dac95c92bd0763a89b?s=96&d=mm&r=g\",\"caption\":\"Zden\u011bk Zelenka\"},\"description\":\"Moji d\u011bt\u0161t\u00ed hrdinov\u00e9 se jmenovali Loprais, Moskal, Neveu, Vatanen, Rahier... A tihle borci, jejich n\u00e1sledovn\u00edci a jejich p\u0159\u00edb\u011bhy m\u011b nep\u0159estali fascinovat ani po letech, kdy jsem vyrostl a zam\u011bstn\u00e1valy m\u011b jin\u00e9 discipl\u00edny motorsportu. Proto se zrodila DAKARMANIA.\",\"url\":\"https:\/\/www.dakarmania.cz\/index.php\/author\/dakarmania\/\"}]}<\/script>\n<!-- \/ Yoast SEO plugin. -->","yoast_head_json":{"title":"Dakar 2020: T\u016fma se p\u0159ibl\u00ed\u017eil prvn\u00ed des\u00edtce - DAKARMANIA.cz","description":"Zden\u011bk T\u016fma dok\u00e1zal v dev\u00e1t\u00e9 etap\u011b Rally Dakar 2020 sn\u00ed\u017eit na polovinu sv\u016fj odstup od Martina Sarquize a od pr\u016fb\u011b\u017en\u011b des\u00e1t\u00e9ho Argentince jej d\u011bl\u00ed 51 minut.","robots":{"index":"index","follow":"follow","max-snippet":"max-snippet:-1","max-image-preview":"max-image-preview:large","max-video-preview":"max-video-preview:-1"},"canonical":"https:\/\/www.dakarmania.cz\/index.php\/2020\/01\/14\/dakar-2020-tuma-bliz-top-10\/","og_locale":"cs_CZ","og_type":"article","og_title":"Dakar 2020: T\u016fma se p\u0159ibl\u00ed\u017eil prvn\u00ed des\u00edtce - DAKARMANIA.cz","og_description":"Zden\u011bk T\u016fma dok\u00e1zal v dev\u00e1t\u00e9 etap\u011b Rally Dakar 2020 sn\u00ed\u017eit na polovinu sv\u016fj odstup od Martina Sarquize a od pr\u016fb\u011b\u017en\u011b des\u00e1t\u00e9ho Argentince jej d\u011bl\u00ed 51 minut.","og_url":"https:\/\/www.dakarmania.cz\/index.php\/2020\/01\/14\/dakar-2020-tuma-bliz-top-10\/","og_site_name":"DAKARMANIA.cz","article_publisher":"https:\/\/www.facebook.com\/dakarmania\/","article_published_time":"2020-01-14T22:08:03+00:00","article_modified_time":"2020-10-06T15:16:48+00:00","og_image":[{"width":1024,"height":682,"url":"https:\/\/www.dakarmania.cz\/wp-content\/uploads\/2020\/01\/20-dakar-tuma-04.jpg","type":"image\/jpeg"}],"author":"Zden\u011bk Zelenka","twitter_card":"summary_large_image","twitter_misc":{"Napsal(a)":"Zden\u011bk Zelenka","Odhadovan\u00e1 doba \u010dten\u00ed":"3 minuty"},"schema":{"@context":"https:\/\/schema.org","@graph":[{"@type":"Article","@id":"https:\/\/www.dakarmania.cz\/index.php\/2020\/01\/14\/dakar-2020-tuma-bliz-top-10\/#article","isPartOf":{"@id":"https:\/\/www.dakarmania.cz\/index.php\/2020\/01\/14\/dakar-2020-tuma-bliz-top-10\/"},"author":{"name":"Zden\u011bk Zelenka","@id":"https:\/\/www.dakarmania.cz\/#\/schema\/person\/04eb0e87a389631c2169c0dddae7ff1e"},"headline":"Dakar 2020: T\u016fma se p\u0159ibl\u00ed\u017eil prvn\u00ed des\u00edtce","datePublished":"2020-01-14T22:08:03+00:00","dateModified":"2020-10-06T15:16:48+00:00","mainEntityOfPage":{"@id":"https:\/\/www.dakarmania.cz\/index.php\/2020\/01\/14\/dakar-2020-tuma-bliz-top-10\/"},"wordCount":521,"commentCount":0,"publisher":{"@id":"https:\/\/www.dakarmania.cz\/#organization"},"image":{"@id":"https:\/\/www.dakarmania.cz\/index.php\/2020\/01\/14\/dakar-2020-tuma-bliz-top-10\/#primaryimage"},"thumbnailUrl":"https:\/\/www.dakarmania.cz\/wp-content\/uploads\/2020\/01\/20-dakar-tuma-04.jpg","keywords":["2020","Barth Racing","Dakar","Dakar 2020","Giovanni Enrico","Martin Sarquiz","Moto Racing Group","MRG","Simon Vitse","Tom\u00e1\u0161 Kubiena","Yamaha","Zden\u011bk T\u016fma"],"articleSection":["Dakar 2020","Moto\/Quad"],"inLanguage":"cs","potentialAction":[{"@type":"CommentAction","name":"Comment","target":["https:\/\/www.dakarmania.cz\/index.php\/2020\/01\/14\/dakar-2020-tuma-bliz-top-10\/#respond"]}]},{"@type":"WebPage","@id":"https:\/\/www.dakarmania.cz\/index.php\/2020\/01\/14\/dakar-2020-tuma-bliz-top-10\/","url":"https:\/\/www.dakarmania.cz\/index.php\/2020\/01\/14\/dakar-2020-tuma-bliz-top-10\/","name":"Dakar 2020: T\u016fma se p\u0159ibl\u00ed\u017eil prvn\u00ed des\u00edtce - DAKARMANIA.cz","isPartOf":{"@id":"https:\/\/www.dakarmania.cz\/#website"},"primaryImageOfPage":{"@id":"https:\/\/www.dakarmania.cz\/index.php\/2020\/01\/14\/dakar-2020-tuma-bliz-top-10\/#primaryimage"},"image":{"@id":"https:\/\/www.dakarmania.cz\/index.php\/2020\/01\/14\/dakar-2020-tuma-bliz-top-10\/#primaryimage"},"thumbnailUrl":"https:\/\/www.dakarmania.cz\/wp-content\/uploads\/2020\/01\/20-dakar-tuma-04.jpg","datePublished":"2020-01-14T22:08:03+00:00","dateModified":"2020-10-06T15:16:48+00:00","description":"Zden\u011bk T\u016fma dok\u00e1zal v dev\u00e1t\u00e9 etap\u011b Rally Dakar 2020 sn\u00ed\u017eit na polovinu sv\u016fj odstup od Martina Sarquize a od pr\u016fb\u011b\u017en\u011b des\u00e1t\u00e9ho Argentince jej d\u011bl\u00ed 51 minut.","breadcrumb":{"@id":"https:\/\/www.dakarmania.cz\/index.php\/2020\/01\/14\/dakar-2020-tuma-bliz-top-10\/#breadcrumb"},"inLanguage":"cs","potentialAction":[{"@type":"ReadAction","target":["https:\/\/www.dakarmania.cz\/index.php\/2020\/01\/14\/dakar-2020-tuma-bliz-top-10\/"]}]},{"@type":"ImageObject","inLanguage":"cs","@id":"https:\/\/www.dakarmania.cz\/index.php\/2020\/01\/14\/dakar-2020-tuma-bliz-top-10\/#primaryimage","url":"https:\/\/www.dakarmania.cz\/wp-content\/uploads\/2020\/01\/20-dakar-tuma-04.jpg","contentUrl":"https:\/\/www.dakarmania.cz\/wp-content\/uploads\/2020\/01\/20-dakar-tuma-04.jpg","width":1024,"height":682,"caption":"Zden\u011bk T\u016fma, Yamaha Raptor, Barth Racing. Rally Dakar 2020. \u00a9 Barth Racing"},{"@type":"BreadcrumbList","@id":"https:\/\/www.dakarmania.cz\/index.php\/2020\/01\/14\/dakar-2020-tuma-bliz-top-10\/#breadcrumb","itemListElement":[{"@type":"ListItem","position":1,"name":"Dom\u016f","item":"https:\/\/www.dakarmania.cz\/"},{"@type":"ListItem","position":2,"name":"Dakar 2020: T\u016fma se p\u0159ibl\u00ed\u017eil prvn\u00ed des\u00edtce"}]},{"@type":"WebSite","@id":"https:\/\/www.dakarmania.cz\/#website","url":"https:\/\/www.dakarmania.cz\/","name":"DAKARMANIA.cz","description":"\u017dijeme Dakarem cel\u00fd rok","publisher":{"@id":"https:\/\/www.dakarmania.cz\/#organization"},"potentialAction":[{"@type":"SearchAction","target":{"@type":"EntryPoint","urlTemplate":"https:\/\/www.dakarmania.cz\/?s={search_term_string}"},"query-input":{"@type":"PropertyValueSpecification","valueRequired":true,"valueName":"search_term_string"}}],"inLanguage":"cs"},{"@type":"Organization","@id":"https:\/\/www.dakarmania.cz\/#organization","name":"DAKAR MANIA","url":"https:\/\/www.dakarmania.cz\/","logo":{"@type":"ImageObject","inLanguage":"cs","@id":"https:\/\/www.dakarmania.cz\/#\/schema\/logo\/image\/","url":"https:\/\/www.dakarmania.cz\/wp-content\/uploads\/2018\/12\/Dakar-Mania-Logo-Square-Orange.png","contentUrl":"https:\/\/www.dakarmania.cz\/wp-content\/uploads\/2018\/12\/Dakar-Mania-Logo-Square-Orange.png","width":992,"height":992,"caption":"DAKAR MANIA"},"image":{"@id":"https:\/\/www.dakarmania.cz\/#\/schema\/logo\/image\/"},"sameAs":["https:\/\/www.facebook.com\/dakarmania\/"]},{"@type":"Person","@id":"https:\/\/www.dakarmania.cz\/#\/schema\/person\/04eb0e87a389631c2169c0dddae7ff1e","name":"Zden\u011bk Zelenka","image":{"@type":"ImageObject","inLanguage":"cs","@id":"https:\/\/www.dakarmania.cz\/#\/schema\/person\/image\/","url":"https:\/\/secure.gravatar.com\/avatar\/2c80d5a4942fe0900b73cc7d3837a509d6ee0a276a2b76dac95c92bd0763a89b?s=96&d=mm&r=g","contentUrl":"https:\/\/secure.gravatar.com\/avatar\/2c80d5a4942fe0900b73cc7d3837a509d6ee0a276a2b76dac95c92bd0763a89b?s=96&d=mm&r=g","caption":"Zden\u011bk Zelenka"},"description":"Moji d\u011bt\u0161t\u00ed hrdinov\u00e9 se jmenovali Loprais, Moskal, Neveu, Vatanen, Rahier... A tihle borci, jejich n\u00e1sledovn\u00edci a jejich p\u0159\u00edb\u011bhy m\u011b nep\u0159estali fascinovat ani po letech, kdy jsem vyrostl a zam\u011bstn\u00e1valy m\u011b jin\u00e9 discipl\u00edny motorsportu. Proto se zrodila DAKARMANIA.","url":"https:\/\/www.dakarmania.cz\/index.php\/author\/dakarmania\/"}]}},"amp_enabled":true,"_links":{"self":[{"href":"https:\/\/www.dakarmania.cz\/index.php\/wp-json\/wp\/v2\/posts\/14844","targetHints":{"allow":["GET"]}}],"collection":[{"href":"https:\/\/www.dakarmania.cz\/index.php\/wp-json\/wp\/v2\/posts"}],"about":[{"href":"https:\/\/www.dakarmania.cz\/index.php\/wp-json\/wp\/v2\/types\/post"}],"author":[{"embeddable":true,"href":"https:\/\/www.dakarmania.cz\/index.php\/wp-json\/wp\/v2\/users\/1"}],"replies":[{"embeddable":true,"href":"https:\/\/www.dakarmania.cz\/index.php\/wp-json\/wp\/v2\/comments?post=14844"}],"version-history":[{"count":2,"href":"https:\/\/www.dakarmania.cz\/index.php\/wp-json\/wp\/v2\/posts\/14844\/revisions"}],"predecessor-version":[{"id":14848,"href":"https:\/\/www.dakarmania.cz\/index.php\/wp-json\/wp\/v2\/posts\/14844\/revisions\/14848"}],"wp:featuredmedia":[{"embeddable":true,"href":"https:\/\/www.dakarmania.cz\/index.php\/wp-json\/wp\/v2\/media\/14842"}],"wp:attachment":[{"href":"https:\/\/www.dakarmania.cz\/index.php\/wp-json\/wp\/v2\/media?parent=14844"}],"wp:term":[{"taxonomy":"category","embeddable":true,"href":"https:\/\/www.dakarmania.cz\/index.php\/wp-json\/wp\/v2\/categories?post=14844"},{"taxonomy":"post_tag","embeddable":true,"href":"https:\/\/www.dakarmania.cz\/index.php\/wp-json\/wp\/v2\/tags?post=14844"}],"curies":[{"name":"wp","href":"https:\/\/api.w.org\/{rel}","templated":true}]}}