{"id":14854,"date":"2020-01-15T11:21:26","date_gmt":"2020-01-15T10:21:26","guid":{"rendered":"https:\/\/www.dakarmania.cz\/?p=14854"},"modified":"2020-03-27T22:10:54","modified_gmt":"2020-03-27T21:10:54","slug":"dakar-2020-loprais-stahl-naskok-vjazovice","status":"publish","type":"post","link":"https:\/\/www.dakarmania.cz\/index.php\/2020\/01\/15\/dakar-2020-loprais-stahl-naskok-vjazovice\/","title":{"rendered":"Dakar 2020: Loprais ve zkr\u00e1cen\u00e9 etap\u011b st\u00e1hl n\u00e1skok t\u0159et\u00edho Vjazovi\u010de"},"content":{"rendered":"<p>[vc_row][vc_column][vc_column_text css_animation=&#8221;fadeIn&#8221;]<\/p>\n<h3>A\u010dkoliv si kv\u016fli p\u00edse\u010dn\u00e9 bou\u0159i u\u017eil pr\u016fjezdy obl\u00edben\u00fdmi dunami jen v omezen\u00e9 m\u00ed\u0159e, m\u016f\u017ee b\u00fdt Ale\u0161 Loprais po zkr\u00e1cen\u00e9 des\u00e1t\u00e9 etap\u011b Rally Dakar 2020 spokojen\u00fd. Se svou Pragou se o 24 minut p\u0159ibl\u00ed\u017eil medailov\u00fdm pozic\u00edm.<\/h3>\n<p><span style=\"color: #999999;\">[posledn\u00ed aktualizace 15. 1. 2020, 18:40]<\/span>[\/vc_column_text][vc_single_image image=&#8221;14853&#8243; img_size=&#8221;large&#8221; add_caption=&#8221;yes&#8221; alignment=&#8221;center&#8221; onclick=&#8221;link_image&#8221; css_animation=&#8221;fadeIn&#8221;][vc_column_text css_animation=&#8221;fadeIn&#8221;]Des\u00e1t\u00e1 etapa <a href=\"\/index.php\/souteze\/dakar-2020\/\">Rally Dakar 2020<\/a> se ve st\u0159edu jela z Haradhu do Shubaytahu. Jej\u00ed speci\u00e1lka m\u011bla podle p\u016fvodn\u00edho pl\u00e1nu m\u011b\u0159it 534 kilometr\u016f a z\u00e1sadn\u00ed prov\u011brku m\u011bl p\u0159edstavovat p\u0159edev\u0161\u00edm z\u00e1v\u011bre\u010dn\u00fd t\u0159icetikilometrov\u00fd pr\u016fjezd dunami. Kv\u016fli po\u010das\u00ed v\u0161ak museli po\u0159adatel\u00e9 m\u011b\u0159en\u00fd \u00fasek zkr\u00e1tit.<\/p>\n<p>U\u017e v prvn\u00ed \u010d\u00e1sti p\u0159ed neutralizac\u00ed se toti\u017e v siln\u00e9m v\u011btru a za zhor\u0161en\u00e9 viditelnosti dostala do pot\u00ed\u017e\u00ed cel\u00e1 \u0159ada \u00fa\u010dastn\u00edk\u016f. Prakticky v\u0161echny z\u00e1chran\u00e1\u0159sk\u00e9 vrtuln\u00edky byly v permanenci na tomto \u00faseku a zaji\u0161t\u011bn\u00ed bezpe\u010dnosti v dal\u0161\u00ed \u010d\u00e1sti testu nebylo mo\u017en\u00e9. Rychlostn\u00ed zkou\u0161ka byla ofici\u00e1ln\u011b zastavena na 345. kilometru, jej\u00ed v\u00fdsledky v\u0161ak ur\u010dily \u010dasy dosa\u017een\u00e9 na kontroln\u00edm bod\u011b na 223. kilometru. Do maratonsk\u00e9ho bivaku v Shubaytahu, kde se dnes mus\u00ed obej\u00edt bez mechanik\u016f a z\u00e1zem\u00ed sv\u00fdch t\u00fdm\u016f, pokra\u010dovaly pos\u00e1dky n\u00e1hradn\u00ed trasou v re\u017eimu spojovac\u00edho \u00faseku.[\/vc_column_text][vc_column_text css_animation=&#8221;fadeIn&#8221; css=&#8221;.vc_custom_1579165155676{padding-top: 10px !important;padding-right: 10px !important;padding-bottom: 20px !important;padding-left: 10px !important;background-color: #dbd9d9 !important;}&#8221;]<strong>Dal\u0161\u00ed kategorie:<\/strong><\/p>\n<p><a href=\"\/index.php\/2020\/01\/15\/dakar-2020-sainz-unikl\/\"><strong>&gt; AUTO:<\/strong> Sainz unikl pron\u00e1sledovatel\u016fm. Alonso havaroval<\/a><br \/>\n<a href=\"\/index.php\/2020\/01\/15\/neni-brabec-jako-brabec\/\"><strong>&gt; MOTO:<\/strong> Nen\u00ed Brabec jako Brabec. Jan zlomil \u0159\u00edd\u00edtka, Ricky d\u00e1l z\u00e1\u0159\u00ed<\/a><br \/>\n<a href=\"\/index.php\/2020\/01\/15\/dakar-2020-zivotni-jizda-tumy\/\"><strong>&gt; QUAD:<\/strong> \u017divotn\u00ed j\u00edzda a v\u00fdsledek Zde\u0148ka T\u016fmy<\/a>[\/vc_column_text][vc_column_text css_animation=&#8221;fadeIn&#8221;]V\u00edt\u011bzi zkr\u00e1cen\u00e9 etapy (po\u010d\u00edtaj\u00ed se \u010dasy z 223. kilometru), kter\u00e1 v dun\u00e1ch alespo\u0148 za\u010d\u00ednala, se stali <a href=\"\/index.php\/osobnosti\/anton-sibalov\/\">Anton \u0160ibalov<\/a>, Dmitrij Nikitin a Ivan Tatarinov s Kamazem. Za nimi se se\u0159adili t\u00fdmov\u00ed kolegov\u00e9 <a href=\"\/index.php\/osobnosti\/dmitrij-sotnikov\/\">Dmitrij Sotnikov<\/a> (+1:08 min) a <a href=\"\/index.php\/osobnosti\/eduard-nikolajev\/\">Eduard Nikolajev<\/a> (+1:30).<\/p>\n<p>P\u0159ed <a href=\"\/index.php\/osobnosti\/andrej-karginov\/\">Andreje Karginova<\/a> (+2:27) se ve v\u00fdsledc\u00edch etapy prosadil je\u0161t\u011b Gert Huzink s hybridn\u00edm Renaultem (+1:41). V\u00edt\u011bz Dakaru 2014 p\u0159esto d\u00e1l vede s v\u00edce ne\u017e p\u016flhodinov\u00fdm n\u00e1skokem p\u0159ed \u0160ibalovem.[\/vc_column_text][vc_single_image image=&#8221;14918&#8243; img_size=&#8221;large&#8221; add_caption=&#8221;yes&#8221; alignment=&#8221;center&#8221; onclick=&#8221;link_image&#8221; css_animation=&#8221;fadeIn&#8221;][vc_column_text css_animation=&#8221;fadeIn&#8221;]<\/p>\n<h4>Loprais\u016fv ru\u0161n\u00fd den<\/h4>\n<p>Dev\u00e1t\u00fd \u010das (+9:36) sta\u010dil <a href=\"\/index.php\/osobnosti\/ales-loprais\/\">Ale\u0161i Lopraisovi<\/a>, Khalidu Alkendimu a <a href=\"\/index.php\/osobnosti\/petr-pokora\/\">Petru Pokorovi<\/a> (Praga) k v\u00fdrazn\u00e9mu sn\u00ed\u017een\u00ed ztr\u00e1ty na pr\u016fb\u011b\u017en\u011b t\u0159et\u00edho <a href=\"\/index.php\/osobnosti\/sergej-vjazovic\/\">Sergeje Vjazovi\u010de<\/a> s kapotov\u00fdm Mazem. I zkr\u00e1cen\u00e1 etapa toti\u017e <a href=\"\/index.php\/2020\/01\/15\/dakar-2020-vjazovic-musi-kanibalizovat\/\">dala rud\u00e9mu\u00a0\u201ekapotniku\u201c d\u016fkladn\u011b zabrat<\/a>. Dv\u011b z\u00e1vady \u0159e\u0161ili B\u011blorusov\u00e9 na trati, t\u0159et\u00ed odhalili v c\u00edli.\u00a0B\u011blorus byl o v\u00edce ne\u017e 24 minut pomalej\u0161\u00ed a p\u0159ed dv\u011bma z\u00e1v\u011bre\u010dn\u00fdmi dny m\u00e1 p\u0159ed pos\u00e1dkou Instaforex Loprais Teamu k dobru 41 minut.<\/p>\n<p>P\u0159itom ani z pohledu <strong>Ale\u0161e Lopraise<\/strong> nem\u011bla des\u00e1t\u00e1 etapa \u00fapln\u011b hladk\u00fd pr\u016fb\u011bh: <em>\u201eDneska se n\u00e1m op\u011bt projevil probl\u00e9m se senzorem turba. Museli jsme p\u011btkr\u00e1t zastavit a resetovat auto. M\u00edsty to bylo o p\u0159e\u017e\u00edv\u00e1n\u00ed. Nicm\u00e9n\u011b i tak mus\u00edme pod\u011bkovat na\u0161\u00ed Lady, \u017ee n\u00e1s dot\u00e1hla do fini\u0161e. S kluky se j\u00ed dnes budeme intenzivn\u011b v\u011bnovat, proto\u017ee z\u00edtra n\u00e1s \u010dek\u00e1 velmi t\u011b\u017ek\u00e1 etapa.\u201c<\/em><\/p>\n<p>Fren\u0161t\u00e1tsk\u00fd z\u00e1vodn\u00edk ale nem\u016f\u017ee hled\u011bt jen p\u0159ed sebe. Pr\u016fb\u011b\u017en\u011b p\u00e1t\u00fd Sotnikov byl ve st\u0159edu o osm a p\u016fl minuty rychlej\u0161\u00ed a v celkov\u00e9m sou\u010dtu za Lopraisem zaost\u00e1v\u00e1 o sedmadvacet minut.[\/vc_column_text][vc_single_image image=&#8221;15450&#8243; img_size=&#8221;large&#8221; add_caption=&#8221;yes&#8221; alignment=&#8221;center&#8221; onclick=&#8221;custom_link&#8221; img_link_target=&#8221;_blank&#8221; css_animation=&#8221;fadeIn&#8221; link=&#8221;http:\/\/eshop.dakarmania.cz\/&#8221;][vc_column_text css_animation=&#8221;fadeIn&#8221;]<\/p>\n<h4>Fesh Fesh v prvn\u00ed \u0161estce<\/h4>\n<p>Z kamion\u016f \u010desk\u00fdch t\u00fdm\u016f figurovala tentokr\u00e1t nejv\u00fd\u0161e Tatra Jamal ostravsk\u00e9 st\u00e1je Fesh Fesh. Francouz Patrice Garrouste byl \u0161est\u00fd (+5:45) a postoupil na jeden\u00e1ct\u00e9 m\u00edsto absolutn\u011b. Od prvn\u00ed des\u00edtky jej nyn\u00ed d\u011bl\u00ed dvacet minut.<\/p>\n<p><a href=\"\/index.php\/osobnosti\/martin-macik-ml\/\">Martin Mac\u00edk<\/a> za sv\u00fdmi z\u00e1dy udr\u017eel Januse van Kasterena (oba Iveco) a upevnil si \u0161estou p\u0159\u00ed\u010dku pr\u016fb\u011b\u017en\u00e9ho po\u0159ad\u00ed.<\/p>\n<p><em>\u201eDneska to pro n\u00e1s byla p\u0159\u00edjemn\u00e1 j\u00edzda. Vypad\u00e1 to tu jak v Mordoru. Tra\u0165 hodn\u011b p\u00eds\u010dit\u00e1, duna, tvrd\u00fd podklad, duna. Ty duny m\u011bly dneska hodn\u011b zr\u00e1dn\u00e9 zakon\u010den\u00ed. Jedete, nic nevid\u00edte a najednou se zjev\u00ed st\u011bna dol\u016f. A pak rozhoduje, kdo jak zabrzd\u00ed,\u201c<\/em> \u0159\u00edk\u00e1 <strong>Martin Mac\u00edk<\/strong>. <em>\u201eMy jsme jeli relativn\u011b na pohodu, abychom neud\u011blali z\u00e1sadn\u00ed chybu. P\u0159eci jen, je to maratonsk\u00e1 etapa. Stra\u0161n\u011b tu fouk\u00e1.\u201c<\/em>[\/vc_column_text][vc_single_image image=&#8221;14917&#8243; img_size=&#8221;large&#8221; add_caption=&#8221;yes&#8221; alignment=&#8221;center&#8221; onclick=&#8221;link_image&#8221; css_animation=&#8221;fadeIn&#8221;][vc_column_text css_animation=&#8221;fadeIn&#8221;]Podobn\u011b se da\u0159ilo tak\u00e9 <a href=\"\/index.php\/osobnosti\/martin-soltys\/\">Martinu \u0160oltysovi<\/a> (Tatra) v duelu s <a href=\"\/index.php\/osobnosti\/teruhito-sugawara\/\">Teruhitem Sugawarou<\/a> (Hino) o dev\u00e1tou pozici.<\/p>\n<p><em>\u201eDne\u0161n\u00ed etapa byla zru\u0161en\u00e1 po prvn\u00ed \u010d\u00e1sti t\u011bsn\u011b p\u0159ed neutralizac\u00ed. Bylo to velmi t\u011b\u017ek\u00e9, obt\u00ed\u017en\u00e9 duny, m\u011bkk\u00fd p\u00edsek. Asi po t\u0159ech \u010dtvrtin\u00e1ch jsme m\u011bli probl\u00e9m, kdy\u017e n\u00e1m p\u0159estala fungovat elektrika, p\u0159estaly j\u00edt ve\u0161ker\u00e9 bud\u00edky. Museli jsme trochu zpomalit a dojeli jsme do neutralizace, kde jsme to opravili. Mezit\u00edm jsme se dozv\u011bd\u011bli, \u017ee byla dne\u0161n\u00ed etapa zru\u0161ena,\u201c<\/em> popisuje <strong>Martin \u0160oltys<\/strong>.<\/p>\n<p>Se v\u0161emi neduhy sv\u00e9 techniky si dnes pos\u00e1dky mus\u00ed poradit samy. Z\u00edtra je \u010dek\u00e1 druh\u00e1 \u010d\u00e1st maratonsk\u00e9 etapy, kter\u00e1 je zavede zp\u011bt do Haradhu. Ze 744 km se jich jako speci\u00e1lka pojede 379. Na \u00favodn\u00edch 80 kilometrech se pos\u00e1dky budou muset popasovat s nejimpozantn\u011bj\u0161\u00edmi dunami v zemi.[\/vc_column_text][vc_column_text css_animation=&#8221;fadeIn&#8221;]<\/p>\n<table style=\"width: 97.7654%;\" rules=\"rows\" cellpadding=\"4px\">\n<tbody>\n<tr style=\"background-color: #9e9d9d; color: white;\">\n<td style=\"text-align: center;\" colspan=\"4\"><span style=\"font-size: 10pt;\"><strong>Rally Dakar 2020<br \/>\nKAMIONY<br \/>\npr\u016fb\u011b\u017en\u00e9 po\u0159ad\u00ed po 10. etap\u011b<\/strong><\/span><\/td>\n<\/tr>\n<tr style=\"background-color: #dbd9d9;\">\n<td>1.<\/td>\n<td>Karginov\/Mokjejev\/Leonov<\/td>\n<td>Kamaz 43509<\/td>\n<td style=\"text-align: right;\">40:20:04<\/td>\n<\/tr>\n<tr style=\"background-color: #f2f2f2;\">\n<td>2.<\/td>\n<td>\u0160ibalov\/Nikitin\/Tatarinov<\/td>\n<td>Kamaz 43509<\/td>\n<td style=\"text-align: right;\">+36:08<\/td>\n<\/tr>\n<tr style=\"background-color: #dbd9d9;\">\n<td>3.<\/td>\n<td>Vjazovi\u010d\/Haranin\/Zaporo\u0161\u010denko<\/td>\n<td>MAZ 6400RR<\/td>\n<td style=\"text-align: right;\">+1:40:00<\/td>\n<\/tr>\n<tr style=\"background-color: #f2f2f2;\">\n<td>4.<\/td>\n<td>Loprais\/Alkendi\/Pokora<\/td>\n<td>Praga V4S DKR<\/td>\n<td style=\"text-align: right;\">+2:21:18<\/td>\n<\/tr>\n<tr style=\"background-color: #dbd9d9;\">\n<td>5.<\/td>\n<td>Sotnikov\/Achmad\u011bjev\/Achmetzjanov<\/td>\n<td>Kamaz 43509<\/td>\n<td style=\"text-align: right;\">+2:48:10<\/td>\n<\/tr>\n<tr style=\"background-color: #f2f2f2;\">\n<td>6.<\/td>\n<td>Mac\u00edk\/Tom\u00e1\u0161ek\/\u0160vanda<\/td>\n<td>Iveco Powerstar<\/td>\n<td style=\"text-align: right;\">+3:12:13<\/td>\n<\/tr>\n<tr style=\"background-color: #dbd9d9;\">\n<td>7.<\/td>\n<td>Van Kasteren\/Rodewald\/Snijders<\/td>\n<td>Iveco Powerstar<\/td>\n<td style=\"text-align: right;\">+3:52:02<\/td>\n<\/tr>\n<tr style=\"background-color: #f2f2f2;\">\n<td>8.<\/td>\n<td>Vi\u0161n\u011bvskij\/Novikov\/Nev\u011brovi\u010d<\/td>\n<td>MAZ 5309RR<\/td>\n<td style=\"text-align: right;\">+4:37:52<\/td>\n<\/tr>\n<tr style=\"background-color: #dbd9d9;\">\n<td>9.<\/td>\n<td>\u0160oltys\/Schov\u00e1nek\/\u0160ikola<\/td>\n<td>Tatra Phoenix<\/td>\n<td style=\"text-align: right;\">+5:03:53<\/td>\n<\/tr>\n<tr style=\"background-color: #f2f2f2;\">\n<td>10.<\/td>\n<td>Sugawara\/Mo\u010dizuki\/Somemija<\/td>\n<td>Hino 500<\/td>\n<td style=\"text-align: right;\">+5:19:29<\/td>\n<\/tr>\n<\/tbody>\n<\/table>\n<p>[\/vc_column_text][vc_empty_space height=&#8221;2px&#8221;][\/vc_column][\/vc_row]<\/p>\n","protected":false},"excerpt":{"rendered":"<p>A\u010dkoliv se kv\u016fli p\u00edse\u010dn\u00e9 bou\u0159i nedo\u010dkal pr\u016fjezdu obl\u00edben\u00fdmi dunami, m\u016f\u017ee b\u00fdt Ale\u0161 Loprais po zkr\u00e1cen\u00e9 des\u00e1t\u00e9 etap\u011b Rally Dakar 2020 spokojen\u00fd.<\/p>\n","protected":false},"author":1,"featured_media":14853,"comment_status":"open","ping_status":"closed","sticky":false,"template":"","format":"standard","meta":{"footnotes":""},"categories":[251,16],"tags":[903,65,221,869,111,8,159,1315,227,1372,84,1084,1316,164,80,200,984,1526,69,591,114,136,160,610,76,1265,67,1557,77,87,161,68,224,1128],"class_list":["post-14854","post","type-post","status-publish","format-standard","has-post-thumbnail","hentry","category-dakar-2020","category-kamion","tag-903","tag-ales-loprais","tag-andrej-karginov","tag-anton-sibalov","tag-big-shock-racing","tag-dakar","tag-dakar-2020","tag-dmitrij-nikitin","tag-dmitrij-sotnikov","tag-fesh-fesh","tag-gert-huzink","tag-hino","tag-ivan-tatarinov","tag-iveco","tag-janus-van-kasteren","tag-kamaz","tag-kamaz-master","tag-khalid-alkendi","tag-loprais-team","tag-martin-macik","tag-martin-macik-ml","tag-martin-soltys","tag-maz","tag-maz-sportauto","tag-mkr-technology","tag-patrice-garrouste","tag-petr-pokora","tag-praga","tag-renault","tag-riwald-dakar-team","tag-sergej-vjazovic","tag-tatra","tag-team-de-rooy","tag-teruhito-sugawara"],"yoast_head":"<!-- This site is optimized with the Yoast SEO plugin v24.9 - https:\/\/yoast.com\/wordpress\/plugins\/seo\/ -->\n<title>Dakar 2020: Loprais ve zkr\u00e1cen\u00e9 etap\u011b st\u00e1hl n\u00e1skok t\u0159et\u00edho Vjazovi\u010de - DAKARMANIA.cz<\/title>\n<meta name=\"description\" content=\"A\u010dkoliv se kv\u016fli p\u00edse\u010dn\u00e9 bou\u0159i nedo\u010dkal pr\u016fjezdu obl\u00edben\u00fdmi dunami, m\u016f\u017ee b\u00fdt Ale\u0161 Loprais po zkr\u00e1cen\u00e9 des\u00e1t\u00e9 etap\u011b Rally Dakar 2020 spokojen\u00fd.\" \/>\n<meta name=\"robots\" content=\"index, follow, max-snippet:-1, max-image-preview:large, max-video-preview:-1\" \/>\n<link rel=\"canonical\" href=\"https:\/\/www.dakarmania.cz\/index.php\/2020\/01\/15\/dakar-2020-loprais-stahl-naskok-vjazovice\/\" \/>\n<meta property=\"og:locale\" content=\"cs_CZ\" \/>\n<meta property=\"og:type\" content=\"article\" \/>\n<meta property=\"og:title\" content=\"Dakar 2020: Loprais ve zkr\u00e1cen\u00e9 etap\u011b st\u00e1hl n\u00e1skok t\u0159et\u00edho Vjazovi\u010de - DAKARMANIA.cz\" \/>\n<meta property=\"og:description\" content=\"A\u010dkoliv se kv\u016fli p\u00edse\u010dn\u00e9 bou\u0159i nedo\u010dkal pr\u016fjezdu obl\u00edben\u00fdmi dunami, m\u016f\u017ee b\u00fdt Ale\u0161 Loprais po zkr\u00e1cen\u00e9 des\u00e1t\u00e9 etap\u011b Rally Dakar 2020 spokojen\u00fd.\" \/>\n<meta property=\"og:url\" content=\"https:\/\/www.dakarmania.cz\/index.php\/2020\/01\/15\/dakar-2020-loprais-stahl-naskok-vjazovice\/\" \/>\n<meta property=\"og:site_name\" content=\"DAKARMANIA.cz\" \/>\n<meta property=\"article:publisher\" content=\"https:\/\/www.facebook.com\/dakarmania\/\" \/>\n<meta property=\"article:published_time\" content=\"2020-01-15T10:21:26+00:00\" \/>\n<meta property=\"article:modified_time\" content=\"2020-03-27T21:10:54+00:00\" \/>\n<meta property=\"og:image\" content=\"https:\/\/www.dakarmania.cz\/wp-content\/uploads\/2020\/01\/20-dakar-loprais-25.jpg\" \/>\n\t<meta property=\"og:image:width\" content=\"1024\" \/>\n\t<meta property=\"og:image:height\" content=\"683\" \/>\n\t<meta property=\"og:image:type\" content=\"image\/jpeg\" \/>\n<meta name=\"author\" content=\"Zden\u011bk Zelenka\" \/>\n<meta name=\"twitter:card\" content=\"summary_large_image\" \/>\n<meta name=\"twitter:label1\" content=\"Napsal(a)\" \/>\n\t<meta name=\"twitter:data1\" content=\"Zden\u011bk Zelenka\" \/>\n\t<meta name=\"twitter:label2\" content=\"Odhadovan\u00e1 doba \u010dten\u00ed\" \/>\n\t<meta name=\"twitter:data2\" content=\"6 minut\" \/>\n<script type=\"application\/ld+json\" class=\"yoast-schema-graph\">{\"@context\":\"https:\/\/schema.org\",\"@graph\":[{\"@type\":\"Article\",\"@id\":\"https:\/\/www.dakarmania.cz\/index.php\/2020\/01\/15\/dakar-2020-loprais-stahl-naskok-vjazovice\/#article\",\"isPartOf\":{\"@id\":\"https:\/\/www.dakarmania.cz\/index.php\/2020\/01\/15\/dakar-2020-loprais-stahl-naskok-vjazovice\/\"},\"author\":{\"name\":\"Zden\u011bk Zelenka\",\"@id\":\"https:\/\/www.dakarmania.cz\/#\/schema\/person\/04eb0e87a389631c2169c0dddae7ff1e\"},\"headline\":\"Dakar 2020: Loprais ve zkr\u00e1cen\u00e9 etap\u011b st\u00e1hl n\u00e1skok t\u0159et\u00edho Vjazovi\u010de\",\"datePublished\":\"2020-01-15T10:21:26+00:00\",\"dateModified\":\"2020-03-27T21:10:54+00:00\",\"mainEntityOfPage\":{\"@id\":\"https:\/\/www.dakarmania.cz\/index.php\/2020\/01\/15\/dakar-2020-loprais-stahl-naskok-vjazovice\/\"},\"wordCount\":1152,\"commentCount\":0,\"publisher\":{\"@id\":\"https:\/\/www.dakarmania.cz\/#organization\"},\"image\":{\"@id\":\"https:\/\/www.dakarmania.cz\/index.php\/2020\/01\/15\/dakar-2020-loprais-stahl-naskok-vjazovice\/#primaryimage\"},\"thumbnailUrl\":\"https:\/\/www.dakarmania.cz\/wp-content\/uploads\/2020\/01\/20-dakar-loprais-25.jpg\",\"keywords\":[\"2020\",\"Ale\u0161 Loprais\",\"Andrej Karginov\",\"Anton \u0160ibalov\",\"Big Shock! Racing\",\"Dakar\",\"Dakar 2020\",\"Dmitrij Nikitin\",\"Dmitrij Sotnikov\",\"Fesh Fesh\",\"Gert Huzink\",\"Hino\",\"Ivan Tatarinov\",\"Iveco\",\"Janus van Kasteren\",\"Kamaz\",\"Kamaz-Master\",\"Khalid Alkendi\",\"Loprais Team\",\"Martin Mac\u00edk\",\"Martin Mac\u00edk ml.\",\"Martin \u0160oltys\",\"MAZ\",\"MAZ-Sportauto\",\"MKR Technology\",\"Patrice Garrouste\",\"Petr Pokora\",\"Praga\",\"Renault\",\"Riwald Dakar Team\",\"Sergej Vjazovi\u010d\",\"Tatra\",\"Team De Rooy\",\"Teruhito Sugawara\"],\"articleSection\":[\"Dakar 2020\",\"Kamiony\"],\"inLanguage\":\"cs\",\"potentialAction\":[{\"@type\":\"CommentAction\",\"name\":\"Comment\",\"target\":[\"https:\/\/www.dakarmania.cz\/index.php\/2020\/01\/15\/dakar-2020-loprais-stahl-naskok-vjazovice\/#respond\"]}]},{\"@type\":\"WebPage\",\"@id\":\"https:\/\/www.dakarmania.cz\/index.php\/2020\/01\/15\/dakar-2020-loprais-stahl-naskok-vjazovice\/\",\"url\":\"https:\/\/www.dakarmania.cz\/index.php\/2020\/01\/15\/dakar-2020-loprais-stahl-naskok-vjazovice\/\",\"name\":\"Dakar 2020: Loprais ve zkr\u00e1cen\u00e9 etap\u011b st\u00e1hl n\u00e1skok t\u0159et\u00edho Vjazovi\u010de - DAKARMANIA.cz\",\"isPartOf\":{\"@id\":\"https:\/\/www.dakarmania.cz\/#website\"},\"primaryImageOfPage\":{\"@id\":\"https:\/\/www.dakarmania.cz\/index.php\/2020\/01\/15\/dakar-2020-loprais-stahl-naskok-vjazovice\/#primaryimage\"},\"image\":{\"@id\":\"https:\/\/www.dakarmania.cz\/index.php\/2020\/01\/15\/dakar-2020-loprais-stahl-naskok-vjazovice\/#primaryimage\"},\"thumbnailUrl\":\"https:\/\/www.dakarmania.cz\/wp-content\/uploads\/2020\/01\/20-dakar-loprais-25.jpg\",\"datePublished\":\"2020-01-15T10:21:26+00:00\",\"dateModified\":\"2020-03-27T21:10:54+00:00\",\"description\":\"A\u010dkoliv se kv\u016fli p\u00edse\u010dn\u00e9 bou\u0159i nedo\u010dkal pr\u016fjezdu obl\u00edben\u00fdmi dunami, m\u016f\u017ee b\u00fdt Ale\u0161 Loprais po zkr\u00e1cen\u00e9 des\u00e1t\u00e9 etap\u011b Rally Dakar 2020 spokojen\u00fd.\",\"breadcrumb\":{\"@id\":\"https:\/\/www.dakarmania.cz\/index.php\/2020\/01\/15\/dakar-2020-loprais-stahl-naskok-vjazovice\/#breadcrumb\"},\"inLanguage\":\"cs\",\"potentialAction\":[{\"@type\":\"ReadAction\",\"target\":[\"https:\/\/www.dakarmania.cz\/index.php\/2020\/01\/15\/dakar-2020-loprais-stahl-naskok-vjazovice\/\"]}]},{\"@type\":\"ImageObject\",\"inLanguage\":\"cs\",\"@id\":\"https:\/\/www.dakarmania.cz\/index.php\/2020\/01\/15\/dakar-2020-loprais-stahl-naskok-vjazovice\/#primaryimage\",\"url\":\"https:\/\/www.dakarmania.cz\/wp-content\/uploads\/2020\/01\/20-dakar-loprais-25.jpg\",\"contentUrl\":\"https:\/\/www.dakarmania.cz\/wp-content\/uploads\/2020\/01\/20-dakar-loprais-25.jpg\",\"width\":1024,\"height\":683,\"caption\":\"Ale\u0161 Loprais\/Khalid Alkendi\/Petr Pokora, Praga V4S DKR, Instaforex Loprais Team. Rally Dakar 2020. \u00a9 Loprais Team\"},{\"@type\":\"BreadcrumbList\",\"@id\":\"https:\/\/www.dakarmania.cz\/index.php\/2020\/01\/15\/dakar-2020-loprais-stahl-naskok-vjazovice\/#breadcrumb\",\"itemListElement\":[{\"@type\":\"ListItem\",\"position\":1,\"name\":\"Dom\u016f\",\"item\":\"https:\/\/www.dakarmania.cz\/\"},{\"@type\":\"ListItem\",\"position\":2,\"name\":\"Dakar 2020: Loprais ve zkr\u00e1cen\u00e9 etap\u011b st\u00e1hl n\u00e1skok t\u0159et\u00edho Vjazovi\u010de\"}]},{\"@type\":\"WebSite\",\"@id\":\"https:\/\/www.dakarmania.cz\/#website\",\"url\":\"https:\/\/www.dakarmania.cz\/\",\"name\":\"DAKARMANIA.cz\",\"description\":\"\u017dijeme Dakarem cel\u00fd rok\",\"publisher\":{\"@id\":\"https:\/\/www.dakarmania.cz\/#organization\"},\"potentialAction\":[{\"@type\":\"SearchAction\",\"target\":{\"@type\":\"EntryPoint\",\"urlTemplate\":\"https:\/\/www.dakarmania.cz\/?s={search_term_string}\"},\"query-input\":{\"@type\":\"PropertyValueSpecification\",\"valueRequired\":true,\"valueName\":\"search_term_string\"}}],\"inLanguage\":\"cs\"},{\"@type\":\"Organization\",\"@id\":\"https:\/\/www.dakarmania.cz\/#organization\",\"name\":\"DAKAR MANIA\",\"url\":\"https:\/\/www.dakarmania.cz\/\",\"logo\":{\"@type\":\"ImageObject\",\"inLanguage\":\"cs\",\"@id\":\"https:\/\/www.dakarmania.cz\/#\/schema\/logo\/image\/\",\"url\":\"https:\/\/www.dakarmania.cz\/wp-content\/uploads\/2018\/12\/Dakar-Mania-Logo-Square-Orange.png\",\"contentUrl\":\"https:\/\/www.dakarmania.cz\/wp-content\/uploads\/2018\/12\/Dakar-Mania-Logo-Square-Orange.png\",\"width\":992,\"height\":992,\"caption\":\"DAKAR MANIA\"},\"image\":{\"@id\":\"https:\/\/www.dakarmania.cz\/#\/schema\/logo\/image\/\"},\"sameAs\":[\"https:\/\/www.facebook.com\/dakarmania\/\"]},{\"@type\":\"Person\",\"@id\":\"https:\/\/www.dakarmania.cz\/#\/schema\/person\/04eb0e87a389631c2169c0dddae7ff1e\",\"name\":\"Zden\u011bk Zelenka\",\"image\":{\"@type\":\"ImageObject\",\"inLanguage\":\"cs\",\"@id\":\"https:\/\/www.dakarmania.cz\/#\/schema\/person\/image\/\",\"url\":\"https:\/\/secure.gravatar.com\/avatar\/2c80d5a4942fe0900b73cc7d3837a509d6ee0a276a2b76dac95c92bd0763a89b?s=96&d=mm&r=g\",\"contentUrl\":\"https:\/\/secure.gravatar.com\/avatar\/2c80d5a4942fe0900b73cc7d3837a509d6ee0a276a2b76dac95c92bd0763a89b?s=96&d=mm&r=g\",\"caption\":\"Zden\u011bk Zelenka\"},\"description\":\"Moji d\u011bt\u0161t\u00ed hrdinov\u00e9 se jmenovali Loprais, Moskal, Neveu, Vatanen, Rahier... A tihle borci, jejich n\u00e1sledovn\u00edci a jejich p\u0159\u00edb\u011bhy m\u011b nep\u0159estali fascinovat ani po letech, kdy jsem vyrostl a zam\u011bstn\u00e1valy m\u011b jin\u00e9 discipl\u00edny motorsportu. Proto se zrodila DAKARMANIA.\",\"url\":\"https:\/\/www.dakarmania.cz\/index.php\/author\/dakarmania\/\"}]}<\/script>\n<!-- \/ Yoast SEO plugin. -->","yoast_head_json":{"title":"Dakar 2020: Loprais ve zkr\u00e1cen\u00e9 etap\u011b st\u00e1hl n\u00e1skok t\u0159et\u00edho Vjazovi\u010de - DAKARMANIA.cz","description":"A\u010dkoliv se kv\u016fli p\u00edse\u010dn\u00e9 bou\u0159i nedo\u010dkal pr\u016fjezdu obl\u00edben\u00fdmi dunami, m\u016f\u017ee b\u00fdt Ale\u0161 Loprais po zkr\u00e1cen\u00e9 des\u00e1t\u00e9 etap\u011b Rally Dakar 2020 spokojen\u00fd.","robots":{"index":"index","follow":"follow","max-snippet":"max-snippet:-1","max-image-preview":"max-image-preview:large","max-video-preview":"max-video-preview:-1"},"canonical":"https:\/\/www.dakarmania.cz\/index.php\/2020\/01\/15\/dakar-2020-loprais-stahl-naskok-vjazovice\/","og_locale":"cs_CZ","og_type":"article","og_title":"Dakar 2020: Loprais ve zkr\u00e1cen\u00e9 etap\u011b st\u00e1hl n\u00e1skok t\u0159et\u00edho Vjazovi\u010de - DAKARMANIA.cz","og_description":"A\u010dkoliv se kv\u016fli p\u00edse\u010dn\u00e9 bou\u0159i nedo\u010dkal pr\u016fjezdu obl\u00edben\u00fdmi dunami, m\u016f\u017ee b\u00fdt Ale\u0161 Loprais po zkr\u00e1cen\u00e9 des\u00e1t\u00e9 etap\u011b Rally Dakar 2020 spokojen\u00fd.","og_url":"https:\/\/www.dakarmania.cz\/index.php\/2020\/01\/15\/dakar-2020-loprais-stahl-naskok-vjazovice\/","og_site_name":"DAKARMANIA.cz","article_publisher":"https:\/\/www.facebook.com\/dakarmania\/","article_published_time":"2020-01-15T10:21:26+00:00","article_modified_time":"2020-03-27T21:10:54+00:00","og_image":[{"width":1024,"height":683,"url":"https:\/\/www.dakarmania.cz\/wp-content\/uploads\/2020\/01\/20-dakar-loprais-25.jpg","type":"image\/jpeg"}],"author":"Zden\u011bk Zelenka","twitter_card":"summary_large_image","twitter_misc":{"Napsal(a)":"Zden\u011bk Zelenka","Odhadovan\u00e1 doba \u010dten\u00ed":"6 minut"},"schema":{"@context":"https:\/\/schema.org","@graph":[{"@type":"Article","@id":"https:\/\/www.dakarmania.cz\/index.php\/2020\/01\/15\/dakar-2020-loprais-stahl-naskok-vjazovice\/#article","isPartOf":{"@id":"https:\/\/www.dakarmania.cz\/index.php\/2020\/01\/15\/dakar-2020-loprais-stahl-naskok-vjazovice\/"},"author":{"name":"Zden\u011bk Zelenka","@id":"https:\/\/www.dakarmania.cz\/#\/schema\/person\/04eb0e87a389631c2169c0dddae7ff1e"},"headline":"Dakar 2020: Loprais ve zkr\u00e1cen\u00e9 etap\u011b st\u00e1hl n\u00e1skok t\u0159et\u00edho Vjazovi\u010de","datePublished":"2020-01-15T10:21:26+00:00","dateModified":"2020-03-27T21:10:54+00:00","mainEntityOfPage":{"@id":"https:\/\/www.dakarmania.cz\/index.php\/2020\/01\/15\/dakar-2020-loprais-stahl-naskok-vjazovice\/"},"wordCount":1152,"commentCount":0,"publisher":{"@id":"https:\/\/www.dakarmania.cz\/#organization"},"image":{"@id":"https:\/\/www.dakarmania.cz\/index.php\/2020\/01\/15\/dakar-2020-loprais-stahl-naskok-vjazovice\/#primaryimage"},"thumbnailUrl":"https:\/\/www.dakarmania.cz\/wp-content\/uploads\/2020\/01\/20-dakar-loprais-25.jpg","keywords":["2020","Ale\u0161 Loprais","Andrej Karginov","Anton \u0160ibalov","Big Shock! Racing","Dakar","Dakar 2020","Dmitrij Nikitin","Dmitrij Sotnikov","Fesh Fesh","Gert Huzink","Hino","Ivan Tatarinov","Iveco","Janus van Kasteren","Kamaz","Kamaz-Master","Khalid Alkendi","Loprais Team","Martin Mac\u00edk","Martin Mac\u00edk ml.","Martin \u0160oltys","MAZ","MAZ-Sportauto","MKR Technology","Patrice Garrouste","Petr Pokora","Praga","Renault","Riwald Dakar Team","Sergej Vjazovi\u010d","Tatra","Team De Rooy","Teruhito Sugawara"],"articleSection":["Dakar 2020","Kamiony"],"inLanguage":"cs","potentialAction":[{"@type":"CommentAction","name":"Comment","target":["https:\/\/www.dakarmania.cz\/index.php\/2020\/01\/15\/dakar-2020-loprais-stahl-naskok-vjazovice\/#respond"]}]},{"@type":"WebPage","@id":"https:\/\/www.dakarmania.cz\/index.php\/2020\/01\/15\/dakar-2020-loprais-stahl-naskok-vjazovice\/","url":"https:\/\/www.dakarmania.cz\/index.php\/2020\/01\/15\/dakar-2020-loprais-stahl-naskok-vjazovice\/","name":"Dakar 2020: Loprais ve zkr\u00e1cen\u00e9 etap\u011b st\u00e1hl n\u00e1skok t\u0159et\u00edho Vjazovi\u010de - DAKARMANIA.cz","isPartOf":{"@id":"https:\/\/www.dakarmania.cz\/#website"},"primaryImageOfPage":{"@id":"https:\/\/www.dakarmania.cz\/index.php\/2020\/01\/15\/dakar-2020-loprais-stahl-naskok-vjazovice\/#primaryimage"},"image":{"@id":"https:\/\/www.dakarmania.cz\/index.php\/2020\/01\/15\/dakar-2020-loprais-stahl-naskok-vjazovice\/#primaryimage"},"thumbnailUrl":"https:\/\/www.dakarmania.cz\/wp-content\/uploads\/2020\/01\/20-dakar-loprais-25.jpg","datePublished":"2020-01-15T10:21:26+00:00","dateModified":"2020-03-27T21:10:54+00:00","description":"A\u010dkoliv se kv\u016fli p\u00edse\u010dn\u00e9 bou\u0159i nedo\u010dkal pr\u016fjezdu obl\u00edben\u00fdmi dunami, m\u016f\u017ee b\u00fdt Ale\u0161 Loprais po zkr\u00e1cen\u00e9 des\u00e1t\u00e9 etap\u011b Rally Dakar 2020 spokojen\u00fd.","breadcrumb":{"@id":"https:\/\/www.dakarmania.cz\/index.php\/2020\/01\/15\/dakar-2020-loprais-stahl-naskok-vjazovice\/#breadcrumb"},"inLanguage":"cs","potentialAction":[{"@type":"ReadAction","target":["https:\/\/www.dakarmania.cz\/index.php\/2020\/01\/15\/dakar-2020-loprais-stahl-naskok-vjazovice\/"]}]},{"@type":"ImageObject","inLanguage":"cs","@id":"https:\/\/www.dakarmania.cz\/index.php\/2020\/01\/15\/dakar-2020-loprais-stahl-naskok-vjazovice\/#primaryimage","url":"https:\/\/www.dakarmania.cz\/wp-content\/uploads\/2020\/01\/20-dakar-loprais-25.jpg","contentUrl":"https:\/\/www.dakarmania.cz\/wp-content\/uploads\/2020\/01\/20-dakar-loprais-25.jpg","width":1024,"height":683,"caption":"Ale\u0161 Loprais\/Khalid Alkendi\/Petr Pokora, Praga V4S DKR, Instaforex Loprais Team. Rally Dakar 2020. \u00a9 Loprais Team"},{"@type":"BreadcrumbList","@id":"https:\/\/www.dakarmania.cz\/index.php\/2020\/01\/15\/dakar-2020-loprais-stahl-naskok-vjazovice\/#breadcrumb","itemListElement":[{"@type":"ListItem","position":1,"name":"Dom\u016f","item":"https:\/\/www.dakarmania.cz\/"},{"@type":"ListItem","position":2,"name":"Dakar 2020: Loprais ve zkr\u00e1cen\u00e9 etap\u011b st\u00e1hl n\u00e1skok t\u0159et\u00edho Vjazovi\u010de"}]},{"@type":"WebSite","@id":"https:\/\/www.dakarmania.cz\/#website","url":"https:\/\/www.dakarmania.cz\/","name":"DAKARMANIA.cz","description":"\u017dijeme Dakarem cel\u00fd rok","publisher":{"@id":"https:\/\/www.dakarmania.cz\/#organization"},"potentialAction":[{"@type":"SearchAction","target":{"@type":"EntryPoint","urlTemplate":"https:\/\/www.dakarmania.cz\/?s={search_term_string}"},"query-input":{"@type":"PropertyValueSpecification","valueRequired":true,"valueName":"search_term_string"}}],"inLanguage":"cs"},{"@type":"Organization","@id":"https:\/\/www.dakarmania.cz\/#organization","name":"DAKAR MANIA","url":"https:\/\/www.dakarmania.cz\/","logo":{"@type":"ImageObject","inLanguage":"cs","@id":"https:\/\/www.dakarmania.cz\/#\/schema\/logo\/image\/","url":"https:\/\/www.dakarmania.cz\/wp-content\/uploads\/2018\/12\/Dakar-Mania-Logo-Square-Orange.png","contentUrl":"https:\/\/www.dakarmania.cz\/wp-content\/uploads\/2018\/12\/Dakar-Mania-Logo-Square-Orange.png","width":992,"height":992,"caption":"DAKAR MANIA"},"image":{"@id":"https:\/\/www.dakarmania.cz\/#\/schema\/logo\/image\/"},"sameAs":["https:\/\/www.facebook.com\/dakarmania\/"]},{"@type":"Person","@id":"https:\/\/www.dakarmania.cz\/#\/schema\/person\/04eb0e87a389631c2169c0dddae7ff1e","name":"Zden\u011bk Zelenka","image":{"@type":"ImageObject","inLanguage":"cs","@id":"https:\/\/www.dakarmania.cz\/#\/schema\/person\/image\/","url":"https:\/\/secure.gravatar.com\/avatar\/2c80d5a4942fe0900b73cc7d3837a509d6ee0a276a2b76dac95c92bd0763a89b?s=96&d=mm&r=g","contentUrl":"https:\/\/secure.gravatar.com\/avatar\/2c80d5a4942fe0900b73cc7d3837a509d6ee0a276a2b76dac95c92bd0763a89b?s=96&d=mm&r=g","caption":"Zden\u011bk Zelenka"},"description":"Moji d\u011bt\u0161t\u00ed hrdinov\u00e9 se jmenovali Loprais, Moskal, Neveu, Vatanen, Rahier... A tihle borci, jejich n\u00e1sledovn\u00edci a jejich p\u0159\u00edb\u011bhy m\u011b nep\u0159estali fascinovat ani po letech, kdy jsem vyrostl a zam\u011bstn\u00e1valy m\u011b jin\u00e9 discipl\u00edny motorsportu. Proto se zrodila DAKARMANIA.","url":"https:\/\/www.dakarmania.cz\/index.php\/author\/dakarmania\/"}]}},"amp_enabled":true,"_links":{"self":[{"href":"https:\/\/www.dakarmania.cz\/index.php\/wp-json\/wp\/v2\/posts\/14854","targetHints":{"allow":["GET"]}}],"collection":[{"href":"https:\/\/www.dakarmania.cz\/index.php\/wp-json\/wp\/v2\/posts"}],"about":[{"href":"https:\/\/www.dakarmania.cz\/index.php\/wp-json\/wp\/v2\/types\/post"}],"author":[{"embeddable":true,"href":"https:\/\/www.dakarmania.cz\/index.php\/wp-json\/wp\/v2\/users\/1"}],"replies":[{"embeddable":true,"href":"https:\/\/www.dakarmania.cz\/index.php\/wp-json\/wp\/v2\/comments?post=14854"}],"version-history":[{"count":24,"href":"https:\/\/www.dakarmania.cz\/index.php\/wp-json\/wp\/v2\/posts\/14854\/revisions"}],"predecessor-version":[{"id":15582,"href":"https:\/\/www.dakarmania.cz\/index.php\/wp-json\/wp\/v2\/posts\/14854\/revisions\/15582"}],"wp:featuredmedia":[{"embeddable":true,"href":"https:\/\/www.dakarmania.cz\/index.php\/wp-json\/wp\/v2\/media\/14853"}],"wp:attachment":[{"href":"https:\/\/www.dakarmania.cz\/index.php\/wp-json\/wp\/v2\/media?parent=14854"}],"wp:term":[{"taxonomy":"category","embeddable":true,"href":"https:\/\/www.dakarmania.cz\/index.php\/wp-json\/wp\/v2\/categories?post=14854"},{"taxonomy":"post_tag","embeddable":true,"href":"https:\/\/www.dakarmania.cz\/index.php\/wp-json\/wp\/v2\/tags?post=14854"}],"curies":[{"name":"wp","href":"https:\/\/api.w.org\/{rel}","templated":true}]}}