{"id":14903,"date":"2020-01-15T20:22:50","date_gmt":"2020-01-15T19:22:50","guid":{"rendered":"https:\/\/www.dakarmania.cz\/?p=14903"},"modified":"2020-03-27T22:08:21","modified_gmt":"2020-03-27T21:08:21","slug":"loprais-bliz-medailovym-pozicim","status":"publish","type":"post","link":"https:\/\/www.dakarmania.cz\/index.php\/2020\/01\/15\/loprais-bliz-medailovym-pozicim\/","title":{"rendered":"Loprais p\u0159e\u017eil a p\u0159ibl\u00ed\u017eil se medailov\u00fdm pozic\u00edm"},"content":{"rendered":"<p>[vc_row][vc_column][vc_column_text css_animation=&#8221;fadeIn&#8221;]<\/p>\n<h3>Ale\u0161 Loprais, Khalid Alkendi a Petr Pokora maj\u00ed v maratonsk\u00e9m bivaku po des\u00e1t\u00e9 etap\u011b Rally Dakar 2020 napilno. Nov\u00e1 Praga V4S DKR pot\u0159ebuje p\u00e9\u010di a pos\u00e1dka se tentokr\u00e1t mus\u00ed obej\u00edt bez pomoci sv\u00fdch mechanik\u016f. P\u0159esto\u017ee na st\u0159ede\u010dn\u00ed speci\u00e1lce ne\u0161lo z pohledu Instaforex Loprais Teamu v\u0161e \u00fapln\u011b hladce, je \u010derveno-b\u00edlo-\u010dern\u00fd sout\u011b\u017en\u00ed speci\u00e1l op\u011bt o kousek bl\u00ed\u017e pr\u016fb\u011b\u017en\u011b t\u0159et\u00edmu Sergeji Vjazovi\u010dovi s Mazem.<\/h3>\n<p>[\/vc_column_text][vc_single_image image=&#8221;14902&#8243; img_size=&#8221;large&#8221; add_caption=&#8221;yes&#8221; alignment=&#8221;center&#8221; onclick=&#8221;link_image&#8221; css_animation=&#8221;fadeIn&#8221;][vc_column_text css_animation=&#8221;fadeIn&#8221;]Etapu z Haradhu do Shubaytahu vypsali po\u0159adatel\u00e9 <a href=\"\/index.php\/souteze\/dakar-2020\/\">Rally Dakar 2020<\/a> jako maratonskou. Podle pravidel sout\u011b\u017ee se tud\u00ed\u017e \u00fa\u010dastn\u00edci mus\u00ed ve ve\u010dern\u00edm bivaku obej\u00edt bez pomoci mechanik\u016f a z\u00e1zem\u00ed sv\u00fdch t\u00fdm\u016f. O z\u00e1vodn\u00ed techniku se staraj\u00ed pouze vlastn\u00edmi silami, s vyu\u017eit\u00edm d\u00edl\u016f a n\u00e1stroj\u016f, kter\u00e9 si p\u0159ivezli s sebou.<\/p>\n<p>Velmi dlouhou noc proto ze v\u010derej\u0161ka na dne\u0161ek pro\u017eili p\u0159edev\u0161\u00edm mechanici.<\/p>\n<p><em>\u201eZ preventivn\u00edch d\u016fvod\u016f jsme m\u011bnili turbo, samoz\u0159ejm\u011b pneumatiky, dopl\u0148ovali jsme oleje, zkontrolovali cel\u00e9 auto, promazali \u0159\u00edzen\u00ed,\u201c<\/em> rekapituluje palubn\u00ed mechanik <strong>Petr Pokora<\/strong>. <em>\u201eVyr\u00e1b\u011bli jsme tak\u00e9 v\u00fdfuk, kter\u00fd n\u00e1s v\u010dera pozlobil, a m\u011bnili hadice, kter\u00e9 po\u0161kodil. A museli jsme samoz\u0159ejm\u011b zabalit v\u0161echny v\u011bci, kter\u00e9 s sebou b\u011b\u017en\u011b nevoz\u00edme. Konkr\u00e9tn\u011b jde nap\u0159\u00edklad o \u0159\u00edd\u00edc\u00ed jednotku, powerbox, spojovac\u00ed ty\u010de, vzduchov\u00fd filtr a r\u016fzn\u00e9 sn\u00edma\u010de.\u201c<\/em><\/p>\n<p><a href=\"\/index.php\/2020\/01\/15\/dakar-2020-loprais-stahl-naskok-vjazovice\/\">St\u0159ede\u010dn\u00ed rychlostn\u00ed zkou\u0161ka<\/a> m\u011bla m\u011b\u0159it 534 kilometr\u016f a vyvrcholit t\u0159icetikilometrov\u00fdm pr\u016fjezdem dunov\u00fdm polem, ov\u0161em p\u0159\u00edroda byla proti. P\u00edse\u010dn\u00e1 bou\u0159e a sn\u00ed\u017een\u00e1 viditelnost p\u0159im\u011bly po\u0159adatele k zastaven\u00ed speci\u00e1lky u\u017e po 223 kilometrech.[\/vc_column_text][vc_single_image image=&#8221;15450&#8243; img_size=&#8221;large&#8221; add_caption=&#8221;yes&#8221; alignment=&#8221;center&#8221; onclick=&#8221;custom_link&#8221; img_link_target=&#8221;_blank&#8221; css_animation=&#8221;fadeIn&#8221; link=&#8221;http:\/\/eshop.dakarmania.cz\/&#8221;][vc_column_text css_animation=&#8221;fadeIn&#8221;]I na zkr\u00e1cen\u00e9 trati dok\u00e1zali <a href=\"\/index.php\/osobnosti\/ales-loprais\/\">Ale\u0161 Loprais<\/a> s Khalidem Alkendim a <a href=\"\/index.php\/osobnosti\/petr-pokora\/\">Petrem Pokorou<\/a> najet na <a href=\"\/index.php\/osobnosti\/sergej-vjazovic\/\">Sergeje Vjazovi\u010de<\/a> 24 minut a sv\u016fj odstup od pr\u016fb\u011b\u017en\u011b t\u0159et\u00edho B\u011blorusa sn\u00ed\u017eili na 41 minut, p\u0159esto\u017ee se sami pot\u00fdkali s technick\u00fdmi probl\u00e9my.<\/p>\n<p><em>\u201eDneska se op\u011bt projevil probl\u00e9m se senzorem turba. P\u011btkr\u00e1t jsme museli zastavit a resetovat auto,\u201c<\/em> popisuje <strong>Ale\u0161 Loprais<\/strong>. <em>\u201eM\u00edsty to bylo o p\u0159e\u017e\u00edv\u00e1n\u00ed. Nicm\u00e9n\u011b i tak mus\u00edme pod\u011bkovat na\u0161\u00ed Lady, \u017ee n\u00e1s dot\u00e1hla do fini\u0161e. P\u0159ed z\u00edt\u0159ej\u0161\u00ed velmi t\u011b\u017ekou etapou se j\u00ed s kluky budeme intenzivn\u011b v\u011bnovat. Dnes to m\u00e1me bez mechanik\u016f, tak\u017ee budeme makat v\u0161ichni. Bude to zaj\u00edmav\u00e1 noc.\u201c<\/em><\/p>\n<p>P\u0159edposledn\u00ed etapa Dakaru 2020 zavede sout\u011b\u017en\u00ed karavanu zp\u011bt do Haradhu. Tra\u0165 m\u011b\u0159\u00ed celkem 744 kilometr\u016f, 379 km se pojede jako rychlostn\u00ed zkou\u0161ka. Na \u00favodn\u00edch 80 kilometrech se pos\u00e1dky budou muset popasovat s nejimpozantn\u011bj\u0161\u00edmi dunami cel\u00e9 Sa\u00fadsk\u00e9 Ar\u00e1bie.<\/p>\n<p>Tiskov\u00e1 zpr\u00e1va Instaforex Loprais Teamu[\/vc_column_text][vc_empty_space height=&#8221;2px&#8221;][\/vc_column][\/vc_row]<\/p>\n","protected":false},"excerpt":{"rendered":"<p>Ale\u0161 Loprais, Khalid Alkendi a Petr Pokora maj\u00ed v maratonsk\u00e9m bivaku po des\u00e1t\u00e9 etap\u011b Rally Dakar 2020 napilno. Nov\u00e1 Praga V4S DKR pot\u0159ebuje p\u00e9\u010di<\/p>\n","protected":false},"author":3,"featured_media":14902,"comment_status":"open","ping_status":"closed","sticky":false,"template":"","format":"standard","meta":{"footnotes":""},"categories":[251,16,637],"tags":[903,65,8,159,1526,69,67,1557],"class_list":["post-14903","post","type-post","status-publish","format-standard","has-post-thumbnail","hentry","category-dakar-2020","category-kamion","category-tiskove-zpravy","tag-903","tag-ales-loprais","tag-dakar","tag-dakar-2020","tag-khalid-alkendi","tag-loprais-team","tag-petr-pokora","tag-praga"],"yoast_head":"<!-- This site is optimized with the Yoast SEO plugin v24.9 - https:\/\/yoast.com\/wordpress\/plugins\/seo\/ -->\n<title>Loprais p\u0159e\u017eil a p\u0159ibl\u00ed\u017eil se medailov\u00fdm pozic\u00edm - DAKARMANIA.cz<\/title>\n<meta name=\"description\" content=\"Ale\u0161 Loprais, Khalid Alkendi a Petr Pokora maj\u00ed v maratonsk\u00e9m bivaku po des\u00e1t\u00e9 etap\u011b Rally Dakar 2020 napilno. Nov\u00e1 Praga V4S DKR pot\u0159ebuje p\u00e9\u010di.\" \/>\n<meta name=\"robots\" content=\"index, follow, max-snippet:-1, max-image-preview:large, max-video-preview:-1\" \/>\n<link rel=\"canonical\" href=\"https:\/\/www.dakarmania.cz\/index.php\/2020\/01\/15\/loprais-bliz-medailovym-pozicim\/\" \/>\n<meta property=\"og:locale\" content=\"cs_CZ\" \/>\n<meta property=\"og:type\" content=\"article\" \/>\n<meta property=\"og:title\" content=\"Loprais p\u0159e\u017eil a p\u0159ibl\u00ed\u017eil se medailov\u00fdm pozic\u00edm - DAKARMANIA.cz\" \/>\n<meta property=\"og:description\" content=\"Ale\u0161 Loprais, Khalid Alkendi a Petr Pokora maj\u00ed v maratonsk\u00e9m bivaku po des\u00e1t\u00e9 etap\u011b Rally Dakar 2020 napilno. Nov\u00e1 Praga V4S DKR pot\u0159ebuje p\u00e9\u010di.\" \/>\n<meta property=\"og:url\" content=\"https:\/\/www.dakarmania.cz\/index.php\/2020\/01\/15\/loprais-bliz-medailovym-pozicim\/\" \/>\n<meta property=\"og:site_name\" content=\"DAKARMANIA.cz\" \/>\n<meta property=\"article:publisher\" content=\"https:\/\/www.facebook.com\/dakarmania\/\" \/>\n<meta property=\"article:published_time\" content=\"2020-01-15T19:22:50+00:00\" \/>\n<meta property=\"article:modified_time\" content=\"2020-03-27T21:08:21+00:00\" \/>\n<meta property=\"og:image\" content=\"https:\/\/www.dakarmania.cz\/wp-content\/uploads\/2020\/01\/20-dakar-loprais-26.jpg\" \/>\n\t<meta property=\"og:image:width\" content=\"1024\" \/>\n\t<meta property=\"og:image:height\" content=\"683\" \/>\n\t<meta property=\"og:image:type\" content=\"image\/jpeg\" \/>\n<meta name=\"author\" content=\"tiskov\u00e1 zpr\u00e1va\" \/>\n<meta name=\"twitter:card\" content=\"summary_large_image\" \/>\n<meta name=\"twitter:label1\" content=\"Napsal(a)\" \/>\n\t<meta name=\"twitter:data1\" content=\"tiskov\u00e1 zpr\u00e1va\" \/>\n\t<meta name=\"twitter:label2\" content=\"Odhadovan\u00e1 doba \u010dten\u00ed\" \/>\n\t<meta name=\"twitter:data2\" content=\"3 minuty\" \/>\n<script type=\"application\/ld+json\" class=\"yoast-schema-graph\">{\"@context\":\"https:\/\/schema.org\",\"@graph\":[{\"@type\":\"Article\",\"@id\":\"https:\/\/www.dakarmania.cz\/index.php\/2020\/01\/15\/loprais-bliz-medailovym-pozicim\/#article\",\"isPartOf\":{\"@id\":\"https:\/\/www.dakarmania.cz\/index.php\/2020\/01\/15\/loprais-bliz-medailovym-pozicim\/\"},\"author\":{\"name\":\"tiskov\u00e1 zpr\u00e1va\",\"@id\":\"https:\/\/www.dakarmania.cz\/#\/schema\/person\/bce8d1fe3633b1178e150fc5e340d5dd\"},\"headline\":\"Loprais p\u0159e\u017eil a p\u0159ibl\u00ed\u017eil se medailov\u00fdm pozic\u00edm\",\"datePublished\":\"2020-01-15T19:22:50+00:00\",\"dateModified\":\"2020-03-27T21:08:21+00:00\",\"mainEntityOfPage\":{\"@id\":\"https:\/\/www.dakarmania.cz\/index.php\/2020\/01\/15\/loprais-bliz-medailovym-pozicim\/\"},\"wordCount\":578,\"commentCount\":0,\"publisher\":{\"@id\":\"https:\/\/www.dakarmania.cz\/#organization\"},\"image\":{\"@id\":\"https:\/\/www.dakarmania.cz\/index.php\/2020\/01\/15\/loprais-bliz-medailovym-pozicim\/#primaryimage\"},\"thumbnailUrl\":\"https:\/\/www.dakarmania.cz\/wp-content\/uploads\/2020\/01\/20-dakar-loprais-26.jpg\",\"keywords\":[\"2020\",\"Ale\u0161 Loprais\",\"Dakar\",\"Dakar 2020\",\"Khalid Alkendi\",\"Loprais Team\",\"Petr Pokora\",\"Praga\"],\"articleSection\":[\"Dakar 2020\",\"Kamiony\",\"Tiskov\u00e9 zpr\u00e1vy\"],\"inLanguage\":\"cs\",\"potentialAction\":[{\"@type\":\"CommentAction\",\"name\":\"Comment\",\"target\":[\"https:\/\/www.dakarmania.cz\/index.php\/2020\/01\/15\/loprais-bliz-medailovym-pozicim\/#respond\"]}]},{\"@type\":\"WebPage\",\"@id\":\"https:\/\/www.dakarmania.cz\/index.php\/2020\/01\/15\/loprais-bliz-medailovym-pozicim\/\",\"url\":\"https:\/\/www.dakarmania.cz\/index.php\/2020\/01\/15\/loprais-bliz-medailovym-pozicim\/\",\"name\":\"Loprais p\u0159e\u017eil a p\u0159ibl\u00ed\u017eil se medailov\u00fdm pozic\u00edm - DAKARMANIA.cz\",\"isPartOf\":{\"@id\":\"https:\/\/www.dakarmania.cz\/#website\"},\"primaryImageOfPage\":{\"@id\":\"https:\/\/www.dakarmania.cz\/index.php\/2020\/01\/15\/loprais-bliz-medailovym-pozicim\/#primaryimage\"},\"image\":{\"@id\":\"https:\/\/www.dakarmania.cz\/index.php\/2020\/01\/15\/loprais-bliz-medailovym-pozicim\/#primaryimage\"},\"thumbnailUrl\":\"https:\/\/www.dakarmania.cz\/wp-content\/uploads\/2020\/01\/20-dakar-loprais-26.jpg\",\"datePublished\":\"2020-01-15T19:22:50+00:00\",\"dateModified\":\"2020-03-27T21:08:21+00:00\",\"description\":\"Ale\u0161 Loprais, Khalid Alkendi a Petr Pokora maj\u00ed v maratonsk\u00e9m bivaku po des\u00e1t\u00e9 etap\u011b Rally Dakar 2020 napilno. Nov\u00e1 Praga V4S DKR pot\u0159ebuje p\u00e9\u010di.\",\"breadcrumb\":{\"@id\":\"https:\/\/www.dakarmania.cz\/index.php\/2020\/01\/15\/loprais-bliz-medailovym-pozicim\/#breadcrumb\"},\"inLanguage\":\"cs\",\"potentialAction\":[{\"@type\":\"ReadAction\",\"target\":[\"https:\/\/www.dakarmania.cz\/index.php\/2020\/01\/15\/loprais-bliz-medailovym-pozicim\/\"]}]},{\"@type\":\"ImageObject\",\"inLanguage\":\"cs\",\"@id\":\"https:\/\/www.dakarmania.cz\/index.php\/2020\/01\/15\/loprais-bliz-medailovym-pozicim\/#primaryimage\",\"url\":\"https:\/\/www.dakarmania.cz\/wp-content\/uploads\/2020\/01\/20-dakar-loprais-26.jpg\",\"contentUrl\":\"https:\/\/www.dakarmania.cz\/wp-content\/uploads\/2020\/01\/20-dakar-loprais-26.jpg\",\"width\":1024,\"height\":683,\"caption\":\"Ale\u0161 Loprais\/Khalid Alkendi\/Petr Pokora, Praga V4S DKR, Instaforex Loprais Team. Rally Dakar 2020. \u00a9 ASO\/DPPI\"},{\"@type\":\"BreadcrumbList\",\"@id\":\"https:\/\/www.dakarmania.cz\/index.php\/2020\/01\/15\/loprais-bliz-medailovym-pozicim\/#breadcrumb\",\"itemListElement\":[{\"@type\":\"ListItem\",\"position\":1,\"name\":\"Dom\u016f\",\"item\":\"https:\/\/www.dakarmania.cz\/\"},{\"@type\":\"ListItem\",\"position\":2,\"name\":\"Loprais p\u0159e\u017eil a p\u0159ibl\u00ed\u017eil se medailov\u00fdm pozic\u00edm\"}]},{\"@type\":\"WebSite\",\"@id\":\"https:\/\/www.dakarmania.cz\/#website\",\"url\":\"https:\/\/www.dakarmania.cz\/\",\"name\":\"DAKARMANIA.cz\",\"description\":\"\u017dijeme Dakarem cel\u00fd rok\",\"publisher\":{\"@id\":\"https:\/\/www.dakarmania.cz\/#organization\"},\"potentialAction\":[{\"@type\":\"SearchAction\",\"target\":{\"@type\":\"EntryPoint\",\"urlTemplate\":\"https:\/\/www.dakarmania.cz\/?s={search_term_string}\"},\"query-input\":{\"@type\":\"PropertyValueSpecification\",\"valueRequired\":true,\"valueName\":\"search_term_string\"}}],\"inLanguage\":\"cs\"},{\"@type\":\"Organization\",\"@id\":\"https:\/\/www.dakarmania.cz\/#organization\",\"name\":\"DAKAR MANIA\",\"url\":\"https:\/\/www.dakarmania.cz\/\",\"logo\":{\"@type\":\"ImageObject\",\"inLanguage\":\"cs\",\"@id\":\"https:\/\/www.dakarmania.cz\/#\/schema\/logo\/image\/\",\"url\":\"https:\/\/www.dakarmania.cz\/wp-content\/uploads\/2018\/12\/Dakar-Mania-Logo-Square-Orange.png\",\"contentUrl\":\"https:\/\/www.dakarmania.cz\/wp-content\/uploads\/2018\/12\/Dakar-Mania-Logo-Square-Orange.png\",\"width\":992,\"height\":992,\"caption\":\"DAKAR MANIA\"},\"image\":{\"@id\":\"https:\/\/www.dakarmania.cz\/#\/schema\/logo\/image\/\"},\"sameAs\":[\"https:\/\/www.facebook.com\/dakarmania\/\"]},{\"@type\":\"Person\",\"@id\":\"https:\/\/www.dakarmania.cz\/#\/schema\/person\/bce8d1fe3633b1178e150fc5e340d5dd\",\"name\":\"tiskov\u00e1 zpr\u00e1va\",\"image\":{\"@type\":\"ImageObject\",\"inLanguage\":\"cs\",\"@id\":\"https:\/\/www.dakarmania.cz\/#\/schema\/person\/image\/\",\"url\":\"https:\/\/secure.gravatar.com\/avatar\/19aefcb6c7bfae691fca4d805686c670f59bb4f7414c7b398b88dc9c8f4e96d5?s=96&d=mm&r=g\",\"contentUrl\":\"https:\/\/secure.gravatar.com\/avatar\/19aefcb6c7bfae691fca4d805686c670f59bb4f7414c7b398b88dc9c8f4e96d5?s=96&d=mm&r=g\",\"caption\":\"tiskov\u00e1 zpr\u00e1va\"},\"url\":\"https:\/\/www.dakarmania.cz\/index.php\/author\/tiskovezpravy\/\"}]}<\/script>\n<!-- \/ Yoast SEO plugin. -->","yoast_head_json":{"title":"Loprais p\u0159e\u017eil a p\u0159ibl\u00ed\u017eil se medailov\u00fdm pozic\u00edm - DAKARMANIA.cz","description":"Ale\u0161 Loprais, Khalid Alkendi a Petr Pokora maj\u00ed v maratonsk\u00e9m bivaku po des\u00e1t\u00e9 etap\u011b Rally Dakar 2020 napilno. Nov\u00e1 Praga V4S DKR pot\u0159ebuje p\u00e9\u010di.","robots":{"index":"index","follow":"follow","max-snippet":"max-snippet:-1","max-image-preview":"max-image-preview:large","max-video-preview":"max-video-preview:-1"},"canonical":"https:\/\/www.dakarmania.cz\/index.php\/2020\/01\/15\/loprais-bliz-medailovym-pozicim\/","og_locale":"cs_CZ","og_type":"article","og_title":"Loprais p\u0159e\u017eil a p\u0159ibl\u00ed\u017eil se medailov\u00fdm pozic\u00edm - DAKARMANIA.cz","og_description":"Ale\u0161 Loprais, Khalid Alkendi a Petr Pokora maj\u00ed v maratonsk\u00e9m bivaku po des\u00e1t\u00e9 etap\u011b Rally Dakar 2020 napilno. Nov\u00e1 Praga V4S DKR pot\u0159ebuje p\u00e9\u010di.","og_url":"https:\/\/www.dakarmania.cz\/index.php\/2020\/01\/15\/loprais-bliz-medailovym-pozicim\/","og_site_name":"DAKARMANIA.cz","article_publisher":"https:\/\/www.facebook.com\/dakarmania\/","article_published_time":"2020-01-15T19:22:50+00:00","article_modified_time":"2020-03-27T21:08:21+00:00","og_image":[{"width":1024,"height":683,"url":"https:\/\/www.dakarmania.cz\/wp-content\/uploads\/2020\/01\/20-dakar-loprais-26.jpg","type":"image\/jpeg"}],"author":"tiskov\u00e1 zpr\u00e1va","twitter_card":"summary_large_image","twitter_misc":{"Napsal(a)":"tiskov\u00e1 zpr\u00e1va","Odhadovan\u00e1 doba \u010dten\u00ed":"3 minuty"},"schema":{"@context":"https:\/\/schema.org","@graph":[{"@type":"Article","@id":"https:\/\/www.dakarmania.cz\/index.php\/2020\/01\/15\/loprais-bliz-medailovym-pozicim\/#article","isPartOf":{"@id":"https:\/\/www.dakarmania.cz\/index.php\/2020\/01\/15\/loprais-bliz-medailovym-pozicim\/"},"author":{"name":"tiskov\u00e1 zpr\u00e1va","@id":"https:\/\/www.dakarmania.cz\/#\/schema\/person\/bce8d1fe3633b1178e150fc5e340d5dd"},"headline":"Loprais p\u0159e\u017eil a p\u0159ibl\u00ed\u017eil se medailov\u00fdm pozic\u00edm","datePublished":"2020-01-15T19:22:50+00:00","dateModified":"2020-03-27T21:08:21+00:00","mainEntityOfPage":{"@id":"https:\/\/www.dakarmania.cz\/index.php\/2020\/01\/15\/loprais-bliz-medailovym-pozicim\/"},"wordCount":578,"commentCount":0,"publisher":{"@id":"https:\/\/www.dakarmania.cz\/#organization"},"image":{"@id":"https:\/\/www.dakarmania.cz\/index.php\/2020\/01\/15\/loprais-bliz-medailovym-pozicim\/#primaryimage"},"thumbnailUrl":"https:\/\/www.dakarmania.cz\/wp-content\/uploads\/2020\/01\/20-dakar-loprais-26.jpg","keywords":["2020","Ale\u0161 Loprais","Dakar","Dakar 2020","Khalid Alkendi","Loprais Team","Petr Pokora","Praga"],"articleSection":["Dakar 2020","Kamiony","Tiskov\u00e9 zpr\u00e1vy"],"inLanguage":"cs","potentialAction":[{"@type":"CommentAction","name":"Comment","target":["https:\/\/www.dakarmania.cz\/index.php\/2020\/01\/15\/loprais-bliz-medailovym-pozicim\/#respond"]}]},{"@type":"WebPage","@id":"https:\/\/www.dakarmania.cz\/index.php\/2020\/01\/15\/loprais-bliz-medailovym-pozicim\/","url":"https:\/\/www.dakarmania.cz\/index.php\/2020\/01\/15\/loprais-bliz-medailovym-pozicim\/","name":"Loprais p\u0159e\u017eil a p\u0159ibl\u00ed\u017eil se medailov\u00fdm pozic\u00edm - DAKARMANIA.cz","isPartOf":{"@id":"https:\/\/www.dakarmania.cz\/#website"},"primaryImageOfPage":{"@id":"https:\/\/www.dakarmania.cz\/index.php\/2020\/01\/15\/loprais-bliz-medailovym-pozicim\/#primaryimage"},"image":{"@id":"https:\/\/www.dakarmania.cz\/index.php\/2020\/01\/15\/loprais-bliz-medailovym-pozicim\/#primaryimage"},"thumbnailUrl":"https:\/\/www.dakarmania.cz\/wp-content\/uploads\/2020\/01\/20-dakar-loprais-26.jpg","datePublished":"2020-01-15T19:22:50+00:00","dateModified":"2020-03-27T21:08:21+00:00","description":"Ale\u0161 Loprais, Khalid Alkendi a Petr Pokora maj\u00ed v maratonsk\u00e9m bivaku po des\u00e1t\u00e9 etap\u011b Rally Dakar 2020 napilno. Nov\u00e1 Praga V4S DKR pot\u0159ebuje p\u00e9\u010di.","breadcrumb":{"@id":"https:\/\/www.dakarmania.cz\/index.php\/2020\/01\/15\/loprais-bliz-medailovym-pozicim\/#breadcrumb"},"inLanguage":"cs","potentialAction":[{"@type":"ReadAction","target":["https:\/\/www.dakarmania.cz\/index.php\/2020\/01\/15\/loprais-bliz-medailovym-pozicim\/"]}]},{"@type":"ImageObject","inLanguage":"cs","@id":"https:\/\/www.dakarmania.cz\/index.php\/2020\/01\/15\/loprais-bliz-medailovym-pozicim\/#primaryimage","url":"https:\/\/www.dakarmania.cz\/wp-content\/uploads\/2020\/01\/20-dakar-loprais-26.jpg","contentUrl":"https:\/\/www.dakarmania.cz\/wp-content\/uploads\/2020\/01\/20-dakar-loprais-26.jpg","width":1024,"height":683,"caption":"Ale\u0161 Loprais\/Khalid Alkendi\/Petr Pokora, Praga V4S DKR, Instaforex Loprais Team. Rally Dakar 2020. \u00a9 ASO\/DPPI"},{"@type":"BreadcrumbList","@id":"https:\/\/www.dakarmania.cz\/index.php\/2020\/01\/15\/loprais-bliz-medailovym-pozicim\/#breadcrumb","itemListElement":[{"@type":"ListItem","position":1,"name":"Dom\u016f","item":"https:\/\/www.dakarmania.cz\/"},{"@type":"ListItem","position":2,"name":"Loprais p\u0159e\u017eil a p\u0159ibl\u00ed\u017eil se medailov\u00fdm pozic\u00edm"}]},{"@type":"WebSite","@id":"https:\/\/www.dakarmania.cz\/#website","url":"https:\/\/www.dakarmania.cz\/","name":"DAKARMANIA.cz","description":"\u017dijeme Dakarem cel\u00fd rok","publisher":{"@id":"https:\/\/www.dakarmania.cz\/#organization"},"potentialAction":[{"@type":"SearchAction","target":{"@type":"EntryPoint","urlTemplate":"https:\/\/www.dakarmania.cz\/?s={search_term_string}"},"query-input":{"@type":"PropertyValueSpecification","valueRequired":true,"valueName":"search_term_string"}}],"inLanguage":"cs"},{"@type":"Organization","@id":"https:\/\/www.dakarmania.cz\/#organization","name":"DAKAR MANIA","url":"https:\/\/www.dakarmania.cz\/","logo":{"@type":"ImageObject","inLanguage":"cs","@id":"https:\/\/www.dakarmania.cz\/#\/schema\/logo\/image\/","url":"https:\/\/www.dakarmania.cz\/wp-content\/uploads\/2018\/12\/Dakar-Mania-Logo-Square-Orange.png","contentUrl":"https:\/\/www.dakarmania.cz\/wp-content\/uploads\/2018\/12\/Dakar-Mania-Logo-Square-Orange.png","width":992,"height":992,"caption":"DAKAR MANIA"},"image":{"@id":"https:\/\/www.dakarmania.cz\/#\/schema\/logo\/image\/"},"sameAs":["https:\/\/www.facebook.com\/dakarmania\/"]},{"@type":"Person","@id":"https:\/\/www.dakarmania.cz\/#\/schema\/person\/bce8d1fe3633b1178e150fc5e340d5dd","name":"tiskov\u00e1 zpr\u00e1va","image":{"@type":"ImageObject","inLanguage":"cs","@id":"https:\/\/www.dakarmania.cz\/#\/schema\/person\/image\/","url":"https:\/\/secure.gravatar.com\/avatar\/19aefcb6c7bfae691fca4d805686c670f59bb4f7414c7b398b88dc9c8f4e96d5?s=96&d=mm&r=g","contentUrl":"https:\/\/secure.gravatar.com\/avatar\/19aefcb6c7bfae691fca4d805686c670f59bb4f7414c7b398b88dc9c8f4e96d5?s=96&d=mm&r=g","caption":"tiskov\u00e1 zpr\u00e1va"},"url":"https:\/\/www.dakarmania.cz\/index.php\/author\/tiskovezpravy\/"}]}},"amp_enabled":true,"_links":{"self":[{"href":"https:\/\/www.dakarmania.cz\/index.php\/wp-json\/wp\/v2\/posts\/14903","targetHints":{"allow":["GET"]}}],"collection":[{"href":"https:\/\/www.dakarmania.cz\/index.php\/wp-json\/wp\/v2\/posts"}],"about":[{"href":"https:\/\/www.dakarmania.cz\/index.php\/wp-json\/wp\/v2\/types\/post"}],"author":[{"embeddable":true,"href":"https:\/\/www.dakarmania.cz\/index.php\/wp-json\/wp\/v2\/users\/3"}],"replies":[{"embeddable":true,"href":"https:\/\/www.dakarmania.cz\/index.php\/wp-json\/wp\/v2\/comments?post=14903"}],"version-history":[{"count":3,"href":"https:\/\/www.dakarmania.cz\/index.php\/wp-json\/wp\/v2\/posts\/14903\/revisions"}],"predecessor-version":[{"id":15578,"href":"https:\/\/www.dakarmania.cz\/index.php\/wp-json\/wp\/v2\/posts\/14903\/revisions\/15578"}],"wp:featuredmedia":[{"embeddable":true,"href":"https:\/\/www.dakarmania.cz\/index.php\/wp-json\/wp\/v2\/media\/14902"}],"wp:attachment":[{"href":"https:\/\/www.dakarmania.cz\/index.php\/wp-json\/wp\/v2\/media?parent=14903"}],"wp:term":[{"taxonomy":"category","embeddable":true,"href":"https:\/\/www.dakarmania.cz\/index.php\/wp-json\/wp\/v2\/categories?post=14903"},{"taxonomy":"post_tag","embeddable":true,"href":"https:\/\/www.dakarmania.cz\/index.php\/wp-json\/wp\/v2\/tags?post=14903"}],"curies":[{"name":"wp","href":"https:\/\/api.w.org\/{rel}","templated":true}]}}