{"id":15002,"date":"2020-01-16T21:50:57","date_gmt":"2020-01-16T20:50:57","guid":{"rendered":"https:\/\/www.dakarmania.cz\/?p=15002"},"modified":"2020-03-27T22:04:13","modified_gmt":"2020-03-27T21:04:13","slug":"dakar-2020-peterhansel-poosmdesate","status":"publish","type":"post","link":"https:\/\/www.dakarmania.cz\/index.php\/2020\/01\/16\/dakar-2020-peterhansel-poosmdesate\/","title":{"rendered":"Dakar 2020: Peterhansel poosmdes\u00e1t\u00e9"},"content":{"rendered":"<p>[vc_row][vc_column][vc_column_text css_animation=&#8221;fadeIn&#8221;]<\/p>\n<h3>St\u00e9phane Peterhansel a Nasser Al-Attiyah se v p\u0159edposledn\u00ed etap\u011b Rally Dakar 2020 sna\u017eili ukrojit maximum z n\u00e1skoku vedouc\u00edho Carlose Sainze. Z\u00e1rove\u0148 svedli velk\u00fd souboj o etapov\u00e9 v\u00edt\u011bzstv\u00ed, kter\u00e9 nakonec rozd\u00edlem deseti sekund uko\u0159istil Francouz.<\/h3>\n<p>[\/vc_column_text][vc_single_image image=&#8221;15008&#8243; img_size=&#8221;large&#8221; add_caption=&#8221;yes&#8221; alignment=&#8221;center&#8221; onclick=&#8221;link_image&#8221; css_animation=&#8221;fadeIn&#8221;][vc_column_text css_animation=&#8221;fadeIn&#8221;]P\u0159edposledn\u00ed etapa <a href=\"\/index.php\/souteze\/dakar-2020\/\">Rally Dakar 2020<\/a> se jela ze Shubaytahu, kde z\u00e1vodn\u00edci str\u00e1vili noc v maratonsk\u00e9m bivaku bez sv\u00fdch mechanik\u016f, do Haradhu. Rychlostn\u00ed zkou\u0161ka m\u011b\u0159ila 379 kilometr\u016f a prakticky cel\u00e1 vedla v dun\u00e1ch. Typick\u00e1 dakarsk\u00e1 etapa se stala ko\u0159ist\u00ed nejv\u011bt\u0161\u00ed hv\u011bzdy cel\u00e9 historie tohoto maratonu.[\/vc_column_text][vc_column_text css_animation=&#8221;fadeIn&#8221; css=&#8221;.vc_custom_1579207018485{padding-top: 10px !important;padding-right: 10px !important;padding-bottom: 20px !important;padding-left: 10px !important;background-color: #dbd9d9 !important;}&#8221;]<strong>Dal\u0161\u00ed kategorie:<\/strong><\/p>\n<p><a href=\"\/index.php\/2020\/01\/16\/dakar-2020-loprais-a-soltys-ztratili\/\"><strong>&gt; KAMIONY:<\/strong> Mac\u00edk je p\u00e1t\u00fd, Loprais a \u0160oltys ztratili<\/a><br \/>\n<a href=\"\/index.php\/2020\/01\/16\/dakar-2020-michek-prisel-o-nadeji\/\"><strong>&gt; MOTO:<\/strong> Michek p\u0159i\u0161el o nad\u011bji, Brabec o polovinu n\u00e1skoku<\/a>[\/vc_column_text][vc_column_text css_animation=&#8221;fadeIn&#8221;]T\u0159in\u00e1ctin\u00e1sobn\u00fd v\u00edt\u011bz Dakaru <a href=\"\/index.php\/osobnosti\/stephane-peterhansel\/\">St\u00e9phane Peterhansel<\/a> zaokrouhlil svou bilanci vyhran\u00fdch etap na rovn\u00fdch osmdes\u00e1t. T\u0159iat\u0159icetkr\u00e1t byl nejrychlej\u0161\u00ed na motocyklu, sedma\u010dty\u0159icetkr\u00e1t za volantem automobilu. Letos se s navig\u00e1torem Paulem Fi\u00fazou radoval u\u017e po\u010dtvrt\u00e9. Druhou p\u0159\u00ed\u010dku v historick\u00fdch statistik\u00e1ch dr\u017e\u00ed s velk\u00fdm odstupem Vladimir \u010cagin, jen\u017e pro Kamaz uko\u0159istil t\u0159ia\u0161edes\u00e1t etap.<\/p>\n<h4>T\u0159i kr\u00e1lov\u00e9<\/h4>\n<p>Peterhansel (Mini) a <a href=\"\/index.php\/osobnosti\/nasser-al-attiyah\/\">Nasser Al-Attiyah<\/a> (Toyota) vyu\u017eili ve \u010dtvrtek v\u00fdhodn\u00fdch startovn\u00edch pozic a o osm minut se p\u0159ibl\u00ed\u017eili vedouc\u00edmu <a href=\"\/index.php\/osobnosti\/carlos-sainz\/\">Carlosi Sainzovi<\/a> s dal\u0161\u00ed buginou Mini. V celkov\u00e9m sou\u010dtu m\u00e1 druh\u00fd Kata\u0159an p\u0159ed t\u0159et\u00edm Francouzem k dobru pouh\u00fdch \u0161est sekund.[\/vc_column_text][vc_single_image image=&#8221;15450&#8243; img_size=&#8221;large&#8221; add_caption=&#8221;yes&#8221; alignment=&#8221;center&#8221; onclick=&#8221;custom_link&#8221; img_link_target=&#8221;_blank&#8221; css_animation=&#8221;fadeIn&#8221; link=&#8221;http:\/\/eshop.dakarmania.cz\/&#8221;][vc_column_text css_animation=&#8221;fadeIn&#8221;]<em>\u201e<a href=\"\/index.php\/2020\/01\/15\/dakar-2020-sainz-unikl\/\">V\u010derej\u0161\u00ed chyba<\/a> v navigaci n\u00e1s st\u00e1la spoustu \u010dasu, naopak najet minuty za norm\u00e1ln\u00edch okolnost\u00ed je stra\u0161n\u011b t\u011b\u017ek\u00e9,\u201c<\/em> v\u00ed <strong>St\u00e9phane Peterhansel<\/strong>. <em>\u201eDne\u0161n\u00ed etapa byla t\u011b\u017e\u0161\u00ed, ne\u017e jsme \u010dekali, s m\u011bkk\u00fdm p\u00edskem a strm\u00fdmi dunami. \u010clov\u011bk se mus\u00ed skute\u010dn\u011b stoprocentn\u011b soust\u0159edit, ale my jsme z\u00e1rove\u0148 jeli hned od za\u010d\u00e1tku \u00fapln\u011b naplno. N\u011bjak\u00fd \u010das jsme ze sv\u00e9 ztr\u00e1ty umazali, ale nen\u00ed to dost. Nicm\u00e9n\u011b st\u00e1le je\u0161t\u011b bojujeme s Nasserem o druh\u00e9 m\u00edsto.\u201c<\/em><\/p>\n<p>Vynikaj\u00edc\u00ed v\u00fdkon dnes podal tak\u00e9 Sainz. P\u0159esto\u017ee jako v\u00edt\u011bz p\u0159edchoz\u00ed etapy startoval do speci\u00e1lky prvn\u00ed, v jej\u00edch v\u00fdsledc\u00edch mu pat\u0159ila t\u0159et\u00ed p\u0159\u00ed\u010dka. D\u00edky tomu p\u016fjde do z\u00e1v\u011bre\u010dn\u00e9ho dne s desetiminutov\u00fdm n\u00e1skokem.<\/p>\n<p><em>\u201eJe dob\u0159e, \u017ee m\u00e1me maratonskou etapu za sebou. To je v\u017edycky d\u016fle\u017eit\u00e9. V\u010dera jsme se museli o auto postarat sami, ale v\u0161e \u0161lo dob\u0159e. Dnes jsme jeli jako prvn\u00ed a v takov\u00e9m p\u0159\u00edpad\u011b je \u010dlov\u011bk v\u017edycky trochu opatrn\u011bj\u0161\u00ed. P\u0159ed sebou sice vid\u00edte stopy motorek, ale to neznamen\u00e1, \u017ee tudy projede i auto,\u201c<\/em> upozor\u0148uje <strong>Carlos Sainz<\/strong>. <em>\u201eTra\u0165 nebyla jednoduch\u00e1. Bylo na n\u00ed hodn\u011b dun, kter\u00e9 za hranou prudce klesaly. Na takov\u00fdch m\u00edstech snadno ud\u011bl\u00e1te chybu. Zb\u00fdv\u00e1 posledn\u00ed den. Z\u00edtra si budu hl\u00eddat rozestupy a budu se maxim\u00e1ln\u011b soust\u0159edit.\u201c<\/em>[\/vc_column_text][vc_single_image image=&#8221;15013&#8243; img_size=&#8221;large&#8221; add_caption=&#8221;yes&#8221; alignment=&#8221;center&#8221; onclick=&#8221;link_image&#8221; css_animation=&#8221;fadeIn&#8221;][vc_column_text css_animation=&#8221;fadeIn&#8221;]O p\u00e1tou p\u0159\u00ed\u010dku dnes <a href=\"\/index.php\/osobnosti\/orlando-terranova\/\">Orlanda Terranovu<\/a> (Mini JCW Rally) p\u0159ipravil <a href=\"\/index.php\/osobnosti\/giniel-de-villiers\/\">Giniel de Villiers<\/a> (Toyota). A tak\u00e9 tento duel se p\u0159enese i do z\u00e1v\u011bre\u010dn\u00e9 etapy, nebo\u0165 Argentinec na Jihoafri\u010dana ztr\u00e1c\u00ed jen \u0161est minut.<\/p>\n<h4>Znovu t\u011bsn\u011b za des\u00edtkou<\/h4>\n<p>Br\u00e1nu elitn\u00ed des\u00edtky ani tentokr\u00e1t neodemkli <a href=\"\/index.php\/osobnosti\/martin-prokop\/\">Martin Prokop<\/a> s <a href=\"\/index.php\/osobnosti\/viktor-chytka\/\">Viktorem Chytkou<\/a>. Pos\u00e1dka t\u00fdmu MP-Sports dovezla sv\u016fj Ford pot\u0159et\u00ed v \u0159ad\u011b na jeden\u00e1ct\u00e9m m\u00edst\u011b a celkov\u011b je dvan\u00e1ct\u00e1. B\u011bhem dvoudenn\u00ed maratonsk\u00e9 etapy se musela vypo\u0159\u00e1dat hned se dv\u011bma technick\u00fdmi probl\u00e9my.<\/p>\n<p><em>\u201eVe st\u0159edu ve\u010der jsme s Viktorem m\u011bnili prasklou pru\u017einu na tlumi\u010di, kterou n\u00e1m na\u0161t\u011bst\u00ed veze v kamionu Filip \u0160krob\u00e1nek,\u201c<\/em> zmi\u0148uje <strong>Martin Prokop<\/strong> dakarsk\u00e9ho d\u0159\u00ed\u010de, kter\u00fd mu je\u0161t\u011b loni d\u011blal asistenci. <em>\u201eDnes jsme v neutralizaci na dvoust\u00e9m kilometru zjistili, \u017ee m\u00e1me po\u0161kozenou pravou zadn\u00ed poloosu. Sedmdes\u00e1t kilometr\u016f p\u0159ed c\u00edlem n\u00e1m p\u0159estala fungovat \u00fapln\u011b. Rozhodli jsme se, \u017ee m\u011b\u0159en\u00fd \u00fasek zkus\u00edme dojet jen s pohonem t\u0159\u00ed kol. Tentokr\u00e1t bylo \u0161t\u011bst\u00ed na na\u0161\u00ed stran\u011b, proto\u017ee po t\u0159ech stech dvaceti kilometrech dun bylo posledn\u00edch sedmdes\u00e1t po jedin\u00e9 dlouh\u00e9 rovin\u011b bez jak\u00e9hokoliv v\u00fdjezdu. Jenom jsme jeli sto \u010dty\u0159icet m\u00edsto sto osmdes\u00e1ti kilometr\u016f v hodin\u011b, ale auto jsme dovezli do c\u00edle.\u201c<\/em>[\/vc_column_text][vc_single_image image=&#8221;15012&#8243; img_size=&#8221;large&#8221; add_caption=&#8221;yes&#8221; alignment=&#8221;center&#8221; onclick=&#8221;link_image&#8221; css_animation=&#8221;fadeIn&#8221;][vc_column_text css_animation=&#8221;fadeIn&#8221;]<a href=\"\/index.php\/osobnosti\/fernando-alonso\/\">Fernando Alonso<\/a> (Toyota) figuruje po v\u010derej\u0161\u00ed hav\u00e1rii t\u011bsn\u011b za Prokopem, na rozd\u00edl od \u010desk\u00e9ho z\u00e1vodn\u00edka se v\u0161ak i dnes do top 10 prosadil. Celkov\u011b se to b\u00fdval\u00e9mu mistru sv\u011bta formule 1 povedlo u\u017e posedm\u00e9.<\/p>\n<p>O vzru\u0161en\u00ed se postarali Pierre Lachaume a Jean-Michel Polato, kte\u0159\u00ed se v\u010dera bl\u00fdskli \u010dtvrt\u00fdm \u010dasem a posunuli se do prvn\u00ed des\u00edtky. Jen\u017ee Francouzi leto\u0161n\u00ed Dakar nedokon\u010d\u00ed. Po hav\u00e1rii na jedn\u00e9 z dun je Peugeot t\u00fdmu PH Sport zni\u010den\u00fd. Pos\u00e1dka z incidentu vyv\u00e1zla bez zran\u011bn\u00ed.<\/p>\n<p>V p\u00e1tek 17. ledna uzav\u0159e Dakar 2020 dvan\u00e1ct\u00e1 etapa z Haradhu do Qiddiye. Na z\u00e1vodn\u00edky \u010dek\u00e1 je\u0161t\u011b 374 kilometr\u016f speci\u00e1lky a po\u0159adatel\u00e9 op\u011bt varuj\u00ed p\u0159ed obt\u00ed\u017enou navigac\u00ed. Na posledn\u00edm 20kilometrov\u00e9m \u00faseku se bude bojovat o trofej Qiddiye, dosa\u017een\u00e9 \u010dasy na tomto testu se v\u0161ak u\u017e nebudou po\u010d\u00edtat do celkov\u00fdch v\u00fdsledk\u016f rally.[\/vc_column_text][vc_column_text css_animation=&#8221;fadeIn&#8221;]<\/p>\n<table style=\"width: 97.7654%;\" rules=\"rows\" cellpadding=\"4px\">\n<tbody>\n<tr style=\"background-color: #9e9d9d; color: white;\">\n<td style=\"text-align: center;\" colspan=\"4\"><span style=\"font-size: 10pt;\"><strong>Rally Dakar 2020<br \/>\nAUTOMOBILY<br \/>\npr\u016fb\u011b\u017en\u00e9 po\u0159ad\u00ed po 11. etap\u011b<\/strong><\/span><\/td>\n<\/tr>\n<tr style=\"background-color: #dbd9d9;\">\n<td>1.<\/td>\n<td>Sainz\/Cruz<\/td>\n<td>Mini JCW Buggy<\/td>\n<td style=\"text-align: right;\">41:37:51<\/td>\n<\/tr>\n<tr style=\"background-color: #f2f2f2;\">\n<td>2.<\/td>\n<td>Al-Attiyah\/Baumel<\/td>\n<td>Toyota Hilux<\/td>\n<td style=\"text-align: right;\">+10:17<\/td>\n<\/tr>\n<tr style=\"background-color: #dbd9d9;\">\n<td>3.<\/td>\n<td>Peterhansel\/Fi\u00faza<\/td>\n<td>Mini JCW Buggy<\/td>\n<td style=\"text-align: right;\">+10:23<\/td>\n<\/tr>\n<tr style=\"background-color: #f2f2f2;\">\n<td>4.<\/td>\n<td>Al-Rajhi\/\u017dilcov<\/td>\n<td>Toyota Hilux<\/td>\n<td style=\"text-align: right;\">+47:57<\/td>\n<\/tr>\n<tr style=\"background-color: #dbd9d9;\">\n<td>5.<\/td>\n<td>De Villiers\/Haro<\/td>\n<td>Toyota Hilux<\/td>\n<td style=\"text-align: right;\">+1:06:34<\/td>\n<\/tr>\n<tr style=\"background-color: #f2f2f2;\">\n<td>6.<\/td>\n<td>Terranova\/Graue<\/td>\n<td>Mini JCW Rally<\/td>\n<td style=\"text-align: right;\">+1:12:55<\/td>\n<\/tr>\n<tr style=\"background-color: #dbd9d9;\">\n<td>7.<\/td>\n<td>Ten Brinke\/Colsoul<\/td>\n<td>Toyota Hilux<\/td>\n<td style=\"text-align: right;\">+1:17:50<\/td>\n<\/tr>\n<tr style=\"background-color: #f2f2f2;\">\n<td>8.<\/td>\n<td>Serradori\/Lurquin<\/td>\n<td>Century Buggy<\/td>\n<td style=\"text-align: right;\">+1:57:32<\/td>\n<\/tr>\n<tr style=\"background-color: #dbd9d9;\">\n<td>9.<\/td>\n<td>Seaidan\/Kuzmi\u010d<\/td>\n<td>Mini JCW Rally<\/td>\n<td style=\"text-align: right;\">+3:44:41<\/td>\n<\/tr>\n<tr style=\"background-color: #f2f2f2;\">\n<td>10.<\/td>\n<td>Han\/Liao<\/td>\n<td>Hanwei 2WD<\/td>\n<td style=\"text-align: right;\">+3:45:07<\/td>\n<\/tr>\n<tr style=\"background-color: #dbd9d9;\">\n<td>12.<\/td>\n<td>Prokop\/Chytka<\/td>\n<td>Ford Raptor RS Cross-Country<\/td>\n<td style=\"text-align: right;\">+4:02:28<\/td>\n<\/tr>\n<tr style=\"background-color: #f2f2f2;\">\n<td>13.<\/td>\n<td>Alonso\/Coma<\/td>\n<td>Toyota Hilux<\/td>\n<td style=\"text-align: right;\">+4:43:18<\/td>\n<\/tr>\n<tr style=\"background-color: #dbd9d9;\">\n<td>17.<\/td>\n<td>Zapletal\/S\u00fdkora<\/td>\n<td>Ford F-150<\/td>\n<td style=\"text-align: right;\">+7:23:26<\/td>\n<\/tr>\n<tr style=\"background-color: #f2f2f2;\">\n<td>37.<\/td>\n<td>Ou\u0159edn\u00ed\u010dek\/K\u0159\u00edpal<\/td>\n<td>Ford Ranger<\/td>\n<td style=\"text-align: right;\">+15:34:29<\/td>\n<\/tr>\n<tr style=\"background-color: #dbd9d9;\">\n<td>55.<\/td>\n<td>Vacul\u00edk\/Plechat\u00fd<\/td>\n<td>Ford F-150 Evo<\/td>\n<td style=\"text-align: right;\">+78:05:32<\/td>\n<\/tr>\n<\/tbody>\n<\/table>\n<p>[\/vc_column_text][vc_empty_space height=&#8221;2px&#8221;][\/vc_column][\/vc_row][vc_row][vc_column][\/vc_column][\/vc_row]<\/p>\n","protected":false},"excerpt":{"rendered":"<p>St\u00e9phane Peterhansel a Nasser Al-Attiyah se v p\u0159edposledn\u00ed etap\u011b Rally Dakar 2020 sna\u017eili ukrojit maximum z n\u00e1skoku vedouc\u00edho Carlose Sainze.<\/p>\n","protected":false},"author":1,"featured_media":15007,"comment_status":"open","ping_status":"closed","sticky":false,"template":"","format":"standard","meta":{"footnotes":""},"categories":[3,251],"tags":[903,8,159],"class_list":["post-15002","post","type-post","status-publish","format-standard","has-post-thumbnail","hentry","category-auto","category-dakar-2020","tag-903","tag-dakar","tag-dakar-2020"],"yoast_head":"<!-- This site is optimized with the Yoast SEO plugin v24.9 - https:\/\/yoast.com\/wordpress\/plugins\/seo\/ -->\n<title>Dakar 2020: Peterhansel poosmdes\u00e1t\u00e9 - DAKARMANIA.cz<\/title>\n<meta name=\"description\" content=\"St\u00e9phane Peterhansel a Nasser Al-Attiyah se v p\u0159edposledn\u00ed etap\u011b Rally Dakar 2020 sna\u017eili ukrojit maximum z n\u00e1skoku vedouc\u00edho Carlose Sainze.\" \/>\n<meta name=\"robots\" content=\"index, follow, max-snippet:-1, max-image-preview:large, max-video-preview:-1\" \/>\n<link rel=\"canonical\" href=\"https:\/\/www.dakarmania.cz\/index.php\/2020\/01\/16\/dakar-2020-peterhansel-poosmdesate\/\" \/>\n<meta property=\"og:locale\" content=\"cs_CZ\" \/>\n<meta property=\"og:type\" content=\"article\" \/>\n<meta property=\"og:title\" content=\"Dakar 2020: Peterhansel poosmdes\u00e1t\u00e9 - DAKARMANIA.cz\" \/>\n<meta property=\"og:description\" content=\"St\u00e9phane Peterhansel a Nasser Al-Attiyah se v p\u0159edposledn\u00ed etap\u011b Rally Dakar 2020 sna\u017eili ukrojit maximum z n\u00e1skoku vedouc\u00edho Carlose Sainze.\" \/>\n<meta property=\"og:url\" content=\"https:\/\/www.dakarmania.cz\/index.php\/2020\/01\/16\/dakar-2020-peterhansel-poosmdesate\/\" \/>\n<meta property=\"og:site_name\" content=\"DAKARMANIA.cz\" \/>\n<meta property=\"article:publisher\" content=\"https:\/\/www.facebook.com\/dakarmania\/\" \/>\n<meta property=\"article:published_time\" content=\"2020-01-16T20:50:57+00:00\" \/>\n<meta property=\"article:modified_time\" content=\"2020-03-27T21:04:13+00:00\" \/>\n<meta property=\"og:image\" content=\"https:\/\/www.dakarmania.cz\/wp-content\/uploads\/2020\/01\/20-dakar-peterhansel-08.jpg\" \/>\n\t<meta property=\"og:image:width\" content=\"1024\" \/>\n\t<meta property=\"og:image:height\" content=\"683\" \/>\n\t<meta property=\"og:image:type\" content=\"image\/jpeg\" \/>\n<meta name=\"author\" content=\"Zden\u011bk Zelenka\" \/>\n<meta name=\"twitter:card\" content=\"summary_large_image\" \/>\n<meta name=\"twitter:label1\" content=\"Napsal(a)\" \/>\n\t<meta name=\"twitter:data1\" content=\"Zden\u011bk Zelenka\" \/>\n\t<meta name=\"twitter:label2\" content=\"Odhadovan\u00e1 doba \u010dten\u00ed\" \/>\n\t<meta name=\"twitter:data2\" content=\"6 minut\" \/>\n<script type=\"application\/ld+json\" class=\"yoast-schema-graph\">{\"@context\":\"https:\/\/schema.org\",\"@graph\":[{\"@type\":\"Article\",\"@id\":\"https:\/\/www.dakarmania.cz\/index.php\/2020\/01\/16\/dakar-2020-peterhansel-poosmdesate\/#article\",\"isPartOf\":{\"@id\":\"https:\/\/www.dakarmania.cz\/index.php\/2020\/01\/16\/dakar-2020-peterhansel-poosmdesate\/\"},\"author\":{\"name\":\"Zden\u011bk Zelenka\",\"@id\":\"https:\/\/www.dakarmania.cz\/#\/schema\/person\/04eb0e87a389631c2169c0dddae7ff1e\"},\"headline\":\"Dakar 2020: Peterhansel poosmdes\u00e1t\u00e9\",\"datePublished\":\"2020-01-16T20:50:57+00:00\",\"dateModified\":\"2020-03-27T21:04:13+00:00\",\"mainEntityOfPage\":{\"@id\":\"https:\/\/www.dakarmania.cz\/index.php\/2020\/01\/16\/dakar-2020-peterhansel-poosmdesate\/\"},\"wordCount\":1204,\"commentCount\":0,\"publisher\":{\"@id\":\"https:\/\/www.dakarmania.cz\/#organization\"},\"image\":{\"@id\":\"https:\/\/www.dakarmania.cz\/index.php\/2020\/01\/16\/dakar-2020-peterhansel-poosmdesate\/#primaryimage\"},\"thumbnailUrl\":\"https:\/\/www.dakarmania.cz\/wp-content\/uploads\/2020\/01\/20-dakar-peterhansel-08.jpg\",\"keywords\":[\"2020\",\"Dakar\",\"Dakar 2020\"],\"articleSection\":[\"Auto\",\"Dakar 2020\"],\"inLanguage\":\"cs\",\"potentialAction\":[{\"@type\":\"CommentAction\",\"name\":\"Comment\",\"target\":[\"https:\/\/www.dakarmania.cz\/index.php\/2020\/01\/16\/dakar-2020-peterhansel-poosmdesate\/#respond\"]}]},{\"@type\":\"WebPage\",\"@id\":\"https:\/\/www.dakarmania.cz\/index.php\/2020\/01\/16\/dakar-2020-peterhansel-poosmdesate\/\",\"url\":\"https:\/\/www.dakarmania.cz\/index.php\/2020\/01\/16\/dakar-2020-peterhansel-poosmdesate\/\",\"name\":\"Dakar 2020: Peterhansel poosmdes\u00e1t\u00e9 - DAKARMANIA.cz\",\"isPartOf\":{\"@id\":\"https:\/\/www.dakarmania.cz\/#website\"},\"primaryImageOfPage\":{\"@id\":\"https:\/\/www.dakarmania.cz\/index.php\/2020\/01\/16\/dakar-2020-peterhansel-poosmdesate\/#primaryimage\"},\"image\":{\"@id\":\"https:\/\/www.dakarmania.cz\/index.php\/2020\/01\/16\/dakar-2020-peterhansel-poosmdesate\/#primaryimage\"},\"thumbnailUrl\":\"https:\/\/www.dakarmania.cz\/wp-content\/uploads\/2020\/01\/20-dakar-peterhansel-08.jpg\",\"datePublished\":\"2020-01-16T20:50:57+00:00\",\"dateModified\":\"2020-03-27T21:04:13+00:00\",\"description\":\"St\u00e9phane Peterhansel a Nasser Al-Attiyah se v p\u0159edposledn\u00ed etap\u011b Rally Dakar 2020 sna\u017eili ukrojit maximum z n\u00e1skoku vedouc\u00edho Carlose Sainze.\",\"breadcrumb\":{\"@id\":\"https:\/\/www.dakarmania.cz\/index.php\/2020\/01\/16\/dakar-2020-peterhansel-poosmdesate\/#breadcrumb\"},\"inLanguage\":\"cs\",\"potentialAction\":[{\"@type\":\"ReadAction\",\"target\":[\"https:\/\/www.dakarmania.cz\/index.php\/2020\/01\/16\/dakar-2020-peterhansel-poosmdesate\/\"]}]},{\"@type\":\"ImageObject\",\"inLanguage\":\"cs\",\"@id\":\"https:\/\/www.dakarmania.cz\/index.php\/2020\/01\/16\/dakar-2020-peterhansel-poosmdesate\/#primaryimage\",\"url\":\"https:\/\/www.dakarmania.cz\/wp-content\/uploads\/2020\/01\/20-dakar-peterhansel-08.jpg\",\"contentUrl\":\"https:\/\/www.dakarmania.cz\/wp-content\/uploads\/2020\/01\/20-dakar-peterhansel-08.jpg\",\"width\":1024,\"height\":683,\"caption\":\"St\u00e9phane Peterhansel\/Paulo Fi\u00faza, Mini JCW Buggy, Bahrain JCW X-Raid Team. Rally Dakar 2020. \u00a9 X-raid\"},{\"@type\":\"BreadcrumbList\",\"@id\":\"https:\/\/www.dakarmania.cz\/index.php\/2020\/01\/16\/dakar-2020-peterhansel-poosmdesate\/#breadcrumb\",\"itemListElement\":[{\"@type\":\"ListItem\",\"position\":1,\"name\":\"Dom\u016f\",\"item\":\"https:\/\/www.dakarmania.cz\/\"},{\"@type\":\"ListItem\",\"position\":2,\"name\":\"Dakar 2020: Peterhansel poosmdes\u00e1t\u00e9\"}]},{\"@type\":\"WebSite\",\"@id\":\"https:\/\/www.dakarmania.cz\/#website\",\"url\":\"https:\/\/www.dakarmania.cz\/\",\"name\":\"DAKARMANIA.cz\",\"description\":\"\u017dijeme Dakarem cel\u00fd rok\",\"publisher\":{\"@id\":\"https:\/\/www.dakarmania.cz\/#organization\"},\"potentialAction\":[{\"@type\":\"SearchAction\",\"target\":{\"@type\":\"EntryPoint\",\"urlTemplate\":\"https:\/\/www.dakarmania.cz\/?s={search_term_string}\"},\"query-input\":{\"@type\":\"PropertyValueSpecification\",\"valueRequired\":true,\"valueName\":\"search_term_string\"}}],\"inLanguage\":\"cs\"},{\"@type\":\"Organization\",\"@id\":\"https:\/\/www.dakarmania.cz\/#organization\",\"name\":\"DAKAR MANIA\",\"url\":\"https:\/\/www.dakarmania.cz\/\",\"logo\":{\"@type\":\"ImageObject\",\"inLanguage\":\"cs\",\"@id\":\"https:\/\/www.dakarmania.cz\/#\/schema\/logo\/image\/\",\"url\":\"https:\/\/www.dakarmania.cz\/wp-content\/uploads\/2018\/12\/Dakar-Mania-Logo-Square-Orange.png\",\"contentUrl\":\"https:\/\/www.dakarmania.cz\/wp-content\/uploads\/2018\/12\/Dakar-Mania-Logo-Square-Orange.png\",\"width\":992,\"height\":992,\"caption\":\"DAKAR MANIA\"},\"image\":{\"@id\":\"https:\/\/www.dakarmania.cz\/#\/schema\/logo\/image\/\"},\"sameAs\":[\"https:\/\/www.facebook.com\/dakarmania\/\"]},{\"@type\":\"Person\",\"@id\":\"https:\/\/www.dakarmania.cz\/#\/schema\/person\/04eb0e87a389631c2169c0dddae7ff1e\",\"name\":\"Zden\u011bk Zelenka\",\"image\":{\"@type\":\"ImageObject\",\"inLanguage\":\"cs\",\"@id\":\"https:\/\/www.dakarmania.cz\/#\/schema\/person\/image\/\",\"url\":\"https:\/\/secure.gravatar.com\/avatar\/2c80d5a4942fe0900b73cc7d3837a509d6ee0a276a2b76dac95c92bd0763a89b?s=96&d=mm&r=g\",\"contentUrl\":\"https:\/\/secure.gravatar.com\/avatar\/2c80d5a4942fe0900b73cc7d3837a509d6ee0a276a2b76dac95c92bd0763a89b?s=96&d=mm&r=g\",\"caption\":\"Zden\u011bk Zelenka\"},\"description\":\"Moji d\u011bt\u0161t\u00ed hrdinov\u00e9 se jmenovali Loprais, Moskal, Neveu, Vatanen, Rahier... A tihle borci, jejich n\u00e1sledovn\u00edci a jejich p\u0159\u00edb\u011bhy m\u011b nep\u0159estali fascinovat ani po letech, kdy jsem vyrostl a zam\u011bstn\u00e1valy m\u011b jin\u00e9 discipl\u00edny motorsportu. Proto se zrodila DAKARMANIA.\",\"url\":\"https:\/\/www.dakarmania.cz\/index.php\/author\/dakarmania\/\"}]}<\/script>\n<!-- \/ Yoast SEO plugin. -->","yoast_head_json":{"title":"Dakar 2020: Peterhansel poosmdes\u00e1t\u00e9 - DAKARMANIA.cz","description":"St\u00e9phane Peterhansel a Nasser Al-Attiyah se v p\u0159edposledn\u00ed etap\u011b Rally Dakar 2020 sna\u017eili ukrojit maximum z n\u00e1skoku vedouc\u00edho Carlose Sainze.","robots":{"index":"index","follow":"follow","max-snippet":"max-snippet:-1","max-image-preview":"max-image-preview:large","max-video-preview":"max-video-preview:-1"},"canonical":"https:\/\/www.dakarmania.cz\/index.php\/2020\/01\/16\/dakar-2020-peterhansel-poosmdesate\/","og_locale":"cs_CZ","og_type":"article","og_title":"Dakar 2020: Peterhansel poosmdes\u00e1t\u00e9 - DAKARMANIA.cz","og_description":"St\u00e9phane Peterhansel a Nasser Al-Attiyah se v p\u0159edposledn\u00ed etap\u011b Rally Dakar 2020 sna\u017eili ukrojit maximum z n\u00e1skoku vedouc\u00edho Carlose Sainze.","og_url":"https:\/\/www.dakarmania.cz\/index.php\/2020\/01\/16\/dakar-2020-peterhansel-poosmdesate\/","og_site_name":"DAKARMANIA.cz","article_publisher":"https:\/\/www.facebook.com\/dakarmania\/","article_published_time":"2020-01-16T20:50:57+00:00","article_modified_time":"2020-03-27T21:04:13+00:00","og_image":[{"width":1024,"height":683,"url":"https:\/\/www.dakarmania.cz\/wp-content\/uploads\/2020\/01\/20-dakar-peterhansel-08.jpg","type":"image\/jpeg"}],"author":"Zden\u011bk Zelenka","twitter_card":"summary_large_image","twitter_misc":{"Napsal(a)":"Zden\u011bk Zelenka","Odhadovan\u00e1 doba \u010dten\u00ed":"6 minut"},"schema":{"@context":"https:\/\/schema.org","@graph":[{"@type":"Article","@id":"https:\/\/www.dakarmania.cz\/index.php\/2020\/01\/16\/dakar-2020-peterhansel-poosmdesate\/#article","isPartOf":{"@id":"https:\/\/www.dakarmania.cz\/index.php\/2020\/01\/16\/dakar-2020-peterhansel-poosmdesate\/"},"author":{"name":"Zden\u011bk Zelenka","@id":"https:\/\/www.dakarmania.cz\/#\/schema\/person\/04eb0e87a389631c2169c0dddae7ff1e"},"headline":"Dakar 2020: Peterhansel poosmdes\u00e1t\u00e9","datePublished":"2020-01-16T20:50:57+00:00","dateModified":"2020-03-27T21:04:13+00:00","mainEntityOfPage":{"@id":"https:\/\/www.dakarmania.cz\/index.php\/2020\/01\/16\/dakar-2020-peterhansel-poosmdesate\/"},"wordCount":1204,"commentCount":0,"publisher":{"@id":"https:\/\/www.dakarmania.cz\/#organization"},"image":{"@id":"https:\/\/www.dakarmania.cz\/index.php\/2020\/01\/16\/dakar-2020-peterhansel-poosmdesate\/#primaryimage"},"thumbnailUrl":"https:\/\/www.dakarmania.cz\/wp-content\/uploads\/2020\/01\/20-dakar-peterhansel-08.jpg","keywords":["2020","Dakar","Dakar 2020"],"articleSection":["Auto","Dakar 2020"],"inLanguage":"cs","potentialAction":[{"@type":"CommentAction","name":"Comment","target":["https:\/\/www.dakarmania.cz\/index.php\/2020\/01\/16\/dakar-2020-peterhansel-poosmdesate\/#respond"]}]},{"@type":"WebPage","@id":"https:\/\/www.dakarmania.cz\/index.php\/2020\/01\/16\/dakar-2020-peterhansel-poosmdesate\/","url":"https:\/\/www.dakarmania.cz\/index.php\/2020\/01\/16\/dakar-2020-peterhansel-poosmdesate\/","name":"Dakar 2020: Peterhansel poosmdes\u00e1t\u00e9 - DAKARMANIA.cz","isPartOf":{"@id":"https:\/\/www.dakarmania.cz\/#website"},"primaryImageOfPage":{"@id":"https:\/\/www.dakarmania.cz\/index.php\/2020\/01\/16\/dakar-2020-peterhansel-poosmdesate\/#primaryimage"},"image":{"@id":"https:\/\/www.dakarmania.cz\/index.php\/2020\/01\/16\/dakar-2020-peterhansel-poosmdesate\/#primaryimage"},"thumbnailUrl":"https:\/\/www.dakarmania.cz\/wp-content\/uploads\/2020\/01\/20-dakar-peterhansel-08.jpg","datePublished":"2020-01-16T20:50:57+00:00","dateModified":"2020-03-27T21:04:13+00:00","description":"St\u00e9phane Peterhansel a Nasser Al-Attiyah se v p\u0159edposledn\u00ed etap\u011b Rally Dakar 2020 sna\u017eili ukrojit maximum z n\u00e1skoku vedouc\u00edho Carlose Sainze.","breadcrumb":{"@id":"https:\/\/www.dakarmania.cz\/index.php\/2020\/01\/16\/dakar-2020-peterhansel-poosmdesate\/#breadcrumb"},"inLanguage":"cs","potentialAction":[{"@type":"ReadAction","target":["https:\/\/www.dakarmania.cz\/index.php\/2020\/01\/16\/dakar-2020-peterhansel-poosmdesate\/"]}]},{"@type":"ImageObject","inLanguage":"cs","@id":"https:\/\/www.dakarmania.cz\/index.php\/2020\/01\/16\/dakar-2020-peterhansel-poosmdesate\/#primaryimage","url":"https:\/\/www.dakarmania.cz\/wp-content\/uploads\/2020\/01\/20-dakar-peterhansel-08.jpg","contentUrl":"https:\/\/www.dakarmania.cz\/wp-content\/uploads\/2020\/01\/20-dakar-peterhansel-08.jpg","width":1024,"height":683,"caption":"St\u00e9phane Peterhansel\/Paulo Fi\u00faza, Mini JCW Buggy, Bahrain JCW X-Raid Team. Rally Dakar 2020. \u00a9 X-raid"},{"@type":"BreadcrumbList","@id":"https:\/\/www.dakarmania.cz\/index.php\/2020\/01\/16\/dakar-2020-peterhansel-poosmdesate\/#breadcrumb","itemListElement":[{"@type":"ListItem","position":1,"name":"Dom\u016f","item":"https:\/\/www.dakarmania.cz\/"},{"@type":"ListItem","position":2,"name":"Dakar 2020: Peterhansel poosmdes\u00e1t\u00e9"}]},{"@type":"WebSite","@id":"https:\/\/www.dakarmania.cz\/#website","url":"https:\/\/www.dakarmania.cz\/","name":"DAKARMANIA.cz","description":"\u017dijeme Dakarem cel\u00fd rok","publisher":{"@id":"https:\/\/www.dakarmania.cz\/#organization"},"potentialAction":[{"@type":"SearchAction","target":{"@type":"EntryPoint","urlTemplate":"https:\/\/www.dakarmania.cz\/?s={search_term_string}"},"query-input":{"@type":"PropertyValueSpecification","valueRequired":true,"valueName":"search_term_string"}}],"inLanguage":"cs"},{"@type":"Organization","@id":"https:\/\/www.dakarmania.cz\/#organization","name":"DAKAR MANIA","url":"https:\/\/www.dakarmania.cz\/","logo":{"@type":"ImageObject","inLanguage":"cs","@id":"https:\/\/www.dakarmania.cz\/#\/schema\/logo\/image\/","url":"https:\/\/www.dakarmania.cz\/wp-content\/uploads\/2018\/12\/Dakar-Mania-Logo-Square-Orange.png","contentUrl":"https:\/\/www.dakarmania.cz\/wp-content\/uploads\/2018\/12\/Dakar-Mania-Logo-Square-Orange.png","width":992,"height":992,"caption":"DAKAR MANIA"},"image":{"@id":"https:\/\/www.dakarmania.cz\/#\/schema\/logo\/image\/"},"sameAs":["https:\/\/www.facebook.com\/dakarmania\/"]},{"@type":"Person","@id":"https:\/\/www.dakarmania.cz\/#\/schema\/person\/04eb0e87a389631c2169c0dddae7ff1e","name":"Zden\u011bk Zelenka","image":{"@type":"ImageObject","inLanguage":"cs","@id":"https:\/\/www.dakarmania.cz\/#\/schema\/person\/image\/","url":"https:\/\/secure.gravatar.com\/avatar\/2c80d5a4942fe0900b73cc7d3837a509d6ee0a276a2b76dac95c92bd0763a89b?s=96&d=mm&r=g","contentUrl":"https:\/\/secure.gravatar.com\/avatar\/2c80d5a4942fe0900b73cc7d3837a509d6ee0a276a2b76dac95c92bd0763a89b?s=96&d=mm&r=g","caption":"Zden\u011bk Zelenka"},"description":"Moji d\u011bt\u0161t\u00ed hrdinov\u00e9 se jmenovali Loprais, Moskal, Neveu, Vatanen, Rahier... A tihle borci, jejich n\u00e1sledovn\u00edci a jejich p\u0159\u00edb\u011bhy m\u011b nep\u0159estali fascinovat ani po letech, kdy jsem vyrostl a zam\u011bstn\u00e1valy m\u011b jin\u00e9 discipl\u00edny motorsportu. Proto se zrodila DAKARMANIA.","url":"https:\/\/www.dakarmania.cz\/index.php\/author\/dakarmania\/"}]}},"amp_enabled":true,"_links":{"self":[{"href":"https:\/\/www.dakarmania.cz\/index.php\/wp-json\/wp\/v2\/posts\/15002","targetHints":{"allow":["GET"]}}],"collection":[{"href":"https:\/\/www.dakarmania.cz\/index.php\/wp-json\/wp\/v2\/posts"}],"about":[{"href":"https:\/\/www.dakarmania.cz\/index.php\/wp-json\/wp\/v2\/types\/post"}],"author":[{"embeddable":true,"href":"https:\/\/www.dakarmania.cz\/index.php\/wp-json\/wp\/v2\/users\/1"}],"replies":[{"embeddable":true,"href":"https:\/\/www.dakarmania.cz\/index.php\/wp-json\/wp\/v2\/comments?post=15002"}],"version-history":[{"count":7,"href":"https:\/\/www.dakarmania.cz\/index.php\/wp-json\/wp\/v2\/posts\/15002\/revisions"}],"predecessor-version":[{"id":15574,"href":"https:\/\/www.dakarmania.cz\/index.php\/wp-json\/wp\/v2\/posts\/15002\/revisions\/15574"}],"wp:featuredmedia":[{"embeddable":true,"href":"https:\/\/www.dakarmania.cz\/index.php\/wp-json\/wp\/v2\/media\/15007"}],"wp:attachment":[{"href":"https:\/\/www.dakarmania.cz\/index.php\/wp-json\/wp\/v2\/media?parent=15002"}],"wp:term":[{"taxonomy":"category","embeddable":true,"href":"https:\/\/www.dakarmania.cz\/index.php\/wp-json\/wp\/v2\/categories?post=15002"},{"taxonomy":"post_tag","embeddable":true,"href":"https:\/\/www.dakarmania.cz\/index.php\/wp-json\/wp\/v2\/tags?post=15002"}],"curies":[{"name":"wp","href":"https:\/\/api.w.org\/{rel}","templated":true}]}}