{"id":15018,"date":"2020-01-17T00:49:01","date_gmt":"2020-01-16T23:49:01","guid":{"rendered":"https:\/\/www.dakarmania.cz\/?p=15018"},"modified":"2020-03-27T22:03:36","modified_gmt":"2020-03-27T21:03:36","slug":"dakar-2020-zaverecna-specialka-zkracena","status":"publish","type":"post","link":"https:\/\/www.dakarmania.cz\/index.php\/2020\/01\/17\/dakar-2020-zaverecna-specialka-zkracena\/","title":{"rendered":"Dakar 2020: Z\u00e1v\u011bre\u010dn\u00e1 speci\u00e1lka zkr\u00e1cena"},"content":{"rendered":"<p>[vc_row][vc_column][vc_column_text css_animation=&#8221;fadeIn&#8221;]<\/p>\n<h3>Zaj\u00edmav\u00e1 zpr\u00e1va pro leadery z\u00e1vodu. Jejich soupe\u0159i budou m\u00edt men\u0161\u00ed prostor na z\u00e1v\u011bre\u010dn\u00fd \u00fatok. Posledn\u00ed etapa Rally Dakar 2020, respektive jej\u00ed rychlostn\u00ed zkou\u0161ka, byla na posledn\u00ed chv\u00edli zkr\u00e1cena.<\/h3>\n<p>Podle ofici\u00e1ln\u00edch \u00fadaj\u016f m\u011bla rychlostn\u00ed zkou\u0161ka dvan\u00e1ct\u00e9 etapy <a href=\"\/index.php\/souteze\/dakar-2020\/\">Rally Dakar 2020<\/a> m\u011b\u0159it 374 kilometr\u016f. Je v\u0161ak t\u0159eba \u0159\u00edct, \u017ee se obecn\u011b jedn\u00e1 o \u00fadaj m\u00edrn\u011b zav\u00e1d\u011bj\u00edc\u00ed, nebo\u0165 do d\u00e9lky speci\u00e1lek b\u00fdvaj\u00ed zahrnov\u00e1ny i takzvan\u00e9 neutralizovan\u00e9 z\u00f3ny, na nich\u017e se na \u010das nejede. Opravdu z\u00e1vodit se v p\u00e1tek m\u011blo \u201ejen\u201c na 244 kilometrech. Nakonec jich bude je\u0161t\u011b m\u00e9n\u011b. Konkr\u00e9tn\u011b 167. Organiz\u00e1tory donutila ke zm\u011bn\u011b v\u00fdstavba plynovodu v oblasti, j\u00ed\u017e m\u011bla tra\u0165 m\u011b\u0159en\u00e9ho \u00faseku proch\u00e1zet.[\/vc_column_text][vc_single_image image=&#8221;15450&#8243; img_size=&#8221;large&#8221; add_caption=&#8221;yes&#8221; alignment=&#8221;center&#8221; onclick=&#8221;custom_link&#8221; img_link_target=&#8221;_blank&#8221; css_animation=&#8221;fadeIn&#8221; link=&#8221;http:\/\/eshop.dakarmania.cz\/&#8221;][vc_column_text css_animation=&#8221;fadeIn&#8221;]\u0158editel sout\u011b\u017ee p\u0159esto tvrd\u00ed, \u017ee i upraven\u00e1 erzeta m\u016f\u017ee v\u00fdznamn\u011b zam\u00edchat po\u0159ad\u00edm.<\/p>\n<p><em>\u201eMuseli jsme zm\u011bnit \u00favodn\u00ed \u010d\u00e1st speci\u00e1lky, ale naviga\u010dn\u011b nejobt\u00ed\u017en\u011bj\u0161\u00ed \u00fasek z\u016fst\u00e1v\u00e1. Jsem si jist\u00fd, \u017ee se tam bude bloudit. Z\u00e1vodn\u00edci tam mohou snadno nechat p\u011bt a\u017e deset minut. Je\u0161t\u011b se toho m\u016f\u017ee st\u00e1t opravdu hodn\u011b,\u201c<\/em> v\u011b\u0159\u00ed <strong>David Castera<\/strong>.[\/vc_column_text][vc_empty_space height=&#8221;2px&#8221;][\/vc_column][\/vc_row]<\/p>\n","protected":false},"excerpt":{"rendered":"<p>Zaj\u00edmav\u00e1 zpr\u00e1va pro leadery z\u00e1vodu. Jejich soupe\u0159i budou m\u00edt m\u00e9n\u011b prostoru na z\u00e1v\u011bre\u010dn\u00fd \u00fatok. Posledn\u00ed etapa Dakaru 2020 bude krat\u0161\u00ed.<\/p>\n","protected":false},"author":1,"featured_media":15017,"comment_status":"open","ping_status":"closed","sticky":false,"template":"","format":"standard","meta":{"footnotes":""},"categories":[251],"tags":[903,8,159],"class_list":["post-15018","post","type-post","status-publish","format-standard","has-post-thumbnail","hentry","category-dakar-2020","tag-903","tag-dakar","tag-dakar-2020"],"yoast_head":"<!-- This site is optimized with the Yoast SEO plugin v24.9 - https:\/\/yoast.com\/wordpress\/plugins\/seo\/ -->\n<title>Dakar 2020: Z\u00e1v\u011bre\u010dn\u00e1 speci\u00e1lka zkr\u00e1cena - DAKARMANIA.cz<\/title>\n<meta name=\"description\" content=\"Zaj\u00edmav\u00e1 zpr\u00e1va pro leadery z\u00e1vodu. Jejich soupe\u0159i budou m\u00edt m\u00e9n\u011b prostoru na z\u00e1v\u011bre\u010dn\u00fd \u00fatok. Posledn\u00ed etapa Dakaru 2020 bude krat\u0161\u00ed.\" \/>\n<meta name=\"robots\" content=\"index, follow, max-snippet:-1, max-image-preview:large, max-video-preview:-1\" \/>\n<link rel=\"canonical\" href=\"https:\/\/www.dakarmania.cz\/index.php\/2020\/01\/17\/dakar-2020-zaverecna-specialka-zkracena\/\" \/>\n<meta property=\"og:locale\" content=\"cs_CZ\" \/>\n<meta property=\"og:type\" content=\"article\" \/>\n<meta property=\"og:title\" content=\"Dakar 2020: Z\u00e1v\u011bre\u010dn\u00e1 speci\u00e1lka zkr\u00e1cena - DAKARMANIA.cz\" \/>\n<meta property=\"og:description\" content=\"Zaj\u00edmav\u00e1 zpr\u00e1va pro leadery z\u00e1vodu. Jejich soupe\u0159i budou m\u00edt m\u00e9n\u011b prostoru na z\u00e1v\u011bre\u010dn\u00fd \u00fatok. Posledn\u00ed etapa Dakaru 2020 bude krat\u0161\u00ed.\" \/>\n<meta property=\"og:url\" content=\"https:\/\/www.dakarmania.cz\/index.php\/2020\/01\/17\/dakar-2020-zaverecna-specialka-zkracena\/\" \/>\n<meta property=\"og:site_name\" content=\"DAKARMANIA.cz\" \/>\n<meta property=\"article:publisher\" content=\"https:\/\/www.facebook.com\/dakarmania\/\" \/>\n<meta property=\"article:published_time\" content=\"2020-01-16T23:49:01+00:00\" \/>\n<meta property=\"article:modified_time\" content=\"2020-03-27T21:03:36+00:00\" \/>\n<meta property=\"og:image\" content=\"https:\/\/www.dakarmania.cz\/wp-content\/uploads\/2020\/01\/20-dakar-nikolajev-08.jpg\" \/>\n\t<meta property=\"og:image:width\" content=\"1024\" \/>\n\t<meta property=\"og:image:height\" content=\"683\" \/>\n\t<meta property=\"og:image:type\" content=\"image\/jpeg\" \/>\n<meta name=\"author\" content=\"Zden\u011bk Zelenka\" \/>\n<meta name=\"twitter:card\" content=\"summary_large_image\" \/>\n<meta name=\"twitter:label1\" content=\"Napsal(a)\" \/>\n\t<meta name=\"twitter:data1\" content=\"Zden\u011bk Zelenka\" \/>\n\t<meta name=\"twitter:label2\" content=\"Odhadovan\u00e1 doba \u010dten\u00ed\" \/>\n\t<meta name=\"twitter:data2\" content=\"1 minuta\" \/>\n<script type=\"application\/ld+json\" class=\"yoast-schema-graph\">{\"@context\":\"https:\/\/schema.org\",\"@graph\":[{\"@type\":\"Article\",\"@id\":\"https:\/\/www.dakarmania.cz\/index.php\/2020\/01\/17\/dakar-2020-zaverecna-specialka-zkracena\/#article\",\"isPartOf\":{\"@id\":\"https:\/\/www.dakarmania.cz\/index.php\/2020\/01\/17\/dakar-2020-zaverecna-specialka-zkracena\/\"},\"author\":{\"name\":\"Zden\u011bk Zelenka\",\"@id\":\"https:\/\/www.dakarmania.cz\/#\/schema\/person\/04eb0e87a389631c2169c0dddae7ff1e\"},\"headline\":\"Dakar 2020: Z\u00e1v\u011bre\u010dn\u00e1 speci\u00e1lka zkr\u00e1cena\",\"datePublished\":\"2020-01-16T23:49:01+00:00\",\"dateModified\":\"2020-03-27T21:03:36+00:00\",\"mainEntityOfPage\":{\"@id\":\"https:\/\/www.dakarmania.cz\/index.php\/2020\/01\/17\/dakar-2020-zaverecna-specialka-zkracena\/\"},\"wordCount\":274,\"commentCount\":0,\"publisher\":{\"@id\":\"https:\/\/www.dakarmania.cz\/#organization\"},\"image\":{\"@id\":\"https:\/\/www.dakarmania.cz\/index.php\/2020\/01\/17\/dakar-2020-zaverecna-specialka-zkracena\/#primaryimage\"},\"thumbnailUrl\":\"https:\/\/www.dakarmania.cz\/wp-content\/uploads\/2020\/01\/20-dakar-nikolajev-08.jpg\",\"keywords\":[\"2020\",\"Dakar\",\"Dakar 2020\"],\"articleSection\":[\"Dakar 2020\"],\"inLanguage\":\"cs\",\"potentialAction\":[{\"@type\":\"CommentAction\",\"name\":\"Comment\",\"target\":[\"https:\/\/www.dakarmania.cz\/index.php\/2020\/01\/17\/dakar-2020-zaverecna-specialka-zkracena\/#respond\"]}]},{\"@type\":\"WebPage\",\"@id\":\"https:\/\/www.dakarmania.cz\/index.php\/2020\/01\/17\/dakar-2020-zaverecna-specialka-zkracena\/\",\"url\":\"https:\/\/www.dakarmania.cz\/index.php\/2020\/01\/17\/dakar-2020-zaverecna-specialka-zkracena\/\",\"name\":\"Dakar 2020: Z\u00e1v\u011bre\u010dn\u00e1 speci\u00e1lka zkr\u00e1cena - DAKARMANIA.cz\",\"isPartOf\":{\"@id\":\"https:\/\/www.dakarmania.cz\/#website\"},\"primaryImageOfPage\":{\"@id\":\"https:\/\/www.dakarmania.cz\/index.php\/2020\/01\/17\/dakar-2020-zaverecna-specialka-zkracena\/#primaryimage\"},\"image\":{\"@id\":\"https:\/\/www.dakarmania.cz\/index.php\/2020\/01\/17\/dakar-2020-zaverecna-specialka-zkracena\/#primaryimage\"},\"thumbnailUrl\":\"https:\/\/www.dakarmania.cz\/wp-content\/uploads\/2020\/01\/20-dakar-nikolajev-08.jpg\",\"datePublished\":\"2020-01-16T23:49:01+00:00\",\"dateModified\":\"2020-03-27T21:03:36+00:00\",\"description\":\"Zaj\u00edmav\u00e1 zpr\u00e1va pro leadery z\u00e1vodu. Jejich soupe\u0159i budou m\u00edt m\u00e9n\u011b prostoru na z\u00e1v\u011bre\u010dn\u00fd \u00fatok. Posledn\u00ed etapa Dakaru 2020 bude krat\u0161\u00ed.\",\"breadcrumb\":{\"@id\":\"https:\/\/www.dakarmania.cz\/index.php\/2020\/01\/17\/dakar-2020-zaverecna-specialka-zkracena\/#breadcrumb\"},\"inLanguage\":\"cs\",\"potentialAction\":[{\"@type\":\"ReadAction\",\"target\":[\"https:\/\/www.dakarmania.cz\/index.php\/2020\/01\/17\/dakar-2020-zaverecna-specialka-zkracena\/\"]}]},{\"@type\":\"ImageObject\",\"inLanguage\":\"cs\",\"@id\":\"https:\/\/www.dakarmania.cz\/index.php\/2020\/01\/17\/dakar-2020-zaverecna-specialka-zkracena\/#primaryimage\",\"url\":\"https:\/\/www.dakarmania.cz\/wp-content\/uploads\/2020\/01\/20-dakar-nikolajev-08.jpg\",\"contentUrl\":\"https:\/\/www.dakarmania.cz\/wp-content\/uploads\/2020\/01\/20-dakar-nikolajev-08.jpg\",\"width\":1024,\"height\":683,\"caption\":\"Eduard Nikolajev\/Jevgenij Jakovlev\/Vladimir Rybakov, Kamaz 43509, Kamaz-Master. Rally Dakar 2020. \u00a9 Red Bull Content Pool\"},{\"@type\":\"BreadcrumbList\",\"@id\":\"https:\/\/www.dakarmania.cz\/index.php\/2020\/01\/17\/dakar-2020-zaverecna-specialka-zkracena\/#breadcrumb\",\"itemListElement\":[{\"@type\":\"ListItem\",\"position\":1,\"name\":\"Dom\u016f\",\"item\":\"https:\/\/www.dakarmania.cz\/\"},{\"@type\":\"ListItem\",\"position\":2,\"name\":\"Dakar 2020: Z\u00e1v\u011bre\u010dn\u00e1 speci\u00e1lka zkr\u00e1cena\"}]},{\"@type\":\"WebSite\",\"@id\":\"https:\/\/www.dakarmania.cz\/#website\",\"url\":\"https:\/\/www.dakarmania.cz\/\",\"name\":\"DAKARMANIA.cz\",\"description\":\"\u017dijeme Dakarem cel\u00fd rok\",\"publisher\":{\"@id\":\"https:\/\/www.dakarmania.cz\/#organization\"},\"potentialAction\":[{\"@type\":\"SearchAction\",\"target\":{\"@type\":\"EntryPoint\",\"urlTemplate\":\"https:\/\/www.dakarmania.cz\/?s={search_term_string}\"},\"query-input\":{\"@type\":\"PropertyValueSpecification\",\"valueRequired\":true,\"valueName\":\"search_term_string\"}}],\"inLanguage\":\"cs\"},{\"@type\":\"Organization\",\"@id\":\"https:\/\/www.dakarmania.cz\/#organization\",\"name\":\"DAKAR MANIA\",\"url\":\"https:\/\/www.dakarmania.cz\/\",\"logo\":{\"@type\":\"ImageObject\",\"inLanguage\":\"cs\",\"@id\":\"https:\/\/www.dakarmania.cz\/#\/schema\/logo\/image\/\",\"url\":\"https:\/\/www.dakarmania.cz\/wp-content\/uploads\/2018\/12\/Dakar-Mania-Logo-Square-Orange.png\",\"contentUrl\":\"https:\/\/www.dakarmania.cz\/wp-content\/uploads\/2018\/12\/Dakar-Mania-Logo-Square-Orange.png\",\"width\":992,\"height\":992,\"caption\":\"DAKAR MANIA\"},\"image\":{\"@id\":\"https:\/\/www.dakarmania.cz\/#\/schema\/logo\/image\/\"},\"sameAs\":[\"https:\/\/www.facebook.com\/dakarmania\/\"]},{\"@type\":\"Person\",\"@id\":\"https:\/\/www.dakarmania.cz\/#\/schema\/person\/04eb0e87a389631c2169c0dddae7ff1e\",\"name\":\"Zden\u011bk Zelenka\",\"image\":{\"@type\":\"ImageObject\",\"inLanguage\":\"cs\",\"@id\":\"https:\/\/www.dakarmania.cz\/#\/schema\/person\/image\/\",\"url\":\"https:\/\/secure.gravatar.com\/avatar\/2c80d5a4942fe0900b73cc7d3837a509d6ee0a276a2b76dac95c92bd0763a89b?s=96&d=mm&r=g\",\"contentUrl\":\"https:\/\/secure.gravatar.com\/avatar\/2c80d5a4942fe0900b73cc7d3837a509d6ee0a276a2b76dac95c92bd0763a89b?s=96&d=mm&r=g\",\"caption\":\"Zden\u011bk Zelenka\"},\"description\":\"Moji d\u011bt\u0161t\u00ed hrdinov\u00e9 se jmenovali Loprais, Moskal, Neveu, Vatanen, Rahier... A tihle borci, jejich n\u00e1sledovn\u00edci a jejich p\u0159\u00edb\u011bhy m\u011b nep\u0159estali fascinovat ani po letech, kdy jsem vyrostl a zam\u011bstn\u00e1valy m\u011b jin\u00e9 discipl\u00edny motorsportu. Proto se zrodila DAKARMANIA.\",\"url\":\"https:\/\/www.dakarmania.cz\/index.php\/author\/dakarmania\/\"}]}<\/script>\n<!-- \/ Yoast SEO plugin. -->","yoast_head_json":{"title":"Dakar 2020: Z\u00e1v\u011bre\u010dn\u00e1 speci\u00e1lka zkr\u00e1cena - DAKARMANIA.cz","description":"Zaj\u00edmav\u00e1 zpr\u00e1va pro leadery z\u00e1vodu. Jejich soupe\u0159i budou m\u00edt m\u00e9n\u011b prostoru na z\u00e1v\u011bre\u010dn\u00fd \u00fatok. Posledn\u00ed etapa Dakaru 2020 bude krat\u0161\u00ed.","robots":{"index":"index","follow":"follow","max-snippet":"max-snippet:-1","max-image-preview":"max-image-preview:large","max-video-preview":"max-video-preview:-1"},"canonical":"https:\/\/www.dakarmania.cz\/index.php\/2020\/01\/17\/dakar-2020-zaverecna-specialka-zkracena\/","og_locale":"cs_CZ","og_type":"article","og_title":"Dakar 2020: Z\u00e1v\u011bre\u010dn\u00e1 speci\u00e1lka zkr\u00e1cena - DAKARMANIA.cz","og_description":"Zaj\u00edmav\u00e1 zpr\u00e1va pro leadery z\u00e1vodu. Jejich soupe\u0159i budou m\u00edt m\u00e9n\u011b prostoru na z\u00e1v\u011bre\u010dn\u00fd \u00fatok. Posledn\u00ed etapa Dakaru 2020 bude krat\u0161\u00ed.","og_url":"https:\/\/www.dakarmania.cz\/index.php\/2020\/01\/17\/dakar-2020-zaverecna-specialka-zkracena\/","og_site_name":"DAKARMANIA.cz","article_publisher":"https:\/\/www.facebook.com\/dakarmania\/","article_published_time":"2020-01-16T23:49:01+00:00","article_modified_time":"2020-03-27T21:03:36+00:00","og_image":[{"width":1024,"height":683,"url":"https:\/\/www.dakarmania.cz\/wp-content\/uploads\/2020\/01\/20-dakar-nikolajev-08.jpg","type":"image\/jpeg"}],"author":"Zden\u011bk Zelenka","twitter_card":"summary_large_image","twitter_misc":{"Napsal(a)":"Zden\u011bk Zelenka","Odhadovan\u00e1 doba \u010dten\u00ed":"1 minuta"},"schema":{"@context":"https:\/\/schema.org","@graph":[{"@type":"Article","@id":"https:\/\/www.dakarmania.cz\/index.php\/2020\/01\/17\/dakar-2020-zaverecna-specialka-zkracena\/#article","isPartOf":{"@id":"https:\/\/www.dakarmania.cz\/index.php\/2020\/01\/17\/dakar-2020-zaverecna-specialka-zkracena\/"},"author":{"name":"Zden\u011bk Zelenka","@id":"https:\/\/www.dakarmania.cz\/#\/schema\/person\/04eb0e87a389631c2169c0dddae7ff1e"},"headline":"Dakar 2020: Z\u00e1v\u011bre\u010dn\u00e1 speci\u00e1lka zkr\u00e1cena","datePublished":"2020-01-16T23:49:01+00:00","dateModified":"2020-03-27T21:03:36+00:00","mainEntityOfPage":{"@id":"https:\/\/www.dakarmania.cz\/index.php\/2020\/01\/17\/dakar-2020-zaverecna-specialka-zkracena\/"},"wordCount":274,"commentCount":0,"publisher":{"@id":"https:\/\/www.dakarmania.cz\/#organization"},"image":{"@id":"https:\/\/www.dakarmania.cz\/index.php\/2020\/01\/17\/dakar-2020-zaverecna-specialka-zkracena\/#primaryimage"},"thumbnailUrl":"https:\/\/www.dakarmania.cz\/wp-content\/uploads\/2020\/01\/20-dakar-nikolajev-08.jpg","keywords":["2020","Dakar","Dakar 2020"],"articleSection":["Dakar 2020"],"inLanguage":"cs","potentialAction":[{"@type":"CommentAction","name":"Comment","target":["https:\/\/www.dakarmania.cz\/index.php\/2020\/01\/17\/dakar-2020-zaverecna-specialka-zkracena\/#respond"]}]},{"@type":"WebPage","@id":"https:\/\/www.dakarmania.cz\/index.php\/2020\/01\/17\/dakar-2020-zaverecna-specialka-zkracena\/","url":"https:\/\/www.dakarmania.cz\/index.php\/2020\/01\/17\/dakar-2020-zaverecna-specialka-zkracena\/","name":"Dakar 2020: Z\u00e1v\u011bre\u010dn\u00e1 speci\u00e1lka zkr\u00e1cena - DAKARMANIA.cz","isPartOf":{"@id":"https:\/\/www.dakarmania.cz\/#website"},"primaryImageOfPage":{"@id":"https:\/\/www.dakarmania.cz\/index.php\/2020\/01\/17\/dakar-2020-zaverecna-specialka-zkracena\/#primaryimage"},"image":{"@id":"https:\/\/www.dakarmania.cz\/index.php\/2020\/01\/17\/dakar-2020-zaverecna-specialka-zkracena\/#primaryimage"},"thumbnailUrl":"https:\/\/www.dakarmania.cz\/wp-content\/uploads\/2020\/01\/20-dakar-nikolajev-08.jpg","datePublished":"2020-01-16T23:49:01+00:00","dateModified":"2020-03-27T21:03:36+00:00","description":"Zaj\u00edmav\u00e1 zpr\u00e1va pro leadery z\u00e1vodu. Jejich soupe\u0159i budou m\u00edt m\u00e9n\u011b prostoru na z\u00e1v\u011bre\u010dn\u00fd \u00fatok. Posledn\u00ed etapa Dakaru 2020 bude krat\u0161\u00ed.","breadcrumb":{"@id":"https:\/\/www.dakarmania.cz\/index.php\/2020\/01\/17\/dakar-2020-zaverecna-specialka-zkracena\/#breadcrumb"},"inLanguage":"cs","potentialAction":[{"@type":"ReadAction","target":["https:\/\/www.dakarmania.cz\/index.php\/2020\/01\/17\/dakar-2020-zaverecna-specialka-zkracena\/"]}]},{"@type":"ImageObject","inLanguage":"cs","@id":"https:\/\/www.dakarmania.cz\/index.php\/2020\/01\/17\/dakar-2020-zaverecna-specialka-zkracena\/#primaryimage","url":"https:\/\/www.dakarmania.cz\/wp-content\/uploads\/2020\/01\/20-dakar-nikolajev-08.jpg","contentUrl":"https:\/\/www.dakarmania.cz\/wp-content\/uploads\/2020\/01\/20-dakar-nikolajev-08.jpg","width":1024,"height":683,"caption":"Eduard Nikolajev\/Jevgenij Jakovlev\/Vladimir Rybakov, Kamaz 43509, Kamaz-Master. Rally Dakar 2020. \u00a9 Red Bull Content Pool"},{"@type":"BreadcrumbList","@id":"https:\/\/www.dakarmania.cz\/index.php\/2020\/01\/17\/dakar-2020-zaverecna-specialka-zkracena\/#breadcrumb","itemListElement":[{"@type":"ListItem","position":1,"name":"Dom\u016f","item":"https:\/\/www.dakarmania.cz\/"},{"@type":"ListItem","position":2,"name":"Dakar 2020: Z\u00e1v\u011bre\u010dn\u00e1 speci\u00e1lka zkr\u00e1cena"}]},{"@type":"WebSite","@id":"https:\/\/www.dakarmania.cz\/#website","url":"https:\/\/www.dakarmania.cz\/","name":"DAKARMANIA.cz","description":"\u017dijeme Dakarem cel\u00fd rok","publisher":{"@id":"https:\/\/www.dakarmania.cz\/#organization"},"potentialAction":[{"@type":"SearchAction","target":{"@type":"EntryPoint","urlTemplate":"https:\/\/www.dakarmania.cz\/?s={search_term_string}"},"query-input":{"@type":"PropertyValueSpecification","valueRequired":true,"valueName":"search_term_string"}}],"inLanguage":"cs"},{"@type":"Organization","@id":"https:\/\/www.dakarmania.cz\/#organization","name":"DAKAR MANIA","url":"https:\/\/www.dakarmania.cz\/","logo":{"@type":"ImageObject","inLanguage":"cs","@id":"https:\/\/www.dakarmania.cz\/#\/schema\/logo\/image\/","url":"https:\/\/www.dakarmania.cz\/wp-content\/uploads\/2018\/12\/Dakar-Mania-Logo-Square-Orange.png","contentUrl":"https:\/\/www.dakarmania.cz\/wp-content\/uploads\/2018\/12\/Dakar-Mania-Logo-Square-Orange.png","width":992,"height":992,"caption":"DAKAR MANIA"},"image":{"@id":"https:\/\/www.dakarmania.cz\/#\/schema\/logo\/image\/"},"sameAs":["https:\/\/www.facebook.com\/dakarmania\/"]},{"@type":"Person","@id":"https:\/\/www.dakarmania.cz\/#\/schema\/person\/04eb0e87a389631c2169c0dddae7ff1e","name":"Zden\u011bk Zelenka","image":{"@type":"ImageObject","inLanguage":"cs","@id":"https:\/\/www.dakarmania.cz\/#\/schema\/person\/image\/","url":"https:\/\/secure.gravatar.com\/avatar\/2c80d5a4942fe0900b73cc7d3837a509d6ee0a276a2b76dac95c92bd0763a89b?s=96&d=mm&r=g","contentUrl":"https:\/\/secure.gravatar.com\/avatar\/2c80d5a4942fe0900b73cc7d3837a509d6ee0a276a2b76dac95c92bd0763a89b?s=96&d=mm&r=g","caption":"Zden\u011bk Zelenka"},"description":"Moji d\u011bt\u0161t\u00ed hrdinov\u00e9 se jmenovali Loprais, Moskal, Neveu, Vatanen, Rahier... A tihle borci, jejich n\u00e1sledovn\u00edci a jejich p\u0159\u00edb\u011bhy m\u011b nep\u0159estali fascinovat ani po letech, kdy jsem vyrostl a zam\u011bstn\u00e1valy m\u011b jin\u00e9 discipl\u00edny motorsportu. Proto se zrodila DAKARMANIA.","url":"https:\/\/www.dakarmania.cz\/index.php\/author\/dakarmania\/"}]}},"amp_enabled":true,"_links":{"self":[{"href":"https:\/\/www.dakarmania.cz\/index.php\/wp-json\/wp\/v2\/posts\/15018","targetHints":{"allow":["GET"]}}],"collection":[{"href":"https:\/\/www.dakarmania.cz\/index.php\/wp-json\/wp\/v2\/posts"}],"about":[{"href":"https:\/\/www.dakarmania.cz\/index.php\/wp-json\/wp\/v2\/types\/post"}],"author":[{"embeddable":true,"href":"https:\/\/www.dakarmania.cz\/index.php\/wp-json\/wp\/v2\/users\/1"}],"replies":[{"embeddable":true,"href":"https:\/\/www.dakarmania.cz\/index.php\/wp-json\/wp\/v2\/comments?post=15018"}],"version-history":[{"count":4,"href":"https:\/\/www.dakarmania.cz\/index.php\/wp-json\/wp\/v2\/posts\/15018\/revisions"}],"predecessor-version":[{"id":15573,"href":"https:\/\/www.dakarmania.cz\/index.php\/wp-json\/wp\/v2\/posts\/15018\/revisions\/15573"}],"wp:featuredmedia":[{"embeddable":true,"href":"https:\/\/www.dakarmania.cz\/index.php\/wp-json\/wp\/v2\/media\/15017"}],"wp:attachment":[{"href":"https:\/\/www.dakarmania.cz\/index.php\/wp-json\/wp\/v2\/media?parent=15018"}],"wp:term":[{"taxonomy":"category","embeddable":true,"href":"https:\/\/www.dakarmania.cz\/index.php\/wp-json\/wp\/v2\/categories?post=15018"},{"taxonomy":"post_tag","embeddable":true,"href":"https:\/\/www.dakarmania.cz\/index.php\/wp-json\/wp\/v2\/tags?post=15018"}],"curies":[{"name":"wp","href":"https:\/\/api.w.org\/{rel}","templated":true}]}}