{"id":1502,"date":"2019-01-07T19:39:19","date_gmt":"2019-01-07T18:39:19","guid":{"rendered":"https:\/\/www.dakarmania.cz\/?p=1502"},"modified":"2019-10-30T00:20:58","modified_gmt":"2019-10-29T23:20:58","slug":"dakar-2019-prvni-etapa-pro-barredu-borta-s-hondou","status":"publish","type":"post","link":"https:\/\/www.dakarmania.cz\/index.php\/2019\/01\/07\/dakar-2019-prvni-etapa-pro-barredu-borta-s-hondou\/","title":{"rendered":"Dakar 2019: Prvn\u00ed etapa pro Barredu Borta s Hondou"},"content":{"rendered":"<p>[vc_row][vc_column][vc_column_text]<\/p>\n<h4>Joan Barreda Bort s\u00a0tov\u00e1rn\u00ed Hondou byl nejrychlej\u0161\u00ed v \u00favodn\u00ed etap\u011b Rally Dakar 2018, kter\u00e1 zavedla \u00fa\u010dastn\u00edky sout\u011b\u017ee z\u00a0Limy do Pisca. Na sv\u00e9 konto si p\u0159ipsal u\u017e sedmn\u00e1ct\u00e9 etapov\u00e9 v\u00edt\u011bzstv\u00ed na Dakaru.<\/h4>\n<p>\u0160pan\u011bl netaktizoval a jel o v\u00edt\u011bzstv\u00ed od za\u010d\u00e1tku a\u017e do konce, p\u0159esto\u017ee tak bude z\u00edtra startovat jako prvn\u00ed. Na speci\u00e1lce dlouh\u00e9 84 kilometr\u016f byl o v\u00edce ne\u017e minutu a p\u016fl rychlej\u0161\u00ed ne\u017e Pablo Quintanilla s Husqvarnou.<\/p>\n<p><em>\u201eEtapy jako tato jsou v\u017edy obt\u00ed\u017en\u00e9, v\u0161ichni jsou v tomto ter\u00e9nu rychl\u00ed,\u201c<\/em> hodnotil v c\u00edli <strong>Joan Barreda Bort<\/strong>. <em>\u201eJe skv\u011bl\u00e9 za\u010d\u00edt t\u00edmto zp\u016fsobem, ale n\u011bkdy to m\u016f\u017ee b\u00fdt nebezpe\u010dn\u00e9. V\u017edycky mus\u00edte b\u00fdt opatrn\u00ed. Nicm\u00e9n\u011b si mysl\u00edm, \u017ee jsem zajel dobrou speci\u00e1lku, c\u00edtil jsem se dob\u0159e a jsme p\u0159ipraven\u00ed na dal\u0161\u00ed etapy.\u201c<\/em><\/p>\n<p>Motocyklist\u00e9, kter\u00fdch do z\u00e1vodu odstartovalo celkem 137, vyr\u00e1\u017eeli tentokr\u00e1t v opa\u010dn\u00e9m po\u0159ad\u00ed, proto si pozici leadera n\u011bjakou chv\u00edli u\u017e\u00edval Ricky Brabec s dal\u0161\u00ed tov\u00e1rn\u00ed Hondou. Ameri\u010danovi nakonec pat\u0159\u00ed t\u0159et\u00ed p\u0159\u00ed\u010dka, kdy\u017e jej v z\u00e1v\u011bru nep\u0159ekonal ani Adrien Van Beveren s Yamahou.<\/p>\n<p>A\u017e na p\u00e1t\u00e9m, \u0161est\u00e9m a sedm\u00e9m m\u00edst\u011b se se\u0159adili tov\u00e1rn\u00ed jezdci KTM a v\u00edt\u011bzov\u00e9 t\u0159\u00ed p\u0159edchoz\u00edch ro\u010dn\u00edk\u016f Sam Sunderland, Toby Price a Matthias Walkner.<\/p>\n<p>Ne v\u0161ichni z\u00e1vodn\u00edci v\u0161ak dnes jeli \u00fapln\u011b naplno. P\u0159eci jen se jednalo o kr\u00e1tk\u00fd m\u011b\u0159en\u00fd \u00fasek, zat\u00edmco z\u00edtra je na programu speci\u00e1lka dlouh\u00e1 v\u00edce ne\u017e 340 kilometr\u016f. A jet prvn\u00ed rozhodn\u011b nebude v\u00fdhoda.<\/p>\n<p>Slovensk\u00fd z\u00e1vodn\u00edk \u0160tefan Svitko (KTM) figuruje po prvn\u00edm dnu na \u0161estn\u00e1ct\u00e9 p\u0159\u00ed\u010dce, jednadvac\u00e1t\u00fd skon\u010dil \u0160pan\u011bl Joan Pedrero Garcia s KTM \u010desk\u00e9ho t\u00fdmu Moto Racing Group a nejlep\u0161\u00ed z na\u0161ich jezdc\u016f byl t\u0159ic\u00e1t\u00fd Jan Brabec (Husqvarna).[\/vc_column_text][vc_column_text]<\/p>\n<table style=\"width: 97.7654%;\" rules=\"rows\" cellpadding=\"4px\">\n<tbody>\n<tr style=\"background-color: #9e9d9d; color: white;\">\n<td style=\"text-align: center;\" colspan=\"4\"><span style=\"font-size: 10pt;\"><strong>Rally Dakar 2019 &#8211; MOTOCYKLY po 1. etap\u011b<\/strong><\/span><\/td>\n<\/tr>\n<tr style=\"background-color: #dbd9d9;\">\n<td>1.<\/td>\n<td>Joan Barreda Bort<\/td>\n<td>Honda<\/td>\n<td>57:36<\/td>\n<\/tr>\n<tr style=\"background-color: #f2f2f2;\">\n<td>2.<\/td>\n<td>Pablo Quintanilla<\/td>\n<td>Husqvarna<\/td>\n<td>+1:34<\/td>\n<\/tr>\n<tr style=\"background-color: #dbd9d9;\">\n<td>3.<\/td>\n<td>Ricky Brabec<\/td>\n<td>Honda<\/td>\n<td>+2:52<\/td>\n<\/tr>\n<tr style=\"background-color: #f2f2f2;\">\n<td>4.<\/td>\n<td>Adrien Van Beveren<\/td>\n<td>Yamaha<\/td>\n<td>+2:55<\/td>\n<\/tr>\n<tr style=\"background-color: #dbd9d9;\">\n<td>5.<\/td>\n<td>Sam Sunderland<\/td>\n<td>KTM<\/td>\n<td>+2:56<\/td>\n<\/tr>\n<tr style=\"background-color: #f2f2f2;\">\n<td>16.<\/td>\n<td>\u0160tefan Svitko<\/td>\n<td>KTM<\/td>\n<td>+7:24<\/td>\n<\/tr>\n<tr style=\"background-color: #dbd9d9;\">\n<td>21.<\/td>\n<td>Joan Pedrero<\/td>\n<td>KTM<\/td>\n<td>+9:29<\/td>\n<\/tr>\n<tr style=\"background-color: #f2f2f2;\">\n<td>30.<\/td>\n<td>Jan Brabec<\/td>\n<td>Husqvarna<\/td>\n<td>+11:31<\/td>\n<\/tr>\n<tr style=\"background-color: #dbd9d9;\">\n<td>33.<\/td>\n<td>Milan Engel<\/td>\n<td>KTM<\/td>\n<td>+14:17<\/td>\n<\/tr>\n<tr style=\"background-color: #f2f2f2;\">\n<td>34.<\/td>\n<td>Ivan Jake\u0161<\/td>\n<td>KTM<\/td>\n<td>+15:44<\/td>\n<\/tr>\n<tr style=\"background-color: #dbd9d9;\">\n<td>45.<\/td>\n<td>Garrett Poucher<\/td>\n<td>KTM<\/td>\n<td>+19:22<\/td>\n<\/tr>\n<tr style=\"background-color: #f2f2f2;\">\n<td>46.<\/td>\n<td>Skyler Howes<\/td>\n<td>Husqvarna<\/td>\n<td>+19:28<\/td>\n<\/tr>\n<tr style=\"background-color: #dbd9d9;\">\n<td>51.<\/td>\n<td>Petr Vl\u010dek<\/td>\n<td>KTM<\/td>\n<td>+22:31<\/td>\n<\/tr>\n<tr style=\"background-color: #f2f2f2;\">\n<td>92.<\/td>\n<td>Jan Vesel\u00fd<\/td>\n<td>Husqvarna<\/td>\n<td>+38:05<\/td>\n<\/tr>\n<tr style=\"background-color: #dbd9d9;\">\n<td>109.<\/td>\n<td>Gabriela Novotn\u00e1<\/td>\n<td>Husqvarna<\/td>\n<td>+47:03<\/td>\n<\/tr>\n<tr style=\"background-color: #f2f2f2;\">\n<td>133.<\/td>\n<td>Gee Motzkin<\/td>\n<td>Husqvarna<\/td>\n<td>+1:21:39<\/td>\n<\/tr>\n<\/tbody>\n<\/table>\n<p>[\/vc_column_text][\/vc_column][\/vc_row]<\/p>\n","protected":false},"excerpt":{"rendered":"<p>Joan Barreda Bort s tov\u00e1rn\u00ed Hondou byl nejrychlej\u0161\u00ed v \u00favodn\u00ed etap\u011b Rally Dakar 2018, kter\u00e1 zavedla \u00fa\u010dastn\u00edky sout\u011b\u017ee z Limy do Pisca.<\/p>\n","protected":false},"author":1,"featured_media":1503,"comment_status":"open","ping_status":"closed","sticky":false,"template":"","format":"standard","meta":{"footnotes":""},"categories":[15,2],"tags":[8,9,129,761],"class_list":["post-1502","post","type-post","status-publish","format-standard","has-post-thumbnail","hentry","category-moto-quad","category-dakar","tag-dakar","tag-dakar-2019","tag-honda","tag-joan-barreda"],"yoast_head":"<!-- This site is optimized with the Yoast SEO plugin v24.9 - https:\/\/yoast.com\/wordpress\/plugins\/seo\/ -->\n<title>Dakar 2019: Prvn\u00ed etapa pro Barredu Borta s Hondou - DAKARMANIA.cz<\/title>\n<meta name=\"description\" content=\"Joan Barreda Bort s tov\u00e1rn\u00ed Hondou byl nejrychlej\u0161\u00ed v \u00favodn\u00ed etap\u011b Rally Dakar 2018, kter\u00e1 zavedla \u00fa\u010dastn\u00edky sout\u011b\u017ee z Limy do Pisca.\" \/>\n<meta name=\"robots\" content=\"index, follow, max-snippet:-1, max-image-preview:large, max-video-preview:-1\" \/>\n<link rel=\"canonical\" href=\"https:\/\/www.dakarmania.cz\/index.php\/2019\/01\/07\/dakar-2019-prvni-etapa-pro-barredu-borta-s-hondou\/\" \/>\n<meta property=\"og:locale\" content=\"cs_CZ\" \/>\n<meta property=\"og:type\" content=\"article\" \/>\n<meta property=\"og:title\" content=\"Dakar 2019: Prvn\u00ed etapa pro Barredu Borta s Hondou - DAKARMANIA.cz\" \/>\n<meta property=\"og:description\" content=\"Joan Barreda Bort s tov\u00e1rn\u00ed Hondou byl nejrychlej\u0161\u00ed v \u00favodn\u00ed etap\u011b Rally Dakar 2018, kter\u00e1 zavedla \u00fa\u010dastn\u00edky sout\u011b\u017ee z Limy do Pisca.\" \/>\n<meta property=\"og:url\" content=\"https:\/\/www.dakarmania.cz\/index.php\/2019\/01\/07\/dakar-2019-prvni-etapa-pro-barredu-borta-s-hondou\/\" \/>\n<meta property=\"og:site_name\" content=\"DAKARMANIA.cz\" \/>\n<meta property=\"article:publisher\" content=\"https:\/\/www.facebook.com\/dakarmania\/\" \/>\n<meta property=\"article:published_time\" content=\"2019-01-07T18:39:19+00:00\" \/>\n<meta property=\"article:modified_time\" content=\"2019-10-29T23:20:58+00:00\" \/>\n<meta property=\"og:image\" content=\"https:\/\/www.dakarmania.cz\/wp-content\/uploads\/2019\/01\/19-dakar-barreda-bort01.jpg\" \/>\n\t<meta property=\"og:image:width\" content=\"800\" \/>\n\t<meta property=\"og:image:height\" content=\"533\" \/>\n\t<meta property=\"og:image:type\" content=\"image\/jpeg\" \/>\n<meta name=\"author\" content=\"Zden\u011bk Zelenka\" \/>\n<meta name=\"twitter:card\" content=\"summary_large_image\" \/>\n<meta name=\"twitter:label1\" content=\"Napsal(a)\" \/>\n\t<meta name=\"twitter:data1\" content=\"Zden\u011bk Zelenka\" \/>\n\t<meta name=\"twitter:label2\" content=\"Odhadovan\u00e1 doba \u010dten\u00ed\" \/>\n\t<meta name=\"twitter:data2\" content=\"2 minuty\" \/>\n<script type=\"application\/ld+json\" class=\"yoast-schema-graph\">{\"@context\":\"https:\/\/schema.org\",\"@graph\":[{\"@type\":\"Article\",\"@id\":\"https:\/\/www.dakarmania.cz\/index.php\/2019\/01\/07\/dakar-2019-prvni-etapa-pro-barredu-borta-s-hondou\/#article\",\"isPartOf\":{\"@id\":\"https:\/\/www.dakarmania.cz\/index.php\/2019\/01\/07\/dakar-2019-prvni-etapa-pro-barredu-borta-s-hondou\/\"},\"author\":{\"name\":\"Zden\u011bk Zelenka\",\"@id\":\"https:\/\/www.dakarmania.cz\/#\/schema\/person\/04eb0e87a389631c2169c0dddae7ff1e\"},\"headline\":\"Dakar 2019: Prvn\u00ed etapa pro Barredu Borta s Hondou\",\"datePublished\":\"2019-01-07T18:39:19+00:00\",\"dateModified\":\"2019-10-29T23:20:58+00:00\",\"mainEntityOfPage\":{\"@id\":\"https:\/\/www.dakarmania.cz\/index.php\/2019\/01\/07\/dakar-2019-prvni-etapa-pro-barredu-borta-s-hondou\/\"},\"wordCount\":428,\"commentCount\":0,\"publisher\":{\"@id\":\"https:\/\/www.dakarmania.cz\/#organization\"},\"image\":{\"@id\":\"https:\/\/www.dakarmania.cz\/index.php\/2019\/01\/07\/dakar-2019-prvni-etapa-pro-barredu-borta-s-hondou\/#primaryimage\"},\"thumbnailUrl\":\"https:\/\/www.dakarmania.cz\/wp-content\/uploads\/2019\/01\/19-dakar-barreda-bort01.jpg\",\"keywords\":[\"Dakar\",\"Dakar 2019\",\"Honda\",\"Joan Barreda\"],\"articleSection\":[\"Moto\/Quad\",\"Rally Dakar\"],\"inLanguage\":\"cs\",\"potentialAction\":[{\"@type\":\"CommentAction\",\"name\":\"Comment\",\"target\":[\"https:\/\/www.dakarmania.cz\/index.php\/2019\/01\/07\/dakar-2019-prvni-etapa-pro-barredu-borta-s-hondou\/#respond\"]}]},{\"@type\":\"WebPage\",\"@id\":\"https:\/\/www.dakarmania.cz\/index.php\/2019\/01\/07\/dakar-2019-prvni-etapa-pro-barredu-borta-s-hondou\/\",\"url\":\"https:\/\/www.dakarmania.cz\/index.php\/2019\/01\/07\/dakar-2019-prvni-etapa-pro-barredu-borta-s-hondou\/\",\"name\":\"Dakar 2019: Prvn\u00ed etapa pro Barredu Borta s Hondou - DAKARMANIA.cz\",\"isPartOf\":{\"@id\":\"https:\/\/www.dakarmania.cz\/#website\"},\"primaryImageOfPage\":{\"@id\":\"https:\/\/www.dakarmania.cz\/index.php\/2019\/01\/07\/dakar-2019-prvni-etapa-pro-barredu-borta-s-hondou\/#primaryimage\"},\"image\":{\"@id\":\"https:\/\/www.dakarmania.cz\/index.php\/2019\/01\/07\/dakar-2019-prvni-etapa-pro-barredu-borta-s-hondou\/#primaryimage\"},\"thumbnailUrl\":\"https:\/\/www.dakarmania.cz\/wp-content\/uploads\/2019\/01\/19-dakar-barreda-bort01.jpg\",\"datePublished\":\"2019-01-07T18:39:19+00:00\",\"dateModified\":\"2019-10-29T23:20:58+00:00\",\"description\":\"Joan Barreda Bort s tov\u00e1rn\u00ed Hondou byl nejrychlej\u0161\u00ed v \u00favodn\u00ed etap\u011b Rally Dakar 2018, kter\u00e1 zavedla \u00fa\u010dastn\u00edky sout\u011b\u017ee z Limy do Pisca.\",\"breadcrumb\":{\"@id\":\"https:\/\/www.dakarmania.cz\/index.php\/2019\/01\/07\/dakar-2019-prvni-etapa-pro-barredu-borta-s-hondou\/#breadcrumb\"},\"inLanguage\":\"cs\",\"potentialAction\":[{\"@type\":\"ReadAction\",\"target\":[\"https:\/\/www.dakarmania.cz\/index.php\/2019\/01\/07\/dakar-2019-prvni-etapa-pro-barredu-borta-s-hondou\/\"]}]},{\"@type\":\"ImageObject\",\"inLanguage\":\"cs\",\"@id\":\"https:\/\/www.dakarmania.cz\/index.php\/2019\/01\/07\/dakar-2019-prvni-etapa-pro-barredu-borta-s-hondou\/#primaryimage\",\"url\":\"https:\/\/www.dakarmania.cz\/wp-content\/uploads\/2019\/01\/19-dakar-barreda-bort01.jpg\",\"contentUrl\":\"https:\/\/www.dakarmania.cz\/wp-content\/uploads\/2019\/01\/19-dakar-barreda-bort01.jpg\",\"width\":800,\"height\":533,\"caption\":\"Joan Barreda Bort, Honda CRF 450 Rally, Monster Energy Honda Team. Test p\u0159ed Rally Dakar 2019. Foto: HRC\"},{\"@type\":\"BreadcrumbList\",\"@id\":\"https:\/\/www.dakarmania.cz\/index.php\/2019\/01\/07\/dakar-2019-prvni-etapa-pro-barredu-borta-s-hondou\/#breadcrumb\",\"itemListElement\":[{\"@type\":\"ListItem\",\"position\":1,\"name\":\"Dom\u016f\",\"item\":\"https:\/\/www.dakarmania.cz\/\"},{\"@type\":\"ListItem\",\"position\":2,\"name\":\"Dakar 2019: Prvn\u00ed etapa pro Barredu Borta s Hondou\"}]},{\"@type\":\"WebSite\",\"@id\":\"https:\/\/www.dakarmania.cz\/#website\",\"url\":\"https:\/\/www.dakarmania.cz\/\",\"name\":\"DAKARMANIA.cz\",\"description\":\"\u017dijeme Dakarem cel\u00fd rok\",\"publisher\":{\"@id\":\"https:\/\/www.dakarmania.cz\/#organization\"},\"potentialAction\":[{\"@type\":\"SearchAction\",\"target\":{\"@type\":\"EntryPoint\",\"urlTemplate\":\"https:\/\/www.dakarmania.cz\/?s={search_term_string}\"},\"query-input\":{\"@type\":\"PropertyValueSpecification\",\"valueRequired\":true,\"valueName\":\"search_term_string\"}}],\"inLanguage\":\"cs\"},{\"@type\":\"Organization\",\"@id\":\"https:\/\/www.dakarmania.cz\/#organization\",\"name\":\"DAKAR MANIA\",\"url\":\"https:\/\/www.dakarmania.cz\/\",\"logo\":{\"@type\":\"ImageObject\",\"inLanguage\":\"cs\",\"@id\":\"https:\/\/www.dakarmania.cz\/#\/schema\/logo\/image\/\",\"url\":\"https:\/\/www.dakarmania.cz\/wp-content\/uploads\/2018\/12\/Dakar-Mania-Logo-Square-Orange.png\",\"contentUrl\":\"https:\/\/www.dakarmania.cz\/wp-content\/uploads\/2018\/12\/Dakar-Mania-Logo-Square-Orange.png\",\"width\":992,\"height\":992,\"caption\":\"DAKAR MANIA\"},\"image\":{\"@id\":\"https:\/\/www.dakarmania.cz\/#\/schema\/logo\/image\/\"},\"sameAs\":[\"https:\/\/www.facebook.com\/dakarmania\/\"]},{\"@type\":\"Person\",\"@id\":\"https:\/\/www.dakarmania.cz\/#\/schema\/person\/04eb0e87a389631c2169c0dddae7ff1e\",\"name\":\"Zden\u011bk Zelenka\",\"image\":{\"@type\":\"ImageObject\",\"inLanguage\":\"cs\",\"@id\":\"https:\/\/www.dakarmania.cz\/#\/schema\/person\/image\/\",\"url\":\"https:\/\/secure.gravatar.com\/avatar\/2c80d5a4942fe0900b73cc7d3837a509d6ee0a276a2b76dac95c92bd0763a89b?s=96&d=mm&r=g\",\"contentUrl\":\"https:\/\/secure.gravatar.com\/avatar\/2c80d5a4942fe0900b73cc7d3837a509d6ee0a276a2b76dac95c92bd0763a89b?s=96&d=mm&r=g\",\"caption\":\"Zden\u011bk Zelenka\"},\"description\":\"Moji d\u011bt\u0161t\u00ed hrdinov\u00e9 se jmenovali Loprais, Moskal, Neveu, Vatanen, Rahier... A tihle borci, jejich n\u00e1sledovn\u00edci a jejich p\u0159\u00edb\u011bhy m\u011b nep\u0159estali fascinovat ani po letech, kdy jsem vyrostl a zam\u011bstn\u00e1valy m\u011b jin\u00e9 discipl\u00edny motorsportu. Proto se zrodila DAKARMANIA.\",\"url\":\"https:\/\/www.dakarmania.cz\/index.php\/author\/dakarmania\/\"}]}<\/script>\n<!-- \/ Yoast SEO plugin. -->","yoast_head_json":{"title":"Dakar 2019: Prvn\u00ed etapa pro Barredu Borta s Hondou - DAKARMANIA.cz","description":"Joan Barreda Bort s tov\u00e1rn\u00ed Hondou byl nejrychlej\u0161\u00ed v \u00favodn\u00ed etap\u011b Rally Dakar 2018, kter\u00e1 zavedla \u00fa\u010dastn\u00edky sout\u011b\u017ee z Limy do Pisca.","robots":{"index":"index","follow":"follow","max-snippet":"max-snippet:-1","max-image-preview":"max-image-preview:large","max-video-preview":"max-video-preview:-1"},"canonical":"https:\/\/www.dakarmania.cz\/index.php\/2019\/01\/07\/dakar-2019-prvni-etapa-pro-barredu-borta-s-hondou\/","og_locale":"cs_CZ","og_type":"article","og_title":"Dakar 2019: Prvn\u00ed etapa pro Barredu Borta s Hondou - DAKARMANIA.cz","og_description":"Joan Barreda Bort s tov\u00e1rn\u00ed Hondou byl nejrychlej\u0161\u00ed v \u00favodn\u00ed etap\u011b Rally Dakar 2018, kter\u00e1 zavedla \u00fa\u010dastn\u00edky sout\u011b\u017ee z Limy do Pisca.","og_url":"https:\/\/www.dakarmania.cz\/index.php\/2019\/01\/07\/dakar-2019-prvni-etapa-pro-barredu-borta-s-hondou\/","og_site_name":"DAKARMANIA.cz","article_publisher":"https:\/\/www.facebook.com\/dakarmania\/","article_published_time":"2019-01-07T18:39:19+00:00","article_modified_time":"2019-10-29T23:20:58+00:00","og_image":[{"width":800,"height":533,"url":"https:\/\/www.dakarmania.cz\/wp-content\/uploads\/2019\/01\/19-dakar-barreda-bort01.jpg","type":"image\/jpeg"}],"author":"Zden\u011bk Zelenka","twitter_card":"summary_large_image","twitter_misc":{"Napsal(a)":"Zden\u011bk Zelenka","Odhadovan\u00e1 doba \u010dten\u00ed":"2 minuty"},"schema":{"@context":"https:\/\/schema.org","@graph":[{"@type":"Article","@id":"https:\/\/www.dakarmania.cz\/index.php\/2019\/01\/07\/dakar-2019-prvni-etapa-pro-barredu-borta-s-hondou\/#article","isPartOf":{"@id":"https:\/\/www.dakarmania.cz\/index.php\/2019\/01\/07\/dakar-2019-prvni-etapa-pro-barredu-borta-s-hondou\/"},"author":{"name":"Zden\u011bk Zelenka","@id":"https:\/\/www.dakarmania.cz\/#\/schema\/person\/04eb0e87a389631c2169c0dddae7ff1e"},"headline":"Dakar 2019: Prvn\u00ed etapa pro Barredu Borta s Hondou","datePublished":"2019-01-07T18:39:19+00:00","dateModified":"2019-10-29T23:20:58+00:00","mainEntityOfPage":{"@id":"https:\/\/www.dakarmania.cz\/index.php\/2019\/01\/07\/dakar-2019-prvni-etapa-pro-barredu-borta-s-hondou\/"},"wordCount":428,"commentCount":0,"publisher":{"@id":"https:\/\/www.dakarmania.cz\/#organization"},"image":{"@id":"https:\/\/www.dakarmania.cz\/index.php\/2019\/01\/07\/dakar-2019-prvni-etapa-pro-barredu-borta-s-hondou\/#primaryimage"},"thumbnailUrl":"https:\/\/www.dakarmania.cz\/wp-content\/uploads\/2019\/01\/19-dakar-barreda-bort01.jpg","keywords":["Dakar","Dakar 2019","Honda","Joan Barreda"],"articleSection":["Moto\/Quad","Rally Dakar"],"inLanguage":"cs","potentialAction":[{"@type":"CommentAction","name":"Comment","target":["https:\/\/www.dakarmania.cz\/index.php\/2019\/01\/07\/dakar-2019-prvni-etapa-pro-barredu-borta-s-hondou\/#respond"]}]},{"@type":"WebPage","@id":"https:\/\/www.dakarmania.cz\/index.php\/2019\/01\/07\/dakar-2019-prvni-etapa-pro-barredu-borta-s-hondou\/","url":"https:\/\/www.dakarmania.cz\/index.php\/2019\/01\/07\/dakar-2019-prvni-etapa-pro-barredu-borta-s-hondou\/","name":"Dakar 2019: Prvn\u00ed etapa pro Barredu Borta s Hondou - DAKARMANIA.cz","isPartOf":{"@id":"https:\/\/www.dakarmania.cz\/#website"},"primaryImageOfPage":{"@id":"https:\/\/www.dakarmania.cz\/index.php\/2019\/01\/07\/dakar-2019-prvni-etapa-pro-barredu-borta-s-hondou\/#primaryimage"},"image":{"@id":"https:\/\/www.dakarmania.cz\/index.php\/2019\/01\/07\/dakar-2019-prvni-etapa-pro-barredu-borta-s-hondou\/#primaryimage"},"thumbnailUrl":"https:\/\/www.dakarmania.cz\/wp-content\/uploads\/2019\/01\/19-dakar-barreda-bort01.jpg","datePublished":"2019-01-07T18:39:19+00:00","dateModified":"2019-10-29T23:20:58+00:00","description":"Joan Barreda Bort s tov\u00e1rn\u00ed Hondou byl nejrychlej\u0161\u00ed v \u00favodn\u00ed etap\u011b Rally Dakar 2018, kter\u00e1 zavedla \u00fa\u010dastn\u00edky sout\u011b\u017ee z Limy do Pisca.","breadcrumb":{"@id":"https:\/\/www.dakarmania.cz\/index.php\/2019\/01\/07\/dakar-2019-prvni-etapa-pro-barredu-borta-s-hondou\/#breadcrumb"},"inLanguage":"cs","potentialAction":[{"@type":"ReadAction","target":["https:\/\/www.dakarmania.cz\/index.php\/2019\/01\/07\/dakar-2019-prvni-etapa-pro-barredu-borta-s-hondou\/"]}]},{"@type":"ImageObject","inLanguage":"cs","@id":"https:\/\/www.dakarmania.cz\/index.php\/2019\/01\/07\/dakar-2019-prvni-etapa-pro-barredu-borta-s-hondou\/#primaryimage","url":"https:\/\/www.dakarmania.cz\/wp-content\/uploads\/2019\/01\/19-dakar-barreda-bort01.jpg","contentUrl":"https:\/\/www.dakarmania.cz\/wp-content\/uploads\/2019\/01\/19-dakar-barreda-bort01.jpg","width":800,"height":533,"caption":"Joan Barreda Bort, Honda CRF 450 Rally, Monster Energy Honda Team. Test p\u0159ed Rally Dakar 2019. Foto: HRC"},{"@type":"BreadcrumbList","@id":"https:\/\/www.dakarmania.cz\/index.php\/2019\/01\/07\/dakar-2019-prvni-etapa-pro-barredu-borta-s-hondou\/#breadcrumb","itemListElement":[{"@type":"ListItem","position":1,"name":"Dom\u016f","item":"https:\/\/www.dakarmania.cz\/"},{"@type":"ListItem","position":2,"name":"Dakar 2019: Prvn\u00ed etapa pro Barredu Borta s Hondou"}]},{"@type":"WebSite","@id":"https:\/\/www.dakarmania.cz\/#website","url":"https:\/\/www.dakarmania.cz\/","name":"DAKARMANIA.cz","description":"\u017dijeme Dakarem cel\u00fd rok","publisher":{"@id":"https:\/\/www.dakarmania.cz\/#organization"},"potentialAction":[{"@type":"SearchAction","target":{"@type":"EntryPoint","urlTemplate":"https:\/\/www.dakarmania.cz\/?s={search_term_string}"},"query-input":{"@type":"PropertyValueSpecification","valueRequired":true,"valueName":"search_term_string"}}],"inLanguage":"cs"},{"@type":"Organization","@id":"https:\/\/www.dakarmania.cz\/#organization","name":"DAKAR MANIA","url":"https:\/\/www.dakarmania.cz\/","logo":{"@type":"ImageObject","inLanguage":"cs","@id":"https:\/\/www.dakarmania.cz\/#\/schema\/logo\/image\/","url":"https:\/\/www.dakarmania.cz\/wp-content\/uploads\/2018\/12\/Dakar-Mania-Logo-Square-Orange.png","contentUrl":"https:\/\/www.dakarmania.cz\/wp-content\/uploads\/2018\/12\/Dakar-Mania-Logo-Square-Orange.png","width":992,"height":992,"caption":"DAKAR MANIA"},"image":{"@id":"https:\/\/www.dakarmania.cz\/#\/schema\/logo\/image\/"},"sameAs":["https:\/\/www.facebook.com\/dakarmania\/"]},{"@type":"Person","@id":"https:\/\/www.dakarmania.cz\/#\/schema\/person\/04eb0e87a389631c2169c0dddae7ff1e","name":"Zden\u011bk Zelenka","image":{"@type":"ImageObject","inLanguage":"cs","@id":"https:\/\/www.dakarmania.cz\/#\/schema\/person\/image\/","url":"https:\/\/secure.gravatar.com\/avatar\/2c80d5a4942fe0900b73cc7d3837a509d6ee0a276a2b76dac95c92bd0763a89b?s=96&d=mm&r=g","contentUrl":"https:\/\/secure.gravatar.com\/avatar\/2c80d5a4942fe0900b73cc7d3837a509d6ee0a276a2b76dac95c92bd0763a89b?s=96&d=mm&r=g","caption":"Zden\u011bk Zelenka"},"description":"Moji d\u011bt\u0161t\u00ed hrdinov\u00e9 se jmenovali Loprais, Moskal, Neveu, Vatanen, Rahier... A tihle borci, jejich n\u00e1sledovn\u00edci a jejich p\u0159\u00edb\u011bhy m\u011b nep\u0159estali fascinovat ani po letech, kdy jsem vyrostl a zam\u011bstn\u00e1valy m\u011b jin\u00e9 discipl\u00edny motorsportu. Proto se zrodila DAKARMANIA.","url":"https:\/\/www.dakarmania.cz\/index.php\/author\/dakarmania\/"}]}},"amp_enabled":true,"_links":{"self":[{"href":"https:\/\/www.dakarmania.cz\/index.php\/wp-json\/wp\/v2\/posts\/1502","targetHints":{"allow":["GET"]}}],"collection":[{"href":"https:\/\/www.dakarmania.cz\/index.php\/wp-json\/wp\/v2\/posts"}],"about":[{"href":"https:\/\/www.dakarmania.cz\/index.php\/wp-json\/wp\/v2\/types\/post"}],"author":[{"embeddable":true,"href":"https:\/\/www.dakarmania.cz\/index.php\/wp-json\/wp\/v2\/users\/1"}],"replies":[{"embeddable":true,"href":"https:\/\/www.dakarmania.cz\/index.php\/wp-json\/wp\/v2\/comments?post=1502"}],"version-history":[{"count":6,"href":"https:\/\/www.dakarmania.cz\/index.php\/wp-json\/wp\/v2\/posts\/1502\/revisions"}],"predecessor-version":[{"id":12943,"href":"https:\/\/www.dakarmania.cz\/index.php\/wp-json\/wp\/v2\/posts\/1502\/revisions\/12943"}],"wp:featuredmedia":[{"embeddable":true,"href":"https:\/\/www.dakarmania.cz\/index.php\/wp-json\/wp\/v2\/media\/1503"}],"wp:attachment":[{"href":"https:\/\/www.dakarmania.cz\/index.php\/wp-json\/wp\/v2\/media?parent=1502"}],"wp:term":[{"taxonomy":"category","embeddable":true,"href":"https:\/\/www.dakarmania.cz\/index.php\/wp-json\/wp\/v2\/categories?post=1502"},{"taxonomy":"post_tag","embeddable":true,"href":"https:\/\/www.dakarmania.cz\/index.php\/wp-json\/wp\/v2\/tags?post=1502"}],"curies":[{"name":"wp","href":"https:\/\/api.w.org\/{rel}","templated":true}]}}