{"id":15034,"date":"2020-01-17T09:01:46","date_gmt":"2020-01-17T08:01:46","guid":{"rendered":"https:\/\/www.dakarmania.cz\/?p=15034"},"modified":"2020-03-27T22:03:04","modified_gmt":"2020-03-27T21:03:04","slug":"brabec-prvnim-americkym-vitezem-dakaru","status":"publish","type":"post","link":"https:\/\/www.dakarmania.cz\/index.php\/2020\/01\/17\/brabec-prvnim-americkym-vitezem-dakaru\/","title":{"rendered":"Ricky Brabec prvn\u00edm americk\u00fdm v\u00edt\u011bzem Rally Dakar"},"content":{"rendered":"<p>[vc_row][vc_column][vc_column_text css_animation=&#8221;fadeIn&#8221;]<\/p>\n<h3>Ricky Brabec vybojoval na Rally Dakar 2020 historick\u00e9 v\u00edt\u011bzstv\u00ed pro Spojen\u00e9 st\u00e1ty americk\u00e9 a Hondu. Osmadvacetilet\u00fd Kalifor\u0148an ukon\u010dil devaten\u00e1ctiletou nadvl\u00e1du KTM a japonsk\u00e9mu v\u00fdrobci zajistil prvn\u00ed dakarsk\u00e9 v\u00edt\u011bzstv\u00ed od roku 1989.<\/h3>\n<p><span style=\"color: #999999;\">[posledn\u00ed aktualizace 17. 1. 2020, 19:46]<\/span>[\/vc_column_text][vc_single_image image=&#8221;15033&#8243; img_size=&#8221;large&#8221; add_caption=&#8221;yes&#8221; alignment=&#8221;center&#8221; onclick=&#8221;link_image&#8221; css_animation=&#8221;fadeIn&#8221;][vc_column_text css_animation=&#8221;fadeIn&#8221;]Druh\u00fdm \u010dasem na <a href=\"\/index.php\/2020\/01\/17\/dakar-2020-zaverecna-specialka-zkracena\/\">zkr\u00e1cen\u00e9 speci\u00e1lce<\/a> z\u00e1v\u011bre\u010dn\u00e9 etapy si <a href=\"\/index.php\/osobnosti\/ricky-brabec\/\">Ricky Brabec<\/a> pojistil v\u00edt\u011bzstv\u00ed na <a href=\"\/index.php\/souteze\/dakar-2020\/\">Rally Dakar 2020<\/a>. Ameri\u010dan se veden\u00ed ujal po t\u0159et\u00ed ze dvan\u00e1cti etap a od t\u00e9 chv\u00edle u\u017e nikoho ze soupe\u0159\u016f p\u0159ed sebe nepustil. P\u0159ipsal si dv\u011b etapov\u00e1 v\u00edt\u011bzstv\u00ed a celkov\u011b druh\u00e9ho <a href=\"\/index.php\/osobnosti\/pablo-quintanilla\/\">Pabla Quintanillu<\/a> s Husqvarnou porazil o 16 minut a 26 sekund.[\/vc_column_text][vc_column_text css_animation=&#8221;fadeIn&#8221; css=&#8221;.vc_custom_1579304530203{padding-top: 10px !important;padding-right: 10px !important;padding-bottom: 20px !important;padding-left: 10px !important;background-color: #dbd9d9 !important;}&#8221;]<strong>Dal\u0161\u00ed kategorie:<\/strong><\/p>\n<p><a href=\"\/index.php\/2020\/01\/17\/serii-kamazu-prodlouzil-karginov-macik-paty\/\"><strong>&gt; KAMIONY:<\/strong> V\u00edt\u011bznou s\u00e9rii Kamazu prodlou\u017eil Karginov. Mac\u00edk p\u00e1t\u00fd<\/a><br \/>\n<a href=\"\/index.php\/2020\/01\/17\/treti-dakarske-vitezstvi-pro-sainze\/\"><strong>&gt; AUTO:<\/strong> T\u0159et\u00ed dakarsk\u00e9 v\u00edt\u011bzstv\u00ed pro Carlose Sainze. Prvn\u00ed pro Mini JCW Buggy<\/a><br \/>\n<a href=\"\/index.php\/2020\/01\/17\/tuma-v-euforii-potreti-casale\/\"><strong>&gt; QUAD:<\/strong> T\u016fma v euforii. Pot\u0159et\u00ed Casale<\/a>[\/vc_column_text][vc_column_text css_animation=&#8221;fadeIn&#8221;]<em>\u201eJe to spln\u011bn\u00fd sen. Te\u010f si mus\u00edme stanovit je\u0161t\u011b vy\u0161\u0161\u00ed c\u00edle. Snad to p\u0159\u00ed\u0161t\u00ed rok dok\u00e1\u017eeme zopakovat. V\u00edm, \u017ee to nebude jednoduch\u00e9, proto\u017ee ho\u0161i od Husqvarny a KTM n\u00e1m budou d\u00fdchat na z\u00e1da,\u201c<\/em> h\u00e1z\u00ed rukavici do ringu bezprost\u0159edn\u011b po sv\u00e9m triumfu <strong>Ricky Brabec<\/strong>. <em>\u201eJe \u00fa\u017easn\u00e9 b\u00fdt jedin\u00fdm Ameri\u010danem, kter\u00e9mu se tohle povedlo. Byl to velk\u00fd a n\u00e1ro\u010dn\u00fd z\u00e1vod. Poprv\u00e9 se jelo v Sa\u00fadsk\u00e9 Ar\u00e1bii a krajina byla neuv\u011b\u0159iteln\u00e1. Hrozn\u011b se mi to l\u00edbilo. Cht\u011bl bych se za rok vr\u00e1tit. Ale m\u00e1m p\u011btilet\u00fd kontrakt, tak bych se vr\u00e1tit m\u011bl.\u201c<\/em><\/p>\n<p>Honda se \u0161est\u00e9ho dakarsk\u00e9ho triumfu do\u010dkala osm let po n\u00e1vratu sv\u00e9ho tov\u00e1rn\u00edho t\u00fdmu na nejslavn\u011bj\u0161\u00ed maratonskou rally sv\u011bta, k n\u011bmu\u017e do\u0161lo po t\u0159iadvacetilet\u00e9 p\u0159est\u00e1vce v roce 2013. V\u0161ech p\u011bt p\u0159edchoz\u00edch v\u00fdher si p\u0159ipsala u\u017e v osmdes\u00e1t\u00fdch letech minul\u00e9ho stolet\u00ed v Africe.<\/p>\n<p>[\/vc_column_text][vc_single_image image=&#8221;15450&#8243; img_size=&#8221;large&#8221; add_caption=&#8221;yes&#8221; alignment=&#8221;center&#8221; onclick=&#8221;custom_link&#8221; img_link_target=&#8221;_blank&#8221; css_animation=&#8221;fadeIn&#8221; link=&#8221;http:\/\/eshop.dakarmania.cz\/&#8221;][vc_column_text css_animation=&#8221;fadeIn&#8221;]Leto\u0161n\u00edmu ro\u010dn\u00edku jej\u00ed jezdci kralovali, kdy\u017e vyhr\u00e1li \u0161est z jeden\u00e1cti etap, kter\u00e9 motocyklist\u00e9 absolvovali. Krom\u011b Brabeca si dv\u011b d\u00edl\u010d\u00ed v\u00edt\u011bzstv\u00ed p\u0159ipsal tak\u00e9 Jos\u00e9 Ignacio Cornejo a po jednom <a href=\"\/index.php\/osobnosti\/kevin-benavides\/\">Kevin Benavides<\/a> a <a href=\"\/index.php\/osobnosti\/joan-barreda\/\">Joan Barreda<\/a>. V hodnocen\u00ed t\u0159et\u00ed a des\u00e1t\u00e9 etapy se jezdci Hondy se\u0159adili na prvn\u00edch t\u0159ech m\u00edstech.<\/p>\n<p>Od roku 2001 a\u017e do leto\u0161ka dominovala kategorii motocykl\u016f na Rally Dakar rakousk\u00e1 KTM, kter\u00e1 v tomto obdob\u00ed dok\u00e1zala vyhr\u00e1t osmn\u00e1ctkr\u00e1t v \u0159ad\u011b (ro\u010dn\u00edk 2008 byl kv\u016fli hrozb\u011b teroristick\u00e9ho \u00fatoku zru\u0161en).<\/p>\n<p>Tentokr\u00e1t se KTM musela sklonit nejen p\u0159ed Hondou, ale tak\u00e9 p\u0159ed koncernovou \u201esestrou\u201c Husqvarnou. Nejlep\u0161\u00edm z jezdc\u016f rakousk\u00e9 zna\u010dky byl t\u0159et\u00ed <a href=\"\/index.php\/osobnosti\/toby-price\/\">Toby Price<\/a>, kter\u00fd krom\u011b Brabeca tentokr\u00e1t nesta\u010dil ani na Pabla Quintanillu. Chilan druh\u00fdm m\u00edstem posunul sv\u00e9 dosavadn\u00ed maximum, stejn\u011b jako jeho krajan a v\u00edt\u011bz z\u00e1v\u011bre\u010dn\u00e9 etapy Jos\u00e9 Ignacio Cornejo, kter\u00fd skon\u010dil \u010dtvrt\u00fd.[\/vc_column_text][vc_single_image image=&#8221;15102&#8243; img_size=&#8221;large&#8221; add_caption=&#8221;yes&#8221; alignment=&#8221;center&#8221; onclick=&#8221;link_image&#8221; css_animation=&#8221;fadeIn&#8221;][vc_column_text css_animation=&#8221;fadeIn&#8221;]<\/p>\n<h4>Klym\u010diw Racing mezi tov\u00e1rnami!<\/h4>\n<p>V prvn\u00ed des\u00edtce kone\u010dn\u00e9ho po\u0159ad\u00ed motocyklist\u016f jsou celkem t\u0159i Ameri\u010dan\u00e9. Brabec\u016fv krajan Skyler Howes se zaslou\u017eil o mimo\u0159\u00e1dn\u00fd \u00fasp\u011bch t\u00fdmu Ond\u0159eje Klym\u010diwa, pro kter\u00fd vybojoval dev\u00e1t\u00e9 m\u00edsto absolutn\u011b navzdory nep\u0159\u00edjemn\u00e9mu p\u00e1du v p\u0159edposledn\u00ed etap\u011b. Klym\u010diw Racing je jedin\u00fdm soukrom\u00fdm t\u00fdmem, kter\u00fd m\u00e1 mezi deseti nejlep\u0161\u00edmi motocyklisty sv\u00e9ho z\u00e1stupce. Zbyl\u00fdch dev\u011bt jezdc\u016f h\u00e1j\u00ed barvy tov\u00e1rn\u00edch st\u00e1j\u00ed.<\/p>\n<p>Tov\u00e1rn\u00ed jezdec Husqvarny <a href=\"\/index.php\/osobnosti\/andrew-short\/\">Andrew Short<\/a> po p\u0159edposledn\u00ed etap\u011b z top 10 vytla\u010dil Slov\u00e1ka \u0160tefana Svitka.<\/p>\n<h4>Michek t\u0159et\u00ed mezi nov\u00e1\u010dky<\/h4>\n<p>Z \u010desk\u00fdch jezdc\u016f byl nej\u00fasp\u011b\u0161n\u011bj\u0161\u00ed debutant <a href=\"\/index.php\/osobnosti\/martin-michek\/\">Martin Michek<\/a>. Jezdec t\u00fdmu Orion \u2013 Moto Racing Group vybojoval p\u0159i premi\u00e9\u0159e 23. m\u00edsto, mezi nov\u00e1\u010dky skon\u010dil po pot\u00ed\u017e\u00edch v p\u0159edposledn\u00ed etap\u011b t\u0159et\u00ed.[\/vc_column_text][vc_single_image image=&#8221;15103&#8243; img_size=&#8221;large&#8221; add_caption=&#8221;yes&#8221; alignment=&#8221;center&#8221; onclick=&#8221;link_image&#8221; css_animation=&#8221;fadeIn&#8221;][vc_column_text css_animation=&#8221;fadeIn&#8221;]Krom\u011b \u00fasp\u011bchu Skylera Howese m\u00e1 Klym\u010diw Racing i dal\u0161\u00ed d\u016fvody k oslav\u011b. Petr Vl\u010dek obsadil \u010dtvrtou p\u0159\u00ed\u010dku v kategorii malle moto (bez asistence) a 38. m\u00edstem celkov\u011b vylep\u0161il o dev\u011bt pozic sv\u00e9 dosavadn\u00ed dakarsk\u00e9 maximum. Jen o dv\u011b p\u0159\u00ed\u010dky n\u00ed\u017e se um\u00edstil Howes\u016fv a Vl\u010dk\u016fv t\u00fdmov\u00fd kolegy Myunggul Ryu, kter\u00fd se Dakaru jako prvn\u00ed Jihokorejec nejen z\u00fa\u010dastnil, ale tak\u00e9 jej dokon\u010dil.<\/p>\n<p>Z \u010cech\u016f, kte\u0159\u00ed do Dakaru 2020 odstartovali, musel odstoupit pouze Roman Krej\u010d\u00ed. Jezdce Ivar CS Teamu vy\u0159adilo zran\u011bn\u00ed po p\u00e1du v \u0161est\u00e9 etap\u011b.[\/vc_column_text][vc_column_text css_animation=&#8221;fadeIn&#8221;]<\/p>\n<table style=\"width: 97.7654%;\" rules=\"rows\" cellpadding=\"4px\">\n<tbody>\n<tr style=\"background-color: #9e9d9d; color: white;\">\n<td style=\"text-align: center;\" colspan=\"4\"><span style=\"font-size: 10pt;\"><strong>Rally Dakar 2020<br \/>\nMOTOCYKLY<br \/>\nneofici\u00e1ln\u00ed kone\u010dn\u00e9 v\u00fdsledky<\/strong><\/span><\/td>\n<\/tr>\n<tr style=\"background-color: #dbd9d9;\">\n<td>1.<\/td>\n<td>Ricky Brabec<\/td>\n<td>Honda CRF450 Rally<\/td>\n<td style=\"text-align: right;\">40:02:36<\/td>\n<\/tr>\n<tr style=\"background-color: #f2f2f2;\">\n<td>2.<\/td>\n<td>Pablo Quintanilla<\/td>\n<td>Husqvarna FR 450 Rally<\/td>\n<td style=\"text-align: right;\">+16:26<\/td>\n<\/tr>\n<tr style=\"background-color: #dbd9d9;\">\n<td>3.<\/td>\n<td>Toby Price<\/td>\n<td>KTM 450 Rally<\/td>\n<td style=\"text-align: right;\">+24:06<\/td>\n<\/tr>\n<tr style=\"background-color: #f2f2f2;\">\n<td>4.<\/td>\n<td>Jos\u00e9 Ignacio Cornejo<\/td>\n<td>Honda CRF450 Rally<\/td>\n<td style=\"text-align: right;\">+31:43<\/td>\n<\/tr>\n<tr style=\"background-color: #dbd9d9;\">\n<td>5.<\/td>\n<td>Matthias Walkner<\/td>\n<td>KTM 450 Rally<\/td>\n<td style=\"text-align: right;\">+35:00<\/td>\n<\/tr>\n<tr style=\"background-color: #f2f2f2;\">\n<td>6.<\/td>\n<td>Luciano Benavides<\/td>\n<td>KTM 450 Rally<\/td>\n<td style=\"text-align: right;\">+37:34<\/td>\n<\/tr>\n<tr style=\"background-color: #dbd9d9;\">\n<td>7.<\/td>\n<td>Joan Barreda<\/td>\n<td>Honda CRF450 Rally<\/td>\n<td style=\"text-align: right;\">+50:57<\/td>\n<\/tr>\n<tr style=\"background-color: #f2f2f2;\">\n<td>8.<\/td>\n<td>Franco Caimi<\/td>\n<td>Yamaha WR450F Rally<\/td>\n<td style=\"text-align: right;\">+1:42:35<\/td>\n<\/tr>\n<tr style=\"background-color: #dbd9d9;\">\n<td>9.<\/td>\n<td>Skyler Howes<\/td>\n<td>Husqvarna FR 450 Rally<\/td>\n<td style=\"text-align: right;\">+2:04:01<\/td>\n<\/tr>\n<tr style=\"background-color: #f2f2f2;\">\n<td>10.<\/td>\n<td>Andrew Short<\/td>\n<td>Husqvarna FR 450 Rally<\/td>\n<td style=\"text-align: right;\">+2:10:40<\/td>\n<\/tr>\n<tr style=\"background-color: #dbd9d9;\">\n<td>23.<\/td>\n<td>Martin Michek<\/td>\n<td>KTM 450 Rally Replica<\/td>\n<td style=\"text-align: right;\">+4:30:41<\/td>\n<\/tr>\n<tr style=\"background-color: #f2f2f2;\">\n<td>26.<\/td>\n<td>Milan Engel<\/td>\n<td>KTM 450 Rally Replica<\/td>\n<td style=\"text-align: right;\">+6:03:09<\/td>\n<\/tr>\n<tr style=\"background-color: #dbd9d9;\">\n<td>38.<\/td>\n<td>Petr Vl\u010dek<\/td>\n<td>KTM 450 Rally Replica<\/td>\n<td style=\"text-align: right;\">+11:48:57<\/td>\n<\/tr>\n<tr style=\"background-color: #f2f2f2;\">\n<td>54.<\/td>\n<td>Jan Brabec<\/td>\n<td>KTM 450 Rally Replica<\/td>\n<td style=\"text-align: right;\">+16:12:18<\/td>\n<\/tr>\n<tr style=\"background-color: #dbd9d9;\">\n<td>79.<\/td>\n<td>Jan Vesel\u00fd<\/td>\n<td>Husqvarna FE 450<\/td>\n<td style=\"text-align: right;\">+24:05:16<\/td>\n<\/tr>\n<\/tbody>\n<\/table>\n<p>[\/vc_column_text][vc_empty_space height=&#8221;2px&#8221;][\/vc_column][\/vc_row]<\/p>\n","protected":false},"excerpt":{"rendered":"<p>Ricky Brabec vybojoval na Rally Dakar 2020 historick\u00e9 v\u00edt\u011bzstv\u00ed pro USA a Hondu. Osmadvacetilet\u00fd Kalifor\u0148an ukon\u010dil devaten\u00e1ctiletou nadvl\u00e1du KTM.<\/p>\n","protected":false},"author":1,"featured_media":15033,"comment_status":"open","ping_status":"closed","sticky":false,"template":"","format":"standard","meta":{"footnotes":""},"categories":[251,15],"tags":[903,757,8,159,129,759,791,64,756,761,762,230,57,63,127,1356,74,75,215,59,222,61,216,126],"class_list":["post-15034","post","type-post","status-publish","format-standard","has-post-thumbnail","hentry","category-dakar-2020","category-moto-quad","tag-903","tag-andrew-short","tag-dakar","tag-dakar-2020","tag-honda","tag-honda-team","tag-hrc","tag-husqvarna","tag-husqvarna-factory-racing","tag-joan-barreda","tag-jose-ignacio-cornejo","tag-kevin-benavides","tag-klymciw-racing","tag-ktm","tag-ktm-factory-racing","tag-martin-michek","tag-moto-racing-group","tag-mrg","tag-pablo-quintanilla","tag-petr-vlcek","tag-ricky-brabec","tag-skyler-howes","tag-stefan-svitko","tag-toby-price"],"yoast_head":"<!-- This site is optimized with the Yoast SEO plugin v24.9 - https:\/\/yoast.com\/wordpress\/plugins\/seo\/ -->\n<title>Ricky Brabec prvn\u00edm americk\u00fdm v\u00edt\u011bzem Rally Dakar - DAKARMANIA.cz<\/title>\n<meta name=\"description\" content=\"Ricky Brabec vybojoval na Rally Dakar 2020 historick\u00e9 v\u00edt\u011bzstv\u00ed pro USA a Hondu. Osmadvacetilet\u00fd Kalifor\u0148an ukon\u010dil devaten\u00e1ctiletou nadvl\u00e1du KTM.\" \/>\n<meta name=\"robots\" content=\"index, follow, max-snippet:-1, max-image-preview:large, max-video-preview:-1\" \/>\n<link rel=\"canonical\" href=\"https:\/\/www.dakarmania.cz\/index.php\/2020\/01\/17\/brabec-prvnim-americkym-vitezem-dakaru\/\" \/>\n<meta property=\"og:locale\" content=\"cs_CZ\" \/>\n<meta property=\"og:type\" content=\"article\" \/>\n<meta property=\"og:title\" content=\"Ricky Brabec prvn\u00edm americk\u00fdm v\u00edt\u011bzem Rally Dakar - DAKARMANIA.cz\" \/>\n<meta property=\"og:description\" content=\"Ricky Brabec vybojoval na Rally Dakar 2020 historick\u00e9 v\u00edt\u011bzstv\u00ed pro USA a Hondu. Osmadvacetilet\u00fd Kalifor\u0148an ukon\u010dil devaten\u00e1ctiletou nadvl\u00e1du KTM.\" \/>\n<meta property=\"og:url\" content=\"https:\/\/www.dakarmania.cz\/index.php\/2020\/01\/17\/brabec-prvnim-americkym-vitezem-dakaru\/\" \/>\n<meta property=\"og:site_name\" content=\"DAKARMANIA.cz\" \/>\n<meta property=\"article:publisher\" content=\"https:\/\/www.facebook.com\/dakarmania\/\" \/>\n<meta property=\"article:published_time\" content=\"2020-01-17T08:01:46+00:00\" \/>\n<meta property=\"article:modified_time\" content=\"2020-03-27T21:03:04+00:00\" \/>\n<meta property=\"og:image\" content=\"https:\/\/www.dakarmania.cz\/wp-content\/uploads\/2020\/01\/20-dakar-brabecr-08.jpg\" \/>\n\t<meta property=\"og:image:width\" content=\"1024\" \/>\n\t<meta property=\"og:image:height\" content=\"683\" \/>\n\t<meta property=\"og:image:type\" content=\"image\/jpeg\" \/>\n<meta name=\"author\" content=\"Zden\u011bk Zelenka\" \/>\n<meta name=\"twitter:card\" content=\"summary_large_image\" \/>\n<meta name=\"twitter:label1\" content=\"Napsal(a)\" \/>\n\t<meta name=\"twitter:data1\" content=\"Zden\u011bk Zelenka\" \/>\n\t<meta name=\"twitter:label2\" content=\"Odhadovan\u00e1 doba \u010dten\u00ed\" \/>\n\t<meta name=\"twitter:data2\" content=\"5 minut\" \/>\n<script type=\"application\/ld+json\" class=\"yoast-schema-graph\">{\"@context\":\"https:\/\/schema.org\",\"@graph\":[{\"@type\":\"Article\",\"@id\":\"https:\/\/www.dakarmania.cz\/index.php\/2020\/01\/17\/brabec-prvnim-americkym-vitezem-dakaru\/#article\",\"isPartOf\":{\"@id\":\"https:\/\/www.dakarmania.cz\/index.php\/2020\/01\/17\/brabec-prvnim-americkym-vitezem-dakaru\/\"},\"author\":{\"name\":\"Zden\u011bk Zelenka\",\"@id\":\"https:\/\/www.dakarmania.cz\/#\/schema\/person\/04eb0e87a389631c2169c0dddae7ff1e\"},\"headline\":\"Ricky Brabec prvn\u00edm americk\u00fdm v\u00edt\u011bzem Rally Dakar\",\"datePublished\":\"2020-01-17T08:01:46+00:00\",\"dateModified\":\"2020-03-27T21:03:04+00:00\",\"mainEntityOfPage\":{\"@id\":\"https:\/\/www.dakarmania.cz\/index.php\/2020\/01\/17\/brabec-prvnim-americkym-vitezem-dakaru\/\"},\"wordCount\":1045,\"commentCount\":0,\"publisher\":{\"@id\":\"https:\/\/www.dakarmania.cz\/#organization\"},\"image\":{\"@id\":\"https:\/\/www.dakarmania.cz\/index.php\/2020\/01\/17\/brabec-prvnim-americkym-vitezem-dakaru\/#primaryimage\"},\"thumbnailUrl\":\"https:\/\/www.dakarmania.cz\/wp-content\/uploads\/2020\/01\/20-dakar-brabecr-08.jpg\",\"keywords\":[\"2020\",\"Andrew Short\",\"Dakar\",\"Dakar 2020\",\"Honda\",\"Honda Team\",\"HRC\",\"Husqvarna\",\"Husqvarna Factory Racing\",\"Joan Barreda\",\"Jos\u00e9 Ignacio Cornejo\",\"Kevin Benavides\",\"Klym\u010diw Racing\",\"KTM\",\"KTM Factory Racing\",\"Martin Michek\",\"Moto Racing Group\",\"MRG\",\"Pablo Quintanilla\",\"Petr Vl\u010dek\",\"Ricky Brabec\",\"Skyler Howes\",\"\u0160tefan Svitko\",\"Toby Price\"],\"articleSection\":[\"Dakar 2020\",\"Moto\/Quad\"],\"inLanguage\":\"cs\",\"potentialAction\":[{\"@type\":\"CommentAction\",\"name\":\"Comment\",\"target\":[\"https:\/\/www.dakarmania.cz\/index.php\/2020\/01\/17\/brabec-prvnim-americkym-vitezem-dakaru\/#respond\"]}]},{\"@type\":\"WebPage\",\"@id\":\"https:\/\/www.dakarmania.cz\/index.php\/2020\/01\/17\/brabec-prvnim-americkym-vitezem-dakaru\/\",\"url\":\"https:\/\/www.dakarmania.cz\/index.php\/2020\/01\/17\/brabec-prvnim-americkym-vitezem-dakaru\/\",\"name\":\"Ricky Brabec prvn\u00edm americk\u00fdm v\u00edt\u011bzem Rally Dakar - DAKARMANIA.cz\",\"isPartOf\":{\"@id\":\"https:\/\/www.dakarmania.cz\/#website\"},\"primaryImageOfPage\":{\"@id\":\"https:\/\/www.dakarmania.cz\/index.php\/2020\/01\/17\/brabec-prvnim-americkym-vitezem-dakaru\/#primaryimage\"},\"image\":{\"@id\":\"https:\/\/www.dakarmania.cz\/index.php\/2020\/01\/17\/brabec-prvnim-americkym-vitezem-dakaru\/#primaryimage\"},\"thumbnailUrl\":\"https:\/\/www.dakarmania.cz\/wp-content\/uploads\/2020\/01\/20-dakar-brabecr-08.jpg\",\"datePublished\":\"2020-01-17T08:01:46+00:00\",\"dateModified\":\"2020-03-27T21:03:04+00:00\",\"description\":\"Ricky Brabec vybojoval na Rally Dakar 2020 historick\u00e9 v\u00edt\u011bzstv\u00ed pro USA a Hondu. Osmadvacetilet\u00fd Kalifor\u0148an ukon\u010dil devaten\u00e1ctiletou nadvl\u00e1du KTM.\",\"breadcrumb\":{\"@id\":\"https:\/\/www.dakarmania.cz\/index.php\/2020\/01\/17\/brabec-prvnim-americkym-vitezem-dakaru\/#breadcrumb\"},\"inLanguage\":\"cs\",\"potentialAction\":[{\"@type\":\"ReadAction\",\"target\":[\"https:\/\/www.dakarmania.cz\/index.php\/2020\/01\/17\/brabec-prvnim-americkym-vitezem-dakaru\/\"]}]},{\"@type\":\"ImageObject\",\"inLanguage\":\"cs\",\"@id\":\"https:\/\/www.dakarmania.cz\/index.php\/2020\/01\/17\/brabec-prvnim-americkym-vitezem-dakaru\/#primaryimage\",\"url\":\"https:\/\/www.dakarmania.cz\/wp-content\/uploads\/2020\/01\/20-dakar-brabecr-08.jpg\",\"contentUrl\":\"https:\/\/www.dakarmania.cz\/wp-content\/uploads\/2020\/01\/20-dakar-brabecr-08.jpg\",\"width\":1024,\"height\":683,\"caption\":\"Ricky Brabec, Honda CRF450 Rally, Monster Energy Honda Team. Rally Dakar 2020. \u00a9 Monster Energy\"},{\"@type\":\"BreadcrumbList\",\"@id\":\"https:\/\/www.dakarmania.cz\/index.php\/2020\/01\/17\/brabec-prvnim-americkym-vitezem-dakaru\/#breadcrumb\",\"itemListElement\":[{\"@type\":\"ListItem\",\"position\":1,\"name\":\"Dom\u016f\",\"item\":\"https:\/\/www.dakarmania.cz\/\"},{\"@type\":\"ListItem\",\"position\":2,\"name\":\"Ricky Brabec prvn\u00edm americk\u00fdm v\u00edt\u011bzem Rally Dakar\"}]},{\"@type\":\"WebSite\",\"@id\":\"https:\/\/www.dakarmania.cz\/#website\",\"url\":\"https:\/\/www.dakarmania.cz\/\",\"name\":\"DAKARMANIA.cz\",\"description\":\"\u017dijeme Dakarem cel\u00fd rok\",\"publisher\":{\"@id\":\"https:\/\/www.dakarmania.cz\/#organization\"},\"potentialAction\":[{\"@type\":\"SearchAction\",\"target\":{\"@type\":\"EntryPoint\",\"urlTemplate\":\"https:\/\/www.dakarmania.cz\/?s={search_term_string}\"},\"query-input\":{\"@type\":\"PropertyValueSpecification\",\"valueRequired\":true,\"valueName\":\"search_term_string\"}}],\"inLanguage\":\"cs\"},{\"@type\":\"Organization\",\"@id\":\"https:\/\/www.dakarmania.cz\/#organization\",\"name\":\"DAKAR MANIA\",\"url\":\"https:\/\/www.dakarmania.cz\/\",\"logo\":{\"@type\":\"ImageObject\",\"inLanguage\":\"cs\",\"@id\":\"https:\/\/www.dakarmania.cz\/#\/schema\/logo\/image\/\",\"url\":\"https:\/\/www.dakarmania.cz\/wp-content\/uploads\/2018\/12\/Dakar-Mania-Logo-Square-Orange.png\",\"contentUrl\":\"https:\/\/www.dakarmania.cz\/wp-content\/uploads\/2018\/12\/Dakar-Mania-Logo-Square-Orange.png\",\"width\":992,\"height\":992,\"caption\":\"DAKAR MANIA\"},\"image\":{\"@id\":\"https:\/\/www.dakarmania.cz\/#\/schema\/logo\/image\/\"},\"sameAs\":[\"https:\/\/www.facebook.com\/dakarmania\/\"]},{\"@type\":\"Person\",\"@id\":\"https:\/\/www.dakarmania.cz\/#\/schema\/person\/04eb0e87a389631c2169c0dddae7ff1e\",\"name\":\"Zden\u011bk Zelenka\",\"image\":{\"@type\":\"ImageObject\",\"inLanguage\":\"cs\",\"@id\":\"https:\/\/www.dakarmania.cz\/#\/schema\/person\/image\/\",\"url\":\"https:\/\/secure.gravatar.com\/avatar\/2c80d5a4942fe0900b73cc7d3837a509d6ee0a276a2b76dac95c92bd0763a89b?s=96&d=mm&r=g\",\"contentUrl\":\"https:\/\/secure.gravatar.com\/avatar\/2c80d5a4942fe0900b73cc7d3837a509d6ee0a276a2b76dac95c92bd0763a89b?s=96&d=mm&r=g\",\"caption\":\"Zden\u011bk Zelenka\"},\"description\":\"Moji d\u011bt\u0161t\u00ed hrdinov\u00e9 se jmenovali Loprais, Moskal, Neveu, Vatanen, Rahier... A tihle borci, jejich n\u00e1sledovn\u00edci a jejich p\u0159\u00edb\u011bhy m\u011b nep\u0159estali fascinovat ani po letech, kdy jsem vyrostl a zam\u011bstn\u00e1valy m\u011b jin\u00e9 discipl\u00edny motorsportu. Proto se zrodila DAKARMANIA.\",\"url\":\"https:\/\/www.dakarmania.cz\/index.php\/author\/dakarmania\/\"}]}<\/script>\n<!-- \/ Yoast SEO plugin. -->","yoast_head_json":{"title":"Ricky Brabec prvn\u00edm americk\u00fdm v\u00edt\u011bzem Rally Dakar - DAKARMANIA.cz","description":"Ricky Brabec vybojoval na Rally Dakar 2020 historick\u00e9 v\u00edt\u011bzstv\u00ed pro USA a Hondu. Osmadvacetilet\u00fd Kalifor\u0148an ukon\u010dil devaten\u00e1ctiletou nadvl\u00e1du KTM.","robots":{"index":"index","follow":"follow","max-snippet":"max-snippet:-1","max-image-preview":"max-image-preview:large","max-video-preview":"max-video-preview:-1"},"canonical":"https:\/\/www.dakarmania.cz\/index.php\/2020\/01\/17\/brabec-prvnim-americkym-vitezem-dakaru\/","og_locale":"cs_CZ","og_type":"article","og_title":"Ricky Brabec prvn\u00edm americk\u00fdm v\u00edt\u011bzem Rally Dakar - DAKARMANIA.cz","og_description":"Ricky Brabec vybojoval na Rally Dakar 2020 historick\u00e9 v\u00edt\u011bzstv\u00ed pro USA a Hondu. Osmadvacetilet\u00fd Kalifor\u0148an ukon\u010dil devaten\u00e1ctiletou nadvl\u00e1du KTM.","og_url":"https:\/\/www.dakarmania.cz\/index.php\/2020\/01\/17\/brabec-prvnim-americkym-vitezem-dakaru\/","og_site_name":"DAKARMANIA.cz","article_publisher":"https:\/\/www.facebook.com\/dakarmania\/","article_published_time":"2020-01-17T08:01:46+00:00","article_modified_time":"2020-03-27T21:03:04+00:00","og_image":[{"width":1024,"height":683,"url":"https:\/\/www.dakarmania.cz\/wp-content\/uploads\/2020\/01\/20-dakar-brabecr-08.jpg","type":"image\/jpeg"}],"author":"Zden\u011bk Zelenka","twitter_card":"summary_large_image","twitter_misc":{"Napsal(a)":"Zden\u011bk Zelenka","Odhadovan\u00e1 doba \u010dten\u00ed":"5 minut"},"schema":{"@context":"https:\/\/schema.org","@graph":[{"@type":"Article","@id":"https:\/\/www.dakarmania.cz\/index.php\/2020\/01\/17\/brabec-prvnim-americkym-vitezem-dakaru\/#article","isPartOf":{"@id":"https:\/\/www.dakarmania.cz\/index.php\/2020\/01\/17\/brabec-prvnim-americkym-vitezem-dakaru\/"},"author":{"name":"Zden\u011bk Zelenka","@id":"https:\/\/www.dakarmania.cz\/#\/schema\/person\/04eb0e87a389631c2169c0dddae7ff1e"},"headline":"Ricky Brabec prvn\u00edm americk\u00fdm v\u00edt\u011bzem Rally Dakar","datePublished":"2020-01-17T08:01:46+00:00","dateModified":"2020-03-27T21:03:04+00:00","mainEntityOfPage":{"@id":"https:\/\/www.dakarmania.cz\/index.php\/2020\/01\/17\/brabec-prvnim-americkym-vitezem-dakaru\/"},"wordCount":1045,"commentCount":0,"publisher":{"@id":"https:\/\/www.dakarmania.cz\/#organization"},"image":{"@id":"https:\/\/www.dakarmania.cz\/index.php\/2020\/01\/17\/brabec-prvnim-americkym-vitezem-dakaru\/#primaryimage"},"thumbnailUrl":"https:\/\/www.dakarmania.cz\/wp-content\/uploads\/2020\/01\/20-dakar-brabecr-08.jpg","keywords":["2020","Andrew Short","Dakar","Dakar 2020","Honda","Honda Team","HRC","Husqvarna","Husqvarna Factory Racing","Joan Barreda","Jos\u00e9 Ignacio Cornejo","Kevin Benavides","Klym\u010diw Racing","KTM","KTM Factory Racing","Martin Michek","Moto Racing Group","MRG","Pablo Quintanilla","Petr Vl\u010dek","Ricky Brabec","Skyler Howes","\u0160tefan Svitko","Toby Price"],"articleSection":["Dakar 2020","Moto\/Quad"],"inLanguage":"cs","potentialAction":[{"@type":"CommentAction","name":"Comment","target":["https:\/\/www.dakarmania.cz\/index.php\/2020\/01\/17\/brabec-prvnim-americkym-vitezem-dakaru\/#respond"]}]},{"@type":"WebPage","@id":"https:\/\/www.dakarmania.cz\/index.php\/2020\/01\/17\/brabec-prvnim-americkym-vitezem-dakaru\/","url":"https:\/\/www.dakarmania.cz\/index.php\/2020\/01\/17\/brabec-prvnim-americkym-vitezem-dakaru\/","name":"Ricky Brabec prvn\u00edm americk\u00fdm v\u00edt\u011bzem Rally Dakar - DAKARMANIA.cz","isPartOf":{"@id":"https:\/\/www.dakarmania.cz\/#website"},"primaryImageOfPage":{"@id":"https:\/\/www.dakarmania.cz\/index.php\/2020\/01\/17\/brabec-prvnim-americkym-vitezem-dakaru\/#primaryimage"},"image":{"@id":"https:\/\/www.dakarmania.cz\/index.php\/2020\/01\/17\/brabec-prvnim-americkym-vitezem-dakaru\/#primaryimage"},"thumbnailUrl":"https:\/\/www.dakarmania.cz\/wp-content\/uploads\/2020\/01\/20-dakar-brabecr-08.jpg","datePublished":"2020-01-17T08:01:46+00:00","dateModified":"2020-03-27T21:03:04+00:00","description":"Ricky Brabec vybojoval na Rally Dakar 2020 historick\u00e9 v\u00edt\u011bzstv\u00ed pro USA a Hondu. Osmadvacetilet\u00fd Kalifor\u0148an ukon\u010dil devaten\u00e1ctiletou nadvl\u00e1du KTM.","breadcrumb":{"@id":"https:\/\/www.dakarmania.cz\/index.php\/2020\/01\/17\/brabec-prvnim-americkym-vitezem-dakaru\/#breadcrumb"},"inLanguage":"cs","potentialAction":[{"@type":"ReadAction","target":["https:\/\/www.dakarmania.cz\/index.php\/2020\/01\/17\/brabec-prvnim-americkym-vitezem-dakaru\/"]}]},{"@type":"ImageObject","inLanguage":"cs","@id":"https:\/\/www.dakarmania.cz\/index.php\/2020\/01\/17\/brabec-prvnim-americkym-vitezem-dakaru\/#primaryimage","url":"https:\/\/www.dakarmania.cz\/wp-content\/uploads\/2020\/01\/20-dakar-brabecr-08.jpg","contentUrl":"https:\/\/www.dakarmania.cz\/wp-content\/uploads\/2020\/01\/20-dakar-brabecr-08.jpg","width":1024,"height":683,"caption":"Ricky Brabec, Honda CRF450 Rally, Monster Energy Honda Team. Rally Dakar 2020. \u00a9 Monster Energy"},{"@type":"BreadcrumbList","@id":"https:\/\/www.dakarmania.cz\/index.php\/2020\/01\/17\/brabec-prvnim-americkym-vitezem-dakaru\/#breadcrumb","itemListElement":[{"@type":"ListItem","position":1,"name":"Dom\u016f","item":"https:\/\/www.dakarmania.cz\/"},{"@type":"ListItem","position":2,"name":"Ricky Brabec prvn\u00edm americk\u00fdm v\u00edt\u011bzem Rally Dakar"}]},{"@type":"WebSite","@id":"https:\/\/www.dakarmania.cz\/#website","url":"https:\/\/www.dakarmania.cz\/","name":"DAKARMANIA.cz","description":"\u017dijeme Dakarem cel\u00fd rok","publisher":{"@id":"https:\/\/www.dakarmania.cz\/#organization"},"potentialAction":[{"@type":"SearchAction","target":{"@type":"EntryPoint","urlTemplate":"https:\/\/www.dakarmania.cz\/?s={search_term_string}"},"query-input":{"@type":"PropertyValueSpecification","valueRequired":true,"valueName":"search_term_string"}}],"inLanguage":"cs"},{"@type":"Organization","@id":"https:\/\/www.dakarmania.cz\/#organization","name":"DAKAR MANIA","url":"https:\/\/www.dakarmania.cz\/","logo":{"@type":"ImageObject","inLanguage":"cs","@id":"https:\/\/www.dakarmania.cz\/#\/schema\/logo\/image\/","url":"https:\/\/www.dakarmania.cz\/wp-content\/uploads\/2018\/12\/Dakar-Mania-Logo-Square-Orange.png","contentUrl":"https:\/\/www.dakarmania.cz\/wp-content\/uploads\/2018\/12\/Dakar-Mania-Logo-Square-Orange.png","width":992,"height":992,"caption":"DAKAR MANIA"},"image":{"@id":"https:\/\/www.dakarmania.cz\/#\/schema\/logo\/image\/"},"sameAs":["https:\/\/www.facebook.com\/dakarmania\/"]},{"@type":"Person","@id":"https:\/\/www.dakarmania.cz\/#\/schema\/person\/04eb0e87a389631c2169c0dddae7ff1e","name":"Zden\u011bk Zelenka","image":{"@type":"ImageObject","inLanguage":"cs","@id":"https:\/\/www.dakarmania.cz\/#\/schema\/person\/image\/","url":"https:\/\/secure.gravatar.com\/avatar\/2c80d5a4942fe0900b73cc7d3837a509d6ee0a276a2b76dac95c92bd0763a89b?s=96&d=mm&r=g","contentUrl":"https:\/\/secure.gravatar.com\/avatar\/2c80d5a4942fe0900b73cc7d3837a509d6ee0a276a2b76dac95c92bd0763a89b?s=96&d=mm&r=g","caption":"Zden\u011bk Zelenka"},"description":"Moji d\u011bt\u0161t\u00ed hrdinov\u00e9 se jmenovali Loprais, Moskal, Neveu, Vatanen, Rahier... A tihle borci, jejich n\u00e1sledovn\u00edci a jejich p\u0159\u00edb\u011bhy m\u011b nep\u0159estali fascinovat ani po letech, kdy jsem vyrostl a zam\u011bstn\u00e1valy m\u011b jin\u00e9 discipl\u00edny motorsportu. Proto se zrodila DAKARMANIA.","url":"https:\/\/www.dakarmania.cz\/index.php\/author\/dakarmania\/"}]}},"amp_enabled":true,"_links":{"self":[{"href":"https:\/\/www.dakarmania.cz\/index.php\/wp-json\/wp\/v2\/posts\/15034","targetHints":{"allow":["GET"]}}],"collection":[{"href":"https:\/\/www.dakarmania.cz\/index.php\/wp-json\/wp\/v2\/posts"}],"about":[{"href":"https:\/\/www.dakarmania.cz\/index.php\/wp-json\/wp\/v2\/types\/post"}],"author":[{"embeddable":true,"href":"https:\/\/www.dakarmania.cz\/index.php\/wp-json\/wp\/v2\/users\/1"}],"replies":[{"embeddable":true,"href":"https:\/\/www.dakarmania.cz\/index.php\/wp-json\/wp\/v2\/comments?post=15034"}],"version-history":[{"count":16,"href":"https:\/\/www.dakarmania.cz\/index.php\/wp-json\/wp\/v2\/posts\/15034\/revisions"}],"predecessor-version":[{"id":15572,"href":"https:\/\/www.dakarmania.cz\/index.php\/wp-json\/wp\/v2\/posts\/15034\/revisions\/15572"}],"wp:featuredmedia":[{"embeddable":true,"href":"https:\/\/www.dakarmania.cz\/index.php\/wp-json\/wp\/v2\/media\/15033"}],"wp:attachment":[{"href":"https:\/\/www.dakarmania.cz\/index.php\/wp-json\/wp\/v2\/media?parent=15034"}],"wp:term":[{"taxonomy":"category","embeddable":true,"href":"https:\/\/www.dakarmania.cz\/index.php\/wp-json\/wp\/v2\/categories?post=15034"},{"taxonomy":"post_tag","embeddable":true,"href":"https:\/\/www.dakarmania.cz\/index.php\/wp-json\/wp\/v2\/tags?post=15034"}],"curies":[{"name":"wp","href":"https:\/\/api.w.org\/{rel}","templated":true}]}}