{"id":15135,"date":"2020-01-18T02:17:02","date_gmt":"2020-01-18T01:17:02","guid":{"rendered":"https:\/\/www.dakarmania.cz\/?p=15135"},"modified":"2020-03-27T21:59:28","modified_gmt":"2020-03-27T20:59:28","slug":"alonso-vratim-se-pro-vitezstvi","status":"publish","type":"post","link":"https:\/\/www.dakarmania.cz\/index.php\/2020\/01\/18\/alonso-vratim-se-pro-vitezstvi\/","title":{"rendered":"Alonso: Jestli se vr\u00e1t\u00edm, tak jedin\u011b pro v\u00edt\u011bzstv\u00ed"},"content":{"rendered":"<p>[vc_row][vc_column][vc_column_text css_animation=&#8221;fadeIn&#8221;]<\/p>\n<h3>P\u0159i sv\u00e9 prvn\u00ed \u00fa\u010dasti na Rally Dakar vybojoval Fernando Alonso v kategorii automobil\u016f t\u0159in\u00e1ct\u00e9 m\u00edsto a stal se nejlep\u0161\u00edm nov\u00e1\u010dkem. \u0160pan\u011bl nevylu\u010duje n\u00e1vrat, ale otev\u0159en\u011b \u0159\u00edk\u00e1, \u017ee napodruh\u00e9 u\u017e by jeho c\u00edle byly podstatn\u011b vy\u0161\u0161\u00ed.<\/h3>\n<p>[\/vc_column_text][vc_single_image image=&#8221;15133&#8243; img_size=&#8221;large&#8221; add_caption=&#8221;yes&#8221; alignment=&#8221;center&#8221; onclick=&#8221;link_image&#8221; css_animation=&#8221;fadeIn&#8221;][vc_column_text css_animation=&#8221;fadeIn&#8221;]\u00da\u010dast <a href=\"\/index.php\/osobnosti\/fernando-alonso\/\">Fernanda Alonsa<\/a> na <a href=\"\/index.php\/souteze\/dakar-2020\/\">Rally Dakar 2020<\/a> vzbuzovala z\u00e1jem od chv\u00edle, kdy se o n\u00ed za\u010dalo hovo\u0159it. Ani samotn\u00fd jezdec v\u0161ak netu\u0161il, na jak\u00fd v\u00fdsledek by mohl re\u00e1ln\u011b pom\u00fd\u0161let. Te\u010f u\u017e je situace jin\u00e1.<\/p>\n<p>Alonso a jeho spolujezdec <a href=\"\/index.php\/osobnosti\/marc-coma\/\">Marc Coma<\/a> se v osm\u00e9 etap\u011b bl\u00fdskli druh\u00fdm nejrychlej\u0161\u00edm \u010dasem, v osmi ze dvan\u00e1cti etap se um\u00edstili v prvn\u00ed des\u00edtce a na des\u00e1t\u00e9 p\u0159\u00ed\u010dce figurovali t\u0159i dny p\u0159ed koncem i v pr\u016fb\u011b\u017en\u00e9m hodnocen\u00ed. Na druhou stranu ztratili n\u011bkolik hodin kv\u016fli <a href=\"\/index.php\/2020\/01\/07\/dakar-alonso-nebali\/\">oprav\u011b po\u0161kozen\u00e9ho zav\u011b\u0161en\u00ed<\/a> a n\u00e1sledn\u011b po kotrmelci na dun\u011b.<\/p>\n<p>\u0160pan\u011bl <a href=\"\/index.php\/2020\/01\/14\/alonso-osobni-cile-prekrocil\/\">je se sv\u00fdm vystoupen\u00edm spokojen<\/a> a v\u011b\u0159\u00ed, \u017ee by byl v budoucnu schopen usilovat o v\u00edt\u011bzstv\u00ed. Zat\u00edm v\u0161ak odm\u00edt\u00e1 prozradit, zda a p\u0159\u00edpadn\u011b kdy by se mohl na Dakar vr\u00e1tit.[\/vc_column_text][vc_single_image image=&#8221;15450&#8243; img_size=&#8221;large&#8221; add_caption=&#8221;yes&#8221; alignment=&#8221;center&#8221; onclick=&#8221;custom_link&#8221; img_link_target=&#8221;_blank&#8221; css_animation=&#8221;fadeIn&#8221; link=&#8221;http:\/\/eshop.dakarmania.cz\/&#8221;][vc_column_text css_animation=&#8221;fadeIn&#8221;]<em>\u201ePokud se rozhodnu pro dal\u0161\u00ed start na Dakaru, budou m\u00e1 o\u010dek\u00e1v\u00e1n\u00ed vysok\u00e1. Ale o tom te\u010f nechci p\u0159em\u00fd\u0161let,\u201c<\/em> \u0159\u00edk\u00e1 <strong>Fernando Alonso<\/strong>. <em>\u201eJsem spokojen\u00fd, jak to \u0161lo. Byla to prvn\u00ed zku\u0161enost, p\u0159esto jsem byl konkurenceschopn\u00fd. Proto je logick\u00e9, \u017ee bych se p\u0159i p\u0159\u00edpadn\u00e9m dal\u0161\u00edm startu sna\u017eil vyhr\u00e1t. M\u00e1 p\u0159\u00edprava by musela b\u00fdt precizn\u011bj\u0161\u00ed a musel bych m\u00edt k dispozici nejlep\u0161\u00ed vybaven\u00ed. Uvid\u00edme.\u201c<\/em><\/p>\n<p>U\u017e po druh\u00e9 etap\u011b, kdy se propadl do p\u00e1t\u00e9 des\u00edtky pr\u016fb\u011b\u017en\u00e9ho po\u0159ad\u00ed, Alonso ve\u0159ejn\u011b vyhl\u00e1sil, \u017ee bude usilovat o v\u00edt\u011bzstv\u00ed v n\u011bkter\u00e9 z etap. A byl bl\u00edzko. V etap\u011b se startem a c\u00edlem ve Wadi Al-Dawasiru byl druh\u00fd nejrychlej\u0161\u00ed.<\/p>\n<p><em>\u201eSkoro ka\u017ed\u00fd den jsem c\u00edtil, \u017ee mohu s ostatn\u00edmi soupe\u0159it. Na z\u00e1v\u011bre\u010dn\u00e9 speci\u00e1lce jsme m\u011bli defekt, dojeli jsme Yazeeda<\/em> [Al-Rajhiho]<em>, a p\u0159esto jsme byli \u010dtvrt\u00ed. Proto si mysl\u00edm, \u017ee jsme pr\u00e1v\u011b tady m\u011bli \u0161anci na v\u00edt\u011bzstv\u00ed,\u201c<\/em> pokra\u010duje jezdec tov\u00e1rn\u00edho t\u00fdmu Toyota.[\/vc_column_text][vc_single_image image=&#8221;15134&#8243; img_size=&#8221;large&#8221; add_caption=&#8221;yes&#8221; alignment=&#8221;center&#8221; onclick=&#8221;link_image&#8221; css_animation=&#8221;fadeIn&#8221;][vc_column_text css_animation=&#8221;fadeIn&#8221;]Pon\u011bkud st\u0159\u00edzliv\u011bji Alonsovy ambice vn\u00edm\u00e1 trojn\u00e1sobn\u00fd dakarsk\u00fd v\u00edt\u011bz <a href=\"\/index.php\/osobnosti\/nasser-al-attiyah\/\">Nasser Al-Attiyah<\/a>. Kata\u0159an sice oce\u0148uje, jak rychle se jeho t\u00fdmov\u00fd kolega dok\u00e1zal s nov\u00fdm prost\u0159ed\u00edm s\u017e\u00edt, ale ve \u0160pan\u011bl\u016fv triumf hned na druh\u00fd pokus p\u0159\u00edli\u0161 nev\u011b\u0159\u00ed.<\/p>\n<p><em>\u201e\u010clov\u011bk mus\u00ed m\u00edt k tomuto z\u00e1vodu respekt,\u201c<\/em> upozor\u0148uje <strong>Nasser Al-Attiyah<\/strong>. <em>\u201eKdy\u017e jsem se poprv\u00e9 postavil na start Dakaru, m\u011bl jsem soustu zku\u0161enost\u00ed. A stejn\u011b trvalo \u0161est sedm let, ne\u017e jsem vyhr\u00e1l. <a href=\"\/index.php\/osobnosti\/carlos-sainz\/\">Carlos Sainz<\/a> byl skv\u011bl\u00fdm jezdcem v mistrovstv\u00ed sv\u011bta v rally, ale tak\u00e9 jemu to trvalo n\u011bkolik let. A <a href=\"\/index.php\/osobnosti\/loeb-sebastien\/\">S\u00e9bastien Loeb<\/a>, p\u0159esto\u017ee je jedn\u00edm z nejlep\u0161\u00edch jezdc\u016f, vyhr\u00e1t nedok\u00e1zal. Chce to \u010das a respekt k tomuto z\u00e1vodu, proto\u017ee nen\u00ed v\u016fbec jednoduch\u00fd.\u201c<\/em><\/p>\n<h4>Cel\u00fd Alons\u016fv dakarsk\u00fd p\u0159\u00edb\u011bh, podrobn\u00e9 shrnut\u00ed Rally Dakar 2020 a rozs\u00e1hl\u00e9 rozhovory s jej\u00edmi \u00fa\u010dastn\u00edky najdete v magaz\u00ednu <a href=\"http:\/\/eshop.dakarmania.cz\/\" target=\"_blank\" rel=\"noopener noreferrer\">DAKARMANIA #1<\/a>.<\/h4>\n<p>[\/vc_column_text][vc_empty_space height=&#8221;2px&#8221;][\/vc_column][\/vc_row][vc_row][vc_column][\/vc_column][\/vc_row]<\/p>\n","protected":false},"excerpt":{"rendered":"<p>P\u0159i sv\u00e9 prvn\u00ed \u00fa\u010dasti na Rally Dakar vybojoval Fernando Alonso v kategorii automobil\u016f t\u0159in\u00e1ct\u00e9 m\u00edsto a stal se nejlep\u0161\u00edm nov\u00e1\u010dkem. \u0160pan\u011bl nevylu\u010duje n\u00e1vrat.<\/p>\n","protected":false},"author":1,"featured_media":15132,"comment_status":"open","ping_status":"closed","sticky":false,"template":"","format":"standard","meta":{"footnotes":""},"categories":[3,251],"tags":[903,8,159,229,201,202],"class_list":["post-15135","post","type-post","status-publish","format-standard","has-post-thumbnail","hentry","category-auto","category-dakar-2020","tag-903","tag-dakar","tag-dakar-2020","tag-fernando-alonso","tag-toyota","tag-toyota-gazoo-racing"],"yoast_head":"<!-- This site is optimized with the Yoast SEO plugin v24.9 - https:\/\/yoast.com\/wordpress\/plugins\/seo\/ -->\n<title>Alonso: Jestli se vr\u00e1t\u00edm, tak jedin\u011b pro v\u00edt\u011bzstv\u00ed - DAKARMANIA.cz<\/title>\n<meta name=\"description\" content=\"P\u0159i sv\u00e9 prvn\u00ed \u00fa\u010dasti na Rally Dakar vybojoval Fernando Alonso v kategorii automobil\u016f t\u0159in\u00e1ct\u00e9 m\u00edsto a stal se nejlep\u0161\u00edm nov\u00e1\u010dkem. \u0160pan\u011bl nevylu\u010duje n\u00e1vrat.\" \/>\n<meta name=\"robots\" content=\"index, follow, max-snippet:-1, max-image-preview:large, max-video-preview:-1\" \/>\n<link rel=\"canonical\" href=\"https:\/\/www.dakarmania.cz\/index.php\/2020\/01\/18\/alonso-vratim-se-pro-vitezstvi\/\" \/>\n<meta property=\"og:locale\" content=\"cs_CZ\" \/>\n<meta property=\"og:type\" content=\"article\" \/>\n<meta property=\"og:title\" content=\"Alonso: Jestli se vr\u00e1t\u00edm, tak jedin\u011b pro v\u00edt\u011bzstv\u00ed - DAKARMANIA.cz\" \/>\n<meta property=\"og:description\" content=\"P\u0159i sv\u00e9 prvn\u00ed \u00fa\u010dasti na Rally Dakar vybojoval Fernando Alonso v kategorii automobil\u016f t\u0159in\u00e1ct\u00e9 m\u00edsto a stal se nejlep\u0161\u00edm nov\u00e1\u010dkem. \u0160pan\u011bl nevylu\u010duje n\u00e1vrat.\" \/>\n<meta property=\"og:url\" content=\"https:\/\/www.dakarmania.cz\/index.php\/2020\/01\/18\/alonso-vratim-se-pro-vitezstvi\/\" \/>\n<meta property=\"og:site_name\" content=\"DAKARMANIA.cz\" \/>\n<meta property=\"article:publisher\" content=\"https:\/\/www.facebook.com\/dakarmania\/\" \/>\n<meta property=\"article:published_time\" content=\"2020-01-18T01:17:02+00:00\" \/>\n<meta property=\"article:modified_time\" content=\"2020-03-27T20:59:28+00:00\" \/>\n<meta property=\"og:image\" content=\"https:\/\/www.dakarmania.cz\/wp-content\/uploads\/2020\/01\/20-dakar-alonso-14.jpg\" \/>\n\t<meta property=\"og:image:width\" content=\"1024\" \/>\n\t<meta property=\"og:image:height\" content=\"682\" \/>\n\t<meta property=\"og:image:type\" content=\"image\/jpeg\" \/>\n<meta name=\"author\" content=\"Zden\u011bk Zelenka\" \/>\n<meta name=\"twitter:card\" content=\"summary_large_image\" \/>\n<meta name=\"twitter:label1\" content=\"Napsal(a)\" \/>\n\t<meta name=\"twitter:data1\" content=\"Zden\u011bk Zelenka\" \/>\n\t<meta name=\"twitter:label2\" content=\"Odhadovan\u00e1 doba \u010dten\u00ed\" \/>\n\t<meta name=\"twitter:data2\" content=\"3 minuty\" \/>\n<script type=\"application\/ld+json\" class=\"yoast-schema-graph\">{\"@context\":\"https:\/\/schema.org\",\"@graph\":[{\"@type\":\"Article\",\"@id\":\"https:\/\/www.dakarmania.cz\/index.php\/2020\/01\/18\/alonso-vratim-se-pro-vitezstvi\/#article\",\"isPartOf\":{\"@id\":\"https:\/\/www.dakarmania.cz\/index.php\/2020\/01\/18\/alonso-vratim-se-pro-vitezstvi\/\"},\"author\":{\"name\":\"Zden\u011bk Zelenka\",\"@id\":\"https:\/\/www.dakarmania.cz\/#\/schema\/person\/04eb0e87a389631c2169c0dddae7ff1e\"},\"headline\":\"Alonso: Jestli se vr\u00e1t\u00edm, tak jedin\u011b pro v\u00edt\u011bzstv\u00ed\",\"datePublished\":\"2020-01-18T01:17:02+00:00\",\"dateModified\":\"2020-03-27T20:59:28+00:00\",\"mainEntityOfPage\":{\"@id\":\"https:\/\/www.dakarmania.cz\/index.php\/2020\/01\/18\/alonso-vratim-se-pro-vitezstvi\/\"},\"wordCount\":693,\"commentCount\":0,\"publisher\":{\"@id\":\"https:\/\/www.dakarmania.cz\/#organization\"},\"image\":{\"@id\":\"https:\/\/www.dakarmania.cz\/index.php\/2020\/01\/18\/alonso-vratim-se-pro-vitezstvi\/#primaryimage\"},\"thumbnailUrl\":\"https:\/\/www.dakarmania.cz\/wp-content\/uploads\/2020\/01\/20-dakar-alonso-14.jpg\",\"keywords\":[\"2020\",\"Dakar\",\"Dakar 2020\",\"Fernando Alonso\",\"Toyota\",\"Toyota Gazoo Racing\"],\"articleSection\":[\"Auto\",\"Dakar 2020\"],\"inLanguage\":\"cs\",\"potentialAction\":[{\"@type\":\"CommentAction\",\"name\":\"Comment\",\"target\":[\"https:\/\/www.dakarmania.cz\/index.php\/2020\/01\/18\/alonso-vratim-se-pro-vitezstvi\/#respond\"]}]},{\"@type\":\"WebPage\",\"@id\":\"https:\/\/www.dakarmania.cz\/index.php\/2020\/01\/18\/alonso-vratim-se-pro-vitezstvi\/\",\"url\":\"https:\/\/www.dakarmania.cz\/index.php\/2020\/01\/18\/alonso-vratim-se-pro-vitezstvi\/\",\"name\":\"Alonso: Jestli se vr\u00e1t\u00edm, tak jedin\u011b pro v\u00edt\u011bzstv\u00ed - DAKARMANIA.cz\",\"isPartOf\":{\"@id\":\"https:\/\/www.dakarmania.cz\/#website\"},\"primaryImageOfPage\":{\"@id\":\"https:\/\/www.dakarmania.cz\/index.php\/2020\/01\/18\/alonso-vratim-se-pro-vitezstvi\/#primaryimage\"},\"image\":{\"@id\":\"https:\/\/www.dakarmania.cz\/index.php\/2020\/01\/18\/alonso-vratim-se-pro-vitezstvi\/#primaryimage\"},\"thumbnailUrl\":\"https:\/\/www.dakarmania.cz\/wp-content\/uploads\/2020\/01\/20-dakar-alonso-14.jpg\",\"datePublished\":\"2020-01-18T01:17:02+00:00\",\"dateModified\":\"2020-03-27T20:59:28+00:00\",\"description\":\"P\u0159i sv\u00e9 prvn\u00ed \u00fa\u010dasti na Rally Dakar vybojoval Fernando Alonso v kategorii automobil\u016f t\u0159in\u00e1ct\u00e9 m\u00edsto a stal se nejlep\u0161\u00edm nov\u00e1\u010dkem. \u0160pan\u011bl nevylu\u010duje n\u00e1vrat.\",\"breadcrumb\":{\"@id\":\"https:\/\/www.dakarmania.cz\/index.php\/2020\/01\/18\/alonso-vratim-se-pro-vitezstvi\/#breadcrumb\"},\"inLanguage\":\"cs\",\"potentialAction\":[{\"@type\":\"ReadAction\",\"target\":[\"https:\/\/www.dakarmania.cz\/index.php\/2020\/01\/18\/alonso-vratim-se-pro-vitezstvi\/\"]}]},{\"@type\":\"ImageObject\",\"inLanguage\":\"cs\",\"@id\":\"https:\/\/www.dakarmania.cz\/index.php\/2020\/01\/18\/alonso-vratim-se-pro-vitezstvi\/#primaryimage\",\"url\":\"https:\/\/www.dakarmania.cz\/wp-content\/uploads\/2020\/01\/20-dakar-alonso-14.jpg\",\"contentUrl\":\"https:\/\/www.dakarmania.cz\/wp-content\/uploads\/2020\/01\/20-dakar-alonso-14.jpg\",\"width\":1024,\"height\":682,\"caption\":\"Fernando Alonso, Toyota Hilux, Toyota Gazoo Racing. Rally Dakar 2020. \u00a9 ASO\/DPPI\"},{\"@type\":\"BreadcrumbList\",\"@id\":\"https:\/\/www.dakarmania.cz\/index.php\/2020\/01\/18\/alonso-vratim-se-pro-vitezstvi\/#breadcrumb\",\"itemListElement\":[{\"@type\":\"ListItem\",\"position\":1,\"name\":\"Dom\u016f\",\"item\":\"https:\/\/www.dakarmania.cz\/\"},{\"@type\":\"ListItem\",\"position\":2,\"name\":\"Alonso: Jestli se vr\u00e1t\u00edm, tak jedin\u011b pro v\u00edt\u011bzstv\u00ed\"}]},{\"@type\":\"WebSite\",\"@id\":\"https:\/\/www.dakarmania.cz\/#website\",\"url\":\"https:\/\/www.dakarmania.cz\/\",\"name\":\"DAKARMANIA.cz\",\"description\":\"\u017dijeme Dakarem cel\u00fd rok\",\"publisher\":{\"@id\":\"https:\/\/www.dakarmania.cz\/#organization\"},\"potentialAction\":[{\"@type\":\"SearchAction\",\"target\":{\"@type\":\"EntryPoint\",\"urlTemplate\":\"https:\/\/www.dakarmania.cz\/?s={search_term_string}\"},\"query-input\":{\"@type\":\"PropertyValueSpecification\",\"valueRequired\":true,\"valueName\":\"search_term_string\"}}],\"inLanguage\":\"cs\"},{\"@type\":\"Organization\",\"@id\":\"https:\/\/www.dakarmania.cz\/#organization\",\"name\":\"DAKAR MANIA\",\"url\":\"https:\/\/www.dakarmania.cz\/\",\"logo\":{\"@type\":\"ImageObject\",\"inLanguage\":\"cs\",\"@id\":\"https:\/\/www.dakarmania.cz\/#\/schema\/logo\/image\/\",\"url\":\"https:\/\/www.dakarmania.cz\/wp-content\/uploads\/2018\/12\/Dakar-Mania-Logo-Square-Orange.png\",\"contentUrl\":\"https:\/\/www.dakarmania.cz\/wp-content\/uploads\/2018\/12\/Dakar-Mania-Logo-Square-Orange.png\",\"width\":992,\"height\":992,\"caption\":\"DAKAR MANIA\"},\"image\":{\"@id\":\"https:\/\/www.dakarmania.cz\/#\/schema\/logo\/image\/\"},\"sameAs\":[\"https:\/\/www.facebook.com\/dakarmania\/\"]},{\"@type\":\"Person\",\"@id\":\"https:\/\/www.dakarmania.cz\/#\/schema\/person\/04eb0e87a389631c2169c0dddae7ff1e\",\"name\":\"Zden\u011bk Zelenka\",\"image\":{\"@type\":\"ImageObject\",\"inLanguage\":\"cs\",\"@id\":\"https:\/\/www.dakarmania.cz\/#\/schema\/person\/image\/\",\"url\":\"https:\/\/secure.gravatar.com\/avatar\/2c80d5a4942fe0900b73cc7d3837a509d6ee0a276a2b76dac95c92bd0763a89b?s=96&d=mm&r=g\",\"contentUrl\":\"https:\/\/secure.gravatar.com\/avatar\/2c80d5a4942fe0900b73cc7d3837a509d6ee0a276a2b76dac95c92bd0763a89b?s=96&d=mm&r=g\",\"caption\":\"Zden\u011bk Zelenka\"},\"description\":\"Moji d\u011bt\u0161t\u00ed hrdinov\u00e9 se jmenovali Loprais, Moskal, Neveu, Vatanen, Rahier... A tihle borci, jejich n\u00e1sledovn\u00edci a jejich p\u0159\u00edb\u011bhy m\u011b nep\u0159estali fascinovat ani po letech, kdy jsem vyrostl a zam\u011bstn\u00e1valy m\u011b jin\u00e9 discipl\u00edny motorsportu. Proto se zrodila DAKARMANIA.\",\"url\":\"https:\/\/www.dakarmania.cz\/index.php\/author\/dakarmania\/\"}]}<\/script>\n<!-- \/ Yoast SEO plugin. -->","yoast_head_json":{"title":"Alonso: Jestli se vr\u00e1t\u00edm, tak jedin\u011b pro v\u00edt\u011bzstv\u00ed - DAKARMANIA.cz","description":"P\u0159i sv\u00e9 prvn\u00ed \u00fa\u010dasti na Rally Dakar vybojoval Fernando Alonso v kategorii automobil\u016f t\u0159in\u00e1ct\u00e9 m\u00edsto a stal se nejlep\u0161\u00edm nov\u00e1\u010dkem. \u0160pan\u011bl nevylu\u010duje n\u00e1vrat.","robots":{"index":"index","follow":"follow","max-snippet":"max-snippet:-1","max-image-preview":"max-image-preview:large","max-video-preview":"max-video-preview:-1"},"canonical":"https:\/\/www.dakarmania.cz\/index.php\/2020\/01\/18\/alonso-vratim-se-pro-vitezstvi\/","og_locale":"cs_CZ","og_type":"article","og_title":"Alonso: Jestli se vr\u00e1t\u00edm, tak jedin\u011b pro v\u00edt\u011bzstv\u00ed - DAKARMANIA.cz","og_description":"P\u0159i sv\u00e9 prvn\u00ed \u00fa\u010dasti na Rally Dakar vybojoval Fernando Alonso v kategorii automobil\u016f t\u0159in\u00e1ct\u00e9 m\u00edsto a stal se nejlep\u0161\u00edm nov\u00e1\u010dkem. \u0160pan\u011bl nevylu\u010duje n\u00e1vrat.","og_url":"https:\/\/www.dakarmania.cz\/index.php\/2020\/01\/18\/alonso-vratim-se-pro-vitezstvi\/","og_site_name":"DAKARMANIA.cz","article_publisher":"https:\/\/www.facebook.com\/dakarmania\/","article_published_time":"2020-01-18T01:17:02+00:00","article_modified_time":"2020-03-27T20:59:28+00:00","og_image":[{"width":1024,"height":682,"url":"https:\/\/www.dakarmania.cz\/wp-content\/uploads\/2020\/01\/20-dakar-alonso-14.jpg","type":"image\/jpeg"}],"author":"Zden\u011bk Zelenka","twitter_card":"summary_large_image","twitter_misc":{"Napsal(a)":"Zden\u011bk Zelenka","Odhadovan\u00e1 doba \u010dten\u00ed":"3 minuty"},"schema":{"@context":"https:\/\/schema.org","@graph":[{"@type":"Article","@id":"https:\/\/www.dakarmania.cz\/index.php\/2020\/01\/18\/alonso-vratim-se-pro-vitezstvi\/#article","isPartOf":{"@id":"https:\/\/www.dakarmania.cz\/index.php\/2020\/01\/18\/alonso-vratim-se-pro-vitezstvi\/"},"author":{"name":"Zden\u011bk Zelenka","@id":"https:\/\/www.dakarmania.cz\/#\/schema\/person\/04eb0e87a389631c2169c0dddae7ff1e"},"headline":"Alonso: Jestli se vr\u00e1t\u00edm, tak jedin\u011b pro v\u00edt\u011bzstv\u00ed","datePublished":"2020-01-18T01:17:02+00:00","dateModified":"2020-03-27T20:59:28+00:00","mainEntityOfPage":{"@id":"https:\/\/www.dakarmania.cz\/index.php\/2020\/01\/18\/alonso-vratim-se-pro-vitezstvi\/"},"wordCount":693,"commentCount":0,"publisher":{"@id":"https:\/\/www.dakarmania.cz\/#organization"},"image":{"@id":"https:\/\/www.dakarmania.cz\/index.php\/2020\/01\/18\/alonso-vratim-se-pro-vitezstvi\/#primaryimage"},"thumbnailUrl":"https:\/\/www.dakarmania.cz\/wp-content\/uploads\/2020\/01\/20-dakar-alonso-14.jpg","keywords":["2020","Dakar","Dakar 2020","Fernando Alonso","Toyota","Toyota Gazoo Racing"],"articleSection":["Auto","Dakar 2020"],"inLanguage":"cs","potentialAction":[{"@type":"CommentAction","name":"Comment","target":["https:\/\/www.dakarmania.cz\/index.php\/2020\/01\/18\/alonso-vratim-se-pro-vitezstvi\/#respond"]}]},{"@type":"WebPage","@id":"https:\/\/www.dakarmania.cz\/index.php\/2020\/01\/18\/alonso-vratim-se-pro-vitezstvi\/","url":"https:\/\/www.dakarmania.cz\/index.php\/2020\/01\/18\/alonso-vratim-se-pro-vitezstvi\/","name":"Alonso: Jestli se vr\u00e1t\u00edm, tak jedin\u011b pro v\u00edt\u011bzstv\u00ed - DAKARMANIA.cz","isPartOf":{"@id":"https:\/\/www.dakarmania.cz\/#website"},"primaryImageOfPage":{"@id":"https:\/\/www.dakarmania.cz\/index.php\/2020\/01\/18\/alonso-vratim-se-pro-vitezstvi\/#primaryimage"},"image":{"@id":"https:\/\/www.dakarmania.cz\/index.php\/2020\/01\/18\/alonso-vratim-se-pro-vitezstvi\/#primaryimage"},"thumbnailUrl":"https:\/\/www.dakarmania.cz\/wp-content\/uploads\/2020\/01\/20-dakar-alonso-14.jpg","datePublished":"2020-01-18T01:17:02+00:00","dateModified":"2020-03-27T20:59:28+00:00","description":"P\u0159i sv\u00e9 prvn\u00ed \u00fa\u010dasti na Rally Dakar vybojoval Fernando Alonso v kategorii automobil\u016f t\u0159in\u00e1ct\u00e9 m\u00edsto a stal se nejlep\u0161\u00edm nov\u00e1\u010dkem. \u0160pan\u011bl nevylu\u010duje n\u00e1vrat.","breadcrumb":{"@id":"https:\/\/www.dakarmania.cz\/index.php\/2020\/01\/18\/alonso-vratim-se-pro-vitezstvi\/#breadcrumb"},"inLanguage":"cs","potentialAction":[{"@type":"ReadAction","target":["https:\/\/www.dakarmania.cz\/index.php\/2020\/01\/18\/alonso-vratim-se-pro-vitezstvi\/"]}]},{"@type":"ImageObject","inLanguage":"cs","@id":"https:\/\/www.dakarmania.cz\/index.php\/2020\/01\/18\/alonso-vratim-se-pro-vitezstvi\/#primaryimage","url":"https:\/\/www.dakarmania.cz\/wp-content\/uploads\/2020\/01\/20-dakar-alonso-14.jpg","contentUrl":"https:\/\/www.dakarmania.cz\/wp-content\/uploads\/2020\/01\/20-dakar-alonso-14.jpg","width":1024,"height":682,"caption":"Fernando Alonso, Toyota Hilux, Toyota Gazoo Racing. Rally Dakar 2020. \u00a9 ASO\/DPPI"},{"@type":"BreadcrumbList","@id":"https:\/\/www.dakarmania.cz\/index.php\/2020\/01\/18\/alonso-vratim-se-pro-vitezstvi\/#breadcrumb","itemListElement":[{"@type":"ListItem","position":1,"name":"Dom\u016f","item":"https:\/\/www.dakarmania.cz\/"},{"@type":"ListItem","position":2,"name":"Alonso: Jestli se vr\u00e1t\u00edm, tak jedin\u011b pro v\u00edt\u011bzstv\u00ed"}]},{"@type":"WebSite","@id":"https:\/\/www.dakarmania.cz\/#website","url":"https:\/\/www.dakarmania.cz\/","name":"DAKARMANIA.cz","description":"\u017dijeme Dakarem cel\u00fd rok","publisher":{"@id":"https:\/\/www.dakarmania.cz\/#organization"},"potentialAction":[{"@type":"SearchAction","target":{"@type":"EntryPoint","urlTemplate":"https:\/\/www.dakarmania.cz\/?s={search_term_string}"},"query-input":{"@type":"PropertyValueSpecification","valueRequired":true,"valueName":"search_term_string"}}],"inLanguage":"cs"},{"@type":"Organization","@id":"https:\/\/www.dakarmania.cz\/#organization","name":"DAKAR MANIA","url":"https:\/\/www.dakarmania.cz\/","logo":{"@type":"ImageObject","inLanguage":"cs","@id":"https:\/\/www.dakarmania.cz\/#\/schema\/logo\/image\/","url":"https:\/\/www.dakarmania.cz\/wp-content\/uploads\/2018\/12\/Dakar-Mania-Logo-Square-Orange.png","contentUrl":"https:\/\/www.dakarmania.cz\/wp-content\/uploads\/2018\/12\/Dakar-Mania-Logo-Square-Orange.png","width":992,"height":992,"caption":"DAKAR MANIA"},"image":{"@id":"https:\/\/www.dakarmania.cz\/#\/schema\/logo\/image\/"},"sameAs":["https:\/\/www.facebook.com\/dakarmania\/"]},{"@type":"Person","@id":"https:\/\/www.dakarmania.cz\/#\/schema\/person\/04eb0e87a389631c2169c0dddae7ff1e","name":"Zden\u011bk Zelenka","image":{"@type":"ImageObject","inLanguage":"cs","@id":"https:\/\/www.dakarmania.cz\/#\/schema\/person\/image\/","url":"https:\/\/secure.gravatar.com\/avatar\/2c80d5a4942fe0900b73cc7d3837a509d6ee0a276a2b76dac95c92bd0763a89b?s=96&d=mm&r=g","contentUrl":"https:\/\/secure.gravatar.com\/avatar\/2c80d5a4942fe0900b73cc7d3837a509d6ee0a276a2b76dac95c92bd0763a89b?s=96&d=mm&r=g","caption":"Zden\u011bk Zelenka"},"description":"Moji d\u011bt\u0161t\u00ed hrdinov\u00e9 se jmenovali Loprais, Moskal, Neveu, Vatanen, Rahier... A tihle borci, jejich n\u00e1sledovn\u00edci a jejich p\u0159\u00edb\u011bhy m\u011b nep\u0159estali fascinovat ani po letech, kdy jsem vyrostl a zam\u011bstn\u00e1valy m\u011b jin\u00e9 discipl\u00edny motorsportu. Proto se zrodila DAKARMANIA.","url":"https:\/\/www.dakarmania.cz\/index.php\/author\/dakarmania\/"}]}},"amp_enabled":true,"_links":{"self":[{"href":"https:\/\/www.dakarmania.cz\/index.php\/wp-json\/wp\/v2\/posts\/15135","targetHints":{"allow":["GET"]}}],"collection":[{"href":"https:\/\/www.dakarmania.cz\/index.php\/wp-json\/wp\/v2\/posts"}],"about":[{"href":"https:\/\/www.dakarmania.cz\/index.php\/wp-json\/wp\/v2\/types\/post"}],"author":[{"embeddable":true,"href":"https:\/\/www.dakarmania.cz\/index.php\/wp-json\/wp\/v2\/users\/1"}],"replies":[{"embeddable":true,"href":"https:\/\/www.dakarmania.cz\/index.php\/wp-json\/wp\/v2\/comments?post=15135"}],"version-history":[{"count":3,"href":"https:\/\/www.dakarmania.cz\/index.php\/wp-json\/wp\/v2\/posts\/15135\/revisions"}],"predecessor-version":[{"id":15566,"href":"https:\/\/www.dakarmania.cz\/index.php\/wp-json\/wp\/v2\/posts\/15135\/revisions\/15566"}],"wp:featuredmedia":[{"embeddable":true,"href":"https:\/\/www.dakarmania.cz\/index.php\/wp-json\/wp\/v2\/media\/15132"}],"wp:attachment":[{"href":"https:\/\/www.dakarmania.cz\/index.php\/wp-json\/wp\/v2\/media?parent=15135"}],"wp:term":[{"taxonomy":"category","embeddable":true,"href":"https:\/\/www.dakarmania.cz\/index.php\/wp-json\/wp\/v2\/categories?post=15135"},{"taxonomy":"post_tag","embeddable":true,"href":"https:\/\/www.dakarmania.cz\/index.php\/wp-json\/wp\/v2\/tags?post=15135"}],"curies":[{"name":"wp","href":"https:\/\/api.w.org\/{rel}","templated":true}]}}