{"id":15164,"date":"2020-01-22T00:24:40","date_gmt":"2020-01-21T23:24:40","guid":{"rendered":"https:\/\/www.dakarmania.cz\/?p=15164"},"modified":"2023-02-13T18:13:52","modified_gmt":"2023-02-13T17:13:52","slug":"tomasek-nenavistne-komentare","status":"publish","type":"post","link":"https:\/\/www.dakarmania.cz\/index.php\/2020\/01\/22\/tomasek-nenavistne-komentare\/","title":{"rendered":"Mac\u00edk\u016fv navig\u00e1tor: P\u0159ekvapily m\u011b nen\u00e1vistn\u00e9 koment\u00e1\u0159e v\u016f\u010di Rus\u016fm"},"content":{"rendered":"<p>[vc_row][vc_column][vc_column_text css_animation=&#8221;fadeIn&#8221;]<\/p>\n<h3>Rally Dakar 2020 m\u011bla pro Martina Mac\u00edka t\u0159i z\u00e1sadn\u00ed aspekty, kter\u00e9 mu z\u016fstanou ve vzpom\u00ednk\u00e1ch na prvn\u00ed sa\u00fadskoarabsk\u00fd ro\u010dn\u00edk slavn\u00e9 sout\u011b\u017ee. Jedn\u00edm z nich je mimo\u0159\u00e1dn\u00e1 f\u00e9rovost prakticky mezi v\u0161emi pos\u00e1dkami kategorie kamion\u016f, v\u010detn\u011b reprezentant\u016f tov\u00e1rn\u00edch t\u00fdm\u016f Kamaz a MAZ. I proto navig\u00e1tora Franti\u0161ka Tom\u00e1\u0161ka na soci\u00e1ln\u00edch s\u00edt\u00edch p\u0159ekvapilo mno\u017estv\u00ed \u201ehejt\u016f\u201c t\u011bchto z\u00e1vodn\u00edk\u016f ze strany \u010desk\u00fdch fanou\u0161k\u016f.<\/h3>\n<p>[\/vc_column_text][vc_single_image image=&#8221;15159&#8243; img_size=&#8221;large&#8221; add_caption=&#8221;yes&#8221; alignment=&#8221;center&#8221; onclick=&#8221;link_image&#8221; css_animation=&#8221;fadeIn&#8221;][vc_column_text css_animation=&#8221;fadeIn&#8221;]<a href=\"\/index.php\/osobnosti\/martin-macik-ml\/\">Martin Mac\u00edk<\/a>, <a href=\"\/index.php\/osobnosti\/frantisek-tomasek\/\">Franti\u0161ek Tom\u00e1\u0161ek<\/a> a <a href=\"\/index.php\/osobnosti\/david-svanda\/\">David \u0160vanda<\/a> vybojovali na <a href=\"\/index.php\/souteze\/dakar-2020\/\">Rally Dakar 2020<\/a> p\u00e1t\u00e9 m\u00edsto. D\u00edky tomu se Big Shock Racing stal nej\u00fasp\u011b\u0161n\u011bj\u0161\u00edm soukrom\u00fdm t\u00fdmem v kategorii kamion\u016f.<\/p>\n<p><em>\u201eMohlo to b\u00fdt lep\u0161\u00ed, ale mohlo to b\u00fdt tak\u00e9 hor\u0161\u00ed. V\u00fdsledek uk\u00e1zal jednu z\u00e1sadn\u00ed v\u011bc: furt se m\u00e1m kam zlep\u0161ovat. To sam\u00e9 technika. Jsme p\u00e1t\u00ed, super, j\u00e1 jsem za to stra\u0161n\u011b r\u00e1d, ale chceme b\u00fdt lep\u0161\u00ed a budeme proto d\u011blat maximum,\u201c<\/em> slibuje <strong>Martin Mac\u00edk<\/strong>.<\/p>\n<p>V\u011bt\u0161\u00ed p\u0159edstartovn\u00ed ambice pos\u00e1dky potvrzuje i <strong>Franti\u0161ek Tom\u00e1\u0161ek:<\/strong> <em>\u201eMo\u017en\u00e1 jsme si mysleli v\u00fd\u0161, proto\u017ee p\u00e1t\u00ed u\u017e jsme byli, ale mus\u00edme b\u00fdt realist\u00e9.\u201c<\/em><\/p>\n<p><em>\u201eJ\u00e1 jsem si tak velk\u00e9 ambice jako na\u0161i dva egoisti ned\u011blal,\u201c<\/em> \u0159\u00edk\u00e1 s \u00fasm\u011bvem \u0161\u00e9f t\u00fdmu <strong>Martin Mac\u00edk star\u0161\u00ed<\/strong>. <em>\u201eP\u0159ed z\u00e1vodem jsem \u0159\u00edkal, \u017ee pokud budeme do p\u00e1t\u00e9ho m\u00edsta, bude to v dan\u00e9 konkurenci jako v\u00edt\u011bzstv\u00ed. S ohledem na to, \u017ee se jednalo o Dakar rychl\u00fd, kter\u00fd nebyl naviga\u010dn\u011b tak slo\u017eit\u00fd, lze um\u00edst\u011bn\u00ed pova\u017eovat za \u00fasp\u011bch.\u201c<\/em>[\/vc_column_text][vc_single_image image=&#8221;24586&#8243; img_size=&#8221;large&#8221; add_caption=&#8221;yes&#8221; alignment=&#8221;center&#8221; onclick=&#8221;custom_link&#8221; img_link_target=&#8221;_blank&#8221; css_animation=&#8221;fadeIn&#8221; link=&#8221;http:\/\/eshop.dakarmania.cz\/casopis\/&#8221;][vc_column_text css_animation=&#8221;fadeIn&#8221;]<\/p>\n<h4>Defekty<\/h4>\n<p><em>\u201eNeb\u00fdt dev\u00edti defekt\u016f, mohli jsme b\u00fdt t\u0159et\u00ed a \u00fato\u010dit na druh\u00e9 m\u00edsto,\u201c<\/em> dot\u00fdk\u00e1 se <strong>Mac\u00edk mlad\u0161\u00ed<\/strong> prvn\u00edho ze t\u0159\u00ed faktor\u016f, kter\u00e9 byly z jeho pohledu v Sa\u00fadsk\u00e9 Ar\u00e1bii pro pos\u00e1dku Big Shock Racingu kl\u00ed\u010dov\u00e9.<\/p>\n<p>Pot\u00ed\u017ee s pneumatikami vedly v n\u011bkter\u00fdch okam\u017eic\u00edch a\u017e k jist\u00e9 frustraci pos\u00e1dky a podle Mac\u00edka v sou\u010dtu znamenaly a\u017e devades\u00e1timinutovou ztr\u00e1tu.<\/p>\n<p><em>\u201eNebylo to jednoduch\u00e9. Jedete, v\u00edte, \u017ee jedete fakt v\u00fdborn\u011b, proto\u017ee v\u0161echny p\u0159edj\u00ed\u017ed\u00edte, jen\u017ee jakmile dojedete na 350. kilometr, op\u011bt dojde k separaci vzorku z pneumatiky,\u201c<\/em> popisuje t\u0159icetilet\u00fd jezdec. <em>\u201eNejde o to, \u017ee mus\u00edte pneumatiku vym\u011bnit. V\u00edc v\u00e1s psychicky sr\u00e1\u017e\u00ed fakt, \u017ee p\u0159ijdete o pozice, kter\u00e9 jste si vybojovali, a dal\u0161\u00ed den zase nebudete startovat vep\u0159edu. M\u00edsto toho zase pojedete pozd\u011bji v prachu, proto\u017ee budete ve skupin\u011b startuj\u00edc\u00ed po t\u0159iceti sekund\u00e1ch. Tohle nebylo jednoduch\u00e9. Te\u010f je je\u0161t\u011b brzy, abychom d\u011blali konkr\u00e9tn\u00ed z\u00e1v\u011bry, ale je to pochopiteln\u011b v\u011bc, kterou budeme \u0159e\u0161it.\u201c<\/em><\/p>\n<h4>T\u00fdm na vrcholu<\/h4>\n<p>\u017dluto\u010dern\u00e9 Iveco Powerstar p\u0159i sv\u00e9m prvn\u00edm dakarsk\u00e9m startu obst\u00e1lo i d\u00edky p\u00e9\u010di, kter\u00e9 se mu pr\u016fb\u011b\u017en\u011b dost\u00e1valo. V\u00fdprava Big Shock Racingu m\u011bla v Sa\u00fadsk\u00e9 Ar\u00e1bii jednadvacet \u010dlen\u016f a Martin Mac\u00edk si slo\u017een\u00ed t\u00fdmu a jeho souhru nem\u016f\u017ee vynachv\u00e1lit.[\/vc_column_text][vc_single_image image=&#8221;15161&#8243; img_size=&#8221;large&#8221; add_caption=&#8221;yes&#8221; alignment=&#8221;center&#8221; onclick=&#8221;link_image&#8221; css_animation=&#8221;fadeIn&#8221;][vc_column_text css_animation=&#8221;fadeIn&#8221;]<em>\u201eNa rozd\u00edl od m\u00fdch jezdeck\u00fdch kvalit a techniky mus\u00edm v p\u0159\u00edpad\u011b t\u00fdmu \u0159\u00edct, \u017ee tam snad ani nen\u00ed kam se zlep\u0161ovat. V\u0161e funguje, v\u0161ichni v\u011bd\u00ed, co maj\u00ed d\u011blat, neust\u00e1le panuje v\u00fdborn\u00e1 n\u00e1lada,\u201c<\/em> oce\u0148uje Mac\u00edk. <em>\u201eNa Dakaru v\u017edycky n\u011bco \u0159e\u0161\u00edte, ale na\u0161i mechanici m\u011bli tentokr\u00e1t spoustu pr\u00e1ce hned od za\u010d\u00e1tku, kdy jsme se sna\u017eili p\u0159ij\u00edt na p\u0159\u00ed\u010dinu \u00fabytku v\u00fdkonu. P\u0159esto byla atmosf\u00e9ra v t\u00fdmu po\u0159\u00e1d v\u00fdborn\u00e1, a\u010dkoliv mechanici b\u011bhem n\u011bkolika prvn\u00edch dn\u016f vym\u011bnili snad p\u016flku Karla a pustili se i do sedmihodinov\u00e9 v\u00fdm\u011bny hlavy motoru. V\u0161echno ale vzali s \u00fasm\u011bvem.\u201c<\/em><\/p>\n<h4>Dakarsk\u00e1 pospolitost mezi elitou<\/h4>\n<p>Nejen pos\u00e1dka Big Shock Racingu b\u011bhem Dakaru 2020 oce\u0148ovala pospolitost truckersk\u00e9 komunity a tak\u0159ka v\u0161eobecnou ochotu vz\u00e1jemn\u011b si pomoci. Jej\u00ed \u010dlenov\u00e9 proto s jist\u00fdm \u00fadivem po sout\u011b\u017ei zjistili, jak nejv\u011bt\u0161\u00ed hv\u011bzdy kategorie kamion\u016f vn\u00edmaj\u00ed n\u011bkte\u0159\u00ed z fanou\u0161k\u016f.<\/p>\n<p><em>\u201eV\u017edycky po Dakaru si proch\u00e1z\u00edm p\u0159\u00edsp\u011bvky, kter\u00e9 t\u00fdm v pr\u016fb\u011bhu zve\u0159ej\u0148oval, abych si ud\u011blal obr\u00e1zek, jak to vypadalo p\u0159i pohledu z \u010cech. Mus\u00edm \u0159\u00edct, \u017ee m\u011b p\u0159ekvapilo, kolik nen\u00e1vistn\u00fdch koment\u00e1\u0159\u016f se objevilo na soci\u00e1ln\u00edch s\u00edt\u00edch v\u016f\u010di na\u0161im rusk\u00fdm soupe\u0159\u016fm, proto\u017ee v kategorii kamion\u016f furt plat\u00ed f\u00e9rovost. A m\u00e1m pocit, \u017ee letos to bylo je\u0161t\u011b f\u00e9rov\u011bj\u0161\u00ed ne\u017e kdykoliv p\u0159edt\u00edm,\u201c<\/em> upozor\u0148uje <strong>Franti\u0161ek Tom\u00e1\u0161ek<\/strong>. <em>\u201ePrakticky kdykoliv jsme n\u011bkoho dojeli a dali mu znamen\u00ed. Pustil n\u00e1s. Rusov\u00e9, poka\u017ed\u00e9, kdy\u017e jdou okolo, podaj\u00ed n\u00e1m ruku, popl\u00e1caj\u00ed po ramenou, pochv\u00e1l\u00ed, \u017ee n\u00e1m to dnes jelo.\u201c<\/em>[\/vc_column_text][vc_single_image image=&#8221;15162&#8243; img_size=&#8221;large&#8221; add_caption=&#8221;yes&#8221; alignment=&#8221;center&#8221; onclick=&#8221;link_image&#8221; css_animation=&#8221;fadeIn&#8221;][vc_column_text css_animation=&#8221;fadeIn&#8221;]<em>\u201eDokonce n\u00e1s zvali, abychom p\u0159i\u0161li i do jejich bivaku, co\u017e ale nedopadlo, proto\u017ee \u010das je na Dakaru ne\u00faprosn\u00fd,\u201c<\/em> pokra\u010duje <strong>Martin Mac\u00edk<\/strong>. <em>\u201eSamoz\u0159ejm\u011b, ka\u017ed\u00fd z prvn\u00ed patn\u00e1ctky chce usp\u011bt. Ale jak to vypad\u00e1 na trati? Kdo vyt\u00e1hne kamion? Zase jenom kamion.\u201c<\/em><\/p>\n<p><em>\u201eNav\u00edc Rusov\u00e9 u\u017e taky p\u0159eci jenom obm\u011bnili k\u00e1dr. Jsou tam mlad\u00ed lid\u00e9, u\u017e \u201ad\u011blaj\u00ed\u2018 m\u00e9dia a v\u011bd\u00ed, \u017ee komunikace je pot\u0159eba. Je pravda, \u017ee jejich \u0159idi\u010di po\u0159\u00e1d anglicky moc neum\u00ed, ale jsou otev\u0159en\u00ed. Nikdy bych ne\u010dekal, \u017ee n\u00e1m \u0159eknou tolik o technice. V\u00edme t\u0159eba to, jak maj\u00ed d\u011blan\u00fd motor, \u017ee to \u0159e\u0161\u00ed \u00fapln\u011b jinak ne\u017e my. Samoz\u0159ejm\u011b \u010dekaj\u00ed, \u017ee i my jim n\u011bco \u0159ekneme, a my jim leccos taky \u0159\u00edk\u00e1me.\u201c<\/em><\/p>\n<p><em>\u201eJe to zaj\u00edmav\u00e9 a mysl\u00edm si, \u017ee to je o tom, na jak\u00e9 jste \u00farovni. Oni cht\u011bj\u00ed konkurenci. Cht\u011bj\u00ed s n\u011bk\u00fdm z\u00e1vodit, proto\u017ee je to bav\u00ed a je to na nich vid\u011bt,\u201c<\/em> uzav\u00edr\u00e1 Martin Mac\u00edk, kter\u00fd p\u00e1t\u00fdm m\u00edstem zopakoval sv\u00e9 dosavadn\u00ed dakarsk\u00e9 maximum.<\/p>\n<h4>Obs\u00e1hl\u00fd rozhovor s Martinem Mac\u00edkem nejen o leto\u0161n\u00edm Dakaru najdete v magaz\u00ednu <a href=\"http:\/\/eshop.dakarmania.cz\/\" target=\"_blank\" rel=\"noopener noreferrer\">DAKARMANIA #1<\/a>.<\/h4>\n<p>[\/vc_column_text][vc_empty_space height=&#8221;2px&#8221;][\/vc_column][\/vc_row]<\/p>\n","protected":false},"excerpt":{"rendered":"<p>Rally Dakar 2020 m\u011bla pro Martina Mac\u00edka t\u0159i z\u00e1sadn\u00ed aspekty, kter\u00e9 mu z\u016fstanou ve vzpom\u00ednk\u00e1ch na prvn\u00ed sa\u00fadskoarabsk\u00fd ro\u010dn\u00edk slavn\u00e9 sout\u011b\u017ee.<\/p>\n","protected":false},"author":1,"featured_media":15163,"comment_status":"closed","ping_status":"closed","sticky":false,"template":"","format":"standard","meta":{"footnotes":""},"categories":[251,16],"tags":[903,111,8,159,1135,117,164,591,114,115],"class_list":["post-15164","post","type-post","status-publish","format-standard","has-post-thumbnail","hentry","category-dakar-2020","category-kamion","tag-903","tag-big-shock-racing","tag-dakar","tag-dakar-2020","tag-david-svanda","tag-frantisek-tomasek","tag-iveco","tag-martin-macik","tag-martin-macik-ml","tag-martin-macik-st"],"yoast_head":"<!-- This site is optimized with the Yoast SEO plugin v24.9 - https:\/\/yoast.com\/wordpress\/plugins\/seo\/ -->\n<title>Mac\u00edk\u016fv navig\u00e1tor: P\u0159ekvapily m\u011b nen\u00e1vistn\u00e9 koment\u00e1\u0159e v\u016f\u010di Rus\u016fm - DAKARMANIA.cz<\/title>\n<meta name=\"description\" content=\"Rally Dakar 2020 m\u011bla pro Martina Mac\u00edka t\u0159i z\u00e1sadn\u00ed aspekty, kter\u00e9 mu z\u016fstanou ve vzpom\u00ednk\u00e1ch na prvn\u00ed sa\u00fadskoarabsk\u00fd ro\u010dn\u00edk slavn\u00e9 sout\u011b\u017ee.\" \/>\n<meta name=\"robots\" content=\"index, follow, max-snippet:-1, max-image-preview:large, max-video-preview:-1\" \/>\n<link rel=\"canonical\" href=\"https:\/\/www.dakarmania.cz\/index.php\/2020\/01\/22\/tomasek-nenavistne-komentare\/\" \/>\n<meta property=\"og:locale\" content=\"cs_CZ\" \/>\n<meta property=\"og:type\" content=\"article\" \/>\n<meta property=\"og:title\" content=\"Mac\u00edk\u016fv navig\u00e1tor: P\u0159ekvapily m\u011b nen\u00e1vistn\u00e9 koment\u00e1\u0159e v\u016f\u010di Rus\u016fm - DAKARMANIA.cz\" \/>\n<meta property=\"og:description\" content=\"Rally Dakar 2020 m\u011bla pro Martina Mac\u00edka t\u0159i z\u00e1sadn\u00ed aspekty, kter\u00e9 mu z\u016fstanou ve vzpom\u00ednk\u00e1ch na prvn\u00ed sa\u00fadskoarabsk\u00fd ro\u010dn\u00edk slavn\u00e9 sout\u011b\u017ee.\" \/>\n<meta property=\"og:url\" content=\"https:\/\/www.dakarmania.cz\/index.php\/2020\/01\/22\/tomasek-nenavistne-komentare\/\" \/>\n<meta property=\"og:site_name\" content=\"DAKARMANIA.cz\" \/>\n<meta property=\"article:publisher\" content=\"https:\/\/www.facebook.com\/dakarmania\/\" \/>\n<meta property=\"article:published_time\" content=\"2020-01-21T23:24:40+00:00\" \/>\n<meta property=\"article:modified_time\" content=\"2023-02-13T17:13:52+00:00\" \/>\n<meta property=\"og:image\" content=\"https:\/\/www.dakarmania.cz\/wp-content\/uploads\/2020\/01\/20-dakar-macik-17.jpg\" \/>\n\t<meta property=\"og:image:width\" content=\"1024\" \/>\n\t<meta property=\"og:image:height\" content=\"683\" \/>\n\t<meta property=\"og:image:type\" content=\"image\/jpeg\" \/>\n<meta name=\"author\" content=\"Zden\u011bk Zelenka\" \/>\n<meta name=\"twitter:card\" content=\"summary_large_image\" \/>\n<meta name=\"twitter:label1\" content=\"Napsal(a)\" \/>\n\t<meta name=\"twitter:data1\" content=\"Zden\u011bk Zelenka\" \/>\n\t<meta name=\"twitter:label2\" content=\"Odhadovan\u00e1 doba \u010dten\u00ed\" \/>\n\t<meta name=\"twitter:data2\" content=\"5 minut\" \/>\n<script type=\"application\/ld+json\" class=\"yoast-schema-graph\">{\"@context\":\"https:\/\/schema.org\",\"@graph\":[{\"@type\":\"Article\",\"@id\":\"https:\/\/www.dakarmania.cz\/index.php\/2020\/01\/22\/tomasek-nenavistne-komentare\/#article\",\"isPartOf\":{\"@id\":\"https:\/\/www.dakarmania.cz\/index.php\/2020\/01\/22\/tomasek-nenavistne-komentare\/\"},\"author\":{\"name\":\"Zden\u011bk Zelenka\",\"@id\":\"https:\/\/www.dakarmania.cz\/#\/schema\/person\/04eb0e87a389631c2169c0dddae7ff1e\"},\"headline\":\"Mac\u00edk\u016fv navig\u00e1tor: P\u0159ekvapily m\u011b nen\u00e1vistn\u00e9 koment\u00e1\u0159e v\u016f\u010di Rus\u016fm\",\"datePublished\":\"2020-01-21T23:24:40+00:00\",\"dateModified\":\"2023-02-13T17:13:52+00:00\",\"mainEntityOfPage\":{\"@id\":\"https:\/\/www.dakarmania.cz\/index.php\/2020\/01\/22\/tomasek-nenavistne-komentare\/\"},\"wordCount\":1240,\"publisher\":{\"@id\":\"https:\/\/www.dakarmania.cz\/#organization\"},\"image\":{\"@id\":\"https:\/\/www.dakarmania.cz\/index.php\/2020\/01\/22\/tomasek-nenavistne-komentare\/#primaryimage\"},\"thumbnailUrl\":\"https:\/\/www.dakarmania.cz\/wp-content\/uploads\/2020\/01\/20-dakar-macik-17.jpg\",\"keywords\":[\"2020\",\"Big Shock! Racing\",\"Dakar\",\"Dakar 2020\",\"David \u0160vanda\",\"Franti\u0161ek Tom\u00e1\u0161ek\",\"Iveco\",\"Martin Mac\u00edk\",\"Martin Mac\u00edk ml.\",\"Martin Mac\u00edk st.\"],\"articleSection\":[\"Dakar 2020\",\"Kamiony\"],\"inLanguage\":\"cs\"},{\"@type\":\"WebPage\",\"@id\":\"https:\/\/www.dakarmania.cz\/index.php\/2020\/01\/22\/tomasek-nenavistne-komentare\/\",\"url\":\"https:\/\/www.dakarmania.cz\/index.php\/2020\/01\/22\/tomasek-nenavistne-komentare\/\",\"name\":\"Mac\u00edk\u016fv navig\u00e1tor: P\u0159ekvapily m\u011b nen\u00e1vistn\u00e9 koment\u00e1\u0159e v\u016f\u010di Rus\u016fm - DAKARMANIA.cz\",\"isPartOf\":{\"@id\":\"https:\/\/www.dakarmania.cz\/#website\"},\"primaryImageOfPage\":{\"@id\":\"https:\/\/www.dakarmania.cz\/index.php\/2020\/01\/22\/tomasek-nenavistne-komentare\/#primaryimage\"},\"image\":{\"@id\":\"https:\/\/www.dakarmania.cz\/index.php\/2020\/01\/22\/tomasek-nenavistne-komentare\/#primaryimage\"},\"thumbnailUrl\":\"https:\/\/www.dakarmania.cz\/wp-content\/uploads\/2020\/01\/20-dakar-macik-17.jpg\",\"datePublished\":\"2020-01-21T23:24:40+00:00\",\"dateModified\":\"2023-02-13T17:13:52+00:00\",\"description\":\"Rally Dakar 2020 m\u011bla pro Martina Mac\u00edka t\u0159i z\u00e1sadn\u00ed aspekty, kter\u00e9 mu z\u016fstanou ve vzpom\u00ednk\u00e1ch na prvn\u00ed sa\u00fadskoarabsk\u00fd ro\u010dn\u00edk slavn\u00e9 sout\u011b\u017ee.\",\"breadcrumb\":{\"@id\":\"https:\/\/www.dakarmania.cz\/index.php\/2020\/01\/22\/tomasek-nenavistne-komentare\/#breadcrumb\"},\"inLanguage\":\"cs\",\"potentialAction\":[{\"@type\":\"ReadAction\",\"target\":[\"https:\/\/www.dakarmania.cz\/index.php\/2020\/01\/22\/tomasek-nenavistne-komentare\/\"]}]},{\"@type\":\"ImageObject\",\"inLanguage\":\"cs\",\"@id\":\"https:\/\/www.dakarmania.cz\/index.php\/2020\/01\/22\/tomasek-nenavistne-komentare\/#primaryimage\",\"url\":\"https:\/\/www.dakarmania.cz\/wp-content\/uploads\/2020\/01\/20-dakar-macik-17.jpg\",\"contentUrl\":\"https:\/\/www.dakarmania.cz\/wp-content\/uploads\/2020\/01\/20-dakar-macik-17.jpg\",\"width\":1024,\"height\":683,\"caption\":\"Martin Mac\u00edk\/Franti\u0161ek Tom\u00e1\u0161ek\/David \u0160vanda, Iveco Powerstar, Big Shock Racing. Rally Dakar 2020. \u00a9 Big Shock Racing\"},{\"@type\":\"BreadcrumbList\",\"@id\":\"https:\/\/www.dakarmania.cz\/index.php\/2020\/01\/22\/tomasek-nenavistne-komentare\/#breadcrumb\",\"itemListElement\":[{\"@type\":\"ListItem\",\"position\":1,\"name\":\"Dom\u016f\",\"item\":\"https:\/\/www.dakarmania.cz\/\"},{\"@type\":\"ListItem\",\"position\":2,\"name\":\"Mac\u00edk\u016fv navig\u00e1tor: P\u0159ekvapily m\u011b nen\u00e1vistn\u00e9 koment\u00e1\u0159e v\u016f\u010di Rus\u016fm\"}]},{\"@type\":\"WebSite\",\"@id\":\"https:\/\/www.dakarmania.cz\/#website\",\"url\":\"https:\/\/www.dakarmania.cz\/\",\"name\":\"DAKARMANIA.cz\",\"description\":\"\u017dijeme Dakarem cel\u00fd rok\",\"publisher\":{\"@id\":\"https:\/\/www.dakarmania.cz\/#organization\"},\"potentialAction\":[{\"@type\":\"SearchAction\",\"target\":{\"@type\":\"EntryPoint\",\"urlTemplate\":\"https:\/\/www.dakarmania.cz\/?s={search_term_string}\"},\"query-input\":{\"@type\":\"PropertyValueSpecification\",\"valueRequired\":true,\"valueName\":\"search_term_string\"}}],\"inLanguage\":\"cs\"},{\"@type\":\"Organization\",\"@id\":\"https:\/\/www.dakarmania.cz\/#organization\",\"name\":\"DAKAR MANIA\",\"url\":\"https:\/\/www.dakarmania.cz\/\",\"logo\":{\"@type\":\"ImageObject\",\"inLanguage\":\"cs\",\"@id\":\"https:\/\/www.dakarmania.cz\/#\/schema\/logo\/image\/\",\"url\":\"https:\/\/www.dakarmania.cz\/wp-content\/uploads\/2018\/12\/Dakar-Mania-Logo-Square-Orange.png\",\"contentUrl\":\"https:\/\/www.dakarmania.cz\/wp-content\/uploads\/2018\/12\/Dakar-Mania-Logo-Square-Orange.png\",\"width\":992,\"height\":992,\"caption\":\"DAKAR MANIA\"},\"image\":{\"@id\":\"https:\/\/www.dakarmania.cz\/#\/schema\/logo\/image\/\"},\"sameAs\":[\"https:\/\/www.facebook.com\/dakarmania\/\"]},{\"@type\":\"Person\",\"@id\":\"https:\/\/www.dakarmania.cz\/#\/schema\/person\/04eb0e87a389631c2169c0dddae7ff1e\",\"name\":\"Zden\u011bk Zelenka\",\"image\":{\"@type\":\"ImageObject\",\"inLanguage\":\"cs\",\"@id\":\"https:\/\/www.dakarmania.cz\/#\/schema\/person\/image\/\",\"url\":\"https:\/\/secure.gravatar.com\/avatar\/2c80d5a4942fe0900b73cc7d3837a509d6ee0a276a2b76dac95c92bd0763a89b?s=96&d=mm&r=g\",\"contentUrl\":\"https:\/\/secure.gravatar.com\/avatar\/2c80d5a4942fe0900b73cc7d3837a509d6ee0a276a2b76dac95c92bd0763a89b?s=96&d=mm&r=g\",\"caption\":\"Zden\u011bk Zelenka\"},\"description\":\"Moji d\u011bt\u0161t\u00ed hrdinov\u00e9 se jmenovali Loprais, Moskal, Neveu, Vatanen, Rahier... A tihle borci, jejich n\u00e1sledovn\u00edci a jejich p\u0159\u00edb\u011bhy m\u011b nep\u0159estali fascinovat ani po letech, kdy jsem vyrostl a zam\u011bstn\u00e1valy m\u011b jin\u00e9 discipl\u00edny motorsportu. Proto se zrodila DAKARMANIA.\",\"url\":\"https:\/\/www.dakarmania.cz\/index.php\/author\/dakarmania\/\"}]}<\/script>\n<!-- \/ Yoast SEO plugin. -->","yoast_head_json":{"title":"Mac\u00edk\u016fv navig\u00e1tor: P\u0159ekvapily m\u011b nen\u00e1vistn\u00e9 koment\u00e1\u0159e v\u016f\u010di Rus\u016fm - DAKARMANIA.cz","description":"Rally Dakar 2020 m\u011bla pro Martina Mac\u00edka t\u0159i z\u00e1sadn\u00ed aspekty, kter\u00e9 mu z\u016fstanou ve vzpom\u00ednk\u00e1ch na prvn\u00ed sa\u00fadskoarabsk\u00fd ro\u010dn\u00edk slavn\u00e9 sout\u011b\u017ee.","robots":{"index":"index","follow":"follow","max-snippet":"max-snippet:-1","max-image-preview":"max-image-preview:large","max-video-preview":"max-video-preview:-1"},"canonical":"https:\/\/www.dakarmania.cz\/index.php\/2020\/01\/22\/tomasek-nenavistne-komentare\/","og_locale":"cs_CZ","og_type":"article","og_title":"Mac\u00edk\u016fv navig\u00e1tor: P\u0159ekvapily m\u011b nen\u00e1vistn\u00e9 koment\u00e1\u0159e v\u016f\u010di Rus\u016fm - DAKARMANIA.cz","og_description":"Rally Dakar 2020 m\u011bla pro Martina Mac\u00edka t\u0159i z\u00e1sadn\u00ed aspekty, kter\u00e9 mu z\u016fstanou ve vzpom\u00ednk\u00e1ch na prvn\u00ed sa\u00fadskoarabsk\u00fd ro\u010dn\u00edk slavn\u00e9 sout\u011b\u017ee.","og_url":"https:\/\/www.dakarmania.cz\/index.php\/2020\/01\/22\/tomasek-nenavistne-komentare\/","og_site_name":"DAKARMANIA.cz","article_publisher":"https:\/\/www.facebook.com\/dakarmania\/","article_published_time":"2020-01-21T23:24:40+00:00","article_modified_time":"2023-02-13T17:13:52+00:00","og_image":[{"width":1024,"height":683,"url":"https:\/\/www.dakarmania.cz\/wp-content\/uploads\/2020\/01\/20-dakar-macik-17.jpg","type":"image\/jpeg"}],"author":"Zden\u011bk Zelenka","twitter_card":"summary_large_image","twitter_misc":{"Napsal(a)":"Zden\u011bk Zelenka","Odhadovan\u00e1 doba \u010dten\u00ed":"5 minut"},"schema":{"@context":"https:\/\/schema.org","@graph":[{"@type":"Article","@id":"https:\/\/www.dakarmania.cz\/index.php\/2020\/01\/22\/tomasek-nenavistne-komentare\/#article","isPartOf":{"@id":"https:\/\/www.dakarmania.cz\/index.php\/2020\/01\/22\/tomasek-nenavistne-komentare\/"},"author":{"name":"Zden\u011bk Zelenka","@id":"https:\/\/www.dakarmania.cz\/#\/schema\/person\/04eb0e87a389631c2169c0dddae7ff1e"},"headline":"Mac\u00edk\u016fv navig\u00e1tor: P\u0159ekvapily m\u011b nen\u00e1vistn\u00e9 koment\u00e1\u0159e v\u016f\u010di Rus\u016fm","datePublished":"2020-01-21T23:24:40+00:00","dateModified":"2023-02-13T17:13:52+00:00","mainEntityOfPage":{"@id":"https:\/\/www.dakarmania.cz\/index.php\/2020\/01\/22\/tomasek-nenavistne-komentare\/"},"wordCount":1240,"publisher":{"@id":"https:\/\/www.dakarmania.cz\/#organization"},"image":{"@id":"https:\/\/www.dakarmania.cz\/index.php\/2020\/01\/22\/tomasek-nenavistne-komentare\/#primaryimage"},"thumbnailUrl":"https:\/\/www.dakarmania.cz\/wp-content\/uploads\/2020\/01\/20-dakar-macik-17.jpg","keywords":["2020","Big Shock! Racing","Dakar","Dakar 2020","David \u0160vanda","Franti\u0161ek Tom\u00e1\u0161ek","Iveco","Martin Mac\u00edk","Martin Mac\u00edk ml.","Martin Mac\u00edk st."],"articleSection":["Dakar 2020","Kamiony"],"inLanguage":"cs"},{"@type":"WebPage","@id":"https:\/\/www.dakarmania.cz\/index.php\/2020\/01\/22\/tomasek-nenavistne-komentare\/","url":"https:\/\/www.dakarmania.cz\/index.php\/2020\/01\/22\/tomasek-nenavistne-komentare\/","name":"Mac\u00edk\u016fv navig\u00e1tor: P\u0159ekvapily m\u011b nen\u00e1vistn\u00e9 koment\u00e1\u0159e v\u016f\u010di Rus\u016fm - DAKARMANIA.cz","isPartOf":{"@id":"https:\/\/www.dakarmania.cz\/#website"},"primaryImageOfPage":{"@id":"https:\/\/www.dakarmania.cz\/index.php\/2020\/01\/22\/tomasek-nenavistne-komentare\/#primaryimage"},"image":{"@id":"https:\/\/www.dakarmania.cz\/index.php\/2020\/01\/22\/tomasek-nenavistne-komentare\/#primaryimage"},"thumbnailUrl":"https:\/\/www.dakarmania.cz\/wp-content\/uploads\/2020\/01\/20-dakar-macik-17.jpg","datePublished":"2020-01-21T23:24:40+00:00","dateModified":"2023-02-13T17:13:52+00:00","description":"Rally Dakar 2020 m\u011bla pro Martina Mac\u00edka t\u0159i z\u00e1sadn\u00ed aspekty, kter\u00e9 mu z\u016fstanou ve vzpom\u00ednk\u00e1ch na prvn\u00ed sa\u00fadskoarabsk\u00fd ro\u010dn\u00edk slavn\u00e9 sout\u011b\u017ee.","breadcrumb":{"@id":"https:\/\/www.dakarmania.cz\/index.php\/2020\/01\/22\/tomasek-nenavistne-komentare\/#breadcrumb"},"inLanguage":"cs","potentialAction":[{"@type":"ReadAction","target":["https:\/\/www.dakarmania.cz\/index.php\/2020\/01\/22\/tomasek-nenavistne-komentare\/"]}]},{"@type":"ImageObject","inLanguage":"cs","@id":"https:\/\/www.dakarmania.cz\/index.php\/2020\/01\/22\/tomasek-nenavistne-komentare\/#primaryimage","url":"https:\/\/www.dakarmania.cz\/wp-content\/uploads\/2020\/01\/20-dakar-macik-17.jpg","contentUrl":"https:\/\/www.dakarmania.cz\/wp-content\/uploads\/2020\/01\/20-dakar-macik-17.jpg","width":1024,"height":683,"caption":"Martin Mac\u00edk\/Franti\u0161ek Tom\u00e1\u0161ek\/David \u0160vanda, Iveco Powerstar, Big Shock Racing. Rally Dakar 2020. \u00a9 Big Shock Racing"},{"@type":"BreadcrumbList","@id":"https:\/\/www.dakarmania.cz\/index.php\/2020\/01\/22\/tomasek-nenavistne-komentare\/#breadcrumb","itemListElement":[{"@type":"ListItem","position":1,"name":"Dom\u016f","item":"https:\/\/www.dakarmania.cz\/"},{"@type":"ListItem","position":2,"name":"Mac\u00edk\u016fv navig\u00e1tor: P\u0159ekvapily m\u011b nen\u00e1vistn\u00e9 koment\u00e1\u0159e v\u016f\u010di Rus\u016fm"}]},{"@type":"WebSite","@id":"https:\/\/www.dakarmania.cz\/#website","url":"https:\/\/www.dakarmania.cz\/","name":"DAKARMANIA.cz","description":"\u017dijeme Dakarem cel\u00fd rok","publisher":{"@id":"https:\/\/www.dakarmania.cz\/#organization"},"potentialAction":[{"@type":"SearchAction","target":{"@type":"EntryPoint","urlTemplate":"https:\/\/www.dakarmania.cz\/?s={search_term_string}"},"query-input":{"@type":"PropertyValueSpecification","valueRequired":true,"valueName":"search_term_string"}}],"inLanguage":"cs"},{"@type":"Organization","@id":"https:\/\/www.dakarmania.cz\/#organization","name":"DAKAR MANIA","url":"https:\/\/www.dakarmania.cz\/","logo":{"@type":"ImageObject","inLanguage":"cs","@id":"https:\/\/www.dakarmania.cz\/#\/schema\/logo\/image\/","url":"https:\/\/www.dakarmania.cz\/wp-content\/uploads\/2018\/12\/Dakar-Mania-Logo-Square-Orange.png","contentUrl":"https:\/\/www.dakarmania.cz\/wp-content\/uploads\/2018\/12\/Dakar-Mania-Logo-Square-Orange.png","width":992,"height":992,"caption":"DAKAR MANIA"},"image":{"@id":"https:\/\/www.dakarmania.cz\/#\/schema\/logo\/image\/"},"sameAs":["https:\/\/www.facebook.com\/dakarmania\/"]},{"@type":"Person","@id":"https:\/\/www.dakarmania.cz\/#\/schema\/person\/04eb0e87a389631c2169c0dddae7ff1e","name":"Zden\u011bk Zelenka","image":{"@type":"ImageObject","inLanguage":"cs","@id":"https:\/\/www.dakarmania.cz\/#\/schema\/person\/image\/","url":"https:\/\/secure.gravatar.com\/avatar\/2c80d5a4942fe0900b73cc7d3837a509d6ee0a276a2b76dac95c92bd0763a89b?s=96&d=mm&r=g","contentUrl":"https:\/\/secure.gravatar.com\/avatar\/2c80d5a4942fe0900b73cc7d3837a509d6ee0a276a2b76dac95c92bd0763a89b?s=96&d=mm&r=g","caption":"Zden\u011bk Zelenka"},"description":"Moji d\u011bt\u0161t\u00ed hrdinov\u00e9 se jmenovali Loprais, Moskal, Neveu, Vatanen, Rahier... A tihle borci, jejich n\u00e1sledovn\u00edci a jejich p\u0159\u00edb\u011bhy m\u011b nep\u0159estali fascinovat ani po letech, kdy jsem vyrostl a zam\u011bstn\u00e1valy m\u011b jin\u00e9 discipl\u00edny motorsportu. Proto se zrodila DAKARMANIA.","url":"https:\/\/www.dakarmania.cz\/index.php\/author\/dakarmania\/"}]}},"amp_enabled":true,"_links":{"self":[{"href":"https:\/\/www.dakarmania.cz\/index.php\/wp-json\/wp\/v2\/posts\/15164","targetHints":{"allow":["GET"]}}],"collection":[{"href":"https:\/\/www.dakarmania.cz\/index.php\/wp-json\/wp\/v2\/posts"}],"about":[{"href":"https:\/\/www.dakarmania.cz\/index.php\/wp-json\/wp\/v2\/types\/post"}],"author":[{"embeddable":true,"href":"https:\/\/www.dakarmania.cz\/index.php\/wp-json\/wp\/v2\/users\/1"}],"replies":[{"embeddable":true,"href":"https:\/\/www.dakarmania.cz\/index.php\/wp-json\/wp\/v2\/comments?post=15164"}],"version-history":[{"count":3,"href":"https:\/\/www.dakarmania.cz\/index.php\/wp-json\/wp\/v2\/posts\/15164\/revisions"}],"predecessor-version":[{"id":25224,"href":"https:\/\/www.dakarmania.cz\/index.php\/wp-json\/wp\/v2\/posts\/15164\/revisions\/25224"}],"wp:featuredmedia":[{"embeddable":true,"href":"https:\/\/www.dakarmania.cz\/index.php\/wp-json\/wp\/v2\/media\/15163"}],"wp:attachment":[{"href":"https:\/\/www.dakarmania.cz\/index.php\/wp-json\/wp\/v2\/media?parent=15164"}],"wp:term":[{"taxonomy":"category","embeddable":true,"href":"https:\/\/www.dakarmania.cz\/index.php\/wp-json\/wp\/v2\/categories?post=15164"},{"taxonomy":"post_tag","embeddable":true,"href":"https:\/\/www.dakarmania.cz\/index.php\/wp-json\/wp\/v2\/tags?post=15164"}],"curies":[{"name":"wp","href":"https:\/\/api.w.org\/{rel}","templated":true}]}}