{"id":1517,"date":"2019-01-08T03:55:56","date_gmt":"2019-01-08T03:55:56","guid":{"rendered":"https:\/\/www.dakarmania.cz\/?p=1517"},"modified":"2021-09-02T16:12:54","modified_gmt":"2021-09-02T14:12:54","slug":"dakar-2019-prvni-etapu-ovladly-kamaz-a-iveco","status":"publish","type":"post","link":"https:\/\/www.dakarmania.cz\/index.php\/2019\/01\/08\/dakar-2019-prvni-etapu-ovladly-kamaz-a-iveco\/","title":{"rendered":"Dakar 2019: Prvn\u00ed etapu ovl\u00e1dly Kamaz a Iveco"},"content":{"rendered":"<p>[vc_row][vc_column][vc_column_text]<\/p>\n<h4>Eduard Nikolajev, Jevgenij Jakovlev a Vladimir Rybakov vykro\u010dili za obhajobou dakarsk\u00e9ho v\u00edt\u011bzstv\u00ed nejlep\u0161\u00edm mo\u017en\u00fdm zp\u016fsobem, kdy\u017e s nov\u00fdm Kamazem 43509 vyhr\u00e1li \u00favodn\u00ed etapu leto\u0161n\u00edho ro\u010dn\u00edku. Bylo to v\u0161ak velmi t\u011bsn\u00e9.<\/h4>\n<p>Na 84kilometrov\u00e9 speci\u00e1lce v dun\u00e1ch okolo Pisca byl jen o osmn\u00e1ct sekund pomalej\u0161\u00ed Holan\u010fan Ton van Genugten s Ivecem t\u00fdmu De Rooy a 53 sekund ztratil Holan\u010fan\u016fv t\u00fdmov\u00fd kolega Federico Villagra, jen\u017e byl p\u0159ed dvan\u00e1cti m\u011bs\u00edci nejv\u011bt\u0161\u00edm Nikolajevov\u00fdm soupe\u0159em v souboji o v\u00edt\u011bzstv\u00ed na Dakaru 2018.<\/p>\n<p>\u0160\u00e9f t\u00fdmu Gerard de Rooy se do Ji\u017en\u00ed Ameriky vrac\u00ed po ro\u010dn\u00ed p\u0159est\u00e1vce. Loni dal Nizozemec p\u0159ednost z\u00e1vodu Africa Eco Race, kter\u00fd vyhr\u00e1l. P\u0159esto\u017ee v pr\u016fb\u011bhu pond\u011bln\u00ed etapy pro\u017eil doslova horkou chvilku, kdy\u017e za\u010dalo ho\u0159et jedno z kol jeho Iveca, za\u0159adil se ve v\u00fdsledc\u00edch hned za sv\u00e9 t\u00fdmov\u00e9 kolegy.<\/p>\n<p>Prvn\u00ed sedmi\u010dku pak zkompletovaly zb\u00fdvaj\u00edc\u00ed t\u0159i tov\u00e1rn\u00ed Kamazy pilotovan\u00e9 Dmitrijem Sotnikovem, Andrejem Karginovem a Ajratem Mard\u011bjevem. Prvn\u00ed \u0161estka se vm\u011bstnala do \u010dty\u0159 minut, Mard\u011bjev byl jen o dv\u011b sekundy pomalej\u0161\u00ed.[\/vc_column_text][vc_single_image image=&#8221;1519&#8243; img_size=&#8221;large&#8221; add_caption=&#8221;yes&#8221; alignment=&#8221;center&#8221;][vc_separator][vc_column_text]<a href=\"https:\/\/www.dakarmania.cz\/index.php\/2019\/01\/08\/dakar-2019-ales-loprais-osmy-v-perne-uvodni-etape\/\">Ale\u0161 Loprais si v prvn\u00ed etap\u011b u\u017eil sv\u00e9<\/a>, do c\u00edle speci\u00e1lky doj\u00ed\u017ed\u011bl na pomal\u00e9m defektu a s nefunk\u010dn\u00edm interkomem, p\u0159esto ztratil jen necel\u00fdch \u0161est minut a na osm\u00e9 p\u0159\u00ed\u010dce byl nejlep\u0161\u00edm ze \u201ezbytku sv\u011bta\u201c.<\/p>\n<p>Dob\u0159e sout\u011b\u017e rozjeli i ostatn\u00ed \u010de\u0161t\u00ed z\u00e1stupci v kategorii kamion\u016f, kte\u0159\u00ed se se\u0159adili za dev\u00e1t\u00fdm Alexejem Vi\u0161n\u011bvsk\u00fdm s Mazem. Martin \u0160oltys byl s Tatrou t\u00fdmu Buggyra des\u00e1t\u00fd, t\u011bsn\u011b p\u0159ed t\u00fdmov\u00fdm kolegou Martinem Kolom\u00fdm a dvan\u00e1ct\u00fdm Martinem Mac\u00edkem s Liazem t\u00fdmu Big Shock Racing.<\/p>\n<p>V \u00fater\u00fd 8. ledna se sout\u011b\u017en\u00ed pos\u00e1dky vydaj\u00ed d\u00e1le na jih do m\u011bsta San Juan de Marcona. Z celkov\u00fdch 553 kilometr\u016f se na \u010das pojede speci\u00e1lka dlouh\u00e1 342 km.[\/vc_column_text][vc_column_text]<\/p>\n<table style=\"width: 97.7654%;\" cellpadding=\"10\">\n<thead>\n<tr style=\"background-color: #ff7d0e;\">\n<td style=\"width: 98.8764%;\" colspan=\"4\"><strong>Rally Dakar 2019 &#8211; KAMIONY po 1. etap\u011b<\/strong><\/td>\n<\/tr>\n<\/thead>\n<tbody>\n<tr>\n<td style=\"width: 6.51685%;\">1.<\/td>\n<td style=\"width: 39.7999%;\">Nikolajev \/ Jakovlev \/ Rybakov<\/td>\n<td style=\"width: 29.0765%;\">Kamaz<\/td>\n<td style=\"width: 23.4831%;\">1:09:05<\/td>\n<\/tr>\n<tr>\n<td style=\"width: 6.51685%;\">2.<\/td>\n<td style=\"width: 39.7999%;\">Van Genugten \/ Der Kinderen \/ Willemsen<\/td>\n<td style=\"width: 29.0765%;\">Iveco<\/td>\n<td style=\"width: 23.4831%;\">+0:18<\/td>\n<\/tr>\n<tr>\n<td style=\"width: 6.51685%;\">3.<\/td>\n<td style=\"width: 39.7999%;\">Villagra \/ Yacopini \/ Torlaschi<\/td>\n<td style=\"width: 29.0765%;\">Iveco<\/td>\n<td style=\"width: 23.4831%;\">+0:53<\/td>\n<\/tr>\n<tr>\n<td style=\"width: 6.51685%;\">4.<\/td>\n<td style=\"width: 39.7999%;\">De Rooy \/ Rodewald \/ Torrallardona<\/td>\n<td style=\"width: 29.0765%;\">Iveco<\/td>\n<td style=\"width: 23.4831%;\">+1:44<\/td>\n<\/tr>\n<tr>\n<td style=\"width: 6.51685%;\">5.<\/td>\n<td style=\"width: 39.7999%;\">Sotnikov \/ Nikitin \/ Mustafin<\/td>\n<td style=\"width: 29.0765%;\">Kamaz<\/td>\n<td style=\"width: 23.4831%;\">+3:33<\/td>\n<\/tr>\n<tr>\n<td style=\"width: 6.51685%;\">6.<\/td>\n<td style=\"width: 39.7999%;\">Karginov \/ Mokjejev \/ Leonov<\/td>\n<td style=\"width: 29.0765%;\">Kamaz<\/td>\n<td style=\"width: 23.4831%;\">+3:49<\/td>\n<\/tr>\n<tr>\n<td style=\"width: 6.51685%;\">7.<\/td>\n<td style=\"width: 39.7999%;\">Mard\u011bjev \/ Svistunov \/ Galjautdinov<\/td>\n<td style=\"width: 29.0765%;\">Kamaz<\/td>\n<td style=\"width: 23.4831%;\">+4:02<\/td>\n<\/tr>\n<tr>\n<td style=\"width: 6.51685%;\">8.<\/td>\n<td style=\"width: 39.7999%;\">Loprais \/ Marco Alcayna \/ Pokora<\/td>\n<td style=\"width: 29.0765%;\">Tatra<\/td>\n<td style=\"width: 23.4831%;\">+5:44<\/td>\n<\/tr>\n<tr>\n<td style=\"width: 6.51685%;\">9.<\/td>\n<td style=\"width: 39.7999%;\">Vi\u0161n\u011bvskij \/ Novikov \/ N\u011bvjarovi\u010d<\/td>\n<td style=\"width: 29.0765%;\">MAZ<\/td>\n<td style=\"width: 23.4831%;\">+6:08<\/td>\n<\/tr>\n<tr>\n<td style=\"width: 6.51685%;\">10.<\/td>\n<td style=\"width: 39.7999%;\">\u0160oltys \/ \u0160ikola \/ Schov\u00e1nek<\/td>\n<td style=\"width: 29.0765%;\">Tatra<\/td>\n<td style=\"width: 23.4831%;\">+6:33<\/td>\n<\/tr>\n<tr>\n<td style=\"width: 6.51685%;\">11.<\/td>\n<td style=\"width: 39.7999%;\">Kolom\u00fd \/ Pln\u00fd \/ \u0160tross<\/td>\n<td style=\"width: 29.0765%;\">Tatra<\/td>\n<td style=\"width: 23.4831%;\">+7:40<\/td>\n<\/tr>\n<tr>\n<td style=\"width: 6.51685%;\">12.<\/td>\n<td style=\"width: 39.7999%;\">Mac\u00edk \/ Tom\u00e1\u0161ek \/ Kalanka<\/td>\n<td style=\"width: 29.0765%;\">Liaz<\/td>\n<td style=\"width: 23.4831%;\">+9:05<\/td>\n<\/tr>\n<\/tbody>\n<\/table>\n<p>[\/vc_column_text][\/vc_column][\/vc_row]<\/p>\n","protected":false},"excerpt":{"rendered":"<p>Eduard Nikolajev vykro\u010dil za obhajobou dakarsk\u00e9ho v\u00edt\u011bzstv\u00ed nejlep\u0161\u00edm mo\u017en\u00fdm zp\u016fsobem, kdy\u017e vyhr\u00e1l \u00favodn\u00ed etapu leto\u0161n\u00edho ro\u010dn\u00edku.<\/p>\n","protected":false},"author":1,"featured_media":1520,"comment_status":"open","ping_status":"closed","sticky":false,"template":"","format":"standard","meta":{"footnotes":""},"categories":[16,2],"tags":[8,9,197,198,200,199],"class_list":["post-1517","post","type-post","status-publish","format-standard","has-post-thumbnail","hentry","category-kamion","category-dakar","tag-dakar","tag-dakar-2019","tag-eduard-nikolajev","tag-jevgenij-jakovlev","tag-kamaz","tag-vladimir-rybakov"],"yoast_head":"<!-- This site is optimized with the Yoast SEO plugin v24.9 - https:\/\/yoast.com\/wordpress\/plugins\/seo\/ -->\n<title>Dakar 2019: Prvn\u00ed etapu ovl\u00e1dly Kamaz a Iveco - DAKARMANIA.cz<\/title>\n<meta name=\"description\" content=\"Eduard Nikolajev vykro\u010dil za obhajobou dakarsk\u00e9ho v\u00edt\u011bzstv\u00ed nejlep\u0161\u00edm mo\u017en\u00fdm zp\u016fsobem, kdy\u017e vyhr\u00e1l \u00favodn\u00ed etapu leto\u0161n\u00edho ro\u010dn\u00edku.\" \/>\n<meta name=\"robots\" content=\"index, follow, max-snippet:-1, max-image-preview:large, max-video-preview:-1\" \/>\n<link rel=\"canonical\" href=\"https:\/\/www.dakarmania.cz\/index.php\/2019\/01\/08\/dakar-2019-prvni-etapu-ovladly-kamaz-a-iveco\/\" \/>\n<meta property=\"og:locale\" content=\"cs_CZ\" \/>\n<meta property=\"og:type\" content=\"article\" \/>\n<meta property=\"og:title\" content=\"Dakar 2019: Prvn\u00ed etapu ovl\u00e1dly Kamaz a Iveco - DAKARMANIA.cz\" \/>\n<meta property=\"og:description\" content=\"Eduard Nikolajev vykro\u010dil za obhajobou dakarsk\u00e9ho v\u00edt\u011bzstv\u00ed nejlep\u0161\u00edm mo\u017en\u00fdm zp\u016fsobem, kdy\u017e vyhr\u00e1l \u00favodn\u00ed etapu leto\u0161n\u00edho ro\u010dn\u00edku.\" \/>\n<meta property=\"og:url\" content=\"https:\/\/www.dakarmania.cz\/index.php\/2019\/01\/08\/dakar-2019-prvni-etapu-ovladly-kamaz-a-iveco\/\" \/>\n<meta property=\"og:site_name\" content=\"DAKARMANIA.cz\" \/>\n<meta property=\"article:publisher\" content=\"https:\/\/www.facebook.com\/dakarmania\/\" \/>\n<meta property=\"article:published_time\" content=\"2019-01-08T03:55:56+00:00\" \/>\n<meta property=\"article:modified_time\" content=\"2021-09-02T14:12:54+00:00\" \/>\n<meta property=\"og:image\" content=\"https:\/\/www.dakarmania.cz\/wp-content\/uploads\/2019\/01\/19-dakar-nikolajev01.jpg\" \/>\n\t<meta property=\"og:image:width\" content=\"1024\" \/>\n\t<meta property=\"og:image:height\" content=\"682\" \/>\n\t<meta property=\"og:image:type\" content=\"image\/jpeg\" \/>\n<meta name=\"author\" content=\"Zden\u011bk Zelenka\" \/>\n<meta name=\"twitter:card\" content=\"summary_large_image\" \/>\n<meta name=\"twitter:label1\" content=\"Napsal(a)\" \/>\n\t<meta name=\"twitter:data1\" content=\"Zden\u011bk Zelenka\" \/>\n\t<meta name=\"twitter:label2\" content=\"Odhadovan\u00e1 doba \u010dten\u00ed\" \/>\n\t<meta name=\"twitter:data2\" content=\"2 minuty\" \/>\n<script type=\"application\/ld+json\" class=\"yoast-schema-graph\">{\"@context\":\"https:\/\/schema.org\",\"@graph\":[{\"@type\":\"Article\",\"@id\":\"https:\/\/www.dakarmania.cz\/index.php\/2019\/01\/08\/dakar-2019-prvni-etapu-ovladly-kamaz-a-iveco\/#article\",\"isPartOf\":{\"@id\":\"https:\/\/www.dakarmania.cz\/index.php\/2019\/01\/08\/dakar-2019-prvni-etapu-ovladly-kamaz-a-iveco\/\"},\"author\":{\"name\":\"Zden\u011bk Zelenka\",\"@id\":\"https:\/\/www.dakarmania.cz\/#\/schema\/person\/04eb0e87a389631c2169c0dddae7ff1e\"},\"headline\":\"Dakar 2019: Prvn\u00ed etapu ovl\u00e1dly Kamaz a Iveco\",\"datePublished\":\"2019-01-08T03:55:56+00:00\",\"dateModified\":\"2021-09-02T14:12:54+00:00\",\"mainEntityOfPage\":{\"@id\":\"https:\/\/www.dakarmania.cz\/index.php\/2019\/01\/08\/dakar-2019-prvni-etapu-ovladly-kamaz-a-iveco\/\"},\"wordCount\":469,\"commentCount\":0,\"publisher\":{\"@id\":\"https:\/\/www.dakarmania.cz\/#organization\"},\"image\":{\"@id\":\"https:\/\/www.dakarmania.cz\/index.php\/2019\/01\/08\/dakar-2019-prvni-etapu-ovladly-kamaz-a-iveco\/#primaryimage\"},\"thumbnailUrl\":\"https:\/\/www.dakarmania.cz\/wp-content\/uploads\/2019\/01\/19-dakar-nikolajev01.jpg\",\"keywords\":[\"Dakar\",\"Dakar 2019\",\"Eduard Nikolajev\",\"Jevgenij Jakovlev\",\"Kamaz\",\"Vladimir Rybakov\"],\"articleSection\":[\"Kamiony\",\"Rally Dakar\"],\"inLanguage\":\"cs\",\"potentialAction\":[{\"@type\":\"CommentAction\",\"name\":\"Comment\",\"target\":[\"https:\/\/www.dakarmania.cz\/index.php\/2019\/01\/08\/dakar-2019-prvni-etapu-ovladly-kamaz-a-iveco\/#respond\"]}]},{\"@type\":\"WebPage\",\"@id\":\"https:\/\/www.dakarmania.cz\/index.php\/2019\/01\/08\/dakar-2019-prvni-etapu-ovladly-kamaz-a-iveco\/\",\"url\":\"https:\/\/www.dakarmania.cz\/index.php\/2019\/01\/08\/dakar-2019-prvni-etapu-ovladly-kamaz-a-iveco\/\",\"name\":\"Dakar 2019: Prvn\u00ed etapu ovl\u00e1dly Kamaz a Iveco - DAKARMANIA.cz\",\"isPartOf\":{\"@id\":\"https:\/\/www.dakarmania.cz\/#website\"},\"primaryImageOfPage\":{\"@id\":\"https:\/\/www.dakarmania.cz\/index.php\/2019\/01\/08\/dakar-2019-prvni-etapu-ovladly-kamaz-a-iveco\/#primaryimage\"},\"image\":{\"@id\":\"https:\/\/www.dakarmania.cz\/index.php\/2019\/01\/08\/dakar-2019-prvni-etapu-ovladly-kamaz-a-iveco\/#primaryimage\"},\"thumbnailUrl\":\"https:\/\/www.dakarmania.cz\/wp-content\/uploads\/2019\/01\/19-dakar-nikolajev01.jpg\",\"datePublished\":\"2019-01-08T03:55:56+00:00\",\"dateModified\":\"2021-09-02T14:12:54+00:00\",\"description\":\"Eduard Nikolajev vykro\u010dil za obhajobou dakarsk\u00e9ho v\u00edt\u011bzstv\u00ed nejlep\u0161\u00edm mo\u017en\u00fdm zp\u016fsobem, kdy\u017e vyhr\u00e1l \u00favodn\u00ed etapu leto\u0161n\u00edho ro\u010dn\u00edku.\",\"breadcrumb\":{\"@id\":\"https:\/\/www.dakarmania.cz\/index.php\/2019\/01\/08\/dakar-2019-prvni-etapu-ovladly-kamaz-a-iveco\/#breadcrumb\"},\"inLanguage\":\"cs\",\"potentialAction\":[{\"@type\":\"ReadAction\",\"target\":[\"https:\/\/www.dakarmania.cz\/index.php\/2019\/01\/08\/dakar-2019-prvni-etapu-ovladly-kamaz-a-iveco\/\"]}]},{\"@type\":\"ImageObject\",\"inLanguage\":\"cs\",\"@id\":\"https:\/\/www.dakarmania.cz\/index.php\/2019\/01\/08\/dakar-2019-prvni-etapu-ovladly-kamaz-a-iveco\/#primaryimage\",\"url\":\"https:\/\/www.dakarmania.cz\/wp-content\/uploads\/2019\/01\/19-dakar-nikolajev01.jpg\",\"contentUrl\":\"https:\/\/www.dakarmania.cz\/wp-content\/uploads\/2019\/01\/19-dakar-nikolajev01.jpg\",\"width\":1024,\"height\":682,\"caption\":\"Eduard Nikolajev\/Jevgenij Jakovlev\/Vladimir Rybakov, Kamaz 43509, Kamaz-Master. Rally Dakar 2019. \u00a9 Red Bull Content Pool\"},{\"@type\":\"BreadcrumbList\",\"@id\":\"https:\/\/www.dakarmania.cz\/index.php\/2019\/01\/08\/dakar-2019-prvni-etapu-ovladly-kamaz-a-iveco\/#breadcrumb\",\"itemListElement\":[{\"@type\":\"ListItem\",\"position\":1,\"name\":\"Dom\u016f\",\"item\":\"https:\/\/www.dakarmania.cz\/\"},{\"@type\":\"ListItem\",\"position\":2,\"name\":\"Dakar 2019: Prvn\u00ed etapu ovl\u00e1dly Kamaz a Iveco\"}]},{\"@type\":\"WebSite\",\"@id\":\"https:\/\/www.dakarmania.cz\/#website\",\"url\":\"https:\/\/www.dakarmania.cz\/\",\"name\":\"DAKARMANIA.cz\",\"description\":\"\u017dijeme Dakarem cel\u00fd rok\",\"publisher\":{\"@id\":\"https:\/\/www.dakarmania.cz\/#organization\"},\"potentialAction\":[{\"@type\":\"SearchAction\",\"target\":{\"@type\":\"EntryPoint\",\"urlTemplate\":\"https:\/\/www.dakarmania.cz\/?s={search_term_string}\"},\"query-input\":{\"@type\":\"PropertyValueSpecification\",\"valueRequired\":true,\"valueName\":\"search_term_string\"}}],\"inLanguage\":\"cs\"},{\"@type\":\"Organization\",\"@id\":\"https:\/\/www.dakarmania.cz\/#organization\",\"name\":\"DAKAR MANIA\",\"url\":\"https:\/\/www.dakarmania.cz\/\",\"logo\":{\"@type\":\"ImageObject\",\"inLanguage\":\"cs\",\"@id\":\"https:\/\/www.dakarmania.cz\/#\/schema\/logo\/image\/\",\"url\":\"https:\/\/www.dakarmania.cz\/wp-content\/uploads\/2018\/12\/Dakar-Mania-Logo-Square-Orange.png\",\"contentUrl\":\"https:\/\/www.dakarmania.cz\/wp-content\/uploads\/2018\/12\/Dakar-Mania-Logo-Square-Orange.png\",\"width\":992,\"height\":992,\"caption\":\"DAKAR MANIA\"},\"image\":{\"@id\":\"https:\/\/www.dakarmania.cz\/#\/schema\/logo\/image\/\"},\"sameAs\":[\"https:\/\/www.facebook.com\/dakarmania\/\"]},{\"@type\":\"Person\",\"@id\":\"https:\/\/www.dakarmania.cz\/#\/schema\/person\/04eb0e87a389631c2169c0dddae7ff1e\",\"name\":\"Zden\u011bk Zelenka\",\"image\":{\"@type\":\"ImageObject\",\"inLanguage\":\"cs\",\"@id\":\"https:\/\/www.dakarmania.cz\/#\/schema\/person\/image\/\",\"url\":\"https:\/\/secure.gravatar.com\/avatar\/2c80d5a4942fe0900b73cc7d3837a509d6ee0a276a2b76dac95c92bd0763a89b?s=96&d=mm&r=g\",\"contentUrl\":\"https:\/\/secure.gravatar.com\/avatar\/2c80d5a4942fe0900b73cc7d3837a509d6ee0a276a2b76dac95c92bd0763a89b?s=96&d=mm&r=g\",\"caption\":\"Zden\u011bk Zelenka\"},\"description\":\"Moji d\u011bt\u0161t\u00ed hrdinov\u00e9 se jmenovali Loprais, Moskal, Neveu, Vatanen, Rahier... A tihle borci, jejich n\u00e1sledovn\u00edci a jejich p\u0159\u00edb\u011bhy m\u011b nep\u0159estali fascinovat ani po letech, kdy jsem vyrostl a zam\u011bstn\u00e1valy m\u011b jin\u00e9 discipl\u00edny motorsportu. Proto se zrodila DAKARMANIA.\",\"url\":\"https:\/\/www.dakarmania.cz\/index.php\/author\/dakarmania\/\"}]}<\/script>\n<!-- \/ Yoast SEO plugin. -->","yoast_head_json":{"title":"Dakar 2019: Prvn\u00ed etapu ovl\u00e1dly Kamaz a Iveco - DAKARMANIA.cz","description":"Eduard Nikolajev vykro\u010dil za obhajobou dakarsk\u00e9ho v\u00edt\u011bzstv\u00ed nejlep\u0161\u00edm mo\u017en\u00fdm zp\u016fsobem, kdy\u017e vyhr\u00e1l \u00favodn\u00ed etapu leto\u0161n\u00edho ro\u010dn\u00edku.","robots":{"index":"index","follow":"follow","max-snippet":"max-snippet:-1","max-image-preview":"max-image-preview:large","max-video-preview":"max-video-preview:-1"},"canonical":"https:\/\/www.dakarmania.cz\/index.php\/2019\/01\/08\/dakar-2019-prvni-etapu-ovladly-kamaz-a-iveco\/","og_locale":"cs_CZ","og_type":"article","og_title":"Dakar 2019: Prvn\u00ed etapu ovl\u00e1dly Kamaz a Iveco - DAKARMANIA.cz","og_description":"Eduard Nikolajev vykro\u010dil za obhajobou dakarsk\u00e9ho v\u00edt\u011bzstv\u00ed nejlep\u0161\u00edm mo\u017en\u00fdm zp\u016fsobem, kdy\u017e vyhr\u00e1l \u00favodn\u00ed etapu leto\u0161n\u00edho ro\u010dn\u00edku.","og_url":"https:\/\/www.dakarmania.cz\/index.php\/2019\/01\/08\/dakar-2019-prvni-etapu-ovladly-kamaz-a-iveco\/","og_site_name":"DAKARMANIA.cz","article_publisher":"https:\/\/www.facebook.com\/dakarmania\/","article_published_time":"2019-01-08T03:55:56+00:00","article_modified_time":"2021-09-02T14:12:54+00:00","og_image":[{"width":1024,"height":682,"url":"https:\/\/www.dakarmania.cz\/wp-content\/uploads\/2019\/01\/19-dakar-nikolajev01.jpg","type":"image\/jpeg"}],"author":"Zden\u011bk Zelenka","twitter_card":"summary_large_image","twitter_misc":{"Napsal(a)":"Zden\u011bk Zelenka","Odhadovan\u00e1 doba \u010dten\u00ed":"2 minuty"},"schema":{"@context":"https:\/\/schema.org","@graph":[{"@type":"Article","@id":"https:\/\/www.dakarmania.cz\/index.php\/2019\/01\/08\/dakar-2019-prvni-etapu-ovladly-kamaz-a-iveco\/#article","isPartOf":{"@id":"https:\/\/www.dakarmania.cz\/index.php\/2019\/01\/08\/dakar-2019-prvni-etapu-ovladly-kamaz-a-iveco\/"},"author":{"name":"Zden\u011bk Zelenka","@id":"https:\/\/www.dakarmania.cz\/#\/schema\/person\/04eb0e87a389631c2169c0dddae7ff1e"},"headline":"Dakar 2019: Prvn\u00ed etapu ovl\u00e1dly Kamaz a Iveco","datePublished":"2019-01-08T03:55:56+00:00","dateModified":"2021-09-02T14:12:54+00:00","mainEntityOfPage":{"@id":"https:\/\/www.dakarmania.cz\/index.php\/2019\/01\/08\/dakar-2019-prvni-etapu-ovladly-kamaz-a-iveco\/"},"wordCount":469,"commentCount":0,"publisher":{"@id":"https:\/\/www.dakarmania.cz\/#organization"},"image":{"@id":"https:\/\/www.dakarmania.cz\/index.php\/2019\/01\/08\/dakar-2019-prvni-etapu-ovladly-kamaz-a-iveco\/#primaryimage"},"thumbnailUrl":"https:\/\/www.dakarmania.cz\/wp-content\/uploads\/2019\/01\/19-dakar-nikolajev01.jpg","keywords":["Dakar","Dakar 2019","Eduard Nikolajev","Jevgenij Jakovlev","Kamaz","Vladimir Rybakov"],"articleSection":["Kamiony","Rally Dakar"],"inLanguage":"cs","potentialAction":[{"@type":"CommentAction","name":"Comment","target":["https:\/\/www.dakarmania.cz\/index.php\/2019\/01\/08\/dakar-2019-prvni-etapu-ovladly-kamaz-a-iveco\/#respond"]}]},{"@type":"WebPage","@id":"https:\/\/www.dakarmania.cz\/index.php\/2019\/01\/08\/dakar-2019-prvni-etapu-ovladly-kamaz-a-iveco\/","url":"https:\/\/www.dakarmania.cz\/index.php\/2019\/01\/08\/dakar-2019-prvni-etapu-ovladly-kamaz-a-iveco\/","name":"Dakar 2019: Prvn\u00ed etapu ovl\u00e1dly Kamaz a Iveco - DAKARMANIA.cz","isPartOf":{"@id":"https:\/\/www.dakarmania.cz\/#website"},"primaryImageOfPage":{"@id":"https:\/\/www.dakarmania.cz\/index.php\/2019\/01\/08\/dakar-2019-prvni-etapu-ovladly-kamaz-a-iveco\/#primaryimage"},"image":{"@id":"https:\/\/www.dakarmania.cz\/index.php\/2019\/01\/08\/dakar-2019-prvni-etapu-ovladly-kamaz-a-iveco\/#primaryimage"},"thumbnailUrl":"https:\/\/www.dakarmania.cz\/wp-content\/uploads\/2019\/01\/19-dakar-nikolajev01.jpg","datePublished":"2019-01-08T03:55:56+00:00","dateModified":"2021-09-02T14:12:54+00:00","description":"Eduard Nikolajev vykro\u010dil za obhajobou dakarsk\u00e9ho v\u00edt\u011bzstv\u00ed nejlep\u0161\u00edm mo\u017en\u00fdm zp\u016fsobem, kdy\u017e vyhr\u00e1l \u00favodn\u00ed etapu leto\u0161n\u00edho ro\u010dn\u00edku.","breadcrumb":{"@id":"https:\/\/www.dakarmania.cz\/index.php\/2019\/01\/08\/dakar-2019-prvni-etapu-ovladly-kamaz-a-iveco\/#breadcrumb"},"inLanguage":"cs","potentialAction":[{"@type":"ReadAction","target":["https:\/\/www.dakarmania.cz\/index.php\/2019\/01\/08\/dakar-2019-prvni-etapu-ovladly-kamaz-a-iveco\/"]}]},{"@type":"ImageObject","inLanguage":"cs","@id":"https:\/\/www.dakarmania.cz\/index.php\/2019\/01\/08\/dakar-2019-prvni-etapu-ovladly-kamaz-a-iveco\/#primaryimage","url":"https:\/\/www.dakarmania.cz\/wp-content\/uploads\/2019\/01\/19-dakar-nikolajev01.jpg","contentUrl":"https:\/\/www.dakarmania.cz\/wp-content\/uploads\/2019\/01\/19-dakar-nikolajev01.jpg","width":1024,"height":682,"caption":"Eduard Nikolajev\/Jevgenij Jakovlev\/Vladimir Rybakov, Kamaz 43509, Kamaz-Master. Rally Dakar 2019. \u00a9 Red Bull Content Pool"},{"@type":"BreadcrumbList","@id":"https:\/\/www.dakarmania.cz\/index.php\/2019\/01\/08\/dakar-2019-prvni-etapu-ovladly-kamaz-a-iveco\/#breadcrumb","itemListElement":[{"@type":"ListItem","position":1,"name":"Dom\u016f","item":"https:\/\/www.dakarmania.cz\/"},{"@type":"ListItem","position":2,"name":"Dakar 2019: Prvn\u00ed etapu ovl\u00e1dly Kamaz a Iveco"}]},{"@type":"WebSite","@id":"https:\/\/www.dakarmania.cz\/#website","url":"https:\/\/www.dakarmania.cz\/","name":"DAKARMANIA.cz","description":"\u017dijeme Dakarem cel\u00fd rok","publisher":{"@id":"https:\/\/www.dakarmania.cz\/#organization"},"potentialAction":[{"@type":"SearchAction","target":{"@type":"EntryPoint","urlTemplate":"https:\/\/www.dakarmania.cz\/?s={search_term_string}"},"query-input":{"@type":"PropertyValueSpecification","valueRequired":true,"valueName":"search_term_string"}}],"inLanguage":"cs"},{"@type":"Organization","@id":"https:\/\/www.dakarmania.cz\/#organization","name":"DAKAR MANIA","url":"https:\/\/www.dakarmania.cz\/","logo":{"@type":"ImageObject","inLanguage":"cs","@id":"https:\/\/www.dakarmania.cz\/#\/schema\/logo\/image\/","url":"https:\/\/www.dakarmania.cz\/wp-content\/uploads\/2018\/12\/Dakar-Mania-Logo-Square-Orange.png","contentUrl":"https:\/\/www.dakarmania.cz\/wp-content\/uploads\/2018\/12\/Dakar-Mania-Logo-Square-Orange.png","width":992,"height":992,"caption":"DAKAR MANIA"},"image":{"@id":"https:\/\/www.dakarmania.cz\/#\/schema\/logo\/image\/"},"sameAs":["https:\/\/www.facebook.com\/dakarmania\/"]},{"@type":"Person","@id":"https:\/\/www.dakarmania.cz\/#\/schema\/person\/04eb0e87a389631c2169c0dddae7ff1e","name":"Zden\u011bk Zelenka","image":{"@type":"ImageObject","inLanguage":"cs","@id":"https:\/\/www.dakarmania.cz\/#\/schema\/person\/image\/","url":"https:\/\/secure.gravatar.com\/avatar\/2c80d5a4942fe0900b73cc7d3837a509d6ee0a276a2b76dac95c92bd0763a89b?s=96&d=mm&r=g","contentUrl":"https:\/\/secure.gravatar.com\/avatar\/2c80d5a4942fe0900b73cc7d3837a509d6ee0a276a2b76dac95c92bd0763a89b?s=96&d=mm&r=g","caption":"Zden\u011bk Zelenka"},"description":"Moji d\u011bt\u0161t\u00ed hrdinov\u00e9 se jmenovali Loprais, Moskal, Neveu, Vatanen, Rahier... A tihle borci, jejich n\u00e1sledovn\u00edci a jejich p\u0159\u00edb\u011bhy m\u011b nep\u0159estali fascinovat ani po letech, kdy jsem vyrostl a zam\u011bstn\u00e1valy m\u011b jin\u00e9 discipl\u00edny motorsportu. Proto se zrodila DAKARMANIA.","url":"https:\/\/www.dakarmania.cz\/index.php\/author\/dakarmania\/"}]}},"amp_enabled":true,"_links":{"self":[{"href":"https:\/\/www.dakarmania.cz\/index.php\/wp-json\/wp\/v2\/posts\/1517","targetHints":{"allow":["GET"]}}],"collection":[{"href":"https:\/\/www.dakarmania.cz\/index.php\/wp-json\/wp\/v2\/posts"}],"about":[{"href":"https:\/\/www.dakarmania.cz\/index.php\/wp-json\/wp\/v2\/types\/post"}],"author":[{"embeddable":true,"href":"https:\/\/www.dakarmania.cz\/index.php\/wp-json\/wp\/v2\/users\/1"}],"replies":[{"embeddable":true,"href":"https:\/\/www.dakarmania.cz\/index.php\/wp-json\/wp\/v2\/comments?post=1517"}],"version-history":[{"count":5,"href":"https:\/\/www.dakarmania.cz\/index.php\/wp-json\/wp\/v2\/posts\/1517\/revisions"}],"predecessor-version":[{"id":23494,"href":"https:\/\/www.dakarmania.cz\/index.php\/wp-json\/wp\/v2\/posts\/1517\/revisions\/23494"}],"wp:featuredmedia":[{"embeddable":true,"href":"https:\/\/www.dakarmania.cz\/index.php\/wp-json\/wp\/v2\/media\/1520"}],"wp:attachment":[{"href":"https:\/\/www.dakarmania.cz\/index.php\/wp-json\/wp\/v2\/media?parent=1517"}],"wp:term":[{"taxonomy":"category","embeddable":true,"href":"https:\/\/www.dakarmania.cz\/index.php\/wp-json\/wp\/v2\/categories?post=1517"},{"taxonomy":"post_tag","embeddable":true,"href":"https:\/\/www.dakarmania.cz\/index.php\/wp-json\/wp\/v2\/tags?post=1517"}],"curies":[{"name":"wp","href":"https:\/\/api.w.org\/{rel}","templated":true}]}}