{"id":1522,"date":"2019-01-08T03:25:43","date_gmt":"2019-01-08T03:25:43","guid":{"rendered":"https:\/\/www.dakarmania.cz\/?p=1522"},"modified":"2021-08-11T07:56:53","modified_gmt":"2021-08-11T05:56:53","slug":"dakar-2019-ales-loprais-osmy-v-perne-uvodni-etape","status":"publish","type":"post","link":"https:\/\/www.dakarmania.cz\/index.php\/2019\/01\/08\/dakar-2019-ales-loprais-osmy-v-perne-uvodni-etape\/","title":{"rendered":"Dakar 2019: Ale\u0161 Loprais osm\u00fd v pern\u00e9 \u00favodn\u00ed etap\u011b"},"content":{"rendered":"<p>[vc_row][vc_column][vc_column_text]<\/p>\n<h4>Hned \u00favodn\u00ed etapa 41. ro\u010dn\u00edku Rally Dakar p\u0159ipomn\u011bla trojici Ale\u0161 Loprais, Ferran Marco Alcayna, Petr Pokora, pro\u010d je tato sout\u011b\u017e pova\u017eov\u00e1na za nejn\u00e1ro\u010dn\u011bj\u0161\u00ed na sv\u011bt\u011b. P\u0159esto\u017ee pond\u011bln\u00ed speci\u00e1lka byla relativn\u011b kr\u00e1tk\u00e1, pro\u017eila pos\u00e1dka Instaforex Loprais Teamu n\u011bkolik pern\u00fdch chvilek.<\/h4>\n<p>Sout\u011b\u017e\u00edc\u00ed nejprve absolvovali dopoledn\u00ed p\u0159esun z peru\u00e1nsk\u00e9 metropole Limy sm\u011brem na jih do Pisca, v jeho\u017e okol\u00ed se v p\u00edse\u010dn\u00fdch dun\u00e1ch odpoledne jel m\u011b\u0159en\u00fd \u00fasek dlouh\u00fd 84 kilometr\u016f. Peru\u00e1nci vytvo\u0159ili fantastickou atmosf\u00e9ru, kdy\u017e tis\u00edcovky lid\u00ed lemovaly tra\u0165 i na p\u0159ejezdu a nad\u0161en\u011b zdravily nejen sout\u011b\u017en\u00ed, ale i doprovodn\u00e9 vozy.<\/p>\n<p>Velk\u00e9 mno\u017estv\u00ed fanou\u0161k\u016f bylo tak\u00e9 na trati rychlostn\u00ed zkou\u0161ky a \u010derveno-b\u00edlo-\u010dern\u00e1 Tatra Jamal \u2013 Queen 69 m\u00e1lem doplatila na z\u00e1ludn\u00fd \u017eert\u00edk n\u011bkolika z nich.<\/p>\n<p><em>\u201eV prvn\u00edm \u00faseku jsme sko\u010dili do takov\u00e9ho mal\u00e9ho trycht\u00fd\u0159e, kam n\u00e1s navedli duchapln\u00ed div\u00e1ci,\u201c<\/em> popisuje <strong>Ale\u0161 Loprais<\/strong>. <em>\u201eUkazovali, abychom to tam p\u00edchli, co\u017e jsme ud\u011blali. Vz\u00e1p\u011bt\u00ed jsme ale zjistili, \u017ee jsme tam jedin\u00ed a \u017ee tam nem\u00e1me co d\u011blat. N\u011bjak\u00fdm z\u00e1zrakem se n\u00e1m odtamtud poda\u0159ilo vyjet, ale p\u0159edjely n\u00e1s dva kamiony.\u201c<\/em><\/p>\n<p>Loprais se pustil do st\u00edhac\u00ed j\u00edzdy a dostihl Tona van Genugtena. Oba kamiony pak vjely do \u0159e\u010di\u0161t\u011b, kde v prachu zv\u00ed\u0159en\u00e9m Nizozemcov\u00fdm vozem nebylo mo\u017en\u00e9 soupe\u0159e p\u0159edjet. Pades\u00e1t kilometr\u016f p\u0159ed c\u00edlem nav\u00edc pos\u00e1dka uc\u00edtila z\u00e1pach gumy.[\/vc_column_text][vc_video link=&#8221;https:\/\/youtu.be\/dV68UvlYpO0&#8243; align=&#8221;center&#8221;][vc_column_text]<em>\u201eB\u00e1li jsme se, co to je, proto jsme jeli na pln\u00fdch gum\u00e1ch, jen\u017ee to zase hrozilo, \u017ee zapadneme. Nav\u00edc n\u00e1m ode\u0161el intercom, tak\u017ee jsme se nesly\u0161eli,\u201c<\/em> pokra\u010duje ve v\u00fd\u010dtu dakarsk\u00fdch n\u00e1strah, kter\u00e9 o sob\u011b daly v\u011bd\u011bt hned prvn\u00ed den, 38let\u00fd z\u00e1vodn\u00edk z Fren\u0161t\u00e1tu pod Radho\u0161t\u011bm.<\/p>\n<p>Jak se pozd\u011bji uk\u00e1zalo, pos\u00e1dka se startovn\u00edm \u010d\u00edslem 507 doj\u00ed\u017ed\u011bla do c\u00edle na pomal\u00e9m defektu lev\u00e9 p\u0159edn\u00ed pneumatiky. P\u0159esto byla celkov\u011b osm\u00e1, kdy\u017e za v\u00edt\u011bzn\u00fdm Nikolajevem zaostala jen o necel\u00fdch \u0161est minut.<\/p>\n<p><em>\u201eNasko\u010dili jsme do prvn\u00ed etapy, jak se slu\u0161\u00ed a pat\u0159\u00ed. Nech\u00e1pu, \u017ee jsme po takov\u00fdch trablech osm\u00ed. Jsem fakt r\u00e1d, \u017ee to tak dopadlo,\u201c<\/em> oddechl si v bivaku Loprais.<\/p>\n<p>V \u00fater\u00fd 8. ledna se sout\u011b\u017en\u00ed pos\u00e1dky vydaj\u00ed d\u00e1le na jih do m\u011bsta San Juan de Marcona. Z celkov\u00fdch 553 kilometr\u016f se na \u010das pojede speci\u00e1lka dlouh\u00e1 342 km.[\/vc_column_text][\/vc_column][\/vc_row]<\/p>\n","protected":false},"excerpt":{"rendered":"<p>Hned \u00favodn\u00ed etapa Rally Dakar p\u0159ipomn\u011bla pos\u00e1dce Ale\u0161e Lopraise, pro\u010d je tato sout\u011b\u017e pova\u017eov\u00e1na za nejn\u00e1ro\u010dn\u011bj\u0161\u00ed na sv\u011bt\u011b.<\/p>\n","protected":false},"author":1,"featured_media":1524,"comment_status":"open","ping_status":"closed","sticky":false,"template":"","format":"standard","meta":{"footnotes":""},"categories":[16,2],"tags":[65,8,9,66,69,67,68],"class_list":["post-1522","post","type-post","status-publish","format-standard","has-post-thumbnail","hentry","category-kamion","category-dakar","tag-ales-loprais","tag-dakar","tag-dakar-2019","tag-ferran-marco-alcayna","tag-loprais-team","tag-petr-pokora","tag-tatra"],"yoast_head":"<!-- This site is optimized with the Yoast SEO plugin v24.9 - https:\/\/yoast.com\/wordpress\/plugins\/seo\/ -->\n<title>Dakar 2019: Ale\u0161 Loprais osm\u00fd v pern\u00e9 \u00favodn\u00ed etap\u011b - DAKARMANIA.cz<\/title>\n<meta name=\"description\" content=\"Hned \u00favodn\u00ed etapa Rally Dakar p\u0159ipomn\u011bla pos\u00e1dce Ale\u0161e Lopraise, pro\u010d je tato sout\u011b\u017e pova\u017eov\u00e1na za nejn\u00e1ro\u010dn\u011bj\u0161\u00ed na sv\u011bt\u011b.\" \/>\n<meta name=\"robots\" content=\"index, follow, max-snippet:-1, max-image-preview:large, max-video-preview:-1\" \/>\n<link rel=\"canonical\" href=\"https:\/\/www.dakarmania.cz\/index.php\/2019\/01\/08\/dakar-2019-ales-loprais-osmy-v-perne-uvodni-etape\/\" \/>\n<meta property=\"og:locale\" content=\"cs_CZ\" \/>\n<meta property=\"og:type\" content=\"article\" \/>\n<meta property=\"og:title\" content=\"Dakar 2019: Ale\u0161 Loprais osm\u00fd v pern\u00e9 \u00favodn\u00ed etap\u011b - DAKARMANIA.cz\" \/>\n<meta property=\"og:description\" content=\"Hned \u00favodn\u00ed etapa Rally Dakar p\u0159ipomn\u011bla pos\u00e1dce Ale\u0161e Lopraise, pro\u010d je tato sout\u011b\u017e pova\u017eov\u00e1na za nejn\u00e1ro\u010dn\u011bj\u0161\u00ed na sv\u011bt\u011b.\" \/>\n<meta property=\"og:url\" content=\"https:\/\/www.dakarmania.cz\/index.php\/2019\/01\/08\/dakar-2019-ales-loprais-osmy-v-perne-uvodni-etape\/\" \/>\n<meta property=\"og:site_name\" content=\"DAKARMANIA.cz\" \/>\n<meta property=\"article:publisher\" content=\"https:\/\/www.facebook.com\/dakarmania\/\" \/>\n<meta property=\"article:published_time\" content=\"2019-01-08T03:25:43+00:00\" \/>\n<meta property=\"article:modified_time\" content=\"2021-08-11T05:56:53+00:00\" \/>\n<meta property=\"og:image\" content=\"https:\/\/www.dakarmania.cz\/wp-content\/uploads\/2019\/01\/IMG-20190108-WA0000.jpg\" \/>\n\t<meta property=\"og:image:width\" content=\"1280\" \/>\n\t<meta property=\"og:image:height\" content=\"853\" \/>\n\t<meta property=\"og:image:type\" content=\"image\/jpeg\" \/>\n<meta name=\"author\" content=\"Zden\u011bk Zelenka\" \/>\n<meta name=\"twitter:card\" content=\"summary_large_image\" \/>\n<meta name=\"twitter:label1\" content=\"Napsal(a)\" \/>\n\t<meta name=\"twitter:data1\" content=\"Zden\u011bk Zelenka\" \/>\n\t<meta name=\"twitter:label2\" content=\"Odhadovan\u00e1 doba \u010dten\u00ed\" \/>\n\t<meta name=\"twitter:data2\" content=\"2 minuty\" \/>\n<script type=\"application\/ld+json\" class=\"yoast-schema-graph\">{\"@context\":\"https:\/\/schema.org\",\"@graph\":[{\"@type\":\"Article\",\"@id\":\"https:\/\/www.dakarmania.cz\/index.php\/2019\/01\/08\/dakar-2019-ales-loprais-osmy-v-perne-uvodni-etape\/#article\",\"isPartOf\":{\"@id\":\"https:\/\/www.dakarmania.cz\/index.php\/2019\/01\/08\/dakar-2019-ales-loprais-osmy-v-perne-uvodni-etape\/\"},\"author\":{\"name\":\"Zden\u011bk Zelenka\",\"@id\":\"https:\/\/www.dakarmania.cz\/#\/schema\/person\/04eb0e87a389631c2169c0dddae7ff1e\"},\"headline\":\"Dakar 2019: Ale\u0161 Loprais osm\u00fd v pern\u00e9 \u00favodn\u00ed etap\u011b\",\"datePublished\":\"2019-01-08T03:25:43+00:00\",\"dateModified\":\"2021-08-11T05:56:53+00:00\",\"mainEntityOfPage\":{\"@id\":\"https:\/\/www.dakarmania.cz\/index.php\/2019\/01\/08\/dakar-2019-ales-loprais-osmy-v-perne-uvodni-etape\/\"},\"wordCount\":490,\"commentCount\":0,\"publisher\":{\"@id\":\"https:\/\/www.dakarmania.cz\/#organization\"},\"image\":{\"@id\":\"https:\/\/www.dakarmania.cz\/index.php\/2019\/01\/08\/dakar-2019-ales-loprais-osmy-v-perne-uvodni-etape\/#primaryimage\"},\"thumbnailUrl\":\"https:\/\/www.dakarmania.cz\/wp-content\/uploads\/2019\/01\/IMG-20190108-WA0000.jpg\",\"keywords\":[\"Ale\u0161 Loprais\",\"Dakar\",\"Dakar 2019\",\"Ferran Marco Alcayna\",\"Loprais Team\",\"Petr Pokora\",\"Tatra\"],\"articleSection\":[\"Kamiony\",\"Rally Dakar\"],\"inLanguage\":\"cs\",\"potentialAction\":[{\"@type\":\"CommentAction\",\"name\":\"Comment\",\"target\":[\"https:\/\/www.dakarmania.cz\/index.php\/2019\/01\/08\/dakar-2019-ales-loprais-osmy-v-perne-uvodni-etape\/#respond\"]}]},{\"@type\":\"WebPage\",\"@id\":\"https:\/\/www.dakarmania.cz\/index.php\/2019\/01\/08\/dakar-2019-ales-loprais-osmy-v-perne-uvodni-etape\/\",\"url\":\"https:\/\/www.dakarmania.cz\/index.php\/2019\/01\/08\/dakar-2019-ales-loprais-osmy-v-perne-uvodni-etape\/\",\"name\":\"Dakar 2019: Ale\u0161 Loprais osm\u00fd v pern\u00e9 \u00favodn\u00ed etap\u011b - DAKARMANIA.cz\",\"isPartOf\":{\"@id\":\"https:\/\/www.dakarmania.cz\/#website\"},\"primaryImageOfPage\":{\"@id\":\"https:\/\/www.dakarmania.cz\/index.php\/2019\/01\/08\/dakar-2019-ales-loprais-osmy-v-perne-uvodni-etape\/#primaryimage\"},\"image\":{\"@id\":\"https:\/\/www.dakarmania.cz\/index.php\/2019\/01\/08\/dakar-2019-ales-loprais-osmy-v-perne-uvodni-etape\/#primaryimage\"},\"thumbnailUrl\":\"https:\/\/www.dakarmania.cz\/wp-content\/uploads\/2019\/01\/IMG-20190108-WA0000.jpg\",\"datePublished\":\"2019-01-08T03:25:43+00:00\",\"dateModified\":\"2021-08-11T05:56:53+00:00\",\"description\":\"Hned \u00favodn\u00ed etapa Rally Dakar p\u0159ipomn\u011bla pos\u00e1dce Ale\u0161e Lopraise, pro\u010d je tato sout\u011b\u017e pova\u017eov\u00e1na za nejn\u00e1ro\u010dn\u011bj\u0161\u00ed na sv\u011bt\u011b.\",\"breadcrumb\":{\"@id\":\"https:\/\/www.dakarmania.cz\/index.php\/2019\/01\/08\/dakar-2019-ales-loprais-osmy-v-perne-uvodni-etape\/#breadcrumb\"},\"inLanguage\":\"cs\",\"potentialAction\":[{\"@type\":\"ReadAction\",\"target\":[\"https:\/\/www.dakarmania.cz\/index.php\/2019\/01\/08\/dakar-2019-ales-loprais-osmy-v-perne-uvodni-etape\/\"]}]},{\"@type\":\"ImageObject\",\"inLanguage\":\"cs\",\"@id\":\"https:\/\/www.dakarmania.cz\/index.php\/2019\/01\/08\/dakar-2019-ales-loprais-osmy-v-perne-uvodni-etape\/#primaryimage\",\"url\":\"https:\/\/www.dakarmania.cz\/wp-content\/uploads\/2019\/01\/IMG-20190108-WA0000.jpg\",\"contentUrl\":\"https:\/\/www.dakarmania.cz\/wp-content\/uploads\/2019\/01\/IMG-20190108-WA0000.jpg\",\"width\":1280,\"height\":853,\"caption\":\"Ale\u0161 Loprais \/ Ferran Marco Alcayna \/ Petr Pokora, Tatra Jamal Queen 69, Instaforex Loprais Team. Rally Dakar 2019. \u00a9 Loprais Team\"},{\"@type\":\"BreadcrumbList\",\"@id\":\"https:\/\/www.dakarmania.cz\/index.php\/2019\/01\/08\/dakar-2019-ales-loprais-osmy-v-perne-uvodni-etape\/#breadcrumb\",\"itemListElement\":[{\"@type\":\"ListItem\",\"position\":1,\"name\":\"Dom\u016f\",\"item\":\"https:\/\/www.dakarmania.cz\/\"},{\"@type\":\"ListItem\",\"position\":2,\"name\":\"Dakar 2019: Ale\u0161 Loprais osm\u00fd v pern\u00e9 \u00favodn\u00ed etap\u011b\"}]},{\"@type\":\"WebSite\",\"@id\":\"https:\/\/www.dakarmania.cz\/#website\",\"url\":\"https:\/\/www.dakarmania.cz\/\",\"name\":\"DAKARMANIA.cz\",\"description\":\"\u017dijeme Dakarem cel\u00fd rok\",\"publisher\":{\"@id\":\"https:\/\/www.dakarmania.cz\/#organization\"},\"potentialAction\":[{\"@type\":\"SearchAction\",\"target\":{\"@type\":\"EntryPoint\",\"urlTemplate\":\"https:\/\/www.dakarmania.cz\/?s={search_term_string}\"},\"query-input\":{\"@type\":\"PropertyValueSpecification\",\"valueRequired\":true,\"valueName\":\"search_term_string\"}}],\"inLanguage\":\"cs\"},{\"@type\":\"Organization\",\"@id\":\"https:\/\/www.dakarmania.cz\/#organization\",\"name\":\"DAKAR MANIA\",\"url\":\"https:\/\/www.dakarmania.cz\/\",\"logo\":{\"@type\":\"ImageObject\",\"inLanguage\":\"cs\",\"@id\":\"https:\/\/www.dakarmania.cz\/#\/schema\/logo\/image\/\",\"url\":\"https:\/\/www.dakarmania.cz\/wp-content\/uploads\/2018\/12\/Dakar-Mania-Logo-Square-Orange.png\",\"contentUrl\":\"https:\/\/www.dakarmania.cz\/wp-content\/uploads\/2018\/12\/Dakar-Mania-Logo-Square-Orange.png\",\"width\":992,\"height\":992,\"caption\":\"DAKAR MANIA\"},\"image\":{\"@id\":\"https:\/\/www.dakarmania.cz\/#\/schema\/logo\/image\/\"},\"sameAs\":[\"https:\/\/www.facebook.com\/dakarmania\/\"]},{\"@type\":\"Person\",\"@id\":\"https:\/\/www.dakarmania.cz\/#\/schema\/person\/04eb0e87a389631c2169c0dddae7ff1e\",\"name\":\"Zden\u011bk Zelenka\",\"image\":{\"@type\":\"ImageObject\",\"inLanguage\":\"cs\",\"@id\":\"https:\/\/www.dakarmania.cz\/#\/schema\/person\/image\/\",\"url\":\"https:\/\/secure.gravatar.com\/avatar\/2c80d5a4942fe0900b73cc7d3837a509d6ee0a276a2b76dac95c92bd0763a89b?s=96&d=mm&r=g\",\"contentUrl\":\"https:\/\/secure.gravatar.com\/avatar\/2c80d5a4942fe0900b73cc7d3837a509d6ee0a276a2b76dac95c92bd0763a89b?s=96&d=mm&r=g\",\"caption\":\"Zden\u011bk Zelenka\"},\"description\":\"Moji d\u011bt\u0161t\u00ed hrdinov\u00e9 se jmenovali Loprais, Moskal, Neveu, Vatanen, Rahier... A tihle borci, jejich n\u00e1sledovn\u00edci a jejich p\u0159\u00edb\u011bhy m\u011b nep\u0159estali fascinovat ani po letech, kdy jsem vyrostl a zam\u011bstn\u00e1valy m\u011b jin\u00e9 discipl\u00edny motorsportu. Proto se zrodila DAKARMANIA.\",\"url\":\"https:\/\/www.dakarmania.cz\/index.php\/author\/dakarmania\/\"}]}<\/script>\n<!-- \/ Yoast SEO plugin. -->","yoast_head_json":{"title":"Dakar 2019: Ale\u0161 Loprais osm\u00fd v pern\u00e9 \u00favodn\u00ed etap\u011b - DAKARMANIA.cz","description":"Hned \u00favodn\u00ed etapa Rally Dakar p\u0159ipomn\u011bla pos\u00e1dce Ale\u0161e Lopraise, pro\u010d je tato sout\u011b\u017e pova\u017eov\u00e1na za nejn\u00e1ro\u010dn\u011bj\u0161\u00ed na sv\u011bt\u011b.","robots":{"index":"index","follow":"follow","max-snippet":"max-snippet:-1","max-image-preview":"max-image-preview:large","max-video-preview":"max-video-preview:-1"},"canonical":"https:\/\/www.dakarmania.cz\/index.php\/2019\/01\/08\/dakar-2019-ales-loprais-osmy-v-perne-uvodni-etape\/","og_locale":"cs_CZ","og_type":"article","og_title":"Dakar 2019: Ale\u0161 Loprais osm\u00fd v pern\u00e9 \u00favodn\u00ed etap\u011b - DAKARMANIA.cz","og_description":"Hned \u00favodn\u00ed etapa Rally Dakar p\u0159ipomn\u011bla pos\u00e1dce Ale\u0161e Lopraise, pro\u010d je tato sout\u011b\u017e pova\u017eov\u00e1na za nejn\u00e1ro\u010dn\u011bj\u0161\u00ed na sv\u011bt\u011b.","og_url":"https:\/\/www.dakarmania.cz\/index.php\/2019\/01\/08\/dakar-2019-ales-loprais-osmy-v-perne-uvodni-etape\/","og_site_name":"DAKARMANIA.cz","article_publisher":"https:\/\/www.facebook.com\/dakarmania\/","article_published_time":"2019-01-08T03:25:43+00:00","article_modified_time":"2021-08-11T05:56:53+00:00","og_image":[{"width":1280,"height":853,"url":"https:\/\/www.dakarmania.cz\/wp-content\/uploads\/2019\/01\/IMG-20190108-WA0000.jpg","type":"image\/jpeg"}],"author":"Zden\u011bk Zelenka","twitter_card":"summary_large_image","twitter_misc":{"Napsal(a)":"Zden\u011bk Zelenka","Odhadovan\u00e1 doba \u010dten\u00ed":"2 minuty"},"schema":{"@context":"https:\/\/schema.org","@graph":[{"@type":"Article","@id":"https:\/\/www.dakarmania.cz\/index.php\/2019\/01\/08\/dakar-2019-ales-loprais-osmy-v-perne-uvodni-etape\/#article","isPartOf":{"@id":"https:\/\/www.dakarmania.cz\/index.php\/2019\/01\/08\/dakar-2019-ales-loprais-osmy-v-perne-uvodni-etape\/"},"author":{"name":"Zden\u011bk Zelenka","@id":"https:\/\/www.dakarmania.cz\/#\/schema\/person\/04eb0e87a389631c2169c0dddae7ff1e"},"headline":"Dakar 2019: Ale\u0161 Loprais osm\u00fd v pern\u00e9 \u00favodn\u00ed etap\u011b","datePublished":"2019-01-08T03:25:43+00:00","dateModified":"2021-08-11T05:56:53+00:00","mainEntityOfPage":{"@id":"https:\/\/www.dakarmania.cz\/index.php\/2019\/01\/08\/dakar-2019-ales-loprais-osmy-v-perne-uvodni-etape\/"},"wordCount":490,"commentCount":0,"publisher":{"@id":"https:\/\/www.dakarmania.cz\/#organization"},"image":{"@id":"https:\/\/www.dakarmania.cz\/index.php\/2019\/01\/08\/dakar-2019-ales-loprais-osmy-v-perne-uvodni-etape\/#primaryimage"},"thumbnailUrl":"https:\/\/www.dakarmania.cz\/wp-content\/uploads\/2019\/01\/IMG-20190108-WA0000.jpg","keywords":["Ale\u0161 Loprais","Dakar","Dakar 2019","Ferran Marco Alcayna","Loprais Team","Petr Pokora","Tatra"],"articleSection":["Kamiony","Rally Dakar"],"inLanguage":"cs","potentialAction":[{"@type":"CommentAction","name":"Comment","target":["https:\/\/www.dakarmania.cz\/index.php\/2019\/01\/08\/dakar-2019-ales-loprais-osmy-v-perne-uvodni-etape\/#respond"]}]},{"@type":"WebPage","@id":"https:\/\/www.dakarmania.cz\/index.php\/2019\/01\/08\/dakar-2019-ales-loprais-osmy-v-perne-uvodni-etape\/","url":"https:\/\/www.dakarmania.cz\/index.php\/2019\/01\/08\/dakar-2019-ales-loprais-osmy-v-perne-uvodni-etape\/","name":"Dakar 2019: Ale\u0161 Loprais osm\u00fd v pern\u00e9 \u00favodn\u00ed etap\u011b - DAKARMANIA.cz","isPartOf":{"@id":"https:\/\/www.dakarmania.cz\/#website"},"primaryImageOfPage":{"@id":"https:\/\/www.dakarmania.cz\/index.php\/2019\/01\/08\/dakar-2019-ales-loprais-osmy-v-perne-uvodni-etape\/#primaryimage"},"image":{"@id":"https:\/\/www.dakarmania.cz\/index.php\/2019\/01\/08\/dakar-2019-ales-loprais-osmy-v-perne-uvodni-etape\/#primaryimage"},"thumbnailUrl":"https:\/\/www.dakarmania.cz\/wp-content\/uploads\/2019\/01\/IMG-20190108-WA0000.jpg","datePublished":"2019-01-08T03:25:43+00:00","dateModified":"2021-08-11T05:56:53+00:00","description":"Hned \u00favodn\u00ed etapa Rally Dakar p\u0159ipomn\u011bla pos\u00e1dce Ale\u0161e Lopraise, pro\u010d je tato sout\u011b\u017e pova\u017eov\u00e1na za nejn\u00e1ro\u010dn\u011bj\u0161\u00ed na sv\u011bt\u011b.","breadcrumb":{"@id":"https:\/\/www.dakarmania.cz\/index.php\/2019\/01\/08\/dakar-2019-ales-loprais-osmy-v-perne-uvodni-etape\/#breadcrumb"},"inLanguage":"cs","potentialAction":[{"@type":"ReadAction","target":["https:\/\/www.dakarmania.cz\/index.php\/2019\/01\/08\/dakar-2019-ales-loprais-osmy-v-perne-uvodni-etape\/"]}]},{"@type":"ImageObject","inLanguage":"cs","@id":"https:\/\/www.dakarmania.cz\/index.php\/2019\/01\/08\/dakar-2019-ales-loprais-osmy-v-perne-uvodni-etape\/#primaryimage","url":"https:\/\/www.dakarmania.cz\/wp-content\/uploads\/2019\/01\/IMG-20190108-WA0000.jpg","contentUrl":"https:\/\/www.dakarmania.cz\/wp-content\/uploads\/2019\/01\/IMG-20190108-WA0000.jpg","width":1280,"height":853,"caption":"Ale\u0161 Loprais \/ Ferran Marco Alcayna \/ Petr Pokora, Tatra Jamal Queen 69, Instaforex Loprais Team. Rally Dakar 2019. \u00a9 Loprais Team"},{"@type":"BreadcrumbList","@id":"https:\/\/www.dakarmania.cz\/index.php\/2019\/01\/08\/dakar-2019-ales-loprais-osmy-v-perne-uvodni-etape\/#breadcrumb","itemListElement":[{"@type":"ListItem","position":1,"name":"Dom\u016f","item":"https:\/\/www.dakarmania.cz\/"},{"@type":"ListItem","position":2,"name":"Dakar 2019: Ale\u0161 Loprais osm\u00fd v pern\u00e9 \u00favodn\u00ed etap\u011b"}]},{"@type":"WebSite","@id":"https:\/\/www.dakarmania.cz\/#website","url":"https:\/\/www.dakarmania.cz\/","name":"DAKARMANIA.cz","description":"\u017dijeme Dakarem cel\u00fd rok","publisher":{"@id":"https:\/\/www.dakarmania.cz\/#organization"},"potentialAction":[{"@type":"SearchAction","target":{"@type":"EntryPoint","urlTemplate":"https:\/\/www.dakarmania.cz\/?s={search_term_string}"},"query-input":{"@type":"PropertyValueSpecification","valueRequired":true,"valueName":"search_term_string"}}],"inLanguage":"cs"},{"@type":"Organization","@id":"https:\/\/www.dakarmania.cz\/#organization","name":"DAKAR MANIA","url":"https:\/\/www.dakarmania.cz\/","logo":{"@type":"ImageObject","inLanguage":"cs","@id":"https:\/\/www.dakarmania.cz\/#\/schema\/logo\/image\/","url":"https:\/\/www.dakarmania.cz\/wp-content\/uploads\/2018\/12\/Dakar-Mania-Logo-Square-Orange.png","contentUrl":"https:\/\/www.dakarmania.cz\/wp-content\/uploads\/2018\/12\/Dakar-Mania-Logo-Square-Orange.png","width":992,"height":992,"caption":"DAKAR MANIA"},"image":{"@id":"https:\/\/www.dakarmania.cz\/#\/schema\/logo\/image\/"},"sameAs":["https:\/\/www.facebook.com\/dakarmania\/"]},{"@type":"Person","@id":"https:\/\/www.dakarmania.cz\/#\/schema\/person\/04eb0e87a389631c2169c0dddae7ff1e","name":"Zden\u011bk Zelenka","image":{"@type":"ImageObject","inLanguage":"cs","@id":"https:\/\/www.dakarmania.cz\/#\/schema\/person\/image\/","url":"https:\/\/secure.gravatar.com\/avatar\/2c80d5a4942fe0900b73cc7d3837a509d6ee0a276a2b76dac95c92bd0763a89b?s=96&d=mm&r=g","contentUrl":"https:\/\/secure.gravatar.com\/avatar\/2c80d5a4942fe0900b73cc7d3837a509d6ee0a276a2b76dac95c92bd0763a89b?s=96&d=mm&r=g","caption":"Zden\u011bk Zelenka"},"description":"Moji d\u011bt\u0161t\u00ed hrdinov\u00e9 se jmenovali Loprais, Moskal, Neveu, Vatanen, Rahier... A tihle borci, jejich n\u00e1sledovn\u00edci a jejich p\u0159\u00edb\u011bhy m\u011b nep\u0159estali fascinovat ani po letech, kdy jsem vyrostl a zam\u011bstn\u00e1valy m\u011b jin\u00e9 discipl\u00edny motorsportu. Proto se zrodila DAKARMANIA.","url":"https:\/\/www.dakarmania.cz\/index.php\/author\/dakarmania\/"}]}},"amp_enabled":true,"_links":{"self":[{"href":"https:\/\/www.dakarmania.cz\/index.php\/wp-json\/wp\/v2\/posts\/1522","targetHints":{"allow":["GET"]}}],"collection":[{"href":"https:\/\/www.dakarmania.cz\/index.php\/wp-json\/wp\/v2\/posts"}],"about":[{"href":"https:\/\/www.dakarmania.cz\/index.php\/wp-json\/wp\/v2\/types\/post"}],"author":[{"embeddable":true,"href":"https:\/\/www.dakarmania.cz\/index.php\/wp-json\/wp\/v2\/users\/1"}],"replies":[{"embeddable":true,"href":"https:\/\/www.dakarmania.cz\/index.php\/wp-json\/wp\/v2\/comments?post=1522"}],"version-history":[{"count":7,"href":"https:\/\/www.dakarmania.cz\/index.php\/wp-json\/wp\/v2\/posts\/1522\/revisions"}],"predecessor-version":[{"id":22528,"href":"https:\/\/www.dakarmania.cz\/index.php\/wp-json\/wp\/v2\/posts\/1522\/revisions\/22528"}],"wp:featuredmedia":[{"embeddable":true,"href":"https:\/\/www.dakarmania.cz\/index.php\/wp-json\/wp\/v2\/media\/1524"}],"wp:attachment":[{"href":"https:\/\/www.dakarmania.cz\/index.php\/wp-json\/wp\/v2\/media?parent=1522"}],"wp:term":[{"taxonomy":"category","embeddable":true,"href":"https:\/\/www.dakarmania.cz\/index.php\/wp-json\/wp\/v2\/categories?post=1522"},{"taxonomy":"post_tag","embeddable":true,"href":"https:\/\/www.dakarmania.cz\/index.php\/wp-json\/wp\/v2\/tags?post=1522"}],"curies":[{"name":"wp","href":"https:\/\/api.w.org\/{rel}","templated":true}]}}