{"id":15260,"date":"2020-01-24T14:45:45","date_gmt":"2020-01-24T13:45:45","guid":{"rendered":"https:\/\/www.dakarmania.cz\/?p=15260"},"modified":"2020-01-24T14:50:13","modified_gmt":"2020-01-24T13:50:13","slug":"dakar-2020-ma-druhou-obet","status":"publish","type":"post","link":"https:\/\/www.dakarmania.cz\/index.php\/2020\/01\/24\/dakar-2020-ma-druhou-obet\/","title":{"rendered":"Dakar 2020 m\u00e1 druhou ob\u011b\u0165"},"content":{"rendered":"<p>[vc_row][vc_column][vc_column_text css_animation=&#8221;fadeIn&#8221;]<\/p>\n<h3>T\u00fdden po skon\u010den\u00ed 42. ro\u010dn\u00edku dakarsk\u00e9 rally podlehl motocyklista Edwin Straver n\u00e1sledk\u016fm hav\u00e1rie, k n\u00ed\u017e do\u0161lo minul\u00fd \u010dtvrtek v p\u0159edposledn\u00ed etap\u011b sout\u011b\u017ee. 48let\u00fd Nizozemec zem\u0159el v noci na p\u00e1tek v kruhu sv\u00e9 rodiny.<\/h3>\n<p>[\/vc_column_text][vc_single_image image=&#8221;15262&#8243; img_size=&#8221;large&#8221; add_caption=&#8221;yes&#8221; alignment=&#8221;center&#8221; onclick=&#8221;link_image&#8221; css_animation=&#8221;fadeIn&#8221;][vc_column_text css_animation=&#8221;fadeIn&#8221;]P\u0159i p\u00e1du na 124. kilometru rychlostn\u00ed zkou\u0161ky mezi \u0160ubajt\u00e1 a Harazem utrp\u011bl Edwin Straver zlomeninu kr\u010dn\u00ed p\u00e1te\u0159e a z\u00e1stavu srdce. Z\u00e1chran\u00e1\u0159i jezdce po deseti minut\u00e1ch o\u017eivili a p\u0159epravili do nemocnice v Rij\u00e1du. Odtud byl ve st\u0159edu transportov\u00e1n do vlasti, kde byl podroben dal\u0161\u00edm vy\u0161et\u0159en\u00edm. V\u00fdsledky potvrdily v\u00e1\u017en\u00e9 po\u0161kozen\u00ed mozku, k n\u011bmu\u017e do\u0161lo v d\u016fsledku z\u00e1stavy srdce. Straverova rodina proto dala souhlas s odpojen\u00edm od um\u011bl\u00e9ho d\u00fdch\u00e1n\u00ed.<\/p>\n<p>\u017divnostn\u00edk z nizozemsk\u00e9ho Rijswijku byl klasick\u00fdm z\u00e1vod\u00edc\u00edm amat\u00e9rem. Na Dakaru debutoval ve sv\u00fdch 46 letech v roce 2018. O rok pozd\u011bji zv\u00edt\u011bzil v kategorii Original by Motul (malle moto), celkov\u011b byl t\u0159ic\u00e1t\u00fd. Bez asistence jel tak\u00e9 tentokr\u00e1t a po des\u00e1t\u00e9 etap\u011b figuroval v malle moto na \u010dtvrt\u00e9 pozici.[\/vc_column_text][vc_single_image image=&#8221;15263&#8243; img_size=&#8221;large&#8221; add_caption=&#8221;yes&#8221; alignment=&#8221;center&#8221; onclick=&#8221;link_image&#8221; css_animation=&#8221;fadeIn&#8221;][vc_column_text css_animation=&#8221;fadeIn&#8221;]Straver si dob\u0159e uv\u011bdomoval, jak\u00e9mu nebezpe\u010d\u00ed se p\u0159i rally vystavuje. V reakci na <a href=\"\/index.php\/2020\/01\/12\/zemrel-paulo-goncalves\/\">smrteln\u00e9 zran\u011bn\u00ed Paula Gon\u00e7alves<\/a> v sedm\u00e9 etap\u011b uvedl: <em>\u201ePokud to neakceptujete, mus\u00edte z\u016fstat doma. Neust\u00e1le brzd\u00edm a nejedu p\u0159es dunu, dokud nevid\u00edm, co je za n\u00ed.\u201c<\/em><\/p>\n<p>Podle motocyklist\u016f, kte\u0159\u00ed v inkriminovan\u00e9m okam\u017eiku jeli ve skupin\u011b se Straverem, do\u0161lo k fat\u00e1ln\u00ed nehod\u011b v rychlosti okolo 50 km\/h\u2026[\/vc_column_text][vc_empty_space height=&#8221;2px&#8221;][\/vc_column][\/vc_row]<\/p>\n","protected":false},"excerpt":{"rendered":"<p>T\u00fdden po skon\u010den\u00ed 42. ro\u010dn\u00edku dakarsk\u00e9 rally podlehl motocyklista Edwin Straver n\u00e1sledk\u016fm hav\u00e1rie, k n\u00ed\u017e do\u0161lo minul\u00fd \u010dtvrtek v p\u0159edposledn\u00ed etap\u011b sout\u011b\u017ee.<\/p>\n","protected":false},"author":1,"featured_media":15262,"comment_status":"open","ping_status":"closed","sticky":false,"template":"","format":"standard","meta":{"footnotes":""},"categories":[251,15],"tags":[903,8,159,1689],"class_list":["post-15260","post","type-post","status-publish","format-standard","has-post-thumbnail","hentry","category-dakar-2020","category-moto-quad","tag-903","tag-dakar","tag-dakar-2020","tag-edwin-straver"],"yoast_head":"<!-- This site is optimized with the Yoast SEO plugin v24.9 - https:\/\/yoast.com\/wordpress\/plugins\/seo\/ -->\n<title>Dakar 2020 m\u00e1 druhou ob\u011b\u0165 - DAKARMANIA.cz<\/title>\n<meta name=\"description\" content=\"T\u00fdden po skon\u010den\u00ed 42. ro\u010dn\u00edku dakarsk\u00e9 rally podlehl motocyklista Edwin Straver n\u00e1sledk\u016fm hav\u00e1rie, k n\u00ed\u017e do\u0161lo minul\u00fd \u010dtvrtek v p\u0159edposledn\u00ed etap\u011b sout\u011b\u017ee.\" \/>\n<meta name=\"robots\" content=\"index, follow, max-snippet:-1, max-image-preview:large, max-video-preview:-1\" \/>\n<link rel=\"canonical\" href=\"https:\/\/www.dakarmania.cz\/index.php\/2020\/01\/24\/dakar-2020-ma-druhou-obet\/\" \/>\n<meta property=\"og:locale\" content=\"cs_CZ\" \/>\n<meta property=\"og:type\" content=\"article\" \/>\n<meta property=\"og:title\" content=\"Dakar 2020 m\u00e1 druhou ob\u011b\u0165 - DAKARMANIA.cz\" \/>\n<meta property=\"og:description\" content=\"T\u00fdden po skon\u010den\u00ed 42. ro\u010dn\u00edku dakarsk\u00e9 rally podlehl motocyklista Edwin Straver n\u00e1sledk\u016fm hav\u00e1rie, k n\u00ed\u017e do\u0161lo minul\u00fd \u010dtvrtek v p\u0159edposledn\u00ed etap\u011b sout\u011b\u017ee.\" \/>\n<meta property=\"og:url\" content=\"https:\/\/www.dakarmania.cz\/index.php\/2020\/01\/24\/dakar-2020-ma-druhou-obet\/\" \/>\n<meta property=\"og:site_name\" content=\"DAKARMANIA.cz\" \/>\n<meta property=\"article:publisher\" content=\"https:\/\/www.facebook.com\/dakarmania\/\" \/>\n<meta property=\"article:published_time\" content=\"2020-01-24T13:45:45+00:00\" \/>\n<meta property=\"article:modified_time\" content=\"2020-01-24T13:50:13+00:00\" \/>\n<meta property=\"og:image\" content=\"https:\/\/www.dakarmania.cz\/wp-content\/uploads\/2020\/01\/20-dakar-straver-01.jpg\" \/>\n\t<meta property=\"og:image:width\" content=\"1024\" \/>\n\t<meta property=\"og:image:height\" content=\"683\" \/>\n\t<meta property=\"og:image:type\" content=\"image\/jpeg\" \/>\n<meta name=\"author\" content=\"Zden\u011bk Zelenka\" \/>\n<meta name=\"twitter:card\" content=\"summary_large_image\" \/>\n<meta name=\"twitter:label1\" content=\"Napsal(a)\" \/>\n\t<meta name=\"twitter:data1\" content=\"Zden\u011bk Zelenka\" \/>\n\t<meta name=\"twitter:label2\" content=\"Odhadovan\u00e1 doba \u010dten\u00ed\" \/>\n\t<meta name=\"twitter:data2\" content=\"2 minuty\" \/>\n<script type=\"application\/ld+json\" class=\"yoast-schema-graph\">{\"@context\":\"https:\/\/schema.org\",\"@graph\":[{\"@type\":\"Article\",\"@id\":\"https:\/\/www.dakarmania.cz\/index.php\/2020\/01\/24\/dakar-2020-ma-druhou-obet\/#article\",\"isPartOf\":{\"@id\":\"https:\/\/www.dakarmania.cz\/index.php\/2020\/01\/24\/dakar-2020-ma-druhou-obet\/\"},\"author\":{\"name\":\"Zden\u011bk Zelenka\",\"@id\":\"https:\/\/www.dakarmania.cz\/#\/schema\/person\/04eb0e87a389631c2169c0dddae7ff1e\"},\"headline\":\"Dakar 2020 m\u00e1 druhou ob\u011b\u0165\",\"datePublished\":\"2020-01-24T13:45:45+00:00\",\"dateModified\":\"2020-01-24T13:50:13+00:00\",\"mainEntityOfPage\":{\"@id\":\"https:\/\/www.dakarmania.cz\/index.php\/2020\/01\/24\/dakar-2020-ma-druhou-obet\/\"},\"wordCount\":357,\"commentCount\":0,\"publisher\":{\"@id\":\"https:\/\/www.dakarmania.cz\/#organization\"},\"image\":{\"@id\":\"https:\/\/www.dakarmania.cz\/index.php\/2020\/01\/24\/dakar-2020-ma-druhou-obet\/#primaryimage\"},\"thumbnailUrl\":\"https:\/\/www.dakarmania.cz\/wp-content\/uploads\/2020\/01\/20-dakar-straver-01.jpg\",\"keywords\":[\"2020\",\"Dakar\",\"Dakar 2020\",\"Edwin Straver\"],\"articleSection\":[\"Dakar 2020\",\"Moto\/Quad\"],\"inLanguage\":\"cs\",\"potentialAction\":[{\"@type\":\"CommentAction\",\"name\":\"Comment\",\"target\":[\"https:\/\/www.dakarmania.cz\/index.php\/2020\/01\/24\/dakar-2020-ma-druhou-obet\/#respond\"]}]},{\"@type\":\"WebPage\",\"@id\":\"https:\/\/www.dakarmania.cz\/index.php\/2020\/01\/24\/dakar-2020-ma-druhou-obet\/\",\"url\":\"https:\/\/www.dakarmania.cz\/index.php\/2020\/01\/24\/dakar-2020-ma-druhou-obet\/\",\"name\":\"Dakar 2020 m\u00e1 druhou ob\u011b\u0165 - DAKARMANIA.cz\",\"isPartOf\":{\"@id\":\"https:\/\/www.dakarmania.cz\/#website\"},\"primaryImageOfPage\":{\"@id\":\"https:\/\/www.dakarmania.cz\/index.php\/2020\/01\/24\/dakar-2020-ma-druhou-obet\/#primaryimage\"},\"image\":{\"@id\":\"https:\/\/www.dakarmania.cz\/index.php\/2020\/01\/24\/dakar-2020-ma-druhou-obet\/#primaryimage\"},\"thumbnailUrl\":\"https:\/\/www.dakarmania.cz\/wp-content\/uploads\/2020\/01\/20-dakar-straver-01.jpg\",\"datePublished\":\"2020-01-24T13:45:45+00:00\",\"dateModified\":\"2020-01-24T13:50:13+00:00\",\"description\":\"T\u00fdden po skon\u010den\u00ed 42. ro\u010dn\u00edku dakarsk\u00e9 rally podlehl motocyklista Edwin Straver n\u00e1sledk\u016fm hav\u00e1rie, k n\u00ed\u017e do\u0161lo minul\u00fd \u010dtvrtek v p\u0159edposledn\u00ed etap\u011b sout\u011b\u017ee.\",\"breadcrumb\":{\"@id\":\"https:\/\/www.dakarmania.cz\/index.php\/2020\/01\/24\/dakar-2020-ma-druhou-obet\/#breadcrumb\"},\"inLanguage\":\"cs\",\"potentialAction\":[{\"@type\":\"ReadAction\",\"target\":[\"https:\/\/www.dakarmania.cz\/index.php\/2020\/01\/24\/dakar-2020-ma-druhou-obet\/\"]}]},{\"@type\":\"ImageObject\",\"inLanguage\":\"cs\",\"@id\":\"https:\/\/www.dakarmania.cz\/index.php\/2020\/01\/24\/dakar-2020-ma-druhou-obet\/#primaryimage\",\"url\":\"https:\/\/www.dakarmania.cz\/wp-content\/uploads\/2020\/01\/20-dakar-straver-01.jpg\",\"contentUrl\":\"https:\/\/www.dakarmania.cz\/wp-content\/uploads\/2020\/01\/20-dakar-straver-01.jpg\",\"width\":1024,\"height\":683,\"caption\":\"Edwin Straver v maratonsk\u00e9m bivaku po 10. etap\u011b Rally Dakar 2020. \u00a9 ASO\/DPPI\"},{\"@type\":\"BreadcrumbList\",\"@id\":\"https:\/\/www.dakarmania.cz\/index.php\/2020\/01\/24\/dakar-2020-ma-druhou-obet\/#breadcrumb\",\"itemListElement\":[{\"@type\":\"ListItem\",\"position\":1,\"name\":\"Dom\u016f\",\"item\":\"https:\/\/www.dakarmania.cz\/\"},{\"@type\":\"ListItem\",\"position\":2,\"name\":\"Dakar 2020 m\u00e1 druhou ob\u011b\u0165\"}]},{\"@type\":\"WebSite\",\"@id\":\"https:\/\/www.dakarmania.cz\/#website\",\"url\":\"https:\/\/www.dakarmania.cz\/\",\"name\":\"DAKARMANIA.cz\",\"description\":\"\u017dijeme Dakarem cel\u00fd rok\",\"publisher\":{\"@id\":\"https:\/\/www.dakarmania.cz\/#organization\"},\"potentialAction\":[{\"@type\":\"SearchAction\",\"target\":{\"@type\":\"EntryPoint\",\"urlTemplate\":\"https:\/\/www.dakarmania.cz\/?s={search_term_string}\"},\"query-input\":{\"@type\":\"PropertyValueSpecification\",\"valueRequired\":true,\"valueName\":\"search_term_string\"}}],\"inLanguage\":\"cs\"},{\"@type\":\"Organization\",\"@id\":\"https:\/\/www.dakarmania.cz\/#organization\",\"name\":\"DAKAR MANIA\",\"url\":\"https:\/\/www.dakarmania.cz\/\",\"logo\":{\"@type\":\"ImageObject\",\"inLanguage\":\"cs\",\"@id\":\"https:\/\/www.dakarmania.cz\/#\/schema\/logo\/image\/\",\"url\":\"https:\/\/www.dakarmania.cz\/wp-content\/uploads\/2018\/12\/Dakar-Mania-Logo-Square-Orange.png\",\"contentUrl\":\"https:\/\/www.dakarmania.cz\/wp-content\/uploads\/2018\/12\/Dakar-Mania-Logo-Square-Orange.png\",\"width\":992,\"height\":992,\"caption\":\"DAKAR MANIA\"},\"image\":{\"@id\":\"https:\/\/www.dakarmania.cz\/#\/schema\/logo\/image\/\"},\"sameAs\":[\"https:\/\/www.facebook.com\/dakarmania\/\"]},{\"@type\":\"Person\",\"@id\":\"https:\/\/www.dakarmania.cz\/#\/schema\/person\/04eb0e87a389631c2169c0dddae7ff1e\",\"name\":\"Zden\u011bk Zelenka\",\"image\":{\"@type\":\"ImageObject\",\"inLanguage\":\"cs\",\"@id\":\"https:\/\/www.dakarmania.cz\/#\/schema\/person\/image\/\",\"url\":\"https:\/\/secure.gravatar.com\/avatar\/2c80d5a4942fe0900b73cc7d3837a509d6ee0a276a2b76dac95c92bd0763a89b?s=96&d=mm&r=g\",\"contentUrl\":\"https:\/\/secure.gravatar.com\/avatar\/2c80d5a4942fe0900b73cc7d3837a509d6ee0a276a2b76dac95c92bd0763a89b?s=96&d=mm&r=g\",\"caption\":\"Zden\u011bk Zelenka\"},\"description\":\"Moji d\u011bt\u0161t\u00ed hrdinov\u00e9 se jmenovali Loprais, Moskal, Neveu, Vatanen, Rahier... A tihle borci, jejich n\u00e1sledovn\u00edci a jejich p\u0159\u00edb\u011bhy m\u011b nep\u0159estali fascinovat ani po letech, kdy jsem vyrostl a zam\u011bstn\u00e1valy m\u011b jin\u00e9 discipl\u00edny motorsportu. Proto se zrodila DAKARMANIA.\",\"url\":\"https:\/\/www.dakarmania.cz\/index.php\/author\/dakarmania\/\"}]}<\/script>\n<!-- \/ Yoast SEO plugin. -->","yoast_head_json":{"title":"Dakar 2020 m\u00e1 druhou ob\u011b\u0165 - DAKARMANIA.cz","description":"T\u00fdden po skon\u010den\u00ed 42. ro\u010dn\u00edku dakarsk\u00e9 rally podlehl motocyklista Edwin Straver n\u00e1sledk\u016fm hav\u00e1rie, k n\u00ed\u017e do\u0161lo minul\u00fd \u010dtvrtek v p\u0159edposledn\u00ed etap\u011b sout\u011b\u017ee.","robots":{"index":"index","follow":"follow","max-snippet":"max-snippet:-1","max-image-preview":"max-image-preview:large","max-video-preview":"max-video-preview:-1"},"canonical":"https:\/\/www.dakarmania.cz\/index.php\/2020\/01\/24\/dakar-2020-ma-druhou-obet\/","og_locale":"cs_CZ","og_type":"article","og_title":"Dakar 2020 m\u00e1 druhou ob\u011b\u0165 - DAKARMANIA.cz","og_description":"T\u00fdden po skon\u010den\u00ed 42. ro\u010dn\u00edku dakarsk\u00e9 rally podlehl motocyklista Edwin Straver n\u00e1sledk\u016fm hav\u00e1rie, k n\u00ed\u017e do\u0161lo minul\u00fd \u010dtvrtek v p\u0159edposledn\u00ed etap\u011b sout\u011b\u017ee.","og_url":"https:\/\/www.dakarmania.cz\/index.php\/2020\/01\/24\/dakar-2020-ma-druhou-obet\/","og_site_name":"DAKARMANIA.cz","article_publisher":"https:\/\/www.facebook.com\/dakarmania\/","article_published_time":"2020-01-24T13:45:45+00:00","article_modified_time":"2020-01-24T13:50:13+00:00","og_image":[{"width":1024,"height":683,"url":"https:\/\/www.dakarmania.cz\/wp-content\/uploads\/2020\/01\/20-dakar-straver-01.jpg","type":"image\/jpeg"}],"author":"Zden\u011bk Zelenka","twitter_card":"summary_large_image","twitter_misc":{"Napsal(a)":"Zden\u011bk Zelenka","Odhadovan\u00e1 doba \u010dten\u00ed":"2 minuty"},"schema":{"@context":"https:\/\/schema.org","@graph":[{"@type":"Article","@id":"https:\/\/www.dakarmania.cz\/index.php\/2020\/01\/24\/dakar-2020-ma-druhou-obet\/#article","isPartOf":{"@id":"https:\/\/www.dakarmania.cz\/index.php\/2020\/01\/24\/dakar-2020-ma-druhou-obet\/"},"author":{"name":"Zden\u011bk Zelenka","@id":"https:\/\/www.dakarmania.cz\/#\/schema\/person\/04eb0e87a389631c2169c0dddae7ff1e"},"headline":"Dakar 2020 m\u00e1 druhou ob\u011b\u0165","datePublished":"2020-01-24T13:45:45+00:00","dateModified":"2020-01-24T13:50:13+00:00","mainEntityOfPage":{"@id":"https:\/\/www.dakarmania.cz\/index.php\/2020\/01\/24\/dakar-2020-ma-druhou-obet\/"},"wordCount":357,"commentCount":0,"publisher":{"@id":"https:\/\/www.dakarmania.cz\/#organization"},"image":{"@id":"https:\/\/www.dakarmania.cz\/index.php\/2020\/01\/24\/dakar-2020-ma-druhou-obet\/#primaryimage"},"thumbnailUrl":"https:\/\/www.dakarmania.cz\/wp-content\/uploads\/2020\/01\/20-dakar-straver-01.jpg","keywords":["2020","Dakar","Dakar 2020","Edwin Straver"],"articleSection":["Dakar 2020","Moto\/Quad"],"inLanguage":"cs","potentialAction":[{"@type":"CommentAction","name":"Comment","target":["https:\/\/www.dakarmania.cz\/index.php\/2020\/01\/24\/dakar-2020-ma-druhou-obet\/#respond"]}]},{"@type":"WebPage","@id":"https:\/\/www.dakarmania.cz\/index.php\/2020\/01\/24\/dakar-2020-ma-druhou-obet\/","url":"https:\/\/www.dakarmania.cz\/index.php\/2020\/01\/24\/dakar-2020-ma-druhou-obet\/","name":"Dakar 2020 m\u00e1 druhou ob\u011b\u0165 - DAKARMANIA.cz","isPartOf":{"@id":"https:\/\/www.dakarmania.cz\/#website"},"primaryImageOfPage":{"@id":"https:\/\/www.dakarmania.cz\/index.php\/2020\/01\/24\/dakar-2020-ma-druhou-obet\/#primaryimage"},"image":{"@id":"https:\/\/www.dakarmania.cz\/index.php\/2020\/01\/24\/dakar-2020-ma-druhou-obet\/#primaryimage"},"thumbnailUrl":"https:\/\/www.dakarmania.cz\/wp-content\/uploads\/2020\/01\/20-dakar-straver-01.jpg","datePublished":"2020-01-24T13:45:45+00:00","dateModified":"2020-01-24T13:50:13+00:00","description":"T\u00fdden po skon\u010den\u00ed 42. ro\u010dn\u00edku dakarsk\u00e9 rally podlehl motocyklista Edwin Straver n\u00e1sledk\u016fm hav\u00e1rie, k n\u00ed\u017e do\u0161lo minul\u00fd \u010dtvrtek v p\u0159edposledn\u00ed etap\u011b sout\u011b\u017ee.","breadcrumb":{"@id":"https:\/\/www.dakarmania.cz\/index.php\/2020\/01\/24\/dakar-2020-ma-druhou-obet\/#breadcrumb"},"inLanguage":"cs","potentialAction":[{"@type":"ReadAction","target":["https:\/\/www.dakarmania.cz\/index.php\/2020\/01\/24\/dakar-2020-ma-druhou-obet\/"]}]},{"@type":"ImageObject","inLanguage":"cs","@id":"https:\/\/www.dakarmania.cz\/index.php\/2020\/01\/24\/dakar-2020-ma-druhou-obet\/#primaryimage","url":"https:\/\/www.dakarmania.cz\/wp-content\/uploads\/2020\/01\/20-dakar-straver-01.jpg","contentUrl":"https:\/\/www.dakarmania.cz\/wp-content\/uploads\/2020\/01\/20-dakar-straver-01.jpg","width":1024,"height":683,"caption":"Edwin Straver v maratonsk\u00e9m bivaku po 10. etap\u011b Rally Dakar 2020. \u00a9 ASO\/DPPI"},{"@type":"BreadcrumbList","@id":"https:\/\/www.dakarmania.cz\/index.php\/2020\/01\/24\/dakar-2020-ma-druhou-obet\/#breadcrumb","itemListElement":[{"@type":"ListItem","position":1,"name":"Dom\u016f","item":"https:\/\/www.dakarmania.cz\/"},{"@type":"ListItem","position":2,"name":"Dakar 2020 m\u00e1 druhou ob\u011b\u0165"}]},{"@type":"WebSite","@id":"https:\/\/www.dakarmania.cz\/#website","url":"https:\/\/www.dakarmania.cz\/","name":"DAKARMANIA.cz","description":"\u017dijeme Dakarem cel\u00fd rok","publisher":{"@id":"https:\/\/www.dakarmania.cz\/#organization"},"potentialAction":[{"@type":"SearchAction","target":{"@type":"EntryPoint","urlTemplate":"https:\/\/www.dakarmania.cz\/?s={search_term_string}"},"query-input":{"@type":"PropertyValueSpecification","valueRequired":true,"valueName":"search_term_string"}}],"inLanguage":"cs"},{"@type":"Organization","@id":"https:\/\/www.dakarmania.cz\/#organization","name":"DAKAR MANIA","url":"https:\/\/www.dakarmania.cz\/","logo":{"@type":"ImageObject","inLanguage":"cs","@id":"https:\/\/www.dakarmania.cz\/#\/schema\/logo\/image\/","url":"https:\/\/www.dakarmania.cz\/wp-content\/uploads\/2018\/12\/Dakar-Mania-Logo-Square-Orange.png","contentUrl":"https:\/\/www.dakarmania.cz\/wp-content\/uploads\/2018\/12\/Dakar-Mania-Logo-Square-Orange.png","width":992,"height":992,"caption":"DAKAR MANIA"},"image":{"@id":"https:\/\/www.dakarmania.cz\/#\/schema\/logo\/image\/"},"sameAs":["https:\/\/www.facebook.com\/dakarmania\/"]},{"@type":"Person","@id":"https:\/\/www.dakarmania.cz\/#\/schema\/person\/04eb0e87a389631c2169c0dddae7ff1e","name":"Zden\u011bk Zelenka","image":{"@type":"ImageObject","inLanguage":"cs","@id":"https:\/\/www.dakarmania.cz\/#\/schema\/person\/image\/","url":"https:\/\/secure.gravatar.com\/avatar\/2c80d5a4942fe0900b73cc7d3837a509d6ee0a276a2b76dac95c92bd0763a89b?s=96&d=mm&r=g","contentUrl":"https:\/\/secure.gravatar.com\/avatar\/2c80d5a4942fe0900b73cc7d3837a509d6ee0a276a2b76dac95c92bd0763a89b?s=96&d=mm&r=g","caption":"Zden\u011bk Zelenka"},"description":"Moji d\u011bt\u0161t\u00ed hrdinov\u00e9 se jmenovali Loprais, Moskal, Neveu, Vatanen, Rahier... A tihle borci, jejich n\u00e1sledovn\u00edci a jejich p\u0159\u00edb\u011bhy m\u011b nep\u0159estali fascinovat ani po letech, kdy jsem vyrostl a zam\u011bstn\u00e1valy m\u011b jin\u00e9 discipl\u00edny motorsportu. Proto se zrodila DAKARMANIA.","url":"https:\/\/www.dakarmania.cz\/index.php\/author\/dakarmania\/"}]}},"amp_enabled":true,"_links":{"self":[{"href":"https:\/\/www.dakarmania.cz\/index.php\/wp-json\/wp\/v2\/posts\/15260","targetHints":{"allow":["GET"]}}],"collection":[{"href":"https:\/\/www.dakarmania.cz\/index.php\/wp-json\/wp\/v2\/posts"}],"about":[{"href":"https:\/\/www.dakarmania.cz\/index.php\/wp-json\/wp\/v2\/types\/post"}],"author":[{"embeddable":true,"href":"https:\/\/www.dakarmania.cz\/index.php\/wp-json\/wp\/v2\/users\/1"}],"replies":[{"embeddable":true,"href":"https:\/\/www.dakarmania.cz\/index.php\/wp-json\/wp\/v2\/comments?post=15260"}],"version-history":[{"count":3,"href":"https:\/\/www.dakarmania.cz\/index.php\/wp-json\/wp\/v2\/posts\/15260\/revisions"}],"predecessor-version":[{"id":15265,"href":"https:\/\/www.dakarmania.cz\/index.php\/wp-json\/wp\/v2\/posts\/15260\/revisions\/15265"}],"wp:featuredmedia":[{"embeddable":true,"href":"https:\/\/www.dakarmania.cz\/index.php\/wp-json\/wp\/v2\/media\/15262"}],"wp:attachment":[{"href":"https:\/\/www.dakarmania.cz\/index.php\/wp-json\/wp\/v2\/media?parent=15260"}],"wp:term":[{"taxonomy":"category","embeddable":true,"href":"https:\/\/www.dakarmania.cz\/index.php\/wp-json\/wp\/v2\/categories?post=15260"},{"taxonomy":"post_tag","embeddable":true,"href":"https:\/\/www.dakarmania.cz\/index.php\/wp-json\/wp\/v2\/tags?post=15260"}],"curies":[{"name":"wp","href":"https:\/\/api.w.org\/{rel}","templated":true}]}}