{"id":15269,"date":"2020-01-25T13:12:34","date_gmt":"2020-01-25T12:12:34","guid":{"rendered":"https:\/\/www.dakarmania.cz\/?p=15269"},"modified":"2020-03-27T21:56:54","modified_gmt":"2020-03-27T20:56:54","slug":"martin-prokop-a-buggy","status":"publish","type":"post","link":"https:\/\/www.dakarmania.cz\/index.php\/2020\/01\/25\/martin-prokop-a-buggy\/","title":{"rendered":"Martin Prokop a buggy: Tu nab\u00eddku m\u00e1m"},"content":{"rendered":"<p>[vc_row][vc_column][vc_column_text css_animation=&#8221;fadeIn&#8221;]<\/p>\n<h3>Na rozd\u00edl od dvou p\u0159edchoz\u00edch let se Martin Prokop se sv\u00fdm Fordem Raptor RS Cross-Country v kone\u010dn\u00fdch v\u00fdsledc\u00edch Rally Dakar 2020 do elitn\u00ed des\u00edtky neprosadil. Sa\u00fadskoarabsk\u00e9 trat\u011b se spoustou dlouh\u00fdch rychl\u00fdch \u00fasek\u016f sv\u011bd\u010dily v\u00edce leh\u010d\u00edm bugin\u00e1m s jedinou poh\u00e1n\u011bnou n\u00e1pravou ne\u017e voz\u016fm s pohonem v\u0161ech kol. T\u00fdm MP-Sports proto \u0159e\u0161\u00ed, jak se se situac\u00ed a novou destinac\u00ed vyrovnat.<\/h3>\n<p>[\/vc_column_text][vc_single_image image=&#8221;15267&#8243; img_size=&#8221;large&#8221; add_caption=&#8221;yes&#8221; alignment=&#8221;center&#8221; onclick=&#8221;link_image&#8221; css_animation=&#8221;fadeIn&#8221;][vc_column_text css_animation=&#8221;fadeIn&#8221;]Po s\u00e9rii necht\u011bn\u00fdch kotrmelc\u016f na \u0159\u00edjnov\u00e9 <a href=\"\/index.php\/souteze\/maroc-2019\/\">Rallye du Maroc<\/a> p\u0159i\u0161el <a href=\"\/index.php\/osobnosti\/martin-prokop\/\">Martin Prokop<\/a> o v\u016fz p\u0159ipraven\u00fd na <a href=\"\/index.php\/souteze\/dakar-2020\/\">Dakar<\/a> a v jihlavsk\u00fdch d\u00edln\u00e1ch se narychlo stav\u011bl nov\u00fd speci\u00e1l. Sedmat\u0159icetilet\u00fd z\u00e1vodn\u00edk nav\u00edc musel hledat z\u00e1skok za zran\u011bn\u00e9ho navig\u00e1tora <a href=\"\/index.php\/osobnosti\/jan-tomanek\/\">Jana Tom\u00e1nka<\/a>. A veleto\u010d\u016fm posledn\u00edch m\u011bs\u00edc\u016f po\u0159\u00e1d je\u0161t\u011b nebyl konec.<\/p>\n<p>Hav\u00e1rie <a href=\"\/index.php\/osobnosti\/martin-kolomy\/\">Martina Kolom\u00e9ho<\/a>, k n\u00ed\u017e do\u0161lo na shakedownu dva dny p\u0159ed startem prvn\u00edho sa\u00fadskoarabsk\u00e9ho ro\u010dn\u00edku dakarsk\u00e9 rally, p\u0159ipravila MP-Sports o v\u016fz a pos\u00e1dku, kter\u00e1 m\u011bla b\u00fdt v p\u0159\u00edpad\u011b jak\u00fdchkoliv probl\u00e9m\u016f Prokopovi a jeho spolujezdci <a href=\"\/index.php\/osobnosti\/viktor-chytka\/\">Viktoru Chytkovi<\/a> k ruce. Za dan\u00fdch okolnost\u00ed by spousta z\u00e1vodn\u00edk\u016f pova\u017eovala um\u00edst\u011bn\u00ed bl\u00edzko bran prvn\u00ed des\u00edtky za \u00fasp\u011bch.<\/p>\n<p><em>\u201eJ\u00e1 ho ale moc neberu, proto\u017ee m\u011b mrz\u00ed pr\u016fb\u011bh z\u00e1vodu. Fajn, jsme v c\u00edli, ale na nic jsem si nes\u00e1hl,\u201c<\/em> vysv\u011btluje <strong>Martin Prokop<\/strong>. <em>\u201e\u010casto jsme s Viktorem p\u0159ij\u00ed\u017ed\u011bli do c\u00edle a \u0159\u00edkali si, \u017ee dneska to bylo dobr\u00e9, ale v\u00fdsledek zase dobr\u00fd nebyl. Proto leto\u0161n\u00ed v\u00fdsledek nevn\u00edm\u00e1m jako \u00fasp\u011bch. Loni jsme se jinak tetelili radost\u00ed. Ale na druhou stranu je asi spr\u00e1vn\u011b za\u017e\u00edt si n\u011bjak\u00fd ten ne\u00fasp\u011bch. Ur\u010dit\u011b je to sp\u00ed\u0161 motivace, abychom n\u011bco vylep\u0161ili. Mus\u00edme b\u00fdt p\u0159ipraveni, kdyby se i dal\u0161\u00ed Dakar jel v t\u00e9hle podob\u011b.\u201c<\/em>[\/vc_column_text][vc_single_image image=&#8221;15450&#8243; img_size=&#8221;large&#8221; add_caption=&#8221;yes&#8221; alignment=&#8221;center&#8221; onclick=&#8221;custom_link&#8221; img_link_target=&#8221;_blank&#8221; css_animation=&#8221;fadeIn&#8221; link=&#8221;http:\/\/eshop.dakarmania.cz\/&#8221;][vc_column_text css_animation=&#8221;fadeIn&#8221;]<\/p>\n<h4>Jako n\u016f\u017e m\u00e1slem<\/h4>\n<p>Charakter sout\u011b\u017ee vyhovoval p\u0159edev\u0161\u00edm bugin\u00e1m, kter\u00e9 jsou na rozd\u00edl od \u010dty\u0159kolek leh\u010d\u00ed, jejich restriktory s\u00e1n\u00ed vzduchu maj\u00ed v\u011bt\u0161\u00ed pr\u016fm\u011br, ale technick\u00e9 p\u0159edpisy jim povoluj\u00ed tak\u00e9 odli\u0161nosti v oblasti podvozku a dal\u0161\u00edch d\u016fle\u017eit\u00fdch detailech. <a href=\"\/index.php\/osobnosti\/carlos-sainz\/\">Carlos Sainz<\/a> a <a href=\"\/index.php\/osobnosti\/stephane-peterhansel\/\">St\u00e9phane Peterhansel<\/a> s tov\u00e1rn\u00edmi Mini JCW Buggy vyhr\u00e1li dohromady osm ze dvan\u00e1cti etap, \u0160pan\u011bl zv\u00edt\u011bzil i v celkov\u00e9m hodnocen\u00ed a Francouz dojel do c\u00edle jako t\u0159et\u00ed.<\/p>\n<p><em>\u201eN\u011bjak\u00fdm zp\u016fsobem leto\u0161n\u00ed Dakar bugin\u00e1m ur\u010dit\u011b nahr\u00e1val. V\u017edy\u0165 i Serradori dok\u00e1zal s tou svou potvorou vyhr\u00e1t etapu,\u201c<\/em> zmi\u0148uje jihlavsk\u00fd rod\u00e1k francouzsk\u00e9ho soupe\u0159e, kter\u00fd s buggy Century CR6 dok\u00e1zal na za\u010d\u00e1tku druh\u00e9 poloviny sout\u011b\u017ee jako prvn\u00ed \u201esoukromn\u00edk\u201c od roku 1988 vyhr\u00e1t n\u011bkterou z dakarsk\u00fdch etap v kategorii automobil\u016f. <em>\u201eKdy\u017e n\u00e1s p\u0159edj\u00ed\u017ed\u011bl, bylo \u00fa\u017easn\u00e9 sledovat, co to auto d\u011blalo. A proklouzl p\u0159ed n\u00e1s jako n\u016f\u017e m\u00e1slem.\u201c<\/em><\/p>\n<h4>Na zku\u0161enou do Ji\u017en\u00ed Afriky<\/h4>\n<p>I proto Martina Prokopa svezen\u00ed s dakarskou buginou l\u00e1k\u00e1 a v n\u00e1sleduj\u00edc\u00edch m\u011bs\u00edc\u00edch by m\u011bl zam\u00ed\u0159it do Johannesburgu, kde se speci\u00e1ly Century stav\u00ed.[\/vc_column_text][vc_single_image image=&#8221;15268&#8243; img_size=&#8221;large&#8221; add_caption=&#8221;yes&#8221; alignment=&#8221;center&#8221; onclick=&#8221;link_image&#8221; css_animation=&#8221;fadeIn&#8221;][vc_column_text css_animation=&#8221;fadeIn&#8221;]<em>\u201eTu nab\u00eddku od Serradoriho, respektive od jeho t\u00fdmu m\u00e1m,\u201c<\/em> potvrzuje Prokop. <em>\u201eJsou hrozn\u011b v pohod\u011b a pozvali m\u011b, abych si to zkusil. \u0158\u00edkali, \u017ee bude sranda, \u017ee stejn\u011b jezd\u00ed skoro ka\u017ed\u00fd den, proto\u017ee hned za d\u00edlnou maj\u00ed nekone\u010dn\u00e9 mo\u017enosti. Bylo by dobr\u00e9 za\u017e\u00edt to a aspo\u0148 v\u011bd\u011bt, s k\u00fdm m\u00e1me co do \u010din\u011bn\u00ed. Tak\u017ee jejich nab\u00eddky asi vyu\u017eijeme a pojedeme se do Ji\u017en\u00ed Afriky povozit.\u201c<\/em><\/p>\n<p><em>\u201eAle je sp\u00ed\u0161 na Dakaru a FIA, aby pravidla ud\u011blaly vyrovnan\u00e1. Nem\u016f\u017eou m\u00edt jednu kategorii rychlej\u0161\u00ed ne\u017e druhou. Je to na nich, my to nevymysl\u00edme a nejsme schopn\u00ed j\u00edt touto cestou. Vydali jsme se n\u011bjak\u00fdm sm\u011brem. Mysl\u00edm, \u017ee jsem u\u017e i dost star\u00fd na to, abychom ztratili t\u0159i \u010dty\u0159i roky v\u00fdvojem buginy. I lid\u00e9 od Serradoriho \u0159\u00edkali, \u017ee jim trvalo \u010dty\u0159i roky, ne\u017e auto za\u010dalo m\u00edt n\u011bjak\u00e9 v\u00fdsledky. A tohle asi nechci podstoupit,\u201c<\/em> uzav\u00edr\u00e1 Prokop.<\/p>\n<p><strong>Na co se bude MP-Sports nyn\u00ed soust\u0159edit p\u0159i v\u00fdvoji vlastn\u00edho speci\u00e1lu? Na \u010dem bude nejv\u00edc pracovat? Jak sv\u016fj prvn\u00ed Dakar po boku Martina Prokopa vn\u00edmal Viktor Chytka? A \u010d\u00edm mohli u\u0161et\u0159it minuty, kter\u00e9 je nakonec nejsp\u00ed\u0161 p\u0159ipravily o prvn\u00ed des\u00edtku?<\/strong><\/p>\n<h4>Odpov\u011bdi nejen na tyto ot\u00e1zky naleznete v obs\u00e1hl\u00fdch rozhovorech s ob\u011bma \u010dleny pos\u00e1dky v magaz\u00ednu <a href=\"http:\/\/eshop.dakarmania.cz\/\" target=\"_blank\" rel=\"noopener noreferrer\">DAKARMANIA #1<\/a>.<\/h4>\n<p>[\/vc_column_text][vc_empty_space height=&#8221;2px&#8221;][\/vc_column][\/vc_row]<\/p>\n","protected":false},"excerpt":{"rendered":"<p>Na rozd\u00edl od dvou p\u0159edchoz\u00edch let se Martin Prokop se sv\u00fdm Fordem Raptor RS v kone\u010dn\u00fdch v\u00fdsledc\u00edch Rally Dakar 2020 do elitn\u00ed des\u00edtky neprosadil.<\/p>\n","protected":false},"author":1,"featured_media":15271,"comment_status":"open","ping_status":"closed","sticky":false,"template":"","format":"standard","meta":{"footnotes":""},"categories":[3,251],"tags":[903,1302,1671,8,159,11,5,4,657],"class_list":["post-15269","post","type-post","status-publish","format-standard","has-post-thumbnail","hentry","category-auto","category-dakar-2020","tag-903","tag-century","tag-century-buggy","tag-dakar","tag-dakar-2020","tag-ford","tag-martin-prokop","tag-mp-sports","tag-viktor-chytka"],"yoast_head":"<!-- This site is optimized with the Yoast SEO plugin v24.9 - https:\/\/yoast.com\/wordpress\/plugins\/seo\/ -->\n<title>Martin Prokop a buggy: Tu nab\u00eddku m\u00e1m - DAKARMANIA.cz<\/title>\n<meta name=\"description\" content=\"Na rozd\u00edl od dvou p\u0159edchoz\u00edch let se Martin Prokop se sv\u00fdm Fordem Raptor RS v kone\u010dn\u00fdch v\u00fdsledc\u00edch Rally Dakar 2020 do elitn\u00ed des\u00edtky neprosadil.\" \/>\n<meta name=\"robots\" content=\"index, follow, max-snippet:-1, max-image-preview:large, max-video-preview:-1\" \/>\n<link rel=\"canonical\" href=\"https:\/\/www.dakarmania.cz\/index.php\/2020\/01\/25\/martin-prokop-a-buggy\/\" \/>\n<meta property=\"og:locale\" content=\"cs_CZ\" \/>\n<meta property=\"og:type\" content=\"article\" \/>\n<meta property=\"og:title\" content=\"Martin Prokop a buggy: Tu nab\u00eddku m\u00e1m - DAKARMANIA.cz\" \/>\n<meta property=\"og:description\" content=\"Na rozd\u00edl od dvou p\u0159edchoz\u00edch let se Martin Prokop se sv\u00fdm Fordem Raptor RS v kone\u010dn\u00fdch v\u00fdsledc\u00edch Rally Dakar 2020 do elitn\u00ed des\u00edtky neprosadil.\" \/>\n<meta property=\"og:url\" content=\"https:\/\/www.dakarmania.cz\/index.php\/2020\/01\/25\/martin-prokop-a-buggy\/\" \/>\n<meta property=\"og:site_name\" content=\"DAKARMANIA.cz\" \/>\n<meta property=\"article:publisher\" content=\"https:\/\/www.facebook.com\/dakarmania\/\" \/>\n<meta property=\"article:published_time\" content=\"2020-01-25T12:12:34+00:00\" \/>\n<meta property=\"article:modified_time\" content=\"2020-03-27T20:56:54+00:00\" \/>\n<meta property=\"og:image\" content=\"https:\/\/www.dakarmania.cz\/wp-content\/uploads\/2020\/01\/prokop-bugina-02.jpg\" \/>\n\t<meta property=\"og:image:width\" content=\"1024\" \/>\n\t<meta property=\"og:image:height\" content=\"685\" \/>\n\t<meta property=\"og:image:type\" content=\"image\/jpeg\" \/>\n<meta name=\"author\" content=\"Zden\u011bk Zelenka\" \/>\n<meta name=\"twitter:card\" content=\"summary_large_image\" \/>\n<meta name=\"twitter:label1\" content=\"Napsal(a)\" \/>\n\t<meta name=\"twitter:data1\" content=\"Zden\u011bk Zelenka\" \/>\n\t<meta name=\"twitter:label2\" content=\"Odhadovan\u00e1 doba \u010dten\u00ed\" \/>\n\t<meta name=\"twitter:data2\" content=\"5 minut\" \/>\n<script type=\"application\/ld+json\" class=\"yoast-schema-graph\">{\"@context\":\"https:\/\/schema.org\",\"@graph\":[{\"@type\":\"Article\",\"@id\":\"https:\/\/www.dakarmania.cz\/index.php\/2020\/01\/25\/martin-prokop-a-buggy\/#article\",\"isPartOf\":{\"@id\":\"https:\/\/www.dakarmania.cz\/index.php\/2020\/01\/25\/martin-prokop-a-buggy\/\"},\"author\":{\"name\":\"Zden\u011bk Zelenka\",\"@id\":\"https:\/\/www.dakarmania.cz\/#\/schema\/person\/04eb0e87a389631c2169c0dddae7ff1e\"},\"headline\":\"Martin Prokop a buggy: Tu nab\u00eddku m\u00e1m\",\"datePublished\":\"2020-01-25T12:12:34+00:00\",\"dateModified\":\"2020-03-27T20:56:54+00:00\",\"mainEntityOfPage\":{\"@id\":\"https:\/\/www.dakarmania.cz\/index.php\/2020\/01\/25\/martin-prokop-a-buggy\/\"},\"wordCount\":943,\"commentCount\":0,\"publisher\":{\"@id\":\"https:\/\/www.dakarmania.cz\/#organization\"},\"image\":{\"@id\":\"https:\/\/www.dakarmania.cz\/index.php\/2020\/01\/25\/martin-prokop-a-buggy\/#primaryimage\"},\"thumbnailUrl\":\"https:\/\/www.dakarmania.cz\/wp-content\/uploads\/2020\/01\/prokop-bugina-02.jpg\",\"keywords\":[\"2020\",\"Century\",\"Century Buggy\",\"Dakar\",\"Dakar 2020\",\"Ford\",\"Martin Prokop\",\"MP-Sports\",\"Viktor Chytka\"],\"articleSection\":[\"Auto\",\"Dakar 2020\"],\"inLanguage\":\"cs\",\"potentialAction\":[{\"@type\":\"CommentAction\",\"name\":\"Comment\",\"target\":[\"https:\/\/www.dakarmania.cz\/index.php\/2020\/01\/25\/martin-prokop-a-buggy\/#respond\"]}]},{\"@type\":\"WebPage\",\"@id\":\"https:\/\/www.dakarmania.cz\/index.php\/2020\/01\/25\/martin-prokop-a-buggy\/\",\"url\":\"https:\/\/www.dakarmania.cz\/index.php\/2020\/01\/25\/martin-prokop-a-buggy\/\",\"name\":\"Martin Prokop a buggy: Tu nab\u00eddku m\u00e1m - DAKARMANIA.cz\",\"isPartOf\":{\"@id\":\"https:\/\/www.dakarmania.cz\/#website\"},\"primaryImageOfPage\":{\"@id\":\"https:\/\/www.dakarmania.cz\/index.php\/2020\/01\/25\/martin-prokop-a-buggy\/#primaryimage\"},\"image\":{\"@id\":\"https:\/\/www.dakarmania.cz\/index.php\/2020\/01\/25\/martin-prokop-a-buggy\/#primaryimage\"},\"thumbnailUrl\":\"https:\/\/www.dakarmania.cz\/wp-content\/uploads\/2020\/01\/prokop-bugina-02.jpg\",\"datePublished\":\"2020-01-25T12:12:34+00:00\",\"dateModified\":\"2020-03-27T20:56:54+00:00\",\"description\":\"Na rozd\u00edl od dvou p\u0159edchoz\u00edch let se Martin Prokop se sv\u00fdm Fordem Raptor RS v kone\u010dn\u00fdch v\u00fdsledc\u00edch Rally Dakar 2020 do elitn\u00ed des\u00edtky neprosadil.\",\"breadcrumb\":{\"@id\":\"https:\/\/www.dakarmania.cz\/index.php\/2020\/01\/25\/martin-prokop-a-buggy\/#breadcrumb\"},\"inLanguage\":\"cs\",\"potentialAction\":[{\"@type\":\"ReadAction\",\"target\":[\"https:\/\/www.dakarmania.cz\/index.php\/2020\/01\/25\/martin-prokop-a-buggy\/\"]}]},{\"@type\":\"ImageObject\",\"inLanguage\":\"cs\",\"@id\":\"https:\/\/www.dakarmania.cz\/index.php\/2020\/01\/25\/martin-prokop-a-buggy\/#primaryimage\",\"url\":\"https:\/\/www.dakarmania.cz\/wp-content\/uploads\/2020\/01\/prokop-bugina-02.jpg\",\"contentUrl\":\"https:\/\/www.dakarmania.cz\/wp-content\/uploads\/2020\/01\/prokop-bugina-02.jpg\",\"width\":1024,\"height\":685,\"caption\":\"Century CR6 & Martin Prokop. Foto: ASO & MP-Sports\"},{\"@type\":\"BreadcrumbList\",\"@id\":\"https:\/\/www.dakarmania.cz\/index.php\/2020\/01\/25\/martin-prokop-a-buggy\/#breadcrumb\",\"itemListElement\":[{\"@type\":\"ListItem\",\"position\":1,\"name\":\"Dom\u016f\",\"item\":\"https:\/\/www.dakarmania.cz\/\"},{\"@type\":\"ListItem\",\"position\":2,\"name\":\"Martin Prokop a buggy: Tu nab\u00eddku m\u00e1m\"}]},{\"@type\":\"WebSite\",\"@id\":\"https:\/\/www.dakarmania.cz\/#website\",\"url\":\"https:\/\/www.dakarmania.cz\/\",\"name\":\"DAKARMANIA.cz\",\"description\":\"\u017dijeme Dakarem cel\u00fd rok\",\"publisher\":{\"@id\":\"https:\/\/www.dakarmania.cz\/#organization\"},\"potentialAction\":[{\"@type\":\"SearchAction\",\"target\":{\"@type\":\"EntryPoint\",\"urlTemplate\":\"https:\/\/www.dakarmania.cz\/?s={search_term_string}\"},\"query-input\":{\"@type\":\"PropertyValueSpecification\",\"valueRequired\":true,\"valueName\":\"search_term_string\"}}],\"inLanguage\":\"cs\"},{\"@type\":\"Organization\",\"@id\":\"https:\/\/www.dakarmania.cz\/#organization\",\"name\":\"DAKAR MANIA\",\"url\":\"https:\/\/www.dakarmania.cz\/\",\"logo\":{\"@type\":\"ImageObject\",\"inLanguage\":\"cs\",\"@id\":\"https:\/\/www.dakarmania.cz\/#\/schema\/logo\/image\/\",\"url\":\"https:\/\/www.dakarmania.cz\/wp-content\/uploads\/2018\/12\/Dakar-Mania-Logo-Square-Orange.png\",\"contentUrl\":\"https:\/\/www.dakarmania.cz\/wp-content\/uploads\/2018\/12\/Dakar-Mania-Logo-Square-Orange.png\",\"width\":992,\"height\":992,\"caption\":\"DAKAR MANIA\"},\"image\":{\"@id\":\"https:\/\/www.dakarmania.cz\/#\/schema\/logo\/image\/\"},\"sameAs\":[\"https:\/\/www.facebook.com\/dakarmania\/\"]},{\"@type\":\"Person\",\"@id\":\"https:\/\/www.dakarmania.cz\/#\/schema\/person\/04eb0e87a389631c2169c0dddae7ff1e\",\"name\":\"Zden\u011bk Zelenka\",\"image\":{\"@type\":\"ImageObject\",\"inLanguage\":\"cs\",\"@id\":\"https:\/\/www.dakarmania.cz\/#\/schema\/person\/image\/\",\"url\":\"https:\/\/secure.gravatar.com\/avatar\/2c80d5a4942fe0900b73cc7d3837a509d6ee0a276a2b76dac95c92bd0763a89b?s=96&d=mm&r=g\",\"contentUrl\":\"https:\/\/secure.gravatar.com\/avatar\/2c80d5a4942fe0900b73cc7d3837a509d6ee0a276a2b76dac95c92bd0763a89b?s=96&d=mm&r=g\",\"caption\":\"Zden\u011bk Zelenka\"},\"description\":\"Moji d\u011bt\u0161t\u00ed hrdinov\u00e9 se jmenovali Loprais, Moskal, Neveu, Vatanen, Rahier... A tihle borci, jejich n\u00e1sledovn\u00edci a jejich p\u0159\u00edb\u011bhy m\u011b nep\u0159estali fascinovat ani po letech, kdy jsem vyrostl a zam\u011bstn\u00e1valy m\u011b jin\u00e9 discipl\u00edny motorsportu. Proto se zrodila DAKARMANIA.\",\"url\":\"https:\/\/www.dakarmania.cz\/index.php\/author\/dakarmania\/\"}]}<\/script>\n<!-- \/ Yoast SEO plugin. -->","yoast_head_json":{"title":"Martin Prokop a buggy: Tu nab\u00eddku m\u00e1m - DAKARMANIA.cz","description":"Na rozd\u00edl od dvou p\u0159edchoz\u00edch let se Martin Prokop se sv\u00fdm Fordem Raptor RS v kone\u010dn\u00fdch v\u00fdsledc\u00edch Rally Dakar 2020 do elitn\u00ed des\u00edtky neprosadil.","robots":{"index":"index","follow":"follow","max-snippet":"max-snippet:-1","max-image-preview":"max-image-preview:large","max-video-preview":"max-video-preview:-1"},"canonical":"https:\/\/www.dakarmania.cz\/index.php\/2020\/01\/25\/martin-prokop-a-buggy\/","og_locale":"cs_CZ","og_type":"article","og_title":"Martin Prokop a buggy: Tu nab\u00eddku m\u00e1m - DAKARMANIA.cz","og_description":"Na rozd\u00edl od dvou p\u0159edchoz\u00edch let se Martin Prokop se sv\u00fdm Fordem Raptor RS v kone\u010dn\u00fdch v\u00fdsledc\u00edch Rally Dakar 2020 do elitn\u00ed des\u00edtky neprosadil.","og_url":"https:\/\/www.dakarmania.cz\/index.php\/2020\/01\/25\/martin-prokop-a-buggy\/","og_site_name":"DAKARMANIA.cz","article_publisher":"https:\/\/www.facebook.com\/dakarmania\/","article_published_time":"2020-01-25T12:12:34+00:00","article_modified_time":"2020-03-27T20:56:54+00:00","og_image":[{"width":1024,"height":685,"url":"https:\/\/www.dakarmania.cz\/wp-content\/uploads\/2020\/01\/prokop-bugina-02.jpg","type":"image\/jpeg"}],"author":"Zden\u011bk Zelenka","twitter_card":"summary_large_image","twitter_misc":{"Napsal(a)":"Zden\u011bk Zelenka","Odhadovan\u00e1 doba \u010dten\u00ed":"5 minut"},"schema":{"@context":"https:\/\/schema.org","@graph":[{"@type":"Article","@id":"https:\/\/www.dakarmania.cz\/index.php\/2020\/01\/25\/martin-prokop-a-buggy\/#article","isPartOf":{"@id":"https:\/\/www.dakarmania.cz\/index.php\/2020\/01\/25\/martin-prokop-a-buggy\/"},"author":{"name":"Zden\u011bk Zelenka","@id":"https:\/\/www.dakarmania.cz\/#\/schema\/person\/04eb0e87a389631c2169c0dddae7ff1e"},"headline":"Martin Prokop a buggy: Tu nab\u00eddku m\u00e1m","datePublished":"2020-01-25T12:12:34+00:00","dateModified":"2020-03-27T20:56:54+00:00","mainEntityOfPage":{"@id":"https:\/\/www.dakarmania.cz\/index.php\/2020\/01\/25\/martin-prokop-a-buggy\/"},"wordCount":943,"commentCount":0,"publisher":{"@id":"https:\/\/www.dakarmania.cz\/#organization"},"image":{"@id":"https:\/\/www.dakarmania.cz\/index.php\/2020\/01\/25\/martin-prokop-a-buggy\/#primaryimage"},"thumbnailUrl":"https:\/\/www.dakarmania.cz\/wp-content\/uploads\/2020\/01\/prokop-bugina-02.jpg","keywords":["2020","Century","Century Buggy","Dakar","Dakar 2020","Ford","Martin Prokop","MP-Sports","Viktor Chytka"],"articleSection":["Auto","Dakar 2020"],"inLanguage":"cs","potentialAction":[{"@type":"CommentAction","name":"Comment","target":["https:\/\/www.dakarmania.cz\/index.php\/2020\/01\/25\/martin-prokop-a-buggy\/#respond"]}]},{"@type":"WebPage","@id":"https:\/\/www.dakarmania.cz\/index.php\/2020\/01\/25\/martin-prokop-a-buggy\/","url":"https:\/\/www.dakarmania.cz\/index.php\/2020\/01\/25\/martin-prokop-a-buggy\/","name":"Martin Prokop a buggy: Tu nab\u00eddku m\u00e1m - DAKARMANIA.cz","isPartOf":{"@id":"https:\/\/www.dakarmania.cz\/#website"},"primaryImageOfPage":{"@id":"https:\/\/www.dakarmania.cz\/index.php\/2020\/01\/25\/martin-prokop-a-buggy\/#primaryimage"},"image":{"@id":"https:\/\/www.dakarmania.cz\/index.php\/2020\/01\/25\/martin-prokop-a-buggy\/#primaryimage"},"thumbnailUrl":"https:\/\/www.dakarmania.cz\/wp-content\/uploads\/2020\/01\/prokop-bugina-02.jpg","datePublished":"2020-01-25T12:12:34+00:00","dateModified":"2020-03-27T20:56:54+00:00","description":"Na rozd\u00edl od dvou p\u0159edchoz\u00edch let se Martin Prokop se sv\u00fdm Fordem Raptor RS v kone\u010dn\u00fdch v\u00fdsledc\u00edch Rally Dakar 2020 do elitn\u00ed des\u00edtky neprosadil.","breadcrumb":{"@id":"https:\/\/www.dakarmania.cz\/index.php\/2020\/01\/25\/martin-prokop-a-buggy\/#breadcrumb"},"inLanguage":"cs","potentialAction":[{"@type":"ReadAction","target":["https:\/\/www.dakarmania.cz\/index.php\/2020\/01\/25\/martin-prokop-a-buggy\/"]}]},{"@type":"ImageObject","inLanguage":"cs","@id":"https:\/\/www.dakarmania.cz\/index.php\/2020\/01\/25\/martin-prokop-a-buggy\/#primaryimage","url":"https:\/\/www.dakarmania.cz\/wp-content\/uploads\/2020\/01\/prokop-bugina-02.jpg","contentUrl":"https:\/\/www.dakarmania.cz\/wp-content\/uploads\/2020\/01\/prokop-bugina-02.jpg","width":1024,"height":685,"caption":"Century CR6 & Martin Prokop. Foto: ASO & MP-Sports"},{"@type":"BreadcrumbList","@id":"https:\/\/www.dakarmania.cz\/index.php\/2020\/01\/25\/martin-prokop-a-buggy\/#breadcrumb","itemListElement":[{"@type":"ListItem","position":1,"name":"Dom\u016f","item":"https:\/\/www.dakarmania.cz\/"},{"@type":"ListItem","position":2,"name":"Martin Prokop a buggy: Tu nab\u00eddku m\u00e1m"}]},{"@type":"WebSite","@id":"https:\/\/www.dakarmania.cz\/#website","url":"https:\/\/www.dakarmania.cz\/","name":"DAKARMANIA.cz","description":"\u017dijeme Dakarem cel\u00fd rok","publisher":{"@id":"https:\/\/www.dakarmania.cz\/#organization"},"potentialAction":[{"@type":"SearchAction","target":{"@type":"EntryPoint","urlTemplate":"https:\/\/www.dakarmania.cz\/?s={search_term_string}"},"query-input":{"@type":"PropertyValueSpecification","valueRequired":true,"valueName":"search_term_string"}}],"inLanguage":"cs"},{"@type":"Organization","@id":"https:\/\/www.dakarmania.cz\/#organization","name":"DAKAR MANIA","url":"https:\/\/www.dakarmania.cz\/","logo":{"@type":"ImageObject","inLanguage":"cs","@id":"https:\/\/www.dakarmania.cz\/#\/schema\/logo\/image\/","url":"https:\/\/www.dakarmania.cz\/wp-content\/uploads\/2018\/12\/Dakar-Mania-Logo-Square-Orange.png","contentUrl":"https:\/\/www.dakarmania.cz\/wp-content\/uploads\/2018\/12\/Dakar-Mania-Logo-Square-Orange.png","width":992,"height":992,"caption":"DAKAR MANIA"},"image":{"@id":"https:\/\/www.dakarmania.cz\/#\/schema\/logo\/image\/"},"sameAs":["https:\/\/www.facebook.com\/dakarmania\/"]},{"@type":"Person","@id":"https:\/\/www.dakarmania.cz\/#\/schema\/person\/04eb0e87a389631c2169c0dddae7ff1e","name":"Zden\u011bk Zelenka","image":{"@type":"ImageObject","inLanguage":"cs","@id":"https:\/\/www.dakarmania.cz\/#\/schema\/person\/image\/","url":"https:\/\/secure.gravatar.com\/avatar\/2c80d5a4942fe0900b73cc7d3837a509d6ee0a276a2b76dac95c92bd0763a89b?s=96&d=mm&r=g","contentUrl":"https:\/\/secure.gravatar.com\/avatar\/2c80d5a4942fe0900b73cc7d3837a509d6ee0a276a2b76dac95c92bd0763a89b?s=96&d=mm&r=g","caption":"Zden\u011bk Zelenka"},"description":"Moji d\u011bt\u0161t\u00ed hrdinov\u00e9 se jmenovali Loprais, Moskal, Neveu, Vatanen, Rahier... A tihle borci, jejich n\u00e1sledovn\u00edci a jejich p\u0159\u00edb\u011bhy m\u011b nep\u0159estali fascinovat ani po letech, kdy jsem vyrostl a zam\u011bstn\u00e1valy m\u011b jin\u00e9 discipl\u00edny motorsportu. Proto se zrodila DAKARMANIA.","url":"https:\/\/www.dakarmania.cz\/index.php\/author\/dakarmania\/"}]}},"amp_enabled":true,"_links":{"self":[{"href":"https:\/\/www.dakarmania.cz\/index.php\/wp-json\/wp\/v2\/posts\/15269","targetHints":{"allow":["GET"]}}],"collection":[{"href":"https:\/\/www.dakarmania.cz\/index.php\/wp-json\/wp\/v2\/posts"}],"about":[{"href":"https:\/\/www.dakarmania.cz\/index.php\/wp-json\/wp\/v2\/types\/post"}],"author":[{"embeddable":true,"href":"https:\/\/www.dakarmania.cz\/index.php\/wp-json\/wp\/v2\/users\/1"}],"replies":[{"embeddable":true,"href":"https:\/\/www.dakarmania.cz\/index.php\/wp-json\/wp\/v2\/comments?post=15269"}],"version-history":[{"count":2,"href":"https:\/\/www.dakarmania.cz\/index.php\/wp-json\/wp\/v2\/posts\/15269\/revisions"}],"predecessor-version":[{"id":15560,"href":"https:\/\/www.dakarmania.cz\/index.php\/wp-json\/wp\/v2\/posts\/15269\/revisions\/15560"}],"wp:featuredmedia":[{"embeddable":true,"href":"https:\/\/www.dakarmania.cz\/index.php\/wp-json\/wp\/v2\/media\/15271"}],"wp:attachment":[{"href":"https:\/\/www.dakarmania.cz\/index.php\/wp-json\/wp\/v2\/media?parent=15269"}],"wp:term":[{"taxonomy":"category","embeddable":true,"href":"https:\/\/www.dakarmania.cz\/index.php\/wp-json\/wp\/v2\/categories?post=15269"},{"taxonomy":"post_tag","embeddable":true,"href":"https:\/\/www.dakarmania.cz\/index.php\/wp-json\/wp\/v2\/tags?post=15269"}],"curies":[{"name":"wp","href":"https:\/\/api.w.org\/{rel}","templated":true}]}}