{"id":15300,"date":"2020-01-30T23:06:52","date_gmt":"2020-01-30T22:06:52","guid":{"rendered":"https:\/\/www.dakarmania.cz\/?p=15300"},"modified":"2020-03-27T21:55:52","modified_gmt":"2020-03-27T20:55:52","slug":"kolomy-urcite-do-auta","status":"publish","type":"post","link":"https:\/\/www.dakarmania.cz\/index.php\/2020\/01\/30\/kolomy-urcite-do-auta\/","title":{"rendered":"Martin Kolom\u00fd: Ur\u010dit\u011b se chci vr\u00e1tit do auta"},"content":{"rendered":"<p>[vc_row][vc_column][vc_column_text css_animation=&#8221;fadeIn&#8221;]<\/p>\n<h3>P\u0159i hav\u00e1rii na shakedownu p\u0159ed Rally Dakar 2020 utrp\u011bl Martin Kolom\u00fd zlomeninu dvou obratl\u016f. M\u00edsto premi\u00e9ry v kategorii automobil\u016f jej proto \u010dekal n\u011bkolikadenn\u00ed pobyt v rij\u00e1dsk\u00e9 nemocnici, p\u0159evoz do \u010ceska a operace v olomouck\u00e9 fakultn\u00ed nemocnici. Poran\u011bnou p\u00e1te\u0159 zpevnili odborn\u00edci z neurochirurgick\u00e9ho odd\u011blen\u00ed osmi \u0161rouby. Od p\u0159edminul\u00e9ho p\u00e1tku je brunt\u00e1lsk\u00fd jezdec doma.<\/h3>\n<p>[\/vc_column_text][vc_single_image image=&#8221;15299&#8243; img_size=&#8221;large&#8221; alignment=&#8221;center&#8221; onclick=&#8221;link_image&#8221; css_animation=&#8221;fadeIn&#8221;][vc_column_text css_animation=&#8221;fadeIn&#8221;]<a href=\"\/index.php\/osobnosti\/martin-kolomy\/\">Martin Kolom\u00fd<\/a> m\u016f\u017ee zat\u00edm pouze le\u017eet nebo st\u00e1t, sed\u011bt nikoliv. To mu ale nebr\u00e1n\u00ed, aby u\u017e nyn\u00ed sp\u0159\u00e1dal pl\u00e1ny na n\u00e1vrat do tvrd\u00e9 seda\u010dky z\u00e1vodn\u00edho speci\u00e1lu.<\/p>\n<p><em>\u201eI kdy\u017e mi tentokr\u00e1t praskly dva obratle, je to mnohem lep\u0161\u00ed ne\u017e po hav\u00e1rii na Dakaru 2011, kdy mi operovali sice jenom jeden, ale ten byl hodn\u011b rozbit\u00fd,\u201c<\/em> p\u0159ipom\u00edn\u00e1 <strong>Martin Kolom\u00fd<\/strong>. <em>\u201eTohle je \u00fapln\u011b jin\u00e9 zran\u011bn\u00ed. P\u0159edt\u00edm jsem v\u016fbec nechodil a dom\u016f jsem p\u0159ijel a\u017e za t\u0159i m\u011bs\u00edce. Te\u010f jsem u\u017e dva t\u00fddny v dom\u00e1c\u00ed p\u00e9\u010di, postav\u00edm se, sna\u017e\u00edm se chodit. I kdy\u017e to zat\u00edm moc nejde, z\u00e1kladn\u00ed v\u011bci si ud\u011bl\u00e1m. Je to den ode dne lep\u0161\u00ed.\u201c<\/em><\/p>\n<p>O n\u00e1vratu k z\u00e1vod\u011bn\u00ed brunt\u00e1lsk\u00fd jezdec nepochybuje, stejn\u011b jako o kategorii, v n\u00ed\u017e by k n\u011bmu m\u011blo doj\u00edt. <em>\u201eUr\u010dit\u011b se chci vr\u00e1tit do auta. Mysl\u00edm si, \u017ee bych se tak za p\u016fl roku mohl zase posadit za volant. Ale bude z\u00e1le\u017eet, jak rychl\u00e1 bude rehabilitace, jak bude v\u0161e dr\u017eet a sr\u016fstat. To je zat\u00edm ve hv\u011bzd\u00e1ch.\u201c<\/em>[\/vc_column_text][vc_single_image image=&#8221;15450&#8243; img_size=&#8221;large&#8221; add_caption=&#8221;yes&#8221; alignment=&#8221;center&#8221; onclick=&#8221;custom_link&#8221; img_link_target=&#8221;_blank&#8221; css_animation=&#8221;fadeIn&#8221; link=&#8221;http:\/\/eshop.dakarmania.cz\/&#8221;][vc_column_text css_animation=&#8221;fadeIn&#8221;]V\u00edce o pr\u016fb\u011bhu rekonvalescence napov\u00ed v\u00fdsledky kontrol a test\u016f, kter\u00e9 Kolom\u00e9ho \u010dekaj\u00ed v polovin\u011b \u00fanora.<\/p>\n<p>U\u017e te\u010f m\u00e1 v\u0161ak jasno, o jak\u00e9m aut\u011b hovo\u0159\u00ed. Na ot\u00e1zku, zda se bav\u00edme o Fordu t\u00fdmu MP-Sports, odpov\u00edd\u00e1 kr\u00e1tce a jednozna\u010dn\u011b: <em>\u201eAno.\u201c<\/em><\/p>\n<h4>Zaj\u00edm\u00e1 v\u00e1s, jak Martin Kolom\u00fd s odstupem \u010dasu vid\u00ed svou nehodu, k n\u00ed\u017e do\u0161lo p\u0159i shakedownu p\u0159ed Dakarem 2020? Nelituje, \u017ee s ohledem na minim\u00e1ln\u00ed mo\u017enost p\u0159\u00edpravy leto\u0161n\u00ed ro\u010dn\u00edk nevypustil? Odpov\u011bdi na tyto ot\u00e1zky a \u0159adu dal\u0161\u00edch rozhovor\u016f a velk\u00fdch p\u0159\u00edb\u011bh\u016f z dakarsk\u00e9 sou\u010dasnosti i minulosti najdete v prvn\u00edm \u010d\u00edsle nov\u00e9ho magaz\u00ednu <a href=\"http:\/\/eshop.dakarmania.cz\/\">DAKARMANIA<\/a>.<\/h4>\n<p>[\/vc_column_text][vc_empty_space height=&#8221;2px&#8221;][\/vc_column][\/vc_row]<\/p>\n","protected":false},"excerpt":{"rendered":"<p>P\u0159i hav\u00e1rii na shakedownu p\u0159ed Dakarem 2020 utrp\u011bl Martin Kolom\u00fd zlomeninu obratl\u016f. Zat\u00edm m\u016f\u017ee pouze le\u017eet nebo st\u00e1t, p\u0159esto u\u017e sp\u0159\u00e1d\u00e1 pl\u00e1ny na n\u00e1vrat.<\/p>\n","protected":false},"author":1,"featured_media":15299,"comment_status":"open","ping_status":"closed","sticky":false,"template":"","format":"standard","meta":{"footnotes":""},"categories":[3],"tags":[133],"class_list":["post-15300","post","type-post","status-publish","format-standard","has-post-thumbnail","hentry","category-auto","tag-martin-kolomy"],"yoast_head":"<!-- This site is optimized with the Yoast SEO plugin v24.9 - https:\/\/yoast.com\/wordpress\/plugins\/seo\/ -->\n<title>Martin Kolom\u00fd: Ur\u010dit\u011b se chci vr\u00e1tit do auta - DAKARMANIA.cz<\/title>\n<meta name=\"description\" content=\"P\u0159i hav\u00e1rii na shakedownu p\u0159ed Dakarem 2020 utrp\u011bl Martin Kolom\u00fd zlomeninu obratl\u016f. Zat\u00edm m\u016f\u017ee pouze le\u017eet nebo st\u00e1t, p\u0159esto u\u017e sp\u0159\u00e1d\u00e1 pl\u00e1ny na n\u00e1vrat.\" \/>\n<meta name=\"robots\" content=\"index, follow, max-snippet:-1, max-image-preview:large, max-video-preview:-1\" \/>\n<link rel=\"canonical\" href=\"https:\/\/www.dakarmania.cz\/index.php\/2020\/01\/30\/kolomy-urcite-do-auta\/\" \/>\n<meta property=\"og:locale\" content=\"cs_CZ\" \/>\n<meta property=\"og:type\" content=\"article\" \/>\n<meta property=\"og:title\" content=\"Martin Kolom\u00fd: Ur\u010dit\u011b se chci vr\u00e1tit do auta - DAKARMANIA.cz\" \/>\n<meta property=\"og:description\" content=\"P\u0159i hav\u00e1rii na shakedownu p\u0159ed Dakarem 2020 utrp\u011bl Martin Kolom\u00fd zlomeninu obratl\u016f. Zat\u00edm m\u016f\u017ee pouze le\u017eet nebo st\u00e1t, p\u0159esto u\u017e sp\u0159\u00e1d\u00e1 pl\u00e1ny na n\u00e1vrat.\" \/>\n<meta property=\"og:url\" content=\"https:\/\/www.dakarmania.cz\/index.php\/2020\/01\/30\/kolomy-urcite-do-auta\/\" \/>\n<meta property=\"og:site_name\" content=\"DAKARMANIA.cz\" \/>\n<meta property=\"article:publisher\" content=\"https:\/\/www.facebook.com\/dakarmania\/\" \/>\n<meta property=\"article:published_time\" content=\"2020-01-30T22:06:52+00:00\" \/>\n<meta property=\"article:modified_time\" content=\"2020-03-27T20:55:52+00:00\" \/>\n<meta property=\"og:image\" content=\"https:\/\/www.dakarmania.cz\/wp-content\/uploads\/2020\/01\/19-uae-test-kolomy-10.jpg\" \/>\n\t<meta property=\"og:image:width\" content=\"1024\" \/>\n\t<meta property=\"og:image:height\" content=\"684\" \/>\n\t<meta property=\"og:image:type\" content=\"image\/jpeg\" \/>\n<meta name=\"author\" content=\"Zden\u011bk Zelenka\" \/>\n<meta name=\"twitter:card\" content=\"summary_large_image\" \/>\n<meta name=\"twitter:label1\" content=\"Napsal(a)\" \/>\n\t<meta name=\"twitter:data1\" content=\"Zden\u011bk Zelenka\" \/>\n\t<meta name=\"twitter:label2\" content=\"Odhadovan\u00e1 doba \u010dten\u00ed\" \/>\n\t<meta name=\"twitter:data2\" content=\"2 minuty\" \/>\n<script type=\"application\/ld+json\" class=\"yoast-schema-graph\">{\"@context\":\"https:\/\/schema.org\",\"@graph\":[{\"@type\":\"Article\",\"@id\":\"https:\/\/www.dakarmania.cz\/index.php\/2020\/01\/30\/kolomy-urcite-do-auta\/#article\",\"isPartOf\":{\"@id\":\"https:\/\/www.dakarmania.cz\/index.php\/2020\/01\/30\/kolomy-urcite-do-auta\/\"},\"author\":{\"name\":\"Zden\u011bk Zelenka\",\"@id\":\"https:\/\/www.dakarmania.cz\/#\/schema\/person\/04eb0e87a389631c2169c0dddae7ff1e\"},\"headline\":\"Martin Kolom\u00fd: Ur\u010dit\u011b se chci vr\u00e1tit do auta\",\"datePublished\":\"2020-01-30T22:06:52+00:00\",\"dateModified\":\"2020-03-27T20:55:52+00:00\",\"mainEntityOfPage\":{\"@id\":\"https:\/\/www.dakarmania.cz\/index.php\/2020\/01\/30\/kolomy-urcite-do-auta\/\"},\"wordCount\":497,\"commentCount\":0,\"publisher\":{\"@id\":\"https:\/\/www.dakarmania.cz\/#organization\"},\"image\":{\"@id\":\"https:\/\/www.dakarmania.cz\/index.php\/2020\/01\/30\/kolomy-urcite-do-auta\/#primaryimage\"},\"thumbnailUrl\":\"https:\/\/www.dakarmania.cz\/wp-content\/uploads\/2020\/01\/19-uae-test-kolomy-10.jpg\",\"keywords\":[\"Martin Kolom\u00fd\"],\"articleSection\":[\"Auto\"],\"inLanguage\":\"cs\",\"potentialAction\":[{\"@type\":\"CommentAction\",\"name\":\"Comment\",\"target\":[\"https:\/\/www.dakarmania.cz\/index.php\/2020\/01\/30\/kolomy-urcite-do-auta\/#respond\"]}]},{\"@type\":\"WebPage\",\"@id\":\"https:\/\/www.dakarmania.cz\/index.php\/2020\/01\/30\/kolomy-urcite-do-auta\/\",\"url\":\"https:\/\/www.dakarmania.cz\/index.php\/2020\/01\/30\/kolomy-urcite-do-auta\/\",\"name\":\"Martin Kolom\u00fd: Ur\u010dit\u011b se chci vr\u00e1tit do auta - DAKARMANIA.cz\",\"isPartOf\":{\"@id\":\"https:\/\/www.dakarmania.cz\/#website\"},\"primaryImageOfPage\":{\"@id\":\"https:\/\/www.dakarmania.cz\/index.php\/2020\/01\/30\/kolomy-urcite-do-auta\/#primaryimage\"},\"image\":{\"@id\":\"https:\/\/www.dakarmania.cz\/index.php\/2020\/01\/30\/kolomy-urcite-do-auta\/#primaryimage\"},\"thumbnailUrl\":\"https:\/\/www.dakarmania.cz\/wp-content\/uploads\/2020\/01\/19-uae-test-kolomy-10.jpg\",\"datePublished\":\"2020-01-30T22:06:52+00:00\",\"dateModified\":\"2020-03-27T20:55:52+00:00\",\"description\":\"P\u0159i hav\u00e1rii na shakedownu p\u0159ed Dakarem 2020 utrp\u011bl Martin Kolom\u00fd zlomeninu obratl\u016f. Zat\u00edm m\u016f\u017ee pouze le\u017eet nebo st\u00e1t, p\u0159esto u\u017e sp\u0159\u00e1d\u00e1 pl\u00e1ny na n\u00e1vrat.\",\"breadcrumb\":{\"@id\":\"https:\/\/www.dakarmania.cz\/index.php\/2020\/01\/30\/kolomy-urcite-do-auta\/#breadcrumb\"},\"inLanguage\":\"cs\",\"potentialAction\":[{\"@type\":\"ReadAction\",\"target\":[\"https:\/\/www.dakarmania.cz\/index.php\/2020\/01\/30\/kolomy-urcite-do-auta\/\"]}]},{\"@type\":\"ImageObject\",\"inLanguage\":\"cs\",\"@id\":\"https:\/\/www.dakarmania.cz\/index.php\/2020\/01\/30\/kolomy-urcite-do-auta\/#primaryimage\",\"url\":\"https:\/\/www.dakarmania.cz\/wp-content\/uploads\/2020\/01\/19-uae-test-kolomy-10.jpg\",\"contentUrl\":\"https:\/\/www.dakarmania.cz\/wp-content\/uploads\/2020\/01\/19-uae-test-kolomy-10.jpg\",\"width\":1024,\"height\":684,\"caption\":\"Martin Kolom\u00fd, MP-Sports. Testov\u00e1n\u00ed v Abu Dhabi, prosinec 2019. \u00a9 MP-Sports\"},{\"@type\":\"BreadcrumbList\",\"@id\":\"https:\/\/www.dakarmania.cz\/index.php\/2020\/01\/30\/kolomy-urcite-do-auta\/#breadcrumb\",\"itemListElement\":[{\"@type\":\"ListItem\",\"position\":1,\"name\":\"Dom\u016f\",\"item\":\"https:\/\/www.dakarmania.cz\/\"},{\"@type\":\"ListItem\",\"position\":2,\"name\":\"Martin Kolom\u00fd: Ur\u010dit\u011b se chci vr\u00e1tit do auta\"}]},{\"@type\":\"WebSite\",\"@id\":\"https:\/\/www.dakarmania.cz\/#website\",\"url\":\"https:\/\/www.dakarmania.cz\/\",\"name\":\"DAKARMANIA.cz\",\"description\":\"\u017dijeme Dakarem cel\u00fd rok\",\"publisher\":{\"@id\":\"https:\/\/www.dakarmania.cz\/#organization\"},\"potentialAction\":[{\"@type\":\"SearchAction\",\"target\":{\"@type\":\"EntryPoint\",\"urlTemplate\":\"https:\/\/www.dakarmania.cz\/?s={search_term_string}\"},\"query-input\":{\"@type\":\"PropertyValueSpecification\",\"valueRequired\":true,\"valueName\":\"search_term_string\"}}],\"inLanguage\":\"cs\"},{\"@type\":\"Organization\",\"@id\":\"https:\/\/www.dakarmania.cz\/#organization\",\"name\":\"DAKAR MANIA\",\"url\":\"https:\/\/www.dakarmania.cz\/\",\"logo\":{\"@type\":\"ImageObject\",\"inLanguage\":\"cs\",\"@id\":\"https:\/\/www.dakarmania.cz\/#\/schema\/logo\/image\/\",\"url\":\"https:\/\/www.dakarmania.cz\/wp-content\/uploads\/2018\/12\/Dakar-Mania-Logo-Square-Orange.png\",\"contentUrl\":\"https:\/\/www.dakarmania.cz\/wp-content\/uploads\/2018\/12\/Dakar-Mania-Logo-Square-Orange.png\",\"width\":992,\"height\":992,\"caption\":\"DAKAR MANIA\"},\"image\":{\"@id\":\"https:\/\/www.dakarmania.cz\/#\/schema\/logo\/image\/\"},\"sameAs\":[\"https:\/\/www.facebook.com\/dakarmania\/\"]},{\"@type\":\"Person\",\"@id\":\"https:\/\/www.dakarmania.cz\/#\/schema\/person\/04eb0e87a389631c2169c0dddae7ff1e\",\"name\":\"Zden\u011bk Zelenka\",\"image\":{\"@type\":\"ImageObject\",\"inLanguage\":\"cs\",\"@id\":\"https:\/\/www.dakarmania.cz\/#\/schema\/person\/image\/\",\"url\":\"https:\/\/secure.gravatar.com\/avatar\/2c80d5a4942fe0900b73cc7d3837a509d6ee0a276a2b76dac95c92bd0763a89b?s=96&d=mm&r=g\",\"contentUrl\":\"https:\/\/secure.gravatar.com\/avatar\/2c80d5a4942fe0900b73cc7d3837a509d6ee0a276a2b76dac95c92bd0763a89b?s=96&d=mm&r=g\",\"caption\":\"Zden\u011bk Zelenka\"},\"description\":\"Moji d\u011bt\u0161t\u00ed hrdinov\u00e9 se jmenovali Loprais, Moskal, Neveu, Vatanen, Rahier... A tihle borci, jejich n\u00e1sledovn\u00edci a jejich p\u0159\u00edb\u011bhy m\u011b nep\u0159estali fascinovat ani po letech, kdy jsem vyrostl a zam\u011bstn\u00e1valy m\u011b jin\u00e9 discipl\u00edny motorsportu. Proto se zrodila DAKARMANIA.\",\"url\":\"https:\/\/www.dakarmania.cz\/index.php\/author\/dakarmania\/\"}]}<\/script>\n<!-- \/ Yoast SEO plugin. -->","yoast_head_json":{"title":"Martin Kolom\u00fd: Ur\u010dit\u011b se chci vr\u00e1tit do auta - DAKARMANIA.cz","description":"P\u0159i hav\u00e1rii na shakedownu p\u0159ed Dakarem 2020 utrp\u011bl Martin Kolom\u00fd zlomeninu obratl\u016f. Zat\u00edm m\u016f\u017ee pouze le\u017eet nebo st\u00e1t, p\u0159esto u\u017e sp\u0159\u00e1d\u00e1 pl\u00e1ny na n\u00e1vrat.","robots":{"index":"index","follow":"follow","max-snippet":"max-snippet:-1","max-image-preview":"max-image-preview:large","max-video-preview":"max-video-preview:-1"},"canonical":"https:\/\/www.dakarmania.cz\/index.php\/2020\/01\/30\/kolomy-urcite-do-auta\/","og_locale":"cs_CZ","og_type":"article","og_title":"Martin Kolom\u00fd: Ur\u010dit\u011b se chci vr\u00e1tit do auta - DAKARMANIA.cz","og_description":"P\u0159i hav\u00e1rii na shakedownu p\u0159ed Dakarem 2020 utrp\u011bl Martin Kolom\u00fd zlomeninu obratl\u016f. Zat\u00edm m\u016f\u017ee pouze le\u017eet nebo st\u00e1t, p\u0159esto u\u017e sp\u0159\u00e1d\u00e1 pl\u00e1ny na n\u00e1vrat.","og_url":"https:\/\/www.dakarmania.cz\/index.php\/2020\/01\/30\/kolomy-urcite-do-auta\/","og_site_name":"DAKARMANIA.cz","article_publisher":"https:\/\/www.facebook.com\/dakarmania\/","article_published_time":"2020-01-30T22:06:52+00:00","article_modified_time":"2020-03-27T20:55:52+00:00","og_image":[{"width":1024,"height":684,"url":"https:\/\/www.dakarmania.cz\/wp-content\/uploads\/2020\/01\/19-uae-test-kolomy-10.jpg","type":"image\/jpeg"}],"author":"Zden\u011bk Zelenka","twitter_card":"summary_large_image","twitter_misc":{"Napsal(a)":"Zden\u011bk Zelenka","Odhadovan\u00e1 doba \u010dten\u00ed":"2 minuty"},"schema":{"@context":"https:\/\/schema.org","@graph":[{"@type":"Article","@id":"https:\/\/www.dakarmania.cz\/index.php\/2020\/01\/30\/kolomy-urcite-do-auta\/#article","isPartOf":{"@id":"https:\/\/www.dakarmania.cz\/index.php\/2020\/01\/30\/kolomy-urcite-do-auta\/"},"author":{"name":"Zden\u011bk Zelenka","@id":"https:\/\/www.dakarmania.cz\/#\/schema\/person\/04eb0e87a389631c2169c0dddae7ff1e"},"headline":"Martin Kolom\u00fd: Ur\u010dit\u011b se chci vr\u00e1tit do auta","datePublished":"2020-01-30T22:06:52+00:00","dateModified":"2020-03-27T20:55:52+00:00","mainEntityOfPage":{"@id":"https:\/\/www.dakarmania.cz\/index.php\/2020\/01\/30\/kolomy-urcite-do-auta\/"},"wordCount":497,"commentCount":0,"publisher":{"@id":"https:\/\/www.dakarmania.cz\/#organization"},"image":{"@id":"https:\/\/www.dakarmania.cz\/index.php\/2020\/01\/30\/kolomy-urcite-do-auta\/#primaryimage"},"thumbnailUrl":"https:\/\/www.dakarmania.cz\/wp-content\/uploads\/2020\/01\/19-uae-test-kolomy-10.jpg","keywords":["Martin Kolom\u00fd"],"articleSection":["Auto"],"inLanguage":"cs","potentialAction":[{"@type":"CommentAction","name":"Comment","target":["https:\/\/www.dakarmania.cz\/index.php\/2020\/01\/30\/kolomy-urcite-do-auta\/#respond"]}]},{"@type":"WebPage","@id":"https:\/\/www.dakarmania.cz\/index.php\/2020\/01\/30\/kolomy-urcite-do-auta\/","url":"https:\/\/www.dakarmania.cz\/index.php\/2020\/01\/30\/kolomy-urcite-do-auta\/","name":"Martin Kolom\u00fd: Ur\u010dit\u011b se chci vr\u00e1tit do auta - DAKARMANIA.cz","isPartOf":{"@id":"https:\/\/www.dakarmania.cz\/#website"},"primaryImageOfPage":{"@id":"https:\/\/www.dakarmania.cz\/index.php\/2020\/01\/30\/kolomy-urcite-do-auta\/#primaryimage"},"image":{"@id":"https:\/\/www.dakarmania.cz\/index.php\/2020\/01\/30\/kolomy-urcite-do-auta\/#primaryimage"},"thumbnailUrl":"https:\/\/www.dakarmania.cz\/wp-content\/uploads\/2020\/01\/19-uae-test-kolomy-10.jpg","datePublished":"2020-01-30T22:06:52+00:00","dateModified":"2020-03-27T20:55:52+00:00","description":"P\u0159i hav\u00e1rii na shakedownu p\u0159ed Dakarem 2020 utrp\u011bl Martin Kolom\u00fd zlomeninu obratl\u016f. Zat\u00edm m\u016f\u017ee pouze le\u017eet nebo st\u00e1t, p\u0159esto u\u017e sp\u0159\u00e1d\u00e1 pl\u00e1ny na n\u00e1vrat.","breadcrumb":{"@id":"https:\/\/www.dakarmania.cz\/index.php\/2020\/01\/30\/kolomy-urcite-do-auta\/#breadcrumb"},"inLanguage":"cs","potentialAction":[{"@type":"ReadAction","target":["https:\/\/www.dakarmania.cz\/index.php\/2020\/01\/30\/kolomy-urcite-do-auta\/"]}]},{"@type":"ImageObject","inLanguage":"cs","@id":"https:\/\/www.dakarmania.cz\/index.php\/2020\/01\/30\/kolomy-urcite-do-auta\/#primaryimage","url":"https:\/\/www.dakarmania.cz\/wp-content\/uploads\/2020\/01\/19-uae-test-kolomy-10.jpg","contentUrl":"https:\/\/www.dakarmania.cz\/wp-content\/uploads\/2020\/01\/19-uae-test-kolomy-10.jpg","width":1024,"height":684,"caption":"Martin Kolom\u00fd, MP-Sports. Testov\u00e1n\u00ed v Abu Dhabi, prosinec 2019. \u00a9 MP-Sports"},{"@type":"BreadcrumbList","@id":"https:\/\/www.dakarmania.cz\/index.php\/2020\/01\/30\/kolomy-urcite-do-auta\/#breadcrumb","itemListElement":[{"@type":"ListItem","position":1,"name":"Dom\u016f","item":"https:\/\/www.dakarmania.cz\/"},{"@type":"ListItem","position":2,"name":"Martin Kolom\u00fd: Ur\u010dit\u011b se chci vr\u00e1tit do auta"}]},{"@type":"WebSite","@id":"https:\/\/www.dakarmania.cz\/#website","url":"https:\/\/www.dakarmania.cz\/","name":"DAKARMANIA.cz","description":"\u017dijeme Dakarem cel\u00fd rok","publisher":{"@id":"https:\/\/www.dakarmania.cz\/#organization"},"potentialAction":[{"@type":"SearchAction","target":{"@type":"EntryPoint","urlTemplate":"https:\/\/www.dakarmania.cz\/?s={search_term_string}"},"query-input":{"@type":"PropertyValueSpecification","valueRequired":true,"valueName":"search_term_string"}}],"inLanguage":"cs"},{"@type":"Organization","@id":"https:\/\/www.dakarmania.cz\/#organization","name":"DAKAR MANIA","url":"https:\/\/www.dakarmania.cz\/","logo":{"@type":"ImageObject","inLanguage":"cs","@id":"https:\/\/www.dakarmania.cz\/#\/schema\/logo\/image\/","url":"https:\/\/www.dakarmania.cz\/wp-content\/uploads\/2018\/12\/Dakar-Mania-Logo-Square-Orange.png","contentUrl":"https:\/\/www.dakarmania.cz\/wp-content\/uploads\/2018\/12\/Dakar-Mania-Logo-Square-Orange.png","width":992,"height":992,"caption":"DAKAR MANIA"},"image":{"@id":"https:\/\/www.dakarmania.cz\/#\/schema\/logo\/image\/"},"sameAs":["https:\/\/www.facebook.com\/dakarmania\/"]},{"@type":"Person","@id":"https:\/\/www.dakarmania.cz\/#\/schema\/person\/04eb0e87a389631c2169c0dddae7ff1e","name":"Zden\u011bk Zelenka","image":{"@type":"ImageObject","inLanguage":"cs","@id":"https:\/\/www.dakarmania.cz\/#\/schema\/person\/image\/","url":"https:\/\/secure.gravatar.com\/avatar\/2c80d5a4942fe0900b73cc7d3837a509d6ee0a276a2b76dac95c92bd0763a89b?s=96&d=mm&r=g","contentUrl":"https:\/\/secure.gravatar.com\/avatar\/2c80d5a4942fe0900b73cc7d3837a509d6ee0a276a2b76dac95c92bd0763a89b?s=96&d=mm&r=g","caption":"Zden\u011bk Zelenka"},"description":"Moji d\u011bt\u0161t\u00ed hrdinov\u00e9 se jmenovali Loprais, Moskal, Neveu, Vatanen, Rahier... A tihle borci, jejich n\u00e1sledovn\u00edci a jejich p\u0159\u00edb\u011bhy m\u011b nep\u0159estali fascinovat ani po letech, kdy jsem vyrostl a zam\u011bstn\u00e1valy m\u011b jin\u00e9 discipl\u00edny motorsportu. Proto se zrodila DAKARMANIA.","url":"https:\/\/www.dakarmania.cz\/index.php\/author\/dakarmania\/"}]}},"amp_enabled":true,"_links":{"self":[{"href":"https:\/\/www.dakarmania.cz\/index.php\/wp-json\/wp\/v2\/posts\/15300","targetHints":{"allow":["GET"]}}],"collection":[{"href":"https:\/\/www.dakarmania.cz\/index.php\/wp-json\/wp\/v2\/posts"}],"about":[{"href":"https:\/\/www.dakarmania.cz\/index.php\/wp-json\/wp\/v2\/types\/post"}],"author":[{"embeddable":true,"href":"https:\/\/www.dakarmania.cz\/index.php\/wp-json\/wp\/v2\/users\/1"}],"replies":[{"embeddable":true,"href":"https:\/\/www.dakarmania.cz\/index.php\/wp-json\/wp\/v2\/comments?post=15300"}],"version-history":[{"count":3,"href":"https:\/\/www.dakarmania.cz\/index.php\/wp-json\/wp\/v2\/posts\/15300\/revisions"}],"predecessor-version":[{"id":15558,"href":"https:\/\/www.dakarmania.cz\/index.php\/wp-json\/wp\/v2\/posts\/15300\/revisions\/15558"}],"wp:featuredmedia":[{"embeddable":true,"href":"https:\/\/www.dakarmania.cz\/index.php\/wp-json\/wp\/v2\/media\/15299"}],"wp:attachment":[{"href":"https:\/\/www.dakarmania.cz\/index.php\/wp-json\/wp\/v2\/media?parent=15300"}],"wp:term":[{"taxonomy":"category","embeddable":true,"href":"https:\/\/www.dakarmania.cz\/index.php\/wp-json\/wp\/v2\/categories?post=15300"},{"taxonomy":"post_tag","embeddable":true,"href":"https:\/\/www.dakarmania.cz\/index.php\/wp-json\/wp\/v2\/tags?post=15300"}],"curies":[{"name":"wp","href":"https:\/\/api.w.org\/{rel}","templated":true}]}}