{"id":15312,"date":"2020-02-05T14:35:28","date_gmt":"2020-02-05T13:35:28","guid":{"rendered":"https:\/\/www.dakarmania.cz\/?p=15312"},"modified":"2020-05-11T14:21:50","modified_gmt":"2020-05-11T12:21:50","slug":"prodrive-miri-na-dakar-2021","status":"publish","type":"post","link":"https:\/\/www.dakarmania.cz\/index.php\/2020\/02\/05\/prodrive-miri-na-dakar-2021\/","title":{"rendered":"Prodrive m\u00ed\u0159\u00ed na Dakar 2021"},"content":{"rendered":"<p>[vc_row][vc_column][vc_column_text css_animation=&#8221;fadeIn&#8221;]<\/p>\n<h3>Toyot\u011b a Mini se v nejpresti\u017en\u011bj\u0161\u00ed dakarsk\u00e9 kategorii postav\u00ed dal\u0161\u00ed ambici\u00f3zn\u00ed soupe\u0159. Renomovan\u00e1 britsk\u00e9 spole\u010dnost Prodrive vy\u0161le sv\u016fj t\u00fdm na Dakar u\u017e p\u0159\u00ed\u0161t\u00ed rok.<\/h3>\n<p>[\/vc_column_text][vc_single_image image=&#8221;15311&#8243; img_size=&#8221;large&#8221; add_caption=&#8221;yes&#8221; alignment=&#8221;center&#8221; onclick=&#8221;link_image&#8221; css_animation=&#8221;fadeIn&#8221;][vc_column_text css_animation=&#8221;fadeIn&#8221;]Spole\u010dnost, kter\u00e1 v minulosti st\u00e1la za \u00fasp\u011bchy zna\u010dky Subaru v mistrovstv\u00ed sv\u011bta v rally, se pou\u0161t\u00ed do vlastn\u00edho dakarsk\u00e9ho projektu. Pod hlavi\u010dkou Prodrive International bude ve spolupr\u00e1ci s Bahrajnsk\u00fdm kr\u00e1lovstv\u00edm stav\u011bt speci\u00e1ly elitn\u00ed kategorie T1.<\/p>\n<p>Do Rally Dakar 2021 nasad\u00ed dvojici voz\u016f pod k\u0159\u00eddly vlastn\u00edho t\u00fdmu, z\u00e1rove\u0148 v\u0161ak po\u010d\u00edt\u00e1 tak\u00e9 s klientsk\u00fdm programem. Projekt bude financov\u00e1n z bahrajnsk\u00e9ho fondu Mumtalakat, jeho\u017e prost\u0159ednictv\u00edm se Bahrajn <a href=\"\/index.php\/souteze\/dakar-2020\/\">letos<\/a> pod\u00edlel na sponzoringu t\u00fdmu X-raid, resp. jeho \u010d\u00e1sti nasazuj\u00edc\u00ed buginy pilotovan\u00e9 v\u00edt\u011bzn\u00fdm <a href=\"\/index.php\/osobnosti\/carlos-sainz\/\">Carlosem Sainzem<\/a> a t\u0159et\u00edm <a href=\"\/index.php\/osobnosti\/stephane-peterhansel\/\">St\u00e9phanem Peterhanselem<\/a>.<\/p>\n<p><em>\u201ePo \u00fa\u010dasti na Dakaru tou\u017eil Prodrive i j\u00e1 osobn\u011b velmi dlouho. Situace je o to zaj\u00edmav\u011bj\u0161\u00ed, \u017ee k prvn\u00edmu startu dojde ve spolupr\u00e1ci s Bahrajnem a v Sa\u00fadsk\u00e9 Ar\u00e1bii. Pr\u00e1v\u011b na Bl\u00edzk\u00e9m v\u00fdchod\u011b toti\u017e v roce 1984 za\u010dala cesta Prodrivu sv\u011btem motoristick\u00e9ho sportu,\u201c<\/em> p\u0159ipom\u00edn\u00e1 zakladatel a \u0161\u00e9f spole\u010dnosti <strong>David Richards<\/strong> titul, kter\u00fd v premi\u00e9rov\u00e9m ro\u010dn\u00edku bl\u00edzkov\u00fdchodn\u00edho \u0161ampion\u00e1tu v rally vybojoval Saeed Al-Hajri. <em>\u201eDakar je pro Prodrive nov\u00fdm a n\u00e1ro\u010dn\u00fdm projektem, ale j\u00e1 i cel\u00fd t\u00fdm v Banbury si ho naprosto vychutn\u00e1v\u00e1me.\u201c<\/em>[\/vc_column_text][vc_single_image image=&#8221;15450&#8243; img_size=&#8221;large&#8221; add_caption=&#8221;yes&#8221; alignment=&#8221;center&#8221; onclick=&#8221;custom_link&#8221; img_link_target=&#8221;_blank&#8221; css_animation=&#8221;fadeIn&#8221; link=&#8221;http:\/\/eshop.dakarmania.cz\/&#8221;][vc_column_text css_animation=&#8221;fadeIn&#8221;]Prodrive v minulosti pomohl k titul\u016fm mistr\u016f sv\u011bta v rally Colinu McRaeovi, Richardu Burnsovi a Petteru Solbergovi. V letech 1995 a\u017e 1997 vybojoval pro Subaru t\u0159i v\u00edt\u011bzstv\u00ed v hodnocen\u00ed zna\u010dek. Koloto\u010d WRC opustil v roce 2012 po ukon\u010den\u00ed tov\u00e1rn\u00edho programu Mini.<\/p>\n<p>V posledn\u00ed dob\u011b se spole\u010dnost v\u011bnuje p\u0159edev\u0161\u00edm okruhov\u00e9mu mistrovstv\u00ed sv\u011bta ve vytrvalostn\u00edch z\u00e1vodech, v n\u011bm\u017e zaji\u0161\u0165uje chod tov\u00e1rn\u00edho t\u00fdmu Aston Martin Racing. Krom\u011b toho tak\u00e9 p\u0159ipravila nap\u0159\u00edklad Renault Megane, s n\u00edm\u017e t\u00fdm GCK p\u016fsob\u00ed v mistrovstv\u00ed sv\u011bta v rallycrossu.<\/p>\n<h4>Dal\u0161\u00ed novinky a zaj\u00edmavosti ze sv\u011bta cross-country rally, podrobn\u00e1 ohl\u00e9dnut\u00ed za Dakarem a Africa Eco Race 2020, otev\u0159en\u00e9 rozhovory a rozs\u00e1hl\u00e9 materi\u00e1ly o historii dakarsk\u00e9 rally naleznete v nov\u00e9m magaz\u00ednu <a href=\"http:\/\/eshop.dakarmania.cz\/\">DAKARMANIA<\/a>.<\/h4>\n<p>[\/vc_column_text][vc_empty_space height=&#8221;2px&#8221;][\/vc_column][\/vc_row]<\/p>\n","protected":false},"excerpt":{"rendered":"<p>Toyot\u011b a Mini se postav\u00ed dal\u0161\u00ed ambici\u00f3zn\u00ed soupe\u0159. Renomovan\u00e1 britsk\u00e9 spole\u010dnost Prodrive vy\u0161le sv\u016fj t\u00fdm na Dakar u\u017e p\u0159\u00ed\u0161t\u00ed rok.<\/p>\n","protected":false},"author":1,"featured_media":15311,"comment_status":"open","ping_status":"closed","sticky":false,"template":"","format":"standard","meta":{"footnotes":""},"categories":[3,1688],"tags":[903,1630,8,1475,1693,1694],"class_list":["post-15312","post","type-post","status-publish","format-standard","has-post-thumbnail","hentry","category-auto","category-dakar-2021","tag-903","tag-1630","tag-dakar","tag-dakar-2021","tag-david-richards","tag-prodrive"],"yoast_head":"<!-- This site is optimized with the Yoast SEO plugin v24.9 - https:\/\/yoast.com\/wordpress\/plugins\/seo\/ -->\n<title>Prodrive m\u00ed\u0159\u00ed na Dakar 2021 - DAKARMANIA.cz<\/title>\n<meta name=\"description\" content=\"Toyot\u011b a Mini se postav\u00ed dal\u0161\u00ed ambici\u00f3zn\u00ed soupe\u0159. Renomovan\u00e1 britsk\u00e9 spole\u010dnost Prodrive vy\u0161le sv\u016fj t\u00fdm na Dakar u\u017e p\u0159\u00ed\u0161t\u00ed rok.\" \/>\n<meta name=\"robots\" content=\"index, follow, max-snippet:-1, max-image-preview:large, max-video-preview:-1\" \/>\n<link rel=\"canonical\" href=\"https:\/\/www.dakarmania.cz\/index.php\/2020\/02\/05\/prodrive-miri-na-dakar-2021\/\" \/>\n<meta property=\"og:locale\" content=\"cs_CZ\" \/>\n<meta property=\"og:type\" content=\"article\" \/>\n<meta property=\"og:title\" content=\"Prodrive m\u00ed\u0159\u00ed na Dakar 2021 - DAKARMANIA.cz\" \/>\n<meta property=\"og:description\" content=\"Toyot\u011b a Mini se postav\u00ed dal\u0161\u00ed ambici\u00f3zn\u00ed soupe\u0159. Renomovan\u00e1 britsk\u00e9 spole\u010dnost Prodrive vy\u0161le sv\u016fj t\u00fdm na Dakar u\u017e p\u0159\u00ed\u0161t\u00ed rok.\" \/>\n<meta property=\"og:url\" content=\"https:\/\/www.dakarmania.cz\/index.php\/2020\/02\/05\/prodrive-miri-na-dakar-2021\/\" \/>\n<meta property=\"og:site_name\" content=\"DAKARMANIA.cz\" \/>\n<meta property=\"article:publisher\" content=\"https:\/\/www.facebook.com\/dakarmania\/\" \/>\n<meta property=\"article:published_time\" content=\"2020-02-05T13:35:28+00:00\" \/>\n<meta property=\"article:modified_time\" content=\"2020-05-11T12:21:50+00:00\" \/>\n<meta property=\"og:image\" content=\"https:\/\/www.dakarmania.cz\/wp-content\/uploads\/2020\/02\/prodrive-dakar-t1.jpg\" \/>\n\t<meta property=\"og:image:width\" content=\"1024\" \/>\n\t<meta property=\"og:image:height\" content=\"683\" \/>\n\t<meta property=\"og:image:type\" content=\"image\/jpeg\" \/>\n<meta name=\"author\" content=\"Zden\u011bk Zelenka\" \/>\n<meta name=\"twitter:card\" content=\"summary_large_image\" \/>\n<meta name=\"twitter:label1\" content=\"Napsal(a)\" \/>\n\t<meta name=\"twitter:data1\" content=\"Zden\u011bk Zelenka\" \/>\n\t<meta name=\"twitter:label2\" content=\"Odhadovan\u00e1 doba \u010dten\u00ed\" \/>\n\t<meta name=\"twitter:data2\" content=\"2 minuty\" \/>\n<script type=\"application\/ld+json\" class=\"yoast-schema-graph\">{\"@context\":\"https:\/\/schema.org\",\"@graph\":[{\"@type\":\"Article\",\"@id\":\"https:\/\/www.dakarmania.cz\/index.php\/2020\/02\/05\/prodrive-miri-na-dakar-2021\/#article\",\"isPartOf\":{\"@id\":\"https:\/\/www.dakarmania.cz\/index.php\/2020\/02\/05\/prodrive-miri-na-dakar-2021\/\"},\"author\":{\"name\":\"Zden\u011bk Zelenka\",\"@id\":\"https:\/\/www.dakarmania.cz\/#\/schema\/person\/04eb0e87a389631c2169c0dddae7ff1e\"},\"headline\":\"Prodrive m\u00ed\u0159\u00ed na Dakar 2021\",\"datePublished\":\"2020-02-05T13:35:28+00:00\",\"dateModified\":\"2020-05-11T12:21:50+00:00\",\"mainEntityOfPage\":{\"@id\":\"https:\/\/www.dakarmania.cz\/index.php\/2020\/02\/05\/prodrive-miri-na-dakar-2021\/\"},\"wordCount\":493,\"commentCount\":0,\"publisher\":{\"@id\":\"https:\/\/www.dakarmania.cz\/#organization\"},\"image\":{\"@id\":\"https:\/\/www.dakarmania.cz\/index.php\/2020\/02\/05\/prodrive-miri-na-dakar-2021\/#primaryimage\"},\"thumbnailUrl\":\"https:\/\/www.dakarmania.cz\/wp-content\/uploads\/2020\/02\/prodrive-dakar-t1.jpg\",\"keywords\":[\"2020\",\"2021\",\"Dakar\",\"Dakar 2021\",\"David Richards\",\"Prodrive\"],\"articleSection\":[\"Auto\",\"Dakar 2021\"],\"inLanguage\":\"cs\",\"potentialAction\":[{\"@type\":\"CommentAction\",\"name\":\"Comment\",\"target\":[\"https:\/\/www.dakarmania.cz\/index.php\/2020\/02\/05\/prodrive-miri-na-dakar-2021\/#respond\"]}]},{\"@type\":\"WebPage\",\"@id\":\"https:\/\/www.dakarmania.cz\/index.php\/2020\/02\/05\/prodrive-miri-na-dakar-2021\/\",\"url\":\"https:\/\/www.dakarmania.cz\/index.php\/2020\/02\/05\/prodrive-miri-na-dakar-2021\/\",\"name\":\"Prodrive m\u00ed\u0159\u00ed na Dakar 2021 - DAKARMANIA.cz\",\"isPartOf\":{\"@id\":\"https:\/\/www.dakarmania.cz\/#website\"},\"primaryImageOfPage\":{\"@id\":\"https:\/\/www.dakarmania.cz\/index.php\/2020\/02\/05\/prodrive-miri-na-dakar-2021\/#primaryimage\"},\"image\":{\"@id\":\"https:\/\/www.dakarmania.cz\/index.php\/2020\/02\/05\/prodrive-miri-na-dakar-2021\/#primaryimage\"},\"thumbnailUrl\":\"https:\/\/www.dakarmania.cz\/wp-content\/uploads\/2020\/02\/prodrive-dakar-t1.jpg\",\"datePublished\":\"2020-02-05T13:35:28+00:00\",\"dateModified\":\"2020-05-11T12:21:50+00:00\",\"description\":\"Toyot\u011b a Mini se postav\u00ed dal\u0161\u00ed ambici\u00f3zn\u00ed soupe\u0159. Renomovan\u00e1 britsk\u00e9 spole\u010dnost Prodrive vy\u0161le sv\u016fj t\u00fdm na Dakar u\u017e p\u0159\u00ed\u0161t\u00ed rok.\",\"breadcrumb\":{\"@id\":\"https:\/\/www.dakarmania.cz\/index.php\/2020\/02\/05\/prodrive-miri-na-dakar-2021\/#breadcrumb\"},\"inLanguage\":\"cs\",\"potentialAction\":[{\"@type\":\"ReadAction\",\"target\":[\"https:\/\/www.dakarmania.cz\/index.php\/2020\/02\/05\/prodrive-miri-na-dakar-2021\/\"]}]},{\"@type\":\"ImageObject\",\"inLanguage\":\"cs\",\"@id\":\"https:\/\/www.dakarmania.cz\/index.php\/2020\/02\/05\/prodrive-miri-na-dakar-2021\/#primaryimage\",\"url\":\"https:\/\/www.dakarmania.cz\/wp-content\/uploads\/2020\/02\/prodrive-dakar-t1.jpg\",\"contentUrl\":\"https:\/\/www.dakarmania.cz\/wp-content\/uploads\/2020\/02\/prodrive-dakar-t1.jpg\",\"width\":1024,\"height\":683,\"caption\":\"Vizualizace speci\u00e1lu kategorie T1 spole\u010dnosti Prodrive International pro Rally Dakar. \u00a9 Prodrive\"},{\"@type\":\"BreadcrumbList\",\"@id\":\"https:\/\/www.dakarmania.cz\/index.php\/2020\/02\/05\/prodrive-miri-na-dakar-2021\/#breadcrumb\",\"itemListElement\":[{\"@type\":\"ListItem\",\"position\":1,\"name\":\"Dom\u016f\",\"item\":\"https:\/\/www.dakarmania.cz\/\"},{\"@type\":\"ListItem\",\"position\":2,\"name\":\"Prodrive m\u00ed\u0159\u00ed na Dakar 2021\"}]},{\"@type\":\"WebSite\",\"@id\":\"https:\/\/www.dakarmania.cz\/#website\",\"url\":\"https:\/\/www.dakarmania.cz\/\",\"name\":\"DAKARMANIA.cz\",\"description\":\"\u017dijeme Dakarem cel\u00fd rok\",\"publisher\":{\"@id\":\"https:\/\/www.dakarmania.cz\/#organization\"},\"potentialAction\":[{\"@type\":\"SearchAction\",\"target\":{\"@type\":\"EntryPoint\",\"urlTemplate\":\"https:\/\/www.dakarmania.cz\/?s={search_term_string}\"},\"query-input\":{\"@type\":\"PropertyValueSpecification\",\"valueRequired\":true,\"valueName\":\"search_term_string\"}}],\"inLanguage\":\"cs\"},{\"@type\":\"Organization\",\"@id\":\"https:\/\/www.dakarmania.cz\/#organization\",\"name\":\"DAKAR MANIA\",\"url\":\"https:\/\/www.dakarmania.cz\/\",\"logo\":{\"@type\":\"ImageObject\",\"inLanguage\":\"cs\",\"@id\":\"https:\/\/www.dakarmania.cz\/#\/schema\/logo\/image\/\",\"url\":\"https:\/\/www.dakarmania.cz\/wp-content\/uploads\/2018\/12\/Dakar-Mania-Logo-Square-Orange.png\",\"contentUrl\":\"https:\/\/www.dakarmania.cz\/wp-content\/uploads\/2018\/12\/Dakar-Mania-Logo-Square-Orange.png\",\"width\":992,\"height\":992,\"caption\":\"DAKAR MANIA\"},\"image\":{\"@id\":\"https:\/\/www.dakarmania.cz\/#\/schema\/logo\/image\/\"},\"sameAs\":[\"https:\/\/www.facebook.com\/dakarmania\/\"]},{\"@type\":\"Person\",\"@id\":\"https:\/\/www.dakarmania.cz\/#\/schema\/person\/04eb0e87a389631c2169c0dddae7ff1e\",\"name\":\"Zden\u011bk Zelenka\",\"image\":{\"@type\":\"ImageObject\",\"inLanguage\":\"cs\",\"@id\":\"https:\/\/www.dakarmania.cz\/#\/schema\/person\/image\/\",\"url\":\"https:\/\/secure.gravatar.com\/avatar\/2c80d5a4942fe0900b73cc7d3837a509d6ee0a276a2b76dac95c92bd0763a89b?s=96&d=mm&r=g\",\"contentUrl\":\"https:\/\/secure.gravatar.com\/avatar\/2c80d5a4942fe0900b73cc7d3837a509d6ee0a276a2b76dac95c92bd0763a89b?s=96&d=mm&r=g\",\"caption\":\"Zden\u011bk Zelenka\"},\"description\":\"Moji d\u011bt\u0161t\u00ed hrdinov\u00e9 se jmenovali Loprais, Moskal, Neveu, Vatanen, Rahier... A tihle borci, jejich n\u00e1sledovn\u00edci a jejich p\u0159\u00edb\u011bhy m\u011b nep\u0159estali fascinovat ani po letech, kdy jsem vyrostl a zam\u011bstn\u00e1valy m\u011b jin\u00e9 discipl\u00edny motorsportu. Proto se zrodila DAKARMANIA.\",\"url\":\"https:\/\/www.dakarmania.cz\/index.php\/author\/dakarmania\/\"}]}<\/script>\n<!-- \/ Yoast SEO plugin. -->","yoast_head_json":{"title":"Prodrive m\u00ed\u0159\u00ed na Dakar 2021 - DAKARMANIA.cz","description":"Toyot\u011b a Mini se postav\u00ed dal\u0161\u00ed ambici\u00f3zn\u00ed soupe\u0159. Renomovan\u00e1 britsk\u00e9 spole\u010dnost Prodrive vy\u0161le sv\u016fj t\u00fdm na Dakar u\u017e p\u0159\u00ed\u0161t\u00ed rok.","robots":{"index":"index","follow":"follow","max-snippet":"max-snippet:-1","max-image-preview":"max-image-preview:large","max-video-preview":"max-video-preview:-1"},"canonical":"https:\/\/www.dakarmania.cz\/index.php\/2020\/02\/05\/prodrive-miri-na-dakar-2021\/","og_locale":"cs_CZ","og_type":"article","og_title":"Prodrive m\u00ed\u0159\u00ed na Dakar 2021 - DAKARMANIA.cz","og_description":"Toyot\u011b a Mini se postav\u00ed dal\u0161\u00ed ambici\u00f3zn\u00ed soupe\u0159. Renomovan\u00e1 britsk\u00e9 spole\u010dnost Prodrive vy\u0161le sv\u016fj t\u00fdm na Dakar u\u017e p\u0159\u00ed\u0161t\u00ed rok.","og_url":"https:\/\/www.dakarmania.cz\/index.php\/2020\/02\/05\/prodrive-miri-na-dakar-2021\/","og_site_name":"DAKARMANIA.cz","article_publisher":"https:\/\/www.facebook.com\/dakarmania\/","article_published_time":"2020-02-05T13:35:28+00:00","article_modified_time":"2020-05-11T12:21:50+00:00","og_image":[{"width":1024,"height":683,"url":"https:\/\/www.dakarmania.cz\/wp-content\/uploads\/2020\/02\/prodrive-dakar-t1.jpg","type":"image\/jpeg"}],"author":"Zden\u011bk Zelenka","twitter_card":"summary_large_image","twitter_misc":{"Napsal(a)":"Zden\u011bk Zelenka","Odhadovan\u00e1 doba \u010dten\u00ed":"2 minuty"},"schema":{"@context":"https:\/\/schema.org","@graph":[{"@type":"Article","@id":"https:\/\/www.dakarmania.cz\/index.php\/2020\/02\/05\/prodrive-miri-na-dakar-2021\/#article","isPartOf":{"@id":"https:\/\/www.dakarmania.cz\/index.php\/2020\/02\/05\/prodrive-miri-na-dakar-2021\/"},"author":{"name":"Zden\u011bk Zelenka","@id":"https:\/\/www.dakarmania.cz\/#\/schema\/person\/04eb0e87a389631c2169c0dddae7ff1e"},"headline":"Prodrive m\u00ed\u0159\u00ed na Dakar 2021","datePublished":"2020-02-05T13:35:28+00:00","dateModified":"2020-05-11T12:21:50+00:00","mainEntityOfPage":{"@id":"https:\/\/www.dakarmania.cz\/index.php\/2020\/02\/05\/prodrive-miri-na-dakar-2021\/"},"wordCount":493,"commentCount":0,"publisher":{"@id":"https:\/\/www.dakarmania.cz\/#organization"},"image":{"@id":"https:\/\/www.dakarmania.cz\/index.php\/2020\/02\/05\/prodrive-miri-na-dakar-2021\/#primaryimage"},"thumbnailUrl":"https:\/\/www.dakarmania.cz\/wp-content\/uploads\/2020\/02\/prodrive-dakar-t1.jpg","keywords":["2020","2021","Dakar","Dakar 2021","David Richards","Prodrive"],"articleSection":["Auto","Dakar 2021"],"inLanguage":"cs","potentialAction":[{"@type":"CommentAction","name":"Comment","target":["https:\/\/www.dakarmania.cz\/index.php\/2020\/02\/05\/prodrive-miri-na-dakar-2021\/#respond"]}]},{"@type":"WebPage","@id":"https:\/\/www.dakarmania.cz\/index.php\/2020\/02\/05\/prodrive-miri-na-dakar-2021\/","url":"https:\/\/www.dakarmania.cz\/index.php\/2020\/02\/05\/prodrive-miri-na-dakar-2021\/","name":"Prodrive m\u00ed\u0159\u00ed na Dakar 2021 - DAKARMANIA.cz","isPartOf":{"@id":"https:\/\/www.dakarmania.cz\/#website"},"primaryImageOfPage":{"@id":"https:\/\/www.dakarmania.cz\/index.php\/2020\/02\/05\/prodrive-miri-na-dakar-2021\/#primaryimage"},"image":{"@id":"https:\/\/www.dakarmania.cz\/index.php\/2020\/02\/05\/prodrive-miri-na-dakar-2021\/#primaryimage"},"thumbnailUrl":"https:\/\/www.dakarmania.cz\/wp-content\/uploads\/2020\/02\/prodrive-dakar-t1.jpg","datePublished":"2020-02-05T13:35:28+00:00","dateModified":"2020-05-11T12:21:50+00:00","description":"Toyot\u011b a Mini se postav\u00ed dal\u0161\u00ed ambici\u00f3zn\u00ed soupe\u0159. Renomovan\u00e1 britsk\u00e9 spole\u010dnost Prodrive vy\u0161le sv\u016fj t\u00fdm na Dakar u\u017e p\u0159\u00ed\u0161t\u00ed rok.","breadcrumb":{"@id":"https:\/\/www.dakarmania.cz\/index.php\/2020\/02\/05\/prodrive-miri-na-dakar-2021\/#breadcrumb"},"inLanguage":"cs","potentialAction":[{"@type":"ReadAction","target":["https:\/\/www.dakarmania.cz\/index.php\/2020\/02\/05\/prodrive-miri-na-dakar-2021\/"]}]},{"@type":"ImageObject","inLanguage":"cs","@id":"https:\/\/www.dakarmania.cz\/index.php\/2020\/02\/05\/prodrive-miri-na-dakar-2021\/#primaryimage","url":"https:\/\/www.dakarmania.cz\/wp-content\/uploads\/2020\/02\/prodrive-dakar-t1.jpg","contentUrl":"https:\/\/www.dakarmania.cz\/wp-content\/uploads\/2020\/02\/prodrive-dakar-t1.jpg","width":1024,"height":683,"caption":"Vizualizace speci\u00e1lu kategorie T1 spole\u010dnosti Prodrive International pro Rally Dakar. \u00a9 Prodrive"},{"@type":"BreadcrumbList","@id":"https:\/\/www.dakarmania.cz\/index.php\/2020\/02\/05\/prodrive-miri-na-dakar-2021\/#breadcrumb","itemListElement":[{"@type":"ListItem","position":1,"name":"Dom\u016f","item":"https:\/\/www.dakarmania.cz\/"},{"@type":"ListItem","position":2,"name":"Prodrive m\u00ed\u0159\u00ed na Dakar 2021"}]},{"@type":"WebSite","@id":"https:\/\/www.dakarmania.cz\/#website","url":"https:\/\/www.dakarmania.cz\/","name":"DAKARMANIA.cz","description":"\u017dijeme Dakarem cel\u00fd rok","publisher":{"@id":"https:\/\/www.dakarmania.cz\/#organization"},"potentialAction":[{"@type":"SearchAction","target":{"@type":"EntryPoint","urlTemplate":"https:\/\/www.dakarmania.cz\/?s={search_term_string}"},"query-input":{"@type":"PropertyValueSpecification","valueRequired":true,"valueName":"search_term_string"}}],"inLanguage":"cs"},{"@type":"Organization","@id":"https:\/\/www.dakarmania.cz\/#organization","name":"DAKAR MANIA","url":"https:\/\/www.dakarmania.cz\/","logo":{"@type":"ImageObject","inLanguage":"cs","@id":"https:\/\/www.dakarmania.cz\/#\/schema\/logo\/image\/","url":"https:\/\/www.dakarmania.cz\/wp-content\/uploads\/2018\/12\/Dakar-Mania-Logo-Square-Orange.png","contentUrl":"https:\/\/www.dakarmania.cz\/wp-content\/uploads\/2018\/12\/Dakar-Mania-Logo-Square-Orange.png","width":992,"height":992,"caption":"DAKAR MANIA"},"image":{"@id":"https:\/\/www.dakarmania.cz\/#\/schema\/logo\/image\/"},"sameAs":["https:\/\/www.facebook.com\/dakarmania\/"]},{"@type":"Person","@id":"https:\/\/www.dakarmania.cz\/#\/schema\/person\/04eb0e87a389631c2169c0dddae7ff1e","name":"Zden\u011bk Zelenka","image":{"@type":"ImageObject","inLanguage":"cs","@id":"https:\/\/www.dakarmania.cz\/#\/schema\/person\/image\/","url":"https:\/\/secure.gravatar.com\/avatar\/2c80d5a4942fe0900b73cc7d3837a509d6ee0a276a2b76dac95c92bd0763a89b?s=96&d=mm&r=g","contentUrl":"https:\/\/secure.gravatar.com\/avatar\/2c80d5a4942fe0900b73cc7d3837a509d6ee0a276a2b76dac95c92bd0763a89b?s=96&d=mm&r=g","caption":"Zden\u011bk Zelenka"},"description":"Moji d\u011bt\u0161t\u00ed hrdinov\u00e9 se jmenovali Loprais, Moskal, Neveu, Vatanen, Rahier... A tihle borci, jejich n\u00e1sledovn\u00edci a jejich p\u0159\u00edb\u011bhy m\u011b nep\u0159estali fascinovat ani po letech, kdy jsem vyrostl a zam\u011bstn\u00e1valy m\u011b jin\u00e9 discipl\u00edny motorsportu. Proto se zrodila DAKARMANIA.","url":"https:\/\/www.dakarmania.cz\/index.php\/author\/dakarmania\/"}]}},"amp_enabled":true,"_links":{"self":[{"href":"https:\/\/www.dakarmania.cz\/index.php\/wp-json\/wp\/v2\/posts\/15312","targetHints":{"allow":["GET"]}}],"collection":[{"href":"https:\/\/www.dakarmania.cz\/index.php\/wp-json\/wp\/v2\/posts"}],"about":[{"href":"https:\/\/www.dakarmania.cz\/index.php\/wp-json\/wp\/v2\/types\/post"}],"author":[{"embeddable":true,"href":"https:\/\/www.dakarmania.cz\/index.php\/wp-json\/wp\/v2\/users\/1"}],"replies":[{"embeddable":true,"href":"https:\/\/www.dakarmania.cz\/index.php\/wp-json\/wp\/v2\/comments?post=15312"}],"version-history":[{"count":5,"href":"https:\/\/www.dakarmania.cz\/index.php\/wp-json\/wp\/v2\/posts\/15312\/revisions"}],"predecessor-version":[{"id":15556,"href":"https:\/\/www.dakarmania.cz\/index.php\/wp-json\/wp\/v2\/posts\/15312\/revisions\/15556"}],"wp:featuredmedia":[{"embeddable":true,"href":"https:\/\/www.dakarmania.cz\/index.php\/wp-json\/wp\/v2\/media\/15311"}],"wp:attachment":[{"href":"https:\/\/www.dakarmania.cz\/index.php\/wp-json\/wp\/v2\/media?parent=15312"}],"wp:term":[{"taxonomy":"category","embeddable":true,"href":"https:\/\/www.dakarmania.cz\/index.php\/wp-json\/wp\/v2\/categories?post=15312"},{"taxonomy":"post_tag","embeddable":true,"href":"https:\/\/www.dakarmania.cz\/index.php\/wp-json\/wp\/v2\/tags?post=15312"}],"curies":[{"name":"wp","href":"https:\/\/api.w.org\/{rel}","templated":true}]}}