{"id":1534,"date":"2019-01-08T13:09:19","date_gmt":"2019-01-08T13:09:19","guid":{"rendered":"https:\/\/www.dakarmania.cz\/?p=1534"},"modified":"2019-01-08T13:44:55","modified_gmt":"2019-01-08T13:44:55","slug":"dakar-2019-obhajce-varela-vede-rouckova-uvizla","status":"publish","type":"post","link":"https:\/\/www.dakarmania.cz\/index.php\/2019\/01\/08\/dakar-2019-obhajce-varela-vede-rouckova-uvizla\/","title":{"rendered":"Dakar 2019: Obh\u00e1jce Varela vede, Rou\u010dkov\u00e1 uv\u00edzla"},"content":{"rendered":"<p>[vc_row][vc_column][vc_column_text]<\/p>\n<h4>V kategorii SxS zv\u00edt\u011bzila v prvn\u00ed etap\u011b Rally Dakar 2019 brazilsk\u00e1 dvojice Reinaldo Varela, Gustavo Gugelmin, je\u017e s buggy Can-Am Maverick X3 obhajuje celkov\u00e9 v\u00edt\u011bzstv\u00ed z p\u0159edchoz\u00edho ro\u010dn\u00edku.<\/h4>\n<p>\u010c\u00edm d\u00e1l popul\u00e1rn\u011bj\u0161\u00ed t\u0159\u00edda SxS je na Dakaru samostatn\u011b vyps\u00e1na pot\u0159et\u00ed a jej\u00ed v\u00edt\u011bzov\u00e9 zat\u00edm poch\u00e1zej\u00ed pouze z Braz\u00edlie. V roce 2017 se radovali Varelovi krajan\u00e9 Leandro Torres a Lourival Roldan.<\/p>\n<p>Od t\u00e9 doby ale konkurence mezi mal\u00fdmi buginami neoby\u010dejn\u011b vzrostla. Zat\u00edmco p\u0159ed dv\u011bma lety bojovalo o v\u00edt\u011bzstv\u00ed v SxS pouh\u00fdch osm pos\u00e1dek a loni jich bylo jen o t\u0159i v\u00edc, letos se na startu se\u0161la rovn\u00e1 t\u0159ic\u00edtka stroj\u016f. Za volant SxS nav\u00edc usedly i n\u011bkter\u00e9 dakarsk\u00e9 hv\u011bzdy, kter\u00e9 d\u0159\u00edve sb\u00edraly \u00fasp\u011bchy v jin\u00fdch kategori\u00edch.<\/p>\n<p>59let\u00fd Varela v dun\u00e1ch u Pisca potvrdil, \u017ee se dok\u00e1\u017ee prosadit i v nabit\u00e9m startovn\u00edm poli. Na 84kilometrov\u00e9 speci\u00e1lce byl o minutu a 27 sekund rychlej\u0161\u00ed ne\u017e dakarsk\u00fd navr\u00e1tilec \u201eChaleco\u201c L\u00f3pez z Chile, jen\u017e v letech 2010 a 2013 vybojoval na Dakaru t\u0159et\u00ed m\u00edsto v kategorii motocykl\u016f.<\/p>\n<p>T\u0159et\u00ed p\u0159\u00ed\u010dku v pond\u011bl\u00ed obsadil Gerard Farres Guell. \u0160pan\u011bl byl t\u0159et\u00ed mezi motocyklisty v roce 2017 a p\u0159ed rokem se s touto kategori\u00ed rozlou\u010dil p\u00e1t\u00fdm m\u00edstem.[\/vc_column_text][vc_single_image image=&#8221;1533&#8243; img_size=&#8221;large&#8221; add_caption=&#8221;yes&#8221; alignment=&#8221;center&#8221;][vc_separator][vc_column_text]T\u011bsn\u011b za medailov\u00fdmi pozicemi dojel do c\u00edle lo\u0148sk\u00fd v\u00edt\u011bz kategorie \u010dty\u0159kolek Ignacio Casale. Chilan\u016fv n\u011bkdej\u0161\u00ed velk\u00fd soupe\u0159 Sergej Karjakin, kter\u00fd na Dakaru triumfoval v hodnocen\u00ed quad\u016f v roce 2017, je pr\u016fb\u011b\u017en\u011b osm\u00fd (+5:03).<\/p>\n<p>Olga Rou\u010dkov\u00e1 s Danielem Zelenkou dokon\u010dili \u00favodn\u00ed test s t\u0159i\u010dtvrt\u011bhodinovou ztr\u00e1tou na posledn\u00edm m\u00edst\u011b. Pos\u00e1dka t\u00fdmu Moto Racing Group zahrabala sv\u016fj Can-Am Maverick X3 XRS na jedn\u00e9 z dun, \u010d\u00edm\u017e ztratila p\u0159ibli\u017en\u011b \u010dtvrt hodiny.<\/p>\n<p><em>\u201eJeli jsme tak maxim\u00e1ln\u011b na pades\u00e1t procent, mo\u017en\u00e1 na t\u0159icet \u010dty\u0159icet. Necht\u011bla jsem to \u0161tv\u00e1t,\u201c<\/em> p\u0159izn\u00e1v\u00e1 <strong>Olga Rou\u010dkov\u00e1<\/strong>. <em>\u201eJsme r\u00e1di, \u017ee jsme v c\u00edli. Hlavn\u011b Dan, kter\u00fd m\u00e1 za sebou debut na Dakaru a byl v\u00fdborn\u00fd. Je vid\u011bt, \u017ee jsme sehran\u00ed.\u201c<\/em><\/p>\n<p>V \u00fater\u00fd 8. ledna se sout\u011b\u017en\u00ed pos\u00e1dky vydaj\u00ed d\u00e1le na jih do m\u011bsta San Juan de Marcona. Z celkov\u00fdch 553 kilometr\u016f se na \u010das pojede speci\u00e1lka dlouh\u00e1 342 km.[\/vc_column_text][vc_column_text]<\/p>\n<table style=\"width: 97.7654%; height: 168px;\" cellpadding=\"10\">\n<thead>\n<tr style=\"background-color: #ff7d0e;\">\n<td style=\"width: 98.8764%; height: 24px;\" colspan=\"4\"><strong>Rally Dakar 2019 &#8211; SxS po 1. etap\u011b<\/strong><\/td>\n<\/tr>\n<\/thead>\n<tbody>\n<tr style=\"height: 24px;\">\n<td style=\"width: 6.51685%; height: 24px;\">1.<\/td>\n<td style=\"width: 39.7999%; height: 24px;\">Varela \/ Gugelmin<\/td>\n<td style=\"width: 29.0765%; height: 24px;\">Can-Am<\/td>\n<td style=\"width: 23.4831%; height: 24px;\">1:11:13<\/td>\n<\/tr>\n<tr style=\"height: 24px;\">\n<td style=\"width: 6.51685%; height: 24px;\">2.<\/td>\n<td style=\"width: 39.7999%; height: 24px;\">Lopez Contardo \/ Leon Quintanilla<\/td>\n<td style=\"width: 29.0765%; height: 24px;\">Can-Am<\/td>\n<td style=\"width: 23.4831%; height: 24px;\">+1:27<\/td>\n<\/tr>\n<tr style=\"height: 24px;\">\n<td style=\"width: 6.51685%; height: 24px;\">3.<\/td>\n<td style=\"width: 39.7999%; height: 24px;\">Farres Guell \/ Oliveras Carreras<\/td>\n<td style=\"width: 29.0765%; height: 24px;\">Can-Am<\/td>\n<td style=\"width: 23.4831%; height: 24px;\">+2:32<\/td>\n<\/tr>\n<tr style=\"height: 24px;\">\n<td style=\"width: 6.51685%; height: 24px;\">4.<\/td>\n<td style=\"width: 39.7999%; height: 24px;\">Casale \/ Aliaga<\/td>\n<td style=\"width: 29.0765%; height: 24px;\">Yamaha<\/td>\n<td style=\"width: 23.4831%; height: 24px;\">+3:39<\/td>\n<\/tr>\n<tr style=\"height: 24px;\">\n<td style=\"width: 6.51685%; height: 24px;\">5.<\/td>\n<td style=\"width: 39.7999%; height: 24px;\">Moreno Piazzoli \/ Araya Diaz<\/td>\n<td style=\"width: 29.0765%; height: 24px;\">Can-Am<\/td>\n<td style=\"width: 23.4831%; height: 24px;\">+3:44<\/td>\n<\/tr>\n<tr style=\"height: 24px;\">\n<td style=\"width: 6.51685%; height: 24px;\">30.<\/td>\n<td style=\"width: 39.7999%; height: 24px;\">Rou\u010dkov\u00e1 \/ Zelenka<\/td>\n<td style=\"width: 29.0765%; height: 24px;\">Can-Am<\/td>\n<td style=\"width: 23.4831%; height: 24px;\">+45:32<\/td>\n<\/tr>\n<\/tbody>\n<\/table>\n<p>[\/vc_column_text][\/vc_column][\/vc_row]<\/p>\n","protected":false},"excerpt":{"rendered":"<p>[vc_row][vc_column][vc_column_text] V kategorii SxS zv\u00edt\u011bzila v prvn\u00ed etap\u011b Rally Dakar 2019 brazilsk\u00e1 dvojice Reinaldo Varela, Gustavo Gugelmin, je\u017e s buggy Can-Am Maverick X3 obhajuje celkov\u00e9 v\u00edt\u011bzstv\u00ed z p\u0159edchoz\u00edho ro\u010dn\u00edku. \u010c\u00edm d\u00e1l popul\u00e1rn\u011bj\u0161\u00ed t\u0159\u00edda SxS je na Dakaru samostatn\u011b vyps\u00e1na pot\u0159et\u00ed a jej\u00ed v\u00edt\u011bzov\u00e9 zat\u00edm poch\u00e1zej\u00ed pouze z Braz\u00edlie. V roce 2017 se radovali Varelovi krajan\u00e9 [&hellip;]<\/p>\n","protected":false},"author":1,"featured_media":1532,"comment_status":"open","ping_status":"closed","sticky":false,"template":"","format":"standard","meta":{"footnotes":""},"categories":[2,90],"tags":[95,8,9,94,206,74,75,93,205],"class_list":["post-1534","post","type-post","status-publish","format-standard","has-post-thumbnail","hentry","category-dakar","category-sxs","tag-can-am","tag-dakar","tag-dakar-2019","tag-daniel-zelenka","tag-gustavo-gugelmin","tag-moto-racing-group","tag-mrg","tag-olga-rouckova","tag-reinaldo-varela"],"yoast_head":"<!-- This site is optimized with the Yoast SEO plugin v24.9 - https:\/\/yoast.com\/wordpress\/plugins\/seo\/ -->\n<title>Dakar 2019: Obh\u00e1jce Varela vede, Rou\u010dkov\u00e1 uv\u00edzla - DAKARMANIA.cz<\/title>\n<meta name=\"description\" content=\"V kategorii SxS zv\u00edt\u011bzila v prvn\u00ed etap\u011b Rally Dakar 2019 brazilsk\u00e1 dvojice Reinaldo Varela, Gustavo Gugelmin, je\u017e s buggy Can-Am obhajuje celkov\u00e9 v\u00edt\u011bzstv\u00ed.\" \/>\n<meta name=\"robots\" content=\"index, follow, max-snippet:-1, max-image-preview:large, max-video-preview:-1\" \/>\n<link rel=\"canonical\" href=\"https:\/\/www.dakarmania.cz\/index.php\/2019\/01\/08\/dakar-2019-obhajce-varela-vede-rouckova-uvizla\/\" \/>\n<meta property=\"og:locale\" content=\"cs_CZ\" \/>\n<meta property=\"og:type\" content=\"article\" \/>\n<meta property=\"og:title\" content=\"Dakar 2019: Obh\u00e1jce Varela vede, Rou\u010dkov\u00e1 uv\u00edzla - DAKARMANIA.cz\" \/>\n<meta property=\"og:description\" content=\"V kategorii SxS zv\u00edt\u011bzila v prvn\u00ed etap\u011b Rally Dakar 2019 brazilsk\u00e1 dvojice Reinaldo Varela, Gustavo Gugelmin, je\u017e s buggy Can-Am obhajuje celkov\u00e9 v\u00edt\u011bzstv\u00ed.\" \/>\n<meta property=\"og:url\" content=\"https:\/\/www.dakarmania.cz\/index.php\/2019\/01\/08\/dakar-2019-obhajce-varela-vede-rouckova-uvizla\/\" \/>\n<meta property=\"og:site_name\" content=\"DAKARMANIA.cz\" \/>\n<meta property=\"article:publisher\" content=\"https:\/\/www.facebook.com\/dakarmania\/\" \/>\n<meta property=\"article:published_time\" content=\"2019-01-08T13:09:19+00:00\" \/>\n<meta property=\"article:modified_time\" content=\"2019-01-08T13:44:55+00:00\" \/>\n<meta property=\"og:image\" content=\"https:\/\/www.dakarmania.cz\/wp-content\/uploads\/2019\/01\/19-dakar-varela01.jpg\" \/>\n\t<meta property=\"og:image:width\" content=\"2048\" \/>\n\t<meta property=\"og:image:height\" content=\"1365\" \/>\n\t<meta property=\"og:image:type\" content=\"image\/jpeg\" \/>\n<meta name=\"author\" content=\"Zden\u011bk Zelenka\" \/>\n<meta name=\"twitter:card\" content=\"summary_large_image\" \/>\n<meta name=\"twitter:label1\" content=\"Napsal(a)\" \/>\n\t<meta name=\"twitter:data1\" content=\"Zden\u011bk Zelenka\" \/>\n\t<meta name=\"twitter:label2\" content=\"Odhadovan\u00e1 doba \u010dten\u00ed\" \/>\n\t<meta name=\"twitter:data2\" content=\"2 minuty\" \/>\n<script type=\"application\/ld+json\" class=\"yoast-schema-graph\">{\"@context\":\"https:\/\/schema.org\",\"@graph\":[{\"@type\":\"Article\",\"@id\":\"https:\/\/www.dakarmania.cz\/index.php\/2019\/01\/08\/dakar-2019-obhajce-varela-vede-rouckova-uvizla\/#article\",\"isPartOf\":{\"@id\":\"https:\/\/www.dakarmania.cz\/index.php\/2019\/01\/08\/dakar-2019-obhajce-varela-vede-rouckova-uvizla\/\"},\"author\":{\"name\":\"Zden\u011bk Zelenka\",\"@id\":\"https:\/\/www.dakarmania.cz\/#\/schema\/person\/04eb0e87a389631c2169c0dddae7ff1e\"},\"headline\":\"Dakar 2019: Obh\u00e1jce Varela vede, Rou\u010dkov\u00e1 uv\u00edzla\",\"datePublished\":\"2019-01-08T13:09:19+00:00\",\"dateModified\":\"2019-01-08T13:44:55+00:00\",\"mainEntityOfPage\":{\"@id\":\"https:\/\/www.dakarmania.cz\/index.php\/2019\/01\/08\/dakar-2019-obhajce-varela-vede-rouckova-uvizla\/\"},\"wordCount\":496,\"commentCount\":0,\"publisher\":{\"@id\":\"https:\/\/www.dakarmania.cz\/#organization\"},\"image\":{\"@id\":\"https:\/\/www.dakarmania.cz\/index.php\/2019\/01\/08\/dakar-2019-obhajce-varela-vede-rouckova-uvizla\/#primaryimage\"},\"thumbnailUrl\":\"https:\/\/www.dakarmania.cz\/wp-content\/uploads\/2019\/01\/19-dakar-varela01.jpg\",\"keywords\":[\"Can-Am\",\"Dakar\",\"Dakar 2019\",\"Daniel Zelenka\",\"Gustavo Gugelmin\",\"Moto Racing Group\",\"MRG\",\"Olga Rou\u010dkov\u00e1\",\"Reinaldo Varela\"],\"articleSection\":[\"Rally Dakar\",\"S\u00d7S\"],\"inLanguage\":\"cs\",\"potentialAction\":[{\"@type\":\"CommentAction\",\"name\":\"Comment\",\"target\":[\"https:\/\/www.dakarmania.cz\/index.php\/2019\/01\/08\/dakar-2019-obhajce-varela-vede-rouckova-uvizla\/#respond\"]}]},{\"@type\":\"WebPage\",\"@id\":\"https:\/\/www.dakarmania.cz\/index.php\/2019\/01\/08\/dakar-2019-obhajce-varela-vede-rouckova-uvizla\/\",\"url\":\"https:\/\/www.dakarmania.cz\/index.php\/2019\/01\/08\/dakar-2019-obhajce-varela-vede-rouckova-uvizla\/\",\"name\":\"Dakar 2019: Obh\u00e1jce Varela vede, Rou\u010dkov\u00e1 uv\u00edzla - DAKARMANIA.cz\",\"isPartOf\":{\"@id\":\"https:\/\/www.dakarmania.cz\/#website\"},\"primaryImageOfPage\":{\"@id\":\"https:\/\/www.dakarmania.cz\/index.php\/2019\/01\/08\/dakar-2019-obhajce-varela-vede-rouckova-uvizla\/#primaryimage\"},\"image\":{\"@id\":\"https:\/\/www.dakarmania.cz\/index.php\/2019\/01\/08\/dakar-2019-obhajce-varela-vede-rouckova-uvizla\/#primaryimage\"},\"thumbnailUrl\":\"https:\/\/www.dakarmania.cz\/wp-content\/uploads\/2019\/01\/19-dakar-varela01.jpg\",\"datePublished\":\"2019-01-08T13:09:19+00:00\",\"dateModified\":\"2019-01-08T13:44:55+00:00\",\"description\":\"V kategorii SxS zv\u00edt\u011bzila v prvn\u00ed etap\u011b Rally Dakar 2019 brazilsk\u00e1 dvojice Reinaldo Varela, Gustavo Gugelmin, je\u017e s buggy Can-Am obhajuje celkov\u00e9 v\u00edt\u011bzstv\u00ed.\",\"breadcrumb\":{\"@id\":\"https:\/\/www.dakarmania.cz\/index.php\/2019\/01\/08\/dakar-2019-obhajce-varela-vede-rouckova-uvizla\/#breadcrumb\"},\"inLanguage\":\"cs\",\"potentialAction\":[{\"@type\":\"ReadAction\",\"target\":[\"https:\/\/www.dakarmania.cz\/index.php\/2019\/01\/08\/dakar-2019-obhajce-varela-vede-rouckova-uvizla\/\"]}]},{\"@type\":\"ImageObject\",\"inLanguage\":\"cs\",\"@id\":\"https:\/\/www.dakarmania.cz\/index.php\/2019\/01\/08\/dakar-2019-obhajce-varela-vede-rouckova-uvizla\/#primaryimage\",\"url\":\"https:\/\/www.dakarmania.cz\/wp-content\/uploads\/2019\/01\/19-dakar-varela01.jpg\",\"contentUrl\":\"https:\/\/www.dakarmania.cz\/wp-content\/uploads\/2019\/01\/19-dakar-varela01.jpg\",\"width\":2048,\"height\":1365,\"caption\":\"Reinaldo Varela\/Gustavo Gugelmin, Can-Am Maverick X3, Monster Energy Can-Am. Rally Dakar 2018. \u00a9 Can-Am\"},{\"@type\":\"BreadcrumbList\",\"@id\":\"https:\/\/www.dakarmania.cz\/index.php\/2019\/01\/08\/dakar-2019-obhajce-varela-vede-rouckova-uvizla\/#breadcrumb\",\"itemListElement\":[{\"@type\":\"ListItem\",\"position\":1,\"name\":\"Dom\u016f\",\"item\":\"https:\/\/www.dakarmania.cz\/\"},{\"@type\":\"ListItem\",\"position\":2,\"name\":\"Dakar 2019: Obh\u00e1jce Varela vede, Rou\u010dkov\u00e1 uv\u00edzla\"}]},{\"@type\":\"WebSite\",\"@id\":\"https:\/\/www.dakarmania.cz\/#website\",\"url\":\"https:\/\/www.dakarmania.cz\/\",\"name\":\"DAKARMANIA.cz\",\"description\":\"\u017dijeme Dakarem cel\u00fd rok\",\"publisher\":{\"@id\":\"https:\/\/www.dakarmania.cz\/#organization\"},\"potentialAction\":[{\"@type\":\"SearchAction\",\"target\":{\"@type\":\"EntryPoint\",\"urlTemplate\":\"https:\/\/www.dakarmania.cz\/?s={search_term_string}\"},\"query-input\":{\"@type\":\"PropertyValueSpecification\",\"valueRequired\":true,\"valueName\":\"search_term_string\"}}],\"inLanguage\":\"cs\"},{\"@type\":\"Organization\",\"@id\":\"https:\/\/www.dakarmania.cz\/#organization\",\"name\":\"DAKAR MANIA\",\"url\":\"https:\/\/www.dakarmania.cz\/\",\"logo\":{\"@type\":\"ImageObject\",\"inLanguage\":\"cs\",\"@id\":\"https:\/\/www.dakarmania.cz\/#\/schema\/logo\/image\/\",\"url\":\"https:\/\/www.dakarmania.cz\/wp-content\/uploads\/2018\/12\/Dakar-Mania-Logo-Square-Orange.png\",\"contentUrl\":\"https:\/\/www.dakarmania.cz\/wp-content\/uploads\/2018\/12\/Dakar-Mania-Logo-Square-Orange.png\",\"width\":992,\"height\":992,\"caption\":\"DAKAR MANIA\"},\"image\":{\"@id\":\"https:\/\/www.dakarmania.cz\/#\/schema\/logo\/image\/\"},\"sameAs\":[\"https:\/\/www.facebook.com\/dakarmania\/\"]},{\"@type\":\"Person\",\"@id\":\"https:\/\/www.dakarmania.cz\/#\/schema\/person\/04eb0e87a389631c2169c0dddae7ff1e\",\"name\":\"Zden\u011bk Zelenka\",\"image\":{\"@type\":\"ImageObject\",\"inLanguage\":\"cs\",\"@id\":\"https:\/\/www.dakarmania.cz\/#\/schema\/person\/image\/\",\"url\":\"https:\/\/secure.gravatar.com\/avatar\/2c80d5a4942fe0900b73cc7d3837a509d6ee0a276a2b76dac95c92bd0763a89b?s=96&d=mm&r=g\",\"contentUrl\":\"https:\/\/secure.gravatar.com\/avatar\/2c80d5a4942fe0900b73cc7d3837a509d6ee0a276a2b76dac95c92bd0763a89b?s=96&d=mm&r=g\",\"caption\":\"Zden\u011bk Zelenka\"},\"description\":\"Moji d\u011bt\u0161t\u00ed hrdinov\u00e9 se jmenovali Loprais, Moskal, Neveu, Vatanen, Rahier... A tihle borci, jejich n\u00e1sledovn\u00edci a jejich p\u0159\u00edb\u011bhy m\u011b nep\u0159estali fascinovat ani po letech, kdy jsem vyrostl a zam\u011bstn\u00e1valy m\u011b jin\u00e9 discipl\u00edny motorsportu. Proto se zrodila DAKARMANIA.\",\"url\":\"https:\/\/www.dakarmania.cz\/index.php\/author\/dakarmania\/\"}]}<\/script>\n<!-- \/ Yoast SEO plugin. -->","yoast_head_json":{"title":"Dakar 2019: Obh\u00e1jce Varela vede, Rou\u010dkov\u00e1 uv\u00edzla - DAKARMANIA.cz","description":"V kategorii SxS zv\u00edt\u011bzila v prvn\u00ed etap\u011b Rally Dakar 2019 brazilsk\u00e1 dvojice Reinaldo Varela, Gustavo Gugelmin, je\u017e s buggy Can-Am obhajuje celkov\u00e9 v\u00edt\u011bzstv\u00ed.","robots":{"index":"index","follow":"follow","max-snippet":"max-snippet:-1","max-image-preview":"max-image-preview:large","max-video-preview":"max-video-preview:-1"},"canonical":"https:\/\/www.dakarmania.cz\/index.php\/2019\/01\/08\/dakar-2019-obhajce-varela-vede-rouckova-uvizla\/","og_locale":"cs_CZ","og_type":"article","og_title":"Dakar 2019: Obh\u00e1jce Varela vede, Rou\u010dkov\u00e1 uv\u00edzla - DAKARMANIA.cz","og_description":"V kategorii SxS zv\u00edt\u011bzila v prvn\u00ed etap\u011b Rally Dakar 2019 brazilsk\u00e1 dvojice Reinaldo Varela, Gustavo Gugelmin, je\u017e s buggy Can-Am obhajuje celkov\u00e9 v\u00edt\u011bzstv\u00ed.","og_url":"https:\/\/www.dakarmania.cz\/index.php\/2019\/01\/08\/dakar-2019-obhajce-varela-vede-rouckova-uvizla\/","og_site_name":"DAKARMANIA.cz","article_publisher":"https:\/\/www.facebook.com\/dakarmania\/","article_published_time":"2019-01-08T13:09:19+00:00","article_modified_time":"2019-01-08T13:44:55+00:00","og_image":[{"width":2048,"height":1365,"url":"https:\/\/www.dakarmania.cz\/wp-content\/uploads\/2019\/01\/19-dakar-varela01.jpg","type":"image\/jpeg"}],"author":"Zden\u011bk Zelenka","twitter_card":"summary_large_image","twitter_misc":{"Napsal(a)":"Zden\u011bk Zelenka","Odhadovan\u00e1 doba \u010dten\u00ed":"2 minuty"},"schema":{"@context":"https:\/\/schema.org","@graph":[{"@type":"Article","@id":"https:\/\/www.dakarmania.cz\/index.php\/2019\/01\/08\/dakar-2019-obhajce-varela-vede-rouckova-uvizla\/#article","isPartOf":{"@id":"https:\/\/www.dakarmania.cz\/index.php\/2019\/01\/08\/dakar-2019-obhajce-varela-vede-rouckova-uvizla\/"},"author":{"name":"Zden\u011bk Zelenka","@id":"https:\/\/www.dakarmania.cz\/#\/schema\/person\/04eb0e87a389631c2169c0dddae7ff1e"},"headline":"Dakar 2019: Obh\u00e1jce Varela vede, Rou\u010dkov\u00e1 uv\u00edzla","datePublished":"2019-01-08T13:09:19+00:00","dateModified":"2019-01-08T13:44:55+00:00","mainEntityOfPage":{"@id":"https:\/\/www.dakarmania.cz\/index.php\/2019\/01\/08\/dakar-2019-obhajce-varela-vede-rouckova-uvizla\/"},"wordCount":496,"commentCount":0,"publisher":{"@id":"https:\/\/www.dakarmania.cz\/#organization"},"image":{"@id":"https:\/\/www.dakarmania.cz\/index.php\/2019\/01\/08\/dakar-2019-obhajce-varela-vede-rouckova-uvizla\/#primaryimage"},"thumbnailUrl":"https:\/\/www.dakarmania.cz\/wp-content\/uploads\/2019\/01\/19-dakar-varela01.jpg","keywords":["Can-Am","Dakar","Dakar 2019","Daniel Zelenka","Gustavo Gugelmin","Moto Racing Group","MRG","Olga Rou\u010dkov\u00e1","Reinaldo Varela"],"articleSection":["Rally Dakar","S\u00d7S"],"inLanguage":"cs","potentialAction":[{"@type":"CommentAction","name":"Comment","target":["https:\/\/www.dakarmania.cz\/index.php\/2019\/01\/08\/dakar-2019-obhajce-varela-vede-rouckova-uvizla\/#respond"]}]},{"@type":"WebPage","@id":"https:\/\/www.dakarmania.cz\/index.php\/2019\/01\/08\/dakar-2019-obhajce-varela-vede-rouckova-uvizla\/","url":"https:\/\/www.dakarmania.cz\/index.php\/2019\/01\/08\/dakar-2019-obhajce-varela-vede-rouckova-uvizla\/","name":"Dakar 2019: Obh\u00e1jce Varela vede, Rou\u010dkov\u00e1 uv\u00edzla - DAKARMANIA.cz","isPartOf":{"@id":"https:\/\/www.dakarmania.cz\/#website"},"primaryImageOfPage":{"@id":"https:\/\/www.dakarmania.cz\/index.php\/2019\/01\/08\/dakar-2019-obhajce-varela-vede-rouckova-uvizla\/#primaryimage"},"image":{"@id":"https:\/\/www.dakarmania.cz\/index.php\/2019\/01\/08\/dakar-2019-obhajce-varela-vede-rouckova-uvizla\/#primaryimage"},"thumbnailUrl":"https:\/\/www.dakarmania.cz\/wp-content\/uploads\/2019\/01\/19-dakar-varela01.jpg","datePublished":"2019-01-08T13:09:19+00:00","dateModified":"2019-01-08T13:44:55+00:00","description":"V kategorii SxS zv\u00edt\u011bzila v prvn\u00ed etap\u011b Rally Dakar 2019 brazilsk\u00e1 dvojice Reinaldo Varela, Gustavo Gugelmin, je\u017e s buggy Can-Am obhajuje celkov\u00e9 v\u00edt\u011bzstv\u00ed.","breadcrumb":{"@id":"https:\/\/www.dakarmania.cz\/index.php\/2019\/01\/08\/dakar-2019-obhajce-varela-vede-rouckova-uvizla\/#breadcrumb"},"inLanguage":"cs","potentialAction":[{"@type":"ReadAction","target":["https:\/\/www.dakarmania.cz\/index.php\/2019\/01\/08\/dakar-2019-obhajce-varela-vede-rouckova-uvizla\/"]}]},{"@type":"ImageObject","inLanguage":"cs","@id":"https:\/\/www.dakarmania.cz\/index.php\/2019\/01\/08\/dakar-2019-obhajce-varela-vede-rouckova-uvizla\/#primaryimage","url":"https:\/\/www.dakarmania.cz\/wp-content\/uploads\/2019\/01\/19-dakar-varela01.jpg","contentUrl":"https:\/\/www.dakarmania.cz\/wp-content\/uploads\/2019\/01\/19-dakar-varela01.jpg","width":2048,"height":1365,"caption":"Reinaldo Varela\/Gustavo Gugelmin, Can-Am Maverick X3, Monster Energy Can-Am. Rally Dakar 2018. \u00a9 Can-Am"},{"@type":"BreadcrumbList","@id":"https:\/\/www.dakarmania.cz\/index.php\/2019\/01\/08\/dakar-2019-obhajce-varela-vede-rouckova-uvizla\/#breadcrumb","itemListElement":[{"@type":"ListItem","position":1,"name":"Dom\u016f","item":"https:\/\/www.dakarmania.cz\/"},{"@type":"ListItem","position":2,"name":"Dakar 2019: Obh\u00e1jce Varela vede, Rou\u010dkov\u00e1 uv\u00edzla"}]},{"@type":"WebSite","@id":"https:\/\/www.dakarmania.cz\/#website","url":"https:\/\/www.dakarmania.cz\/","name":"DAKARMANIA.cz","description":"\u017dijeme Dakarem cel\u00fd rok","publisher":{"@id":"https:\/\/www.dakarmania.cz\/#organization"},"potentialAction":[{"@type":"SearchAction","target":{"@type":"EntryPoint","urlTemplate":"https:\/\/www.dakarmania.cz\/?s={search_term_string}"},"query-input":{"@type":"PropertyValueSpecification","valueRequired":true,"valueName":"search_term_string"}}],"inLanguage":"cs"},{"@type":"Organization","@id":"https:\/\/www.dakarmania.cz\/#organization","name":"DAKAR MANIA","url":"https:\/\/www.dakarmania.cz\/","logo":{"@type":"ImageObject","inLanguage":"cs","@id":"https:\/\/www.dakarmania.cz\/#\/schema\/logo\/image\/","url":"https:\/\/www.dakarmania.cz\/wp-content\/uploads\/2018\/12\/Dakar-Mania-Logo-Square-Orange.png","contentUrl":"https:\/\/www.dakarmania.cz\/wp-content\/uploads\/2018\/12\/Dakar-Mania-Logo-Square-Orange.png","width":992,"height":992,"caption":"DAKAR MANIA"},"image":{"@id":"https:\/\/www.dakarmania.cz\/#\/schema\/logo\/image\/"},"sameAs":["https:\/\/www.facebook.com\/dakarmania\/"]},{"@type":"Person","@id":"https:\/\/www.dakarmania.cz\/#\/schema\/person\/04eb0e87a389631c2169c0dddae7ff1e","name":"Zden\u011bk Zelenka","image":{"@type":"ImageObject","inLanguage":"cs","@id":"https:\/\/www.dakarmania.cz\/#\/schema\/person\/image\/","url":"https:\/\/secure.gravatar.com\/avatar\/2c80d5a4942fe0900b73cc7d3837a509d6ee0a276a2b76dac95c92bd0763a89b?s=96&d=mm&r=g","contentUrl":"https:\/\/secure.gravatar.com\/avatar\/2c80d5a4942fe0900b73cc7d3837a509d6ee0a276a2b76dac95c92bd0763a89b?s=96&d=mm&r=g","caption":"Zden\u011bk Zelenka"},"description":"Moji d\u011bt\u0161t\u00ed hrdinov\u00e9 se jmenovali Loprais, Moskal, Neveu, Vatanen, Rahier... A tihle borci, jejich n\u00e1sledovn\u00edci a jejich p\u0159\u00edb\u011bhy m\u011b nep\u0159estali fascinovat ani po letech, kdy jsem vyrostl a zam\u011bstn\u00e1valy m\u011b jin\u00e9 discipl\u00edny motorsportu. Proto se zrodila DAKARMANIA.","url":"https:\/\/www.dakarmania.cz\/index.php\/author\/dakarmania\/"}]}},"amp_enabled":true,"_links":{"self":[{"href":"https:\/\/www.dakarmania.cz\/index.php\/wp-json\/wp\/v2\/posts\/1534","targetHints":{"allow":["GET"]}}],"collection":[{"href":"https:\/\/www.dakarmania.cz\/index.php\/wp-json\/wp\/v2\/posts"}],"about":[{"href":"https:\/\/www.dakarmania.cz\/index.php\/wp-json\/wp\/v2\/types\/post"}],"author":[{"embeddable":true,"href":"https:\/\/www.dakarmania.cz\/index.php\/wp-json\/wp\/v2\/users\/1"}],"replies":[{"embeddable":true,"href":"https:\/\/www.dakarmania.cz\/index.php\/wp-json\/wp\/v2\/comments?post=1534"}],"version-history":[{"count":2,"href":"https:\/\/www.dakarmania.cz\/index.php\/wp-json\/wp\/v2\/posts\/1534\/revisions"}],"predecessor-version":[{"id":1536,"href":"https:\/\/www.dakarmania.cz\/index.php\/wp-json\/wp\/v2\/posts\/1534\/revisions\/1536"}],"wp:featuredmedia":[{"embeddable":true,"href":"https:\/\/www.dakarmania.cz\/index.php\/wp-json\/wp\/v2\/media\/1532"}],"wp:attachment":[{"href":"https:\/\/www.dakarmania.cz\/index.php\/wp-json\/wp\/v2\/media?parent=1534"}],"wp:term":[{"taxonomy":"category","embeddable":true,"href":"https:\/\/www.dakarmania.cz\/index.php\/wp-json\/wp\/v2\/categories?post=1534"},{"taxonomy":"post_tag","embeddable":true,"href":"https:\/\/www.dakarmania.cz\/index.php\/wp-json\/wp\/v2\/tags?post=1534"}],"curies":[{"name":"wp","href":"https:\/\/api.w.org\/{rel}","templated":true}]}}