{"id":15414,"date":"2020-03-05T11:37:10","date_gmt":"2020-03-05T10:37:10","guid":{"rendered":"https:\/\/www.dakarmania.cz\/?p=15414"},"modified":"2020-03-05T11:37:48","modified_gmt":"2020-03-05T10:37:48","slug":"dakar-rychle-a-zbesile-2020","status":"publish","type":"post","link":"https:\/\/www.dakarmania.cz\/index.php\/2020\/03\/05\/dakar-rychle-a-zbesile-2020\/","title":{"rendered":"Vyprodan\u00e1 talk show Dakar &#8211; Rychle a zb\u011bsile III"},"content":{"rendered":"<p>[vc_row][vc_column][vc_column_text css_animation=&#8221;fadeIn&#8221;]<\/p>\n<h3>Tom\u00e1\u0161 Ou\u0159edn\u00ed\u010dek a David K\u0159\u00edpal se po dramatick\u00e9m, ale \u00fasp\u011b\u0161n\u00e9m absolvov\u00e1n\u00ed nejnebezpe\u010dn\u011bj\u0161\u00edho Dakaru setkali se sv\u00fdmi fanou\u0161ky. Dakarsk\u00e1 beseda o nejv\u011bt\u0161\u00edm z\u00e1vod\u011b sv\u011bta, kter\u00fd se premi\u00e9rov\u011b konal v Sa\u00fadsk\u00e9 Ar\u00e1bii, byla zcela vyprodan\u00e1.<\/h3>\n<p>[\/vc_column_text][vc_single_image image=&#8221;15412&#8243; img_size=&#8221;large&#8221; add_caption=&#8221;yes&#8221; alignment=&#8221;center&#8221; onclick=&#8221;link_image&#8221; css_animation=&#8221;fadeIn&#8221;][vc_column_text css_animation=&#8221;fadeIn&#8221;]Pos\u00e1dka t\u00fdmu Ultimate Dakar Racing vypr\u00e1v\u011bla neuv\u011b\u0159iteln\u00e9 p\u0159\u00edb\u011bhy, kter\u00e9 se speci\u00e1lem Ford Ranger za\u017e\u00edvala v ka\u017ed\u00e9 ze 12 dakarsk\u00fdch etap. Cel\u00e9 pov\u00edd\u00e1n\u00ed doprov\u00e1zela ak\u010dn\u00ed videa p\u0159\u00edmo z rally nebo autentick\u00e9 t\u00fdmov\u00e9 z\u00e1b\u011bry zachycuj\u00edc\u00ed ty nejn\u00e1ro\u010dn\u011bj\u0161\u00ed momenty v\u010detn\u011b n\u00e1razu holandsk\u00e9ho kamionu, kter\u00fd zcela zdemoloval p\u0159edn\u00ed \u010d\u00e1st speci\u00e1lu \u010desk\u00e9 pos\u00e1dky. Atmosf\u00e9ra Dakaru tak pohltila i ty, kte\u0159\u00ed d\u0159\u00edve rychlou j\u00edzdu sledovali jen okrajov\u011b. Odvahu a nasazen\u00ed <a href=\"\/index.php\/osobnosti\/tomas-ourednicek\/\">Tom\u00e1\u0161e Ou\u0159edn\u00ed\u010dka<\/a> a <a href=\"\/index.php\/osobnosti\/david-kripal\/\">Davida K\u0159\u00edpala<\/a> b\u011bhem <a href=\"\/index.php\/souteze\/dakar-2020\/\">Rally Dakar 2020<\/a> odm\u011bnili div\u00e1ci dlouh\u00fdm potleskem. Pov\u00edd\u00e1n\u00ed zakon\u010dil p\u016flhodinov\u00fd ak\u010dn\u00ed video sest\u0159ih leto\u0161n\u00edho Dakaru. Fanou\u0161ci tak\u00e9 vyu\u017eili mo\u017enost popov\u00eddat si s t\u00fdmem, nechat si podepsat nov\u00fd plak\u00e1t a vyfotit se u dakarsk\u00e9ho speci\u00e1lu Ford Ranger.<\/p>\n<p>Tom\u00e1\u0161 s Davidem pojali tuto akci jako dal\u0161\u00ed pod\u011bkov\u00e1n\u00ed v\u0161em v\u00fdznamn\u00fdm partner\u016fm, t\u00fdmu, rodin\u00e1m i fanou\u0161k\u016fm za jejich podporu b\u011bhem ne\u010dekan\u011b n\u00e1ro\u010dn\u00e9 Rally Dakar 2020. Ani t\u0159i hodiny jim ale nesta\u010dily na to, aby popsali v\u0161echny dramatick\u00e9 z\u00e1\u017eitky.[\/vc_column_text][vc_single_image image=&#8221;15413&#8243; img_size=&#8221;large&#8221; add_caption=&#8221;yes&#8221; alignment=&#8221;center&#8221; onclick=&#8221;link_image&#8221; css_animation=&#8221;fadeIn&#8221;][vc_column_text css_animation=&#8221;fadeIn&#8221;]Pro fanou\u0161ky, na kter\u00e9 kv\u016fli velk\u00e9mu z\u00e1jmu nezbylo m\u00edsto, pl\u00e1nuje t\u00fdm Ultimate Dakar Racing dal\u0161\u00ed akce po cel\u00e9 \u010cesk\u00e9 republice.<\/p>\n<p>Tiskov\u00e1 zpr\u00e1va t\u00fdmu Ultimate Dakar Racing [editov\u00e1no][\/vc_column_text][vc_empty_space height=&#8221;2px&#8221;][\/vc_column][\/vc_row]<\/p>\n","protected":false},"excerpt":{"rendered":"<p>Tom\u00e1\u0161 Ou\u0159edn\u00ed\u010dek a David K\u0159\u00edpal se po dramatick\u00e9m, ale \u00fasp\u011b\u0161n\u00e9m absolvov\u00e1n\u00ed Dakaru 2020 setkali s fanou\u0161ky. Dakarsk\u00e1 beseda byla zcela vyprodan\u00e1.<\/p>\n","protected":false},"author":3,"featured_media":15411,"comment_status":"open","ping_status":"closed","sticky":false,"template":"","format":"standard","meta":{"footnotes":""},"categories":[637],"tags":[903,10,7,1635],"class_list":["post-15414","post","type-post","status-publish","format-standard","has-post-thumbnail","hentry","category-tiskove-zpravy","tag-903","tag-david-kripal","tag-tomas-ourednicek","tag-ultimate-dakar-racing"],"yoast_head":"<!-- This site is optimized with the Yoast SEO plugin v24.9 - https:\/\/yoast.com\/wordpress\/plugins\/seo\/ -->\n<title>Vyprodan\u00e1 talk show Dakar - Rychle a zb\u011bsile III - DAKARMANIA.cz<\/title>\n<meta name=\"description\" content=\"Tom\u00e1\u0161 Ou\u0159edn\u00ed\u010dek a David K\u0159\u00edpal se po dramatick\u00e9m, ale \u00fasp\u011b\u0161n\u00e9m absolvov\u00e1n\u00ed Dakaru 2020 setkali s fanou\u0161ky. Dakarsk\u00e1 beseda byla zcela vyprodan\u00e1.\" \/>\n<meta name=\"robots\" content=\"index, follow, max-snippet:-1, max-image-preview:large, max-video-preview:-1\" \/>\n<link rel=\"canonical\" href=\"https:\/\/www.dakarmania.cz\/index.php\/2020\/03\/05\/dakar-rychle-a-zbesile-2020\/\" \/>\n<meta property=\"og:locale\" content=\"cs_CZ\" \/>\n<meta property=\"og:type\" content=\"article\" \/>\n<meta property=\"og:title\" content=\"Vyprodan\u00e1 talk show Dakar - Rychle a zb\u011bsile III - DAKARMANIA.cz\" \/>\n<meta property=\"og:description\" content=\"Tom\u00e1\u0161 Ou\u0159edn\u00ed\u010dek a David K\u0159\u00edpal se po dramatick\u00e9m, ale \u00fasp\u011b\u0161n\u00e9m absolvov\u00e1n\u00ed Dakaru 2020 setkali s fanou\u0161ky. Dakarsk\u00e1 beseda byla zcela vyprodan\u00e1.\" \/>\n<meta property=\"og:url\" content=\"https:\/\/www.dakarmania.cz\/index.php\/2020\/03\/05\/dakar-rychle-a-zbesile-2020\/\" \/>\n<meta property=\"og:site_name\" content=\"DAKARMANIA.cz\" \/>\n<meta property=\"article:publisher\" content=\"https:\/\/www.facebook.com\/dakarmania\/\" \/>\n<meta property=\"article:published_time\" content=\"2020-03-05T10:37:10+00:00\" \/>\n<meta property=\"article:modified_time\" content=\"2020-03-05T10:37:48+00:00\" \/>\n<meta property=\"og:image\" content=\"https:\/\/www.dakarmania.cz\/wp-content\/uploads\/2020\/03\/20-ourednicek-mezirici-01.jpg\" \/>\n\t<meta property=\"og:image:width\" content=\"1024\" \/>\n\t<meta property=\"og:image:height\" content=\"684\" \/>\n\t<meta property=\"og:image:type\" content=\"image\/jpeg\" \/>\n<meta name=\"author\" content=\"tiskov\u00e1 zpr\u00e1va\" \/>\n<meta name=\"twitter:card\" content=\"summary_large_image\" \/>\n<meta name=\"twitter:label1\" content=\"Napsal(a)\" \/>\n\t<meta name=\"twitter:data1\" content=\"tiskov\u00e1 zpr\u00e1va\" \/>\n\t<meta name=\"twitter:label2\" content=\"Odhadovan\u00e1 doba \u010dten\u00ed\" \/>\n\t<meta name=\"twitter:data2\" content=\"2 minuty\" \/>\n<script type=\"application\/ld+json\" class=\"yoast-schema-graph\">{\"@context\":\"https:\/\/schema.org\",\"@graph\":[{\"@type\":\"Article\",\"@id\":\"https:\/\/www.dakarmania.cz\/index.php\/2020\/03\/05\/dakar-rychle-a-zbesile-2020\/#article\",\"isPartOf\":{\"@id\":\"https:\/\/www.dakarmania.cz\/index.php\/2020\/03\/05\/dakar-rychle-a-zbesile-2020\/\"},\"author\":{\"name\":\"tiskov\u00e1 zpr\u00e1va\",\"@id\":\"https:\/\/www.dakarmania.cz\/#\/schema\/person\/bce8d1fe3633b1178e150fc5e340d5dd\"},\"headline\":\"Vyprodan\u00e1 talk show Dakar &#8211; Rychle a zb\u011bsile III\",\"datePublished\":\"2020-03-05T10:37:10+00:00\",\"dateModified\":\"2020-03-05T10:37:48+00:00\",\"mainEntityOfPage\":{\"@id\":\"https:\/\/www.dakarmania.cz\/index.php\/2020\/03\/05\/dakar-rychle-a-zbesile-2020\/\"},\"wordCount\":390,\"commentCount\":0,\"publisher\":{\"@id\":\"https:\/\/www.dakarmania.cz\/#organization\"},\"image\":{\"@id\":\"https:\/\/www.dakarmania.cz\/index.php\/2020\/03\/05\/dakar-rychle-a-zbesile-2020\/#primaryimage\"},\"thumbnailUrl\":\"https:\/\/www.dakarmania.cz\/wp-content\/uploads\/2020\/03\/20-ourednicek-mezirici-01.jpg\",\"keywords\":[\"2020\",\"David K\u0159\u00edpal\",\"Tom\u00e1\u0161 Ou\u0159edn\u00ed\u010dek\",\"Ultimate Dakar Racing\"],\"articleSection\":[\"Tiskov\u00e9 zpr\u00e1vy\"],\"inLanguage\":\"cs\",\"potentialAction\":[{\"@type\":\"CommentAction\",\"name\":\"Comment\",\"target\":[\"https:\/\/www.dakarmania.cz\/index.php\/2020\/03\/05\/dakar-rychle-a-zbesile-2020\/#respond\"]}]},{\"@type\":\"WebPage\",\"@id\":\"https:\/\/www.dakarmania.cz\/index.php\/2020\/03\/05\/dakar-rychle-a-zbesile-2020\/\",\"url\":\"https:\/\/www.dakarmania.cz\/index.php\/2020\/03\/05\/dakar-rychle-a-zbesile-2020\/\",\"name\":\"Vyprodan\u00e1 talk show Dakar - Rychle a zb\u011bsile III - DAKARMANIA.cz\",\"isPartOf\":{\"@id\":\"https:\/\/www.dakarmania.cz\/#website\"},\"primaryImageOfPage\":{\"@id\":\"https:\/\/www.dakarmania.cz\/index.php\/2020\/03\/05\/dakar-rychle-a-zbesile-2020\/#primaryimage\"},\"image\":{\"@id\":\"https:\/\/www.dakarmania.cz\/index.php\/2020\/03\/05\/dakar-rychle-a-zbesile-2020\/#primaryimage\"},\"thumbnailUrl\":\"https:\/\/www.dakarmania.cz\/wp-content\/uploads\/2020\/03\/20-ourednicek-mezirici-01.jpg\",\"datePublished\":\"2020-03-05T10:37:10+00:00\",\"dateModified\":\"2020-03-05T10:37:48+00:00\",\"description\":\"Tom\u00e1\u0161 Ou\u0159edn\u00ed\u010dek a David K\u0159\u00edpal se po dramatick\u00e9m, ale \u00fasp\u011b\u0161n\u00e9m absolvov\u00e1n\u00ed Dakaru 2020 setkali s fanou\u0161ky. Dakarsk\u00e1 beseda byla zcela vyprodan\u00e1.\",\"breadcrumb\":{\"@id\":\"https:\/\/www.dakarmania.cz\/index.php\/2020\/03\/05\/dakar-rychle-a-zbesile-2020\/#breadcrumb\"},\"inLanguage\":\"cs\",\"potentialAction\":[{\"@type\":\"ReadAction\",\"target\":[\"https:\/\/www.dakarmania.cz\/index.php\/2020\/03\/05\/dakar-rychle-a-zbesile-2020\/\"]}]},{\"@type\":\"ImageObject\",\"inLanguage\":\"cs\",\"@id\":\"https:\/\/www.dakarmania.cz\/index.php\/2020\/03\/05\/dakar-rychle-a-zbesile-2020\/#primaryimage\",\"url\":\"https:\/\/www.dakarmania.cz\/wp-content\/uploads\/2020\/03\/20-ourednicek-mezirici-01.jpg\",\"contentUrl\":\"https:\/\/www.dakarmania.cz\/wp-content\/uploads\/2020\/03\/20-ourednicek-mezirici-01.jpg\",\"width\":1024,\"height\":684,\"caption\":\"David K\u0159\u00edpal a Tom\u00e1\u0161 Ou\u0159edn\u00ed\u010dek bavili p\u0159i talk show DAKAR Rychle a zb\u011bsile III publikum i sebe. \u00a9 Martin Bla\u017eek\/www.foto-moto.eu\"},{\"@type\":\"BreadcrumbList\",\"@id\":\"https:\/\/www.dakarmania.cz\/index.php\/2020\/03\/05\/dakar-rychle-a-zbesile-2020\/#breadcrumb\",\"itemListElement\":[{\"@type\":\"ListItem\",\"position\":1,\"name\":\"Dom\u016f\",\"item\":\"https:\/\/www.dakarmania.cz\/\"},{\"@type\":\"ListItem\",\"position\":2,\"name\":\"Vyprodan\u00e1 talk show Dakar &#8211; Rychle a zb\u011bsile III\"}]},{\"@type\":\"WebSite\",\"@id\":\"https:\/\/www.dakarmania.cz\/#website\",\"url\":\"https:\/\/www.dakarmania.cz\/\",\"name\":\"DAKARMANIA.cz\",\"description\":\"\u017dijeme Dakarem cel\u00fd rok\",\"publisher\":{\"@id\":\"https:\/\/www.dakarmania.cz\/#organization\"},\"potentialAction\":[{\"@type\":\"SearchAction\",\"target\":{\"@type\":\"EntryPoint\",\"urlTemplate\":\"https:\/\/www.dakarmania.cz\/?s={search_term_string}\"},\"query-input\":{\"@type\":\"PropertyValueSpecification\",\"valueRequired\":true,\"valueName\":\"search_term_string\"}}],\"inLanguage\":\"cs\"},{\"@type\":\"Organization\",\"@id\":\"https:\/\/www.dakarmania.cz\/#organization\",\"name\":\"DAKAR MANIA\",\"url\":\"https:\/\/www.dakarmania.cz\/\",\"logo\":{\"@type\":\"ImageObject\",\"inLanguage\":\"cs\",\"@id\":\"https:\/\/www.dakarmania.cz\/#\/schema\/logo\/image\/\",\"url\":\"https:\/\/www.dakarmania.cz\/wp-content\/uploads\/2018\/12\/Dakar-Mania-Logo-Square-Orange.png\",\"contentUrl\":\"https:\/\/www.dakarmania.cz\/wp-content\/uploads\/2018\/12\/Dakar-Mania-Logo-Square-Orange.png\",\"width\":992,\"height\":992,\"caption\":\"DAKAR MANIA\"},\"image\":{\"@id\":\"https:\/\/www.dakarmania.cz\/#\/schema\/logo\/image\/\"},\"sameAs\":[\"https:\/\/www.facebook.com\/dakarmania\/\"]},{\"@type\":\"Person\",\"@id\":\"https:\/\/www.dakarmania.cz\/#\/schema\/person\/bce8d1fe3633b1178e150fc5e340d5dd\",\"name\":\"tiskov\u00e1 zpr\u00e1va\",\"image\":{\"@type\":\"ImageObject\",\"inLanguage\":\"cs\",\"@id\":\"https:\/\/www.dakarmania.cz\/#\/schema\/person\/image\/\",\"url\":\"https:\/\/secure.gravatar.com\/avatar\/19aefcb6c7bfae691fca4d805686c670f59bb4f7414c7b398b88dc9c8f4e96d5?s=96&d=mm&r=g\",\"contentUrl\":\"https:\/\/secure.gravatar.com\/avatar\/19aefcb6c7bfae691fca4d805686c670f59bb4f7414c7b398b88dc9c8f4e96d5?s=96&d=mm&r=g\",\"caption\":\"tiskov\u00e1 zpr\u00e1va\"},\"url\":\"https:\/\/www.dakarmania.cz\/index.php\/author\/tiskovezpravy\/\"}]}<\/script>\n<!-- \/ Yoast SEO plugin. -->","yoast_head_json":{"title":"Vyprodan\u00e1 talk show Dakar - Rychle a zb\u011bsile III - DAKARMANIA.cz","description":"Tom\u00e1\u0161 Ou\u0159edn\u00ed\u010dek a David K\u0159\u00edpal se po dramatick\u00e9m, ale \u00fasp\u011b\u0161n\u00e9m absolvov\u00e1n\u00ed Dakaru 2020 setkali s fanou\u0161ky. Dakarsk\u00e1 beseda byla zcela vyprodan\u00e1.","robots":{"index":"index","follow":"follow","max-snippet":"max-snippet:-1","max-image-preview":"max-image-preview:large","max-video-preview":"max-video-preview:-1"},"canonical":"https:\/\/www.dakarmania.cz\/index.php\/2020\/03\/05\/dakar-rychle-a-zbesile-2020\/","og_locale":"cs_CZ","og_type":"article","og_title":"Vyprodan\u00e1 talk show Dakar - Rychle a zb\u011bsile III - DAKARMANIA.cz","og_description":"Tom\u00e1\u0161 Ou\u0159edn\u00ed\u010dek a David K\u0159\u00edpal se po dramatick\u00e9m, ale \u00fasp\u011b\u0161n\u00e9m absolvov\u00e1n\u00ed Dakaru 2020 setkali s fanou\u0161ky. Dakarsk\u00e1 beseda byla zcela vyprodan\u00e1.","og_url":"https:\/\/www.dakarmania.cz\/index.php\/2020\/03\/05\/dakar-rychle-a-zbesile-2020\/","og_site_name":"DAKARMANIA.cz","article_publisher":"https:\/\/www.facebook.com\/dakarmania\/","article_published_time":"2020-03-05T10:37:10+00:00","article_modified_time":"2020-03-05T10:37:48+00:00","og_image":[{"width":1024,"height":684,"url":"https:\/\/www.dakarmania.cz\/wp-content\/uploads\/2020\/03\/20-ourednicek-mezirici-01.jpg","type":"image\/jpeg"}],"author":"tiskov\u00e1 zpr\u00e1va","twitter_card":"summary_large_image","twitter_misc":{"Napsal(a)":"tiskov\u00e1 zpr\u00e1va","Odhadovan\u00e1 doba \u010dten\u00ed":"2 minuty"},"schema":{"@context":"https:\/\/schema.org","@graph":[{"@type":"Article","@id":"https:\/\/www.dakarmania.cz\/index.php\/2020\/03\/05\/dakar-rychle-a-zbesile-2020\/#article","isPartOf":{"@id":"https:\/\/www.dakarmania.cz\/index.php\/2020\/03\/05\/dakar-rychle-a-zbesile-2020\/"},"author":{"name":"tiskov\u00e1 zpr\u00e1va","@id":"https:\/\/www.dakarmania.cz\/#\/schema\/person\/bce8d1fe3633b1178e150fc5e340d5dd"},"headline":"Vyprodan\u00e1 talk show Dakar &#8211; Rychle a zb\u011bsile III","datePublished":"2020-03-05T10:37:10+00:00","dateModified":"2020-03-05T10:37:48+00:00","mainEntityOfPage":{"@id":"https:\/\/www.dakarmania.cz\/index.php\/2020\/03\/05\/dakar-rychle-a-zbesile-2020\/"},"wordCount":390,"commentCount":0,"publisher":{"@id":"https:\/\/www.dakarmania.cz\/#organization"},"image":{"@id":"https:\/\/www.dakarmania.cz\/index.php\/2020\/03\/05\/dakar-rychle-a-zbesile-2020\/#primaryimage"},"thumbnailUrl":"https:\/\/www.dakarmania.cz\/wp-content\/uploads\/2020\/03\/20-ourednicek-mezirici-01.jpg","keywords":["2020","David K\u0159\u00edpal","Tom\u00e1\u0161 Ou\u0159edn\u00ed\u010dek","Ultimate Dakar Racing"],"articleSection":["Tiskov\u00e9 zpr\u00e1vy"],"inLanguage":"cs","potentialAction":[{"@type":"CommentAction","name":"Comment","target":["https:\/\/www.dakarmania.cz\/index.php\/2020\/03\/05\/dakar-rychle-a-zbesile-2020\/#respond"]}]},{"@type":"WebPage","@id":"https:\/\/www.dakarmania.cz\/index.php\/2020\/03\/05\/dakar-rychle-a-zbesile-2020\/","url":"https:\/\/www.dakarmania.cz\/index.php\/2020\/03\/05\/dakar-rychle-a-zbesile-2020\/","name":"Vyprodan\u00e1 talk show Dakar - Rychle a zb\u011bsile III - DAKARMANIA.cz","isPartOf":{"@id":"https:\/\/www.dakarmania.cz\/#website"},"primaryImageOfPage":{"@id":"https:\/\/www.dakarmania.cz\/index.php\/2020\/03\/05\/dakar-rychle-a-zbesile-2020\/#primaryimage"},"image":{"@id":"https:\/\/www.dakarmania.cz\/index.php\/2020\/03\/05\/dakar-rychle-a-zbesile-2020\/#primaryimage"},"thumbnailUrl":"https:\/\/www.dakarmania.cz\/wp-content\/uploads\/2020\/03\/20-ourednicek-mezirici-01.jpg","datePublished":"2020-03-05T10:37:10+00:00","dateModified":"2020-03-05T10:37:48+00:00","description":"Tom\u00e1\u0161 Ou\u0159edn\u00ed\u010dek a David K\u0159\u00edpal se po dramatick\u00e9m, ale \u00fasp\u011b\u0161n\u00e9m absolvov\u00e1n\u00ed Dakaru 2020 setkali s fanou\u0161ky. Dakarsk\u00e1 beseda byla zcela vyprodan\u00e1.","breadcrumb":{"@id":"https:\/\/www.dakarmania.cz\/index.php\/2020\/03\/05\/dakar-rychle-a-zbesile-2020\/#breadcrumb"},"inLanguage":"cs","potentialAction":[{"@type":"ReadAction","target":["https:\/\/www.dakarmania.cz\/index.php\/2020\/03\/05\/dakar-rychle-a-zbesile-2020\/"]}]},{"@type":"ImageObject","inLanguage":"cs","@id":"https:\/\/www.dakarmania.cz\/index.php\/2020\/03\/05\/dakar-rychle-a-zbesile-2020\/#primaryimage","url":"https:\/\/www.dakarmania.cz\/wp-content\/uploads\/2020\/03\/20-ourednicek-mezirici-01.jpg","contentUrl":"https:\/\/www.dakarmania.cz\/wp-content\/uploads\/2020\/03\/20-ourednicek-mezirici-01.jpg","width":1024,"height":684,"caption":"David K\u0159\u00edpal a Tom\u00e1\u0161 Ou\u0159edn\u00ed\u010dek bavili p\u0159i talk show DAKAR Rychle a zb\u011bsile III publikum i sebe. \u00a9 Martin Bla\u017eek\/www.foto-moto.eu"},{"@type":"BreadcrumbList","@id":"https:\/\/www.dakarmania.cz\/index.php\/2020\/03\/05\/dakar-rychle-a-zbesile-2020\/#breadcrumb","itemListElement":[{"@type":"ListItem","position":1,"name":"Dom\u016f","item":"https:\/\/www.dakarmania.cz\/"},{"@type":"ListItem","position":2,"name":"Vyprodan\u00e1 talk show Dakar &#8211; Rychle a zb\u011bsile III"}]},{"@type":"WebSite","@id":"https:\/\/www.dakarmania.cz\/#website","url":"https:\/\/www.dakarmania.cz\/","name":"DAKARMANIA.cz","description":"\u017dijeme Dakarem cel\u00fd rok","publisher":{"@id":"https:\/\/www.dakarmania.cz\/#organization"},"potentialAction":[{"@type":"SearchAction","target":{"@type":"EntryPoint","urlTemplate":"https:\/\/www.dakarmania.cz\/?s={search_term_string}"},"query-input":{"@type":"PropertyValueSpecification","valueRequired":true,"valueName":"search_term_string"}}],"inLanguage":"cs"},{"@type":"Organization","@id":"https:\/\/www.dakarmania.cz\/#organization","name":"DAKAR MANIA","url":"https:\/\/www.dakarmania.cz\/","logo":{"@type":"ImageObject","inLanguage":"cs","@id":"https:\/\/www.dakarmania.cz\/#\/schema\/logo\/image\/","url":"https:\/\/www.dakarmania.cz\/wp-content\/uploads\/2018\/12\/Dakar-Mania-Logo-Square-Orange.png","contentUrl":"https:\/\/www.dakarmania.cz\/wp-content\/uploads\/2018\/12\/Dakar-Mania-Logo-Square-Orange.png","width":992,"height":992,"caption":"DAKAR MANIA"},"image":{"@id":"https:\/\/www.dakarmania.cz\/#\/schema\/logo\/image\/"},"sameAs":["https:\/\/www.facebook.com\/dakarmania\/"]},{"@type":"Person","@id":"https:\/\/www.dakarmania.cz\/#\/schema\/person\/bce8d1fe3633b1178e150fc5e340d5dd","name":"tiskov\u00e1 zpr\u00e1va","image":{"@type":"ImageObject","inLanguage":"cs","@id":"https:\/\/www.dakarmania.cz\/#\/schema\/person\/image\/","url":"https:\/\/secure.gravatar.com\/avatar\/19aefcb6c7bfae691fca4d805686c670f59bb4f7414c7b398b88dc9c8f4e96d5?s=96&d=mm&r=g","contentUrl":"https:\/\/secure.gravatar.com\/avatar\/19aefcb6c7bfae691fca4d805686c670f59bb4f7414c7b398b88dc9c8f4e96d5?s=96&d=mm&r=g","caption":"tiskov\u00e1 zpr\u00e1va"},"url":"https:\/\/www.dakarmania.cz\/index.php\/author\/tiskovezpravy\/"}]}},"amp_enabled":true,"_links":{"self":[{"href":"https:\/\/www.dakarmania.cz\/index.php\/wp-json\/wp\/v2\/posts\/15414","targetHints":{"allow":["GET"]}}],"collection":[{"href":"https:\/\/www.dakarmania.cz\/index.php\/wp-json\/wp\/v2\/posts"}],"about":[{"href":"https:\/\/www.dakarmania.cz\/index.php\/wp-json\/wp\/v2\/types\/post"}],"author":[{"embeddable":true,"href":"https:\/\/www.dakarmania.cz\/index.php\/wp-json\/wp\/v2\/users\/3"}],"replies":[{"embeddable":true,"href":"https:\/\/www.dakarmania.cz\/index.php\/wp-json\/wp\/v2\/comments?post=15414"}],"version-history":[{"count":2,"href":"https:\/\/www.dakarmania.cz\/index.php\/wp-json\/wp\/v2\/posts\/15414\/revisions"}],"predecessor-version":[{"id":15416,"href":"https:\/\/www.dakarmania.cz\/index.php\/wp-json\/wp\/v2\/posts\/15414\/revisions\/15416"}],"wp:featuredmedia":[{"embeddable":true,"href":"https:\/\/www.dakarmania.cz\/index.php\/wp-json\/wp\/v2\/media\/15411"}],"wp:attachment":[{"href":"https:\/\/www.dakarmania.cz\/index.php\/wp-json\/wp\/v2\/media?parent=15414"}],"wp:term":[{"taxonomy":"category","embeddable":true,"href":"https:\/\/www.dakarmania.cz\/index.php\/wp-json\/wp\/v2\/categories?post=15414"},{"taxonomy":"post_tag","embeddable":true,"href":"https:\/\/www.dakarmania.cz\/index.php\/wp-json\/wp\/v2\/tags?post=15414"}],"curies":[{"name":"wp","href":"https:\/\/api.w.org\/{rel}","templated":true}]}}