{"id":15444,"date":"2020-03-10T00:50:06","date_gmt":"2020-03-09T23:50:06","guid":{"rendered":"https:\/\/www.dakarmania.cz\/?p=15444"},"modified":"2020-05-21T12:19:15","modified_gmt":"2020-05-21T10:19:15","slug":"buginam-zvoni-hrana","status":"publish","type":"post","link":"https:\/\/www.dakarmania.cz\/index.php\/2020\/03\/10\/buginam-zvoni-hrana\/","title":{"rendered":"FIA rozhodla. Velk\u00fdm bugin\u00e1m zvon\u00ed hrana"},"content":{"rendered":"<p>[vc_row][vc_column][vc_column_text css_animation=&#8221;fadeIn&#8221;]<\/p>\n<h3>Po s\u00e9rii jedn\u00e1n\u00ed se z\u00e1stupci Toyoty a X-raidu dosp\u011bla Mezin\u00e1rodn\u00ed automobilov\u00e1 federace (FIA) k rozhodnut\u00ed o budouc\u00ed podob\u011b nejpresti\u017en\u011bj\u0161\u00ed automobilov\u00e9 kategorie cross-country rally. Od roku 2023 budou sm\u011bt ve skupin\u011b T1 startovat pouze speci\u00e1ly s pohonem v\u0161ech kol. Buginy s jedinou poh\u00e1n\u011bnou n\u00e1pravou maj\u00ed p\u0159ed sebou posledn\u00ed t\u0159i sezony mezi elitou.<\/h3>\n<p>[\/vc_column_text][vc_single_image image=&#8221;15442&#8243; img_size=&#8221;large&#8221; add_caption=&#8221;yes&#8221; alignment=&#8221;center&#8221; onclick=&#8221;link_image&#8221; css_animation=&#8221;fadeIn&#8221;][vc_column_text css_animation=&#8221;fadeIn&#8221;]N\u011bkdej\u0161\u00ed otev\u0159en\u00ed skupiny T1 bugin\u00e1m m\u011blo na mezin\u00e1rodn\u00ed sc\u00e9nu p\u0159il\u00e1kat konstrukt\u00e9ry speci\u00e1l\u016f pro americk\u00e9 baji. K tomu v\u0161ak nikdy ve v\u011bt\u0161\u00ed m\u00ed\u0159e nedo\u0161lo, p\u0159esto\u017ee tv\u016frci pravidel byli zna\u010dn\u011b velkorys\u00ed. Buggy t\u011b\u017eily z cel\u00e9 \u0159ady v\u00fdhod po\u010d\u00ednaje v\u011bt\u0161\u00edm pr\u016fm\u011brem restriktoru s\u00e1n\u00ed vzduchu p\u0159es v\u00fdrazn\u011b ni\u017e\u0161\u00ed hmotnost, v\u011bt\u0161\u00ed pneumatiky, \u00fa\u010deln\u011bj\u0161\u00ed zav\u011b\u0161en\u00ed kol a\u017e po mo\u017enost vyu\u017eit\u00ed syst\u00e9mu automatick\u00e9ho dohu\u0161\u0165ov\u00e1n\u00ed kol, kter\u00fd je u \u201e\u010dty\u0159kolek\u201c zak\u00e1z\u00e1n.<\/p>\n<p>Nab\u00eddnut\u00fdch mo\u017enost\u00ed vyu\u017eil Peugeot, kter\u00fd s t\u011bmito speci\u00e1ly vl\u00e1dl na Dakaru v letech 2016 a\u017e 2018. V roce 2017 se o p\u0159ekvapen\u00ed postaral tak\u00e9 X-raid, jen\u017e b\u011bhem sedmi m\u011bs\u00edc\u016f zkonstruoval vlastn\u00ed buggy. Po dvou ne\u00fasp\u011b\u0161n\u00fdch pokusech se letos v\u00edt\u011bzstv\u00ed s \u201edvoukolkou\u201c na Dakaru do\u010dkali tak\u00e9 N\u011bmci. Buginy vyhr\u00e1ly \u010dty\u0159i z p\u011bti posledn\u00edch ro\u010dn\u00edk\u016f dakarsk\u00e9 rally.[\/vc_column_text][vc_single_image image=&#8221;15450&#8243; img_size=&#8221;large&#8221; add_caption=&#8221;yes&#8221; alignment=&#8221;center&#8221; onclick=&#8221;custom_link&#8221; img_link_target=&#8221;_blank&#8221; css_animation=&#8221;fadeIn&#8221; link=&#8221;http:\/\/eshop.dakarmania.cz\/&#8221;][vc_column_text css_animation=&#8221;fadeIn&#8221;]Sportovn\u00ed autority tak v uplynul\u00fdch letech musely neust\u00e1le \u0159e\u0161it, jak prost\u0159ednictv\u00edm technick\u00fdch p\u0159edpis\u016f zajistit co nejf\u00e9rov\u011bj\u0161\u00ed soupe\u0159en\u00ed aut dvou r\u016fzn\u00fdch koncepc\u00ed. Jen t\u011b\u017eko ale dok\u00e1zaly uspokojit ob\u011b strany. Jakmile jedna z nich v\u00edt\u011bzila, z opa\u010dn\u00e9ho t\u00e1bora se okam\u017eit\u011b ozvaly kritick\u00e9 hlasy a n\u00e1\u0159ky nad nevyv\u00e1\u017eenost\u00ed pravidel.<\/p>\n<h4>Nic nov\u00e9ho pod sluncem<\/h4>\n<p>FIA cht\u011bla buginy ze skupiny T1 vy\u010dlenit u\u017e od roku 2018, nakonec ale jejich \u00e9ru po dohod\u011b se zainteresovan\u00fdmi stranami prodlou\u017eila. A\u017e nyn\u00ed Sv\u011btov\u00e1 rada motoristick\u00e9ho sportu na sv\u00e9m b\u0159eznov\u00e9m zased\u00e1n\u00ed ve \u0161v\u00fdcarsk\u00e9 \u017denev\u011b definitivn\u011b up\u0159ednostnila vozy koncepce 4&#215;4.<\/p>\n<p>Do konce roku 2022 bude v\u00fdkonnostn\u00ed pom\u011br mezi speci\u00e1ly T1 4&#215;4 a T1 4&#215;2 nad\u00e1le o\u0161et\u0159en technick\u00fdm reglementem, n\u00e1sledn\u011b v\u0161ak bude skupina T1 ur\u010dena v\u00fdhradn\u011b voz\u016fm s pohonem v\u0161ech kol. Detailn\u00ed technick\u00e9 p\u0159edpisy T1 4&#215;4 platn\u00e9 od roku 2023 budou zve\u0159ejn\u011bny pozd\u011bji, nijak z\u00e1sadn\u011b by se v\u0161ak m\u011bnit nem\u011bly.[\/vc_column_text][vc_single_image image=&#8221;15443&#8243; img_size=&#8221;large&#8221; add_caption=&#8221;yes&#8221; alignment=&#8221;center&#8221; onclick=&#8221;link_image&#8221; css_animation=&#8221;fadeIn&#8221;][vc_column_text css_animation=&#8221;fadeIn&#8221;]\u00da\u010dast bugin na podnic\u00edch cross-country rally sice nebude vylou\u010dena ani po 1. lednu 2023, tyto stroje v\u0161ak budou p\u0159e\u0159azeny do ni\u017e\u0161\u00ed kategorie a za jejich volanty nebudou sm\u011bt usednout prioritn\u00ed jezdci FIA.<\/p>\n<p>P\u0159edstavitel\u00e9 FIA v\u011b\u0159\u00ed, \u017ee zm\u011bna pravidel povede k p\u0159\u00edchodu dal\u0161\u00edch automobilek, kter\u00e9 by cht\u011bly prost\u0159ednictv\u00edm cross-country rally propagovat vlastn\u00ed vozy kategorie SUV. Aktu\u00e1ln\u011b je v\u0161ak ve h\u0159e zat\u00edm pouze britsk\u00fd Prodrive, kter\u00fd o sv\u00e9m nov\u00e9m dakarsk\u00e9m programu poprv\u00e9 informoval na po\u010d\u00e1tku \u00fanora.<\/p>\n<p>Sv\u011btov\u00e1 rada motoristick\u00e9ho sportu d\u00e1le potvrdila, \u017ee FIA od roku 2021 vyp\u00ed\u0161e v cross-country rally tak\u00e9 kategorii pro vozy vyu\u017e\u00edvaj\u00edc\u00ed ekologicky \u0161etrn\u00e9 technologie.[\/vc_column_text][vc_empty_space height=&#8221;2px&#8221;][\/vc_column][\/vc_row]<\/p>\n","protected":false},"excerpt":{"rendered":"<p>FIA dosp\u011bla k rozhodnut\u00ed o budouc\u00ed podob\u011b nejpresti\u017en\u011bj\u0161\u00ed kategorie cross-country rally. Buginy maj\u00ed p\u0159ed sebou posledn\u00ed t\u0159i sezony mezi elitou.<\/p>\n","protected":false},"author":1,"featured_media":15443,"comment_status":"open","ping_status":"closed","sticky":false,"template":"","format":"standard","meta":{"footnotes":""},"categories":[3],"tags":[903,1705,99],"class_list":["post-15444","post","type-post","status-publish","format-standard","has-post-thumbnail","hentry","category-auto","tag-903","tag-1705","tag-fia"],"yoast_head":"<!-- This site is optimized with the Yoast SEO plugin v24.9 - https:\/\/yoast.com\/wordpress\/plugins\/seo\/ -->\n<title>FIA rozhodla. Velk\u00fdm bugin\u00e1m zvon\u00ed hrana - DAKARMANIA.cz<\/title>\n<meta name=\"description\" content=\"FIA dosp\u011bla k rozhodnut\u00ed o budouc\u00ed podob\u011b nejpresti\u017en\u011bj\u0161\u00ed kategorie cross-country rally. Buginy maj\u00ed p\u0159ed sebou posledn\u00ed t\u0159i sezony mezi elitou.\" \/>\n<meta name=\"robots\" content=\"index, follow, max-snippet:-1, max-image-preview:large, max-video-preview:-1\" \/>\n<link rel=\"canonical\" href=\"https:\/\/www.dakarmania.cz\/index.php\/2020\/03\/10\/buginam-zvoni-hrana\/\" \/>\n<meta property=\"og:locale\" content=\"cs_CZ\" \/>\n<meta property=\"og:type\" content=\"article\" \/>\n<meta property=\"og:title\" content=\"FIA rozhodla. Velk\u00fdm bugin\u00e1m zvon\u00ed hrana - DAKARMANIA.cz\" \/>\n<meta property=\"og:description\" content=\"FIA dosp\u011bla k rozhodnut\u00ed o budouc\u00ed podob\u011b nejpresti\u017en\u011bj\u0161\u00ed kategorie cross-country rally. Buginy maj\u00ed p\u0159ed sebou posledn\u00ed t\u0159i sezony mezi elitou.\" \/>\n<meta property=\"og:url\" content=\"https:\/\/www.dakarmania.cz\/index.php\/2020\/03\/10\/buginam-zvoni-hrana\/\" \/>\n<meta property=\"og:site_name\" content=\"DAKARMANIA.cz\" \/>\n<meta property=\"article:publisher\" content=\"https:\/\/www.facebook.com\/dakarmania\/\" \/>\n<meta property=\"article:published_time\" content=\"2020-03-09T23:50:06+00:00\" \/>\n<meta property=\"article:modified_time\" content=\"2020-05-21T10:19:15+00:00\" \/>\n<meta property=\"og:image\" content=\"https:\/\/www.dakarmania.cz\/wp-content\/uploads\/2020\/03\/20-dakar-sainz-14.jpg\" \/>\n\t<meta property=\"og:image:width\" content=\"1024\" \/>\n\t<meta property=\"og:image:height\" content=\"683\" \/>\n\t<meta property=\"og:image:type\" content=\"image\/jpeg\" \/>\n<meta name=\"author\" content=\"Zden\u011bk Zelenka\" \/>\n<meta name=\"twitter:card\" content=\"summary_large_image\" \/>\n<meta name=\"twitter:label1\" content=\"Napsal(a)\" \/>\n\t<meta name=\"twitter:data1\" content=\"Zden\u011bk Zelenka\" \/>\n\t<meta name=\"twitter:label2\" content=\"Odhadovan\u00e1 doba \u010dten\u00ed\" \/>\n\t<meta name=\"twitter:data2\" content=\"3 minuty\" \/>\n<script type=\"application\/ld+json\" class=\"yoast-schema-graph\">{\"@context\":\"https:\/\/schema.org\",\"@graph\":[{\"@type\":\"Article\",\"@id\":\"https:\/\/www.dakarmania.cz\/index.php\/2020\/03\/10\/buginam-zvoni-hrana\/#article\",\"isPartOf\":{\"@id\":\"https:\/\/www.dakarmania.cz\/index.php\/2020\/03\/10\/buginam-zvoni-hrana\/\"},\"author\":{\"name\":\"Zden\u011bk Zelenka\",\"@id\":\"https:\/\/www.dakarmania.cz\/#\/schema\/person\/04eb0e87a389631c2169c0dddae7ff1e\"},\"headline\":\"FIA rozhodla. Velk\u00fdm bugin\u00e1m zvon\u00ed hrana\",\"datePublished\":\"2020-03-09T23:50:06+00:00\",\"dateModified\":\"2020-05-21T10:19:15+00:00\",\"mainEntityOfPage\":{\"@id\":\"https:\/\/www.dakarmania.cz\/index.php\/2020\/03\/10\/buginam-zvoni-hrana\/\"},\"wordCount\":676,\"commentCount\":0,\"publisher\":{\"@id\":\"https:\/\/www.dakarmania.cz\/#organization\"},\"image\":{\"@id\":\"https:\/\/www.dakarmania.cz\/index.php\/2020\/03\/10\/buginam-zvoni-hrana\/#primaryimage\"},\"thumbnailUrl\":\"https:\/\/www.dakarmania.cz\/wp-content\/uploads\/2020\/03\/20-dakar-sainz-14.jpg\",\"keywords\":[\"2020\",\"2023\",\"FIA\"],\"articleSection\":[\"Auto\"],\"inLanguage\":\"cs\",\"potentialAction\":[{\"@type\":\"CommentAction\",\"name\":\"Comment\",\"target\":[\"https:\/\/www.dakarmania.cz\/index.php\/2020\/03\/10\/buginam-zvoni-hrana\/#respond\"]}]},{\"@type\":\"WebPage\",\"@id\":\"https:\/\/www.dakarmania.cz\/index.php\/2020\/03\/10\/buginam-zvoni-hrana\/\",\"url\":\"https:\/\/www.dakarmania.cz\/index.php\/2020\/03\/10\/buginam-zvoni-hrana\/\",\"name\":\"FIA rozhodla. Velk\u00fdm bugin\u00e1m zvon\u00ed hrana - DAKARMANIA.cz\",\"isPartOf\":{\"@id\":\"https:\/\/www.dakarmania.cz\/#website\"},\"primaryImageOfPage\":{\"@id\":\"https:\/\/www.dakarmania.cz\/index.php\/2020\/03\/10\/buginam-zvoni-hrana\/#primaryimage\"},\"image\":{\"@id\":\"https:\/\/www.dakarmania.cz\/index.php\/2020\/03\/10\/buginam-zvoni-hrana\/#primaryimage\"},\"thumbnailUrl\":\"https:\/\/www.dakarmania.cz\/wp-content\/uploads\/2020\/03\/20-dakar-sainz-14.jpg\",\"datePublished\":\"2020-03-09T23:50:06+00:00\",\"dateModified\":\"2020-05-21T10:19:15+00:00\",\"description\":\"FIA dosp\u011bla k rozhodnut\u00ed o budouc\u00ed podob\u011b nejpresti\u017en\u011bj\u0161\u00ed kategorie cross-country rally. Buginy maj\u00ed p\u0159ed sebou posledn\u00ed t\u0159i sezony mezi elitou.\",\"breadcrumb\":{\"@id\":\"https:\/\/www.dakarmania.cz\/index.php\/2020\/03\/10\/buginam-zvoni-hrana\/#breadcrumb\"},\"inLanguage\":\"cs\",\"potentialAction\":[{\"@type\":\"ReadAction\",\"target\":[\"https:\/\/www.dakarmania.cz\/index.php\/2020\/03\/10\/buginam-zvoni-hrana\/\"]}]},{\"@type\":\"ImageObject\",\"inLanguage\":\"cs\",\"@id\":\"https:\/\/www.dakarmania.cz\/index.php\/2020\/03\/10\/buginam-zvoni-hrana\/#primaryimage\",\"url\":\"https:\/\/www.dakarmania.cz\/wp-content\/uploads\/2020\/03\/20-dakar-sainz-14.jpg\",\"contentUrl\":\"https:\/\/www.dakarmania.cz\/wp-content\/uploads\/2020\/03\/20-dakar-sainz-14.jpg\",\"width\":1024,\"height\":683,\"caption\":\"Carlos Sainz\/Lucas Cruz, Mini JCW Buggy, Bahrain JCW X-Raid Team. Rally Dakar 2020. \u00a9 X-raid\"},{\"@type\":\"BreadcrumbList\",\"@id\":\"https:\/\/www.dakarmania.cz\/index.php\/2020\/03\/10\/buginam-zvoni-hrana\/#breadcrumb\",\"itemListElement\":[{\"@type\":\"ListItem\",\"position\":1,\"name\":\"Dom\u016f\",\"item\":\"https:\/\/www.dakarmania.cz\/\"},{\"@type\":\"ListItem\",\"position\":2,\"name\":\"FIA rozhodla. Velk\u00fdm bugin\u00e1m zvon\u00ed hrana\"}]},{\"@type\":\"WebSite\",\"@id\":\"https:\/\/www.dakarmania.cz\/#website\",\"url\":\"https:\/\/www.dakarmania.cz\/\",\"name\":\"DAKARMANIA.cz\",\"description\":\"\u017dijeme Dakarem cel\u00fd rok\",\"publisher\":{\"@id\":\"https:\/\/www.dakarmania.cz\/#organization\"},\"potentialAction\":[{\"@type\":\"SearchAction\",\"target\":{\"@type\":\"EntryPoint\",\"urlTemplate\":\"https:\/\/www.dakarmania.cz\/?s={search_term_string}\"},\"query-input\":{\"@type\":\"PropertyValueSpecification\",\"valueRequired\":true,\"valueName\":\"search_term_string\"}}],\"inLanguage\":\"cs\"},{\"@type\":\"Organization\",\"@id\":\"https:\/\/www.dakarmania.cz\/#organization\",\"name\":\"DAKAR MANIA\",\"url\":\"https:\/\/www.dakarmania.cz\/\",\"logo\":{\"@type\":\"ImageObject\",\"inLanguage\":\"cs\",\"@id\":\"https:\/\/www.dakarmania.cz\/#\/schema\/logo\/image\/\",\"url\":\"https:\/\/www.dakarmania.cz\/wp-content\/uploads\/2018\/12\/Dakar-Mania-Logo-Square-Orange.png\",\"contentUrl\":\"https:\/\/www.dakarmania.cz\/wp-content\/uploads\/2018\/12\/Dakar-Mania-Logo-Square-Orange.png\",\"width\":992,\"height\":992,\"caption\":\"DAKAR MANIA\"},\"image\":{\"@id\":\"https:\/\/www.dakarmania.cz\/#\/schema\/logo\/image\/\"},\"sameAs\":[\"https:\/\/www.facebook.com\/dakarmania\/\"]},{\"@type\":\"Person\",\"@id\":\"https:\/\/www.dakarmania.cz\/#\/schema\/person\/04eb0e87a389631c2169c0dddae7ff1e\",\"name\":\"Zden\u011bk Zelenka\",\"image\":{\"@type\":\"ImageObject\",\"inLanguage\":\"cs\",\"@id\":\"https:\/\/www.dakarmania.cz\/#\/schema\/person\/image\/\",\"url\":\"https:\/\/secure.gravatar.com\/avatar\/2c80d5a4942fe0900b73cc7d3837a509d6ee0a276a2b76dac95c92bd0763a89b?s=96&d=mm&r=g\",\"contentUrl\":\"https:\/\/secure.gravatar.com\/avatar\/2c80d5a4942fe0900b73cc7d3837a509d6ee0a276a2b76dac95c92bd0763a89b?s=96&d=mm&r=g\",\"caption\":\"Zden\u011bk Zelenka\"},\"description\":\"Moji d\u011bt\u0161t\u00ed hrdinov\u00e9 se jmenovali Loprais, Moskal, Neveu, Vatanen, Rahier... A tihle borci, jejich n\u00e1sledovn\u00edci a jejich p\u0159\u00edb\u011bhy m\u011b nep\u0159estali fascinovat ani po letech, kdy jsem vyrostl a zam\u011bstn\u00e1valy m\u011b jin\u00e9 discipl\u00edny motorsportu. Proto se zrodila DAKARMANIA.\",\"url\":\"https:\/\/www.dakarmania.cz\/index.php\/author\/dakarmania\/\"}]}<\/script>\n<!-- \/ Yoast SEO plugin. -->","yoast_head_json":{"title":"FIA rozhodla. Velk\u00fdm bugin\u00e1m zvon\u00ed hrana - DAKARMANIA.cz","description":"FIA dosp\u011bla k rozhodnut\u00ed o budouc\u00ed podob\u011b nejpresti\u017en\u011bj\u0161\u00ed kategorie cross-country rally. Buginy maj\u00ed p\u0159ed sebou posledn\u00ed t\u0159i sezony mezi elitou.","robots":{"index":"index","follow":"follow","max-snippet":"max-snippet:-1","max-image-preview":"max-image-preview:large","max-video-preview":"max-video-preview:-1"},"canonical":"https:\/\/www.dakarmania.cz\/index.php\/2020\/03\/10\/buginam-zvoni-hrana\/","og_locale":"cs_CZ","og_type":"article","og_title":"FIA rozhodla. Velk\u00fdm bugin\u00e1m zvon\u00ed hrana - DAKARMANIA.cz","og_description":"FIA dosp\u011bla k rozhodnut\u00ed o budouc\u00ed podob\u011b nejpresti\u017en\u011bj\u0161\u00ed kategorie cross-country rally. Buginy maj\u00ed p\u0159ed sebou posledn\u00ed t\u0159i sezony mezi elitou.","og_url":"https:\/\/www.dakarmania.cz\/index.php\/2020\/03\/10\/buginam-zvoni-hrana\/","og_site_name":"DAKARMANIA.cz","article_publisher":"https:\/\/www.facebook.com\/dakarmania\/","article_published_time":"2020-03-09T23:50:06+00:00","article_modified_time":"2020-05-21T10:19:15+00:00","og_image":[{"width":1024,"height":683,"url":"https:\/\/www.dakarmania.cz\/wp-content\/uploads\/2020\/03\/20-dakar-sainz-14.jpg","type":"image\/jpeg"}],"author":"Zden\u011bk Zelenka","twitter_card":"summary_large_image","twitter_misc":{"Napsal(a)":"Zden\u011bk Zelenka","Odhadovan\u00e1 doba \u010dten\u00ed":"3 minuty"},"schema":{"@context":"https:\/\/schema.org","@graph":[{"@type":"Article","@id":"https:\/\/www.dakarmania.cz\/index.php\/2020\/03\/10\/buginam-zvoni-hrana\/#article","isPartOf":{"@id":"https:\/\/www.dakarmania.cz\/index.php\/2020\/03\/10\/buginam-zvoni-hrana\/"},"author":{"name":"Zden\u011bk Zelenka","@id":"https:\/\/www.dakarmania.cz\/#\/schema\/person\/04eb0e87a389631c2169c0dddae7ff1e"},"headline":"FIA rozhodla. Velk\u00fdm bugin\u00e1m zvon\u00ed hrana","datePublished":"2020-03-09T23:50:06+00:00","dateModified":"2020-05-21T10:19:15+00:00","mainEntityOfPage":{"@id":"https:\/\/www.dakarmania.cz\/index.php\/2020\/03\/10\/buginam-zvoni-hrana\/"},"wordCount":676,"commentCount":0,"publisher":{"@id":"https:\/\/www.dakarmania.cz\/#organization"},"image":{"@id":"https:\/\/www.dakarmania.cz\/index.php\/2020\/03\/10\/buginam-zvoni-hrana\/#primaryimage"},"thumbnailUrl":"https:\/\/www.dakarmania.cz\/wp-content\/uploads\/2020\/03\/20-dakar-sainz-14.jpg","keywords":["2020","2023","FIA"],"articleSection":["Auto"],"inLanguage":"cs","potentialAction":[{"@type":"CommentAction","name":"Comment","target":["https:\/\/www.dakarmania.cz\/index.php\/2020\/03\/10\/buginam-zvoni-hrana\/#respond"]}]},{"@type":"WebPage","@id":"https:\/\/www.dakarmania.cz\/index.php\/2020\/03\/10\/buginam-zvoni-hrana\/","url":"https:\/\/www.dakarmania.cz\/index.php\/2020\/03\/10\/buginam-zvoni-hrana\/","name":"FIA rozhodla. Velk\u00fdm bugin\u00e1m zvon\u00ed hrana - DAKARMANIA.cz","isPartOf":{"@id":"https:\/\/www.dakarmania.cz\/#website"},"primaryImageOfPage":{"@id":"https:\/\/www.dakarmania.cz\/index.php\/2020\/03\/10\/buginam-zvoni-hrana\/#primaryimage"},"image":{"@id":"https:\/\/www.dakarmania.cz\/index.php\/2020\/03\/10\/buginam-zvoni-hrana\/#primaryimage"},"thumbnailUrl":"https:\/\/www.dakarmania.cz\/wp-content\/uploads\/2020\/03\/20-dakar-sainz-14.jpg","datePublished":"2020-03-09T23:50:06+00:00","dateModified":"2020-05-21T10:19:15+00:00","description":"FIA dosp\u011bla k rozhodnut\u00ed o budouc\u00ed podob\u011b nejpresti\u017en\u011bj\u0161\u00ed kategorie cross-country rally. Buginy maj\u00ed p\u0159ed sebou posledn\u00ed t\u0159i sezony mezi elitou.","breadcrumb":{"@id":"https:\/\/www.dakarmania.cz\/index.php\/2020\/03\/10\/buginam-zvoni-hrana\/#breadcrumb"},"inLanguage":"cs","potentialAction":[{"@type":"ReadAction","target":["https:\/\/www.dakarmania.cz\/index.php\/2020\/03\/10\/buginam-zvoni-hrana\/"]}]},{"@type":"ImageObject","inLanguage":"cs","@id":"https:\/\/www.dakarmania.cz\/index.php\/2020\/03\/10\/buginam-zvoni-hrana\/#primaryimage","url":"https:\/\/www.dakarmania.cz\/wp-content\/uploads\/2020\/03\/20-dakar-sainz-14.jpg","contentUrl":"https:\/\/www.dakarmania.cz\/wp-content\/uploads\/2020\/03\/20-dakar-sainz-14.jpg","width":1024,"height":683,"caption":"Carlos Sainz\/Lucas Cruz, Mini JCW Buggy, Bahrain JCW X-Raid Team. Rally Dakar 2020. \u00a9 X-raid"},{"@type":"BreadcrumbList","@id":"https:\/\/www.dakarmania.cz\/index.php\/2020\/03\/10\/buginam-zvoni-hrana\/#breadcrumb","itemListElement":[{"@type":"ListItem","position":1,"name":"Dom\u016f","item":"https:\/\/www.dakarmania.cz\/"},{"@type":"ListItem","position":2,"name":"FIA rozhodla. Velk\u00fdm bugin\u00e1m zvon\u00ed hrana"}]},{"@type":"WebSite","@id":"https:\/\/www.dakarmania.cz\/#website","url":"https:\/\/www.dakarmania.cz\/","name":"DAKARMANIA.cz","description":"\u017dijeme Dakarem cel\u00fd rok","publisher":{"@id":"https:\/\/www.dakarmania.cz\/#organization"},"potentialAction":[{"@type":"SearchAction","target":{"@type":"EntryPoint","urlTemplate":"https:\/\/www.dakarmania.cz\/?s={search_term_string}"},"query-input":{"@type":"PropertyValueSpecification","valueRequired":true,"valueName":"search_term_string"}}],"inLanguage":"cs"},{"@type":"Organization","@id":"https:\/\/www.dakarmania.cz\/#organization","name":"DAKAR MANIA","url":"https:\/\/www.dakarmania.cz\/","logo":{"@type":"ImageObject","inLanguage":"cs","@id":"https:\/\/www.dakarmania.cz\/#\/schema\/logo\/image\/","url":"https:\/\/www.dakarmania.cz\/wp-content\/uploads\/2018\/12\/Dakar-Mania-Logo-Square-Orange.png","contentUrl":"https:\/\/www.dakarmania.cz\/wp-content\/uploads\/2018\/12\/Dakar-Mania-Logo-Square-Orange.png","width":992,"height":992,"caption":"DAKAR MANIA"},"image":{"@id":"https:\/\/www.dakarmania.cz\/#\/schema\/logo\/image\/"},"sameAs":["https:\/\/www.facebook.com\/dakarmania\/"]},{"@type":"Person","@id":"https:\/\/www.dakarmania.cz\/#\/schema\/person\/04eb0e87a389631c2169c0dddae7ff1e","name":"Zden\u011bk Zelenka","image":{"@type":"ImageObject","inLanguage":"cs","@id":"https:\/\/www.dakarmania.cz\/#\/schema\/person\/image\/","url":"https:\/\/secure.gravatar.com\/avatar\/2c80d5a4942fe0900b73cc7d3837a509d6ee0a276a2b76dac95c92bd0763a89b?s=96&d=mm&r=g","contentUrl":"https:\/\/secure.gravatar.com\/avatar\/2c80d5a4942fe0900b73cc7d3837a509d6ee0a276a2b76dac95c92bd0763a89b?s=96&d=mm&r=g","caption":"Zden\u011bk Zelenka"},"description":"Moji d\u011bt\u0161t\u00ed hrdinov\u00e9 se jmenovali Loprais, Moskal, Neveu, Vatanen, Rahier... A tihle borci, jejich n\u00e1sledovn\u00edci a jejich p\u0159\u00edb\u011bhy m\u011b nep\u0159estali fascinovat ani po letech, kdy jsem vyrostl a zam\u011bstn\u00e1valy m\u011b jin\u00e9 discipl\u00edny motorsportu. Proto se zrodila DAKARMANIA.","url":"https:\/\/www.dakarmania.cz\/index.php\/author\/dakarmania\/"}]}},"amp_enabled":true,"_links":{"self":[{"href":"https:\/\/www.dakarmania.cz\/index.php\/wp-json\/wp\/v2\/posts\/15444","targetHints":{"allow":["GET"]}}],"collection":[{"href":"https:\/\/www.dakarmania.cz\/index.php\/wp-json\/wp\/v2\/posts"}],"about":[{"href":"https:\/\/www.dakarmania.cz\/index.php\/wp-json\/wp\/v2\/types\/post"}],"author":[{"embeddable":true,"href":"https:\/\/www.dakarmania.cz\/index.php\/wp-json\/wp\/v2\/users\/1"}],"replies":[{"embeddable":true,"href":"https:\/\/www.dakarmania.cz\/index.php\/wp-json\/wp\/v2\/comments?post=15444"}],"version-history":[{"count":3,"href":"https:\/\/www.dakarmania.cz\/index.php\/wp-json\/wp\/v2\/posts\/15444\/revisions"}],"predecessor-version":[{"id":15543,"href":"https:\/\/www.dakarmania.cz\/index.php\/wp-json\/wp\/v2\/posts\/15444\/revisions\/15543"}],"wp:featuredmedia":[{"embeddable":true,"href":"https:\/\/www.dakarmania.cz\/index.php\/wp-json\/wp\/v2\/media\/15443"}],"wp:attachment":[{"href":"https:\/\/www.dakarmania.cz\/index.php\/wp-json\/wp\/v2\/media?parent=15444"}],"wp:term":[{"taxonomy":"category","embeddable":true,"href":"https:\/\/www.dakarmania.cz\/index.php\/wp-json\/wp\/v2\/categories?post=15444"},{"taxonomy":"post_tag","embeddable":true,"href":"https:\/\/www.dakarmania.cz\/index.php\/wp-json\/wp\/v2\/tags?post=15444"}],"curies":[{"name":"wp","href":"https:\/\/api.w.org\/{rel}","templated":true}]}}