{"id":15528,"date":"2020-03-21T23:52:47","date_gmt":"2020-03-21T22:52:47","guid":{"rendered":"https:\/\/www.dakarmania.cz\/?p=15528"},"modified":"2020-03-21T23:58:23","modified_gmt":"2020-03-21T22:58:23","slug":"sonora-brabec-udolal-howese","status":"publish","type":"post","link":"https:\/\/www.dakarmania.cz\/index.php\/2020\/03\/21\/sonora-brabec-udolal-howese\/","title":{"rendered":"Sonora Rally: Ricky Brabec udolal Skylera Howese"},"content":{"rendered":"<p>[vc_row][vc_column][vc_column_text css_animation=&#8221;fadeIn&#8221;]<\/p>\n<h3>Zat\u00edmco v\u011bt\u0161ina sv\u011btov\u00e9ho motoristick\u00e9ho sportu upadla kv\u016fli pandemii koronaviru Covid-19 do nucen\u00e9 hibernace a jeho protagonist\u00e9 s nad\u011bj\u00ed vzhl\u00ed\u017eej\u00ed k letn\u00edm m\u011bs\u00edc\u016fm, v Mexiku se tento t\u00fdden uskute\u010dnil \u0161est\u00fd ro\u010dn\u00edk Sonora Rally. Stejn\u011b jako p\u0159ed rokem se z v\u00fdhry v Sonorsk\u00e9 pou\u0161ti radoval Ameri\u010dan Ricky Brabec.<\/h3>\n<p>[\/vc_column_text][vc_single_image image=&#8221;15525&#8243; img_size=&#8221;large&#8221; add_caption=&#8221;yes&#8221; alignment=&#8221;center&#8221; onclick=&#8221;link_image&#8221; css_animation=&#8221;fadeIn&#8221;][vc_column_text css_animation=&#8221;fadeIn&#8221;]Sonora Rally 2020 odstartovala v pond\u011bl\u00ed 16. b\u0159ezna z Hermosilla a o p\u011bt dn\u00ed pozd\u011bji skon\u010dila v San Luis Rio Colorado, le\u017e\u00edc\u00edm v bezprost\u0159edn\u00ed bl\u00edzkosti mexicko-americk\u00e9 hranice. Celkem sout\u011b\u017e m\u011b\u0159ila 1358 kilometr\u016f, z nich\u017e se 1078 jelo v r\u00e1mci rychlostn\u00edch zkou\u0161ek. Na z\u00e1vodn\u00edky \u010dekaly rychl\u00e9 \u00faseky s tvrd\u00fdm podkladem, p\u00edsek, duny i kamenit\u00e9 pas\u00e1\u017ee.<\/p>\n<p>K vrchol\u016fm podniku pat\u0159il p\u0159edposledn\u00ed den, kdy po\u0159adatel\u00e9 provedli \u00fa\u010dastn\u00edky rezervac\u00ed Gran Desierto de Altar, je\u017e je jedin\u00fdm ergem Severn\u00ed Ameriky. V oblasti pohybuj\u00edc\u00edch se dun naplno vyu\u017eil sv\u00fdch zku\u0161enost\u00ed <a href=\"\/index.php\/osobnosti\/ricky-brabec\/\">Ricky Brabec<\/a>. Tov\u00e1rn\u00ed jezdec Hondy porazil o necel\u00e9 t\u0159i minuty Skylera Howese (KTM) a p\u0159ed posledn\u00edm dnem ztr\u00e1cel na sv\u00e9ho krajana minutu a dv\u011b sekundy.[\/vc_column_text][vc_single_image image=&#8221;15450&#8243; img_size=&#8221;large&#8221; add_caption=&#8221;yes&#8221; alignment=&#8221;center&#8221; onclick=&#8221;custom_link&#8221; img_link_target=&#8221;_blank&#8221; css_animation=&#8221;fadeIn&#8221; link=&#8221;http:\/\/eshop.dakarmania.cz\/&#8221;][vc_column_text css_animation=&#8221;fadeIn&#8221;]O v\u00edt\u011bzi tak rozhodla z\u00e1v\u011bre\u010dn\u00e1 etapa se startem a c\u00edlem v San Luis Rio Colorado. Brabec byl znovu rychlej\u0161\u00ed, tentokr\u00e1t t\u00e9m\u011b\u0159 o dv\u011b minuty, a odsunul Howese na druhou p\u0159\u00ed\u010dku. T\u0159et\u00ed skon\u010dil Bill Conger, jeho\u017e \u010de\u0161t\u00ed fanou\u0161ci znaj\u00ed podobn\u011b jako Howese d\u00edky spolupr\u00e1ci s t\u00fdmem Klym\u010diw Racing. Americk\u00fd veter\u00e1n z\u00e1vodil za \u010deskou st\u00e1j na Dakaru v roce 2018.<\/p>\n<p><em>\u201eNa mexickou Sonora Rally se v\u017edycky t\u011b\u0161\u00edm, proto\u017ee se jedn\u00e1 o jedinou severoamerickou rally, kter\u00e1 se jede v podobn\u00fdch podm\u00ednk\u00e1ch jako Dakar. Letos organiz\u00e1to\u0159i inovovali tra\u0165 a zavedli n\u00e1s na nov\u00e1 m\u00edsta,\u201c<\/em> p\u0159ipom\u00edn\u00e1 <strong>Ricky Brabec<\/strong>. <em>\u201eJ\u00e1 jsem si z\u00e1vod zkomplikoval hned v prvn\u00ed etap\u011b. Inkasoval jsem vysokou penalizaci a v dal\u0161\u00edch dnech jsem musel postupn\u011b umaz\u00e1vat ztr\u00e1tu.\u201c<\/em><\/p>\n<p><em>\u201ePosledn\u00ed etapa byla zaj\u00edmav\u00e1, proto\u017ee jsem pot\u0159eboval na pouh\u00fdch 142 kilometrech smazat v\u00edce ne\u017e minutu. Ale d\u00edky sv\u00e9mu t\u00fdmu a tov\u00e1rn\u00ed Hond\u011b CRF450 Rally jsem to dok\u00e1zal a pot\u0159et\u00ed jsem sout\u011b\u017e vyhr\u00e1l. Byl to \u00fa\u017easn\u00fd a v\u00fdborn\u011b organizovan\u00fd podnik. T\u011b\u0161\u00edm se, \u017ee se na jeho start postav\u00edm za rok znovu.\u201c<\/em>[\/vc_column_text][vc_single_image image=&#8221;15527&#8243; img_size=&#8221;large&#8221; add_caption=&#8221;yes&#8221; alignment=&#8221;center&#8221; onclick=&#8221;link_image&#8221; css_animation=&#8221;fadeIn&#8221;][vc_column_text css_animation=&#8221;fadeIn&#8221;]<em>\u201eZ\u00e1rove\u0148 chci vyj\u00e1d\u0159it svou \u00fa\u010dast v\u0161em ob\u011btem sou\u010dasn\u00e9 pandemie viru Covid-19. Pros\u00edm v\u0161echny, aby byli opatrn\u00ed a z\u016fstali zdrav\u00ed, abychom se v\u0161ichni spole\u010dn\u011b brzy vr\u00e1tili do norm\u00e1lu,\u201c<\/em> vzkazuje v\u00edt\u011bz <a href=\"\/index.php\/souteze\/dakar-2020\/\">leto\u0161n\u00edho ro\u010dn\u00edku Rally Dakar<\/a>.[\/vc_column_text][vc_column_text css_animation=&#8221;fadeIn&#8221;]<\/p>\n<table style=\"width: 97.7654%;\" rules=\"rows\" cellpadding=\"4px\">\n<tbody>\n<tr style=\"background-color: #9e9d9d; color: white;\">\n<td style=\"text-align: center;\" colspan=\"4\"><span style=\"font-size: 10pt;\"><strong>Sonora Rally 2020<br \/>\nMOTOCYKLY<br \/>\nkone\u010dn\u00e9 v\u00fdsledky<\/strong><\/span><\/td>\n<\/tr>\n<tr style=\"background-color: #dbd9d9;\">\n<td>1.<\/td>\n<td>Ricky Brabec<\/td>\n<td>Honda<\/td>\n<td style=\"text-align: right;\">11:56:09<\/td>\n<\/tr>\n<tr style=\"background-color: #f2f2f2;\">\n<td>2.<\/td>\n<td>Skyler Howes<\/td>\n<td>KTM<\/td>\n<td style=\"text-align: right;\">+0:50<\/td>\n<\/tr>\n<tr style=\"background-color: #dbd9d9;\">\n<td>3.<\/td>\n<td>Bill Conger<\/td>\n<td>KTM<\/td>\n<td style=\"text-align: right;\">+2:11:56<\/td>\n<\/tr>\n<tr style=\"background-color: #f2f2f2;\">\n<td>4.<\/td>\n<td>West Van Nieuwenhuise<\/td>\n<td>KTM<\/td>\n<td style=\"text-align: right;\">+2:12:05<\/td>\n<\/tr>\n<tr style=\"background-color: #dbd9d9;\">\n<td>5.<\/td>\n<td>Mike Johnson<\/td>\n<td>KTM<\/td>\n<td style=\"text-align: right;\">+2:16:08<\/td>\n<\/tr>\n<\/tbody>\n<\/table>\n<p>[\/vc_column_text][vc_empty_space height=&#8221;2px&#8221;][\/vc_column][\/vc_row]<\/p>\n","protected":false},"excerpt":{"rendered":"<p>Zat\u00edmco v\u011bt\u0161ina sv\u011btov\u00e9ho motoristick\u00e9ho sportu upadla do nucen\u00e9 hibernace, v Mexiku se uskute\u010dnil \u0161est\u00fd ro\u010dn\u00edk Sonora Rally.<\/p>\n","protected":false},"author":1,"featured_media":15526,"comment_status":"open","ping_status":"closed","sticky":false,"template":"","format":"standard","meta":{"footnotes":""},"categories":[15],"tags":[903,1710,129,759,63,222,61,673,1709],"class_list":["post-15528","post","type-post","status-publish","format-standard","has-post-thumbnail","hentry","category-moto-quad","tag-903","tag-bill-conger","tag-honda","tag-honda-team","tag-ktm","tag-ricky-brabec","tag-skyler-howes","tag-sonora-rally","tag-sonora-rally-2020"],"yoast_head":"<!-- This site is optimized with the Yoast SEO plugin v24.9 - https:\/\/yoast.com\/wordpress\/plugins\/seo\/ -->\n<title>Sonora Rally: Ricky Brabec udolal Skylera Howese - DAKARMANIA.cz<\/title>\n<meta name=\"description\" content=\"Zat\u00edmco v\u011bt\u0161ina sv\u011btov\u00e9ho motoristick\u00e9ho sportu upadla do nucen\u00e9 hibernace, v Mexiku se uskute\u010dnil \u0161est\u00fd ro\u010dn\u00edk Sonora Rally.\" \/>\n<meta name=\"robots\" content=\"index, follow, max-snippet:-1, max-image-preview:large, max-video-preview:-1\" \/>\n<link rel=\"canonical\" href=\"https:\/\/www.dakarmania.cz\/index.php\/2020\/03\/21\/sonora-brabec-udolal-howese\/\" \/>\n<meta property=\"og:locale\" content=\"cs_CZ\" \/>\n<meta property=\"og:type\" content=\"article\" \/>\n<meta property=\"og:title\" content=\"Sonora Rally: Ricky Brabec udolal Skylera Howese - DAKARMANIA.cz\" \/>\n<meta property=\"og:description\" content=\"Zat\u00edmco v\u011bt\u0161ina sv\u011btov\u00e9ho motoristick\u00e9ho sportu upadla do nucen\u00e9 hibernace, v Mexiku se uskute\u010dnil \u0161est\u00fd ro\u010dn\u00edk Sonora Rally.\" \/>\n<meta property=\"og:url\" content=\"https:\/\/www.dakarmania.cz\/index.php\/2020\/03\/21\/sonora-brabec-udolal-howese\/\" \/>\n<meta property=\"og:site_name\" content=\"DAKARMANIA.cz\" \/>\n<meta property=\"article:publisher\" content=\"https:\/\/www.facebook.com\/dakarmania\/\" \/>\n<meta property=\"article:published_time\" content=\"2020-03-21T22:52:47+00:00\" \/>\n<meta property=\"article:modified_time\" content=\"2020-03-21T22:58:23+00:00\" \/>\n<meta property=\"og:image\" content=\"https:\/\/www.dakarmania.cz\/wp-content\/uploads\/2020\/03\/20-sonora-brabec-02.jpg\" \/>\n\t<meta property=\"og:image:width\" content=\"1024\" \/>\n\t<meta property=\"og:image:height\" content=\"683\" \/>\n\t<meta property=\"og:image:type\" content=\"image\/jpeg\" \/>\n<meta name=\"author\" content=\"Zden\u011bk Zelenka\" \/>\n<meta name=\"twitter:card\" content=\"summary_large_image\" \/>\n<meta name=\"twitter:label1\" content=\"Napsal(a)\" \/>\n\t<meta name=\"twitter:data1\" content=\"Zden\u011bk Zelenka\" \/>\n\t<meta name=\"twitter:label2\" content=\"Odhadovan\u00e1 doba \u010dten\u00ed\" \/>\n\t<meta name=\"twitter:data2\" content=\"3 minuty\" \/>\n<script type=\"application\/ld+json\" class=\"yoast-schema-graph\">{\"@context\":\"https:\/\/schema.org\",\"@graph\":[{\"@type\":\"Article\",\"@id\":\"https:\/\/www.dakarmania.cz\/index.php\/2020\/03\/21\/sonora-brabec-udolal-howese\/#article\",\"isPartOf\":{\"@id\":\"https:\/\/www.dakarmania.cz\/index.php\/2020\/03\/21\/sonora-brabec-udolal-howese\/\"},\"author\":{\"name\":\"Zden\u011bk Zelenka\",\"@id\":\"https:\/\/www.dakarmania.cz\/#\/schema\/person\/04eb0e87a389631c2169c0dddae7ff1e\"},\"headline\":\"Sonora Rally: Ricky Brabec udolal Skylera Howese\",\"datePublished\":\"2020-03-21T22:52:47+00:00\",\"dateModified\":\"2020-03-21T22:58:23+00:00\",\"mainEntityOfPage\":{\"@id\":\"https:\/\/www.dakarmania.cz\/index.php\/2020\/03\/21\/sonora-brabec-udolal-howese\/\"},\"wordCount\":624,\"commentCount\":0,\"publisher\":{\"@id\":\"https:\/\/www.dakarmania.cz\/#organization\"},\"image\":{\"@id\":\"https:\/\/www.dakarmania.cz\/index.php\/2020\/03\/21\/sonora-brabec-udolal-howese\/#primaryimage\"},\"thumbnailUrl\":\"https:\/\/www.dakarmania.cz\/wp-content\/uploads\/2020\/03\/20-sonora-brabec-02.jpg\",\"keywords\":[\"2020\",\"Bill Conger\",\"Honda\",\"Honda Team\",\"KTM\",\"Ricky Brabec\",\"Skyler Howes\",\"Sonora Rally\",\"Sonora Rally 2020\"],\"articleSection\":[\"Moto\/Quad\"],\"inLanguage\":\"cs\",\"potentialAction\":[{\"@type\":\"CommentAction\",\"name\":\"Comment\",\"target\":[\"https:\/\/www.dakarmania.cz\/index.php\/2020\/03\/21\/sonora-brabec-udolal-howese\/#respond\"]}]},{\"@type\":\"WebPage\",\"@id\":\"https:\/\/www.dakarmania.cz\/index.php\/2020\/03\/21\/sonora-brabec-udolal-howese\/\",\"url\":\"https:\/\/www.dakarmania.cz\/index.php\/2020\/03\/21\/sonora-brabec-udolal-howese\/\",\"name\":\"Sonora Rally: Ricky Brabec udolal Skylera Howese - DAKARMANIA.cz\",\"isPartOf\":{\"@id\":\"https:\/\/www.dakarmania.cz\/#website\"},\"primaryImageOfPage\":{\"@id\":\"https:\/\/www.dakarmania.cz\/index.php\/2020\/03\/21\/sonora-brabec-udolal-howese\/#primaryimage\"},\"image\":{\"@id\":\"https:\/\/www.dakarmania.cz\/index.php\/2020\/03\/21\/sonora-brabec-udolal-howese\/#primaryimage\"},\"thumbnailUrl\":\"https:\/\/www.dakarmania.cz\/wp-content\/uploads\/2020\/03\/20-sonora-brabec-02.jpg\",\"datePublished\":\"2020-03-21T22:52:47+00:00\",\"dateModified\":\"2020-03-21T22:58:23+00:00\",\"description\":\"Zat\u00edmco v\u011bt\u0161ina sv\u011btov\u00e9ho motoristick\u00e9ho sportu upadla do nucen\u00e9 hibernace, v Mexiku se uskute\u010dnil \u0161est\u00fd ro\u010dn\u00edk Sonora Rally.\",\"breadcrumb\":{\"@id\":\"https:\/\/www.dakarmania.cz\/index.php\/2020\/03\/21\/sonora-brabec-udolal-howese\/#breadcrumb\"},\"inLanguage\":\"cs\",\"potentialAction\":[{\"@type\":\"ReadAction\",\"target\":[\"https:\/\/www.dakarmania.cz\/index.php\/2020\/03\/21\/sonora-brabec-udolal-howese\/\"]}]},{\"@type\":\"ImageObject\",\"inLanguage\":\"cs\",\"@id\":\"https:\/\/www.dakarmania.cz\/index.php\/2020\/03\/21\/sonora-brabec-udolal-howese\/#primaryimage\",\"url\":\"https:\/\/www.dakarmania.cz\/wp-content\/uploads\/2020\/03\/20-sonora-brabec-02.jpg\",\"contentUrl\":\"https:\/\/www.dakarmania.cz\/wp-content\/uploads\/2020\/03\/20-sonora-brabec-02.jpg\",\"width\":1024,\"height\":683,\"caption\":\"Ricky Brabec, Honda CRF450 Rally, Monster Energy Honda Team. Sonora Rally 2020. \u00a9 HRC\/WESTx1000\"},{\"@type\":\"BreadcrumbList\",\"@id\":\"https:\/\/www.dakarmania.cz\/index.php\/2020\/03\/21\/sonora-brabec-udolal-howese\/#breadcrumb\",\"itemListElement\":[{\"@type\":\"ListItem\",\"position\":1,\"name\":\"Dom\u016f\",\"item\":\"https:\/\/www.dakarmania.cz\/\"},{\"@type\":\"ListItem\",\"position\":2,\"name\":\"Sonora Rally: Ricky Brabec udolal Skylera Howese\"}]},{\"@type\":\"WebSite\",\"@id\":\"https:\/\/www.dakarmania.cz\/#website\",\"url\":\"https:\/\/www.dakarmania.cz\/\",\"name\":\"DAKARMANIA.cz\",\"description\":\"\u017dijeme Dakarem cel\u00fd rok\",\"publisher\":{\"@id\":\"https:\/\/www.dakarmania.cz\/#organization\"},\"potentialAction\":[{\"@type\":\"SearchAction\",\"target\":{\"@type\":\"EntryPoint\",\"urlTemplate\":\"https:\/\/www.dakarmania.cz\/?s={search_term_string}\"},\"query-input\":{\"@type\":\"PropertyValueSpecification\",\"valueRequired\":true,\"valueName\":\"search_term_string\"}}],\"inLanguage\":\"cs\"},{\"@type\":\"Organization\",\"@id\":\"https:\/\/www.dakarmania.cz\/#organization\",\"name\":\"DAKAR MANIA\",\"url\":\"https:\/\/www.dakarmania.cz\/\",\"logo\":{\"@type\":\"ImageObject\",\"inLanguage\":\"cs\",\"@id\":\"https:\/\/www.dakarmania.cz\/#\/schema\/logo\/image\/\",\"url\":\"https:\/\/www.dakarmania.cz\/wp-content\/uploads\/2018\/12\/Dakar-Mania-Logo-Square-Orange.png\",\"contentUrl\":\"https:\/\/www.dakarmania.cz\/wp-content\/uploads\/2018\/12\/Dakar-Mania-Logo-Square-Orange.png\",\"width\":992,\"height\":992,\"caption\":\"DAKAR MANIA\"},\"image\":{\"@id\":\"https:\/\/www.dakarmania.cz\/#\/schema\/logo\/image\/\"},\"sameAs\":[\"https:\/\/www.facebook.com\/dakarmania\/\"]},{\"@type\":\"Person\",\"@id\":\"https:\/\/www.dakarmania.cz\/#\/schema\/person\/04eb0e87a389631c2169c0dddae7ff1e\",\"name\":\"Zden\u011bk Zelenka\",\"image\":{\"@type\":\"ImageObject\",\"inLanguage\":\"cs\",\"@id\":\"https:\/\/www.dakarmania.cz\/#\/schema\/person\/image\/\",\"url\":\"https:\/\/secure.gravatar.com\/avatar\/2c80d5a4942fe0900b73cc7d3837a509d6ee0a276a2b76dac95c92bd0763a89b?s=96&d=mm&r=g\",\"contentUrl\":\"https:\/\/secure.gravatar.com\/avatar\/2c80d5a4942fe0900b73cc7d3837a509d6ee0a276a2b76dac95c92bd0763a89b?s=96&d=mm&r=g\",\"caption\":\"Zden\u011bk Zelenka\"},\"description\":\"Moji d\u011bt\u0161t\u00ed hrdinov\u00e9 se jmenovali Loprais, Moskal, Neveu, Vatanen, Rahier... A tihle borci, jejich n\u00e1sledovn\u00edci a jejich p\u0159\u00edb\u011bhy m\u011b nep\u0159estali fascinovat ani po letech, kdy jsem vyrostl a zam\u011bstn\u00e1valy m\u011b jin\u00e9 discipl\u00edny motorsportu. Proto se zrodila DAKARMANIA.\",\"url\":\"https:\/\/www.dakarmania.cz\/index.php\/author\/dakarmania\/\"}]}<\/script>\n<!-- \/ Yoast SEO plugin. -->","yoast_head_json":{"title":"Sonora Rally: Ricky Brabec udolal Skylera Howese - DAKARMANIA.cz","description":"Zat\u00edmco v\u011bt\u0161ina sv\u011btov\u00e9ho motoristick\u00e9ho sportu upadla do nucen\u00e9 hibernace, v Mexiku se uskute\u010dnil \u0161est\u00fd ro\u010dn\u00edk Sonora Rally.","robots":{"index":"index","follow":"follow","max-snippet":"max-snippet:-1","max-image-preview":"max-image-preview:large","max-video-preview":"max-video-preview:-1"},"canonical":"https:\/\/www.dakarmania.cz\/index.php\/2020\/03\/21\/sonora-brabec-udolal-howese\/","og_locale":"cs_CZ","og_type":"article","og_title":"Sonora Rally: Ricky Brabec udolal Skylera Howese - DAKARMANIA.cz","og_description":"Zat\u00edmco v\u011bt\u0161ina sv\u011btov\u00e9ho motoristick\u00e9ho sportu upadla do nucen\u00e9 hibernace, v Mexiku se uskute\u010dnil \u0161est\u00fd ro\u010dn\u00edk Sonora Rally.","og_url":"https:\/\/www.dakarmania.cz\/index.php\/2020\/03\/21\/sonora-brabec-udolal-howese\/","og_site_name":"DAKARMANIA.cz","article_publisher":"https:\/\/www.facebook.com\/dakarmania\/","article_published_time":"2020-03-21T22:52:47+00:00","article_modified_time":"2020-03-21T22:58:23+00:00","og_image":[{"width":1024,"height":683,"url":"https:\/\/www.dakarmania.cz\/wp-content\/uploads\/2020\/03\/20-sonora-brabec-02.jpg","type":"image\/jpeg"}],"author":"Zden\u011bk Zelenka","twitter_card":"summary_large_image","twitter_misc":{"Napsal(a)":"Zden\u011bk Zelenka","Odhadovan\u00e1 doba \u010dten\u00ed":"3 minuty"},"schema":{"@context":"https:\/\/schema.org","@graph":[{"@type":"Article","@id":"https:\/\/www.dakarmania.cz\/index.php\/2020\/03\/21\/sonora-brabec-udolal-howese\/#article","isPartOf":{"@id":"https:\/\/www.dakarmania.cz\/index.php\/2020\/03\/21\/sonora-brabec-udolal-howese\/"},"author":{"name":"Zden\u011bk Zelenka","@id":"https:\/\/www.dakarmania.cz\/#\/schema\/person\/04eb0e87a389631c2169c0dddae7ff1e"},"headline":"Sonora Rally: Ricky Brabec udolal Skylera Howese","datePublished":"2020-03-21T22:52:47+00:00","dateModified":"2020-03-21T22:58:23+00:00","mainEntityOfPage":{"@id":"https:\/\/www.dakarmania.cz\/index.php\/2020\/03\/21\/sonora-brabec-udolal-howese\/"},"wordCount":624,"commentCount":0,"publisher":{"@id":"https:\/\/www.dakarmania.cz\/#organization"},"image":{"@id":"https:\/\/www.dakarmania.cz\/index.php\/2020\/03\/21\/sonora-brabec-udolal-howese\/#primaryimage"},"thumbnailUrl":"https:\/\/www.dakarmania.cz\/wp-content\/uploads\/2020\/03\/20-sonora-brabec-02.jpg","keywords":["2020","Bill Conger","Honda","Honda Team","KTM","Ricky Brabec","Skyler Howes","Sonora Rally","Sonora Rally 2020"],"articleSection":["Moto\/Quad"],"inLanguage":"cs","potentialAction":[{"@type":"CommentAction","name":"Comment","target":["https:\/\/www.dakarmania.cz\/index.php\/2020\/03\/21\/sonora-brabec-udolal-howese\/#respond"]}]},{"@type":"WebPage","@id":"https:\/\/www.dakarmania.cz\/index.php\/2020\/03\/21\/sonora-brabec-udolal-howese\/","url":"https:\/\/www.dakarmania.cz\/index.php\/2020\/03\/21\/sonora-brabec-udolal-howese\/","name":"Sonora Rally: Ricky Brabec udolal Skylera Howese - DAKARMANIA.cz","isPartOf":{"@id":"https:\/\/www.dakarmania.cz\/#website"},"primaryImageOfPage":{"@id":"https:\/\/www.dakarmania.cz\/index.php\/2020\/03\/21\/sonora-brabec-udolal-howese\/#primaryimage"},"image":{"@id":"https:\/\/www.dakarmania.cz\/index.php\/2020\/03\/21\/sonora-brabec-udolal-howese\/#primaryimage"},"thumbnailUrl":"https:\/\/www.dakarmania.cz\/wp-content\/uploads\/2020\/03\/20-sonora-brabec-02.jpg","datePublished":"2020-03-21T22:52:47+00:00","dateModified":"2020-03-21T22:58:23+00:00","description":"Zat\u00edmco v\u011bt\u0161ina sv\u011btov\u00e9ho motoristick\u00e9ho sportu upadla do nucen\u00e9 hibernace, v Mexiku se uskute\u010dnil \u0161est\u00fd ro\u010dn\u00edk Sonora Rally.","breadcrumb":{"@id":"https:\/\/www.dakarmania.cz\/index.php\/2020\/03\/21\/sonora-brabec-udolal-howese\/#breadcrumb"},"inLanguage":"cs","potentialAction":[{"@type":"ReadAction","target":["https:\/\/www.dakarmania.cz\/index.php\/2020\/03\/21\/sonora-brabec-udolal-howese\/"]}]},{"@type":"ImageObject","inLanguage":"cs","@id":"https:\/\/www.dakarmania.cz\/index.php\/2020\/03\/21\/sonora-brabec-udolal-howese\/#primaryimage","url":"https:\/\/www.dakarmania.cz\/wp-content\/uploads\/2020\/03\/20-sonora-brabec-02.jpg","contentUrl":"https:\/\/www.dakarmania.cz\/wp-content\/uploads\/2020\/03\/20-sonora-brabec-02.jpg","width":1024,"height":683,"caption":"Ricky Brabec, Honda CRF450 Rally, Monster Energy Honda Team. Sonora Rally 2020. \u00a9 HRC\/WESTx1000"},{"@type":"BreadcrumbList","@id":"https:\/\/www.dakarmania.cz\/index.php\/2020\/03\/21\/sonora-brabec-udolal-howese\/#breadcrumb","itemListElement":[{"@type":"ListItem","position":1,"name":"Dom\u016f","item":"https:\/\/www.dakarmania.cz\/"},{"@type":"ListItem","position":2,"name":"Sonora Rally: Ricky Brabec udolal Skylera Howese"}]},{"@type":"WebSite","@id":"https:\/\/www.dakarmania.cz\/#website","url":"https:\/\/www.dakarmania.cz\/","name":"DAKARMANIA.cz","description":"\u017dijeme Dakarem cel\u00fd rok","publisher":{"@id":"https:\/\/www.dakarmania.cz\/#organization"},"potentialAction":[{"@type":"SearchAction","target":{"@type":"EntryPoint","urlTemplate":"https:\/\/www.dakarmania.cz\/?s={search_term_string}"},"query-input":{"@type":"PropertyValueSpecification","valueRequired":true,"valueName":"search_term_string"}}],"inLanguage":"cs"},{"@type":"Organization","@id":"https:\/\/www.dakarmania.cz\/#organization","name":"DAKAR MANIA","url":"https:\/\/www.dakarmania.cz\/","logo":{"@type":"ImageObject","inLanguage":"cs","@id":"https:\/\/www.dakarmania.cz\/#\/schema\/logo\/image\/","url":"https:\/\/www.dakarmania.cz\/wp-content\/uploads\/2018\/12\/Dakar-Mania-Logo-Square-Orange.png","contentUrl":"https:\/\/www.dakarmania.cz\/wp-content\/uploads\/2018\/12\/Dakar-Mania-Logo-Square-Orange.png","width":992,"height":992,"caption":"DAKAR MANIA"},"image":{"@id":"https:\/\/www.dakarmania.cz\/#\/schema\/logo\/image\/"},"sameAs":["https:\/\/www.facebook.com\/dakarmania\/"]},{"@type":"Person","@id":"https:\/\/www.dakarmania.cz\/#\/schema\/person\/04eb0e87a389631c2169c0dddae7ff1e","name":"Zden\u011bk Zelenka","image":{"@type":"ImageObject","inLanguage":"cs","@id":"https:\/\/www.dakarmania.cz\/#\/schema\/person\/image\/","url":"https:\/\/secure.gravatar.com\/avatar\/2c80d5a4942fe0900b73cc7d3837a509d6ee0a276a2b76dac95c92bd0763a89b?s=96&d=mm&r=g","contentUrl":"https:\/\/secure.gravatar.com\/avatar\/2c80d5a4942fe0900b73cc7d3837a509d6ee0a276a2b76dac95c92bd0763a89b?s=96&d=mm&r=g","caption":"Zden\u011bk Zelenka"},"description":"Moji d\u011bt\u0161t\u00ed hrdinov\u00e9 se jmenovali Loprais, Moskal, Neveu, Vatanen, Rahier... A tihle borci, jejich n\u00e1sledovn\u00edci a jejich p\u0159\u00edb\u011bhy m\u011b nep\u0159estali fascinovat ani po letech, kdy jsem vyrostl a zam\u011bstn\u00e1valy m\u011b jin\u00e9 discipl\u00edny motorsportu. Proto se zrodila DAKARMANIA.","url":"https:\/\/www.dakarmania.cz\/index.php\/author\/dakarmania\/"}]}},"amp_enabled":true,"_links":{"self":[{"href":"https:\/\/www.dakarmania.cz\/index.php\/wp-json\/wp\/v2\/posts\/15528","targetHints":{"allow":["GET"]}}],"collection":[{"href":"https:\/\/www.dakarmania.cz\/index.php\/wp-json\/wp\/v2\/posts"}],"about":[{"href":"https:\/\/www.dakarmania.cz\/index.php\/wp-json\/wp\/v2\/types\/post"}],"author":[{"embeddable":true,"href":"https:\/\/www.dakarmania.cz\/index.php\/wp-json\/wp\/v2\/users\/1"}],"replies":[{"embeddable":true,"href":"https:\/\/www.dakarmania.cz\/index.php\/wp-json\/wp\/v2\/comments?post=15528"}],"version-history":[{"count":3,"href":"https:\/\/www.dakarmania.cz\/index.php\/wp-json\/wp\/v2\/posts\/15528\/revisions"}],"predecessor-version":[{"id":15532,"href":"https:\/\/www.dakarmania.cz\/index.php\/wp-json\/wp\/v2\/posts\/15528\/revisions\/15532"}],"wp:featuredmedia":[{"embeddable":true,"href":"https:\/\/www.dakarmania.cz\/index.php\/wp-json\/wp\/v2\/media\/15526"}],"wp:attachment":[{"href":"https:\/\/www.dakarmania.cz\/index.php\/wp-json\/wp\/v2\/media?parent=15528"}],"wp:term":[{"taxonomy":"category","embeddable":true,"href":"https:\/\/www.dakarmania.cz\/index.php\/wp-json\/wp\/v2\/categories?post=15528"},{"taxonomy":"post_tag","embeddable":true,"href":"https:\/\/www.dakarmania.cz\/index.php\/wp-json\/wp\/v2\/tags?post=15528"}],"curies":[{"name":"wp","href":"https:\/\/api.w.org\/{rel}","templated":true}]}}