{"id":1595,"date":"2019-01-09T02:01:07","date_gmt":"2019-01-09T02:01:07","guid":{"rendered":"https:\/\/www.dakarmania.cz\/?p=1595"},"modified":"2019-11-12T17:54:42","modified_gmt":"2019-11-12T16:54:42","slug":"dakar-2019-martin-prokop-poskocil-o-28-mist","status":"publish","type":"post","link":"https:\/\/www.dakarmania.cz\/index.php\/2019\/01\/09\/dakar-2019-martin-prokop-poskocil-o-28-mist\/","title":{"rendered":"Dakar 2019: Martin Prokop posko\u010dil o 28 m\u00edst"},"content":{"rendered":"<p>[vc_row][vc_column][vc_column_text]<\/p>\n<h4>Martin Prokop s Janem Tom\u00e1nkem se po technick\u00fdch pot\u00ed\u017e\u00edch v prvn\u00ed etap\u011b Rally Dakar 2019 museli v \u00fater\u00fd prokous\u00e1vat polem jezdc\u016f a\u017e z dvaadvac\u00e1t\u00e9ho m\u00edsta na startu, co\u017e byla hlavn\u00ed obt\u00ed\u017e, kter\u00e1 jim zabr\u00e1nila dos\u00e1hnout je\u0161t\u011b lep\u0161\u00edho v\u00fdsledku, ne\u017e je 12. m\u00edsto v klasifikaci etapy. Velice dobr\u00fd v\u00fdkon posunul pos\u00e1dku t\u00fdmu MP-Sports ze 46. na 18. p\u0159\u00ed\u010dku celkov\u00e9ho po\u0159ad\u00ed.<\/h4>\n<p>Druh\u00e1 etapa Dakaru vedla st\u00e1le na jih od Limy, pod\u00e9l zn\u00e1m\u00e9ho \u00fazem\u00ed Nasca, av\u0161ak z\u00e1vodn\u00edci nem\u011bli na prohl\u00eddky b\u00e1jn\u00fdch m\u00edst ani pomy\u0161len\u00ed. Na n\u011b \u010dekalo 342 kilometr\u016f v m\u011b\u0159en\u00e9m \u00faseku, kter\u00fd vedl v\u011bt\u0161inou v p\u00eds\u010dit\u00fdch oblastech, men\u0161\u00edch dun\u00e1ch a rychl\u00fdch \u00fasec\u00edch pod\u00e9l mo\u0159e.<\/p>\n<p><strong>Martin Prokop:<\/strong> <em>\u201eDne\u0161n\u00ed etapa byla hodn\u011b dlouh\u00e1 a kone\u010dn\u011b jsme se po\u0159\u00e1dn\u011b svezli. U\u017e r\u00e1no jsem ale tu\u0161il, \u017ee auta p\u0159ed n\u00e1mi budou d\u011blat probl\u00e9my, co\u017e se bohu\u017eel vyplnilo. Zejm\u00e9na nezklamal jeden litevsk\u00fd pilot, se kter\u00fdm u\u017e m\u00e1m podobnou zku\u0161enost. Je\u0161t\u011b ke v\u0161emu mu nefungoval v\u00fdstra\u017en\u00fd sentinel, tak\u017ee od stopades\u00e1teho kilometru, kdy jsme je dojeli, n\u00e1s jel bal\u00edk p\u011bti aut za sebou bez mo\u017enosti p\u0159edjet\u00ed. Jinak jsme rychlost, tempo i navigaci m\u011bli skv\u011blou a c\u00edtili jsme se par\u00e1dn\u011b, ale tohle n\u00e1s bohu\u017eel st\u00e1lo n\u011bjak\u00fd \u010das. Jsem r\u00e1d, \u017ee se posouv\u00e1me celkov\u00fdm po\u0159ad\u00edm dop\u0159edu a d\u00e1l bojujeme, i kdy\u017e zat\u00edm to nejde tak, jak jsme si p\u0159edstavovali.\u201c<\/em>[\/vc_column_text][vc_video link=&#8221;https:\/\/youtu.be\/lKpdeDjS8Ro&#8221;][vc_column_text]Druh\u00e1 t\u00fdmov\u00e1 pos\u00e1dka Tom\u00e1\u0161 Ou\u0159edn\u00ed\u010dek \/ David K\u0159\u00edpal dokon\u010dila druhou etapu na 28. m\u00edst\u011b a celkov\u011b j\u00ed pat\u0159\u00ed 27. p\u0159\u00ed\u010dka.<\/p>\n<p><strong>Tom\u00e1\u0161 Ou\u0159edn\u00ed\u010dek:<\/strong> <em>\u201eDo dne\u0161n\u00ed etapy jsem nastupoval s respektem a sna\u017eil jsem se zejm\u00e9na nevyrobit n\u011bjakou zbyte\u010dnou chybu, kter\u00e1 by mne mrzela a ovlivnila cel\u00fd zbytek sout\u011b\u017ee. Bohu\u017eel n\u00e1m asi sto kilometr\u016f p\u0159ed c\u00edlem etapy ode\u0161el \u0161est\u00fd p\u0159evodov\u00fd stupe\u0148, co\u017e na rychl\u00fdch \u00fasec\u00edch bylo celkem na obt\u00ed\u017e.\u201c<\/em><\/p>\n<p>Tiskov\u00e1 zpr\u00e1va t\u00fdmu MP-Sports[\/vc_column_text][\/vc_column][\/vc_row]<\/p>\n","protected":false},"excerpt":{"rendered":"<p>Martin Prokop s Janem Tom\u00e1nkem se po technick\u00fdch pot\u00ed\u017e\u00edch v prvn\u00ed etap\u011b Rally Dakar 2019 museli v \u00fater\u00fd prokous\u00e1vat polem jezdc\u016f a\u017e z 22. m\u00edsta na startu.<\/p>\n","protected":false},"author":3,"featured_media":1594,"comment_status":"open","ping_status":"closed","sticky":false,"template":"","format":"standard","meta":{"footnotes":""},"categories":[637],"tags":[8,9,10,11,6,5,4,7],"class_list":["post-1595","post","type-post","status-publish","format-standard","has-post-thumbnail","hentry","category-tiskove-zpravy","tag-dakar","tag-dakar-2019","tag-david-kripal","tag-ford","tag-jan-tomanek","tag-martin-prokop","tag-mp-sports","tag-tomas-ourednicek"],"yoast_head":"<!-- This site is optimized with the Yoast SEO plugin v24.9 - https:\/\/yoast.com\/wordpress\/plugins\/seo\/ -->\n<title>Dakar 2019: Martin Prokop posko\u010dil o 28 m\u00edst - DAKARMANIA.cz<\/title>\n<meta name=\"description\" content=\"Martin Prokop s Janem Tom\u00e1nkem se po technick\u00fdch pot\u00ed\u017e\u00edch v prvn\u00ed etap\u011b Rally Dakar 2019 museli v \u00fater\u00fd prokous\u00e1vat polem jezdc\u016f a\u017e z 22. m\u00edsta na startu.\" \/>\n<meta name=\"robots\" content=\"index, follow, max-snippet:-1, max-image-preview:large, max-video-preview:-1\" \/>\n<link rel=\"canonical\" href=\"https:\/\/www.dakarmania.cz\/index.php\/2019\/01\/09\/dakar-2019-martin-prokop-poskocil-o-28-mist\/\" \/>\n<meta property=\"og:locale\" content=\"cs_CZ\" \/>\n<meta property=\"og:type\" content=\"article\" \/>\n<meta property=\"og:title\" content=\"Dakar 2019: Martin Prokop posko\u010dil o 28 m\u00edst - DAKARMANIA.cz\" \/>\n<meta property=\"og:description\" content=\"Martin Prokop s Janem Tom\u00e1nkem se po technick\u00fdch pot\u00ed\u017e\u00edch v prvn\u00ed etap\u011b Rally Dakar 2019 museli v \u00fater\u00fd prokous\u00e1vat polem jezdc\u016f a\u017e z 22. m\u00edsta na startu.\" \/>\n<meta property=\"og:url\" content=\"https:\/\/www.dakarmania.cz\/index.php\/2019\/01\/09\/dakar-2019-martin-prokop-poskocil-o-28-mist\/\" \/>\n<meta property=\"og:site_name\" content=\"DAKARMANIA.cz\" \/>\n<meta property=\"article:publisher\" content=\"https:\/\/www.facebook.com\/dakarmania\/\" \/>\n<meta property=\"article:published_time\" content=\"2019-01-09T02:01:07+00:00\" \/>\n<meta property=\"article:modified_time\" content=\"2019-11-12T16:54:42+00:00\" \/>\n<meta property=\"og:image\" content=\"https:\/\/www.dakarmania.cz\/wp-content\/uploads\/2019\/01\/19-dakar-prokop05.jpg\" \/>\n\t<meta property=\"og:image:width\" content=\"2048\" \/>\n\t<meta property=\"og:image:height\" content=\"1365\" \/>\n\t<meta property=\"og:image:type\" content=\"image\/jpeg\" \/>\n<meta name=\"author\" content=\"tiskov\u00e1 zpr\u00e1va\" \/>\n<meta name=\"twitter:card\" content=\"summary_large_image\" \/>\n<meta name=\"twitter:label1\" content=\"Napsal(a)\" \/>\n\t<meta name=\"twitter:data1\" content=\"tiskov\u00e1 zpr\u00e1va\" \/>\n\t<meta name=\"twitter:label2\" content=\"Odhadovan\u00e1 doba \u010dten\u00ed\" \/>\n\t<meta name=\"twitter:data2\" content=\"2 minuty\" \/>\n<script type=\"application\/ld+json\" class=\"yoast-schema-graph\">{\"@context\":\"https:\/\/schema.org\",\"@graph\":[{\"@type\":\"Article\",\"@id\":\"https:\/\/www.dakarmania.cz\/index.php\/2019\/01\/09\/dakar-2019-martin-prokop-poskocil-o-28-mist\/#article\",\"isPartOf\":{\"@id\":\"https:\/\/www.dakarmania.cz\/index.php\/2019\/01\/09\/dakar-2019-martin-prokop-poskocil-o-28-mist\/\"},\"author\":{\"name\":\"tiskov\u00e1 zpr\u00e1va\",\"@id\":\"https:\/\/www.dakarmania.cz\/#\/schema\/person\/bce8d1fe3633b1178e150fc5e340d5dd\"},\"headline\":\"Dakar 2019: Martin Prokop posko\u010dil o 28 m\u00edst\",\"datePublished\":\"2019-01-09T02:01:07+00:00\",\"dateModified\":\"2019-11-12T16:54:42+00:00\",\"mainEntityOfPage\":{\"@id\":\"https:\/\/www.dakarmania.cz\/index.php\/2019\/01\/09\/dakar-2019-martin-prokop-poskocil-o-28-mist\/\"},\"wordCount\":420,\"commentCount\":0,\"publisher\":{\"@id\":\"https:\/\/www.dakarmania.cz\/#organization\"},\"image\":{\"@id\":\"https:\/\/www.dakarmania.cz\/index.php\/2019\/01\/09\/dakar-2019-martin-prokop-poskocil-o-28-mist\/#primaryimage\"},\"thumbnailUrl\":\"https:\/\/www.dakarmania.cz\/wp-content\/uploads\/2019\/01\/19-dakar-prokop05.jpg\",\"keywords\":[\"Dakar\",\"Dakar 2019\",\"David K\u0159\u00edpal\",\"Ford\",\"Jan Tom\u00e1nek\",\"Martin Prokop\",\"MP-Sports\",\"Tom\u00e1\u0161 Ou\u0159edn\u00ed\u010dek\"],\"articleSection\":[\"Tiskov\u00e9 zpr\u00e1vy\"],\"inLanguage\":\"cs\",\"potentialAction\":[{\"@type\":\"CommentAction\",\"name\":\"Comment\",\"target\":[\"https:\/\/www.dakarmania.cz\/index.php\/2019\/01\/09\/dakar-2019-martin-prokop-poskocil-o-28-mist\/#respond\"]}]},{\"@type\":\"WebPage\",\"@id\":\"https:\/\/www.dakarmania.cz\/index.php\/2019\/01\/09\/dakar-2019-martin-prokop-poskocil-o-28-mist\/\",\"url\":\"https:\/\/www.dakarmania.cz\/index.php\/2019\/01\/09\/dakar-2019-martin-prokop-poskocil-o-28-mist\/\",\"name\":\"Dakar 2019: Martin Prokop posko\u010dil o 28 m\u00edst - DAKARMANIA.cz\",\"isPartOf\":{\"@id\":\"https:\/\/www.dakarmania.cz\/#website\"},\"primaryImageOfPage\":{\"@id\":\"https:\/\/www.dakarmania.cz\/index.php\/2019\/01\/09\/dakar-2019-martin-prokop-poskocil-o-28-mist\/#primaryimage\"},\"image\":{\"@id\":\"https:\/\/www.dakarmania.cz\/index.php\/2019\/01\/09\/dakar-2019-martin-prokop-poskocil-o-28-mist\/#primaryimage\"},\"thumbnailUrl\":\"https:\/\/www.dakarmania.cz\/wp-content\/uploads\/2019\/01\/19-dakar-prokop05.jpg\",\"datePublished\":\"2019-01-09T02:01:07+00:00\",\"dateModified\":\"2019-11-12T16:54:42+00:00\",\"description\":\"Martin Prokop s Janem Tom\u00e1nkem se po technick\u00fdch pot\u00ed\u017e\u00edch v prvn\u00ed etap\u011b Rally Dakar 2019 museli v \u00fater\u00fd prokous\u00e1vat polem jezdc\u016f a\u017e z 22. m\u00edsta na startu.\",\"breadcrumb\":{\"@id\":\"https:\/\/www.dakarmania.cz\/index.php\/2019\/01\/09\/dakar-2019-martin-prokop-poskocil-o-28-mist\/#breadcrumb\"},\"inLanguage\":\"cs\",\"potentialAction\":[{\"@type\":\"ReadAction\",\"target\":[\"https:\/\/www.dakarmania.cz\/index.php\/2019\/01\/09\/dakar-2019-martin-prokop-poskocil-o-28-mist\/\"]}]},{\"@type\":\"ImageObject\",\"inLanguage\":\"cs\",\"@id\":\"https:\/\/www.dakarmania.cz\/index.php\/2019\/01\/09\/dakar-2019-martin-prokop-poskocil-o-28-mist\/#primaryimage\",\"url\":\"https:\/\/www.dakarmania.cz\/wp-content\/uploads\/2019\/01\/19-dakar-prokop05.jpg\",\"contentUrl\":\"https:\/\/www.dakarmania.cz\/wp-content\/uploads\/2019\/01\/19-dakar-prokop05.jpg\",\"width\":2048,\"height\":1365,\"caption\":\"Martin Prokop\/Jan Tom\u00e1nek, Ford Raptor RS Cross-Country, MP-Sports. Rally Dakar 2019. \u00a9 MP-Sports\"},{\"@type\":\"BreadcrumbList\",\"@id\":\"https:\/\/www.dakarmania.cz\/index.php\/2019\/01\/09\/dakar-2019-martin-prokop-poskocil-o-28-mist\/#breadcrumb\",\"itemListElement\":[{\"@type\":\"ListItem\",\"position\":1,\"name\":\"Dom\u016f\",\"item\":\"https:\/\/www.dakarmania.cz\/\"},{\"@type\":\"ListItem\",\"position\":2,\"name\":\"Dakar 2019: Martin Prokop posko\u010dil o 28 m\u00edst\"}]},{\"@type\":\"WebSite\",\"@id\":\"https:\/\/www.dakarmania.cz\/#website\",\"url\":\"https:\/\/www.dakarmania.cz\/\",\"name\":\"DAKARMANIA.cz\",\"description\":\"\u017dijeme Dakarem cel\u00fd rok\",\"publisher\":{\"@id\":\"https:\/\/www.dakarmania.cz\/#organization\"},\"potentialAction\":[{\"@type\":\"SearchAction\",\"target\":{\"@type\":\"EntryPoint\",\"urlTemplate\":\"https:\/\/www.dakarmania.cz\/?s={search_term_string}\"},\"query-input\":{\"@type\":\"PropertyValueSpecification\",\"valueRequired\":true,\"valueName\":\"search_term_string\"}}],\"inLanguage\":\"cs\"},{\"@type\":\"Organization\",\"@id\":\"https:\/\/www.dakarmania.cz\/#organization\",\"name\":\"DAKAR MANIA\",\"url\":\"https:\/\/www.dakarmania.cz\/\",\"logo\":{\"@type\":\"ImageObject\",\"inLanguage\":\"cs\",\"@id\":\"https:\/\/www.dakarmania.cz\/#\/schema\/logo\/image\/\",\"url\":\"https:\/\/www.dakarmania.cz\/wp-content\/uploads\/2018\/12\/Dakar-Mania-Logo-Square-Orange.png\",\"contentUrl\":\"https:\/\/www.dakarmania.cz\/wp-content\/uploads\/2018\/12\/Dakar-Mania-Logo-Square-Orange.png\",\"width\":992,\"height\":992,\"caption\":\"DAKAR MANIA\"},\"image\":{\"@id\":\"https:\/\/www.dakarmania.cz\/#\/schema\/logo\/image\/\"},\"sameAs\":[\"https:\/\/www.facebook.com\/dakarmania\/\"]},{\"@type\":\"Person\",\"@id\":\"https:\/\/www.dakarmania.cz\/#\/schema\/person\/bce8d1fe3633b1178e150fc5e340d5dd\",\"name\":\"tiskov\u00e1 zpr\u00e1va\",\"image\":{\"@type\":\"ImageObject\",\"inLanguage\":\"cs\",\"@id\":\"https:\/\/www.dakarmania.cz\/#\/schema\/person\/image\/\",\"url\":\"https:\/\/secure.gravatar.com\/avatar\/19aefcb6c7bfae691fca4d805686c670f59bb4f7414c7b398b88dc9c8f4e96d5?s=96&d=mm&r=g\",\"contentUrl\":\"https:\/\/secure.gravatar.com\/avatar\/19aefcb6c7bfae691fca4d805686c670f59bb4f7414c7b398b88dc9c8f4e96d5?s=96&d=mm&r=g\",\"caption\":\"tiskov\u00e1 zpr\u00e1va\"},\"url\":\"https:\/\/www.dakarmania.cz\/index.php\/author\/tiskovezpravy\/\"}]}<\/script>\n<!-- \/ Yoast SEO plugin. -->","yoast_head_json":{"title":"Dakar 2019: Martin Prokop posko\u010dil o 28 m\u00edst - DAKARMANIA.cz","description":"Martin Prokop s Janem Tom\u00e1nkem se po technick\u00fdch pot\u00ed\u017e\u00edch v prvn\u00ed etap\u011b Rally Dakar 2019 museli v \u00fater\u00fd prokous\u00e1vat polem jezdc\u016f a\u017e z 22. m\u00edsta na startu.","robots":{"index":"index","follow":"follow","max-snippet":"max-snippet:-1","max-image-preview":"max-image-preview:large","max-video-preview":"max-video-preview:-1"},"canonical":"https:\/\/www.dakarmania.cz\/index.php\/2019\/01\/09\/dakar-2019-martin-prokop-poskocil-o-28-mist\/","og_locale":"cs_CZ","og_type":"article","og_title":"Dakar 2019: Martin Prokop posko\u010dil o 28 m\u00edst - DAKARMANIA.cz","og_description":"Martin Prokop s Janem Tom\u00e1nkem se po technick\u00fdch pot\u00ed\u017e\u00edch v prvn\u00ed etap\u011b Rally Dakar 2019 museli v \u00fater\u00fd prokous\u00e1vat polem jezdc\u016f a\u017e z 22. m\u00edsta na startu.","og_url":"https:\/\/www.dakarmania.cz\/index.php\/2019\/01\/09\/dakar-2019-martin-prokop-poskocil-o-28-mist\/","og_site_name":"DAKARMANIA.cz","article_publisher":"https:\/\/www.facebook.com\/dakarmania\/","article_published_time":"2019-01-09T02:01:07+00:00","article_modified_time":"2019-11-12T16:54:42+00:00","og_image":[{"width":2048,"height":1365,"url":"https:\/\/www.dakarmania.cz\/wp-content\/uploads\/2019\/01\/19-dakar-prokop05.jpg","type":"image\/jpeg"}],"author":"tiskov\u00e1 zpr\u00e1va","twitter_card":"summary_large_image","twitter_misc":{"Napsal(a)":"tiskov\u00e1 zpr\u00e1va","Odhadovan\u00e1 doba \u010dten\u00ed":"2 minuty"},"schema":{"@context":"https:\/\/schema.org","@graph":[{"@type":"Article","@id":"https:\/\/www.dakarmania.cz\/index.php\/2019\/01\/09\/dakar-2019-martin-prokop-poskocil-o-28-mist\/#article","isPartOf":{"@id":"https:\/\/www.dakarmania.cz\/index.php\/2019\/01\/09\/dakar-2019-martin-prokop-poskocil-o-28-mist\/"},"author":{"name":"tiskov\u00e1 zpr\u00e1va","@id":"https:\/\/www.dakarmania.cz\/#\/schema\/person\/bce8d1fe3633b1178e150fc5e340d5dd"},"headline":"Dakar 2019: Martin Prokop posko\u010dil o 28 m\u00edst","datePublished":"2019-01-09T02:01:07+00:00","dateModified":"2019-11-12T16:54:42+00:00","mainEntityOfPage":{"@id":"https:\/\/www.dakarmania.cz\/index.php\/2019\/01\/09\/dakar-2019-martin-prokop-poskocil-o-28-mist\/"},"wordCount":420,"commentCount":0,"publisher":{"@id":"https:\/\/www.dakarmania.cz\/#organization"},"image":{"@id":"https:\/\/www.dakarmania.cz\/index.php\/2019\/01\/09\/dakar-2019-martin-prokop-poskocil-o-28-mist\/#primaryimage"},"thumbnailUrl":"https:\/\/www.dakarmania.cz\/wp-content\/uploads\/2019\/01\/19-dakar-prokop05.jpg","keywords":["Dakar","Dakar 2019","David K\u0159\u00edpal","Ford","Jan Tom\u00e1nek","Martin Prokop","MP-Sports","Tom\u00e1\u0161 Ou\u0159edn\u00ed\u010dek"],"articleSection":["Tiskov\u00e9 zpr\u00e1vy"],"inLanguage":"cs","potentialAction":[{"@type":"CommentAction","name":"Comment","target":["https:\/\/www.dakarmania.cz\/index.php\/2019\/01\/09\/dakar-2019-martin-prokop-poskocil-o-28-mist\/#respond"]}]},{"@type":"WebPage","@id":"https:\/\/www.dakarmania.cz\/index.php\/2019\/01\/09\/dakar-2019-martin-prokop-poskocil-o-28-mist\/","url":"https:\/\/www.dakarmania.cz\/index.php\/2019\/01\/09\/dakar-2019-martin-prokop-poskocil-o-28-mist\/","name":"Dakar 2019: Martin Prokop posko\u010dil o 28 m\u00edst - DAKARMANIA.cz","isPartOf":{"@id":"https:\/\/www.dakarmania.cz\/#website"},"primaryImageOfPage":{"@id":"https:\/\/www.dakarmania.cz\/index.php\/2019\/01\/09\/dakar-2019-martin-prokop-poskocil-o-28-mist\/#primaryimage"},"image":{"@id":"https:\/\/www.dakarmania.cz\/index.php\/2019\/01\/09\/dakar-2019-martin-prokop-poskocil-o-28-mist\/#primaryimage"},"thumbnailUrl":"https:\/\/www.dakarmania.cz\/wp-content\/uploads\/2019\/01\/19-dakar-prokop05.jpg","datePublished":"2019-01-09T02:01:07+00:00","dateModified":"2019-11-12T16:54:42+00:00","description":"Martin Prokop s Janem Tom\u00e1nkem se po technick\u00fdch pot\u00ed\u017e\u00edch v prvn\u00ed etap\u011b Rally Dakar 2019 museli v \u00fater\u00fd prokous\u00e1vat polem jezdc\u016f a\u017e z 22. m\u00edsta na startu.","breadcrumb":{"@id":"https:\/\/www.dakarmania.cz\/index.php\/2019\/01\/09\/dakar-2019-martin-prokop-poskocil-o-28-mist\/#breadcrumb"},"inLanguage":"cs","potentialAction":[{"@type":"ReadAction","target":["https:\/\/www.dakarmania.cz\/index.php\/2019\/01\/09\/dakar-2019-martin-prokop-poskocil-o-28-mist\/"]}]},{"@type":"ImageObject","inLanguage":"cs","@id":"https:\/\/www.dakarmania.cz\/index.php\/2019\/01\/09\/dakar-2019-martin-prokop-poskocil-o-28-mist\/#primaryimage","url":"https:\/\/www.dakarmania.cz\/wp-content\/uploads\/2019\/01\/19-dakar-prokop05.jpg","contentUrl":"https:\/\/www.dakarmania.cz\/wp-content\/uploads\/2019\/01\/19-dakar-prokop05.jpg","width":2048,"height":1365,"caption":"Martin Prokop\/Jan Tom\u00e1nek, Ford Raptor RS Cross-Country, MP-Sports. Rally Dakar 2019. \u00a9 MP-Sports"},{"@type":"BreadcrumbList","@id":"https:\/\/www.dakarmania.cz\/index.php\/2019\/01\/09\/dakar-2019-martin-prokop-poskocil-o-28-mist\/#breadcrumb","itemListElement":[{"@type":"ListItem","position":1,"name":"Dom\u016f","item":"https:\/\/www.dakarmania.cz\/"},{"@type":"ListItem","position":2,"name":"Dakar 2019: Martin Prokop posko\u010dil o 28 m\u00edst"}]},{"@type":"WebSite","@id":"https:\/\/www.dakarmania.cz\/#website","url":"https:\/\/www.dakarmania.cz\/","name":"DAKARMANIA.cz","description":"\u017dijeme Dakarem cel\u00fd rok","publisher":{"@id":"https:\/\/www.dakarmania.cz\/#organization"},"potentialAction":[{"@type":"SearchAction","target":{"@type":"EntryPoint","urlTemplate":"https:\/\/www.dakarmania.cz\/?s={search_term_string}"},"query-input":{"@type":"PropertyValueSpecification","valueRequired":true,"valueName":"search_term_string"}}],"inLanguage":"cs"},{"@type":"Organization","@id":"https:\/\/www.dakarmania.cz\/#organization","name":"DAKAR MANIA","url":"https:\/\/www.dakarmania.cz\/","logo":{"@type":"ImageObject","inLanguage":"cs","@id":"https:\/\/www.dakarmania.cz\/#\/schema\/logo\/image\/","url":"https:\/\/www.dakarmania.cz\/wp-content\/uploads\/2018\/12\/Dakar-Mania-Logo-Square-Orange.png","contentUrl":"https:\/\/www.dakarmania.cz\/wp-content\/uploads\/2018\/12\/Dakar-Mania-Logo-Square-Orange.png","width":992,"height":992,"caption":"DAKAR MANIA"},"image":{"@id":"https:\/\/www.dakarmania.cz\/#\/schema\/logo\/image\/"},"sameAs":["https:\/\/www.facebook.com\/dakarmania\/"]},{"@type":"Person","@id":"https:\/\/www.dakarmania.cz\/#\/schema\/person\/bce8d1fe3633b1178e150fc5e340d5dd","name":"tiskov\u00e1 zpr\u00e1va","image":{"@type":"ImageObject","inLanguage":"cs","@id":"https:\/\/www.dakarmania.cz\/#\/schema\/person\/image\/","url":"https:\/\/secure.gravatar.com\/avatar\/19aefcb6c7bfae691fca4d805686c670f59bb4f7414c7b398b88dc9c8f4e96d5?s=96&d=mm&r=g","contentUrl":"https:\/\/secure.gravatar.com\/avatar\/19aefcb6c7bfae691fca4d805686c670f59bb4f7414c7b398b88dc9c8f4e96d5?s=96&d=mm&r=g","caption":"tiskov\u00e1 zpr\u00e1va"},"url":"https:\/\/www.dakarmania.cz\/index.php\/author\/tiskovezpravy\/"}]}},"amp_enabled":true,"_links":{"self":[{"href":"https:\/\/www.dakarmania.cz\/index.php\/wp-json\/wp\/v2\/posts\/1595","targetHints":{"allow":["GET"]}}],"collection":[{"href":"https:\/\/www.dakarmania.cz\/index.php\/wp-json\/wp\/v2\/posts"}],"about":[{"href":"https:\/\/www.dakarmania.cz\/index.php\/wp-json\/wp\/v2\/types\/post"}],"author":[{"embeddable":true,"href":"https:\/\/www.dakarmania.cz\/index.php\/wp-json\/wp\/v2\/users\/3"}],"replies":[{"embeddable":true,"href":"https:\/\/www.dakarmania.cz\/index.php\/wp-json\/wp\/v2\/comments?post=1595"}],"version-history":[{"count":4,"href":"https:\/\/www.dakarmania.cz\/index.php\/wp-json\/wp\/v2\/posts\/1595\/revisions"}],"predecessor-version":[{"id":13291,"href":"https:\/\/www.dakarmania.cz\/index.php\/wp-json\/wp\/v2\/posts\/1595\/revisions\/13291"}],"wp:featuredmedia":[{"embeddable":true,"href":"https:\/\/www.dakarmania.cz\/index.php\/wp-json\/wp\/v2\/media\/1594"}],"wp:attachment":[{"href":"https:\/\/www.dakarmania.cz\/index.php\/wp-json\/wp\/v2\/media?parent=1595"}],"wp:term":[{"taxonomy":"category","embeddable":true,"href":"https:\/\/www.dakarmania.cz\/index.php\/wp-json\/wp\/v2\/categories?post=1595"},{"taxonomy":"post_tag","embeddable":true,"href":"https:\/\/www.dakarmania.cz\/index.php\/wp-json\/wp\/v2\/tags?post=1595"}],"curies":[{"name":"wp","href":"https:\/\/api.w.org\/{rel}","templated":true}]}}