{"id":15980,"date":"2020-05-06T12:35:48","date_gmt":"2020-05-06T10:35:48","guid":{"rendered":"https:\/\/www.dakarmania.cz\/?p=15980"},"modified":"2020-06-10T11:34:14","modified_gmt":"2020-06-10T09:34:14","slug":"dakar-2021-jantar-team","status":"publish","type":"post","link":"https:\/\/www.dakarmania.cz\/index.php\/2020\/05\/06\/dakar-2021-jantar-team\/","title":{"rendered":"Dakar 2021: Dva \u010de\u0161t\u00ed navr\u00e1tilci v jednom t\u00fdmu a malle moto"},"content":{"rendered":"<p>[vc_row][vc_column][vc_column_text css_animation=&#8221;fadeIn&#8221;]<\/p>\n<h3>Nen\u00ed to jednoduch\u00e9, ale jde to. I navzdory hranic\u00edm uzav\u0159en\u00fdm v d\u016fsledku pandemie nemoci Covid-19 lze domluvit a rozjet novou zaj\u00edmavou spolupr\u00e1ci. P\u0159esn\u011b tak se v posledn\u00edch t\u00fddnech zrodil projekt startu \u010desko-slovensk\u00e9ho Jantar Teamu na Rally Dakar 2021.<\/h3>\n<p>[\/vc_column_text][vc_single_image image=&#8221;15978&#8243; img_size=&#8221;large&#8221; add_caption=&#8221;yes&#8221; alignment=&#8221;center&#8221; onclick=&#8221;link_image&#8221; css_animation=&#8221;fadeIn&#8221;][vc_column_text css_animation=&#8221;fadeIn&#8221;]Duchovn\u00edm otcem my\u0161lenky je slovensk\u00fd automobilov\u00fd z\u00e1vodn\u00edk a majitel Jantar Teamu J\u00e1n Milo\u0148. V\u00edt\u011bz lo\u0148sk\u00e9ho evropsk\u00e9ho \u0161ampion\u00e1tu v z\u00e1vodech automobil\u016f do vrchu v kategorii GT a t\u0159\u00edd\u011b GT3 tyto \u00fasp\u011bchy letos obhajovat nebude, nebo\u0165 kv\u016fli koronaviru nen\u00ed jist\u00e9, zda se alespo\u0148 zkr\u00e1cen\u00e1 sezona v\u016fbec uskute\u010dn\u00ed. Proto svou energii p\u0159esm\u011broval jin\u00fdm sm\u011brem.<\/p>\n<p><em>\u201eM\u016fj z\u00e1vodnick\u00fd \u017eivot m\u00e1 n\u011bkolik rozm\u011br\u016f. Prvn\u00edm je z\u00e1vod\u011bn\u00ed jako takov\u00e9, druh\u00fdm z\u00e1vazky v\u016f\u010di reklamn\u00edm partner\u016fm a sponzor\u016fm. Jeliko\u017e po vypuknut\u00ed pandemie moje z\u00e1vodn\u00ed sez\u00f3na okam\u017eit\u011b skon\u010dila, pomysln\u011b mi z\u016fstaly jen z\u00e1vazky v\u016f\u010di partner\u016fm. Proto jsem cht\u011bl vymyslet a nab\u00eddnout jim n\u011bco speci\u00e1ln\u00edho, v\u00fdznamn\u00e9ho a z\u00e1rove\u0148 i div\u00e1cky atraktivn\u00edho,\u201c<\/em> vysv\u011btluje sv\u00e9 pohnutky <strong>J\u00e1n Milo\u0148<\/strong>. <em>\u201eV l\u00e9t\u011b je takov\u00fdm seri\u00e1lem samoz\u0159ejm\u011b formule 1, do kter\u00e9 se ale nedostanu, i kdybych velmi cht\u011bl. A v zim\u011b je to jednozna\u010dn\u011b Rally Dakar. A tak m\u011b napadlo, pro\u010d to nezkusit?! Rozhodil jsem sv\u00e9 z\u00e1vodnick\u00e9 s\u00edt\u011b a zjistil jsem, \u017ee tento \u201asen\u2018, nen\u00ed a\u017e tak nere\u00e1ln\u00fd. U\u017e to cht\u011blo jen t\u00fdm a z\u00e1vodn\u00edky.\u201c<\/em>[\/vc_column_text][vc_single_image image=&#8221;15949&#8243; img_size=&#8221;large&#8221; add_caption=&#8221;yes&#8221; alignment=&#8221;center&#8221; onclick=&#8221;custom_link&#8221; img_link_target=&#8221;_blank&#8221; css_animation=&#8221;fadeIn&#8221; link=&#8221;http:\/\/eshop.dakarmania.cz\/&#8221;][vc_column_text css_animation=&#8221;fadeIn&#8221;]<\/p>\n<h4>V sedlech zku\u0161en\u00ed \u010ce\u0161i<\/h4>\n<p>T\u011bmi se stali dva \u010de\u0161t\u00ed motocyklist\u00e9, kte\u0159\u00ed ji\u017e Dakar v minulosti n\u011bkolikr\u00e1t absolvovali.<\/p>\n<p><em>\u201eRozhodl jsem se, \u017ee rad\u011bji oslov\u00edm ji\u017e zku\u0161en\u00e9 z\u00e1vodn\u00edky s prax\u00ed. Na\u0161t\u011bst\u00ed jedn\u00edm z nich je i m\u016fj kamar\u00e1d a motocyklov\u00fd z\u00e1vodn\u00edk <a href=\"\/index.php\/osobnosti\/rudolf-lhotsky\/\">Rudolf Lhotsk\u00fd<\/a>, kter\u00fd si Dakar vyzkou\u0161el ji\u017e t\u0159ikr\u00e1t. On zase oslovil sv\u00e9ho dlouholet\u00e9ho kamar\u00e1da <a href=\"\/index.php\/osobnosti\/david-pabiska\/\">Davida Pabi\u0161ku<\/a>, kter\u00fd si zajel pou\u0161tn\u00ed p\u00edsky u\u017e jeden\u00e1ctkr\u00e1t. Po kr\u00e1tk\u00e9 spole\u010dn\u00e9 debat\u011b byli oba ochotni jezdit v \u201abojov\u00fdch\u2018 barv\u00e1ch m\u00e9ho Jantar Teamu,\u201c<\/em> pokra\u010duje Milo\u0148.<\/p>\n<p>David Pabi\u0161ka na Dakaru dosud startoval jeden\u00e1ctkr\u00e1t, desetkr\u00e1t na motocyklu a jednou jako navig\u00e1tor v pos\u00e1dce kamionu. Na sout\u011b\u017ei debutoval v roce 2007 a stihl tak i posledn\u00ed africk\u00fd ro\u010dn\u00edk slavn\u00e9ho maratonu. N\u00e1sledn\u011b se aktivn\u011b \u00fa\u010dastnil t\u00e9m\u011b\u0159 cel\u00e9 jihoamerick\u00e9 \u00e9ry dakarsk\u00e9 rally. Nejv\u011bt\u0161\u00edho \u00fasp\u011bchu na motocyklu dos\u00e1hl roku 2014, kdy skon\u010dil osmn\u00e1ct\u00fd. Krom\u011b toho se m\u016f\u017ee pochlubit \u00factyhodnou bilanc\u00ed, kdy\u017e v\u0161ech jeden\u00e1ct Dakar\u016f, do nich\u017e odstartoval, tak\u00e9 dokon\u010dil.<\/p>\n<p>Ro\u010dn\u00edk <a href=\"\/index.php\/souteze\/dakar-2019\/\">2019<\/a> Pabi\u0161ka vynechal a podrobil se operaci, letos byl sou\u010d\u00e1st\u00ed t\u00fdmu mechanik\u016f, kte\u0159\u00ed se v barv\u00e1ch Big Shock Racingu starali o kamion Iveco pilotovan\u00fd Martinem Mac\u00edkem mlad\u0161\u00edm.[\/vc_column_text][vc_video link=&#8221;https:\/\/youtu.be\/Wn1IeTcXxCY&#8221; css_animation=&#8221;fadeIn&#8221;][vc_column_text css_animation=&#8221;fadeIn&#8221;]Rudolf Lhotsk\u00fd chyb\u011bl kv\u016fli operaci a n\u00e1sledn\u00e9 rekonvalescenci pro zm\u011bnu ve startovn\u00edm poli <a href=\"\/index.php\/souteze\/dakar-2020\/\">Dakaru 2020<\/a>. Na sv\u00e9m kont\u011b m\u00e1 zat\u00edm t\u0159i dakarsk\u00e9 starty (2016-18). Nejl\u00e9pe si po\u010d\u00ednal v roce 2017, kdy mezi motocyklisty obsadil 82. p\u0159\u00ed\u010dku.<\/p>\n<h4>Mezi nejv\u011bt\u0161\u00edmi drs\u0148\u00e1ky<\/h4>\n<p>Dakar 2021 absolvuj\u00ed oba jezdci Jantar Teamu na motocyklech KTM 450 Rally Replica a v kategorii malle moto, respektive Original by Motul. Budou se tak muset obej\u00edt bez jak\u00e9koliv asistence mechanik\u016f a k dispozici budou m\u00edt pouze to, co si p\u0159ed z\u00e1vodem nalo\u017e\u00ed do jedn\u00e9 plechov\u00e9 bedny a p\u0159\u00edru\u010dn\u00ed ta\u0161ky, jejich\u017e p\u0159epravu mezi bivaky zaji\u0161\u0165uj\u00ed po\u0159adatel\u00e9.<\/p>\n<p><em>\u201eJako div\u00e1k, a hlavn\u011b organiz\u00e1tor cel\u00e9ho t\u00fdmu budu s jezdci v\u0161e za\u017e\u00edvat a pro\u017e\u00edvat. I toto je str\u00e1nka, kter\u00e1 p\u0159in\u00e1\u0161\u00ed velkou d\u00e1vku adrenalinu. P\u0159edstavte si, \u017ee va\u0161e dv\u011b \u201ad\u011bti\u2018 r\u00e1no n\u011bkam odejdou a n\u011bkam se maj\u00ed ve\u010der vr\u00e1tit. Mezi t\u00edm magick\u00e9 informa\u010dn\u00ed ticho. \u017divot z\u00e1vodn\u00edka je opravdu pln\u00fd z\u00e1\u017eitk\u016f, bez ohledu na to, na jak\u00e9 pozici se pr\u00e1v\u011b nach\u00e1z\u00ed,\u201c<\/em> t\u011b\u0161\u00ed se na svou novou roli J\u00e1n Milo\u0148.[\/vc_column_text][vc_single_image image=&#8221;15979&#8243; img_size=&#8221;large&#8221; alignment=&#8221;center&#8221; onclick=&#8221;link_image&#8221; css_animation=&#8221;fadeIn&#8221;][vc_empty_space height=&#8221;2px&#8221;][\/vc_column][\/vc_row]<\/p>\n","protected":false},"excerpt":{"rendered":"<p>Nen\u00ed to jednoduch\u00e9, ale jde to. I navzdory hranic\u00edm uzav\u0159en\u00fdm v d\u016fsledku pandemie nemoci Covid-19 se zrodil projekt startu \u010desko-slovensk\u00e9ho Jantar Teamu na Dakaru 2021.<\/p>\n","protected":false},"author":1,"featured_media":15978,"comment_status":"open","ping_status":"closed","sticky":false,"template":"","format":"standard","meta":{"footnotes":""},"categories":[1688,15],"tags":[1630,8,1475,325,1721,1722,63,1723,806],"class_list":["post-15980","post","type-post","status-publish","format-standard","has-post-thumbnail","hentry","category-dakar-2021","category-moto-quad","tag-1630","tag-dakar","tag-dakar-2021","tag-david-pabiska","tag-jan-milon","tag-jantar-team","tag-ktm","tag-malle-moto","tag-rudolf-lhotsky"],"yoast_head":"<!-- This site is optimized with the Yoast SEO plugin v24.9 - https:\/\/yoast.com\/wordpress\/plugins\/seo\/ -->\n<title>Dakar 2021: Dva \u010de\u0161t\u00ed navr\u00e1tilci v jednom t\u00fdmu a malle moto - DAKARMANIA.cz<\/title>\n<meta name=\"description\" content=\"Nen\u00ed to jednoduch\u00e9, ale jde to. I navzdory hranic\u00edm uzav\u0159en\u00fdm v d\u016fsledku pandemie nemoci Covid-19 se zrodil projekt startu \u010desko-slovensk\u00e9ho Jantar Teamu na Dakaru 2021.\" \/>\n<meta name=\"robots\" content=\"index, follow, max-snippet:-1, max-image-preview:large, max-video-preview:-1\" \/>\n<link rel=\"canonical\" href=\"https:\/\/www.dakarmania.cz\/index.php\/2020\/05\/06\/dakar-2021-jantar-team\/\" \/>\n<meta property=\"og:locale\" content=\"cs_CZ\" \/>\n<meta property=\"og:type\" content=\"article\" \/>\n<meta property=\"og:title\" content=\"Dakar 2021: Dva \u010de\u0161t\u00ed navr\u00e1tilci v jednom t\u00fdmu a malle moto - DAKARMANIA.cz\" \/>\n<meta property=\"og:description\" content=\"Nen\u00ed to jednoduch\u00e9, ale jde to. I navzdory hranic\u00edm uzav\u0159en\u00fdm v d\u016fsledku pandemie nemoci Covid-19 se zrodil projekt startu \u010desko-slovensk\u00e9ho Jantar Teamu na Dakaru 2021.\" \/>\n<meta property=\"og:url\" content=\"https:\/\/www.dakarmania.cz\/index.php\/2020\/05\/06\/dakar-2021-jantar-team\/\" \/>\n<meta property=\"og:site_name\" content=\"DAKARMANIA.cz\" \/>\n<meta property=\"article:publisher\" content=\"https:\/\/www.facebook.com\/dakarmania\/\" \/>\n<meta property=\"article:published_time\" content=\"2020-05-06T10:35:48+00:00\" \/>\n<meta property=\"article:modified_time\" content=\"2020-06-10T09:34:14+00:00\" \/>\n<meta property=\"og:image\" content=\"https:\/\/www.dakarmania.cz\/wp-content\/uploads\/2020\/05\/21-dakar-jantar-01.jpg\" \/>\n\t<meta property=\"og:image:width\" content=\"975\" \/>\n\t<meta property=\"og:image:height\" content=\"699\" \/>\n\t<meta property=\"og:image:type\" content=\"image\/jpeg\" \/>\n<meta name=\"author\" content=\"Zden\u011bk Zelenka\" \/>\n<meta name=\"twitter:card\" content=\"summary_large_image\" \/>\n<meta name=\"twitter:label1\" content=\"Napsal(a)\" \/>\n\t<meta name=\"twitter:data1\" content=\"Zden\u011bk Zelenka\" \/>\n\t<meta name=\"twitter:label2\" content=\"Odhadovan\u00e1 doba \u010dten\u00ed\" \/>\n\t<meta name=\"twitter:data2\" content=\"4 minuty\" \/>\n<script type=\"application\/ld+json\" class=\"yoast-schema-graph\">{\"@context\":\"https:\/\/schema.org\",\"@graph\":[{\"@type\":\"Article\",\"@id\":\"https:\/\/www.dakarmania.cz\/index.php\/2020\/05\/06\/dakar-2021-jantar-team\/#article\",\"isPartOf\":{\"@id\":\"https:\/\/www.dakarmania.cz\/index.php\/2020\/05\/06\/dakar-2021-jantar-team\/\"},\"author\":{\"name\":\"Zden\u011bk Zelenka\",\"@id\":\"https:\/\/www.dakarmania.cz\/#\/schema\/person\/04eb0e87a389631c2169c0dddae7ff1e\"},\"headline\":\"Dakar 2021: Dva \u010de\u0161t\u00ed navr\u00e1tilci v jednom t\u00fdmu a malle moto\",\"datePublished\":\"2020-05-06T10:35:48+00:00\",\"dateModified\":\"2020-06-10T09:34:14+00:00\",\"mainEntityOfPage\":{\"@id\":\"https:\/\/www.dakarmania.cz\/index.php\/2020\/05\/06\/dakar-2021-jantar-team\/\"},\"wordCount\":850,\"commentCount\":0,\"publisher\":{\"@id\":\"https:\/\/www.dakarmania.cz\/#organization\"},\"image\":{\"@id\":\"https:\/\/www.dakarmania.cz\/index.php\/2020\/05\/06\/dakar-2021-jantar-team\/#primaryimage\"},\"thumbnailUrl\":\"https:\/\/www.dakarmania.cz\/wp-content\/uploads\/2020\/05\/21-dakar-jantar-01.jpg\",\"keywords\":[\"2021\",\"Dakar\",\"Dakar 2021\",\"David Pabi\u0161ka\",\"J\u00e1n Milo\u0148\",\"Jantar Team\",\"KTM\",\"malle moto\",\"Rudolf Lhotsk\u00fd\"],\"articleSection\":[\"Dakar 2021\",\"Moto\/Quad\"],\"inLanguage\":\"cs\",\"potentialAction\":[{\"@type\":\"CommentAction\",\"name\":\"Comment\",\"target\":[\"https:\/\/www.dakarmania.cz\/index.php\/2020\/05\/06\/dakar-2021-jantar-team\/#respond\"]}]},{\"@type\":\"WebPage\",\"@id\":\"https:\/\/www.dakarmania.cz\/index.php\/2020\/05\/06\/dakar-2021-jantar-team\/\",\"url\":\"https:\/\/www.dakarmania.cz\/index.php\/2020\/05\/06\/dakar-2021-jantar-team\/\",\"name\":\"Dakar 2021: Dva \u010de\u0161t\u00ed navr\u00e1tilci v jednom t\u00fdmu a malle moto - DAKARMANIA.cz\",\"isPartOf\":{\"@id\":\"https:\/\/www.dakarmania.cz\/#website\"},\"primaryImageOfPage\":{\"@id\":\"https:\/\/www.dakarmania.cz\/index.php\/2020\/05\/06\/dakar-2021-jantar-team\/#primaryimage\"},\"image\":{\"@id\":\"https:\/\/www.dakarmania.cz\/index.php\/2020\/05\/06\/dakar-2021-jantar-team\/#primaryimage\"},\"thumbnailUrl\":\"https:\/\/www.dakarmania.cz\/wp-content\/uploads\/2020\/05\/21-dakar-jantar-01.jpg\",\"datePublished\":\"2020-05-06T10:35:48+00:00\",\"dateModified\":\"2020-06-10T09:34:14+00:00\",\"description\":\"Nen\u00ed to jednoduch\u00e9, ale jde to. I navzdory hranic\u00edm uzav\u0159en\u00fdm v d\u016fsledku pandemie nemoci Covid-19 se zrodil projekt startu \u010desko-slovensk\u00e9ho Jantar Teamu na Dakaru 2021.\",\"breadcrumb\":{\"@id\":\"https:\/\/www.dakarmania.cz\/index.php\/2020\/05\/06\/dakar-2021-jantar-team\/#breadcrumb\"},\"inLanguage\":\"cs\",\"potentialAction\":[{\"@type\":\"ReadAction\",\"target\":[\"https:\/\/www.dakarmania.cz\/index.php\/2020\/05\/06\/dakar-2021-jantar-team\/\"]}]},{\"@type\":\"ImageObject\",\"inLanguage\":\"cs\",\"@id\":\"https:\/\/www.dakarmania.cz\/index.php\/2020\/05\/06\/dakar-2021-jantar-team\/#primaryimage\",\"url\":\"https:\/\/www.dakarmania.cz\/wp-content\/uploads\/2020\/05\/21-dakar-jantar-01.jpg\",\"contentUrl\":\"https:\/\/www.dakarmania.cz\/wp-content\/uploads\/2020\/05\/21-dakar-jantar-01.jpg\",\"width\":975,\"height\":699,\"caption\":\"KTM 450 Rally Replica v barv\u00e1ch Jantar Teamu pro Dakar 2021. \u00a9 Jantar Team\"},{\"@type\":\"BreadcrumbList\",\"@id\":\"https:\/\/www.dakarmania.cz\/index.php\/2020\/05\/06\/dakar-2021-jantar-team\/#breadcrumb\",\"itemListElement\":[{\"@type\":\"ListItem\",\"position\":1,\"name\":\"Dom\u016f\",\"item\":\"https:\/\/www.dakarmania.cz\/\"},{\"@type\":\"ListItem\",\"position\":2,\"name\":\"Dakar 2021: Dva \u010de\u0161t\u00ed navr\u00e1tilci v jednom t\u00fdmu a malle moto\"}]},{\"@type\":\"WebSite\",\"@id\":\"https:\/\/www.dakarmania.cz\/#website\",\"url\":\"https:\/\/www.dakarmania.cz\/\",\"name\":\"DAKARMANIA.cz\",\"description\":\"\u017dijeme Dakarem cel\u00fd rok\",\"publisher\":{\"@id\":\"https:\/\/www.dakarmania.cz\/#organization\"},\"potentialAction\":[{\"@type\":\"SearchAction\",\"target\":{\"@type\":\"EntryPoint\",\"urlTemplate\":\"https:\/\/www.dakarmania.cz\/?s={search_term_string}\"},\"query-input\":{\"@type\":\"PropertyValueSpecification\",\"valueRequired\":true,\"valueName\":\"search_term_string\"}}],\"inLanguage\":\"cs\"},{\"@type\":\"Organization\",\"@id\":\"https:\/\/www.dakarmania.cz\/#organization\",\"name\":\"DAKAR MANIA\",\"url\":\"https:\/\/www.dakarmania.cz\/\",\"logo\":{\"@type\":\"ImageObject\",\"inLanguage\":\"cs\",\"@id\":\"https:\/\/www.dakarmania.cz\/#\/schema\/logo\/image\/\",\"url\":\"https:\/\/www.dakarmania.cz\/wp-content\/uploads\/2018\/12\/Dakar-Mania-Logo-Square-Orange.png\",\"contentUrl\":\"https:\/\/www.dakarmania.cz\/wp-content\/uploads\/2018\/12\/Dakar-Mania-Logo-Square-Orange.png\",\"width\":992,\"height\":992,\"caption\":\"DAKAR MANIA\"},\"image\":{\"@id\":\"https:\/\/www.dakarmania.cz\/#\/schema\/logo\/image\/\"},\"sameAs\":[\"https:\/\/www.facebook.com\/dakarmania\/\"]},{\"@type\":\"Person\",\"@id\":\"https:\/\/www.dakarmania.cz\/#\/schema\/person\/04eb0e87a389631c2169c0dddae7ff1e\",\"name\":\"Zden\u011bk Zelenka\",\"image\":{\"@type\":\"ImageObject\",\"inLanguage\":\"cs\",\"@id\":\"https:\/\/www.dakarmania.cz\/#\/schema\/person\/image\/\",\"url\":\"https:\/\/secure.gravatar.com\/avatar\/2c80d5a4942fe0900b73cc7d3837a509d6ee0a276a2b76dac95c92bd0763a89b?s=96&d=mm&r=g\",\"contentUrl\":\"https:\/\/secure.gravatar.com\/avatar\/2c80d5a4942fe0900b73cc7d3837a509d6ee0a276a2b76dac95c92bd0763a89b?s=96&d=mm&r=g\",\"caption\":\"Zden\u011bk Zelenka\"},\"description\":\"Moji d\u011bt\u0161t\u00ed hrdinov\u00e9 se jmenovali Loprais, Moskal, Neveu, Vatanen, Rahier... A tihle borci, jejich n\u00e1sledovn\u00edci a jejich p\u0159\u00edb\u011bhy m\u011b nep\u0159estali fascinovat ani po letech, kdy jsem vyrostl a zam\u011bstn\u00e1valy m\u011b jin\u00e9 discipl\u00edny motorsportu. Proto se zrodila DAKARMANIA.\",\"url\":\"https:\/\/www.dakarmania.cz\/index.php\/author\/dakarmania\/\"}]}<\/script>\n<!-- \/ Yoast SEO plugin. -->","yoast_head_json":{"title":"Dakar 2021: Dva \u010de\u0161t\u00ed navr\u00e1tilci v jednom t\u00fdmu a malle moto - DAKARMANIA.cz","description":"Nen\u00ed to jednoduch\u00e9, ale jde to. I navzdory hranic\u00edm uzav\u0159en\u00fdm v d\u016fsledku pandemie nemoci Covid-19 se zrodil projekt startu \u010desko-slovensk\u00e9ho Jantar Teamu na Dakaru 2021.","robots":{"index":"index","follow":"follow","max-snippet":"max-snippet:-1","max-image-preview":"max-image-preview:large","max-video-preview":"max-video-preview:-1"},"canonical":"https:\/\/www.dakarmania.cz\/index.php\/2020\/05\/06\/dakar-2021-jantar-team\/","og_locale":"cs_CZ","og_type":"article","og_title":"Dakar 2021: Dva \u010de\u0161t\u00ed navr\u00e1tilci v jednom t\u00fdmu a malle moto - DAKARMANIA.cz","og_description":"Nen\u00ed to jednoduch\u00e9, ale jde to. I navzdory hranic\u00edm uzav\u0159en\u00fdm v d\u016fsledku pandemie nemoci Covid-19 se zrodil projekt startu \u010desko-slovensk\u00e9ho Jantar Teamu na Dakaru 2021.","og_url":"https:\/\/www.dakarmania.cz\/index.php\/2020\/05\/06\/dakar-2021-jantar-team\/","og_site_name":"DAKARMANIA.cz","article_publisher":"https:\/\/www.facebook.com\/dakarmania\/","article_published_time":"2020-05-06T10:35:48+00:00","article_modified_time":"2020-06-10T09:34:14+00:00","og_image":[{"width":975,"height":699,"url":"https:\/\/www.dakarmania.cz\/wp-content\/uploads\/2020\/05\/21-dakar-jantar-01.jpg","type":"image\/jpeg"}],"author":"Zden\u011bk Zelenka","twitter_card":"summary_large_image","twitter_misc":{"Napsal(a)":"Zden\u011bk Zelenka","Odhadovan\u00e1 doba \u010dten\u00ed":"4 minuty"},"schema":{"@context":"https:\/\/schema.org","@graph":[{"@type":"Article","@id":"https:\/\/www.dakarmania.cz\/index.php\/2020\/05\/06\/dakar-2021-jantar-team\/#article","isPartOf":{"@id":"https:\/\/www.dakarmania.cz\/index.php\/2020\/05\/06\/dakar-2021-jantar-team\/"},"author":{"name":"Zden\u011bk Zelenka","@id":"https:\/\/www.dakarmania.cz\/#\/schema\/person\/04eb0e87a389631c2169c0dddae7ff1e"},"headline":"Dakar 2021: Dva \u010de\u0161t\u00ed navr\u00e1tilci v jednom t\u00fdmu a malle moto","datePublished":"2020-05-06T10:35:48+00:00","dateModified":"2020-06-10T09:34:14+00:00","mainEntityOfPage":{"@id":"https:\/\/www.dakarmania.cz\/index.php\/2020\/05\/06\/dakar-2021-jantar-team\/"},"wordCount":850,"commentCount":0,"publisher":{"@id":"https:\/\/www.dakarmania.cz\/#organization"},"image":{"@id":"https:\/\/www.dakarmania.cz\/index.php\/2020\/05\/06\/dakar-2021-jantar-team\/#primaryimage"},"thumbnailUrl":"https:\/\/www.dakarmania.cz\/wp-content\/uploads\/2020\/05\/21-dakar-jantar-01.jpg","keywords":["2021","Dakar","Dakar 2021","David Pabi\u0161ka","J\u00e1n Milo\u0148","Jantar Team","KTM","malle moto","Rudolf Lhotsk\u00fd"],"articleSection":["Dakar 2021","Moto\/Quad"],"inLanguage":"cs","potentialAction":[{"@type":"CommentAction","name":"Comment","target":["https:\/\/www.dakarmania.cz\/index.php\/2020\/05\/06\/dakar-2021-jantar-team\/#respond"]}]},{"@type":"WebPage","@id":"https:\/\/www.dakarmania.cz\/index.php\/2020\/05\/06\/dakar-2021-jantar-team\/","url":"https:\/\/www.dakarmania.cz\/index.php\/2020\/05\/06\/dakar-2021-jantar-team\/","name":"Dakar 2021: Dva \u010de\u0161t\u00ed navr\u00e1tilci v jednom t\u00fdmu a malle moto - DAKARMANIA.cz","isPartOf":{"@id":"https:\/\/www.dakarmania.cz\/#website"},"primaryImageOfPage":{"@id":"https:\/\/www.dakarmania.cz\/index.php\/2020\/05\/06\/dakar-2021-jantar-team\/#primaryimage"},"image":{"@id":"https:\/\/www.dakarmania.cz\/index.php\/2020\/05\/06\/dakar-2021-jantar-team\/#primaryimage"},"thumbnailUrl":"https:\/\/www.dakarmania.cz\/wp-content\/uploads\/2020\/05\/21-dakar-jantar-01.jpg","datePublished":"2020-05-06T10:35:48+00:00","dateModified":"2020-06-10T09:34:14+00:00","description":"Nen\u00ed to jednoduch\u00e9, ale jde to. I navzdory hranic\u00edm uzav\u0159en\u00fdm v d\u016fsledku pandemie nemoci Covid-19 se zrodil projekt startu \u010desko-slovensk\u00e9ho Jantar Teamu na Dakaru 2021.","breadcrumb":{"@id":"https:\/\/www.dakarmania.cz\/index.php\/2020\/05\/06\/dakar-2021-jantar-team\/#breadcrumb"},"inLanguage":"cs","potentialAction":[{"@type":"ReadAction","target":["https:\/\/www.dakarmania.cz\/index.php\/2020\/05\/06\/dakar-2021-jantar-team\/"]}]},{"@type":"ImageObject","inLanguage":"cs","@id":"https:\/\/www.dakarmania.cz\/index.php\/2020\/05\/06\/dakar-2021-jantar-team\/#primaryimage","url":"https:\/\/www.dakarmania.cz\/wp-content\/uploads\/2020\/05\/21-dakar-jantar-01.jpg","contentUrl":"https:\/\/www.dakarmania.cz\/wp-content\/uploads\/2020\/05\/21-dakar-jantar-01.jpg","width":975,"height":699,"caption":"KTM 450 Rally Replica v barv\u00e1ch Jantar Teamu pro Dakar 2021. \u00a9 Jantar Team"},{"@type":"BreadcrumbList","@id":"https:\/\/www.dakarmania.cz\/index.php\/2020\/05\/06\/dakar-2021-jantar-team\/#breadcrumb","itemListElement":[{"@type":"ListItem","position":1,"name":"Dom\u016f","item":"https:\/\/www.dakarmania.cz\/"},{"@type":"ListItem","position":2,"name":"Dakar 2021: Dva \u010de\u0161t\u00ed navr\u00e1tilci v jednom t\u00fdmu a malle moto"}]},{"@type":"WebSite","@id":"https:\/\/www.dakarmania.cz\/#website","url":"https:\/\/www.dakarmania.cz\/","name":"DAKARMANIA.cz","description":"\u017dijeme Dakarem cel\u00fd rok","publisher":{"@id":"https:\/\/www.dakarmania.cz\/#organization"},"potentialAction":[{"@type":"SearchAction","target":{"@type":"EntryPoint","urlTemplate":"https:\/\/www.dakarmania.cz\/?s={search_term_string}"},"query-input":{"@type":"PropertyValueSpecification","valueRequired":true,"valueName":"search_term_string"}}],"inLanguage":"cs"},{"@type":"Organization","@id":"https:\/\/www.dakarmania.cz\/#organization","name":"DAKAR MANIA","url":"https:\/\/www.dakarmania.cz\/","logo":{"@type":"ImageObject","inLanguage":"cs","@id":"https:\/\/www.dakarmania.cz\/#\/schema\/logo\/image\/","url":"https:\/\/www.dakarmania.cz\/wp-content\/uploads\/2018\/12\/Dakar-Mania-Logo-Square-Orange.png","contentUrl":"https:\/\/www.dakarmania.cz\/wp-content\/uploads\/2018\/12\/Dakar-Mania-Logo-Square-Orange.png","width":992,"height":992,"caption":"DAKAR MANIA"},"image":{"@id":"https:\/\/www.dakarmania.cz\/#\/schema\/logo\/image\/"},"sameAs":["https:\/\/www.facebook.com\/dakarmania\/"]},{"@type":"Person","@id":"https:\/\/www.dakarmania.cz\/#\/schema\/person\/04eb0e87a389631c2169c0dddae7ff1e","name":"Zden\u011bk Zelenka","image":{"@type":"ImageObject","inLanguage":"cs","@id":"https:\/\/www.dakarmania.cz\/#\/schema\/person\/image\/","url":"https:\/\/secure.gravatar.com\/avatar\/2c80d5a4942fe0900b73cc7d3837a509d6ee0a276a2b76dac95c92bd0763a89b?s=96&d=mm&r=g","contentUrl":"https:\/\/secure.gravatar.com\/avatar\/2c80d5a4942fe0900b73cc7d3837a509d6ee0a276a2b76dac95c92bd0763a89b?s=96&d=mm&r=g","caption":"Zden\u011bk Zelenka"},"description":"Moji d\u011bt\u0161t\u00ed hrdinov\u00e9 se jmenovali Loprais, Moskal, Neveu, Vatanen, Rahier... A tihle borci, jejich n\u00e1sledovn\u00edci a jejich p\u0159\u00edb\u011bhy m\u011b nep\u0159estali fascinovat ani po letech, kdy jsem vyrostl a zam\u011bstn\u00e1valy m\u011b jin\u00e9 discipl\u00edny motorsportu. Proto se zrodila DAKARMANIA.","url":"https:\/\/www.dakarmania.cz\/index.php\/author\/dakarmania\/"}]}},"amp_enabled":true,"_links":{"self":[{"href":"https:\/\/www.dakarmania.cz\/index.php\/wp-json\/wp\/v2\/posts\/15980","targetHints":{"allow":["GET"]}}],"collection":[{"href":"https:\/\/www.dakarmania.cz\/index.php\/wp-json\/wp\/v2\/posts"}],"about":[{"href":"https:\/\/www.dakarmania.cz\/index.php\/wp-json\/wp\/v2\/types\/post"}],"author":[{"embeddable":true,"href":"https:\/\/www.dakarmania.cz\/index.php\/wp-json\/wp\/v2\/users\/1"}],"replies":[{"embeddable":true,"href":"https:\/\/www.dakarmania.cz\/index.php\/wp-json\/wp\/v2\/comments?post=15980"}],"version-history":[{"count":4,"href":"https:\/\/www.dakarmania.cz\/index.php\/wp-json\/wp\/v2\/posts\/15980\/revisions"}],"predecessor-version":[{"id":16006,"href":"https:\/\/www.dakarmania.cz\/index.php\/wp-json\/wp\/v2\/posts\/15980\/revisions\/16006"}],"wp:featuredmedia":[{"embeddable":true,"href":"https:\/\/www.dakarmania.cz\/index.php\/wp-json\/wp\/v2\/media\/15978"}],"wp:attachment":[{"href":"https:\/\/www.dakarmania.cz\/index.php\/wp-json\/wp\/v2\/media?parent=15980"}],"wp:term":[{"taxonomy":"category","embeddable":true,"href":"https:\/\/www.dakarmania.cz\/index.php\/wp-json\/wp\/v2\/categories?post=15980"},{"taxonomy":"post_tag","embeddable":true,"href":"https:\/\/www.dakarmania.cz\/index.php\/wp-json\/wp\/v2\/tags?post=15980"}],"curies":[{"name":"wp","href":"https:\/\/api.w.org\/{rel}","templated":true}]}}