{"id":1599,"date":"2019-01-09T10:16:34","date_gmt":"2019-01-09T10:16:34","guid":{"rendered":"https:\/\/www.dakarmania.cz\/?p=1599"},"modified":"2021-08-11T07:58:49","modified_gmt":"2021-08-11T05:58:49","slug":"lopraisovu-posadku-vystrasily-a-pribrzdily-nefunkcni-tlumice-kabiny","status":"publish","type":"post","link":"https:\/\/www.dakarmania.cz\/index.php\/2019\/01\/09\/lopraisovu-posadku-vystrasily-a-pribrzdily-nefunkcni-tlumice-kabiny\/","title":{"rendered":"Dakar 2019: Lopraise p\u0159ibrzdily nefunk\u010dn\u00ed tlumi\u010de kabiny"},"content":{"rendered":"<p>[vc_row][vc_column][vc_column_text]<\/p>\n<h4><strong>Rally Dakar 2019 za\u010dala opravdu zostra. Pokud byl pro Instaforex Loprais Team pern\u00fd u\u017e \u00favodn\u00ed den, pak druh\u00e1 etapa z Pisca do San Juanu de Marcona byla je\u0161t\u011b o pozn\u00e1n\u00ed dramati\u010dt\u011bj\u0161\u00ed. Tatra Jamal \u2013 Queen 69 sice kv\u016fli technick\u00fdm probl\u00e9m\u016fm a dv\u011bma defekt\u016fm v\u00fdrazn\u011bji ztratila, nicm\u00e9n\u011b pos\u00e1dka Ale\u0161 Loprais, Ferran Marco Alcayna, Petr Pokora hl\u00e1s\u00ed: M\u00e1me za sebou o\u010distec, ale val\u00edme d\u00e1l!<\/strong><\/h4>\n<p>V \u00fater\u00fd 8. ledna byl na programu m\u011b\u0159en\u00fd \u00fasek dlouh\u00fd 342 kilometr\u016f, kter\u00fd \u00fa\u010dastn\u00edky nejt\u011b\u017e\u0161\u00ed automobilov\u00e9 a motocyklov\u00e9 sout\u011b\u017ee sv\u011bta provedl p\u00edskem dun i po pl\u00e1\u017ei, mezi skalami i po pist\u00e1ch. Kamiony vyr\u00e1\u017eely do speci\u00e1lky a\u017e v deset hodin dopoledne, kdy se pou\u0161\u0165 u\u017e stihla oh\u0159\u00e1t a p\u00edsek byl hodn\u011b m\u011bkk\u00fd a rozje\u017ed\u011bn\u00fd od d\u0159\u00edve startuj\u00edc\u00edch automobil\u016f, motorek a \u010dty\u0159kolek.<\/p>\n<p>Ale\u0161 Loprais za\u010dal speci\u00e1lku svi\u017en\u011b, brzy dostihl prvn\u00edho soupe\u0159e, ale radost netrvala dlouho.<\/p>\n<p><em>\u201eUd\u011blal jsem chybu, kdy\u017e jsem hodn\u011b tla\u010dil po dojet\u00ed jednoho z Kamaz\u016f,\u201c<\/em> p\u0159izn\u00e1v\u00e1 <strong>Ale\u0161 Loprais<\/strong>. <em>\u201eM\u011bl jsem radost a \u0159\u00edkal jsem si, \u017ee te\u010f vezmeme jednoho po druh\u00e9m, proto\u017ee duny jsou na\u0161e teritorium. Jen\u017ee z jedn\u00e9 duny jsem se pustil rychleji, ne\u017e bych m\u011bl. P\u0159i tom se n\u00e1m odrazila pneumatika a museli jsme m\u011bnit defekt. To je v p\u00edsku v\u017edy slo\u017eit\u011bj\u0161\u00ed, proto\u017ee tam nelze naj\u00edt tvrd\u00e9 m\u00edsto. Ve fin\u00e1le n\u00e1m v\u00fdm\u011bna trvala dlouh\u00fdch dvacet minut.\u201c<\/em>[\/vc_column_text][vc_video link=&#8221;https:\/\/youtu.be\/81O7IDyLPJ8&#8243; align=&#8221;center&#8221;][vc_column_text]A zni\u010denou pneumatiku musela \u010desko-\u0161pan\u011blsk\u00e1 trojice v \u00fater\u00fd m\u011bnit je\u0161t\u011b jednou.<\/p>\n<p><em>\u201eDal\u0161\u00ed defekt jsme m\u011bli na n\u00e1dhern\u00e9 pl\u00e1\u017ei, kde jsem v\u016fbec ne\u010dekal, \u017ee by tam mohl b\u00fdt n\u011bjak\u00fd \u0161utr. Najednou jsme uc\u00edtili r\u00e1nu, jak\u00fdch je za etapu spousta, ale po p\u011bti kilometrech pneumatika \u00fapln\u011b explodovala a vzala s sebou i kus blatn\u00edku,\u201c<\/em> popisuje druhou nep\u0159\u00edjemnost dne 38let\u00fd pilot.<\/p>\n<p>Av\u0161ak nejv\u011bt\u0161\u00ed martyrium m\u011blo teprve p\u0159ij\u00edt. Pos\u00e1dka bojovala d\u00e1l, dokud ji neza\u010daly znerv\u00f3z\u0148ovat nep\u0159\u00edjemn\u00e9 zvuky a r\u00e1ny do kabiny, kv\u016fli kter\u00fdm Loprais nejprve zvolnil a pak i zastavil.<\/p>\n<p><em>\u201eMyslel jsem si, \u017ee je to nefunk\u010dn\u00ed tlumen\u00ed kabiny, ale pak jsme dostali strach, \u017ee se n\u00e1m uvolnil motor, co\u017e by byl fat\u00e1ln\u00ed, v etap\u011b neopraviteln\u00fd probl\u00e9m,\u201c<\/em> pokra\u010duje Loprais. <em>\u201eRozhodli jsme se jet d\u00e1l, ale bylo to jen takov\u00e9 p\u0159e\u017e\u00edv\u00e1n\u00ed.\u201c<\/em><\/p>\n<p>V\u00fdsledkem je 85minutov\u00e1 ztr\u00e1ta a pokles na 18. m\u00edsto v pr\u016fb\u011b\u017en\u00e9m po\u0159ad\u00ed.[\/vc_column_text][vc_single_image image=&#8221;1598&#8243; img_size=&#8221;large&#8221; add_caption=&#8221;yes&#8221; alignment=&#8221;center&#8221;][vc_column_text]Z c\u00edle rychlostn\u00ed zkou\u0161ky musela Tatra se startovn\u00edm \u010d\u00edslem 507 absolvovat je\u0161t\u011b p\u0159ibli\u017en\u011b dvouhodinov\u00fd p\u0159ejezd do dal\u0161\u00edho bivaku, kam dorazila okolo p\u016fl dev\u00e1t\u00e9 u\u017e za tmy jako jedna z posledn\u00edch. T\u00fdmu tak chv\u00edli trvalo, ne\u017e v\u016fbec na\u0161el m\u00edsto, kde zaparkovat. N\u00e1sledn\u011b se potvrdilo, \u017ee p\u0159\u00ed\u010dinou probl\u00e9mu byly tlumi\u010de kabiny, kter\u00e9 t\u00fdm do p\u016flnoci vym\u011bnil. Teprve pak n\u00e1sledovala p\u0159ibli\u017en\u011b dvouhodinov\u00e1 b\u011b\u017en\u00e1 \u00fadr\u017eba.<\/p>\n<p><em>\u201eP\u0159e\u017eili jsme o\u010distec a snad to bude lep\u0161\u00ed. Douf\u00e1m! Proto\u017ee prvn\u00ed dv\u011b etapy pro n\u00e1s zat\u00edm nebyly nic moc, ale te\u010f se to \u0161t\u011bst\u00ed ur\u010dit\u011b obr\u00e1t\u00ed. Nevzd\u00e1v\u00e1me to, val\u00edme d\u00e1l!\u201c<\/em> uzav\u00edr\u00e1 Ale\u0161 Loprais.<\/p>\n<p>Situaci Lopraisovi a jeho par\u0165\u00e1k\u016fm komplikuje fakt, \u017ee pro t\u0159et\u00ed etapu po\u0159adatel\u00e9 sout\u011b\u017ee u\u017e dlouho dop\u0159edu napl\u00e1novali spole\u010dn\u00fd start a t\u00edm p\u00e1dem i prom\u00edch\u00e1n\u00ed startovn\u00edho pole automobil\u016f, bugin SxS a kamion\u016f. Zat\u00edmco jindy vyr\u00e1\u017eej\u00ed nejt\u011b\u017e\u0161\u00ed stroje na tra\u0165 a\u017e za ostatn\u00edmi, tentokr\u00e1t pojedou v\u0161ichni dohromady. Tatra v barv\u00e1ch Instaforex Loprais Teamu odstartuje a\u017e jako 85. a okolo sebe bude m\u00edt hlavn\u011b mal\u00e9 buggy, kter\u00e9 bude muset p\u0159edj\u00ed\u017ed\u011bt, co\u017e bude dal\u0161\u00ed v\u00fdrazn\u00fd handicap.<\/p>\n<p>St\u0159ede\u010dn\u00ed etapa ze San Juanu de Marcona do Arequipy provede \u00fa\u010dastn\u00edky Rally Dakar poprv\u00e9 v historii sout\u011b\u017ee p\u00edse\u010dn\u00fdmi dunami oblasti Acar\u00ed. Celkem m\u011b\u0159\u00ed 798 kilometr\u016f, z nich\u017e se 331 pojede na \u010das. Ale\u0161 Loprais odstartuje do speci\u00e1lky v 15:52 hod SE\u010c.<\/p>\n<p>&nbsp;<\/p>\n<p>Tiskov\u00e1 zpr\u00e1va Instaforex Loprais Teamu[\/vc_column_text][\/vc_column][\/vc_row]<\/p>\n","protected":false},"excerpt":{"rendered":"<p>Rally Dakar 2019 za\u010dala opravdu zostra. Druh\u00e1 etapa byla pro Instaforex Loprais Team je\u0161t\u011b o pozn\u00e1n\u00ed dramati\u010dt\u011bj\u0161\u00ed ne\u017e ta \u00favodn\u00ed.<\/p>\n","protected":false},"author":3,"featured_media":1597,"comment_status":"open","ping_status":"closed","sticky":false,"template":"","format":"standard","meta":{"footnotes":""},"categories":[16,2,637],"tags":[65,8,9,66,69,67,68],"class_list":["post-1599","post","type-post","status-publish","format-standard","has-post-thumbnail","hentry","category-kamion","category-dakar","category-tiskove-zpravy","tag-ales-loprais","tag-dakar","tag-dakar-2019","tag-ferran-marco-alcayna","tag-loprais-team","tag-petr-pokora","tag-tatra"],"yoast_head":"<!-- This site is optimized with the Yoast SEO plugin v24.9 - https:\/\/yoast.com\/wordpress\/plugins\/seo\/ -->\n<title>Dakar 2019: Lopraise p\u0159ibrzdily nefunk\u010dn\u00ed tlumi\u010de kabiny - DAKARMANIA.cz<\/title>\n<meta name=\"description\" content=\"Rally Dakar 2019 za\u010dala opravdu zostra. Druh\u00e1 etapa byla pro Instaforex Loprais Team je\u0161t\u011b o pozn\u00e1n\u00ed dramati\u010dt\u011bj\u0161\u00ed ne\u017e ta \u00favodn\u00ed.\" \/>\n<meta name=\"robots\" content=\"index, follow, max-snippet:-1, max-image-preview:large, max-video-preview:-1\" \/>\n<link rel=\"canonical\" href=\"https:\/\/www.dakarmania.cz\/index.php\/2019\/01\/09\/lopraisovu-posadku-vystrasily-a-pribrzdily-nefunkcni-tlumice-kabiny\/\" \/>\n<meta property=\"og:locale\" content=\"cs_CZ\" \/>\n<meta property=\"og:type\" content=\"article\" \/>\n<meta property=\"og:title\" content=\"Dakar 2019: Lopraise p\u0159ibrzdily nefunk\u010dn\u00ed tlumi\u010de kabiny - DAKARMANIA.cz\" \/>\n<meta property=\"og:description\" content=\"Rally Dakar 2019 za\u010dala opravdu zostra. Druh\u00e1 etapa byla pro Instaforex Loprais Team je\u0161t\u011b o pozn\u00e1n\u00ed dramati\u010dt\u011bj\u0161\u00ed ne\u017e ta \u00favodn\u00ed.\" \/>\n<meta property=\"og:url\" content=\"https:\/\/www.dakarmania.cz\/index.php\/2019\/01\/09\/lopraisovu-posadku-vystrasily-a-pribrzdily-nefunkcni-tlumice-kabiny\/\" \/>\n<meta property=\"og:site_name\" content=\"DAKARMANIA.cz\" \/>\n<meta property=\"article:publisher\" content=\"https:\/\/www.facebook.com\/dakarmania\/\" \/>\n<meta property=\"article:published_time\" content=\"2019-01-09T10:16:34+00:00\" \/>\n<meta property=\"article:modified_time\" content=\"2021-08-11T05:58:49+00:00\" \/>\n<meta property=\"og:image\" content=\"https:\/\/www.dakarmania.cz\/wp-content\/uploads\/2019\/01\/19-dakar-loprais03.jpg\" \/>\n\t<meta property=\"og:image:width\" content=\"2048\" \/>\n\t<meta property=\"og:image:height\" content=\"1364\" \/>\n\t<meta property=\"og:image:type\" content=\"image\/jpeg\" \/>\n<meta name=\"author\" content=\"tiskov\u00e1 zpr\u00e1va\" \/>\n<meta name=\"twitter:card\" content=\"summary_large_image\" \/>\n<meta name=\"twitter:label1\" content=\"Napsal(a)\" \/>\n\t<meta name=\"twitter:data1\" content=\"tiskov\u00e1 zpr\u00e1va\" \/>\n\t<meta name=\"twitter:label2\" content=\"Odhadovan\u00e1 doba \u010dten\u00ed\" \/>\n\t<meta name=\"twitter:data2\" content=\"4 minuty\" \/>\n<script type=\"application\/ld+json\" class=\"yoast-schema-graph\">{\"@context\":\"https:\/\/schema.org\",\"@graph\":[{\"@type\":\"Article\",\"@id\":\"https:\/\/www.dakarmania.cz\/index.php\/2019\/01\/09\/lopraisovu-posadku-vystrasily-a-pribrzdily-nefunkcni-tlumice-kabiny\/#article\",\"isPartOf\":{\"@id\":\"https:\/\/www.dakarmania.cz\/index.php\/2019\/01\/09\/lopraisovu-posadku-vystrasily-a-pribrzdily-nefunkcni-tlumice-kabiny\/\"},\"author\":{\"name\":\"tiskov\u00e1 zpr\u00e1va\",\"@id\":\"https:\/\/www.dakarmania.cz\/#\/schema\/person\/bce8d1fe3633b1178e150fc5e340d5dd\"},\"headline\":\"Dakar 2019: Lopraise p\u0159ibrzdily nefunk\u010dn\u00ed tlumi\u010de kabiny\",\"datePublished\":\"2019-01-09T10:16:34+00:00\",\"dateModified\":\"2021-08-11T05:58:49+00:00\",\"mainEntityOfPage\":{\"@id\":\"https:\/\/www.dakarmania.cz\/index.php\/2019\/01\/09\/lopraisovu-posadku-vystrasily-a-pribrzdily-nefunkcni-tlumice-kabiny\/\"},\"wordCount\":799,\"commentCount\":0,\"publisher\":{\"@id\":\"https:\/\/www.dakarmania.cz\/#organization\"},\"image\":{\"@id\":\"https:\/\/www.dakarmania.cz\/index.php\/2019\/01\/09\/lopraisovu-posadku-vystrasily-a-pribrzdily-nefunkcni-tlumice-kabiny\/#primaryimage\"},\"thumbnailUrl\":\"https:\/\/www.dakarmania.cz\/wp-content\/uploads\/2019\/01\/19-dakar-loprais03.jpg\",\"keywords\":[\"Ale\u0161 Loprais\",\"Dakar\",\"Dakar 2019\",\"Ferran Marco Alcayna\",\"Loprais Team\",\"Petr Pokora\",\"Tatra\"],\"articleSection\":[\"Kamiony\",\"Rally Dakar\",\"Tiskov\u00e9 zpr\u00e1vy\"],\"inLanguage\":\"cs\",\"potentialAction\":[{\"@type\":\"CommentAction\",\"name\":\"Comment\",\"target\":[\"https:\/\/www.dakarmania.cz\/index.php\/2019\/01\/09\/lopraisovu-posadku-vystrasily-a-pribrzdily-nefunkcni-tlumice-kabiny\/#respond\"]}]},{\"@type\":\"WebPage\",\"@id\":\"https:\/\/www.dakarmania.cz\/index.php\/2019\/01\/09\/lopraisovu-posadku-vystrasily-a-pribrzdily-nefunkcni-tlumice-kabiny\/\",\"url\":\"https:\/\/www.dakarmania.cz\/index.php\/2019\/01\/09\/lopraisovu-posadku-vystrasily-a-pribrzdily-nefunkcni-tlumice-kabiny\/\",\"name\":\"Dakar 2019: Lopraise p\u0159ibrzdily nefunk\u010dn\u00ed tlumi\u010de kabiny - DAKARMANIA.cz\",\"isPartOf\":{\"@id\":\"https:\/\/www.dakarmania.cz\/#website\"},\"primaryImageOfPage\":{\"@id\":\"https:\/\/www.dakarmania.cz\/index.php\/2019\/01\/09\/lopraisovu-posadku-vystrasily-a-pribrzdily-nefunkcni-tlumice-kabiny\/#primaryimage\"},\"image\":{\"@id\":\"https:\/\/www.dakarmania.cz\/index.php\/2019\/01\/09\/lopraisovu-posadku-vystrasily-a-pribrzdily-nefunkcni-tlumice-kabiny\/#primaryimage\"},\"thumbnailUrl\":\"https:\/\/www.dakarmania.cz\/wp-content\/uploads\/2019\/01\/19-dakar-loprais03.jpg\",\"datePublished\":\"2019-01-09T10:16:34+00:00\",\"dateModified\":\"2021-08-11T05:58:49+00:00\",\"description\":\"Rally Dakar 2019 za\u010dala opravdu zostra. Druh\u00e1 etapa byla pro Instaforex Loprais Team je\u0161t\u011b o pozn\u00e1n\u00ed dramati\u010dt\u011bj\u0161\u00ed ne\u017e ta \u00favodn\u00ed.\",\"breadcrumb\":{\"@id\":\"https:\/\/www.dakarmania.cz\/index.php\/2019\/01\/09\/lopraisovu-posadku-vystrasily-a-pribrzdily-nefunkcni-tlumice-kabiny\/#breadcrumb\"},\"inLanguage\":\"cs\",\"potentialAction\":[{\"@type\":\"ReadAction\",\"target\":[\"https:\/\/www.dakarmania.cz\/index.php\/2019\/01\/09\/lopraisovu-posadku-vystrasily-a-pribrzdily-nefunkcni-tlumice-kabiny\/\"]}]},{\"@type\":\"ImageObject\",\"inLanguage\":\"cs\",\"@id\":\"https:\/\/www.dakarmania.cz\/index.php\/2019\/01\/09\/lopraisovu-posadku-vystrasily-a-pribrzdily-nefunkcni-tlumice-kabiny\/#primaryimage\",\"url\":\"https:\/\/www.dakarmania.cz\/wp-content\/uploads\/2019\/01\/19-dakar-loprais03.jpg\",\"contentUrl\":\"https:\/\/www.dakarmania.cz\/wp-content\/uploads\/2019\/01\/19-dakar-loprais03.jpg\",\"width\":2048,\"height\":1364,\"caption\":\"Ale\u0161 Loprais\/Ferran Marco Alcayna\/Petr Pokora, Tatra Jamal Queen 69, Instaforex Loprais Team. Rally Dakar 2019. \u00a9 Loprais Team\"},{\"@type\":\"BreadcrumbList\",\"@id\":\"https:\/\/www.dakarmania.cz\/index.php\/2019\/01\/09\/lopraisovu-posadku-vystrasily-a-pribrzdily-nefunkcni-tlumice-kabiny\/#breadcrumb\",\"itemListElement\":[{\"@type\":\"ListItem\",\"position\":1,\"name\":\"Dom\u016f\",\"item\":\"https:\/\/www.dakarmania.cz\/\"},{\"@type\":\"ListItem\",\"position\":2,\"name\":\"Dakar 2019: Lopraise p\u0159ibrzdily nefunk\u010dn\u00ed tlumi\u010de kabiny\"}]},{\"@type\":\"WebSite\",\"@id\":\"https:\/\/www.dakarmania.cz\/#website\",\"url\":\"https:\/\/www.dakarmania.cz\/\",\"name\":\"DAKARMANIA.cz\",\"description\":\"\u017dijeme Dakarem cel\u00fd rok\",\"publisher\":{\"@id\":\"https:\/\/www.dakarmania.cz\/#organization\"},\"potentialAction\":[{\"@type\":\"SearchAction\",\"target\":{\"@type\":\"EntryPoint\",\"urlTemplate\":\"https:\/\/www.dakarmania.cz\/?s={search_term_string}\"},\"query-input\":{\"@type\":\"PropertyValueSpecification\",\"valueRequired\":true,\"valueName\":\"search_term_string\"}}],\"inLanguage\":\"cs\"},{\"@type\":\"Organization\",\"@id\":\"https:\/\/www.dakarmania.cz\/#organization\",\"name\":\"DAKAR MANIA\",\"url\":\"https:\/\/www.dakarmania.cz\/\",\"logo\":{\"@type\":\"ImageObject\",\"inLanguage\":\"cs\",\"@id\":\"https:\/\/www.dakarmania.cz\/#\/schema\/logo\/image\/\",\"url\":\"https:\/\/www.dakarmania.cz\/wp-content\/uploads\/2018\/12\/Dakar-Mania-Logo-Square-Orange.png\",\"contentUrl\":\"https:\/\/www.dakarmania.cz\/wp-content\/uploads\/2018\/12\/Dakar-Mania-Logo-Square-Orange.png\",\"width\":992,\"height\":992,\"caption\":\"DAKAR MANIA\"},\"image\":{\"@id\":\"https:\/\/www.dakarmania.cz\/#\/schema\/logo\/image\/\"},\"sameAs\":[\"https:\/\/www.facebook.com\/dakarmania\/\"]},{\"@type\":\"Person\",\"@id\":\"https:\/\/www.dakarmania.cz\/#\/schema\/person\/bce8d1fe3633b1178e150fc5e340d5dd\",\"name\":\"tiskov\u00e1 zpr\u00e1va\",\"image\":{\"@type\":\"ImageObject\",\"inLanguage\":\"cs\",\"@id\":\"https:\/\/www.dakarmania.cz\/#\/schema\/person\/image\/\",\"url\":\"https:\/\/secure.gravatar.com\/avatar\/19aefcb6c7bfae691fca4d805686c670f59bb4f7414c7b398b88dc9c8f4e96d5?s=96&d=mm&r=g\",\"contentUrl\":\"https:\/\/secure.gravatar.com\/avatar\/19aefcb6c7bfae691fca4d805686c670f59bb4f7414c7b398b88dc9c8f4e96d5?s=96&d=mm&r=g\",\"caption\":\"tiskov\u00e1 zpr\u00e1va\"},\"url\":\"https:\/\/www.dakarmania.cz\/index.php\/author\/tiskovezpravy\/\"}]}<\/script>\n<!-- \/ Yoast SEO plugin. -->","yoast_head_json":{"title":"Dakar 2019: Lopraise p\u0159ibrzdily nefunk\u010dn\u00ed tlumi\u010de kabiny - DAKARMANIA.cz","description":"Rally Dakar 2019 za\u010dala opravdu zostra. Druh\u00e1 etapa byla pro Instaforex Loprais Team je\u0161t\u011b o pozn\u00e1n\u00ed dramati\u010dt\u011bj\u0161\u00ed ne\u017e ta \u00favodn\u00ed.","robots":{"index":"index","follow":"follow","max-snippet":"max-snippet:-1","max-image-preview":"max-image-preview:large","max-video-preview":"max-video-preview:-1"},"canonical":"https:\/\/www.dakarmania.cz\/index.php\/2019\/01\/09\/lopraisovu-posadku-vystrasily-a-pribrzdily-nefunkcni-tlumice-kabiny\/","og_locale":"cs_CZ","og_type":"article","og_title":"Dakar 2019: Lopraise p\u0159ibrzdily nefunk\u010dn\u00ed tlumi\u010de kabiny - DAKARMANIA.cz","og_description":"Rally Dakar 2019 za\u010dala opravdu zostra. Druh\u00e1 etapa byla pro Instaforex Loprais Team je\u0161t\u011b o pozn\u00e1n\u00ed dramati\u010dt\u011bj\u0161\u00ed ne\u017e ta \u00favodn\u00ed.","og_url":"https:\/\/www.dakarmania.cz\/index.php\/2019\/01\/09\/lopraisovu-posadku-vystrasily-a-pribrzdily-nefunkcni-tlumice-kabiny\/","og_site_name":"DAKARMANIA.cz","article_publisher":"https:\/\/www.facebook.com\/dakarmania\/","article_published_time":"2019-01-09T10:16:34+00:00","article_modified_time":"2021-08-11T05:58:49+00:00","og_image":[{"width":2048,"height":1364,"url":"https:\/\/www.dakarmania.cz\/wp-content\/uploads\/2019\/01\/19-dakar-loprais03.jpg","type":"image\/jpeg"}],"author":"tiskov\u00e1 zpr\u00e1va","twitter_card":"summary_large_image","twitter_misc":{"Napsal(a)":"tiskov\u00e1 zpr\u00e1va","Odhadovan\u00e1 doba \u010dten\u00ed":"4 minuty"},"schema":{"@context":"https:\/\/schema.org","@graph":[{"@type":"Article","@id":"https:\/\/www.dakarmania.cz\/index.php\/2019\/01\/09\/lopraisovu-posadku-vystrasily-a-pribrzdily-nefunkcni-tlumice-kabiny\/#article","isPartOf":{"@id":"https:\/\/www.dakarmania.cz\/index.php\/2019\/01\/09\/lopraisovu-posadku-vystrasily-a-pribrzdily-nefunkcni-tlumice-kabiny\/"},"author":{"name":"tiskov\u00e1 zpr\u00e1va","@id":"https:\/\/www.dakarmania.cz\/#\/schema\/person\/bce8d1fe3633b1178e150fc5e340d5dd"},"headline":"Dakar 2019: Lopraise p\u0159ibrzdily nefunk\u010dn\u00ed tlumi\u010de kabiny","datePublished":"2019-01-09T10:16:34+00:00","dateModified":"2021-08-11T05:58:49+00:00","mainEntityOfPage":{"@id":"https:\/\/www.dakarmania.cz\/index.php\/2019\/01\/09\/lopraisovu-posadku-vystrasily-a-pribrzdily-nefunkcni-tlumice-kabiny\/"},"wordCount":799,"commentCount":0,"publisher":{"@id":"https:\/\/www.dakarmania.cz\/#organization"},"image":{"@id":"https:\/\/www.dakarmania.cz\/index.php\/2019\/01\/09\/lopraisovu-posadku-vystrasily-a-pribrzdily-nefunkcni-tlumice-kabiny\/#primaryimage"},"thumbnailUrl":"https:\/\/www.dakarmania.cz\/wp-content\/uploads\/2019\/01\/19-dakar-loprais03.jpg","keywords":["Ale\u0161 Loprais","Dakar","Dakar 2019","Ferran Marco Alcayna","Loprais Team","Petr Pokora","Tatra"],"articleSection":["Kamiony","Rally Dakar","Tiskov\u00e9 zpr\u00e1vy"],"inLanguage":"cs","potentialAction":[{"@type":"CommentAction","name":"Comment","target":["https:\/\/www.dakarmania.cz\/index.php\/2019\/01\/09\/lopraisovu-posadku-vystrasily-a-pribrzdily-nefunkcni-tlumice-kabiny\/#respond"]}]},{"@type":"WebPage","@id":"https:\/\/www.dakarmania.cz\/index.php\/2019\/01\/09\/lopraisovu-posadku-vystrasily-a-pribrzdily-nefunkcni-tlumice-kabiny\/","url":"https:\/\/www.dakarmania.cz\/index.php\/2019\/01\/09\/lopraisovu-posadku-vystrasily-a-pribrzdily-nefunkcni-tlumice-kabiny\/","name":"Dakar 2019: Lopraise p\u0159ibrzdily nefunk\u010dn\u00ed tlumi\u010de kabiny - DAKARMANIA.cz","isPartOf":{"@id":"https:\/\/www.dakarmania.cz\/#website"},"primaryImageOfPage":{"@id":"https:\/\/www.dakarmania.cz\/index.php\/2019\/01\/09\/lopraisovu-posadku-vystrasily-a-pribrzdily-nefunkcni-tlumice-kabiny\/#primaryimage"},"image":{"@id":"https:\/\/www.dakarmania.cz\/index.php\/2019\/01\/09\/lopraisovu-posadku-vystrasily-a-pribrzdily-nefunkcni-tlumice-kabiny\/#primaryimage"},"thumbnailUrl":"https:\/\/www.dakarmania.cz\/wp-content\/uploads\/2019\/01\/19-dakar-loprais03.jpg","datePublished":"2019-01-09T10:16:34+00:00","dateModified":"2021-08-11T05:58:49+00:00","description":"Rally Dakar 2019 za\u010dala opravdu zostra. Druh\u00e1 etapa byla pro Instaforex Loprais Team je\u0161t\u011b o pozn\u00e1n\u00ed dramati\u010dt\u011bj\u0161\u00ed ne\u017e ta \u00favodn\u00ed.","breadcrumb":{"@id":"https:\/\/www.dakarmania.cz\/index.php\/2019\/01\/09\/lopraisovu-posadku-vystrasily-a-pribrzdily-nefunkcni-tlumice-kabiny\/#breadcrumb"},"inLanguage":"cs","potentialAction":[{"@type":"ReadAction","target":["https:\/\/www.dakarmania.cz\/index.php\/2019\/01\/09\/lopraisovu-posadku-vystrasily-a-pribrzdily-nefunkcni-tlumice-kabiny\/"]}]},{"@type":"ImageObject","inLanguage":"cs","@id":"https:\/\/www.dakarmania.cz\/index.php\/2019\/01\/09\/lopraisovu-posadku-vystrasily-a-pribrzdily-nefunkcni-tlumice-kabiny\/#primaryimage","url":"https:\/\/www.dakarmania.cz\/wp-content\/uploads\/2019\/01\/19-dakar-loprais03.jpg","contentUrl":"https:\/\/www.dakarmania.cz\/wp-content\/uploads\/2019\/01\/19-dakar-loprais03.jpg","width":2048,"height":1364,"caption":"Ale\u0161 Loprais\/Ferran Marco Alcayna\/Petr Pokora, Tatra Jamal Queen 69, Instaforex Loprais Team. Rally Dakar 2019. \u00a9 Loprais Team"},{"@type":"BreadcrumbList","@id":"https:\/\/www.dakarmania.cz\/index.php\/2019\/01\/09\/lopraisovu-posadku-vystrasily-a-pribrzdily-nefunkcni-tlumice-kabiny\/#breadcrumb","itemListElement":[{"@type":"ListItem","position":1,"name":"Dom\u016f","item":"https:\/\/www.dakarmania.cz\/"},{"@type":"ListItem","position":2,"name":"Dakar 2019: Lopraise p\u0159ibrzdily nefunk\u010dn\u00ed tlumi\u010de kabiny"}]},{"@type":"WebSite","@id":"https:\/\/www.dakarmania.cz\/#website","url":"https:\/\/www.dakarmania.cz\/","name":"DAKARMANIA.cz","description":"\u017dijeme Dakarem cel\u00fd rok","publisher":{"@id":"https:\/\/www.dakarmania.cz\/#organization"},"potentialAction":[{"@type":"SearchAction","target":{"@type":"EntryPoint","urlTemplate":"https:\/\/www.dakarmania.cz\/?s={search_term_string}"},"query-input":{"@type":"PropertyValueSpecification","valueRequired":true,"valueName":"search_term_string"}}],"inLanguage":"cs"},{"@type":"Organization","@id":"https:\/\/www.dakarmania.cz\/#organization","name":"DAKAR MANIA","url":"https:\/\/www.dakarmania.cz\/","logo":{"@type":"ImageObject","inLanguage":"cs","@id":"https:\/\/www.dakarmania.cz\/#\/schema\/logo\/image\/","url":"https:\/\/www.dakarmania.cz\/wp-content\/uploads\/2018\/12\/Dakar-Mania-Logo-Square-Orange.png","contentUrl":"https:\/\/www.dakarmania.cz\/wp-content\/uploads\/2018\/12\/Dakar-Mania-Logo-Square-Orange.png","width":992,"height":992,"caption":"DAKAR MANIA"},"image":{"@id":"https:\/\/www.dakarmania.cz\/#\/schema\/logo\/image\/"},"sameAs":["https:\/\/www.facebook.com\/dakarmania\/"]},{"@type":"Person","@id":"https:\/\/www.dakarmania.cz\/#\/schema\/person\/bce8d1fe3633b1178e150fc5e340d5dd","name":"tiskov\u00e1 zpr\u00e1va","image":{"@type":"ImageObject","inLanguage":"cs","@id":"https:\/\/www.dakarmania.cz\/#\/schema\/person\/image\/","url":"https:\/\/secure.gravatar.com\/avatar\/19aefcb6c7bfae691fca4d805686c670f59bb4f7414c7b398b88dc9c8f4e96d5?s=96&d=mm&r=g","contentUrl":"https:\/\/secure.gravatar.com\/avatar\/19aefcb6c7bfae691fca4d805686c670f59bb4f7414c7b398b88dc9c8f4e96d5?s=96&d=mm&r=g","caption":"tiskov\u00e1 zpr\u00e1va"},"url":"https:\/\/www.dakarmania.cz\/index.php\/author\/tiskovezpravy\/"}]}},"amp_enabled":true,"_links":{"self":[{"href":"https:\/\/www.dakarmania.cz\/index.php\/wp-json\/wp\/v2\/posts\/1599","targetHints":{"allow":["GET"]}}],"collection":[{"href":"https:\/\/www.dakarmania.cz\/index.php\/wp-json\/wp\/v2\/posts"}],"about":[{"href":"https:\/\/www.dakarmania.cz\/index.php\/wp-json\/wp\/v2\/types\/post"}],"author":[{"embeddable":true,"href":"https:\/\/www.dakarmania.cz\/index.php\/wp-json\/wp\/v2\/users\/3"}],"replies":[{"embeddable":true,"href":"https:\/\/www.dakarmania.cz\/index.php\/wp-json\/wp\/v2\/comments?post=1599"}],"version-history":[{"count":5,"href":"https:\/\/www.dakarmania.cz\/index.php\/wp-json\/wp\/v2\/posts\/1599\/revisions"}],"predecessor-version":[{"id":22526,"href":"https:\/\/www.dakarmania.cz\/index.php\/wp-json\/wp\/v2\/posts\/1599\/revisions\/22526"}],"wp:featuredmedia":[{"embeddable":true,"href":"https:\/\/www.dakarmania.cz\/index.php\/wp-json\/wp\/v2\/media\/1597"}],"wp:attachment":[{"href":"https:\/\/www.dakarmania.cz\/index.php\/wp-json\/wp\/v2\/media?parent=1599"}],"wp:term":[{"taxonomy":"category","embeddable":true,"href":"https:\/\/www.dakarmania.cz\/index.php\/wp-json\/wp\/v2\/categories?post=1599"},{"taxonomy":"post_tag","embeddable":true,"href":"https:\/\/www.dakarmania.cz\/index.php\/wp-json\/wp\/v2\/tags?post=1599"}],"curies":[{"name":"wp","href":"https:\/\/api.w.org\/{rel}","templated":true}]}}