{"id":16050,"date":"2020-05-21T11:51:07","date_gmt":"2020-05-21T09:51:07","guid":{"rendered":"https:\/\/www.dakarmania.cz\/?p=16050"},"modified":"2020-08-06T16:00:00","modified_gmt":"2020-08-06T14:00:00","slug":"dakar-hybridni-buginy","status":"publish","type":"post","link":"https:\/\/www.dakarmania.cz\/index.php\/2020\/05\/21\/dakar-hybridni-buginy\/","title":{"rendered":"Buginy jako mo\u017en\u00e1 cesta do hybridn\u00ed dakarsk\u00e9 budoucnosti"},"content":{"rendered":"<p>[vc_row][vc_column][vc_column_text css_animation=&#8221;fadeIn&#8221;]<\/p>\n<h3>Od roku 2023 bude nejpresti\u017en\u011bj\u0161\u00ed dakarsk\u00e1 kategorie T1 ur\u010dena pouze automobil\u016fm s pohonem v\u0161ech kol. Buginy s jedinou poh\u00e1n\u011bnou n\u00e1pravou tento dosud elitn\u00ed klub nucen\u011b opust\u00ed. P\u0159esto se r\u00fdsuje zaj\u00edmav\u00e1 budoucnost i pro n\u011b. D\u00edky sv\u00e9 konfiguraci a ni\u017e\u0161\u00ed hmotnosti se mohou st\u00e1t vhodnou platformou pro spole\u010dnosti, kter\u00e9 se cht\u011bj\u00ed vydat alternativn\u00ed cestou.<\/h3>\n<p>[\/vc_column_text][vc_single_image image=&#8221;16049&#8243; img_size=&#8221;large&#8221; add_caption=&#8221;yes&#8221; alignment=&#8221;center&#8221; onclick=&#8221;link_image&#8221; css_animation=&#8221;fadeIn&#8221;][vc_column_text css_animation=&#8221;fadeIn&#8221;]Spole\u010dnost Amaury Sport Organisation (ASO), kter\u00e1 je po\u0159adatelem <a href=\"\/index.php\/souteze\/#dakar\">Rally Dakar<\/a>, a Mezin\u00e1rodn\u00ed automobilov\u00e1 federace (FIA) cht\u011bj\u00ed sv\u011bt cross-country rally otev\u0159\u00edt alternativn\u00edm technologi\u00edm. A pr\u00e1v\u011b pl\u00e1novan\u00e1 zm\u011bna ohledn\u011b kategorie T1 p\u0159edstavuje t\u00e9m\u011b\u0159 ide\u00e1ln\u00ed p\u0159\u00edle\u017eitost. Z bugin se nemus\u00ed st\u00e1t pouh\u00fd komparz, jen\u017e do\u017eije sv\u016fj sportovn\u00ed \u017eivot kdesi v \u00fastran\u00ed. Naopak.<\/p>\n<p><em>\u201eD\u00edky sv\u00e9 n\u00edzk\u00e9 hmotnosti a celkov\u00e9 koncepci mohou b\u00fdt buginy 4&#215;2 snadn\u011bji p\u0159izp\u016fsobeny alternativn\u00edm nebo hybridn\u00edm motor\u016fm,\u201c<\/em> upozor\u0148uje <strong>Sven Quandt<\/strong>, jeho\u017e t\u00fdm X-raid slavil d\u00edky <a href=\"\/index.php\/osobnosti\/carlos-sainz\/\">Carlosi Sainzovi<\/a> a <a href=\"\/index.php\/osobnosti\/lucas-cruz\/\">Lucasi Cruzovi<\/a> v\u00edt\u011bzstv\u00ed na <a href=\"\/index.php\/souteze\/dakar-2020\/\">Dakaru 2020<\/a> pr\u00e1v\u011b s \u201edvoukolkou\u201c Mini.[\/vc_column_text][vc_column_text css_animation=&#8221;fadeIn&#8221; css=&#8221;.vc_custom_1590055646501{border-top-width: 1px !important;border-right-width: 1px !important;border-bottom-width: 1px !important;border-left-width: 1px !important;padding-top: 10px !important;padding-right: 10px !important;padding-bottom: 10px !important;padding-left: 10px !important;background-color: #f2f2f2 !important;border-left-color: #ee8027 !important;border-left-style: solid !important;border-right-color: #ee8027 !important;border-right-style: solid !important;border-top-color: #ee8027 !important;border-top-style: solid !important;border-bottom-color: #ee8027 !important;border-bottom-style: solid !important;border-radius: 1px !important;}&#8221;]<\/p>\n<table style=\"border-collapse: collapse; width: 97.7654%;\" cellpadding=\"4px\">\n<tbody>\n<tr>\n<td style=\"vertical-align: top; width: 25%;\"><a href=\"\/index.php\/2020\/03\/10\/buginam-zvoni-hrana\/\"><img loading=\"lazy\" decoding=\"async\" class=\"size-medium wp-image-15443\" src=\"\/wp-content\/uploads\/2020\/03\/20-dakar-sainz-14-300x200.jpg\" alt=\"FIA rozhodla. Velk\u00fdm bugin\u00e1m zvon\u00ed hrana\" width=\"150\" height=\"150\" \/><\/a><\/td>\n<td style=\"vertical-align: top; width: 75%;\"><span style=\"font-size: 13pt;\"><strong><a href=\"\/index.php\/2020\/03\/10\/buginam-zvoni-hrana\/\">FIA rozhodla. Velk\u00fdm bugin\u00e1m zvon\u00ed hrana<\/a><\/strong><\/span><\/td>\n<\/tr>\n<\/tbody>\n<\/table>\n<p>[\/vc_column_text][vc_column_text css_animation=&#8221;fadeIn&#8221;]Velmi vst\u0159\u00edcn\u011b se k modern\u00edm technologi\u00edm v posledn\u00ed dob\u011b stav\u00ed p\u0159edev\u0161\u00edm ASO, kter\u00e1 chce otev\u0159\u00edt Dakar jak hybridn\u00edm voz\u016fm, tak stroj\u016fm s elektromotory vyu\u017e\u00edvaj\u00edc\u00edmi energii z vysokokapacitn\u00edch akumul\u00e1tor\u016f nebo vod\u00edkov\u00fdch \u010dl\u00e1nk\u016f. Proto by v\u011bt\u0161\u00ed probl\u00e9m nem\u011bl nastat ani ve chv\u00edli, pokud by byl p\u0159\u00edstup FIA o n\u011bco liknav\u011bj\u0161\u00ed a n\u00e1stup t\u00e9to techniky v r\u00e1mci sv\u011btov\u00e9ho poh\u00e1ru pomalej\u0161\u00ed.<\/p>\n<h4>\u017d\u00e1dn\u00e9 druh\u00e9 housle<\/h4>\n<p>Vozy s alternativn\u00edm pohonem by se i v takov\u00e9m p\u0159\u00edpad\u011b mohly utkat s \u201ekonven\u010dn\u00edmi \u010dty\u0159kolkami\u201c minim\u00e1ln\u011b na Dakaru. Organiz\u00e1to\u0159i dakarsk\u00e9 rally nav\u00edc necht\u011bj\u00ed z hybrid\u016f, elektromobil\u016f a dal\u0161\u00edch experiment\u00e1ln\u00edch stroj\u016f d\u011blat druho\u0159adou kategorii bojuj\u00edc\u00ed kdesi uprost\u0159ed startovn\u00edho pole. To v\u0161e m\u016f\u017ee b\u00fdt marketingov\u011b dostate\u010dn\u011b zaj\u00edmav\u00e9 pro automobilky a dal\u0161\u00ed spole\u010dnosti, kter\u00e9 se rozhodly vydat od fosiln\u00edch paliv jin\u00fdm sm\u011brem.[\/vc_column_text][vc_single_image image=&#8221;15450&#8243; img_size=&#8221;large&#8221; add_caption=&#8221;yes&#8221; alignment=&#8221;center&#8221; onclick=&#8221;custom_link&#8221; img_link_target=&#8221;_blank&#8221; css_animation=&#8221;fadeIn&#8221; link=&#8221;http:\/\/eshop.dakarmania.cz\/&#8221;][vc_column_text css_animation=&#8221;fadeIn&#8221;]Nav\u00edc je ot\u00e1zkou, jak siln\u00e1 konkurence se v kategorii T1 4&#215;4 za necel\u00e9 t\u0159i roky sejde.<\/p>\n<p><em>\u201e\u010cty\u0159kolky se mohou st\u00e1t od roku 2023 jedin\u00fdmi vozy v elitn\u00ed kategorii pouze v p\u0159\u00edpad\u011b, \u017ee mezi nimi bude dostate\u010dn\u00e1 konkurence. To v\u0161ak v tuto chv\u00edli nen\u00ed jist\u00e9. Bude pot\u0159eba n\u011bkolik v\u00fdrobc\u016f, kte\u0159\u00ed takov\u00e9 sout\u011b\u017en\u00ed vozy postav\u00ed a budou je provozovat na opravdu profesion\u00e1ln\u00ed \u00farovni,\u201c<\/em> upozor\u0148uje Quandt. <em>\u201eZ\u00e1rove\u0148 v\u0161ak v\u00edme, \u017ee z\u00e1m\u011brem ASO je umo\u017enit boj o v\u00edt\u011bzstv\u00ed voz\u016fm r\u016fzn\u00fdch koncepc\u00ed.\u201c<\/em><\/p>\n<p>Buginy tak mo\u017en\u00e1 budou o dakarsk\u00e9 vav\u0159\u00edny bojovat i po roce 2022. Ov\u0161em v jejich \u00fatrob\u00e1ch u\u017e nejsp\u00ed\u0161 nebude bur\u00e1cet dosud b\u011b\u017en\u00fd spalovac\u00ed motor\u2026[\/vc_column_text][vc_empty_space height=&#8221;2px&#8221;][\/vc_column][\/vc_row]<\/p>\n","protected":false},"excerpt":{"rendered":"<p>Buginy s hybridn\u00edmi motory? D\u00edky sv\u00e9 konfiguraci a hmotnosti se mohou st\u00e1t vhodnou platformou pro spole\u010dnosti, kter\u00e9 se cht\u011bj\u00ed vydat alternativn\u00ed cestou.<\/p>\n","protected":false},"author":1,"featured_media":16049,"comment_status":"open","ping_status":"closed","sticky":false,"template":"","format":"standard","meta":{"footnotes":""},"categories":[3,2],"tags":[249,1481,8,99,1525],"class_list":["post-16050","post","type-post","status-publish","format-standard","has-post-thumbnail","hentry","category-auto","category-dakar","tag-amaury-sport-organisation","tag-aso","tag-dakar","tag-fia","tag-sven-quandt"],"yoast_head":"<!-- This site is optimized with the Yoast SEO plugin v24.9 - https:\/\/yoast.com\/wordpress\/plugins\/seo\/ -->\n<title>Buginy jako mo\u017en\u00e1 cesta do hybridn\u00ed dakarsk\u00e9 budoucnosti - DAKARMANIA.cz<\/title>\n<meta name=\"description\" content=\"Buginy s hybridn\u00edmi motory? D\u00edky sv\u00e9 konfiguraci a hmotnosti se mohou st\u00e1t vhodnou platformou pro spole\u010dnosti, kter\u00e9 se cht\u011bj\u00ed vydat alternativn\u00ed cestou.\" \/>\n<meta name=\"robots\" content=\"index, follow, max-snippet:-1, max-image-preview:large, max-video-preview:-1\" \/>\n<link rel=\"canonical\" href=\"https:\/\/www.dakarmania.cz\/index.php\/2020\/05\/21\/dakar-hybridni-buginy\/\" \/>\n<meta property=\"og:locale\" content=\"cs_CZ\" \/>\n<meta property=\"og:type\" content=\"article\" \/>\n<meta property=\"og:title\" content=\"Buginy jako mo\u017en\u00e1 cesta do hybridn\u00ed dakarsk\u00e9 budoucnosti - DAKARMANIA.cz\" \/>\n<meta property=\"og:description\" content=\"Buginy s hybridn\u00edmi motory? D\u00edky sv\u00e9 konfiguraci a hmotnosti se mohou st\u00e1t vhodnou platformou pro spole\u010dnosti, kter\u00e9 se cht\u011bj\u00ed vydat alternativn\u00ed cestou.\" \/>\n<meta property=\"og:url\" content=\"https:\/\/www.dakarmania.cz\/index.php\/2020\/05\/21\/dakar-hybridni-buginy\/\" \/>\n<meta property=\"og:site_name\" content=\"DAKARMANIA.cz\" \/>\n<meta property=\"article:publisher\" content=\"https:\/\/www.facebook.com\/dakarmania\/\" \/>\n<meta property=\"article:published_time\" content=\"2020-05-21T09:51:07+00:00\" \/>\n<meta property=\"article:modified_time\" content=\"2020-08-06T14:00:00+00:00\" \/>\n<meta property=\"og:image\" content=\"https:\/\/www.dakarmania.cz\/wp-content\/uploads\/2020\/05\/20-dakar-sainz-16.jpg\" \/>\n\t<meta property=\"og:image:width\" content=\"1024\" \/>\n\t<meta property=\"og:image:height\" content=\"683\" \/>\n\t<meta property=\"og:image:type\" content=\"image\/jpeg\" \/>\n<meta name=\"author\" content=\"Zden\u011bk Zelenka\" \/>\n<meta name=\"twitter:card\" content=\"summary_large_image\" \/>\n<meta name=\"twitter:label1\" content=\"Napsal(a)\" \/>\n\t<meta name=\"twitter:data1\" content=\"Zden\u011bk Zelenka\" \/>\n\t<meta name=\"twitter:label2\" content=\"Odhadovan\u00e1 doba \u010dten\u00ed\" \/>\n\t<meta name=\"twitter:data2\" content=\"3 minuty\" \/>\n<script type=\"application\/ld+json\" class=\"yoast-schema-graph\">{\"@context\":\"https:\/\/schema.org\",\"@graph\":[{\"@type\":\"Article\",\"@id\":\"https:\/\/www.dakarmania.cz\/index.php\/2020\/05\/21\/dakar-hybridni-buginy\/#article\",\"isPartOf\":{\"@id\":\"https:\/\/www.dakarmania.cz\/index.php\/2020\/05\/21\/dakar-hybridni-buginy\/\"},\"author\":{\"name\":\"Zden\u011bk Zelenka\",\"@id\":\"https:\/\/www.dakarmania.cz\/#\/schema\/person\/04eb0e87a389631c2169c0dddae7ff1e\"},\"headline\":\"Buginy jako mo\u017en\u00e1 cesta do hybridn\u00ed dakarsk\u00e9 budoucnosti\",\"datePublished\":\"2020-05-21T09:51:07+00:00\",\"dateModified\":\"2020-08-06T14:00:00+00:00\",\"mainEntityOfPage\":{\"@id\":\"https:\/\/www.dakarmania.cz\/index.php\/2020\/05\/21\/dakar-hybridni-buginy\/\"},\"wordCount\":675,\"commentCount\":0,\"publisher\":{\"@id\":\"https:\/\/www.dakarmania.cz\/#organization\"},\"image\":{\"@id\":\"https:\/\/www.dakarmania.cz\/index.php\/2020\/05\/21\/dakar-hybridni-buginy\/#primaryimage\"},\"thumbnailUrl\":\"https:\/\/www.dakarmania.cz\/wp-content\/uploads\/2020\/05\/20-dakar-sainz-16.jpg\",\"keywords\":[\"Amaury Sport Organisation\",\"ASO\",\"Dakar\",\"FIA\",\"Sven Quandt\"],\"articleSection\":[\"Auto\",\"Rally Dakar\"],\"inLanguage\":\"cs\",\"potentialAction\":[{\"@type\":\"CommentAction\",\"name\":\"Comment\",\"target\":[\"https:\/\/www.dakarmania.cz\/index.php\/2020\/05\/21\/dakar-hybridni-buginy\/#respond\"]}]},{\"@type\":\"WebPage\",\"@id\":\"https:\/\/www.dakarmania.cz\/index.php\/2020\/05\/21\/dakar-hybridni-buginy\/\",\"url\":\"https:\/\/www.dakarmania.cz\/index.php\/2020\/05\/21\/dakar-hybridni-buginy\/\",\"name\":\"Buginy jako mo\u017en\u00e1 cesta do hybridn\u00ed dakarsk\u00e9 budoucnosti - DAKARMANIA.cz\",\"isPartOf\":{\"@id\":\"https:\/\/www.dakarmania.cz\/#website\"},\"primaryImageOfPage\":{\"@id\":\"https:\/\/www.dakarmania.cz\/index.php\/2020\/05\/21\/dakar-hybridni-buginy\/#primaryimage\"},\"image\":{\"@id\":\"https:\/\/www.dakarmania.cz\/index.php\/2020\/05\/21\/dakar-hybridni-buginy\/#primaryimage\"},\"thumbnailUrl\":\"https:\/\/www.dakarmania.cz\/wp-content\/uploads\/2020\/05\/20-dakar-sainz-16.jpg\",\"datePublished\":\"2020-05-21T09:51:07+00:00\",\"dateModified\":\"2020-08-06T14:00:00+00:00\",\"description\":\"Buginy s hybridn\u00edmi motory? D\u00edky sv\u00e9 konfiguraci a hmotnosti se mohou st\u00e1t vhodnou platformou pro spole\u010dnosti, kter\u00e9 se cht\u011bj\u00ed vydat alternativn\u00ed cestou.\",\"breadcrumb\":{\"@id\":\"https:\/\/www.dakarmania.cz\/index.php\/2020\/05\/21\/dakar-hybridni-buginy\/#breadcrumb\"},\"inLanguage\":\"cs\",\"potentialAction\":[{\"@type\":\"ReadAction\",\"target\":[\"https:\/\/www.dakarmania.cz\/index.php\/2020\/05\/21\/dakar-hybridni-buginy\/\"]}]},{\"@type\":\"ImageObject\",\"inLanguage\":\"cs\",\"@id\":\"https:\/\/www.dakarmania.cz\/index.php\/2020\/05\/21\/dakar-hybridni-buginy\/#primaryimage\",\"url\":\"https:\/\/www.dakarmania.cz\/wp-content\/uploads\/2020\/05\/20-dakar-sainz-16.jpg\",\"contentUrl\":\"https:\/\/www.dakarmania.cz\/wp-content\/uploads\/2020\/05\/20-dakar-sainz-16.jpg\",\"width\":1024,\"height\":683,\"caption\":\"Carlos Sainz\/Lucas Cruz, Mini JCW Buggy, Bahrain JCW X-Raid Team. Rally Dakar 2020. \u00a9 X-raid\"},{\"@type\":\"BreadcrumbList\",\"@id\":\"https:\/\/www.dakarmania.cz\/index.php\/2020\/05\/21\/dakar-hybridni-buginy\/#breadcrumb\",\"itemListElement\":[{\"@type\":\"ListItem\",\"position\":1,\"name\":\"Dom\u016f\",\"item\":\"https:\/\/www.dakarmania.cz\/\"},{\"@type\":\"ListItem\",\"position\":2,\"name\":\"Buginy jako mo\u017en\u00e1 cesta do hybridn\u00ed dakarsk\u00e9 budoucnosti\"}]},{\"@type\":\"WebSite\",\"@id\":\"https:\/\/www.dakarmania.cz\/#website\",\"url\":\"https:\/\/www.dakarmania.cz\/\",\"name\":\"DAKARMANIA.cz\",\"description\":\"\u017dijeme Dakarem cel\u00fd rok\",\"publisher\":{\"@id\":\"https:\/\/www.dakarmania.cz\/#organization\"},\"potentialAction\":[{\"@type\":\"SearchAction\",\"target\":{\"@type\":\"EntryPoint\",\"urlTemplate\":\"https:\/\/www.dakarmania.cz\/?s={search_term_string}\"},\"query-input\":{\"@type\":\"PropertyValueSpecification\",\"valueRequired\":true,\"valueName\":\"search_term_string\"}}],\"inLanguage\":\"cs\"},{\"@type\":\"Organization\",\"@id\":\"https:\/\/www.dakarmania.cz\/#organization\",\"name\":\"DAKAR MANIA\",\"url\":\"https:\/\/www.dakarmania.cz\/\",\"logo\":{\"@type\":\"ImageObject\",\"inLanguage\":\"cs\",\"@id\":\"https:\/\/www.dakarmania.cz\/#\/schema\/logo\/image\/\",\"url\":\"https:\/\/www.dakarmania.cz\/wp-content\/uploads\/2018\/12\/Dakar-Mania-Logo-Square-Orange.png\",\"contentUrl\":\"https:\/\/www.dakarmania.cz\/wp-content\/uploads\/2018\/12\/Dakar-Mania-Logo-Square-Orange.png\",\"width\":992,\"height\":992,\"caption\":\"DAKAR MANIA\"},\"image\":{\"@id\":\"https:\/\/www.dakarmania.cz\/#\/schema\/logo\/image\/\"},\"sameAs\":[\"https:\/\/www.facebook.com\/dakarmania\/\"]},{\"@type\":\"Person\",\"@id\":\"https:\/\/www.dakarmania.cz\/#\/schema\/person\/04eb0e87a389631c2169c0dddae7ff1e\",\"name\":\"Zden\u011bk Zelenka\",\"image\":{\"@type\":\"ImageObject\",\"inLanguage\":\"cs\",\"@id\":\"https:\/\/www.dakarmania.cz\/#\/schema\/person\/image\/\",\"url\":\"https:\/\/secure.gravatar.com\/avatar\/2c80d5a4942fe0900b73cc7d3837a509d6ee0a276a2b76dac95c92bd0763a89b?s=96&d=mm&r=g\",\"contentUrl\":\"https:\/\/secure.gravatar.com\/avatar\/2c80d5a4942fe0900b73cc7d3837a509d6ee0a276a2b76dac95c92bd0763a89b?s=96&d=mm&r=g\",\"caption\":\"Zden\u011bk Zelenka\"},\"description\":\"Moji d\u011bt\u0161t\u00ed hrdinov\u00e9 se jmenovali Loprais, Moskal, Neveu, Vatanen, Rahier... A tihle borci, jejich n\u00e1sledovn\u00edci a jejich p\u0159\u00edb\u011bhy m\u011b nep\u0159estali fascinovat ani po letech, kdy jsem vyrostl a zam\u011bstn\u00e1valy m\u011b jin\u00e9 discipl\u00edny motorsportu. Proto se zrodila DAKARMANIA.\",\"url\":\"https:\/\/www.dakarmania.cz\/index.php\/author\/dakarmania\/\"}]}<\/script>\n<!-- \/ Yoast SEO plugin. -->","yoast_head_json":{"title":"Buginy jako mo\u017en\u00e1 cesta do hybridn\u00ed dakarsk\u00e9 budoucnosti - DAKARMANIA.cz","description":"Buginy s hybridn\u00edmi motory? D\u00edky sv\u00e9 konfiguraci a hmotnosti se mohou st\u00e1t vhodnou platformou pro spole\u010dnosti, kter\u00e9 se cht\u011bj\u00ed vydat alternativn\u00ed cestou.","robots":{"index":"index","follow":"follow","max-snippet":"max-snippet:-1","max-image-preview":"max-image-preview:large","max-video-preview":"max-video-preview:-1"},"canonical":"https:\/\/www.dakarmania.cz\/index.php\/2020\/05\/21\/dakar-hybridni-buginy\/","og_locale":"cs_CZ","og_type":"article","og_title":"Buginy jako mo\u017en\u00e1 cesta do hybridn\u00ed dakarsk\u00e9 budoucnosti - DAKARMANIA.cz","og_description":"Buginy s hybridn\u00edmi motory? D\u00edky sv\u00e9 konfiguraci a hmotnosti se mohou st\u00e1t vhodnou platformou pro spole\u010dnosti, kter\u00e9 se cht\u011bj\u00ed vydat alternativn\u00ed cestou.","og_url":"https:\/\/www.dakarmania.cz\/index.php\/2020\/05\/21\/dakar-hybridni-buginy\/","og_site_name":"DAKARMANIA.cz","article_publisher":"https:\/\/www.facebook.com\/dakarmania\/","article_published_time":"2020-05-21T09:51:07+00:00","article_modified_time":"2020-08-06T14:00:00+00:00","og_image":[{"width":1024,"height":683,"url":"https:\/\/www.dakarmania.cz\/wp-content\/uploads\/2020\/05\/20-dakar-sainz-16.jpg","type":"image\/jpeg"}],"author":"Zden\u011bk Zelenka","twitter_card":"summary_large_image","twitter_misc":{"Napsal(a)":"Zden\u011bk Zelenka","Odhadovan\u00e1 doba \u010dten\u00ed":"3 minuty"},"schema":{"@context":"https:\/\/schema.org","@graph":[{"@type":"Article","@id":"https:\/\/www.dakarmania.cz\/index.php\/2020\/05\/21\/dakar-hybridni-buginy\/#article","isPartOf":{"@id":"https:\/\/www.dakarmania.cz\/index.php\/2020\/05\/21\/dakar-hybridni-buginy\/"},"author":{"name":"Zden\u011bk Zelenka","@id":"https:\/\/www.dakarmania.cz\/#\/schema\/person\/04eb0e87a389631c2169c0dddae7ff1e"},"headline":"Buginy jako mo\u017en\u00e1 cesta do hybridn\u00ed dakarsk\u00e9 budoucnosti","datePublished":"2020-05-21T09:51:07+00:00","dateModified":"2020-08-06T14:00:00+00:00","mainEntityOfPage":{"@id":"https:\/\/www.dakarmania.cz\/index.php\/2020\/05\/21\/dakar-hybridni-buginy\/"},"wordCount":675,"commentCount":0,"publisher":{"@id":"https:\/\/www.dakarmania.cz\/#organization"},"image":{"@id":"https:\/\/www.dakarmania.cz\/index.php\/2020\/05\/21\/dakar-hybridni-buginy\/#primaryimage"},"thumbnailUrl":"https:\/\/www.dakarmania.cz\/wp-content\/uploads\/2020\/05\/20-dakar-sainz-16.jpg","keywords":["Amaury Sport Organisation","ASO","Dakar","FIA","Sven Quandt"],"articleSection":["Auto","Rally Dakar"],"inLanguage":"cs","potentialAction":[{"@type":"CommentAction","name":"Comment","target":["https:\/\/www.dakarmania.cz\/index.php\/2020\/05\/21\/dakar-hybridni-buginy\/#respond"]}]},{"@type":"WebPage","@id":"https:\/\/www.dakarmania.cz\/index.php\/2020\/05\/21\/dakar-hybridni-buginy\/","url":"https:\/\/www.dakarmania.cz\/index.php\/2020\/05\/21\/dakar-hybridni-buginy\/","name":"Buginy jako mo\u017en\u00e1 cesta do hybridn\u00ed dakarsk\u00e9 budoucnosti - DAKARMANIA.cz","isPartOf":{"@id":"https:\/\/www.dakarmania.cz\/#website"},"primaryImageOfPage":{"@id":"https:\/\/www.dakarmania.cz\/index.php\/2020\/05\/21\/dakar-hybridni-buginy\/#primaryimage"},"image":{"@id":"https:\/\/www.dakarmania.cz\/index.php\/2020\/05\/21\/dakar-hybridni-buginy\/#primaryimage"},"thumbnailUrl":"https:\/\/www.dakarmania.cz\/wp-content\/uploads\/2020\/05\/20-dakar-sainz-16.jpg","datePublished":"2020-05-21T09:51:07+00:00","dateModified":"2020-08-06T14:00:00+00:00","description":"Buginy s hybridn\u00edmi motory? D\u00edky sv\u00e9 konfiguraci a hmotnosti se mohou st\u00e1t vhodnou platformou pro spole\u010dnosti, kter\u00e9 se cht\u011bj\u00ed vydat alternativn\u00ed cestou.","breadcrumb":{"@id":"https:\/\/www.dakarmania.cz\/index.php\/2020\/05\/21\/dakar-hybridni-buginy\/#breadcrumb"},"inLanguage":"cs","potentialAction":[{"@type":"ReadAction","target":["https:\/\/www.dakarmania.cz\/index.php\/2020\/05\/21\/dakar-hybridni-buginy\/"]}]},{"@type":"ImageObject","inLanguage":"cs","@id":"https:\/\/www.dakarmania.cz\/index.php\/2020\/05\/21\/dakar-hybridni-buginy\/#primaryimage","url":"https:\/\/www.dakarmania.cz\/wp-content\/uploads\/2020\/05\/20-dakar-sainz-16.jpg","contentUrl":"https:\/\/www.dakarmania.cz\/wp-content\/uploads\/2020\/05\/20-dakar-sainz-16.jpg","width":1024,"height":683,"caption":"Carlos Sainz\/Lucas Cruz, Mini JCW Buggy, Bahrain JCW X-Raid Team. Rally Dakar 2020. \u00a9 X-raid"},{"@type":"BreadcrumbList","@id":"https:\/\/www.dakarmania.cz\/index.php\/2020\/05\/21\/dakar-hybridni-buginy\/#breadcrumb","itemListElement":[{"@type":"ListItem","position":1,"name":"Dom\u016f","item":"https:\/\/www.dakarmania.cz\/"},{"@type":"ListItem","position":2,"name":"Buginy jako mo\u017en\u00e1 cesta do hybridn\u00ed dakarsk\u00e9 budoucnosti"}]},{"@type":"WebSite","@id":"https:\/\/www.dakarmania.cz\/#website","url":"https:\/\/www.dakarmania.cz\/","name":"DAKARMANIA.cz","description":"\u017dijeme Dakarem cel\u00fd rok","publisher":{"@id":"https:\/\/www.dakarmania.cz\/#organization"},"potentialAction":[{"@type":"SearchAction","target":{"@type":"EntryPoint","urlTemplate":"https:\/\/www.dakarmania.cz\/?s={search_term_string}"},"query-input":{"@type":"PropertyValueSpecification","valueRequired":true,"valueName":"search_term_string"}}],"inLanguage":"cs"},{"@type":"Organization","@id":"https:\/\/www.dakarmania.cz\/#organization","name":"DAKAR MANIA","url":"https:\/\/www.dakarmania.cz\/","logo":{"@type":"ImageObject","inLanguage":"cs","@id":"https:\/\/www.dakarmania.cz\/#\/schema\/logo\/image\/","url":"https:\/\/www.dakarmania.cz\/wp-content\/uploads\/2018\/12\/Dakar-Mania-Logo-Square-Orange.png","contentUrl":"https:\/\/www.dakarmania.cz\/wp-content\/uploads\/2018\/12\/Dakar-Mania-Logo-Square-Orange.png","width":992,"height":992,"caption":"DAKAR MANIA"},"image":{"@id":"https:\/\/www.dakarmania.cz\/#\/schema\/logo\/image\/"},"sameAs":["https:\/\/www.facebook.com\/dakarmania\/"]},{"@type":"Person","@id":"https:\/\/www.dakarmania.cz\/#\/schema\/person\/04eb0e87a389631c2169c0dddae7ff1e","name":"Zden\u011bk Zelenka","image":{"@type":"ImageObject","inLanguage":"cs","@id":"https:\/\/www.dakarmania.cz\/#\/schema\/person\/image\/","url":"https:\/\/secure.gravatar.com\/avatar\/2c80d5a4942fe0900b73cc7d3837a509d6ee0a276a2b76dac95c92bd0763a89b?s=96&d=mm&r=g","contentUrl":"https:\/\/secure.gravatar.com\/avatar\/2c80d5a4942fe0900b73cc7d3837a509d6ee0a276a2b76dac95c92bd0763a89b?s=96&d=mm&r=g","caption":"Zden\u011bk Zelenka"},"description":"Moji d\u011bt\u0161t\u00ed hrdinov\u00e9 se jmenovali Loprais, Moskal, Neveu, Vatanen, Rahier... A tihle borci, jejich n\u00e1sledovn\u00edci a jejich p\u0159\u00edb\u011bhy m\u011b nep\u0159estali fascinovat ani po letech, kdy jsem vyrostl a zam\u011bstn\u00e1valy m\u011b jin\u00e9 discipl\u00edny motorsportu. Proto se zrodila DAKARMANIA.","url":"https:\/\/www.dakarmania.cz\/index.php\/author\/dakarmania\/"}]}},"amp_enabled":true,"_links":{"self":[{"href":"https:\/\/www.dakarmania.cz\/index.php\/wp-json\/wp\/v2\/posts\/16050","targetHints":{"allow":["GET"]}}],"collection":[{"href":"https:\/\/www.dakarmania.cz\/index.php\/wp-json\/wp\/v2\/posts"}],"about":[{"href":"https:\/\/www.dakarmania.cz\/index.php\/wp-json\/wp\/v2\/types\/post"}],"author":[{"embeddable":true,"href":"https:\/\/www.dakarmania.cz\/index.php\/wp-json\/wp\/v2\/users\/1"}],"replies":[{"embeddable":true,"href":"https:\/\/www.dakarmania.cz\/index.php\/wp-json\/wp\/v2\/comments?post=16050"}],"version-history":[{"count":28,"href":"https:\/\/www.dakarmania.cz\/index.php\/wp-json\/wp\/v2\/posts\/16050\/revisions"}],"predecessor-version":[{"id":16078,"href":"https:\/\/www.dakarmania.cz\/index.php\/wp-json\/wp\/v2\/posts\/16050\/revisions\/16078"}],"wp:featuredmedia":[{"embeddable":true,"href":"https:\/\/www.dakarmania.cz\/index.php\/wp-json\/wp\/v2\/media\/16049"}],"wp:attachment":[{"href":"https:\/\/www.dakarmania.cz\/index.php\/wp-json\/wp\/v2\/media?parent=16050"}],"wp:term":[{"taxonomy":"category","embeddable":true,"href":"https:\/\/www.dakarmania.cz\/index.php\/wp-json\/wp\/v2\/categories?post=16050"},{"taxonomy":"post_tag","embeddable":true,"href":"https:\/\/www.dakarmania.cz\/index.php\/wp-json\/wp\/v2\/tags?post=16050"}],"curies":[{"name":"wp","href":"https:\/\/api.w.org\/{rel}","templated":true}]}}