{"id":1608,"date":"2019-01-09T12:20:41","date_gmt":"2019-01-09T12:20:41","guid":{"rendered":"https:\/\/www.dakarmania.cz\/?p=1608"},"modified":"2023-07-15T08:27:59","modified_gmt":"2023-07-15T06:27:59","slug":"dakar-2019-mrg-diky-pedrerovi-v-prvni-dvacitce","status":"publish","type":"post","link":"https:\/\/www.dakarmania.cz\/index.php\/2019\/01\/09\/dakar-2019-mrg-diky-pedrerovi-v-prvni-dvacitce\/","title":{"rendered":"Dakar 2019: MRG d\u00edky Pedrerovi v prvn\u00ed dvac\u00edtce"},"content":{"rendered":"<h4><strong>Z p\u011bti \u010desk\u00fdch t\u00fdm\u016f, kter\u00e9 se \u00fa\u010dastn\u00ed Rally Dakar v kategorii motocykl\u016f, m\u00e1 po dvou etap\u00e1ch sv\u00e9ho z\u00e1stupce na nejvy\u0161\u0161\u00ed p\u0159\u00ed\u010dce pr\u016fb\u011b\u017en\u00e9ho po\u0159ad\u00ed st\u00e1j Moto Racing Group. Navzdory probl\u00e9m\u016fm v \u00fatern\u00ed etap\u011b postoupil Joan Pedrero do prvn\u00ed dvac\u00edtky.<\/strong><\/h4>\n<p>Zku\u0161en\u00fd \u0160pan\u011bl startuje na Dakaru pojeden\u00e1ct\u00e9 a pat\u0159\u00ed tud\u00ed\u017e do skupiny \u00fa\u010dastn\u00edk\u016f, kte\u0159\u00ed se mohou py\u0161nit ozna\u010den\u00edm \u201eLegend\u201c. Do sout\u011b\u017ee vstoupil 21. \u010dasem v prvn\u00ed etap\u011b, o den pozd\u011bji byl osmn\u00e1ct\u00fd, co\u017e jej posunulo mezi dvac\u00edtku nejlep\u0161\u00edch.<\/p>\n<p><em>\u201eDruh\u00e1 etapa byla t\u011b\u017ek\u00e1, v p\u00edsku byly vyjet\u00e9 koleje od aut, kter\u00e1 tentokr\u00e1t startovala p\u0159ed n\u00e1mi. Na konci jsem u\u017e nemohl jet naplno, proto\u017ee jsem musel \u0161et\u0159it benz\u00edn. Vy\u0161lo to jen tak tak, n\u011bkolik pozic jsem ztratil, ale jsem tady, co\u017e je nejd\u016fle\u017eit\u011bj\u0161\u00ed. Je to dlouh\u00fd z\u00e1vod a j\u00e1 se moc t\u011b\u0161\u00edm na z\u00edt\u0159ej\u0161\u00ed repar\u00e1t,\u201c<\/em> shrnul <strong>Joan Pedrero<\/strong>.<\/p>\n<p>27let\u00fd Milan Engel letos jede Dakar u\u017e pop\u00e1t\u00e9 v \u0159ad\u011b. V prvn\u00ed etap\u011b skon\u010dil na 34. m\u00edst\u011b a v druh\u00e9 si cht\u011bl polep\u0161it.<\/p>\n<p>Od za\u010d\u00e1tku to ale z jeho pohledu bylo jako na houpa\u010dce. Na prvn\u00edm waypointu byl 52., jeliko\u017e se musel deset kilometr\u016f vracet, aby tento pr\u016fjezdn\u00ed bod neminul. Pak se prob\u00edjel vp\u0159ed a na WP7 figuroval na 31. pozici. Jen\u017ee t\u011bsn\u011b p\u0159ed c\u00edlem p\u0159i\u0161la dal\u0161\u00ed chyba, kter\u00e1 znamenala 40. \u010das v etap\u011b a pokles na 38. p\u0159\u00ed\u010dku v pr\u016fb\u011b\u017en\u00e9m hodnocen\u00ed.<\/p>\n<p>Zdroj: tiskov\u00e1 zpr\u00e1va Moto Racing Group<\/p>\n","protected":false},"excerpt":{"rendered":"<p>Z p\u011bti \u010desk\u00fdch t\u00fdm\u016f, kter\u00e9 se \u00fa\u010dastn\u00ed Rally Dakar v kategorii motocykl\u016f, m\u00e1 po dvou etap\u00e1ch sv\u00e9ho z\u00e1stupce na nejvy\u0161\u0161\u00ed p\u0159\u00ed\u010dce pr\u016fb\u011b\u017en\u00e9ho po\u0159ad\u00ed st\u00e1j Moto Racing Group.<\/p>\n","protected":false},"author":1,"featured_media":1607,"comment_status":"open","ping_status":"closed","sticky":false,"template":"","format":"standard","meta":{"footnotes":""},"categories":[15,2],"tags":[8,9,108,63,107,74,75],"class_list":["post-1608","post","type-post","status-publish","format-standard","has-post-thumbnail","hentry","category-moto-quad","category-dakar","tag-dakar","tag-dakar-2019","tag-joan-pedrero","tag-ktm","tag-milan-engel","tag-moto-racing-group","tag-mrg"],"yoast_head":"<!-- This site is optimized with the Yoast SEO plugin v24.9 - https:\/\/yoast.com\/wordpress\/plugins\/seo\/ -->\n<title>Dakar 2019: MRG d\u00edky Pedrerovi v prvn\u00ed dvac\u00edtce - DAKARMANIA.cz<\/title>\n<meta name=\"description\" content=\"Z p\u011bti \u010desk\u00fdch t\u00fdm\u016f, kter\u00e9 se \u00fa\u010dastn\u00ed Rally Dakar v kategorii motocykl\u016f, m\u00e1 po dvou etap\u00e1ch sv\u00e9ho z\u00e1stupce na nejvy\u0161\u0161\u00ed p\u0159\u00ed\u010dce pr\u016fb\u011b\u017en\u00e9ho po\u0159ad\u00ed st\u00e1j Moto Racing Group.\" \/>\n<meta name=\"robots\" content=\"index, follow, max-snippet:-1, max-image-preview:large, max-video-preview:-1\" \/>\n<link rel=\"canonical\" href=\"https:\/\/www.dakarmania.cz\/index.php\/2019\/01\/09\/dakar-2019-mrg-diky-pedrerovi-v-prvni-dvacitce\/\" \/>\n<meta property=\"og:locale\" content=\"cs_CZ\" \/>\n<meta property=\"og:type\" content=\"article\" \/>\n<meta property=\"og:title\" content=\"Dakar 2019: MRG d\u00edky Pedrerovi v prvn\u00ed dvac\u00edtce - DAKARMANIA.cz\" \/>\n<meta property=\"og:description\" content=\"Z p\u011bti \u010desk\u00fdch t\u00fdm\u016f, kter\u00e9 se \u00fa\u010dastn\u00ed Rally Dakar v kategorii motocykl\u016f, m\u00e1 po dvou etap\u00e1ch sv\u00e9ho z\u00e1stupce na nejvy\u0161\u0161\u00ed p\u0159\u00ed\u010dce pr\u016fb\u011b\u017en\u00e9ho po\u0159ad\u00ed st\u00e1j Moto Racing Group.\" \/>\n<meta property=\"og:url\" content=\"https:\/\/www.dakarmania.cz\/index.php\/2019\/01\/09\/dakar-2019-mrg-diky-pedrerovi-v-prvni-dvacitce\/\" \/>\n<meta property=\"og:site_name\" content=\"DAKARMANIA.cz\" \/>\n<meta property=\"article:publisher\" content=\"https:\/\/www.facebook.com\/dakarmania\/\" \/>\n<meta property=\"article:published_time\" content=\"2019-01-09T12:20:41+00:00\" \/>\n<meta property=\"article:modified_time\" content=\"2023-07-15T06:27:59+00:00\" \/>\n<meta property=\"og:image\" content=\"https:\/\/www.dakarmania.cz\/wp-content\/uploads\/2019\/01\/19-dakar-pedrero01.jpg\" \/>\n\t<meta property=\"og:image:width\" content=\"2048\" \/>\n\t<meta property=\"og:image:height\" content=\"1365\" \/>\n\t<meta property=\"og:image:type\" content=\"image\/jpeg\" \/>\n<meta name=\"author\" content=\"Zden\u011bk Zelenka\" \/>\n<meta name=\"twitter:card\" content=\"summary_large_image\" \/>\n<meta name=\"twitter:label1\" content=\"Napsal(a)\" \/>\n\t<meta name=\"twitter:data1\" content=\"Zden\u011bk Zelenka\" \/>\n\t<meta name=\"twitter:label2\" content=\"Odhadovan\u00e1 doba \u010dten\u00ed\" \/>\n\t<meta name=\"twitter:data2\" content=\"2 minuty\" \/>\n<script type=\"application\/ld+json\" class=\"yoast-schema-graph\">{\"@context\":\"https:\/\/schema.org\",\"@graph\":[{\"@type\":\"Article\",\"@id\":\"https:\/\/www.dakarmania.cz\/index.php\/2019\/01\/09\/dakar-2019-mrg-diky-pedrerovi-v-prvni-dvacitce\/#article\",\"isPartOf\":{\"@id\":\"https:\/\/www.dakarmania.cz\/index.php\/2019\/01\/09\/dakar-2019-mrg-diky-pedrerovi-v-prvni-dvacitce\/\"},\"author\":{\"name\":\"Zden\u011bk Zelenka\",\"@id\":\"https:\/\/www.dakarmania.cz\/#\/schema\/person\/04eb0e87a389631c2169c0dddae7ff1e\"},\"headline\":\"Dakar 2019: MRG d\u00edky Pedrerovi v prvn\u00ed dvac\u00edtce\",\"datePublished\":\"2019-01-09T12:20:41+00:00\",\"dateModified\":\"2023-07-15T06:27:59+00:00\",\"mainEntityOfPage\":{\"@id\":\"https:\/\/www.dakarmania.cz\/index.php\/2019\/01\/09\/dakar-2019-mrg-diky-pedrerovi-v-prvni-dvacitce\/\"},\"wordCount\":291,\"commentCount\":0,\"publisher\":{\"@id\":\"https:\/\/www.dakarmania.cz\/#organization\"},\"image\":{\"@id\":\"https:\/\/www.dakarmania.cz\/index.php\/2019\/01\/09\/dakar-2019-mrg-diky-pedrerovi-v-prvni-dvacitce\/#primaryimage\"},\"thumbnailUrl\":\"https:\/\/www.dakarmania.cz\/wp-content\/uploads\/2019\/01\/19-dakar-pedrero01.jpg\",\"keywords\":[\"Dakar\",\"Dakar 2019\",\"Joan Pedrero\",\"KTM\",\"Milan Engel\",\"Moto Racing Group\",\"MRG\"],\"articleSection\":[\"Moto\/Quad\",\"Rally Dakar\"],\"inLanguage\":\"cs\",\"potentialAction\":[{\"@type\":\"CommentAction\",\"name\":\"Comment\",\"target\":[\"https:\/\/www.dakarmania.cz\/index.php\/2019\/01\/09\/dakar-2019-mrg-diky-pedrerovi-v-prvni-dvacitce\/#respond\"]}]},{\"@type\":\"WebPage\",\"@id\":\"https:\/\/www.dakarmania.cz\/index.php\/2019\/01\/09\/dakar-2019-mrg-diky-pedrerovi-v-prvni-dvacitce\/\",\"url\":\"https:\/\/www.dakarmania.cz\/index.php\/2019\/01\/09\/dakar-2019-mrg-diky-pedrerovi-v-prvni-dvacitce\/\",\"name\":\"Dakar 2019: MRG d\u00edky Pedrerovi v prvn\u00ed dvac\u00edtce - DAKARMANIA.cz\",\"isPartOf\":{\"@id\":\"https:\/\/www.dakarmania.cz\/#website\"},\"primaryImageOfPage\":{\"@id\":\"https:\/\/www.dakarmania.cz\/index.php\/2019\/01\/09\/dakar-2019-mrg-diky-pedrerovi-v-prvni-dvacitce\/#primaryimage\"},\"image\":{\"@id\":\"https:\/\/www.dakarmania.cz\/index.php\/2019\/01\/09\/dakar-2019-mrg-diky-pedrerovi-v-prvni-dvacitce\/#primaryimage\"},\"thumbnailUrl\":\"https:\/\/www.dakarmania.cz\/wp-content\/uploads\/2019\/01\/19-dakar-pedrero01.jpg\",\"datePublished\":\"2019-01-09T12:20:41+00:00\",\"dateModified\":\"2023-07-15T06:27:59+00:00\",\"description\":\"Z p\u011bti \u010desk\u00fdch t\u00fdm\u016f, kter\u00e9 se \u00fa\u010dastn\u00ed Rally Dakar v kategorii motocykl\u016f, m\u00e1 po dvou etap\u00e1ch sv\u00e9ho z\u00e1stupce na nejvy\u0161\u0161\u00ed p\u0159\u00ed\u010dce pr\u016fb\u011b\u017en\u00e9ho po\u0159ad\u00ed st\u00e1j Moto Racing Group.\",\"breadcrumb\":{\"@id\":\"https:\/\/www.dakarmania.cz\/index.php\/2019\/01\/09\/dakar-2019-mrg-diky-pedrerovi-v-prvni-dvacitce\/#breadcrumb\"},\"inLanguage\":\"cs\",\"potentialAction\":[{\"@type\":\"ReadAction\",\"target\":[\"https:\/\/www.dakarmania.cz\/index.php\/2019\/01\/09\/dakar-2019-mrg-diky-pedrerovi-v-prvni-dvacitce\/\"]}]},{\"@type\":\"ImageObject\",\"inLanguage\":\"cs\",\"@id\":\"https:\/\/www.dakarmania.cz\/index.php\/2019\/01\/09\/dakar-2019-mrg-diky-pedrerovi-v-prvni-dvacitce\/#primaryimage\",\"url\":\"https:\/\/www.dakarmania.cz\/wp-content\/uploads\/2019\/01\/19-dakar-pedrero01.jpg\",\"contentUrl\":\"https:\/\/www.dakarmania.cz\/wp-content\/uploads\/2019\/01\/19-dakar-pedrero01.jpg\",\"width\":2048,\"height\":1365,\"caption\":\"Joan Pedrero, KTM 450 Rally Replica, Moto Racing Group. Rally Dakar 2019. \u00a9 MRG\"},{\"@type\":\"BreadcrumbList\",\"@id\":\"https:\/\/www.dakarmania.cz\/index.php\/2019\/01\/09\/dakar-2019-mrg-diky-pedrerovi-v-prvni-dvacitce\/#breadcrumb\",\"itemListElement\":[{\"@type\":\"ListItem\",\"position\":1,\"name\":\"Dom\u016f\",\"item\":\"https:\/\/www.dakarmania.cz\/\"},{\"@type\":\"ListItem\",\"position\":2,\"name\":\"Dakar 2019: MRG d\u00edky Pedrerovi v prvn\u00ed dvac\u00edtce\"}]},{\"@type\":\"WebSite\",\"@id\":\"https:\/\/www.dakarmania.cz\/#website\",\"url\":\"https:\/\/www.dakarmania.cz\/\",\"name\":\"DAKARMANIA.cz\",\"description\":\"\u017dijeme Dakarem cel\u00fd rok\",\"publisher\":{\"@id\":\"https:\/\/www.dakarmania.cz\/#organization\"},\"potentialAction\":[{\"@type\":\"SearchAction\",\"target\":{\"@type\":\"EntryPoint\",\"urlTemplate\":\"https:\/\/www.dakarmania.cz\/?s={search_term_string}\"},\"query-input\":{\"@type\":\"PropertyValueSpecification\",\"valueRequired\":true,\"valueName\":\"search_term_string\"}}],\"inLanguage\":\"cs\"},{\"@type\":\"Organization\",\"@id\":\"https:\/\/www.dakarmania.cz\/#organization\",\"name\":\"DAKAR MANIA\",\"url\":\"https:\/\/www.dakarmania.cz\/\",\"logo\":{\"@type\":\"ImageObject\",\"inLanguage\":\"cs\",\"@id\":\"https:\/\/www.dakarmania.cz\/#\/schema\/logo\/image\/\",\"url\":\"https:\/\/www.dakarmania.cz\/wp-content\/uploads\/2018\/12\/Dakar-Mania-Logo-Square-Orange.png\",\"contentUrl\":\"https:\/\/www.dakarmania.cz\/wp-content\/uploads\/2018\/12\/Dakar-Mania-Logo-Square-Orange.png\",\"width\":992,\"height\":992,\"caption\":\"DAKAR MANIA\"},\"image\":{\"@id\":\"https:\/\/www.dakarmania.cz\/#\/schema\/logo\/image\/\"},\"sameAs\":[\"https:\/\/www.facebook.com\/dakarmania\/\"]},{\"@type\":\"Person\",\"@id\":\"https:\/\/www.dakarmania.cz\/#\/schema\/person\/04eb0e87a389631c2169c0dddae7ff1e\",\"name\":\"Zden\u011bk Zelenka\",\"image\":{\"@type\":\"ImageObject\",\"inLanguage\":\"cs\",\"@id\":\"https:\/\/www.dakarmania.cz\/#\/schema\/person\/image\/\",\"url\":\"https:\/\/secure.gravatar.com\/avatar\/2c80d5a4942fe0900b73cc7d3837a509d6ee0a276a2b76dac95c92bd0763a89b?s=96&d=mm&r=g\",\"contentUrl\":\"https:\/\/secure.gravatar.com\/avatar\/2c80d5a4942fe0900b73cc7d3837a509d6ee0a276a2b76dac95c92bd0763a89b?s=96&d=mm&r=g\",\"caption\":\"Zden\u011bk Zelenka\"},\"description\":\"Moji d\u011bt\u0161t\u00ed hrdinov\u00e9 se jmenovali Loprais, Moskal, Neveu, Vatanen, Rahier... A tihle borci, jejich n\u00e1sledovn\u00edci a jejich p\u0159\u00edb\u011bhy m\u011b nep\u0159estali fascinovat ani po letech, kdy jsem vyrostl a zam\u011bstn\u00e1valy m\u011b jin\u00e9 discipl\u00edny motorsportu. Proto se zrodila DAKARMANIA.\",\"url\":\"https:\/\/www.dakarmania.cz\/index.php\/author\/dakarmania\/\"}]}<\/script>\n<!-- \/ Yoast SEO plugin. -->","yoast_head_json":{"title":"Dakar 2019: MRG d\u00edky Pedrerovi v prvn\u00ed dvac\u00edtce - DAKARMANIA.cz","description":"Z p\u011bti \u010desk\u00fdch t\u00fdm\u016f, kter\u00e9 se \u00fa\u010dastn\u00ed Rally Dakar v kategorii motocykl\u016f, m\u00e1 po dvou etap\u00e1ch sv\u00e9ho z\u00e1stupce na nejvy\u0161\u0161\u00ed p\u0159\u00ed\u010dce pr\u016fb\u011b\u017en\u00e9ho po\u0159ad\u00ed st\u00e1j Moto Racing Group.","robots":{"index":"index","follow":"follow","max-snippet":"max-snippet:-1","max-image-preview":"max-image-preview:large","max-video-preview":"max-video-preview:-1"},"canonical":"https:\/\/www.dakarmania.cz\/index.php\/2019\/01\/09\/dakar-2019-mrg-diky-pedrerovi-v-prvni-dvacitce\/","og_locale":"cs_CZ","og_type":"article","og_title":"Dakar 2019: MRG d\u00edky Pedrerovi v prvn\u00ed dvac\u00edtce - DAKARMANIA.cz","og_description":"Z p\u011bti \u010desk\u00fdch t\u00fdm\u016f, kter\u00e9 se \u00fa\u010dastn\u00ed Rally Dakar v kategorii motocykl\u016f, m\u00e1 po dvou etap\u00e1ch sv\u00e9ho z\u00e1stupce na nejvy\u0161\u0161\u00ed p\u0159\u00ed\u010dce pr\u016fb\u011b\u017en\u00e9ho po\u0159ad\u00ed st\u00e1j Moto Racing Group.","og_url":"https:\/\/www.dakarmania.cz\/index.php\/2019\/01\/09\/dakar-2019-mrg-diky-pedrerovi-v-prvni-dvacitce\/","og_site_name":"DAKARMANIA.cz","article_publisher":"https:\/\/www.facebook.com\/dakarmania\/","article_published_time":"2019-01-09T12:20:41+00:00","article_modified_time":"2023-07-15T06:27:59+00:00","og_image":[{"width":2048,"height":1365,"url":"https:\/\/www.dakarmania.cz\/wp-content\/uploads\/2019\/01\/19-dakar-pedrero01.jpg","type":"image\/jpeg"}],"author":"Zden\u011bk Zelenka","twitter_card":"summary_large_image","twitter_misc":{"Napsal(a)":"Zden\u011bk Zelenka","Odhadovan\u00e1 doba \u010dten\u00ed":"2 minuty"},"schema":{"@context":"https:\/\/schema.org","@graph":[{"@type":"Article","@id":"https:\/\/www.dakarmania.cz\/index.php\/2019\/01\/09\/dakar-2019-mrg-diky-pedrerovi-v-prvni-dvacitce\/#article","isPartOf":{"@id":"https:\/\/www.dakarmania.cz\/index.php\/2019\/01\/09\/dakar-2019-mrg-diky-pedrerovi-v-prvni-dvacitce\/"},"author":{"name":"Zden\u011bk Zelenka","@id":"https:\/\/www.dakarmania.cz\/#\/schema\/person\/04eb0e87a389631c2169c0dddae7ff1e"},"headline":"Dakar 2019: MRG d\u00edky Pedrerovi v prvn\u00ed dvac\u00edtce","datePublished":"2019-01-09T12:20:41+00:00","dateModified":"2023-07-15T06:27:59+00:00","mainEntityOfPage":{"@id":"https:\/\/www.dakarmania.cz\/index.php\/2019\/01\/09\/dakar-2019-mrg-diky-pedrerovi-v-prvni-dvacitce\/"},"wordCount":291,"commentCount":0,"publisher":{"@id":"https:\/\/www.dakarmania.cz\/#organization"},"image":{"@id":"https:\/\/www.dakarmania.cz\/index.php\/2019\/01\/09\/dakar-2019-mrg-diky-pedrerovi-v-prvni-dvacitce\/#primaryimage"},"thumbnailUrl":"https:\/\/www.dakarmania.cz\/wp-content\/uploads\/2019\/01\/19-dakar-pedrero01.jpg","keywords":["Dakar","Dakar 2019","Joan Pedrero","KTM","Milan Engel","Moto Racing Group","MRG"],"articleSection":["Moto\/Quad","Rally Dakar"],"inLanguage":"cs","potentialAction":[{"@type":"CommentAction","name":"Comment","target":["https:\/\/www.dakarmania.cz\/index.php\/2019\/01\/09\/dakar-2019-mrg-diky-pedrerovi-v-prvni-dvacitce\/#respond"]}]},{"@type":"WebPage","@id":"https:\/\/www.dakarmania.cz\/index.php\/2019\/01\/09\/dakar-2019-mrg-diky-pedrerovi-v-prvni-dvacitce\/","url":"https:\/\/www.dakarmania.cz\/index.php\/2019\/01\/09\/dakar-2019-mrg-diky-pedrerovi-v-prvni-dvacitce\/","name":"Dakar 2019: MRG d\u00edky Pedrerovi v prvn\u00ed dvac\u00edtce - DAKARMANIA.cz","isPartOf":{"@id":"https:\/\/www.dakarmania.cz\/#website"},"primaryImageOfPage":{"@id":"https:\/\/www.dakarmania.cz\/index.php\/2019\/01\/09\/dakar-2019-mrg-diky-pedrerovi-v-prvni-dvacitce\/#primaryimage"},"image":{"@id":"https:\/\/www.dakarmania.cz\/index.php\/2019\/01\/09\/dakar-2019-mrg-diky-pedrerovi-v-prvni-dvacitce\/#primaryimage"},"thumbnailUrl":"https:\/\/www.dakarmania.cz\/wp-content\/uploads\/2019\/01\/19-dakar-pedrero01.jpg","datePublished":"2019-01-09T12:20:41+00:00","dateModified":"2023-07-15T06:27:59+00:00","description":"Z p\u011bti \u010desk\u00fdch t\u00fdm\u016f, kter\u00e9 se \u00fa\u010dastn\u00ed Rally Dakar v kategorii motocykl\u016f, m\u00e1 po dvou etap\u00e1ch sv\u00e9ho z\u00e1stupce na nejvy\u0161\u0161\u00ed p\u0159\u00ed\u010dce pr\u016fb\u011b\u017en\u00e9ho po\u0159ad\u00ed st\u00e1j Moto Racing Group.","breadcrumb":{"@id":"https:\/\/www.dakarmania.cz\/index.php\/2019\/01\/09\/dakar-2019-mrg-diky-pedrerovi-v-prvni-dvacitce\/#breadcrumb"},"inLanguage":"cs","potentialAction":[{"@type":"ReadAction","target":["https:\/\/www.dakarmania.cz\/index.php\/2019\/01\/09\/dakar-2019-mrg-diky-pedrerovi-v-prvni-dvacitce\/"]}]},{"@type":"ImageObject","inLanguage":"cs","@id":"https:\/\/www.dakarmania.cz\/index.php\/2019\/01\/09\/dakar-2019-mrg-diky-pedrerovi-v-prvni-dvacitce\/#primaryimage","url":"https:\/\/www.dakarmania.cz\/wp-content\/uploads\/2019\/01\/19-dakar-pedrero01.jpg","contentUrl":"https:\/\/www.dakarmania.cz\/wp-content\/uploads\/2019\/01\/19-dakar-pedrero01.jpg","width":2048,"height":1365,"caption":"Joan Pedrero, KTM 450 Rally Replica, Moto Racing Group. Rally Dakar 2019. \u00a9 MRG"},{"@type":"BreadcrumbList","@id":"https:\/\/www.dakarmania.cz\/index.php\/2019\/01\/09\/dakar-2019-mrg-diky-pedrerovi-v-prvni-dvacitce\/#breadcrumb","itemListElement":[{"@type":"ListItem","position":1,"name":"Dom\u016f","item":"https:\/\/www.dakarmania.cz\/"},{"@type":"ListItem","position":2,"name":"Dakar 2019: MRG d\u00edky Pedrerovi v prvn\u00ed dvac\u00edtce"}]},{"@type":"WebSite","@id":"https:\/\/www.dakarmania.cz\/#website","url":"https:\/\/www.dakarmania.cz\/","name":"DAKARMANIA.cz","description":"\u017dijeme Dakarem cel\u00fd rok","publisher":{"@id":"https:\/\/www.dakarmania.cz\/#organization"},"potentialAction":[{"@type":"SearchAction","target":{"@type":"EntryPoint","urlTemplate":"https:\/\/www.dakarmania.cz\/?s={search_term_string}"},"query-input":{"@type":"PropertyValueSpecification","valueRequired":true,"valueName":"search_term_string"}}],"inLanguage":"cs"},{"@type":"Organization","@id":"https:\/\/www.dakarmania.cz\/#organization","name":"DAKAR MANIA","url":"https:\/\/www.dakarmania.cz\/","logo":{"@type":"ImageObject","inLanguage":"cs","@id":"https:\/\/www.dakarmania.cz\/#\/schema\/logo\/image\/","url":"https:\/\/www.dakarmania.cz\/wp-content\/uploads\/2018\/12\/Dakar-Mania-Logo-Square-Orange.png","contentUrl":"https:\/\/www.dakarmania.cz\/wp-content\/uploads\/2018\/12\/Dakar-Mania-Logo-Square-Orange.png","width":992,"height":992,"caption":"DAKAR MANIA"},"image":{"@id":"https:\/\/www.dakarmania.cz\/#\/schema\/logo\/image\/"},"sameAs":["https:\/\/www.facebook.com\/dakarmania\/"]},{"@type":"Person","@id":"https:\/\/www.dakarmania.cz\/#\/schema\/person\/04eb0e87a389631c2169c0dddae7ff1e","name":"Zden\u011bk Zelenka","image":{"@type":"ImageObject","inLanguage":"cs","@id":"https:\/\/www.dakarmania.cz\/#\/schema\/person\/image\/","url":"https:\/\/secure.gravatar.com\/avatar\/2c80d5a4942fe0900b73cc7d3837a509d6ee0a276a2b76dac95c92bd0763a89b?s=96&d=mm&r=g","contentUrl":"https:\/\/secure.gravatar.com\/avatar\/2c80d5a4942fe0900b73cc7d3837a509d6ee0a276a2b76dac95c92bd0763a89b?s=96&d=mm&r=g","caption":"Zden\u011bk Zelenka"},"description":"Moji d\u011bt\u0161t\u00ed hrdinov\u00e9 se jmenovali Loprais, Moskal, Neveu, Vatanen, Rahier... A tihle borci, jejich n\u00e1sledovn\u00edci a jejich p\u0159\u00edb\u011bhy m\u011b nep\u0159estali fascinovat ani po letech, kdy jsem vyrostl a zam\u011bstn\u00e1valy m\u011b jin\u00e9 discipl\u00edny motorsportu. Proto se zrodila DAKARMANIA.","url":"https:\/\/www.dakarmania.cz\/index.php\/author\/dakarmania\/"}]}},"amp_enabled":true,"_links":{"self":[{"href":"https:\/\/www.dakarmania.cz\/index.php\/wp-json\/wp\/v2\/posts\/1608","targetHints":{"allow":["GET"]}}],"collection":[{"href":"https:\/\/www.dakarmania.cz\/index.php\/wp-json\/wp\/v2\/posts"}],"about":[{"href":"https:\/\/www.dakarmania.cz\/index.php\/wp-json\/wp\/v2\/types\/post"}],"author":[{"embeddable":true,"href":"https:\/\/www.dakarmania.cz\/index.php\/wp-json\/wp\/v2\/users\/1"}],"replies":[{"embeddable":true,"href":"https:\/\/www.dakarmania.cz\/index.php\/wp-json\/wp\/v2\/comments?post=1608"}],"version-history":[{"count":3,"href":"https:\/\/www.dakarmania.cz\/index.php\/wp-json\/wp\/v2\/posts\/1608\/revisions"}],"predecessor-version":[{"id":27727,"href":"https:\/\/www.dakarmania.cz\/index.php\/wp-json\/wp\/v2\/posts\/1608\/revisions\/27727"}],"wp:featuredmedia":[{"embeddable":true,"href":"https:\/\/www.dakarmania.cz\/index.php\/wp-json\/wp\/v2\/media\/1607"}],"wp:attachment":[{"href":"https:\/\/www.dakarmania.cz\/index.php\/wp-json\/wp\/v2\/media?parent=1608"}],"wp:term":[{"taxonomy":"category","embeddable":true,"href":"https:\/\/www.dakarmania.cz\/index.php\/wp-json\/wp\/v2\/categories?post=1608"},{"taxonomy":"post_tag","embeddable":true,"href":"https:\/\/www.dakarmania.cz\/index.php\/wp-json\/wp\/v2\/tags?post=1608"}],"curies":[{"name":"wp","href":"https:\/\/api.w.org\/{rel}","templated":true}]}}