{"id":1615,"date":"2019-01-09T17:18:28","date_gmt":"2019-01-09T16:18:28","guid":{"rendered":"https:\/\/www.dakarmania.cz\/?p=1615"},"modified":"2019-10-30T00:12:27","modified_gmt":"2019-10-29T23:12:27","slug":"dakar-2019-de-soultrait-poprve-vyhral-etapu-vede-quintanilla","status":"publish","type":"post","link":"https:\/\/www.dakarmania.cz\/index.php\/2019\/01\/09\/dakar-2019-de-soultrait-poprve-vyhral-etapu-vede-quintanilla\/","title":{"rendered":"Dakar 2019: De Soultrait poprv\u00e9 vyhr\u00e1l etapu, vede Quintanilla"},"content":{"rendered":"<p>[vc_row][vc_column][vc_column_text]<\/p>\n<h4>Xavier de Soultrait je nov\u00fdm \u010dlenem elitn\u00edho klubu motocyklist\u016f, kte\u0159\u00ed dok\u00e1zali alespo\u0148 jednou vyhr\u00e1t n\u011bkterou z dakarsk\u00fdch etap. Tov\u00e1rn\u00ed jezdec Yamahy si hodn\u011b polep\u0161il i v pr\u016fb\u011b\u017en\u00e9m po\u0159ad\u00ed, kdy\u017e posko\u010dil ze dvan\u00e1ct\u00e9 na \u0161estou pozici. Da\u0159ilo se tak\u00e9 slovensk\u00e9mu jezdci \u0160tefanu Svitkovi.<\/h4>\n<p>Ve st\u0159edu na \u00fa\u010dastn\u00edky rally \u010dekal dal\u0161\u00ed den v p\u00edsku a dun\u00e1ch, jeho\u017e n\u00e1ro\u010dnost umoc\u0148ovalo i to, \u017ee tra\u0165 po startu od mo\u0159e vystoupala a\u017e do 2000 metr\u016f nad mo\u0159em. A na speci\u00e1lce, kter\u00e1 dnes m\u011b\u0159ila 331 kilometr\u016f, se d\u011bly velk\u00e9 v\u011bci. Pr\u016fb\u011b\u017en\u00e9 v\u00fdsledky v kategorii motocykl\u016f za\u017eily doslova zem\u011bt\u0159esen\u00ed.<\/p>\n<p>Xavier de Soultrait ztr\u00e1cel na leadera z\u00e1vodu po dvou etap\u00e1ch dvacet minut, ale dnes se rozhodl za\u00fato\u010dit. Francouz se do toho op\u0159el a od t\u0159et\u00edho pr\u016fjezdn\u00edho bodu dominoval pr\u016fb\u011b\u017en\u00e9mu hodnocen\u00ed. V jednu chv\u00edli m\u011bl a\u017e \u0161estiminutov\u00fd n\u00e1skok, kter\u00fd se sice v c\u00edli zten\u010dil na pouh\u00fdch patn\u00e1ct sekund, ale to nic nem\u011bn\u00ed na jeho skv\u011bl\u00e9m v\u00fdkonu a v\u00fdsledku.<\/p>\n<p><em>\u201eByla to drsn\u00e1 speci\u00e1lka, proto\u017ee mlha sn\u00ed\u017eila viditelnost na m\u00e9n\u011b ne\u017e dva metry,\u201c<\/em> popsal, jak\u00e9 podm\u00ednky panovaly na trati za \u010dasn\u00e9ho r\u00e1na <strong>Xavier de Soultrait<\/strong>. <em>\u201ePodle pl\u00e1nu jsem do sout\u011b\u017ee vstoupil opatrn\u011b a dnes jsem vyhr\u00e1l etapu. To je \u00fa\u017easn\u00e9. Jednalo se o prvn\u00ed naviga\u010dn\u011b skute\u010dn\u011b n\u00e1ro\u010dnou rychlostn\u00ed zkou\u0161ku, te\u010f rally doopravdy za\u010dala. Z\u00edtra n\u00e1sleduje maratonsk\u00e1 etapa. Nebude to snadn\u00e9, proto\u017ee pojedu prvn\u00ed. Douf\u00e1m, \u017ee a\u017e do dne odpo\u010dinku z\u016fstanu ve \u0161pi\u010dkov\u00e9 form\u011b.\u201c<\/em>[\/vc_column_text][vc_single_image image=&#8221;1651&#8243; img_size=&#8221;large&#8221; add_caption=&#8221;yes&#8221; alignment=&#8221;center&#8221;][vc_column_text]S druh\u00fdm m\u00edstem je dnes naprosto spokojen\u00fd Pablo Quintanilla (Husqvarna), kter\u00e9ho v\u00fdsledek katapultoval ze \u010dtvrt\u00e9ho m\u00edsta do veden\u00ed mezi motork\u00e1\u0159i.<\/p>\n<p><em>\u201eByla to velice z\u00e1ludn\u00e1 speci\u00e1lka,\u201c<\/em> hodnotil <strong>Pablo Quintanilla<\/strong>. <em>\u201eR\u00e1no jsme startovali v mlze. Ve zr\u00e1dn\u00fdch \u00fasec\u00edch jsem trochu zvolnil, sna\u017eil jsem se dr\u017eet spr\u00e1vn\u00fd sm\u011br a naj\u00edt v\u0161echny pr\u016fjezdn\u00ed body. Zd\u00e1 se, \u017ee jsem etapu zajel docela dob\u0159e. P\u0159ed dotankov\u00e1n\u00ed jsem byl vp\u0159edu, ale po n\u011bm jsem se rozhodl jet bez zbyte\u010dn\u00e9ho riskov\u00e1n\u00ed. Maxim\u00e1ln\u011b jsem se soust\u0159edil na itiner\u00e1\u0159 a navigaci.\u201c<\/em><\/p>\n<p>Jedin\u00fdm dal\u0161\u00edm jezdcem, kter\u00fd dok\u00e1zal s touto dvojic\u00ed dr\u017eet krok, byl Kevin Benavides. Tov\u00e1rn\u00ed jezdec Hondy byl na speci\u00e1lce o dv\u011b a p\u016fl minuty pomalej\u0161\u00ed ne\u017e De Soultrait a v celkov\u00e9 klasifikaci vy\u0161plhal z osm\u00e9ho na druh\u00e9 m\u00edsto za Quintanillu, na n\u011bho\u017e ztr\u00e1c\u00ed jeden\u00e1ct minut a 23 sekund.[\/vc_column_text][vc_single_image image=&#8221;1652&#8243; img_size=&#8221;large&#8221; add_caption=&#8221;yes&#8221; alignment=&#8221;center&#8221;][vc_column_text]Ve druh\u00e9 polovin\u011b prvn\u00ed des\u00edtky se dnes po celou dobu dr\u017eel \u0160tefan Svitko se soukromou KTM. V c\u00edli z toho bylo sedm\u00e9 m\u00edsto v etap\u011b a postup na jeden\u00e1ctou p\u0159\u00ed\u010dku absolutn\u011b. Od Quintanillova t\u00fdmov\u00e9ho kolegy Andrewa Shorta, jen\u017e je zat\u00edm des\u00e1t\u00fd, d\u011bl\u00ed slovensk\u00e9ho z\u00e1vodn\u00edka necel\u00e9 t\u0159i minuty.<\/p>\n<p>Dosavadn\u00ed leader Joan Barreda se dostal do probl\u00e9m\u016f na 143. kilometru, kdy sjel ze spr\u00e1vn\u00e9 trasy a uv\u00edzl ve \u0161patn\u011b pr\u016fjezdn\u00e9m ter\u00e9nu. \u0160pan\u011bl nedok\u00e1zal svou Hondu vyprostit a rozhodl se ze sout\u011b\u017ee odstoupit.<\/p>\n<p><em>\u201eJsem stra\u0161n\u011b zklaman\u00fd. Za\u010dal jsem skv\u011ble, c\u00edtil se siln\u00fd, \u00fato\u010dil jsem a doh\u00e1n\u011bl jezdce, kte\u0159\u00ed startovali p\u0159ede mnou,\u201c<\/em> rekapituloval <strong>Joan Barreda<\/strong>. <em>\u201ePak jsem dojel na vrcholek, kde byla hust\u00e1 mlha, a vydal jsem se dol\u016f \u0161patnou cestou. Mimo\u0159\u00e1dn\u011b to klouzalo, nebylo mo\u017en\u00e9 vr\u00e1tit se zp\u011bt. Dole jsem se sna\u017eil naj\u00edt \u0159e\u0161en\u00ed, ale \u017e\u00e1dn\u00e9 jsem nena\u0161el. Nebylo \u017e\u00e1dn\u00e9 cesty zp\u011bt.\u201c<\/em><\/p>\n<p>V\u00edt\u011bz \u00fatern\u00ed etapy Matthias Walkner dnes vyr\u00e1\u017eel na tra\u0165 jako prvn\u00ed a tato pozice mu p\u0159\u00edli\u0161 nesedla. Tov\u00e1rn\u00ed jezdec KTM zabloudil, ztratil v\u00edce ne\u017e 23 minut a v celkov\u00e9m po\u0159ad\u00ed klesl na osmou pozici.[\/vc_column_text][vc_single_image image=&#8221;1654&#8243; img_size=&#8221;large&#8221; add_caption=&#8221;yes&#8221; alignment=&#8221;center&#8221;][vc_column_text]Jen o p\u0159\u00ed\u010dku v\u00fd\u0161 je po t\u0159et\u00ed etap\u011b Ricky Brabec, jen\u017e je\u0161t\u011b v\u010dera dr\u017eel t\u0159et\u00ed m\u00edsto. Ameri\u010dan ale nedok\u00e1zal vyu\u017e\u00edt chyby t\u00fdmov\u00e9ho kolegy od Hondy, ani Raku\u0161anova zav\u00e1h\u00e1n\u00ed. Naopak. Vydal se ve Walknerov\u00fdch stop\u00e1ch a v hodnocen\u00ed etapy se ani on neve\u0161el do prvn\u00ed des\u00edtky.<\/p>\n<p>Po\u0159ad\u00edm vzh\u016fru stoupali dnes jin\u00ed. Adrien Van Beveren v prvn\u00edch dvou etap\u00e1ch nejsp\u00ed\u0161 tak\u00e9 dodr\u017eoval t\u00fdmovou strategii a dr\u017eel se trochu zp\u00e1tky, ov\u0161em dnes jel &#8211; stejn\u011b jako t\u00fdmov\u00fd kolega De Soultrait &#8211; speci\u00e1lku naplno. Tov\u00e1rn\u00ed jezdec Yamahy zaznamenal \u010dtvrt\u00fd nejrychlej\u0161\u00ed \u010das a \u010dtvrt\u00fd je i celkov\u011b.<\/p>\n<p>Na t\u0159et\u00edho Sama Sunderlanda nav\u00edc ztr\u00e1c\u00ed jen necelou minutu. Brit dojel ve st\u0159edu p\u00e1t\u00fd a jak v etap\u011b, tak v celkov\u00e9m hodnocen\u00ed je nejlep\u0161\u00edm ze z\u00e1vodn\u00edku tov\u00e1rn\u00ed st\u00e1je KTM.[\/vc_column_text][vc_single_image image=&#8221;1653&#8243; img_size=&#8221;large&#8221; add_caption=&#8221;yes&#8221; alignment=&#8221;center&#8221;][vc_column_text]Da\u0159ilo se Skyleru Howesovi, jen\u017e s Husqvarnou h\u00e1j\u00ed barvy t\u00fdmu Klym\u010diw Racing. Mlad\u00fd Ameri\u010dan byl dnes sedmn\u00e1ct\u00fd a pr\u016fb\u011b\u017en\u011b tak posko\u010dil z 36. na 21. m\u00edsto. Mezi nov\u00e1\u010dky je druh\u00fd.<\/p>\n<p>Opa\u010dn\u00fdm sm\u011brem putoval v celkov\u00e9m hodnocen\u00ed Jan Brabec, kter\u00fd dnes ztratil hodinu a klesl na 24. pozici. Jezdec t\u00fdmu Big Shock Racing je nad\u00e1le nejlep\u0161\u00ed z \u010desk\u00fdch motocyklist\u016f.<\/p>\n<p>Ze sout\u011b\u017ee dnes kv\u016fli poru\u0161e sv\u00e9 KTM odstoupil Joan Pedrero jedouc\u00ed za \u010desk\u00fd t\u00fdm Moto Racing Group. Po prvn\u00edch dvou etap\u00e1ch byl \u0160pan\u011bl dvac\u00e1t\u00fd.<\/p>\n<p>Ve \u010dtvrtek 10. ledna je na programu prvn\u00ed \u010d\u00e1st maratonsk\u00e9 etapy. Ve\u010der v bivaku se z\u00e1vodn\u00edci budou muset obej\u00edt bez asistence sv\u00fdch mechanik\u016f. Startovn\u00ed pole se rozd\u011bl\u00ed do dvou skupin. Motocyklist\u00e9 a \u010dty\u0159kolk\u00e1\u0159i zam\u00ed\u0159\u00ed do Moqueguy, kde tak\u00e9 p\u0159enocuj\u00ed. Cestou z Arequipy na n\u011b \u010dek\u00e1 celkem 511 kilometr\u016f, z nich\u017e 405 absolvuj\u00ed v r\u00e1mci rychlostn\u00ed zkou\u0161ky.[\/vc_column_text][vc_column_text]<\/p>\n<table style=\"width: 97.7654%;\" rules=\"rows\" cellpadding=\"4px\">\n<tbody>\n<tr style=\"background-color: #9e9d9d; color: white;\">\n<td style=\"text-align: center;\" colspan=\"4\"><span style=\"font-size: 10pt;\"><strong>Rally Dakar 2019 &#8211; MOTOCYKLY po 3. etap\u011b<\/strong><\/span><\/td>\n<\/tr>\n<tr style=\"background-color: #dbd9d9;\">\n<td>1.<\/td>\n<td>Pablo Quintanilla<\/td>\n<td>Husqvarna<\/td>\n<td>8:34:28<\/td>\n<\/tr>\n<tr style=\"background-color: #f2f2f2;\">\n<td>2.<\/td>\n<td>Kevin Benavides<\/td>\n<td>Honda<\/td>\n<td>+11:23<\/td>\n<\/tr>\n<tr style=\"background-color: #dbd9d9;\">\n<td>3.<\/td>\n<td>Sam Sunderland<\/td>\n<td>KTM<\/td>\n<td>+12:12<\/td>\n<\/tr>\n<tr style=\"background-color: #f2f2f2;\">\n<td>4.<\/td>\n<td>Adrien Van Beveren<\/td>\n<td>Yamaha<\/td>\n<td>+13:29<\/td>\n<\/tr>\n<tr style=\"background-color: #dbd9d9;\">\n<td>5.<\/td>\n<td>Toby Price<\/td>\n<td>KTM<\/td>\n<td>+15:17<\/td>\n<\/tr>\n<tr style=\"background-color: #f2f2f2;\">\n<td>6.<\/td>\n<td>Xavier de Soultrait<\/td>\n<td>Yamaha<\/td>\n<td>+16:52<\/td>\n<\/tr>\n<tr style=\"background-color: #dbd9d9;\">\n<td>7.<\/td>\n<td>Ricky Brabec<\/td>\n<td>Honda<\/td>\n<td>+18:02<\/td>\n<\/tr>\n<tr style=\"background-color: #f2f2f2;\">\n<td>8.<\/td>\n<td>Matthias Walkner<\/td>\n<td>KTM<\/td>\n<td>+21:14<\/td>\n<\/tr>\n<tr style=\"background-color: #dbd9d9;\">\n<td>9.<\/td>\n<td>Paulo Gon\u00e7alves<\/td>\n<td>Honda<\/td>\n<td>+25:11<\/td>\n<\/tr>\n<tr style=\"background-color: #f2f2f2;\">\n<td>10.<\/td>\n<td>Andrew Short<\/td>\n<td>Husqvarna<\/td>\n<td>+29:15<\/td>\n<\/tr>\n<tr style=\"background-color: #dbd9d9;\">\n<td>11.<\/td>\n<td>\u0160tefan Svitko<\/td>\n<td>KTM<\/td>\n<td>+32:01<\/td>\n<\/tr>\n<tr style=\"background-color: #f2f2f2;\">\n<td>21.<\/td>\n<td>Skyler Howes<\/td>\n<td>Husqvarna<\/td>\n<td>+1:24:56<\/td>\n<\/tr>\n<tr style=\"background-color: #dbd9d9;\">\n<td>24.<\/td>\n<td>Jan Brabec<\/td>\n<td>Husqvarna<\/td>\n<td>+1:37:22<\/td>\n<\/tr>\n<tr style=\"background-color: #f2f2f2;\">\n<td>35.<\/td>\n<td>Milan Engel<\/td>\n<td>KTM<\/td>\n<td>+2:17:26<\/td>\n<\/tr>\n<tr style=\"background-color: #dbd9d9;\">\n<td>56.<\/td>\n<td>Ivan Jake\u0161<\/td>\n<td>KTM<\/td>\n<td>+3:36:30<\/td>\n<\/tr>\n<tr style=\"background-color: #f2f2f2;\">\n<td>86.<\/td>\n<td>Jan Vesel\u00fd<\/td>\n<td>Husqvarna<\/td>\n<td>+4:57:25<\/td>\n<\/tr>\n<tr style=\"background-color: #dbd9d9;\">\n<td>89.<\/td>\n<td>Petr Vl\u010dek<\/td>\n<td>KTM<\/td>\n<td>+5:05:53<\/td>\n<\/tr>\n<tr style=\"background-color: #f2f2f2;\">\n<td>105.<\/td>\n<td>Gabriela Novotn\u00e1<\/td>\n<td>Husqvarna<\/td>\n<td>+7:00:39<\/td>\n<\/tr>\n<tr style=\"background-color: #dbd9d9;\">\n<td>111.<\/td>\n<td>Gee Motzkin<\/td>\n<td>Husqvarna<\/td>\n<td>+7:31:01<\/td>\n<\/tr>\n<\/tbody>\n<\/table>\n<p>[\/vc_column_text][\/vc_column][\/vc_row]<\/p>\n","protected":false},"excerpt":{"rendered":"<p>Xavier de Soultrait je nov\u00fdm \u010dlenem elitn\u00edho klubu motocyklist\u016f, kte\u0159\u00ed dok\u00e1zali alespo\u0148 jednou vyhr\u00e1t n\u011bkterou z dakarsk\u00fdch etap.<\/p>\n","protected":false},"author":1,"featured_media":1614,"comment_status":"open","ping_status":"closed","sticky":false,"template":"","format":"standard","meta":{"footnotes":""},"categories":[15,2],"tags":[8,9,129,64,761,63,215,216,214,168],"class_list":["post-1615","post","type-post","status-publish","format-standard","has-post-thumbnail","hentry","category-moto-quad","category-dakar","tag-dakar","tag-dakar-2019","tag-honda","tag-husqvarna","tag-joan-barreda","tag-ktm","tag-pablo-quintanilla","tag-stefan-svitko","tag-xavier-de-soultrait","tag-yamaha"],"yoast_head":"<!-- This site is optimized with the Yoast SEO plugin v24.9 - https:\/\/yoast.com\/wordpress\/plugins\/seo\/ -->\n<title>Dakar 2019: De Soultrait poprv\u00e9 vyhr\u00e1l etapu, vede Quintanilla - DAKARMANIA.cz<\/title>\n<meta name=\"description\" content=\"Xavier de Soultrait je nov\u00fdm \u010dlenem elitn\u00edho klubu motocyklist\u016f, kte\u0159\u00ed dok\u00e1zali alespo\u0148 jednou vyhr\u00e1t n\u011bkterou z dakarsk\u00fdch etap.\" \/>\n<meta name=\"robots\" content=\"index, follow, max-snippet:-1, max-image-preview:large, max-video-preview:-1\" \/>\n<link rel=\"canonical\" href=\"https:\/\/www.dakarmania.cz\/index.php\/2019\/01\/09\/dakar-2019-de-soultrait-poprve-vyhral-etapu-vede-quintanilla\/\" \/>\n<meta property=\"og:locale\" content=\"cs_CZ\" \/>\n<meta property=\"og:type\" content=\"article\" \/>\n<meta property=\"og:title\" content=\"Dakar 2019: De Soultrait poprv\u00e9 vyhr\u00e1l etapu, vede Quintanilla - DAKARMANIA.cz\" \/>\n<meta property=\"og:description\" content=\"Xavier de Soultrait je nov\u00fdm \u010dlenem elitn\u00edho klubu motocyklist\u016f, kte\u0159\u00ed dok\u00e1zali alespo\u0148 jednou vyhr\u00e1t n\u011bkterou z dakarsk\u00fdch etap.\" \/>\n<meta property=\"og:url\" content=\"https:\/\/www.dakarmania.cz\/index.php\/2019\/01\/09\/dakar-2019-de-soultrait-poprve-vyhral-etapu-vede-quintanilla\/\" \/>\n<meta property=\"og:site_name\" content=\"DAKARMANIA.cz\" \/>\n<meta property=\"article:publisher\" content=\"https:\/\/www.facebook.com\/dakarmania\/\" \/>\n<meta property=\"article:published_time\" content=\"2019-01-09T16:18:28+00:00\" \/>\n<meta property=\"article:modified_time\" content=\"2019-10-29T23:12:27+00:00\" \/>\n<meta property=\"og:image\" content=\"https:\/\/www.dakarmania.cz\/wp-content\/uploads\/2019\/01\/19-dakar-de-soultrait01.jpg\" \/>\n\t<meta property=\"og:image:width\" content=\"2048\" \/>\n\t<meta property=\"og:image:height\" content=\"1365\" \/>\n\t<meta property=\"og:image:type\" content=\"image\/jpeg\" \/>\n<meta name=\"author\" content=\"Zden\u011bk Zelenka\" \/>\n<meta name=\"twitter:card\" content=\"summary_large_image\" \/>\n<meta name=\"twitter:label1\" content=\"Napsal(a)\" \/>\n\t<meta name=\"twitter:data1\" content=\"Zden\u011bk Zelenka\" \/>\n\t<meta name=\"twitter:label2\" content=\"Odhadovan\u00e1 doba \u010dten\u00ed\" \/>\n\t<meta name=\"twitter:data2\" content=\"6 minut\" \/>\n<script type=\"application\/ld+json\" class=\"yoast-schema-graph\">{\"@context\":\"https:\/\/schema.org\",\"@graph\":[{\"@type\":\"Article\",\"@id\":\"https:\/\/www.dakarmania.cz\/index.php\/2019\/01\/09\/dakar-2019-de-soultrait-poprve-vyhral-etapu-vede-quintanilla\/#article\",\"isPartOf\":{\"@id\":\"https:\/\/www.dakarmania.cz\/index.php\/2019\/01\/09\/dakar-2019-de-soultrait-poprve-vyhral-etapu-vede-quintanilla\/\"},\"author\":{\"name\":\"Zden\u011bk Zelenka\",\"@id\":\"https:\/\/www.dakarmania.cz\/#\/schema\/person\/04eb0e87a389631c2169c0dddae7ff1e\"},\"headline\":\"Dakar 2019: De Soultrait poprv\u00e9 vyhr\u00e1l etapu, vede Quintanilla\",\"datePublished\":\"2019-01-09T16:18:28+00:00\",\"dateModified\":\"2019-10-29T23:12:27+00:00\",\"mainEntityOfPage\":{\"@id\":\"https:\/\/www.dakarmania.cz\/index.php\/2019\/01\/09\/dakar-2019-de-soultrait-poprve-vyhral-etapu-vede-quintanilla\/\"},\"wordCount\":1196,\"commentCount\":0,\"publisher\":{\"@id\":\"https:\/\/www.dakarmania.cz\/#organization\"},\"image\":{\"@id\":\"https:\/\/www.dakarmania.cz\/index.php\/2019\/01\/09\/dakar-2019-de-soultrait-poprve-vyhral-etapu-vede-quintanilla\/#primaryimage\"},\"thumbnailUrl\":\"https:\/\/www.dakarmania.cz\/wp-content\/uploads\/2019\/01\/19-dakar-de-soultrait01.jpg\",\"keywords\":[\"Dakar\",\"Dakar 2019\",\"Honda\",\"Husqvarna\",\"Joan Barreda\",\"KTM\",\"Pablo Quintanilla\",\"\u0160tefan Svitko\",\"Xavier de Soultrait\",\"Yamaha\"],\"articleSection\":[\"Moto\/Quad\",\"Rally Dakar\"],\"inLanguage\":\"cs\",\"potentialAction\":[{\"@type\":\"CommentAction\",\"name\":\"Comment\",\"target\":[\"https:\/\/www.dakarmania.cz\/index.php\/2019\/01\/09\/dakar-2019-de-soultrait-poprve-vyhral-etapu-vede-quintanilla\/#respond\"]}]},{\"@type\":\"WebPage\",\"@id\":\"https:\/\/www.dakarmania.cz\/index.php\/2019\/01\/09\/dakar-2019-de-soultrait-poprve-vyhral-etapu-vede-quintanilla\/\",\"url\":\"https:\/\/www.dakarmania.cz\/index.php\/2019\/01\/09\/dakar-2019-de-soultrait-poprve-vyhral-etapu-vede-quintanilla\/\",\"name\":\"Dakar 2019: De Soultrait poprv\u00e9 vyhr\u00e1l etapu, vede Quintanilla - DAKARMANIA.cz\",\"isPartOf\":{\"@id\":\"https:\/\/www.dakarmania.cz\/#website\"},\"primaryImageOfPage\":{\"@id\":\"https:\/\/www.dakarmania.cz\/index.php\/2019\/01\/09\/dakar-2019-de-soultrait-poprve-vyhral-etapu-vede-quintanilla\/#primaryimage\"},\"image\":{\"@id\":\"https:\/\/www.dakarmania.cz\/index.php\/2019\/01\/09\/dakar-2019-de-soultrait-poprve-vyhral-etapu-vede-quintanilla\/#primaryimage\"},\"thumbnailUrl\":\"https:\/\/www.dakarmania.cz\/wp-content\/uploads\/2019\/01\/19-dakar-de-soultrait01.jpg\",\"datePublished\":\"2019-01-09T16:18:28+00:00\",\"dateModified\":\"2019-10-29T23:12:27+00:00\",\"description\":\"Xavier de Soultrait je nov\u00fdm \u010dlenem elitn\u00edho klubu motocyklist\u016f, kte\u0159\u00ed dok\u00e1zali alespo\u0148 jednou vyhr\u00e1t n\u011bkterou z dakarsk\u00fdch etap.\",\"breadcrumb\":{\"@id\":\"https:\/\/www.dakarmania.cz\/index.php\/2019\/01\/09\/dakar-2019-de-soultrait-poprve-vyhral-etapu-vede-quintanilla\/#breadcrumb\"},\"inLanguage\":\"cs\",\"potentialAction\":[{\"@type\":\"ReadAction\",\"target\":[\"https:\/\/www.dakarmania.cz\/index.php\/2019\/01\/09\/dakar-2019-de-soultrait-poprve-vyhral-etapu-vede-quintanilla\/\"]}]},{\"@type\":\"ImageObject\",\"inLanguage\":\"cs\",\"@id\":\"https:\/\/www.dakarmania.cz\/index.php\/2019\/01\/09\/dakar-2019-de-soultrait-poprve-vyhral-etapu-vede-quintanilla\/#primaryimage\",\"url\":\"https:\/\/www.dakarmania.cz\/wp-content\/uploads\/2019\/01\/19-dakar-de-soultrait01.jpg\",\"contentUrl\":\"https:\/\/www.dakarmania.cz\/wp-content\/uploads\/2019\/01\/19-dakar-de-soultrait01.jpg\",\"width\":2048,\"height\":1365,\"caption\":\"Xavier de Soultrait, Yamaha WR450F Rally, Yamalube Yamaha Rally Team. Rally Dakar 2019. \u00a9 Yamaha Racing\"},{\"@type\":\"BreadcrumbList\",\"@id\":\"https:\/\/www.dakarmania.cz\/index.php\/2019\/01\/09\/dakar-2019-de-soultrait-poprve-vyhral-etapu-vede-quintanilla\/#breadcrumb\",\"itemListElement\":[{\"@type\":\"ListItem\",\"position\":1,\"name\":\"Dom\u016f\",\"item\":\"https:\/\/www.dakarmania.cz\/\"},{\"@type\":\"ListItem\",\"position\":2,\"name\":\"Dakar 2019: De Soultrait poprv\u00e9 vyhr\u00e1l etapu, vede Quintanilla\"}]},{\"@type\":\"WebSite\",\"@id\":\"https:\/\/www.dakarmania.cz\/#website\",\"url\":\"https:\/\/www.dakarmania.cz\/\",\"name\":\"DAKARMANIA.cz\",\"description\":\"\u017dijeme Dakarem cel\u00fd rok\",\"publisher\":{\"@id\":\"https:\/\/www.dakarmania.cz\/#organization\"},\"potentialAction\":[{\"@type\":\"SearchAction\",\"target\":{\"@type\":\"EntryPoint\",\"urlTemplate\":\"https:\/\/www.dakarmania.cz\/?s={search_term_string}\"},\"query-input\":{\"@type\":\"PropertyValueSpecification\",\"valueRequired\":true,\"valueName\":\"search_term_string\"}}],\"inLanguage\":\"cs\"},{\"@type\":\"Organization\",\"@id\":\"https:\/\/www.dakarmania.cz\/#organization\",\"name\":\"DAKAR MANIA\",\"url\":\"https:\/\/www.dakarmania.cz\/\",\"logo\":{\"@type\":\"ImageObject\",\"inLanguage\":\"cs\",\"@id\":\"https:\/\/www.dakarmania.cz\/#\/schema\/logo\/image\/\",\"url\":\"https:\/\/www.dakarmania.cz\/wp-content\/uploads\/2018\/12\/Dakar-Mania-Logo-Square-Orange.png\",\"contentUrl\":\"https:\/\/www.dakarmania.cz\/wp-content\/uploads\/2018\/12\/Dakar-Mania-Logo-Square-Orange.png\",\"width\":992,\"height\":992,\"caption\":\"DAKAR MANIA\"},\"image\":{\"@id\":\"https:\/\/www.dakarmania.cz\/#\/schema\/logo\/image\/\"},\"sameAs\":[\"https:\/\/www.facebook.com\/dakarmania\/\"]},{\"@type\":\"Person\",\"@id\":\"https:\/\/www.dakarmania.cz\/#\/schema\/person\/04eb0e87a389631c2169c0dddae7ff1e\",\"name\":\"Zden\u011bk Zelenka\",\"image\":{\"@type\":\"ImageObject\",\"inLanguage\":\"cs\",\"@id\":\"https:\/\/www.dakarmania.cz\/#\/schema\/person\/image\/\",\"url\":\"https:\/\/secure.gravatar.com\/avatar\/2c80d5a4942fe0900b73cc7d3837a509d6ee0a276a2b76dac95c92bd0763a89b?s=96&d=mm&r=g\",\"contentUrl\":\"https:\/\/secure.gravatar.com\/avatar\/2c80d5a4942fe0900b73cc7d3837a509d6ee0a276a2b76dac95c92bd0763a89b?s=96&d=mm&r=g\",\"caption\":\"Zden\u011bk Zelenka\"},\"description\":\"Moji d\u011bt\u0161t\u00ed hrdinov\u00e9 se jmenovali Loprais, Moskal, Neveu, Vatanen, Rahier... A tihle borci, jejich n\u00e1sledovn\u00edci a jejich p\u0159\u00edb\u011bhy m\u011b nep\u0159estali fascinovat ani po letech, kdy jsem vyrostl a zam\u011bstn\u00e1valy m\u011b jin\u00e9 discipl\u00edny motorsportu. Proto se zrodila DAKARMANIA.\",\"url\":\"https:\/\/www.dakarmania.cz\/index.php\/author\/dakarmania\/\"}]}<\/script>\n<!-- \/ Yoast SEO plugin. -->","yoast_head_json":{"title":"Dakar 2019: De Soultrait poprv\u00e9 vyhr\u00e1l etapu, vede Quintanilla - DAKARMANIA.cz","description":"Xavier de Soultrait je nov\u00fdm \u010dlenem elitn\u00edho klubu motocyklist\u016f, kte\u0159\u00ed dok\u00e1zali alespo\u0148 jednou vyhr\u00e1t n\u011bkterou z dakarsk\u00fdch etap.","robots":{"index":"index","follow":"follow","max-snippet":"max-snippet:-1","max-image-preview":"max-image-preview:large","max-video-preview":"max-video-preview:-1"},"canonical":"https:\/\/www.dakarmania.cz\/index.php\/2019\/01\/09\/dakar-2019-de-soultrait-poprve-vyhral-etapu-vede-quintanilla\/","og_locale":"cs_CZ","og_type":"article","og_title":"Dakar 2019: De Soultrait poprv\u00e9 vyhr\u00e1l etapu, vede Quintanilla - DAKARMANIA.cz","og_description":"Xavier de Soultrait je nov\u00fdm \u010dlenem elitn\u00edho klubu motocyklist\u016f, kte\u0159\u00ed dok\u00e1zali alespo\u0148 jednou vyhr\u00e1t n\u011bkterou z dakarsk\u00fdch etap.","og_url":"https:\/\/www.dakarmania.cz\/index.php\/2019\/01\/09\/dakar-2019-de-soultrait-poprve-vyhral-etapu-vede-quintanilla\/","og_site_name":"DAKARMANIA.cz","article_publisher":"https:\/\/www.facebook.com\/dakarmania\/","article_published_time":"2019-01-09T16:18:28+00:00","article_modified_time":"2019-10-29T23:12:27+00:00","og_image":[{"width":2048,"height":1365,"url":"https:\/\/www.dakarmania.cz\/wp-content\/uploads\/2019\/01\/19-dakar-de-soultrait01.jpg","type":"image\/jpeg"}],"author":"Zden\u011bk Zelenka","twitter_card":"summary_large_image","twitter_misc":{"Napsal(a)":"Zden\u011bk Zelenka","Odhadovan\u00e1 doba \u010dten\u00ed":"6 minut"},"schema":{"@context":"https:\/\/schema.org","@graph":[{"@type":"Article","@id":"https:\/\/www.dakarmania.cz\/index.php\/2019\/01\/09\/dakar-2019-de-soultrait-poprve-vyhral-etapu-vede-quintanilla\/#article","isPartOf":{"@id":"https:\/\/www.dakarmania.cz\/index.php\/2019\/01\/09\/dakar-2019-de-soultrait-poprve-vyhral-etapu-vede-quintanilla\/"},"author":{"name":"Zden\u011bk Zelenka","@id":"https:\/\/www.dakarmania.cz\/#\/schema\/person\/04eb0e87a389631c2169c0dddae7ff1e"},"headline":"Dakar 2019: De Soultrait poprv\u00e9 vyhr\u00e1l etapu, vede Quintanilla","datePublished":"2019-01-09T16:18:28+00:00","dateModified":"2019-10-29T23:12:27+00:00","mainEntityOfPage":{"@id":"https:\/\/www.dakarmania.cz\/index.php\/2019\/01\/09\/dakar-2019-de-soultrait-poprve-vyhral-etapu-vede-quintanilla\/"},"wordCount":1196,"commentCount":0,"publisher":{"@id":"https:\/\/www.dakarmania.cz\/#organization"},"image":{"@id":"https:\/\/www.dakarmania.cz\/index.php\/2019\/01\/09\/dakar-2019-de-soultrait-poprve-vyhral-etapu-vede-quintanilla\/#primaryimage"},"thumbnailUrl":"https:\/\/www.dakarmania.cz\/wp-content\/uploads\/2019\/01\/19-dakar-de-soultrait01.jpg","keywords":["Dakar","Dakar 2019","Honda","Husqvarna","Joan Barreda","KTM","Pablo Quintanilla","\u0160tefan Svitko","Xavier de Soultrait","Yamaha"],"articleSection":["Moto\/Quad","Rally Dakar"],"inLanguage":"cs","potentialAction":[{"@type":"CommentAction","name":"Comment","target":["https:\/\/www.dakarmania.cz\/index.php\/2019\/01\/09\/dakar-2019-de-soultrait-poprve-vyhral-etapu-vede-quintanilla\/#respond"]}]},{"@type":"WebPage","@id":"https:\/\/www.dakarmania.cz\/index.php\/2019\/01\/09\/dakar-2019-de-soultrait-poprve-vyhral-etapu-vede-quintanilla\/","url":"https:\/\/www.dakarmania.cz\/index.php\/2019\/01\/09\/dakar-2019-de-soultrait-poprve-vyhral-etapu-vede-quintanilla\/","name":"Dakar 2019: De Soultrait poprv\u00e9 vyhr\u00e1l etapu, vede Quintanilla - DAKARMANIA.cz","isPartOf":{"@id":"https:\/\/www.dakarmania.cz\/#website"},"primaryImageOfPage":{"@id":"https:\/\/www.dakarmania.cz\/index.php\/2019\/01\/09\/dakar-2019-de-soultrait-poprve-vyhral-etapu-vede-quintanilla\/#primaryimage"},"image":{"@id":"https:\/\/www.dakarmania.cz\/index.php\/2019\/01\/09\/dakar-2019-de-soultrait-poprve-vyhral-etapu-vede-quintanilla\/#primaryimage"},"thumbnailUrl":"https:\/\/www.dakarmania.cz\/wp-content\/uploads\/2019\/01\/19-dakar-de-soultrait01.jpg","datePublished":"2019-01-09T16:18:28+00:00","dateModified":"2019-10-29T23:12:27+00:00","description":"Xavier de Soultrait je nov\u00fdm \u010dlenem elitn\u00edho klubu motocyklist\u016f, kte\u0159\u00ed dok\u00e1zali alespo\u0148 jednou vyhr\u00e1t n\u011bkterou z dakarsk\u00fdch etap.","breadcrumb":{"@id":"https:\/\/www.dakarmania.cz\/index.php\/2019\/01\/09\/dakar-2019-de-soultrait-poprve-vyhral-etapu-vede-quintanilla\/#breadcrumb"},"inLanguage":"cs","potentialAction":[{"@type":"ReadAction","target":["https:\/\/www.dakarmania.cz\/index.php\/2019\/01\/09\/dakar-2019-de-soultrait-poprve-vyhral-etapu-vede-quintanilla\/"]}]},{"@type":"ImageObject","inLanguage":"cs","@id":"https:\/\/www.dakarmania.cz\/index.php\/2019\/01\/09\/dakar-2019-de-soultrait-poprve-vyhral-etapu-vede-quintanilla\/#primaryimage","url":"https:\/\/www.dakarmania.cz\/wp-content\/uploads\/2019\/01\/19-dakar-de-soultrait01.jpg","contentUrl":"https:\/\/www.dakarmania.cz\/wp-content\/uploads\/2019\/01\/19-dakar-de-soultrait01.jpg","width":2048,"height":1365,"caption":"Xavier de Soultrait, Yamaha WR450F Rally, Yamalube Yamaha Rally Team. Rally Dakar 2019. \u00a9 Yamaha Racing"},{"@type":"BreadcrumbList","@id":"https:\/\/www.dakarmania.cz\/index.php\/2019\/01\/09\/dakar-2019-de-soultrait-poprve-vyhral-etapu-vede-quintanilla\/#breadcrumb","itemListElement":[{"@type":"ListItem","position":1,"name":"Dom\u016f","item":"https:\/\/www.dakarmania.cz\/"},{"@type":"ListItem","position":2,"name":"Dakar 2019: De Soultrait poprv\u00e9 vyhr\u00e1l etapu, vede Quintanilla"}]},{"@type":"WebSite","@id":"https:\/\/www.dakarmania.cz\/#website","url":"https:\/\/www.dakarmania.cz\/","name":"DAKARMANIA.cz","description":"\u017dijeme Dakarem cel\u00fd rok","publisher":{"@id":"https:\/\/www.dakarmania.cz\/#organization"},"potentialAction":[{"@type":"SearchAction","target":{"@type":"EntryPoint","urlTemplate":"https:\/\/www.dakarmania.cz\/?s={search_term_string}"},"query-input":{"@type":"PropertyValueSpecification","valueRequired":true,"valueName":"search_term_string"}}],"inLanguage":"cs"},{"@type":"Organization","@id":"https:\/\/www.dakarmania.cz\/#organization","name":"DAKAR MANIA","url":"https:\/\/www.dakarmania.cz\/","logo":{"@type":"ImageObject","inLanguage":"cs","@id":"https:\/\/www.dakarmania.cz\/#\/schema\/logo\/image\/","url":"https:\/\/www.dakarmania.cz\/wp-content\/uploads\/2018\/12\/Dakar-Mania-Logo-Square-Orange.png","contentUrl":"https:\/\/www.dakarmania.cz\/wp-content\/uploads\/2018\/12\/Dakar-Mania-Logo-Square-Orange.png","width":992,"height":992,"caption":"DAKAR MANIA"},"image":{"@id":"https:\/\/www.dakarmania.cz\/#\/schema\/logo\/image\/"},"sameAs":["https:\/\/www.facebook.com\/dakarmania\/"]},{"@type":"Person","@id":"https:\/\/www.dakarmania.cz\/#\/schema\/person\/04eb0e87a389631c2169c0dddae7ff1e","name":"Zden\u011bk Zelenka","image":{"@type":"ImageObject","inLanguage":"cs","@id":"https:\/\/www.dakarmania.cz\/#\/schema\/person\/image\/","url":"https:\/\/secure.gravatar.com\/avatar\/2c80d5a4942fe0900b73cc7d3837a509d6ee0a276a2b76dac95c92bd0763a89b?s=96&d=mm&r=g","contentUrl":"https:\/\/secure.gravatar.com\/avatar\/2c80d5a4942fe0900b73cc7d3837a509d6ee0a276a2b76dac95c92bd0763a89b?s=96&d=mm&r=g","caption":"Zden\u011bk Zelenka"},"description":"Moji d\u011bt\u0161t\u00ed hrdinov\u00e9 se jmenovali Loprais, Moskal, Neveu, Vatanen, Rahier... A tihle borci, jejich n\u00e1sledovn\u00edci a jejich p\u0159\u00edb\u011bhy m\u011b nep\u0159estali fascinovat ani po letech, kdy jsem vyrostl a zam\u011bstn\u00e1valy m\u011b jin\u00e9 discipl\u00edny motorsportu. Proto se zrodila DAKARMANIA.","url":"https:\/\/www.dakarmania.cz\/index.php\/author\/dakarmania\/"}]}},"amp_enabled":true,"_links":{"self":[{"href":"https:\/\/www.dakarmania.cz\/index.php\/wp-json\/wp\/v2\/posts\/1615","targetHints":{"allow":["GET"]}}],"collection":[{"href":"https:\/\/www.dakarmania.cz\/index.php\/wp-json\/wp\/v2\/posts"}],"about":[{"href":"https:\/\/www.dakarmania.cz\/index.php\/wp-json\/wp\/v2\/types\/post"}],"author":[{"embeddable":true,"href":"https:\/\/www.dakarmania.cz\/index.php\/wp-json\/wp\/v2\/users\/1"}],"replies":[{"embeddable":true,"href":"https:\/\/www.dakarmania.cz\/index.php\/wp-json\/wp\/v2\/comments?post=1615"}],"version-history":[{"count":14,"href":"https:\/\/www.dakarmania.cz\/index.php\/wp-json\/wp\/v2\/posts\/1615\/revisions"}],"predecessor-version":[{"id":12942,"href":"https:\/\/www.dakarmania.cz\/index.php\/wp-json\/wp\/v2\/posts\/1615\/revisions\/12942"}],"wp:featuredmedia":[{"embeddable":true,"href":"https:\/\/www.dakarmania.cz\/index.php\/wp-json\/wp\/v2\/media\/1614"}],"wp:attachment":[{"href":"https:\/\/www.dakarmania.cz\/index.php\/wp-json\/wp\/v2\/media?parent=1615"}],"wp:term":[{"taxonomy":"category","embeddable":true,"href":"https:\/\/www.dakarmania.cz\/index.php\/wp-json\/wp\/v2\/categories?post=1615"},{"taxonomy":"post_tag","embeddable":true,"href":"https:\/\/www.dakarmania.cz\/index.php\/wp-json\/wp\/v2\/tags?post=1615"}],"curies":[{"name":"wp","href":"https:\/\/api.w.org\/{rel}","templated":true}]}}