{"id":1617,"date":"2019-01-09T19:25:00","date_gmt":"2019-01-09T19:25:00","guid":{"rendered":"https:\/\/www.dakarmania.cz\/?p=1617"},"modified":"2019-10-22T17:01:20","modified_gmt":"2019-10-22T15:01:20","slug":"dakar-2019-al-attiyah-zpatky-v-cele-peterhansel-nejrychlejsi","status":"publish","type":"post","link":"https:\/\/www.dakarmania.cz\/index.php\/2019\/01\/09\/dakar-2019-al-attiyah-zpatky-v-cele-peterhansel-nejrychlejsi\/","title":{"rendered":"Dakar 2019: Al-Attiyah zp\u00e1tky v \u010dele, Peterhansel nejrychlej\u0161\u00ed"},"content":{"rendered":"<p>[vc_row][vc_column][vc_column_text]<\/p>\n<h4>St\u00e9phane Peterhansel a David Castera s vozem Mini JCW Buggy si v etap\u011b ze San Juanu de Marcona do Arequipy spravili n\u00e1ladu po chyb\u011b a ztr\u00e1t\u011b z p\u0159edchoz\u00edho dne. Francouzi si p\u0159ipsali prvn\u00ed spole\u010dn\u00e9 etapov\u00e9 v\u00edt\u011bzstv\u00ed na Dakaru. D\u00edky dev\u00e1t\u00e9mu \u010dasu na dne\u0161n\u00ed speci\u00e1lce si op\u011bt polep\u0161il tak\u00e9 Martin Prokop.<\/h4>\n<p>Peterhansel figuroval po v\u010derej\u0161\u00edm zapadnut\u00ed v dun\u00e1ch a\u017e na t\u0159in\u00e1ct\u00e9 pozici, dnes ale od prvn\u00edho mezi\u010dasu bojoval s Nasserem Al-Attiyahem (Toyota) o nejlep\u0161\u00ed \u010das a v z\u00e1v\u011bru sv\u00e9mu soupe\u0159i postupn\u011b uj\u00ed\u017ed\u011bl. Tra\u0165 speci\u00e1lky dlouh\u00e9 331 kilometr\u016f, kter\u00e1 op\u011bt vedla ze t\u0159\u00ed \u010dtvrtin v dun\u00e1ch, zdolal za t\u0159i hodiny a 54 minut a Kata\u0159ana porazil skoro o t\u0159i a p\u016fl minuty. Etapov\u00e9 v\u00edt\u011bzstv\u00ed katapultovalo Peterhansela na t\u0159et\u00ed p\u0159\u00ed\u010dku celkov\u011b.<\/p>\n<p><em>\u201eByla to p\u011bkn\u00e1 etapa s n\u00e1ro\u010dn\u00fdmi dunami a obt\u00ed\u017enou navigac\u00ed. Nebylo snadn\u00e9 naj\u00edt pr\u016fjezdn\u00ed body v \u00fadol\u00edch,\u201c<\/em> popisoval <strong>St\u00e9phane Peterhansel<\/strong>. <em>\u201eByla to typick\u00e1 peru\u00e1nsk\u00e1 etapa, kter\u00e1 nazna\u010dila, co n\u00e1s \u010dek\u00e1 v dal\u0161\u00edch n\u011bkolika dnech. V\u010dera jsme byli trochu roztr\u017eit\u00ed a j\u00e1 jsem ud\u011blal ojedin\u011blou chybu, ale to u\u017e je pry\u010d. D\u016fle\u017eit\u00e9 je, abychom se b\u011bhem maratonsk\u00e9 etapy nedostali do \u017e\u00e1dn\u00fdch probl\u00e9m\u016f. Pr\u00e1v\u011b tak jsem Dakar prohr\u00e1l loni.\u201c<\/em>[\/vc_column_text][vc_single_image image=&#8221;1640&#8243; img_size=&#8221;large&#8221; add_caption=&#8221;yes&#8221; alignment=&#8221;center&#8221;][vc_column_text]Al-Attiyah s navig\u00e1torem Mathieu Baumelem se p\u0159esto znovu ujali veden\u00ed v sout\u011b\u017ei, a\u010dkoliv po v\u010derej\u0161ku figurovali a\u017e na osm\u00e9 pozici.<\/p>\n<p><em>\u201eDnes to bylo n\u00e1ro\u010dn\u00e9, ale m\u011bli jsme pl\u00e1n. V\u010dera jsme z\u00e1m\u011brn\u011b trochu ztratili, abychom dnes startovali z\u00a0v\u00fdhodn\u00e9 pozice,\u201c<\/em> prozradil <strong>Nasser Al-Attiyah<\/strong>. <em>\u201eDnes to byla skv\u011bl\u00e1 etapa, m\u00e1me d\u016fvod ke spokojenosti. Ztratili jsme jen dv\u011b minuty kv\u016fli pomal\u00e9mu defektu. Sly\u0161el jsem, \u017ee z\u00edtra n\u00e1s \u010dek\u00e1 spousta fesh-feshe. V\u00a0maratonsk\u00e9 etap\u011b si budeme muset d\u00e1vat pozor, po n\u00ed ale za\u00fato\u010d\u00edme.\u201c<\/em><\/p>\n<p>Druh\u00fd je s t\u00e9m\u011b\u0159 sedmiminutovou ztr\u00e1tou Yazeed Al-Rajhi, kter\u00fd byl dnes s vozem Mini JCW Rally \u010dtvrt\u00fd nejrychlej\u0161\u00ed. P\u0159ed jezdce ze Saudsk\u00e9 Ar\u00e1bie se v hodnocen\u00ed etapy vm\u011bstnal je\u0161t\u011b Jakub Przygo\u0144ski se stejn\u00fdm vozem n\u011bmeck\u00e9ho X-raidu. Celkov\u011b pat\u0159\u00ed Pol\u00e1kovi p\u00e1t\u00e1 p\u0159\u00ed\u010dka za dal\u0161\u00edm t\u00fdmov\u00fdm kolegou Nanim Romou ze \u0160pan\u011blska.[\/vc_column_text][vc_single_image image=&#8221;1642&#8243; img_size=&#8221;large&#8221; add_caption=&#8221;yes&#8221; alignment=&#8221;center&#8221;][vc_column_text]Martin Prokop s Janem Tom\u00e1nkem nastupovali do etapy s Fordem t\u00fdmu MP-Sports z osmn\u00e1ct\u00e9ho m\u00edsta absolutn\u011b, v jednu chv\u00edli vystoupali a\u017e na \u0161est\u00e9 m\u00edsto, aby nakonec obsadili dev\u00e1tou p\u0159\u00ed\u010dku. I tak se posunuli t\u011bsn\u011b za hranici prvn\u00ed des\u00edtky.<\/p>\n<p>Jako prvn\u00ed dnes na tra\u0165 m\u011b\u0159en\u00e9ho \u00faseku vyrazili v\u00edt\u011bzov\u00e9 p\u0159edchoz\u00ed etapy S\u00e9bastien Loeb a Daniel Elena s Peugeotem. Dev\u00edtin\u00e1sobn\u00fdm mistr\u016fm sv\u011bta v rally se v\u0161ak neda\u0159ilo, na v\u00edt\u011bze ztratili t\u00e9m\u011b\u0159 t\u0159i \u010dtvrt\u011b hodiny a klesli z p\u00e1t\u00e9 pozice na osmou.<\/p>\n<p><em>\u201eByla tam docela mlha, ale probl\u00e9m byl, \u017ee jsme zabloudili,\u201c<\/em> nezast\u00edral <strong>S\u00e9bastien Loeb<\/strong>. <em>\u201eNemohli jsme naj\u00edt cestu zp\u00e1tky, po\u0159\u00e1d jsme jezdili dokola a t\u00edm jsme ztratili p\u016fl hodiny. Z\u00edtra budeme startovat hodn\u011b vzadu. Nav\u00edc n\u00e1\u0161 motor dnes vyd\u00e1val divn\u00e9 zvuky, mus\u00edme to p\u0159ed maratonskou etapou opravit.\u201c<\/em>[\/vc_column_text][vc_single_image image=&#8221;1643&#8243; img_size=&#8221;large&#8221; add_caption=&#8221;yes&#8221; alignment=&#8221;center&#8221;][vc_column_text]Mnohem h\u016f\u0159 bude na dne\u0161ek vzpom\u00ednat Loeb\u016fv b\u00fdval\u00fd t\u00fdmov\u00fd kolega Carlos Sainz, kter\u00fd t\u00e9m\u011b\u0159 utrhl lev\u00e9 p\u0159edn\u00ed kolo sv\u00e9 buggy Mini JCW Buggy a ztratil v\u00edce ne\u017e t\u0159i hodiny \u010dek\u00e1n\u00edm na asistenci a opravou.<\/p>\n<p>Obdobn\u00fdm fiaskem skon\u010dila t\u0159et\u00ed etapa i pro Giniela de Villierse. Tov\u00e1rn\u00ed jezdec Toyoty po dvou etap\u00e1ch vedl, dnes ale ztratil v\u00edce ne\u017e \u010dty\u0159i hodiny a propadl do \u010dtvrt\u00e9 des\u00edtky.<\/p>\n<p>Tom\u00e1\u0161 Ou\u0159edn\u00ed\u010dek s Davidem K\u0159\u00edpalem dokon\u010dili st\u0159ede\u010dn\u00ed etapu se ztr\u00e1tou 72 minut jako \u010dty\u0159iadvac\u00e1t\u00ed a celkov\u011b na tom jsou je\u0161t\u011b o dv\u011b m\u00edsta l\u00e9pe.[\/vc_column_text][vc_column_text]Ve \u010dtvrtek 10. ledna je na programu prvn\u00ed \u010d\u00e1st maratonsk\u00e9 etapy. Ve\u010der v bivaku se z\u00e1vodn\u00edci budou muset obej\u00edt bez asistence sv\u00fdch mechanik\u016f. Startovn\u00ed pole se rozd\u011bl\u00ed do dvou skupin. Automobily, SxS a kamiony zam\u00ed\u0159\u00ed do Tacny, kde tak\u00e9 p\u0159enocuj\u00ed. Cestou z Arequipy na n\u011b \u010dek\u00e1 celkem 664 kilometr\u016f, z nich\u017e 405 absolvuj\u00ed v r\u00e1mci rychlostn\u00ed zkou\u0161ky.[\/vc_column_text][vc_column_text]<\/p>\n<table style=\"width: 97.7654%;\" cellpadding=\"10\">\n<thead>\n<tr style=\"background-color: #ff7d0e;\">\n<td style=\"width: 98.8764%;\" colspan=\"4\"><strong>Rally Dakar 2019 &#8211; AUTOMOBILY po 3. etap\u011b<\/strong><\/td>\n<\/tr>\n<\/thead>\n<tbody>\n<tr>\n<td style=\"width: 6.51685%;\">1.<\/td>\n<td style=\"width: 39.7999%;\">Al-Attiyah \/ Baumel<\/td>\n<td style=\"width: 29.0765%;\">Toyota<\/td>\n<td style=\"width: 23.4831%;\">8:34:08<\/td>\n<\/tr>\n<tr>\n<td style=\"width: 6.51685%;\">2.<\/td>\n<td style=\"width: 39.7999%;\">Al Rajhi \/ Gottschalk<\/td>\n<td style=\"width: 29.0765%;\">Mini 4&#215;4<\/td>\n<td style=\"width: 23.4831%;\">+6:48<\/td>\n<\/tr>\n<tr>\n<td style=\"width: 6.51685%;\">3.<\/td>\n<td style=\"width: 39.7999%;\">Peterhansel \/ Castera<\/td>\n<td style=\"width: 29.0765%;\">Mini buggy<\/td>\n<td style=\"width: 23.4831%;\">+7:03<\/td>\n<\/tr>\n<tr>\n<td style=\"width: 6.51685%;\">4.<\/td>\n<td style=\"width: 39.7999%;\">Roma \/ Haro Bravo<\/td>\n<td style=\"width: 29.0765%;\">Mini 4&#215;4<\/td>\n<td style=\"width: 23.4831%;\">+12:02<\/td>\n<\/tr>\n<tr>\n<td style=\"width: 6.51685%;\">5.<\/td>\n<td style=\"width: 39.7999%;\">Przygo\u0144ski \/ Colsoul<\/td>\n<td style=\"width: 29.0765%;\">Mini 4&#215;4<\/td>\n<td style=\"width: 23.4831%;\">+13:45<\/td>\n<\/tr>\n<tr>\n<td style=\"width: 6.51685%;\">6.<\/td>\n<td style=\"width: 39.7999%;\">Despres \/ Cottret<\/td>\n<td style=\"width: 29.0765%;\">Mini buggy<\/td>\n<td style=\"width: 23.4831%;\">+24:40<\/td>\n<\/tr>\n<tr>\n<td style=\"width: 6.51685%;\">7.<\/td>\n<td style=\"width: 39.7999%;\">Ten Brinke \/ Panseri<\/td>\n<td style=\"width: 29.0765%;\">Toyota<\/td>\n<td style=\"width: 23.4831%;\">+25:21<\/td>\n<\/tr>\n<tr>\n<td style=\"width: 6.51685%;\">8.<\/td>\n<td style=\"width: 39.7999%;\">Loeb \/ Elena<\/td>\n<td style=\"width: 29.0765%;\">Peugeot<\/td>\n<td style=\"width: 23.4831%;\">+37:59<\/td>\n<\/tr>\n<tr>\n<td style=\"width: 6.51685%;\">9.<\/td>\n<td style=\"width: 39.7999%;\">Dom\u017ca\u0142a \/ Marton<\/td>\n<td style=\"width: 29.0765%;\">Toyota<\/td>\n<td style=\"width: 23.4831%;\">+42:56<\/td>\n<\/tr>\n<tr>\n<td style=\"width: 6.51685%;\">10.<\/td>\n<td style=\"width: 39.7999%;\">Vanagas \/ Rozwadowski<\/td>\n<td style=\"width: 29.0765%;\">Toyota<\/td>\n<td style=\"width: 23.4831%;\">+49:20<\/td>\n<\/tr>\n<tr>\n<td style=\"width: 6.51685%;\">11.<\/td>\n<td style=\"width: 39.7999%;\">Prokop \/ Tom\u00e1nek<\/td>\n<td style=\"width: 29.0765%;\">Ford<\/td>\n<td style=\"width: 23.4831%;\">+54:16<\/td>\n<\/tr>\n<tr>\n<td style=\"width: 6.51685%;\">22.<\/td>\n<td style=\"width: 39.7999%;\">Ou\u0159edn\u00ed\u010dek \/ K\u0159\u00edpal<\/td>\n<td style=\"width: 29.0765%;\">Ford<\/td>\n<td style=\"width: 23.4831%;\">+2:00:35<\/td>\n<\/tr>\n<\/tbody>\n<\/table>\n<p>[\/vc_column_text][\/vc_column][\/vc_row]<\/p>\n","protected":false},"excerpt":{"rendered":"<p>St\u00e9phane Peterhansel a David Castera si v etap\u011b ze San Juanu de Marcona do Arequipy spravili n\u00e1ladu po chyb\u011b a ztr\u00e1t\u011b z p\u0159edchoz\u00edho dne.<\/p>\n","protected":false},"author":1,"featured_media":1623,"comment_status":"open","ping_status":"closed","sticky":false,"template":"","format":"standard","meta":{"footnotes":""},"categories":[3,2],"tags":[8,9,218,11,6,5,204,219,4,203,217,201,220],"class_list":["post-1617","post","type-post","status-publish","format-standard","has-post-thumbnail","hentry","category-auto","category-dakar","tag-dakar","tag-dakar-2019","tag-david-castera","tag-ford","tag-jan-tomanek","tag-martin-prokop","tag-mathieu-baumel","tag-mini","tag-mp-sports","tag-nasser-al-attiyah","tag-stephane-peterhansel","tag-toyota","tag-x-raid"],"yoast_head":"<!-- This site is optimized with the Yoast SEO plugin v24.9 - https:\/\/yoast.com\/wordpress\/plugins\/seo\/ -->\n<title>Dakar 2019: Al-Attiyah zp\u00e1tky v \u010dele, Peterhansel nejrychlej\u0161\u00ed - DAKARMANIA.cz<\/title>\n<meta name=\"description\" content=\"St\u00e9phane Peterhansel a David Castera si v etap\u011b ze San Juanu de Marcona do Arequipy spravili n\u00e1ladu po chyb\u011b a ztr\u00e1t\u011b z p\u0159edchoz\u00edho dne.\" \/>\n<meta name=\"robots\" content=\"index, follow, max-snippet:-1, max-image-preview:large, max-video-preview:-1\" \/>\n<link rel=\"canonical\" href=\"https:\/\/www.dakarmania.cz\/index.php\/2019\/01\/09\/dakar-2019-al-attiyah-zpatky-v-cele-peterhansel-nejrychlejsi\/\" \/>\n<meta property=\"og:locale\" content=\"cs_CZ\" \/>\n<meta property=\"og:type\" content=\"article\" \/>\n<meta property=\"og:title\" content=\"Dakar 2019: Al-Attiyah zp\u00e1tky v \u010dele, Peterhansel nejrychlej\u0161\u00ed - DAKARMANIA.cz\" \/>\n<meta property=\"og:description\" content=\"St\u00e9phane Peterhansel a David Castera si v etap\u011b ze San Juanu de Marcona do Arequipy spravili n\u00e1ladu po chyb\u011b a ztr\u00e1t\u011b z p\u0159edchoz\u00edho dne.\" \/>\n<meta property=\"og:url\" content=\"https:\/\/www.dakarmania.cz\/index.php\/2019\/01\/09\/dakar-2019-al-attiyah-zpatky-v-cele-peterhansel-nejrychlejsi\/\" \/>\n<meta property=\"og:site_name\" content=\"DAKARMANIA.cz\" \/>\n<meta property=\"article:publisher\" content=\"https:\/\/www.facebook.com\/dakarmania\/\" \/>\n<meta property=\"article:published_time\" content=\"2019-01-09T19:25:00+00:00\" \/>\n<meta property=\"article:modified_time\" content=\"2019-10-22T15:01:20+00:00\" \/>\n<meta property=\"og:image\" content=\"https:\/\/www.dakarmania.cz\/wp-content\/uploads\/2019\/01\/19-dakar-peterhansel01.jpg\" \/>\n\t<meta property=\"og:image:width\" content=\"2048\" \/>\n\t<meta property=\"og:image:height\" content=\"1365\" \/>\n\t<meta property=\"og:image:type\" content=\"image\/jpeg\" \/>\n<meta name=\"author\" content=\"Zden\u011bk Zelenka\" \/>\n<meta name=\"twitter:card\" content=\"summary_large_image\" \/>\n<meta name=\"twitter:label1\" content=\"Napsal(a)\" \/>\n\t<meta name=\"twitter:data1\" content=\"Zden\u011bk Zelenka\" \/>\n\t<meta name=\"twitter:label2\" content=\"Odhadovan\u00e1 doba \u010dten\u00ed\" \/>\n\t<meta name=\"twitter:data2\" content=\"5 minut\" \/>\n<script type=\"application\/ld+json\" class=\"yoast-schema-graph\">{\"@context\":\"https:\/\/schema.org\",\"@graph\":[{\"@type\":\"Article\",\"@id\":\"https:\/\/www.dakarmania.cz\/index.php\/2019\/01\/09\/dakar-2019-al-attiyah-zpatky-v-cele-peterhansel-nejrychlejsi\/#article\",\"isPartOf\":{\"@id\":\"https:\/\/www.dakarmania.cz\/index.php\/2019\/01\/09\/dakar-2019-al-attiyah-zpatky-v-cele-peterhansel-nejrychlejsi\/\"},\"author\":{\"name\":\"Zden\u011bk Zelenka\",\"@id\":\"https:\/\/www.dakarmania.cz\/#\/schema\/person\/04eb0e87a389631c2169c0dddae7ff1e\"},\"headline\":\"Dakar 2019: Al-Attiyah zp\u00e1tky v \u010dele, Peterhansel nejrychlej\u0161\u00ed\",\"datePublished\":\"2019-01-09T19:25:00+00:00\",\"dateModified\":\"2019-10-22T15:01:20+00:00\",\"mainEntityOfPage\":{\"@id\":\"https:\/\/www.dakarmania.cz\/index.php\/2019\/01\/09\/dakar-2019-al-attiyah-zpatky-v-cele-peterhansel-nejrychlejsi\/\"},\"wordCount\":909,\"commentCount\":0,\"publisher\":{\"@id\":\"https:\/\/www.dakarmania.cz\/#organization\"},\"image\":{\"@id\":\"https:\/\/www.dakarmania.cz\/index.php\/2019\/01\/09\/dakar-2019-al-attiyah-zpatky-v-cele-peterhansel-nejrychlejsi\/#primaryimage\"},\"thumbnailUrl\":\"https:\/\/www.dakarmania.cz\/wp-content\/uploads\/2019\/01\/19-dakar-peterhansel01.jpg\",\"keywords\":[\"Dakar\",\"Dakar 2019\",\"David Castera\",\"Ford\",\"Jan Tom\u00e1nek\",\"Martin Prokop\",\"Mathieu Baumel\",\"Mini\",\"MP-Sports\",\"Nasser Al-Attiyah\",\"St\u00e9phane Peterhansel\",\"Toyota\",\"X-raid\"],\"articleSection\":[\"Auto\",\"Rally Dakar\"],\"inLanguage\":\"cs\",\"potentialAction\":[{\"@type\":\"CommentAction\",\"name\":\"Comment\",\"target\":[\"https:\/\/www.dakarmania.cz\/index.php\/2019\/01\/09\/dakar-2019-al-attiyah-zpatky-v-cele-peterhansel-nejrychlejsi\/#respond\"]}]},{\"@type\":\"WebPage\",\"@id\":\"https:\/\/www.dakarmania.cz\/index.php\/2019\/01\/09\/dakar-2019-al-attiyah-zpatky-v-cele-peterhansel-nejrychlejsi\/\",\"url\":\"https:\/\/www.dakarmania.cz\/index.php\/2019\/01\/09\/dakar-2019-al-attiyah-zpatky-v-cele-peterhansel-nejrychlejsi\/\",\"name\":\"Dakar 2019: Al-Attiyah zp\u00e1tky v \u010dele, Peterhansel nejrychlej\u0161\u00ed - DAKARMANIA.cz\",\"isPartOf\":{\"@id\":\"https:\/\/www.dakarmania.cz\/#website\"},\"primaryImageOfPage\":{\"@id\":\"https:\/\/www.dakarmania.cz\/index.php\/2019\/01\/09\/dakar-2019-al-attiyah-zpatky-v-cele-peterhansel-nejrychlejsi\/#primaryimage\"},\"image\":{\"@id\":\"https:\/\/www.dakarmania.cz\/index.php\/2019\/01\/09\/dakar-2019-al-attiyah-zpatky-v-cele-peterhansel-nejrychlejsi\/#primaryimage\"},\"thumbnailUrl\":\"https:\/\/www.dakarmania.cz\/wp-content\/uploads\/2019\/01\/19-dakar-peterhansel01.jpg\",\"datePublished\":\"2019-01-09T19:25:00+00:00\",\"dateModified\":\"2019-10-22T15:01:20+00:00\",\"description\":\"St\u00e9phane Peterhansel a David Castera si v etap\u011b ze San Juanu de Marcona do Arequipy spravili n\u00e1ladu po chyb\u011b a ztr\u00e1t\u011b z p\u0159edchoz\u00edho dne.\",\"breadcrumb\":{\"@id\":\"https:\/\/www.dakarmania.cz\/index.php\/2019\/01\/09\/dakar-2019-al-attiyah-zpatky-v-cele-peterhansel-nejrychlejsi\/#breadcrumb\"},\"inLanguage\":\"cs\",\"potentialAction\":[{\"@type\":\"ReadAction\",\"target\":[\"https:\/\/www.dakarmania.cz\/index.php\/2019\/01\/09\/dakar-2019-al-attiyah-zpatky-v-cele-peterhansel-nejrychlejsi\/\"]}]},{\"@type\":\"ImageObject\",\"inLanguage\":\"cs\",\"@id\":\"https:\/\/www.dakarmania.cz\/index.php\/2019\/01\/09\/dakar-2019-al-attiyah-zpatky-v-cele-peterhansel-nejrychlejsi\/#primaryimage\",\"url\":\"https:\/\/www.dakarmania.cz\/wp-content\/uploads\/2019\/01\/19-dakar-peterhansel01.jpg\",\"contentUrl\":\"https:\/\/www.dakarmania.cz\/wp-content\/uploads\/2019\/01\/19-dakar-peterhansel01.jpg\",\"width\":2048,\"height\":1365,\"caption\":\"St\u00e9phane Peterhansel\/David Castera, Mini JCW Buggy, X-raid Mini JCW Team. Rally Dakar 2019. \u00a9 Red Bull Content Pool\"},{\"@type\":\"BreadcrumbList\",\"@id\":\"https:\/\/www.dakarmania.cz\/index.php\/2019\/01\/09\/dakar-2019-al-attiyah-zpatky-v-cele-peterhansel-nejrychlejsi\/#breadcrumb\",\"itemListElement\":[{\"@type\":\"ListItem\",\"position\":1,\"name\":\"Dom\u016f\",\"item\":\"https:\/\/www.dakarmania.cz\/\"},{\"@type\":\"ListItem\",\"position\":2,\"name\":\"Dakar 2019: Al-Attiyah zp\u00e1tky v \u010dele, Peterhansel nejrychlej\u0161\u00ed\"}]},{\"@type\":\"WebSite\",\"@id\":\"https:\/\/www.dakarmania.cz\/#website\",\"url\":\"https:\/\/www.dakarmania.cz\/\",\"name\":\"DAKARMANIA.cz\",\"description\":\"\u017dijeme Dakarem cel\u00fd rok\",\"publisher\":{\"@id\":\"https:\/\/www.dakarmania.cz\/#organization\"},\"potentialAction\":[{\"@type\":\"SearchAction\",\"target\":{\"@type\":\"EntryPoint\",\"urlTemplate\":\"https:\/\/www.dakarmania.cz\/?s={search_term_string}\"},\"query-input\":{\"@type\":\"PropertyValueSpecification\",\"valueRequired\":true,\"valueName\":\"search_term_string\"}}],\"inLanguage\":\"cs\"},{\"@type\":\"Organization\",\"@id\":\"https:\/\/www.dakarmania.cz\/#organization\",\"name\":\"DAKAR MANIA\",\"url\":\"https:\/\/www.dakarmania.cz\/\",\"logo\":{\"@type\":\"ImageObject\",\"inLanguage\":\"cs\",\"@id\":\"https:\/\/www.dakarmania.cz\/#\/schema\/logo\/image\/\",\"url\":\"https:\/\/www.dakarmania.cz\/wp-content\/uploads\/2018\/12\/Dakar-Mania-Logo-Square-Orange.png\",\"contentUrl\":\"https:\/\/www.dakarmania.cz\/wp-content\/uploads\/2018\/12\/Dakar-Mania-Logo-Square-Orange.png\",\"width\":992,\"height\":992,\"caption\":\"DAKAR MANIA\"},\"image\":{\"@id\":\"https:\/\/www.dakarmania.cz\/#\/schema\/logo\/image\/\"},\"sameAs\":[\"https:\/\/www.facebook.com\/dakarmania\/\"]},{\"@type\":\"Person\",\"@id\":\"https:\/\/www.dakarmania.cz\/#\/schema\/person\/04eb0e87a389631c2169c0dddae7ff1e\",\"name\":\"Zden\u011bk Zelenka\",\"image\":{\"@type\":\"ImageObject\",\"inLanguage\":\"cs\",\"@id\":\"https:\/\/www.dakarmania.cz\/#\/schema\/person\/image\/\",\"url\":\"https:\/\/secure.gravatar.com\/avatar\/2c80d5a4942fe0900b73cc7d3837a509d6ee0a276a2b76dac95c92bd0763a89b?s=96&d=mm&r=g\",\"contentUrl\":\"https:\/\/secure.gravatar.com\/avatar\/2c80d5a4942fe0900b73cc7d3837a509d6ee0a276a2b76dac95c92bd0763a89b?s=96&d=mm&r=g\",\"caption\":\"Zden\u011bk Zelenka\"},\"description\":\"Moji d\u011bt\u0161t\u00ed hrdinov\u00e9 se jmenovali Loprais, Moskal, Neveu, Vatanen, Rahier... A tihle borci, jejich n\u00e1sledovn\u00edci a jejich p\u0159\u00edb\u011bhy m\u011b nep\u0159estali fascinovat ani po letech, kdy jsem vyrostl a zam\u011bstn\u00e1valy m\u011b jin\u00e9 discipl\u00edny motorsportu. Proto se zrodila DAKARMANIA.\",\"url\":\"https:\/\/www.dakarmania.cz\/index.php\/author\/dakarmania\/\"}]}<\/script>\n<!-- \/ Yoast SEO plugin. -->","yoast_head_json":{"title":"Dakar 2019: Al-Attiyah zp\u00e1tky v \u010dele, Peterhansel nejrychlej\u0161\u00ed - DAKARMANIA.cz","description":"St\u00e9phane Peterhansel a David Castera si v etap\u011b ze San Juanu de Marcona do Arequipy spravili n\u00e1ladu po chyb\u011b a ztr\u00e1t\u011b z p\u0159edchoz\u00edho dne.","robots":{"index":"index","follow":"follow","max-snippet":"max-snippet:-1","max-image-preview":"max-image-preview:large","max-video-preview":"max-video-preview:-1"},"canonical":"https:\/\/www.dakarmania.cz\/index.php\/2019\/01\/09\/dakar-2019-al-attiyah-zpatky-v-cele-peterhansel-nejrychlejsi\/","og_locale":"cs_CZ","og_type":"article","og_title":"Dakar 2019: Al-Attiyah zp\u00e1tky v \u010dele, Peterhansel nejrychlej\u0161\u00ed - DAKARMANIA.cz","og_description":"St\u00e9phane Peterhansel a David Castera si v etap\u011b ze San Juanu de Marcona do Arequipy spravili n\u00e1ladu po chyb\u011b a ztr\u00e1t\u011b z p\u0159edchoz\u00edho dne.","og_url":"https:\/\/www.dakarmania.cz\/index.php\/2019\/01\/09\/dakar-2019-al-attiyah-zpatky-v-cele-peterhansel-nejrychlejsi\/","og_site_name":"DAKARMANIA.cz","article_publisher":"https:\/\/www.facebook.com\/dakarmania\/","article_published_time":"2019-01-09T19:25:00+00:00","article_modified_time":"2019-10-22T15:01:20+00:00","og_image":[{"width":2048,"height":1365,"url":"https:\/\/www.dakarmania.cz\/wp-content\/uploads\/2019\/01\/19-dakar-peterhansel01.jpg","type":"image\/jpeg"}],"author":"Zden\u011bk Zelenka","twitter_card":"summary_large_image","twitter_misc":{"Napsal(a)":"Zden\u011bk Zelenka","Odhadovan\u00e1 doba \u010dten\u00ed":"5 minut"},"schema":{"@context":"https:\/\/schema.org","@graph":[{"@type":"Article","@id":"https:\/\/www.dakarmania.cz\/index.php\/2019\/01\/09\/dakar-2019-al-attiyah-zpatky-v-cele-peterhansel-nejrychlejsi\/#article","isPartOf":{"@id":"https:\/\/www.dakarmania.cz\/index.php\/2019\/01\/09\/dakar-2019-al-attiyah-zpatky-v-cele-peterhansel-nejrychlejsi\/"},"author":{"name":"Zden\u011bk Zelenka","@id":"https:\/\/www.dakarmania.cz\/#\/schema\/person\/04eb0e87a389631c2169c0dddae7ff1e"},"headline":"Dakar 2019: Al-Attiyah zp\u00e1tky v \u010dele, Peterhansel nejrychlej\u0161\u00ed","datePublished":"2019-01-09T19:25:00+00:00","dateModified":"2019-10-22T15:01:20+00:00","mainEntityOfPage":{"@id":"https:\/\/www.dakarmania.cz\/index.php\/2019\/01\/09\/dakar-2019-al-attiyah-zpatky-v-cele-peterhansel-nejrychlejsi\/"},"wordCount":909,"commentCount":0,"publisher":{"@id":"https:\/\/www.dakarmania.cz\/#organization"},"image":{"@id":"https:\/\/www.dakarmania.cz\/index.php\/2019\/01\/09\/dakar-2019-al-attiyah-zpatky-v-cele-peterhansel-nejrychlejsi\/#primaryimage"},"thumbnailUrl":"https:\/\/www.dakarmania.cz\/wp-content\/uploads\/2019\/01\/19-dakar-peterhansel01.jpg","keywords":["Dakar","Dakar 2019","David Castera","Ford","Jan Tom\u00e1nek","Martin Prokop","Mathieu Baumel","Mini","MP-Sports","Nasser Al-Attiyah","St\u00e9phane Peterhansel","Toyota","X-raid"],"articleSection":["Auto","Rally Dakar"],"inLanguage":"cs","potentialAction":[{"@type":"CommentAction","name":"Comment","target":["https:\/\/www.dakarmania.cz\/index.php\/2019\/01\/09\/dakar-2019-al-attiyah-zpatky-v-cele-peterhansel-nejrychlejsi\/#respond"]}]},{"@type":"WebPage","@id":"https:\/\/www.dakarmania.cz\/index.php\/2019\/01\/09\/dakar-2019-al-attiyah-zpatky-v-cele-peterhansel-nejrychlejsi\/","url":"https:\/\/www.dakarmania.cz\/index.php\/2019\/01\/09\/dakar-2019-al-attiyah-zpatky-v-cele-peterhansel-nejrychlejsi\/","name":"Dakar 2019: Al-Attiyah zp\u00e1tky v \u010dele, Peterhansel nejrychlej\u0161\u00ed - DAKARMANIA.cz","isPartOf":{"@id":"https:\/\/www.dakarmania.cz\/#website"},"primaryImageOfPage":{"@id":"https:\/\/www.dakarmania.cz\/index.php\/2019\/01\/09\/dakar-2019-al-attiyah-zpatky-v-cele-peterhansel-nejrychlejsi\/#primaryimage"},"image":{"@id":"https:\/\/www.dakarmania.cz\/index.php\/2019\/01\/09\/dakar-2019-al-attiyah-zpatky-v-cele-peterhansel-nejrychlejsi\/#primaryimage"},"thumbnailUrl":"https:\/\/www.dakarmania.cz\/wp-content\/uploads\/2019\/01\/19-dakar-peterhansel01.jpg","datePublished":"2019-01-09T19:25:00+00:00","dateModified":"2019-10-22T15:01:20+00:00","description":"St\u00e9phane Peterhansel a David Castera si v etap\u011b ze San Juanu de Marcona do Arequipy spravili n\u00e1ladu po chyb\u011b a ztr\u00e1t\u011b z p\u0159edchoz\u00edho dne.","breadcrumb":{"@id":"https:\/\/www.dakarmania.cz\/index.php\/2019\/01\/09\/dakar-2019-al-attiyah-zpatky-v-cele-peterhansel-nejrychlejsi\/#breadcrumb"},"inLanguage":"cs","potentialAction":[{"@type":"ReadAction","target":["https:\/\/www.dakarmania.cz\/index.php\/2019\/01\/09\/dakar-2019-al-attiyah-zpatky-v-cele-peterhansel-nejrychlejsi\/"]}]},{"@type":"ImageObject","inLanguage":"cs","@id":"https:\/\/www.dakarmania.cz\/index.php\/2019\/01\/09\/dakar-2019-al-attiyah-zpatky-v-cele-peterhansel-nejrychlejsi\/#primaryimage","url":"https:\/\/www.dakarmania.cz\/wp-content\/uploads\/2019\/01\/19-dakar-peterhansel01.jpg","contentUrl":"https:\/\/www.dakarmania.cz\/wp-content\/uploads\/2019\/01\/19-dakar-peterhansel01.jpg","width":2048,"height":1365,"caption":"St\u00e9phane Peterhansel\/David Castera, Mini JCW Buggy, X-raid Mini JCW Team. Rally Dakar 2019. \u00a9 Red Bull Content Pool"},{"@type":"BreadcrumbList","@id":"https:\/\/www.dakarmania.cz\/index.php\/2019\/01\/09\/dakar-2019-al-attiyah-zpatky-v-cele-peterhansel-nejrychlejsi\/#breadcrumb","itemListElement":[{"@type":"ListItem","position":1,"name":"Dom\u016f","item":"https:\/\/www.dakarmania.cz\/"},{"@type":"ListItem","position":2,"name":"Dakar 2019: Al-Attiyah zp\u00e1tky v \u010dele, Peterhansel nejrychlej\u0161\u00ed"}]},{"@type":"WebSite","@id":"https:\/\/www.dakarmania.cz\/#website","url":"https:\/\/www.dakarmania.cz\/","name":"DAKARMANIA.cz","description":"\u017dijeme Dakarem cel\u00fd rok","publisher":{"@id":"https:\/\/www.dakarmania.cz\/#organization"},"potentialAction":[{"@type":"SearchAction","target":{"@type":"EntryPoint","urlTemplate":"https:\/\/www.dakarmania.cz\/?s={search_term_string}"},"query-input":{"@type":"PropertyValueSpecification","valueRequired":true,"valueName":"search_term_string"}}],"inLanguage":"cs"},{"@type":"Organization","@id":"https:\/\/www.dakarmania.cz\/#organization","name":"DAKAR MANIA","url":"https:\/\/www.dakarmania.cz\/","logo":{"@type":"ImageObject","inLanguage":"cs","@id":"https:\/\/www.dakarmania.cz\/#\/schema\/logo\/image\/","url":"https:\/\/www.dakarmania.cz\/wp-content\/uploads\/2018\/12\/Dakar-Mania-Logo-Square-Orange.png","contentUrl":"https:\/\/www.dakarmania.cz\/wp-content\/uploads\/2018\/12\/Dakar-Mania-Logo-Square-Orange.png","width":992,"height":992,"caption":"DAKAR MANIA"},"image":{"@id":"https:\/\/www.dakarmania.cz\/#\/schema\/logo\/image\/"},"sameAs":["https:\/\/www.facebook.com\/dakarmania\/"]},{"@type":"Person","@id":"https:\/\/www.dakarmania.cz\/#\/schema\/person\/04eb0e87a389631c2169c0dddae7ff1e","name":"Zden\u011bk Zelenka","image":{"@type":"ImageObject","inLanguage":"cs","@id":"https:\/\/www.dakarmania.cz\/#\/schema\/person\/image\/","url":"https:\/\/secure.gravatar.com\/avatar\/2c80d5a4942fe0900b73cc7d3837a509d6ee0a276a2b76dac95c92bd0763a89b?s=96&d=mm&r=g","contentUrl":"https:\/\/secure.gravatar.com\/avatar\/2c80d5a4942fe0900b73cc7d3837a509d6ee0a276a2b76dac95c92bd0763a89b?s=96&d=mm&r=g","caption":"Zden\u011bk Zelenka"},"description":"Moji d\u011bt\u0161t\u00ed hrdinov\u00e9 se jmenovali Loprais, Moskal, Neveu, Vatanen, Rahier... A tihle borci, jejich n\u00e1sledovn\u00edci a jejich p\u0159\u00edb\u011bhy m\u011b nep\u0159estali fascinovat ani po letech, kdy jsem vyrostl a zam\u011bstn\u00e1valy m\u011b jin\u00e9 discipl\u00edny motorsportu. Proto se zrodila DAKARMANIA.","url":"https:\/\/www.dakarmania.cz\/index.php\/author\/dakarmania\/"}]}},"amp_enabled":true,"_links":{"self":[{"href":"https:\/\/www.dakarmania.cz\/index.php\/wp-json\/wp\/v2\/posts\/1617","targetHints":{"allow":["GET"]}}],"collection":[{"href":"https:\/\/www.dakarmania.cz\/index.php\/wp-json\/wp\/v2\/posts"}],"about":[{"href":"https:\/\/www.dakarmania.cz\/index.php\/wp-json\/wp\/v2\/types\/post"}],"author":[{"embeddable":true,"href":"https:\/\/www.dakarmania.cz\/index.php\/wp-json\/wp\/v2\/users\/1"}],"replies":[{"embeddable":true,"href":"https:\/\/www.dakarmania.cz\/index.php\/wp-json\/wp\/v2\/comments?post=1617"}],"version-history":[{"count":13,"href":"https:\/\/www.dakarmania.cz\/index.php\/wp-json\/wp\/v2\/posts\/1617\/revisions"}],"predecessor-version":[{"id":12781,"href":"https:\/\/www.dakarmania.cz\/index.php\/wp-json\/wp\/v2\/posts\/1617\/revisions\/12781"}],"wp:featuredmedia":[{"embeddable":true,"href":"https:\/\/www.dakarmania.cz\/index.php\/wp-json\/wp\/v2\/media\/1623"}],"wp:attachment":[{"href":"https:\/\/www.dakarmania.cz\/index.php\/wp-json\/wp\/v2\/media?parent=1617"}],"wp:term":[{"taxonomy":"category","embeddable":true,"href":"https:\/\/www.dakarmania.cz\/index.php\/wp-json\/wp\/v2\/categories?post=1617"},{"taxonomy":"post_tag","embeddable":true,"href":"https:\/\/www.dakarmania.cz\/index.php\/wp-json\/wp\/v2\/tags?post=1617"}],"curies":[{"name":"wp","href":"https:\/\/api.w.org\/{rel}","templated":true}]}}