{"id":1625,"date":"2019-01-09T21:38:35","date_gmt":"2019-01-09T21:38:35","guid":{"rendered":"https:\/\/www.dakarmania.cz\/?p=1625"},"modified":"2023-01-30T21:04:01","modified_gmt":"2023-01-30T20:04:01","slug":"dakar-2019-martin-macik-se-posouva-do-top-5","status":"publish","type":"post","link":"https:\/\/www.dakarmania.cz\/index.php\/2019\/01\/09\/dakar-2019-martin-macik-se-posouva-do-top-5\/","title":{"rendered":"Dakar 2019: Martin Mac\u00edk se posouv\u00e1 do top 5"},"content":{"rendered":"<p>[vc_row][vc_column][vc_column_text]<\/p>\n<h4>Martin Mac\u00edk jr. ve t\u0159et\u00ed etap\u011b Rally Dakar 2019 dok\u00e1zal jako jedin\u00fd dr\u017eet krok s trojic\u00ed tov\u00e1rn\u00edch Kamaz\u016f a s Ivecem Federica Villagry a po p\u00e1t\u00e9m \u010dase na st\u0159ede\u010dn\u00edm m\u011b\u0159en\u00e9m \u00faseku si v pr\u016fb\u011b\u017en\u00e9m po\u0159ad\u00ed polep\u0161il o t\u0159i p\u0159\u00ed\u010dky. P\u00e1t\u00e9 m\u00edsto pat\u0159\u00ed \u017eluto\u010dern\u00e9 Liazce i celkov\u011b.<\/h4>\n<p>Dne\u0161n\u00ed speci\u00e1lka m\u011b\u0159ila 331 kilometr\u016f, zavedla sout\u011b\u017en\u00ed pos\u00e1dky a\u017e do v\u00fd\u0161ky okolo 2000 metr\u016f nad mo\u0159em a ze t\u0159\u00ed \u010dtvrtin tvo\u0159ily jej\u00ed tra\u0165 dunov\u00e1 pole. \u010cesko-slovensk\u00e1 pos\u00e1dka Mac\u00edk jr., Franti\u0161ek Tom\u00e1\u0161ek, Luk\u00e1\u0161 Kalanka si na n\u00e1ro\u010dn\u00e9 trati po\u010d\u00ednala velmi dob\u0159e a do c\u00edle dorazila sedmn\u00e1ct a p\u016fl minuty za v\u00edt\u011bzn\u00fdm Andrejem Karginovem s Kamazem a jen t\u0159i minuty za jeho t\u00fdmov\u00fdm kolegou a suver\u00e9nem dvou \u00favodn\u00edch etap Eduardem Nikolajevem.<\/p>\n<p>Obh\u00e1jce lo\u0148sk\u00e9ho v\u00edt\u011bzstv\u00ed Nikolajev udr\u017eel pr\u016fb\u011b\u017en\u00e9 veden\u00ed, dal\u0161\u00ed po\u0159ad\u00ed se v\u0161ak stejn\u011b jako v ostatn\u00edch kategori\u00edch hodn\u011b m\u011bnilo.[\/vc_column_text][vc_single_image image=&#8221;1659&#8243; img_size=&#8221;large&#8221; add_caption=&#8221;yes&#8221; alignment=&#8221;center&#8221;][vc_separator][vc_column_text]Nizozemec Gerard de Rooy byl p\u0159ed dne\u0161n\u00ed etapou druh\u00fd, na trati mezi San Juanem de Marcona a Arequipou v\u0161ak prohospoda\u0159il t\u00e9m\u011b\u0159 hodinu a p\u016fl a klesl a\u017e na sedmou p\u0159\u00ed\u010dku.<\/p>\n<p>Nejbli\u017e\u0161\u00edm Nikolajevov\u00fdm pron\u00e1sledovatelem je nyn\u00ed jeho t\u00fdmov\u00fd kolega Dmitrij Sotnikov (+8:25 min).<\/p>\n<p>\u010ctrn\u00e1cti-, resp. osmn\u00e1ctiminutov\u00fd odstup maj\u00ed i t\u0159et\u00ed Federico Villagra (Iveco) a \u010dtvrt\u00fd Andrej Karginov (Kamaz). Mac\u00edka d\u011bl\u00ed od vedouc\u00edho mu\u017ee z\u00e1vodu 40 minut.[\/vc_column_text][vc_single_image image=&#8221;1658&#8243; img_size=&#8221;large&#8221; add_caption=&#8221;yes&#8221; alignment=&#8221;center&#8221;][vc_separator][vc_column_text]T\u00e9 se d\u00edky sedm\u00e9mu \u010dasu na speci\u00e1lce hodn\u011b p\u0159ibl\u00ed\u017eil Martin \u0160oltys. D\u00edky nejlep\u0161\u00edmu etapov\u00e9mu v\u00fdsledku sv\u00e9 dosavadn\u00ed dakarsk\u00e9 kari\u00e9ry je pilot Tatry t\u00fdmu Buggyra po t\u0159et\u00ed etap\u011b jeden\u00e1ct\u00fd, sedm minut pr\u00e1v\u011b za Vi\u0161n\u011bvsk\u00fdm.<\/p>\n<p>Polep\u0161il si tak\u00e9 Ale\u0161 Loprais s Tatrou v barv\u00e1ch Instaforex Loprais Teamu. Dev\u00e1t\u00e9 m\u00edsto na rychlostn\u00ed zkou\u0161ce znamenalo posun z osmn\u00e1ct\u00e9 na t\u0159in\u00e1ctou pozici absolutn\u011b.[\/vc_column_text][vc_column_text]Sen o \u00fasp\u011bchu na leto\u0161n\u00edm Dakaru se rozplynul \u0160oltysovu t\u00fdmov\u00e9mu kolegovi Martinu Kolom\u00e9mu, kter\u00fd z\u016fstal st\u00e1t s praskl\u00fdm kardanem v t\u011b\u017eko p\u0159\u00edstupn\u00e9m ter\u00e9nu p\u0159ibli\u017en\u011b na st\u00e9m kilometru dne\u0161n\u00ed speci\u00e1lky.<\/p>\n<p>Ve \u010dtvrtek 10. ledna je na programu prvn\u00ed \u010d\u00e1st maratonsk\u00e9 etapy. Ve\u010der v bivaku se z\u00e1vodn\u00edci budou muset obej\u00edt bez asistence sv\u00fdch mechanik\u016f. Startovn\u00ed pole se rozd\u011bl\u00ed do dvou skupin. Automobily, SxS a kamiony zam\u00ed\u0159\u00ed do Tacny, kde tak\u00e9 p\u0159enocuj\u00ed. Cestou z Arequipy na n\u011b \u010dek\u00e1 celkem 664 kilometr\u016f, z nich\u017e 405 absolvuj\u00ed v r\u00e1mci rychlostn\u00ed zkou\u0161ky.[\/vc_column_text][vc_column_text]<\/p>\n<table style=\"width: 97.7654%; height: 312px;\" cellpadding=\"10\">\n<thead>\n<tr style=\"background-color: #ff7d0e;\">\n<td style=\"width: 98.8764%; height: 24px;\" colspan=\"4\"><strong>Rally Dakar 2019 &#8211; KAMIONY po 3. etap\u011b<\/strong><\/td>\n<\/tr>\n<\/thead>\n<tbody>\n<tr style=\"height: 24px;\">\n<td style=\"width: 6.51685%; height: 24px;\">1.<\/td>\n<td style=\"width: 39.7999%; height: 24px;\">Nikolajev \/ Jakovlev \/ Rybakov<\/td>\n<td style=\"width: 29.0765%; height: 24px;\">Kamaz<\/td>\n<td style=\"width: 23.4831%; height: 24px;\">9:37:46<\/td>\n<\/tr>\n<tr style=\"height: 24px;\">\n<td style=\"width: 6.51685%; height: 24px;\">2.<\/td>\n<td style=\"width: 39.7999%; height: 24px;\">Sotnikov \/ Nikitin \/ Mustafin<\/td>\n<td style=\"width: 29.0765%; height: 24px;\">Kamaz<\/td>\n<td style=\"width: 23.4831%; height: 24px;\">+8:25<\/td>\n<\/tr>\n<tr style=\"height: 24px;\">\n<td style=\"width: 6.51685%; height: 24px;\">3.<\/td>\n<td style=\"width: 39.7999%; height: 24px;\">Villagra \/ Yacopini\u00a0\/ Torlaschi<\/td>\n<td style=\"width: 29.0765%; height: 24px;\">Iveco<\/td>\n<td style=\"width: 23.4831%; height: 24px;\">+14:12<\/td>\n<\/tr>\n<tr style=\"height: 24px;\">\n<td style=\"width: 6.51685%; height: 24px;\">4.<\/td>\n<td style=\"width: 39.7999%; height: 24px;\">Karginov \/ Mokjejev \/ Leonov<\/td>\n<td style=\"width: 29.0765%; height: 24px;\">Kamaz<\/td>\n<td style=\"width: 23.4831%; height: 24px;\">+18:22<\/td>\n<\/tr>\n<tr style=\"height: 24px;\">\n<td style=\"width: 6.51685%; height: 24px;\">5.<\/td>\n<td style=\"width: 39.7999%; height: 24px;\">Mac\u00edk \/ Tom\u00e1\u0161ek \/ Kalanka<\/td>\n<td style=\"width: 29.0765%; height: 24px;\">Liaz<\/td>\n<td style=\"width: 23.4831%; height: 24px;\">+40:43<\/td>\n<\/tr>\n<tr style=\"height: 24px;\">\n<td style=\"width: 6.51685%; height: 24px;\">6.<\/td>\n<td style=\"width: 39.7999%; height: 24px;\">Van Genugten \/ Der Kinderen \/ Willemsen<\/td>\n<td style=\"width: 29.0765%; height: 24px;\">Iveco<\/td>\n<td style=\"width: 23.4831%; height: 24px;\">+1:25:14<\/td>\n<\/tr>\n<tr style=\"height: 24px;\">\n<td style=\"width: 6.51685%; height: 24px;\">7.<\/td>\n<td style=\"width: 39.7999%; height: 24px;\">De Rooy \/ Rodewald \/ Torrallardona<\/td>\n<td style=\"width: 29.0765%; height: 24px;\">Iveco<\/td>\n<td style=\"width: 23.4831%; height: 24px;\">+1:26:20<\/td>\n<\/tr>\n<tr>\n<td style=\"width: 6.51685%;\">8.<\/td>\n<td style=\"width: 39.7999%;\">Mard\u011bjev \/ Svistunov \/ Galjautdinov<\/td>\n<td style=\"width: 29.0765%;\">Kamaz<\/td>\n<td style=\"width: 23.4831%;\">+1:54:55<\/td>\n<\/tr>\n<tr style=\"height: 24px;\">\n<td style=\"width: 6.51685%; height: 24px;\">9.<\/td>\n<td style=\"width: 39.7999%; height: 24px;\">Van Kasteren \/ Van den Bosch \/ Van Hoof<\/td>\n<td style=\"width: 29.0765%; height: 24px;\">Renault<\/td>\n<td style=\"width: 23.4831%; height: 24px;\">+1:58:01<\/td>\n<\/tr>\n<tr>\n<td style=\"width: 6.51685%;\">10.<\/td>\n<td style=\"width: 39.7999%;\">Vi\u0161n\u011bvskij \/ Novikov \/ N\u011bvjarovi\u010d<\/td>\n<td style=\"width: 29.0765%;\">MAZ<\/td>\n<td style=\"width: 23.4831%;\">+2:00:35<\/td>\n<\/tr>\n<tr style=\"height: 24px;\">\n<td style=\"width: 6.51685%; height: 24px;\">11.<\/td>\n<td style=\"width: 39.7999%; height: 24px;\">\u0160oltys \/ Schov\u00e1nek \/ \u0160ikola<\/td>\n<td style=\"width: 29.0765%; height: 24px;\">Tatra<\/td>\n<td style=\"width: 23.4831%; height: 24px;\">+2:07:43<\/td>\n<\/tr>\n<tr style=\"height: 24px;\">\n<td style=\"width: 6.51685%; height: 24px;\">13.<\/td>\n<td style=\"width: 39.7999%; height: 24px;\">Loprais \/ Marco Alcayna \/ Pokora<\/td>\n<td style=\"width: 29.0765%; height: 24px;\">Tatra<\/td>\n<td style=\"width: 23.4831%; height: 24px;\">+2:27:04<\/td>\n<\/tr>\n<\/tbody>\n<\/table>\n<p>[\/vc_column_text][\/vc_column][\/vc_row]<\/p>\n","protected":false},"excerpt":{"rendered":"<p>[vc_row][vc_column][vc_column_text] Martin Mac\u00edk jr. ve t\u0159et\u00ed etap\u011b Rally Dakar 2019 dok\u00e1zal jako jedin\u00fd dr\u017eet krok s trojic\u00ed tov\u00e1rn\u00edch Kamaz\u016f a s Ivecem Federica Villagry a po p\u00e1t\u00e9m \u010dase na st\u0159ede\u010dn\u00edm m\u011b\u0159en\u00e9m \u00faseku si v pr\u016fb\u011b\u017en\u00e9m po\u0159ad\u00ed polep\u0161il o t\u0159i p\u0159\u00ed\u010dky. P\u00e1t\u00e9 m\u00edsto pat\u0159\u00ed \u017eluto\u010dern\u00e9 Liazce i celkov\u011b. Dne\u0161n\u00ed speci\u00e1lka m\u011b\u0159ila 331 kilometr\u016f, zavedla sout\u011b\u017en\u00ed pos\u00e1dky [&hellip;]<\/p>\n","protected":false},"author":1,"featured_media":1632,"comment_status":"closed","ping_status":"closed","sticky":false,"template":"","format":"standard","meta":{"footnotes":""},"categories":[16,2],"tags":[221,111,8,9,197,117,200,112,116,114],"class_list":["post-1625","post","type-post","status-publish","format-standard","has-post-thumbnail","hentry","category-kamion","category-dakar","tag-andrej-karginov","tag-big-shock-racing","tag-dakar","tag-dakar-2019","tag-eduard-nikolajev","tag-frantisek-tomasek","tag-kamaz","tag-liaz","tag-lukas-kalanka","tag-martin-macik-ml"],"yoast_head":"<!-- This site is optimized with the Yoast SEO plugin v24.9 - https:\/\/yoast.com\/wordpress\/plugins\/seo\/ -->\n<title>Dakar 2019: Martin Mac\u00edk se posouv\u00e1 do top 5 - DAKARMANIA.cz<\/title>\n<meta name=\"description\" content=\"Martin Mac\u00edk jr. ve t\u0159et\u00ed etap\u011b Rally Dakar 2019 dok\u00e1zal jako jedin\u00fd dr\u017eet krok s trojic\u00ed tov\u00e1rn\u00edch Kamaz\u016f a s Ivecem Federica Villagry.\" \/>\n<meta name=\"robots\" content=\"index, follow, max-snippet:-1, max-image-preview:large, max-video-preview:-1\" \/>\n<link rel=\"canonical\" href=\"https:\/\/www.dakarmania.cz\/index.php\/2019\/01\/09\/dakar-2019-martin-macik-se-posouva-do-top-5\/\" \/>\n<meta property=\"og:locale\" content=\"cs_CZ\" \/>\n<meta property=\"og:type\" content=\"article\" \/>\n<meta property=\"og:title\" content=\"Dakar 2019: Martin Mac\u00edk se posouv\u00e1 do top 5 - DAKARMANIA.cz\" \/>\n<meta property=\"og:description\" content=\"Martin Mac\u00edk jr. ve t\u0159et\u00ed etap\u011b Rally Dakar 2019 dok\u00e1zal jako jedin\u00fd dr\u017eet krok s trojic\u00ed tov\u00e1rn\u00edch Kamaz\u016f a s Ivecem Federica Villagry.\" \/>\n<meta property=\"og:url\" content=\"https:\/\/www.dakarmania.cz\/index.php\/2019\/01\/09\/dakar-2019-martin-macik-se-posouva-do-top-5\/\" \/>\n<meta property=\"og:site_name\" content=\"DAKARMANIA.cz\" \/>\n<meta property=\"article:publisher\" content=\"https:\/\/www.facebook.com\/dakarmania\/\" \/>\n<meta property=\"article:published_time\" content=\"2019-01-09T21:38:35+00:00\" \/>\n<meta property=\"article:modified_time\" content=\"2023-01-30T20:04:01+00:00\" \/>\n<meta property=\"og:image\" content=\"https:\/\/www.dakarmania.cz\/wp-content\/uploads\/2019\/01\/19-dakar-macik03.jpg\" \/>\n\t<meta property=\"og:image:width\" content=\"2048\" \/>\n\t<meta property=\"og:image:height\" content=\"1367\" \/>\n\t<meta property=\"og:image:type\" content=\"image\/jpeg\" \/>\n<meta name=\"author\" content=\"Zden\u011bk Zelenka\" \/>\n<meta name=\"twitter:card\" content=\"summary_large_image\" \/>\n<meta name=\"twitter:label1\" content=\"Napsal(a)\" \/>\n\t<meta name=\"twitter:data1\" content=\"Zden\u011bk Zelenka\" \/>\n\t<meta name=\"twitter:label2\" content=\"Odhadovan\u00e1 doba \u010dten\u00ed\" \/>\n\t<meta name=\"twitter:data2\" content=\"3 minuty\" \/>\n<script type=\"application\/ld+json\" class=\"yoast-schema-graph\">{\"@context\":\"https:\/\/schema.org\",\"@graph\":[{\"@type\":\"Article\",\"@id\":\"https:\/\/www.dakarmania.cz\/index.php\/2019\/01\/09\/dakar-2019-martin-macik-se-posouva-do-top-5\/#article\",\"isPartOf\":{\"@id\":\"https:\/\/www.dakarmania.cz\/index.php\/2019\/01\/09\/dakar-2019-martin-macik-se-posouva-do-top-5\/\"},\"author\":{\"name\":\"Zden\u011bk Zelenka\",\"@id\":\"https:\/\/www.dakarmania.cz\/#\/schema\/person\/04eb0e87a389631c2169c0dddae7ff1e\"},\"headline\":\"Dakar 2019: Martin Mac\u00edk se posouv\u00e1 do top 5\",\"datePublished\":\"2019-01-09T21:38:35+00:00\",\"dateModified\":\"2023-01-30T20:04:01+00:00\",\"mainEntityOfPage\":{\"@id\":\"https:\/\/www.dakarmania.cz\/index.php\/2019\/01\/09\/dakar-2019-martin-macik-se-posouva-do-top-5\/\"},\"wordCount\":611,\"publisher\":{\"@id\":\"https:\/\/www.dakarmania.cz\/#organization\"},\"image\":{\"@id\":\"https:\/\/www.dakarmania.cz\/index.php\/2019\/01\/09\/dakar-2019-martin-macik-se-posouva-do-top-5\/#primaryimage\"},\"thumbnailUrl\":\"https:\/\/www.dakarmania.cz\/wp-content\/uploads\/2019\/01\/19-dakar-macik03.jpg\",\"keywords\":[\"Andrej Karginov\",\"Big Shock! Racing\",\"Dakar\",\"Dakar 2019\",\"Eduard Nikolajev\",\"Franti\u0161ek Tom\u00e1\u0161ek\",\"Kamaz\",\"Liaz\",\"Luk\u00e1\u0161 Kalanka\",\"Martin Mac\u00edk ml.\"],\"articleSection\":[\"Kamiony\",\"Rally Dakar\"],\"inLanguage\":\"cs\"},{\"@type\":\"WebPage\",\"@id\":\"https:\/\/www.dakarmania.cz\/index.php\/2019\/01\/09\/dakar-2019-martin-macik-se-posouva-do-top-5\/\",\"url\":\"https:\/\/www.dakarmania.cz\/index.php\/2019\/01\/09\/dakar-2019-martin-macik-se-posouva-do-top-5\/\",\"name\":\"Dakar 2019: Martin Mac\u00edk se posouv\u00e1 do top 5 - DAKARMANIA.cz\",\"isPartOf\":{\"@id\":\"https:\/\/www.dakarmania.cz\/#website\"},\"primaryImageOfPage\":{\"@id\":\"https:\/\/www.dakarmania.cz\/index.php\/2019\/01\/09\/dakar-2019-martin-macik-se-posouva-do-top-5\/#primaryimage\"},\"image\":{\"@id\":\"https:\/\/www.dakarmania.cz\/index.php\/2019\/01\/09\/dakar-2019-martin-macik-se-posouva-do-top-5\/#primaryimage\"},\"thumbnailUrl\":\"https:\/\/www.dakarmania.cz\/wp-content\/uploads\/2019\/01\/19-dakar-macik03.jpg\",\"datePublished\":\"2019-01-09T21:38:35+00:00\",\"dateModified\":\"2023-01-30T20:04:01+00:00\",\"description\":\"Martin Mac\u00edk jr. ve t\u0159et\u00ed etap\u011b Rally Dakar 2019 dok\u00e1zal jako jedin\u00fd dr\u017eet krok s trojic\u00ed tov\u00e1rn\u00edch Kamaz\u016f a s Ivecem Federica Villagry.\",\"breadcrumb\":{\"@id\":\"https:\/\/www.dakarmania.cz\/index.php\/2019\/01\/09\/dakar-2019-martin-macik-se-posouva-do-top-5\/#breadcrumb\"},\"inLanguage\":\"cs\",\"potentialAction\":[{\"@type\":\"ReadAction\",\"target\":[\"https:\/\/www.dakarmania.cz\/index.php\/2019\/01\/09\/dakar-2019-martin-macik-se-posouva-do-top-5\/\"]}]},{\"@type\":\"ImageObject\",\"inLanguage\":\"cs\",\"@id\":\"https:\/\/www.dakarmania.cz\/index.php\/2019\/01\/09\/dakar-2019-martin-macik-se-posouva-do-top-5\/#primaryimage\",\"url\":\"https:\/\/www.dakarmania.cz\/wp-content\/uploads\/2019\/01\/19-dakar-macik03.jpg\",\"contentUrl\":\"https:\/\/www.dakarmania.cz\/wp-content\/uploads\/2019\/01\/19-dakar-macik03.jpg\",\"width\":2048,\"height\":1367,\"caption\":\"Martin Mac\u00edk Jr.\/Franti\u0161ek Tom\u00e1\u0161ek\/Luk\u00e1\u0161 Kalanka, Liaz 111.154, Big Shock Racing. Rally Dakar 2019. \u00a9 Big Shock Racing\"},{\"@type\":\"BreadcrumbList\",\"@id\":\"https:\/\/www.dakarmania.cz\/index.php\/2019\/01\/09\/dakar-2019-martin-macik-se-posouva-do-top-5\/#breadcrumb\",\"itemListElement\":[{\"@type\":\"ListItem\",\"position\":1,\"name\":\"Dom\u016f\",\"item\":\"https:\/\/www.dakarmania.cz\/\"},{\"@type\":\"ListItem\",\"position\":2,\"name\":\"Dakar 2019: Martin Mac\u00edk se posouv\u00e1 do top 5\"}]},{\"@type\":\"WebSite\",\"@id\":\"https:\/\/www.dakarmania.cz\/#website\",\"url\":\"https:\/\/www.dakarmania.cz\/\",\"name\":\"DAKARMANIA.cz\",\"description\":\"\u017dijeme Dakarem cel\u00fd rok\",\"publisher\":{\"@id\":\"https:\/\/www.dakarmania.cz\/#organization\"},\"potentialAction\":[{\"@type\":\"SearchAction\",\"target\":{\"@type\":\"EntryPoint\",\"urlTemplate\":\"https:\/\/www.dakarmania.cz\/?s={search_term_string}\"},\"query-input\":{\"@type\":\"PropertyValueSpecification\",\"valueRequired\":true,\"valueName\":\"search_term_string\"}}],\"inLanguage\":\"cs\"},{\"@type\":\"Organization\",\"@id\":\"https:\/\/www.dakarmania.cz\/#organization\",\"name\":\"DAKAR MANIA\",\"url\":\"https:\/\/www.dakarmania.cz\/\",\"logo\":{\"@type\":\"ImageObject\",\"inLanguage\":\"cs\",\"@id\":\"https:\/\/www.dakarmania.cz\/#\/schema\/logo\/image\/\",\"url\":\"https:\/\/www.dakarmania.cz\/wp-content\/uploads\/2018\/12\/Dakar-Mania-Logo-Square-Orange.png\",\"contentUrl\":\"https:\/\/www.dakarmania.cz\/wp-content\/uploads\/2018\/12\/Dakar-Mania-Logo-Square-Orange.png\",\"width\":992,\"height\":992,\"caption\":\"DAKAR MANIA\"},\"image\":{\"@id\":\"https:\/\/www.dakarmania.cz\/#\/schema\/logo\/image\/\"},\"sameAs\":[\"https:\/\/www.facebook.com\/dakarmania\/\"]},{\"@type\":\"Person\",\"@id\":\"https:\/\/www.dakarmania.cz\/#\/schema\/person\/04eb0e87a389631c2169c0dddae7ff1e\",\"name\":\"Zden\u011bk Zelenka\",\"image\":{\"@type\":\"ImageObject\",\"inLanguage\":\"cs\",\"@id\":\"https:\/\/www.dakarmania.cz\/#\/schema\/person\/image\/\",\"url\":\"https:\/\/secure.gravatar.com\/avatar\/2c80d5a4942fe0900b73cc7d3837a509d6ee0a276a2b76dac95c92bd0763a89b?s=96&d=mm&r=g\",\"contentUrl\":\"https:\/\/secure.gravatar.com\/avatar\/2c80d5a4942fe0900b73cc7d3837a509d6ee0a276a2b76dac95c92bd0763a89b?s=96&d=mm&r=g\",\"caption\":\"Zden\u011bk Zelenka\"},\"description\":\"Moji d\u011bt\u0161t\u00ed hrdinov\u00e9 se jmenovali Loprais, Moskal, Neveu, Vatanen, Rahier... A tihle borci, jejich n\u00e1sledovn\u00edci a jejich p\u0159\u00edb\u011bhy m\u011b nep\u0159estali fascinovat ani po letech, kdy jsem vyrostl a zam\u011bstn\u00e1valy m\u011b jin\u00e9 discipl\u00edny motorsportu. Proto se zrodila DAKARMANIA.\",\"url\":\"https:\/\/www.dakarmania.cz\/index.php\/author\/dakarmania\/\"}]}<\/script>\n<!-- \/ Yoast SEO plugin. -->","yoast_head_json":{"title":"Dakar 2019: Martin Mac\u00edk se posouv\u00e1 do top 5 - DAKARMANIA.cz","description":"Martin Mac\u00edk jr. ve t\u0159et\u00ed etap\u011b Rally Dakar 2019 dok\u00e1zal jako jedin\u00fd dr\u017eet krok s trojic\u00ed tov\u00e1rn\u00edch Kamaz\u016f a s Ivecem Federica Villagry.","robots":{"index":"index","follow":"follow","max-snippet":"max-snippet:-1","max-image-preview":"max-image-preview:large","max-video-preview":"max-video-preview:-1"},"canonical":"https:\/\/www.dakarmania.cz\/index.php\/2019\/01\/09\/dakar-2019-martin-macik-se-posouva-do-top-5\/","og_locale":"cs_CZ","og_type":"article","og_title":"Dakar 2019: Martin Mac\u00edk se posouv\u00e1 do top 5 - DAKARMANIA.cz","og_description":"Martin Mac\u00edk jr. ve t\u0159et\u00ed etap\u011b Rally Dakar 2019 dok\u00e1zal jako jedin\u00fd dr\u017eet krok s trojic\u00ed tov\u00e1rn\u00edch Kamaz\u016f a s Ivecem Federica Villagry.","og_url":"https:\/\/www.dakarmania.cz\/index.php\/2019\/01\/09\/dakar-2019-martin-macik-se-posouva-do-top-5\/","og_site_name":"DAKARMANIA.cz","article_publisher":"https:\/\/www.facebook.com\/dakarmania\/","article_published_time":"2019-01-09T21:38:35+00:00","article_modified_time":"2023-01-30T20:04:01+00:00","og_image":[{"width":2048,"height":1367,"url":"https:\/\/www.dakarmania.cz\/wp-content\/uploads\/2019\/01\/19-dakar-macik03.jpg","type":"image\/jpeg"}],"author":"Zden\u011bk Zelenka","twitter_card":"summary_large_image","twitter_misc":{"Napsal(a)":"Zden\u011bk Zelenka","Odhadovan\u00e1 doba \u010dten\u00ed":"3 minuty"},"schema":{"@context":"https:\/\/schema.org","@graph":[{"@type":"Article","@id":"https:\/\/www.dakarmania.cz\/index.php\/2019\/01\/09\/dakar-2019-martin-macik-se-posouva-do-top-5\/#article","isPartOf":{"@id":"https:\/\/www.dakarmania.cz\/index.php\/2019\/01\/09\/dakar-2019-martin-macik-se-posouva-do-top-5\/"},"author":{"name":"Zden\u011bk Zelenka","@id":"https:\/\/www.dakarmania.cz\/#\/schema\/person\/04eb0e87a389631c2169c0dddae7ff1e"},"headline":"Dakar 2019: Martin Mac\u00edk se posouv\u00e1 do top 5","datePublished":"2019-01-09T21:38:35+00:00","dateModified":"2023-01-30T20:04:01+00:00","mainEntityOfPage":{"@id":"https:\/\/www.dakarmania.cz\/index.php\/2019\/01\/09\/dakar-2019-martin-macik-se-posouva-do-top-5\/"},"wordCount":611,"publisher":{"@id":"https:\/\/www.dakarmania.cz\/#organization"},"image":{"@id":"https:\/\/www.dakarmania.cz\/index.php\/2019\/01\/09\/dakar-2019-martin-macik-se-posouva-do-top-5\/#primaryimage"},"thumbnailUrl":"https:\/\/www.dakarmania.cz\/wp-content\/uploads\/2019\/01\/19-dakar-macik03.jpg","keywords":["Andrej Karginov","Big Shock! Racing","Dakar","Dakar 2019","Eduard Nikolajev","Franti\u0161ek Tom\u00e1\u0161ek","Kamaz","Liaz","Luk\u00e1\u0161 Kalanka","Martin Mac\u00edk ml."],"articleSection":["Kamiony","Rally Dakar"],"inLanguage":"cs"},{"@type":"WebPage","@id":"https:\/\/www.dakarmania.cz\/index.php\/2019\/01\/09\/dakar-2019-martin-macik-se-posouva-do-top-5\/","url":"https:\/\/www.dakarmania.cz\/index.php\/2019\/01\/09\/dakar-2019-martin-macik-se-posouva-do-top-5\/","name":"Dakar 2019: Martin Mac\u00edk se posouv\u00e1 do top 5 - DAKARMANIA.cz","isPartOf":{"@id":"https:\/\/www.dakarmania.cz\/#website"},"primaryImageOfPage":{"@id":"https:\/\/www.dakarmania.cz\/index.php\/2019\/01\/09\/dakar-2019-martin-macik-se-posouva-do-top-5\/#primaryimage"},"image":{"@id":"https:\/\/www.dakarmania.cz\/index.php\/2019\/01\/09\/dakar-2019-martin-macik-se-posouva-do-top-5\/#primaryimage"},"thumbnailUrl":"https:\/\/www.dakarmania.cz\/wp-content\/uploads\/2019\/01\/19-dakar-macik03.jpg","datePublished":"2019-01-09T21:38:35+00:00","dateModified":"2023-01-30T20:04:01+00:00","description":"Martin Mac\u00edk jr. ve t\u0159et\u00ed etap\u011b Rally Dakar 2019 dok\u00e1zal jako jedin\u00fd dr\u017eet krok s trojic\u00ed tov\u00e1rn\u00edch Kamaz\u016f a s Ivecem Federica Villagry.","breadcrumb":{"@id":"https:\/\/www.dakarmania.cz\/index.php\/2019\/01\/09\/dakar-2019-martin-macik-se-posouva-do-top-5\/#breadcrumb"},"inLanguage":"cs","potentialAction":[{"@type":"ReadAction","target":["https:\/\/www.dakarmania.cz\/index.php\/2019\/01\/09\/dakar-2019-martin-macik-se-posouva-do-top-5\/"]}]},{"@type":"ImageObject","inLanguage":"cs","@id":"https:\/\/www.dakarmania.cz\/index.php\/2019\/01\/09\/dakar-2019-martin-macik-se-posouva-do-top-5\/#primaryimage","url":"https:\/\/www.dakarmania.cz\/wp-content\/uploads\/2019\/01\/19-dakar-macik03.jpg","contentUrl":"https:\/\/www.dakarmania.cz\/wp-content\/uploads\/2019\/01\/19-dakar-macik03.jpg","width":2048,"height":1367,"caption":"Martin Mac\u00edk Jr.\/Franti\u0161ek Tom\u00e1\u0161ek\/Luk\u00e1\u0161 Kalanka, Liaz 111.154, Big Shock Racing. Rally Dakar 2019. \u00a9 Big Shock Racing"},{"@type":"BreadcrumbList","@id":"https:\/\/www.dakarmania.cz\/index.php\/2019\/01\/09\/dakar-2019-martin-macik-se-posouva-do-top-5\/#breadcrumb","itemListElement":[{"@type":"ListItem","position":1,"name":"Dom\u016f","item":"https:\/\/www.dakarmania.cz\/"},{"@type":"ListItem","position":2,"name":"Dakar 2019: Martin Mac\u00edk se posouv\u00e1 do top 5"}]},{"@type":"WebSite","@id":"https:\/\/www.dakarmania.cz\/#website","url":"https:\/\/www.dakarmania.cz\/","name":"DAKARMANIA.cz","description":"\u017dijeme Dakarem cel\u00fd rok","publisher":{"@id":"https:\/\/www.dakarmania.cz\/#organization"},"potentialAction":[{"@type":"SearchAction","target":{"@type":"EntryPoint","urlTemplate":"https:\/\/www.dakarmania.cz\/?s={search_term_string}"},"query-input":{"@type":"PropertyValueSpecification","valueRequired":true,"valueName":"search_term_string"}}],"inLanguage":"cs"},{"@type":"Organization","@id":"https:\/\/www.dakarmania.cz\/#organization","name":"DAKAR MANIA","url":"https:\/\/www.dakarmania.cz\/","logo":{"@type":"ImageObject","inLanguage":"cs","@id":"https:\/\/www.dakarmania.cz\/#\/schema\/logo\/image\/","url":"https:\/\/www.dakarmania.cz\/wp-content\/uploads\/2018\/12\/Dakar-Mania-Logo-Square-Orange.png","contentUrl":"https:\/\/www.dakarmania.cz\/wp-content\/uploads\/2018\/12\/Dakar-Mania-Logo-Square-Orange.png","width":992,"height":992,"caption":"DAKAR MANIA"},"image":{"@id":"https:\/\/www.dakarmania.cz\/#\/schema\/logo\/image\/"},"sameAs":["https:\/\/www.facebook.com\/dakarmania\/"]},{"@type":"Person","@id":"https:\/\/www.dakarmania.cz\/#\/schema\/person\/04eb0e87a389631c2169c0dddae7ff1e","name":"Zden\u011bk Zelenka","image":{"@type":"ImageObject","inLanguage":"cs","@id":"https:\/\/www.dakarmania.cz\/#\/schema\/person\/image\/","url":"https:\/\/secure.gravatar.com\/avatar\/2c80d5a4942fe0900b73cc7d3837a509d6ee0a276a2b76dac95c92bd0763a89b?s=96&d=mm&r=g","contentUrl":"https:\/\/secure.gravatar.com\/avatar\/2c80d5a4942fe0900b73cc7d3837a509d6ee0a276a2b76dac95c92bd0763a89b?s=96&d=mm&r=g","caption":"Zden\u011bk Zelenka"},"description":"Moji d\u011bt\u0161t\u00ed hrdinov\u00e9 se jmenovali Loprais, Moskal, Neveu, Vatanen, Rahier... A tihle borci, jejich n\u00e1sledovn\u00edci a jejich p\u0159\u00edb\u011bhy m\u011b nep\u0159estali fascinovat ani po letech, kdy jsem vyrostl a zam\u011bstn\u00e1valy m\u011b jin\u00e9 discipl\u00edny motorsportu. Proto se zrodila DAKARMANIA.","url":"https:\/\/www.dakarmania.cz\/index.php\/author\/dakarmania\/"}]}},"amp_enabled":true,"_links":{"self":[{"href":"https:\/\/www.dakarmania.cz\/index.php\/wp-json\/wp\/v2\/posts\/1625","targetHints":{"allow":["GET"]}}],"collection":[{"href":"https:\/\/www.dakarmania.cz\/index.php\/wp-json\/wp\/v2\/posts"}],"about":[{"href":"https:\/\/www.dakarmania.cz\/index.php\/wp-json\/wp\/v2\/types\/post"}],"author":[{"embeddable":true,"href":"https:\/\/www.dakarmania.cz\/index.php\/wp-json\/wp\/v2\/users\/1"}],"replies":[{"embeddable":true,"href":"https:\/\/www.dakarmania.cz\/index.php\/wp-json\/wp\/v2\/comments?post=1625"}],"version-history":[{"count":11,"href":"https:\/\/www.dakarmania.cz\/index.php\/wp-json\/wp\/v2\/posts\/1625\/revisions"}],"predecessor-version":[{"id":1677,"href":"https:\/\/www.dakarmania.cz\/index.php\/wp-json\/wp\/v2\/posts\/1625\/revisions\/1677"}],"wp:featuredmedia":[{"embeddable":true,"href":"https:\/\/www.dakarmania.cz\/index.php\/wp-json\/wp\/v2\/media\/1632"}],"wp:attachment":[{"href":"https:\/\/www.dakarmania.cz\/index.php\/wp-json\/wp\/v2\/media?parent=1625"}],"wp:term":[{"taxonomy":"category","embeddable":true,"href":"https:\/\/www.dakarmania.cz\/index.php\/wp-json\/wp\/v2\/categories?post=1625"},{"taxonomy":"post_tag","embeddable":true,"href":"https:\/\/www.dakarmania.cz\/index.php\/wp-json\/wp\/v2\/tags?post=1625"}],"curies":[{"name":"wp","href":"https:\/\/api.w.org\/{rel}","templated":true}]}}