{"id":16326,"date":"2020-06-18T07:35:14","date_gmt":"2020-06-18T05:35:14","guid":{"rendered":"https:\/\/www.dakarmania.cz\/?p=16326"},"modified":"2020-07-02T15:03:02","modified_gmt":"2020-07-02T13:03:02","slug":"dakar-2021-loprais-team-ladi-pragu","status":"publish","type":"post","link":"https:\/\/www.dakarmania.cz\/index.php\/2020\/06\/18\/dakar-2021-loprais-team-ladi-pragu\/","title":{"rendered":"Dakar 2021: Loprais Team lad\u00ed Pragu. Ve h\u0159e dal\u0161\u00ed dva vozy"},"content":{"rendered":"<p>[vc_row][vc_column][vc_column_text css_animation=&#8221;fadeIn&#8221;]<\/p>\n<h3>P\u0159\u00edpravy Instaforex Loprais Teamu na Rally Dakar 2021 jsou v pln\u00e9m proudu. A to i navzdory omezen\u00edm p\u0159ijat\u00fdm kv\u016fli \u0161\u00ed\u0159\u00edc\u00edmu se koronaviru, kter\u00e1 v uplynul\u00fdch m\u011bs\u00edc\u00edch v\u00fdrazn\u011b p\u0159ibrzdila t\u00e9m\u011b\u0159 cel\u00fd sv\u011bt. Nicm\u00e9n\u011b covid-19 pozm\u011bnil p\u016fvodn\u00ed pl\u00e1ny fren\u0161t\u00e1tsk\u00e9 sestavy.<\/h3>\n<p>[\/vc_column_text][vc_single_image image=&#8221;16324&#8243; img_size=&#8221;large&#8221; add_caption=&#8221;yes&#8221; alignment=&#8221;center&#8221; onclick=&#8221;link_image&#8221; css_animation=&#8221;fadeIn&#8221;][vc_column_text css_animation=&#8221;fadeIn&#8221;]Po\u0159\u00e1daj\u00edc\u00ed spole\u010dnost Amaury Sport Organisation (ASO) minul\u00fd t\u00fdden <a href=\"\/index.php\/2020\/06\/11\/dakar-2021-opet-jen-saudska-arabie\/\">nast\u00ednila podobu 43. ro\u010dn\u00edku<\/a> nejslavn\u011bj\u0161\u00ed pou\u0161tn\u00ed rally sv\u011bta. Dakar se sice pojede podruh\u00e9 v \u0159ad\u011b pouze na \u00fazem\u00ed Sa\u00fadsk\u00e9 Ar\u00e1bie, organiz\u00e1to\u0159i v\u0161ak slibuj\u00ed t\u00e9m\u011b\u0159 stoprocentn\u011b jinou tra\u0165 ne\u017e letos. M\u011bla by b\u00fdt techni\u010dt\u011bj\u0161\u00ed, pest\u0159ej\u0161\u00ed a alespo\u0148 \u010d\u00e1st ka\u017ed\u00e9 etapy by se m\u011bla jet v dun\u00e1ch.<\/p>\n<p><em>\u201eNejd\u016fle\u017eit\u011bj\u0161\u00ed je, \u017ee se Dakar v\u016fbec pojede. Sa\u00fadsk\u00e1 Ar\u00e1bie je hezk\u00e1 a m\u00e1 podm\u00ednky na to, aby se tam cel\u00fd Dakar konal. Nicm\u00e9n\u011b velk\u00e9 zlep\u0161en\u00ed proti lo\u0148sku bych \u010dekal,\u201c<\/em> nezast\u00edr\u00e1 <strong>Ale\u0161 Loprais<\/strong>. <em>\u201ePokud po\u0159adatel\u00e9 sv\u00e9 sliby dodr\u017e\u00ed, z\u00e1vodu to ur\u010dit\u011b prosp\u011bje. Letos jsme jeli m\u00edsty mezi kr\u00e1sn\u00fdmi dunov\u00fdmi poli, ale pak se jelo neust\u00e1le rovn\u011b, co\u017e um\u00ed ka\u017ed\u00fd. Skute\u010dn\u00e9 jezdeck\u00e9 a navig\u00e1torsk\u00e9 dovednosti odhal\u00ed jedin\u011b techni\u010dt\u011bj\u0161\u00ed trat\u011b.\u201c<\/em><\/p>\n<p><em>\u201ePochopil jsem, \u017ee letos cht\u011bli Sa\u00fadov\u00e9 uk\u00e1zat sv\u011btu ze sv\u00e9 zem\u011b co nejv\u00edc zaj\u00edmav\u00fdch lokalit, a proto jsme se hnali z jednoho m\u00edsta na druh\u00e9. P\u0159\u00ed\u0161t\u011b u\u017e to bude jin\u00e9. D\u00e9lka etapy automaticky neznamen\u00e1 n\u00e1ro\u010dnost. Etapy mohou b\u00fdt krat\u0161\u00ed, ale m\u011bly by b\u00fdt slo\u017eit\u011bj\u0161\u00ed.\u201c<\/em>[\/vc_column_text][vc_single_image image=&#8221;15450&#8243; img_size=&#8221;large&#8221; add_caption=&#8221;yes&#8221; alignment=&#8221;center&#8221; onclick=&#8221;custom_link&#8221; img_link_target=&#8221;_blank&#8221; css_animation=&#8221;fadeIn&#8221; link=&#8221;http:\/\/eshop.dakarmania.cz\/&#8221;][vc_column_text css_animation=&#8221;fadeIn&#8221;]<em>\u201eZa m\u011b je to dobr\u00e1 varianta, i kdy\u017e jsem se nejv\u00edc t\u011b\u0161il na kr\u00e1sn\u00e9 duny v oblasti Liwa pobl\u00ed\u017e Abu Dhabi ve Spojen\u00fdch arabsk\u00fdch emir\u00e1tech a r\u00e1d bych poznal i dal\u0161\u00ed zem\u011b,\u201c<\/em> p\u0159ipou\u0161t\u00ed \u010dtrn\u00e1ctin\u00e1sobn\u00fd \u00fa\u010dastn\u00edk dakarsk\u00e9 rally.<\/p>\n<h4>Lady jist\u011b&#8230;<\/h4>\n<p><a href=\"\/index.php\/osobnosti\/ales-loprais\/\">Ale\u0161 Loprais<\/a> se do Sa\u00fadsk\u00e9 Ar\u00e1bie vyd\u00e1 znovu s Pragou V4S DKR. Na z\u00e1klad\u011b poznatk\u016f, kter\u00e9 t\u00fdm p\u0159i leto\u0161n\u00edm dakarsk\u00e9m debutu nov\u00e9ho kamionu z\u00edskal, proch\u00e1z\u00ed technika v t\u011bchto m\u011bs\u00edc\u00edch dal\u0161\u00edm v\u00fdvojem.<\/p>\n<p><em>\u201eNa Pragovce fini\u0161ujeme. Posledn\u00ed komponenty maj\u00ed dorazit tento t\u00fdden. Kompletuje se motor, p\u0159evod je repasovan\u00fd a nov\u011b nastaven\u00fd. \u010c\u00e1ste\u010dn\u011b m\u011bn\u00edme nastaven\u00ed v r\u00e1mci motoru a jdeme na brzdu,\u201c<\/em> popisuje Loprais aktu\u00e1ln\u00ed stav prac\u00ed na sv\u00e9m sout\u011b\u017en\u00edm speci\u00e1lu, kter\u00fd si vyslou\u017eil p\u0159ezd\u00edvku Lady.[\/vc_column_text][vc_single_image image=&#8221;16323&#8243; img_size=&#8221;large&#8221; add_caption=&#8221;yes&#8221; alignment=&#8221;center&#8221; onclick=&#8221;link_image&#8221; css_animation=&#8221;fadeIn&#8221;][vc_column_text css_animation=&#8221;fadeIn&#8221;]<\/p>\n<h4>&#8230;Kr\u00e1lovna snad&#8230;<\/h4>\n<p>Ve vylep\u0161en\u00e9m voze bude Loprais spol\u00e9hat na osv\u011bd\u010denou pos\u00e1dku. Prost\u0159edn\u00ed sedadlo op\u011bt obsad\u00ed navig\u00e1tor Khalid Alkendi ze Spojen\u00fdch arabsk\u00fdch emir\u00e1t\u016f, role palubn\u00edho mechanika se u\u017e pot\u0159et\u00ed ujme Plze\u0148an <a href=\"\/index.php\/osobnosti\/petr-pokora\/\">Petr Pokora<\/a>.<\/p>\n<p>Podle p\u016fvodn\u00edch z\u00e1m\u011br\u016f cht\u011bl Instaforex Loprais Team poprv\u00e9 od roku 2014 nasadit na <a href=\"\/index.php\/souteze\/#dakar\">Dakaru<\/a> dva \u201eostr\u00e9\u201c vozy. Po ro\u010dn\u00ed p\u0159est\u00e1vce se m\u011bla vr\u00e1tit tak\u00e9 t\u00fdmov\u00e1 Tatra Jamal \u2013 Queen 69.<\/p>\n<p><em>\u201eNa Kr\u00e1lovn\u011b jsme pracovali a d\u00e1vali jsme do po\u0159\u00e1dku v\u011bci, kter\u00e9 na n\u00ed z\u016fstaly je\u0161t\u011b z p\u0159ede\u0161l\u00e9ho Dakaru. Celkov\u011b jsme ji zvelebili,\u201c<\/em> \u0159\u00edk\u00e1 \u010dty\u0159icetilet\u00fd pokra\u010dovatel dakarsk\u00e9 tradice rodiny Lopraisov\u00fdch o voze, za jeho\u017e volantem se v roce 2019 rozlou\u010dil s jihoamerickou \u00e9rou presti\u017en\u00edho maratonu. <em>\u201eSituace kolem nemoci covid-19 v\u0161ak ovlivnila na\u0161e partnery, kte\u0159\u00ed se s Kr\u00e1lovnou cht\u011bli Dakaru z\u00fa\u010dastnit. Pr\u00e1v\u011b v t\u011bchto dnech jsme se dozv\u011bd\u011bli, \u017ee sv\u00e9 pl\u00e1ny museli p\u0159ehodnotit. Ale jsme v kontaktu s dal\u0161\u00edmi z\u00e1jemci, jsme otev\u0159en\u00ed i dal\u0161\u00edm variant\u00e1m a Kr\u00e1lovnin n\u00e1vrat na Dakar zat\u00edm ur\u010dit\u011b nevzd\u00e1v\u00e1me, proto\u017ee je na start de facto p\u0159ipraven\u00e1.\u201c<\/em>[\/vc_column_text][vc_single_image image=&#8221;16330&#8243; img_size=&#8221;large&#8221; add_caption=&#8221;yes&#8221; alignment=&#8221;center&#8221; onclick=&#8221;link_image&#8221; css_animation=&#8221;fadeIn&#8221;][vc_column_text css_animation=&#8221;fadeIn&#8221;]<\/p>\n<h4>&#8230;Puma mo\u017en\u00e1<\/h4>\n<p>Do Sa\u00fadsk\u00e9 Ar\u00e1bie by nav\u00edc mohla zam\u00ed\u0159it i legend\u00e1rn\u00ed Tatra Puma, s n\u00ed\u017e Karel Loprais vybojoval na p\u0159elomu stolet\u00ed t\u0159i dakarsk\u00e1 v\u00edt\u011bzstv\u00ed. ASO toti\u017e na rok 2021 poprv\u00e9 vypisuje tak\u00e9 sout\u011b\u017e Dakar Classic, je\u017e je ur\u010dena pro vozy, kter\u00e9 se v\u00fdznamn\u00fdch mezin\u00e1rodn\u00edch maratonsk\u00fdch sout\u011b\u017e\u00ed \u00fa\u010dastnily p\u0159ed rokem 2000.<\/p>\n<p><em>\u201eJakmile se na ve\u0159ejnost dostaly prvn\u00ed informace o Dakar Classic, ozvali se n\u00e1m z\u00e1jemci, kte\u0159\u00ed by to r\u00e1di zkusili s Pumou. P\u0159em\u00fd\u0161l\u00edme o tom, ale po\u010dk\u00e1me si, a\u017e po\u0159adatel\u00e9 zve\u0159ejn\u00ed pravidla a dal\u0161\u00ed informace. P\u0159eci jen se jedn\u00e1 o v\u016fz, ke kter\u00e9mu m\u00e1me mimo\u0159\u00e1dn\u00fd vztah,\u201c<\/em> upozor\u0148uje fren\u0161t\u00e1tsk\u00fd z\u00e1vodn\u00edk.[\/vc_column_text][vc_video link=&#8221;https:\/\/youtu.be\/r8lAyyGcU2Q&#8221;][vc_column_text css_animation=&#8221;fadeIn&#8221;]<\/p>\n<h4>D\u016fkladn\u00e1 p\u0159\u00edprava na Bl\u00edzk\u00e9m v\u00fdchod\u011b<\/h4>\n<p>Po testech, kter\u00e9 se uskute\u010dn\u00ed na p\u0159elomu srpna a z\u00e1\u0159\u00ed v Evrop\u011b, ode\u0161le Instaforex Loprais Team z\u00e1vodn\u00ed a doprovodnou techniku na Arabsk\u00fd poloostrov, kde si ji po\u010d\u00e1tkem listopadu vyzvedne.<\/p>\n<p><em>\u201eVe Spojen\u00fdch arabsk\u00fdch emir\u00e1tech si chceme v klidu vyzkou\u0161et v\u0161echny nov\u00e9 v\u011bci, proto\u017ee t\u0159eba probl\u00e9m, kter\u00fd se n\u00e1m objevoval na leto\u0161n\u00edm Dakaru, se n\u00e1m v Evrop\u011b neuk\u00e1\u017ee. Stejn\u00fd pl\u00e1n jsme m\u011bli i loni, ale z \u010dasov\u00fdch d\u016fvod\u016f, spojen\u00fdch se stavbou nov\u00e9ho auta, se to nestihlo,\u201c<\/em> p\u0159ipom\u00edn\u00e1 Loprais a nevylu\u010duje, \u017ee by mohl zm\u011b\u0159it s\u00edly s konkurenc\u00ed je\u0161t\u011b p\u0159ed Dakarem. <em>\u201ePokud bude v\u0161echno dob\u0159e fungovat, tak bych cht\u011bl jet koncem listopadu Abu Dhabi Desert Challenge.\u201c<\/em>[\/vc_column_text][vc_separator css_animation=&#8221;fadeIn&#8221;][vc_column_text css_animation=&#8221;fadeIn&#8221;]<\/p>\n<h4>Jak\u00fd bude Dakar 2021?<\/h4>\n<p>Rally Dakar 2021 slavnostn\u011b odstartuje v sobotu 2. ledna v D\u017eidd\u011b. Ve stejn\u00fd den je na programu tak\u00e9 kr\u00e1tk\u00fd prolog, jeho\u017e v\u00fdsledky ur\u010d\u00ed startovn\u00ed po\u0159ad\u00ed do prvn\u00ed ze dvan\u00e1cti klasick\u00fdch etap. Den volna str\u00e1v\u00ed t\u00fdmy v sobotu 9. ledna v Hailu. Do c\u00edle, situovan\u00e9ho op\u011bt v D\u017eidd\u011b, doraz\u00ed \u00fasp\u011b\u0161n\u00ed poko\u0159itel\u00e9 v\u0161ech n\u00e1strah sout\u011b\u017ee v p\u00e1tek 15. ledna.[\/vc_column_text][vc_single_image image=&#8221;16291&#8243; img_size=&#8221;large&#8221; add_caption=&#8221;yes&#8221; alignment=&#8221;center&#8221; onclick=&#8221;link_image&#8221; css_animation=&#8221;fadeIn&#8221;][vc_column_text css_animation=&#8221;fadeIn&#8221;]<\/p>\n<h4>Nov\u00e9 regule<\/h4>\n<p>Na \u00fa\u010dastn\u00edky Dakaru 2021 \u010dek\u00e1 n\u011bkolik novinek v oblasti pravidel. P\u0159esto\u017ee detailn\u00ed reglement zve\u0159ejn\u00ed ASO a\u017e po\u010d\u00e1tkem p\u0159\u00ed\u0161t\u00edho m\u011bs\u00edce, ji\u017e nyn\u00ed mohou i pos\u00e1dky kamion\u016f po\u010d\u00edtat nap\u0159\u00edklad s <strong>distribuc\u00ed roadbook\u016f pouh\u00fdch deset minut p\u0159ed startem<\/strong> ka\u017ed\u00e9 rychlostn\u00ed zkou\u0161ky. Vybran\u00e9 vozy v kategori\u00edch osobn\u00edch aut, side-by-side a kamion\u016f nav\u00edc budou vybaveny za\u0159\u00edzen\u00edmi s <strong>itiner\u00e1\u0159em v elektronick\u00e9 podob\u011b<\/strong>, jen\u017e nahrad\u00ed dosud u\u017e\u00edvanou pap\u00edrovou verzi.<\/p>\n<p>Ke zv\u00fd\u0161en\u00ed bezpe\u010dnosti z\u00e1vodn\u00edk\u016f maj\u00ed p\u0159isp\u011bt nov\u011b zaveden\u00e9 <strong>zvukov\u00e9 sign\u00e1ly upozor\u0148uj\u00edc\u00ed na nebezpe\u010dn\u00e1 m\u00edsta<\/strong> ozna\u010den\u00e1 v roadbooku druh\u00fdm a t\u0159et\u00edm (nejvy\u0161\u0161\u00edm) stupn\u011bm rizika, nebo vyty\u010den\u00ed <strong>z\u00f3n s omezen\u00edm maxim\u00e1ln\u00ed povolen\u00e9 rychlosti<\/strong> na 90 km\/h v nejnebezpe\u010dn\u011bj\u0161\u00edch \u00fasec\u00edch trati.<\/p>\n<p>V\u00fdznamn\u00e9 je i zaveden\u00ed <strong>statusu prioritn\u00edch jezdc\u016f nap\u0159\u00ed\u010d v\u0161emi kategoriemi<\/strong>, tedy i v nejt\u011b\u017e\u0161\u00ed dakarsk\u00e9 vozb\u011b. I tato zm\u011bna m\u016f\u017ee hr\u00e1t na \u010dasto velmi pra\u0161n\u00fdch trat\u00edch Arabsk\u00e9ho poloostrova d\u016fle\u017eitou roli. V p\u0159\u00edpad\u011b, \u017ee se dostanou do probl\u00e9m\u016f a ve v\u00fdsledc\u00edch n\u011bkter\u00e9 etapy figuruj\u00ed v hloubi pole, nemus\u00ed toti\u017e prioritn\u00ed jezdci do n\u00e1sleduj\u00edc\u00edho dne vyr\u00e1\u017eet podle v\u00fdsledk\u016f p\u0159edchoz\u00ed (nevyda\u0159en\u00e9) speci\u00e1lky a mohou b\u00fdt ve startovn\u00edm po\u0159ad\u00ed posunuti vp\u0159ed. Nav\u00edc mezi sebou maj\u00ed v\u011bt\u0161\u00ed \u010dasov\u00e9 rozestupy, tak\u017ee nep\u0159edj\u00ed\u017ed\u011bj\u00ed tak \u010dasto a nejedou do tak hust\u00e9 prachov\u00e9 clony jako jezdci bez priority, kte\u0159\u00ed startuj\u00ed pozd\u011bji a v krat\u0161\u00edch intervalech.<\/p>\n<p>Tiskov\u00e1 zpr\u00e1va Instaforex Loprais Teamu[\/vc_column_text][vc_empty_space height=&#8221;2px&#8221;][\/vc_column][\/vc_row]<\/p>\n","protected":false},"excerpt":{"rendered":"<p>P\u0159\u00edpravy Instaforex Loprais Teamu na Rally Dakar 2021 jsou v pln\u00e9m proudu. Nicm\u00e9n\u011b covid-19 pozm\u011bnil tak\u00e9 p\u016fvodn\u00ed pl\u00e1ny fren\u0161t\u00e1tsk\u00e9 sestavy.<\/p>\n","protected":false},"author":3,"featured_media":16325,"comment_status":"open","ping_status":"closed","sticky":false,"template":"","format":"standard","meta":{"footnotes":""},"categories":[1688,16,637],"tags":[903,1630,65,8,1475,1526,69,67,1557,68],"class_list":["post-16326","post","type-post","status-publish","format-standard","has-post-thumbnail","hentry","category-dakar-2021","category-kamion","category-tiskove-zpravy","tag-903","tag-1630","tag-ales-loprais","tag-dakar","tag-dakar-2021","tag-khalid-alkendi","tag-loprais-team","tag-petr-pokora","tag-praga","tag-tatra"],"yoast_head":"<!-- This site is optimized with the Yoast SEO plugin v24.9 - https:\/\/yoast.com\/wordpress\/plugins\/seo\/ -->\n<title>Dakar 2021: Loprais Team lad\u00ed Pragu. Ve h\u0159e dal\u0161\u00ed dva vozy - DAKARMANIA.cz<\/title>\n<meta name=\"description\" content=\"P\u0159\u00edpravy Instaforex Loprais Teamu na Rally Dakar 2021 jsou v pln\u00e9m proudu. Nicm\u00e9n\u011b covid-19 pozm\u011bnil tak\u00e9 p\u016fvodn\u00ed pl\u00e1ny fren\u0161t\u00e1tsk\u00e9 sestavy.\" \/>\n<meta name=\"robots\" content=\"index, follow, max-snippet:-1, max-image-preview:large, max-video-preview:-1\" \/>\n<link rel=\"canonical\" href=\"https:\/\/www.dakarmania.cz\/index.php\/2020\/06\/18\/dakar-2021-loprais-team-ladi-pragu\/\" \/>\n<meta property=\"og:locale\" content=\"cs_CZ\" \/>\n<meta property=\"og:type\" content=\"article\" \/>\n<meta property=\"og:title\" content=\"Dakar 2021: Loprais Team lad\u00ed Pragu. Ve h\u0159e dal\u0161\u00ed dva vozy - DAKARMANIA.cz\" \/>\n<meta property=\"og:description\" content=\"P\u0159\u00edpravy Instaforex Loprais Teamu na Rally Dakar 2021 jsou v pln\u00e9m proudu. Nicm\u00e9n\u011b covid-19 pozm\u011bnil tak\u00e9 p\u016fvodn\u00ed pl\u00e1ny fren\u0161t\u00e1tsk\u00e9 sestavy.\" \/>\n<meta property=\"og:url\" content=\"https:\/\/www.dakarmania.cz\/index.php\/2020\/06\/18\/dakar-2021-loprais-team-ladi-pragu\/\" \/>\n<meta property=\"og:site_name\" content=\"DAKARMANIA.cz\" \/>\n<meta property=\"article:publisher\" content=\"https:\/\/www.facebook.com\/dakarmania\/\" \/>\n<meta property=\"article:published_time\" content=\"2020-06-18T05:35:14+00:00\" \/>\n<meta property=\"article:modified_time\" content=\"2020-07-02T13:03:02+00:00\" \/>\n<meta property=\"og:image\" content=\"https:\/\/www.dakarmania.cz\/wp-content\/uploads\/2020\/06\/20-dakar-loprais-33.jpg\" \/>\n\t<meta property=\"og:image:width\" content=\"1024\" \/>\n\t<meta property=\"og:image:height\" content=\"683\" \/>\n\t<meta property=\"og:image:type\" content=\"image\/jpeg\" \/>\n<meta name=\"author\" content=\"tiskov\u00e1 zpr\u00e1va\" \/>\n<meta name=\"twitter:card\" content=\"summary_large_image\" \/>\n<meta name=\"twitter:label1\" content=\"Napsal(a)\" \/>\n\t<meta name=\"twitter:data1\" content=\"tiskov\u00e1 zpr\u00e1va\" \/>\n\t<meta name=\"twitter:label2\" content=\"Odhadovan\u00e1 doba \u010dten\u00ed\" \/>\n\t<meta name=\"twitter:data2\" content=\"8 minut\" \/>\n<script type=\"application\/ld+json\" class=\"yoast-schema-graph\">{\"@context\":\"https:\/\/schema.org\",\"@graph\":[{\"@type\":\"Article\",\"@id\":\"https:\/\/www.dakarmania.cz\/index.php\/2020\/06\/18\/dakar-2021-loprais-team-ladi-pragu\/#article\",\"isPartOf\":{\"@id\":\"https:\/\/www.dakarmania.cz\/index.php\/2020\/06\/18\/dakar-2021-loprais-team-ladi-pragu\/\"},\"author\":{\"name\":\"tiskov\u00e1 zpr\u00e1va\",\"@id\":\"https:\/\/www.dakarmania.cz\/#\/schema\/person\/bce8d1fe3633b1178e150fc5e340d5dd\"},\"headline\":\"Dakar 2021: Loprais Team lad\u00ed Pragu. Ve h\u0159e dal\u0161\u00ed dva vozy\",\"datePublished\":\"2020-06-18T05:35:14+00:00\",\"dateModified\":\"2020-07-02T13:03:02+00:00\",\"mainEntityOfPage\":{\"@id\":\"https:\/\/www.dakarmania.cz\/index.php\/2020\/06\/18\/dakar-2021-loprais-team-ladi-pragu\/\"},\"wordCount\":1521,\"commentCount\":0,\"publisher\":{\"@id\":\"https:\/\/www.dakarmania.cz\/#organization\"},\"image\":{\"@id\":\"https:\/\/www.dakarmania.cz\/index.php\/2020\/06\/18\/dakar-2021-loprais-team-ladi-pragu\/#primaryimage\"},\"thumbnailUrl\":\"https:\/\/www.dakarmania.cz\/wp-content\/uploads\/2020\/06\/20-dakar-loprais-33.jpg\",\"keywords\":[\"2020\",\"2021\",\"Ale\u0161 Loprais\",\"Dakar\",\"Dakar 2021\",\"Khalid Alkendi\",\"Loprais Team\",\"Petr Pokora\",\"Praga\",\"Tatra\"],\"articleSection\":[\"Dakar 2021\",\"Kamiony\",\"Tiskov\u00e9 zpr\u00e1vy\"],\"inLanguage\":\"cs\",\"potentialAction\":[{\"@type\":\"CommentAction\",\"name\":\"Comment\",\"target\":[\"https:\/\/www.dakarmania.cz\/index.php\/2020\/06\/18\/dakar-2021-loprais-team-ladi-pragu\/#respond\"]}]},{\"@type\":\"WebPage\",\"@id\":\"https:\/\/www.dakarmania.cz\/index.php\/2020\/06\/18\/dakar-2021-loprais-team-ladi-pragu\/\",\"url\":\"https:\/\/www.dakarmania.cz\/index.php\/2020\/06\/18\/dakar-2021-loprais-team-ladi-pragu\/\",\"name\":\"Dakar 2021: Loprais Team lad\u00ed Pragu. Ve h\u0159e dal\u0161\u00ed dva vozy - DAKARMANIA.cz\",\"isPartOf\":{\"@id\":\"https:\/\/www.dakarmania.cz\/#website\"},\"primaryImageOfPage\":{\"@id\":\"https:\/\/www.dakarmania.cz\/index.php\/2020\/06\/18\/dakar-2021-loprais-team-ladi-pragu\/#primaryimage\"},\"image\":{\"@id\":\"https:\/\/www.dakarmania.cz\/index.php\/2020\/06\/18\/dakar-2021-loprais-team-ladi-pragu\/#primaryimage\"},\"thumbnailUrl\":\"https:\/\/www.dakarmania.cz\/wp-content\/uploads\/2020\/06\/20-dakar-loprais-33.jpg\",\"datePublished\":\"2020-06-18T05:35:14+00:00\",\"dateModified\":\"2020-07-02T13:03:02+00:00\",\"description\":\"P\u0159\u00edpravy Instaforex Loprais Teamu na Rally Dakar 2021 jsou v pln\u00e9m proudu. Nicm\u00e9n\u011b covid-19 pozm\u011bnil tak\u00e9 p\u016fvodn\u00ed pl\u00e1ny fren\u0161t\u00e1tsk\u00e9 sestavy.\",\"breadcrumb\":{\"@id\":\"https:\/\/www.dakarmania.cz\/index.php\/2020\/06\/18\/dakar-2021-loprais-team-ladi-pragu\/#breadcrumb\"},\"inLanguage\":\"cs\",\"potentialAction\":[{\"@type\":\"ReadAction\",\"target\":[\"https:\/\/www.dakarmania.cz\/index.php\/2020\/06\/18\/dakar-2021-loprais-team-ladi-pragu\/\"]}]},{\"@type\":\"ImageObject\",\"inLanguage\":\"cs\",\"@id\":\"https:\/\/www.dakarmania.cz\/index.php\/2020\/06\/18\/dakar-2021-loprais-team-ladi-pragu\/#primaryimage\",\"url\":\"https:\/\/www.dakarmania.cz\/wp-content\/uploads\/2020\/06\/20-dakar-loprais-33.jpg\",\"contentUrl\":\"https:\/\/www.dakarmania.cz\/wp-content\/uploads\/2020\/06\/20-dakar-loprais-33.jpg\",\"width\":1024,\"height\":683,\"caption\":\"Ale\u0161 Loprais\/Khalid Alkendi\/Petr Pokora, Praga V4S DKR, Instaforex Loprais Team. Rally Dakar 2020. \u00a9 Loprais Team\"},{\"@type\":\"BreadcrumbList\",\"@id\":\"https:\/\/www.dakarmania.cz\/index.php\/2020\/06\/18\/dakar-2021-loprais-team-ladi-pragu\/#breadcrumb\",\"itemListElement\":[{\"@type\":\"ListItem\",\"position\":1,\"name\":\"Dom\u016f\",\"item\":\"https:\/\/www.dakarmania.cz\/\"},{\"@type\":\"ListItem\",\"position\":2,\"name\":\"Dakar 2021: Loprais Team lad\u00ed Pragu. Ve h\u0159e dal\u0161\u00ed dva vozy\"}]},{\"@type\":\"WebSite\",\"@id\":\"https:\/\/www.dakarmania.cz\/#website\",\"url\":\"https:\/\/www.dakarmania.cz\/\",\"name\":\"DAKARMANIA.cz\",\"description\":\"\u017dijeme Dakarem cel\u00fd rok\",\"publisher\":{\"@id\":\"https:\/\/www.dakarmania.cz\/#organization\"},\"potentialAction\":[{\"@type\":\"SearchAction\",\"target\":{\"@type\":\"EntryPoint\",\"urlTemplate\":\"https:\/\/www.dakarmania.cz\/?s={search_term_string}\"},\"query-input\":{\"@type\":\"PropertyValueSpecification\",\"valueRequired\":true,\"valueName\":\"search_term_string\"}}],\"inLanguage\":\"cs\"},{\"@type\":\"Organization\",\"@id\":\"https:\/\/www.dakarmania.cz\/#organization\",\"name\":\"DAKAR MANIA\",\"url\":\"https:\/\/www.dakarmania.cz\/\",\"logo\":{\"@type\":\"ImageObject\",\"inLanguage\":\"cs\",\"@id\":\"https:\/\/www.dakarmania.cz\/#\/schema\/logo\/image\/\",\"url\":\"https:\/\/www.dakarmania.cz\/wp-content\/uploads\/2018\/12\/Dakar-Mania-Logo-Square-Orange.png\",\"contentUrl\":\"https:\/\/www.dakarmania.cz\/wp-content\/uploads\/2018\/12\/Dakar-Mania-Logo-Square-Orange.png\",\"width\":992,\"height\":992,\"caption\":\"DAKAR MANIA\"},\"image\":{\"@id\":\"https:\/\/www.dakarmania.cz\/#\/schema\/logo\/image\/\"},\"sameAs\":[\"https:\/\/www.facebook.com\/dakarmania\/\"]},{\"@type\":\"Person\",\"@id\":\"https:\/\/www.dakarmania.cz\/#\/schema\/person\/bce8d1fe3633b1178e150fc5e340d5dd\",\"name\":\"tiskov\u00e1 zpr\u00e1va\",\"image\":{\"@type\":\"ImageObject\",\"inLanguage\":\"cs\",\"@id\":\"https:\/\/www.dakarmania.cz\/#\/schema\/person\/image\/\",\"url\":\"https:\/\/secure.gravatar.com\/avatar\/19aefcb6c7bfae691fca4d805686c670f59bb4f7414c7b398b88dc9c8f4e96d5?s=96&d=mm&r=g\",\"contentUrl\":\"https:\/\/secure.gravatar.com\/avatar\/19aefcb6c7bfae691fca4d805686c670f59bb4f7414c7b398b88dc9c8f4e96d5?s=96&d=mm&r=g\",\"caption\":\"tiskov\u00e1 zpr\u00e1va\"},\"url\":\"https:\/\/www.dakarmania.cz\/index.php\/author\/tiskovezpravy\/\"}]}<\/script>\n<!-- \/ Yoast SEO plugin. -->","yoast_head_json":{"title":"Dakar 2021: Loprais Team lad\u00ed Pragu. Ve h\u0159e dal\u0161\u00ed dva vozy - DAKARMANIA.cz","description":"P\u0159\u00edpravy Instaforex Loprais Teamu na Rally Dakar 2021 jsou v pln\u00e9m proudu. Nicm\u00e9n\u011b covid-19 pozm\u011bnil tak\u00e9 p\u016fvodn\u00ed pl\u00e1ny fren\u0161t\u00e1tsk\u00e9 sestavy.","robots":{"index":"index","follow":"follow","max-snippet":"max-snippet:-1","max-image-preview":"max-image-preview:large","max-video-preview":"max-video-preview:-1"},"canonical":"https:\/\/www.dakarmania.cz\/index.php\/2020\/06\/18\/dakar-2021-loprais-team-ladi-pragu\/","og_locale":"cs_CZ","og_type":"article","og_title":"Dakar 2021: Loprais Team lad\u00ed Pragu. Ve h\u0159e dal\u0161\u00ed dva vozy - DAKARMANIA.cz","og_description":"P\u0159\u00edpravy Instaforex Loprais Teamu na Rally Dakar 2021 jsou v pln\u00e9m proudu. Nicm\u00e9n\u011b covid-19 pozm\u011bnil tak\u00e9 p\u016fvodn\u00ed pl\u00e1ny fren\u0161t\u00e1tsk\u00e9 sestavy.","og_url":"https:\/\/www.dakarmania.cz\/index.php\/2020\/06\/18\/dakar-2021-loprais-team-ladi-pragu\/","og_site_name":"DAKARMANIA.cz","article_publisher":"https:\/\/www.facebook.com\/dakarmania\/","article_published_time":"2020-06-18T05:35:14+00:00","article_modified_time":"2020-07-02T13:03:02+00:00","og_image":[{"width":1024,"height":683,"url":"https:\/\/www.dakarmania.cz\/wp-content\/uploads\/2020\/06\/20-dakar-loprais-33.jpg","type":"image\/jpeg"}],"author":"tiskov\u00e1 zpr\u00e1va","twitter_card":"summary_large_image","twitter_misc":{"Napsal(a)":"tiskov\u00e1 zpr\u00e1va","Odhadovan\u00e1 doba \u010dten\u00ed":"8 minut"},"schema":{"@context":"https:\/\/schema.org","@graph":[{"@type":"Article","@id":"https:\/\/www.dakarmania.cz\/index.php\/2020\/06\/18\/dakar-2021-loprais-team-ladi-pragu\/#article","isPartOf":{"@id":"https:\/\/www.dakarmania.cz\/index.php\/2020\/06\/18\/dakar-2021-loprais-team-ladi-pragu\/"},"author":{"name":"tiskov\u00e1 zpr\u00e1va","@id":"https:\/\/www.dakarmania.cz\/#\/schema\/person\/bce8d1fe3633b1178e150fc5e340d5dd"},"headline":"Dakar 2021: Loprais Team lad\u00ed Pragu. Ve h\u0159e dal\u0161\u00ed dva vozy","datePublished":"2020-06-18T05:35:14+00:00","dateModified":"2020-07-02T13:03:02+00:00","mainEntityOfPage":{"@id":"https:\/\/www.dakarmania.cz\/index.php\/2020\/06\/18\/dakar-2021-loprais-team-ladi-pragu\/"},"wordCount":1521,"commentCount":0,"publisher":{"@id":"https:\/\/www.dakarmania.cz\/#organization"},"image":{"@id":"https:\/\/www.dakarmania.cz\/index.php\/2020\/06\/18\/dakar-2021-loprais-team-ladi-pragu\/#primaryimage"},"thumbnailUrl":"https:\/\/www.dakarmania.cz\/wp-content\/uploads\/2020\/06\/20-dakar-loprais-33.jpg","keywords":["2020","2021","Ale\u0161 Loprais","Dakar","Dakar 2021","Khalid Alkendi","Loprais Team","Petr Pokora","Praga","Tatra"],"articleSection":["Dakar 2021","Kamiony","Tiskov\u00e9 zpr\u00e1vy"],"inLanguage":"cs","potentialAction":[{"@type":"CommentAction","name":"Comment","target":["https:\/\/www.dakarmania.cz\/index.php\/2020\/06\/18\/dakar-2021-loprais-team-ladi-pragu\/#respond"]}]},{"@type":"WebPage","@id":"https:\/\/www.dakarmania.cz\/index.php\/2020\/06\/18\/dakar-2021-loprais-team-ladi-pragu\/","url":"https:\/\/www.dakarmania.cz\/index.php\/2020\/06\/18\/dakar-2021-loprais-team-ladi-pragu\/","name":"Dakar 2021: Loprais Team lad\u00ed Pragu. Ve h\u0159e dal\u0161\u00ed dva vozy - DAKARMANIA.cz","isPartOf":{"@id":"https:\/\/www.dakarmania.cz\/#website"},"primaryImageOfPage":{"@id":"https:\/\/www.dakarmania.cz\/index.php\/2020\/06\/18\/dakar-2021-loprais-team-ladi-pragu\/#primaryimage"},"image":{"@id":"https:\/\/www.dakarmania.cz\/index.php\/2020\/06\/18\/dakar-2021-loprais-team-ladi-pragu\/#primaryimage"},"thumbnailUrl":"https:\/\/www.dakarmania.cz\/wp-content\/uploads\/2020\/06\/20-dakar-loprais-33.jpg","datePublished":"2020-06-18T05:35:14+00:00","dateModified":"2020-07-02T13:03:02+00:00","description":"P\u0159\u00edpravy Instaforex Loprais Teamu na Rally Dakar 2021 jsou v pln\u00e9m proudu. Nicm\u00e9n\u011b covid-19 pozm\u011bnil tak\u00e9 p\u016fvodn\u00ed pl\u00e1ny fren\u0161t\u00e1tsk\u00e9 sestavy.","breadcrumb":{"@id":"https:\/\/www.dakarmania.cz\/index.php\/2020\/06\/18\/dakar-2021-loprais-team-ladi-pragu\/#breadcrumb"},"inLanguage":"cs","potentialAction":[{"@type":"ReadAction","target":["https:\/\/www.dakarmania.cz\/index.php\/2020\/06\/18\/dakar-2021-loprais-team-ladi-pragu\/"]}]},{"@type":"ImageObject","inLanguage":"cs","@id":"https:\/\/www.dakarmania.cz\/index.php\/2020\/06\/18\/dakar-2021-loprais-team-ladi-pragu\/#primaryimage","url":"https:\/\/www.dakarmania.cz\/wp-content\/uploads\/2020\/06\/20-dakar-loprais-33.jpg","contentUrl":"https:\/\/www.dakarmania.cz\/wp-content\/uploads\/2020\/06\/20-dakar-loprais-33.jpg","width":1024,"height":683,"caption":"Ale\u0161 Loprais\/Khalid Alkendi\/Petr Pokora, Praga V4S DKR, Instaforex Loprais Team. Rally Dakar 2020. \u00a9 Loprais Team"},{"@type":"BreadcrumbList","@id":"https:\/\/www.dakarmania.cz\/index.php\/2020\/06\/18\/dakar-2021-loprais-team-ladi-pragu\/#breadcrumb","itemListElement":[{"@type":"ListItem","position":1,"name":"Dom\u016f","item":"https:\/\/www.dakarmania.cz\/"},{"@type":"ListItem","position":2,"name":"Dakar 2021: Loprais Team lad\u00ed Pragu. Ve h\u0159e dal\u0161\u00ed dva vozy"}]},{"@type":"WebSite","@id":"https:\/\/www.dakarmania.cz\/#website","url":"https:\/\/www.dakarmania.cz\/","name":"DAKARMANIA.cz","description":"\u017dijeme Dakarem cel\u00fd rok","publisher":{"@id":"https:\/\/www.dakarmania.cz\/#organization"},"potentialAction":[{"@type":"SearchAction","target":{"@type":"EntryPoint","urlTemplate":"https:\/\/www.dakarmania.cz\/?s={search_term_string}"},"query-input":{"@type":"PropertyValueSpecification","valueRequired":true,"valueName":"search_term_string"}}],"inLanguage":"cs"},{"@type":"Organization","@id":"https:\/\/www.dakarmania.cz\/#organization","name":"DAKAR MANIA","url":"https:\/\/www.dakarmania.cz\/","logo":{"@type":"ImageObject","inLanguage":"cs","@id":"https:\/\/www.dakarmania.cz\/#\/schema\/logo\/image\/","url":"https:\/\/www.dakarmania.cz\/wp-content\/uploads\/2018\/12\/Dakar-Mania-Logo-Square-Orange.png","contentUrl":"https:\/\/www.dakarmania.cz\/wp-content\/uploads\/2018\/12\/Dakar-Mania-Logo-Square-Orange.png","width":992,"height":992,"caption":"DAKAR MANIA"},"image":{"@id":"https:\/\/www.dakarmania.cz\/#\/schema\/logo\/image\/"},"sameAs":["https:\/\/www.facebook.com\/dakarmania\/"]},{"@type":"Person","@id":"https:\/\/www.dakarmania.cz\/#\/schema\/person\/bce8d1fe3633b1178e150fc5e340d5dd","name":"tiskov\u00e1 zpr\u00e1va","image":{"@type":"ImageObject","inLanguage":"cs","@id":"https:\/\/www.dakarmania.cz\/#\/schema\/person\/image\/","url":"https:\/\/secure.gravatar.com\/avatar\/19aefcb6c7bfae691fca4d805686c670f59bb4f7414c7b398b88dc9c8f4e96d5?s=96&d=mm&r=g","contentUrl":"https:\/\/secure.gravatar.com\/avatar\/19aefcb6c7bfae691fca4d805686c670f59bb4f7414c7b398b88dc9c8f4e96d5?s=96&d=mm&r=g","caption":"tiskov\u00e1 zpr\u00e1va"},"url":"https:\/\/www.dakarmania.cz\/index.php\/author\/tiskovezpravy\/"}]}},"amp_enabled":true,"_links":{"self":[{"href":"https:\/\/www.dakarmania.cz\/index.php\/wp-json\/wp\/v2\/posts\/16326","targetHints":{"allow":["GET"]}}],"collection":[{"href":"https:\/\/www.dakarmania.cz\/index.php\/wp-json\/wp\/v2\/posts"}],"about":[{"href":"https:\/\/www.dakarmania.cz\/index.php\/wp-json\/wp\/v2\/types\/post"}],"author":[{"embeddable":true,"href":"https:\/\/www.dakarmania.cz\/index.php\/wp-json\/wp\/v2\/users\/3"}],"replies":[{"embeddable":true,"href":"https:\/\/www.dakarmania.cz\/index.php\/wp-json\/wp\/v2\/comments?post=16326"}],"version-history":[{"count":6,"href":"https:\/\/www.dakarmania.cz\/index.php\/wp-json\/wp\/v2\/posts\/16326\/revisions"}],"predecessor-version":[{"id":16333,"href":"https:\/\/www.dakarmania.cz\/index.php\/wp-json\/wp\/v2\/posts\/16326\/revisions\/16333"}],"wp:featuredmedia":[{"embeddable":true,"href":"https:\/\/www.dakarmania.cz\/index.php\/wp-json\/wp\/v2\/media\/16325"}],"wp:attachment":[{"href":"https:\/\/www.dakarmania.cz\/index.php\/wp-json\/wp\/v2\/media?parent=16326"}],"wp:term":[{"taxonomy":"category","embeddable":true,"href":"https:\/\/www.dakarmania.cz\/index.php\/wp-json\/wp\/v2\/categories?post=16326"},{"taxonomy":"post_tag","embeddable":true,"href":"https:\/\/www.dakarmania.cz\/index.php\/wp-json\/wp\/v2\/tags?post=16326"}],"curies":[{"name":"wp","href":"https:\/\/api.w.org\/{rel}","templated":true}]}}