{"id":16336,"date":"2020-06-18T10:38:24","date_gmt":"2020-06-18T08:38:24","guid":{"rendered":"https:\/\/www.dakarmania.cz\/?p=16336"},"modified":"2023-05-20T12:10:23","modified_gmt":"2023-05-20T10:10:23","slug":"dakar-2021-podmol-v-barvach-mrg","status":"publish","type":"post","link":"https:\/\/www.dakarmania.cz\/index.php\/2020\/06\/18\/dakar-2021-podmol-v-barvach-mrg\/","title":{"rendered":"Dakar 2021: Libor Podmol v barv\u00e1ch Orion \u2013 MRG"},"content":{"rendered":"<p>[vc_row][vc_column][vc_column_text css_animation=&#8221;fadeIn&#8221;]<\/p>\n<h3>Libor Podmol se dohodl na spolupr\u00e1ci s t\u00fdmem Orion \u2013 Moto Racing Group a pod jeho k\u0159\u00eddly zah\u00e1jil p\u0159\u00edpravu na Rally Dakar 2021. Pokud se b\u00fdval\u00fd sv\u011btov\u00fd \u0161ampion ve freestyle motokrosu 2. ledna v D\u017eidd\u011b na start skute\u010dn\u011b postav\u00ed, postar\u00e1 se o ojedin\u011bl\u00fd z\u00e1pis do historie \u010desk\u00e9ho motoristick\u00e9ho sportu.<\/h3>\n<p>[\/vc_column_text][vc_single_image image=&#8221;16341&#8243; img_size=&#8221;large&#8221; add_caption=&#8221;yes&#8221; alignment=&#8221;center&#8221; onclick=&#8221;link_image&#8221; css_animation=&#8221;fadeIn&#8221;][vc_column_text css_animation=&#8221;fadeIn&#8221;]Svou dakarskou premi\u00e9ru musel Libor Podmol o rok odlo\u017eit. D\u016fvodem byly zlomeniny obou nohou, kter\u00e9 utrp\u011bl koncem lo\u0148sk\u00e9ho dubna p\u0159i p\u00e1du na podniku mistrovstv\u00ed sv\u011bta ve freestyle motokrosu v N\u011bmecku. M\u00edsto ji\u017e napl\u00e1novan\u00e9 tiskov\u00e9 konference t\u00fdkaj\u00edc\u00ed se vstupu na sc\u00e9nu maratonsk\u00fdch sout\u011b\u017e\u00ed str\u00e1vil t\u0159i t\u00fddny v mnichovsk\u00e9 nemocnici. Dal\u0161\u00ed m\u011bs\u00edce v\u011bnoval intenzivn\u00ed rehabilitaci. Urputn\u00e1 d\u0159ina v\u0161ak p\u0159inesla ovoce. Nyn\u00ed se 36let\u00fd z\u00e1vodn\u00edk c\u00edt\u00ed celkem fit a je p\u0159ipraven p\u0159ijmout dal\u0161\u00ed velkou v\u00fdzvu.<\/p>\n<p><em>\u201eR\u00e1d zkou\u0161\u00edm nov\u00e9 v\u011bci a mysl\u00edm si, \u017ee o tom \u017eivot je. Od mali\u010dka jsem vyr\u016fstal na endurov\u00e9 motorce, tak\u017ee mi p\u0159ijde p\u0159irozen\u00e9, \u017ee zkus\u00edm i nejt\u011b\u017e\u0161\u00ed rally sv\u011bta, kterou Dakar je,\u201c<\/em> \u0159\u00edk\u00e1 <strong>Libor Podmol<\/strong>. <em>\u201eSamoz\u0159ejm\u011b to ale pro m\u011b bude \u00fapln\u00e1 zm\u011bna, proto\u017ee jsem patn\u00e1ct let d\u011blal jinou discipl\u00ednu. Jezdci freestyle motokrosu jsou \u010dasto pova\u017eov\u00e1ni za takov\u00e9 motocyklov\u00e9 krasobrusla\u0159e a j\u00e1 bych cht\u011bl dok\u00e1zat, \u017ee to tak nen\u00ed.\u201c<\/em><\/p>\n<p><em>\u201eDakar beru jako cestu za novou metou. Samoz\u0159ejm\u011b, \u017ee m\u00e1m sv\u00e9 strachy a obavy. Budu se muset nau\u010dit navigaci a spoustu dal\u0161\u00edch v\u011bc\u00ed, ale mysl\u00edm si, \u017ee nejsem \u017e\u00e1dn\u00fd blbec a \u017ee to zvl\u00e1dnu.\u201c<\/em><\/p>\n<h4>Za\u0165atec a profesion\u00e1l<\/h4>\n<p>Mana\u017eer Orion \u2013 MRG Erv\u00edn Kraj\u010dovi\u010d se na spolupr\u00e1ci t\u011b\u0161\u00ed, i kdy\u017e si tak\u00e9 uv\u011bdomuje, jak\u00e1 \u00faskal\u00ed bude pot\u0159eba spole\u010dn\u00fdmi silami p\u0159ekonat.<\/p>\n<p><em>\u201eLibora \u010dek\u00e1 hodn\u011b pr\u00e1ce, proto\u017ee je mal\u00fd a huben\u00fd. Do Dakaru by m\u011bl p\u0159ibrat aspo\u0148 deset kilo. Ale je obrovsky za\u0165at\u00fd, v\u00ed, co chce, a m\u00e1 chu\u0165 makat. Fakt profesion\u00e1l. D\u016fle\u017eit\u00e9 te\u010f bude, aby ho na za\u010d\u00e1tku nic psychicky nezlomilo, ale z\u00e1rove\u0148 mus\u00edme v\u0161ichni z\u016fstat nohama na zemi. Zat\u00edm to o \u017e\u00e1dn\u00e9m velk\u00e9m z\u00e1vod\u011bn\u00ed nebude. Nikdo nem\u016f\u017ee \u010dekat, \u017ee by na p\u0159\u00ed\u0161t\u00edm Dakaru let\u011bl v prvn\u00ed t\u0159ic\u00edtce,\u201c<\/em> m\u00edn\u00ed <strong>Erv\u00edn Kraj\u010dovi\u010d<\/strong>.[\/vc_column_text][vc_column_text css_animation=&#8221;fadeIn&#8221;]<em>\u201eJsem p\u0159esv\u011bd\u010den\u00fd, \u017ee prvn\u00ed rok nebude pro Libora jednoduch\u00fd, ale pokud by se mu povedlo dot\u00e1hnout motorku a\u017e na c\u00edlovou rampu, tak druh\u00fd rok u\u017e bude v jeho pod\u00e1n\u00ed \u00fapln\u011b o n\u011b\u010dem jin\u00e9m. Mo\u017en\u00e1 bude ze za\u010d\u00e1tku d\u011blat men\u0161\u00ed kr\u016f\u010dky vp\u0159ed ne\u017e n\u011bkte\u0159\u00ed jin\u00ed jezdci, ale ur\u010dit\u011b se do toho dostane. Proto\u017ee to je pilot s citem pro motorku. My ji te\u010f pro n\u011bj mus\u00edme p\u0159ipravit tak, aby odpov\u00eddala jeho t\u011blesn\u00e9 konstituci, aby se na n\u00ed c\u00edtil dob\u0159e a pomalinku se posouval d\u00e1l.\u201c<\/em><\/p>\n<p><em>\u201eZ\u00e1rove\u0148 znovu po\u010d\u00edt\u00e1m s pomoc\u00ed ze strany <a href=\"\/index.php\/osobnosti\/milan-engel\/\">Milana Engela<\/a>, kter\u00fd se loni p\u0159\u00edkladn\u011b v\u011bnoval <a href=\"\/index.php\/osobnosti\/martin-michek\/\">Martinu Michkovi<\/a> a hodn\u011b mu za\u010d\u00e1tky v cross-country rally usnadnil,\u201c<\/em> zmi\u0148uje Kraj\u010dovi\u010d oba jezdce, kte\u0159\u00ed by m\u011bli b\u00fdt na p\u0159\u00ed\u0161t\u00edm Dakaru Podmolov\u00fdmi t\u00fdmov\u00fdmi kolegy.<\/p>\n<h4>V t\u00e1tov\u00fdch stop\u00e1ch<\/h4>\n<p>Pokud Podmol do z\u00e1vodu v lednu opravdu odstartuje, stane se prvn\u00edm \u010desk\u00fdm motocyklistou, jeho\u017e otec se v jedn\u00e9 stop\u011b slavn\u00e9ho pou\u0161tn\u00edho maratonu z\u00fa\u010dastnil tak\u00e9. \u00dasp\u011b\u0161n\u00fd motokrosov\u00fd a endurov\u00fd jezdec Libor Podmol star\u0161\u00ed okusil Dakar v roce 1994 je\u0161t\u011b na africk\u00e9 p\u016fd\u011b. Sout\u011b\u017e, jej\u00ed\u017e tra\u0165 tehdy vedla netradi\u010dn\u011b z Pa\u0159\u00ed\u017ee do Dakaru a zp\u011bt do francouzsk\u00e9 metropole, v\u0161ak pro poruchu motorky nedokon\u010dil.<\/p>\n<p><em>\u201eJe mo\u017en\u00e9, \u017ee tohle byl vlastn\u011b nejz\u00e1sadn\u011bj\u0161\u00ed d\u016fvod, pro\u010d do toho jdu. T\u00e1tovi se to nepoda\u0159ilo, proto bych cht\u011bl jm\u00e9no Podmol dov\u00e9zt na Dakaru a\u017e do c\u00edle. Ale to je v\u0161e, co te\u010f m\u016f\u017eu sl\u00edbit. Budu se p\u0159ipravovat, jak budu moct, a d\u00e1m do toho v\u0161echno, ale \u017e\u00e1dn\u00fd v\u00fdsledek te\u010f slibovat nebudu,\u201c<\/em> uzav\u00edr\u00e1 <strong>Libor Podmol<\/strong>.<\/p>\n<p>Cel\u00fd Orion \u2013 MRG absolvuje v \u010dervenci rozs\u00e1hl\u00e9 testov\u00e1n\u00ed v Bosn\u011b a Hercegovin\u011b, ve druh\u00e9 polovin\u011b pr\u00e1zdnin bude pokra\u010dovat v p\u0159\u00edprav\u011b v ji\u017en\u00ed Francii. Prvn\u00ed start v rally \u010dek\u00e1 Podmola po\u010d\u00e1tkem z\u00e1\u0159\u00ed p\u0159i polsk\u00e9 baje. Aby byl skute\u010dn\u011b p\u0159ipu\u0161t\u011bn na start Dakaru 2021, mus\u00ed dokon\u010dit \u0159\u00edjnovou Rallye du Maroc.<\/p>\n<p>Jako nov\u00fd \u010dlen t\u00fdmu Orion \u2013 MRG se Podmol fanou\u0161k\u016fm poprv\u00e9 p\u0159edstav\u00ed u\u017e tuto sobotu (20. \u010dervna) na akci <a href=\"\/index.php\/2020\/06\/05\/dakar-live-loket-2020\/\">Dakar Live<\/a>, kter\u00e1 se uskute\u010dn\u00ed od 17 hodin v amfite\u00e1tru v Lokti nad Oh\u0159\u00ed.[\/vc_column_text][vc_empty_space height=&#8221;2px&#8221;][\/vc_column][\/vc_row]<\/p>\n","protected":false},"excerpt":{"rendered":"<p>Libor Podmol se dohodl na spolupr\u00e1ci s t\u00fdmem Orion \u2013 Moto Racing Group a pod jeho k\u0159\u00eddly zah\u00e1jil p\u0159\u00edpravu na Rally Dakar 2021.<\/p>\n","protected":false},"author":1,"featured_media":16341,"comment_status":"closed","ping_status":"closed","sticky":false,"template":"","format":"standard","meta":{"footnotes":""},"categories":[1688,15],"tags":[903,1630,8,1475,109,1637,74,75],"class_list":["post-16336","post","type-post","status-publish","format-standard","has-post-thumbnail","hentry","category-dakar-2021","category-moto-quad","tag-903","tag-1630","tag-dakar","tag-dakar-2021","tag-ervin-krajcovic","tag-libor-podmol","tag-moto-racing-group","tag-mrg"],"yoast_head":"<!-- This site is optimized with the Yoast SEO plugin v24.9 - https:\/\/yoast.com\/wordpress\/plugins\/seo\/ -->\n<title>Dakar 2021: Libor Podmol v barv\u00e1ch Orion \u2013 MRG - DAKARMANIA.cz<\/title>\n<meta name=\"description\" content=\"Libor Podmol se dohodl na spolupr\u00e1ci s t\u00fdmem Orion \u2013 Moto Racing Group a pod jeho k\u0159\u00eddly zah\u00e1jil p\u0159\u00edpravu na Rally Dakar 2021.\" \/>\n<meta name=\"robots\" content=\"index, follow, max-snippet:-1, max-image-preview:large, max-video-preview:-1\" \/>\n<link rel=\"canonical\" href=\"https:\/\/www.dakarmania.cz\/index.php\/2020\/06\/18\/dakar-2021-podmol-v-barvach-mrg\/\" \/>\n<meta property=\"og:locale\" content=\"cs_CZ\" \/>\n<meta property=\"og:type\" content=\"article\" \/>\n<meta property=\"og:title\" content=\"Dakar 2021: Libor Podmol v barv\u00e1ch Orion \u2013 MRG - DAKARMANIA.cz\" \/>\n<meta property=\"og:description\" content=\"Libor Podmol se dohodl na spolupr\u00e1ci s t\u00fdmem Orion \u2013 Moto Racing Group a pod jeho k\u0159\u00eddly zah\u00e1jil p\u0159\u00edpravu na Rally Dakar 2021.\" \/>\n<meta property=\"og:url\" content=\"https:\/\/www.dakarmania.cz\/index.php\/2020\/06\/18\/dakar-2021-podmol-v-barvach-mrg\/\" \/>\n<meta property=\"og:site_name\" content=\"DAKARMANIA.cz\" \/>\n<meta property=\"article:publisher\" content=\"https:\/\/www.facebook.com\/dakarmania\/\" \/>\n<meta property=\"article:published_time\" content=\"2020-06-18T08:38:24+00:00\" \/>\n<meta property=\"article:modified_time\" content=\"2023-05-20T10:10:23+00:00\" \/>\n<meta property=\"og:image\" content=\"https:\/\/www.dakarmania.cz\/wp-content\/uploads\/2020\/06\/20-podmol-mrg-01.jpg\" \/>\n\t<meta property=\"og:image:width\" content=\"1024\" \/>\n\t<meta property=\"og:image:height\" content=\"684\" \/>\n\t<meta property=\"og:image:type\" content=\"image\/jpeg\" \/>\n<meta name=\"author\" content=\"Zden\u011bk Zelenka\" \/>\n<meta name=\"twitter:card\" content=\"summary_large_image\" \/>\n<meta name=\"twitter:label1\" content=\"Napsal(a)\" \/>\n\t<meta name=\"twitter:data1\" content=\"Zden\u011bk Zelenka\" \/>\n\t<meta name=\"twitter:label2\" content=\"Odhadovan\u00e1 doba \u010dten\u00ed\" \/>\n\t<meta name=\"twitter:data2\" content=\"4 minuty\" \/>\n<script type=\"application\/ld+json\" class=\"yoast-schema-graph\">{\"@context\":\"https:\/\/schema.org\",\"@graph\":[{\"@type\":\"Article\",\"@id\":\"https:\/\/www.dakarmania.cz\/index.php\/2020\/06\/18\/dakar-2021-podmol-v-barvach-mrg\/#article\",\"isPartOf\":{\"@id\":\"https:\/\/www.dakarmania.cz\/index.php\/2020\/06\/18\/dakar-2021-podmol-v-barvach-mrg\/\"},\"author\":{\"name\":\"Zden\u011bk Zelenka\",\"@id\":\"https:\/\/www.dakarmania.cz\/#\/schema\/person\/04eb0e87a389631c2169c0dddae7ff1e\"},\"headline\":\"Dakar 2021: Libor Podmol v barv\u00e1ch Orion \u2013 MRG\",\"datePublished\":\"2020-06-18T08:38:24+00:00\",\"dateModified\":\"2023-05-20T10:10:23+00:00\",\"mainEntityOfPage\":{\"@id\":\"https:\/\/www.dakarmania.cz\/index.php\/2020\/06\/18\/dakar-2021-podmol-v-barvach-mrg\/\"},\"wordCount\":902,\"publisher\":{\"@id\":\"https:\/\/www.dakarmania.cz\/#organization\"},\"image\":{\"@id\":\"https:\/\/www.dakarmania.cz\/index.php\/2020\/06\/18\/dakar-2021-podmol-v-barvach-mrg\/#primaryimage\"},\"thumbnailUrl\":\"https:\/\/www.dakarmania.cz\/wp-content\/uploads\/2020\/06\/20-podmol-mrg-01.jpg\",\"keywords\":[\"2020\",\"2021\",\"Dakar\",\"Dakar 2021\",\"Erv\u00edn Kraj\u010dovi\u010d\",\"Libor Podmol\",\"Moto Racing Group\",\"MRG\"],\"articleSection\":[\"Dakar 2021\",\"Moto\/Quad\"],\"inLanguage\":\"cs\"},{\"@type\":\"WebPage\",\"@id\":\"https:\/\/www.dakarmania.cz\/index.php\/2020\/06\/18\/dakar-2021-podmol-v-barvach-mrg\/\",\"url\":\"https:\/\/www.dakarmania.cz\/index.php\/2020\/06\/18\/dakar-2021-podmol-v-barvach-mrg\/\",\"name\":\"Dakar 2021: Libor Podmol v barv\u00e1ch Orion \u2013 MRG - DAKARMANIA.cz\",\"isPartOf\":{\"@id\":\"https:\/\/www.dakarmania.cz\/#website\"},\"primaryImageOfPage\":{\"@id\":\"https:\/\/www.dakarmania.cz\/index.php\/2020\/06\/18\/dakar-2021-podmol-v-barvach-mrg\/#primaryimage\"},\"image\":{\"@id\":\"https:\/\/www.dakarmania.cz\/index.php\/2020\/06\/18\/dakar-2021-podmol-v-barvach-mrg\/#primaryimage\"},\"thumbnailUrl\":\"https:\/\/www.dakarmania.cz\/wp-content\/uploads\/2020\/06\/20-podmol-mrg-01.jpg\",\"datePublished\":\"2020-06-18T08:38:24+00:00\",\"dateModified\":\"2023-05-20T10:10:23+00:00\",\"description\":\"Libor Podmol se dohodl na spolupr\u00e1ci s t\u00fdmem Orion \u2013 Moto Racing Group a pod jeho k\u0159\u00eddly zah\u00e1jil p\u0159\u00edpravu na Rally Dakar 2021.\",\"breadcrumb\":{\"@id\":\"https:\/\/www.dakarmania.cz\/index.php\/2020\/06\/18\/dakar-2021-podmol-v-barvach-mrg\/#breadcrumb\"},\"inLanguage\":\"cs\",\"potentialAction\":[{\"@type\":\"ReadAction\",\"target\":[\"https:\/\/www.dakarmania.cz\/index.php\/2020\/06\/18\/dakar-2021-podmol-v-barvach-mrg\/\"]}]},{\"@type\":\"ImageObject\",\"inLanguage\":\"cs\",\"@id\":\"https:\/\/www.dakarmania.cz\/index.php\/2020\/06\/18\/dakar-2021-podmol-v-barvach-mrg\/#primaryimage\",\"url\":\"https:\/\/www.dakarmania.cz\/wp-content\/uploads\/2020\/06\/20-podmol-mrg-01.jpg\",\"contentUrl\":\"https:\/\/www.dakarmania.cz\/wp-content\/uploads\/2020\/06\/20-podmol-mrg-01.jpg\",\"width\":1024,\"height\":684,\"caption\":\"Libor Podmol, Orion - Moto Racing Group. \u00a9 DAKARMANIA\"},{\"@type\":\"BreadcrumbList\",\"@id\":\"https:\/\/www.dakarmania.cz\/index.php\/2020\/06\/18\/dakar-2021-podmol-v-barvach-mrg\/#breadcrumb\",\"itemListElement\":[{\"@type\":\"ListItem\",\"position\":1,\"name\":\"Dom\u016f\",\"item\":\"https:\/\/www.dakarmania.cz\/\"},{\"@type\":\"ListItem\",\"position\":2,\"name\":\"Dakar 2021: Libor Podmol v barv\u00e1ch Orion \u2013 MRG\"}]},{\"@type\":\"WebSite\",\"@id\":\"https:\/\/www.dakarmania.cz\/#website\",\"url\":\"https:\/\/www.dakarmania.cz\/\",\"name\":\"DAKARMANIA.cz\",\"description\":\"\u017dijeme Dakarem cel\u00fd rok\",\"publisher\":{\"@id\":\"https:\/\/www.dakarmania.cz\/#organization\"},\"potentialAction\":[{\"@type\":\"SearchAction\",\"target\":{\"@type\":\"EntryPoint\",\"urlTemplate\":\"https:\/\/www.dakarmania.cz\/?s={search_term_string}\"},\"query-input\":{\"@type\":\"PropertyValueSpecification\",\"valueRequired\":true,\"valueName\":\"search_term_string\"}}],\"inLanguage\":\"cs\"},{\"@type\":\"Organization\",\"@id\":\"https:\/\/www.dakarmania.cz\/#organization\",\"name\":\"DAKAR MANIA\",\"url\":\"https:\/\/www.dakarmania.cz\/\",\"logo\":{\"@type\":\"ImageObject\",\"inLanguage\":\"cs\",\"@id\":\"https:\/\/www.dakarmania.cz\/#\/schema\/logo\/image\/\",\"url\":\"https:\/\/www.dakarmania.cz\/wp-content\/uploads\/2018\/12\/Dakar-Mania-Logo-Square-Orange.png\",\"contentUrl\":\"https:\/\/www.dakarmania.cz\/wp-content\/uploads\/2018\/12\/Dakar-Mania-Logo-Square-Orange.png\",\"width\":992,\"height\":992,\"caption\":\"DAKAR MANIA\"},\"image\":{\"@id\":\"https:\/\/www.dakarmania.cz\/#\/schema\/logo\/image\/\"},\"sameAs\":[\"https:\/\/www.facebook.com\/dakarmania\/\"]},{\"@type\":\"Person\",\"@id\":\"https:\/\/www.dakarmania.cz\/#\/schema\/person\/04eb0e87a389631c2169c0dddae7ff1e\",\"name\":\"Zden\u011bk Zelenka\",\"image\":{\"@type\":\"ImageObject\",\"inLanguage\":\"cs\",\"@id\":\"https:\/\/www.dakarmania.cz\/#\/schema\/person\/image\/\",\"url\":\"https:\/\/secure.gravatar.com\/avatar\/2c80d5a4942fe0900b73cc7d3837a509d6ee0a276a2b76dac95c92bd0763a89b?s=96&d=mm&r=g\",\"contentUrl\":\"https:\/\/secure.gravatar.com\/avatar\/2c80d5a4942fe0900b73cc7d3837a509d6ee0a276a2b76dac95c92bd0763a89b?s=96&d=mm&r=g\",\"caption\":\"Zden\u011bk Zelenka\"},\"description\":\"Moji d\u011bt\u0161t\u00ed hrdinov\u00e9 se jmenovali Loprais, Moskal, Neveu, Vatanen, Rahier... A tihle borci, jejich n\u00e1sledovn\u00edci a jejich p\u0159\u00edb\u011bhy m\u011b nep\u0159estali fascinovat ani po letech, kdy jsem vyrostl a zam\u011bstn\u00e1valy m\u011b jin\u00e9 discipl\u00edny motorsportu. Proto se zrodila DAKARMANIA.\",\"url\":\"https:\/\/www.dakarmania.cz\/index.php\/author\/dakarmania\/\"}]}<\/script>\n<!-- \/ Yoast SEO plugin. -->","yoast_head_json":{"title":"Dakar 2021: Libor Podmol v barv\u00e1ch Orion \u2013 MRG - DAKARMANIA.cz","description":"Libor Podmol se dohodl na spolupr\u00e1ci s t\u00fdmem Orion \u2013 Moto Racing Group a pod jeho k\u0159\u00eddly zah\u00e1jil p\u0159\u00edpravu na Rally Dakar 2021.","robots":{"index":"index","follow":"follow","max-snippet":"max-snippet:-1","max-image-preview":"max-image-preview:large","max-video-preview":"max-video-preview:-1"},"canonical":"https:\/\/www.dakarmania.cz\/index.php\/2020\/06\/18\/dakar-2021-podmol-v-barvach-mrg\/","og_locale":"cs_CZ","og_type":"article","og_title":"Dakar 2021: Libor Podmol v barv\u00e1ch Orion \u2013 MRG - DAKARMANIA.cz","og_description":"Libor Podmol se dohodl na spolupr\u00e1ci s t\u00fdmem Orion \u2013 Moto Racing Group a pod jeho k\u0159\u00eddly zah\u00e1jil p\u0159\u00edpravu na Rally Dakar 2021.","og_url":"https:\/\/www.dakarmania.cz\/index.php\/2020\/06\/18\/dakar-2021-podmol-v-barvach-mrg\/","og_site_name":"DAKARMANIA.cz","article_publisher":"https:\/\/www.facebook.com\/dakarmania\/","article_published_time":"2020-06-18T08:38:24+00:00","article_modified_time":"2023-05-20T10:10:23+00:00","og_image":[{"width":1024,"height":684,"url":"https:\/\/www.dakarmania.cz\/wp-content\/uploads\/2020\/06\/20-podmol-mrg-01.jpg","type":"image\/jpeg"}],"author":"Zden\u011bk Zelenka","twitter_card":"summary_large_image","twitter_misc":{"Napsal(a)":"Zden\u011bk Zelenka","Odhadovan\u00e1 doba \u010dten\u00ed":"4 minuty"},"schema":{"@context":"https:\/\/schema.org","@graph":[{"@type":"Article","@id":"https:\/\/www.dakarmania.cz\/index.php\/2020\/06\/18\/dakar-2021-podmol-v-barvach-mrg\/#article","isPartOf":{"@id":"https:\/\/www.dakarmania.cz\/index.php\/2020\/06\/18\/dakar-2021-podmol-v-barvach-mrg\/"},"author":{"name":"Zden\u011bk Zelenka","@id":"https:\/\/www.dakarmania.cz\/#\/schema\/person\/04eb0e87a389631c2169c0dddae7ff1e"},"headline":"Dakar 2021: Libor Podmol v barv\u00e1ch Orion \u2013 MRG","datePublished":"2020-06-18T08:38:24+00:00","dateModified":"2023-05-20T10:10:23+00:00","mainEntityOfPage":{"@id":"https:\/\/www.dakarmania.cz\/index.php\/2020\/06\/18\/dakar-2021-podmol-v-barvach-mrg\/"},"wordCount":902,"publisher":{"@id":"https:\/\/www.dakarmania.cz\/#organization"},"image":{"@id":"https:\/\/www.dakarmania.cz\/index.php\/2020\/06\/18\/dakar-2021-podmol-v-barvach-mrg\/#primaryimage"},"thumbnailUrl":"https:\/\/www.dakarmania.cz\/wp-content\/uploads\/2020\/06\/20-podmol-mrg-01.jpg","keywords":["2020","2021","Dakar","Dakar 2021","Erv\u00edn Kraj\u010dovi\u010d","Libor Podmol","Moto Racing Group","MRG"],"articleSection":["Dakar 2021","Moto\/Quad"],"inLanguage":"cs"},{"@type":"WebPage","@id":"https:\/\/www.dakarmania.cz\/index.php\/2020\/06\/18\/dakar-2021-podmol-v-barvach-mrg\/","url":"https:\/\/www.dakarmania.cz\/index.php\/2020\/06\/18\/dakar-2021-podmol-v-barvach-mrg\/","name":"Dakar 2021: Libor Podmol v barv\u00e1ch Orion \u2013 MRG - DAKARMANIA.cz","isPartOf":{"@id":"https:\/\/www.dakarmania.cz\/#website"},"primaryImageOfPage":{"@id":"https:\/\/www.dakarmania.cz\/index.php\/2020\/06\/18\/dakar-2021-podmol-v-barvach-mrg\/#primaryimage"},"image":{"@id":"https:\/\/www.dakarmania.cz\/index.php\/2020\/06\/18\/dakar-2021-podmol-v-barvach-mrg\/#primaryimage"},"thumbnailUrl":"https:\/\/www.dakarmania.cz\/wp-content\/uploads\/2020\/06\/20-podmol-mrg-01.jpg","datePublished":"2020-06-18T08:38:24+00:00","dateModified":"2023-05-20T10:10:23+00:00","description":"Libor Podmol se dohodl na spolupr\u00e1ci s t\u00fdmem Orion \u2013 Moto Racing Group a pod jeho k\u0159\u00eddly zah\u00e1jil p\u0159\u00edpravu na Rally Dakar 2021.","breadcrumb":{"@id":"https:\/\/www.dakarmania.cz\/index.php\/2020\/06\/18\/dakar-2021-podmol-v-barvach-mrg\/#breadcrumb"},"inLanguage":"cs","potentialAction":[{"@type":"ReadAction","target":["https:\/\/www.dakarmania.cz\/index.php\/2020\/06\/18\/dakar-2021-podmol-v-barvach-mrg\/"]}]},{"@type":"ImageObject","inLanguage":"cs","@id":"https:\/\/www.dakarmania.cz\/index.php\/2020\/06\/18\/dakar-2021-podmol-v-barvach-mrg\/#primaryimage","url":"https:\/\/www.dakarmania.cz\/wp-content\/uploads\/2020\/06\/20-podmol-mrg-01.jpg","contentUrl":"https:\/\/www.dakarmania.cz\/wp-content\/uploads\/2020\/06\/20-podmol-mrg-01.jpg","width":1024,"height":684,"caption":"Libor Podmol, Orion - Moto Racing Group. \u00a9 DAKARMANIA"},{"@type":"BreadcrumbList","@id":"https:\/\/www.dakarmania.cz\/index.php\/2020\/06\/18\/dakar-2021-podmol-v-barvach-mrg\/#breadcrumb","itemListElement":[{"@type":"ListItem","position":1,"name":"Dom\u016f","item":"https:\/\/www.dakarmania.cz\/"},{"@type":"ListItem","position":2,"name":"Dakar 2021: Libor Podmol v barv\u00e1ch Orion \u2013 MRG"}]},{"@type":"WebSite","@id":"https:\/\/www.dakarmania.cz\/#website","url":"https:\/\/www.dakarmania.cz\/","name":"DAKARMANIA.cz","description":"\u017dijeme Dakarem cel\u00fd rok","publisher":{"@id":"https:\/\/www.dakarmania.cz\/#organization"},"potentialAction":[{"@type":"SearchAction","target":{"@type":"EntryPoint","urlTemplate":"https:\/\/www.dakarmania.cz\/?s={search_term_string}"},"query-input":{"@type":"PropertyValueSpecification","valueRequired":true,"valueName":"search_term_string"}}],"inLanguage":"cs"},{"@type":"Organization","@id":"https:\/\/www.dakarmania.cz\/#organization","name":"DAKAR MANIA","url":"https:\/\/www.dakarmania.cz\/","logo":{"@type":"ImageObject","inLanguage":"cs","@id":"https:\/\/www.dakarmania.cz\/#\/schema\/logo\/image\/","url":"https:\/\/www.dakarmania.cz\/wp-content\/uploads\/2018\/12\/Dakar-Mania-Logo-Square-Orange.png","contentUrl":"https:\/\/www.dakarmania.cz\/wp-content\/uploads\/2018\/12\/Dakar-Mania-Logo-Square-Orange.png","width":992,"height":992,"caption":"DAKAR MANIA"},"image":{"@id":"https:\/\/www.dakarmania.cz\/#\/schema\/logo\/image\/"},"sameAs":["https:\/\/www.facebook.com\/dakarmania\/"]},{"@type":"Person","@id":"https:\/\/www.dakarmania.cz\/#\/schema\/person\/04eb0e87a389631c2169c0dddae7ff1e","name":"Zden\u011bk Zelenka","image":{"@type":"ImageObject","inLanguage":"cs","@id":"https:\/\/www.dakarmania.cz\/#\/schema\/person\/image\/","url":"https:\/\/secure.gravatar.com\/avatar\/2c80d5a4942fe0900b73cc7d3837a509d6ee0a276a2b76dac95c92bd0763a89b?s=96&d=mm&r=g","contentUrl":"https:\/\/secure.gravatar.com\/avatar\/2c80d5a4942fe0900b73cc7d3837a509d6ee0a276a2b76dac95c92bd0763a89b?s=96&d=mm&r=g","caption":"Zden\u011bk Zelenka"},"description":"Moji d\u011bt\u0161t\u00ed hrdinov\u00e9 se jmenovali Loprais, Moskal, Neveu, Vatanen, Rahier... A tihle borci, jejich n\u00e1sledovn\u00edci a jejich p\u0159\u00edb\u011bhy m\u011b nep\u0159estali fascinovat ani po letech, kdy jsem vyrostl a zam\u011bstn\u00e1valy m\u011b jin\u00e9 discipl\u00edny motorsportu. Proto se zrodila DAKARMANIA.","url":"https:\/\/www.dakarmania.cz\/index.php\/author\/dakarmania\/"}]}},"amp_enabled":true,"_links":{"self":[{"href":"https:\/\/www.dakarmania.cz\/index.php\/wp-json\/wp\/v2\/posts\/16336","targetHints":{"allow":["GET"]}}],"collection":[{"href":"https:\/\/www.dakarmania.cz\/index.php\/wp-json\/wp\/v2\/posts"}],"about":[{"href":"https:\/\/www.dakarmania.cz\/index.php\/wp-json\/wp\/v2\/types\/post"}],"author":[{"embeddable":true,"href":"https:\/\/www.dakarmania.cz\/index.php\/wp-json\/wp\/v2\/users\/1"}],"replies":[{"embeddable":true,"href":"https:\/\/www.dakarmania.cz\/index.php\/wp-json\/wp\/v2\/comments?post=16336"}],"version-history":[{"count":8,"href":"https:\/\/www.dakarmania.cz\/index.php\/wp-json\/wp\/v2\/posts\/16336\/revisions"}],"predecessor-version":[{"id":27308,"href":"https:\/\/www.dakarmania.cz\/index.php\/wp-json\/wp\/v2\/posts\/16336\/revisions\/27308"}],"wp:featuredmedia":[{"embeddable":true,"href":"https:\/\/www.dakarmania.cz\/index.php\/wp-json\/wp\/v2\/media\/16341"}],"wp:attachment":[{"href":"https:\/\/www.dakarmania.cz\/index.php\/wp-json\/wp\/v2\/media?parent=16336"}],"wp:term":[{"taxonomy":"category","embeddable":true,"href":"https:\/\/www.dakarmania.cz\/index.php\/wp-json\/wp\/v2\/categories?post=16336"},{"taxonomy":"post_tag","embeddable":true,"href":"https:\/\/www.dakarmania.cz\/index.php\/wp-json\/wp\/v2\/tags?post=16336"}],"curies":[{"name":"wp","href":"https:\/\/api.w.org\/{rel}","templated":true}]}}