{"id":16348,"date":"2020-06-21T03:45:22","date_gmt":"2020-06-21T01:45:22","guid":{"rendered":"https:\/\/www.dakarmania.cz\/?p=16348"},"modified":"2020-06-21T03:46:51","modified_gmt":"2020-06-21T01:46:51","slug":"redukovane-kalendare-sp-fia","status":"publish","type":"post","link":"https:\/\/www.dakarmania.cz\/index.php\/2020\/06\/21\/redukovane-kalendare-sp-fia\/","title":{"rendered":"FIA zve\u0159ejnila zredukovan\u00e9 kalend\u00e1\u0159e sv\u011btov\u00fdch poh\u00e1r\u016f"},"content":{"rendered":"<p>[vc_row][vc_column][vc_column_text css_animation=&#8221;fadeIn&#8221;]<\/p>\n<h3>Mezin\u00e1rodn\u00ed automobilov\u00e9 federace (FIA), respektive Sv\u011btov\u00e1 rada motoristick\u00e9ho sportu, potvrdila redukovanou podobu sv\u011btov\u00fdch poh\u00e1r\u016f v cross-country rally a baj\u00e1ch. M\u00edsto p\u016fvodn\u011b pl\u00e1novan\u00fdch t\u0159in\u00e1cti podnik\u016f by se jich podle sou\u010dasn\u00fdch p\u0159edpoklad\u016f m\u011blo odjet osm.<\/h3>\n<p>[\/vc_column_text][vc_single_image image=&#8221;16347&#8243; img_size=&#8221;large&#8221; add_caption=&#8221;yes&#8221; alignment=&#8221;center&#8221; onclick=&#8221;link_image&#8221; css_animation=&#8221;fadeIn&#8221;][vc_column_text css_animation=&#8221;fadeIn&#8221;]Oba sv\u011btov\u00e9 poh\u00e1ry FIA jsou na tom trochu jinak ne\u017e Mistrovstv\u00ed sv\u011bta FIM v cross-country rally a Sv\u011btov\u00fd poh\u00e1r FIM v baj\u00e1ch. Zat\u00edmco zkr\u00e1cen\u00e9 sezony motocyklov\u00fdch seri\u00e1l\u016f <a href=\"\/index.php\/2020\/06\/05\/fim-ms-odstartuje-v-zari\/\">by m\u011bly shodn\u011b za\u010d\u00edt a\u017e v z\u00e1\u0159\u00ed<\/a>, automobilist\u00e9 stihli je\u0161t\u011b p\u0159ed n\u00e1stupem pandemie nemoci covid-19 alespo\u0148 \u00favodn\u00ed podnik z ka\u017ed\u00e9 s\u00e9rie.<\/p>\n<h4>Sv\u011btov\u00fd poh\u00e1r FIA v cross-country rally<\/h4>\n<p>Ze SP FIA CCR 2020 zat\u00edm kv\u016fli koronaviru vypadla pouze \u010dervencov\u00e1 Silk Way Rally. Na Qatar Cross-Country Rally, kter\u00e1 se odjela koncem \u00fanora, nav\u00e1\u017e\u00ed dal\u0161\u00ed t\u0159i podniky v Kazachst\u00e1nu (p\u0159elo\u017een z kv\u011btna na z\u00e1\u0159\u00ed), Maroku (v p\u016fvodn\u00edm term\u00ednu) a Spojen\u00fdch arabsk\u00fdch emir\u00e1tech (p\u0159esunut z b\u0159ezna na listopad). Do kone\u010dn\u00e9ho hodnocen\u00ed sv\u011btov\u00e9ho poh\u00e1ru se zapo\u010d\u00edt\u00e1vaj\u00ed v\u00fdsledky ze v\u0161ech sout\u011b\u017e\u00ed.[\/vc_column_text][vc_column_text css_animation=&#8221;fadeIn&#8221;]<\/p>\n<table style=\"width: 97.7654%;\" rules=\"rows\" cellpadding=\"4px\">\n<tbody>\n<tr style=\"background-color: #9e9d9d; color: white;\">\n<td style=\"text-align: center; width: 99.8484%;\" colspan=\"4\"><strong>AKTUALIZOVAN\u00dd KALEND\u00c1\u0158 SP FIA CCR 2020<\/strong><\/td>\n<\/tr>\n<tr style=\"background-color: #f2f2f2;\">\n<td>22.02.2020<\/td>\n<td>27.02.2020<\/td>\n<td><a href=\"\/index.php\/souteze\/qatar-ccr-2020\/\"><span style=\"color: #ee8027;\">Qatar Cross-Country Rally<\/span><\/a><\/td>\n<td class=\"nomobile\"><img decoding=\"async\" class=\"aligncenter\" src=\"\/wp-content\/uploads\/2019\/02\/flag-qa-18x12.png\" \/><\/td>\n<\/tr>\n<tr style=\"background-color: #dbd9d9;\">\n<td>14.09.2020<\/td>\n<td>20.09.2020<\/td>\n<td style=\"text-align: left;\">Rally Kazakhstan<\/td>\n<td class=\"nomobile\"><img decoding=\"async\" class=\"aligncenter\" src=\"\/wp-content\/uploads\/2019\/02\/flag-kz-18x12.png\" \/><\/td>\n<\/tr>\n<tr style=\"background-color: #f2f2f2;\">\n<td>09.10.2020<\/td>\n<td>14.10.2020<\/td>\n<td>Rallye du Maroc<\/td>\n<td class=\"nomobile\"><img decoding=\"async\" class=\"aligncenter\" src=\"\/wp-content\/uploads\/2019\/02\/flag-ma-18x12.png\" \/><\/td>\n<\/tr>\n<tr style=\"background-color: #dbd9d9;\">\n<td>20.11.2020<\/td>\n<td>26.11.2020<\/td>\n<td>Abu Dhabi Desert Challenge<\/td>\n<td class=\"nomobile\"><img decoding=\"async\" class=\"aligncenter\" src=\"\/wp-content\/uploads\/2019\/02\/flag-ae-18x12.png\" \/><\/td>\n<\/tr>\n<\/tbody>\n<\/table>\n<p>[\/vc_column_text][vc_column_text css_animation=&#8221;fadeIn&#8221;]<\/p>\n<h4>Sv\u011btov\u00fd poh\u00e1r FIA v cross-country baj\u00e1ch<\/h4>\n<p>Podstatn\u011b v\u011bt\u0161\u00ed zem\u011bt\u0159esen\u00ed zaznamenal rozpis sezony SP FIA v baj\u00e1ch. V d\u016fsledku zdravotn\u00ed krize a s n\u00ed spojen\u00fdch opat\u0159en\u00ed sv\u00e9 podniky pro leto\u0161ek zru\u0161ili jord\u00e1n\u0161t\u00ed, ital\u0161t\u00ed, \u0161pan\u011bl\u0161t\u00ed a ma\u010far\u0161t\u00ed organiz\u00e1to\u0159i. Krom\u011b Ruska, kde se z\u00e1vodilo v \u00fanoru, by \u00fa\u010dastn\u00edci SP m\u011bli na podzim zav\u00edtat do Polska (v p\u016fvodn\u00edm term\u00ednu), Portugalska (odlo\u017eeno o t\u00fdden) a Arabsk\u00fdch emir\u00e1t\u016f, ov\u0161em term\u00edn dubajsk\u00e9 baji dosud ofici\u00e1ln\u011b potvrzen nebyl. Okle\u0161t\u011bn\u00ed programu SP tak\u00e9 vedlo k m\u00edrn\u00e9 \u00faprav\u011b pravidel: v kone\u010dn\u00e9m hodnocen\u00ed \u0161ampion\u00e1tu se ka\u017ed\u00e9 pos\u00e1dce bude \u0161krtat jeden nejhor\u0161\u00ed v\u00fdsledek m\u00edsto p\u016fvodn\u011b pl\u00e1novan\u00fdch dvou.[\/vc_column_text][vc_column_text css_animation=&#8221;fadeIn&#8221;]<\/p>\n<table style=\"width: 97.7654%;\" rules=\"rows\" cellpadding=\"4px\">\n<tbody>\n<tr style=\"background-color: #9e9d9d; color: white;\">\n<td style=\"text-align: center; width: 99.8484%;\" colspan=\"4\"><strong>AKTUALIZOVAN\u00dd KALEND\u00c1\u0158 SP FIA BAJA 2020<\/strong><\/td>\n<\/tr>\n<tr style=\"background-color: #f2f2f2;\">\n<td>06.02.2020<\/td>\n<td>09.02.2020<\/td>\n<td>Baja Russia &#8211; Northern Forest<\/td>\n<td class=\"nomobile\"><img decoding=\"async\" class=\"aligncenter\" src=\"\/wp-content\/uploads\/2019\/02\/flag-ru-18x12.png\" \/><\/td>\n<\/tr>\n<tr style=\"background-color: #dbd9d9;\">\n<td>03.09.2020<\/td>\n<td>06.09.2020<\/td>\n<td style=\"text-align: left;\">Baja Poland<\/td>\n<td class=\"nomobile\"><img decoding=\"async\" class=\"aligncenter\" src=\"\/wp-content\/uploads\/2019\/02\/flag-pl-18x12.png\" \/><\/td>\n<\/tr>\n<tr style=\"background-color: #f2f2f2;\">\n<td>05.11.2020<\/td>\n<td>07.11.2020<\/td>\n<td>Baja Portalegre<\/td>\n<td class=\"nomobile\"><img decoding=\"async\" class=\"aligncenter\" src=\"\/wp-content\/uploads\/2019\/02\/flag-pt-18x12.png\" \/><\/td>\n<\/tr>\n<tr style=\"background-color: #dbd9d9;\">\n<td>TBA<\/td>\n<td>TBA<\/td>\n<td>Dubai International Baja<\/td>\n<td class=\"nomobile\"><img decoding=\"async\" class=\"aligncenter\" src=\"\/wp-content\/uploads\/2019\/02\/flag-ae-18x12.png\" \/><\/td>\n<\/tr>\n<\/tbody>\n<\/table>\n<p>[\/vc_column_text][vc_empty_space height=&#8221;2px&#8221;][\/vc_column][\/vc_row]<\/p>\n","protected":false},"excerpt":{"rendered":"<p>FIA potvrdila redukovanou podobu sv\u011btov\u00fdch poh\u00e1r\u016f v cross-country rally a baj\u00e1ch. Podle sou\u010dasn\u00fdch p\u0159edpoklad\u016f by se m\u011blo uskute\u010dnit osm podnik\u016f.<\/p>\n","protected":false},"author":1,"featured_media":16347,"comment_status":"open","ping_status":"closed","sticky":false,"template":"","format":"standard","meta":{"footnotes":""},"categories":[3,98,97],"tags":[99,106,1728,105,1531],"class_list":["post-16348","post","type-post","status-publish","format-standard","has-post-thumbnail","hentry","category-auto","category-fia-baja","category-fia-ccr","tag-fia","tag-sp-fia-baja","tag-sp-fia-baja-2020","tag-sp-fia-ccr","tag-sp-fia-ccr-2020"],"yoast_head":"<!-- This site is optimized with the Yoast SEO plugin v24.9 - https:\/\/yoast.com\/wordpress\/plugins\/seo\/ -->\n<title>FIA zve\u0159ejnila zredukovan\u00e9 kalend\u00e1\u0159e sv\u011btov\u00fdch poh\u00e1r\u016f - DAKARMANIA.cz<\/title>\n<meta name=\"description\" content=\"FIA potvrdila redukovanou podobu sv\u011btov\u00fdch poh\u00e1r\u016f v cross-country rally a baj\u00e1ch. Podle sou\u010dasn\u00fdch p\u0159edpoklad\u016f by se m\u011blo uskute\u010dnit osm podnik\u016f.\" \/>\n<meta name=\"robots\" content=\"index, follow, max-snippet:-1, max-image-preview:large, max-video-preview:-1\" \/>\n<link rel=\"canonical\" href=\"https:\/\/www.dakarmania.cz\/index.php\/2020\/06\/21\/redukovane-kalendare-sp-fia\/\" \/>\n<meta property=\"og:locale\" content=\"cs_CZ\" \/>\n<meta property=\"og:type\" content=\"article\" \/>\n<meta property=\"og:title\" content=\"FIA zve\u0159ejnila zredukovan\u00e9 kalend\u00e1\u0159e sv\u011btov\u00fdch poh\u00e1r\u016f - DAKARMANIA.cz\" \/>\n<meta property=\"og:description\" content=\"FIA potvrdila redukovanou podobu sv\u011btov\u00fdch poh\u00e1r\u016f v cross-country rally a baj\u00e1ch. Podle sou\u010dasn\u00fdch p\u0159edpoklad\u016f by se m\u011blo uskute\u010dnit osm podnik\u016f.\" \/>\n<meta property=\"og:url\" content=\"https:\/\/www.dakarmania.cz\/index.php\/2020\/06\/21\/redukovane-kalendare-sp-fia\/\" \/>\n<meta property=\"og:site_name\" content=\"DAKARMANIA.cz\" \/>\n<meta property=\"article:publisher\" content=\"https:\/\/www.facebook.com\/dakarmania\/\" \/>\n<meta property=\"article:published_time\" content=\"2020-06-21T01:45:22+00:00\" \/>\n<meta property=\"article:modified_time\" content=\"2020-06-21T01:46:51+00:00\" \/>\n<meta property=\"og:image\" content=\"https:\/\/www.dakarmania.cz\/wp-content\/uploads\/2020\/06\/20-qatar-ccr-al-attiyah-02.jpg\" \/>\n\t<meta property=\"og:image:width\" content=\"1024\" \/>\n\t<meta property=\"og:image:height\" content=\"682\" \/>\n\t<meta property=\"og:image:type\" content=\"image\/jpeg\" \/>\n<meta name=\"author\" content=\"Zden\u011bk Zelenka\" \/>\n<meta name=\"twitter:card\" content=\"summary_large_image\" \/>\n<meta name=\"twitter:label1\" content=\"Napsal(a)\" \/>\n\t<meta name=\"twitter:data1\" content=\"Zden\u011bk Zelenka\" \/>\n\t<meta name=\"twitter:label2\" content=\"Odhadovan\u00e1 doba \u010dten\u00ed\" \/>\n\t<meta name=\"twitter:data2\" content=\"2 minuty\" \/>\n<script type=\"application\/ld+json\" class=\"yoast-schema-graph\">{\"@context\":\"https:\/\/schema.org\",\"@graph\":[{\"@type\":\"Article\",\"@id\":\"https:\/\/www.dakarmania.cz\/index.php\/2020\/06\/21\/redukovane-kalendare-sp-fia\/#article\",\"isPartOf\":{\"@id\":\"https:\/\/www.dakarmania.cz\/index.php\/2020\/06\/21\/redukovane-kalendare-sp-fia\/\"},\"author\":{\"name\":\"Zden\u011bk Zelenka\",\"@id\":\"https:\/\/www.dakarmania.cz\/#\/schema\/person\/04eb0e87a389631c2169c0dddae7ff1e\"},\"headline\":\"FIA zve\u0159ejnila zredukovan\u00e9 kalend\u00e1\u0159e sv\u011btov\u00fdch poh\u00e1r\u016f\",\"datePublished\":\"2020-06-21T01:45:22+00:00\",\"dateModified\":\"2020-06-21T01:46:51+00:00\",\"mainEntityOfPage\":{\"@id\":\"https:\/\/www.dakarmania.cz\/index.php\/2020\/06\/21\/redukovane-kalendare-sp-fia\/\"},\"wordCount\":470,\"commentCount\":0,\"publisher\":{\"@id\":\"https:\/\/www.dakarmania.cz\/#organization\"},\"image\":{\"@id\":\"https:\/\/www.dakarmania.cz\/index.php\/2020\/06\/21\/redukovane-kalendare-sp-fia\/#primaryimage\"},\"thumbnailUrl\":\"https:\/\/www.dakarmania.cz\/wp-content\/uploads\/2020\/06\/20-qatar-ccr-al-attiyah-02.jpg\",\"keywords\":[\"FIA\",\"SP FIA baja\",\"SP FIA baja 2020\",\"SP FIA CCR\",\"SP FIA CCR 2020\"],\"articleSection\":[\"Auto\",\"FIA SP baja\",\"FIA SP CCR\"],\"inLanguage\":\"cs\",\"potentialAction\":[{\"@type\":\"CommentAction\",\"name\":\"Comment\",\"target\":[\"https:\/\/www.dakarmania.cz\/index.php\/2020\/06\/21\/redukovane-kalendare-sp-fia\/#respond\"]}]},{\"@type\":\"WebPage\",\"@id\":\"https:\/\/www.dakarmania.cz\/index.php\/2020\/06\/21\/redukovane-kalendare-sp-fia\/\",\"url\":\"https:\/\/www.dakarmania.cz\/index.php\/2020\/06\/21\/redukovane-kalendare-sp-fia\/\",\"name\":\"FIA zve\u0159ejnila zredukovan\u00e9 kalend\u00e1\u0159e sv\u011btov\u00fdch poh\u00e1r\u016f - DAKARMANIA.cz\",\"isPartOf\":{\"@id\":\"https:\/\/www.dakarmania.cz\/#website\"},\"primaryImageOfPage\":{\"@id\":\"https:\/\/www.dakarmania.cz\/index.php\/2020\/06\/21\/redukovane-kalendare-sp-fia\/#primaryimage\"},\"image\":{\"@id\":\"https:\/\/www.dakarmania.cz\/index.php\/2020\/06\/21\/redukovane-kalendare-sp-fia\/#primaryimage\"},\"thumbnailUrl\":\"https:\/\/www.dakarmania.cz\/wp-content\/uploads\/2020\/06\/20-qatar-ccr-al-attiyah-02.jpg\",\"datePublished\":\"2020-06-21T01:45:22+00:00\",\"dateModified\":\"2020-06-21T01:46:51+00:00\",\"description\":\"FIA potvrdila redukovanou podobu sv\u011btov\u00fdch poh\u00e1r\u016f v cross-country rally a baj\u00e1ch. Podle sou\u010dasn\u00fdch p\u0159edpoklad\u016f by se m\u011blo uskute\u010dnit osm podnik\u016f.\",\"breadcrumb\":{\"@id\":\"https:\/\/www.dakarmania.cz\/index.php\/2020\/06\/21\/redukovane-kalendare-sp-fia\/#breadcrumb\"},\"inLanguage\":\"cs\",\"potentialAction\":[{\"@type\":\"ReadAction\",\"target\":[\"https:\/\/www.dakarmania.cz\/index.php\/2020\/06\/21\/redukovane-kalendare-sp-fia\/\"]}]},{\"@type\":\"ImageObject\",\"inLanguage\":\"cs\",\"@id\":\"https:\/\/www.dakarmania.cz\/index.php\/2020\/06\/21\/redukovane-kalendare-sp-fia\/#primaryimage\",\"url\":\"https:\/\/www.dakarmania.cz\/wp-content\/uploads\/2020\/06\/20-qatar-ccr-al-attiyah-02.jpg\",\"contentUrl\":\"https:\/\/www.dakarmania.cz\/wp-content\/uploads\/2020\/06\/20-qatar-ccr-al-attiyah-02.jpg\",\"width\":1024,\"height\":682,\"caption\":\"Nasser Al-Attiyah\/Mathieu Baumel, Toyota Hilux, Toyota Gazoo Racing. Qatar Cross-Country Rally 2020. \u00a9 Red Bull Content Pool\"},{\"@type\":\"BreadcrumbList\",\"@id\":\"https:\/\/www.dakarmania.cz\/index.php\/2020\/06\/21\/redukovane-kalendare-sp-fia\/#breadcrumb\",\"itemListElement\":[{\"@type\":\"ListItem\",\"position\":1,\"name\":\"Dom\u016f\",\"item\":\"https:\/\/www.dakarmania.cz\/\"},{\"@type\":\"ListItem\",\"position\":2,\"name\":\"FIA zve\u0159ejnila zredukovan\u00e9 kalend\u00e1\u0159e sv\u011btov\u00fdch poh\u00e1r\u016f\"}]},{\"@type\":\"WebSite\",\"@id\":\"https:\/\/www.dakarmania.cz\/#website\",\"url\":\"https:\/\/www.dakarmania.cz\/\",\"name\":\"DAKARMANIA.cz\",\"description\":\"\u017dijeme Dakarem cel\u00fd rok\",\"publisher\":{\"@id\":\"https:\/\/www.dakarmania.cz\/#organization\"},\"potentialAction\":[{\"@type\":\"SearchAction\",\"target\":{\"@type\":\"EntryPoint\",\"urlTemplate\":\"https:\/\/www.dakarmania.cz\/?s={search_term_string}\"},\"query-input\":{\"@type\":\"PropertyValueSpecification\",\"valueRequired\":true,\"valueName\":\"search_term_string\"}}],\"inLanguage\":\"cs\"},{\"@type\":\"Organization\",\"@id\":\"https:\/\/www.dakarmania.cz\/#organization\",\"name\":\"DAKAR MANIA\",\"url\":\"https:\/\/www.dakarmania.cz\/\",\"logo\":{\"@type\":\"ImageObject\",\"inLanguage\":\"cs\",\"@id\":\"https:\/\/www.dakarmania.cz\/#\/schema\/logo\/image\/\",\"url\":\"https:\/\/www.dakarmania.cz\/wp-content\/uploads\/2018\/12\/Dakar-Mania-Logo-Square-Orange.png\",\"contentUrl\":\"https:\/\/www.dakarmania.cz\/wp-content\/uploads\/2018\/12\/Dakar-Mania-Logo-Square-Orange.png\",\"width\":992,\"height\":992,\"caption\":\"DAKAR MANIA\"},\"image\":{\"@id\":\"https:\/\/www.dakarmania.cz\/#\/schema\/logo\/image\/\"},\"sameAs\":[\"https:\/\/www.facebook.com\/dakarmania\/\"]},{\"@type\":\"Person\",\"@id\":\"https:\/\/www.dakarmania.cz\/#\/schema\/person\/04eb0e87a389631c2169c0dddae7ff1e\",\"name\":\"Zden\u011bk Zelenka\",\"image\":{\"@type\":\"ImageObject\",\"inLanguage\":\"cs\",\"@id\":\"https:\/\/www.dakarmania.cz\/#\/schema\/person\/image\/\",\"url\":\"https:\/\/secure.gravatar.com\/avatar\/2c80d5a4942fe0900b73cc7d3837a509d6ee0a276a2b76dac95c92bd0763a89b?s=96&d=mm&r=g\",\"contentUrl\":\"https:\/\/secure.gravatar.com\/avatar\/2c80d5a4942fe0900b73cc7d3837a509d6ee0a276a2b76dac95c92bd0763a89b?s=96&d=mm&r=g\",\"caption\":\"Zden\u011bk Zelenka\"},\"description\":\"Moji d\u011bt\u0161t\u00ed hrdinov\u00e9 se jmenovali Loprais, Moskal, Neveu, Vatanen, Rahier... A tihle borci, jejich n\u00e1sledovn\u00edci a jejich p\u0159\u00edb\u011bhy m\u011b nep\u0159estali fascinovat ani po letech, kdy jsem vyrostl a zam\u011bstn\u00e1valy m\u011b jin\u00e9 discipl\u00edny motorsportu. Proto se zrodila DAKARMANIA.\",\"url\":\"https:\/\/www.dakarmania.cz\/index.php\/author\/dakarmania\/\"}]}<\/script>\n<!-- \/ Yoast SEO plugin. -->","yoast_head_json":{"title":"FIA zve\u0159ejnila zredukovan\u00e9 kalend\u00e1\u0159e sv\u011btov\u00fdch poh\u00e1r\u016f - DAKARMANIA.cz","description":"FIA potvrdila redukovanou podobu sv\u011btov\u00fdch poh\u00e1r\u016f v cross-country rally a baj\u00e1ch. Podle sou\u010dasn\u00fdch p\u0159edpoklad\u016f by se m\u011blo uskute\u010dnit osm podnik\u016f.","robots":{"index":"index","follow":"follow","max-snippet":"max-snippet:-1","max-image-preview":"max-image-preview:large","max-video-preview":"max-video-preview:-1"},"canonical":"https:\/\/www.dakarmania.cz\/index.php\/2020\/06\/21\/redukovane-kalendare-sp-fia\/","og_locale":"cs_CZ","og_type":"article","og_title":"FIA zve\u0159ejnila zredukovan\u00e9 kalend\u00e1\u0159e sv\u011btov\u00fdch poh\u00e1r\u016f - DAKARMANIA.cz","og_description":"FIA potvrdila redukovanou podobu sv\u011btov\u00fdch poh\u00e1r\u016f v cross-country rally a baj\u00e1ch. Podle sou\u010dasn\u00fdch p\u0159edpoklad\u016f by se m\u011blo uskute\u010dnit osm podnik\u016f.","og_url":"https:\/\/www.dakarmania.cz\/index.php\/2020\/06\/21\/redukovane-kalendare-sp-fia\/","og_site_name":"DAKARMANIA.cz","article_publisher":"https:\/\/www.facebook.com\/dakarmania\/","article_published_time":"2020-06-21T01:45:22+00:00","article_modified_time":"2020-06-21T01:46:51+00:00","og_image":[{"width":1024,"height":682,"url":"https:\/\/www.dakarmania.cz\/wp-content\/uploads\/2020\/06\/20-qatar-ccr-al-attiyah-02.jpg","type":"image\/jpeg"}],"author":"Zden\u011bk Zelenka","twitter_card":"summary_large_image","twitter_misc":{"Napsal(a)":"Zden\u011bk Zelenka","Odhadovan\u00e1 doba \u010dten\u00ed":"2 minuty"},"schema":{"@context":"https:\/\/schema.org","@graph":[{"@type":"Article","@id":"https:\/\/www.dakarmania.cz\/index.php\/2020\/06\/21\/redukovane-kalendare-sp-fia\/#article","isPartOf":{"@id":"https:\/\/www.dakarmania.cz\/index.php\/2020\/06\/21\/redukovane-kalendare-sp-fia\/"},"author":{"name":"Zden\u011bk Zelenka","@id":"https:\/\/www.dakarmania.cz\/#\/schema\/person\/04eb0e87a389631c2169c0dddae7ff1e"},"headline":"FIA zve\u0159ejnila zredukovan\u00e9 kalend\u00e1\u0159e sv\u011btov\u00fdch poh\u00e1r\u016f","datePublished":"2020-06-21T01:45:22+00:00","dateModified":"2020-06-21T01:46:51+00:00","mainEntityOfPage":{"@id":"https:\/\/www.dakarmania.cz\/index.php\/2020\/06\/21\/redukovane-kalendare-sp-fia\/"},"wordCount":470,"commentCount":0,"publisher":{"@id":"https:\/\/www.dakarmania.cz\/#organization"},"image":{"@id":"https:\/\/www.dakarmania.cz\/index.php\/2020\/06\/21\/redukovane-kalendare-sp-fia\/#primaryimage"},"thumbnailUrl":"https:\/\/www.dakarmania.cz\/wp-content\/uploads\/2020\/06\/20-qatar-ccr-al-attiyah-02.jpg","keywords":["FIA","SP FIA baja","SP FIA baja 2020","SP FIA CCR","SP FIA CCR 2020"],"articleSection":["Auto","FIA SP baja","FIA SP CCR"],"inLanguage":"cs","potentialAction":[{"@type":"CommentAction","name":"Comment","target":["https:\/\/www.dakarmania.cz\/index.php\/2020\/06\/21\/redukovane-kalendare-sp-fia\/#respond"]}]},{"@type":"WebPage","@id":"https:\/\/www.dakarmania.cz\/index.php\/2020\/06\/21\/redukovane-kalendare-sp-fia\/","url":"https:\/\/www.dakarmania.cz\/index.php\/2020\/06\/21\/redukovane-kalendare-sp-fia\/","name":"FIA zve\u0159ejnila zredukovan\u00e9 kalend\u00e1\u0159e sv\u011btov\u00fdch poh\u00e1r\u016f - DAKARMANIA.cz","isPartOf":{"@id":"https:\/\/www.dakarmania.cz\/#website"},"primaryImageOfPage":{"@id":"https:\/\/www.dakarmania.cz\/index.php\/2020\/06\/21\/redukovane-kalendare-sp-fia\/#primaryimage"},"image":{"@id":"https:\/\/www.dakarmania.cz\/index.php\/2020\/06\/21\/redukovane-kalendare-sp-fia\/#primaryimage"},"thumbnailUrl":"https:\/\/www.dakarmania.cz\/wp-content\/uploads\/2020\/06\/20-qatar-ccr-al-attiyah-02.jpg","datePublished":"2020-06-21T01:45:22+00:00","dateModified":"2020-06-21T01:46:51+00:00","description":"FIA potvrdila redukovanou podobu sv\u011btov\u00fdch poh\u00e1r\u016f v cross-country rally a baj\u00e1ch. Podle sou\u010dasn\u00fdch p\u0159edpoklad\u016f by se m\u011blo uskute\u010dnit osm podnik\u016f.","breadcrumb":{"@id":"https:\/\/www.dakarmania.cz\/index.php\/2020\/06\/21\/redukovane-kalendare-sp-fia\/#breadcrumb"},"inLanguage":"cs","potentialAction":[{"@type":"ReadAction","target":["https:\/\/www.dakarmania.cz\/index.php\/2020\/06\/21\/redukovane-kalendare-sp-fia\/"]}]},{"@type":"ImageObject","inLanguage":"cs","@id":"https:\/\/www.dakarmania.cz\/index.php\/2020\/06\/21\/redukovane-kalendare-sp-fia\/#primaryimage","url":"https:\/\/www.dakarmania.cz\/wp-content\/uploads\/2020\/06\/20-qatar-ccr-al-attiyah-02.jpg","contentUrl":"https:\/\/www.dakarmania.cz\/wp-content\/uploads\/2020\/06\/20-qatar-ccr-al-attiyah-02.jpg","width":1024,"height":682,"caption":"Nasser Al-Attiyah\/Mathieu Baumel, Toyota Hilux, Toyota Gazoo Racing. Qatar Cross-Country Rally 2020. \u00a9 Red Bull Content Pool"},{"@type":"BreadcrumbList","@id":"https:\/\/www.dakarmania.cz\/index.php\/2020\/06\/21\/redukovane-kalendare-sp-fia\/#breadcrumb","itemListElement":[{"@type":"ListItem","position":1,"name":"Dom\u016f","item":"https:\/\/www.dakarmania.cz\/"},{"@type":"ListItem","position":2,"name":"FIA zve\u0159ejnila zredukovan\u00e9 kalend\u00e1\u0159e sv\u011btov\u00fdch poh\u00e1r\u016f"}]},{"@type":"WebSite","@id":"https:\/\/www.dakarmania.cz\/#website","url":"https:\/\/www.dakarmania.cz\/","name":"DAKARMANIA.cz","description":"\u017dijeme Dakarem cel\u00fd rok","publisher":{"@id":"https:\/\/www.dakarmania.cz\/#organization"},"potentialAction":[{"@type":"SearchAction","target":{"@type":"EntryPoint","urlTemplate":"https:\/\/www.dakarmania.cz\/?s={search_term_string}"},"query-input":{"@type":"PropertyValueSpecification","valueRequired":true,"valueName":"search_term_string"}}],"inLanguage":"cs"},{"@type":"Organization","@id":"https:\/\/www.dakarmania.cz\/#organization","name":"DAKAR MANIA","url":"https:\/\/www.dakarmania.cz\/","logo":{"@type":"ImageObject","inLanguage":"cs","@id":"https:\/\/www.dakarmania.cz\/#\/schema\/logo\/image\/","url":"https:\/\/www.dakarmania.cz\/wp-content\/uploads\/2018\/12\/Dakar-Mania-Logo-Square-Orange.png","contentUrl":"https:\/\/www.dakarmania.cz\/wp-content\/uploads\/2018\/12\/Dakar-Mania-Logo-Square-Orange.png","width":992,"height":992,"caption":"DAKAR MANIA"},"image":{"@id":"https:\/\/www.dakarmania.cz\/#\/schema\/logo\/image\/"},"sameAs":["https:\/\/www.facebook.com\/dakarmania\/"]},{"@type":"Person","@id":"https:\/\/www.dakarmania.cz\/#\/schema\/person\/04eb0e87a389631c2169c0dddae7ff1e","name":"Zden\u011bk Zelenka","image":{"@type":"ImageObject","inLanguage":"cs","@id":"https:\/\/www.dakarmania.cz\/#\/schema\/person\/image\/","url":"https:\/\/secure.gravatar.com\/avatar\/2c80d5a4942fe0900b73cc7d3837a509d6ee0a276a2b76dac95c92bd0763a89b?s=96&d=mm&r=g","contentUrl":"https:\/\/secure.gravatar.com\/avatar\/2c80d5a4942fe0900b73cc7d3837a509d6ee0a276a2b76dac95c92bd0763a89b?s=96&d=mm&r=g","caption":"Zden\u011bk Zelenka"},"description":"Moji d\u011bt\u0161t\u00ed hrdinov\u00e9 se jmenovali Loprais, Moskal, Neveu, Vatanen, Rahier... A tihle borci, jejich n\u00e1sledovn\u00edci a jejich p\u0159\u00edb\u011bhy m\u011b nep\u0159estali fascinovat ani po letech, kdy jsem vyrostl a zam\u011bstn\u00e1valy m\u011b jin\u00e9 discipl\u00edny motorsportu. Proto se zrodila DAKARMANIA.","url":"https:\/\/www.dakarmania.cz\/index.php\/author\/dakarmania\/"}]}},"amp_enabled":true,"_links":{"self":[{"href":"https:\/\/www.dakarmania.cz\/index.php\/wp-json\/wp\/v2\/posts\/16348","targetHints":{"allow":["GET"]}}],"collection":[{"href":"https:\/\/www.dakarmania.cz\/index.php\/wp-json\/wp\/v2\/posts"}],"about":[{"href":"https:\/\/www.dakarmania.cz\/index.php\/wp-json\/wp\/v2\/types\/post"}],"author":[{"embeddable":true,"href":"https:\/\/www.dakarmania.cz\/index.php\/wp-json\/wp\/v2\/users\/1"}],"replies":[{"embeddable":true,"href":"https:\/\/www.dakarmania.cz\/index.php\/wp-json\/wp\/v2\/comments?post=16348"}],"version-history":[{"count":3,"href":"https:\/\/www.dakarmania.cz\/index.php\/wp-json\/wp\/v2\/posts\/16348\/revisions"}],"predecessor-version":[{"id":16352,"href":"https:\/\/www.dakarmania.cz\/index.php\/wp-json\/wp\/v2\/posts\/16348\/revisions\/16352"}],"wp:featuredmedia":[{"embeddable":true,"href":"https:\/\/www.dakarmania.cz\/index.php\/wp-json\/wp\/v2\/media\/16347"}],"wp:attachment":[{"href":"https:\/\/www.dakarmania.cz\/index.php\/wp-json\/wp\/v2\/media?parent=16348"}],"wp:term":[{"taxonomy":"category","embeddable":true,"href":"https:\/\/www.dakarmania.cz\/index.php\/wp-json\/wp\/v2\/categories?post=16348"},{"taxonomy":"post_tag","embeddable":true,"href":"https:\/\/www.dakarmania.cz\/index.php\/wp-json\/wp\/v2\/tags?post=16348"}],"curies":[{"name":"wp","href":"https:\/\/api.w.org\/{rel}","templated":true}]}}