{"id":16366,"date":"2020-06-30T13:28:53","date_gmt":"2020-06-30T11:28:53","guid":{"rendered":"https:\/\/www.dakarmania.cz\/?p=16366"},"modified":"2020-07-07T08:07:02","modified_gmt":"2020-07-07T06:07:02","slug":"z-kalendaru-vypadla-dalsi-soutez","status":"publish","type":"post","link":"https:\/\/www.dakarmania.cz\/index.php\/2020\/06\/30\/z-kalendaru-vypadla-dalsi-soutez\/","title":{"rendered":"Z kalend\u00e1\u0159\u016f sv\u011btov\u00fdch s\u00e9ri\u00ed vypadla dal\u0161\u00ed sout\u011b\u017e"},"content":{"rendered":"<p>[vc_row][vc_column][vc_column_text css_animation=&#8221;fadeIn&#8221;]<\/p>\n<h3>U\u017e d\u0159\u00edve redukovan\u00e9 kalend\u00e1\u0159e mistrovstv\u00ed sv\u011bta FIM a sv\u011btov\u00e9ho poh\u00e1ru FIA v cross-country rally ze\u0161t\u00edhlely o dal\u0161\u00ed polo\u017eku. S odvol\u00e1n\u00edm na p\u0159etrv\u00e1vaj\u00edc\u00ed probl\u00e9my spojen\u00e9 se \u0161\u00ed\u0159en\u00edm nemoci covid-19 v hostitelsk\u00e9 zemi i ve sv\u011bt\u011b dnes ofici\u00e1ln\u011b zru\u0161ili leto\u0161n\u00ed ro\u010dn\u00edk sv\u00e9 sout\u011b\u017ee tak\u00e9 kaza\u0161\u0161t\u00ed po\u0159adatel\u00e9.<\/h3>\n<p>[\/vc_column_text][vc_single_image image=&#8221;16363&#8243; img_size=&#8221;large&#8221; add_caption=&#8221;yes&#8221; alignment=&#8221;center&#8221; onclick=&#8221;link_image&#8221; css_animation=&#8221;fadeIn&#8221;][vc_column_text css_animation=&#8221;fadeIn&#8221;]Rally Kazakhstan se p\u016fvodn\u011b m\u011bla jet u\u017e na konci kv\u011btna jako druh\u00fd podnik <a href=\"\/index.php\/sampionaty\/ms-fim-ccr-2020\/\">Mistrovstv\u00ed sv\u011bta FIM v cross-country rally<\/a> a z\u00e1rove\u0148 m\u011bla b\u00fdt t\u0159et\u00edm dostaven\u00ed\u010dkem \u00fa\u010dastn\u00edk\u016f <a href=\"\/index.php\/sampionaty\/sp-fia-ccr-2020\/\">Sv\u011btov\u00e9ho poh\u00e1ru FIA v cross-country rally<\/a>. Jen\u017ee celosv\u011btov\u00e1 pandemie nov\u00e9ho koronaviru vedla organiz\u00e1tory k odlo\u017een\u00ed podniku na po\u010d\u00e1tek z\u00e1\u0159\u00ed.<\/p>\n<p>Kv\u016fli nov\u00e9mu term\u00ednu v\u0161ak visel velk\u00fd otazn\u00edk nad kvalitou startovn\u00edho pole, a to p\u0159edev\u0161\u00edm v kategorii automobil\u016f. D\u016fvodem byla \u010dasov\u00e1 bl\u00edzkost polsk\u00e9 baji, kter\u00e1 se m\u011bla jet jen o t\u00fdden d\u0159\u00edve. Z logistick\u00fdch d\u016fvod\u016f tak mohly o \u00fa\u010dasti na obou podnic\u00edch uva\u017eovat pouze nejv\u011bt\u0161\u00ed t\u00fdmy. Ani ony v\u0161ak nyn\u00ed tento probl\u00e9m u\u017e \u0159e\u0161it nemus\u00ed.<\/p>\n<p>Ve sv\u011btov\u00e9m poh\u00e1ru FIA tak krom\u011b odjet\u00e9 <a href=\"\/index.php\/souteze\/qatar-ccr-2020\/\">Qatar Cross-Country Rally<\/a> v tomto okam\u017eiku z\u016fst\u00e1vaj\u00ed u\u017e jen dva dal\u0161\u00ed podniky. Je\u0161t\u011b skromn\u011bj\u0161\u00ed bude sv\u011btov\u00fd \u0161ampion\u00e1t FIM, tedy pokud Mezin\u00e1rodn\u00ed motocyklov\u00e1 federace nakonec nes\u00e1hne k \u00fapln\u00e9mu zru\u0161en\u00ed leto\u0161n\u00ed sezony. Kalend\u00e1\u0159 mistrovstv\u00ed sv\u011bta, kter\u00e9 na ja\u0159e nestihlo ani odstartovat, toti\u017e nyn\u00ed tvo\u0159\u00ed pouh\u00e9 dv\u011b sout\u011b\u017ee.[\/vc_column_text][vc_column_text css_animation=&#8221;fadeIn&#8221;]<\/p>\n<table style=\"width: 97.7654%;\" rules=\"rows\" cellpadding=\"4px\">\n<tbody>\n<tr style=\"background-color: #9e9d9d; color: white;\">\n<td style=\"text-align: center; width: 99.8484%;\" colspan=\"4\"><strong>AKTUALIZOVAN\u00dd KALEND\u00c1\u0158 SP FIA CCR 2020<\/strong><\/td>\n<\/tr>\n<tr style=\"background-color: #f2f2f2;\">\n<td>22.02.2020<\/td>\n<td>27.02.2020<\/td>\n<td><a href=\"\/index.php\/souteze\/qatar-ccr-2020\/\"><span style=\"color: #ee8027;\">Qatar Cross-Country Rally<\/span><\/a><\/td>\n<td class=\"nomobile\"><img decoding=\"async\" class=\"aligncenter\" src=\"\/wp-content\/uploads\/2019\/02\/flag-qa-18x12.png\" \/><\/td>\n<\/tr>\n<tr style=\"background-color: #dbd9d9;\">\n<td>09.10.2020<\/td>\n<td>14.10.2020<\/td>\n<td>Rallye du Maroc<\/td>\n<td class=\"nomobile\"><img decoding=\"async\" class=\"aligncenter\" src=\"\/wp-content\/uploads\/2019\/02\/flag-ma-18x12.png\" \/><\/td>\n<\/tr>\n<tr style=\"background-color: #f2f2f2;\">\n<td>20.11.2020<\/td>\n<td>26.11.2020<\/td>\n<td>Abu Dhabi Desert Challenge<\/td>\n<td class=\"nomobile\"><img decoding=\"async\" class=\"aligncenter\" src=\"\/wp-content\/uploads\/2019\/02\/flag-ae-18x12.png\" \/><\/td>\n<\/tr>\n<\/tbody>\n<\/table>\n<p>[\/vc_column_text][vc_column_text css_animation=&#8221;fadeIn&#8221;]<\/p>\n<table style=\"width: 97.7654%;\" rules=\"rows\" cellpadding=\"4px\">\n<tbody>\n<tr style=\"background-color: #9e9d9d; color: white;\">\n<td style=\"text-align: center; width: 99.8484%;\" colspan=\"4\"><strong>AKTUALIZOVAN\u00dd KALEND\u00c1\u0158 MS FIM CCR 2020<\/strong><\/td>\n<\/tr>\n<tr style=\"background-color: #f2f2f2;\">\n<td>09.10.2020<\/td>\n<td>14.10.2020<\/td>\n<td>Rallye du Maroc<\/td>\n<td class=\"nomobile\"><img decoding=\"async\" class=\"aligncenter\" src=\"\/wp-content\/uploads\/2019\/02\/flag-ma-18x12.png\" \/><\/td>\n<\/tr>\n<tr style=\"background-color: #dbd9d9;\">\n<td>20.11.2020<\/td>\n<td>26.11.2020<\/td>\n<td>Abu Dhabi Desert Challenge<\/td>\n<td class=\"nomobile\"><img decoding=\"async\" class=\"aligncenter\" src=\"\/wp-content\/uploads\/2019\/02\/flag-ae-18x12.png\" \/><\/td>\n<\/tr>\n<\/tbody>\n<\/table>\n<p>[\/vc_column_text][vc_empty_space height=&#8221;2px&#8221;][\/vc_column][\/vc_row]<\/p>\n","protected":false},"excerpt":{"rendered":"<p>U\u017e d\u0159\u00edve redukovan\u00e9 kalend\u00e1\u0159e mistrovstv\u00ed sv\u011bta FIM a sv\u011btov\u00e9ho poh\u00e1ru FIA v cross-country rally ze\u0161t\u00edhlely o dal\u0161\u00ed polo\u017eku.<\/p>\n","protected":false},"author":1,"featured_media":16363,"comment_status":"open","ping_status":"closed","sticky":false,"template":"","format":"standard","meta":{"footnotes":""},"categories":[3,97,154],"tags":[903,99,158,156,1474,1064,1479,105,1531],"class_list":["post-16366","post","type-post","status-publish","format-standard","has-post-thumbnail","hentry","category-auto","category-fia-ccr","category-fim-ccr","tag-903","tag-fia","tag-fim","tag-ms-fim-ccr","tag-ms-fim-ccr-2020","tag-rally-kazakhstan","tag-rally-kazakhstan-2020","tag-sp-fia-ccr","tag-sp-fia-ccr-2020"],"yoast_head":"<!-- This site is optimized with the Yoast SEO plugin v24.9 - https:\/\/yoast.com\/wordpress\/plugins\/seo\/ -->\n<title>Z kalend\u00e1\u0159\u016f sv\u011btov\u00fdch s\u00e9ri\u00ed vypadla dal\u0161\u00ed sout\u011b\u017e - DAKARMANIA.cz<\/title>\n<meta name=\"description\" content=\"U\u017e d\u0159\u00edve redukovan\u00e9 kalend\u00e1\u0159e mistrovstv\u00ed sv\u011bta FIM a sv\u011btov\u00e9ho poh\u00e1ru FIA v cross-country rally ze\u0161t\u00edhlely o dal\u0161\u00ed polo\u017eku.\" \/>\n<meta name=\"robots\" content=\"index, follow, max-snippet:-1, max-image-preview:large, max-video-preview:-1\" \/>\n<link rel=\"canonical\" href=\"https:\/\/www.dakarmania.cz\/index.php\/2020\/06\/30\/z-kalendaru-vypadla-dalsi-soutez\/\" \/>\n<meta property=\"og:locale\" content=\"cs_CZ\" \/>\n<meta property=\"og:type\" content=\"article\" \/>\n<meta property=\"og:title\" content=\"Z kalend\u00e1\u0159\u016f sv\u011btov\u00fdch s\u00e9ri\u00ed vypadla dal\u0161\u00ed sout\u011b\u017e - DAKARMANIA.cz\" \/>\n<meta property=\"og:description\" content=\"U\u017e d\u0159\u00edve redukovan\u00e9 kalend\u00e1\u0159e mistrovstv\u00ed sv\u011bta FIM a sv\u011btov\u00e9ho poh\u00e1ru FIA v cross-country rally ze\u0161t\u00edhlely o dal\u0161\u00ed polo\u017eku.\" \/>\n<meta property=\"og:url\" content=\"https:\/\/www.dakarmania.cz\/index.php\/2020\/06\/30\/z-kalendaru-vypadla-dalsi-soutez\/\" \/>\n<meta property=\"og:site_name\" content=\"DAKARMANIA.cz\" \/>\n<meta property=\"article:publisher\" content=\"https:\/\/www.facebook.com\/dakarmania\/\" \/>\n<meta property=\"article:published_time\" content=\"2020-06-30T11:28:53+00:00\" \/>\n<meta property=\"article:modified_time\" content=\"2020-07-07T06:07:02+00:00\" \/>\n<meta property=\"og:image\" content=\"https:\/\/www.dakarmania.cz\/wp-content\/uploads\/2020\/06\/19-kazakhstan-al-attiyah-07.jpg\" \/>\n\t<meta property=\"og:image:width\" content=\"1024\" \/>\n\t<meta property=\"og:image:height\" content=\"682\" \/>\n\t<meta property=\"og:image:type\" content=\"image\/jpeg\" \/>\n<meta name=\"author\" content=\"Zden\u011bk Zelenka\" \/>\n<meta name=\"twitter:card\" content=\"summary_large_image\" \/>\n<meta name=\"twitter:label1\" content=\"Napsal(a)\" \/>\n\t<meta name=\"twitter:data1\" content=\"Zden\u011bk Zelenka\" \/>\n\t<meta name=\"twitter:label2\" content=\"Odhadovan\u00e1 doba \u010dten\u00ed\" \/>\n\t<meta name=\"twitter:data2\" content=\"2 minuty\" \/>\n<script type=\"application\/ld+json\" class=\"yoast-schema-graph\">{\"@context\":\"https:\/\/schema.org\",\"@graph\":[{\"@type\":\"Article\",\"@id\":\"https:\/\/www.dakarmania.cz\/index.php\/2020\/06\/30\/z-kalendaru-vypadla-dalsi-soutez\/#article\",\"isPartOf\":{\"@id\":\"https:\/\/www.dakarmania.cz\/index.php\/2020\/06\/30\/z-kalendaru-vypadla-dalsi-soutez\/\"},\"author\":{\"name\":\"Zden\u011bk Zelenka\",\"@id\":\"https:\/\/www.dakarmania.cz\/#\/schema\/person\/04eb0e87a389631c2169c0dddae7ff1e\"},\"headline\":\"Z kalend\u00e1\u0159\u016f sv\u011btov\u00fdch s\u00e9ri\u00ed vypadla dal\u0161\u00ed sout\u011b\u017e\",\"datePublished\":\"2020-06-30T11:28:53+00:00\",\"dateModified\":\"2020-07-07T06:07:02+00:00\",\"mainEntityOfPage\":{\"@id\":\"https:\/\/www.dakarmania.cz\/index.php\/2020\/06\/30\/z-kalendaru-vypadla-dalsi-soutez\/\"},\"wordCount\":384,\"commentCount\":0,\"publisher\":{\"@id\":\"https:\/\/www.dakarmania.cz\/#organization\"},\"image\":{\"@id\":\"https:\/\/www.dakarmania.cz\/index.php\/2020\/06\/30\/z-kalendaru-vypadla-dalsi-soutez\/#primaryimage\"},\"thumbnailUrl\":\"https:\/\/www.dakarmania.cz\/wp-content\/uploads\/2020\/06\/19-kazakhstan-al-attiyah-07.jpg\",\"keywords\":[\"2020\",\"FIA\",\"FIM\",\"MS FIM CCR\",\"MS FIM CCR 2020\",\"Rally Kazakhstan\",\"Rally Kazakhstan 2020\",\"SP FIA CCR\",\"SP FIA CCR 2020\"],\"articleSection\":[\"Auto\",\"FIA SP CCR\",\"FIM MS CCR\"],\"inLanguage\":\"cs\",\"potentialAction\":[{\"@type\":\"CommentAction\",\"name\":\"Comment\",\"target\":[\"https:\/\/www.dakarmania.cz\/index.php\/2020\/06\/30\/z-kalendaru-vypadla-dalsi-soutez\/#respond\"]}]},{\"@type\":\"WebPage\",\"@id\":\"https:\/\/www.dakarmania.cz\/index.php\/2020\/06\/30\/z-kalendaru-vypadla-dalsi-soutez\/\",\"url\":\"https:\/\/www.dakarmania.cz\/index.php\/2020\/06\/30\/z-kalendaru-vypadla-dalsi-soutez\/\",\"name\":\"Z kalend\u00e1\u0159\u016f sv\u011btov\u00fdch s\u00e9ri\u00ed vypadla dal\u0161\u00ed sout\u011b\u017e - DAKARMANIA.cz\",\"isPartOf\":{\"@id\":\"https:\/\/www.dakarmania.cz\/#website\"},\"primaryImageOfPage\":{\"@id\":\"https:\/\/www.dakarmania.cz\/index.php\/2020\/06\/30\/z-kalendaru-vypadla-dalsi-soutez\/#primaryimage\"},\"image\":{\"@id\":\"https:\/\/www.dakarmania.cz\/index.php\/2020\/06\/30\/z-kalendaru-vypadla-dalsi-soutez\/#primaryimage\"},\"thumbnailUrl\":\"https:\/\/www.dakarmania.cz\/wp-content\/uploads\/2020\/06\/19-kazakhstan-al-attiyah-07.jpg\",\"datePublished\":\"2020-06-30T11:28:53+00:00\",\"dateModified\":\"2020-07-07T06:07:02+00:00\",\"description\":\"U\u017e d\u0159\u00edve redukovan\u00e9 kalend\u00e1\u0159e mistrovstv\u00ed sv\u011bta FIM a sv\u011btov\u00e9ho poh\u00e1ru FIA v cross-country rally ze\u0161t\u00edhlely o dal\u0161\u00ed polo\u017eku.\",\"breadcrumb\":{\"@id\":\"https:\/\/www.dakarmania.cz\/index.php\/2020\/06\/30\/z-kalendaru-vypadla-dalsi-soutez\/#breadcrumb\"},\"inLanguage\":\"cs\",\"potentialAction\":[{\"@type\":\"ReadAction\",\"target\":[\"https:\/\/www.dakarmania.cz\/index.php\/2020\/06\/30\/z-kalendaru-vypadla-dalsi-soutez\/\"]}]},{\"@type\":\"ImageObject\",\"inLanguage\":\"cs\",\"@id\":\"https:\/\/www.dakarmania.cz\/index.php\/2020\/06\/30\/z-kalendaru-vypadla-dalsi-soutez\/#primaryimage\",\"url\":\"https:\/\/www.dakarmania.cz\/wp-content\/uploads\/2020\/06\/19-kazakhstan-al-attiyah-07.jpg\",\"contentUrl\":\"https:\/\/www.dakarmania.cz\/wp-content\/uploads\/2020\/06\/19-kazakhstan-al-attiyah-07.jpg\",\"width\":1024,\"height\":682,\"caption\":\"Nasser Al-Attiyah\/Mathieu Baumel, Toyota Hilux, Nasser Al-Attiyah Team. Rally Kazakhstan 2019. \u00a9 Toyota\"},{\"@type\":\"BreadcrumbList\",\"@id\":\"https:\/\/www.dakarmania.cz\/index.php\/2020\/06\/30\/z-kalendaru-vypadla-dalsi-soutez\/#breadcrumb\",\"itemListElement\":[{\"@type\":\"ListItem\",\"position\":1,\"name\":\"Dom\u016f\",\"item\":\"https:\/\/www.dakarmania.cz\/\"},{\"@type\":\"ListItem\",\"position\":2,\"name\":\"Z kalend\u00e1\u0159\u016f sv\u011btov\u00fdch s\u00e9ri\u00ed vypadla dal\u0161\u00ed sout\u011b\u017e\"}]},{\"@type\":\"WebSite\",\"@id\":\"https:\/\/www.dakarmania.cz\/#website\",\"url\":\"https:\/\/www.dakarmania.cz\/\",\"name\":\"DAKARMANIA.cz\",\"description\":\"\u017dijeme Dakarem cel\u00fd rok\",\"publisher\":{\"@id\":\"https:\/\/www.dakarmania.cz\/#organization\"},\"potentialAction\":[{\"@type\":\"SearchAction\",\"target\":{\"@type\":\"EntryPoint\",\"urlTemplate\":\"https:\/\/www.dakarmania.cz\/?s={search_term_string}\"},\"query-input\":{\"@type\":\"PropertyValueSpecification\",\"valueRequired\":true,\"valueName\":\"search_term_string\"}}],\"inLanguage\":\"cs\"},{\"@type\":\"Organization\",\"@id\":\"https:\/\/www.dakarmania.cz\/#organization\",\"name\":\"DAKAR MANIA\",\"url\":\"https:\/\/www.dakarmania.cz\/\",\"logo\":{\"@type\":\"ImageObject\",\"inLanguage\":\"cs\",\"@id\":\"https:\/\/www.dakarmania.cz\/#\/schema\/logo\/image\/\",\"url\":\"https:\/\/www.dakarmania.cz\/wp-content\/uploads\/2018\/12\/Dakar-Mania-Logo-Square-Orange.png\",\"contentUrl\":\"https:\/\/www.dakarmania.cz\/wp-content\/uploads\/2018\/12\/Dakar-Mania-Logo-Square-Orange.png\",\"width\":992,\"height\":992,\"caption\":\"DAKAR MANIA\"},\"image\":{\"@id\":\"https:\/\/www.dakarmania.cz\/#\/schema\/logo\/image\/\"},\"sameAs\":[\"https:\/\/www.facebook.com\/dakarmania\/\"]},{\"@type\":\"Person\",\"@id\":\"https:\/\/www.dakarmania.cz\/#\/schema\/person\/04eb0e87a389631c2169c0dddae7ff1e\",\"name\":\"Zden\u011bk Zelenka\",\"image\":{\"@type\":\"ImageObject\",\"inLanguage\":\"cs\",\"@id\":\"https:\/\/www.dakarmania.cz\/#\/schema\/person\/image\/\",\"url\":\"https:\/\/secure.gravatar.com\/avatar\/2c80d5a4942fe0900b73cc7d3837a509d6ee0a276a2b76dac95c92bd0763a89b?s=96&d=mm&r=g\",\"contentUrl\":\"https:\/\/secure.gravatar.com\/avatar\/2c80d5a4942fe0900b73cc7d3837a509d6ee0a276a2b76dac95c92bd0763a89b?s=96&d=mm&r=g\",\"caption\":\"Zden\u011bk Zelenka\"},\"description\":\"Moji d\u011bt\u0161t\u00ed hrdinov\u00e9 se jmenovali Loprais, Moskal, Neveu, Vatanen, Rahier... A tihle borci, jejich n\u00e1sledovn\u00edci a jejich p\u0159\u00edb\u011bhy m\u011b nep\u0159estali fascinovat ani po letech, kdy jsem vyrostl a zam\u011bstn\u00e1valy m\u011b jin\u00e9 discipl\u00edny motorsportu. Proto se zrodila DAKARMANIA.\",\"url\":\"https:\/\/www.dakarmania.cz\/index.php\/author\/dakarmania\/\"}]}<\/script>\n<!-- \/ Yoast SEO plugin. -->","yoast_head_json":{"title":"Z kalend\u00e1\u0159\u016f sv\u011btov\u00fdch s\u00e9ri\u00ed vypadla dal\u0161\u00ed sout\u011b\u017e - DAKARMANIA.cz","description":"U\u017e d\u0159\u00edve redukovan\u00e9 kalend\u00e1\u0159e mistrovstv\u00ed sv\u011bta FIM a sv\u011btov\u00e9ho poh\u00e1ru FIA v cross-country rally ze\u0161t\u00edhlely o dal\u0161\u00ed polo\u017eku.","robots":{"index":"index","follow":"follow","max-snippet":"max-snippet:-1","max-image-preview":"max-image-preview:large","max-video-preview":"max-video-preview:-1"},"canonical":"https:\/\/www.dakarmania.cz\/index.php\/2020\/06\/30\/z-kalendaru-vypadla-dalsi-soutez\/","og_locale":"cs_CZ","og_type":"article","og_title":"Z kalend\u00e1\u0159\u016f sv\u011btov\u00fdch s\u00e9ri\u00ed vypadla dal\u0161\u00ed sout\u011b\u017e - DAKARMANIA.cz","og_description":"U\u017e d\u0159\u00edve redukovan\u00e9 kalend\u00e1\u0159e mistrovstv\u00ed sv\u011bta FIM a sv\u011btov\u00e9ho poh\u00e1ru FIA v cross-country rally ze\u0161t\u00edhlely o dal\u0161\u00ed polo\u017eku.","og_url":"https:\/\/www.dakarmania.cz\/index.php\/2020\/06\/30\/z-kalendaru-vypadla-dalsi-soutez\/","og_site_name":"DAKARMANIA.cz","article_publisher":"https:\/\/www.facebook.com\/dakarmania\/","article_published_time":"2020-06-30T11:28:53+00:00","article_modified_time":"2020-07-07T06:07:02+00:00","og_image":[{"width":1024,"height":682,"url":"https:\/\/www.dakarmania.cz\/wp-content\/uploads\/2020\/06\/19-kazakhstan-al-attiyah-07.jpg","type":"image\/jpeg"}],"author":"Zden\u011bk Zelenka","twitter_card":"summary_large_image","twitter_misc":{"Napsal(a)":"Zden\u011bk Zelenka","Odhadovan\u00e1 doba \u010dten\u00ed":"2 minuty"},"schema":{"@context":"https:\/\/schema.org","@graph":[{"@type":"Article","@id":"https:\/\/www.dakarmania.cz\/index.php\/2020\/06\/30\/z-kalendaru-vypadla-dalsi-soutez\/#article","isPartOf":{"@id":"https:\/\/www.dakarmania.cz\/index.php\/2020\/06\/30\/z-kalendaru-vypadla-dalsi-soutez\/"},"author":{"name":"Zden\u011bk Zelenka","@id":"https:\/\/www.dakarmania.cz\/#\/schema\/person\/04eb0e87a389631c2169c0dddae7ff1e"},"headline":"Z kalend\u00e1\u0159\u016f sv\u011btov\u00fdch s\u00e9ri\u00ed vypadla dal\u0161\u00ed sout\u011b\u017e","datePublished":"2020-06-30T11:28:53+00:00","dateModified":"2020-07-07T06:07:02+00:00","mainEntityOfPage":{"@id":"https:\/\/www.dakarmania.cz\/index.php\/2020\/06\/30\/z-kalendaru-vypadla-dalsi-soutez\/"},"wordCount":384,"commentCount":0,"publisher":{"@id":"https:\/\/www.dakarmania.cz\/#organization"},"image":{"@id":"https:\/\/www.dakarmania.cz\/index.php\/2020\/06\/30\/z-kalendaru-vypadla-dalsi-soutez\/#primaryimage"},"thumbnailUrl":"https:\/\/www.dakarmania.cz\/wp-content\/uploads\/2020\/06\/19-kazakhstan-al-attiyah-07.jpg","keywords":["2020","FIA","FIM","MS FIM CCR","MS FIM CCR 2020","Rally Kazakhstan","Rally Kazakhstan 2020","SP FIA CCR","SP FIA CCR 2020"],"articleSection":["Auto","FIA SP CCR","FIM MS CCR"],"inLanguage":"cs","potentialAction":[{"@type":"CommentAction","name":"Comment","target":["https:\/\/www.dakarmania.cz\/index.php\/2020\/06\/30\/z-kalendaru-vypadla-dalsi-soutez\/#respond"]}]},{"@type":"WebPage","@id":"https:\/\/www.dakarmania.cz\/index.php\/2020\/06\/30\/z-kalendaru-vypadla-dalsi-soutez\/","url":"https:\/\/www.dakarmania.cz\/index.php\/2020\/06\/30\/z-kalendaru-vypadla-dalsi-soutez\/","name":"Z kalend\u00e1\u0159\u016f sv\u011btov\u00fdch s\u00e9ri\u00ed vypadla dal\u0161\u00ed sout\u011b\u017e - DAKARMANIA.cz","isPartOf":{"@id":"https:\/\/www.dakarmania.cz\/#website"},"primaryImageOfPage":{"@id":"https:\/\/www.dakarmania.cz\/index.php\/2020\/06\/30\/z-kalendaru-vypadla-dalsi-soutez\/#primaryimage"},"image":{"@id":"https:\/\/www.dakarmania.cz\/index.php\/2020\/06\/30\/z-kalendaru-vypadla-dalsi-soutez\/#primaryimage"},"thumbnailUrl":"https:\/\/www.dakarmania.cz\/wp-content\/uploads\/2020\/06\/19-kazakhstan-al-attiyah-07.jpg","datePublished":"2020-06-30T11:28:53+00:00","dateModified":"2020-07-07T06:07:02+00:00","description":"U\u017e d\u0159\u00edve redukovan\u00e9 kalend\u00e1\u0159e mistrovstv\u00ed sv\u011bta FIM a sv\u011btov\u00e9ho poh\u00e1ru FIA v cross-country rally ze\u0161t\u00edhlely o dal\u0161\u00ed polo\u017eku.","breadcrumb":{"@id":"https:\/\/www.dakarmania.cz\/index.php\/2020\/06\/30\/z-kalendaru-vypadla-dalsi-soutez\/#breadcrumb"},"inLanguage":"cs","potentialAction":[{"@type":"ReadAction","target":["https:\/\/www.dakarmania.cz\/index.php\/2020\/06\/30\/z-kalendaru-vypadla-dalsi-soutez\/"]}]},{"@type":"ImageObject","inLanguage":"cs","@id":"https:\/\/www.dakarmania.cz\/index.php\/2020\/06\/30\/z-kalendaru-vypadla-dalsi-soutez\/#primaryimage","url":"https:\/\/www.dakarmania.cz\/wp-content\/uploads\/2020\/06\/19-kazakhstan-al-attiyah-07.jpg","contentUrl":"https:\/\/www.dakarmania.cz\/wp-content\/uploads\/2020\/06\/19-kazakhstan-al-attiyah-07.jpg","width":1024,"height":682,"caption":"Nasser Al-Attiyah\/Mathieu Baumel, Toyota Hilux, Nasser Al-Attiyah Team. Rally Kazakhstan 2019. \u00a9 Toyota"},{"@type":"BreadcrumbList","@id":"https:\/\/www.dakarmania.cz\/index.php\/2020\/06\/30\/z-kalendaru-vypadla-dalsi-soutez\/#breadcrumb","itemListElement":[{"@type":"ListItem","position":1,"name":"Dom\u016f","item":"https:\/\/www.dakarmania.cz\/"},{"@type":"ListItem","position":2,"name":"Z kalend\u00e1\u0159\u016f sv\u011btov\u00fdch s\u00e9ri\u00ed vypadla dal\u0161\u00ed sout\u011b\u017e"}]},{"@type":"WebSite","@id":"https:\/\/www.dakarmania.cz\/#website","url":"https:\/\/www.dakarmania.cz\/","name":"DAKARMANIA.cz","description":"\u017dijeme Dakarem cel\u00fd rok","publisher":{"@id":"https:\/\/www.dakarmania.cz\/#organization"},"potentialAction":[{"@type":"SearchAction","target":{"@type":"EntryPoint","urlTemplate":"https:\/\/www.dakarmania.cz\/?s={search_term_string}"},"query-input":{"@type":"PropertyValueSpecification","valueRequired":true,"valueName":"search_term_string"}}],"inLanguage":"cs"},{"@type":"Organization","@id":"https:\/\/www.dakarmania.cz\/#organization","name":"DAKAR MANIA","url":"https:\/\/www.dakarmania.cz\/","logo":{"@type":"ImageObject","inLanguage":"cs","@id":"https:\/\/www.dakarmania.cz\/#\/schema\/logo\/image\/","url":"https:\/\/www.dakarmania.cz\/wp-content\/uploads\/2018\/12\/Dakar-Mania-Logo-Square-Orange.png","contentUrl":"https:\/\/www.dakarmania.cz\/wp-content\/uploads\/2018\/12\/Dakar-Mania-Logo-Square-Orange.png","width":992,"height":992,"caption":"DAKAR MANIA"},"image":{"@id":"https:\/\/www.dakarmania.cz\/#\/schema\/logo\/image\/"},"sameAs":["https:\/\/www.facebook.com\/dakarmania\/"]},{"@type":"Person","@id":"https:\/\/www.dakarmania.cz\/#\/schema\/person\/04eb0e87a389631c2169c0dddae7ff1e","name":"Zden\u011bk Zelenka","image":{"@type":"ImageObject","inLanguage":"cs","@id":"https:\/\/www.dakarmania.cz\/#\/schema\/person\/image\/","url":"https:\/\/secure.gravatar.com\/avatar\/2c80d5a4942fe0900b73cc7d3837a509d6ee0a276a2b76dac95c92bd0763a89b?s=96&d=mm&r=g","contentUrl":"https:\/\/secure.gravatar.com\/avatar\/2c80d5a4942fe0900b73cc7d3837a509d6ee0a276a2b76dac95c92bd0763a89b?s=96&d=mm&r=g","caption":"Zden\u011bk Zelenka"},"description":"Moji d\u011bt\u0161t\u00ed hrdinov\u00e9 se jmenovali Loprais, Moskal, Neveu, Vatanen, Rahier... A tihle borci, jejich n\u00e1sledovn\u00edci a jejich p\u0159\u00edb\u011bhy m\u011b nep\u0159estali fascinovat ani po letech, kdy jsem vyrostl a zam\u011bstn\u00e1valy m\u011b jin\u00e9 discipl\u00edny motorsportu. Proto se zrodila DAKARMANIA.","url":"https:\/\/www.dakarmania.cz\/index.php\/author\/dakarmania\/"}]}},"amp_enabled":true,"_links":{"self":[{"href":"https:\/\/www.dakarmania.cz\/index.php\/wp-json\/wp\/v2\/posts\/16366","targetHints":{"allow":["GET"]}}],"collection":[{"href":"https:\/\/www.dakarmania.cz\/index.php\/wp-json\/wp\/v2\/posts"}],"about":[{"href":"https:\/\/www.dakarmania.cz\/index.php\/wp-json\/wp\/v2\/types\/post"}],"author":[{"embeddable":true,"href":"https:\/\/www.dakarmania.cz\/index.php\/wp-json\/wp\/v2\/users\/1"}],"replies":[{"embeddable":true,"href":"https:\/\/www.dakarmania.cz\/index.php\/wp-json\/wp\/v2\/comments?post=16366"}],"version-history":[{"count":3,"href":"https:\/\/www.dakarmania.cz\/index.php\/wp-json\/wp\/v2\/posts\/16366\/revisions"}],"predecessor-version":[{"id":16369,"href":"https:\/\/www.dakarmania.cz\/index.php\/wp-json\/wp\/v2\/posts\/16366\/revisions\/16369"}],"wp:featuredmedia":[{"embeddable":true,"href":"https:\/\/www.dakarmania.cz\/index.php\/wp-json\/wp\/v2\/media\/16363"}],"wp:attachment":[{"href":"https:\/\/www.dakarmania.cz\/index.php\/wp-json\/wp\/v2\/media?parent=16366"}],"wp:term":[{"taxonomy":"category","embeddable":true,"href":"https:\/\/www.dakarmania.cz\/index.php\/wp-json\/wp\/v2\/categories?post=16366"},{"taxonomy":"post_tag","embeddable":true,"href":"https:\/\/www.dakarmania.cz\/index.php\/wp-json\/wp\/v2\/tags?post=16366"}],"curies":[{"name":"wp","href":"https:\/\/api.w.org\/{rel}","templated":true}]}}