{"id":16380,"date":"2020-07-03T00:01:20","date_gmt":"2020-07-02T22:01:20","guid":{"rendered":"https:\/\/www.dakarmania.cz\/?p=16380"},"modified":"2023-02-02T07:57:47","modified_gmt":"2023-02-02T06:57:47","slug":"kolomy-rozhodne-doktor","status":"publish","type":"post","link":"https:\/\/www.dakarmania.cz\/index.php\/2020\/07\/03\/kolomy-rozhodne-doktor\/","title":{"rendered":"Rehabilituj\u00edc\u00ed Kolom\u00fd: Chci se vr\u00e1tit, ale rozhodne doktor"},"content":{"rendered":"<p>[vc_row][vc_column][vc_column_text css_animation=&#8221;fadeIn&#8221;]<\/p>\n<h3>\u0160est m\u011bs\u00edc\u016f po zran\u011bn\u00ed p\u00e1te\u0159e, kter\u00e9 utrp\u011bl p\u0159i hav\u00e1rii na shakedownu p\u0159ed Rally Dakar 2020, se Martin Kolom\u00fd postupn\u011b dost\u00e1v\u00e1 zp\u011bt do formy. My\u0161lenky na n\u00e1vrat na nejslavn\u011bj\u0161\u00ed maratonskou rally sv\u011bta se mu v hlav\u011b hon\u00ed neust\u00e1le, ale za volant z\u00e1vodn\u00edho auta zat\u00edm nesp\u011bch\u00e1.<\/h3>\n<p>[\/vc_column_text][vc_single_image image=&#8221;16379&#8243; img_size=&#8221;large&#8221; add_caption=&#8221;yes&#8221; alignment=&#8221;center&#8221; onclick=&#8221;link_image&#8221; css_animation=&#8221;fadeIn&#8221;][vc_column_text css_animation=&#8221;fadeIn&#8221;]<em>\u201eKone\u010dn\u011b za\u010d\u00edn\u00e1m po\u0159\u00e1dn\u011b rehabilitovat. V p\u0159edchoz\u00edch m\u011bs\u00edc\u00edch to nebylo jednoduch\u00e9, proto\u017ee kv\u016fli koronaviru bylo v\u0161echno zav\u0159en\u00e9. Te\u010f chod\u00edm plavat a sna\u017e\u00edm se d\u00e1t dohromady. T\u0159i m\u011bs\u00edce jsem v podstat\u011b nesed\u011bl v aut\u011b, proto\u017ee jsem mohl pouze chodit nebo le\u017eet. Te\u010f u\u017e b\u011bh\u00e1m i sed\u00edm. Dokonce jsem se dojel pod\u00edvat za kluky do Sosnov\u00e9,\u201c<\/em> pochvaluje si <strong>Martin Kolom\u00fd<\/strong>, kter\u00fd se p\u0159i ned\u00e1vn\u00e9 Mogul Test Rally pohyboval v t\u00fdmov\u00e9m oble\u010den\u00ed v servisn\u00edm z\u00e1zem\u00ed MP-Sports.<\/p>\n<p>\u017de se v lednu na Dakaru oble\u010de tak\u00e9 do z\u00e1vodn\u00ed kombin\u00e9zy jihlavsk\u00e9 st\u00e1je, to v\u0161ak zat\u00edm <a href=\"\/index.php\/osobnosti\/martin-kolomy\/\">Kolom\u00fd<\/a> slibovat nechce.<\/p>\n<p><em>\u201eNa Dakar se chci ur\u010dit\u011b vr\u00e1tit, ale rozhodne doktor. Motivace je velik\u00e1, ale jestli se vr\u00e1t\u00edm nebo ne, to je dneska po\u0159\u00e1d je\u0161t\u011b ve hv\u011bzd\u00e1ch. Zdrav\u00ed je opravdu p\u0159edn\u011bj\u0161\u00ed. Z\u00e1vod\u011bn\u00ed je sice p\u011bkn\u00e1 v\u011bc, ale po\u0159\u00e1d je to jenom kon\u00ed\u010dek,\u201c<\/em> \u0159\u00edk\u00e1 desetin\u00e1sobn\u00fd \u00fa\u010dastn\u00edk <a href=\"\/index.php\/souteze\/#dakar\">Rally Dakar<\/a> a v\u00edt\u011bz dvou etap v kategorii kamion\u016f.<\/p>\n<p>Zat\u00edmco p\u0159i <a href=\"\/index.php\/2020\/01\/30\/kolomy-urcite-do-auta\/\">rozhovoru<\/a>, kter\u00fd jsme vedli p\u00e1r t\u00fddn\u016f po zran\u011bn\u00ed, Kolom\u00fd doufal, \u017ee by se do z\u00e1vodn\u00edho auta mohl vr\u00e1tit zhruba n\u011bkdy b\u011bhem pr\u00e1zdnin, na jejich po\u010d\u00e1tku je v progn\u00f3z\u00e1ch zdr\u017eenliv\u011bj\u0161\u00ed.<\/p>\n<p><em>\u201ePo zran\u011bn\u00ed p\u00e1te\u0159e v roce 2011 jsem se do z\u00e1vodn\u00edho auta vr\u00e1til n\u011bkdy v z\u00e1\u0159\u00ed. Te\u010f jsem ale zase o n\u011bjak\u00fd p\u00e1tek star\u0161\u00ed a o to je to slo\u017eit\u011bj\u0161\u00ed. Ur\u010dit\u011b se p\u016fjdu \u201asklouznout\u2018, ale je\u0161t\u011b si mus\u00edm n\u011bjakou chv\u00edli po\u010dkat.\u201c<\/em>[\/vc_column_text][vc_single_image image=&#8221;15450&#8243; img_size=&#8221;large&#8221; add_caption=&#8221;yes&#8221; alignment=&#8221;center&#8221; onclick=&#8221;custom_link&#8221; img_link_target=&#8221;_blank&#8221; css_animation=&#8221;fadeIn&#8221; link=&#8221;http:\/\/eshop.dakarmania.cz\/&#8221;][vc_column_text css_animation=&#8221;fadeIn&#8221;]<\/p>\n<h4>Dve\u0159e z\u016fst\u00e1vaj\u00ed otev\u0159en\u00e9<\/h4>\n<p>T\u00fdm MP-Sports p\u0159iprav\u00ed u\u017e na podzimn\u00ed \u010d\u00e1st sezony oba sv\u00e9 Fordy Raptor RS Cross-Country. Vozy v\u0161ak budou paraleln\u011b na cest\u00e1ch, aby s nimi <a href=\"\/index.php\/osobnosti\/martin-prokop\/\">Martin Prokop<\/a> mohl b\u011bhem kr\u00e1tk\u00e9 doby absolvovat z\u00e1vody na t\u0159ech kontinentech. Zat\u00edm nen\u00ed rozhodnuto, jestli se oba v lednu postav\u00ed tak\u00e9 na start dakarsk\u00e9 rally.<\/p>\n<p><em>\u201eU Mar\u0165ase bude z\u00e1le\u017eet na jeho zdravotn\u00edm stavu a samoz\u0159ejm\u011b i na tom, jak se dohodne s partnery, kte\u0159\u00ed za n\u00edm st\u00e1li, a mysl\u00edm si, \u017ee stoj\u00ed po\u0159\u00e1d. Ale doba samoz\u0159ejm\u011b nen\u00ed jednoduch\u00e1 pro nikoho,\u201c<\/em> komentuje situaci <strong>Martin Prokop<\/strong>. <em>\u201eMo\u017en\u00e1 si n\u011bkte\u0159\u00ed lid\u00e9 mysleli, \u017ee si ho plat\u00edm, aby jel za mnou, ale tak to nebylo a nen\u00ed. Martin si auto pronaj\u00edm\u00e1. Ale z\u00e1rove\u0148 je sou\u010d\u00e1st\u00ed t\u00fdmu. Bude tedy z\u00e1le\u017eet na tom, jestli dok\u00e1\u017ee d\u00e1t v\u0161e dohromady, co\u017e je velk\u00fd o\u0159\u00ed\u0161ek. Obzvl\u00e1\u0161\u0165 po tom, co se stalo, i s ohledem na celkovou sou\u010dasnou situaci. Jestli to Mar\u0165as dok\u00e1\u017ee, tak to bude fakt velk\u00fd v\u00fdkon a my budeme r\u00e1di.\u201c<\/em><\/p>\n<p>Jist\u00e9 z\u016fst\u00e1v\u00e1 jedno. Pokud mu to zdrav\u00ed a podpora partner\u016f umo\u017en\u00ed, pokus\u00ed se Kolom\u00fd o repar\u00e1t v kategorii automobil\u016f. N\u00e1vrat mezi dakarsk\u00e9 truckery vylu\u010duje.<\/p>\n<p><em>\u201eDo kamionu ur\u010dit\u011b ne. U\u017e proto, \u017ee tady nejsou kamiony, s nimi\u017e by se dalo jet. Martin Mac\u00edk<\/em> [star\u0161\u00ed] <em>stav\u00ed auto prioritn\u011b pro Matesa<\/em> [<a href=\"\/index.php\/osobnosti\/martin-macik-ml\/\">Martina Mac\u00edka mlad\u0161\u00edho<\/a>]<em>, <a href=\"\/index.php\/osobnosti\/ales-loprais\/\">Ale\u0161 Loprais<\/a> si ho stav\u00ed tak\u00e9 pro sebe a Buggyra to je te\u010f u\u017e v podstat\u011b jenom vozi\u010d reklam. J\u00edt do takov\u00e9ho t\u00fdmu dneska ned\u00e1v\u00e1 smysl. Pokud pojedu, tak osob\u00e1kem,\u201c<\/em> uzav\u00edr\u00e1 <strong>Kolom\u00fd<\/strong>.[\/vc_column_text][vc_empty_space height=&#8221;2px&#8221;][\/vc_column][\/vc_row]<\/p>\n","protected":false},"excerpt":{"rendered":"<p>\u0160est m\u011bs\u00edc\u016f po zran\u011bn\u00ed p\u00e1te\u0159e, kter\u00e9 utrp\u011bl p\u0159ed Dakarem 2020, se Martin Kolom\u00fd dost\u00e1v\u00e1 zp\u011bt do formy. Za volant z\u00e1vodn\u00edho auta ale zat\u00edm nesp\u011bch\u00e1.<\/p>\n","protected":false},"author":1,"featured_media":16379,"comment_status":"closed","ping_status":"closed","sticky":false,"template":"","format":"standard","meta":{"footnotes":""},"categories":[3],"tags":[133,4],"class_list":["post-16380","post","type-post","status-publish","format-standard","has-post-thumbnail","hentry","category-auto","tag-martin-kolomy","tag-mp-sports"],"yoast_head":"<!-- This site is optimized with the Yoast SEO plugin v24.9 - https:\/\/yoast.com\/wordpress\/plugins\/seo\/ -->\n<title>Rehabilituj\u00edc\u00ed Kolom\u00fd: Chci se vr\u00e1tit, ale rozhodne doktor - DAKARMANIA.cz<\/title>\n<meta name=\"description\" content=\"\u0160est m\u011bs\u00edc\u016f po zran\u011bn\u00ed p\u00e1te\u0159e, kter\u00e9 utrp\u011bl p\u0159ed Dakarem 2020, se Martin Kolom\u00fd dost\u00e1v\u00e1 zp\u011bt do formy. Za volant z\u00e1vodn\u00edho auta ale zat\u00edm nesp\u011bch\u00e1.\" \/>\n<meta name=\"robots\" content=\"index, follow, max-snippet:-1, max-image-preview:large, max-video-preview:-1\" \/>\n<link rel=\"canonical\" href=\"https:\/\/www.dakarmania.cz\/index.php\/2020\/07\/03\/kolomy-rozhodne-doktor\/\" \/>\n<meta property=\"og:locale\" content=\"cs_CZ\" \/>\n<meta property=\"og:type\" content=\"article\" \/>\n<meta property=\"og:title\" content=\"Rehabilituj\u00edc\u00ed Kolom\u00fd: Chci se vr\u00e1tit, ale rozhodne doktor - DAKARMANIA.cz\" \/>\n<meta property=\"og:description\" content=\"\u0160est m\u011bs\u00edc\u016f po zran\u011bn\u00ed p\u00e1te\u0159e, kter\u00e9 utrp\u011bl p\u0159ed Dakarem 2020, se Martin Kolom\u00fd dost\u00e1v\u00e1 zp\u011bt do formy. Za volant z\u00e1vodn\u00edho auta ale zat\u00edm nesp\u011bch\u00e1.\" \/>\n<meta property=\"og:url\" content=\"https:\/\/www.dakarmania.cz\/index.php\/2020\/07\/03\/kolomy-rozhodne-doktor\/\" \/>\n<meta property=\"og:site_name\" content=\"DAKARMANIA.cz\" \/>\n<meta property=\"article:publisher\" content=\"https:\/\/www.facebook.com\/dakarmania\/\" \/>\n<meta property=\"article:published_time\" content=\"2020-07-02T22:01:20+00:00\" \/>\n<meta property=\"article:modified_time\" content=\"2023-02-02T06:57:47+00:00\" \/>\n<meta property=\"og:image\" content=\"https:\/\/www.dakarmania.cz\/wp-content\/uploads\/2020\/06\/19-uae-test-kolomy-20.jpg\" \/>\n\t<meta property=\"og:image:width\" content=\"1024\" \/>\n\t<meta property=\"og:image:height\" content=\"683\" \/>\n\t<meta property=\"og:image:type\" content=\"image\/jpeg\" \/>\n<meta name=\"author\" content=\"Zden\u011bk Zelenka\" \/>\n<meta name=\"twitter:card\" content=\"summary_large_image\" \/>\n<meta name=\"twitter:label1\" content=\"Napsal(a)\" \/>\n\t<meta name=\"twitter:data1\" content=\"Zden\u011bk Zelenka\" \/>\n\t<meta name=\"twitter:label2\" content=\"Odhadovan\u00e1 doba \u010dten\u00ed\" \/>\n\t<meta name=\"twitter:data2\" content=\"3 minuty\" \/>\n<script type=\"application\/ld+json\" class=\"yoast-schema-graph\">{\"@context\":\"https:\/\/schema.org\",\"@graph\":[{\"@type\":\"Article\",\"@id\":\"https:\/\/www.dakarmania.cz\/index.php\/2020\/07\/03\/kolomy-rozhodne-doktor\/#article\",\"isPartOf\":{\"@id\":\"https:\/\/www.dakarmania.cz\/index.php\/2020\/07\/03\/kolomy-rozhodne-doktor\/\"},\"author\":{\"name\":\"Zden\u011bk Zelenka\",\"@id\":\"https:\/\/www.dakarmania.cz\/#\/schema\/person\/04eb0e87a389631c2169c0dddae7ff1e\"},\"headline\":\"Rehabilituj\u00edc\u00ed Kolom\u00fd: Chci se vr\u00e1tit, ale rozhodne doktor\",\"datePublished\":\"2020-07-02T22:01:20+00:00\",\"dateModified\":\"2023-02-02T06:57:47+00:00\",\"mainEntityOfPage\":{\"@id\":\"https:\/\/www.dakarmania.cz\/index.php\/2020\/07\/03\/kolomy-rozhodne-doktor\/\"},\"wordCount\":763,\"publisher\":{\"@id\":\"https:\/\/www.dakarmania.cz\/#organization\"},\"image\":{\"@id\":\"https:\/\/www.dakarmania.cz\/index.php\/2020\/07\/03\/kolomy-rozhodne-doktor\/#primaryimage\"},\"thumbnailUrl\":\"https:\/\/www.dakarmania.cz\/wp-content\/uploads\/2020\/06\/19-uae-test-kolomy-20.jpg\",\"keywords\":[\"Martin Kolom\u00fd\",\"MP-Sports\"],\"articleSection\":[\"Auto\"],\"inLanguage\":\"cs\"},{\"@type\":\"WebPage\",\"@id\":\"https:\/\/www.dakarmania.cz\/index.php\/2020\/07\/03\/kolomy-rozhodne-doktor\/\",\"url\":\"https:\/\/www.dakarmania.cz\/index.php\/2020\/07\/03\/kolomy-rozhodne-doktor\/\",\"name\":\"Rehabilituj\u00edc\u00ed Kolom\u00fd: Chci se vr\u00e1tit, ale rozhodne doktor - DAKARMANIA.cz\",\"isPartOf\":{\"@id\":\"https:\/\/www.dakarmania.cz\/#website\"},\"primaryImageOfPage\":{\"@id\":\"https:\/\/www.dakarmania.cz\/index.php\/2020\/07\/03\/kolomy-rozhodne-doktor\/#primaryimage\"},\"image\":{\"@id\":\"https:\/\/www.dakarmania.cz\/index.php\/2020\/07\/03\/kolomy-rozhodne-doktor\/#primaryimage\"},\"thumbnailUrl\":\"https:\/\/www.dakarmania.cz\/wp-content\/uploads\/2020\/06\/19-uae-test-kolomy-20.jpg\",\"datePublished\":\"2020-07-02T22:01:20+00:00\",\"dateModified\":\"2023-02-02T06:57:47+00:00\",\"description\":\"\u0160est m\u011bs\u00edc\u016f po zran\u011bn\u00ed p\u00e1te\u0159e, kter\u00e9 utrp\u011bl p\u0159ed Dakarem 2020, se Martin Kolom\u00fd dost\u00e1v\u00e1 zp\u011bt do formy. Za volant z\u00e1vodn\u00edho auta ale zat\u00edm nesp\u011bch\u00e1.\",\"breadcrumb\":{\"@id\":\"https:\/\/www.dakarmania.cz\/index.php\/2020\/07\/03\/kolomy-rozhodne-doktor\/#breadcrumb\"},\"inLanguage\":\"cs\",\"potentialAction\":[{\"@type\":\"ReadAction\",\"target\":[\"https:\/\/www.dakarmania.cz\/index.php\/2020\/07\/03\/kolomy-rozhodne-doktor\/\"]}]},{\"@type\":\"ImageObject\",\"inLanguage\":\"cs\",\"@id\":\"https:\/\/www.dakarmania.cz\/index.php\/2020\/07\/03\/kolomy-rozhodne-doktor\/#primaryimage\",\"url\":\"https:\/\/www.dakarmania.cz\/wp-content\/uploads\/2020\/06\/19-uae-test-kolomy-20.jpg\",\"contentUrl\":\"https:\/\/www.dakarmania.cz\/wp-content\/uploads\/2020\/06\/19-uae-test-kolomy-20.jpg\",\"width\":1024,\"height\":683,\"caption\":\"Martin Kolom\u00fd, MP-Sports. Testov\u00e1n\u00ed v Abu Dhabi, prosinec 2019. \u00a9 Martin Kolom\u00fd Racing\"},{\"@type\":\"BreadcrumbList\",\"@id\":\"https:\/\/www.dakarmania.cz\/index.php\/2020\/07\/03\/kolomy-rozhodne-doktor\/#breadcrumb\",\"itemListElement\":[{\"@type\":\"ListItem\",\"position\":1,\"name\":\"Dom\u016f\",\"item\":\"https:\/\/www.dakarmania.cz\/\"},{\"@type\":\"ListItem\",\"position\":2,\"name\":\"Rehabilituj\u00edc\u00ed Kolom\u00fd: Chci se vr\u00e1tit, ale rozhodne doktor\"}]},{\"@type\":\"WebSite\",\"@id\":\"https:\/\/www.dakarmania.cz\/#website\",\"url\":\"https:\/\/www.dakarmania.cz\/\",\"name\":\"DAKARMANIA.cz\",\"description\":\"\u017dijeme Dakarem cel\u00fd rok\",\"publisher\":{\"@id\":\"https:\/\/www.dakarmania.cz\/#organization\"},\"potentialAction\":[{\"@type\":\"SearchAction\",\"target\":{\"@type\":\"EntryPoint\",\"urlTemplate\":\"https:\/\/www.dakarmania.cz\/?s={search_term_string}\"},\"query-input\":{\"@type\":\"PropertyValueSpecification\",\"valueRequired\":true,\"valueName\":\"search_term_string\"}}],\"inLanguage\":\"cs\"},{\"@type\":\"Organization\",\"@id\":\"https:\/\/www.dakarmania.cz\/#organization\",\"name\":\"DAKAR MANIA\",\"url\":\"https:\/\/www.dakarmania.cz\/\",\"logo\":{\"@type\":\"ImageObject\",\"inLanguage\":\"cs\",\"@id\":\"https:\/\/www.dakarmania.cz\/#\/schema\/logo\/image\/\",\"url\":\"https:\/\/www.dakarmania.cz\/wp-content\/uploads\/2018\/12\/Dakar-Mania-Logo-Square-Orange.png\",\"contentUrl\":\"https:\/\/www.dakarmania.cz\/wp-content\/uploads\/2018\/12\/Dakar-Mania-Logo-Square-Orange.png\",\"width\":992,\"height\":992,\"caption\":\"DAKAR MANIA\"},\"image\":{\"@id\":\"https:\/\/www.dakarmania.cz\/#\/schema\/logo\/image\/\"},\"sameAs\":[\"https:\/\/www.facebook.com\/dakarmania\/\"]},{\"@type\":\"Person\",\"@id\":\"https:\/\/www.dakarmania.cz\/#\/schema\/person\/04eb0e87a389631c2169c0dddae7ff1e\",\"name\":\"Zden\u011bk Zelenka\",\"image\":{\"@type\":\"ImageObject\",\"inLanguage\":\"cs\",\"@id\":\"https:\/\/www.dakarmania.cz\/#\/schema\/person\/image\/\",\"url\":\"https:\/\/secure.gravatar.com\/avatar\/2c80d5a4942fe0900b73cc7d3837a509d6ee0a276a2b76dac95c92bd0763a89b?s=96&d=mm&r=g\",\"contentUrl\":\"https:\/\/secure.gravatar.com\/avatar\/2c80d5a4942fe0900b73cc7d3837a509d6ee0a276a2b76dac95c92bd0763a89b?s=96&d=mm&r=g\",\"caption\":\"Zden\u011bk Zelenka\"},\"description\":\"Moji d\u011bt\u0161t\u00ed hrdinov\u00e9 se jmenovali Loprais, Moskal, Neveu, Vatanen, Rahier... A tihle borci, jejich n\u00e1sledovn\u00edci a jejich p\u0159\u00edb\u011bhy m\u011b nep\u0159estali fascinovat ani po letech, kdy jsem vyrostl a zam\u011bstn\u00e1valy m\u011b jin\u00e9 discipl\u00edny motorsportu. Proto se zrodila DAKARMANIA.\",\"url\":\"https:\/\/www.dakarmania.cz\/index.php\/author\/dakarmania\/\"}]}<\/script>\n<!-- \/ Yoast SEO plugin. -->","yoast_head_json":{"title":"Rehabilituj\u00edc\u00ed Kolom\u00fd: Chci se vr\u00e1tit, ale rozhodne doktor - DAKARMANIA.cz","description":"\u0160est m\u011bs\u00edc\u016f po zran\u011bn\u00ed p\u00e1te\u0159e, kter\u00e9 utrp\u011bl p\u0159ed Dakarem 2020, se Martin Kolom\u00fd dost\u00e1v\u00e1 zp\u011bt do formy. Za volant z\u00e1vodn\u00edho auta ale zat\u00edm nesp\u011bch\u00e1.","robots":{"index":"index","follow":"follow","max-snippet":"max-snippet:-1","max-image-preview":"max-image-preview:large","max-video-preview":"max-video-preview:-1"},"canonical":"https:\/\/www.dakarmania.cz\/index.php\/2020\/07\/03\/kolomy-rozhodne-doktor\/","og_locale":"cs_CZ","og_type":"article","og_title":"Rehabilituj\u00edc\u00ed Kolom\u00fd: Chci se vr\u00e1tit, ale rozhodne doktor - DAKARMANIA.cz","og_description":"\u0160est m\u011bs\u00edc\u016f po zran\u011bn\u00ed p\u00e1te\u0159e, kter\u00e9 utrp\u011bl p\u0159ed Dakarem 2020, se Martin Kolom\u00fd dost\u00e1v\u00e1 zp\u011bt do formy. Za volant z\u00e1vodn\u00edho auta ale zat\u00edm nesp\u011bch\u00e1.","og_url":"https:\/\/www.dakarmania.cz\/index.php\/2020\/07\/03\/kolomy-rozhodne-doktor\/","og_site_name":"DAKARMANIA.cz","article_publisher":"https:\/\/www.facebook.com\/dakarmania\/","article_published_time":"2020-07-02T22:01:20+00:00","article_modified_time":"2023-02-02T06:57:47+00:00","og_image":[{"width":1024,"height":683,"url":"https:\/\/www.dakarmania.cz\/wp-content\/uploads\/2020\/06\/19-uae-test-kolomy-20.jpg","type":"image\/jpeg"}],"author":"Zden\u011bk Zelenka","twitter_card":"summary_large_image","twitter_misc":{"Napsal(a)":"Zden\u011bk Zelenka","Odhadovan\u00e1 doba \u010dten\u00ed":"3 minuty"},"schema":{"@context":"https:\/\/schema.org","@graph":[{"@type":"Article","@id":"https:\/\/www.dakarmania.cz\/index.php\/2020\/07\/03\/kolomy-rozhodne-doktor\/#article","isPartOf":{"@id":"https:\/\/www.dakarmania.cz\/index.php\/2020\/07\/03\/kolomy-rozhodne-doktor\/"},"author":{"name":"Zden\u011bk Zelenka","@id":"https:\/\/www.dakarmania.cz\/#\/schema\/person\/04eb0e87a389631c2169c0dddae7ff1e"},"headline":"Rehabilituj\u00edc\u00ed Kolom\u00fd: Chci se vr\u00e1tit, ale rozhodne doktor","datePublished":"2020-07-02T22:01:20+00:00","dateModified":"2023-02-02T06:57:47+00:00","mainEntityOfPage":{"@id":"https:\/\/www.dakarmania.cz\/index.php\/2020\/07\/03\/kolomy-rozhodne-doktor\/"},"wordCount":763,"publisher":{"@id":"https:\/\/www.dakarmania.cz\/#organization"},"image":{"@id":"https:\/\/www.dakarmania.cz\/index.php\/2020\/07\/03\/kolomy-rozhodne-doktor\/#primaryimage"},"thumbnailUrl":"https:\/\/www.dakarmania.cz\/wp-content\/uploads\/2020\/06\/19-uae-test-kolomy-20.jpg","keywords":["Martin Kolom\u00fd","MP-Sports"],"articleSection":["Auto"],"inLanguage":"cs"},{"@type":"WebPage","@id":"https:\/\/www.dakarmania.cz\/index.php\/2020\/07\/03\/kolomy-rozhodne-doktor\/","url":"https:\/\/www.dakarmania.cz\/index.php\/2020\/07\/03\/kolomy-rozhodne-doktor\/","name":"Rehabilituj\u00edc\u00ed Kolom\u00fd: Chci se vr\u00e1tit, ale rozhodne doktor - DAKARMANIA.cz","isPartOf":{"@id":"https:\/\/www.dakarmania.cz\/#website"},"primaryImageOfPage":{"@id":"https:\/\/www.dakarmania.cz\/index.php\/2020\/07\/03\/kolomy-rozhodne-doktor\/#primaryimage"},"image":{"@id":"https:\/\/www.dakarmania.cz\/index.php\/2020\/07\/03\/kolomy-rozhodne-doktor\/#primaryimage"},"thumbnailUrl":"https:\/\/www.dakarmania.cz\/wp-content\/uploads\/2020\/06\/19-uae-test-kolomy-20.jpg","datePublished":"2020-07-02T22:01:20+00:00","dateModified":"2023-02-02T06:57:47+00:00","description":"\u0160est m\u011bs\u00edc\u016f po zran\u011bn\u00ed p\u00e1te\u0159e, kter\u00e9 utrp\u011bl p\u0159ed Dakarem 2020, se Martin Kolom\u00fd dost\u00e1v\u00e1 zp\u011bt do formy. Za volant z\u00e1vodn\u00edho auta ale zat\u00edm nesp\u011bch\u00e1.","breadcrumb":{"@id":"https:\/\/www.dakarmania.cz\/index.php\/2020\/07\/03\/kolomy-rozhodne-doktor\/#breadcrumb"},"inLanguage":"cs","potentialAction":[{"@type":"ReadAction","target":["https:\/\/www.dakarmania.cz\/index.php\/2020\/07\/03\/kolomy-rozhodne-doktor\/"]}]},{"@type":"ImageObject","inLanguage":"cs","@id":"https:\/\/www.dakarmania.cz\/index.php\/2020\/07\/03\/kolomy-rozhodne-doktor\/#primaryimage","url":"https:\/\/www.dakarmania.cz\/wp-content\/uploads\/2020\/06\/19-uae-test-kolomy-20.jpg","contentUrl":"https:\/\/www.dakarmania.cz\/wp-content\/uploads\/2020\/06\/19-uae-test-kolomy-20.jpg","width":1024,"height":683,"caption":"Martin Kolom\u00fd, MP-Sports. Testov\u00e1n\u00ed v Abu Dhabi, prosinec 2019. \u00a9 Martin Kolom\u00fd Racing"},{"@type":"BreadcrumbList","@id":"https:\/\/www.dakarmania.cz\/index.php\/2020\/07\/03\/kolomy-rozhodne-doktor\/#breadcrumb","itemListElement":[{"@type":"ListItem","position":1,"name":"Dom\u016f","item":"https:\/\/www.dakarmania.cz\/"},{"@type":"ListItem","position":2,"name":"Rehabilituj\u00edc\u00ed Kolom\u00fd: Chci se vr\u00e1tit, ale rozhodne doktor"}]},{"@type":"WebSite","@id":"https:\/\/www.dakarmania.cz\/#website","url":"https:\/\/www.dakarmania.cz\/","name":"DAKARMANIA.cz","description":"\u017dijeme Dakarem cel\u00fd rok","publisher":{"@id":"https:\/\/www.dakarmania.cz\/#organization"},"potentialAction":[{"@type":"SearchAction","target":{"@type":"EntryPoint","urlTemplate":"https:\/\/www.dakarmania.cz\/?s={search_term_string}"},"query-input":{"@type":"PropertyValueSpecification","valueRequired":true,"valueName":"search_term_string"}}],"inLanguage":"cs"},{"@type":"Organization","@id":"https:\/\/www.dakarmania.cz\/#organization","name":"DAKAR MANIA","url":"https:\/\/www.dakarmania.cz\/","logo":{"@type":"ImageObject","inLanguage":"cs","@id":"https:\/\/www.dakarmania.cz\/#\/schema\/logo\/image\/","url":"https:\/\/www.dakarmania.cz\/wp-content\/uploads\/2018\/12\/Dakar-Mania-Logo-Square-Orange.png","contentUrl":"https:\/\/www.dakarmania.cz\/wp-content\/uploads\/2018\/12\/Dakar-Mania-Logo-Square-Orange.png","width":992,"height":992,"caption":"DAKAR MANIA"},"image":{"@id":"https:\/\/www.dakarmania.cz\/#\/schema\/logo\/image\/"},"sameAs":["https:\/\/www.facebook.com\/dakarmania\/"]},{"@type":"Person","@id":"https:\/\/www.dakarmania.cz\/#\/schema\/person\/04eb0e87a389631c2169c0dddae7ff1e","name":"Zden\u011bk Zelenka","image":{"@type":"ImageObject","inLanguage":"cs","@id":"https:\/\/www.dakarmania.cz\/#\/schema\/person\/image\/","url":"https:\/\/secure.gravatar.com\/avatar\/2c80d5a4942fe0900b73cc7d3837a509d6ee0a276a2b76dac95c92bd0763a89b?s=96&d=mm&r=g","contentUrl":"https:\/\/secure.gravatar.com\/avatar\/2c80d5a4942fe0900b73cc7d3837a509d6ee0a276a2b76dac95c92bd0763a89b?s=96&d=mm&r=g","caption":"Zden\u011bk Zelenka"},"description":"Moji d\u011bt\u0161t\u00ed hrdinov\u00e9 se jmenovali Loprais, Moskal, Neveu, Vatanen, Rahier... A tihle borci, jejich n\u00e1sledovn\u00edci a jejich p\u0159\u00edb\u011bhy m\u011b nep\u0159estali fascinovat ani po letech, kdy jsem vyrostl a zam\u011bstn\u00e1valy m\u011b jin\u00e9 discipl\u00edny motorsportu. Proto se zrodila DAKARMANIA.","url":"https:\/\/www.dakarmania.cz\/index.php\/author\/dakarmania\/"}]}},"amp_enabled":true,"_links":{"self":[{"href":"https:\/\/www.dakarmania.cz\/index.php\/wp-json\/wp\/v2\/posts\/16380","targetHints":{"allow":["GET"]}}],"collection":[{"href":"https:\/\/www.dakarmania.cz\/index.php\/wp-json\/wp\/v2\/posts"}],"about":[{"href":"https:\/\/www.dakarmania.cz\/index.php\/wp-json\/wp\/v2\/types\/post"}],"author":[{"embeddable":true,"href":"https:\/\/www.dakarmania.cz\/index.php\/wp-json\/wp\/v2\/users\/1"}],"replies":[{"embeddable":true,"href":"https:\/\/www.dakarmania.cz\/index.php\/wp-json\/wp\/v2\/comments?post=16380"}],"version-history":[{"count":1,"href":"https:\/\/www.dakarmania.cz\/index.php\/wp-json\/wp\/v2\/posts\/16380\/revisions"}],"predecessor-version":[{"id":16381,"href":"https:\/\/www.dakarmania.cz\/index.php\/wp-json\/wp\/v2\/posts\/16380\/revisions\/16381"}],"wp:featuredmedia":[{"embeddable":true,"href":"https:\/\/www.dakarmania.cz\/index.php\/wp-json\/wp\/v2\/media\/16379"}],"wp:attachment":[{"href":"https:\/\/www.dakarmania.cz\/index.php\/wp-json\/wp\/v2\/media?parent=16380"}],"wp:term":[{"taxonomy":"category","embeddable":true,"href":"https:\/\/www.dakarmania.cz\/index.php\/wp-json\/wp\/v2\/categories?post=16380"},{"taxonomy":"post_tag","embeddable":true,"href":"https:\/\/www.dakarmania.cz\/index.php\/wp-json\/wp\/v2\/tags?post=16380"}],"curies":[{"name":"wp","href":"https:\/\/api.w.org\/{rel}","templated":true}]}}