{"id":16497,"date":"2020-08-29T02:51:25","date_gmt":"2020-08-29T00:51:25","guid":{"rendered":"https:\/\/www.dakarmania.cz\/?p=16497"},"modified":"2020-08-29T02:51:25","modified_gmt":"2020-08-29T00:51:25","slug":"sen-peterhanselovych-se-rozplynul","status":"publish","type":"post","link":"https:\/\/www.dakarmania.cz\/index.php\/2020\/08\/29\/sen-peterhanselovych-se-rozplynul\/","title":{"rendered":"Dakarsk\u00fd sen Peterhanselov\u00fdch se rozplynul. St\u00e9phane s nov\u00fdm mitf\u00e1rou"},"content":{"rendered":"<p>[vc_row][vc_column][vc_column_text css_animation=&#8221;fadeIn&#8221;]<\/p>\n<h3>St\u00e9phane Peterhansel s Mini bude pat\u0159it k nejv\u011bt\u0161\u00edm hv\u011bzd\u00e1m, kter\u00e9 se p\u0159\u00ed\u0161t\u00ed t\u00fdden postav\u00ed na start polsk\u00e9 baji. Po boku v\u0161ak nebude m\u00edt man\u017eelku Andreu, s n\u00ed\u017e loni vybojoval celkov\u00e9 v\u00edt\u011bzstv\u00ed ve Sv\u011btov\u00e9m poh\u00e1ru FIA v cross-country rally.<\/h3>\n<p>[\/vc_column_text][vc_single_image image=&#8221;16496&#8243; img_size=&#8221;large&#8221; add_caption=&#8221;yes&#8221; alignment=&#8221;center&#8221; onclick=&#8221;link_image&#8221; css_animation=&#8221;fadeIn&#8221;][vc_column_text css_animation=&#8221;fadeIn&#8221;]Peterhanselovi zasv\u011btili celou sezonu 2019 jedin\u00e9mu c\u00edli: spole\u010dn\u00e9mu startu na Rally Dakar. Sv\u00e9 sna\u017een\u00ed ozdobili <a href=\"\/index.php\/2019\/04\/04\/abu-dhabi-prokopuv-povedeny-zaver\/\">v\u00edt\u011bzstv\u00edm na Abu Dhabi Desert Challenge<\/a> i <a href=\"\/index.php\/2019\/10\/09\/du-maroc-po-dvanacti-letech-de-villiers\/\">triumfem v celkov\u00e9 klasifikaci sv\u011btov\u00e9ho poh\u00e1ru<\/a>. Jen\u017ee kv\u016fli <a href=\"\/index.php\/2019\/12\/24\/dakar-peterhansel-zmena-navigatora\/\">zdravotn\u00edm probl\u00e9m\u016fm<\/a> musela nakonec <a href=\"\/index.php\/osobnosti\/peterhansel-andrea\/\">Andrea Peterhansel<\/a> sledovat <a href=\"\/index.php\/souteze\/dakar-2020\/\">Dakar 2020<\/a> pouze jako diva\u010dka.<\/p>\n<p>Francouzsko-n\u011bmeck\u00fd p\u00e1r v\u0161ak na sv\u016fj sen nerezignoval a cht\u011bl si ho splnit o rok pozd\u011bji. N\u00e1sleduj\u00edc\u00ed ud\u00e1losti v\u0161ak nebyly p\u0159\u00edzniv\u00e9 a rodinnou pos\u00e1dku Peterhanselov\u00fdch na Dakaru nejsp\u00ed\u0161 nikdy neuvid\u00edme.<\/p>\n<p><em>\u201eDo polsk\u00e9 baji bohu\u017eel neodstartuji s Andreou ale s nov\u00fdm spolujezdcem,\u201c<\/em> \u0159\u00edk\u00e1 <strong>St\u00e9phane Peterhansel<\/strong>. <em>\u201eNa po\u010d\u00e1tku roku jsme pl\u00e1novali, \u017ee spole\u010dn\u011b odjedeme p\u00e1r sout\u011b\u017e\u00ed, abychom se p\u0159ipravili na p\u0159\u00ed\u0161t\u00ed Dakar. Jen\u017ee pl\u00e1ny n\u00e1m zhatil koronavirus. Kv\u016fli nedostatku pot\u0159ebn\u00e9 p\u0159\u00edpravy jsme se rozhodli tento projekt zastavit a zisk sv\u011btov\u00e9ho poh\u00e1ru bereme jako skv\u011blou te\u010dku.\u201c<\/em><\/p>\n<p>T\u011bsn\u011b p\u0159ed Dakarem 2020 obsadil m\u00edsto po <a href=\"\/index.php\/osobnosti\/stephane-peterhansel\/\">St\u00e9phanov\u011b<\/a> boku portugalsk\u00fd spolujezdec Paulo Fi\u00faza. A\u010dkoliv spole\u010dn\u011b vybojovali t\u0159et\u00ed m\u00edsto, po celou sout\u011b\u017e <a href=\"\/index.php\/2020\/01\/05\/peterhansel-si-se-spolujezdcem-uplne-nerozumi\/\">se pot\u00fdkali s t\u011b\u017ekostmi p\u0159i vz\u00e1jemn\u00e9 komunikaci<\/a>. \u017d\u00e1dn\u00fd z dvojice toti\u017e nemluv\u00ed p\u0159\u00edli\u0161 dob\u0159e anglicky a neovl\u00e1d\u00e1 ani mate\u0159sk\u00fd jazyk sv\u00e9ho kolegy.[\/vc_column_text][vc_single_image image=&#8221;15450&#8243; img_size=&#8221;large&#8221; add_caption=&#8221;yes&#8221; alignment=&#8221;center&#8221; onclick=&#8221;custom_link&#8221; img_link_target=&#8221;_blank&#8221; css_animation=&#8221;fadeIn&#8221; link=&#8221;http:\/\/eshop.dakarmania.cz\/&#8221;][vc_column_text css_animation=&#8221;fadeIn&#8221;]Proto Peterhansel hledal jinou alternativu a na Dakar 2021 se bude p\u0159ipravovat spole\u010dn\u011b s krajanem Edouardem Boulangerem. Francouz m\u00e1 na sv\u00e9m kont\u011b dakarskou \u00fa\u010dast jak na motocyklu, tak na sedadle navig\u00e1tora v automobilu, velk\u00e9 renom\u00e9 si v\u0161ak vybudoval p\u0159edev\u0161\u00edm ve slu\u017eb\u00e1ch tov\u00e1rn\u00edho t\u00fdmu KTM. Pro rakouskou st\u00e1j pracoval v letech 2013 a\u017e 2018 jako tzv. mapman a kou\u010d tov\u00e1rn\u00edch jezdc\u016f, s nimi\u017e se v\u011bnoval navigaci a strategii.<\/p>\n<p>Nov\u011b sestaven\u00e1 pos\u00e1dka si spolupr\u00e1ci poprv\u00e9 naostro vyzkou\u0161\u00ed p\u0159i Baje Poland, kter\u00e1 se na severoz\u00e1pad\u011b Polska uskute\u010dn\u00ed ji\u017e p\u0159\u00ed\u0161t\u00ed v\u00edkend (4. a\u017e 6. z\u00e1\u0159\u00ed). S ohledem na charakter trat\u00ed nepojede Peterhansel s Mini JCW Buggy, ale s t\u00fdmem X-raid vsad\u00ed na star\u0161\u00ed a v t\u011bchto podm\u00ednk\u00e1ch osv\u011bd\u010den\u00e9 Mini All4 Racing.<\/p>\n<p><em>\u201eNa baju se opravdu t\u011b\u0161\u00edm, proto\u017ee jsem za volantem z\u00e1vodn\u00edho auta nesed\u011bl osm m\u011bs\u00edc\u016f. Ale up\u0159\u00edmn\u011b \u0159e\u010deno, zase tak \u00fapln\u011b nov\u00e1 situace to pro m\u011b nen\u00ed. Jsem zvykl\u00fd, \u017ee b\u011bhem roku p\u0159\u00edli\u0161 z\u00e1vod\u016f neabsolvuji. Polsk\u00e9 baji jsem se p\u0159ed n\u011bkolika lety z\u00fa\u010dastnil a r\u00e1d na ni vzpom\u00edn\u00e1m. T\u011b\u0161\u00edm se tak\u00e9 na to, \u017ee se znovu potk\u00e1m s lidmi z t\u00fdmu,\u201c<\/em> uzav\u00edr\u00e1 Peterhansel.[\/vc_column_text][vc_empty_space height=&#8221;2px&#8221;][\/vc_column][\/vc_row]<\/p>\n","protected":false},"excerpt":{"rendered":"<p>St\u00e9phane Peterhansel s Mini bude pat\u0159it k nejv\u011bt\u0161\u00edm hv\u011bzd\u00e1m, kter\u00e9 se p\u0159\u00ed\u0161t\u00ed t\u00fdden postav\u00ed na start polsk\u00e9 baji. Po boku v\u0161ak nebude m\u00edt man\u017eelku Andreu.<\/p>\n","protected":false},"author":1,"featured_media":16496,"comment_status":"open","ping_status":"closed","sticky":false,"template":"","format":"standard","meta":{"footnotes":""},"categories":[3,1438,1688],"tags":[903,1630,255,1758,8,1475,1757,219,106,1728,217,220],"class_list":["post-16497","post","type-post","status-publish","format-standard","has-post-thumbnail","hentry","category-auto","category-baja-poland","category-dakar-2021","tag-903","tag-1630","tag-baja-poland","tag-baja-poland-2020","tag-dakar","tag-dakar-2021","tag-edouard-boulanger","tag-mini","tag-sp-fia-baja","tag-sp-fia-baja-2020","tag-stephane-peterhansel","tag-x-raid"],"yoast_head":"<!-- This site is optimized with the Yoast SEO plugin v24.9 - https:\/\/yoast.com\/wordpress\/plugins\/seo\/ -->\n<title>Dakarsk\u00fd sen Peterhanselov\u00fdch se rozplynul. St\u00e9phane s nov\u00fdm mitf\u00e1rou - DAKARMANIA.cz<\/title>\n<meta name=\"description\" content=\"St\u00e9phane Peterhansel s Mini bude pat\u0159it k nejv\u011bt\u0161\u00edm hv\u011bzd\u00e1m, kter\u00e9 se p\u0159\u00ed\u0161t\u00ed t\u00fdden postav\u00ed na start polsk\u00e9 baji. Po boku v\u0161ak nebude m\u00edt man\u017eelku Andreu.\" \/>\n<meta name=\"robots\" content=\"index, follow, max-snippet:-1, max-image-preview:large, max-video-preview:-1\" \/>\n<link rel=\"canonical\" href=\"https:\/\/www.dakarmania.cz\/index.php\/2020\/08\/29\/sen-peterhanselovych-se-rozplynul\/\" \/>\n<meta property=\"og:locale\" content=\"cs_CZ\" \/>\n<meta property=\"og:type\" content=\"article\" \/>\n<meta property=\"og:title\" content=\"Dakarsk\u00fd sen Peterhanselov\u00fdch se rozplynul. St\u00e9phane s nov\u00fdm mitf\u00e1rou - DAKARMANIA.cz\" \/>\n<meta property=\"og:description\" content=\"St\u00e9phane Peterhansel s Mini bude pat\u0159it k nejv\u011bt\u0161\u00edm hv\u011bzd\u00e1m, kter\u00e9 se p\u0159\u00ed\u0161t\u00ed t\u00fdden postav\u00ed na start polsk\u00e9 baji. Po boku v\u0161ak nebude m\u00edt man\u017eelku Andreu.\" \/>\n<meta property=\"og:url\" content=\"https:\/\/www.dakarmania.cz\/index.php\/2020\/08\/29\/sen-peterhanselovych-se-rozplynul\/\" \/>\n<meta property=\"og:site_name\" content=\"DAKARMANIA.cz\" \/>\n<meta property=\"article:publisher\" content=\"https:\/\/www.facebook.com\/dakarmania\/\" \/>\n<meta property=\"article:published_time\" content=\"2020-08-29T00:51:25+00:00\" \/>\n<meta property=\"og:image\" content=\"https:\/\/www.dakarmania.cz\/wp-content\/uploads\/2020\/08\/20-dakar-peterhansel-10.jpg\" \/>\n\t<meta property=\"og:image:width\" content=\"1024\" \/>\n\t<meta property=\"og:image:height\" content=\"683\" \/>\n\t<meta property=\"og:image:type\" content=\"image\/jpeg\" \/>\n<meta name=\"author\" content=\"Zden\u011bk Zelenka\" \/>\n<meta name=\"twitter:card\" content=\"summary_large_image\" \/>\n<meta name=\"twitter:label1\" content=\"Napsal(a)\" \/>\n\t<meta name=\"twitter:data1\" content=\"Zden\u011bk Zelenka\" \/>\n\t<meta name=\"twitter:label2\" content=\"Odhadovan\u00e1 doba \u010dten\u00ed\" \/>\n\t<meta name=\"twitter:data2\" content=\"3 minuty\" \/>\n<script type=\"application\/ld+json\" class=\"yoast-schema-graph\">{\"@context\":\"https:\/\/schema.org\",\"@graph\":[{\"@type\":\"Article\",\"@id\":\"https:\/\/www.dakarmania.cz\/index.php\/2020\/08\/29\/sen-peterhanselovych-se-rozplynul\/#article\",\"isPartOf\":{\"@id\":\"https:\/\/www.dakarmania.cz\/index.php\/2020\/08\/29\/sen-peterhanselovych-se-rozplynul\/\"},\"author\":{\"name\":\"Zden\u011bk Zelenka\",\"@id\":\"https:\/\/www.dakarmania.cz\/#\/schema\/person\/04eb0e87a389631c2169c0dddae7ff1e\"},\"headline\":\"Dakarsk\u00fd sen Peterhanselov\u00fdch se rozplynul. St\u00e9phane s nov\u00fdm mitf\u00e1rou\",\"datePublished\":\"2020-08-29T00:51:25+00:00\",\"mainEntityOfPage\":{\"@id\":\"https:\/\/www.dakarmania.cz\/index.php\/2020\/08\/29\/sen-peterhanselovych-se-rozplynul\/\"},\"wordCount\":611,\"commentCount\":0,\"publisher\":{\"@id\":\"https:\/\/www.dakarmania.cz\/#organization\"},\"image\":{\"@id\":\"https:\/\/www.dakarmania.cz\/index.php\/2020\/08\/29\/sen-peterhanselovych-se-rozplynul\/#primaryimage\"},\"thumbnailUrl\":\"https:\/\/www.dakarmania.cz\/wp-content\/uploads\/2020\/08\/20-dakar-peterhansel-10.jpg\",\"keywords\":[\"2020\",\"2021\",\"Baja Poland\",\"Baja Poland 2020\",\"Dakar\",\"Dakar 2021\",\"Edouard Boulanger\",\"Mini\",\"SP FIA baja\",\"SP FIA baja 2020\",\"St\u00e9phane Peterhansel\",\"X-raid\"],\"articleSection\":[\"Auto\",\"Baja Poland\",\"Dakar 2021\"],\"inLanguage\":\"cs\",\"potentialAction\":[{\"@type\":\"CommentAction\",\"name\":\"Comment\",\"target\":[\"https:\/\/www.dakarmania.cz\/index.php\/2020\/08\/29\/sen-peterhanselovych-se-rozplynul\/#respond\"]}]},{\"@type\":\"WebPage\",\"@id\":\"https:\/\/www.dakarmania.cz\/index.php\/2020\/08\/29\/sen-peterhanselovych-se-rozplynul\/\",\"url\":\"https:\/\/www.dakarmania.cz\/index.php\/2020\/08\/29\/sen-peterhanselovych-se-rozplynul\/\",\"name\":\"Dakarsk\u00fd sen Peterhanselov\u00fdch se rozplynul. St\u00e9phane s nov\u00fdm mitf\u00e1rou - DAKARMANIA.cz\",\"isPartOf\":{\"@id\":\"https:\/\/www.dakarmania.cz\/#website\"},\"primaryImageOfPage\":{\"@id\":\"https:\/\/www.dakarmania.cz\/index.php\/2020\/08\/29\/sen-peterhanselovych-se-rozplynul\/#primaryimage\"},\"image\":{\"@id\":\"https:\/\/www.dakarmania.cz\/index.php\/2020\/08\/29\/sen-peterhanselovych-se-rozplynul\/#primaryimage\"},\"thumbnailUrl\":\"https:\/\/www.dakarmania.cz\/wp-content\/uploads\/2020\/08\/20-dakar-peterhansel-10.jpg\",\"datePublished\":\"2020-08-29T00:51:25+00:00\",\"description\":\"St\u00e9phane Peterhansel s Mini bude pat\u0159it k nejv\u011bt\u0161\u00edm hv\u011bzd\u00e1m, kter\u00e9 se p\u0159\u00ed\u0161t\u00ed t\u00fdden postav\u00ed na start polsk\u00e9 baji. Po boku v\u0161ak nebude m\u00edt man\u017eelku Andreu.\",\"breadcrumb\":{\"@id\":\"https:\/\/www.dakarmania.cz\/index.php\/2020\/08\/29\/sen-peterhanselovych-se-rozplynul\/#breadcrumb\"},\"inLanguage\":\"cs\",\"potentialAction\":[{\"@type\":\"ReadAction\",\"target\":[\"https:\/\/www.dakarmania.cz\/index.php\/2020\/08\/29\/sen-peterhanselovych-se-rozplynul\/\"]}]},{\"@type\":\"ImageObject\",\"inLanguage\":\"cs\",\"@id\":\"https:\/\/www.dakarmania.cz\/index.php\/2020\/08\/29\/sen-peterhanselovych-se-rozplynul\/#primaryimage\",\"url\":\"https:\/\/www.dakarmania.cz\/wp-content\/uploads\/2020\/08\/20-dakar-peterhansel-10.jpg\",\"contentUrl\":\"https:\/\/www.dakarmania.cz\/wp-content\/uploads\/2020\/08\/20-dakar-peterhansel-10.jpg\",\"width\":1024,\"height\":683,\"caption\":\"St\u00e9phane Peterhansel, Bahrain JCW X-Raid Team. Rally Dakar 2020. \u00a9 X-raid\"},{\"@type\":\"BreadcrumbList\",\"@id\":\"https:\/\/www.dakarmania.cz\/index.php\/2020\/08\/29\/sen-peterhanselovych-se-rozplynul\/#breadcrumb\",\"itemListElement\":[{\"@type\":\"ListItem\",\"position\":1,\"name\":\"Dom\u016f\",\"item\":\"https:\/\/www.dakarmania.cz\/\"},{\"@type\":\"ListItem\",\"position\":2,\"name\":\"Dakarsk\u00fd sen Peterhanselov\u00fdch se rozplynul. St\u00e9phane s nov\u00fdm mitf\u00e1rou\"}]},{\"@type\":\"WebSite\",\"@id\":\"https:\/\/www.dakarmania.cz\/#website\",\"url\":\"https:\/\/www.dakarmania.cz\/\",\"name\":\"DAKARMANIA.cz\",\"description\":\"\u017dijeme Dakarem cel\u00fd rok\",\"publisher\":{\"@id\":\"https:\/\/www.dakarmania.cz\/#organization\"},\"potentialAction\":[{\"@type\":\"SearchAction\",\"target\":{\"@type\":\"EntryPoint\",\"urlTemplate\":\"https:\/\/www.dakarmania.cz\/?s={search_term_string}\"},\"query-input\":{\"@type\":\"PropertyValueSpecification\",\"valueRequired\":true,\"valueName\":\"search_term_string\"}}],\"inLanguage\":\"cs\"},{\"@type\":\"Organization\",\"@id\":\"https:\/\/www.dakarmania.cz\/#organization\",\"name\":\"DAKAR MANIA\",\"url\":\"https:\/\/www.dakarmania.cz\/\",\"logo\":{\"@type\":\"ImageObject\",\"inLanguage\":\"cs\",\"@id\":\"https:\/\/www.dakarmania.cz\/#\/schema\/logo\/image\/\",\"url\":\"https:\/\/www.dakarmania.cz\/wp-content\/uploads\/2018\/12\/Dakar-Mania-Logo-Square-Orange.png\",\"contentUrl\":\"https:\/\/www.dakarmania.cz\/wp-content\/uploads\/2018\/12\/Dakar-Mania-Logo-Square-Orange.png\",\"width\":992,\"height\":992,\"caption\":\"DAKAR MANIA\"},\"image\":{\"@id\":\"https:\/\/www.dakarmania.cz\/#\/schema\/logo\/image\/\"},\"sameAs\":[\"https:\/\/www.facebook.com\/dakarmania\/\"]},{\"@type\":\"Person\",\"@id\":\"https:\/\/www.dakarmania.cz\/#\/schema\/person\/04eb0e87a389631c2169c0dddae7ff1e\",\"name\":\"Zden\u011bk Zelenka\",\"image\":{\"@type\":\"ImageObject\",\"inLanguage\":\"cs\",\"@id\":\"https:\/\/www.dakarmania.cz\/#\/schema\/person\/image\/\",\"url\":\"https:\/\/secure.gravatar.com\/avatar\/2c80d5a4942fe0900b73cc7d3837a509d6ee0a276a2b76dac95c92bd0763a89b?s=96&d=mm&r=g\",\"contentUrl\":\"https:\/\/secure.gravatar.com\/avatar\/2c80d5a4942fe0900b73cc7d3837a509d6ee0a276a2b76dac95c92bd0763a89b?s=96&d=mm&r=g\",\"caption\":\"Zden\u011bk Zelenka\"},\"description\":\"Moji d\u011bt\u0161t\u00ed hrdinov\u00e9 se jmenovali Loprais, Moskal, Neveu, Vatanen, Rahier... A tihle borci, jejich n\u00e1sledovn\u00edci a jejich p\u0159\u00edb\u011bhy m\u011b nep\u0159estali fascinovat ani po letech, kdy jsem vyrostl a zam\u011bstn\u00e1valy m\u011b jin\u00e9 discipl\u00edny motorsportu. Proto se zrodila DAKARMANIA.\",\"url\":\"https:\/\/www.dakarmania.cz\/index.php\/author\/dakarmania\/\"}]}<\/script>\n<!-- \/ Yoast SEO plugin. -->","yoast_head_json":{"title":"Dakarsk\u00fd sen Peterhanselov\u00fdch se rozplynul. St\u00e9phane s nov\u00fdm mitf\u00e1rou - DAKARMANIA.cz","description":"St\u00e9phane Peterhansel s Mini bude pat\u0159it k nejv\u011bt\u0161\u00edm hv\u011bzd\u00e1m, kter\u00e9 se p\u0159\u00ed\u0161t\u00ed t\u00fdden postav\u00ed na start polsk\u00e9 baji. Po boku v\u0161ak nebude m\u00edt man\u017eelku Andreu.","robots":{"index":"index","follow":"follow","max-snippet":"max-snippet:-1","max-image-preview":"max-image-preview:large","max-video-preview":"max-video-preview:-1"},"canonical":"https:\/\/www.dakarmania.cz\/index.php\/2020\/08\/29\/sen-peterhanselovych-se-rozplynul\/","og_locale":"cs_CZ","og_type":"article","og_title":"Dakarsk\u00fd sen Peterhanselov\u00fdch se rozplynul. St\u00e9phane s nov\u00fdm mitf\u00e1rou - DAKARMANIA.cz","og_description":"St\u00e9phane Peterhansel s Mini bude pat\u0159it k nejv\u011bt\u0161\u00edm hv\u011bzd\u00e1m, kter\u00e9 se p\u0159\u00ed\u0161t\u00ed t\u00fdden postav\u00ed na start polsk\u00e9 baji. Po boku v\u0161ak nebude m\u00edt man\u017eelku Andreu.","og_url":"https:\/\/www.dakarmania.cz\/index.php\/2020\/08\/29\/sen-peterhanselovych-se-rozplynul\/","og_site_name":"DAKARMANIA.cz","article_publisher":"https:\/\/www.facebook.com\/dakarmania\/","article_published_time":"2020-08-29T00:51:25+00:00","og_image":[{"width":1024,"height":683,"url":"https:\/\/www.dakarmania.cz\/wp-content\/uploads\/2020\/08\/20-dakar-peterhansel-10.jpg","type":"image\/jpeg"}],"author":"Zden\u011bk Zelenka","twitter_card":"summary_large_image","twitter_misc":{"Napsal(a)":"Zden\u011bk Zelenka","Odhadovan\u00e1 doba \u010dten\u00ed":"3 minuty"},"schema":{"@context":"https:\/\/schema.org","@graph":[{"@type":"Article","@id":"https:\/\/www.dakarmania.cz\/index.php\/2020\/08\/29\/sen-peterhanselovych-se-rozplynul\/#article","isPartOf":{"@id":"https:\/\/www.dakarmania.cz\/index.php\/2020\/08\/29\/sen-peterhanselovych-se-rozplynul\/"},"author":{"name":"Zden\u011bk Zelenka","@id":"https:\/\/www.dakarmania.cz\/#\/schema\/person\/04eb0e87a389631c2169c0dddae7ff1e"},"headline":"Dakarsk\u00fd sen Peterhanselov\u00fdch se rozplynul. St\u00e9phane s nov\u00fdm mitf\u00e1rou","datePublished":"2020-08-29T00:51:25+00:00","mainEntityOfPage":{"@id":"https:\/\/www.dakarmania.cz\/index.php\/2020\/08\/29\/sen-peterhanselovych-se-rozplynul\/"},"wordCount":611,"commentCount":0,"publisher":{"@id":"https:\/\/www.dakarmania.cz\/#organization"},"image":{"@id":"https:\/\/www.dakarmania.cz\/index.php\/2020\/08\/29\/sen-peterhanselovych-se-rozplynul\/#primaryimage"},"thumbnailUrl":"https:\/\/www.dakarmania.cz\/wp-content\/uploads\/2020\/08\/20-dakar-peterhansel-10.jpg","keywords":["2020","2021","Baja Poland","Baja Poland 2020","Dakar","Dakar 2021","Edouard Boulanger","Mini","SP FIA baja","SP FIA baja 2020","St\u00e9phane Peterhansel","X-raid"],"articleSection":["Auto","Baja Poland","Dakar 2021"],"inLanguage":"cs","potentialAction":[{"@type":"CommentAction","name":"Comment","target":["https:\/\/www.dakarmania.cz\/index.php\/2020\/08\/29\/sen-peterhanselovych-se-rozplynul\/#respond"]}]},{"@type":"WebPage","@id":"https:\/\/www.dakarmania.cz\/index.php\/2020\/08\/29\/sen-peterhanselovych-se-rozplynul\/","url":"https:\/\/www.dakarmania.cz\/index.php\/2020\/08\/29\/sen-peterhanselovych-se-rozplynul\/","name":"Dakarsk\u00fd sen Peterhanselov\u00fdch se rozplynul. St\u00e9phane s nov\u00fdm mitf\u00e1rou - DAKARMANIA.cz","isPartOf":{"@id":"https:\/\/www.dakarmania.cz\/#website"},"primaryImageOfPage":{"@id":"https:\/\/www.dakarmania.cz\/index.php\/2020\/08\/29\/sen-peterhanselovych-se-rozplynul\/#primaryimage"},"image":{"@id":"https:\/\/www.dakarmania.cz\/index.php\/2020\/08\/29\/sen-peterhanselovych-se-rozplynul\/#primaryimage"},"thumbnailUrl":"https:\/\/www.dakarmania.cz\/wp-content\/uploads\/2020\/08\/20-dakar-peterhansel-10.jpg","datePublished":"2020-08-29T00:51:25+00:00","description":"St\u00e9phane Peterhansel s Mini bude pat\u0159it k nejv\u011bt\u0161\u00edm hv\u011bzd\u00e1m, kter\u00e9 se p\u0159\u00ed\u0161t\u00ed t\u00fdden postav\u00ed na start polsk\u00e9 baji. Po boku v\u0161ak nebude m\u00edt man\u017eelku Andreu.","breadcrumb":{"@id":"https:\/\/www.dakarmania.cz\/index.php\/2020\/08\/29\/sen-peterhanselovych-se-rozplynul\/#breadcrumb"},"inLanguage":"cs","potentialAction":[{"@type":"ReadAction","target":["https:\/\/www.dakarmania.cz\/index.php\/2020\/08\/29\/sen-peterhanselovych-se-rozplynul\/"]}]},{"@type":"ImageObject","inLanguage":"cs","@id":"https:\/\/www.dakarmania.cz\/index.php\/2020\/08\/29\/sen-peterhanselovych-se-rozplynul\/#primaryimage","url":"https:\/\/www.dakarmania.cz\/wp-content\/uploads\/2020\/08\/20-dakar-peterhansel-10.jpg","contentUrl":"https:\/\/www.dakarmania.cz\/wp-content\/uploads\/2020\/08\/20-dakar-peterhansel-10.jpg","width":1024,"height":683,"caption":"St\u00e9phane Peterhansel, Bahrain JCW X-Raid Team. Rally Dakar 2020. \u00a9 X-raid"},{"@type":"BreadcrumbList","@id":"https:\/\/www.dakarmania.cz\/index.php\/2020\/08\/29\/sen-peterhanselovych-se-rozplynul\/#breadcrumb","itemListElement":[{"@type":"ListItem","position":1,"name":"Dom\u016f","item":"https:\/\/www.dakarmania.cz\/"},{"@type":"ListItem","position":2,"name":"Dakarsk\u00fd sen Peterhanselov\u00fdch se rozplynul. St\u00e9phane s nov\u00fdm mitf\u00e1rou"}]},{"@type":"WebSite","@id":"https:\/\/www.dakarmania.cz\/#website","url":"https:\/\/www.dakarmania.cz\/","name":"DAKARMANIA.cz","description":"\u017dijeme Dakarem cel\u00fd rok","publisher":{"@id":"https:\/\/www.dakarmania.cz\/#organization"},"potentialAction":[{"@type":"SearchAction","target":{"@type":"EntryPoint","urlTemplate":"https:\/\/www.dakarmania.cz\/?s={search_term_string}"},"query-input":{"@type":"PropertyValueSpecification","valueRequired":true,"valueName":"search_term_string"}}],"inLanguage":"cs"},{"@type":"Organization","@id":"https:\/\/www.dakarmania.cz\/#organization","name":"DAKAR MANIA","url":"https:\/\/www.dakarmania.cz\/","logo":{"@type":"ImageObject","inLanguage":"cs","@id":"https:\/\/www.dakarmania.cz\/#\/schema\/logo\/image\/","url":"https:\/\/www.dakarmania.cz\/wp-content\/uploads\/2018\/12\/Dakar-Mania-Logo-Square-Orange.png","contentUrl":"https:\/\/www.dakarmania.cz\/wp-content\/uploads\/2018\/12\/Dakar-Mania-Logo-Square-Orange.png","width":992,"height":992,"caption":"DAKAR MANIA"},"image":{"@id":"https:\/\/www.dakarmania.cz\/#\/schema\/logo\/image\/"},"sameAs":["https:\/\/www.facebook.com\/dakarmania\/"]},{"@type":"Person","@id":"https:\/\/www.dakarmania.cz\/#\/schema\/person\/04eb0e87a389631c2169c0dddae7ff1e","name":"Zden\u011bk Zelenka","image":{"@type":"ImageObject","inLanguage":"cs","@id":"https:\/\/www.dakarmania.cz\/#\/schema\/person\/image\/","url":"https:\/\/secure.gravatar.com\/avatar\/2c80d5a4942fe0900b73cc7d3837a509d6ee0a276a2b76dac95c92bd0763a89b?s=96&d=mm&r=g","contentUrl":"https:\/\/secure.gravatar.com\/avatar\/2c80d5a4942fe0900b73cc7d3837a509d6ee0a276a2b76dac95c92bd0763a89b?s=96&d=mm&r=g","caption":"Zden\u011bk Zelenka"},"description":"Moji d\u011bt\u0161t\u00ed hrdinov\u00e9 se jmenovali Loprais, Moskal, Neveu, Vatanen, Rahier... A tihle borci, jejich n\u00e1sledovn\u00edci a jejich p\u0159\u00edb\u011bhy m\u011b nep\u0159estali fascinovat ani po letech, kdy jsem vyrostl a zam\u011bstn\u00e1valy m\u011b jin\u00e9 discipl\u00edny motorsportu. Proto se zrodila DAKARMANIA.","url":"https:\/\/www.dakarmania.cz\/index.php\/author\/dakarmania\/"}]}},"amp_enabled":true,"_links":{"self":[{"href":"https:\/\/www.dakarmania.cz\/index.php\/wp-json\/wp\/v2\/posts\/16497","targetHints":{"allow":["GET"]}}],"collection":[{"href":"https:\/\/www.dakarmania.cz\/index.php\/wp-json\/wp\/v2\/posts"}],"about":[{"href":"https:\/\/www.dakarmania.cz\/index.php\/wp-json\/wp\/v2\/types\/post"}],"author":[{"embeddable":true,"href":"https:\/\/www.dakarmania.cz\/index.php\/wp-json\/wp\/v2\/users\/1"}],"replies":[{"embeddable":true,"href":"https:\/\/www.dakarmania.cz\/index.php\/wp-json\/wp\/v2\/comments?post=16497"}],"version-history":[{"count":1,"href":"https:\/\/www.dakarmania.cz\/index.php\/wp-json\/wp\/v2\/posts\/16497\/revisions"}],"predecessor-version":[{"id":16498,"href":"https:\/\/www.dakarmania.cz\/index.php\/wp-json\/wp\/v2\/posts\/16497\/revisions\/16498"}],"wp:featuredmedia":[{"embeddable":true,"href":"https:\/\/www.dakarmania.cz\/index.php\/wp-json\/wp\/v2\/media\/16496"}],"wp:attachment":[{"href":"https:\/\/www.dakarmania.cz\/index.php\/wp-json\/wp\/v2\/media?parent=16497"}],"wp:term":[{"taxonomy":"category","embeddable":true,"href":"https:\/\/www.dakarmania.cz\/index.php\/wp-json\/wp\/v2\/categories?post=16497"},{"taxonomy":"post_tag","embeddable":true,"href":"https:\/\/www.dakarmania.cz\/index.php\/wp-json\/wp\/v2\/tags?post=16497"}],"curies":[{"name":"wp","href":"https:\/\/api.w.org\/{rel}","templated":true}]}}