{"id":16512,"date":"2020-09-03T21:57:41","date_gmt":"2020-09-03T19:57:41","guid":{"rendered":"https:\/\/www.dakarmania.cz\/?p=16512"},"modified":"2020-09-03T23:47:55","modified_gmt":"2020-09-03T21:47:55","slug":"baja-poland-tri-kamiony-od-maciku","status":"publish","type":"post","link":"https:\/\/www.dakarmania.cz\/index.php\/2020\/09\/03\/baja-poland-tri-kamiony-od-maciku\/","title":{"rendered":"Baja Poland: Bratrovra\u017eedn\u00fd souboj t\u0159\u00ed kamion\u016f od Mac\u00edk\u016f"},"content":{"rendered":"<p>[vc_row][vc_column][vc_column_text css_animation=&#8221;fadeIn&#8221;]<\/p>\n<h3>Dakarsk\u00fd t\u00fdm Big Shock! Racing startuje do prvn\u00edho ostr\u00e9ho z\u00e1vodu leto\u0161n\u00ed sez\u00f3ny. Baja Poland u\u017e 4. z\u00e1\u0159\u00ed vy\u0161le z\u00e1vodn\u00edky na offroadovou tra\u0165 vedouc\u00ed vojensk\u00fdm prostorem nedaleko \u0160t\u011bt\u00edna. Z\u00e1vod bude o to zaj\u00edmav\u011bj\u0161\u00ed, \u017ee se na trati potkaj\u00ed hned t\u0159i \u010desk\u00e9 kamiony, kter\u00e9 byly sestrojeny v sedl\u010dansk\u00fdch d\u00edln\u00e1ch t\u00fdmu Big Shock! Racing.<\/h3>\n<p>[\/vc_column_text][vc_single_image image=&#8221;16509&#8243; img_size=&#8221;large&#8221; add_caption=&#8221;yes&#8221; alignment=&#8221;center&#8221; onclick=&#8221;link_image&#8221; css_animation=&#8221;fadeIn&#8221;][vc_column_text css_animation=&#8221;fadeIn&#8221;]Iveco Powerstar p\u0159ezd\u00edvan\u00e9 Karel bude \u0159\u00eddit <a href=\"\/index.php\/osobnosti\/martin-macik-ml\/\">Martin Mac\u00edk mlad\u0161\u00ed<\/a>. Polsk\u00e1 baja pro n\u011bj p\u0159edstavuje p\u0159edev\u0161\u00edm d\u016fle\u017eit\u00fd test p\u0159ed bl\u00ed\u017e\u00edc\u00edm se Dakarem. Ve startovn\u00ed listin\u011b nechyb\u00ed ani Jaroslav Valtr se stejn\u00fdm modelem vozu, kter\u00fd si nechal v Sedl\u010danech postavit na zak\u00e1zku. A sou\u010dasn\u011b se do z\u00e1vodn\u00edho tempa vrac\u00ed i Liaz p\u0159ezd\u00edvan\u00fd Franta, s n\u00edm\u017e Martin Mac\u00edk obsadil na Dakaru 2018 p\u00e1t\u00e9 m\u00edsto. Za volant se ale tentokr\u00e1t posad\u00ed truck trialov\u00fd jezdec Daniel Stibl\u00edk. V\u016fz si od t\u00fdmu Big Shock! Racing pronajal, aby vyzkou\u0161el svou prvn\u00ed cross-country rally.<\/p>\n<p>Pos\u00e1dky v\u0161ech t\u0159\u00ed kamion\u016f pojedou na vlastn\u00ed p\u011bst a budou se sna\u017eit zajet nejrychlej\u0161\u00ed \u010das, ale spole\u010dn\u00fdmi silami budou h\u00e1jit \u010desk\u00e9 barvy.<\/p>\n<h4>Testy pod palbou<\/h4>\n<p>Do de\u0161tiv\u00e9ho Polska dorazili \u010dlenov\u00e9 t\u00fdmu Big Shock! Racing u\u017e v \u00fater\u00fd. Rozlo\u017eili bivak, rozd\u011blali ohe\u0148 a hned se pustili do pr\u00e1ce.<\/p>\n<p><em>\u201eM\u00e1me radost, \u017ee se kone\u010dn\u011b za\u010d\u00edn\u00e1 z\u00e1vodit. Jsme tu v kompletn\u00ed osv\u011bd\u010den\u00e9 sestav\u011b. Navig\u00e1tor <a href=\"\/index.php\/osobnosti\/frantisek-tomasek\/\">Franti\u0161ek Tom\u00e1\u0161ek<\/a> u\u017e nemohl dospat. V kabin\u011b nebude chyb\u011bt ani <a href=\"\/index.php\/osobnosti\/david-svanda\/\">David \u0160vanda<\/a>. P\u0159ijeli v\u0161ichni mechanici, servisn\u00ed MAN i \u201abydl\u00edk\u2018. M\u00e1me tu oba na\u0161e kamiony, Karla i Frantu. Liazku jsme pronajali kluk\u016fm, kte\u0159\u00ed si cht\u011bj\u00ed zkusit maratonskou rally. T\u011b\u0161\u00edme se, \u017ee si kone\u010dn\u011b po\u0159\u00e1dn\u011b zaz\u00e1vod\u00edme, ale je pot\u0159eba tak\u00e9 hodn\u011b testovat. Proto jsme na m\u00edst\u011b o dva dny d\u0159\u00edve,\u201c<\/em> popisuje <strong>Martin Mac\u00edk<\/strong>.[\/vc_column_text][vc_single_image image=&#8221;15450&#8243; img_size=&#8221;large&#8221; add_caption=&#8221;yes&#8221; alignment=&#8221;center&#8221; onclick=&#8221;custom_link&#8221; img_link_target=&#8221;_blank&#8221; css_animation=&#8221;fadeIn&#8221; link=&#8221;http:\/\/eshop.dakarmania.cz\/&#8221;][vc_column_text css_animation=&#8221;fadeIn&#8221;]Nov\u00e1 automatick\u00e1 p\u0159evodovka toti\u017e pot\u0159ebuje prov\u011b\u0159it v p\u00edse\u010dn\u00e9m ter\u00e9nu, kter\u00e9ho je v okol\u00ed dostatek. Sou\u010dasn\u011b bylo nutn\u00e9 je\u0161t\u011b p\u0159ed startem polsk\u00e9 rally nastavit Karlovi podvozek pro m\u00edstn\u00ed povrch. A na svou z\u00e1vodn\u00ed premi\u00e9ru \u010dekalo i p\u00e1r v\u00fdvojov\u00fdch detail\u016f souvisej\u00edc\u00edch s motorem. Ve st\u0159edu br\u00e1zdil \u017elut\u00fd kamion cesty vojensk\u00e9ho prostoru do \u010dtrn\u00e1cti hodin, ne\u017e ho vyhnaly cvi\u010dn\u00e9 st\u0159elby. Testov\u00e1n\u00ed bylo na programu i b\u011bhem \u010dtvrtka. V r\u00e1mci <a href=\"\/index.php\/souteze\/baja-poland-2020\/\">Baja Poland<\/a> najede Karel celkov\u011b 765 kilometr\u016f, z toho 406 z\u00e1vodn\u00edch.<\/p>\n<h4>Mac\u00edk vezme v prologu fanou\u0161ky do kabiny<\/h4>\n<p>Ve \u010dtvrtek t\u00fdm p\u0159esunul sv\u016fj bivak do \u0160t\u011bt\u00edna, kde v p\u00e1tek prob\u011bhnou technick\u00e9 p\u0159ej\u00edmky a sedmikilometrov\u00fd prolog. Pokud v\u0161e vyjde, chce Martin Mac\u00edk pro fanou\u0161ky celou \u00favodn\u00ed rychlostn\u00ed zkou\u0161ku vys\u00edlat \u017eiv\u011b na sv\u00e9m Facebooku. Start je pl\u00e1nov\u00e1n na p\u00e1te\u010dn\u00ed ve\u010der, p\u0159esn\u00fd \u010das Martin je\u0161t\u011b up\u0159esn\u00ed na sv\u00fdch soci\u00e1ln\u00edch s\u00edt\u00edch. Div\u00e1ci d\u00edky \u017eiv\u00e9mu onboardu dostanou poprv\u00e9 mo\u017enost sledovat spolu s pos\u00e1dkou z\u00e1vodn\u00ed j\u00edzdu p\u0159\u00edmo z kabiny. A za\u017eij\u00ed tak v\u0161echny zaj\u00edmav\u00e9 momenty j\u00edzdy v re\u00e1ln\u00e9m \u010dase.<\/p>\n<h4>Prvn\u00ed z\u00e1vod sez\u00f3ny je tady<\/h4>\n<p>V sobotu si pos\u00e1dky kamion\u016f u\u017eij\u00ed dv\u011b n\u00e1ro\u010dn\u00e9 speci\u00e1lky, z nich\u017e ka\u017ed\u00e1 \u010d\u00edt\u00e1 172 kilometr\u016f.<\/p>\n<p><em>\u201ePo pauze n\u00e1s \u010dek\u00e1 slu\u0161n\u00fd z\u00e1hul. Tra\u0165 je tu n\u00e1ro\u010dn\u00e1, jedeme v tempu brzda-plyn. Jsme zv\u011bdav\u00ed na automat. Podle informac\u00ed, kter\u00e9 m\u00e1me k dispozici, by n\u00e1m m\u011bl pr\u00e1v\u011b v p\u00edsku dost pomoci,\u201c<\/em> \u0159\u00edk\u00e1 palubn\u00ed mechanik <strong>David \u0160vanda<\/strong>.[\/vc_column_text][vc_single_image image=&#8221;16510&#8243; img_size=&#8221;large&#8221; add_caption=&#8221;yes&#8221; alignment=&#8221;center&#8221; onclick=&#8221;link_image&#8221; css_animation=&#8221;fadeIn&#8221;][vc_column_text css_animation=&#8221;fadeIn&#8221;]V ned\u011bli bude Baja Poland pokra\u010dovat dal\u0161\u00edmi \u010dty\u0159mi erzetami.<\/p>\n<p><em>\u201eNem\u011bli jsme tu v kamionech konkurenci, tak jsme si ji museli sami postavit,\u201c<\/em> sm\u011bje se <strong>Martin Mac\u00edk<\/strong>. <em>\u201eJsem opravdu zv\u011bdav\u00fd, jak jednotliv\u00e9 kamiony, kter\u00e9 n\u00e1m v\u0161echny pro\u0161ly pod rukama, pojedou. Svezl jsem se tu i v liazce a mus\u00edm \u0159\u00edct, \u017ee m\u00e1 po\u0159\u00e1d n\u011bco do sebe. Karel a Franta jsou ka\u017ed\u00fd jin\u00fd, ale oba jedou dost rychle.\u201c<\/em><\/p>\n<p>Pos\u00e1dka Martina Mac\u00edka p\u0159i Baje Poland u\u017e tradi\u010dn\u011b nepova\u017euje za soupe\u0159e jen kamiony. Sv\u00e9 s\u00edly bude pom\u011b\u0159ovat s kompletn\u00edm startovn\u00edm polem. V minul\u00fdch ro\u010dn\u00edc\u00edch se j\u00ed poda\u0159ilo nechat za sebou v\u011bt\u0161inu osobn\u00edch voz\u016f.<\/p>\n<p>Tiskov\u00e1 zpr\u00e1va t\u00fdmu Big Shock! Racing [editov\u00e1no][\/vc_column_text][vc_empty_space height=&#8221;2px&#8221;][\/vc_column][\/vc_row]<\/p>\n","protected":false},"excerpt":{"rendered":"<p>Dakarsk\u00fd t\u00fdm Big Shock! Racing startuje do prvn\u00edho ostr\u00e9ho z\u00e1vodu leto\u0161n\u00ed sez\u00f3ny. Baja Poland vy\u0161le z\u00e1vodn\u00edky na tra\u0165 ve vojensk\u00e9m prostoru u \u0160t\u011bt\u00edna.<\/p>\n","protected":false},"author":3,"featured_media":16511,"comment_status":"open","ping_status":"closed","sticky":false,"template":"","format":"standard","meta":{"footnotes":""},"categories":[637],"tags":[903,255,1758,111,1759,1135,117,164,1385,1339,112,591,114],"class_list":["post-16512","post","type-post","status-publish","format-standard","has-post-thumbnail","hentry","category-tiskove-zpravy","tag-903","tag-baja-poland","tag-baja-poland-2020","tag-big-shock-racing","tag-daniel-stiblik","tag-david-svanda","tag-frantisek-tomasek","tag-iveco","tag-jaroslav-valtr","tag-jaroslav-valtr-st","tag-liaz","tag-martin-macik","tag-martin-macik-ml"],"yoast_head":"<!-- This site is optimized with the Yoast SEO plugin v24.9 - https:\/\/yoast.com\/wordpress\/plugins\/seo\/ -->\n<title>Baja Poland: Bratrovra\u017eedn\u00fd souboj t\u0159\u00ed kamion\u016f od Mac\u00edk\u016f - DAKARMANIA.cz<\/title>\n<meta name=\"description\" content=\"Dakarsk\u00fd t\u00fdm Big Shock! Racing startuje do prvn\u00edho ostr\u00e9ho z\u00e1vodu leto\u0161n\u00ed sez\u00f3ny. Baja Poland vy\u0161le z\u00e1vodn\u00edky na tra\u0165 ve vojensk\u00e9m prostoru u \u0160t\u011bt\u00edna.\" \/>\n<meta name=\"robots\" content=\"index, follow, max-snippet:-1, max-image-preview:large, max-video-preview:-1\" \/>\n<link rel=\"canonical\" href=\"https:\/\/www.dakarmania.cz\/index.php\/2020\/09\/03\/baja-poland-tri-kamiony-od-maciku\/\" \/>\n<meta property=\"og:locale\" content=\"cs_CZ\" \/>\n<meta property=\"og:type\" content=\"article\" \/>\n<meta property=\"og:title\" content=\"Baja Poland: Bratrovra\u017eedn\u00fd souboj t\u0159\u00ed kamion\u016f od Mac\u00edk\u016f - DAKARMANIA.cz\" \/>\n<meta property=\"og:description\" content=\"Dakarsk\u00fd t\u00fdm Big Shock! Racing startuje do prvn\u00edho ostr\u00e9ho z\u00e1vodu leto\u0161n\u00ed sez\u00f3ny. Baja Poland vy\u0161le z\u00e1vodn\u00edky na tra\u0165 ve vojensk\u00e9m prostoru u \u0160t\u011bt\u00edna.\" \/>\n<meta property=\"og:url\" content=\"https:\/\/www.dakarmania.cz\/index.php\/2020\/09\/03\/baja-poland-tri-kamiony-od-maciku\/\" \/>\n<meta property=\"og:site_name\" content=\"DAKARMANIA.cz\" \/>\n<meta property=\"article:publisher\" content=\"https:\/\/www.facebook.com\/dakarmania\/\" \/>\n<meta property=\"article:published_time\" content=\"2020-09-03T19:57:41+00:00\" \/>\n<meta property=\"article:modified_time\" content=\"2020-09-03T21:47:55+00:00\" \/>\n<meta property=\"og:image\" content=\"https:\/\/www.dakarmania.cz\/wp-content\/uploads\/2020\/09\/20-test-polsko-macik-03.jpg\" \/>\n\t<meta property=\"og:image:width\" content=\"1024\" \/>\n\t<meta property=\"og:image:height\" content=\"683\" \/>\n\t<meta property=\"og:image:type\" content=\"image\/jpeg\" \/>\n<meta name=\"author\" content=\"tiskov\u00e1 zpr\u00e1va\" \/>\n<meta name=\"twitter:card\" content=\"summary_large_image\" \/>\n<meta name=\"twitter:label1\" content=\"Napsal(a)\" \/>\n\t<meta name=\"twitter:data1\" content=\"tiskov\u00e1 zpr\u00e1va\" \/>\n\t<meta name=\"twitter:label2\" content=\"Odhadovan\u00e1 doba \u010dten\u00ed\" \/>\n\t<meta name=\"twitter:data2\" content=\"5 minut\" \/>\n<script type=\"application\/ld+json\" class=\"yoast-schema-graph\">{\"@context\":\"https:\/\/schema.org\",\"@graph\":[{\"@type\":\"Article\",\"@id\":\"https:\/\/www.dakarmania.cz\/index.php\/2020\/09\/03\/baja-poland-tri-kamiony-od-maciku\/#article\",\"isPartOf\":{\"@id\":\"https:\/\/www.dakarmania.cz\/index.php\/2020\/09\/03\/baja-poland-tri-kamiony-od-maciku\/\"},\"author\":{\"name\":\"tiskov\u00e1 zpr\u00e1va\",\"@id\":\"https:\/\/www.dakarmania.cz\/#\/schema\/person\/bce8d1fe3633b1178e150fc5e340d5dd\"},\"headline\":\"Baja Poland: Bratrovra\u017eedn\u00fd souboj t\u0159\u00ed kamion\u016f od Mac\u00edk\u016f\",\"datePublished\":\"2020-09-03T19:57:41+00:00\",\"dateModified\":\"2020-09-03T21:47:55+00:00\",\"mainEntityOfPage\":{\"@id\":\"https:\/\/www.dakarmania.cz\/index.php\/2020\/09\/03\/baja-poland-tri-kamiony-od-maciku\/\"},\"wordCount\":916,\"commentCount\":0,\"publisher\":{\"@id\":\"https:\/\/www.dakarmania.cz\/#organization\"},\"image\":{\"@id\":\"https:\/\/www.dakarmania.cz\/index.php\/2020\/09\/03\/baja-poland-tri-kamiony-od-maciku\/#primaryimage\"},\"thumbnailUrl\":\"https:\/\/www.dakarmania.cz\/wp-content\/uploads\/2020\/09\/20-test-polsko-macik-03.jpg\",\"keywords\":[\"2020\",\"Baja Poland\",\"Baja Poland 2020\",\"Big Shock! Racing\",\"Daniel Stibl\u00edk\",\"David \u0160vanda\",\"Franti\u0161ek Tom\u00e1\u0161ek\",\"Iveco\",\"Jaroslav Valtr\",\"Jaroslav Valtr st.\",\"Liaz\",\"Martin Mac\u00edk\",\"Martin Mac\u00edk ml.\"],\"articleSection\":[\"Tiskov\u00e9 zpr\u00e1vy\"],\"inLanguage\":\"cs\",\"potentialAction\":[{\"@type\":\"CommentAction\",\"name\":\"Comment\",\"target\":[\"https:\/\/www.dakarmania.cz\/index.php\/2020\/09\/03\/baja-poland-tri-kamiony-od-maciku\/#respond\"]}]},{\"@type\":\"WebPage\",\"@id\":\"https:\/\/www.dakarmania.cz\/index.php\/2020\/09\/03\/baja-poland-tri-kamiony-od-maciku\/\",\"url\":\"https:\/\/www.dakarmania.cz\/index.php\/2020\/09\/03\/baja-poland-tri-kamiony-od-maciku\/\",\"name\":\"Baja Poland: Bratrovra\u017eedn\u00fd souboj t\u0159\u00ed kamion\u016f od Mac\u00edk\u016f - DAKARMANIA.cz\",\"isPartOf\":{\"@id\":\"https:\/\/www.dakarmania.cz\/#website\"},\"primaryImageOfPage\":{\"@id\":\"https:\/\/www.dakarmania.cz\/index.php\/2020\/09\/03\/baja-poland-tri-kamiony-od-maciku\/#primaryimage\"},\"image\":{\"@id\":\"https:\/\/www.dakarmania.cz\/index.php\/2020\/09\/03\/baja-poland-tri-kamiony-od-maciku\/#primaryimage\"},\"thumbnailUrl\":\"https:\/\/www.dakarmania.cz\/wp-content\/uploads\/2020\/09\/20-test-polsko-macik-03.jpg\",\"datePublished\":\"2020-09-03T19:57:41+00:00\",\"dateModified\":\"2020-09-03T21:47:55+00:00\",\"description\":\"Dakarsk\u00fd t\u00fdm Big Shock! Racing startuje do prvn\u00edho ostr\u00e9ho z\u00e1vodu leto\u0161n\u00ed sez\u00f3ny. Baja Poland vy\u0161le z\u00e1vodn\u00edky na tra\u0165 ve vojensk\u00e9m prostoru u \u0160t\u011bt\u00edna.\",\"breadcrumb\":{\"@id\":\"https:\/\/www.dakarmania.cz\/index.php\/2020\/09\/03\/baja-poland-tri-kamiony-od-maciku\/#breadcrumb\"},\"inLanguage\":\"cs\",\"potentialAction\":[{\"@type\":\"ReadAction\",\"target\":[\"https:\/\/www.dakarmania.cz\/index.php\/2020\/09\/03\/baja-poland-tri-kamiony-od-maciku\/\"]}]},{\"@type\":\"ImageObject\",\"inLanguage\":\"cs\",\"@id\":\"https:\/\/www.dakarmania.cz\/index.php\/2020\/09\/03\/baja-poland-tri-kamiony-od-maciku\/#primaryimage\",\"url\":\"https:\/\/www.dakarmania.cz\/wp-content\/uploads\/2020\/09\/20-test-polsko-macik-03.jpg\",\"contentUrl\":\"https:\/\/www.dakarmania.cz\/wp-content\/uploads\/2020\/09\/20-test-polsko-macik-03.jpg\",\"width\":1024,\"height\":683,\"caption\":\"Martin Mac\u00edk\/Franti\u0161ek Tom\u00e1\u0161ek\/David \u0160vanda, Iveco Powerstar, Big Shock! Racing. Testov\u00e1n\u00ed v Polsku, z\u00e1\u0159\u00ed 2020. \u00a9 Big Shock! Racing\"},{\"@type\":\"BreadcrumbList\",\"@id\":\"https:\/\/www.dakarmania.cz\/index.php\/2020\/09\/03\/baja-poland-tri-kamiony-od-maciku\/#breadcrumb\",\"itemListElement\":[{\"@type\":\"ListItem\",\"position\":1,\"name\":\"Dom\u016f\",\"item\":\"https:\/\/www.dakarmania.cz\/\"},{\"@type\":\"ListItem\",\"position\":2,\"name\":\"Baja Poland: Bratrovra\u017eedn\u00fd souboj t\u0159\u00ed kamion\u016f od Mac\u00edk\u016f\"}]},{\"@type\":\"WebSite\",\"@id\":\"https:\/\/www.dakarmania.cz\/#website\",\"url\":\"https:\/\/www.dakarmania.cz\/\",\"name\":\"DAKARMANIA.cz\",\"description\":\"\u017dijeme Dakarem cel\u00fd rok\",\"publisher\":{\"@id\":\"https:\/\/www.dakarmania.cz\/#organization\"},\"potentialAction\":[{\"@type\":\"SearchAction\",\"target\":{\"@type\":\"EntryPoint\",\"urlTemplate\":\"https:\/\/www.dakarmania.cz\/?s={search_term_string}\"},\"query-input\":{\"@type\":\"PropertyValueSpecification\",\"valueRequired\":true,\"valueName\":\"search_term_string\"}}],\"inLanguage\":\"cs\"},{\"@type\":\"Organization\",\"@id\":\"https:\/\/www.dakarmania.cz\/#organization\",\"name\":\"DAKAR MANIA\",\"url\":\"https:\/\/www.dakarmania.cz\/\",\"logo\":{\"@type\":\"ImageObject\",\"inLanguage\":\"cs\",\"@id\":\"https:\/\/www.dakarmania.cz\/#\/schema\/logo\/image\/\",\"url\":\"https:\/\/www.dakarmania.cz\/wp-content\/uploads\/2018\/12\/Dakar-Mania-Logo-Square-Orange.png\",\"contentUrl\":\"https:\/\/www.dakarmania.cz\/wp-content\/uploads\/2018\/12\/Dakar-Mania-Logo-Square-Orange.png\",\"width\":992,\"height\":992,\"caption\":\"DAKAR MANIA\"},\"image\":{\"@id\":\"https:\/\/www.dakarmania.cz\/#\/schema\/logo\/image\/\"},\"sameAs\":[\"https:\/\/www.facebook.com\/dakarmania\/\"]},{\"@type\":\"Person\",\"@id\":\"https:\/\/www.dakarmania.cz\/#\/schema\/person\/bce8d1fe3633b1178e150fc5e340d5dd\",\"name\":\"tiskov\u00e1 zpr\u00e1va\",\"image\":{\"@type\":\"ImageObject\",\"inLanguage\":\"cs\",\"@id\":\"https:\/\/www.dakarmania.cz\/#\/schema\/person\/image\/\",\"url\":\"https:\/\/secure.gravatar.com\/avatar\/19aefcb6c7bfae691fca4d805686c670f59bb4f7414c7b398b88dc9c8f4e96d5?s=96&d=mm&r=g\",\"contentUrl\":\"https:\/\/secure.gravatar.com\/avatar\/19aefcb6c7bfae691fca4d805686c670f59bb4f7414c7b398b88dc9c8f4e96d5?s=96&d=mm&r=g\",\"caption\":\"tiskov\u00e1 zpr\u00e1va\"},\"url\":\"https:\/\/www.dakarmania.cz\/index.php\/author\/tiskovezpravy\/\"}]}<\/script>\n<!-- \/ Yoast SEO plugin. -->","yoast_head_json":{"title":"Baja Poland: Bratrovra\u017eedn\u00fd souboj t\u0159\u00ed kamion\u016f od Mac\u00edk\u016f - DAKARMANIA.cz","description":"Dakarsk\u00fd t\u00fdm Big Shock! Racing startuje do prvn\u00edho ostr\u00e9ho z\u00e1vodu leto\u0161n\u00ed sez\u00f3ny. Baja Poland vy\u0161le z\u00e1vodn\u00edky na tra\u0165 ve vojensk\u00e9m prostoru u \u0160t\u011bt\u00edna.","robots":{"index":"index","follow":"follow","max-snippet":"max-snippet:-1","max-image-preview":"max-image-preview:large","max-video-preview":"max-video-preview:-1"},"canonical":"https:\/\/www.dakarmania.cz\/index.php\/2020\/09\/03\/baja-poland-tri-kamiony-od-maciku\/","og_locale":"cs_CZ","og_type":"article","og_title":"Baja Poland: Bratrovra\u017eedn\u00fd souboj t\u0159\u00ed kamion\u016f od Mac\u00edk\u016f - DAKARMANIA.cz","og_description":"Dakarsk\u00fd t\u00fdm Big Shock! Racing startuje do prvn\u00edho ostr\u00e9ho z\u00e1vodu leto\u0161n\u00ed sez\u00f3ny. Baja Poland vy\u0161le z\u00e1vodn\u00edky na tra\u0165 ve vojensk\u00e9m prostoru u \u0160t\u011bt\u00edna.","og_url":"https:\/\/www.dakarmania.cz\/index.php\/2020\/09\/03\/baja-poland-tri-kamiony-od-maciku\/","og_site_name":"DAKARMANIA.cz","article_publisher":"https:\/\/www.facebook.com\/dakarmania\/","article_published_time":"2020-09-03T19:57:41+00:00","article_modified_time":"2020-09-03T21:47:55+00:00","og_image":[{"width":1024,"height":683,"url":"https:\/\/www.dakarmania.cz\/wp-content\/uploads\/2020\/09\/20-test-polsko-macik-03.jpg","type":"image\/jpeg"}],"author":"tiskov\u00e1 zpr\u00e1va","twitter_card":"summary_large_image","twitter_misc":{"Napsal(a)":"tiskov\u00e1 zpr\u00e1va","Odhadovan\u00e1 doba \u010dten\u00ed":"5 minut"},"schema":{"@context":"https:\/\/schema.org","@graph":[{"@type":"Article","@id":"https:\/\/www.dakarmania.cz\/index.php\/2020\/09\/03\/baja-poland-tri-kamiony-od-maciku\/#article","isPartOf":{"@id":"https:\/\/www.dakarmania.cz\/index.php\/2020\/09\/03\/baja-poland-tri-kamiony-od-maciku\/"},"author":{"name":"tiskov\u00e1 zpr\u00e1va","@id":"https:\/\/www.dakarmania.cz\/#\/schema\/person\/bce8d1fe3633b1178e150fc5e340d5dd"},"headline":"Baja Poland: Bratrovra\u017eedn\u00fd souboj t\u0159\u00ed kamion\u016f od Mac\u00edk\u016f","datePublished":"2020-09-03T19:57:41+00:00","dateModified":"2020-09-03T21:47:55+00:00","mainEntityOfPage":{"@id":"https:\/\/www.dakarmania.cz\/index.php\/2020\/09\/03\/baja-poland-tri-kamiony-od-maciku\/"},"wordCount":916,"commentCount":0,"publisher":{"@id":"https:\/\/www.dakarmania.cz\/#organization"},"image":{"@id":"https:\/\/www.dakarmania.cz\/index.php\/2020\/09\/03\/baja-poland-tri-kamiony-od-maciku\/#primaryimage"},"thumbnailUrl":"https:\/\/www.dakarmania.cz\/wp-content\/uploads\/2020\/09\/20-test-polsko-macik-03.jpg","keywords":["2020","Baja Poland","Baja Poland 2020","Big Shock! Racing","Daniel Stibl\u00edk","David \u0160vanda","Franti\u0161ek Tom\u00e1\u0161ek","Iveco","Jaroslav Valtr","Jaroslav Valtr st.","Liaz","Martin Mac\u00edk","Martin Mac\u00edk ml."],"articleSection":["Tiskov\u00e9 zpr\u00e1vy"],"inLanguage":"cs","potentialAction":[{"@type":"CommentAction","name":"Comment","target":["https:\/\/www.dakarmania.cz\/index.php\/2020\/09\/03\/baja-poland-tri-kamiony-od-maciku\/#respond"]}]},{"@type":"WebPage","@id":"https:\/\/www.dakarmania.cz\/index.php\/2020\/09\/03\/baja-poland-tri-kamiony-od-maciku\/","url":"https:\/\/www.dakarmania.cz\/index.php\/2020\/09\/03\/baja-poland-tri-kamiony-od-maciku\/","name":"Baja Poland: Bratrovra\u017eedn\u00fd souboj t\u0159\u00ed kamion\u016f od Mac\u00edk\u016f - DAKARMANIA.cz","isPartOf":{"@id":"https:\/\/www.dakarmania.cz\/#website"},"primaryImageOfPage":{"@id":"https:\/\/www.dakarmania.cz\/index.php\/2020\/09\/03\/baja-poland-tri-kamiony-od-maciku\/#primaryimage"},"image":{"@id":"https:\/\/www.dakarmania.cz\/index.php\/2020\/09\/03\/baja-poland-tri-kamiony-od-maciku\/#primaryimage"},"thumbnailUrl":"https:\/\/www.dakarmania.cz\/wp-content\/uploads\/2020\/09\/20-test-polsko-macik-03.jpg","datePublished":"2020-09-03T19:57:41+00:00","dateModified":"2020-09-03T21:47:55+00:00","description":"Dakarsk\u00fd t\u00fdm Big Shock! Racing startuje do prvn\u00edho ostr\u00e9ho z\u00e1vodu leto\u0161n\u00ed sez\u00f3ny. Baja Poland vy\u0161le z\u00e1vodn\u00edky na tra\u0165 ve vojensk\u00e9m prostoru u \u0160t\u011bt\u00edna.","breadcrumb":{"@id":"https:\/\/www.dakarmania.cz\/index.php\/2020\/09\/03\/baja-poland-tri-kamiony-od-maciku\/#breadcrumb"},"inLanguage":"cs","potentialAction":[{"@type":"ReadAction","target":["https:\/\/www.dakarmania.cz\/index.php\/2020\/09\/03\/baja-poland-tri-kamiony-od-maciku\/"]}]},{"@type":"ImageObject","inLanguage":"cs","@id":"https:\/\/www.dakarmania.cz\/index.php\/2020\/09\/03\/baja-poland-tri-kamiony-od-maciku\/#primaryimage","url":"https:\/\/www.dakarmania.cz\/wp-content\/uploads\/2020\/09\/20-test-polsko-macik-03.jpg","contentUrl":"https:\/\/www.dakarmania.cz\/wp-content\/uploads\/2020\/09\/20-test-polsko-macik-03.jpg","width":1024,"height":683,"caption":"Martin Mac\u00edk\/Franti\u0161ek Tom\u00e1\u0161ek\/David \u0160vanda, Iveco Powerstar, Big Shock! Racing. Testov\u00e1n\u00ed v Polsku, z\u00e1\u0159\u00ed 2020. \u00a9 Big Shock! Racing"},{"@type":"BreadcrumbList","@id":"https:\/\/www.dakarmania.cz\/index.php\/2020\/09\/03\/baja-poland-tri-kamiony-od-maciku\/#breadcrumb","itemListElement":[{"@type":"ListItem","position":1,"name":"Dom\u016f","item":"https:\/\/www.dakarmania.cz\/"},{"@type":"ListItem","position":2,"name":"Baja Poland: Bratrovra\u017eedn\u00fd souboj t\u0159\u00ed kamion\u016f od Mac\u00edk\u016f"}]},{"@type":"WebSite","@id":"https:\/\/www.dakarmania.cz\/#website","url":"https:\/\/www.dakarmania.cz\/","name":"DAKARMANIA.cz","description":"\u017dijeme Dakarem cel\u00fd rok","publisher":{"@id":"https:\/\/www.dakarmania.cz\/#organization"},"potentialAction":[{"@type":"SearchAction","target":{"@type":"EntryPoint","urlTemplate":"https:\/\/www.dakarmania.cz\/?s={search_term_string}"},"query-input":{"@type":"PropertyValueSpecification","valueRequired":true,"valueName":"search_term_string"}}],"inLanguage":"cs"},{"@type":"Organization","@id":"https:\/\/www.dakarmania.cz\/#organization","name":"DAKAR MANIA","url":"https:\/\/www.dakarmania.cz\/","logo":{"@type":"ImageObject","inLanguage":"cs","@id":"https:\/\/www.dakarmania.cz\/#\/schema\/logo\/image\/","url":"https:\/\/www.dakarmania.cz\/wp-content\/uploads\/2018\/12\/Dakar-Mania-Logo-Square-Orange.png","contentUrl":"https:\/\/www.dakarmania.cz\/wp-content\/uploads\/2018\/12\/Dakar-Mania-Logo-Square-Orange.png","width":992,"height":992,"caption":"DAKAR MANIA"},"image":{"@id":"https:\/\/www.dakarmania.cz\/#\/schema\/logo\/image\/"},"sameAs":["https:\/\/www.facebook.com\/dakarmania\/"]},{"@type":"Person","@id":"https:\/\/www.dakarmania.cz\/#\/schema\/person\/bce8d1fe3633b1178e150fc5e340d5dd","name":"tiskov\u00e1 zpr\u00e1va","image":{"@type":"ImageObject","inLanguage":"cs","@id":"https:\/\/www.dakarmania.cz\/#\/schema\/person\/image\/","url":"https:\/\/secure.gravatar.com\/avatar\/19aefcb6c7bfae691fca4d805686c670f59bb4f7414c7b398b88dc9c8f4e96d5?s=96&d=mm&r=g","contentUrl":"https:\/\/secure.gravatar.com\/avatar\/19aefcb6c7bfae691fca4d805686c670f59bb4f7414c7b398b88dc9c8f4e96d5?s=96&d=mm&r=g","caption":"tiskov\u00e1 zpr\u00e1va"},"url":"https:\/\/www.dakarmania.cz\/index.php\/author\/tiskovezpravy\/"}]}},"amp_enabled":true,"_links":{"self":[{"href":"https:\/\/www.dakarmania.cz\/index.php\/wp-json\/wp\/v2\/posts\/16512","targetHints":{"allow":["GET"]}}],"collection":[{"href":"https:\/\/www.dakarmania.cz\/index.php\/wp-json\/wp\/v2\/posts"}],"about":[{"href":"https:\/\/www.dakarmania.cz\/index.php\/wp-json\/wp\/v2\/types\/post"}],"author":[{"embeddable":true,"href":"https:\/\/www.dakarmania.cz\/index.php\/wp-json\/wp\/v2\/users\/3"}],"replies":[{"embeddable":true,"href":"https:\/\/www.dakarmania.cz\/index.php\/wp-json\/wp\/v2\/comments?post=16512"}],"version-history":[{"count":2,"href":"https:\/\/www.dakarmania.cz\/index.php\/wp-json\/wp\/v2\/posts\/16512\/revisions"}],"predecessor-version":[{"id":16537,"href":"https:\/\/www.dakarmania.cz\/index.php\/wp-json\/wp\/v2\/posts\/16512\/revisions\/16537"}],"wp:featuredmedia":[{"embeddable":true,"href":"https:\/\/www.dakarmania.cz\/index.php\/wp-json\/wp\/v2\/media\/16511"}],"wp:attachment":[{"href":"https:\/\/www.dakarmania.cz\/index.php\/wp-json\/wp\/v2\/media?parent=16512"}],"wp:term":[{"taxonomy":"category","embeddable":true,"href":"https:\/\/www.dakarmania.cz\/index.php\/wp-json\/wp\/v2\/categories?post=16512"},{"taxonomy":"post_tag","embeddable":true,"href":"https:\/\/www.dakarmania.cz\/index.php\/wp-json\/wp\/v2\/tags?post=16512"}],"curies":[{"name":"wp","href":"https:\/\/api.w.org\/{rel}","templated":true}]}}