{"id":16554,"date":"2020-09-04T23:16:53","date_gmt":"2020-09-04T21:16:53","guid":{"rendered":"https:\/\/www.dakarmania.cz\/?p=16554"},"modified":"2020-09-04T23:16:53","modified_gmt":"2020-09-04T21:16:53","slug":"baja-poland-giemzuv-raketovy-start","status":"publish","type":"post","link":"https:\/\/www.dakarmania.cz\/index.php\/2020\/09\/04\/baja-poland-giemzuv-raketovy-start\/","title":{"rendered":"Baja Poland: Giemz\u016fv raketov\u00fd start. Z \u010cech\u016f za\u010dal nejl\u00e9pe Brabec"},"content":{"rendered":"<p>[vc_row][vc_column][vc_column_text css_animation=&#8221;fadeIn&#8221;]<\/p>\n<h3>Dom\u00e1c\u00ed Maciej Giemza potvrdil v \u00favodu Polsk\u00e9 baji sv\u00e9 ambice i roli jednoho z hlavn\u00edch favorit\u016f. V kr\u00e1tk\u00e9m prologu byl se svou Husqvarnou v\u00fdrazn\u011b rychlej\u0161\u00ed ne\u017e v\u0161ichni jeho rivalov\u00e9. Nejbli\u017e\u0161\u00edmu z pron\u00e1sledovatel\u016f nad\u011blil na sedmi kilometrech v\u00edce ne\u017e t\u0159i \u010dtvrt\u011b minuty.<\/h3>\n<p>[\/vc_column_text][vc_single_image image=&#8221;16549&#8243; img_size=&#8221;large&#8221; add_caption=&#8221;yes&#8221; alignment=&#8221;center&#8221; onclick=&#8221;link_image&#8221; css_animation=&#8221;fadeIn&#8221;][vc_column_text css_animation=&#8221;fadeIn&#8221;]Z \u010desk\u00fdch z\u00e1vodn\u00edk\u016f do sout\u011b\u017ee nejl\u00e9pe vstoupil Jan Brabec (Husqvarna). Mezi motork\u00e1\u0159i byl t\u0159et\u00ed nejrychlej\u0161\u00ed, ve spole\u010dn\u00e9 klasifikaci moto\/quad obsadil \u010dtvrt\u00e9 m\u00edsto a o pouh\u00e9 \u010dty\u0159i desetiny sekundy p\u0159ekonal Milana Engela s KTM t\u00fdmu Orion \u2013 Moto Racing Group.<\/p>\n<p>Povzbuzen <a href=\"\/index.php\/2020\/08\/29\/greece-podmol-vybojoval-bronz\/\">\u00fasp\u011bchem na ned\u00e1vn\u00e9 Greece Rally<\/a> za\u010dal tak\u00e9 v Polsku velmi slibn\u011b Libor Podmol. Navzdory p\u00e1du je b\u00fdval\u00fd mistr sv\u011bta ve freestyle motokrosu po prvn\u00edm dnu osm\u00fd.<\/p>\n<p>O pozornost si \u0159ekl Engel\u016fv a Podmol\u016fv nov\u00fd t\u00fdmov\u00fd kolega Jakub Hrone\u0161. P\u0159esto\u017ee talentovan\u00fd jezdec endura absolvuje svou prvn\u00ed cross-country rally, v prologu obsadil mezi t\u0159iat\u0159iceti motocyklisty a \u010dty\u0159kolk\u00e1\u0159i patn\u00e1ctou p\u0159\u00ed\u010dku.[\/vc_column_text][vc_single_image image=&#8221;15450&#8243; img_size=&#8221;large&#8221; add_caption=&#8221;yes&#8221; alignment=&#8221;center&#8221; onclick=&#8221;custom_link&#8221; img_link_target=&#8221;_blank&#8221; css_animation=&#8221;fadeIn&#8221; link=&#8221;http:\/\/eshop.dakarmania.cz\/&#8221;][vc_column_text css_animation=&#8221;fadeIn&#8221;]Hrone\u0161 tak za sv\u00fdmi z\u00e1dy nechal i nesrovnateln\u011b zku\u0161en\u011bj\u0161\u00edho Rudolfa Lhotsk\u00e9ho, jen\u017e byl na KTM v barv\u00e1ch \u010desko-slovensk\u00e9ho Jantar Teamu sedmn\u00e1ct\u00fd. P\u0159ed sobotn\u00edm pokra\u010dov\u00e1n\u00edm Polsk\u00e9 baji uzav\u00edr\u00e1 prvn\u00ed dvac\u00edtku dvojn\u00e1sobn\u00fd \u00fa\u010dastn\u00edk Dakaru Roman Krej\u010d\u00ed.<\/p>\n<p>Mezi \u010dty\u0159kolk\u00e1\u0159i bude cht\u00edt vystoupat podstatn\u011b v\u00fd\u0161 Tom\u00e1\u0161 Kubiena. Jiho\u010desk\u00fd jezdec t\u00fdmu Story Racing je po prvn\u00edm dnu patn\u00e1ct\u00fd.<\/p>\n<p>V sobotu absolvuj\u00ed \u00fa\u010dastn\u00edci <a href=\"\/index.php\/souteze\/baja-poland-2020\/\">Baja Poland<\/a> dva pr\u016fjezdy p\u00eds\u010ditou rychlostn\u00ed zkou\u0161kou ve vojensk\u00e9m prostoru Drawsko Pomorskie, jej\u00ed\u017e tra\u0165 pro motocyklisty a \u010dty\u0159kolk\u00e1\u0159e m\u011b\u0159\u00ed 135 kilometr\u016f.[\/vc_column_text][vc_empty_space height=&#8221;2px&#8221;][vc_btn title=&#8221;Baja Poland 2020 &#8211; MOTOCYKLY po RZ1&#8243; style=&#8221;outline&#8221; shape=&#8221;square&#8221; color=&#8221;warning&#8221; size=&#8221;sm&#8221; align=&#8221;center&#8221; i_icon_fontawesome=&#8221;fa fa-file-pdf-o&#8221; css_animation=&#8221;fadeIn&#8221; button_block=&#8221;true&#8221; add_icon=&#8221;true&#8221; link=&#8221;url:%2Fwp-content%2Fuploads%2F2020%2F09%2F20-baja-poland-moto-ss1.pdf||target:%20_blank|&#8221;][\/vc_column][\/vc_row]<\/p>\n","protected":false},"excerpt":{"rendered":"<p>Maciej Giemza potvrdil v \u00favodu Polsk\u00e9 baji sv\u00e9 ambice i roli jednoho z hlavn\u00edch favorit\u016f. V kr\u00e1tk\u00e9m prologu byl v\u00fdrazn\u011b rychlej\u0161\u00ed ne\u017e v\u0161ichni jeho rivalov\u00e9.<\/p>\n","protected":false},"author":1,"featured_media":16549,"comment_status":"open","ping_status":"closed","sticky":false,"template":"","format":"standard","meta":{"footnotes":""},"categories":[1438,15],"tags":[903,255,1758],"class_list":["post-16554","post","type-post","status-publish","format-standard","has-post-thumbnail","hentry","category-baja-poland","category-moto-quad","tag-903","tag-baja-poland","tag-baja-poland-2020"],"yoast_head":"<!-- This site is optimized with the Yoast SEO plugin v24.9 - https:\/\/yoast.com\/wordpress\/plugins\/seo\/ -->\n<title>Baja Poland: Giemz\u016fv raketov\u00fd start. Z \u010cech\u016f za\u010dal nejl\u00e9pe Brabec - DAKARMANIA.cz<\/title>\n<meta name=\"description\" content=\"Maciej Giemza potvrdil v \u00favodu Polsk\u00e9 baji sv\u00e9 ambice i roli jednoho z hlavn\u00edch favorit\u016f. V kr\u00e1tk\u00e9m prologu byl v\u00fdrazn\u011b rychlej\u0161\u00ed ne\u017e v\u0161ichni jeho rivalov\u00e9.\" \/>\n<meta name=\"robots\" content=\"index, follow, max-snippet:-1, max-image-preview:large, max-video-preview:-1\" \/>\n<link rel=\"canonical\" href=\"https:\/\/www.dakarmania.cz\/index.php\/2020\/09\/04\/baja-poland-giemzuv-raketovy-start\/\" \/>\n<meta property=\"og:locale\" content=\"cs_CZ\" \/>\n<meta property=\"og:type\" content=\"article\" \/>\n<meta property=\"og:title\" content=\"Baja Poland: Giemz\u016fv raketov\u00fd start. Z \u010cech\u016f za\u010dal nejl\u00e9pe Brabec - DAKARMANIA.cz\" \/>\n<meta property=\"og:description\" content=\"Maciej Giemza potvrdil v \u00favodu Polsk\u00e9 baji sv\u00e9 ambice i roli jednoho z hlavn\u00edch favorit\u016f. V kr\u00e1tk\u00e9m prologu byl v\u00fdrazn\u011b rychlej\u0161\u00ed ne\u017e v\u0161ichni jeho rivalov\u00e9.\" \/>\n<meta property=\"og:url\" content=\"https:\/\/www.dakarmania.cz\/index.php\/2020\/09\/04\/baja-poland-giemzuv-raketovy-start\/\" \/>\n<meta property=\"og:site_name\" content=\"DAKARMANIA.cz\" \/>\n<meta property=\"article:publisher\" content=\"https:\/\/www.facebook.com\/dakarmania\/\" \/>\n<meta property=\"article:published_time\" content=\"2020-09-04T21:16:53+00:00\" \/>\n<meta property=\"og:image\" content=\"https:\/\/www.dakarmania.cz\/wp-content\/uploads\/2020\/09\/20-poland-giemza-01.jpg\" \/>\n\t<meta property=\"og:image:width\" content=\"1024\" \/>\n\t<meta property=\"og:image:height\" content=\"683\" \/>\n\t<meta property=\"og:image:type\" content=\"image\/jpeg\" \/>\n<meta name=\"author\" content=\"Zden\u011bk Zelenka\" \/>\n<meta name=\"twitter:card\" content=\"summary_large_image\" \/>\n<meta name=\"twitter:label1\" content=\"Napsal(a)\" \/>\n\t<meta name=\"twitter:data1\" content=\"Zden\u011bk Zelenka\" \/>\n\t<meta name=\"twitter:label2\" content=\"Odhadovan\u00e1 doba \u010dten\u00ed\" \/>\n\t<meta name=\"twitter:data2\" content=\"2 minuty\" \/>\n<script type=\"application\/ld+json\" class=\"yoast-schema-graph\">{\"@context\":\"https:\/\/schema.org\",\"@graph\":[{\"@type\":\"Article\",\"@id\":\"https:\/\/www.dakarmania.cz\/index.php\/2020\/09\/04\/baja-poland-giemzuv-raketovy-start\/#article\",\"isPartOf\":{\"@id\":\"https:\/\/www.dakarmania.cz\/index.php\/2020\/09\/04\/baja-poland-giemzuv-raketovy-start\/\"},\"author\":{\"name\":\"Zden\u011bk Zelenka\",\"@id\":\"https:\/\/www.dakarmania.cz\/#\/schema\/person\/04eb0e87a389631c2169c0dddae7ff1e\"},\"headline\":\"Baja Poland: Giemz\u016fv raketov\u00fd start. Z \u010cech\u016f za\u010dal nejl\u00e9pe Brabec\",\"datePublished\":\"2020-09-04T21:16:53+00:00\",\"mainEntityOfPage\":{\"@id\":\"https:\/\/www.dakarmania.cz\/index.php\/2020\/09\/04\/baja-poland-giemzuv-raketovy-start\/\"},\"wordCount\":431,\"commentCount\":0,\"publisher\":{\"@id\":\"https:\/\/www.dakarmania.cz\/#organization\"},\"image\":{\"@id\":\"https:\/\/www.dakarmania.cz\/index.php\/2020\/09\/04\/baja-poland-giemzuv-raketovy-start\/#primaryimage\"},\"thumbnailUrl\":\"https:\/\/www.dakarmania.cz\/wp-content\/uploads\/2020\/09\/20-poland-giemza-01.jpg\",\"keywords\":[\"2020\",\"Baja Poland\",\"Baja Poland 2020\"],\"articleSection\":[\"Baja Poland\",\"Moto\/Quad\"],\"inLanguage\":\"cs\",\"potentialAction\":[{\"@type\":\"CommentAction\",\"name\":\"Comment\",\"target\":[\"https:\/\/www.dakarmania.cz\/index.php\/2020\/09\/04\/baja-poland-giemzuv-raketovy-start\/#respond\"]}]},{\"@type\":\"WebPage\",\"@id\":\"https:\/\/www.dakarmania.cz\/index.php\/2020\/09\/04\/baja-poland-giemzuv-raketovy-start\/\",\"url\":\"https:\/\/www.dakarmania.cz\/index.php\/2020\/09\/04\/baja-poland-giemzuv-raketovy-start\/\",\"name\":\"Baja Poland: Giemz\u016fv raketov\u00fd start. Z \u010cech\u016f za\u010dal nejl\u00e9pe Brabec - DAKARMANIA.cz\",\"isPartOf\":{\"@id\":\"https:\/\/www.dakarmania.cz\/#website\"},\"primaryImageOfPage\":{\"@id\":\"https:\/\/www.dakarmania.cz\/index.php\/2020\/09\/04\/baja-poland-giemzuv-raketovy-start\/#primaryimage\"},\"image\":{\"@id\":\"https:\/\/www.dakarmania.cz\/index.php\/2020\/09\/04\/baja-poland-giemzuv-raketovy-start\/#primaryimage\"},\"thumbnailUrl\":\"https:\/\/www.dakarmania.cz\/wp-content\/uploads\/2020\/09\/20-poland-giemza-01.jpg\",\"datePublished\":\"2020-09-04T21:16:53+00:00\",\"description\":\"Maciej Giemza potvrdil v \u00favodu Polsk\u00e9 baji sv\u00e9 ambice i roli jednoho z hlavn\u00edch favorit\u016f. V kr\u00e1tk\u00e9m prologu byl v\u00fdrazn\u011b rychlej\u0161\u00ed ne\u017e v\u0161ichni jeho rivalov\u00e9.\",\"breadcrumb\":{\"@id\":\"https:\/\/www.dakarmania.cz\/index.php\/2020\/09\/04\/baja-poland-giemzuv-raketovy-start\/#breadcrumb\"},\"inLanguage\":\"cs\",\"potentialAction\":[{\"@type\":\"ReadAction\",\"target\":[\"https:\/\/www.dakarmania.cz\/index.php\/2020\/09\/04\/baja-poland-giemzuv-raketovy-start\/\"]}]},{\"@type\":\"ImageObject\",\"inLanguage\":\"cs\",\"@id\":\"https:\/\/www.dakarmania.cz\/index.php\/2020\/09\/04\/baja-poland-giemzuv-raketovy-start\/#primaryimage\",\"url\":\"https:\/\/www.dakarmania.cz\/wp-content\/uploads\/2020\/09\/20-poland-giemza-01.jpg\",\"contentUrl\":\"https:\/\/www.dakarmania.cz\/wp-content\/uploads\/2020\/09\/20-poland-giemza-01.jpg\",\"width\":1024,\"height\":683,\"caption\":\"Maciej Giemza, Husqvarna FE 450, Orlen Team. Shakedown p\u0159ed Baja Poland 2020. \u00a9 Baja Poland Media\"},{\"@type\":\"BreadcrumbList\",\"@id\":\"https:\/\/www.dakarmania.cz\/index.php\/2020\/09\/04\/baja-poland-giemzuv-raketovy-start\/#breadcrumb\",\"itemListElement\":[{\"@type\":\"ListItem\",\"position\":1,\"name\":\"Dom\u016f\",\"item\":\"https:\/\/www.dakarmania.cz\/\"},{\"@type\":\"ListItem\",\"position\":2,\"name\":\"Baja Poland: Giemz\u016fv raketov\u00fd start. Z \u010cech\u016f za\u010dal nejl\u00e9pe Brabec\"}]},{\"@type\":\"WebSite\",\"@id\":\"https:\/\/www.dakarmania.cz\/#website\",\"url\":\"https:\/\/www.dakarmania.cz\/\",\"name\":\"DAKARMANIA.cz\",\"description\":\"\u017dijeme Dakarem cel\u00fd rok\",\"publisher\":{\"@id\":\"https:\/\/www.dakarmania.cz\/#organization\"},\"potentialAction\":[{\"@type\":\"SearchAction\",\"target\":{\"@type\":\"EntryPoint\",\"urlTemplate\":\"https:\/\/www.dakarmania.cz\/?s={search_term_string}\"},\"query-input\":{\"@type\":\"PropertyValueSpecification\",\"valueRequired\":true,\"valueName\":\"search_term_string\"}}],\"inLanguage\":\"cs\"},{\"@type\":\"Organization\",\"@id\":\"https:\/\/www.dakarmania.cz\/#organization\",\"name\":\"DAKAR MANIA\",\"url\":\"https:\/\/www.dakarmania.cz\/\",\"logo\":{\"@type\":\"ImageObject\",\"inLanguage\":\"cs\",\"@id\":\"https:\/\/www.dakarmania.cz\/#\/schema\/logo\/image\/\",\"url\":\"https:\/\/www.dakarmania.cz\/wp-content\/uploads\/2018\/12\/Dakar-Mania-Logo-Square-Orange.png\",\"contentUrl\":\"https:\/\/www.dakarmania.cz\/wp-content\/uploads\/2018\/12\/Dakar-Mania-Logo-Square-Orange.png\",\"width\":992,\"height\":992,\"caption\":\"DAKAR MANIA\"},\"image\":{\"@id\":\"https:\/\/www.dakarmania.cz\/#\/schema\/logo\/image\/\"},\"sameAs\":[\"https:\/\/www.facebook.com\/dakarmania\/\"]},{\"@type\":\"Person\",\"@id\":\"https:\/\/www.dakarmania.cz\/#\/schema\/person\/04eb0e87a389631c2169c0dddae7ff1e\",\"name\":\"Zden\u011bk Zelenka\",\"image\":{\"@type\":\"ImageObject\",\"inLanguage\":\"cs\",\"@id\":\"https:\/\/www.dakarmania.cz\/#\/schema\/person\/image\/\",\"url\":\"https:\/\/secure.gravatar.com\/avatar\/2c80d5a4942fe0900b73cc7d3837a509d6ee0a276a2b76dac95c92bd0763a89b?s=96&d=mm&r=g\",\"contentUrl\":\"https:\/\/secure.gravatar.com\/avatar\/2c80d5a4942fe0900b73cc7d3837a509d6ee0a276a2b76dac95c92bd0763a89b?s=96&d=mm&r=g\",\"caption\":\"Zden\u011bk Zelenka\"},\"description\":\"Moji d\u011bt\u0161t\u00ed hrdinov\u00e9 se jmenovali Loprais, Moskal, Neveu, Vatanen, Rahier... A tihle borci, jejich n\u00e1sledovn\u00edci a jejich p\u0159\u00edb\u011bhy m\u011b nep\u0159estali fascinovat ani po letech, kdy jsem vyrostl a zam\u011bstn\u00e1valy m\u011b jin\u00e9 discipl\u00edny motorsportu. Proto se zrodila DAKARMANIA.\",\"url\":\"https:\/\/www.dakarmania.cz\/index.php\/author\/dakarmania\/\"}]}<\/script>\n<!-- \/ Yoast SEO plugin. -->","yoast_head_json":{"title":"Baja Poland: Giemz\u016fv raketov\u00fd start. Z \u010cech\u016f za\u010dal nejl\u00e9pe Brabec - DAKARMANIA.cz","description":"Maciej Giemza potvrdil v \u00favodu Polsk\u00e9 baji sv\u00e9 ambice i roli jednoho z hlavn\u00edch favorit\u016f. V kr\u00e1tk\u00e9m prologu byl v\u00fdrazn\u011b rychlej\u0161\u00ed ne\u017e v\u0161ichni jeho rivalov\u00e9.","robots":{"index":"index","follow":"follow","max-snippet":"max-snippet:-1","max-image-preview":"max-image-preview:large","max-video-preview":"max-video-preview:-1"},"canonical":"https:\/\/www.dakarmania.cz\/index.php\/2020\/09\/04\/baja-poland-giemzuv-raketovy-start\/","og_locale":"cs_CZ","og_type":"article","og_title":"Baja Poland: Giemz\u016fv raketov\u00fd start. Z \u010cech\u016f za\u010dal nejl\u00e9pe Brabec - DAKARMANIA.cz","og_description":"Maciej Giemza potvrdil v \u00favodu Polsk\u00e9 baji sv\u00e9 ambice i roli jednoho z hlavn\u00edch favorit\u016f. V kr\u00e1tk\u00e9m prologu byl v\u00fdrazn\u011b rychlej\u0161\u00ed ne\u017e v\u0161ichni jeho rivalov\u00e9.","og_url":"https:\/\/www.dakarmania.cz\/index.php\/2020\/09\/04\/baja-poland-giemzuv-raketovy-start\/","og_site_name":"DAKARMANIA.cz","article_publisher":"https:\/\/www.facebook.com\/dakarmania\/","article_published_time":"2020-09-04T21:16:53+00:00","og_image":[{"width":1024,"height":683,"url":"https:\/\/www.dakarmania.cz\/wp-content\/uploads\/2020\/09\/20-poland-giemza-01.jpg","type":"image\/jpeg"}],"author":"Zden\u011bk Zelenka","twitter_card":"summary_large_image","twitter_misc":{"Napsal(a)":"Zden\u011bk Zelenka","Odhadovan\u00e1 doba \u010dten\u00ed":"2 minuty"},"schema":{"@context":"https:\/\/schema.org","@graph":[{"@type":"Article","@id":"https:\/\/www.dakarmania.cz\/index.php\/2020\/09\/04\/baja-poland-giemzuv-raketovy-start\/#article","isPartOf":{"@id":"https:\/\/www.dakarmania.cz\/index.php\/2020\/09\/04\/baja-poland-giemzuv-raketovy-start\/"},"author":{"name":"Zden\u011bk Zelenka","@id":"https:\/\/www.dakarmania.cz\/#\/schema\/person\/04eb0e87a389631c2169c0dddae7ff1e"},"headline":"Baja Poland: Giemz\u016fv raketov\u00fd start. Z \u010cech\u016f za\u010dal nejl\u00e9pe Brabec","datePublished":"2020-09-04T21:16:53+00:00","mainEntityOfPage":{"@id":"https:\/\/www.dakarmania.cz\/index.php\/2020\/09\/04\/baja-poland-giemzuv-raketovy-start\/"},"wordCount":431,"commentCount":0,"publisher":{"@id":"https:\/\/www.dakarmania.cz\/#organization"},"image":{"@id":"https:\/\/www.dakarmania.cz\/index.php\/2020\/09\/04\/baja-poland-giemzuv-raketovy-start\/#primaryimage"},"thumbnailUrl":"https:\/\/www.dakarmania.cz\/wp-content\/uploads\/2020\/09\/20-poland-giemza-01.jpg","keywords":["2020","Baja Poland","Baja Poland 2020"],"articleSection":["Baja Poland","Moto\/Quad"],"inLanguage":"cs","potentialAction":[{"@type":"CommentAction","name":"Comment","target":["https:\/\/www.dakarmania.cz\/index.php\/2020\/09\/04\/baja-poland-giemzuv-raketovy-start\/#respond"]}]},{"@type":"WebPage","@id":"https:\/\/www.dakarmania.cz\/index.php\/2020\/09\/04\/baja-poland-giemzuv-raketovy-start\/","url":"https:\/\/www.dakarmania.cz\/index.php\/2020\/09\/04\/baja-poland-giemzuv-raketovy-start\/","name":"Baja Poland: Giemz\u016fv raketov\u00fd start. Z \u010cech\u016f za\u010dal nejl\u00e9pe Brabec - DAKARMANIA.cz","isPartOf":{"@id":"https:\/\/www.dakarmania.cz\/#website"},"primaryImageOfPage":{"@id":"https:\/\/www.dakarmania.cz\/index.php\/2020\/09\/04\/baja-poland-giemzuv-raketovy-start\/#primaryimage"},"image":{"@id":"https:\/\/www.dakarmania.cz\/index.php\/2020\/09\/04\/baja-poland-giemzuv-raketovy-start\/#primaryimage"},"thumbnailUrl":"https:\/\/www.dakarmania.cz\/wp-content\/uploads\/2020\/09\/20-poland-giemza-01.jpg","datePublished":"2020-09-04T21:16:53+00:00","description":"Maciej Giemza potvrdil v \u00favodu Polsk\u00e9 baji sv\u00e9 ambice i roli jednoho z hlavn\u00edch favorit\u016f. V kr\u00e1tk\u00e9m prologu byl v\u00fdrazn\u011b rychlej\u0161\u00ed ne\u017e v\u0161ichni jeho rivalov\u00e9.","breadcrumb":{"@id":"https:\/\/www.dakarmania.cz\/index.php\/2020\/09\/04\/baja-poland-giemzuv-raketovy-start\/#breadcrumb"},"inLanguage":"cs","potentialAction":[{"@type":"ReadAction","target":["https:\/\/www.dakarmania.cz\/index.php\/2020\/09\/04\/baja-poland-giemzuv-raketovy-start\/"]}]},{"@type":"ImageObject","inLanguage":"cs","@id":"https:\/\/www.dakarmania.cz\/index.php\/2020\/09\/04\/baja-poland-giemzuv-raketovy-start\/#primaryimage","url":"https:\/\/www.dakarmania.cz\/wp-content\/uploads\/2020\/09\/20-poland-giemza-01.jpg","contentUrl":"https:\/\/www.dakarmania.cz\/wp-content\/uploads\/2020\/09\/20-poland-giemza-01.jpg","width":1024,"height":683,"caption":"Maciej Giemza, Husqvarna FE 450, Orlen Team. Shakedown p\u0159ed Baja Poland 2020. \u00a9 Baja Poland Media"},{"@type":"BreadcrumbList","@id":"https:\/\/www.dakarmania.cz\/index.php\/2020\/09\/04\/baja-poland-giemzuv-raketovy-start\/#breadcrumb","itemListElement":[{"@type":"ListItem","position":1,"name":"Dom\u016f","item":"https:\/\/www.dakarmania.cz\/"},{"@type":"ListItem","position":2,"name":"Baja Poland: Giemz\u016fv raketov\u00fd start. Z \u010cech\u016f za\u010dal nejl\u00e9pe Brabec"}]},{"@type":"WebSite","@id":"https:\/\/www.dakarmania.cz\/#website","url":"https:\/\/www.dakarmania.cz\/","name":"DAKARMANIA.cz","description":"\u017dijeme Dakarem cel\u00fd rok","publisher":{"@id":"https:\/\/www.dakarmania.cz\/#organization"},"potentialAction":[{"@type":"SearchAction","target":{"@type":"EntryPoint","urlTemplate":"https:\/\/www.dakarmania.cz\/?s={search_term_string}"},"query-input":{"@type":"PropertyValueSpecification","valueRequired":true,"valueName":"search_term_string"}}],"inLanguage":"cs"},{"@type":"Organization","@id":"https:\/\/www.dakarmania.cz\/#organization","name":"DAKAR MANIA","url":"https:\/\/www.dakarmania.cz\/","logo":{"@type":"ImageObject","inLanguage":"cs","@id":"https:\/\/www.dakarmania.cz\/#\/schema\/logo\/image\/","url":"https:\/\/www.dakarmania.cz\/wp-content\/uploads\/2018\/12\/Dakar-Mania-Logo-Square-Orange.png","contentUrl":"https:\/\/www.dakarmania.cz\/wp-content\/uploads\/2018\/12\/Dakar-Mania-Logo-Square-Orange.png","width":992,"height":992,"caption":"DAKAR MANIA"},"image":{"@id":"https:\/\/www.dakarmania.cz\/#\/schema\/logo\/image\/"},"sameAs":["https:\/\/www.facebook.com\/dakarmania\/"]},{"@type":"Person","@id":"https:\/\/www.dakarmania.cz\/#\/schema\/person\/04eb0e87a389631c2169c0dddae7ff1e","name":"Zden\u011bk Zelenka","image":{"@type":"ImageObject","inLanguage":"cs","@id":"https:\/\/www.dakarmania.cz\/#\/schema\/person\/image\/","url":"https:\/\/secure.gravatar.com\/avatar\/2c80d5a4942fe0900b73cc7d3837a509d6ee0a276a2b76dac95c92bd0763a89b?s=96&d=mm&r=g","contentUrl":"https:\/\/secure.gravatar.com\/avatar\/2c80d5a4942fe0900b73cc7d3837a509d6ee0a276a2b76dac95c92bd0763a89b?s=96&d=mm&r=g","caption":"Zden\u011bk Zelenka"},"description":"Moji d\u011bt\u0161t\u00ed hrdinov\u00e9 se jmenovali Loprais, Moskal, Neveu, Vatanen, Rahier... A tihle borci, jejich n\u00e1sledovn\u00edci a jejich p\u0159\u00edb\u011bhy m\u011b nep\u0159estali fascinovat ani po letech, kdy jsem vyrostl a zam\u011bstn\u00e1valy m\u011b jin\u00e9 discipl\u00edny motorsportu. Proto se zrodila DAKARMANIA.","url":"https:\/\/www.dakarmania.cz\/index.php\/author\/dakarmania\/"}]}},"amp_enabled":true,"_links":{"self":[{"href":"https:\/\/www.dakarmania.cz\/index.php\/wp-json\/wp\/v2\/posts\/16554","targetHints":{"allow":["GET"]}}],"collection":[{"href":"https:\/\/www.dakarmania.cz\/index.php\/wp-json\/wp\/v2\/posts"}],"about":[{"href":"https:\/\/www.dakarmania.cz\/index.php\/wp-json\/wp\/v2\/types\/post"}],"author":[{"embeddable":true,"href":"https:\/\/www.dakarmania.cz\/index.php\/wp-json\/wp\/v2\/users\/1"}],"replies":[{"embeddable":true,"href":"https:\/\/www.dakarmania.cz\/index.php\/wp-json\/wp\/v2\/comments?post=16554"}],"version-history":[{"count":1,"href":"https:\/\/www.dakarmania.cz\/index.php\/wp-json\/wp\/v2\/posts\/16554\/revisions"}],"predecessor-version":[{"id":16555,"href":"https:\/\/www.dakarmania.cz\/index.php\/wp-json\/wp\/v2\/posts\/16554\/revisions\/16555"}],"wp:featuredmedia":[{"embeddable":true,"href":"https:\/\/www.dakarmania.cz\/index.php\/wp-json\/wp\/v2\/media\/16549"}],"wp:attachment":[{"href":"https:\/\/www.dakarmania.cz\/index.php\/wp-json\/wp\/v2\/media?parent=16554"}],"wp:term":[{"taxonomy":"category","embeddable":true,"href":"https:\/\/www.dakarmania.cz\/index.php\/wp-json\/wp\/v2\/categories?post=16554"},{"taxonomy":"post_tag","embeddable":true,"href":"https:\/\/www.dakarmania.cz\/index.php\/wp-json\/wp\/v2\/tags?post=16554"}],"curies":[{"name":"wp","href":"https:\/\/api.w.org\/{rel}","templated":true}]}}