{"id":16596,"date":"2020-09-05T23:59:29","date_gmt":"2020-09-05T21:59:29","guid":{"rendered":"https:\/\/www.dakarmania.cz\/?p=16596"},"modified":"2020-09-06T12:33:02","modified_gmt":"2020-09-06T10:33:02","slug":"baja-poland-blato-zvladl-jen-hrones","status":"publish","type":"post","link":"https:\/\/www.dakarmania.cz\/index.php\/2020\/09\/05\/baja-poland-blato-zvladl-jen-hrones\/","title":{"rendered":"Baja Poland: Z \u010cech\u016f bl\u00e1to zvl\u00e1dl jen debutant Hrone\u0161"},"content":{"rendered":"<p>[vc_row][vc_column][vc_column_text css_animation=&#8221;fadeIn&#8221;]<\/p>\n<h3>T\u00fdm Orion \u2013 Moto Racing Group nep\u0159est\u00e1v\u00e1 z\u00e1sobovat mezin\u00e1rodn\u00ed sc\u00e9nu cross-country rally zaj\u00edmav\u00fdmi motocyklov\u00fdmi z\u00e1vodn\u00edky z \u010desk\u00e9 kotliny. Po \u00fasp\u011b\u0161n\u00e9m debutu Libora Podmola na srpnov\u00e9 Greece Rally vyt\u00e1hl mana\u017eer Erv\u00edn Kraj\u010dovi\u010d dal\u0161\u00edho \u017eol\u00edka tak\u00e9 na z\u00e1\u0159ijov\u00e9 Polsk\u00e9 baje.<\/h3>\n<p>[\/vc_column_text][vc_single_image image=&#8221;16594&#8243; img_size=&#8221;large&#8221; add_caption=&#8221;yes&#8221; alignment=&#8221;center&#8221; onclick=&#8221;link_image&#8221; css_animation=&#8221;fadeIn&#8221;][vc_column_text css_animation=&#8221;fadeIn&#8221;]Z\u00e1vod\u011bn\u00ed ve vojensk\u00e9m prostoru Drawsko Pomorskie dalo v sobotu motocyklist\u016fm a \u010dty\u0159kolk\u00e1\u0159\u016fm po\u0159\u00e1dn\u011b zabrat. V d\u016fsledku no\u010dn\u00edho de\u0161t\u011b v\u00fdrazn\u011b stoupla hladina vody v brodech, na trati se objevila spousta hlubok\u00fdch kalu\u017e\u00ed a jej\u00ed povrch se prom\u011bnil ve vazk\u00e9 kluzi\u0161t\u011b. I proto byl druh\u00fd pr\u016fjezd p\u016fvodn\u011b 134kilometrov\u00e9 speci\u00e1lky zkr\u00e1cen na 76 km.<\/p>\n<p>V mimo\u0159\u00e1dn\u011b n\u00e1ro\u010dn\u00fdch podm\u00ednk\u00e1ch si v\u00fdte\u010dn\u011b po\u010d\u00ednal Maciej Giemza na Husqvarn\u011b. Polsk\u00fd jezdec Orlen Teamu vyhr\u00e1l ob\u011b speci\u00e1lky a v pr\u016fb\u011b\u017en\u00e9m po\u0159ad\u00ed vede p\u0159ed \u010dtve\u0159ic\u00ed \u010dty\u0159kolek, pro n\u011b\u017e byl pr\u016fjezd po prom\u00e1\u010den\u00fdch cest\u00e1ch p\u0159eci jen nepatrn\u011b jednodu\u0161\u0161\u00ed.<\/p>\n<p><em>\u201eV prvn\u00ed speci\u00e1lce to byl opravdu boj o p\u0159e\u017eit\u00ed. Udr\u017eet se s motorkou na trati bylo t\u011b\u017ek\u00e9. V bl\u00e1t\u011b a kalu\u017e\u00edch se skoro nedalo jet rovn\u011b. Odpoledne to bylo o n\u011bco lep\u0161\u00ed, ale kv\u016fli zpo\u017ed\u011bn\u00ed programu se po\u0159adatel\u00e9 rozhodli druhou rychlostn\u00ed zkou\u0161ku zkr\u00e1tit,\u201c<\/em> vysv\u011btluje <strong>Maciej Giemza<\/strong>. <em>\u201eCelkov\u011b se mi jelo dob\u0159e. R\u00e1no jsem byl konzervativn\u011bj\u0161\u00ed a d\u00e1val jsem si pozor, abych neupadl, ale p\u0159i druh\u00e9m pr\u016fjezdu jsem se do toho op\u0159el trochu v\u00edc, abych zv\u00fd\u0161il n\u00e1skok. Do z\u00edt\u0159ej\u0161\u00ed sekce p\u016fjdu s rozvahou, abych uh\u00e1jil veden\u00ed.\u201c<\/em>[\/vc_column_text][vc_single_image image=&#8221;16595&#8243; img_size=&#8221;large&#8221; add_caption=&#8221;yes&#8221; alignment=&#8221;center&#8221; onclick=&#8221;link_image&#8221; css_animation=&#8221;fadeIn&#8221;][vc_column_text css_animation=&#8221;fadeIn&#8221;]\u010cesk\u00fd t\u00fdm Orion \u2013 MRG u\u017e r\u00e1no <a href=\"\/index.php\/2020\/09\/05\/baja-poland-prokop-podmol-engel-out\/\">ze z\u00e1vodu st\u00e1hl Libora Podmola a Milana Engela<\/a>, ov\u0161em pro nov\u00e1\u010dka Jakuba Hrone\u0161e m\u011bla Baja Poland znamenat prvn\u00ed zku\u0161enosti ve sv\u011bt\u011b rally. Talentovan\u00fd jezdec endura proto po dohod\u011b s veden\u00edm t\u00fdmu pokra\u010doval a dal o sob\u011b v\u011bd\u011bt.<\/p>\n<p>Ve spole\u010dn\u00e9 klasifikaci moto\/quad je po prvn\u00ed etap\u011b celkov\u011b sedm\u00fd, ov\u0161em mezi motocyklisty dr\u017e\u00ed druhou p\u0159\u00ed\u010dku za Giemzou. Druh\u00fd \u010das si p\u0159ipsal tak\u00e9 na odpoledn\u00ed RZ3.[\/vc_column_text][vc_single_image image=&#8221;15450&#8243; img_size=&#8221;large&#8221; add_caption=&#8221;yes&#8221; alignment=&#8221;center&#8221; onclick=&#8221;custom_link&#8221; img_link_target=&#8221;_blank&#8221; css_animation=&#8221;fadeIn&#8221; link=&#8221;http:\/\/eshop.dakarmania.cz\/&#8221;][vc_column_text css_animation=&#8221;fadeIn&#8221;]Podmol s Engelem nebyli jedin\u00ed \u010de\u0161t\u00ed jezdci, kte\u0159\u00ed prvn\u00ed etapu nedokon\u010dili. Odstoupil tak\u00e9 Jan Brabec (ucpan\u00fd chladi\u010d, zad\u0159en\u00fd motor), Roman Krej\u010d\u00ed i Tom\u00e1\u0161 Kubiena. Rudolf Lhotsk\u00fd nedokon\u010dil kv\u016fli probl\u00e9m\u016fm s chlazen\u00edm dopoledn\u00ed test, ale odpoledne se do z\u00e1vodu vr\u00e1til.<\/p>\n<p>V r\u00e1mci z\u00e1v\u011bre\u010dn\u00e9 etapy <a href=\"\/index.php\/souteze\/baja-poland-2020\/\">Polsk\u00e9 baji<\/a> absolvuj\u00ed motork\u00e1\u0159i pouze jedin\u00fd pr\u016fjezd dvou kr\u00e1tk\u00fdch test\u016f (9,5 a 17 km). Jm\u00e9no v\u00edt\u011bze bychom m\u011bli zn\u00e1t v ned\u011bli 6. z\u00e1\u0159\u00ed kr\u00e1tce po poledni.[\/vc_column_text][vc_empty_space height=&#8221;2px&#8221;][vc_btn title=&#8221;Baja Poland 2020 &#8211; MOTOCYKLY po 1. etap\u011b (RZ3)&#8221; style=&#8221;outline&#8221; shape=&#8221;square&#8221; color=&#8221;warning&#8221; size=&#8221;sm&#8221; align=&#8221;center&#8221; i_icon_fontawesome=&#8221;fa fa-file-pdf-o&#8221; css_animation=&#8221;fadeIn&#8221; button_block=&#8221;true&#8221; add_icon=&#8221;true&#8221; link=&#8221;url:%2Fwp-content%2Fuploads%2F2020%2F09%2F20-baja-poland-moto-after-ss3-v02.pdf||target:%20_blank|&#8221;][\/vc_column][\/vc_row]<\/p>\n","protected":false},"excerpt":{"rendered":"<p>MRG nep\u0159est\u00e1v\u00e1 z\u00e1sobovat sc\u00e9nu cross-country rally zaj\u00edmav\u00fdmi z\u00e1vodn\u00edky z \u010desk\u00e9 kotliny. Erv\u00edn Kraj\u010dovi\u010d vyt\u00e1hl dal\u0161\u00edho \u017eol\u00edka tak\u00e9 na Polsk\u00e9 baje.<\/p>\n","protected":false},"author":1,"featured_media":16594,"comment_status":"open","ping_status":"closed","sticky":false,"template":"","format":"standard","meta":{"footnotes":""},"categories":[1438,15],"tags":[903,255,1758,64,1760,63,1357,74,75,291],"class_list":["post-16596","post","type-post","status-publish","format-standard","has-post-thumbnail","hentry","category-baja-poland","category-moto-quad","tag-903","tag-baja-poland","tag-baja-poland-2020","tag-husqvarna","tag-jakub-hrones","tag-ktm","tag-maciej-giemza","tag-moto-racing-group","tag-mrg","tag-orlen-team"],"yoast_head":"<!-- This site is optimized with the Yoast SEO plugin v24.9 - https:\/\/yoast.com\/wordpress\/plugins\/seo\/ -->\n<title>Baja Poland: Z \u010cech\u016f bl\u00e1to zvl\u00e1dl jen debutant Hrone\u0161 - DAKARMANIA.cz<\/title>\n<meta name=\"description\" content=\"MRG nep\u0159est\u00e1v\u00e1 z\u00e1sobovat sc\u00e9nu cross-country rally zaj\u00edmav\u00fdmi z\u00e1vodn\u00edky z \u010desk\u00e9 kotliny. Erv\u00edn Kraj\u010dovi\u010d vyt\u00e1hl dal\u0161\u00edho \u017eol\u00edka tak\u00e9 na Polsk\u00e9 baje.\" \/>\n<meta name=\"robots\" content=\"index, follow, max-snippet:-1, max-image-preview:large, max-video-preview:-1\" \/>\n<link rel=\"canonical\" href=\"https:\/\/www.dakarmania.cz\/index.php\/2020\/09\/05\/baja-poland-blato-zvladl-jen-hrones\/\" \/>\n<meta property=\"og:locale\" content=\"cs_CZ\" \/>\n<meta property=\"og:type\" content=\"article\" \/>\n<meta property=\"og:title\" content=\"Baja Poland: Z \u010cech\u016f bl\u00e1to zvl\u00e1dl jen debutant Hrone\u0161 - DAKARMANIA.cz\" \/>\n<meta property=\"og:description\" content=\"MRG nep\u0159est\u00e1v\u00e1 z\u00e1sobovat sc\u00e9nu cross-country rally zaj\u00edmav\u00fdmi z\u00e1vodn\u00edky z \u010desk\u00e9 kotliny. Erv\u00edn Kraj\u010dovi\u010d vyt\u00e1hl dal\u0161\u00edho \u017eol\u00edka tak\u00e9 na Polsk\u00e9 baje.\" \/>\n<meta property=\"og:url\" content=\"https:\/\/www.dakarmania.cz\/index.php\/2020\/09\/05\/baja-poland-blato-zvladl-jen-hrones\/\" \/>\n<meta property=\"og:site_name\" content=\"DAKARMANIA.cz\" \/>\n<meta property=\"article:publisher\" content=\"https:\/\/www.facebook.com\/dakarmania\/\" \/>\n<meta property=\"article:published_time\" content=\"2020-09-05T21:59:29+00:00\" \/>\n<meta property=\"article:modified_time\" content=\"2020-09-06T10:33:02+00:00\" \/>\n<meta property=\"og:image\" content=\"https:\/\/www.dakarmania.cz\/wp-content\/uploads\/2020\/09\/20-poland-hrones-02.jpg\" \/>\n\t<meta property=\"og:image:width\" content=\"1144\" \/>\n\t<meta property=\"og:image:height\" content=\"762\" \/>\n\t<meta property=\"og:image:type\" content=\"image\/jpeg\" \/>\n<meta name=\"author\" content=\"Zden\u011bk Zelenka\" \/>\n<meta name=\"twitter:card\" content=\"summary_large_image\" \/>\n<meta name=\"twitter:label1\" content=\"Napsal(a)\" \/>\n\t<meta name=\"twitter:data1\" content=\"Zden\u011bk Zelenka\" \/>\n\t<meta name=\"twitter:label2\" content=\"Odhadovan\u00e1 doba \u010dten\u00ed\" \/>\n\t<meta name=\"twitter:data2\" content=\"3 minuty\" \/>\n<script type=\"application\/ld+json\" class=\"yoast-schema-graph\">{\"@context\":\"https:\/\/schema.org\",\"@graph\":[{\"@type\":\"Article\",\"@id\":\"https:\/\/www.dakarmania.cz\/index.php\/2020\/09\/05\/baja-poland-blato-zvladl-jen-hrones\/#article\",\"isPartOf\":{\"@id\":\"https:\/\/www.dakarmania.cz\/index.php\/2020\/09\/05\/baja-poland-blato-zvladl-jen-hrones\/\"},\"author\":{\"name\":\"Zden\u011bk Zelenka\",\"@id\":\"https:\/\/www.dakarmania.cz\/#\/schema\/person\/04eb0e87a389631c2169c0dddae7ff1e\"},\"headline\":\"Baja Poland: Z \u010cech\u016f bl\u00e1to zvl\u00e1dl jen debutant Hrone\u0161\",\"datePublished\":\"2020-09-05T21:59:29+00:00\",\"dateModified\":\"2020-09-06T10:33:02+00:00\",\"mainEntityOfPage\":{\"@id\":\"https:\/\/www.dakarmania.cz\/index.php\/2020\/09\/05\/baja-poland-blato-zvladl-jen-hrones\/\"},\"wordCount\":650,\"commentCount\":0,\"publisher\":{\"@id\":\"https:\/\/www.dakarmania.cz\/#organization\"},\"image\":{\"@id\":\"https:\/\/www.dakarmania.cz\/index.php\/2020\/09\/05\/baja-poland-blato-zvladl-jen-hrones\/#primaryimage\"},\"thumbnailUrl\":\"https:\/\/www.dakarmania.cz\/wp-content\/uploads\/2020\/09\/20-poland-hrones-02.jpg\",\"keywords\":[\"2020\",\"Baja Poland\",\"Baja Poland 2020\",\"Husqvarna\",\"Jakub Hrone\u0161\",\"KTM\",\"Maciej Giemza\",\"Moto Racing Group\",\"MRG\",\"Orlen Team\"],\"articleSection\":[\"Baja Poland\",\"Moto\/Quad\"],\"inLanguage\":\"cs\",\"potentialAction\":[{\"@type\":\"CommentAction\",\"name\":\"Comment\",\"target\":[\"https:\/\/www.dakarmania.cz\/index.php\/2020\/09\/05\/baja-poland-blato-zvladl-jen-hrones\/#respond\"]}]},{\"@type\":\"WebPage\",\"@id\":\"https:\/\/www.dakarmania.cz\/index.php\/2020\/09\/05\/baja-poland-blato-zvladl-jen-hrones\/\",\"url\":\"https:\/\/www.dakarmania.cz\/index.php\/2020\/09\/05\/baja-poland-blato-zvladl-jen-hrones\/\",\"name\":\"Baja Poland: Z \u010cech\u016f bl\u00e1to zvl\u00e1dl jen debutant Hrone\u0161 - DAKARMANIA.cz\",\"isPartOf\":{\"@id\":\"https:\/\/www.dakarmania.cz\/#website\"},\"primaryImageOfPage\":{\"@id\":\"https:\/\/www.dakarmania.cz\/index.php\/2020\/09\/05\/baja-poland-blato-zvladl-jen-hrones\/#primaryimage\"},\"image\":{\"@id\":\"https:\/\/www.dakarmania.cz\/index.php\/2020\/09\/05\/baja-poland-blato-zvladl-jen-hrones\/#primaryimage\"},\"thumbnailUrl\":\"https:\/\/www.dakarmania.cz\/wp-content\/uploads\/2020\/09\/20-poland-hrones-02.jpg\",\"datePublished\":\"2020-09-05T21:59:29+00:00\",\"dateModified\":\"2020-09-06T10:33:02+00:00\",\"description\":\"MRG nep\u0159est\u00e1v\u00e1 z\u00e1sobovat sc\u00e9nu cross-country rally zaj\u00edmav\u00fdmi z\u00e1vodn\u00edky z \u010desk\u00e9 kotliny. Erv\u00edn Kraj\u010dovi\u010d vyt\u00e1hl dal\u0161\u00edho \u017eol\u00edka tak\u00e9 na Polsk\u00e9 baje.\",\"breadcrumb\":{\"@id\":\"https:\/\/www.dakarmania.cz\/index.php\/2020\/09\/05\/baja-poland-blato-zvladl-jen-hrones\/#breadcrumb\"},\"inLanguage\":\"cs\",\"potentialAction\":[{\"@type\":\"ReadAction\",\"target\":[\"https:\/\/www.dakarmania.cz\/index.php\/2020\/09\/05\/baja-poland-blato-zvladl-jen-hrones\/\"]}]},{\"@type\":\"ImageObject\",\"inLanguage\":\"cs\",\"@id\":\"https:\/\/www.dakarmania.cz\/index.php\/2020\/09\/05\/baja-poland-blato-zvladl-jen-hrones\/#primaryimage\",\"url\":\"https:\/\/www.dakarmania.cz\/wp-content\/uploads\/2020\/09\/20-poland-hrones-02.jpg\",\"contentUrl\":\"https:\/\/www.dakarmania.cz\/wp-content\/uploads\/2020\/09\/20-poland-hrones-02.jpg\",\"width\":1144,\"height\":762,\"caption\":\"Jakub Hrone\u0161, KTM 450 Rally Replica, Orion - Moto Racing Group. Baja Poland 2020. \u00a9 MRG\"},{\"@type\":\"BreadcrumbList\",\"@id\":\"https:\/\/www.dakarmania.cz\/index.php\/2020\/09\/05\/baja-poland-blato-zvladl-jen-hrones\/#breadcrumb\",\"itemListElement\":[{\"@type\":\"ListItem\",\"position\":1,\"name\":\"Dom\u016f\",\"item\":\"https:\/\/www.dakarmania.cz\/\"},{\"@type\":\"ListItem\",\"position\":2,\"name\":\"Baja Poland: Z \u010cech\u016f bl\u00e1to zvl\u00e1dl jen debutant Hrone\u0161\"}]},{\"@type\":\"WebSite\",\"@id\":\"https:\/\/www.dakarmania.cz\/#website\",\"url\":\"https:\/\/www.dakarmania.cz\/\",\"name\":\"DAKARMANIA.cz\",\"description\":\"\u017dijeme Dakarem cel\u00fd rok\",\"publisher\":{\"@id\":\"https:\/\/www.dakarmania.cz\/#organization\"},\"potentialAction\":[{\"@type\":\"SearchAction\",\"target\":{\"@type\":\"EntryPoint\",\"urlTemplate\":\"https:\/\/www.dakarmania.cz\/?s={search_term_string}\"},\"query-input\":{\"@type\":\"PropertyValueSpecification\",\"valueRequired\":true,\"valueName\":\"search_term_string\"}}],\"inLanguage\":\"cs\"},{\"@type\":\"Organization\",\"@id\":\"https:\/\/www.dakarmania.cz\/#organization\",\"name\":\"DAKAR MANIA\",\"url\":\"https:\/\/www.dakarmania.cz\/\",\"logo\":{\"@type\":\"ImageObject\",\"inLanguage\":\"cs\",\"@id\":\"https:\/\/www.dakarmania.cz\/#\/schema\/logo\/image\/\",\"url\":\"https:\/\/www.dakarmania.cz\/wp-content\/uploads\/2018\/12\/Dakar-Mania-Logo-Square-Orange.png\",\"contentUrl\":\"https:\/\/www.dakarmania.cz\/wp-content\/uploads\/2018\/12\/Dakar-Mania-Logo-Square-Orange.png\",\"width\":992,\"height\":992,\"caption\":\"DAKAR MANIA\"},\"image\":{\"@id\":\"https:\/\/www.dakarmania.cz\/#\/schema\/logo\/image\/\"},\"sameAs\":[\"https:\/\/www.facebook.com\/dakarmania\/\"]},{\"@type\":\"Person\",\"@id\":\"https:\/\/www.dakarmania.cz\/#\/schema\/person\/04eb0e87a389631c2169c0dddae7ff1e\",\"name\":\"Zden\u011bk Zelenka\",\"image\":{\"@type\":\"ImageObject\",\"inLanguage\":\"cs\",\"@id\":\"https:\/\/www.dakarmania.cz\/#\/schema\/person\/image\/\",\"url\":\"https:\/\/secure.gravatar.com\/avatar\/2c80d5a4942fe0900b73cc7d3837a509d6ee0a276a2b76dac95c92bd0763a89b?s=96&d=mm&r=g\",\"contentUrl\":\"https:\/\/secure.gravatar.com\/avatar\/2c80d5a4942fe0900b73cc7d3837a509d6ee0a276a2b76dac95c92bd0763a89b?s=96&d=mm&r=g\",\"caption\":\"Zden\u011bk Zelenka\"},\"description\":\"Moji d\u011bt\u0161t\u00ed hrdinov\u00e9 se jmenovali Loprais, Moskal, Neveu, Vatanen, Rahier... A tihle borci, jejich n\u00e1sledovn\u00edci a jejich p\u0159\u00edb\u011bhy m\u011b nep\u0159estali fascinovat ani po letech, kdy jsem vyrostl a zam\u011bstn\u00e1valy m\u011b jin\u00e9 discipl\u00edny motorsportu. Proto se zrodila DAKARMANIA.\",\"url\":\"https:\/\/www.dakarmania.cz\/index.php\/author\/dakarmania\/\"}]}<\/script>\n<!-- \/ Yoast SEO plugin. -->","yoast_head_json":{"title":"Baja Poland: Z \u010cech\u016f bl\u00e1to zvl\u00e1dl jen debutant Hrone\u0161 - DAKARMANIA.cz","description":"MRG nep\u0159est\u00e1v\u00e1 z\u00e1sobovat sc\u00e9nu cross-country rally zaj\u00edmav\u00fdmi z\u00e1vodn\u00edky z \u010desk\u00e9 kotliny. Erv\u00edn Kraj\u010dovi\u010d vyt\u00e1hl dal\u0161\u00edho \u017eol\u00edka tak\u00e9 na Polsk\u00e9 baje.","robots":{"index":"index","follow":"follow","max-snippet":"max-snippet:-1","max-image-preview":"max-image-preview:large","max-video-preview":"max-video-preview:-1"},"canonical":"https:\/\/www.dakarmania.cz\/index.php\/2020\/09\/05\/baja-poland-blato-zvladl-jen-hrones\/","og_locale":"cs_CZ","og_type":"article","og_title":"Baja Poland: Z \u010cech\u016f bl\u00e1to zvl\u00e1dl jen debutant Hrone\u0161 - DAKARMANIA.cz","og_description":"MRG nep\u0159est\u00e1v\u00e1 z\u00e1sobovat sc\u00e9nu cross-country rally zaj\u00edmav\u00fdmi z\u00e1vodn\u00edky z \u010desk\u00e9 kotliny. Erv\u00edn Kraj\u010dovi\u010d vyt\u00e1hl dal\u0161\u00edho \u017eol\u00edka tak\u00e9 na Polsk\u00e9 baje.","og_url":"https:\/\/www.dakarmania.cz\/index.php\/2020\/09\/05\/baja-poland-blato-zvladl-jen-hrones\/","og_site_name":"DAKARMANIA.cz","article_publisher":"https:\/\/www.facebook.com\/dakarmania\/","article_published_time":"2020-09-05T21:59:29+00:00","article_modified_time":"2020-09-06T10:33:02+00:00","og_image":[{"width":1144,"height":762,"url":"https:\/\/www.dakarmania.cz\/wp-content\/uploads\/2020\/09\/20-poland-hrones-02.jpg","type":"image\/jpeg"}],"author":"Zden\u011bk Zelenka","twitter_card":"summary_large_image","twitter_misc":{"Napsal(a)":"Zden\u011bk Zelenka","Odhadovan\u00e1 doba \u010dten\u00ed":"3 minuty"},"schema":{"@context":"https:\/\/schema.org","@graph":[{"@type":"Article","@id":"https:\/\/www.dakarmania.cz\/index.php\/2020\/09\/05\/baja-poland-blato-zvladl-jen-hrones\/#article","isPartOf":{"@id":"https:\/\/www.dakarmania.cz\/index.php\/2020\/09\/05\/baja-poland-blato-zvladl-jen-hrones\/"},"author":{"name":"Zden\u011bk Zelenka","@id":"https:\/\/www.dakarmania.cz\/#\/schema\/person\/04eb0e87a389631c2169c0dddae7ff1e"},"headline":"Baja Poland: Z \u010cech\u016f bl\u00e1to zvl\u00e1dl jen debutant Hrone\u0161","datePublished":"2020-09-05T21:59:29+00:00","dateModified":"2020-09-06T10:33:02+00:00","mainEntityOfPage":{"@id":"https:\/\/www.dakarmania.cz\/index.php\/2020\/09\/05\/baja-poland-blato-zvladl-jen-hrones\/"},"wordCount":650,"commentCount":0,"publisher":{"@id":"https:\/\/www.dakarmania.cz\/#organization"},"image":{"@id":"https:\/\/www.dakarmania.cz\/index.php\/2020\/09\/05\/baja-poland-blato-zvladl-jen-hrones\/#primaryimage"},"thumbnailUrl":"https:\/\/www.dakarmania.cz\/wp-content\/uploads\/2020\/09\/20-poland-hrones-02.jpg","keywords":["2020","Baja Poland","Baja Poland 2020","Husqvarna","Jakub Hrone\u0161","KTM","Maciej Giemza","Moto Racing Group","MRG","Orlen Team"],"articleSection":["Baja Poland","Moto\/Quad"],"inLanguage":"cs","potentialAction":[{"@type":"CommentAction","name":"Comment","target":["https:\/\/www.dakarmania.cz\/index.php\/2020\/09\/05\/baja-poland-blato-zvladl-jen-hrones\/#respond"]}]},{"@type":"WebPage","@id":"https:\/\/www.dakarmania.cz\/index.php\/2020\/09\/05\/baja-poland-blato-zvladl-jen-hrones\/","url":"https:\/\/www.dakarmania.cz\/index.php\/2020\/09\/05\/baja-poland-blato-zvladl-jen-hrones\/","name":"Baja Poland: Z \u010cech\u016f bl\u00e1to zvl\u00e1dl jen debutant Hrone\u0161 - DAKARMANIA.cz","isPartOf":{"@id":"https:\/\/www.dakarmania.cz\/#website"},"primaryImageOfPage":{"@id":"https:\/\/www.dakarmania.cz\/index.php\/2020\/09\/05\/baja-poland-blato-zvladl-jen-hrones\/#primaryimage"},"image":{"@id":"https:\/\/www.dakarmania.cz\/index.php\/2020\/09\/05\/baja-poland-blato-zvladl-jen-hrones\/#primaryimage"},"thumbnailUrl":"https:\/\/www.dakarmania.cz\/wp-content\/uploads\/2020\/09\/20-poland-hrones-02.jpg","datePublished":"2020-09-05T21:59:29+00:00","dateModified":"2020-09-06T10:33:02+00:00","description":"MRG nep\u0159est\u00e1v\u00e1 z\u00e1sobovat sc\u00e9nu cross-country rally zaj\u00edmav\u00fdmi z\u00e1vodn\u00edky z \u010desk\u00e9 kotliny. Erv\u00edn Kraj\u010dovi\u010d vyt\u00e1hl dal\u0161\u00edho \u017eol\u00edka tak\u00e9 na Polsk\u00e9 baje.","breadcrumb":{"@id":"https:\/\/www.dakarmania.cz\/index.php\/2020\/09\/05\/baja-poland-blato-zvladl-jen-hrones\/#breadcrumb"},"inLanguage":"cs","potentialAction":[{"@type":"ReadAction","target":["https:\/\/www.dakarmania.cz\/index.php\/2020\/09\/05\/baja-poland-blato-zvladl-jen-hrones\/"]}]},{"@type":"ImageObject","inLanguage":"cs","@id":"https:\/\/www.dakarmania.cz\/index.php\/2020\/09\/05\/baja-poland-blato-zvladl-jen-hrones\/#primaryimage","url":"https:\/\/www.dakarmania.cz\/wp-content\/uploads\/2020\/09\/20-poland-hrones-02.jpg","contentUrl":"https:\/\/www.dakarmania.cz\/wp-content\/uploads\/2020\/09\/20-poland-hrones-02.jpg","width":1144,"height":762,"caption":"Jakub Hrone\u0161, KTM 450 Rally Replica, Orion - Moto Racing Group. Baja Poland 2020. \u00a9 MRG"},{"@type":"BreadcrumbList","@id":"https:\/\/www.dakarmania.cz\/index.php\/2020\/09\/05\/baja-poland-blato-zvladl-jen-hrones\/#breadcrumb","itemListElement":[{"@type":"ListItem","position":1,"name":"Dom\u016f","item":"https:\/\/www.dakarmania.cz\/"},{"@type":"ListItem","position":2,"name":"Baja Poland: Z \u010cech\u016f bl\u00e1to zvl\u00e1dl jen debutant Hrone\u0161"}]},{"@type":"WebSite","@id":"https:\/\/www.dakarmania.cz\/#website","url":"https:\/\/www.dakarmania.cz\/","name":"DAKARMANIA.cz","description":"\u017dijeme Dakarem cel\u00fd rok","publisher":{"@id":"https:\/\/www.dakarmania.cz\/#organization"},"potentialAction":[{"@type":"SearchAction","target":{"@type":"EntryPoint","urlTemplate":"https:\/\/www.dakarmania.cz\/?s={search_term_string}"},"query-input":{"@type":"PropertyValueSpecification","valueRequired":true,"valueName":"search_term_string"}}],"inLanguage":"cs"},{"@type":"Organization","@id":"https:\/\/www.dakarmania.cz\/#organization","name":"DAKAR MANIA","url":"https:\/\/www.dakarmania.cz\/","logo":{"@type":"ImageObject","inLanguage":"cs","@id":"https:\/\/www.dakarmania.cz\/#\/schema\/logo\/image\/","url":"https:\/\/www.dakarmania.cz\/wp-content\/uploads\/2018\/12\/Dakar-Mania-Logo-Square-Orange.png","contentUrl":"https:\/\/www.dakarmania.cz\/wp-content\/uploads\/2018\/12\/Dakar-Mania-Logo-Square-Orange.png","width":992,"height":992,"caption":"DAKAR MANIA"},"image":{"@id":"https:\/\/www.dakarmania.cz\/#\/schema\/logo\/image\/"},"sameAs":["https:\/\/www.facebook.com\/dakarmania\/"]},{"@type":"Person","@id":"https:\/\/www.dakarmania.cz\/#\/schema\/person\/04eb0e87a389631c2169c0dddae7ff1e","name":"Zden\u011bk Zelenka","image":{"@type":"ImageObject","inLanguage":"cs","@id":"https:\/\/www.dakarmania.cz\/#\/schema\/person\/image\/","url":"https:\/\/secure.gravatar.com\/avatar\/2c80d5a4942fe0900b73cc7d3837a509d6ee0a276a2b76dac95c92bd0763a89b?s=96&d=mm&r=g","contentUrl":"https:\/\/secure.gravatar.com\/avatar\/2c80d5a4942fe0900b73cc7d3837a509d6ee0a276a2b76dac95c92bd0763a89b?s=96&d=mm&r=g","caption":"Zden\u011bk Zelenka"},"description":"Moji d\u011bt\u0161t\u00ed hrdinov\u00e9 se jmenovali Loprais, Moskal, Neveu, Vatanen, Rahier... A tihle borci, jejich n\u00e1sledovn\u00edci a jejich p\u0159\u00edb\u011bhy m\u011b nep\u0159estali fascinovat ani po letech, kdy jsem vyrostl a zam\u011bstn\u00e1valy m\u011b jin\u00e9 discipl\u00edny motorsportu. Proto se zrodila DAKARMANIA.","url":"https:\/\/www.dakarmania.cz\/index.php\/author\/dakarmania\/"}]}},"amp_enabled":true,"_links":{"self":[{"href":"https:\/\/www.dakarmania.cz\/index.php\/wp-json\/wp\/v2\/posts\/16596","targetHints":{"allow":["GET"]}}],"collection":[{"href":"https:\/\/www.dakarmania.cz\/index.php\/wp-json\/wp\/v2\/posts"}],"about":[{"href":"https:\/\/www.dakarmania.cz\/index.php\/wp-json\/wp\/v2\/types\/post"}],"author":[{"embeddable":true,"href":"https:\/\/www.dakarmania.cz\/index.php\/wp-json\/wp\/v2\/users\/1"}],"replies":[{"embeddable":true,"href":"https:\/\/www.dakarmania.cz\/index.php\/wp-json\/wp\/v2\/comments?post=16596"}],"version-history":[{"count":3,"href":"https:\/\/www.dakarmania.cz\/index.php\/wp-json\/wp\/v2\/posts\/16596\/revisions"}],"predecessor-version":[{"id":16628,"href":"https:\/\/www.dakarmania.cz\/index.php\/wp-json\/wp\/v2\/posts\/16596\/revisions\/16628"}],"wp:featuredmedia":[{"embeddable":true,"href":"https:\/\/www.dakarmania.cz\/index.php\/wp-json\/wp\/v2\/media\/16594"}],"wp:attachment":[{"href":"https:\/\/www.dakarmania.cz\/index.php\/wp-json\/wp\/v2\/media?parent=16596"}],"wp:term":[{"taxonomy":"category","embeddable":true,"href":"https:\/\/www.dakarmania.cz\/index.php\/wp-json\/wp\/v2\/categories?post=16596"},{"taxonomy":"post_tag","embeddable":true,"href":"https:\/\/www.dakarmania.cz\/index.php\/wp-json\/wp\/v2\/tags?post=16596"}],"curies":[{"name":"wp","href":"https:\/\/api.w.org\/{rel}","templated":true}]}}